{"id":46404,"date":"2021-01-15T19:31:15","date_gmt":"2021-01-15T19:31:15","guid":{"rendered":"https:\/\/quantocustaviajar.com\/blog\/?p=46404"},"modified":"2022-06-27T19:27:04","modified_gmt":"2022-06-27T19:27:04","slug":"novo-trem-turistico-no-interior-de-sao-paulo","status":"publish","type":"post","link":"https:\/\/quantocustaviajar.com\/blog\/novo-trem-turistico-no-interior-de-sao-paulo\/","title":{"rendered":"Novo trem tur\u00edstico no interior de S\u00e3o Paulo \u00e9 petfriendly e acess\u00edvel"},"content":{"rendered":"\n<p>Viajar sobre os trilhos \u00e9 uma experi\u00eancia pouco propagada no Brasil, mas aparentemente a ideia est\u00e1 a todo vapor! Foi inaugurado um novo<strong> trem tur\u00edstico no <a href=\"https:\/\/quantocustaviajar.com\/blog\/lugares-para-conhecer-no-interior-de-sao-paulo\/\">interior de S\u00e3o Paulo<\/a><\/strong>, ligando as cidades de Itu e Salto. O atrativo conta com <strong>acessibilidade <\/strong>e vag\u00e3o <strong>petfriendly<\/strong>, para ningu\u00e9m ficar de fora.&nbsp;<\/p><div id=\"ez-toc-container\" class=\"ez-toc-v2_0_76 ez-toc-wrap-left counter-hierarchy ez-toc-counter ez-toc-light-blue ez-toc-container-direction\">\n<div class=\"ez-toc-title-container\">\n<p class=\"ez-toc-title\" style=\"cursor:inherit\">Aqui voc\u00ea ir\u00e1 encontrar<\/p>\n<span class=\"ez-toc-title-toggle\"><a href=\"#\" class=\"ez-toc-pull-right ez-toc-btn ez-toc-btn-xs ez-toc-btn-default ez-toc-toggle\" aria-label=\"Alternar tabela de conte\u00fado\"><span class=\"ez-toc-js-icon-con\"><span class=\"\"><span class=\"eztoc-hide\" style=\"display:none;\">Toggle<\/span><span class=\"ez-toc-icon-toggle-span\"><svg style=\"fill: #999;color:#999\" xmlns=\"http:\/\/www.w3.org\/2000\/svg\" class=\"list-377408\" width=\"20px\" height=\"20px\" viewBox=\"0 0 24 24\" fill=\"none\"><path d=\"M6 6H4v2h2V6zm14 0H8v2h12V6zM4 11h2v2H4v-2zm16 0H8v2h12v-2zM4 16h2v2H4v-2zm16 0H8v2h12v-2z\" fill=\"currentColor\"><\/path><\/svg><svg style=\"fill: #999;color:#999\" class=\"arrow-unsorted-368013\" xmlns=\"http:\/\/www.w3.org\/2000\/svg\" width=\"10px\" height=\"10px\" viewBox=\"0 0 24 24\" version=\"1.2\" baseProfile=\"tiny\"><path d=\"M18.2 9.3l-6.2-6.3-6.2 6.3c-.2.2-.3.4-.3.7s.1.5.3.7c.2.2.4.3.7.3h11c.3 0 .5-.1.7-.3.2-.2.3-.5.3-.7s-.1-.5-.3-.7zM5.8 14.7l6.2 6.3 6.2-6.3c.2-.2.3-.5.3-.7s-.1-.5-.3-.7c-.2-.2-.4-.3-.7-.3h-11c-.3 0-.5.1-.7.3-.2.2-.3.5-.3.7s.1.5.3.7z\"\/><\/svg><\/span><\/span><\/span><\/a><\/span><\/div>\n<nav><ul class='ez-toc-list ez-toc-list-level-1 ' ><li class='ez-toc-page-1 ez-toc-heading-level-2'><a class=\"ez-toc-link ez-toc-heading-1\" href=\"https:\/\/quantocustaviajar.com\/blog\/novo-trem-turistico-no-interior-de-sao-paulo\/#Quanto_Custa_passeio_de_trem_turistico\" >Quanto Custa passeio de trem tur\u00edstico<\/a><ul class='ez-toc-list-level-3' ><li class='ez-toc-heading-level-3'><a class=\"ez-toc-link ez-toc-heading-2\" href=\"https:\/\/quantocustaviajar.com\/blog\/novo-trem-turistico-no-interior-de-sao-paulo\/#Uma_paradinha_no_Museu_Republicano_de_Itu\" >Uma paradinha no Museu Republicano de&nbsp;Itu<\/a><ul class='ez-toc-list-level-4' ><li class='ez-toc-heading-level-4'><a class=\"ez-toc-link ez-toc-heading-3\" href=\"https:\/\/quantocustaviajar.com\/blog\/novo-trem-turistico-no-interior-de-sao-paulo\/#Vai_la\" >Vai l\u00e1!<\/a><\/li><\/ul><\/li><\/ul><\/li><\/ul><\/nav><\/div>\n\n\n\n\n<p>Depois de 15 anos de espera, o  <strong>Trem Republicano<\/strong> fez sua estreia no dia 19 de dezembro de 2020. A linha tur\u00edstica faz alus\u00e3o \u00e0 Conven\u00e7\u00e3o Republicana, que aconteceu em 1873 no munic\u00edpio de Itu. <\/p>\n\n\n\n<div class=\"wp-block-image\"><figure class=\"aligncenter\"><img loading=\"lazy\" decoding=\"async\" width=\"1024\" height=\"630\" src=\"https:\/\/quantocustaviajar.com\/blog\/wp-content\/uploads\/2020\/12\/trem-republicano-1024x630.jpg\" alt=\"\" class=\"wp-image-46408\" srcset=\"https:\/\/quantocustaviajar.com\/blog\/wp-content\/uploads\/2020\/12\/trem-republicano-1024x630.jpg 1024w, https:\/\/quantocustaviajar.com\/blog\/wp-content\/uploads\/2020\/12\/trem-republicano-300x185.jpg 300w, https:\/\/quantocustaviajar.com\/blog\/wp-content\/uploads\/2020\/12\/trem-republicano-768x473.jpg 768w, https:\/\/quantocustaviajar.com\/blog\/wp-content\/uploads\/2020\/12\/trem-republicano.jpg 1300w\" sizes=\"auto, (max-width: 1024px) 100vw, 1024px\" \/><figcaption>Foto: Prefeitura de Itu<\/figcaption><\/figure><\/div>\n\n\n\n<p>O hist\u00f3rico evento foi considerado um marco  na transforma\u00e7\u00e3o pol\u00edtica do pa\u00eds, que culminou na Proclama\u00e7\u00e3o da Rep\u00fablica (tamb\u00e9m chamada de Golpe Republicano) em 1889, resultando na queda da monarquia.&nbsp;<\/p>\n\n\n\n<p>Foi na v\u00e9spera da reuni\u00e3o entre militares e civis que se inaugurou o trecho da ferrovia Ytuana, ligando Itu \u00e0 <a rel=\"noreferrer noopener\" aria-label=\"Jundia\u00ed (abre numa nova aba)\" href=\"https:\/\/quantocustaviajar.com\/blog\/lugares-para-conhecer-no-interior-de-sao-paulo\/\" target=\"_blank\">Jundia\u00ed<\/a> pela empresa S\u00e3o Paulo Railway. Com as datas coincidindo, a operadora Serra Verde Express (<a rel=\"noreferrer noopener\" aria-label=\"a mesma de Curitiba (abre numa nova aba)\" href=\"https:\/\/quantocustaviajar.com\/blog\/trem-de-luxo-curitiba\/\" target=\"_blank\">a mesma de Curitiba<\/a>) nomeou o novo trem em alus\u00e3o \u00e0 uma \u201c<strong><a href=\"https:\/\/quantocustaviajar.com\/blog\/belle-epoque-em-paris\/\" target=\"_blank\" rel=\"noreferrer noopener\" aria-label=\"viagem no tempo (abre numa nova aba)\">viagem no tempo<\/a><\/strong>\u201d.<\/p>\n\n\n\n<p>Os vag\u00f5es seguem a mesma premissa, prestando homenagem \u00e0 tr\u00eas personalidades: <strong>Prudente de Moraes<\/strong>\u200a\u2014\u200ao primeiro presidente eleito pelo voto direto; <strong>Anselmo Duarte<\/strong>\u200a\u2014\u200asaltense e um dos maiores nomes do cinema brasileiro, premiado pelo filme \u2018Pagador de Promessas\u2019; e <strong>Dona <a href=\"https:\/\/quantocustaviajar.com\/blog\/dicas-de-viagem-para-a-olimpia\/\">Ol\u00edmpia<\/a><\/strong>, dona da casa onde aconteceu a Conven\u00e7\u00e3o, onde hoje funciona o Museu Republicano de Itu. Ela tamb\u00e9m foi esposa do republicano Carlos Almeida Prado.<\/p>\n\n\n\n<div class=\"wp-block-image\"><figure class=\"aligncenter\"><img loading=\"lazy\" decoding=\"async\" width=\"1024\" height=\"682\" src=\"https:\/\/quantocustaviajar.com\/blog\/wp-content\/uploads\/2020\/12\/trem-republicano3-1024x682.jpeg\" alt=\"\" class=\"wp-image-46410\" srcset=\"https:\/\/quantocustaviajar.com\/blog\/wp-content\/uploads\/2020\/12\/trem-republicano3-1024x682.jpeg 1024w, https:\/\/quantocustaviajar.com\/blog\/wp-content\/uploads\/2020\/12\/trem-republicano3-300x200.jpeg 300w, https:\/\/quantocustaviajar.com\/blog\/wp-content\/uploads\/2020\/12\/trem-republicano3-768x512.jpeg 768w, https:\/\/quantocustaviajar.com\/blog\/wp-content\/uploads\/2020\/12\/trem-republicano3.jpeg 1280w\" sizes=\"auto, (max-width: 1024px) 100vw, 1024px\" \/><figcaption>Foto: Prefeitura de Itu<\/figcaption><\/figure><\/div>\n\n\n\n<div class=\"wp-block-image\"><figure class=\"aligncenter\"><img loading=\"lazy\" decoding=\"async\" width=\"1024\" height=\"682\" src=\"https:\/\/quantocustaviajar.com\/blog\/wp-content\/uploads\/2020\/12\/trem-republicano2-1024x682.jpg\" alt=\"\" class=\"wp-image-46409\" srcset=\"https:\/\/quantocustaviajar.com\/blog\/wp-content\/uploads\/2020\/12\/trem-republicano2-1024x682.jpg 1024w, https:\/\/quantocustaviajar.com\/blog\/wp-content\/uploads\/2020\/12\/trem-republicano2-300x200.jpg 300w, https:\/\/quantocustaviajar.com\/blog\/wp-content\/uploads\/2020\/12\/trem-republicano2-768x512.jpg 768w, https:\/\/quantocustaviajar.com\/blog\/wp-content\/uploads\/2020\/12\/trem-republicano2.jpg 1796w\" sizes=\"auto, (max-width: 1024px) 100vw, 1024px\" \/><figcaption>Foto: Prefeitura de Itu<\/figcaption><\/figure><\/div>\n\n\n\n<p>Cada vag\u00e3o pertence \u00e0 uma categoria, que se divide entre <strong>econ\u00f4mico<\/strong>, <strong>boutique <\/strong>(mais sofisticado e que permite a presen\u00e7a de animais a bordo) e o <strong>tur\u00edstico<\/strong>, mais confort\u00e1vel e com <a href=\"https:\/\/quantocustaviajar.com\/blog\/como-e-a-acessibilidade-no-turismo-do-brasil-e-ao-redor-do-mundo\/\" target=\"_blank\" rel=\"noreferrer noopener\" aria-label=\"acessibilidade (abre numa nova aba)\">acessibilidade<\/a>, ideal para as pessoas com necessidades especiais desfrutarem do passeio.  <\/p>\n\n\n\n<p>O trajeto de sete quil\u00f4metros leva em torno de 40 minutos para ser conclu\u00eddo. Uma locomotiva a diesel da Companhia Mogiana, de 1952, \u00e9 quem comanda a viagem estrada afora.&nbsp;Pelo caminho se avistam pontes, rios e vegeta\u00e7\u00e3o.<\/p>\n\n\n\n<div class=\"wp-block-image\"><figure class=\"aligncenter\"><img loading=\"lazy\" decoding=\"async\" width=\"1024\" height=\"682\" src=\"https:\/\/quantocustaviajar.com\/blog\/wp-content\/uploads\/2020\/12\/trem-republicano8-1024x682.jpeg\" alt=\"\" class=\"wp-image-46412\" srcset=\"https:\/\/quantocustaviajar.com\/blog\/wp-content\/uploads\/2020\/12\/trem-republicano8-1024x682.jpeg 1024w, https:\/\/quantocustaviajar.com\/blog\/wp-content\/uploads\/2020\/12\/trem-republicano8-300x200.jpeg 300w, https:\/\/quantocustaviajar.com\/blog\/wp-content\/uploads\/2020\/12\/trem-republicano8-768x512.jpeg 768w, https:\/\/quantocustaviajar.com\/blog\/wp-content\/uploads\/2020\/12\/trem-republicano8.jpeg 1280w\" sizes=\"auto, (max-width: 1024px) 100vw, 1024px\" \/><\/figure><\/div>\n\n\n\n<figure class=\"wp-block-gallery has-nested-images columns-default is-cropped wp-block-gallery-1 is-layout-flex wp-block-gallery-is-layout-flex\">\n<figure class=\"wp-block-image\"><img loading=\"lazy\" decoding=\"async\" width=\"800\" height=\"600\" data-id=\"46415\" src=\"https:\/\/quantocustaviajar.com\/blog\/wp-content\/uploads\/2020\/12\/trilhos-trem-republicano.jpg\" alt=\"\" class=\"wp-image-46415\" srcset=\"https:\/\/quantocustaviajar.com\/blog\/wp-content\/uploads\/2020\/12\/trilhos-trem-republicano.jpg 800w, https:\/\/quantocustaviajar.com\/blog\/wp-content\/uploads\/2020\/12\/trilhos-trem-republicano-300x225.jpg 300w, https:\/\/quantocustaviajar.com\/blog\/wp-content\/uploads\/2020\/12\/trilhos-trem-republicano-768x576.jpg 768w\" sizes=\"auto, (max-width: 800px) 100vw, 800px\" \/><\/figure>\n\n\n\n<figure class=\"wp-block-image\"><img loading=\"lazy\" decoding=\"async\" width=\"1024\" height=\"683\" data-id=\"46413\" src=\"https:\/\/quantocustaviajar.com\/blog\/wp-content\/uploads\/2020\/12\/paisagem-trem-republicano-1024x683.jpg\" alt=\"\" class=\"wp-image-46413\" srcset=\"https:\/\/quantocustaviajar.com\/blog\/wp-content\/uploads\/2020\/12\/paisagem-trem-republicano-1024x683.jpg 1024w, https:\/\/quantocustaviajar.com\/blog\/wp-content\/uploads\/2020\/12\/paisagem-trem-republicano-300x200.jpg 300w, https:\/\/quantocustaviajar.com\/blog\/wp-content\/uploads\/2020\/12\/paisagem-trem-republicano-768x512.jpg 768w, https:\/\/quantocustaviajar.com\/blog\/wp-content\/uploads\/2020\/12\/paisagem-trem-republicano.jpg 1860w\" sizes=\"auto, (max-width: 1024px) 100vw, 1024px\" \/><\/figure>\n<\/figure>\n\n\n\n<p>Quem estiver na companhia do amigo de quatro patas precisa estar munido da <strong>carteira de vacina\u00e7\u00e3o<\/strong>, com tudo em dia, e de uma <strong>autoriza\u00e7\u00e3o veterin\u00e1ria<\/strong> para viagem, visto que a companhia n\u00e3o ir\u00e1 se responsabilizar pela sa\u00fade do bichinho a bordo. O ideal \u00e9 fazer um check-up antes, para garantir um passeio sem dor de cabe\u00e7a.<\/p>\n\n\n\n<p>Apenas animais de pequeno e m\u00e9dio porte podem ser transportados fora da caixa de transporte e circular pelo vag\u00e3o. A arquiteta Lucille Amaral, respons\u00e1vel pelo projeto, adicionou tecido imperme\u00e1vel nos assentos, cinto de seguran\u00e7a e piso com maior ader\u00eancia para os pets.  <\/p>\n\n\n\n<p>O <strong>servi\u00e7o de bordo para os peludos<\/strong> \u00e9 completo: tem pote de \u00e1gua, kit de lanche e tapetes higi\u00eanicos dispon\u00edveis. A vida de c\u00e3o est\u00e1 cada vez melhor!<\/p>\n\n\n\n<div class=\"wp-block-image\"><figure class=\"aligncenter\"><img loading=\"lazy\" decoding=\"async\" width=\"686\" height=\"1024\" src=\"https:\/\/quantocustaviajar.com\/blog\/wp-content\/uploads\/2020\/12\/trem-pets-sp-686x1024.jpg\" alt=\"\" class=\"wp-image-46407\" srcset=\"https:\/\/quantocustaviajar.com\/blog\/wp-content\/uploads\/2020\/12\/trem-pets-sp-686x1024.jpg 686w, https:\/\/quantocustaviajar.com\/blog\/wp-content\/uploads\/2020\/12\/trem-pets-sp-201x300.jpg 201w, https:\/\/quantocustaviajar.com\/blog\/wp-content\/uploads\/2020\/12\/trem-pets-sp-768x1147.jpg 768w, https:\/\/quantocustaviajar.com\/blog\/wp-content\/uploads\/2020\/12\/trem-pets-sp.jpg 945w\" sizes=\"auto, (max-width: 686px) 100vw, 686px\" \/><figcaption>Foto: Juca Ferreira<\/figcaption><\/figure><\/div>\n\n\n\n<div class=\"wp-block-image\"><figure class=\"aligncenter\"><img loading=\"lazy\" decoding=\"async\" width=\"1024\" height=\"670\" src=\"https:\/\/quantocustaviajar.com\/blog\/wp-content\/uploads\/2020\/12\/trem-petfriendly-brasil-juca-ferreira-1024x670.jpg\" alt=\"\" class=\"wp-image-46406\" srcset=\"https:\/\/quantocustaviajar.com\/blog\/wp-content\/uploads\/2020\/12\/trem-petfriendly-brasil-juca-ferreira-1024x670.jpg 1024w, https:\/\/quantocustaviajar.com\/blog\/wp-content\/uploads\/2020\/12\/trem-petfriendly-brasil-juca-ferreira-300x196.jpg 300w, https:\/\/quantocustaviajar.com\/blog\/wp-content\/uploads\/2020\/12\/trem-petfriendly-brasil-juca-ferreira-768x503.jpg 768w, https:\/\/quantocustaviajar.com\/blog\/wp-content\/uploads\/2020\/12\/trem-petfriendly-brasil-juca-ferreira.jpg 1181w\" sizes=\"auto, (max-width: 1024px) 100vw, 1024px\" \/><figcaption>Foto: Juca Ferreira<\/figcaption><\/figure><\/div>\n\n\n\n<div class=\"wp-block-image\"><figure class=\"aligncenter\"><img loading=\"lazy\" decoding=\"async\" width=\"1024\" height=\"683\" src=\"https:\/\/quantocustaviajar.com\/blog\/wp-content\/uploads\/2020\/12\/trem-republicano7-1024x683.jpg\" alt=\"\" class=\"wp-image-46414\" srcset=\"https:\/\/quantocustaviajar.com\/blog\/wp-content\/uploads\/2020\/12\/trem-republicano7-1024x683.jpg 1024w, https:\/\/quantocustaviajar.com\/blog\/wp-content\/uploads\/2020\/12\/trem-republicano7-300x200.jpg 300w, https:\/\/quantocustaviajar.com\/blog\/wp-content\/uploads\/2020\/12\/trem-republicano7-768x512.jpg 768w, https:\/\/quantocustaviajar.com\/blog\/wp-content\/uploads\/2020\/12\/trem-republicano7.jpg 1860w\" sizes=\"auto, (max-width: 1024px) 100vw, 1024px\" \/><\/figure><\/div>\n\n\n\n<h2 class=\"wp-block-heading\"><span class=\"ez-toc-section\" id=\"Quanto_Custa_passeio_de_trem_turistico\"><\/span>Quanto Custa passeio de trem tur\u00edstico<span class=\"ez-toc-section-end\"><\/span><\/h2>\n\n\n\n<p><strong>Os passeios est\u00e3o a partir de R$175<\/strong>. Crian\u00e7a menor de 12 anos paga meio ingresso e moradores da cidade t\u00eam 50% de desconto mediante comprovante de resid\u00eancia (n\u00e3o acumulativo). O ticket para pet custa R$ 30. <strong>Consulte sempre no <a href=\"https:\/\/www.tremrepublicano.com.br\/\" target=\"_blank\" rel=\"noreferrer noopener\">site oficial<\/a>.<\/strong> Os passeios incluem alimenta\u00e7\u00e3o e outros atrativos.<\/p>\n\n\n\n<p><strong>J\u00e1 o bilhete simples a partir de R$87 para adultos.<\/strong> <a href=\"https:\/\/www.tremrepublicano.com.br\/bilhetes\" target=\"_blank\" rel=\"noreferrer noopener\">Confira detalhes aqui<\/a>.<\/p>\n\n\n\n<p>As viagens saem de Itu \u00e0s 9h e de Salto \u00e0s 14h30. <\/p>\n\n\n\n<p>Hor\u00e1rio das bilheterias:  <\/p>\n\n\n\n<p><strong>Bilheteria Itu:<\/strong><\/p>\n\n\n\n<p>Diariamente das 09h30 \u00e0s 12h00 e das 13h30 \u00e0s 18h30.<\/p>\n\n\n\n<p><strong>Bilheteria Salto:<\/strong><\/p>\n\n\n\n<p>De quarta-feira \u00e0 segunda-feira, das 08h00 \u00e0s 11h00 e das 12h30 \u00e0s 17h00.<\/p>\n\n\n\n<p><\/p>\n\n\n\n<div class=\"wp-block-image\"><figure class=\"aligncenter\"><img loading=\"lazy\" decoding=\"async\" width=\"1024\" height=\"682\" src=\"https:\/\/quantocustaviajar.com\/blog\/wp-content\/uploads\/2020\/12\/trem-republicano9-1024x682.jpeg\" alt=\"\" class=\"wp-image-46411\" srcset=\"https:\/\/quantocustaviajar.com\/blog\/wp-content\/uploads\/2020\/12\/trem-republicano9.jpeg 1024w, https:\/\/quantocustaviajar.com\/blog\/wp-content\/uploads\/2020\/12\/trem-republicano9-300x200.jpeg 300w, https:\/\/quantocustaviajar.com\/blog\/wp-content\/uploads\/2020\/12\/trem-republicano9-768x512.jpeg 768w\" sizes=\"auto, (max-width: 1024px) 100vw, 1024px\" \/><figcaption>Foto: Prefeitura de Itu<\/figcaption><\/figure><\/div>\n\n\n\n<h3 class=\"wp-block-heading\"><span class=\"ez-toc-section\" id=\"Uma_paradinha_no_Museu_Republicano_de_Itu\"><\/span>Uma paradinha no Museu Republicano de&nbsp;Itu<span class=\"ez-toc-section-end\"><\/span><\/h3>\n\n\n\n<p>Recapitulando a hist\u00f3ria que inspirou a cria\u00e7\u00e3o do Trem Republicano, o antigo casar\u00e3o onde aconteceu a Conven\u00e7\u00e3o de Itu pode ser visitado. O elegante sobrado hist\u00f3rico foi transformado no <strong>Museu Republicano de Itu<\/strong>, administrado pela Universidade de S\u00e3o Paulo.<\/p>\n\n\n\n<p>A antiga a resid\u00eancia de Francisco de Almeida Prado, repassada aos filhos,  Carlos e Jos\u00e9 de Almeida Prado, tem em sua arquitetura paredes revestidas de <strong><a href=\"https:\/\/quantocustaviajar.com\/blog\/museu-do-azulejo-de-lisboa\/\" target=\"_blank\" rel=\"noreferrer noopener\" aria-label=\" (abre numa nova aba)\">azulejos portugueses<\/a><\/strong>, al\u00e9m de m\u00f3veis de \u00e9poca em seu interior.<\/p>\n\n\n\n<p>O equipamento cultural tem \u00eanfase no per\u00edodo entre a segunda metade do s\u00e9culo XIX e a primeira metade do s\u00e9culo XX, reunindo no acervo itens que dialogam com o regime republicano brasileiro. Vale a visita para conhecer mais sobre o pa\u00eds e os desdobramentos do per\u00edodo p\u00f3s-monarquia.<\/p>\n\n\n\n<div class=\"wp-block-image\"><figure class=\"aligncenter is-resized\"><img loading=\"lazy\" decoding=\"async\" src=\"https:\/\/quantocustaviajar.com\/blog\/wp-content\/uploads\/2020\/12\/museu-republicano-de-itu.jpg\" alt=\"\" class=\"wp-image-46440\" width=\"628\" height=\"418\" srcset=\"https:\/\/quantocustaviajar.com\/blog\/wp-content\/uploads\/2020\/12\/museu-republicano-de-itu.jpg 512w, https:\/\/quantocustaviajar.com\/blog\/wp-content\/uploads\/2020\/12\/museu-republicano-de-itu-300x200.jpg 300w\" sizes=\"auto, (max-width: 628px) 100vw, 628px\" \/><figcaption>Foto: divulga\u00e7\u00e3o\/USP<\/figcaption><\/figure><\/div>\n\n\n\n<figure class=\"wp-block-gallery has-nested-images columns-default is-cropped wp-block-gallery-2 is-layout-flex wp-block-gallery-is-layout-flex\">\n<figure class=\"wp-block-image\"><img loading=\"lazy\" decoding=\"async\" width=\"512\" height=\"365\" data-id=\"46441\" src=\"https:\/\/quantocustaviajar.com\/blog\/wp-content\/uploads\/2020\/12\/museu-republicano.jpg\" alt=\"\" class=\"wp-image-46441\" srcset=\"https:\/\/quantocustaviajar.com\/blog\/wp-content\/uploads\/2020\/12\/museu-republicano.jpg 512w, https:\/\/quantocustaviajar.com\/blog\/wp-content\/uploads\/2020\/12\/museu-republicano-300x214.jpg 300w\" sizes=\"auto, (max-width: 512px) 100vw, 512px\" \/><figcaption>Foto: divulga\u00e7\u00e3o\/USP<\/figcaption><\/figure>\n\n\n\n<figure class=\"wp-block-image\"><img loading=\"lazy\" decoding=\"async\" width=\"512\" height=\"341\" data-id=\"46439\" src=\"https:\/\/quantocustaviajar.com\/blog\/wp-content\/uploads\/2020\/12\/museu-republicano-itu.jpg\" alt=\"\" class=\"wp-image-46439\" srcset=\"https:\/\/quantocustaviajar.com\/blog\/wp-content\/uploads\/2020\/12\/museu-republicano-itu.jpg 512w, https:\/\/quantocustaviajar.com\/blog\/wp-content\/uploads\/2020\/12\/museu-republicano-itu-300x200.jpg 300w\" sizes=\"auto, (max-width: 512px) 100vw, 512px\" \/><figcaption>Foto: divulga\u00e7\u00e3o\/USP<\/figcaption><\/figure>\n<\/figure>\n\n\n\n<h4 class=\"wp-block-heading\"><span class=\"ez-toc-section\" id=\"Vai_la\"><\/span>Vai l\u00e1! <span class=\"ez-toc-section-end\"><\/span><\/h4>\n\n\n\n<p>Rua Bar\u00e3o do Itaim 67, Centro &#8211; Itu\/SP<br>Funcionamento: ter\u00e7a a domingo, das 10h \u00e0s 17h<\/p>\n\n\n\n<p>Entrada Gratuita <\/p>\n\n\n\n<p>*Obs: o Museu Republicano est\u00e1 temporariamente fechado em fun\u00e7\u00e3o das restri\u00e7\u00f5es causadas pelo COVID-19. Voc\u00ea pode fazer um <a rel=\"noreferrer noopener\" aria-label=\"tour virtual aqui (abre numa nova aba)\" href=\"https:\/\/vila360.com.br\/tour\/mrciusp.html?fbclid=IwAR3Co7Qzg7mWGWCfltrSIz1vVZJJVCz6g0iTuEpJsT6e1hJeour7q11zI3Q\" target=\"_blank\">tour virtual aqui<\/a>.<\/p>\n\n\n\n<figure class=\"wp-block-image is-resized\"><img loading=\"lazy\" decoding=\"async\" src=\"https:\/\/quantocustaviajar.com\/blog\/wp-content\/uploads\/2020\/12\/museu-de-itu.jpg\" alt=\"\" class=\"wp-image-46442\" width=\"600\" height=\"400\" srcset=\"https:\/\/quantocustaviajar.com\/blog\/wp-content\/uploads\/2020\/12\/museu-de-itu.jpg 512w, https:\/\/quantocustaviajar.com\/blog\/wp-content\/uploads\/2020\/12\/museu-de-itu-300x200.jpg 300w\" sizes=\"auto, (max-width: 600px) 100vw, 600px\" \/><figcaption>Foto: divulga\u00e7\u00e3o\/USP<\/figcaption><\/figure>\n\n\n\n<figure class=\"wp-block-embed is-type-video is-provider-youtube wp-block-embed-youtube wp-embed-aspect-16-9 wp-has-aspect-ratio\"><div class=\"wp-block-embed__wrapper\">\n<iframe loading=\"lazy\" title=\"\u25b6 Visite a USP | Museu Republicano - Conven\u00e7\u00e3o de Itu\" width=\"1290\" height=\"726\" src=\"https:\/\/www.youtube.com\/embed\/LnDBoMVd19E?feature=oembed\" frameborder=\"0\" allow=\"accelerometer; autoplay; clipboard-write; encrypted-media; gyroscope; picture-in-picture; web-share\" referrerpolicy=\"strict-origin-when-cross-origin\" allowfullscreen><\/iframe>\n<\/div><\/figure>\n\n\n\n<figure class=\"wp-block-embed-wordpress wp-block-embed is-type-wp-embed is-provider-blog-quanto-custa-viajar\"><div class=\"wp-block-embed__wrapper\">\n<blockquote class=\"wp-embedded-content\" data-secret=\"IXhwahibcr\"><a href=\"https:\/\/quantocustaviajar.com\/blog\/viagens-de-trem-no-brasil\/\">Viagens de trem no Brasil re\u00fanem paisagens, m\u00fasica ao vivo e at\u00e9 degusta\u00e7\u00e3o de vinho<\/a><\/blockquote><iframe loading=\"lazy\" class=\"wp-embedded-content\" sandbox=\"allow-scripts\" security=\"restricted\" style=\"position: absolute; visibility: hidden;\" title=\"&#8220;Viagens de trem no Brasil re\u00fanem paisagens, m\u00fasica ao vivo e at\u00e9 degusta\u00e7\u00e3o de vinho&#8221; &#8212; Blog Quanto Custa Viajar\" src=\"https:\/\/quantocustaviajar.com\/blog\/viagens-de-trem-no-brasil\/embed\/#?secret=mCj5ya94QF#?secret=IXhwahibcr\" data-secret=\"IXhwahibcr\" width=\"600\" height=\"338\" frameborder=\"0\" marginwidth=\"0\" marginheight=\"0\" scrolling=\"no\"><\/iframe>\n<\/div><\/figure>\n","protected":false},"excerpt":{"rendered":"<p>Viajar sobre os trilhos \u00e9 uma experi\u00eancia pouco propagada no Brasil, mas aparentemente a ideia est\u00e1 a todo vapor! Foi inaugurado um novo trem tur\u00edstico no interior de S\u00e3o Paulo, ligando as cidades de Itu e Salto. O atrativo conta com acessibilidade e vag\u00e3o petfriendly, para ningu\u00e9m ficar de fora.&nbsp; Depois de 15 anos de [&hellip;]<\/p>\n","protected":false},"author":4,"featured_media":46405,"comment_status":"open","ping_status":"open","sticky":false,"template":"","format":"standard","meta":{"cybocfi_hide_featured_image":"","footnotes":""},"categories":[1434,1182],"tags":[1009,266,558,2526,321,2741,19,158,562],"class_list":["post-46404","post","type-post","status-publish","format-standard","has-post-thumbnail","hentry","category-descubra-brasil","category-dica-cool","tag-acessibilidade","tag-brasil","tag-cachorro","tag-interior-de-sao-paulo","tag-passeios","tag-petfriendly","tag-quanto-custa","tag-trem","tag-viagem-com-animais"],"blocksy_meta":[],"yoast_head":"<!-- This site is optimized with the Yoast SEO plugin v26.3 - https:\/\/yoast.com\/wordpress\/plugins\/seo\/ -->\n<title>Novo trem tur\u00edstico no interior de S\u00e3o Paulo \u00e9 petfriendly e acess\u00edvel<\/title>\n<meta name=\"description\" content=\"Com acessibilidade e vag\u00e3o petfriendly, um novo trem tur\u00edstico no interior de S\u00e3o Paulo j\u00e1 est\u00e1 em circula\u00e7\u00e3o, ligando as cidades de Itu e Salto.\" \/>\n<meta name=\"robots\" content=\"index, follow, max-snippet:-1, max-image-preview:large, max-video-preview:-1\" \/>\n<link rel=\"canonical\" href=\"https:\/\/quantocustaviajar.com\/blog\/novo-trem-turistico-no-interior-de-sao-paulo\/\" \/>\n<meta property=\"og:locale\" content=\"pt_BR\" \/>\n<meta property=\"og:type\" content=\"article\" \/>\n<meta property=\"og:title\" content=\"Novo trem tur\u00edstico no interior de S\u00e3o Paulo \u00e9 petfriendly e acess\u00edvel\" \/>\n<meta property=\"og:description\" content=\"Com acessibilidade e vag\u00e3o petfriendly, um novo trem tur\u00edstico no interior de S\u00e3o Paulo j\u00e1 est\u00e1 em circula\u00e7\u00e3o, ligando as cidades de Itu e Salto.\" \/>\n<meta property=\"og:url\" content=\"https:\/\/quantocustaviajar.com\/blog\/novo-trem-turistico-no-interior-de-sao-paulo\/\" \/>\n<meta property=\"og:site_name\" content=\"Blog Quanto Custa Viajar\" \/>\n<meta property=\"article:publisher\" content=\"https:\/\/www.facebook.com\/quantocustaviajar\" \/>\n<meta property=\"article:author\" content=\"https:\/\/www.facebook.com\/brunellapfvr\/posts\" \/>\n<meta property=\"article:published_time\" content=\"2021-01-15T19:31:15+00:00\" \/>\n<meta property=\"article:modified_time\" content=\"2022-06-27T19:27:04+00:00\" \/>\n<meta property=\"og:image\" content=\"https:\/\/quantocustaviajar.com\/blog\/wp-content\/uploads\/2020\/12\/trem-republicano10.jpg\" \/>\n\t<meta property=\"og:image:width\" content=\"1181\" \/>\n\t<meta property=\"og:image:height\" content=\"732\" \/>\n\t<meta property=\"og:image:type\" content=\"image\/jpeg\" \/>\n<meta name=\"author\" content=\"Brunella Nunes\" \/>\n<meta name=\"twitter:card\" content=\"summary_large_image\" \/>\n<meta name=\"twitter:label1\" content=\"Escrito por\" \/>\n\t<meta name=\"twitter:data1\" content=\"Brunella Nunes\" \/>\n\t<meta name=\"twitter:label2\" content=\"Est. tempo de leitura\" \/>\n\t<meta name=\"twitter:data2\" content=\"7 minutos\" \/>\n<!-- \/ Yoast SEO plugin. -->","yoast_head_json":{"title":"Novo trem tur\u00edstico no interior de S\u00e3o Paulo \u00e9 petfriendly e acess\u00edvel","description":"Com acessibilidade e vag\u00e3o petfriendly, um novo trem tur\u00edstico no interior de S\u00e3o Paulo j\u00e1 est\u00e1 em circula\u00e7\u00e3o, ligando as cidades de Itu e Salto.","robots":{"index":"index","follow":"follow","max-snippet":"max-snippet:-1","max-image-preview":"max-image-preview:large","max-video-preview":"max-video-preview:-1"},"canonical":"https:\/\/quantocustaviajar.com\/blog\/novo-trem-turistico-no-interior-de-sao-paulo\/","og_locale":"pt_BR","og_type":"article","og_title":"Novo trem tur\u00edstico no interior de S\u00e3o Paulo \u00e9 petfriendly e acess\u00edvel","og_description":"Com acessibilidade e vag\u00e3o petfriendly, um novo trem tur\u00edstico no interior de S\u00e3o Paulo j\u00e1 est\u00e1 em circula\u00e7\u00e3o, ligando as cidades de Itu e Salto.","og_url":"https:\/\/quantocustaviajar.com\/blog\/novo-trem-turistico-no-interior-de-sao-paulo\/","og_site_name":"Blog Quanto Custa Viajar","article_publisher":"https:\/\/www.facebook.com\/quantocustaviajar","article_author":"https:\/\/www.facebook.com\/brunellapfvr\/posts","article_published_time":"2021-01-15T19:31:15+00:00","article_modified_time":"2022-06-27T19:27:04+00:00","og_image":[{"width":1181,"height":732,"url":"https:\/\/quantocustaviajar.com\/blog\/wp-content\/uploads\/2020\/12\/trem-republicano10.jpg","type":"image\/jpeg"}],"author":"Brunella Nunes","twitter_card":"summary_large_image","twitter_misc":{"Escrito por":"Brunella Nunes","Est. tempo de leitura":"7 minutos"},"schema":{"@context":"https:\/\/schema.org","@graph":[{"@type":["Article","BlogPosting"],"@id":"https:\/\/quantocustaviajar.com\/blog\/novo-trem-turistico-no-interior-de-sao-paulo\/#article","isPartOf":{"@id":"https:\/\/quantocustaviajar.com\/blog\/novo-trem-turistico-no-interior-de-sao-paulo\/"},"author":{"name":"Brunella Nunes","@id":"https:\/\/quantocustaviajar.com\/blog\/#\/schema\/person\/1a6dd3da9d0c0a4be42652b67bea19bb"},"headline":"Novo trem tur\u00edstico no interior de S\u00e3o Paulo \u00e9 petfriendly e acess\u00edvel","datePublished":"2021-01-15T19:31:15+00:00","dateModified":"2022-06-27T19:27:04+00:00","mainEntityOfPage":{"@id":"https:\/\/quantocustaviajar.com\/blog\/novo-trem-turistico-no-interior-de-sao-paulo\/"},"wordCount":834,"commentCount":3,"publisher":{"@id":"https:\/\/quantocustaviajar.com\/blog\/#organization"},"image":{"@id":"https:\/\/quantocustaviajar.com\/blog\/novo-trem-turistico-no-interior-de-sao-paulo\/#primaryimage"},"thumbnailUrl":"https:\/\/quantocustaviajar.com\/blog\/wp-content\/uploads\/2020\/12\/trem-republicano10.jpg","keywords":["acessibilidade","Brasil","cachorro","interior de sao paulo","passeios","petfriendly","quanto custa","trem","viagem com animais"],"articleSection":["Descubra o Brasil","Dica cool"],"inLanguage":"pt-BR","potentialAction":[{"@type":"CommentAction","name":"Comment","target":["https:\/\/quantocustaviajar.com\/blog\/novo-trem-turistico-no-interior-de-sao-paulo\/#respond"]}]},{"@type":"WebPage","@id":"https:\/\/quantocustaviajar.com\/blog\/novo-trem-turistico-no-interior-de-sao-paulo\/","url":"https:\/\/quantocustaviajar.com\/blog\/novo-trem-turistico-no-interior-de-sao-paulo\/","name":"Novo trem tur\u00edstico no interior de S\u00e3o Paulo \u00e9 petfriendly e acess\u00edvel","isPartOf":{"@id":"https:\/\/quantocustaviajar.com\/blog\/#website"},"primaryImageOfPage":{"@id":"https:\/\/quantocustaviajar.com\/blog\/novo-trem-turistico-no-interior-de-sao-paulo\/#primaryimage"},"image":{"@id":"https:\/\/quantocustaviajar.com\/blog\/novo-trem-turistico-no-interior-de-sao-paulo\/#primaryimage"},"thumbnailUrl":"https:\/\/quantocustaviajar.com\/blog\/wp-content\/uploads\/2020\/12\/trem-republicano10.jpg","datePublished":"2021-01-15T19:31:15+00:00","dateModified":"2022-06-27T19:27:04+00:00","description":"Com acessibilidade e vag\u00e3o petfriendly, um novo trem tur\u00edstico no interior de S\u00e3o Paulo j\u00e1 est\u00e1 em circula\u00e7\u00e3o, ligando as cidades de Itu e Salto.","breadcrumb":{"@id":"https:\/\/quantocustaviajar.com\/blog\/novo-trem-turistico-no-interior-de-sao-paulo\/#breadcrumb"},"inLanguage":"pt-BR","potentialAction":[{"@type":"ReadAction","target":["https:\/\/quantocustaviajar.com\/blog\/novo-trem-turistico-no-interior-de-sao-paulo\/"]}]},{"@type":"ImageObject","inLanguage":"pt-BR","@id":"https:\/\/quantocustaviajar.com\/blog\/novo-trem-turistico-no-interior-de-sao-paulo\/#primaryimage","url":"https:\/\/quantocustaviajar.com\/blog\/wp-content\/uploads\/2020\/12\/trem-republicano10.jpg","contentUrl":"https:\/\/quantocustaviajar.com\/blog\/wp-content\/uploads\/2020\/12\/trem-republicano10.jpg","width":1181,"height":732,"caption":"Foto: Juca Ferreira"},{"@type":"BreadcrumbList","@id":"https:\/\/quantocustaviajar.com\/blog\/novo-trem-turistico-no-interior-de-sao-paulo\/#breadcrumb","itemListElement":[{"@type":"ListItem","position":1,"name":"In\u00edcio","item":"https:\/\/quantocustaviajar.com\/blog\/"},{"@type":"ListItem","position":2,"name":"Novo trem tur\u00edstico no interior de S\u00e3o Paulo \u00e9 petfriendly e acess\u00edvel"}]},{"@type":"WebSite","@id":"https:\/\/quantocustaviajar.com\/blog\/#website","url":"https:\/\/quantocustaviajar.com\/blog\/","name":"Blog Quanto Custa Viajar","description":"","publisher":{"@id":"https:\/\/quantocustaviajar.com\/blog\/#organization"},"potentialAction":[{"@type":"SearchAction","target":{"@type":"EntryPoint","urlTemplate":"https:\/\/quantocustaviajar.com\/blog\/?s={search_term_string}"},"query-input":{"@type":"PropertyValueSpecification","valueRequired":true,"valueName":"search_term_string"}}],"inLanguage":"pt-BR"},{"@type":"Organization","@id":"https:\/\/quantocustaviajar.com\/blog\/#organization","name":"Quanto Custa Viajar","url":"https:\/\/quantocustaviajar.com\/blog\/","logo":{"@type":"ImageObject","inLanguage":"pt-BR","@id":"https:\/\/quantocustaviajar.com\/blog\/#\/schema\/logo\/image\/","url":"","contentUrl":"","caption":"Quanto Custa Viajar"},"image":{"@id":"https:\/\/quantocustaviajar.com\/blog\/#\/schema\/logo\/image\/"},"sameAs":["https:\/\/www.facebook.com\/quantocustaviajar"]},{"@type":"Person","@id":"https:\/\/quantocustaviajar.com\/blog\/#\/schema\/person\/1a6dd3da9d0c0a4be42652b67bea19bb","name":"Brunella Nunes","image":{"@type":"ImageObject","inLanguage":"pt-BR","@id":"https:\/\/quantocustaviajar.com\/blog\/#\/schema\/person\/image\/","url":"https:\/\/secure.gravatar.com\/avatar\/05b28dfb8a3cc7ee0dba6feefa5677f05be6d7bf4b017728fd38499092f9c282?s=96&d=mm&r=g","contentUrl":"https:\/\/secure.gravatar.com\/avatar\/05b28dfb8a3cc7ee0dba6feefa5677f05be6d7bf4b017728fd38499092f9c282?s=96&d=mm&r=g","caption":"Brunella Nunes"},"description":"Quando n\u00e3o est\u00e1 viajando pelo mundo, est\u00e1 viajando nas ideias.","sameAs":["https:\/\/www.facebook.com\/brunellapfvr\/posts","https:\/\/www.linkedin.com\/in\/brunellanunes\/"],"url":"https:\/\/quantocustaviajar.com\/blog\/author\/equipe\/"}]}},"_links":{"self":[{"href":"https:\/\/quantocustaviajar.com\/blog\/wp-json\/wp\/v2\/posts\/46404","targetHints":{"allow":["GET"]}}],"collection":[{"href":"https:\/\/quantocustaviajar.com\/blog\/wp-json\/wp\/v2\/posts"}],"about":[{"href":"https:\/\/quantocustaviajar.com\/blog\/wp-json\/wp\/v2\/types\/post"}],"author":[{"embeddable":true,"href":"https:\/\/quantocustaviajar.com\/blog\/wp-json\/wp\/v2\/users\/4"}],"replies":[{"embeddable":true,"href":"https:\/\/quantocustaviajar.com\/blog\/wp-json\/wp\/v2\/comments?post=46404"}],"version-history":[{"count":5,"href":"https:\/\/quantocustaviajar.com\/blog\/wp-json\/wp\/v2\/posts\/46404\/revisions"}],"predecessor-version":[{"id":53965,"href":"https:\/\/quantocustaviajar.com\/blog\/wp-json\/wp\/v2\/posts\/46404\/revisions\/53965"}],"wp:featuredmedia":[{"embeddable":true,"href":"https:\/\/quantocustaviajar.com\/blog\/wp-json\/wp\/v2\/media\/46405"}],"wp:attachment":[{"href":"https:\/\/quantocustaviajar.com\/blog\/wp-json\/wp\/v2\/media?parent=46404"}],"wp:term":[{"taxonomy":"category","embeddable":true,"href":"https:\/\/quantocustaviajar.com\/blog\/wp-json\/wp\/v2\/categories?post=46404"},{"taxonomy":"post_tag","embeddable":true,"href":"https:\/\/quantocustaviajar.com\/blog\/wp-json\/wp\/v2\/tags?post=46404"}],"curies":[{"name":"wp","href":"https:\/\/api.w.org\/{rel}","templated":true}]}}