{"id":46143,"date":"2021-01-02T20:59:34","date_gmt":"2021-01-02T20:59:34","guid":{"rendered":"https:\/\/quantocustaviajar.com\/blog\/?p=46143"},"modified":"2021-01-02T20:59:43","modified_gmt":"2021-01-02T20:59:43","slug":"ilha-dos-lobos-torres-rio-grande-do-sul","status":"publish","type":"post","link":"https:\/\/quantocustaviajar.com\/blog\/ilha-dos-lobos-torres-rio-grande-do-sul\/","title":{"rendered":"Ilha dos Lobos: ref\u00fagio de  lobos e le\u00f5es marinhos no RS"},"content":{"rendered":"\n<p>Na \u00fanica ilha mar\u00edtima do litoral ga\u00facho, quem manda s\u00e3o os lobos e os le\u00f5es marinhos. A <strong>Ilha dos Lobos <\/strong>\u00e9 um ref\u00fagio para os fofos mam\u00edferos que vivem nas \u00e1guas do <strong><a href=\"https:\/\/quantocustaviajar.com\/blog\/cidades-legais-para-conhecer-no-rio-grande-do-sul\/\">Rio Grande do Sul<\/a><\/strong> e podem ser avistadas em passeios de barco.&nbsp;<\/p>\n\n\n\n<p>A pequena por\u00e7\u00e3o de rochas de origem vulc\u00e2nica, a cerca <strong>de 1,8 km da praia de Torres<\/strong>, serve como parada para os animais descansarem durante as long\u00ednquas rotas migrat\u00f3rias. Tartarugas, focas, peixes, algas, corais, mariscos e aves de v\u00e1rias esp\u00e9cies juntam-se \u00e0s amigas do mar, enquanto de julho a outubro pode haver a incid\u00eancia de baleias Francas por ali.<\/p>\n\n\n\n<p>Segundo estudos, <strong>os lobos e le\u00f5es marinhos s\u00e3o antigos moradores da ilha<\/strong>, marcando presen\u00e7a por ali desde meados de 1797. Na d\u00e9cada de 60, um navio cargueiro se chocou com as pedras e naufragou, deixando destro\u00e7os submersos no local durante 25 anos.&nbsp;<\/p>\n\n\n\n<figure class=\"wp-block-image\"><img loading=\"lazy\" decoding=\"async\" width=\"1024\" height=\"1024\" src=\"https:\/\/quantocustaviajar.com\/blog\/wp-content\/uploads\/2020\/12\/ilha-dos-lobos-por-daniela-martins-1024x1024.jpg\" alt=\"\" class=\"wp-image-46145\" srcset=\"https:\/\/quantocustaviajar.com\/blog\/wp-content\/uploads\/2020\/12\/ilha-dos-lobos-por-daniela-martins-1024x1024.jpg 1024w, https:\/\/quantocustaviajar.com\/blog\/wp-content\/uploads\/2020\/12\/ilha-dos-lobos-por-daniela-martins-150x150.jpg 150w, https:\/\/quantocustaviajar.com\/blog\/wp-content\/uploads\/2020\/12\/ilha-dos-lobos-por-daniela-martins-300x300.jpg 300w, https:\/\/quantocustaviajar.com\/blog\/wp-content\/uploads\/2020\/12\/ilha-dos-lobos-por-daniela-martins-768x768.jpg 768w, https:\/\/quantocustaviajar.com\/blog\/wp-content\/uploads\/2020\/12\/ilha-dos-lobos-por-daniela-martins.jpg 1080w\" sizes=\"auto, (max-width: 1024px) 100vw, 1024px\" \/><figcaption>Foto: Daniela Martins<\/figcaption><\/figure>\n\n\n\n<h2 class=\"wp-block-heading\">Ilha dos Lobos <\/h2>\n\n\n\n<p>E a vida pulsa em grande quantidade na pequena ilha!<strong> J\u00e1 foram registrados 136 lobos marinhos e 156 le\u00f5es-marinhos ocupando o local<\/strong>, nas temporadas de 2019 e 2014, respectivamente. As col\u00f4nias reprodutivas migram do Uruguai durante o inverno, procurando por comida e um cantinho para repouso.\u00a0<\/p>\n\n\n\n<p>Protegida como Ref\u00fagio da Vida Silvestre pelo Instituto Chico Mendes de Conserva\u00e7\u00e3o da Biodiversidade, a \u00e1rea abriga atividades controladas de educa\u00e7\u00e3o ambiental, recrea\u00e7\u00e3o e turismo ecol\u00f3gico. <strong>N\u00e3o \u00e9 poss\u00edvel desembarcar ali, por raz\u00f5es de preserva\u00e7\u00e3o e seguran\u00e7a.<\/strong><\/p>\n\n\n\n<div class=\"wp-block-image\"><figure class=\"aligncenter\"><img loading=\"lazy\" decoding=\"async\" width=\"1024\" height=\"683\" src=\"https:\/\/quantocustaviajar.com\/blog\/wp-content\/uploads\/2020\/12\/ilha-dos-lobos7-1024x683.jpg\" alt=\"\" class=\"wp-image-46144\" srcset=\"https:\/\/quantocustaviajar.com\/blog\/wp-content\/uploads\/2020\/12\/ilha-dos-lobos7-1024x683.jpg 1024w, https:\/\/quantocustaviajar.com\/blog\/wp-content\/uploads\/2020\/12\/ilha-dos-lobos7-300x200.jpg 300w, https:\/\/quantocustaviajar.com\/blog\/wp-content\/uploads\/2020\/12\/ilha-dos-lobos7-768x512.jpg 768w, https:\/\/quantocustaviajar.com\/blog\/wp-content\/uploads\/2020\/12\/ilha-dos-lobos7.jpg 1752w\" sizes=\"auto, (max-width: 1024px) 100vw, 1024px\" \/><figcaption>Foto: Paulo Henrique Ott<\/figcaption><\/figure><\/div>\n\n\n\n<div class=\"wp-block-image\"><figure class=\"aligncenter\"><img loading=\"lazy\" decoding=\"async\" width=\"1024\" height=\"768\" src=\"https:\/\/quantocustaviajar.com\/blog\/wp-content\/uploads\/2020\/12\/ILHA-DOS-LOBOS-VAGNER-MACHADO-1024x768.jpg\" alt=\"\" class=\"wp-image-46153\" srcset=\"https:\/\/quantocustaviajar.com\/blog\/wp-content\/uploads\/2020\/12\/ILHA-DOS-LOBOS-VAGNER-MACHADO-1024x768.jpg 1024w, https:\/\/quantocustaviajar.com\/blog\/wp-content\/uploads\/2020\/12\/ILHA-DOS-LOBOS-VAGNER-MACHADO-300x225.jpg 300w, https:\/\/quantocustaviajar.com\/blog\/wp-content\/uploads\/2020\/12\/ILHA-DOS-LOBOS-VAGNER-MACHADO-768x576.jpg 768w, https:\/\/quantocustaviajar.com\/blog\/wp-content\/uploads\/2020\/12\/ILHA-DOS-LOBOS-VAGNER-MACHADO.jpg 1280w\" sizes=\"auto, (max-width: 1024px) 100vw, 1024px\" \/><figcaption>Foto: Vagner Machado<\/figcaption><\/figure><\/div>\n\n\n\n<p><strong>Os passeios de barco podem circund\u00e1-la sem exceder a dist\u00e2ncia de 500 metros. <\/strong>As embarca\u00e7\u00f5es para at\u00e9 118 passageiros saem do p\u00eder na Barra dos Molhes para realizar a excurs\u00e3o com aproximadamente 1h15 de dura\u00e7\u00e3o.&nbsp;<\/p>\n\n\n\n<p>No percurso se visualiza a praia de Torres e <a rel=\"noreferrer noopener\" aria-label=\"grande parte do litoral (abre numa nova aba)\" href=\"https:\/\/quantocustaviajar.com\/blog\/melhores-praias-do-rs\/\" target=\"_blank\">grande parte do litoral<\/a>, enquanto no mar podem, eventualmente, aparecer baleias, botos, le\u00f5es marinhos e gaivotas. Al\u00e9m de avistarem os bichos tomando aquele sol ou nadando, os visitantes tamb\u00e9m podem seguir rumo \u00e0 <strong>praia da Guarita<\/strong>, onde est\u00e3o as belas fal\u00e9sias de Torres, com uma forma\u00e7\u00e3o rochosa \u00fanica no pa\u00eds.<\/p>\n\n\n\n<p>O barco vai costeando o litoral, passando pelo Morro das Furnas, tamb\u00e9m chamado de Morro do Meio, considerado o mais imponente das \u201ctorres\u201d. Os caminhos seguem para a praia do Cal, o Morro do Farol, a Prainha e a Praia Grande, finalizando a jornada na entrada do rio Mampituba.<\/p>\n\n\n\n<blockquote class=\"wp-block-quote is-layout-flow wp-block-quote-is-layout-flow\"><p>Consulte as op\u00e7\u00f5es de passeio de barco na Marina de Torres <a rel=\"noreferrer noopener\" href=\"http:\/\/www.barcosmarina.com.br\/passeio-da-ilha-dos-lobos-e-guarita\" target=\"_blank\">aqui<\/a> ou pelo WhatsApp: (51) 99628-9990<\/p><\/blockquote>\n\n\n\n<div class=\"wp-block-image\"><figure class=\"aligncenter\"><img loading=\"lazy\" decoding=\"async\" width=\"1024\" height=\"1024\" src=\"https:\/\/quantocustaviajar.com\/blog\/wp-content\/uploads\/2020\/12\/ilha-dos-lobos3-1024x1024.jpg\" alt=\"\" class=\"wp-image-46148\" srcset=\"https:\/\/quantocustaviajar.com\/blog\/wp-content\/uploads\/2020\/12\/ilha-dos-lobos3-1024x1024.jpg 1024w, https:\/\/quantocustaviajar.com\/blog\/wp-content\/uploads\/2020\/12\/ilha-dos-lobos3-150x150.jpg 150w, https:\/\/quantocustaviajar.com\/blog\/wp-content\/uploads\/2020\/12\/ilha-dos-lobos3-300x300.jpg 300w, https:\/\/quantocustaviajar.com\/blog\/wp-content\/uploads\/2020\/12\/ilha-dos-lobos3-768x768.jpg 768w, https:\/\/quantocustaviajar.com\/blog\/wp-content\/uploads\/2020\/12\/ilha-dos-lobos3.jpg 1080w\" sizes=\"auto, (max-width: 1024px) 100vw, 1024px\" \/><figcaption>Foto: Revis Ilha dos Lobos<\/figcaption><\/figure><\/div>\n\n\n\n<div class=\"wp-block-image\"><figure class=\"aligncenter\"><img loading=\"lazy\" decoding=\"async\" width=\"1024\" height=\"768\" src=\"https:\/\/quantocustaviajar.com\/blog\/wp-content\/uploads\/2020\/12\/ilha-dos-lobos6-1024x768.jpg\" alt=\"\" class=\"wp-image-46146\" srcset=\"https:\/\/quantocustaviajar.com\/blog\/wp-content\/uploads\/2020\/12\/ilha-dos-lobos6-1024x768.jpg 1024w, https:\/\/quantocustaviajar.com\/blog\/wp-content\/uploads\/2020\/12\/ilha-dos-lobos6-300x225.jpg 300w, https:\/\/quantocustaviajar.com\/blog\/wp-content\/uploads\/2020\/12\/ilha-dos-lobos6-768x576.jpg 768w, https:\/\/quantocustaviajar.com\/blog\/wp-content\/uploads\/2020\/12\/ilha-dos-lobos6-1920x1440.jpg 1920w\" sizes=\"auto, (max-width: 1024px) 100vw, 1024px\" \/><figcaption>Foto: Adriano Daka<\/figcaption><\/figure><\/div>\n\n\n\n<h4 class=\"wp-block-heading\">&nbsp;O que fazer em&nbsp;Torres<\/h4>\n\n\n\n<p>A agrad\u00e1vel cidade a 210 km de Porto Alegre e a 300 km de Florian\u00f3polis \u00e9 um ref\u00fagio litor\u00e2neo n\u00e3o apenas para os animais marinhos, mas para muita gente. Cortada pelo <strong>rio Mampituba <\/strong>e com natureza abundante em seu territ\u00f3rio, Torres se desenvolve a partir do turismo e da pesca.<\/p>\n\n\n\n<p>O principal destaque \u00e9 a praia de <strong>Bella Torres<\/strong>, que tem mais infraestrutura. H\u00e1 outras 23 praias que atraem o p\u00fablico, incluindo <strong>surfistas <\/strong>que pegam ondas de at\u00e9 tr\u00eas metros, e aventureiros que saltam de <strong>paraglider <\/strong>l\u00e1 do alto do Morro do Farol, plataforma natural e um dos pontos mais bonitos da Serra Ga\u00facha. &nbsp;<\/p>\n\n\n\n<div class=\"wp-block-image\"><figure class=\"aligncenter\"><img loading=\"lazy\" decoding=\"async\" width=\"960\" height=\"539\" src=\"https:\/\/quantocustaviajar.com\/blog\/wp-content\/uploads\/2020\/12\/torres-rs.jpg\" alt=\"\" class=\"wp-image-46156\" srcset=\"https:\/\/quantocustaviajar.com\/blog\/wp-content\/uploads\/2020\/12\/torres-rs.jpg 960w, https:\/\/quantocustaviajar.com\/blog\/wp-content\/uploads\/2020\/12\/torres-rs-300x168.jpg 300w, https:\/\/quantocustaviajar.com\/blog\/wp-content\/uploads\/2020\/12\/torres-rs-768x431.jpg 768w\" sizes=\"auto, (max-width: 960px) 100vw, 960px\" \/><figcaption>Foto: Turismo de Torres<\/figcaption><\/figure><\/div>\n\n\n\n<div class=\"wp-block-image\"><figure class=\"aligncenter\"><img loading=\"lazy\" decoding=\"async\" width=\"1024\" height=\"768\" src=\"https:\/\/quantocustaviajar.com\/blog\/wp-content\/uploads\/2020\/12\/praia-da-guarita-rs-1024x768.jpg\" alt=\"\" class=\"wp-image-46152\" srcset=\"https:\/\/quantocustaviajar.com\/blog\/wp-content\/uploads\/2020\/12\/praia-da-guarita-rs-1024x768.jpg 1024w, https:\/\/quantocustaviajar.com\/blog\/wp-content\/uploads\/2020\/12\/praia-da-guarita-rs-300x225.jpg 300w, https:\/\/quantocustaviajar.com\/blog\/wp-content\/uploads\/2020\/12\/praia-da-guarita-rs-768x576.jpg 768w, https:\/\/quantocustaviajar.com\/blog\/wp-content\/uploads\/2020\/12\/praia-da-guarita-rs.jpg 1280w\" sizes=\"auto, (max-width: 1024px) 100vw, 1024px\" \/><figcaption>Foto: Turismo de Torres<\/figcaption><\/figure><\/div>\n\n\n\n<p>Indispens\u00e1vel, o Parque Estadual da Guarita envolve n\u00e3o apenas uma praia de beleza c\u00eanica, mas um parque que propicia vistas a partir do encontro de torres bas\u00e1lticas com o mar, atraindo milhares de turistas anualmente em suas trilhas. As colinas do <strong>Parque Ecol\u00f3gico Espig\u00e3o do Pirutu<\/strong> e a vegeta\u00e7\u00e3o do<strong> Morro dos Macacos <\/strong>s\u00e3o outros marcos naturais da cidade.<\/p>\n\n\n\n<p>H\u00e1 tamb\u00e9m pontos tur\u00edsticos no meio urbano para conhecer: a ponte p\u00eansil, o chal\u00e9 do surfe, a lagoa do viol\u00e3o, a igreja matriz, o museu hist\u00f3rico do munic\u00edpio e a curiosa Barra dos Molhes,\u00a0onde fica mais um farol.<\/p>\n\n\n\n<p><strong><a href=\"https:\/\/www.booking.com\/searchresults.pt-br.html?aid=2161834&amp;sid=398279e90bd783a6047043b70417cf91&amp;sb=1&amp;sb_lp=1&amp;src=index&amp;src_elem=sb&amp;error_url=https%3A%2F%2Fwww.booking.com%2Findex.pt-br.html%3Faid%3D2161834%3Bsid%3D398279e90bd783a6047043b70417cf91%3Bsb_price_type%3Dtotal%26%3B&amp;ss=Torres%2C+Rio+Grande+do+Sul%2C+Brasil&amp;is_ski_area=&amp;checkin_year=2021&amp;checkin_month=2&amp;checkin_monthday=19&amp;checkout_year=2021&amp;checkout_month=2&amp;checkout_monthday=21&amp;group_adults=1&amp;group_children=0&amp;no_rooms=1&amp;b_h4u_keep_filters=&amp;from_sf=1&amp;ss_raw=torres&amp;ac_position=0&amp;ac_langcode=xb&amp;ac_click_type=b&amp;dest_id=-676403&amp;dest_type=city&amp;place_id_lat=-29.33738&amp;place_id_lon=-49.72999&amp;search_pageview_id=d31793609e1a0013&amp;search_selected=true&amp;search_pageview_id=d31793609e1a0013&amp;ac_suggestion_list_length=5&amp;ac_suggestion_theme_list_length=0\" target=\"_blank\" rel=\"noreferrer noopener\" aria-label=\"Encontre aqui sua hospedagem em Torres (abre numa nova aba)\">Encontre aqui sua hospedagem em Torres<\/a><\/strong><\/p>\n\n\n\n<p>Entre os eventos para n\u00e3o perder, vale a pena acompanhar o <strong><a href=\"https:\/\/torres.rs.gov.br\/festival-de-balonismo\/\" target=\"_blank\" rel=\"noreferrer noopener\" aria-label=\" (abre numa nova aba)\">Festival Internacional de Balonismo de Torres<\/a><\/strong><a href=\"https:\/\/torres.rs.gov.br\/festival-de-balonismo\/\" target=\"_blank\" rel=\"noreferrer noopener\" aria-label=\" (abre numa nova aba)\">,<\/a> uma colorida festa no c\u00e9u, com a presen\u00e7a de shows e bal\u00f5es em formatos inusitados. \u00a0<\/p>\n\n\n\n<div class=\"wp-block-image\"><figure class=\"aligncenter\"><img loading=\"lazy\" decoding=\"async\" width=\"1024\" height=\"640\" src=\"https:\/\/quantocustaviajar.com\/blog\/wp-content\/uploads\/2020\/12\/balonismo-em-torres-1024x640.jpeg\" alt=\"\" class=\"wp-image-46155\" srcset=\"https:\/\/quantocustaviajar.com\/blog\/wp-content\/uploads\/2020\/12\/balonismo-em-torres.jpeg 1024w, https:\/\/quantocustaviajar.com\/blog\/wp-content\/uploads\/2020\/12\/balonismo-em-torres-300x188.jpeg 300w, https:\/\/quantocustaviajar.com\/blog\/wp-content\/uploads\/2020\/12\/balonismo-em-torres-768x480.jpeg 768w\" sizes=\"auto, (max-width: 1024px) 100vw, 1024px\" \/><figcaption>Foto: Adriano Daka<\/figcaption><\/figure><\/div>\n\n\n\n<div class=\"wp-block-image\"><figure class=\"aligncenter\"><img loading=\"lazy\" decoding=\"async\" width=\"1024\" height=\"683\" src=\"https:\/\/quantocustaviajar.com\/blog\/wp-content\/uploads\/2020\/12\/balonismo-rs-1024x683.jpg\" alt=\"\" class=\"wp-image-46154\" srcset=\"https:\/\/quantocustaviajar.com\/blog\/wp-content\/uploads\/2020\/12\/balonismo-rs-1024x683.jpg 1024w, https:\/\/quantocustaviajar.com\/blog\/wp-content\/uploads\/2020\/12\/balonismo-rs-300x200.jpg 300w, https:\/\/quantocustaviajar.com\/blog\/wp-content\/uploads\/2020\/12\/balonismo-rs-768x512.jpg 768w, https:\/\/quantocustaviajar.com\/blog\/wp-content\/uploads\/2020\/12\/balonismo-rs-1920x1280.jpg 1920w\" sizes=\"auto, (max-width: 1024px) 100vw, 1024px\" \/><figcaption>Foto: Turismo de Torres<\/figcaption><\/figure><\/div>\n\n\n\n<figure class=\"wp-block-embed-wordpress wp-block-embed is-type-wp-embed is-provider-blog-quanto-custa-viajar\"><div class=\"wp-block-embed__wrapper\">\n<blockquote class=\"wp-embedded-content\" data-secret=\"9MwKFNzFmN\"><a href=\"https:\/\/quantocustaviajar.com\/blog\/encantadora-laguna-em-sc\/\">Hist\u00f3ria, praias e botos moldam a encantadora Laguna, em SC<\/a><\/blockquote><iframe loading=\"lazy\" class=\"wp-embedded-content\" sandbox=\"allow-scripts\" security=\"restricted\" style=\"position: absolute; visibility: hidden;\" title=\"&#8220;Hist\u00f3ria, praias e botos moldam a encantadora Laguna, em SC&#8221; &#8212; Blog Quanto Custa Viajar\" src=\"https:\/\/quantocustaviajar.com\/blog\/encantadora-laguna-em-sc\/embed\/#?secret=h21lZgwQKU#?secret=9MwKFNzFmN\" data-secret=\"9MwKFNzFmN\" width=\"600\" height=\"338\" frameborder=\"0\" marginwidth=\"0\" marginheight=\"0\" scrolling=\"no\"><\/iframe>\n<\/div><\/figure>\n","protected":false},"excerpt":{"rendered":"<p>Na \u00fanica ilha mar\u00edtima do litoral ga\u00facho, quem manda s\u00e3o os lobos e os le\u00f5es marinhos. A Ilha dos Lobos \u00e9 um ref\u00fagio para os fofos mam\u00edferos que vivem nas \u00e1guas do Rio Grande do Sul e podem ser avistadas em passeios de barco.&nbsp; A pequena por\u00e7\u00e3o de rochas de origem vulc\u00e2nica, a cerca de [&hellip;]<\/p>\n","protected":false},"author":4,"featured_media":46147,"comment_status":"open","ping_status":"open","sticky":false,"template":"","format":"standard","meta":{"cybocfi_hide_featured_image":"","footnotes":""},"categories":[1437,1434],"tags":[300,240,206,111,843,2252,181,216,1433],"class_list":["post-46143","post","type-post","status-publish","format-standard","has-post-thumbnail","hentry","category-ao-ar-livre","category-descubra-brasil","tag-animais","tag-cidades","tag-ilhas","tag-natureza","tag-paisagens","tag-passeio-de-barco","tag-praias","tag-rio-grande-do-sul","tag-torres"],"blocksy_meta":[],"yoast_head":"<!-- This site is optimized with the Yoast SEO plugin v26.3 - https:\/\/yoast.com\/wordpress\/plugins\/seo\/ -->\n<title>Ilha dos Lobos: ref\u00fagio de lobos e le\u00f5es marinhos no RS - Blog Quanto Custa Viajar<\/title>\n<meta name=\"description\" content=\"A Ilha dos Lobos \u00e9 um ref\u00fagio para os fofos mam\u00edferos que vivem nas \u00e1guas do Rio Grande do Sul e podem ser avistadas em passeios de barco.\" \/>\n<meta name=\"robots\" content=\"index, follow, max-snippet:-1, max-image-preview:large, max-video-preview:-1\" \/>\n<link rel=\"canonical\" href=\"https:\/\/quantocustaviajar.com\/blog\/ilha-dos-lobos-torres-rio-grande-do-sul\/\" \/>\n<meta property=\"og:locale\" content=\"pt_BR\" \/>\n<meta property=\"og:type\" content=\"article\" \/>\n<meta property=\"og:title\" content=\"Ilha dos Lobos: ref\u00fagio de lobos e le\u00f5es marinhos no RS - Blog Quanto Custa Viajar\" \/>\n<meta property=\"og:description\" content=\"A Ilha dos Lobos \u00e9 um ref\u00fagio para os fofos mam\u00edferos que vivem nas \u00e1guas do Rio Grande do Sul e podem ser avistadas em passeios de barco.\" \/>\n<meta property=\"og:url\" content=\"https:\/\/quantocustaviajar.com\/blog\/ilha-dos-lobos-torres-rio-grande-do-sul\/\" \/>\n<meta property=\"og:site_name\" content=\"Blog Quanto Custa Viajar\" \/>\n<meta property=\"article:publisher\" content=\"https:\/\/www.facebook.com\/quantocustaviajar\" \/>\n<meta property=\"article:author\" content=\"https:\/\/www.facebook.com\/brunellapfvr\/posts\" \/>\n<meta property=\"article:published_time\" content=\"2021-01-02T20:59:34+00:00\" \/>\n<meta property=\"article:modified_time\" content=\"2021-01-02T20:59:43+00:00\" \/>\n<meta property=\"og:image\" content=\"https:\/\/quantocustaviajar.com\/blog\/wp-content\/uploads\/2020\/12\/ilha-dos-lobos-no-RS.jpg\" \/>\n\t<meta property=\"og:image:width\" content=\"4000\" \/>\n\t<meta property=\"og:image:height\" content=\"2250\" \/>\n\t<meta property=\"og:image:type\" content=\"image\/jpeg\" \/>\n<meta name=\"author\" content=\"Brunella Nunes\" \/>\n<meta name=\"twitter:card\" content=\"summary_large_image\" \/>\n<meta name=\"twitter:label1\" content=\"Escrito por\" \/>\n\t<meta name=\"twitter:data1\" content=\"Brunella Nunes\" \/>\n\t<meta name=\"twitter:label2\" content=\"Est. tempo de leitura\" \/>\n\t<meta name=\"twitter:data2\" content=\"4 minutos\" \/>\n<!-- \/ Yoast SEO plugin. -->","yoast_head_json":{"title":"Ilha dos Lobos: ref\u00fagio de lobos e le\u00f5es marinhos no RS - Blog Quanto Custa Viajar","description":"A Ilha dos Lobos \u00e9 um ref\u00fagio para os fofos mam\u00edferos que vivem nas \u00e1guas do Rio Grande do Sul e podem ser avistadas em passeios de barco.","robots":{"index":"index","follow":"follow","max-snippet":"max-snippet:-1","max-image-preview":"max-image-preview:large","max-video-preview":"max-video-preview:-1"},"canonical":"https:\/\/quantocustaviajar.com\/blog\/ilha-dos-lobos-torres-rio-grande-do-sul\/","og_locale":"pt_BR","og_type":"article","og_title":"Ilha dos Lobos: ref\u00fagio de lobos e le\u00f5es marinhos no RS - Blog Quanto Custa Viajar","og_description":"A Ilha dos Lobos \u00e9 um ref\u00fagio para os fofos mam\u00edferos que vivem nas \u00e1guas do Rio Grande do Sul e podem ser avistadas em passeios de barco.","og_url":"https:\/\/quantocustaviajar.com\/blog\/ilha-dos-lobos-torres-rio-grande-do-sul\/","og_site_name":"Blog Quanto Custa Viajar","article_publisher":"https:\/\/www.facebook.com\/quantocustaviajar","article_author":"https:\/\/www.facebook.com\/brunellapfvr\/posts","article_published_time":"2021-01-02T20:59:34+00:00","article_modified_time":"2021-01-02T20:59:43+00:00","og_image":[{"width":4000,"height":2250,"url":"https:\/\/quantocustaviajar.com\/blog\/wp-content\/uploads\/2020\/12\/ilha-dos-lobos-no-RS.jpg","type":"image\/jpeg"}],"author":"Brunella Nunes","twitter_card":"summary_large_image","twitter_misc":{"Escrito por":"Brunella Nunes","Est. tempo de leitura":"4 minutos"},"schema":{"@context":"https:\/\/schema.org","@graph":[{"@type":["Article","BlogPosting"],"@id":"https:\/\/quantocustaviajar.com\/blog\/ilha-dos-lobos-torres-rio-grande-do-sul\/#article","isPartOf":{"@id":"https:\/\/quantocustaviajar.com\/blog\/ilha-dos-lobos-torres-rio-grande-do-sul\/"},"author":{"name":"Brunella Nunes","@id":"https:\/\/quantocustaviajar.com\/blog\/#\/schema\/person\/1a6dd3da9d0c0a4be42652b67bea19bb"},"headline":"Ilha dos Lobos: ref\u00fagio de lobos e le\u00f5es marinhos no RS","datePublished":"2021-01-02T20:59:34+00:00","dateModified":"2021-01-02T20:59:43+00:00","mainEntityOfPage":{"@id":"https:\/\/quantocustaviajar.com\/blog\/ilha-dos-lobos-torres-rio-grande-do-sul\/"},"wordCount":746,"commentCount":1,"publisher":{"@id":"https:\/\/quantocustaviajar.com\/blog\/#organization"},"image":{"@id":"https:\/\/quantocustaviajar.com\/blog\/ilha-dos-lobos-torres-rio-grande-do-sul\/#primaryimage"},"thumbnailUrl":"https:\/\/quantocustaviajar.com\/blog\/wp-content\/uploads\/2020\/12\/ilha-dos-lobos-no-RS.jpg","keywords":["animais","cidades","ilhas","natureza","paisagens","passeio de barco","praias","Rio Grande do Sul","torres"],"articleSection":["Ao Ar Livre","Descubra o Brasil"],"inLanguage":"pt-BR","potentialAction":[{"@type":"CommentAction","name":"Comment","target":["https:\/\/quantocustaviajar.com\/blog\/ilha-dos-lobos-torres-rio-grande-do-sul\/#respond"]}]},{"@type":"WebPage","@id":"https:\/\/quantocustaviajar.com\/blog\/ilha-dos-lobos-torres-rio-grande-do-sul\/","url":"https:\/\/quantocustaviajar.com\/blog\/ilha-dos-lobos-torres-rio-grande-do-sul\/","name":"Ilha dos Lobos: ref\u00fagio de lobos e le\u00f5es marinhos no RS - Blog Quanto Custa Viajar","isPartOf":{"@id":"https:\/\/quantocustaviajar.com\/blog\/#website"},"primaryImageOfPage":{"@id":"https:\/\/quantocustaviajar.com\/blog\/ilha-dos-lobos-torres-rio-grande-do-sul\/#primaryimage"},"image":{"@id":"https:\/\/quantocustaviajar.com\/blog\/ilha-dos-lobos-torres-rio-grande-do-sul\/#primaryimage"},"thumbnailUrl":"https:\/\/quantocustaviajar.com\/blog\/wp-content\/uploads\/2020\/12\/ilha-dos-lobos-no-RS.jpg","datePublished":"2021-01-02T20:59:34+00:00","dateModified":"2021-01-02T20:59:43+00:00","description":"A Ilha dos Lobos \u00e9 um ref\u00fagio para os fofos mam\u00edferos que vivem nas \u00e1guas do Rio Grande do Sul e podem ser avistadas em passeios de barco.","breadcrumb":{"@id":"https:\/\/quantocustaviajar.com\/blog\/ilha-dos-lobos-torres-rio-grande-do-sul\/#breadcrumb"},"inLanguage":"pt-BR","potentialAction":[{"@type":"ReadAction","target":["https:\/\/quantocustaviajar.com\/blog\/ilha-dos-lobos-torres-rio-grande-do-sul\/"]}]},{"@type":"ImageObject","inLanguage":"pt-BR","@id":"https:\/\/quantocustaviajar.com\/blog\/ilha-dos-lobos-torres-rio-grande-do-sul\/#primaryimage","url":"https:\/\/quantocustaviajar.com\/blog\/wp-content\/uploads\/2020\/12\/ilha-dos-lobos-no-RS.jpg","contentUrl":"https:\/\/quantocustaviajar.com\/blog\/wp-content\/uploads\/2020\/12\/ilha-dos-lobos-no-RS.jpg","width":4000,"height":2250,"caption":"Foto: divulga\u00e7\u00e3o\/Prefeitura de Torres"},{"@type":"BreadcrumbList","@id":"https:\/\/quantocustaviajar.com\/blog\/ilha-dos-lobos-torres-rio-grande-do-sul\/#breadcrumb","itemListElement":[{"@type":"ListItem","position":1,"name":"In\u00edcio","item":"https:\/\/quantocustaviajar.com\/blog\/"},{"@type":"ListItem","position":2,"name":"Ilha dos Lobos: ref\u00fagio de lobos e le\u00f5es marinhos no RS"}]},{"@type":"WebSite","@id":"https:\/\/quantocustaviajar.com\/blog\/#website","url":"https:\/\/quantocustaviajar.com\/blog\/","name":"Blog Quanto Custa Viajar","description":"","publisher":{"@id":"https:\/\/quantocustaviajar.com\/blog\/#organization"},"potentialAction":[{"@type":"SearchAction","target":{"@type":"EntryPoint","urlTemplate":"https:\/\/quantocustaviajar.com\/blog\/?s={search_term_string}"},"query-input":{"@type":"PropertyValueSpecification","valueRequired":true,"valueName":"search_term_string"}}],"inLanguage":"pt-BR"},{"@type":"Organization","@id":"https:\/\/quantocustaviajar.com\/blog\/#organization","name":"Quanto Custa Viajar","url":"https:\/\/quantocustaviajar.com\/blog\/","logo":{"@type":"ImageObject","inLanguage":"pt-BR","@id":"https:\/\/quantocustaviajar.com\/blog\/#\/schema\/logo\/image\/","url":"","contentUrl":"","caption":"Quanto Custa Viajar"},"image":{"@id":"https:\/\/quantocustaviajar.com\/blog\/#\/schema\/logo\/image\/"},"sameAs":["https:\/\/www.facebook.com\/quantocustaviajar"]},{"@type":"Person","@id":"https:\/\/quantocustaviajar.com\/blog\/#\/schema\/person\/1a6dd3da9d0c0a4be42652b67bea19bb","name":"Brunella Nunes","image":{"@type":"ImageObject","inLanguage":"pt-BR","@id":"https:\/\/quantocustaviajar.com\/blog\/#\/schema\/person\/image\/","url":"https:\/\/secure.gravatar.com\/avatar\/05b28dfb8a3cc7ee0dba6feefa5677f05be6d7bf4b017728fd38499092f9c282?s=96&d=mm&r=g","contentUrl":"https:\/\/secure.gravatar.com\/avatar\/05b28dfb8a3cc7ee0dba6feefa5677f05be6d7bf4b017728fd38499092f9c282?s=96&d=mm&r=g","caption":"Brunella Nunes"},"description":"Quando n\u00e3o est\u00e1 viajando pelo mundo, est\u00e1 viajando nas ideias.","sameAs":["https:\/\/www.facebook.com\/brunellapfvr\/posts","https:\/\/www.linkedin.com\/in\/brunellanunes\/"],"url":"https:\/\/quantocustaviajar.com\/blog\/author\/equipe\/"}]}},"_links":{"self":[{"href":"https:\/\/quantocustaviajar.com\/blog\/wp-json\/wp\/v2\/posts\/46143","targetHints":{"allow":["GET"]}}],"collection":[{"href":"https:\/\/quantocustaviajar.com\/blog\/wp-json\/wp\/v2\/posts"}],"about":[{"href":"https:\/\/quantocustaviajar.com\/blog\/wp-json\/wp\/v2\/types\/post"}],"author":[{"embeddable":true,"href":"https:\/\/quantocustaviajar.com\/blog\/wp-json\/wp\/v2\/users\/4"}],"replies":[{"embeddable":true,"href":"https:\/\/quantocustaviajar.com\/blog\/wp-json\/wp\/v2\/comments?post=46143"}],"version-history":[{"count":2,"href":"https:\/\/quantocustaviajar.com\/blog\/wp-json\/wp\/v2\/posts\/46143\/revisions"}],"predecessor-version":[{"id":46478,"href":"https:\/\/quantocustaviajar.com\/blog\/wp-json\/wp\/v2\/posts\/46143\/revisions\/46478"}],"wp:featuredmedia":[{"embeddable":true,"href":"https:\/\/quantocustaviajar.com\/blog\/wp-json\/wp\/v2\/media\/46147"}],"wp:attachment":[{"href":"https:\/\/quantocustaviajar.com\/blog\/wp-json\/wp\/v2\/media?parent=46143"}],"wp:term":[{"taxonomy":"category","embeddable":true,"href":"https:\/\/quantocustaviajar.com\/blog\/wp-json\/wp\/v2\/categories?post=46143"},{"taxonomy":"post_tag","embeddable":true,"href":"https:\/\/quantocustaviajar.com\/blog\/wp-json\/wp\/v2\/tags?post=46143"}],"curies":[{"name":"wp","href":"https:\/\/api.w.org\/{rel}","templated":true}]}}