{"id":46082,"date":"2020-12-28T12:55:41","date_gmt":"2020-12-28T12:55:41","guid":{"rendered":"https:\/\/quantocustaviajar.com\/blog\/?p=46082"},"modified":"2020-12-28T12:55:47","modified_gmt":"2020-12-28T12:55:47","slug":"banho-azul-alagoas","status":"publish","type":"post","link":"https:\/\/quantocustaviajar.com\/blog\/banho-azul-alagoas\/","title":{"rendered":"Banho Azul \u00e9 o novo point &#8216;instagram\u00e1vel&#8217; de Alagoas"},"content":{"rendered":"\n<p>O Brasil \u00e9 dono de lugares t\u00e3o bonitos que parecem surreais, dif\u00edceis de acreditar. \u00c9 o caso do <strong>Banho Azul<\/strong>, o novo point \u2018instagram\u00e1vel\u2019 de <strong>Alagoas<\/strong>, onde a cor das \u00e1guas impressiona qualquer visitante.&nbsp;<\/p><div id=\"ez-toc-container\" class=\"ez-toc-v2_0_76 ez-toc-wrap-left counter-hierarchy ez-toc-counter ez-toc-light-blue ez-toc-container-direction\">\n<div class=\"ez-toc-title-container\">\n<p class=\"ez-toc-title\" style=\"cursor:inherit\">Aqui voc\u00ea ir\u00e1 encontrar<\/p>\n<span class=\"ez-toc-title-toggle\"><a href=\"#\" class=\"ez-toc-pull-right ez-toc-btn ez-toc-btn-xs ez-toc-btn-default ez-toc-toggle\" aria-label=\"Alternar tabela de conte\u00fado\"><span class=\"ez-toc-js-icon-con\"><span class=\"\"><span class=\"eztoc-hide\" style=\"display:none;\">Toggle<\/span><span class=\"ez-toc-icon-toggle-span\"><svg style=\"fill: #999;color:#999\" xmlns=\"http:\/\/www.w3.org\/2000\/svg\" class=\"list-377408\" width=\"20px\" height=\"20px\" viewBox=\"0 0 24 24\" fill=\"none\"><path d=\"M6 6H4v2h2V6zm14 0H8v2h12V6zM4 11h2v2H4v-2zm16 0H8v2h12v-2zM4 16h2v2H4v-2zm16 0H8v2h12v-2z\" fill=\"currentColor\"><\/path><\/svg><svg style=\"fill: #999;color:#999\" class=\"arrow-unsorted-368013\" xmlns=\"http:\/\/www.w3.org\/2000\/svg\" width=\"10px\" height=\"10px\" viewBox=\"0 0 24 24\" version=\"1.2\" baseProfile=\"tiny\"><path d=\"M18.2 9.3l-6.2-6.3-6.2 6.3c-.2.2-.3.4-.3.7s.1.5.3.7c.2.2.4.3.7.3h11c.3 0 .5-.1.7-.3.2-.2.3-.5.3-.7s-.1-.5-.3-.7zM5.8 14.7l6.2 6.3 6.2-6.3c.2-.2.3-.5.3-.7s-.1-.5-.3-.7c-.2-.2-.4-.3-.7-.3h-11c-.3 0-.5.1-.7.3-.2.2-.3.5-.3.7s.1.5.3.7z\"\/><\/svg><\/span><\/span><\/span><\/a><\/span><\/div>\n<nav><ul class='ez-toc-list ez-toc-list-level-1 ' ><li class='ez-toc-page-1 ez-toc-heading-level-2'><a class=\"ez-toc-link ez-toc-heading-1\" href=\"https:\/\/quantocustaviajar.com\/blog\/banho-azul-alagoas\/#Banho_Azul_em_Alagoas\" >Banho Azul em Alagoas<\/a><\/li><li class='ez-toc-page-1 ez-toc-heading-level-2'><a class=\"ez-toc-link ez-toc-heading-2\" href=\"https:\/\/quantocustaviajar.com\/blog\/banho-azul-alagoas\/#Cidade_das_Serras\" >Cidade das Serras<\/a><ul class='ez-toc-list-level-4' ><li class='ez-toc-heading-level-4'><ul class='ez-toc-list-level-4' ><li class='ez-toc-heading-level-4'><a class=\"ez-toc-link ez-toc-heading-3\" href=\"https:\/\/quantocustaviajar.com\/blog\/banho-azul-alagoas\/#Imagem_em_destaque_no_post_por_vandersonaraujo1\" >Imagem em destaque no post por @vandersonaraujo1<\/a><\/li><\/ul><\/li><\/ul><\/li><\/ul><\/nav><\/div>\n\n\n\n\n<p>O recanto natural faz parte de uma propriedade particular, o <strong>S\u00edtio Boca de Ouro<\/strong>, a apenas 10 km da pequena cidade de Boca da Mata\u200a\u2014\u200adestino de inverno dos alagoanos\u200a\u2014\u200ae a aproximadamente 1 hora de carro da capital <a aria-label=\" (abre numa nova aba)\" rel=\"noreferrer noopener\" href=\"https:\/\/quantocustaviajar.com\/brasil\/maceio\" target=\"_blank\">Macei\u00f3<\/a>.\u00a0O funcionamento \u00e9 das 7h \u00e0s 17h30 e paga-se R$ 5,00 de entrada por pessoa.<\/p>\n\n\n\n<h2 class=\"wp-block-heading\"><span class=\"ez-toc-section\" id=\"Banho_Azul_em_Alagoas\"><\/span>Banho Azul em Alagoas<span class=\"ez-toc-section-end\"><\/span><\/h2>\n\n\n\n<div class=\"wp-block-image\"><figure class=\"aligncenter\"><img loading=\"lazy\" decoding=\"async\" width=\"819\" height=\"1024\" src=\"https:\/\/quantocustaviajar.com\/blog\/wp-content\/uploads\/2020\/12\/banho-azul-819x1024.jpg\" alt=\"\" class=\"wp-image-46090\" srcset=\"https:\/\/quantocustaviajar.com\/blog\/wp-content\/uploads\/2020\/12\/banho-azul-819x1024.jpg 819w, https:\/\/quantocustaviajar.com\/blog\/wp-content\/uploads\/2020\/12\/banho-azul-240x300.jpg 240w, https:\/\/quantocustaviajar.com\/blog\/wp-content\/uploads\/2020\/12\/banho-azul-768x960.jpg 768w, https:\/\/quantocustaviajar.com\/blog\/wp-content\/uploads\/2020\/12\/banho-azul.jpg 864w\" sizes=\"auto, (max-width: 819px) 100vw, 819px\" \/><figcaption>Foto: Vanderson Ara\u00fajo\/@vandersonaraujo1<\/figcaption><\/figure><\/div>\n\n\n\n<p>\u00c9 chegando ao Bar Lourinho que se encontra o Banho Azul reluzindo no meio das \u00e1rvores tropicais. Por meio de tubula\u00e7\u00f5es, uma bica faz o trabalho de trazer a <strong>\u00e1gua extremamente azul clara, pura e gelada<\/strong> que nasce na mata para o deleite dos turistas, formando uma piscina natural.<\/p>\n\n\n\n<p><strong><a href=\"https:\/\/quantocustaviajar.com\/brasil\/maceio\/passagem-aerea\" target=\"_blank\" rel=\"noreferrer noopener\" aria-label=\"Encontre aqui sua passagem a\u00e9rea para Macei\u00f3 (abre numa nova aba)\">Encontre aqui sua passagem a\u00e9rea para Macei\u00f3<\/a><\/strong><\/p>\n\n\n\n<p>O local \u00e9 bem agrad\u00e1vel para passar algumas horas do dia, mas <strong>n\u00e3o conta com infraestrutura tur\u00edstica<\/strong>. Conv\u00e9m levar comes e bebes pr\u00e1ticos, lembrando sempre de recolher o lixo, mantendo este o\u00e1sis limpo como suas \u00e1guas.<\/p>\n\n\n\n<div class=\"wp-block-image\"><figure class=\"aligncenter\"><img loading=\"lazy\" decoding=\"async\" width=\"819\" height=\"1024\" src=\"https:\/\/quantocustaviajar.com\/blog\/wp-content\/uploads\/2020\/12\/banho-azul2-819x1024.jpg\" alt=\"\" class=\"wp-image-46089\" srcset=\"https:\/\/quantocustaviajar.com\/blog\/wp-content\/uploads\/2020\/12\/banho-azul2-819x1024.jpg 819w, https:\/\/quantocustaviajar.com\/blog\/wp-content\/uploads\/2020\/12\/banho-azul2-240x300.jpg 240w, https:\/\/quantocustaviajar.com\/blog\/wp-content\/uploads\/2020\/12\/banho-azul2-768x960.jpg 768w, https:\/\/quantocustaviajar.com\/blog\/wp-content\/uploads\/2020\/12\/banho-azul2.jpg 1080w\" sizes=\"auto, (max-width: 819px) 100vw, 819px\" \/><figcaption>Foto: Vanderson Ara\u00fajo\/@vandersonaraujo1<\/figcaption><\/figure><\/div>\n\n\n\n<p>O acesso pode ser feito tanto de carro quanto pela <strong>trilha ecol\u00f3gica de Santa Rita<\/strong>, que acaba atraindo os mochileiros e aventureiros. O caminho segue at\u00e9 o topo da Serra de Santa Rita, uma das mais belas do estado, que chega a 300 metros de altura, atraindo tamb\u00e9m fi\u00e9is em peregrina\u00e7\u00e3o durante a Semana Santa. Foi constru\u00eddo um <strong>mirante <\/strong>com vista para o munic\u00edpio e seus arredores.<\/p>\n\n\n\n<p><strong><a href=\"https:\/\/www.booking.com\/searchresults.pt-br.html?aid=2161834&amp;city=-652627&amp;sb_travel_purpose=leisure&amp;checkin_monthday=04&amp;checkin_month=01&amp;checkin_year=2021&amp;checkout_monthday=07&amp;checkout_month=01&amp;checkout_year=2021&amp;no_rooms=1&amp;group_adults=1&amp;group_children=0&amp;start=04%2F01%2F2021&amp;end=07%2F01%2F2021&amp;room1=A&amp;label=PFD\" target=\"_blank\" rel=\"noreferrer noopener\" aria-label=\" (abre numa nova aba)\">Pesquise hospedagem em Macei\u00f3<\/a><\/strong><\/p>\n\n\n\n<p>A trilha pode incluir tanto o Banho Azul quanto o <a rel=\"noreferrer noopener\" href=\"http:\/\/aguasdesaobento.com.br\/\" target=\"_blank\"><strong>Balne\u00e1rio \u00c1guas de S\u00e3o Bento<\/strong><\/a>, outro ponto tur\u00edstico muito procurado em Boca da Mata. O atrativo fica dentro de uma fazenda de 1.200 hectares, com remanescentes da Mata Atl\u00e2ntica.&nbsp;<\/p>\n\n\n\n<p>Cortada pelo rio Suma\u00fama, a propriedade conta com trilhas, bicas, piscinas adulto e infantil, e a\u00e7udes, onde vivem peixes das esp\u00e9cies tambaqui, vermelho e tra\u00edra. Um museu com mais de 1.000 esculturas de madeira talhada e quadras esportivas comp\u00f5em o restante da \u00e1rea de lazer.<\/p>\n\n\n\n<p>O p\u00fablico tamb\u00e9m pode fazer passeios a cavalo e de trem movido a trator, que passa pelos banhos, pela planta\u00e7\u00e3o de a\u00e7a\u00ed e pelos animais da fazenda. O funcionamento se inicia \u00e0s 8h, com caf\u00e9 da manh\u00e3 refor\u00e7ado servido na mesa. As atividades se encerram \u00e0s 17h.&nbsp;<\/p>\n\n\n\n<div class=\"wp-block-image\"><figure class=\"aligncenter\"><img loading=\"lazy\" decoding=\"async\" width=\"1024\" height=\"768\" src=\"https:\/\/quantocustaviajar.com\/blog\/wp-content\/uploads\/2020\/12\/balneario-aguas-de-sao-bento-1024x768.jpg\" alt=\"\" class=\"wp-image-46091\" srcset=\"https:\/\/quantocustaviajar.com\/blog\/wp-content\/uploads\/2020\/12\/balneario-aguas-de-sao-bento-1024x768.jpg 1024w, https:\/\/quantocustaviajar.com\/blog\/wp-content\/uploads\/2020\/12\/balneario-aguas-de-sao-bento-300x225.jpg 300w, https:\/\/quantocustaviajar.com\/blog\/wp-content\/uploads\/2020\/12\/balneario-aguas-de-sao-bento-768x576.jpg 768w, https:\/\/quantocustaviajar.com\/blog\/wp-content\/uploads\/2020\/12\/balneario-aguas-de-sao-bento-1920x1440.jpg 1920w, https:\/\/quantocustaviajar.com\/blog\/wp-content\/uploads\/2020\/12\/balneario-aguas-de-sao-bento.jpg 2048w\" sizes=\"auto, (max-width: 1024px) 100vw, 1024px\" \/><figcaption>Foto: divulga\u00e7\u00e3o\/Balne\u00e1rio \u00c1guas de S\u00e3o Bento<\/figcaption><\/figure><\/div>\n\n\n\n<div class=\"wp-block-image\"><figure class=\"aligncenter\"><img loading=\"lazy\" decoding=\"async\" width=\"819\" height=\"1024\" src=\"https:\/\/quantocustaviajar.com\/blog\/wp-content\/uploads\/2020\/12\/trilhas-em-boca-da-mata-819x1024.jpg\" alt=\"\" class=\"wp-image-46092\" srcset=\"https:\/\/quantocustaviajar.com\/blog\/wp-content\/uploads\/2020\/12\/trilhas-em-boca-da-mata-819x1024.jpg 819w, https:\/\/quantocustaviajar.com\/blog\/wp-content\/uploads\/2020\/12\/trilhas-em-boca-da-mata-240x300.jpg 240w, https:\/\/quantocustaviajar.com\/blog\/wp-content\/uploads\/2020\/12\/trilhas-em-boca-da-mata-768x960.jpg 768w, https:\/\/quantocustaviajar.com\/blog\/wp-content\/uploads\/2020\/12\/trilhas-em-boca-da-mata.jpg 1080w\" sizes=\"auto, (max-width: 819px) 100vw, 819px\" \/><figcaption>Foto: divulga\u00e7\u00e3o\/Balne\u00e1rio \u00c1guas de S\u00e3o Bento<\/figcaption><\/figure><\/div>\n\n\n\n<h2 class=\"wp-block-heading\"><span class=\"ez-toc-section\" id=\"Cidade_das_Serras\"><\/span>Cidade das Serras<span class=\"ez-toc-section-end\"><\/span><\/h2>\n\n\n\n<p>Nascida entre relevos, Boca da Mata \u00e9 conhecida como Cidade das Serras, atraindo adeptos de <strong>motocross <\/strong>que inclusive participam de maratonas cheias de adrenalina. O esporte radical \u00e9 oficializado no munic\u00edpio.<\/p>\n\n\n\n<p>Dentro do potencial ecotur\u00edstico, al\u00e9m do Banho Azul h\u00e1 <strong>outros destaques naturais <\/strong>que encantam os banhistas, como as bicas da Baixa Grande, do Arlindo e Quebra Carro. Todas ficam em \u00e1reas particulares, com acesso para visitantes passarem o dia.&nbsp;<\/p>\n\n\n\n<p>Se quiser esticar a viagem e a busca por lugares deslumbrantes, siga rumo \u00e0 <strong>Atalaia<\/strong>, onde fica o Santu\u00e1rio Ecol\u00f3gico Fazenda de Santa Tereza.&nbsp;<\/p>\n\n\n\n<figure class=\"wp-block-embed-youtube wp-block-embed is-type-video is-provider-youtube wp-embed-aspect-16-9 wp-has-aspect-ratio\"><div class=\"wp-block-embed__wrapper\">\nhttps:\/\/www.youtube.com\/watch?v=HVDx1aj5DTM\n<\/div><\/figure>\n\n\n\n<h4 class=\"wp-block-heading\"><span class=\"ez-toc-section\" id=\"Imagem_em_destaque_no_post_por_vandersonaraujo1\"><\/span>Imagem em destaque no post por <a href=\"http:\/\/instagram.com\/vandersonaraujo1\" target=\"_blank\" rel=\"noreferrer noopener\" aria-label=\" (abre numa nova aba)\">@vandersonaraujo1<\/a><span class=\"ez-toc-section-end\"><\/span><\/h4>\n\n\n\n<figure class=\"wp-block-embed-wordpress wp-block-embed is-type-wp-embed is-provider-blog-quanto-custa-viajar\"><div class=\"wp-block-embed__wrapper\">\n<blockquote class=\"wp-embedded-content\" data-secret=\"HUXrnK9i5X\"><a href=\"https:\/\/quantocustaviajar.com\/blog\/melhores-praias-de-alagoas\/\">As 15 melhores praias de Alagoas, considerada o Caribe brasileiro<\/a><\/blockquote><iframe loading=\"lazy\" class=\"wp-embedded-content\" sandbox=\"allow-scripts\" security=\"restricted\" style=\"position: absolute; visibility: hidden;\" title=\"&#8220;As 15 melhores praias de Alagoas, considerada o Caribe brasileiro&#8221; &#8212; Blog Quanto Custa Viajar\" src=\"https:\/\/quantocustaviajar.com\/blog\/melhores-praias-de-alagoas\/embed\/#?secret=K8SynH1Pyr#?secret=HUXrnK9i5X\" data-secret=\"HUXrnK9i5X\" width=\"600\" height=\"338\" frameborder=\"0\" marginwidth=\"0\" marginheight=\"0\" scrolling=\"no\"><\/iframe>\n<\/div><\/figure>\n","protected":false},"excerpt":{"rendered":"<p>O Brasil \u00e9 dono de lugares t\u00e3o bonitos que parecem surreais, dif\u00edceis de acreditar. \u00c9 o caso do Banho Azul, o novo point \u2018instagram\u00e1vel\u2019 de Alagoas, onde a cor das \u00e1guas impressiona qualquer visitante.&nbsp; O recanto natural faz parte de uma propriedade particular, o S\u00edtio Boca de Ouro, a apenas 10 km da pequena cidade [&hellip;]<\/p>\n","protected":false},"author":4,"featured_media":46088,"comment_status":"open","ping_status":"open","sticky":false,"template":"","format":"standard","meta":{"cybocfi_hide_featured_image":"","footnotes":""},"categories":[1437],"tags":[1373,415,467,2239,377,271,111],"class_list":["post-46082","post","type-post","status-publish","format-standard","has-post-thumbnail","hentry","category-ao-ar-livre","tag-alagoas","tag-belezas-naturais","tag-ecoturismo","tag-instagramavel","tag-lugares-surreais","tag-maceio","tag-natureza"],"blocksy_meta":[],"yoast_head":"<!-- This site is optimized with the Yoast SEO plugin v26.3 - https:\/\/yoast.com\/wordpress\/plugins\/seo\/ -->\n<title>Banho Azul em Alagoas \u00e9 o novo point &#039;instagram\u00e1vel&#039;<\/title>\n<meta name=\"description\" content=\"O Brasil tem lugares t\u00e3o bonitos que parecem surreais. \u00c9 o caso do Banho Azul, o novo point \u2018instagram\u00e1vel\u2019 de Alagoas, onde a cor das \u00e1guas impressionam.\" \/>\n<meta name=\"robots\" content=\"index, follow, max-snippet:-1, max-image-preview:large, max-video-preview:-1\" \/>\n<link rel=\"canonical\" href=\"https:\/\/quantocustaviajar.com\/blog\/banho-azul-alagoas\/\" \/>\n<meta property=\"og:locale\" content=\"pt_BR\" \/>\n<meta property=\"og:type\" content=\"article\" \/>\n<meta property=\"og:title\" content=\"Banho Azul em Alagoas \u00e9 o novo point &#039;instagram\u00e1vel&#039;\" \/>\n<meta property=\"og:description\" content=\"O Brasil tem lugares t\u00e3o bonitos que parecem surreais. \u00c9 o caso do Banho Azul, o novo point \u2018instagram\u00e1vel\u2019 de Alagoas, onde a cor das \u00e1guas impressionam.\" \/>\n<meta property=\"og:url\" content=\"https:\/\/quantocustaviajar.com\/blog\/banho-azul-alagoas\/\" \/>\n<meta property=\"og:site_name\" content=\"Blog Quanto Custa Viajar\" \/>\n<meta property=\"article:publisher\" content=\"https:\/\/www.facebook.com\/quantocustaviajar\" \/>\n<meta property=\"article:author\" content=\"https:\/\/www.facebook.com\/brunellapfvr\/posts\" \/>\n<meta property=\"article:published_time\" content=\"2020-12-28T12:55:41+00:00\" \/>\n<meta property=\"article:modified_time\" content=\"2020-12-28T12:55:47+00:00\" \/>\n<meta property=\"og:image\" content=\"https:\/\/quantocustaviajar.com\/blog\/wp-content\/uploads\/2020\/12\/banho-azul-alagoas.jpg\" \/>\n\t<meta property=\"og:image:width\" content=\"864\" \/>\n\t<meta property=\"og:image:height\" content=\"864\" \/>\n\t<meta property=\"og:image:type\" content=\"image\/jpeg\" \/>\n<meta name=\"author\" content=\"Brunella Nunes\" \/>\n<meta name=\"twitter:card\" content=\"summary_large_image\" \/>\n<meta name=\"twitter:label1\" content=\"Escrito por\" \/>\n\t<meta name=\"twitter:data1\" content=\"Brunella Nunes\" \/>\n\t<meta name=\"twitter:label2\" content=\"Est. tempo de leitura\" \/>\n\t<meta name=\"twitter:data2\" content=\"3 minutos\" \/>\n<!-- \/ Yoast SEO plugin. -->","yoast_head_json":{"title":"Banho Azul em Alagoas \u00e9 o novo point 'instagram\u00e1vel'","description":"O Brasil tem lugares t\u00e3o bonitos que parecem surreais. \u00c9 o caso do Banho Azul, o novo point \u2018instagram\u00e1vel\u2019 de Alagoas, onde a cor das \u00e1guas impressionam.","robots":{"index":"index","follow":"follow","max-snippet":"max-snippet:-1","max-image-preview":"max-image-preview:large","max-video-preview":"max-video-preview:-1"},"canonical":"https:\/\/quantocustaviajar.com\/blog\/banho-azul-alagoas\/","og_locale":"pt_BR","og_type":"article","og_title":"Banho Azul em Alagoas \u00e9 o novo point 'instagram\u00e1vel'","og_description":"O Brasil tem lugares t\u00e3o bonitos que parecem surreais. \u00c9 o caso do Banho Azul, o novo point \u2018instagram\u00e1vel\u2019 de Alagoas, onde a cor das \u00e1guas impressionam.","og_url":"https:\/\/quantocustaviajar.com\/blog\/banho-azul-alagoas\/","og_site_name":"Blog Quanto Custa Viajar","article_publisher":"https:\/\/www.facebook.com\/quantocustaviajar","article_author":"https:\/\/www.facebook.com\/brunellapfvr\/posts","article_published_time":"2020-12-28T12:55:41+00:00","article_modified_time":"2020-12-28T12:55:47+00:00","og_image":[{"width":864,"height":864,"url":"https:\/\/quantocustaviajar.com\/blog\/wp-content\/uploads\/2020\/12\/banho-azul-alagoas.jpg","type":"image\/jpeg"}],"author":"Brunella Nunes","twitter_card":"summary_large_image","twitter_misc":{"Escrito por":"Brunella Nunes","Est. tempo de leitura":"3 minutos"},"schema":{"@context":"https:\/\/schema.org","@graph":[{"@type":["Article","BlogPosting"],"@id":"https:\/\/quantocustaviajar.com\/blog\/banho-azul-alagoas\/#article","isPartOf":{"@id":"https:\/\/quantocustaviajar.com\/blog\/banho-azul-alagoas\/"},"author":{"name":"Brunella Nunes","@id":"https:\/\/quantocustaviajar.com\/blog\/#\/schema\/person\/1a6dd3da9d0c0a4be42652b67bea19bb"},"headline":"Banho Azul \u00e9 o novo point &#8216;instagram\u00e1vel&#8217; de Alagoas","datePublished":"2020-12-28T12:55:41+00:00","dateModified":"2020-12-28T12:55:47+00:00","mainEntityOfPage":{"@id":"https:\/\/quantocustaviajar.com\/blog\/banho-azul-alagoas\/"},"wordCount":572,"commentCount":1,"publisher":{"@id":"https:\/\/quantocustaviajar.com\/blog\/#organization"},"image":{"@id":"https:\/\/quantocustaviajar.com\/blog\/banho-azul-alagoas\/#primaryimage"},"thumbnailUrl":"https:\/\/quantocustaviajar.com\/blog\/wp-content\/uploads\/2020\/12\/banho-azul-alagoas.jpg","keywords":["Alagoas","belezas naturais","ecoturismo","instagram\u00e1vel","lugares surreais","Macei\u00f3","natureza"],"articleSection":["Ao Ar Livre"],"inLanguage":"pt-BR","potentialAction":[{"@type":"CommentAction","name":"Comment","target":["https:\/\/quantocustaviajar.com\/blog\/banho-azul-alagoas\/#respond"]}]},{"@type":"WebPage","@id":"https:\/\/quantocustaviajar.com\/blog\/banho-azul-alagoas\/","url":"https:\/\/quantocustaviajar.com\/blog\/banho-azul-alagoas\/","name":"Banho Azul em Alagoas \u00e9 o novo point 'instagram\u00e1vel'","isPartOf":{"@id":"https:\/\/quantocustaviajar.com\/blog\/#website"},"primaryImageOfPage":{"@id":"https:\/\/quantocustaviajar.com\/blog\/banho-azul-alagoas\/#primaryimage"},"image":{"@id":"https:\/\/quantocustaviajar.com\/blog\/banho-azul-alagoas\/#primaryimage"},"thumbnailUrl":"https:\/\/quantocustaviajar.com\/blog\/wp-content\/uploads\/2020\/12\/banho-azul-alagoas.jpg","datePublished":"2020-12-28T12:55:41+00:00","dateModified":"2020-12-28T12:55:47+00:00","description":"O Brasil tem lugares t\u00e3o bonitos que parecem surreais. \u00c9 o caso do Banho Azul, o novo point \u2018instagram\u00e1vel\u2019 de Alagoas, onde a cor das \u00e1guas impressionam.","breadcrumb":{"@id":"https:\/\/quantocustaviajar.com\/blog\/banho-azul-alagoas\/#breadcrumb"},"inLanguage":"pt-BR","potentialAction":[{"@type":"ReadAction","target":["https:\/\/quantocustaviajar.com\/blog\/banho-azul-alagoas\/"]}]},{"@type":"ImageObject","inLanguage":"pt-BR","@id":"https:\/\/quantocustaviajar.com\/blog\/banho-azul-alagoas\/#primaryimage","url":"https:\/\/quantocustaviajar.com\/blog\/wp-content\/uploads\/2020\/12\/banho-azul-alagoas.jpg","contentUrl":"https:\/\/quantocustaviajar.com\/blog\/wp-content\/uploads\/2020\/12\/banho-azul-alagoas.jpg","width":864,"height":864,"caption":"Foto: Vanderson Ara\u00fajo\/@vandersonaraujo1"},{"@type":"BreadcrumbList","@id":"https:\/\/quantocustaviajar.com\/blog\/banho-azul-alagoas\/#breadcrumb","itemListElement":[{"@type":"ListItem","position":1,"name":"In\u00edcio","item":"https:\/\/quantocustaviajar.com\/blog\/"},{"@type":"ListItem","position":2,"name":"Banho Azul \u00e9 o novo point &#8216;instagram\u00e1vel&#8217; de Alagoas"}]},{"@type":"WebSite","@id":"https:\/\/quantocustaviajar.com\/blog\/#website","url":"https:\/\/quantocustaviajar.com\/blog\/","name":"Blog Quanto Custa Viajar","description":"","publisher":{"@id":"https:\/\/quantocustaviajar.com\/blog\/#organization"},"potentialAction":[{"@type":"SearchAction","target":{"@type":"EntryPoint","urlTemplate":"https:\/\/quantocustaviajar.com\/blog\/?s={search_term_string}"},"query-input":{"@type":"PropertyValueSpecification","valueRequired":true,"valueName":"search_term_string"}}],"inLanguage":"pt-BR"},{"@type":"Organization","@id":"https:\/\/quantocustaviajar.com\/blog\/#organization","name":"Quanto Custa Viajar","url":"https:\/\/quantocustaviajar.com\/blog\/","logo":{"@type":"ImageObject","inLanguage":"pt-BR","@id":"https:\/\/quantocustaviajar.com\/blog\/#\/schema\/logo\/image\/","url":"","contentUrl":"","caption":"Quanto Custa Viajar"},"image":{"@id":"https:\/\/quantocustaviajar.com\/blog\/#\/schema\/logo\/image\/"},"sameAs":["https:\/\/www.facebook.com\/quantocustaviajar"]},{"@type":"Person","@id":"https:\/\/quantocustaviajar.com\/blog\/#\/schema\/person\/1a6dd3da9d0c0a4be42652b67bea19bb","name":"Brunella Nunes","image":{"@type":"ImageObject","inLanguage":"pt-BR","@id":"https:\/\/quantocustaviajar.com\/blog\/#\/schema\/person\/image\/","url":"https:\/\/secure.gravatar.com\/avatar\/05b28dfb8a3cc7ee0dba6feefa5677f05be6d7bf4b017728fd38499092f9c282?s=96&d=mm&r=g","contentUrl":"https:\/\/secure.gravatar.com\/avatar\/05b28dfb8a3cc7ee0dba6feefa5677f05be6d7bf4b017728fd38499092f9c282?s=96&d=mm&r=g","caption":"Brunella Nunes"},"description":"Quando n\u00e3o est\u00e1 viajando pelo mundo, est\u00e1 viajando nas ideias.","sameAs":["https:\/\/www.facebook.com\/brunellapfvr\/posts","https:\/\/www.linkedin.com\/in\/brunellanunes\/"],"url":"https:\/\/quantocustaviajar.com\/blog\/author\/equipe\/"}]}},"_links":{"self":[{"href":"https:\/\/quantocustaviajar.com\/blog\/wp-json\/wp\/v2\/posts\/46082","targetHints":{"allow":["GET"]}}],"collection":[{"href":"https:\/\/quantocustaviajar.com\/blog\/wp-json\/wp\/v2\/posts"}],"about":[{"href":"https:\/\/quantocustaviajar.com\/blog\/wp-json\/wp\/v2\/types\/post"}],"author":[{"embeddable":true,"href":"https:\/\/quantocustaviajar.com\/blog\/wp-json\/wp\/v2\/users\/4"}],"replies":[{"embeddable":true,"href":"https:\/\/quantocustaviajar.com\/blog\/wp-json\/wp\/v2\/comments?post=46082"}],"version-history":[{"count":4,"href":"https:\/\/quantocustaviajar.com\/blog\/wp-json\/wp\/v2\/posts\/46082\/revisions"}],"predecessor-version":[{"id":46358,"href":"https:\/\/quantocustaviajar.com\/blog\/wp-json\/wp\/v2\/posts\/46082\/revisions\/46358"}],"wp:featuredmedia":[{"embeddable":true,"href":"https:\/\/quantocustaviajar.com\/blog\/wp-json\/wp\/v2\/media\/46088"}],"wp:attachment":[{"href":"https:\/\/quantocustaviajar.com\/blog\/wp-json\/wp\/v2\/media?parent=46082"}],"wp:term":[{"taxonomy":"category","embeddable":true,"href":"https:\/\/quantocustaviajar.com\/blog\/wp-json\/wp\/v2\/categories?post=46082"},{"taxonomy":"post_tag","embeddable":true,"href":"https:\/\/quantocustaviajar.com\/blog\/wp-json\/wp\/v2\/tags?post=46082"}],"curies":[{"name":"wp","href":"https:\/\/api.w.org\/{rel}","templated":true}]}}