{"id":45864,"date":"2020-12-02T14:07:36","date_gmt":"2020-12-02T14:07:36","guid":{"rendered":"https:\/\/quantocustaviajar.com\/blog\/?p=45864"},"modified":"2020-12-02T14:07:45","modified_gmt":"2020-12-02T14:07:45","slug":"parque-vicentina-aranha-interior-de-sp","status":"publish","type":"post","link":"https:\/\/quantocustaviajar.com\/blog\/parque-vicentina-aranha-interior-de-sp\/","title":{"rendered":"Parque Vicentina Aranha brilha no interior de SP"},"content":{"rendered":"\n<p>Quem diria que um dos primeiros sanat\u00f3rios do pa\u00eds se transformaria em um polo cultural gratuito. O <strong>Parque Vicentina Aranha<\/strong> esbanja toda a sua beleza natural e preserva\u00e7\u00e3o arquitet\u00f4nica no <strong>interior de SP<\/strong>, atraindo pessoas do estado inteiro.<\/p><div id=\"ez-toc-container\" class=\"ez-toc-v2_0_76 ez-toc-wrap-left counter-hierarchy ez-toc-counter ez-toc-light-blue ez-toc-container-direction\">\n<div class=\"ez-toc-title-container\">\n<p class=\"ez-toc-title\" style=\"cursor:inherit\">Aqui voc\u00ea ir\u00e1 encontrar<\/p>\n<span class=\"ez-toc-title-toggle\"><a href=\"#\" class=\"ez-toc-pull-right ez-toc-btn ez-toc-btn-xs ez-toc-btn-default ez-toc-toggle\" aria-label=\"Alternar tabela de conte\u00fado\"><span class=\"ez-toc-js-icon-con\"><span class=\"\"><span class=\"eztoc-hide\" style=\"display:none;\">Toggle<\/span><span class=\"ez-toc-icon-toggle-span\"><svg style=\"fill: #999;color:#999\" xmlns=\"http:\/\/www.w3.org\/2000\/svg\" class=\"list-377408\" width=\"20px\" height=\"20px\" viewBox=\"0 0 24 24\" fill=\"none\"><path d=\"M6 6H4v2h2V6zm14 0H8v2h12V6zM4 11h2v2H4v-2zm16 0H8v2h12v-2zM4 16h2v2H4v-2zm16 0H8v2h12v-2z\" fill=\"currentColor\"><\/path><\/svg><svg style=\"fill: #999;color:#999\" class=\"arrow-unsorted-368013\" xmlns=\"http:\/\/www.w3.org\/2000\/svg\" width=\"10px\" height=\"10px\" viewBox=\"0 0 24 24\" version=\"1.2\" baseProfile=\"tiny\"><path d=\"M18.2 9.3l-6.2-6.3-6.2 6.3c-.2.2-.3.4-.3.7s.1.5.3.7c.2.2.4.3.7.3h11c.3 0 .5-.1.7-.3.2-.2.3-.5.3-.7s-.1-.5-.3-.7zM5.8 14.7l6.2 6.3 6.2-6.3c.2-.2.3-.5.3-.7s-.1-.5-.3-.7c-.2-.2-.4-.3-.7-.3h-11c-.3 0-.5.1-.7.3-.2.2-.3.5-.3.7s.1.5.3.7z\"\/><\/svg><\/span><\/span><\/span><\/a><\/span><\/div>\n<nav><ul class='ez-toc-list ez-toc-list-level-1 ' ><li class='ez-toc-page-1 ez-toc-heading-level-2'><a class=\"ez-toc-link ez-toc-heading-1\" href=\"https:\/\/quantocustaviajar.com\/blog\/parque-vicentina-aranha-interior-de-sp\/#Visitacao_no_Parque_Vicentina_Aranha\" >Visita\u00e7\u00e3o no Parque Vicentina Aranha<\/a><ul class='ez-toc-list-level-3' ><li class='ez-toc-heading-level-3'><a class=\"ez-toc-link ez-toc-heading-2\" href=\"https:\/\/quantocustaviajar.com\/blog\/parque-vicentina-aranha-interior-de-sp\/#Esticando_o_passeio\" >Esticando o passeio<\/a><ul class='ez-toc-list-level-4' ><li class='ez-toc-heading-level-4'><a class=\"ez-toc-link ez-toc-heading-3\" href=\"https:\/\/quantocustaviajar.com\/blog\/parque-vicentina-aranha-interior-de-sp\/#Aproveite_a_viagem_Para_consultar_hospedagem_clique_aqui\" >Aproveite a viagem! Para consultar hospedagem, clique aqui.<\/a><\/li><\/ul><\/li><\/ul><\/li><\/ul><\/nav><\/div>\n\n\n\n\n<p>Tido como patrim\u00f4nio hist\u00f3rico de <strong>S\u00e3o Jos\u00e9 dos Campos<\/strong>, o complexo de 84.500 metros quadrados tem <strong>80% de \u00e1rea verde<\/strong>, incluindo jardins ornamentados ao redor dos edif\u00edcios projetados por <strong>Ramos de Azevedo<\/strong>, um dos maiores arquitetos brasileiros do s\u00e9culo 20. <\/p>\n\n\n\n<div class=\"wp-block-image\"><figure class=\"aligncenter\"><img loading=\"lazy\" decoding=\"async\" width=\"1024\" height=\"768\" src=\"https:\/\/quantocustaviajar.com\/blog\/wp-content\/uploads\/2020\/11\/parque-vicentina-aranha3-1024x768.jpg\" alt=\"\" class=\"wp-image-45891\" srcset=\"https:\/\/quantocustaviajar.com\/blog\/wp-content\/uploads\/2020\/11\/parque-vicentina-aranha3-1024x768.jpg 1024w, https:\/\/quantocustaviajar.com\/blog\/wp-content\/uploads\/2020\/11\/parque-vicentina-aranha3-300x225.jpg 300w, https:\/\/quantocustaviajar.com\/blog\/wp-content\/uploads\/2020\/11\/parque-vicentina-aranha3-768x576.jpg 768w, https:\/\/quantocustaviajar.com\/blog\/wp-content\/uploads\/2020\/11\/parque-vicentina-aranha3.jpg 1280w\" sizes=\"auto, (max-width: 1024px) 100vw, 1024px\" \/><\/figure><\/div>\n\n\n\n<p>Os pavilh\u00f5es inaugurados pela Santa Casa da Miseric\u00f3rdia em 1924 abrigaram o sanat\u00f3rio Vicentina Aranha, que chegou tamb\u00e9m a ser um dos maiores centros de tratamento de tuberculose da Am\u00e9rica Latina. As condi\u00e7\u00f5es clim\u00e1ticas do munic\u00edpio favoreciam os pacientes com doen\u00e7as respirat\u00f3rias. <\/p>\n\n\n\n<p>Passada a amargura das d\u00e9cadas de abandono, os pr\u00e9dios foram novamente ocupados a partir de 2006, quando a Prefeitura da cidade investiu na reabertura do lugar, enquanto a Organiza\u00e7\u00e3o Social AJFAC \u2013 Associa\u00e7\u00e3o Joseense para o Fomento da Arte e da Cultura cumpre com a gest\u00e3o e recupera\u00e7\u00e3o da arquitetura, que segue em restauro at\u00e9 os dias atuais. <\/p>\n\n\n\n<p>A partir de ent\u00e3o o local passou a ter uma intensa programa\u00e7\u00e3o cultural, permeada por atra\u00e7\u00f5es musicais, cinema, teatro, arte e hist\u00f3ria. Al\u00e9m disso tamb\u00e9m possui pistas para caminhadas, promovendo exerc\u00edcios e atividades esportivas ao ar livre, que resultam em mais qualidade de vida.  <\/p>\n\n\n\n<div class=\"wp-block-image\"><figure class=\"aligncenter\"><img loading=\"lazy\" decoding=\"async\" width=\"976\" height=\"500\" src=\"https:\/\/quantocustaviajar.com\/blog\/wp-content\/uploads\/2020\/11\/parque-vicentina-aranha-sp.jpg\" alt=\"\" class=\"wp-image-45892\" srcset=\"https:\/\/quantocustaviajar.com\/blog\/wp-content\/uploads\/2020\/11\/parque-vicentina-aranha-sp.jpg 976w, https:\/\/quantocustaviajar.com\/blog\/wp-content\/uploads\/2020\/11\/parque-vicentina-aranha-sp-300x154.jpg 300w, https:\/\/quantocustaviajar.com\/blog\/wp-content\/uploads\/2020\/11\/parque-vicentina-aranha-sp-768x393.jpg 768w\" sizes=\"auto, (max-width: 976px) 100vw, 976px\" \/><\/figure><\/div>\n\n\n\n<div class=\"wp-block-image\"><figure class=\"aligncenter\"><img loading=\"lazy\" decoding=\"async\" width=\"1024\" height=\"768\" src=\"https:\/\/quantocustaviajar.com\/blog\/wp-content\/uploads\/2020\/11\/parque-vicentina-aranha5-1024x768.jpg\" alt=\"\" class=\"wp-image-45890\" srcset=\"https:\/\/quantocustaviajar.com\/blog\/wp-content\/uploads\/2020\/11\/parque-vicentina-aranha5-1024x768.jpg 1024w, https:\/\/quantocustaviajar.com\/blog\/wp-content\/uploads\/2020\/11\/parque-vicentina-aranha5-300x225.jpg 300w, https:\/\/quantocustaviajar.com\/blog\/wp-content\/uploads\/2020\/11\/parque-vicentina-aranha5-768x576.jpg 768w, https:\/\/quantocustaviajar.com\/blog\/wp-content\/uploads\/2020\/11\/parque-vicentina-aranha5.jpg 1280w\" sizes=\"auto, (max-width: 1024px) 100vw, 1024px\" \/><\/figure><\/div>\n\n\n\n<p>Cerca de 3.000 \u00e1rvores de 100 esp\u00e9cies circundam o Parque Vicentina Aranha, entre jatob\u00e1s, imba\u00fabas ip\u00eas, quaresmeiras, palmeiras, abacateiros, mangueiras e laranjeiras. A presen\u00e7a de animais acaba encantando as crian\u00e7as, que brincam entre marrecos, coelhos, galinhas de Angola e perus. <\/p>\n\n\n\n<p>No mesmo terreno se encontra ainda a Capela Sagrado Cora\u00e7\u00e3o de Jesus, inaugurada em 1935. Constru\u00edda em estilo ecl\u00e9tico para acalantar os cora\u00e7\u00f5es de pacientes e funcion\u00e1rios do sanat\u00f3rio, segue em funcionamento at\u00e9 hoje, promovendo missas e casamentos. <\/p>\n\n\n\n<div class=\"wp-block-image\"><figure class=\"aligncenter\"><img loading=\"lazy\" decoding=\"async\" width=\"900\" height=\"600\" src=\"https:\/\/quantocustaviajar.com\/blog\/wp-content\/uploads\/2020\/11\/parque-vicentina-aranha8.jpg\" alt=\"\" class=\"wp-image-45886\" srcset=\"https:\/\/quantocustaviajar.com\/blog\/wp-content\/uploads\/2020\/11\/parque-vicentina-aranha8.jpg 900w, https:\/\/quantocustaviajar.com\/blog\/wp-content\/uploads\/2020\/11\/parque-vicentina-aranha8-300x200.jpg 300w, https:\/\/quantocustaviajar.com\/blog\/wp-content\/uploads\/2020\/11\/parque-vicentina-aranha8-768x512.jpg 768w\" sizes=\"auto, (max-width: 900px) 100vw, 900px\" \/><figcaption>Foto: divulga\u00e7\u00e3o<\/figcaption><\/figure><\/div>\n\n\n\n<ul class=\"wp-block-gallery columns-2 is-cropped wp-block-gallery-1 is-layout-flex wp-block-gallery-is-layout-flex\"><li class=\"blocks-gallery-item\"><figure><img loading=\"lazy\" decoding=\"async\" width=\"1024\" height=\"1024\" src=\"https:\/\/quantocustaviajar.com\/blog\/wp-content\/uploads\/2020\/11\/parque-vicentina-aranha6-1024x1024.jpg\" alt=\"\" data-id=\"45888\" data-link=\"https:\/\/quantocustaviajar.com\/blog\/?attachment_id=45888\" class=\"wp-image-45888\" srcset=\"https:\/\/quantocustaviajar.com\/blog\/wp-content\/uploads\/2020\/11\/parque-vicentina-aranha6-1024x1024.jpg 1024w, https:\/\/quantocustaviajar.com\/blog\/wp-content\/uploads\/2020\/11\/parque-vicentina-aranha6-150x150.jpg 150w, https:\/\/quantocustaviajar.com\/blog\/wp-content\/uploads\/2020\/11\/parque-vicentina-aranha6-300x300.jpg 300w, https:\/\/quantocustaviajar.com\/blog\/wp-content\/uploads\/2020\/11\/parque-vicentina-aranha6-768x768.jpg 768w, https:\/\/quantocustaviajar.com\/blog\/wp-content\/uploads\/2020\/11\/parque-vicentina-aranha6.jpg 1440w\" sizes=\"auto, (max-width: 1024px) 100vw, 1024px\" \/><figcaption>Foto: divulga\u00e7\u00e3o<\/figcaption><\/figure><\/li><li class=\"blocks-gallery-item\"><figure><img loading=\"lazy\" decoding=\"async\" width=\"960\" height=\"960\" src=\"https:\/\/quantocustaviajar.com\/blog\/wp-content\/uploads\/2020\/11\/parque-vicentina-aranha4.jpg\" alt=\"\" data-id=\"45889\" data-link=\"https:\/\/quantocustaviajar.com\/blog\/?attachment_id=45889\" class=\"wp-image-45889\" srcset=\"https:\/\/quantocustaviajar.com\/blog\/wp-content\/uploads\/2020\/11\/parque-vicentina-aranha4.jpg 960w, https:\/\/quantocustaviajar.com\/blog\/wp-content\/uploads\/2020\/11\/parque-vicentina-aranha4-150x150.jpg 150w, https:\/\/quantocustaviajar.com\/blog\/wp-content\/uploads\/2020\/11\/parque-vicentina-aranha4-300x300.jpg 300w, https:\/\/quantocustaviajar.com\/blog\/wp-content\/uploads\/2020\/11\/parque-vicentina-aranha4-768x768.jpg 768w\" sizes=\"auto, (max-width: 960px) 100vw, 960px\" \/><figcaption>Foto: divulga\u00e7\u00e3o<\/figcaption><\/figure><\/li><\/ul>\n\n\n\n<h2 class=\"wp-block-heading\"><span class=\"ez-toc-section\" id=\"Visitacao_no_Parque_Vicentina_Aranha\"><\/span>Visita\u00e7\u00e3o no Parque Vicentina Aranha<span class=\"ez-toc-section-end\"><\/span><\/h2>\n\n\n\n<p>Mesmo em per\u00edodo de coronav\u00edrus, o parque encontra-se atualmente reaberto, funcionando todos os dias das 6h \u00e0s 17h, sem programa\u00e7\u00e3o cultural. As <a rel=\"noreferrer noopener\" aria-label=\"visitas monitoradas (abre numa nova aba)\" href=\"http:\/\/www.pqvicentinaaranha.org.br\/visita-monitorada\" target=\"_blank\">visitas monitoradas<\/a> por um historiador devem ser agendadas previamente.<\/p>\n\n\n\n<p>Uso obrigat\u00f3rio de m\u00e1scara. Banheiros e bebedouros est\u00e3o desativados para uso p\u00fablico. N\u00e3o \u00e9 permitido fazer eventos e demais aglomera\u00e7\u00f5es.<\/p>\n\n\n\n<p>Fica na Rua Prudente M Moraes, 302 &#8211; Vila Adyana, em S\u00e3o Jos\u00e9 dos Campos\/SP. <\/p>\n\n\n\n<div class=\"wp-block-image\"><figure class=\"aligncenter\"><img loading=\"lazy\" decoding=\"async\" width=\"1000\" height=\"667\" src=\"https:\/\/quantocustaviajar.com\/blog\/wp-content\/uploads\/2020\/11\/parque-vicentina-aranha7.jpg\" alt=\"\" class=\"wp-image-45887\" srcset=\"https:\/\/quantocustaviajar.com\/blog\/wp-content\/uploads\/2020\/11\/parque-vicentina-aranha7.jpg 1000w, https:\/\/quantocustaviajar.com\/blog\/wp-content\/uploads\/2020\/11\/parque-vicentina-aranha7-300x200.jpg 300w, https:\/\/quantocustaviajar.com\/blog\/wp-content\/uploads\/2020\/11\/parque-vicentina-aranha7-768x512.jpg 768w\" sizes=\"auto, (max-width: 1000px) 100vw, 1000px\" \/><figcaption>Foto: divulga\u00e7\u00e3o<\/figcaption><\/figure><\/div>\n\n\n\n<figure class=\"wp-block-embed-youtube aligncenter wp-block-embed is-type-video is-provider-youtube wp-embed-aspect-16-9 wp-has-aspect-ratio\"><div class=\"wp-block-embed__wrapper\">\n<iframe loading=\"lazy\" title=\"Institucional Parque Vicentina Aranha\" width=\"1290\" height=\"726\" src=\"https:\/\/www.youtube.com\/embed\/SuEXUskArOk?feature=oembed\" frameborder=\"0\" allow=\"accelerometer; autoplay; clipboard-write; encrypted-media; gyroscope; picture-in-picture; web-share\" referrerpolicy=\"strict-origin-when-cross-origin\" allowfullscreen><\/iframe>\n<\/div><\/figure>\n\n\n\n<h3 class=\"wp-block-heading\"><span class=\"ez-toc-section\" id=\"Esticando_o_passeio\"><\/span>Esticando o passeio<span class=\"ez-toc-section-end\"><\/span><\/h3>\n\n\n\n<p>Pertinho de S\u00e3o Paulo capital, S\u00e3o Jos\u00e9 dos Campos tem muitos outros atrativos a oferecer. A Pra\u00e7a Ulisses Guimar\u00e3es, o parque Alberto Sim\u00f5es, o Parque Santos Dumont e o Parque da Cidade Roberto Burle Marx s\u00e3o outras op\u00e7\u00f5es para agrad\u00e1veis passeios ao ar livre. <\/p>\n\n\n\n<p>J\u00e1 o parque aqu\u00e1tico <strong>Thermas do Vale<\/strong> oferece divers\u00e3o nas \u00e1guas, com atra\u00e7\u00f5es para toda a fam\u00edlia. V\u00e1rias piscinas, tobo\u00e1guas, praia artificial, rio lento e chuveiros divertem o p\u00fablico, que paga entre R$ 40 e R$ 70 no ingresso.<\/p>\n\n\n\n<p>A partir do deck da Anchieta se observa boa parte da cidade na chamada <strong>Vista do Banhado<\/strong>. \u00c9 o principal cart\u00e3o postal do munic\u00edpio, onde o sol nasce e se p\u00f5e com todo o seu esplendor.<\/p>\n\n\n\n<p>A cidade tamb\u00e9m tem \u00f3timas<strong> op\u00e7\u00f5es gastron\u00f4micas<\/strong>, como os restaurantes Mr. Moo, Avelina Bar, Canteiros e Temperos, Panela Mineira e Bar Coronel. J\u00e1 entre as cafeterias destacamos as charmosas Cafeteria S\u00e3o Bento, o Fika Caf\u00e9s Especiais, o Jardim do Caf\u00e9 e o Caf\u00e9 da Mata.<\/p>\n\n\n\n<h4 class=\"wp-block-heading\"><span class=\"ez-toc-section\" id=\"Aproveite_a_viagem_Para_consultar_hospedagem_clique_aqui\"><\/span>Aproveite a viagem! Para consultar hospedagem, <a href=\"https:\/\/www.booking.com\/index.pt-br.html?aid=2161834\" target=\"_blank\" rel=\"noreferrer noopener\" aria-label=\"clique aqui (abre numa nova aba)\">clique aqui<\/a>.<span class=\"ez-toc-section-end\"><\/span><\/h4>\n\n\n\n<div class=\"wp-block-image\"><figure class=\"aligncenter\"><img loading=\"lazy\" decoding=\"async\" width=\"1024\" height=\"576\" src=\"https:\/\/quantocustaviajar.com\/blog\/wp-content\/uploads\/2020\/11\/thermas-do-vale-sjc-1024x576.jpg\" alt=\"\" class=\"wp-image-45898\" srcset=\"https:\/\/quantocustaviajar.com\/blog\/wp-content\/uploads\/2020\/11\/thermas-do-vale-sjc-1024x576.jpg 1024w, https:\/\/quantocustaviajar.com\/blog\/wp-content\/uploads\/2020\/11\/thermas-do-vale-sjc-300x169.jpg 300w, https:\/\/quantocustaviajar.com\/blog\/wp-content\/uploads\/2020\/11\/thermas-do-vale-sjc-768x432.jpg 768w, https:\/\/quantocustaviajar.com\/blog\/wp-content\/uploads\/2020\/11\/thermas-do-vale-sjc.jpg 1280w\" sizes=\"auto, (max-width: 1024px) 100vw, 1024px\" \/><figcaption>Foto: divulga\u00e7\u00e3o<\/figcaption><\/figure><\/div>\n\n\n\n<figure class=\"wp-block-embed-wordpress wp-block-embed is-type-wp-embed is-provider-blog-quanto-custa-viajar\"><div class=\"wp-block-embed__wrapper\">\n<blockquote class=\"wp-embedded-content\" data-secret=\"oAD2xkJZNx\"><a href=\"https:\/\/quantocustaviajar.com\/blog\/lugares-para-conhecer-no-interior-de-sao-paulo\/\">Lugares para conhecer no interior de S\u00e3o Paulo em viagens r\u00e1pidas\u00a0<\/a><\/blockquote><iframe loading=\"lazy\" class=\"wp-embedded-content\" sandbox=\"allow-scripts\" security=\"restricted\" style=\"position: absolute; visibility: hidden;\" title=\"&#8220;Lugares para conhecer no interior de S\u00e3o Paulo em viagens r\u00e1pidas\u00a0&#8221; &#8212; Blog Quanto Custa Viajar\" src=\"https:\/\/quantocustaviajar.com\/blog\/lugares-para-conhecer-no-interior-de-sao-paulo\/embed\/#?secret=TiLMlDTeEs#?secret=oAD2xkJZNx\" data-secret=\"oAD2xkJZNx\" width=\"600\" height=\"338\" frameborder=\"0\" marginwidth=\"0\" marginheight=\"0\" scrolling=\"no\"><\/iframe>\n<\/div><\/figure>\n","protected":false},"excerpt":{"rendered":"<p>Quem diria que um dos primeiros sanat\u00f3rios do pa\u00eds se transformaria em um polo cultural gratuito. O Parque Vicentina Aranha esbanja toda a sua beleza natural e preserva\u00e7\u00e3o arquitet\u00f4nica no interior de SP, atraindo pessoas do estado inteiro. Tido como patrim\u00f4nio hist\u00f3rico de S\u00e3o Jos\u00e9 dos Campos, o complexo de 84.500 metros quadrados tem 80% [&hellip;]<\/p>\n","protected":false},"author":4,"featured_media":45882,"comment_status":"open","ping_status":"open","sticky":false,"template":"","format":"standard","meta":{"cybocfi_hide_featured_image":"","footnotes":""},"categories":[1437,1434],"tags":[706,2526,1005,111,529,132,1152,1431],"class_list":["post-45864","post","type-post","status-publish","format-standard","has-post-thumbnail","hentry","category-ao-ar-livre","category-descubra-brasil","tag-bate-volta","tag-interior-de-sao-paulo","tag-lugares-diferentes","tag-natureza","tag-onde-ir","tag-parque","tag-passeios-gratuitos","tag-saopaulo"],"blocksy_meta":[],"yoast_head":"<!-- This site is optimized with the Yoast SEO plugin v26.3 - https:\/\/yoast.com\/wordpress\/plugins\/seo\/ -->\n<title>Parque Vicentina Aranha brilha no interior de SP - Blog Quanto Custa Viajar<\/title>\n<meta name=\"description\" content=\"O que antes era um dos primeiros sanat\u00f3rios do pa\u00eds \u00e9 hoje um ref\u00fagio de belezas naturais e arquitet\u00f4nicas. Conhe\u00e7a o Parque Vicentina Aranha, em SP!\" \/>\n<meta name=\"robots\" content=\"index, follow, max-snippet:-1, max-image-preview:large, max-video-preview:-1\" \/>\n<link rel=\"canonical\" href=\"https:\/\/quantocustaviajar.com\/blog\/parque-vicentina-aranha-interior-de-sp\/\" \/>\n<meta property=\"og:locale\" content=\"pt_BR\" \/>\n<meta property=\"og:type\" content=\"article\" \/>\n<meta property=\"og:title\" content=\"Parque Vicentina Aranha brilha no interior de SP - Blog Quanto Custa Viajar\" \/>\n<meta property=\"og:description\" content=\"O que antes era um dos primeiros sanat\u00f3rios do pa\u00eds \u00e9 hoje um ref\u00fagio de belezas naturais e arquitet\u00f4nicas. Conhe\u00e7a o Parque Vicentina Aranha, em SP!\" \/>\n<meta property=\"og:url\" content=\"https:\/\/quantocustaviajar.com\/blog\/parque-vicentina-aranha-interior-de-sp\/\" \/>\n<meta property=\"og:site_name\" content=\"Blog Quanto Custa Viajar\" \/>\n<meta property=\"article:publisher\" content=\"https:\/\/www.facebook.com\/quantocustaviajar\" \/>\n<meta property=\"article:author\" content=\"https:\/\/www.facebook.com\/brunellapfvr\/posts\" \/>\n<meta property=\"article:published_time\" content=\"2020-12-02T14:07:36+00:00\" \/>\n<meta property=\"article:modified_time\" content=\"2020-12-02T14:07:45+00:00\" \/>\n<meta property=\"og:image\" content=\"https:\/\/quantocustaviajar.com\/blog\/wp-content\/uploads\/2020\/11\/parque-vicentina-aranha.jpg\" \/>\n\t<meta property=\"og:image:width\" content=\"865\" \/>\n\t<meta property=\"og:image:height\" content=\"500\" \/>\n\t<meta property=\"og:image:type\" content=\"image\/jpeg\" \/>\n<meta name=\"author\" content=\"Brunella Nunes\" \/>\n<meta name=\"twitter:card\" content=\"summary_large_image\" \/>\n<meta name=\"twitter:label1\" content=\"Escrito por\" \/>\n\t<meta name=\"twitter:data1\" content=\"Brunella Nunes\" \/>\n\t<meta name=\"twitter:label2\" content=\"Est. tempo de leitura\" \/>\n\t<meta name=\"twitter:data2\" content=\"3 minutos\" \/>\n<!-- \/ Yoast SEO plugin. -->","yoast_head_json":{"title":"Parque Vicentina Aranha brilha no interior de SP - Blog Quanto Custa Viajar","description":"O que antes era um dos primeiros sanat\u00f3rios do pa\u00eds \u00e9 hoje um ref\u00fagio de belezas naturais e arquitet\u00f4nicas. Conhe\u00e7a o Parque Vicentina Aranha, em SP!","robots":{"index":"index","follow":"follow","max-snippet":"max-snippet:-1","max-image-preview":"max-image-preview:large","max-video-preview":"max-video-preview:-1"},"canonical":"https:\/\/quantocustaviajar.com\/blog\/parque-vicentina-aranha-interior-de-sp\/","og_locale":"pt_BR","og_type":"article","og_title":"Parque Vicentina Aranha brilha no interior de SP - Blog Quanto Custa Viajar","og_description":"O que antes era um dos primeiros sanat\u00f3rios do pa\u00eds \u00e9 hoje um ref\u00fagio de belezas naturais e arquitet\u00f4nicas. Conhe\u00e7a o Parque Vicentina Aranha, em SP!","og_url":"https:\/\/quantocustaviajar.com\/blog\/parque-vicentina-aranha-interior-de-sp\/","og_site_name":"Blog Quanto Custa Viajar","article_publisher":"https:\/\/www.facebook.com\/quantocustaviajar","article_author":"https:\/\/www.facebook.com\/brunellapfvr\/posts","article_published_time":"2020-12-02T14:07:36+00:00","article_modified_time":"2020-12-02T14:07:45+00:00","og_image":[{"width":865,"height":500,"url":"https:\/\/quantocustaviajar.com\/blog\/wp-content\/uploads\/2020\/11\/parque-vicentina-aranha.jpg","type":"image\/jpeg"}],"author":"Brunella Nunes","twitter_card":"summary_large_image","twitter_misc":{"Escrito por":"Brunella Nunes","Est. tempo de leitura":"3 minutos"},"schema":{"@context":"https:\/\/schema.org","@graph":[{"@type":["Article","BlogPosting"],"@id":"https:\/\/quantocustaviajar.com\/blog\/parque-vicentina-aranha-interior-de-sp\/#article","isPartOf":{"@id":"https:\/\/quantocustaviajar.com\/blog\/parque-vicentina-aranha-interior-de-sp\/"},"author":{"name":"Brunella Nunes","@id":"https:\/\/quantocustaviajar.com\/blog\/#\/schema\/person\/1a6dd3da9d0c0a4be42652b67bea19bb"},"headline":"Parque Vicentina Aranha brilha no interior de SP","datePublished":"2020-12-02T14:07:36+00:00","dateModified":"2020-12-02T14:07:45+00:00","mainEntityOfPage":{"@id":"https:\/\/quantocustaviajar.com\/blog\/parque-vicentina-aranha-interior-de-sp\/"},"wordCount":643,"commentCount":0,"publisher":{"@id":"https:\/\/quantocustaviajar.com\/blog\/#organization"},"image":{"@id":"https:\/\/quantocustaviajar.com\/blog\/parque-vicentina-aranha-interior-de-sp\/#primaryimage"},"thumbnailUrl":"https:\/\/quantocustaviajar.com\/blog\/wp-content\/uploads\/2020\/11\/parque-vicentina-aranha.jpg","keywords":["bate volta","interior de sao paulo","lugares diferentes","natureza","onde ir","parque","passeios gratuitos","saopaulo"],"articleSection":["Ao Ar Livre","Descubra o Brasil"],"inLanguage":"pt-BR","potentialAction":[{"@type":"CommentAction","name":"Comment","target":["https:\/\/quantocustaviajar.com\/blog\/parque-vicentina-aranha-interior-de-sp\/#respond"]}]},{"@type":"WebPage","@id":"https:\/\/quantocustaviajar.com\/blog\/parque-vicentina-aranha-interior-de-sp\/","url":"https:\/\/quantocustaviajar.com\/blog\/parque-vicentina-aranha-interior-de-sp\/","name":"Parque Vicentina Aranha brilha no interior de SP - Blog Quanto Custa Viajar","isPartOf":{"@id":"https:\/\/quantocustaviajar.com\/blog\/#website"},"primaryImageOfPage":{"@id":"https:\/\/quantocustaviajar.com\/blog\/parque-vicentina-aranha-interior-de-sp\/#primaryimage"},"image":{"@id":"https:\/\/quantocustaviajar.com\/blog\/parque-vicentina-aranha-interior-de-sp\/#primaryimage"},"thumbnailUrl":"https:\/\/quantocustaviajar.com\/blog\/wp-content\/uploads\/2020\/11\/parque-vicentina-aranha.jpg","datePublished":"2020-12-02T14:07:36+00:00","dateModified":"2020-12-02T14:07:45+00:00","description":"O que antes era um dos primeiros sanat\u00f3rios do pa\u00eds \u00e9 hoje um ref\u00fagio de belezas naturais e arquitet\u00f4nicas. Conhe\u00e7a o Parque Vicentina Aranha, em SP!","breadcrumb":{"@id":"https:\/\/quantocustaviajar.com\/blog\/parque-vicentina-aranha-interior-de-sp\/#breadcrumb"},"inLanguage":"pt-BR","potentialAction":[{"@type":"ReadAction","target":["https:\/\/quantocustaviajar.com\/blog\/parque-vicentina-aranha-interior-de-sp\/"]}]},{"@type":"ImageObject","inLanguage":"pt-BR","@id":"https:\/\/quantocustaviajar.com\/blog\/parque-vicentina-aranha-interior-de-sp\/#primaryimage","url":"https:\/\/quantocustaviajar.com\/blog\/wp-content\/uploads\/2020\/11\/parque-vicentina-aranha.jpg","contentUrl":"https:\/\/quantocustaviajar.com\/blog\/wp-content\/uploads\/2020\/11\/parque-vicentina-aranha.jpg","width":865,"height":500,"caption":"Foto: divulga\u00e7\u00e3o"},{"@type":"BreadcrumbList","@id":"https:\/\/quantocustaviajar.com\/blog\/parque-vicentina-aranha-interior-de-sp\/#breadcrumb","itemListElement":[{"@type":"ListItem","position":1,"name":"In\u00edcio","item":"https:\/\/quantocustaviajar.com\/blog\/"},{"@type":"ListItem","position":2,"name":"Parque Vicentina Aranha brilha no interior de SP"}]},{"@type":"WebSite","@id":"https:\/\/quantocustaviajar.com\/blog\/#website","url":"https:\/\/quantocustaviajar.com\/blog\/","name":"Blog Quanto Custa Viajar","description":"","publisher":{"@id":"https:\/\/quantocustaviajar.com\/blog\/#organization"},"potentialAction":[{"@type":"SearchAction","target":{"@type":"EntryPoint","urlTemplate":"https:\/\/quantocustaviajar.com\/blog\/?s={search_term_string}"},"query-input":{"@type":"PropertyValueSpecification","valueRequired":true,"valueName":"search_term_string"}}],"inLanguage":"pt-BR"},{"@type":"Organization","@id":"https:\/\/quantocustaviajar.com\/blog\/#organization","name":"Quanto Custa Viajar","url":"https:\/\/quantocustaviajar.com\/blog\/","logo":{"@type":"ImageObject","inLanguage":"pt-BR","@id":"https:\/\/quantocustaviajar.com\/blog\/#\/schema\/logo\/image\/","url":"","contentUrl":"","caption":"Quanto Custa Viajar"},"image":{"@id":"https:\/\/quantocustaviajar.com\/blog\/#\/schema\/logo\/image\/"},"sameAs":["https:\/\/www.facebook.com\/quantocustaviajar"]},{"@type":"Person","@id":"https:\/\/quantocustaviajar.com\/blog\/#\/schema\/person\/1a6dd3da9d0c0a4be42652b67bea19bb","name":"Brunella Nunes","image":{"@type":"ImageObject","inLanguage":"pt-BR","@id":"https:\/\/quantocustaviajar.com\/blog\/#\/schema\/person\/image\/","url":"https:\/\/secure.gravatar.com\/avatar\/05b28dfb8a3cc7ee0dba6feefa5677f05be6d7bf4b017728fd38499092f9c282?s=96&d=mm&r=g","contentUrl":"https:\/\/secure.gravatar.com\/avatar\/05b28dfb8a3cc7ee0dba6feefa5677f05be6d7bf4b017728fd38499092f9c282?s=96&d=mm&r=g","caption":"Brunella Nunes"},"description":"Quando n\u00e3o est\u00e1 viajando pelo mundo, est\u00e1 viajando nas ideias.","sameAs":["https:\/\/www.facebook.com\/brunellapfvr\/posts","https:\/\/www.linkedin.com\/in\/brunellanunes\/"],"url":"https:\/\/quantocustaviajar.com\/blog\/author\/equipe\/"}]}},"_links":{"self":[{"href":"https:\/\/quantocustaviajar.com\/blog\/wp-json\/wp\/v2\/posts\/45864","targetHints":{"allow":["GET"]}}],"collection":[{"href":"https:\/\/quantocustaviajar.com\/blog\/wp-json\/wp\/v2\/posts"}],"about":[{"href":"https:\/\/quantocustaviajar.com\/blog\/wp-json\/wp\/v2\/types\/post"}],"author":[{"embeddable":true,"href":"https:\/\/quantocustaviajar.com\/blog\/wp-json\/wp\/v2\/users\/4"}],"replies":[{"embeddable":true,"href":"https:\/\/quantocustaviajar.com\/blog\/wp-json\/wp\/v2\/comments?post=45864"}],"version-history":[{"count":4,"href":"https:\/\/quantocustaviajar.com\/blog\/wp-json\/wp\/v2\/posts\/45864\/revisions"}],"predecessor-version":[{"id":46084,"href":"https:\/\/quantocustaviajar.com\/blog\/wp-json\/wp\/v2\/posts\/45864\/revisions\/46084"}],"wp:featuredmedia":[{"embeddable":true,"href":"https:\/\/quantocustaviajar.com\/blog\/wp-json\/wp\/v2\/media\/45882"}],"wp:attachment":[{"href":"https:\/\/quantocustaviajar.com\/blog\/wp-json\/wp\/v2\/media?parent=45864"}],"wp:term":[{"taxonomy":"category","embeddable":true,"href":"https:\/\/quantocustaviajar.com\/blog\/wp-json\/wp\/v2\/categories?post=45864"},{"taxonomy":"post_tag","embeddable":true,"href":"https:\/\/quantocustaviajar.com\/blog\/wp-json\/wp\/v2\/tags?post=45864"}],"curies":[{"name":"wp","href":"https:\/\/api.w.org\/{rel}","templated":true}]}}