{"id":45691,"date":"2020-11-18T18:43:56","date_gmt":"2020-11-18T18:43:56","guid":{"rendered":"https:\/\/quantocustaviajar.com\/blog\/?p=45691"},"modified":"2020-11-18T18:44:02","modified_gmt":"2020-11-18T18:44:02","slug":"pedra-da-penha-em-espirito-santo","status":"publish","type":"post","link":"https:\/\/quantocustaviajar.com\/blog\/pedra-da-penha-em-espirito-santo\/","title":{"rendered":"Mirante e restaurante charmoso te esperam na Pedra da Penha, em Esp\u00edrito Santo"},"content":{"rendered":"\n<p>Nas montanhas de Cachoeiro de Itapemirim, no <a href=\"https:\/\/quantocustaviajar.com\/blog\/lugares-para-conhecer-no-espirito-santo\/\">Esp\u00edrito Santo<\/a>, est\u00e1 uma das maravilhas naturais do Estado: a <strong>Pedra da Penha<\/strong>. O maci\u00e7o rochoso atrai religiosos devotos h\u00e1 mais de 90 anos, mas agora ganha outros atrativos, como vertiginoso mirante, um pequeno lavand\u00e1rio e um charmoso chal\u00e9 a seus p\u00e9s. <\/p>\n\n\n\n<p>Foi uma trilha elaborada a <strong>1.200 metros de altitude <\/strong>em meados de 1930 na   na comunidade de Alto S\u00e3o Vicente que come\u00e7ou a levar peregrinos para celebrar a padroeira do estado, Nossa Senhora da Penha, numa prociss\u00e3o realizada logo ap\u00f3s a P\u00e1scoa. <\/p>\n\n\n\n<p>Um altar para a santa foi colocado aos p\u00e9s do monumento natural pelo o Sr. Ernesto Pancini, dono da propriedade, e desde ent\u00e3o atrai centenas de fi\u00e9is. O caminho \u00e9 bem estruturado, com piso s\u00f3lido, corrim\u00e3o de apoio e escadaria em madeira em alguns trechos.<\/p>\n\n\n\n<div class=\"wp-block-image\"><figure class=\"aligncenter\"><img loading=\"lazy\" decoding=\"async\" width=\"1024\" height=\"576\" src=\"https:\/\/quantocustaviajar.com\/blog\/wp-content\/uploads\/2020\/11\/pedra-da-penha-es-1024x576.jpg\" alt=\"\" class=\"wp-image-45743\" srcset=\"https:\/\/quantocustaviajar.com\/blog\/wp-content\/uploads\/2020\/11\/pedra-da-penha-es-1024x576.jpg 1024w, https:\/\/quantocustaviajar.com\/blog\/wp-content\/uploads\/2020\/11\/pedra-da-penha-es-300x169.jpg 300w, https:\/\/quantocustaviajar.com\/blog\/wp-content\/uploads\/2020\/11\/pedra-da-penha-es-768x432.jpg 768w, https:\/\/quantocustaviajar.com\/blog\/wp-content\/uploads\/2020\/11\/pedra-da-penha-es.jpg 1280w\" sizes=\"auto, (max-width: 1024px) 100vw, 1024px\" \/><figcaption>Foto: divulga\u00e7\u00e3o\/Pedra da Penha<\/figcaption><\/figure><\/div>\n\n\n\n<h2 class=\"wp-block-heading\">Pedra da Penha: esportes radicais e gastronomia<\/h2>\n\n\n\n<p>Com um visual de tirar o f\u00f4lego l\u00e1 no topo, <strong>a Pedra da Penha \u00e9 o ponto mais alto do munic\u00edpio e a primeira de suas sete maravilhas<\/strong>. D\u00e1 pra enxergar at\u00e9 um peda\u00e7o do oceano Atl\u00e2ntico. Um mirante projetado como se fosse uma passarela, de frente para as montanhas da serra, proporciona a fotografia perfeita para guardar de recorda\u00e7\u00e3o.<\/p>\n\n\n\n<p>A atra\u00e7\u00e3o tur\u00edstica n\u00e3o demorou a atrair adeptos dos <strong>esportes radicais<\/strong>, em especial o parapente. No local funciona a rampa do Camillo Pancini, onde se alcan\u00e7am voos livres de 670 metros de altitude. A escalada \u00e9 outra modalidade poss\u00edvel, al\u00e9m de corrida e mountain bike nos arredores.  <\/p>\n\n\n\n<blockquote class=\"wp-block-quote is-style-large is-layout-flow wp-block-quote-is-layout-flow\"><p>Uma ponte foi criada para projetar as pessoas no meio do deslumbrante cen\u00e1rio curvil\u00edneo da serra capixaba. <\/p><\/blockquote>\n\n\n\n<div class=\"wp-block-image\"><figure class=\"aligncenter\"><img loading=\"lazy\" decoding=\"async\" width=\"768\" height=\"960\" src=\"https:\/\/quantocustaviajar.com\/blog\/wp-content\/uploads\/2020\/11\/pedra-da-penha-mirante.jpg\" alt=\"\" class=\"wp-image-45731\" srcset=\"https:\/\/quantocustaviajar.com\/blog\/wp-content\/uploads\/2020\/11\/pedra-da-penha-mirante.jpg 768w, https:\/\/quantocustaviajar.com\/blog\/wp-content\/uploads\/2020\/11\/pedra-da-penha-mirante-240x300.jpg 240w\" sizes=\"auto, (max-width: 768px) 100vw, 768px\" \/><figcaption>Foto: divulga\u00e7\u00e3o\/Pedra da Penha<\/figcaption><\/figure><\/div>\n\n\n\n<ul class=\"wp-block-gallery columns-2 is-cropped wp-block-gallery-1 is-layout-flex wp-block-gallery-is-layout-flex\"><li class=\"blocks-gallery-item\"><figure><img loading=\"lazy\" decoding=\"async\" width=\"756\" height=\"945\" src=\"https:\/\/quantocustaviajar.com\/blog\/wp-content\/uploads\/2020\/11\/pedra-da-penha2.jpg\" alt=\"\" data-id=\"45749\" data-link=\"https:\/\/quantocustaviajar.com\/blog\/?attachment_id=45749\" class=\"wp-image-45749\" srcset=\"https:\/\/quantocustaviajar.com\/blog\/wp-content\/uploads\/2020\/11\/pedra-da-penha2.jpg 756w, https:\/\/quantocustaviajar.com\/blog\/wp-content\/uploads\/2020\/11\/pedra-da-penha2-240x300.jpg 240w\" sizes=\"auto, (max-width: 756px) 100vw, 756px\" \/><figcaption>Foto: divulga\u00e7\u00e3o\/Pedra da Penha<\/figcaption><\/figure><\/li><li class=\"blocks-gallery-item\"><figure><img loading=\"lazy\" decoding=\"async\" width=\"819\" height=\"1024\" src=\"https:\/\/quantocustaviajar.com\/blog\/wp-content\/uploads\/2020\/11\/pedra-da-penha4-819x1024.jpg\" alt=\"\" data-id=\"45748\" data-link=\"https:\/\/quantocustaviajar.com\/blog\/?attachment_id=45748\" class=\"wp-image-45748\" srcset=\"https:\/\/quantocustaviajar.com\/blog\/wp-content\/uploads\/2020\/11\/pedra-da-penha4-819x1024.jpg 819w, https:\/\/quantocustaviajar.com\/blog\/wp-content\/uploads\/2020\/11\/pedra-da-penha4-240x300.jpg 240w, https:\/\/quantocustaviajar.com\/blog\/wp-content\/uploads\/2020\/11\/pedra-da-penha4-768x960.jpg 768w, https:\/\/quantocustaviajar.com\/blog\/wp-content\/uploads\/2020\/11\/pedra-da-penha4.jpg 1080w\" sizes=\"auto, (max-width: 819px) 100vw, 819px\" \/><figcaption>Foto: divulga\u00e7\u00e3o\/Pedra da Penha<\/figcaption><\/figure><\/li><\/ul>\n\n\n\n<p>Na mesma \u00e1rea foi constru\u00eddo o <strong>restaurante <a href=\"http:\/\/instagram.com\/chalearcangelluz\" target=\"_blank\" rel=\"noreferrer noopener\" aria-label=\"chal\u00e9 Arcangelluz (abre numa nova aba)\">chal\u00e9 Arcangelluz<\/a><\/strong>, de frente para um espelho d\u2019\u00e1gua que resplandece o nascer e o p\u00f4r do sol. Canteiros de lavanda que v\u00e3o se expandindo no terreno tornam o cen\u00e1rio ainda mais bonito. A constru\u00e7\u00e3o de madeira conta com tr\u00eas ambientes bem arejados, sendo um deck ao ar livre. <\/p>\n\n\n\n<p>Por enquanto a casa serve <strong>refei\u00e7\u00f5es apenas mediante agendamento<\/strong>, para ter controle do p\u00fablico. O almo\u00e7o no forno a lenha conta com feijoada, mandioca frita, carnes variadas e batatas assadas entre as op\u00e7\u00f5es. <\/p>\n\n\n\n<p><strong><a href=\"https:\/\/www.booking.com\/searchresults.pt-br.html?aid=2161834&amp;sid=365dbb26b0a5f2c9aacbf8029df0f1c5&amp;sb=1&amp;sb_lp=1&amp;src=index&amp;src_elem=sb&amp;error_url=https%3A%2F%2Fwww.booking.com%2Findex.pt-br.html%3Faid%3D2161834%3Bsid%3D365dbb26b0a5f2c9aacbf8029df0f1c5%3Bsb_price_type%3Dtotal%26%3B&amp;ss=Cachoeiro+de+Itapemirim%2C+Esp%C3%ADrito+Santo%2C+Brasil&amp;is_ski_area=&amp;ssne=Santiago&amp;ssne_untouched=Santiago&amp;checkin_year=2020&amp;checkin_month=12&amp;checkin_monthday=18&amp;checkout_year=2020&amp;checkout_month=12&amp;checkout_monthday=20&amp;group_adults=2&amp;group_children=0&amp;no_rooms=1&amp;genius_rate=1&amp;b_h4u_keep_filters=&amp;from_sf=1&amp;ss_raw=Cachoeiro+do+Itapemirim&amp;ac_position=0&amp;ac_langcode=xb&amp;ac_click_type=b&amp;dest_id=-632609&amp;dest_type=city&amp;place_id_lat=-20.84808&amp;place_id_lon=-41.11129&amp;search_pageview_id=2f83830ba3ff0183&amp;search_selected=true&amp;search_pageview_id=2f83830ba3ff0183&amp;ac_suggestion_list_length=2&amp;ac_suggestion_theme_list_length=0\" target=\"_blank\" rel=\"noreferrer noopener\" aria-label=\"Encontre aqui sua hospedagem em Cachoeiro de Itapemirim (abre numa nova aba)\">Encontre aqui sua hospedagem em Cachoeiro de Itapemirim<\/a><\/strong><\/p>\n\n\n\n<p>J\u00e1 o caf\u00e9 da manh\u00e3 ou tarde tem mesa farta com uma variedade de p\u00e3es de fermenta\u00e7\u00e3o natural, bolos, doces, biscoitinhos amanteigados e outras del\u00edcias. <\/p>\n\n\n\n<blockquote class=\"wp-block-quote is-layout-flow wp-block-quote-is-layout-flow\"><p><strong>Tome nota<\/strong>: o restaurante funciona s\u00e1bado das 10h \u00e0s 16h com menu a la carte; aos domingos das 11h \u00e0s 16h com buffet no fog\u00e3o \u00e0 lenha. N\u00e3o se esque\u00e7a de reservar antes de ir!<\/p><\/blockquote>\n\n\n\n<div class=\"wp-block-image\"><figure class=\"aligncenter\"><img loading=\"lazy\" decoding=\"async\" width=\"720\" height=\"900\" src=\"https:\/\/quantocustaviajar.com\/blog\/wp-content\/uploads\/2020\/11\/chale-arcangelluz.jpg\" alt=\"\" class=\"wp-image-45733\" srcset=\"https:\/\/quantocustaviajar.com\/blog\/wp-content\/uploads\/2020\/11\/chale-arcangelluz.jpg 720w, https:\/\/quantocustaviajar.com\/blog\/wp-content\/uploads\/2020\/11\/chale-arcangelluz-240x300.jpg 240w\" sizes=\"auto, (max-width: 720px) 100vw, 720px\" \/><figcaption>Foto: divulga\u00e7\u00e3o<\/figcaption><\/figure><\/div>\n\n\n\n<ul class=\"wp-block-gallery columns-3 is-cropped wp-block-gallery-2 is-layout-flex wp-block-gallery-is-layout-flex\"><li class=\"blocks-gallery-item\"><figure><img loading=\"lazy\" decoding=\"async\" width=\"720\" height=\"960\" src=\"https:\/\/quantocustaviajar.com\/blog\/wp-content\/uploads\/2020\/11\/chale-arcangelluz5.jpg\" alt=\"\" data-id=\"45737\" data-link=\"https:\/\/quantocustaviajar.com\/blog\/?attachment_id=45737\" class=\"wp-image-45737\" srcset=\"https:\/\/quantocustaviajar.com\/blog\/wp-content\/uploads\/2020\/11\/chale-arcangelluz5.jpg 720w, https:\/\/quantocustaviajar.com\/blog\/wp-content\/uploads\/2020\/11\/chale-arcangelluz5-225x300.jpg 225w\" sizes=\"auto, (max-width: 720px) 100vw, 720px\" \/><figcaption>Foto: divulga\u00e7\u00e3o<\/figcaption><\/figure><\/li><li class=\"blocks-gallery-item\"><figure><img loading=\"lazy\" decoding=\"async\" width=\"954\" height=\"954\" src=\"https:\/\/quantocustaviajar.com\/blog\/wp-content\/uploads\/2020\/11\/chale-arcangelluz3.jpg\" alt=\"\" data-id=\"45735\" data-link=\"https:\/\/quantocustaviajar.com\/blog\/?attachment_id=45735\" class=\"wp-image-45735\" srcset=\"https:\/\/quantocustaviajar.com\/blog\/wp-content\/uploads\/2020\/11\/chale-arcangelluz3.jpg 954w, https:\/\/quantocustaviajar.com\/blog\/wp-content\/uploads\/2020\/11\/chale-arcangelluz3-150x150.jpg 150w, https:\/\/quantocustaviajar.com\/blog\/wp-content\/uploads\/2020\/11\/chale-arcangelluz3-300x300.jpg 300w, https:\/\/quantocustaviajar.com\/blog\/wp-content\/uploads\/2020\/11\/chale-arcangelluz3-768x768.jpg 768w\" sizes=\"auto, (max-width: 954px) 100vw, 954px\" \/><figcaption>Foto: divulga\u00e7\u00e3o<\/figcaption><\/figure><\/li><li class=\"blocks-gallery-item\"><figure><img loading=\"lazy\" decoding=\"async\" width=\"768\" height=\"1024\" src=\"https:\/\/quantocustaviajar.com\/blog\/wp-content\/uploads\/2020\/11\/chale-arcangelluz2-768x1024.jpg\" alt=\"\" data-id=\"45734\" data-link=\"https:\/\/quantocustaviajar.com\/blog\/?attachment_id=45734\" class=\"wp-image-45734\" srcset=\"https:\/\/quantocustaviajar.com\/blog\/wp-content\/uploads\/2020\/11\/chale-arcangelluz2-768x1024.jpg 768w, https:\/\/quantocustaviajar.com\/blog\/wp-content\/uploads\/2020\/11\/chale-arcangelluz2-225x300.jpg 225w, https:\/\/quantocustaviajar.com\/blog\/wp-content\/uploads\/2020\/11\/chale-arcangelluz2.jpg 1511w\" sizes=\"auto, (max-width: 768px) 100vw, 768px\" \/><figcaption>Foto: divulga\u00e7\u00e3o<\/figcaption><\/figure><\/li><\/ul>\n\n\n\n<p>A comunidade Boa Vista, que se consolidou em volta da Pedra da Penha, conta com <strong>horta org\u00e2nica e planta\u00e7\u00e3o de caf\u00e9<\/strong>. Cachoeiro de Itapemirim j\u00e1 foi reconhecida pela qualidade de seus gr\u00e3os, incentivando os pequenos produtores por meio de premia\u00e7\u00f5es. <\/p>\n\n\n\n<p>No ano passado, Maric\u00e9ia Pancini levou o primeiro lugar no Concurso de Qualidade e Sustentabilidade do Caf\u00e9 Conilon e foi tamb\u00e9m a primeira mulher a venc\u00ea-lo.<\/p>\n\n\n\n<div class=\"wp-block-image\"><figure class=\"aligncenter\"><img loading=\"lazy\" decoding=\"async\" width=\"960\" height=\"960\" src=\"https:\/\/quantocustaviajar.com\/blog\/wp-content\/uploads\/2020\/11\/pes-de-cafe-pedra-da-penha.jpg\" alt=\"\" class=\"wp-image-45732\" srcset=\"https:\/\/quantocustaviajar.com\/blog\/wp-content\/uploads\/2020\/11\/pes-de-cafe-pedra-da-penha.jpg 960w, https:\/\/quantocustaviajar.com\/blog\/wp-content\/uploads\/2020\/11\/pes-de-cafe-pedra-da-penha-150x150.jpg 150w, https:\/\/quantocustaviajar.com\/blog\/wp-content\/uploads\/2020\/11\/pes-de-cafe-pedra-da-penha-300x300.jpg 300w, https:\/\/quantocustaviajar.com\/blog\/wp-content\/uploads\/2020\/11\/pes-de-cafe-pedra-da-penha-768x768.jpg 768w\" sizes=\"auto, (max-width: 960px) 100vw, 960px\" \/><figcaption>Foto: divulga\u00e7\u00e3o\/Pedra da Penha<\/figcaption><\/figure><\/div>\n\n\n\n<div class=\"wp-block-image\"><figure class=\"aligncenter\"><img loading=\"lazy\" decoding=\"async\" width=\"1024\" height=\"768\" src=\"https:\/\/quantocustaviajar.com\/blog\/wp-content\/uploads\/2020\/11\/comunidade-boa-vista-es-1024x768.jpg\" alt=\"\" class=\"wp-image-45740\" srcset=\"https:\/\/quantocustaviajar.com\/blog\/wp-content\/uploads\/2020\/11\/comunidade-boa-vista-es-1024x768.jpg 1024w, https:\/\/quantocustaviajar.com\/blog\/wp-content\/uploads\/2020\/11\/comunidade-boa-vista-es-300x225.jpg 300w, https:\/\/quantocustaviajar.com\/blog\/wp-content\/uploads\/2020\/11\/comunidade-boa-vista-es-768x576.jpg 768w, https:\/\/quantocustaviajar.com\/blog\/wp-content\/uploads\/2020\/11\/comunidade-boa-vista-es.jpg 1440w\" sizes=\"auto, (max-width: 1024px) 100vw, 1024px\" \/><figcaption>Foto: divulga\u00e7\u00e3o\/Pedra da Penha<\/figcaption><\/figure><\/div>\n\n\n\n<p>Com um repasse de verba municipal recentemente, o turismo rural ser\u00e1 cada vez mais incentivado. Al\u00e9m disso, <strong>a cidade a 140 km de <a href=\"https:\/\/quantocustaviajar.com\/brasil\/vitoria\" target=\"_blank\" rel=\"noreferrer noopener\" aria-label=\"Vit\u00f3ria (abre numa nova aba)\">Vit\u00f3ria<\/a><\/strong> &#8211; <strong>onde nasceu o cantor Roberto Carlos<\/strong> &#8211; conta com v\u00e1rios atrativos, incluindo outros morros, balne\u00e1rios, cachoeiras, piscinas naturais, casarios tombados, centros culturais e a comunidade quilombola de Monte Alegre.<\/p>\n\n\n\n<p><strong><a href=\"https:\/\/www.rentcars.com\/?requestorid=52\" target=\"_blank\" rel=\"noreferrer noopener\" aria-label=\"Alugue online seu carro saindo de Vit\u00f3ria para conhecer essa maravilha! (abre numa nova aba)\">Alugue online seu carro saindo de Vit\u00f3ria para conhecer essa maravilha!<\/a><\/strong><\/p>\n\n\n\n<p>Voc\u00ea tamb\u00e9m pode esticar a viagem para desbravar mais encantos de Esp\u00edrito Santo! Confira nossas dicas:<\/p>\n\n\n\n<ul class=\"wp-block-list\"><li><a rel=\"noreferrer noopener\" aria-label=\"Seis ilhas capixabas para explorar no pr\u00f3ximo ver\u00e3o\u2028 (abre numa nova aba)\" href=\"https:\/\/quantocustaviajar.com\/blog\/ilhas-no-espirito-santo\/\" target=\"_blank\"><strong>Seis ilhas capixabas para explorar no pr\u00f3ximo ver\u00e3o<\/strong><\/a><\/li><li><a rel=\"noreferrer noopener\" aria-label=\"Que tal completar o Circuito Caravaggio? (abre numa nova aba)\" href=\"https:\/\/quantocustaviajar.com\/blog\/circuito-caravaggio-espirito-santo\/\" target=\"_blank\"><strong>Que tal completar o italian\u00edssimo Circuito Caravaggio?<\/strong><\/a><\/li><li><a rel=\"noreferrer noopener\" aria-label=\"Descubra as 12 praias mais bonitas do ES\u2028 (abre numa nova aba)\" href=\"https:\/\/quantocustaviajar.com\/blog\/praias-mais-bonitas-do-espirito-santo\/\" target=\"_blank\"><strong>Descubra as 12 praias mais bonitas do ES<\/strong><\/a><\/li><li><strong><a rel=\"noreferrer noopener\" aria-label=\" (abre numa nova aba)\" href=\"https:\/\/quantocustaviajar.com\/blog\/alfredo-chaves-espirito-santo\/\" target=\"_blank\">Quer aventura? V\u00e1 para Alfredo Chaves!<\/a><\/strong><\/li><li><strong><a href=\"https:\/\/quantocustaviajar.com\/blog\/fjordland\/\" target=\"_blank\" rel=\"noreferrer noopener\" aria-label=\" (abre numa nova aba)\">Sabia que tem um peda\u00e7o da Noruega por l\u00e1?<\/a><\/strong><\/li><li><a rel=\"noreferrer noopener\" aria-label=\"Nova Almeida (abre numa nova aba)\" href=\"https:\/\/quantocustaviajar.com\/blog\/nova-almeida-espirito-santo\/\" target=\"_blank\"><strong>Conhe\u00e7a a pacata Nova Almeida<\/strong><\/a><\/li><\/ul>\n\n\n\n<div class=\"wp-block-image\"><figure class=\"aligncenter\"><img loading=\"lazy\" decoding=\"async\" width=\"960\" height=\"720\" src=\"https:\/\/quantocustaviajar.com\/blog\/wp-content\/uploads\/2020\/11\/chale-arcangelluz6.jpg\" alt=\"\" class=\"wp-image-45738\" srcset=\"https:\/\/quantocustaviajar.com\/blog\/wp-content\/uploads\/2020\/11\/chale-arcangelluz6.jpg 960w, https:\/\/quantocustaviajar.com\/blog\/wp-content\/uploads\/2020\/11\/chale-arcangelluz6-300x225.jpg 300w, https:\/\/quantocustaviajar.com\/blog\/wp-content\/uploads\/2020\/11\/chale-arcangelluz6-768x576.jpg 768w\" sizes=\"auto, (max-width: 960px) 100vw, 960px\" \/><figcaption>Foto: divulga\u00e7\u00e3o<\/figcaption><\/figure><\/div>\n\n\n\n<div class=\"wp-block-image\"><figure class=\"aligncenter\"><img loading=\"lazy\" decoding=\"async\" width=\"819\" height=\"1024\" src=\"https:\/\/quantocustaviajar.com\/blog\/wp-content\/uploads\/2020\/11\/chale-arcangelluz4-819x1024.jpg\" alt=\"\" class=\"wp-image-45736\" srcset=\"https:\/\/quantocustaviajar.com\/blog\/wp-content\/uploads\/2020\/11\/chale-arcangelluz4-819x1024.jpg 819w, https:\/\/quantocustaviajar.com\/blog\/wp-content\/uploads\/2020\/11\/chale-arcangelluz4-240x300.jpg 240w, https:\/\/quantocustaviajar.com\/blog\/wp-content\/uploads\/2020\/11\/chale-arcangelluz4-768x960.jpg 768w, https:\/\/quantocustaviajar.com\/blog\/wp-content\/uploads\/2020\/11\/chale-arcangelluz4.jpg 1612w\" sizes=\"auto, (max-width: 819px) 100vw, 819px\" \/><figcaption>Foto: divulga\u00e7\u00e3o<\/figcaption><\/figure><\/div>\n\n\n\n<div class=\"wp-block-image\"><figure class=\"aligncenter\"><img loading=\"lazy\" decoding=\"async\" width=\"960\" height=\"960\" src=\"https:\/\/quantocustaviajar.com\/blog\/wp-content\/uploads\/2020\/11\/lavandario-pedra-da-penha.jpg\" alt=\"\" class=\"wp-image-45752\" srcset=\"https:\/\/quantocustaviajar.com\/blog\/wp-content\/uploads\/2020\/11\/lavandario-pedra-da-penha.jpg 960w, https:\/\/quantocustaviajar.com\/blog\/wp-content\/uploads\/2020\/11\/lavandario-pedra-da-penha-150x150.jpg 150w, https:\/\/quantocustaviajar.com\/blog\/wp-content\/uploads\/2020\/11\/lavandario-pedra-da-penha-300x300.jpg 300w, https:\/\/quantocustaviajar.com\/blog\/wp-content\/uploads\/2020\/11\/lavandario-pedra-da-penha-768x768.jpg 768w\" sizes=\"auto, (max-width: 960px) 100vw, 960px\" \/><figcaption>Foto: divulga\u00e7\u00e3o<\/figcaption><\/figure><\/div>\n\n\n\n<h4 class=\"wp-block-heading\"><em>Foto em destaque na p\u00e1gina por  <a href=\"https:\/\/www.instagram.com\/photosporpaixao\/\" target=\"_blank\" rel=\"noreferrer noopener\" aria-label=\" (abre numa nova aba)\">@photosporpaixao<\/a> <\/em><\/h4>\n\n\n\n<figure class=\"wp-block-embed-wordpress wp-block-embed is-type-wp-embed is-provider-blog-quanto-custa-viajar\"><div class=\"wp-block-embed__wrapper\">\n<blockquote class=\"wp-embedded-content\" data-secret=\"Znn4EAdnpV\"><a href=\"https:\/\/quantocustaviajar.com\/blog\/pedra-azul-no-espirito-santo\/\">Parque da Pedra Azul, no Esp\u00edrito Santo, re\u00fane piscinas naturais, montanhas e trilhas<\/a><\/blockquote><iframe loading=\"lazy\" class=\"wp-embedded-content\" sandbox=\"allow-scripts\" security=\"restricted\" style=\"position: absolute; visibility: hidden;\" title=\"&#8220;Parque da Pedra Azul, no Esp\u00edrito Santo, re\u00fane piscinas naturais, montanhas e trilhas&#8221; &#8212; Blog Quanto Custa Viajar\" src=\"https:\/\/quantocustaviajar.com\/blog\/pedra-azul-no-espirito-santo\/embed\/#?secret=SnIuy0X2Sn#?secret=Znn4EAdnpV\" data-secret=\"Znn4EAdnpV\" width=\"600\" height=\"338\" frameborder=\"0\" marginwidth=\"0\" marginheight=\"0\" scrolling=\"no\"><\/iframe>\n<\/div><\/figure>\n","protected":false},"excerpt":{"rendered":"<p>Nas montanhas de Cachoeiro de Itapemirim, no Esp\u00edrito Santo, est\u00e1 uma das maravilhas naturais do Estado: a Pedra da Penha. O maci\u00e7o rochoso atrai religiosos devotos h\u00e1 mais de 90 anos, mas agora ganha outros atrativos, como vertiginoso mirante, um pequeno lavand\u00e1rio e um charmoso chal\u00e9 a seus p\u00e9s. Foi uma trilha elaborada a 1.200 [&hellip;]<\/p>\n","protected":false},"author":4,"featured_media":45747,"comment_status":"open","ping_status":"open","sticky":false,"template":"","format":"standard","meta":{"cybocfi_hide_featured_image":"","footnotes":""},"categories":[1437,1434],"tags":[1593,2239,1005,444,816,529,141,423,1923],"class_list":["post-45691","post","type-post","status-publish","format-standard","has-post-thumbnail","hentry","category-ao-ar-livre","category-descubra-brasil","tag-espiritosanto","tag-instagramavel","tag-lugares-diferentes","tag-mirante","tag-montanhas","tag-onde-ir","tag-restaurantes","tag-trilha","tag-vistas"],"blocksy_meta":[],"yoast_head":"<!-- This site is optimized with the Yoast SEO plugin v26.3 - https:\/\/yoast.com\/wordpress\/plugins\/seo\/ -->\n<title>Mirante e restaurante charmoso te esperam na Pedra da Penha, em Esp\u00edrito Santo - Blog Quanto Custa Viajar<\/title>\n<meta name=\"description\" content=\"Nas montanhas de Cachoeiro do Itapemirim, no Esp\u00edrito Santo, est\u00e1 uma das maravilhas naturais do Estado: a Pedra da Penha, onde fica um vertiginoso mirante\" \/>\n<meta name=\"robots\" content=\"index, follow, max-snippet:-1, max-image-preview:large, max-video-preview:-1\" \/>\n<link rel=\"canonical\" href=\"https:\/\/quantocustaviajar.com\/blog\/pedra-da-penha-em-espirito-santo\/\" \/>\n<meta property=\"og:locale\" content=\"pt_BR\" \/>\n<meta property=\"og:type\" content=\"article\" \/>\n<meta property=\"og:title\" content=\"Mirante e restaurante charmoso te esperam na Pedra da Penha, em Esp\u00edrito Santo - Blog Quanto Custa Viajar\" \/>\n<meta property=\"og:description\" content=\"Nas montanhas de Cachoeiro do Itapemirim, no Esp\u00edrito Santo, est\u00e1 uma das maravilhas naturais do Estado: a Pedra da Penha, onde fica um vertiginoso mirante\" \/>\n<meta property=\"og:url\" content=\"https:\/\/quantocustaviajar.com\/blog\/pedra-da-penha-em-espirito-santo\/\" \/>\n<meta property=\"og:site_name\" content=\"Blog Quanto Custa Viajar\" \/>\n<meta property=\"article:publisher\" content=\"https:\/\/www.facebook.com\/quantocustaviajar\" \/>\n<meta property=\"article:author\" content=\"https:\/\/www.facebook.com\/brunellapfvr\/posts\" \/>\n<meta property=\"article:published_time\" content=\"2020-11-18T18:43:56+00:00\" \/>\n<meta property=\"article:modified_time\" content=\"2020-11-18T18:44:02+00:00\" \/>\n<meta property=\"og:image\" content=\"https:\/\/quantocustaviajar.com\/blog\/wp-content\/uploads\/2020\/11\/mirante-pedra-da-penha.jpg\" \/>\n\t<meta property=\"og:image:width\" content=\"1500\" \/>\n\t<meta property=\"og:image:height\" content=\"1017\" \/>\n\t<meta property=\"og:image:type\" content=\"image\/jpeg\" \/>\n<meta name=\"author\" content=\"Brunella Nunes\" \/>\n<meta name=\"twitter:card\" content=\"summary_large_image\" \/>\n<meta name=\"twitter:label1\" content=\"Escrito por\" \/>\n\t<meta name=\"twitter:data1\" content=\"Brunella Nunes\" \/>\n\t<meta name=\"twitter:label2\" content=\"Est. tempo de leitura\" \/>\n\t<meta name=\"twitter:data2\" content=\"4 minutos\" \/>\n<!-- \/ Yoast SEO plugin. -->","yoast_head_json":{"title":"Mirante e restaurante charmoso te esperam na Pedra da Penha, em Esp\u00edrito Santo - Blog Quanto Custa Viajar","description":"Nas montanhas de Cachoeiro do Itapemirim, no Esp\u00edrito Santo, est\u00e1 uma das maravilhas naturais do Estado: a Pedra da Penha, onde fica um vertiginoso mirante","robots":{"index":"index","follow":"follow","max-snippet":"max-snippet:-1","max-image-preview":"max-image-preview:large","max-video-preview":"max-video-preview:-1"},"canonical":"https:\/\/quantocustaviajar.com\/blog\/pedra-da-penha-em-espirito-santo\/","og_locale":"pt_BR","og_type":"article","og_title":"Mirante e restaurante charmoso te esperam na Pedra da Penha, em Esp\u00edrito Santo - Blog Quanto Custa Viajar","og_description":"Nas montanhas de Cachoeiro do Itapemirim, no Esp\u00edrito Santo, est\u00e1 uma das maravilhas naturais do Estado: a Pedra da Penha, onde fica um vertiginoso mirante","og_url":"https:\/\/quantocustaviajar.com\/blog\/pedra-da-penha-em-espirito-santo\/","og_site_name":"Blog Quanto Custa Viajar","article_publisher":"https:\/\/www.facebook.com\/quantocustaviajar","article_author":"https:\/\/www.facebook.com\/brunellapfvr\/posts","article_published_time":"2020-11-18T18:43:56+00:00","article_modified_time":"2020-11-18T18:44:02+00:00","og_image":[{"width":1500,"height":1017,"url":"https:\/\/quantocustaviajar.com\/blog\/wp-content\/uploads\/2020\/11\/mirante-pedra-da-penha.jpg","type":"image\/jpeg"}],"author":"Brunella Nunes","twitter_card":"summary_large_image","twitter_misc":{"Escrito por":"Brunella Nunes","Est. tempo de leitura":"4 minutos"},"schema":{"@context":"https:\/\/schema.org","@graph":[{"@type":["Article","BlogPosting"],"@id":"https:\/\/quantocustaviajar.com\/blog\/pedra-da-penha-em-espirito-santo\/#article","isPartOf":{"@id":"https:\/\/quantocustaviajar.com\/blog\/pedra-da-penha-em-espirito-santo\/"},"author":{"name":"Brunella Nunes","@id":"https:\/\/quantocustaviajar.com\/blog\/#\/schema\/person\/1a6dd3da9d0c0a4be42652b67bea19bb"},"headline":"Mirante e restaurante charmoso te esperam na Pedra da Penha, em Esp\u00edrito Santo","datePublished":"2020-11-18T18:43:56+00:00","dateModified":"2020-11-18T18:44:02+00:00","mainEntityOfPage":{"@id":"https:\/\/quantocustaviajar.com\/blog\/pedra-da-penha-em-espirito-santo\/"},"wordCount":751,"commentCount":3,"publisher":{"@id":"https:\/\/quantocustaviajar.com\/blog\/#organization"},"image":{"@id":"https:\/\/quantocustaviajar.com\/blog\/pedra-da-penha-em-espirito-santo\/#primaryimage"},"thumbnailUrl":"https:\/\/quantocustaviajar.com\/blog\/wp-content\/uploads\/2020\/11\/mirante-pedra-da-penha.jpg","keywords":["espiritosanto","instagram\u00e1vel","lugares diferentes","mirante","montanhas","onde ir","restaurantes","trilha","vistas"],"articleSection":["Ao Ar Livre","Descubra o Brasil"],"inLanguage":"pt-BR","potentialAction":[{"@type":"CommentAction","name":"Comment","target":["https:\/\/quantocustaviajar.com\/blog\/pedra-da-penha-em-espirito-santo\/#respond"]}]},{"@type":"WebPage","@id":"https:\/\/quantocustaviajar.com\/blog\/pedra-da-penha-em-espirito-santo\/","url":"https:\/\/quantocustaviajar.com\/blog\/pedra-da-penha-em-espirito-santo\/","name":"Mirante e restaurante charmoso te esperam na Pedra da Penha, em Esp\u00edrito Santo - Blog Quanto Custa Viajar","isPartOf":{"@id":"https:\/\/quantocustaviajar.com\/blog\/#website"},"primaryImageOfPage":{"@id":"https:\/\/quantocustaviajar.com\/blog\/pedra-da-penha-em-espirito-santo\/#primaryimage"},"image":{"@id":"https:\/\/quantocustaviajar.com\/blog\/pedra-da-penha-em-espirito-santo\/#primaryimage"},"thumbnailUrl":"https:\/\/quantocustaviajar.com\/blog\/wp-content\/uploads\/2020\/11\/mirante-pedra-da-penha.jpg","datePublished":"2020-11-18T18:43:56+00:00","dateModified":"2020-11-18T18:44:02+00:00","description":"Nas montanhas de Cachoeiro do Itapemirim, no Esp\u00edrito Santo, est\u00e1 uma das maravilhas naturais do Estado: a Pedra da Penha, onde fica um vertiginoso mirante","breadcrumb":{"@id":"https:\/\/quantocustaviajar.com\/blog\/pedra-da-penha-em-espirito-santo\/#breadcrumb"},"inLanguage":"pt-BR","potentialAction":[{"@type":"ReadAction","target":["https:\/\/quantocustaviajar.com\/blog\/pedra-da-penha-em-espirito-santo\/"]}]},{"@type":"ImageObject","inLanguage":"pt-BR","@id":"https:\/\/quantocustaviajar.com\/blog\/pedra-da-penha-em-espirito-santo\/#primaryimage","url":"https:\/\/quantocustaviajar.com\/blog\/wp-content\/uploads\/2020\/11\/mirante-pedra-da-penha.jpg","contentUrl":"https:\/\/quantocustaviajar.com\/blog\/wp-content\/uploads\/2020\/11\/mirante-pedra-da-penha.jpg","width":1500,"height":1017},{"@type":"BreadcrumbList","@id":"https:\/\/quantocustaviajar.com\/blog\/pedra-da-penha-em-espirito-santo\/#breadcrumb","itemListElement":[{"@type":"ListItem","position":1,"name":"In\u00edcio","item":"https:\/\/quantocustaviajar.com\/blog\/"},{"@type":"ListItem","position":2,"name":"Mirante e restaurante charmoso te esperam na Pedra da Penha, em Esp\u00edrito Santo"}]},{"@type":"WebSite","@id":"https:\/\/quantocustaviajar.com\/blog\/#website","url":"https:\/\/quantocustaviajar.com\/blog\/","name":"Blog Quanto Custa Viajar","description":"","publisher":{"@id":"https:\/\/quantocustaviajar.com\/blog\/#organization"},"potentialAction":[{"@type":"SearchAction","target":{"@type":"EntryPoint","urlTemplate":"https:\/\/quantocustaviajar.com\/blog\/?s={search_term_string}"},"query-input":{"@type":"PropertyValueSpecification","valueRequired":true,"valueName":"search_term_string"}}],"inLanguage":"pt-BR"},{"@type":"Organization","@id":"https:\/\/quantocustaviajar.com\/blog\/#organization","name":"Quanto Custa Viajar","url":"https:\/\/quantocustaviajar.com\/blog\/","logo":{"@type":"ImageObject","inLanguage":"pt-BR","@id":"https:\/\/quantocustaviajar.com\/blog\/#\/schema\/logo\/image\/","url":"","contentUrl":"","caption":"Quanto Custa Viajar"},"image":{"@id":"https:\/\/quantocustaviajar.com\/blog\/#\/schema\/logo\/image\/"},"sameAs":["https:\/\/www.facebook.com\/quantocustaviajar"]},{"@type":"Person","@id":"https:\/\/quantocustaviajar.com\/blog\/#\/schema\/person\/1a6dd3da9d0c0a4be42652b67bea19bb","name":"Brunella Nunes","image":{"@type":"ImageObject","inLanguage":"pt-BR","@id":"https:\/\/quantocustaviajar.com\/blog\/#\/schema\/person\/image\/","url":"https:\/\/secure.gravatar.com\/avatar\/05b28dfb8a3cc7ee0dba6feefa5677f05be6d7bf4b017728fd38499092f9c282?s=96&d=mm&r=g","contentUrl":"https:\/\/secure.gravatar.com\/avatar\/05b28dfb8a3cc7ee0dba6feefa5677f05be6d7bf4b017728fd38499092f9c282?s=96&d=mm&r=g","caption":"Brunella Nunes"},"description":"Quando n\u00e3o est\u00e1 viajando pelo mundo, est\u00e1 viajando nas ideias.","sameAs":["https:\/\/www.facebook.com\/brunellapfvr\/posts","https:\/\/www.linkedin.com\/in\/brunellanunes\/"],"url":"https:\/\/quantocustaviajar.com\/blog\/author\/equipe\/"}]}},"_links":{"self":[{"href":"https:\/\/quantocustaviajar.com\/blog\/wp-json\/wp\/v2\/posts\/45691","targetHints":{"allow":["GET"]}}],"collection":[{"href":"https:\/\/quantocustaviajar.com\/blog\/wp-json\/wp\/v2\/posts"}],"about":[{"href":"https:\/\/quantocustaviajar.com\/blog\/wp-json\/wp\/v2\/types\/post"}],"author":[{"embeddable":true,"href":"https:\/\/quantocustaviajar.com\/blog\/wp-json\/wp\/v2\/users\/4"}],"replies":[{"embeddable":true,"href":"https:\/\/quantocustaviajar.com\/blog\/wp-json\/wp\/v2\/comments?post=45691"}],"version-history":[{"count":7,"href":"https:\/\/quantocustaviajar.com\/blog\/wp-json\/wp\/v2\/posts\/45691\/revisions"}],"predecessor-version":[{"id":45902,"href":"https:\/\/quantocustaviajar.com\/blog\/wp-json\/wp\/v2\/posts\/45691\/revisions\/45902"}],"wp:featuredmedia":[{"embeddable":true,"href":"https:\/\/quantocustaviajar.com\/blog\/wp-json\/wp\/v2\/media\/45747"}],"wp:attachment":[{"href":"https:\/\/quantocustaviajar.com\/blog\/wp-json\/wp\/v2\/media?parent=45691"}],"wp:term":[{"taxonomy":"category","embeddable":true,"href":"https:\/\/quantocustaviajar.com\/blog\/wp-json\/wp\/v2\/categories?post=45691"},{"taxonomy":"post_tag","embeddable":true,"href":"https:\/\/quantocustaviajar.com\/blog\/wp-json\/wp\/v2\/tags?post=45691"}],"curies":[{"name":"wp","href":"https:\/\/api.w.org\/{rel}","templated":true}]}}