{"id":45463,"date":"2020-11-03T12:45:54","date_gmt":"2020-11-03T12:45:54","guid":{"rendered":"https:\/\/quantocustaviajar.com\/blog\/?p=45463"},"modified":"2020-11-03T12:46:10","modified_gmt":"2020-11-03T12:46:10","slug":"restaurante-no-rj-isola-clientes-em-cabines-transparentes-ao-ar-livre","status":"publish","type":"post","link":"https:\/\/quantocustaviajar.com\/blog\/restaurante-no-rj-isola-clientes-em-cabines-transparentes-ao-ar-livre\/","title":{"rendered":"Restaurante no RJ isola clientes em cabines transparentes ao ar\u00a0livre"},"content":{"rendered":"\n<p>Em um per\u00edodo que ainda pede por distanciamento social, um <strong>restaurante no Rio de Janeiro<\/strong> se inspirou na Europa para isolar clientes em <strong>cabines transparentes ao ar livre<\/strong>, mantendo cada grupo, literalmente, em sua bolha. A medida \u00e9 n\u00e3o apenas mais segura, mas tamb\u00e9m inovadora.<\/p>\n\n\n\n<p>A ideia surgiu a partir da iniciativa do restaurante Mediametic Eten, na Holanda, que acabou viralizando na internet. No caso, o designer franc\u00eas Christophe Gernigon criou c\u00fapulas de vidro semelhantes a uma estufa \u00e0 beira do rio para que at\u00e9 duas pessoas possam comer uma refei\u00e7\u00e3o de forma isolada.<\/p>\n\n\n\n<p>A vers\u00e3o brasileira \u00e9 bem parecida. O <strong>Sushi das Artes<\/strong>, instalado ao redor de ao lado do grande espelho d\u2019\u00e1gua no jardim de 3 mil m\u00b2 da Funda\u00e7\u00e3o Cidade das Artes, se autodenomina como o \u201c<strong>primeiro restaurante alinhado com o \u2018novo normal\u2019<\/strong>&#8221; no Brasil.<\/p>\n\n\n\n<div class=\"wp-block-image\"><figure class=\"aligncenter\"><img loading=\"lazy\" decoding=\"async\" width=\"1024\" height=\"683\" src=\"https:\/\/quantocustaviajar.com\/blog\/wp-content\/uploads\/2020\/10\/sushi-das-artes4-1024x683.jpg\" alt=\"\" class=\"wp-image-45457\" srcset=\"https:\/\/quantocustaviajar.com\/blog\/wp-content\/uploads\/2020\/10\/sushi-das-artes4-1024x683.jpg 1024w, https:\/\/quantocustaviajar.com\/blog\/wp-content\/uploads\/2020\/10\/sushi-das-artes4-300x200.jpg 300w, https:\/\/quantocustaviajar.com\/blog\/wp-content\/uploads\/2020\/10\/sushi-das-artes4-768x512.jpg 768w, https:\/\/quantocustaviajar.com\/blog\/wp-content\/uploads\/2020\/10\/sushi-das-artes4-1920x1280.jpg 1920w, https:\/\/quantocustaviajar.com\/blog\/wp-content\/uploads\/2020\/10\/sushi-das-artes4.jpg 2048w\" sizes=\"auto, (max-width: 1024px) 100vw, 1024px\" \/><figcaption> Restaurante no RJ \u00e9 100% intimista &#8211;  Foto: divulga\u00e7\u00e3o<\/figcaption><\/figure><\/div>\n\n\n\n<p>A novidade lan\u00e7ada pelo grupo carioca QBaar em plena Barra da Tijuca \u00e9 composta por <strong>30 cabines privativas<\/strong>, com projeto projeto arquitet\u00f4nico assinado pelo escrit\u00f3rio Nossa Arquitetura, constru\u00eddas em madeira e paredes de acr\u00edlico. Os \u201cref\u00fagios\u201d abrigam <strong>grupos de at\u00e9 quatro pessoas<\/strong>, que podem fazer reserva por meio do aplicativo Get In (iOS e Android), mais seguro do que aguardar pessoalmente numa fila de espera.<\/p>\n\n\n\n<p>Para ter acesso \u00e0s refei\u00e7\u00f5es, o p\u00fablico acessa o card\u00e1pio atrav\u00e9s de um QR code na mesa e faz o pedido por meio de uma plataforma exclusiva criada pelo aplicativo da Rappi. O mesmo sistema \u00e9 incorporado ao pagamento, evitando o compartilhamento de aparelhos tecnol\u00f3gicos.&nbsp;<\/p>\n\n\n\n<blockquote class=\"wp-block-quote is-style-large is-layout-flow wp-block-quote-is-layout-flow\"><p>Um sistema de luz pode ser acionado para chamar o gar\u00e7om e um carrinho de golfe leva os clientes at\u00e9 o banheiro.<\/p><\/blockquote>\n\n\n\n<div class=\"wp-block-image\"><figure class=\"aligncenter\"><img loading=\"lazy\" decoding=\"async\" width=\"1024\" height=\"683\" src=\"https:\/\/quantocustaviajar.com\/blog\/wp-content\/uploads\/2020\/10\/sushi-das-artes2-1024x683.jpg\" alt=\"\" class=\"wp-image-45455\" srcset=\"https:\/\/quantocustaviajar.com\/blog\/wp-content\/uploads\/2020\/10\/sushi-das-artes2-1024x683.jpg 1024w, https:\/\/quantocustaviajar.com\/blog\/wp-content\/uploads\/2020\/10\/sushi-das-artes2-300x200.jpg 300w, https:\/\/quantocustaviajar.com\/blog\/wp-content\/uploads\/2020\/10\/sushi-das-artes2-768x512.jpg 768w, https:\/\/quantocustaviajar.com\/blog\/wp-content\/uploads\/2020\/10\/sushi-das-artes2-1920x1280.jpg 1920w, https:\/\/quantocustaviajar.com\/blog\/wp-content\/uploads\/2020\/10\/sushi-das-artes2.jpg 2048w\" sizes=\"auto, (max-width: 1024px) 100vw, 1024px\" \/><figcaption>Foto: divulga\u00e7\u00e3o<\/figcaption><\/figure><\/div>\n\n\n\n<p>Entre as s\u00f3cias do restaurante no RJ est\u00e1 a conhecida apresentadora <strong>Fernanda Gentil<\/strong>, que em seu perfil no Instagram anunciou a novidade, lan\u00e7ada no dia 5 de agosto de 2020. \u201cTudo pensado e calculado para proteger voc\u00eas nesse momento em que cuidar do pr\u00f3ximo \u00e9, mais do que nunca, responsabilidade social\u201d, escreveu.&nbsp;<\/p>\n\n\n\n<p>Em um container entre as casinhas funciona a cozinha, sob os cuidados do chef Maciel Paiva. <strong>Nas op\u00e7\u00f5es do menu h\u00e1 mais do que os cl\u00e1ssicos combinados de sushi e sashim<\/strong>i. Experimente come\u00e7ar o jantar com as torradinhas de salm\u00e3o finalizadas com azeite trufado e couve crispy; ou a pipoca de camar\u00e3o tempur\u00e1 com maionese apimentada da casa (R$ 29).<\/p>\n\n\n\n<div class=\"wp-block-image\"><figure class=\"aligncenter\"><img decoding=\"async\" src=\"https:\/\/quantocustaviajar.com\/blog\/wp-content\/uploads\/2020\/10\/sushi-das-artes8-819x1024.jpg\" alt=\"\" class=\"wp-image-45452\"\/><figcaption>Foto: divulga\u00e7\u00e3o<\/figcaption><\/figure><\/div>\n\n\n\n<div class=\"wp-block-image\"><figure class=\"aligncenter\"><img decoding=\"async\" src=\"https:\/\/quantocustaviajar.com\/blog\/wp-content\/uploads\/2020\/10\/sushi-das-artes5.png\" alt=\"\" class=\"wp-image-45458\"\/><figcaption>Tartar de Atum com ovas de massago e finalizado com azeite de ervas. Foto: divulga\u00e7\u00e3o<\/figcaption><\/figure><\/div>\n\n\n\n<div class=\"wp-block-image\"><figure class=\"aligncenter\"><img loading=\"lazy\" decoding=\"async\" width=\"942\" height=\"624\" src=\"https:\/\/quantocustaviajar.com\/blog\/wp-content\/uploads\/2020\/10\/sushi-das-artes.jpg\" alt=\"\" class=\"wp-image-45454\" srcset=\"https:\/\/quantocustaviajar.com\/blog\/wp-content\/uploads\/2020\/10\/sushi-das-artes.jpg 942w, https:\/\/quantocustaviajar.com\/blog\/wp-content\/uploads\/2020\/10\/sushi-das-artes-300x199.jpg 300w, https:\/\/quantocustaviajar.com\/blog\/wp-content\/uploads\/2020\/10\/sushi-das-artes-768x509.jpg 768w\" sizes=\"auto, (max-width: 942px) 100vw, 942px\" \/><figcaption>Foto: divulga\u00e7\u00e3o<\/figcaption><\/figure><\/div>\n\n\n\n<p>Para provar itens variados com <strong>pre\u00e7o mais enxuto<\/strong>, escolha um dos combos do <strong>menu degusta\u00e7\u00e3o<\/strong>. As dietas restritivas ganham espa\u00e7o no menu <strong>sem gl\u00faten<\/strong> (R$ 106), composto por uma entrada, 15 pe\u00e7as e sobremesa \u00e0 escolha do chef. A mesma composi\u00e7\u00e3o \u00e9 v\u00e1lida para os <strong>veganos<\/strong>, que desembolsam R$ 99 pelos itens sem ingredientes de origem animal.&nbsp;<\/p>\n\n\n\n<p>H\u00e1 outros<strong> pratos para <a href=\"https:\/\/quantocustaviajar.com\/blog\/12-destinos-para-viajantes-vegetarianos-e-veganos-aproveitarem-ao-redor-do-mundo\/\" target=\"_blank\" rel=\"noreferrer noopener\" aria-label=\"vegetarianos e veganos (abre numa nova aba)\">vegetarianos e veganos<\/a><\/strong>, como l\u00e2minas de pupunha no azeite de ervas (R$ 20), harumaki de legumes (R$ 17 por 3 un.) e risoto vegetariano de funghi com nir\u00e1 (R$ 51). Consulte o card\u00e1pio completo <a rel=\"noreferrer noopener\" href=\"https:\/\/www.sushidasartes.com\/cardapio\" target=\"_blank\">aqui<\/a>.<\/p>\n\n\n\n<div class=\"wp-block-image\"><figure class=\"aligncenter\"><img loading=\"lazy\" decoding=\"async\" width=\"1024\" height=\"684\" src=\"https:\/\/quantocustaviajar.com\/blog\/wp-content\/uploads\/2020\/10\/sushi-das-artes3-1024x684.jpg\" alt=\"\" class=\"wp-image-45456\" srcset=\"https:\/\/quantocustaviajar.com\/blog\/wp-content\/uploads\/2020\/10\/sushi-das-artes3-1024x684.jpg 1024w, https:\/\/quantocustaviajar.com\/blog\/wp-content\/uploads\/2020\/10\/sushi-das-artes3-300x200.jpg 300w, https:\/\/quantocustaviajar.com\/blog\/wp-content\/uploads\/2020\/10\/sushi-das-artes3-768x513.jpg 768w, https:\/\/quantocustaviajar.com\/blog\/wp-content\/uploads\/2020\/10\/sushi-das-artes3-1920x1282.jpg 1920w, https:\/\/quantocustaviajar.com\/blog\/wp-content\/uploads\/2020\/10\/sushi-das-artes3.jpg 2048w\" sizes=\"auto, (max-width: 1024px) 100vw, 1024px\" \/><figcaption>Foto: divulga\u00e7\u00e3o<\/figcaption><\/figure><\/div>\n\n\n\n<h2 class=\"wp-block-heading\">Cidade das&nbsp;Artes<\/h2>\n\n\n\n<p>A Funda\u00e7\u00e3o <strong>Cidade das Artes<\/strong> \u00e9 o maior complexo cultural da Am\u00e9rica Latina. O imponente edif\u00edcio foi planejado pelo arquiteto franc\u00eas Christian Portzamparc para abrigar m\u00faltiplas atividades art\u00edsticas, como exposi\u00e7\u00f5es, apresenta\u00e7\u00f5es de dan\u00e7a, teatro e m\u00fasica.<\/p>\n\n\n\n<p>O enorme complexo funciona como espa\u00e7o de conviv\u00eancia, concentrando salas e audit\u00f3rios, restaurante, loja, bistr\u00f4 e uma grande \u00e1rea externa. Durante a pandemia do coronav\u00edrus, o espa\u00e7o passou a incorporar um cinema drive-in, no qual os filmes s\u00e3o exibidos ao ar livre e o p\u00fablico assiste de dentro do carro.&nbsp;<\/p>\n\n\n\n<p>Agora com o Sushi das Artes contam com mais uma op\u00e7\u00e3o alternativa de entretenimento em tempos no qual toda a sociedade tem de se adaptar \u00e0s medidas de isolamento.&nbsp;<\/p>\n\n\n\n<div class=\"wp-block-image\"><figure class=\"aligncenter\"><img loading=\"lazy\" decoding=\"async\" width=\"874\" height=\"470\" src=\"https:\/\/quantocustaviajar.com\/blog\/wp-content\/uploads\/2020\/10\/cidade-das-artes-rj.jpg\" alt=\"\" class=\"wp-image-45453\" srcset=\"https:\/\/quantocustaviajar.com\/blog\/wp-content\/uploads\/2020\/10\/cidade-das-artes-rj.jpg 874w, https:\/\/quantocustaviajar.com\/blog\/wp-content\/uploads\/2020\/10\/cidade-das-artes-rj-300x161.jpg 300w, https:\/\/quantocustaviajar.com\/blog\/wp-content\/uploads\/2020\/10\/cidade-das-artes-rj-768x413.jpg 768w\" sizes=\"auto, (max-width: 874px) 100vw, 874px\" \/><figcaption>Foto: divulga\u00e7\u00e3o<\/figcaption><\/figure><\/div>\n\n\n\n<h3 class=\"wp-block-heading\">Vai l\u00e1!<\/h3>\n\n\n\n<p>Sushi das Artes&nbsp;<br>Av. das Am\u00e9ricas, 5300\u200a\u2014\u200aBarra da Tijuca, Rio de Janeiro<\/p>\n\n\n\n<p>Reservas online pelo aplicativo Get In<br>Estacionamento: pago no local<br>Funcionamento: ter\u00e7a, quarta e domingo, das 18h \u00e0s 23h; quinta a s\u00e1bado, das 18h \u00e0s 00h30.&nbsp;<\/p>\n\n\n\n<p> \ud83c\udf3f op\u00e7\u00f5es veganas\/vegetarianas | \ud83d\udc95 jantar rom\u00e2ntico |\ud83d\ude8c transporte p\u00fablico pr\u00f3ximo | \ud83c\udf1e ao ar livre<\/p>\n\n\n\n<div class=\"wp-block-image\"><figure class=\"aligncenter\"><img loading=\"lazy\" decoding=\"async\" width=\"1024\" height=\"683\" src=\"https:\/\/quantocustaviajar.com\/blog\/wp-content\/uploads\/2020\/10\/restaurante-rj-casas-de-vidro-1024x683.jpg\" alt=\"\" class=\"wp-image-45464\" srcset=\"https:\/\/quantocustaviajar.com\/blog\/wp-content\/uploads\/2020\/10\/restaurante-rj-casas-de-vidro-1024x683.jpg 1024w, https:\/\/quantocustaviajar.com\/blog\/wp-content\/uploads\/2020\/10\/restaurante-rj-casas-de-vidro-300x200.jpg 300w, https:\/\/quantocustaviajar.com\/blog\/wp-content\/uploads\/2020\/10\/restaurante-rj-casas-de-vidro-768x512.jpg 768w, https:\/\/quantocustaviajar.com\/blog\/wp-content\/uploads\/2020\/10\/restaurante-rj-casas-de-vidro-1920x1280.jpg 1920w, https:\/\/quantocustaviajar.com\/blog\/wp-content\/uploads\/2020\/10\/restaurante-rj-casas-de-vidro.jpg 2048w\" sizes=\"auto, (max-width: 1024px) 100vw, 1024px\" \/><figcaption>Mesas ao ar livre e clima rom\u00e2ntico no restaurante no RJ &#8211; Foto: divulga\u00e7\u00e3o<\/figcaption><\/figure><\/div>\n\n\n\n<figure class=\"wp-block-embed-wordpress wp-block-embed is-type-wp-embed is-provider-blog-quanto-custa-viajar\"><div class=\"wp-block-embed__wrapper\">\n<blockquote class=\"wp-embedded-content\" data-secret=\"U0z70YyQYE\"><a href=\"https:\/\/quantocustaviajar.com\/blog\/passeios-romanticos-no-rio-de-janeiro\/\">12 passeios rom\u00e2nticos para fazer no Rio de Janeiro<\/a><\/blockquote><iframe loading=\"lazy\" class=\"wp-embedded-content\" sandbox=\"allow-scripts\" security=\"restricted\" style=\"position: absolute; visibility: hidden;\" title=\"&#8220;12 passeios rom\u00e2nticos para fazer no Rio de Janeiro&#8221; &#8212; Blog Quanto Custa Viajar\" src=\"https:\/\/quantocustaviajar.com\/blog\/passeios-romanticos-no-rio-de-janeiro\/embed\/#?secret=qaBDT0qVkc#?secret=U0z70YyQYE\" data-secret=\"U0z70YyQYE\" width=\"600\" height=\"338\" frameborder=\"0\" marginwidth=\"0\" marginheight=\"0\" scrolling=\"no\"><\/iframe>\n<\/div><\/figure>\n","protected":false},"excerpt":{"rendered":"<p>Em um per\u00edodo que ainda pede por distanciamento social, um restaurante no Rio de Janeiro se inspirou na Europa para isolar clientes em cabines transparentes ao ar livre, mantendo cada grupo, literalmente, em sua bolha. A medida \u00e9 n\u00e3o apenas mais segura, mas tamb\u00e9m inovadora. A ideia surgiu a partir da iniciativa do restaurante Mediametic [&hellip;]<\/p>\n","protected":false},"author":4,"featured_media":45465,"comment_status":"open","ping_status":"open","sticky":false,"template":"","format":"standard","meta":{"cybocfi_hide_featured_image":"","footnotes":""},"categories":[1435,1182],"tags":[1013,235,2604,286,141,85,236],"class_list":["post-45463","post","type-post","status-publish","format-standard","has-post-thumbnail","hentry","category-comes-bebes","category-dica-cool","tag-ao-ar-livre","tag-casal","tag-coronavirus","tag-onde-comer","tag-restaurantes","tag-rio-de-janeiro","tag-romantico"],"blocksy_meta":[],"yoast_head":"<!-- This site is optimized with the Yoast SEO plugin v26.3 - https:\/\/yoast.com\/wordpress\/plugins\/seo\/ -->\n<title>Restaurante no RJ isola clientes em cabines transparentes ao ar\u00a0livre - Blog Quanto Custa Viajar<\/title>\n<meta name=\"description\" content=\"Em um per\u00edodo que ainda pede por distanciamento social, um restaurante no RJ optou por isolar clientes em cabines transparentes e criativas ao ar livre\" \/>\n<meta name=\"robots\" content=\"index, follow, max-snippet:-1, max-image-preview:large, max-video-preview:-1\" \/>\n<link rel=\"canonical\" href=\"https:\/\/quantocustaviajar.com\/blog\/restaurante-no-rj-isola-clientes-em-cabines-transparentes-ao-ar-livre\/\" \/>\n<meta property=\"og:locale\" content=\"pt_BR\" \/>\n<meta property=\"og:type\" content=\"article\" \/>\n<meta property=\"og:title\" content=\"Restaurante no RJ isola clientes em cabines transparentes ao ar\u00a0livre - Blog Quanto Custa Viajar\" \/>\n<meta property=\"og:description\" content=\"Em um per\u00edodo que ainda pede por distanciamento social, um restaurante no RJ optou por isolar clientes em cabines transparentes e criativas ao ar livre\" \/>\n<meta property=\"og:url\" content=\"https:\/\/quantocustaviajar.com\/blog\/restaurante-no-rj-isola-clientes-em-cabines-transparentes-ao-ar-livre\/\" \/>\n<meta property=\"og:site_name\" content=\"Blog Quanto Custa Viajar\" \/>\n<meta property=\"article:publisher\" content=\"https:\/\/www.facebook.com\/quantocustaviajar\" \/>\n<meta property=\"article:author\" content=\"https:\/\/www.facebook.com\/brunellapfvr\/posts\" \/>\n<meta property=\"article:published_time\" content=\"2020-11-03T12:45:54+00:00\" \/>\n<meta property=\"article:modified_time\" content=\"2020-11-03T12:46:10+00:00\" \/>\n<meta property=\"og:image\" content=\"https:\/\/quantocustaviajar.com\/blog\/wp-content\/uploads\/2020\/10\/restaurante-rj-isolamento.jpg\" \/>\n\t<meta property=\"og:image:width\" content=\"2048\" \/>\n\t<meta property=\"og:image:height\" content=\"1365\" \/>\n\t<meta property=\"og:image:type\" content=\"image\/jpeg\" \/>\n<meta name=\"author\" content=\"Brunella Nunes\" \/>\n<meta name=\"twitter:card\" content=\"summary_large_image\" \/>\n<meta name=\"twitter:label1\" content=\"Escrito por\" \/>\n\t<meta name=\"twitter:data1\" content=\"Brunella Nunes\" \/>\n\t<meta name=\"twitter:label2\" content=\"Est. tempo de leitura\" \/>\n\t<meta name=\"twitter:data2\" content=\"4 minutos\" \/>\n<!-- \/ Yoast SEO plugin. -->","yoast_head_json":{"title":"Restaurante no RJ isola clientes em cabines transparentes ao ar\u00a0livre - Blog Quanto Custa Viajar","description":"Em um per\u00edodo que ainda pede por distanciamento social, um restaurante no RJ optou por isolar clientes em cabines transparentes e criativas ao ar livre","robots":{"index":"index","follow":"follow","max-snippet":"max-snippet:-1","max-image-preview":"max-image-preview:large","max-video-preview":"max-video-preview:-1"},"canonical":"https:\/\/quantocustaviajar.com\/blog\/restaurante-no-rj-isola-clientes-em-cabines-transparentes-ao-ar-livre\/","og_locale":"pt_BR","og_type":"article","og_title":"Restaurante no RJ isola clientes em cabines transparentes ao ar\u00a0livre - Blog Quanto Custa Viajar","og_description":"Em um per\u00edodo que ainda pede por distanciamento social, um restaurante no RJ optou por isolar clientes em cabines transparentes e criativas ao ar livre","og_url":"https:\/\/quantocustaviajar.com\/blog\/restaurante-no-rj-isola-clientes-em-cabines-transparentes-ao-ar-livre\/","og_site_name":"Blog Quanto Custa Viajar","article_publisher":"https:\/\/www.facebook.com\/quantocustaviajar","article_author":"https:\/\/www.facebook.com\/brunellapfvr\/posts","article_published_time":"2020-11-03T12:45:54+00:00","article_modified_time":"2020-11-03T12:46:10+00:00","og_image":[{"width":2048,"height":1365,"url":"https:\/\/quantocustaviajar.com\/blog\/wp-content\/uploads\/2020\/10\/restaurante-rj-isolamento.jpg","type":"image\/jpeg"}],"author":"Brunella Nunes","twitter_card":"summary_large_image","twitter_misc":{"Escrito por":"Brunella Nunes","Est. tempo de leitura":"4 minutos"},"schema":{"@context":"https:\/\/schema.org","@graph":[{"@type":["Article","BlogPosting"],"@id":"https:\/\/quantocustaviajar.com\/blog\/restaurante-no-rj-isola-clientes-em-cabines-transparentes-ao-ar-livre\/#article","isPartOf":{"@id":"https:\/\/quantocustaviajar.com\/blog\/restaurante-no-rj-isola-clientes-em-cabines-transparentes-ao-ar-livre\/"},"author":{"name":"Brunella Nunes","@id":"https:\/\/quantocustaviajar.com\/blog\/#\/schema\/person\/1a6dd3da9d0c0a4be42652b67bea19bb"},"headline":"Restaurante no RJ isola clientes em cabines transparentes ao ar\u00a0livre","datePublished":"2020-11-03T12:45:54+00:00","dateModified":"2020-11-03T12:46:10+00:00","mainEntityOfPage":{"@id":"https:\/\/quantocustaviajar.com\/blog\/restaurante-no-rj-isola-clientes-em-cabines-transparentes-ao-ar-livre\/"},"wordCount":767,"commentCount":0,"publisher":{"@id":"https:\/\/quantocustaviajar.com\/blog\/#organization"},"image":{"@id":"https:\/\/quantocustaviajar.com\/blog\/restaurante-no-rj-isola-clientes-em-cabines-transparentes-ao-ar-livre\/#primaryimage"},"thumbnailUrl":"https:\/\/quantocustaviajar.com\/blog\/wp-content\/uploads\/2020\/10\/restaurante-rj-isolamento.jpg","keywords":["ao ar livre","casal","coronavirus","onde comer","restaurantes","rio de janeiro","rom\u00e2ntico"],"articleSection":["Comes &amp; Bebes","Dica cool"],"inLanguage":"pt-BR","potentialAction":[{"@type":"CommentAction","name":"Comment","target":["https:\/\/quantocustaviajar.com\/blog\/restaurante-no-rj-isola-clientes-em-cabines-transparentes-ao-ar-livre\/#respond"]}]},{"@type":"WebPage","@id":"https:\/\/quantocustaviajar.com\/blog\/restaurante-no-rj-isola-clientes-em-cabines-transparentes-ao-ar-livre\/","url":"https:\/\/quantocustaviajar.com\/blog\/restaurante-no-rj-isola-clientes-em-cabines-transparentes-ao-ar-livre\/","name":"Restaurante no RJ isola clientes em cabines transparentes ao ar\u00a0livre - Blog Quanto Custa Viajar","isPartOf":{"@id":"https:\/\/quantocustaviajar.com\/blog\/#website"},"primaryImageOfPage":{"@id":"https:\/\/quantocustaviajar.com\/blog\/restaurante-no-rj-isola-clientes-em-cabines-transparentes-ao-ar-livre\/#primaryimage"},"image":{"@id":"https:\/\/quantocustaviajar.com\/blog\/restaurante-no-rj-isola-clientes-em-cabines-transparentes-ao-ar-livre\/#primaryimage"},"thumbnailUrl":"https:\/\/quantocustaviajar.com\/blog\/wp-content\/uploads\/2020\/10\/restaurante-rj-isolamento.jpg","datePublished":"2020-11-03T12:45:54+00:00","dateModified":"2020-11-03T12:46:10+00:00","description":"Em um per\u00edodo que ainda pede por distanciamento social, um restaurante no RJ optou por isolar clientes em cabines transparentes e criativas ao ar livre","breadcrumb":{"@id":"https:\/\/quantocustaviajar.com\/blog\/restaurante-no-rj-isola-clientes-em-cabines-transparentes-ao-ar-livre\/#breadcrumb"},"inLanguage":"pt-BR","potentialAction":[{"@type":"ReadAction","target":["https:\/\/quantocustaviajar.com\/blog\/restaurante-no-rj-isola-clientes-em-cabines-transparentes-ao-ar-livre\/"]}]},{"@type":"ImageObject","inLanguage":"pt-BR","@id":"https:\/\/quantocustaviajar.com\/blog\/restaurante-no-rj-isola-clientes-em-cabines-transparentes-ao-ar-livre\/#primaryimage","url":"https:\/\/quantocustaviajar.com\/blog\/wp-content\/uploads\/2020\/10\/restaurante-rj-isolamento.jpg","contentUrl":"https:\/\/quantocustaviajar.com\/blog\/wp-content\/uploads\/2020\/10\/restaurante-rj-isolamento.jpg","width":2048,"height":1365,"caption":"Foto: divulga\u00e7\u00e3o"},{"@type":"BreadcrumbList","@id":"https:\/\/quantocustaviajar.com\/blog\/restaurante-no-rj-isola-clientes-em-cabines-transparentes-ao-ar-livre\/#breadcrumb","itemListElement":[{"@type":"ListItem","position":1,"name":"In\u00edcio","item":"https:\/\/quantocustaviajar.com\/blog\/"},{"@type":"ListItem","position":2,"name":"Restaurante no RJ isola clientes em cabines transparentes ao ar\u00a0livre"}]},{"@type":"WebSite","@id":"https:\/\/quantocustaviajar.com\/blog\/#website","url":"https:\/\/quantocustaviajar.com\/blog\/","name":"Blog Quanto Custa Viajar","description":"","publisher":{"@id":"https:\/\/quantocustaviajar.com\/blog\/#organization"},"potentialAction":[{"@type":"SearchAction","target":{"@type":"EntryPoint","urlTemplate":"https:\/\/quantocustaviajar.com\/blog\/?s={search_term_string}"},"query-input":{"@type":"PropertyValueSpecification","valueRequired":true,"valueName":"search_term_string"}}],"inLanguage":"pt-BR"},{"@type":"Organization","@id":"https:\/\/quantocustaviajar.com\/blog\/#organization","name":"Quanto Custa Viajar","url":"https:\/\/quantocustaviajar.com\/blog\/","logo":{"@type":"ImageObject","inLanguage":"pt-BR","@id":"https:\/\/quantocustaviajar.com\/blog\/#\/schema\/logo\/image\/","url":"","contentUrl":"","caption":"Quanto Custa Viajar"},"image":{"@id":"https:\/\/quantocustaviajar.com\/blog\/#\/schema\/logo\/image\/"},"sameAs":["https:\/\/www.facebook.com\/quantocustaviajar"]},{"@type":"Person","@id":"https:\/\/quantocustaviajar.com\/blog\/#\/schema\/person\/1a6dd3da9d0c0a4be42652b67bea19bb","name":"Brunella Nunes","image":{"@type":"ImageObject","inLanguage":"pt-BR","@id":"https:\/\/quantocustaviajar.com\/blog\/#\/schema\/person\/image\/","url":"https:\/\/secure.gravatar.com\/avatar\/05b28dfb8a3cc7ee0dba6feefa5677f05be6d7bf4b017728fd38499092f9c282?s=96&d=mm&r=g","contentUrl":"https:\/\/secure.gravatar.com\/avatar\/05b28dfb8a3cc7ee0dba6feefa5677f05be6d7bf4b017728fd38499092f9c282?s=96&d=mm&r=g","caption":"Brunella Nunes"},"description":"Quando n\u00e3o est\u00e1 viajando pelo mundo, est\u00e1 viajando nas ideias.","sameAs":["https:\/\/www.facebook.com\/brunellapfvr\/posts","https:\/\/www.linkedin.com\/in\/brunellanunes\/"],"url":"https:\/\/quantocustaviajar.com\/blog\/author\/equipe\/"}]}},"_links":{"self":[{"href":"https:\/\/quantocustaviajar.com\/blog\/wp-json\/wp\/v2\/posts\/45463","targetHints":{"allow":["GET"]}}],"collection":[{"href":"https:\/\/quantocustaviajar.com\/blog\/wp-json\/wp\/v2\/posts"}],"about":[{"href":"https:\/\/quantocustaviajar.com\/blog\/wp-json\/wp\/v2\/types\/post"}],"author":[{"embeddable":true,"href":"https:\/\/quantocustaviajar.com\/blog\/wp-json\/wp\/v2\/users\/4"}],"replies":[{"embeddable":true,"href":"https:\/\/quantocustaviajar.com\/blog\/wp-json\/wp\/v2\/comments?post=45463"}],"version-history":[{"count":4,"href":"https:\/\/quantocustaviajar.com\/blog\/wp-json\/wp\/v2\/posts\/45463\/revisions"}],"predecessor-version":[{"id":45682,"href":"https:\/\/quantocustaviajar.com\/blog\/wp-json\/wp\/v2\/posts\/45463\/revisions\/45682"}],"wp:featuredmedia":[{"embeddable":true,"href":"https:\/\/quantocustaviajar.com\/blog\/wp-json\/wp\/v2\/media\/45465"}],"wp:attachment":[{"href":"https:\/\/quantocustaviajar.com\/blog\/wp-json\/wp\/v2\/media?parent=45463"}],"wp:term":[{"taxonomy":"category","embeddable":true,"href":"https:\/\/quantocustaviajar.com\/blog\/wp-json\/wp\/v2\/categories?post=45463"},{"taxonomy":"post_tag","embeddable":true,"href":"https:\/\/quantocustaviajar.com\/blog\/wp-json\/wp\/v2\/tags?post=45463"}],"curies":[{"name":"wp","href":"https:\/\/api.w.org\/{rel}","templated":true}]}}