{"id":45338,"date":"2020-10-19T12:29:19","date_gmt":"2020-10-19T12:29:19","guid":{"rendered":"https:\/\/quantocustaviajar.com\/blog\/?p=45338"},"modified":"2021-04-28T13:49:05","modified_gmt":"2021-04-28T13:49:05","slug":"skygass-ferradura-ponte-de-vidro-em-canela","status":"publish","type":"post","link":"https:\/\/quantocustaviajar.com\/blog\/skygass-ferradura-ponte-de-vidro-em-canela\/","title":{"rendered":"SkyGlass Ferradura: ponte de vidro em Canela tem 360 metros de altura e trilho com cadeiras suspesas"},"content":{"rendered":"\n<p>Pontes de vidro s\u00e3o atra\u00e7\u00f5es que exigem muita coragem al\u00e9m de chamar bastante a aten\u00e7\u00e3o de viajantes. Quem nunca viu um v\u00eddeo na internet de pessoas caminhando impressionadas ou at\u00e9 mesmo com certa afli\u00e7\u00e3o a mais de 300 metros de altura nesses caminhos transparentes? A boa not\u00edcia \u00e9 que, agora, o Brasil tem a primeira passarela de vidro desse tipo: a <strong>SkyGlass Ferradura<\/strong>, em <strong><a rel=\"noreferrer noopener\" aria-label=\" (abre numa nova aba)\" href=\"https:\/\/quantocustaviajar.com\/brasil\/canela\" target=\"_blank\">Canela<\/a><\/strong>.<\/p>\n\n\n\n<p>Este \u00e9 um dos maiores empreendimentos tur\u00edsticos da Am\u00e9rica Latina e um marco para Canela e para o Brasil, j\u00e1 que essas atra\u00e7\u00f5es eram vistas apenas no exterior, como a Glacier Skywalk, no Canad\u00e1; ou a ponte de vidro no Grand Canyon, nos EUA.<\/p>\n\n\n\n<p>Dessa forma, a Serra Ga\u00facha se posiciona cada vez mais como um destino tur\u00edstico de peso no pa\u00eds, proporcionando experi\u00eancias de viagem cada vez mais sensacionais!<\/p>\n\n\n\n<blockquote class=\"wp-block-quote is-layout-flow wp-block-quote-is-layout-flow\"><p><a rel=\"noreferrer noopener\" aria-label=\"Veja aqui onde se hospedar em Canela (abre numa nova aba)\" href=\"https:\/\/www.booking.com\/city\/br\/canela-rs-000.pt-br.html?aid=2161834\" target=\"_blank\">Veja aqui onde se hospedar em Canela<\/a><\/p><\/blockquote>\n\n\n\n<h2 class=\"wp-block-heading\">SkyGlass Ferradura: a primeira ponte de vidro no Brasil<\/h2>\n\n\n\n<div class=\"wp-block-image\"><figure class=\"aligncenter\"><img loading=\"lazy\" decoding=\"async\" width=\"1024\" height=\"576\" src=\"https:\/\/quantocustaviajar.com\/blog\/wp-content\/uploads\/2020\/10\/skyglass-ferradura-4-1024x576.png\" alt=\"skyglass ferradura\" class=\"wp-image-45339\" srcset=\"https:\/\/quantocustaviajar.com\/blog\/wp-content\/uploads\/2020\/10\/skyglass-ferradura-4-1024x576.png 1024w, https:\/\/quantocustaviajar.com\/blog\/wp-content\/uploads\/2020\/10\/skyglass-ferradura-4-300x169.png 300w, https:\/\/quantocustaviajar.com\/blog\/wp-content\/uploads\/2020\/10\/skyglass-ferradura-4-768x432.png 768w, https:\/\/quantocustaviajar.com\/blog\/wp-content\/uploads\/2020\/10\/skyglass-ferradura-4.png 1080w\" sizes=\"auto, (max-width: 1024px) 100vw, 1024px\" \/><figcaption>Foto: divulga\u00e7\u00e3o<\/figcaption><\/figure><\/div>\n\n\n\n<p>Localizada no antigo Parque da Ferradura, na zona rural de <a href=\"https:\/\/quantocustaviajar.com\/brasil\/canela\" target=\"_blank\" rel=\"noreferrer noopener\" aria-label=\" (abre numa nova aba)\">Canela<\/a>, a SkyGlass Ferradura ter\u00e1 35 metros de comprimento com 360 metros de altura. A capacidade permitida de seguran\u00e7a garantir\u00e1 que at\u00e9 130 pessoas estejam ao mesmo tempo no empreendimento.<\/p>\n\n\n\n<p>Uma preocupa\u00e7\u00e3o bacana durante a constru\u00e7\u00e3o \u00e9 que a base de\nvidro fica acima de todas as \u00e1rvores, sem encostar em nenhuma delas. Isso\nenvolveu todo um trabalho e conscientiza\u00e7\u00e3o para n\u00e3o prejudicar a natureza.<\/p>\n\n\n\n<div class=\"wp-block-image\"><figure class=\"aligncenter\"><img loading=\"lazy\" decoding=\"async\" width=\"828\" height=\"315\" src=\"https:\/\/quantocustaviajar.com\/blog\/wp-content\/uploads\/2020\/10\/skyglass-ferradura-5.jpg\" alt=\"skyglass ferradura\" class=\"wp-image-45340\" srcset=\"https:\/\/quantocustaviajar.com\/blog\/wp-content\/uploads\/2020\/10\/skyglass-ferradura-5.jpg 828w, https:\/\/quantocustaviajar.com\/blog\/wp-content\/uploads\/2020\/10\/skyglass-ferradura-5-300x114.jpg 300w, https:\/\/quantocustaviajar.com\/blog\/wp-content\/uploads\/2020\/10\/skyglass-ferradura-5-768x292.jpg 768w\" sizes=\"auto, (max-width: 828px) 100vw, 828px\" \/><figcaption>Foto: divulga\u00e7\u00e3o<\/figcaption><\/figure><\/div>\n\n\n\n<div class=\"wp-block-image\"><figure class=\"aligncenter\"><img loading=\"lazy\" decoding=\"async\" width=\"1024\" height=\"576\" src=\"https:\/\/quantocustaviajar.com\/blog\/wp-content\/uploads\/2020\/10\/skyglass-ferradura-3-1024x576.jpg\" alt=\"skyglass ferradura\" class=\"wp-image-45341\" srcset=\"https:\/\/quantocustaviajar.com\/blog\/wp-content\/uploads\/2020\/10\/skyglass-ferradura-3-1024x576.jpg 1024w, https:\/\/quantocustaviajar.com\/blog\/wp-content\/uploads\/2020\/10\/skyglass-ferradura-3-300x169.jpg 300w, https:\/\/quantocustaviajar.com\/blog\/wp-content\/uploads\/2020\/10\/skyglass-ferradura-3-768x432.jpg 768w, https:\/\/quantocustaviajar.com\/blog\/wp-content\/uploads\/2020\/10\/skyglass-ferradura-3.jpg 1080w\" sizes=\"auto, (max-width: 1024px) 100vw, 1024px\" \/><figcaption>Foto: divulga\u00e7\u00e3o<\/figcaption><\/figure><\/div>\n\n\n\n<p>A passarela de vidro no Brasil tem estilo ponte suspensa sustentada por cabos de a\u00e7o, sendo a \u00fanica no mundo feita com essas caracter\u00edsticas. O investimento para a constru\u00e7\u00e3o desta atra\u00e7\u00e3o foi de R$ 30 milh\u00f5es!<\/p>\n\n\n\n<p>L\u00e1 do alto, os visitantes ter\u00e3o vista privilegiada do Rio\nCa\u00ed e poder\u00e3o apreciar toda a beleza do C\u00e2nion da Ferradura.<\/p>\n\n\n\n<div class=\"wp-block-image\"><figure class=\"aligncenter\"><img loading=\"lazy\" decoding=\"async\" width=\"819\" height=\"1024\" src=\"https:\/\/quantocustaviajar.com\/blog\/wp-content\/uploads\/2020\/10\/skyglass-ferradura-8-819x1024.jpg\" alt=\"\" class=\"wp-image-45342\" srcset=\"https:\/\/quantocustaviajar.com\/blog\/wp-content\/uploads\/2020\/10\/skyglass-ferradura-8-819x1024.jpg 819w, https:\/\/quantocustaviajar.com\/blog\/wp-content\/uploads\/2020\/10\/skyglass-ferradura-8-240x300.jpg 240w, https:\/\/quantocustaviajar.com\/blog\/wp-content\/uploads\/2020\/10\/skyglass-ferradura-8-768x960.jpg 768w, https:\/\/quantocustaviajar.com\/blog\/wp-content\/uploads\/2020\/10\/skyglass-ferradura-8.jpg 864w\" sizes=\"auto, (max-width: 819px) 100vw, 819px\" \/><figcaption>Foto: divulga\u00e7\u00e3o<\/figcaption><\/figure><\/div>\n\n\n\n<div class=\"wp-block-image\"><figure class=\"aligncenter\"><img loading=\"lazy\" decoding=\"async\" width=\"819\" height=\"1024\" src=\"https:\/\/quantocustaviajar.com\/blog\/wp-content\/uploads\/2020\/10\/skyglass-ferradura-7-819x1024.jpg\" alt=\"skyglass ferradura\" class=\"wp-image-45343\" srcset=\"https:\/\/quantocustaviajar.com\/blog\/wp-content\/uploads\/2020\/10\/skyglass-ferradura-7-819x1024.jpg 819w, https:\/\/quantocustaviajar.com\/blog\/wp-content\/uploads\/2020\/10\/skyglass-ferradura-7-240x300.jpg 240w, https:\/\/quantocustaviajar.com\/blog\/wp-content\/uploads\/2020\/10\/skyglass-ferradura-7-768x960.jpg 768w, https:\/\/quantocustaviajar.com\/blog\/wp-content\/uploads\/2020\/10\/skyglass-ferradura-7.jpg 864w\" sizes=\"auto, (max-width: 819px) 100vw, 819px\" \/><figcaption>Foto: divulga\u00e7\u00e3o<\/figcaption><\/figure><\/div>\n\n\n\n<p>N\u00e3o bastasse ter essa sensa\u00e7\u00e3o de frio na barriga, caminhando sob o vidro transparente com essa vista incr\u00edvel para as montanhas, os visitantes ainda ter\u00e3o outra forma de contemplar a natureza. <\/p>\n\n\n\n<p>Isso porque, no local, ser\u00e1 constru\u00eddo uma esp\u00e9cie de telef\u00e9rico que recebeu o nome de Abusado! <strong><a href=\"https:\/\/www.skyglasscanela.com.br\/\/abusado\" target=\"_blank\" rel=\"noreferrer noopener\" aria-label=\" (abre numa nova aba)\">Confira fotos, v\u00eddeos e informa\u00e7\u00f5es no site da atra\u00e7\u00e3o<\/a><\/strong><\/p>\n\n\n\n<div class=\"wp-block-image\"><figure class=\"aligncenter\"><img loading=\"lazy\" decoding=\"async\" width=\"768\" height=\"960\" src=\"https:\/\/quantocustaviajar.com\/blog\/wp-content\/uploads\/2020\/10\/skyglass-ferradura-1.jpg\" alt=\"skyglass ferradura abusado\" class=\"wp-image-45345\" srcset=\"https:\/\/quantocustaviajar.com\/blog\/wp-content\/uploads\/2020\/10\/skyglass-ferradura-1.jpg 768w, https:\/\/quantocustaviajar.com\/blog\/wp-content\/uploads\/2020\/10\/skyglass-ferradura-1-240x300.jpg 240w\" sizes=\"auto, (max-width: 768px) 100vw, 768px\" \/><figcaption>Foto: divulga\u00e7\u00e3o<\/figcaption><\/figure><\/div>\n\n\n\n<div class=\"wp-block-image\"><figure class=\"aligncenter\"><img loading=\"lazy\" decoding=\"async\" width=\"768\" height=\"960\" src=\"https:\/\/quantocustaviajar.com\/blog\/wp-content\/uploads\/2020\/10\/skyglass-ferradura-2.jpg\" alt=\"skyglass ferradura abusado\" class=\"wp-image-45344\" srcset=\"https:\/\/quantocustaviajar.com\/blog\/wp-content\/uploads\/2020\/10\/skyglass-ferradura-2.jpg 768w, https:\/\/quantocustaviajar.com\/blog\/wp-content\/uploads\/2020\/10\/skyglass-ferradura-2-240x300.jpg 240w\" sizes=\"auto, (max-width: 768px) 100vw, 768px\" \/><figcaption>Foto: divulga\u00e7\u00e3o<\/figcaption><\/figure><\/div>\n\n\n\n<p>Esse monotrilho fica na parte inferior da SkyGlass Ferradura e tem 10 cadeiras suspensas que levar\u00e3o os visitantes em passeios que oferecer\u00e3o uma experi\u00eancia de total liberdade.<\/p>\n\n\n\n<p>Al\u00e9m destas duas atra\u00e7\u00f5es, o parque vai oferecer ampla \u00e1rea verde para passear e ter contato com a natureza; espa\u00e7os para educa\u00e7\u00e3o ambiental por meio de tecnologias; o Memorial do Ferro de Passar, um resgate hist\u00f3rico com mais de 300 pe\u00e7as exclusivas; al\u00e9m de lanchonetes e lojas.<\/p>\n\n\n\n<h2 class=\"wp-block-heading\">Quanto custa a SkyGlass Ferradura<\/h2>\n\n\n\n<p>Os pre\u00e7os indicados foram atualizados dia 28\/04<\/p>\n\n\n\n<p>A entrada para o parque custa R$40. <\/p>\n\n\n\n<p>Parque + plataforma \u00e9 R$85<\/p>\n\n\n\n<p>Parque + Abusado R$110<\/p>\n\n\n\n<p>Parque + plataforma + Abusado R$160<\/p>\n\n\n\n<p><a href=\"http:\/\/lojaskyglasscanela.com.br\/\" target=\"_blank\" rel=\"noreferrer noopener\" aria-label=\"Voc\u00ea pode comprar online seu ingresso (abre numa nova aba)\">Voc\u00ea pode comprar online seu ingresso<\/a><\/p>\n\n\n\n<figure class=\"wp-block-embed-youtube wp-block-embed is-type-video is-provider-youtube wp-embed-aspect-16-9 wp-has-aspect-ratio\"><div class=\"wp-block-embed__wrapper\">\n<iframe loading=\"lazy\" title=\"INCR\u00cdVEL!!! No SkyGlass Canela voc\u00ea fica suspenso a 360 metros no Vale da Ferradura na Serra Ga\u00facha!\" width=\"1290\" height=\"726\" src=\"https:\/\/www.youtube.com\/embed\/ciIqHnRoIno?feature=oembed\" frameborder=\"0\" allow=\"accelerometer; autoplay; clipboard-write; encrypted-media; gyroscope; picture-in-picture; web-share\" referrerpolicy=\"strict-origin-when-cross-origin\" allowfullscreen><\/iframe>\n<\/div><\/figure>\n","protected":false},"excerpt":{"rendered":"<p>Pontes de vidro s\u00e3o atra\u00e7\u00f5es que exigem muita coragem al\u00e9m de chamar bastante a aten\u00e7\u00e3o de viajantes. Quem nunca viu um v\u00eddeo na internet de pessoas caminhando impressionadas ou at\u00e9 mesmo com certa afli\u00e7\u00e3o a mais de 300 metros de altura nesses caminhos transparentes? A boa not\u00edcia \u00e9 que, agora, o Brasil tem a primeira [&hellip;]<\/p>\n","protected":false},"author":11,"featured_media":45339,"comment_status":"open","ping_status":"open","sticky":false,"template":"","format":"standard","meta":{"cybocfi_hide_featured_image":"","footnotes":""},"categories":[1437,1434],"tags":[1943,517,1924,1578],"class_list":["post-45338","post","type-post","status-publish","format-standard","has-post-thumbnail","hentry","category-ao-ar-livre","category-descubra-brasil","tag-atracao","tag-canela","tag-panoramica","tag-riograndedosul"],"blocksy_meta":[],"yoast_head":"<!-- This site is optimized with the Yoast SEO plugin v26.3 - https:\/\/yoast.com\/wordpress\/plugins\/seo\/ -->\n<title>SkyGlass Ferradura: ponte de vidro em Canela tem 360 metros de altura e trilho<\/title>\n<meta name=\"description\" content=\"Esta ponte de vidro ser\u00e1 a primeira da Am\u00e9rica Latina e ter\u00e1 35 metros de comprimento. Saiba mais sobre a SkyGlass Ferradura, em Canela na Serra Ga\u00facha.\" \/>\n<meta name=\"robots\" content=\"index, follow, max-snippet:-1, max-image-preview:large, max-video-preview:-1\" \/>\n<link rel=\"canonical\" href=\"https:\/\/quantocustaviajar.com\/blog\/skygass-ferradura-ponte-de-vidro-em-canela\/\" \/>\n<meta property=\"og:locale\" content=\"pt_BR\" \/>\n<meta property=\"og:type\" content=\"article\" \/>\n<meta property=\"og:title\" content=\"SkyGlass Ferradura: ponte de vidro em Canela tem 360 metros de altura e trilho\" \/>\n<meta property=\"og:description\" content=\"Esta ponte de vidro ser\u00e1 a primeira da Am\u00e9rica Latina e ter\u00e1 35 metros de comprimento. Saiba mais sobre a SkyGlass Ferradura, em Canela na Serra Ga\u00facha.\" \/>\n<meta property=\"og:url\" content=\"https:\/\/quantocustaviajar.com\/blog\/skygass-ferradura-ponte-de-vidro-em-canela\/\" \/>\n<meta property=\"og:site_name\" content=\"Blog Quanto Custa Viajar\" \/>\n<meta property=\"article:publisher\" content=\"https:\/\/www.facebook.com\/quantocustaviajar\" \/>\n<meta property=\"article:published_time\" content=\"2020-10-19T12:29:19+00:00\" \/>\n<meta property=\"article:modified_time\" content=\"2021-04-28T13:49:05+00:00\" \/>\n<meta property=\"og:image\" content=\"https:\/\/quantocustaviajar.com\/blog\/wp-content\/uploads\/2020\/10\/skyglass-ferradura-4.png\" \/>\n\t<meta property=\"og:image:width\" content=\"1080\" \/>\n\t<meta property=\"og:image:height\" content=\"608\" \/>\n\t<meta property=\"og:image:type\" content=\"image\/png\" \/>\n<meta name=\"author\" content=\"Andressa Xavier Pellanda\" \/>\n<meta name=\"twitter:card\" content=\"summary_large_image\" \/>\n<meta name=\"twitter:label1\" content=\"Escrito por\" \/>\n\t<meta name=\"twitter:data1\" content=\"Andressa Xavier Pellanda\" \/>\n\t<meta name=\"twitter:label2\" content=\"Est. tempo de leitura\" \/>\n\t<meta name=\"twitter:data2\" content=\"3 minutos\" \/>\n<!-- \/ Yoast SEO plugin. -->","yoast_head_json":{"title":"SkyGlass Ferradura: ponte de vidro em Canela tem 360 metros de altura e trilho","description":"Esta ponte de vidro ser\u00e1 a primeira da Am\u00e9rica Latina e ter\u00e1 35 metros de comprimento. Saiba mais sobre a SkyGlass Ferradura, em Canela na Serra Ga\u00facha.","robots":{"index":"index","follow":"follow","max-snippet":"max-snippet:-1","max-image-preview":"max-image-preview:large","max-video-preview":"max-video-preview:-1"},"canonical":"https:\/\/quantocustaviajar.com\/blog\/skygass-ferradura-ponte-de-vidro-em-canela\/","og_locale":"pt_BR","og_type":"article","og_title":"SkyGlass Ferradura: ponte de vidro em Canela tem 360 metros de altura e trilho","og_description":"Esta ponte de vidro ser\u00e1 a primeira da Am\u00e9rica Latina e ter\u00e1 35 metros de comprimento. Saiba mais sobre a SkyGlass Ferradura, em Canela na Serra Ga\u00facha.","og_url":"https:\/\/quantocustaviajar.com\/blog\/skygass-ferradura-ponte-de-vidro-em-canela\/","og_site_name":"Blog Quanto Custa Viajar","article_publisher":"https:\/\/www.facebook.com\/quantocustaviajar","article_published_time":"2020-10-19T12:29:19+00:00","article_modified_time":"2021-04-28T13:49:05+00:00","og_image":[{"width":1080,"height":608,"url":"https:\/\/quantocustaviajar.com\/blog\/wp-content\/uploads\/2020\/10\/skyglass-ferradura-4.png","type":"image\/png"}],"author":"Andressa Xavier Pellanda","twitter_card":"summary_large_image","twitter_misc":{"Escrito por":"Andressa Xavier Pellanda","Est. tempo de leitura":"3 minutos"},"schema":{"@context":"https:\/\/schema.org","@graph":[{"@type":["Article","BlogPosting"],"@id":"https:\/\/quantocustaviajar.com\/blog\/skygass-ferradura-ponte-de-vidro-em-canela\/#article","isPartOf":{"@id":"https:\/\/quantocustaviajar.com\/blog\/skygass-ferradura-ponte-de-vidro-em-canela\/"},"author":{"name":"Andressa Xavier Pellanda","@id":"https:\/\/quantocustaviajar.com\/blog\/#\/schema\/person\/81b0aaf2069da1a2da54677906b42d3c"},"headline":"SkyGlass Ferradura: ponte de vidro em Canela tem 360 metros de altura e trilho com cadeiras suspesas","datePublished":"2020-10-19T12:29:19+00:00","dateModified":"2021-04-28T13:49:05+00:00","mainEntityOfPage":{"@id":"https:\/\/quantocustaviajar.com\/blog\/skygass-ferradura-ponte-de-vidro-em-canela\/"},"wordCount":529,"commentCount":1,"publisher":{"@id":"https:\/\/quantocustaviajar.com\/blog\/#organization"},"image":{"@id":"https:\/\/quantocustaviajar.com\/blog\/skygass-ferradura-ponte-de-vidro-em-canela\/#primaryimage"},"thumbnailUrl":"https:\/\/quantocustaviajar.com\/blog\/wp-content\/uploads\/2020\/10\/skyglass-ferradura-4.png","keywords":["atracao","Canela","panoramica","riograndedosul"],"articleSection":["Ao Ar Livre","Descubra o Brasil"],"inLanguage":"pt-BR","potentialAction":[{"@type":"CommentAction","name":"Comment","target":["https:\/\/quantocustaviajar.com\/blog\/skygass-ferradura-ponte-de-vidro-em-canela\/#respond"]}]},{"@type":"WebPage","@id":"https:\/\/quantocustaviajar.com\/blog\/skygass-ferradura-ponte-de-vidro-em-canela\/","url":"https:\/\/quantocustaviajar.com\/blog\/skygass-ferradura-ponte-de-vidro-em-canela\/","name":"SkyGlass Ferradura: ponte de vidro em Canela tem 360 metros de altura e trilho","isPartOf":{"@id":"https:\/\/quantocustaviajar.com\/blog\/#website"},"primaryImageOfPage":{"@id":"https:\/\/quantocustaviajar.com\/blog\/skygass-ferradura-ponte-de-vidro-em-canela\/#primaryimage"},"image":{"@id":"https:\/\/quantocustaviajar.com\/blog\/skygass-ferradura-ponte-de-vidro-em-canela\/#primaryimage"},"thumbnailUrl":"https:\/\/quantocustaviajar.com\/blog\/wp-content\/uploads\/2020\/10\/skyglass-ferradura-4.png","datePublished":"2020-10-19T12:29:19+00:00","dateModified":"2021-04-28T13:49:05+00:00","description":"Esta ponte de vidro ser\u00e1 a primeira da Am\u00e9rica Latina e ter\u00e1 35 metros de comprimento. Saiba mais sobre a SkyGlass Ferradura, em Canela na Serra Ga\u00facha.","breadcrumb":{"@id":"https:\/\/quantocustaviajar.com\/blog\/skygass-ferradura-ponte-de-vidro-em-canela\/#breadcrumb"},"inLanguage":"pt-BR","potentialAction":[{"@type":"ReadAction","target":["https:\/\/quantocustaviajar.com\/blog\/skygass-ferradura-ponte-de-vidro-em-canela\/"]}]},{"@type":"ImageObject","inLanguage":"pt-BR","@id":"https:\/\/quantocustaviajar.com\/blog\/skygass-ferradura-ponte-de-vidro-em-canela\/#primaryimage","url":"https:\/\/quantocustaviajar.com\/blog\/wp-content\/uploads\/2020\/10\/skyglass-ferradura-4.png","contentUrl":"https:\/\/quantocustaviajar.com\/blog\/wp-content\/uploads\/2020\/10\/skyglass-ferradura-4.png","width":1080,"height":608,"caption":"Foto: divulga\u00e7\u00e3o"},{"@type":"BreadcrumbList","@id":"https:\/\/quantocustaviajar.com\/blog\/skygass-ferradura-ponte-de-vidro-em-canela\/#breadcrumb","itemListElement":[{"@type":"ListItem","position":1,"name":"In\u00edcio","item":"https:\/\/quantocustaviajar.com\/blog\/"},{"@type":"ListItem","position":2,"name":"SkyGlass Ferradura: ponte de vidro em Canela tem 360 metros de altura e trilho com cadeiras suspesas"}]},{"@type":"WebSite","@id":"https:\/\/quantocustaviajar.com\/blog\/#website","url":"https:\/\/quantocustaviajar.com\/blog\/","name":"Blog Quanto Custa Viajar","description":"","publisher":{"@id":"https:\/\/quantocustaviajar.com\/blog\/#organization"},"potentialAction":[{"@type":"SearchAction","target":{"@type":"EntryPoint","urlTemplate":"https:\/\/quantocustaviajar.com\/blog\/?s={search_term_string}"},"query-input":{"@type":"PropertyValueSpecification","valueRequired":true,"valueName":"search_term_string"}}],"inLanguage":"pt-BR"},{"@type":"Organization","@id":"https:\/\/quantocustaviajar.com\/blog\/#organization","name":"Quanto Custa Viajar","url":"https:\/\/quantocustaviajar.com\/blog\/","logo":{"@type":"ImageObject","inLanguage":"pt-BR","@id":"https:\/\/quantocustaviajar.com\/blog\/#\/schema\/logo\/image\/","url":"","contentUrl":"","caption":"Quanto Custa Viajar"},"image":{"@id":"https:\/\/quantocustaviajar.com\/blog\/#\/schema\/logo\/image\/"},"sameAs":["https:\/\/www.facebook.com\/quantocustaviajar"]},{"@type":"Person","@id":"https:\/\/quantocustaviajar.com\/blog\/#\/schema\/person\/81b0aaf2069da1a2da54677906b42d3c","name":"Andressa Xavier Pellanda","image":{"@type":"ImageObject","inLanguage":"pt-BR","@id":"https:\/\/quantocustaviajar.com\/blog\/#\/schema\/person\/image\/","url":"https:\/\/secure.gravatar.com\/avatar\/efccc167c341de2100a574b335de06f5efda2310964e70124d995491728ed674?s=96&d=mm&r=g","contentUrl":"https:\/\/secure.gravatar.com\/avatar\/efccc167c341de2100a574b335de06f5efda2310964e70124d995491728ed674?s=96&d=mm&r=g","caption":"Andressa Xavier Pellanda"},"description":"Eu gosto de viajar antes mesmo de chegar ao destino!","url":"https:\/\/quantocustaviajar.com\/blog\/author\/andressa\/"}]}},"_links":{"self":[{"href":"https:\/\/quantocustaviajar.com\/blog\/wp-json\/wp\/v2\/posts\/45338","targetHints":{"allow":["GET"]}}],"collection":[{"href":"https:\/\/quantocustaviajar.com\/blog\/wp-json\/wp\/v2\/posts"}],"about":[{"href":"https:\/\/quantocustaviajar.com\/blog\/wp-json\/wp\/v2\/types\/post"}],"author":[{"embeddable":true,"href":"https:\/\/quantocustaviajar.com\/blog\/wp-json\/wp\/v2\/users\/11"}],"replies":[{"embeddable":true,"href":"https:\/\/quantocustaviajar.com\/blog\/wp-json\/wp\/v2\/comments?post=45338"}],"version-history":[{"count":3,"href":"https:\/\/quantocustaviajar.com\/blog\/wp-json\/wp\/v2\/posts\/45338\/revisions"}],"predecessor-version":[{"id":47609,"href":"https:\/\/quantocustaviajar.com\/blog\/wp-json\/wp\/v2\/posts\/45338\/revisions\/47609"}],"wp:featuredmedia":[{"embeddable":true,"href":"https:\/\/quantocustaviajar.com\/blog\/wp-json\/wp\/v2\/media\/45339"}],"wp:attachment":[{"href":"https:\/\/quantocustaviajar.com\/blog\/wp-json\/wp\/v2\/media?parent=45338"}],"wp:term":[{"taxonomy":"category","embeddable":true,"href":"https:\/\/quantocustaviajar.com\/blog\/wp-json\/wp\/v2\/categories?post=45338"},{"taxonomy":"post_tag","embeddable":true,"href":"https:\/\/quantocustaviajar.com\/blog\/wp-json\/wp\/v2\/tags?post=45338"}],"curies":[{"name":"wp","href":"https:\/\/api.w.org\/{rel}","templated":true}]}}