{"id":45248,"date":"2020-10-02T15:59:12","date_gmt":"2020-10-02T15:59:12","guid":{"rendered":"https:\/\/quantocustaviajar.com\/blog\/?p=45248"},"modified":"2020-10-02T15:59:16","modified_gmt":"2020-10-02T15:59:16","slug":"praias-de-santa-catarina-criancas","status":"publish","type":"post","link":"https:\/\/quantocustaviajar.com\/blog\/praias-de-santa-catarina-criancas\/","title":{"rendered":"Praias de Santa Catarina s\u00e3o o destino ideal para passear com as crian\u00e7as"},"content":{"rendered":"\n<p><em>Prepare os baldinhos e os guarda-s\u00f3is! O litoral catarinense tem praias com \u00e1guas cristalinas e calmas para passar o ver\u00e3o com toda a fam\u00edlia. Destaques para Lagoinha, Sepultura e Bombinhas Centro, no <a href=\"https:\/\/quantocustaviajar.com\/blog\/praias-de-bombinhas\/\" target=\"_blank\" rel=\"noreferrer noopener\" aria-label=\"munic\u00edpio de Bombinhas (abre numa nova aba)\">munic\u00edpio de Bombinhas<\/a><\/em><\/p>\n\n\n\n<p>O Brasil est\u00e1 repleto de praias para&nbsp; viajar com a fam\u00edlia. E quando o destino \u00e9 o litoral, a preocupa\u00e7\u00e3o dos adultos s\u00e3o as crian\u00e7as. Garantir seguran\u00e7a, sa\u00fade, bem-estar e um passeio saud\u00e1vel est\u00e3o entre as prioridades. E a escolha sempre \u00e9 por um mar tranquilo sem ondas em um local com infraestrutura hoteleira e gastron\u00f4mica completa, al\u00e9m de servi\u00e7os de qualidade em diversos segmentos de servi\u00e7os de qualidade.&nbsp;<\/p>\n\n\n\n<p>Escolhido o local \u00e9 hora de fazer as malas. Al\u00e9m de roupas e brinquedos, as crian\u00e7as precisam de muito mais. Guarda-sol, bloqueador solar, bastante l\u00edquido e uma dieta balanceada e saud\u00e1vel. Outro ponto importante: em tempos de pandemia, a alternativa \u00e9 buscar praias localizadas em munic\u00edpios que refor\u00e7am&nbsp;medidas sanit\u00e1rias e cumprem protocolos e recomenda\u00e7\u00f5es das autoridades.&nbsp;<\/p>\n\n\n\n<p><strong>Praias para curtir com a crian\u00e7ada<\/strong>&nbsp;<\/p>\n\n\n\n<figure class=\"wp-block-image\"><img loading=\"lazy\" decoding=\"async\" width=\"600\" height=\"400\" src=\"https:\/\/quantocustaviajar.com\/blog\/wp-content\/uploads\/2020\/10\/383887_948772_02.10.20___praias_tranquilas_web_.jpg\" alt=\"\" class=\"wp-image-45251\" srcset=\"https:\/\/quantocustaviajar.com\/blog\/wp-content\/uploads\/2020\/10\/383887_948772_02.10.20___praias_tranquilas_web_.jpg 600w, https:\/\/quantocustaviajar.com\/blog\/wp-content\/uploads\/2020\/10\/383887_948772_02.10.20___praias_tranquilas_web_-300x200.jpg 300w\" sizes=\"auto, (max-width: 600px) 100vw, 600px\" \/><\/figure>\n\n\n\n<p>As praias de Lagoinha, <strong><a rel=\"noreferrer noopener\" aria-label=\"Sepultura (abre numa nova aba)\" href=\"https:\/\/quantocustaviajar.com\/blog\/praia-da-sepultura-em-bombinhas\/\" target=\"_blank\">Sepultura<\/a><\/strong> e Bombinhas Centro, localizadas no munic\u00edpio de <a href=\"https:\/\/quantocustaviajar.com\/blog\/praias-de-bombinhas\/\" target=\"_blank\" rel=\"noreferrer noopener\" aria-label=\"Bombinhas (abre numa nova aba)\">Bombinhas<\/a>, litoral de <a href=\"https:\/\/quantocustaviajar.com\/blog\/lugares-para-conhecer-no-interior-de-santa-catarina\/\">Santa Catarina<\/a>, s\u00e3o tr\u00eas exemplos que devem integrar o roteiro de f\u00e9rias de ver\u00e3o em fam\u00edlia. Apresentam mar com \u00e1guas cristalinas e tranquilas, s\u00e3o emoldurados por belas paisagens e oferecem uma gama de servi\u00e7os de qualidade em diversos segmentos.\u00a0<\/p>\n\n\n\n<p>Com uma extens\u00e3o de 94 metros, a Praia da Sepultura tem um mar sempre muito calmo e considerado o melhor de toda a regi\u00e3o.&nbsp;<\/p>\n\n\n\n<p>A Praia da Lagoinha tem 21 metros de extens\u00e3o com piscinas naturais e uma paisagem ideal para boas fotografias.&nbsp;<\/p>\n\n\n\n<p>A Praia de Bombinhas Centro&nbsp;tem \u00e1guas sempre calmas que convidam para um banho refrescante.&nbsp;<\/p>\n\n\n\n<figure class=\"wp-block-image\"><img loading=\"lazy\" decoding=\"async\" width=\"600\" height=\"400\" src=\"https:\/\/quantocustaviajar.com\/blog\/wp-content\/uploads\/2020\/10\/383887_948771_02.10_20___sepultura_web_.jpg\" alt=\"\" class=\"wp-image-45252\" srcset=\"https:\/\/quantocustaviajar.com\/blog\/wp-content\/uploads\/2020\/10\/383887_948771_02.10_20___sepultura_web_.jpg 600w, https:\/\/quantocustaviajar.com\/blog\/wp-content\/uploads\/2020\/10\/383887_948771_02.10_20___sepultura_web_-300x200.jpg 300w\" sizes=\"auto, (max-width: 600px) 100vw, 600px\" \/><\/figure>\n\n\n\n<p><strong>Cuidados com os pequenos<\/strong>&nbsp;<\/p>\n\n\n\n<p>Al\u00e9m de um mar com \u00e1guas tranquilas onde as crian\u00e7as podem brincar \u00e0 vontade sem correr riscos, os pais devem escolher hor\u00e1rio adequado para lev\u00e1-las \u00e0 praia e oferecer sempre&nbsp;\u00e1gua ou suco natural e uma alimenta\u00e7\u00e3o leve.<\/p>\n\n\n\n<p>Tamb\u00e9m devem ser inclu\u00eddos na lista cuidados como aplica\u00e7\u00e3o de bloqueador solar&nbsp;ao longo do dia, aliando o uso de outros acess\u00f3rios (bon\u00e9s e \u00f3culos de sol), e o guarda-sol sempre dispon\u00edvel para&nbsp;n\u00e3o deixar os pequenos expostos durante longos per\u00edodos.&nbsp;<\/p>\n\n\n\n<p>Para evitar que as crian\u00e7as se percam dos pais, o ideal \u00e9&nbsp;manter uma fitinha em seu bra\u00e7o&nbsp; com a&nbsp;identifica\u00e7\u00e3o pessoal&nbsp;dela: nome, idade, telefone para contato e nomes dos pais.&nbsp;<\/p>\n\n\n\n<p><strong>Loca\u00e7\u00e3o por temporada<\/strong>&nbsp;<\/p>\n\n\n\n<p>Para quem quer passar as f\u00e9rias de ver\u00e3o ao lado da fam\u00edlia com conforto, praticidade e funcionalidade uma das melhores op\u00e7\u00f5es \u00e9 alugar um im\u00f3vel por temporada e, de prefer\u00eancia, aqueles que apresentam o conceito de hotel. &nbsp;O h\u00f3spede recebe camas prontas al\u00e9m de um card\u00e1pio de servi\u00e7os exclusivos, amenities de cozinha, de higiene pessoal e camas pet.&nbsp;<\/p>\n\n\n\n<p>Com base de neg\u00f3cios no munic\u00edpio de Bombinhas, a Mattos Investimentos oferece apartamentos para alugar com condi\u00e7\u00f5es ideais para a fam\u00edlia. As unidades contam com \u00e1reas de lazer, piscina, espa\u00e7o fitness e \u00e1rea gourmet, al\u00e9m de sistema de vigil\u00e2ncia 24 horas e acesso facilitado \u00e0s praias.&nbsp;<\/p>\n\n\n\n<p>Em Bombinhas a empresa tem op\u00e7\u00f5es de loca\u00e7\u00e3o de apartamento no Residencial Punta Blu, Residencial Porto Madero e Residencial Boulevard Bombinhas e facilita o pagamento em 12 parcelas.<\/p>\n\n\n\n<figure class=\"wp-block-image\"><img loading=\"lazy\" decoding=\"async\" width=\"600\" height=\"400\" src=\"https:\/\/quantocustaviajar.com\/blog\/wp-content\/uploads\/2020\/10\/383887_948775_foto5_web_.jpg\" alt=\"\" class=\"wp-image-45253\" srcset=\"https:\/\/quantocustaviajar.com\/blog\/wp-content\/uploads\/2020\/10\/383887_948775_foto5_web_.jpg 600w, https:\/\/quantocustaviajar.com\/blog\/wp-content\/uploads\/2020\/10\/383887_948775_foto5_web_-300x200.jpg 300w\" sizes=\"auto, (max-width: 600px) 100vw, 600px\" \/><\/figure>\n\n\n\n<p>As unidades est\u00e3o dispon\u00edveis para loca\u00e7\u00e3o no feriado prolongado dedicado \u00e0 Nossa Senhora Aparecida, padroeira do Brasil, 12 de outubro, e tamb\u00e9m data em que se comemora o Dia das Crian\u00e7as.&nbsp;<\/p>\n\n\n\n<p>Recentemente a empresa lan\u00e7ou o formato de aluguel por temporada em im\u00f3veis de luxo por meio da Mattos Luxury Rentals. S\u00e3o apartamentos de alto padr\u00e3o, arrojados, bonitos e elegantes que oferecem o m\u00e1ximo conforto, versatilidade e praticidade aos clientes.&nbsp;<\/p>\n\n\n\n<p><strong>Servi\u00e7o:<\/strong><br>Mattos Investimentos<br><a rel=\"noreferrer noopener\" href=\"https:\/\/www.mattosinvestimentos.com\/\" target=\"_blank\">https:\/\/www.mattosinvestimentos.com<\/a><br><a rel=\"noreferrer noopener\" href=\"https:\/\/www.facebook.com\/mattosinvestimentos\" target=\"_blank\">https:\/\/www.facebook.com\/mattosinvestimentos<\/a><br>@mattosinvestimentos<br><a rel=\"noreferrer noopener\" href=\"mailto:contato@mattosinvestimentos.com\" target=\"_blank\">contato@mattosinvestimentos.com<\/a><br>Central de atendimento: (47) 3366-8151<\/p>\n\n\n\n<p><strong><em>Texto e fotos enviados por NCA Comunica\u00e7\u00e3o<\/em><\/strong><\/p>\n\n\n\n<p><br><\/p>\n","protected":false},"excerpt":{"rendered":"<p>Prepare os baldinhos e os guarda-s\u00f3is! O litoral catarinense tem praias com \u00e1guas cristalinas e calmas para passar o ver\u00e3o com toda a fam\u00edlia. Destaques para Lagoinha, Sepultura e Bombinhas Centro, no munic\u00edpio de Bombinhas O Brasil est\u00e1 repleto de praias para&nbsp; viajar com a fam\u00edlia. E quando o destino \u00e9 o litoral, a preocupa\u00e7\u00e3o [&hellip;]<\/p>\n","protected":false},"author":9,"featured_media":45249,"comment_status":"open","ping_status":"open","sticky":false,"template":"","format":"standard","meta":{"cybocfi_hide_featured_image":"","footnotes":""},"categories":[1437,1434],"tags":[1605,309,2567],"class_list":["post-45248","post","type-post","status-publish","format-standard","has-post-thumbnail","hentry","category-ao-ar-livre","category-descubra-brasil","tag-crianca","tag-praia","tag-santacatarina"],"blocksy_meta":[],"yoast_head":"<!-- This site is optimized with the Yoast SEO plugin v26.3 - https:\/\/yoast.com\/wordpress\/plugins\/seo\/ -->\n<title>Praias de Santa Catarina s\u00e3o o destino ideal para passear com as crian\u00e7as - Blog Quanto Custa Viajar<\/title>\n<meta name=\"robots\" content=\"index, follow, max-snippet:-1, max-image-preview:large, max-video-preview:-1\" \/>\n<link rel=\"canonical\" href=\"https:\/\/quantocustaviajar.com\/blog\/praias-de-santa-catarina-criancas\/\" \/>\n<meta property=\"og:locale\" content=\"pt_BR\" \/>\n<meta property=\"og:type\" content=\"article\" \/>\n<meta property=\"og:title\" content=\"Praias de Santa Catarina s\u00e3o o destino ideal para passear com as crian\u00e7as - Blog Quanto Custa Viajar\" \/>\n<meta property=\"og:description\" content=\"Prepare os baldinhos e os guarda-s\u00f3is! O litoral catarinense tem praias com \u00e1guas cristalinas e calmas para passar o ver\u00e3o com toda a fam\u00edlia. Destaques para Lagoinha, Sepultura e Bombinhas Centro, no munic\u00edpio de Bombinhas O Brasil est\u00e1 repleto de praias para&nbsp; viajar com a fam\u00edlia. E quando o destino \u00e9 o litoral, a preocupa\u00e7\u00e3o [&hellip;]\" \/>\n<meta property=\"og:url\" content=\"https:\/\/quantocustaviajar.com\/blog\/praias-de-santa-catarina-criancas\/\" \/>\n<meta property=\"og:site_name\" content=\"Blog Quanto Custa Viajar\" \/>\n<meta property=\"article:publisher\" content=\"https:\/\/www.facebook.com\/quantocustaviajar\" \/>\n<meta property=\"article:published_time\" content=\"2020-10-02T15:59:12+00:00\" \/>\n<meta property=\"article:modified_time\" content=\"2020-10-02T15:59:16+00:00\" \/>\n<meta property=\"og:image\" content=\"https:\/\/quantocustaviajar.com\/blog\/wp-content\/uploads\/2020\/10\/383887_948773_02.10.20___praias_sc_web_.jpg\" \/>\n\t<meta property=\"og:image:width\" content=\"600\" \/>\n\t<meta property=\"og:image:height\" content=\"337\" \/>\n\t<meta property=\"og:image:type\" content=\"image\/jpeg\" \/>\n<meta name=\"author\" content=\"Reda\u00e7\u00e3o QCV\" \/>\n<meta name=\"twitter:card\" content=\"summary_large_image\" \/>\n<meta name=\"twitter:label1\" content=\"Escrito por\" \/>\n\t<meta name=\"twitter:data1\" content=\"Reda\u00e7\u00e3o QCV\" \/>\n\t<meta name=\"twitter:label2\" content=\"Est. tempo de leitura\" \/>\n\t<meta name=\"twitter:data2\" content=\"4 minutos\" \/>\n<!-- \/ Yoast SEO plugin. -->","yoast_head_json":{"title":"Praias de Santa Catarina s\u00e3o o destino ideal para passear com as crian\u00e7as - Blog Quanto Custa Viajar","robots":{"index":"index","follow":"follow","max-snippet":"max-snippet:-1","max-image-preview":"max-image-preview:large","max-video-preview":"max-video-preview:-1"},"canonical":"https:\/\/quantocustaviajar.com\/blog\/praias-de-santa-catarina-criancas\/","og_locale":"pt_BR","og_type":"article","og_title":"Praias de Santa Catarina s\u00e3o o destino ideal para passear com as crian\u00e7as - Blog Quanto Custa Viajar","og_description":"Prepare os baldinhos e os guarda-s\u00f3is! O litoral catarinense tem praias com \u00e1guas cristalinas e calmas para passar o ver\u00e3o com toda a fam\u00edlia. Destaques para Lagoinha, Sepultura e Bombinhas Centro, no munic\u00edpio de Bombinhas O Brasil est\u00e1 repleto de praias para&nbsp; viajar com a fam\u00edlia. E quando o destino \u00e9 o litoral, a preocupa\u00e7\u00e3o [&hellip;]","og_url":"https:\/\/quantocustaviajar.com\/blog\/praias-de-santa-catarina-criancas\/","og_site_name":"Blog Quanto Custa Viajar","article_publisher":"https:\/\/www.facebook.com\/quantocustaviajar","article_published_time":"2020-10-02T15:59:12+00:00","article_modified_time":"2020-10-02T15:59:16+00:00","og_image":[{"width":600,"height":337,"url":"https:\/\/quantocustaviajar.com\/blog\/wp-content\/uploads\/2020\/10\/383887_948773_02.10.20___praias_sc_web_.jpg","type":"image\/jpeg"}],"author":"Reda\u00e7\u00e3o QCV","twitter_card":"summary_large_image","twitter_misc":{"Escrito por":"Reda\u00e7\u00e3o QCV","Est. tempo de leitura":"4 minutos"},"schema":{"@context":"https:\/\/schema.org","@graph":[{"@type":["Article","BlogPosting"],"@id":"https:\/\/quantocustaviajar.com\/blog\/praias-de-santa-catarina-criancas\/#article","isPartOf":{"@id":"https:\/\/quantocustaviajar.com\/blog\/praias-de-santa-catarina-criancas\/"},"author":{"name":"Reda\u00e7\u00e3o QCV","@id":"https:\/\/quantocustaviajar.com\/blog\/#\/schema\/person\/b99c49b1272e2104cc84a5a84122b751"},"headline":"Praias de Santa Catarina s\u00e3o o destino ideal para passear com as crian\u00e7as","datePublished":"2020-10-02T15:59:12+00:00","dateModified":"2020-10-02T15:59:16+00:00","mainEntityOfPage":{"@id":"https:\/\/quantocustaviajar.com\/blog\/praias-de-santa-catarina-criancas\/"},"wordCount":736,"commentCount":1,"publisher":{"@id":"https:\/\/quantocustaviajar.com\/blog\/#organization"},"image":{"@id":"https:\/\/quantocustaviajar.com\/blog\/praias-de-santa-catarina-criancas\/#primaryimage"},"thumbnailUrl":"https:\/\/quantocustaviajar.com\/blog\/wp-content\/uploads\/2020\/10\/383887_948773_02.10.20___praias_sc_web_.jpg","keywords":["crian\u00e7a","praia","santacatarina"],"articleSection":["Ao Ar Livre","Descubra o Brasil"],"inLanguage":"pt-BR","potentialAction":[{"@type":"CommentAction","name":"Comment","target":["https:\/\/quantocustaviajar.com\/blog\/praias-de-santa-catarina-criancas\/#respond"]}]},{"@type":"WebPage","@id":"https:\/\/quantocustaviajar.com\/blog\/praias-de-santa-catarina-criancas\/","url":"https:\/\/quantocustaviajar.com\/blog\/praias-de-santa-catarina-criancas\/","name":"Praias de Santa Catarina s\u00e3o o destino ideal para passear com as crian\u00e7as - Blog Quanto Custa Viajar","isPartOf":{"@id":"https:\/\/quantocustaviajar.com\/blog\/#website"},"primaryImageOfPage":{"@id":"https:\/\/quantocustaviajar.com\/blog\/praias-de-santa-catarina-criancas\/#primaryimage"},"image":{"@id":"https:\/\/quantocustaviajar.com\/blog\/praias-de-santa-catarina-criancas\/#primaryimage"},"thumbnailUrl":"https:\/\/quantocustaviajar.com\/blog\/wp-content\/uploads\/2020\/10\/383887_948773_02.10.20___praias_sc_web_.jpg","datePublished":"2020-10-02T15:59:12+00:00","dateModified":"2020-10-02T15:59:16+00:00","breadcrumb":{"@id":"https:\/\/quantocustaviajar.com\/blog\/praias-de-santa-catarina-criancas\/#breadcrumb"},"inLanguage":"pt-BR","potentialAction":[{"@type":"ReadAction","target":["https:\/\/quantocustaviajar.com\/blog\/praias-de-santa-catarina-criancas\/"]}]},{"@type":"ImageObject","inLanguage":"pt-BR","@id":"https:\/\/quantocustaviajar.com\/blog\/praias-de-santa-catarina-criancas\/#primaryimage","url":"https:\/\/quantocustaviajar.com\/blog\/wp-content\/uploads\/2020\/10\/383887_948773_02.10.20___praias_sc_web_.jpg","contentUrl":"https:\/\/quantocustaviajar.com\/blog\/wp-content\/uploads\/2020\/10\/383887_948773_02.10.20___praias_sc_web_.jpg","width":600,"height":337},{"@type":"BreadcrumbList","@id":"https:\/\/quantocustaviajar.com\/blog\/praias-de-santa-catarina-criancas\/#breadcrumb","itemListElement":[{"@type":"ListItem","position":1,"name":"In\u00edcio","item":"https:\/\/quantocustaviajar.com\/blog\/"},{"@type":"ListItem","position":2,"name":"Praias de Santa Catarina s\u00e3o o destino ideal para passear com as crian\u00e7as"}]},{"@type":"WebSite","@id":"https:\/\/quantocustaviajar.com\/blog\/#website","url":"https:\/\/quantocustaviajar.com\/blog\/","name":"Blog Quanto Custa Viajar","description":"","publisher":{"@id":"https:\/\/quantocustaviajar.com\/blog\/#organization"},"potentialAction":[{"@type":"SearchAction","target":{"@type":"EntryPoint","urlTemplate":"https:\/\/quantocustaviajar.com\/blog\/?s={search_term_string}"},"query-input":{"@type":"PropertyValueSpecification","valueRequired":true,"valueName":"search_term_string"}}],"inLanguage":"pt-BR"},{"@type":"Organization","@id":"https:\/\/quantocustaviajar.com\/blog\/#organization","name":"Quanto Custa Viajar","url":"https:\/\/quantocustaviajar.com\/blog\/","logo":{"@type":"ImageObject","inLanguage":"pt-BR","@id":"https:\/\/quantocustaviajar.com\/blog\/#\/schema\/logo\/image\/","url":"","contentUrl":"","caption":"Quanto Custa Viajar"},"image":{"@id":"https:\/\/quantocustaviajar.com\/blog\/#\/schema\/logo\/image\/"},"sameAs":["https:\/\/www.facebook.com\/quantocustaviajar"]},{"@type":"Person","@id":"https:\/\/quantocustaviajar.com\/blog\/#\/schema\/person\/b99c49b1272e2104cc84a5a84122b751","name":"Reda\u00e7\u00e3o QCV","image":{"@type":"ImageObject","inLanguage":"pt-BR","@id":"https:\/\/quantocustaviajar.com\/blog\/#\/schema\/person\/image\/","url":"https:\/\/secure.gravatar.com\/avatar\/e7b47d7a4633897697c32e0a2a1ad3abd9ca142ad0d9b7897241c6115247561b?s=96&d=mm&r=g","contentUrl":"https:\/\/secure.gravatar.com\/avatar\/e7b47d7a4633897697c32e0a2a1ad3abd9ca142ad0d9b7897241c6115247561b?s=96&d=mm&r=g","caption":"Reda\u00e7\u00e3o QCV"},"url":"https:\/\/quantocustaviajar.com\/blog\/author\/redacao\/"}]}},"_links":{"self":[{"href":"https:\/\/quantocustaviajar.com\/blog\/wp-json\/wp\/v2\/posts\/45248","targetHints":{"allow":["GET"]}}],"collection":[{"href":"https:\/\/quantocustaviajar.com\/blog\/wp-json\/wp\/v2\/posts"}],"about":[{"href":"https:\/\/quantocustaviajar.com\/blog\/wp-json\/wp\/v2\/types\/post"}],"author":[{"embeddable":true,"href":"https:\/\/quantocustaviajar.com\/blog\/wp-json\/wp\/v2\/users\/9"}],"replies":[{"embeddable":true,"href":"https:\/\/quantocustaviajar.com\/blog\/wp-json\/wp\/v2\/comments?post=45248"}],"version-history":[{"count":2,"href":"https:\/\/quantocustaviajar.com\/blog\/wp-json\/wp\/v2\/posts\/45248\/revisions"}],"predecessor-version":[{"id":45254,"href":"https:\/\/quantocustaviajar.com\/blog\/wp-json\/wp\/v2\/posts\/45248\/revisions\/45254"}],"wp:featuredmedia":[{"embeddable":true,"href":"https:\/\/quantocustaviajar.com\/blog\/wp-json\/wp\/v2\/media\/45249"}],"wp:attachment":[{"href":"https:\/\/quantocustaviajar.com\/blog\/wp-json\/wp\/v2\/media?parent=45248"}],"wp:term":[{"taxonomy":"category","embeddable":true,"href":"https:\/\/quantocustaviajar.com\/blog\/wp-json\/wp\/v2\/categories?post=45248"},{"taxonomy":"post_tag","embeddable":true,"href":"https:\/\/quantocustaviajar.com\/blog\/wp-json\/wp\/v2\/tags?post=45248"}],"curies":[{"name":"wp","href":"https:\/\/api.w.org\/{rel}","templated":true}]}}