{"id":45218,"date":"2025-01-13T18:47:00","date_gmt":"2025-01-13T18:47:00","guid":{"rendered":"https:\/\/quantocustaviajar.com\/blog\/?p=45218"},"modified":"2025-06-10T19:03:29","modified_gmt":"2025-06-10T19:03:29","slug":"treze-tilias-um-pedacinho-da-austria","status":"publish","type":"post","link":"https:\/\/quantocustaviajar.com\/blog\/treze-tilias-um-pedacinho-da-austria\/","title":{"rendered":"Treze T\u00edlias: um pedacinho da \u00c1ustria em solo brasileiro"},"content":{"rendered":"\n<p>Em meados dos anos 1930, uma parte da popula\u00e7\u00e3o da <strong>\u00c1ustria <\/strong>imigrou para o Brasil em busca de oportunidades. Parte da col\u00f4nia se firmou em <strong>Treze T\u00edlias<\/strong> (SC), conhecida como o \u201cTirol brasileiro\u201d devido \u00e0s caracter\u00edsticas do pa\u00eds europeu que se preservaram at\u00e9 os dias atuais.&nbsp;<\/p><div id=\"ez-toc-container\" class=\"ez-toc-v2_0_76 ez-toc-wrap-left counter-hierarchy ez-toc-counter ez-toc-light-blue ez-toc-container-direction\">\n<div class=\"ez-toc-title-container\">\n<p class=\"ez-toc-title\" style=\"cursor:inherit\">Aqui voc\u00ea ir\u00e1 encontrar<\/p>\n<span class=\"ez-toc-title-toggle\"><a href=\"#\" class=\"ez-toc-pull-right ez-toc-btn ez-toc-btn-xs ez-toc-btn-default ez-toc-toggle\" aria-label=\"Alternar tabela de conte\u00fado\"><span class=\"ez-toc-js-icon-con\"><span class=\"\"><span class=\"eztoc-hide\" style=\"display:none;\">Toggle<\/span><span class=\"ez-toc-icon-toggle-span\"><svg style=\"fill: #999;color:#999\" xmlns=\"http:\/\/www.w3.org\/2000\/svg\" class=\"list-377408\" width=\"20px\" height=\"20px\" viewBox=\"0 0 24 24\" fill=\"none\"><path d=\"M6 6H4v2h2V6zm14 0H8v2h12V6zM4 11h2v2H4v-2zm16 0H8v2h12v-2zM4 16h2v2H4v-2zm16 0H8v2h12v-2z\" fill=\"currentColor\"><\/path><\/svg><svg style=\"fill: #999;color:#999\" class=\"arrow-unsorted-368013\" xmlns=\"http:\/\/www.w3.org\/2000\/svg\" width=\"10px\" height=\"10px\" viewBox=\"0 0 24 24\" version=\"1.2\" baseProfile=\"tiny\"><path d=\"M18.2 9.3l-6.2-6.3-6.2 6.3c-.2.2-.3.4-.3.7s.1.5.3.7c.2.2.4.3.7.3h11c.3 0 .5-.1.7-.3.2-.2.3-.5.3-.7s-.1-.5-.3-.7zM5.8 14.7l6.2 6.3 6.2-6.3c.2-.2.3-.5.3-.7s-.1-.5-.3-.7c-.2-.2-.4-.3-.7-.3h-11c-.3 0-.5.1-.7.3-.2.2-.3.5-.3.7s.1.5.3.7z\"\/><\/svg><\/span><\/span><\/span><\/a><\/span><\/div>\n<nav><ul class='ez-toc-list ez-toc-list-level-1 ' ><li class='ez-toc-page-1 ez-toc-heading-level-2'><a class=\"ez-toc-link ez-toc-heading-1\" href=\"https:\/\/quantocustaviajar.com\/blog\/treze-tilias-um-pedacinho-da-austria\/#O_que_visitar_em_Treze_Tilias\" >O que visitar em Treze&nbsp;T\u00edlias<\/a><ul class='ez-toc-list-level-3' ><li class='ez-toc-heading-level-3'><a class=\"ez-toc-link ez-toc-heading-2\" href=\"https:\/\/quantocustaviajar.com\/blog\/treze-tilias-um-pedacinho-da-austria\/#Turismo_Rural\" >Turismo Rural&nbsp;<\/a><ul class='ez-toc-list-level-4' ><li class='ez-toc-heading-level-4'><a class=\"ez-toc-link ez-toc-heading-3\" href=\"https:\/\/quantocustaviajar.com\/blog\/treze-tilias-um-pedacinho-da-austria\/#Onde_ficar\" >Onde ficar<\/a><\/li><\/ul><\/li><\/ul><\/li><\/ul><\/nav><\/div>\n\n\n\n\n<p>A cidade foi fundada em 1933 por Andreas Thaler, ex-ministro da agricultura da <a aria-label=\"\u00c1ustria (abre numa nova aba)\" href=\"https:\/\/quantocustaviajar.com\/blog\/vila-hundertwasserhaus-em-viena\/\" target=\"_blank\" rel=\"noreferrer noopener\">\u00c1ustria<\/a>, que buscava por solu\u00e7\u00f5es ap\u00f3s a crise causada pela Primeira Guerra Mundial. Grande parte do fluxo imigrat\u00f3rio veio de Tirol, Vorarlberg e Alta \u00c1ustria (Ober\u00f6sterreich), que depois dos desdobramentos da guerra passou a ser parte da It\u00e1lia.<\/p>\n\n\n\n<p><strong><a href=\"https:\/\/www.turismocity.com.br\/onibus\" target=\"_blank\" rel=\"noreferrer noopener\">Encontre aqui passagem de \u00f4nibus para Treze T\u00edlias<\/a><\/strong><\/p>\n\n\n\n<figure class=\"wp-block-image aligncenter\"><img loading=\"lazy\" decoding=\"async\" width=\"1024\" height=\"682\" src=\"https:\/\/quantocustaviajar.com\/blog\/wp-content\/uploads\/2020\/09\/treze-tilias-2-1024x682.jpg\" alt=\"Treze T\u00edlias\" class=\"wp-image-45228\" srcset=\"https:\/\/quantocustaviajar.com\/blog\/wp-content\/uploads\/2020\/09\/treze-tilias-2-1024x682.jpg 1024w, https:\/\/quantocustaviajar.com\/blog\/wp-content\/uploads\/2020\/09\/treze-tilias-2-300x200.jpg 300w, https:\/\/quantocustaviajar.com\/blog\/wp-content\/uploads\/2020\/09\/treze-tilias-2-768x512.jpg 768w, https:\/\/quantocustaviajar.com\/blog\/wp-content\/uploads\/2020\/09\/treze-tilias-2.jpg 1280w\" sizes=\"auto, (max-width: 1024px) 100vw, 1024px\" \/><figcaption>Foto: divulga\u00e7\u00e3o\/Asturt\u00edlias<\/figcaption><\/figure>\n\n\n\n<p>Outros imigrantes que ajudaram a formar a col\u00f4nia vieram das <a href=\"https:\/\/quantocustaviajar.com\/blog\/cidades-italianas-para-visitar\/\">cidades italianas<\/a> de V\u00eaneto e Lombardia, al\u00e9m de Hundsr\u00fcck e Westfalen, na Alemanha. Assim, a cultura europeia moldou Treze T\u00edlias ao longo das d\u00e9cadas, como aconteceu em boa parte das regi\u00f5es Sul e Sudeste do pa\u00eds.&nbsp;<\/p>\n\n\n\n<p>O tempo passou, mas as caracter\u00edsticas austr\u00edacas se sobressa\u00edram e permaneceram no munic\u00edpio. \u00c9 not\u00e1vel a presen\u00e7a da <strong>arquitetura tirolesa<\/strong>, que segue estilo alpino, com edif\u00edcios e casas de cores claras, detalhes em madeira, sacadas, campan\u00e1rios e floreiras nas janelas.&nbsp;<\/p>\n\n\n\n<figure class=\"wp-block-image aligncenter\"><img loading=\"lazy\" decoding=\"async\" width=\"1024\" height=\"680\" src=\"https:\/\/quantocustaviajar.com\/blog\/wp-content\/uploads\/2020\/09\/treze-tilias5-1024x680.jpg\" alt=\"Treze T\u00edlias\" class=\"wp-image-45220\" srcset=\"https:\/\/quantocustaviajar.com\/blog\/wp-content\/uploads\/2020\/09\/treze-tilias5-1024x680.jpg 1024w, https:\/\/quantocustaviajar.com\/blog\/wp-content\/uploads\/2020\/09\/treze-tilias5-300x199.jpg 300w, https:\/\/quantocustaviajar.com\/blog\/wp-content\/uploads\/2020\/09\/treze-tilias5-768x510.jpg 768w, https:\/\/quantocustaviajar.com\/blog\/wp-content\/uploads\/2020\/09\/treze-tilias5-1920x1275.jpg 1920w\" sizes=\"auto, (max-width: 1024px) 100vw, 1024px\" \/><figcaption>Foto: divulga\u00e7\u00e3o\/Turismo de Treze T\u00edlias<\/figcaption><\/figure>\n\n\n\n<figure class=\"wp-block-image aligncenter\"><img loading=\"lazy\" decoding=\"async\" width=\"640\" height=\"960\" src=\"https:\/\/quantocustaviajar.com\/blog\/wp-content\/uploads\/2020\/09\/treze-tilias4.jpg\" alt=\"\" class=\"wp-image-45226\" srcset=\"https:\/\/quantocustaviajar.com\/blog\/wp-content\/uploads\/2020\/09\/treze-tilias4.jpg 640w, https:\/\/quantocustaviajar.com\/blog\/wp-content\/uploads\/2020\/09\/treze-tilias4-200x300.jpg 200w\" sizes=\"auto, (max-width: 640px) 100vw, 640px\" \/><figcaption>Foto: divulga\u00e7\u00e3o\/Turismo de Treze T\u00edlias<\/figcaption><\/figure>\n\n\n\n<p>A culin\u00e1ria tamb\u00e9m ganha toques europeus, com forte presen\u00e7a de doces t\u00edpicos. A <strong>sopa de kn\u00f6del<\/strong>, com bolas feitas de massa de batata ou de p\u00e3o mergulhadas em caldo, e a <strong>a<\/strong><em><strong>pfelstrudel<\/strong><\/em>, torta de ma\u00e7\u00e3 envolvida em uma massa bem fininha, s\u00e3o pratos indispens\u00e1veis na regi\u00e3o.<\/p>\n\n\n\n<p>A presen\u00e7a de artes\u00e3os \u00e9 outro tra\u00e7o marcante de Treze T\u00edlias, com fam\u00edlias se dedicando \u00e0 produ\u00e7\u00e3o de esculturas em madeira e pinturas no estilo Bauernmalerei (pintura camponesa).<\/p>\n\n\n\n<p>Os eventos costumam animar bastante a cidade, como \u00e9 o caso da <strong>Tirolerfest<\/strong>, confraterniza\u00e7\u00e3o que acontece anualmente em outubro, reunindo apresenta\u00e7\u00f5es culturais e gastronomia t\u00edpica ao longo de nove dias.&nbsp;<\/p>\n\n\n\n<p>O calend\u00e1rio fica mais completo com a <strong>Winterbierfest<\/strong>, o Festival Nacional da Cerveja de Inverno, que acontece em meados de maio; o <strong>Pedal do Chopp<\/strong>, que une cerveja e ciclistas no m\u00eas de novembro; e o <strong>Natal Iluminado<\/strong>, quando as <a href=\"https:\/\/quantocustaviajar.com\/blog\/destinos-para-passar-o-natal-no-brasil\/\" target=\"_blank\" rel=\"noreferrer noopener\" aria-label=\"luzes natalinas (abre numa nova aba)\">luzes natalinas<\/a> tomam conta da decora\u00e7\u00e3o, al\u00e9m de apresenta\u00e7\u00f5es musicais e encena\u00e7\u00f5es.<\/p>\n\n\n\n<figure class=\"wp-block-image aligncenter\"><img loading=\"lazy\" decoding=\"async\" width=\"960\" height=\"640\" src=\"https:\/\/quantocustaviajar.com\/blog\/wp-content\/uploads\/2020\/09\/tirolerfest.jpg\" alt=\"\" class=\"wp-image-45219\" srcset=\"https:\/\/quantocustaviajar.com\/blog\/wp-content\/uploads\/2020\/09\/tirolerfest.jpg 960w, https:\/\/quantocustaviajar.com\/blog\/wp-content\/uploads\/2020\/09\/tirolerfest-300x200.jpg 300w, https:\/\/quantocustaviajar.com\/blog\/wp-content\/uploads\/2020\/09\/tirolerfest-768x512.jpg 768w\" sizes=\"auto, (max-width: 960px) 100vw, 960px\" \/><figcaption>Foto: divulga\u00e7\u00e3o\/Tirolerfest<\/figcaption><\/figure>\n\n\n\n<figure class=\"wp-block-image aligncenter\"><img loading=\"lazy\" decoding=\"async\" width=\"700\" height=\"525\" src=\"https:\/\/quantocustaviajar.com\/blog\/wp-content\/uploads\/2020\/09\/gastronomia-treze-tilias-1.jpg\" alt=\"\" class=\"wp-image-45231\" srcset=\"https:\/\/quantocustaviajar.com\/blog\/wp-content\/uploads\/2020\/09\/gastronomia-treze-tilias-1.jpg 700w, https:\/\/quantocustaviajar.com\/blog\/wp-content\/uploads\/2020\/09\/gastronomia-treze-tilias-1-300x225.jpg 300w\" sizes=\"auto, (max-width: 700px) 100vw, 700px\" \/><figcaption>Foto: divulga\u00e7\u00e3o\/Parque Linderhof<\/figcaption><\/figure>\n\n\n\n<h2 class=\"wp-block-heading\"><span class=\"ez-toc-section\" id=\"O_que_visitar_em_Treze_Tilias\"><\/span>O que visitar em Treze&nbsp;T\u00edlias<span class=\"ez-toc-section-end\"><\/span><\/h2>\n\n\n\n<p><strong>Museu Municipal Andreas Thaler<\/strong>: o famoso castelinho da cidade ficou pronto em 1936 para abrigar o organizador da coloniza\u00e7\u00e3o. Depois de funcionar como sede da Prefeitura se transformou em museu, reunindo a hist\u00f3ria da forma\u00e7\u00e3o da cidade, objetos, pe\u00e7as de arte, utens\u00edlios de trabalho e ambienta\u00e7\u00e3o que remonta ao cotidiano da \u00e9poca da funda\u00e7\u00e3o.&nbsp;<\/p>\n\n\n\n<figure class=\"wp-block-image aligncenter\"><img loading=\"lazy\" decoding=\"async\" width=\"1024\" height=\"683\" src=\"https:\/\/quantocustaviajar.com\/blog\/wp-content\/uploads\/2020\/09\/museu-treze-tilias-1024x683.jpg\" alt=\"\" class=\"wp-image-45232\" srcset=\"https:\/\/quantocustaviajar.com\/blog\/wp-content\/uploads\/2020\/09\/museu-treze-tilias.jpg 1024w, https:\/\/quantocustaviajar.com\/blog\/wp-content\/uploads\/2020\/09\/museu-treze-tilias-300x200.jpg 300w, https:\/\/quantocustaviajar.com\/blog\/wp-content\/uploads\/2020\/09\/museu-treze-tilias-768x512.jpg 768w\" sizes=\"auto, (max-width: 1024px) 100vw, 1024px\" \/><figcaption>Foto: divulga\u00e7\u00e3o\/Tirolerfest<\/figcaption><\/figure>\n\n\n\n<p><strong>Parque do Imigrante<\/strong>: com bastante verde, o parque municipal oferece muita tranquilidade aos visitantes. Possui um lago com pedalinhos, quiosques, academia ao ar livre e uma ilha que reverencia os nove estados austr\u00edacos. Al\u00e9m disso, conta tamb\u00e9m com uma capela e uma Via Crucis esculpida em madeira, vinda da \u00c1ustria.<\/p>\n\n\n\n<p><strong>Parque Lindendorf e Mini Cidade<\/strong>: ocupando 45.000 metros quadrados, o principal parque da cidade oferece um agrad\u00e1vel passeio para toda a fam\u00edlia. Re\u00fane lindos jardins, trilhas, um lago cheio de peixes, restaurante de comidas t\u00edpicas e alguns animais, como ovelhas e capivaras. Conta tamb\u00e9m com uma mini cidade, que reproduz em miniaturas os edif\u00edcios em estilo tirol\u00eas.&nbsp;<\/p>\n\n\n\n<figure class=\"wp-block-image aligncenter\"><img loading=\"lazy\" decoding=\"async\" width=\"1024\" height=\"768\" src=\"https:\/\/quantocustaviajar.com\/blog\/wp-content\/uploads\/2020\/09\/minicidade-treze-tilias-1024x768.jpg\" alt=\"\" class=\"wp-image-45235\" srcset=\"https:\/\/quantocustaviajar.com\/blog\/wp-content\/uploads\/2020\/09\/minicidade-treze-tilias-1024x768.jpg 1024w, https:\/\/quantocustaviajar.com\/blog\/wp-content\/uploads\/2020\/09\/minicidade-treze-tilias-300x225.jpg 300w, https:\/\/quantocustaviajar.com\/blog\/wp-content\/uploads\/2020\/09\/minicidade-treze-tilias-768x576.jpg 768w, https:\/\/quantocustaviajar.com\/blog\/wp-content\/uploads\/2020\/09\/minicidade-treze-tilias.jpg 1027w\" sizes=\"auto, (max-width: 1024px) 100vw, 1024px\" \/><figcaption>Foto: divulga\u00e7\u00e3o<\/figcaption><\/figure>\n\n\n\n<p><strong>Capela Maria Dreizehnlinden: <\/strong>a modesta capelinha no alto da colina de um belo bosque atrai n\u00e3o apenas religiosos, mas quem gosta de uma boa caminhada. Isso porque a trilha, al\u00e9m de percorrer paisagens, inclui pra\u00e7as, queda d\u2019\u00e1gua e esculturas em estilo alpino.<\/p>\n\n\n\n<p><strong>Vin\u00edcola Kranz<\/strong>: com origem em Treze T\u00edlias, a fam\u00edlia Kranz entrou para o ramo da viticultura em 2007 e desde ent\u00e3o acumula medalhas pela qualidade de seus sucos, geleias e vinhos. Em uma visita na f\u00e1brica \u00e9 poss\u00edvel conhecer o processo de fabrica\u00e7\u00e3o e degustar os produtos. Os valores s\u00e3o variados de acordo com a quantidade de ta\u00e7as inclusas, mas a degusta\u00e7\u00e3o de sucos, schimer\u2019s e geleias \u00e9 gratuita e liberada para o p\u00fablico infantil.<\/p>\n\n\n\n<figure class=\"wp-block-image aligncenter\"><img loading=\"lazy\" decoding=\"async\" width=\"960\" height=\"620\" src=\"https:\/\/quantocustaviajar.com\/blog\/wp-content\/uploads\/2020\/09\/vinicola-treze-tilias.jpg\" alt=\"\" class=\"wp-image-45225\" srcset=\"https:\/\/quantocustaviajar.com\/blog\/wp-content\/uploads\/2020\/09\/vinicola-treze-tilias.jpg 960w, https:\/\/quantocustaviajar.com\/blog\/wp-content\/uploads\/2020\/09\/vinicola-treze-tilias-300x194.jpg 300w, https:\/\/quantocustaviajar.com\/blog\/wp-content\/uploads\/2020\/09\/vinicola-treze-tilias-768x496.jpg 768w\" sizes=\"auto, (max-width: 960px) 100vw, 960px\" \/><figcaption>Foto: divulga\u00e7\u00e3o\/Tirolerfest<\/figcaption><\/figure>\n\n\n\n<p><strong>Mundo Tirol\u00eas<\/strong>: a maior loja austr\u00edaca do Brasil \u00e9 fruto do trabalho da fam\u00edlia Ungericht e Astner, que se dedica \u00e0 venda de artigos nacionais e importados. Em seu interior encontram-se chap\u00e9us, acess\u00f3rios, trajes e souvenires t\u00edpicos da \u00c1ustria e Alemanha, al\u00e9m de artesanato local, malharia e pe\u00e7as com a flor Edelweiss, planta que simboliza a na\u00e7\u00e3o austr\u00edaca. O local conta ainda com fabrica\u00e7\u00e3o artesanal de destilados e licores, que tamb\u00e9m s\u00e3o comercializados.<\/p>\n\n\n\n<p class=\"has-text-align-left\"><strong>Cervejaria Stube Dreizehnlinden<\/strong>: o pequeno e aconchegante restaurante fabrica a pr\u00f3pria cerveja que \u00e9 servida aos clientes. Para acompanhar a bebida, uma boa pedida \u00e9 o Wiener Schnitzel, prato t\u00edpico composto por lombo su\u00edno empanado, acompanhado de batata frita.&nbsp;<\/p>\n\n\n\n<figure class=\"wp-block-image aligncenter\"><img loading=\"lazy\" decoding=\"async\" width=\"812\" height=\"608\" src=\"https:\/\/quantocustaviajar.com\/blog\/wp-content\/uploads\/2020\/09\/cervejaria-treze-tilias.jpg\" alt=\"\" class=\"wp-image-45234\" srcset=\"https:\/\/quantocustaviajar.com\/blog\/wp-content\/uploads\/2020\/09\/cervejaria-treze-tilias.jpg 812w, https:\/\/quantocustaviajar.com\/blog\/wp-content\/uploads\/2020\/09\/cervejaria-treze-tilias-300x225.jpg 300w, https:\/\/quantocustaviajar.com\/blog\/wp-content\/uploads\/2020\/09\/cervejaria-treze-tilias-768x575.jpg 768w\" sizes=\"auto, (max-width: 812px) 100vw, 812px\" \/><figcaption>Foto: divulga\u00e7\u00e3o<\/figcaption><\/figure>\n\n\n\n<p><strong>Cervejaria Bierbaum<\/strong>: utilizando a Lei da Pureza Alem\u00e3 de 1516, chamada de \u201cReinheitsgebot\u201d, a premiada micro cervejaria foi fundada em 2004 pelos irm\u00e3os Bierbaum. Com f\u00e1brica anexa ao tradicional Restaurante Edelweiss, produz nove estilos de cervejas artesanais, servidas em um charmoso espa\u00e7o.&nbsp;<\/p>\n\n\n\n<p><strong>Eiskaffee Trudi<\/strong>: com deck ao ar livre e vista para o lago, a cafeteria e sorveteria artesanal \u00e9 ideal para come\u00e7ar o dia ou fazer aquela pausa no meio da tarde. Os clientes podem se entregar \u00e0s do\u00e7uras com ta\u00e7as de sorvete, apflestrudel, brownies, tortas, bolos e outras del\u00edcias.&nbsp;<\/p>\n\n\n\n<figure class=\"wp-block-image aligncenter\"><img loading=\"lazy\" decoding=\"async\" width=\"819\" height=\"1024\" src=\"https:\/\/quantocustaviajar.com\/blog\/wp-content\/uploads\/2020\/09\/cafeteria-treze-tilias-819x1024.jpg\" alt=\"\" class=\"wp-image-45236\" srcset=\"https:\/\/quantocustaviajar.com\/blog\/wp-content\/uploads\/2020\/09\/cafeteria-treze-tilias-819x1024.jpg 819w, https:\/\/quantocustaviajar.com\/blog\/wp-content\/uploads\/2020\/09\/cafeteria-treze-tilias-240x300.jpg 240w, https:\/\/quantocustaviajar.com\/blog\/wp-content\/uploads\/2020\/09\/cafeteria-treze-tilias-768x960.jpg 768w, https:\/\/quantocustaviajar.com\/blog\/wp-content\/uploads\/2020\/09\/cafeteria-treze-tilias.jpg 1080w\" sizes=\"auto, (max-width: 819px) 100vw, 819px\" \/><figcaption>Foto: divulga\u00e7\u00e3o<\/figcaption><\/figure>\n\n\n\n<h3 class=\"wp-block-heading\"><span class=\"ez-toc-section\" id=\"Turismo_Rural\"><\/span>Turismo Rural&nbsp;<span class=\"ez-toc-section-end\"><\/span><\/h3>\n\n\n\n<p>O interior da cidade tamb\u00e9m agrega muito charme em suas constru\u00e7\u00f5es e paisagens buc\u00f3licas. H\u00e1 dois principais roteiros para fazer: Linha Pinhal e Linha Babenberg, cada qual com seus atrativos.&nbsp;<\/p>\n\n\n\n<p><strong>Linha Pinhal<\/strong> ganhou certa fama quando serviu de cen\u00e1rio para a novela Ana Raio e Z\u00e9 Trov\u00e3o. Foi em 1940 que a fam\u00edlia Ferronatto chegou do <a href=\"https:\/\/quantocustaviajar.com\/blog\/cidades-legais-para-conhecer-no-rio-grande-do-sul\/\">Rio Grande do Sul<\/a> para formar a comunidade, agregando depois as fam\u00edlias Zanella, Acrisio e Barbieri.<\/p>\n\n\n\n<p>Assim foi surgindo a pr\u00f3pria escola, a igreja  Nossa Senhora da Sa\u00fade, que conta com pinturas sacras de Karl Neumayr e restaurantes italianos como a cantina da Fam\u00edlia Ferronatto.&nbsp;<\/p>\n\n\n\n<p>J\u00e1 a <strong>Linha Babenberg<\/strong> foi formada por austr\u00edacos em meados de 1934. O solo f\u00e9rtil permitiu o desenvolvimento de atividades agr\u00edcolas. Com o tempo a comunidade ganhou relev\u00e2ncia religiosa, recebendo uma romaria durante a festa de Nossa Senhora Aparecida. Tamb\u00e9m conta com uma trilha para caminhada com a Via Crucis.<\/p>\n\n\n\n<figure class=\"wp-block-image aligncenter\"><img loading=\"lazy\" decoding=\"async\" width=\"650\" height=\"356\" src=\"https:\/\/quantocustaviajar.com\/blog\/wp-content\/uploads\/2020\/09\/treze-tilias-1.jpg\" alt=\"\" class=\"wp-image-45224\" srcset=\"https:\/\/quantocustaviajar.com\/blog\/wp-content\/uploads\/2020\/09\/treze-tilias-1.jpg 650w, https:\/\/quantocustaviajar.com\/blog\/wp-content\/uploads\/2020\/09\/treze-tilias-1-300x164.jpg 300w\" sizes=\"auto, (max-width: 650px) 100vw, 650px\" \/><figcaption>Foto: divulga\u00e7\u00e3o\/Turismo de Treze T\u00edlias<\/figcaption><\/figure>\n\n\n\n<h4 class=\"wp-block-heading\"><span class=\"ez-toc-section\" id=\"Onde_ficar\"><\/span>Onde ficar<span class=\"ez-toc-section-end\"><\/span><\/h4>\n\n\n\n<ul class=\"wp-block-list\"><li><a rel=\"noreferrer noopener\" href=\"https:\/\/www.booking.com\/hotel\/br\/rancho-ferradura.pt-br.html?aid=2161834\" target=\"_blank\"><strong>Rancho Ferradura<\/strong><\/a><\/li><li><a rel=\"noreferrer noopener\" href=\"https:\/\/www.booking.com\/hotel\/br\/treze-tilias-park.pt-br.html?aid=2161834\" target=\"_blank\"><strong>Treze T\u00edlias Park Hotel<\/strong><\/a><\/li><li><a rel=\"noreferrer noopener\" href=\"https:\/\/www.booking.com\/hotel\/br\/villa-gruntal-hospedaria.pt-br.html?aid=2161834\" target=\"_blank\"><strong>Hospedaria Villa Gruntal<\/strong><\/a><\/li><li><a rel=\"noreferrer noopener\" href=\"https:\/\/www.booking.com\/hotel\/br\/tirol-treze-tilias1.pt-br.html?aid=2161834\" target=\"_blank\"><strong>Hotel Tirol<\/strong><\/a><\/li><li><a rel=\"noreferrer noopener\" aria-label=\" (abre numa nova aba)\" href=\"https:\/\/www.booking.com\/hotel\/br\/recanto-das-palmeiras-treze-tilias.pt-br.html?aid=2161834\" target=\"_blank\"><strong>Chal\u00e9s Vila dos Alpes<\/strong><\/a><\/li><\/ul>\n\n\n\n<figure class=\"wp-block-image aligncenter\"><img loading=\"lazy\" decoding=\"async\" width=\"1024\" height=\"693\" src=\"https:\/\/quantocustaviajar.com\/blog\/wp-content\/uploads\/2020\/09\/hospedagem-treze-tilias-1024x693.jpg\" alt=\"\" class=\"wp-image-45233\" srcset=\"https:\/\/quantocustaviajar.com\/blog\/wp-content\/uploads\/2020\/09\/hospedagem-treze-tilias.jpg 1024w, https:\/\/quantocustaviajar.com\/blog\/wp-content\/uploads\/2020\/09\/hospedagem-treze-tilias-300x203.jpg 300w, https:\/\/quantocustaviajar.com\/blog\/wp-content\/uploads\/2020\/09\/hospedagem-treze-tilias-768x520.jpg 768w\" sizes=\"auto, (max-width: 1024px) 100vw, 1024px\" \/><figcaption>Foto: divulga\u00e7\u00e3o\/Rancho Ferradura<\/figcaption><\/figure>\n","protected":false},"excerpt":{"rendered":"<p>Em meados dos anos 1930, uma parte da popula\u00e7\u00e3o da \u00c1ustria imigrou para o Brasil em busca de oportunidades. Parte da col\u00f4nia se firmou em Treze T\u00edlias (SC), conhecida como o \u201cTirol brasileiro\u201d devido \u00e0s caracter\u00edsticas do pa\u00eds europeu que se preservaram at\u00e9 os dias atuais.&nbsp; A cidade foi fundada em 1933 por Andreas Thaler, [&hellip;]<\/p>\n","protected":false},"author":9,"featured_media":45221,"comment_status":"open","ping_status":"open","sticky":false,"template":"page-templates\/featured-img-above.php","format":"standard","meta":{"cybocfi_hide_featured_image":"","footnotes":""},"categories":[1434],"tags":[690,266,240,62,18,91,89,187,429,1221],"class_list":["post-45218","post","type-post","status-publish","format-standard","has-post-thumbnail","hentry","category-descubra-brasil","tag-austria","tag-brasil","tag-cidades","tag-cultura","tag-europa","tag-festival","tag-gastronomia","tag-santa-catarina","tag-sul","tag-turismo-rural"],"blocksy_meta":[],"yoast_head":"<!-- This site is optimized with the Yoast SEO plugin v26.3 - https:\/\/yoast.com\/wordpress\/plugins\/seo\/ -->\n<title>Treze T\u00edlias: um pedacinho da \u00c1ustria em solo brasileiro<\/title>\n<meta name=\"description\" content=\"Treze T\u00edlias (SC), conhecida como o \u201cTirol brasileiro\u201d devido \u00e0s caracter\u00edsticas da \u00c1ustria que se preservaram at\u00e9 os dias atuais.\" \/>\n<meta name=\"robots\" content=\"index, follow, max-snippet:-1, max-image-preview:large, max-video-preview:-1\" \/>\n<link rel=\"canonical\" href=\"https:\/\/quantocustaviajar.com\/blog\/treze-tilias-um-pedacinho-da-austria\/\" \/>\n<meta property=\"og:locale\" content=\"pt_BR\" \/>\n<meta property=\"og:type\" content=\"article\" \/>\n<meta property=\"og:title\" content=\"Treze T\u00edlias: um pedacinho da \u00c1ustria em solo brasileiro\" \/>\n<meta property=\"og:description\" content=\"Treze T\u00edlias (SC), conhecida como o \u201cTirol brasileiro\u201d devido \u00e0s caracter\u00edsticas da \u00c1ustria que se preservaram at\u00e9 os dias atuais.\" \/>\n<meta property=\"og:url\" content=\"https:\/\/quantocustaviajar.com\/blog\/treze-tilias-um-pedacinho-da-austria\/\" \/>\n<meta property=\"og:site_name\" content=\"Blog Quanto Custa Viajar\" \/>\n<meta property=\"article:publisher\" content=\"https:\/\/www.facebook.com\/quantocustaviajar\" \/>\n<meta property=\"article:published_time\" content=\"2025-01-13T18:47:00+00:00\" \/>\n<meta property=\"article:modified_time\" content=\"2025-06-10T19:03:29+00:00\" \/>\n<meta property=\"og:image\" content=\"https:\/\/quantocustaviajar.com\/blog\/wp-content\/uploads\/2020\/09\/treze-tilias.jpg\" \/>\n\t<meta property=\"og:image:width\" content=\"1024\" \/>\n\t<meta property=\"og:image:height\" content=\"683\" \/>\n\t<meta property=\"og:image:type\" content=\"image\/jpeg\" \/>\n<meta name=\"author\" content=\"Reda\u00e7\u00e3o QCV\" \/>\n<meta name=\"twitter:card\" content=\"summary_large_image\" \/>\n<meta name=\"twitter:label1\" content=\"Escrito por\" \/>\n\t<meta name=\"twitter:data1\" content=\"Reda\u00e7\u00e3o QCV\" \/>\n\t<meta name=\"twitter:label2\" content=\"Est. tempo de leitura\" \/>\n\t<meta name=\"twitter:data2\" content=\"9 minutos\" \/>\n<!-- \/ Yoast SEO plugin. -->","yoast_head_json":{"title":"Treze T\u00edlias: um pedacinho da \u00c1ustria em solo brasileiro","description":"Treze T\u00edlias (SC), conhecida como o \u201cTirol brasileiro\u201d devido \u00e0s caracter\u00edsticas da \u00c1ustria que se preservaram at\u00e9 os dias atuais.","robots":{"index":"index","follow":"follow","max-snippet":"max-snippet:-1","max-image-preview":"max-image-preview:large","max-video-preview":"max-video-preview:-1"},"canonical":"https:\/\/quantocustaviajar.com\/blog\/treze-tilias-um-pedacinho-da-austria\/","og_locale":"pt_BR","og_type":"article","og_title":"Treze T\u00edlias: um pedacinho da \u00c1ustria em solo brasileiro","og_description":"Treze T\u00edlias (SC), conhecida como o \u201cTirol brasileiro\u201d devido \u00e0s caracter\u00edsticas da \u00c1ustria que se preservaram at\u00e9 os dias atuais.","og_url":"https:\/\/quantocustaviajar.com\/blog\/treze-tilias-um-pedacinho-da-austria\/","og_site_name":"Blog Quanto Custa Viajar","article_publisher":"https:\/\/www.facebook.com\/quantocustaviajar","article_published_time":"2025-01-13T18:47:00+00:00","article_modified_time":"2025-06-10T19:03:29+00:00","og_image":[{"width":1024,"height":683,"url":"https:\/\/quantocustaviajar.com\/blog\/wp-content\/uploads\/2020\/09\/treze-tilias.jpg","type":"image\/jpeg"}],"author":"Reda\u00e7\u00e3o QCV","twitter_card":"summary_large_image","twitter_misc":{"Escrito por":"Reda\u00e7\u00e3o QCV","Est. tempo de leitura":"9 minutos"},"schema":{"@context":"https:\/\/schema.org","@graph":[{"@type":["Article","BlogPosting"],"@id":"https:\/\/quantocustaviajar.com\/blog\/treze-tilias-um-pedacinho-da-austria\/#article","isPartOf":{"@id":"https:\/\/quantocustaviajar.com\/blog\/treze-tilias-um-pedacinho-da-austria\/"},"author":{"name":"Reda\u00e7\u00e3o QCV","@id":"https:\/\/quantocustaviajar.com\/blog\/#\/schema\/person\/b99c49b1272e2104cc84a5a84122b751"},"headline":"Treze T\u00edlias: um pedacinho da \u00c1ustria em solo brasileiro","datePublished":"2025-01-13T18:47:00+00:00","dateModified":"2025-06-10T19:03:29+00:00","mainEntityOfPage":{"@id":"https:\/\/quantocustaviajar.com\/blog\/treze-tilias-um-pedacinho-da-austria\/"},"wordCount":1193,"commentCount":4,"publisher":{"@id":"https:\/\/quantocustaviajar.com\/blog\/#organization"},"image":{"@id":"https:\/\/quantocustaviajar.com\/blog\/treze-tilias-um-pedacinho-da-austria\/#primaryimage"},"thumbnailUrl":"https:\/\/quantocustaviajar.com\/blog\/wp-content\/uploads\/2020\/09\/treze-tilias.jpg","keywords":["\u00c1ustria","Brasil","cidades","cultura","europa","festival","gastronomia","Santa Catarina","Sul","turismo rural"],"articleSection":["Descubra o Brasil"],"inLanguage":"pt-BR","potentialAction":[{"@type":"CommentAction","name":"Comment","target":["https:\/\/quantocustaviajar.com\/blog\/treze-tilias-um-pedacinho-da-austria\/#respond"]}]},{"@type":"WebPage","@id":"https:\/\/quantocustaviajar.com\/blog\/treze-tilias-um-pedacinho-da-austria\/","url":"https:\/\/quantocustaviajar.com\/blog\/treze-tilias-um-pedacinho-da-austria\/","name":"Treze T\u00edlias: um pedacinho da \u00c1ustria em solo brasileiro","isPartOf":{"@id":"https:\/\/quantocustaviajar.com\/blog\/#website"},"primaryImageOfPage":{"@id":"https:\/\/quantocustaviajar.com\/blog\/treze-tilias-um-pedacinho-da-austria\/#primaryimage"},"image":{"@id":"https:\/\/quantocustaviajar.com\/blog\/treze-tilias-um-pedacinho-da-austria\/#primaryimage"},"thumbnailUrl":"https:\/\/quantocustaviajar.com\/blog\/wp-content\/uploads\/2020\/09\/treze-tilias.jpg","datePublished":"2025-01-13T18:47:00+00:00","dateModified":"2025-06-10T19:03:29+00:00","description":"Treze T\u00edlias (SC), conhecida como o \u201cTirol brasileiro\u201d devido \u00e0s caracter\u00edsticas da \u00c1ustria que se preservaram at\u00e9 os dias atuais.","breadcrumb":{"@id":"https:\/\/quantocustaviajar.com\/blog\/treze-tilias-um-pedacinho-da-austria\/#breadcrumb"},"inLanguage":"pt-BR","potentialAction":[{"@type":"ReadAction","target":["https:\/\/quantocustaviajar.com\/blog\/treze-tilias-um-pedacinho-da-austria\/"]}]},{"@type":"ImageObject","inLanguage":"pt-BR","@id":"https:\/\/quantocustaviajar.com\/blog\/treze-tilias-um-pedacinho-da-austria\/#primaryimage","url":"https:\/\/quantocustaviajar.com\/blog\/wp-content\/uploads\/2020\/09\/treze-tilias.jpg","contentUrl":"https:\/\/quantocustaviajar.com\/blog\/wp-content\/uploads\/2020\/09\/treze-tilias.jpg","width":1024,"height":683,"caption":"Foto: divulga\u00e7\u00e3o\/Tirolerfest"},{"@type":"BreadcrumbList","@id":"https:\/\/quantocustaviajar.com\/blog\/treze-tilias-um-pedacinho-da-austria\/#breadcrumb","itemListElement":[{"@type":"ListItem","position":1,"name":"In\u00edcio","item":"https:\/\/quantocustaviajar.com\/blog\/"},{"@type":"ListItem","position":2,"name":"Treze T\u00edlias: um pedacinho da \u00c1ustria em solo brasileiro"}]},{"@type":"WebSite","@id":"https:\/\/quantocustaviajar.com\/blog\/#website","url":"https:\/\/quantocustaviajar.com\/blog\/","name":"Blog Quanto Custa Viajar","description":"","publisher":{"@id":"https:\/\/quantocustaviajar.com\/blog\/#organization"},"potentialAction":[{"@type":"SearchAction","target":{"@type":"EntryPoint","urlTemplate":"https:\/\/quantocustaviajar.com\/blog\/?s={search_term_string}"},"query-input":{"@type":"PropertyValueSpecification","valueRequired":true,"valueName":"search_term_string"}}],"inLanguage":"pt-BR"},{"@type":"Organization","@id":"https:\/\/quantocustaviajar.com\/blog\/#organization","name":"Quanto Custa Viajar","url":"https:\/\/quantocustaviajar.com\/blog\/","logo":{"@type":"ImageObject","inLanguage":"pt-BR","@id":"https:\/\/quantocustaviajar.com\/blog\/#\/schema\/logo\/image\/","url":"","contentUrl":"","caption":"Quanto Custa Viajar"},"image":{"@id":"https:\/\/quantocustaviajar.com\/blog\/#\/schema\/logo\/image\/"},"sameAs":["https:\/\/www.facebook.com\/quantocustaviajar"]},{"@type":"Person","@id":"https:\/\/quantocustaviajar.com\/blog\/#\/schema\/person\/b99c49b1272e2104cc84a5a84122b751","name":"Reda\u00e7\u00e3o QCV","image":{"@type":"ImageObject","inLanguage":"pt-BR","@id":"https:\/\/quantocustaviajar.com\/blog\/#\/schema\/person\/image\/","url":"https:\/\/secure.gravatar.com\/avatar\/e7b47d7a4633897697c32e0a2a1ad3abd9ca142ad0d9b7897241c6115247561b?s=96&d=mm&r=g","contentUrl":"https:\/\/secure.gravatar.com\/avatar\/e7b47d7a4633897697c32e0a2a1ad3abd9ca142ad0d9b7897241c6115247561b?s=96&d=mm&r=g","caption":"Reda\u00e7\u00e3o QCV"},"url":"https:\/\/quantocustaviajar.com\/blog\/author\/redacao\/"}]}},"_links":{"self":[{"href":"https:\/\/quantocustaviajar.com\/blog\/wp-json\/wp\/v2\/posts\/45218","targetHints":{"allow":["GET"]}}],"collection":[{"href":"https:\/\/quantocustaviajar.com\/blog\/wp-json\/wp\/v2\/posts"}],"about":[{"href":"https:\/\/quantocustaviajar.com\/blog\/wp-json\/wp\/v2\/types\/post"}],"author":[{"embeddable":true,"href":"https:\/\/quantocustaviajar.com\/blog\/wp-json\/wp\/v2\/users\/9"}],"replies":[{"embeddable":true,"href":"https:\/\/quantocustaviajar.com\/blog\/wp-json\/wp\/v2\/comments?post=45218"}],"version-history":[{"count":4,"href":"https:\/\/quantocustaviajar.com\/blog\/wp-json\/wp\/v2\/posts\/45218\/revisions"}],"predecessor-version":[{"id":72855,"href":"https:\/\/quantocustaviajar.com\/blog\/wp-json\/wp\/v2\/posts\/45218\/revisions\/72855"}],"wp:featuredmedia":[{"embeddable":true,"href":"https:\/\/quantocustaviajar.com\/blog\/wp-json\/wp\/v2\/media\/45221"}],"wp:attachment":[{"href":"https:\/\/quantocustaviajar.com\/blog\/wp-json\/wp\/v2\/media?parent=45218"}],"wp:term":[{"taxonomy":"category","embeddable":true,"href":"https:\/\/quantocustaviajar.com\/blog\/wp-json\/wp\/v2\/categories?post=45218"},{"taxonomy":"post_tag","embeddable":true,"href":"https:\/\/quantocustaviajar.com\/blog\/wp-json\/wp\/v2\/tags?post=45218"}],"curies":[{"name":"wp","href":"https:\/\/api.w.org\/{rel}","templated":true}]}}