{"id":45120,"date":"2020-09-29T13:53:59","date_gmt":"2020-09-29T13:53:59","guid":{"rendered":"https:\/\/quantocustaviajar.com\/blog\/?p=45120"},"modified":"2020-09-29T13:54:15","modified_gmt":"2020-09-29T13:54:15","slug":"catas-altas-minas-gerais","status":"publish","type":"post","link":"https:\/\/quantocustaviajar.com\/blog\/catas-altas-minas-gerais\/","title":{"rendered":"Arte sacra, hist\u00f3ria e montanhas s\u00e3o atrativos na mineira Catas\u00a0Altas"},"content":{"rendered":"\n<p>As terras de <a href=\"https:\/\/quantocustaviajar.com\/blog\/cidades-legais-para-viajar-em-minas-gerais\/\">Minas Gerais<\/a> abrigam um bocado de aconchego entre seus lugarejos intocados pelo tempo. Em <strong>Catas Altas<\/strong>, a paisagem urbana formada no s\u00e9culo passado revela muita hist\u00f3ria e joias da arte sacra, ao mesmo em que se perde entre os enormes picos de at\u00e9 2.000 metros de altura.&nbsp;<\/p>\n\n\n\n<p>Cen\u00e1rio da miniss\u00e9rie da TV Globo \u201c<em>Se Eu Fechar os Olhos Agora<\/em>\u201d, a pacata cidadezinha perdida no meio das montanhas <strong>a 120 km de Belo Horizonte<\/strong> continua com a mesma tranquilidade de sempre.&nbsp;<\/p>\n\n\n\n<p>Localizada aos p\u00e9s da Serra da Cara\u00e7a, Catas Altas \u00e9 contemplada pela natureza n\u00e3o apenas pela cadeia montanhosa que forma a linha do horizonte, mas pelas cachoeiras, po\u00e7os, grutas e demais forma\u00e7\u00f5es rochosas que a circunda.<\/p>\n\n\n\n<blockquote class=\"wp-block-quote is-style-large is-layout-flow wp-block-quote-is-layout-flow\"><p> Catas Altas integra o Circuito do Ouro ao longo da Estrada Real, considerada a maior rota tur\u00edstica do pa\u00eds, dividida entre MG, SP e RJ. <\/p><\/blockquote>\n\n\n\n<div class=\"wp-block-image\"><figure class=\"aligncenter\"><img loading=\"lazy\" decoding=\"async\" width=\"1024\" height=\"1024\" src=\"https:\/\/quantocustaviajar.com\/blog\/wp-content\/uploads\/2020\/09\/catas-altas-Lucas-Nishimoto-1024x1024.jpg\" alt=\"\" class=\"wp-image-45149\" srcset=\"https:\/\/quantocustaviajar.com\/blog\/wp-content\/uploads\/2020\/09\/catas-altas-Lucas-Nishimoto-1024x1024.jpg 1024w, https:\/\/quantocustaviajar.com\/blog\/wp-content\/uploads\/2020\/09\/catas-altas-Lucas-Nishimoto-150x150.jpg 150w, https:\/\/quantocustaviajar.com\/blog\/wp-content\/uploads\/2020\/09\/catas-altas-Lucas-Nishimoto-300x300.jpg 300w, https:\/\/quantocustaviajar.com\/blog\/wp-content\/uploads\/2020\/09\/catas-altas-Lucas-Nishimoto-768x768.jpg 768w, https:\/\/quantocustaviajar.com\/blog\/wp-content\/uploads\/2020\/09\/catas-altas-Lucas-Nishimoto.jpg 1080w\" sizes=\"auto, (max-width: 1024px) 100vw, 1024px\" \/><figcaption>Foto: Lucas Nishimoto\/Instituto Estrada Real<\/figcaption><\/figure><\/div>\n\n\n\n<p>O povoado come\u00e7ou por volta de 1694, com a descoberta de minas aur\u00edferas, que deram origem ao ciclo do ouro de Minas Gerais. Os nome \u00e9 atribu\u00eddo \u00e0s profundas escava\u00e7\u00f5es nas alturas do morro, visto que \u201cCatas\u201d significa garimpo.&nbsp;<\/p>\n\n\n\n<p>Assim como outros <a href=\"https:\/\/quantocustaviajar.com\/blog\/cidades-legais-para-viajar-em-minas-gerais\/\" target=\"_blank\" rel=\"noreferrer noopener\" aria-label=\" (abre numa nova aba)\">destinos mineiros<\/a>, o munic\u00edpio ainda mant\u00e9m de p\u00e9 edif\u00edcios coloniais bem preservados, concentrados na regi\u00e3o central, que \u00e9 tombada, e igrejas que resguardam obras importantes barrocas de artistas locais, como Aleijadinho e mestre Ata\u00edde, ambos fundamentais na arte brasileira. \u00a0<\/p>\n\n\n\n<p>A <a href=\"https:\/\/quantocustaviajar.com\/blog\/vinicolas-do-brasil\/\" target=\"_blank\" rel=\"noreferrer noopener\" aria-label=\" (abre numa nova aba)\">viticultura<\/a> \u00e9 outro ponto tradicional da regi\u00e3o, conhecida pela festa anual do vinho. Apesar as videiras come\u00e7arem a ser cultivadas no s\u00e9culo 19, a bebida local mais famosa \u00e9, na verdade, o fermentado de jabuticaba, que teve origem em 1949.\u00a0<\/p>\n\n\n\n<div class=\"wp-block-image\"><figure class=\"aligncenter\"><img loading=\"lazy\" decoding=\"async\" width=\"1024\" height=\"1024\" src=\"https:\/\/quantocustaviajar.com\/blog\/wp-content\/uploads\/2020\/09\/catas-altas-Marcelo-Andr\u00e9-1024x1024.jpg\" alt=\"\" class=\"wp-image-45151\" srcset=\"https:\/\/quantocustaviajar.com\/blog\/wp-content\/uploads\/2020\/09\/catas-altas-Marcelo-Andr\u00e9-1024x1024.jpg 1024w, https:\/\/quantocustaviajar.com\/blog\/wp-content\/uploads\/2020\/09\/catas-altas-Marcelo-Andr\u00e9-150x150.jpg 150w, https:\/\/quantocustaviajar.com\/blog\/wp-content\/uploads\/2020\/09\/catas-altas-Marcelo-Andr\u00e9-300x300.jpg 300w, https:\/\/quantocustaviajar.com\/blog\/wp-content\/uploads\/2020\/09\/catas-altas-Marcelo-Andr\u00e9-768x768.jpg 768w, https:\/\/quantocustaviajar.com\/blog\/wp-content\/uploads\/2020\/09\/catas-altas-Marcelo-Andr\u00e9.jpg 1080w\" sizes=\"auto, (max-width: 1024px) 100vw, 1024px\" \/><figcaption>Foto: Marcelo Andr\u00e9\/Instituto Estrada Real<\/figcaption><\/figure><\/div>\n\n\n\n<div class=\"wp-block-image\"><figure class=\"aligncenter\"><img loading=\"lazy\" decoding=\"async\" width=\"1024\" height=\"701\" src=\"https:\/\/quantocustaviajar.com\/blog\/wp-content\/uploads\/2020\/09\/catas-altas-minas-gerais-1024x701.jpg\" alt=\"\" class=\"wp-image-45175\" srcset=\"https:\/\/quantocustaviajar.com\/blog\/wp-content\/uploads\/2020\/09\/catas-altas-minas-gerais-1024x701.jpg 1024w, https:\/\/quantocustaviajar.com\/blog\/wp-content\/uploads\/2020\/09\/catas-altas-minas-gerais-300x205.jpg 300w, https:\/\/quantocustaviajar.com\/blog\/wp-content\/uploads\/2020\/09\/catas-altas-minas-gerais-768x526.jpg 768w, https:\/\/quantocustaviajar.com\/blog\/wp-content\/uploads\/2020\/09\/catas-altas-minas-gerais-1920x1314.jpg 1920w, https:\/\/quantocustaviajar.com\/blog\/wp-content\/uploads\/2020\/09\/catas-altas-minas-gerais.jpg 2048w\" sizes=\"auto, (max-width: 1024px) 100vw, 1024px\" \/><figcaption>Foto: Rodrigo Azevedo\/Instituto Estrada Real<\/figcaption><\/figure><\/div>\n\n\n\n<div class=\"wp-block-image\"><figure class=\"aligncenter is-resized\"><img loading=\"lazy\" decoding=\"async\" src=\"https:\/\/quantocustaviajar.com\/blog\/wp-content\/uploads\/2020\/09\/Pico-do-Inficionado-2.jpg\" alt=\"\" class=\"wp-image-45157\" width=\"612\" height=\"407\" srcset=\"https:\/\/quantocustaviajar.com\/blog\/wp-content\/uploads\/2020\/09\/Pico-do-Inficionado-2.jpg 640w, https:\/\/quantocustaviajar.com\/blog\/wp-content\/uploads\/2020\/09\/Pico-do-Inficionado-2-300x200.jpg 300w\" sizes=\"auto, (max-width: 612px) 100vw, 612px\" \/><figcaption>Foto: divulga\u00e7\u00e3o\/Santu\u00e1rio do Cara\u00e7a<\/figcaption><\/figure><\/div>\n\n\n\n<h2 class=\"wp-block-heading\"><strong>O que fazer em Catas Altas<\/strong><\/h2>\n\n\n\n<p><strong>Igreja Matriz de Nossa Senhora da Concei\u00e7\u00e3o<\/strong>: o templo religioso do s\u00e9culo 18 \u00e9 um dos mais importantes do estado. Constru\u00edda em madeira, taipa e pedra, tem em seus elementos arquitet\u00f4nicos belos exemplares do estilo rococ\u00f3 mineiro. Entre os detalhes em madeira talhada na parte interna, h\u00e1 obras atribu\u00eddas \u00e0 Aleijadinho, Francisco Vieira Servas e Mestre Ata\u00edde. .&nbsp;<\/p>\n\n\n\n<div class=\"wp-block-image\"><figure class=\"aligncenter\"><img loading=\"lazy\" decoding=\"async\" width=\"950\" height=\"797\" src=\"https:\/\/quantocustaviajar.com\/blog\/wp-content\/uploads\/2020\/09\/catas-altas-por-Lucas-Nishimoto.jpg\" alt=\"\" class=\"wp-image-45150\" srcset=\"https:\/\/quantocustaviajar.com\/blog\/wp-content\/uploads\/2020\/09\/catas-altas-por-Lucas-Nishimoto.jpg 950w, https:\/\/quantocustaviajar.com\/blog\/wp-content\/uploads\/2020\/09\/catas-altas-por-Lucas-Nishimoto-300x252.jpg 300w, https:\/\/quantocustaviajar.com\/blog\/wp-content\/uploads\/2020\/09\/catas-altas-por-Lucas-Nishimoto-768x644.jpg 768w\" sizes=\"auto, (max-width: 950px) 100vw, 950px\" \/><figcaption>Foto: Lucas Nishimoto\/Instituto Estrada Real<\/figcaption><\/figure><\/div>\n\n\n\n<div class=\"wp-block-image\"><figure class=\"aligncenter\"><img loading=\"lazy\" decoding=\"async\" width=\"1024\" height=\"768\" src=\"https:\/\/quantocustaviajar.com\/blog\/wp-content\/uploads\/2020\/09\/Igreja-matriz-de-Catas-Altas-DA-1024x768.jpg\" alt=\"\" class=\"wp-image-45136\" srcset=\"https:\/\/quantocustaviajar.com\/blog\/wp-content\/uploads\/2020\/09\/Igreja-matriz-de-Catas-Altas-DA-1024x768.jpg 1024w, https:\/\/quantocustaviajar.com\/blog\/wp-content\/uploads\/2020\/09\/Igreja-matriz-de-Catas-Altas-DA-300x225.jpg 300w, https:\/\/quantocustaviajar.com\/blog\/wp-content\/uploads\/2020\/09\/Igreja-matriz-de-Catas-Altas-DA-768x576.jpg 768w, https:\/\/quantocustaviajar.com\/blog\/wp-content\/uploads\/2020\/09\/Igreja-matriz-de-Catas-Altas-DA.jpg 1280w\" sizes=\"auto, (max-width: 1024px) 100vw, 1024px\" \/><figcaption>Foto: Daniela Almeida\/Ascom<\/figcaption><\/figure><\/div>\n\n\n\n<p><strong>Igreja Nossa Senhora do Ros\u00e1rio<\/strong>: datada em 1862, a pequena e simples igreja chama a aten\u00e7\u00e3o pelos detalhes em seu altar e a pintura no teto.&nbsp;<\/p>\n\n\n\n<p><strong>Capela Santa Quit\u00e9ria<\/strong>:&nbsp;datada no s\u00e9culo 18, \u00e9 um dos cart\u00f5es postais de Catas Altas. Do alto de um morro, a modesta capelinha permanece fechada o ano todo, abrindo apenas em maio, quando acontecem homenagens \u00e0 santa.<\/p>\n\n\n\n<div class=\"wp-block-image\"><figure class=\"aligncenter\"><img loading=\"lazy\" decoding=\"async\" width=\"1024\" height=\"684\" src=\"https:\/\/quantocustaviajar.com\/blog\/wp-content\/uploads\/2020\/09\/Capela-Santa-Quiteria-1024x684.jpg\" alt=\"\" class=\"wp-image-45134\" srcset=\"https:\/\/quantocustaviajar.com\/blog\/wp-content\/uploads\/2020\/09\/Capela-Santa-Quiteria-1024x684.jpg 1024w, https:\/\/quantocustaviajar.com\/blog\/wp-content\/uploads\/2020\/09\/Capela-Santa-Quiteria-300x200.jpg 300w, https:\/\/quantocustaviajar.com\/blog\/wp-content\/uploads\/2020\/09\/Capela-Santa-Quiteria-768x513.jpg 768w, https:\/\/quantocustaviajar.com\/blog\/wp-content\/uploads\/2020\/09\/Capela-Santa-Quiteria.jpg 1200w\" sizes=\"auto, (max-width: 1024px) 100vw, 1024px\" \/><figcaption>Foto: S\u00e9rgio Mour\u00e3o\/Ascom<\/figcaption><\/figure><\/div>\n\n\n\n<p><strong>Banho do Belchior<\/strong>: localizada a 2 km do centro hist\u00f3rico, a corredeira de \u00e1gua forma v\u00e1rias piscinas naturais prop\u00edcias para banho. O caminho at\u00e9 l\u00e1 n\u00e3o tem grandes dificuldades, o que acaba democratizando o acesso.&nbsp;<\/p>\n\n\n\n<p><strong>Vale das Borboletas: <\/strong>nos dias quentes, um dos lugares mais visitados de Catas Altas \u00e9 o Vale das Borboletas, localizado numa \u00e1rea particular a cerca de 10 km da regi\u00e3o central. Trilhas, po\u00e7os e cachoeiras divertem adultos e crian\u00e7as, que t\u00eam entrada gratuita.<\/p>\n\n\n\n<div class=\"wp-block-image\"><figure class=\"aligncenter\"><img loading=\"lazy\" decoding=\"async\" width=\"800\" height=\"600\" src=\"https:\/\/quantocustaviajar.com\/blog\/wp-content\/uploads\/2020\/09\/vale-das-borboletas-catas-altas.jpg\" alt=\"\" class=\"wp-image-45155\" srcset=\"https:\/\/quantocustaviajar.com\/blog\/wp-content\/uploads\/2020\/09\/vale-das-borboletas-catas-altas.jpg 800w, https:\/\/quantocustaviajar.com\/blog\/wp-content\/uploads\/2020\/09\/vale-das-borboletas-catas-altas-300x225.jpg 300w, https:\/\/quantocustaviajar.com\/blog\/wp-content\/uploads\/2020\/09\/vale-das-borboletas-catas-altas-768x576.jpg 768w\" sizes=\"auto, (max-width: 800px) 100vw, 800px\" \/><figcaption>Foto: Secretaria de Cultura e Turismo de Minas Gerais<\/figcaption><\/figure><\/div>\n\n\n\n<p><strong>Pico do Baiano<\/strong>: chegando a 2.016 metros de altitude, o pico considerado um dos maiores do pa\u00eds certamente n\u00e3o passa despercebido. Os escaladores experientes fazem do maci\u00e7o um objetivo em suas aventuras. Para subir tudo isso pelas paredes s\u00e3o necess\u00e1rios quatro dias inteiros.&nbsp;<\/p>\n\n\n\n<p><strong>Aqueduto Bicame de Pedra<\/strong>: um dos atrativos mais conhecidos da cidade, o aqueduto foi erguido em 1792 com m\u00e3o de obra escrava para captar \u00e1gua da Serra do Cara\u00e7a. Restaram 100 metros de suas ru\u00ednas ainda conservadas.&nbsp;<\/p>\n\n\n\n<div class=\"wp-block-image\"><figure class=\"aligncenter\"><img loading=\"lazy\" decoding=\"async\" width=\"1024\" height=\"682\" src=\"https:\/\/quantocustaviajar.com\/blog\/wp-content\/uploads\/2020\/09\/Bicame-de-Pedras-4984-1024x682.jpg\" alt=\"\" class=\"wp-image-45135\" srcset=\"https:\/\/quantocustaviajar.com\/blog\/wp-content\/uploads\/2020\/09\/Bicame-de-Pedras-4984-1024x682.jpg 1024w, https:\/\/quantocustaviajar.com\/blog\/wp-content\/uploads\/2020\/09\/Bicame-de-Pedras-4984-300x200.jpg 300w, https:\/\/quantocustaviajar.com\/blog\/wp-content\/uploads\/2020\/09\/Bicame-de-Pedras-4984-768x512.jpg 768w, https:\/\/quantocustaviajar.com\/blog\/wp-content\/uploads\/2020\/09\/Bicame-de-Pedras-4984.jpg 1280w\" sizes=\"auto, (max-width: 1024px) 100vw, 1024px\" \/><figcaption>Foto: S\u00e9rgio Mour\u00e3o\/Ascom<\/figcaption><\/figure><\/div>\n\n\n\n<p><strong>Pico de Catas Altas<\/strong>: na busca por adrenalina, os aventureiros podem agendar com um guia local uma ida ao topo do pico de 1.810 metros de altitude. Ao longo de 7 km, a trilha percorre belas paisagens naturais, com cursos d\u2019\u00e1gua e grutas surgindo no meio do caminho.&nbsp;<\/p>\n\n\n\n<p><strong>Santu\u00e1rio do Cara\u00e7a<\/strong>: o parque entre Catas Altas e Santa B\u00e1rbara \u00e9 um dos principais centros tur\u00edsticos da regi\u00e3o. Ali se re\u00fanem antigos edif\u00edcios que acolhiam tropeiros no s\u00e9culo 18, transformada depois em semin\u00e1rio. Hoje sedia uma biblioteca com 30 mil t\u00edtulos. A abundante natureza ao redor, que transita entre cerrado e mata Atl\u00e2ntica, proporciona trilhas de n\u00edveis diversos de dificuldade, que levam os visitantes at\u00e9 piscinas naturais, cachoeiras, grutas e picos. \u00c9 um passeio imperd\u00edvel!&nbsp;<\/p>\n\n\n\n<div class=\"wp-block-image\"><figure class=\"aligncenter\"><img loading=\"lazy\" decoding=\"async\" width=\"853\" height=\"853\" src=\"https:\/\/quantocustaviajar.com\/blog\/wp-content\/uploads\/2020\/09\/santuario-do-cara\u00e7a-mg.jpg\" alt=\"\" class=\"wp-image-45159\" srcset=\"https:\/\/quantocustaviajar.com\/blog\/wp-content\/uploads\/2020\/09\/santuario-do-cara\u00e7a-mg.jpg 853w, https:\/\/quantocustaviajar.com\/blog\/wp-content\/uploads\/2020\/09\/santuario-do-cara\u00e7a-mg-150x150.jpg 150w, https:\/\/quantocustaviajar.com\/blog\/wp-content\/uploads\/2020\/09\/santuario-do-cara\u00e7a-mg-300x300.jpg 300w, https:\/\/quantocustaviajar.com\/blog\/wp-content\/uploads\/2020\/09\/santuario-do-cara\u00e7a-mg-768x768.jpg 768w\" sizes=\"auto, (max-width: 853px) 100vw, 853px\" \/><figcaption>Foto: Tiago Parreiras<\/figcaption><\/figure><\/div>\n\n\n\n<div class=\"wp-block-image\"><figure class=\"aligncenter is-resized\"><img loading=\"lazy\" decoding=\"async\" src=\"https:\/\/quantocustaviajar.com\/blog\/wp-content\/uploads\/2020\/09\/santuario-do-cara\u00e7a.jpg\" alt=\"\" class=\"wp-image-45158\" width=\"579\" height=\"384\" srcset=\"https:\/\/quantocustaviajar.com\/blog\/wp-content\/uploads\/2020\/09\/santuario-do-cara\u00e7a.jpg 550w, https:\/\/quantocustaviajar.com\/blog\/wp-content\/uploads\/2020\/09\/santuario-do-cara\u00e7a-300x199.jpg 300w\" sizes=\"auto, (max-width: 579px) 100vw, 579px\" \/><figcaption>Foto: divulga\u00e7\u00e3o\/Santu\u00e1rio do Cara\u00e7a<\/figcaption><\/figure><\/div>\n\n\n\n<p><strong>Gruta de Lourdes<\/strong>: a aproximadamente 3 km do Santu\u00e1rio est\u00e1 a gruta de Lourdes, acessada por uma trilha que passa uma capela e um riacho. A caminhada, apesar de curta, tem trechos \u00edngremes e obst\u00e1culos. A forma\u00e7\u00e3o rochosa resguarda uma santa em seu interior.<\/p>\n\n\n\n<p><strong>Quitandas<\/strong>: a gastronomia local se faz presente nas pequenas quitandas, legado portugu\u00eas dos s\u00e9culos 17 e 18, que n\u00e3o deixou de existir na cidade. Conv\u00e9m dar uma passadinha na Catas Altas Doce Sabor e na Feirinha Sabores do Morro, que acontece todo segundo domingo do m\u00eas no centro hist\u00f3rico do Morro da \u00c1gua Quente\u200a\u2014\u200aao lado da Capela do Bonfim.<\/p>\n\n\n\n<p><strong>Festa do Vinho<\/strong>: quem n\u00e3o perde um evento pode se planejar para a tradicional festa do vinho, que acontece anualmente no m\u00eas de maio, ao longo de tr\u00eas dias. O acontecimento re\u00fane apresenta\u00e7\u00f5es culturais e pr\u00eamios para os melhores produtores da regi\u00e3o. \u00c9 tamb\u00e9m uma boa oportunidade para provar o famoso vinho de jabuticaba.&nbsp;<\/p>\n\n\n\n<div class=\"wp-block-image\"><figure class=\"aligncenter\"><img loading=\"lazy\" decoding=\"async\" width=\"770\" height=\"513\" src=\"https:\/\/quantocustaviajar.com\/blog\/wp-content\/uploads\/2020\/09\/vinho-de-jabuticaba.jpg\" alt=\"\" class=\"wp-image-45166\" srcset=\"https:\/\/quantocustaviajar.com\/blog\/wp-content\/uploads\/2020\/09\/vinho-de-jabuticaba.jpg 770w, https:\/\/quantocustaviajar.com\/blog\/wp-content\/uploads\/2020\/09\/vinho-de-jabuticaba-300x200.jpg 300w, https:\/\/quantocustaviajar.com\/blog\/wp-content\/uploads\/2020\/09\/vinho-de-jabuticaba-768x512.jpg 768w\" sizes=\"auto, (max-width: 770px) 100vw, 770px\" \/><figcaption>Foto: divulga\u00e7\u00e3o<\/figcaption><\/figure><\/div>\n\n\n\n<h3 class=\"wp-block-heading\"><strong>Onde ficar <\/strong><\/h3>\n\n\n\n<ul class=\"wp-block-list\"><li><a rel=\"noreferrer noopener\" aria-label=\" (abre numa nova aba)\" href=\"https:\/\/www.booking.com\/hotel\/br\/pousada-das-nascentes-catas-altas.pt-br.html?aid=2161834\" target=\"_blank\">Pousada das Nascentes<\/a><\/li><li><a rel=\"noreferrer noopener\" aria-label=\" (abre numa nova aba)\" href=\"https:\/\/pousadacantinhodeminas.business.site\/\" target=\"_blank\">Pousada Cantinho de Minas<\/a><\/li><li><a rel=\"noreferrer noopener\" aria-label=\"Pousada do Cara\u00e7a (abre numa nova aba)\" href=\"https:\/\/www.santuariodocaraca.com.br\/pousada-do-caraca\/\" target=\"_blank\">Pousada do Cara\u00e7a<\/a><\/li><li><a href=\"https:\/\/pousadacasaraodavenda.negocio.site\/\" target=\"_blank\" rel=\"noreferrer noopener\" aria-label=\" (abre numa nova aba)\">Pousada Casar\u00e3o da Venda<\/a>\u00a0 <\/li><\/ul>\n\n\n\n<div class=\"wp-block-image\"><figure class=\"aligncenter\"><img loading=\"lazy\" decoding=\"async\" width=\"1024\" height=\"576\" src=\"https:\/\/quantocustaviajar.com\/blog\/wp-content\/uploads\/2020\/09\/pousada-em-catas-altas-1024x576.jpg\" alt=\"\" class=\"wp-image-45168\" srcset=\"https:\/\/quantocustaviajar.com\/blog\/wp-content\/uploads\/2020\/09\/pousada-em-catas-altas-1024x576.jpg 1024w, https:\/\/quantocustaviajar.com\/blog\/wp-content\/uploads\/2020\/09\/pousada-em-catas-altas-300x169.jpg 300w, https:\/\/quantocustaviajar.com\/blog\/wp-content\/uploads\/2020\/09\/pousada-em-catas-altas-768x432.jpg 768w, https:\/\/quantocustaviajar.com\/blog\/wp-content\/uploads\/2020\/09\/pousada-em-catas-altas.jpg 1080w\" sizes=\"auto, (max-width: 1024px) 100vw, 1024px\" \/><figcaption>Foto: divulga\u00e7\u00e3o\/Pousada Casar\u00e3o da Venda<\/figcaption><\/figure><\/div>\n\n\n\n<figure class=\"wp-block-embed-wordpress wp-block-embed is-type-wp-embed is-provider-blog-quanto-custa-viajar\"><div class=\"wp-block-embed__wrapper\">\n<blockquote class=\"wp-embedded-content\" data-secret=\"vrBBWb7VWg\"><a href=\"https:\/\/quantocustaviajar.com\/blog\/paraiso-perdido-minas-gerais\/\">Para\u00edso Perdido re\u00fane c\u00e2nions, piscinas naturais e cachoeiras em Minas Gerais<\/a><\/blockquote><iframe loading=\"lazy\" class=\"wp-embedded-content\" sandbox=\"allow-scripts\" security=\"restricted\" style=\"position: absolute; visibility: hidden;\" title=\"&#8220;Para\u00edso Perdido re\u00fane c\u00e2nions, piscinas naturais e cachoeiras em Minas Gerais&#8221; &#8212; Blog Quanto Custa Viajar\" src=\"https:\/\/quantocustaviajar.com\/blog\/paraiso-perdido-minas-gerais\/embed\/#?secret=NDsxF33IDI#?secret=vrBBWb7VWg\" data-secret=\"vrBBWb7VWg\" width=\"600\" height=\"338\" frameborder=\"0\" marginwidth=\"0\" marginheight=\"0\" scrolling=\"no\"><\/iframe>\n<\/div><\/figure>\n","protected":false},"excerpt":{"rendered":"<p>As terras de Minas Gerais abrigam um bocado de aconchego entre seus lugarejos intocados pelo tempo. Em Catas Altas, a paisagem urbana formada no s\u00e9culo passado revela muita hist\u00f3ria e joias da arte sacra, ao mesmo em que se perde entre os enormes picos de at\u00e9 2.000 metros de altura.&nbsp; Cen\u00e1rio da miniss\u00e9rie da TV [&hellip;]<\/p>\n","protected":false},"author":4,"featured_media":45137,"comment_status":"open","ping_status":"open","sticky":false,"template":"","format":"standard","meta":{"cybocfi_hide_featured_image":"","footnotes":""},"categories":[1434],"tags":[79,487,2740,210,394,529,321,501,1640],"class_list":["post-45120","post","type-post","status-publish","format-standard","has-post-thumbnail","hentry","category-descubra-brasil","tag-arquitetura","tag-cachoeiras","tag-interior-de-minas-gerais","tag-lugares","tag-minas-gerais","tag-onde-ir","tag-passeios","tag-patrimonio-historico","tag-turismo-de-aventura"],"blocksy_meta":[],"yoast_head":"<!-- This site is optimized with the Yoast SEO plugin v26.3 - https:\/\/yoast.com\/wordpress\/plugins\/seo\/ -->\n<title>Arte sacra, hist\u00f3ria e montanhas s\u00e3o atrativos na mineira Catas\u00a0Altas<\/title>\n<meta name=\"description\" content=\"Intocado pelo tempo, Catas Altas \u00e9 um lugarejo mineiro onde enormes picos com at\u00e9 2 mil metros de altura contrastam com a rica arquitetura colonial e a arte\" \/>\n<meta name=\"robots\" content=\"index, follow, max-snippet:-1, max-image-preview:large, max-video-preview:-1\" \/>\n<link rel=\"canonical\" href=\"https:\/\/quantocustaviajar.com\/blog\/catas-altas-minas-gerais\/\" \/>\n<meta property=\"og:locale\" content=\"pt_BR\" \/>\n<meta property=\"og:type\" content=\"article\" \/>\n<meta property=\"og:title\" content=\"Arte sacra, hist\u00f3ria e montanhas s\u00e3o atrativos na mineira Catas\u00a0Altas\" \/>\n<meta property=\"og:description\" content=\"Intocado pelo tempo, Catas Altas \u00e9 um lugarejo mineiro onde enormes picos com at\u00e9 2 mil metros de altura contrastam com a rica arquitetura colonial e a arte\" \/>\n<meta property=\"og:url\" content=\"https:\/\/quantocustaviajar.com\/blog\/catas-altas-minas-gerais\/\" \/>\n<meta property=\"og:site_name\" content=\"Blog Quanto Custa Viajar\" \/>\n<meta property=\"article:publisher\" content=\"https:\/\/www.facebook.com\/quantocustaviajar\" \/>\n<meta property=\"article:author\" content=\"https:\/\/www.facebook.com\/brunellapfvr\/posts\" \/>\n<meta property=\"article:published_time\" content=\"2020-09-29T13:53:59+00:00\" \/>\n<meta property=\"article:modified_time\" content=\"2020-09-29T13:54:15+00:00\" \/>\n<meta property=\"og:image\" content=\"https:\/\/quantocustaviajar.com\/blog\/wp-content\/uploads\/2020\/09\/Catas-Altas-Pra\u00e7a-Monsenhor-Moreira-4679.jpg\" \/>\n\t<meta property=\"og:image:width\" content=\"800\" \/>\n\t<meta property=\"og:image:height\" content=\"600\" \/>\n\t<meta property=\"og:image:type\" content=\"image\/jpeg\" \/>\n<meta name=\"author\" content=\"Brunella Nunes\" \/>\n<meta name=\"twitter:card\" content=\"summary_large_image\" \/>\n<meta name=\"twitter:label1\" content=\"Escrito por\" \/>\n\t<meta name=\"twitter:data1\" content=\"Brunella Nunes\" \/>\n\t<meta name=\"twitter:label2\" content=\"Est. tempo de leitura\" \/>\n\t<meta name=\"twitter:data2\" content=\"5 minutos\" \/>\n<!-- \/ Yoast SEO plugin. -->","yoast_head_json":{"title":"Arte sacra, hist\u00f3ria e montanhas s\u00e3o atrativos na mineira Catas\u00a0Altas","description":"Intocado pelo tempo, Catas Altas \u00e9 um lugarejo mineiro onde enormes picos com at\u00e9 2 mil metros de altura contrastam com a rica arquitetura colonial e a arte","robots":{"index":"index","follow":"follow","max-snippet":"max-snippet:-1","max-image-preview":"max-image-preview:large","max-video-preview":"max-video-preview:-1"},"canonical":"https:\/\/quantocustaviajar.com\/blog\/catas-altas-minas-gerais\/","og_locale":"pt_BR","og_type":"article","og_title":"Arte sacra, hist\u00f3ria e montanhas s\u00e3o atrativos na mineira Catas\u00a0Altas","og_description":"Intocado pelo tempo, Catas Altas \u00e9 um lugarejo mineiro onde enormes picos com at\u00e9 2 mil metros de altura contrastam com a rica arquitetura colonial e a arte","og_url":"https:\/\/quantocustaviajar.com\/blog\/catas-altas-minas-gerais\/","og_site_name":"Blog Quanto Custa Viajar","article_publisher":"https:\/\/www.facebook.com\/quantocustaviajar","article_author":"https:\/\/www.facebook.com\/brunellapfvr\/posts","article_published_time":"2020-09-29T13:53:59+00:00","article_modified_time":"2020-09-29T13:54:15+00:00","og_image":[{"width":800,"height":600,"url":"https:\/\/quantocustaviajar.com\/blog\/wp-content\/uploads\/2020\/09\/Catas-Altas-Pra\u00e7a-Monsenhor-Moreira-4679.jpg","type":"image\/jpeg"}],"author":"Brunella Nunes","twitter_card":"summary_large_image","twitter_misc":{"Escrito por":"Brunella Nunes","Est. tempo de leitura":"5 minutos"},"schema":{"@context":"https:\/\/schema.org","@graph":[{"@type":["Article","BlogPosting"],"@id":"https:\/\/quantocustaviajar.com\/blog\/catas-altas-minas-gerais\/#article","isPartOf":{"@id":"https:\/\/quantocustaviajar.com\/blog\/catas-altas-minas-gerais\/"},"author":{"name":"Brunella Nunes","@id":"https:\/\/quantocustaviajar.com\/blog\/#\/schema\/person\/1a6dd3da9d0c0a4be42652b67bea19bb"},"headline":"Arte sacra, hist\u00f3ria e montanhas s\u00e3o atrativos na mineira Catas\u00a0Altas","datePublished":"2020-09-29T13:53:59+00:00","dateModified":"2020-09-29T13:54:15+00:00","mainEntityOfPage":{"@id":"https:\/\/quantocustaviajar.com\/blog\/catas-altas-minas-gerais\/"},"wordCount":1007,"commentCount":1,"publisher":{"@id":"https:\/\/quantocustaviajar.com\/blog\/#organization"},"image":{"@id":"https:\/\/quantocustaviajar.com\/blog\/catas-altas-minas-gerais\/#primaryimage"},"thumbnailUrl":"https:\/\/quantocustaviajar.com\/blog\/wp-content\/uploads\/2020\/09\/Catas-Altas-Pra\u00e7a-Monsenhor-Moreira-4679.jpg","keywords":["arquitetura","cachoeiras","interior de minas gerais","lugares","Minas Gerais","onde ir","passeios","patrim\u00f4nio hist\u00f3rico","turismo de aventura"],"articleSection":["Descubra o Brasil"],"inLanguage":"pt-BR","potentialAction":[{"@type":"CommentAction","name":"Comment","target":["https:\/\/quantocustaviajar.com\/blog\/catas-altas-minas-gerais\/#respond"]}]},{"@type":"WebPage","@id":"https:\/\/quantocustaviajar.com\/blog\/catas-altas-minas-gerais\/","url":"https:\/\/quantocustaviajar.com\/blog\/catas-altas-minas-gerais\/","name":"Arte sacra, hist\u00f3ria e montanhas s\u00e3o atrativos na mineira Catas\u00a0Altas","isPartOf":{"@id":"https:\/\/quantocustaviajar.com\/blog\/#website"},"primaryImageOfPage":{"@id":"https:\/\/quantocustaviajar.com\/blog\/catas-altas-minas-gerais\/#primaryimage"},"image":{"@id":"https:\/\/quantocustaviajar.com\/blog\/catas-altas-minas-gerais\/#primaryimage"},"thumbnailUrl":"https:\/\/quantocustaviajar.com\/blog\/wp-content\/uploads\/2020\/09\/Catas-Altas-Pra\u00e7a-Monsenhor-Moreira-4679.jpg","datePublished":"2020-09-29T13:53:59+00:00","dateModified":"2020-09-29T13:54:15+00:00","description":"Intocado pelo tempo, Catas Altas \u00e9 um lugarejo mineiro onde enormes picos com at\u00e9 2 mil metros de altura contrastam com a rica arquitetura colonial e a arte","breadcrumb":{"@id":"https:\/\/quantocustaviajar.com\/blog\/catas-altas-minas-gerais\/#breadcrumb"},"inLanguage":"pt-BR","potentialAction":[{"@type":"ReadAction","target":["https:\/\/quantocustaviajar.com\/blog\/catas-altas-minas-gerais\/"]}]},{"@type":"ImageObject","inLanguage":"pt-BR","@id":"https:\/\/quantocustaviajar.com\/blog\/catas-altas-minas-gerais\/#primaryimage","url":"https:\/\/quantocustaviajar.com\/blog\/wp-content\/uploads\/2020\/09\/Catas-Altas-Pra\u00e7a-Monsenhor-Moreira-4679.jpg","contentUrl":"https:\/\/quantocustaviajar.com\/blog\/wp-content\/uploads\/2020\/09\/Catas-Altas-Pra\u00e7a-Monsenhor-Moreira-4679.jpg","width":800,"height":600,"caption":"Foto: S\u00e9rgio Mour\u00e3o\/Ascom"},{"@type":"BreadcrumbList","@id":"https:\/\/quantocustaviajar.com\/blog\/catas-altas-minas-gerais\/#breadcrumb","itemListElement":[{"@type":"ListItem","position":1,"name":"In\u00edcio","item":"https:\/\/quantocustaviajar.com\/blog\/"},{"@type":"ListItem","position":2,"name":"Arte sacra, hist\u00f3ria e montanhas s\u00e3o atrativos na mineira Catas\u00a0Altas"}]},{"@type":"WebSite","@id":"https:\/\/quantocustaviajar.com\/blog\/#website","url":"https:\/\/quantocustaviajar.com\/blog\/","name":"Blog Quanto Custa Viajar","description":"","publisher":{"@id":"https:\/\/quantocustaviajar.com\/blog\/#organization"},"potentialAction":[{"@type":"SearchAction","target":{"@type":"EntryPoint","urlTemplate":"https:\/\/quantocustaviajar.com\/blog\/?s={search_term_string}"},"query-input":{"@type":"PropertyValueSpecification","valueRequired":true,"valueName":"search_term_string"}}],"inLanguage":"pt-BR"},{"@type":"Organization","@id":"https:\/\/quantocustaviajar.com\/blog\/#organization","name":"Quanto Custa Viajar","url":"https:\/\/quantocustaviajar.com\/blog\/","logo":{"@type":"ImageObject","inLanguage":"pt-BR","@id":"https:\/\/quantocustaviajar.com\/blog\/#\/schema\/logo\/image\/","url":"","contentUrl":"","caption":"Quanto Custa Viajar"},"image":{"@id":"https:\/\/quantocustaviajar.com\/blog\/#\/schema\/logo\/image\/"},"sameAs":["https:\/\/www.facebook.com\/quantocustaviajar"]},{"@type":"Person","@id":"https:\/\/quantocustaviajar.com\/blog\/#\/schema\/person\/1a6dd3da9d0c0a4be42652b67bea19bb","name":"Brunella Nunes","image":{"@type":"ImageObject","inLanguage":"pt-BR","@id":"https:\/\/quantocustaviajar.com\/blog\/#\/schema\/person\/image\/","url":"https:\/\/secure.gravatar.com\/avatar\/05b28dfb8a3cc7ee0dba6feefa5677f05be6d7bf4b017728fd38499092f9c282?s=96&d=mm&r=g","contentUrl":"https:\/\/secure.gravatar.com\/avatar\/05b28dfb8a3cc7ee0dba6feefa5677f05be6d7bf4b017728fd38499092f9c282?s=96&d=mm&r=g","caption":"Brunella Nunes"},"description":"Quando n\u00e3o est\u00e1 viajando pelo mundo, est\u00e1 viajando nas ideias.","sameAs":["https:\/\/www.facebook.com\/brunellapfvr\/posts","https:\/\/www.linkedin.com\/in\/brunellanunes\/"],"url":"https:\/\/quantocustaviajar.com\/blog\/author\/equipe\/"}]}},"_links":{"self":[{"href":"https:\/\/quantocustaviajar.com\/blog\/wp-json\/wp\/v2\/posts\/45120","targetHints":{"allow":["GET"]}}],"collection":[{"href":"https:\/\/quantocustaviajar.com\/blog\/wp-json\/wp\/v2\/posts"}],"about":[{"href":"https:\/\/quantocustaviajar.com\/blog\/wp-json\/wp\/v2\/types\/post"}],"author":[{"embeddable":true,"href":"https:\/\/quantocustaviajar.com\/blog\/wp-json\/wp\/v2\/users\/4"}],"replies":[{"embeddable":true,"href":"https:\/\/quantocustaviajar.com\/blog\/wp-json\/wp\/v2\/comments?post=45120"}],"version-history":[{"count":6,"href":"https:\/\/quantocustaviajar.com\/blog\/wp-json\/wp\/v2\/posts\/45120\/revisions"}],"predecessor-version":[{"id":45210,"href":"https:\/\/quantocustaviajar.com\/blog\/wp-json\/wp\/v2\/posts\/45120\/revisions\/45210"}],"wp:featuredmedia":[{"embeddable":true,"href":"https:\/\/quantocustaviajar.com\/blog\/wp-json\/wp\/v2\/media\/45137"}],"wp:attachment":[{"href":"https:\/\/quantocustaviajar.com\/blog\/wp-json\/wp\/v2\/media?parent=45120"}],"wp:term":[{"taxonomy":"category","embeddable":true,"href":"https:\/\/quantocustaviajar.com\/blog\/wp-json\/wp\/v2\/categories?post=45120"},{"taxonomy":"post_tag","embeddable":true,"href":"https:\/\/quantocustaviajar.com\/blog\/wp-json\/wp\/v2\/tags?post=45120"}],"curies":[{"name":"wp","href":"https:\/\/api.w.org\/{rel}","templated":true}]}}