{"id":44755,"date":"2020-08-10T13:52:53","date_gmt":"2020-08-10T13:52:53","guid":{"rendered":"https:\/\/quantocustaviajar.com\/blog\/?p=44755"},"modified":"2020-08-10T13:52:58","modified_gmt":"2020-08-10T13:52:58","slug":"seis-motivos-para-planejar-uma-viagem-e-escapar-para-o-interior","status":"publish","type":"post","link":"https:\/\/quantocustaviajar.com\/blog\/seis-motivos-para-planejar-uma-viagem-e-escapar-para-o-interior\/","title":{"rendered":"Seis motivos para planejar uma viagem e escapar para o interior"},"content":{"rendered":"\n<p><em>N\u00e3o \u00e9 s\u00f3 Europa: viajar para o interior tem um charme especial, ajuda a aliviar o estresse e leva o turista a conhecer lugares incr\u00edveis a uma dist\u00e2ncia curta <\/em><br>Quem ainda est\u00e1 sonhando com a pr\u00f3xima viagem j\u00e1 pode se preparar para tir\u00e1-la do papel. Est\u00e1 chegando a hora do <strong><a href=\"https:\/\/quantocustaviajar.com\/blog\/como-aproveitar-quarentena-para-planejar-uma-viagem-incrivel-em-2021\/\" target=\"_blank\" rel=\"noreferrer noopener\" aria-label=\" (abre numa nova aba)\">passeio ganhar um espa\u00e7o no planejamento<\/a><\/strong> e, al\u00e9m de permitir pesquisar e descobrir novos destinos, especialistas em sa\u00fade comportamental veem nessa atividade um al\u00edvio para o estresse e ansiedade causados pelo isolamento social. <\/p>\n\n\n\n<p>Quem vive o cotidiano das grandes cidades ou passa o dia todo trabalhando num escrit\u00f3rio (ou ent\u00e3o, passou meses dentro de casa sem poder passear) certamente precisa respirar novos ares de vez em quando. Por isso <strong>viajar para o interior<\/strong> deve ser uma op\u00e7\u00e3o bastante frequente nos pr\u00f3ximos meses, j\u00e1 que cidades menores oferecem cen\u00e1rios que moradores de grandes centros n\u00e3o est\u00e3o acostumados. O ambiente de tranquilidade ajuda a desligar do \u2018mundo real\u2019.  <\/p>\n\n\n\n<blockquote class=\"wp-block-quote is-layout-flow wp-block-quote-is-layout-flow\"><p>Amanda e F\u00e1bio do Quanto Custa Viajar gostaram tanto da vida no interior que largaram a cidade grande para viver na serra de <a href=\"https:\/\/quantocustaviajar.com\/blog\/lugares-para-conhecer-no-interior-de-santa-catarina\/\">Santa Catarina<\/a> &#8211; confira no <a href=\"https:\/\/www.instagram.com\/chacaraumdois\/\" target=\"_blank\" rel=\"noreferrer noopener\" aria-label=\"instagram @chacaraumdois (abre numa nova aba)\">instagram @chacaraumdois<\/a><\/p><\/blockquote>\n\n\n\n<p>O <strong>distanciamento dos grandes centros<\/strong> \u00e9 um dos motivos para procurar destinos no interior. Localizado em <strong>Fernandes Pinheiro<\/strong>, a <strong>pouco mais de 150 km de Curitiba<\/strong>, o <strong><a rel=\"noreferrer noopener\" aria-label=\" (abre numa nova aba)\" href=\"https:\/\/www.booking.com\/hotel\/br\/pousada-fazenda-vira.pt-br.html?aid=2161834&amp;sid=1682b2176b4eb679e935bd754ba4ea5c&amp;checkin=2020-11-13&amp;checkout=2020-11-14&amp;dest_id=-642968&amp;dest_type=city&amp;group_adults=2&amp;group_children=0&amp;hapos=1&amp;hpos=1&amp;no_rooms=1&amp;soh=1&amp;sr_order=popularity&amp;srepoch=1597066409&amp;srpvid=e2c55f5441f30059&amp;ucfs=1&amp;from=searchresults;highlight_room=#no_availability_msg\" target=\"_blank\">Vir\u00e1 Charme Resort<\/a><\/strong> traz <strong>conforto e privacidade<\/strong> que os turistas buscam. Com mais de 170 hectares de natureza, o resort possui 38 chal\u00e9s com 50 metros de dist\u00e2ncia entre cada unidade. Um de seus pontos altos s\u00e3o os chal\u00e9s e bangal\u00f4s \u2013 da terra e da \u00e1gua. O conforto e o aconchego ficam por conta das lareiras, banheiras, piscina aquecida e, \u00e9 claro, do SPA em parceria com a L\u2019Occitane, que oferece massagens e ofur\u00f4s. Para quem quer dar uma escapa para o interior, mas precisa se manter conectado, o wi-fi \u00e9 garantido. <\/p>\n\n\n<blockquote class=\"instagram-media\" data-instgrm-captioned=\"\" data-instgrm-permalink=\"https:\/\/www.instagram.com\/p\/BEcJeC1lY7C\/?utm_source=ig_embed&amp;utm_campaign=loading\" data-instgrm-version=\"12\" style=\" background:#FFF; border:0; border-radius:3px; box-shadow:0 0 1px 0 rgba(0,0,0,0.5),0 1px 10px 0 rgba(0,0,0,0.15); margin: 1px; max-width:540px; min-width:326px; padding:0; width:99.375%; width:-webkit-calc(100% - 2px); width:calc(100% - 2px);\">\n<div style=\"padding:16px;\"> <a href=\"https:\/\/www.instagram.com\/p\/BEcJeC1lY7C\/?utm_source=ig_embed&amp;utm_campaign=loading\" style=\" background:#FFFFFF; line-height:0; padding:0 0; text-align:center; text-decoration:none; width:100%;\" target=\"_blank\" rel=\"noopener noreferrer\"> <p><\/p>\n<div style=\" display: flex; flex-direction: row; align-items: center;\">\n<div style=\"background-color: #F4F4F4; border-radius: 50%; flex-grow: 0; height: 40px; margin-right: 14px; width: 40px;\"><\/div>\n<div style=\"display: flex; flex-direction: column; flex-grow: 1; justify-content: center;\">\n<div style=\" background-color: #F4F4F4; border-radius: 4px; flex-grow: 0; height: 14px; margin-bottom: 6px; width: 100px;\"><\/div>\n<div style=\" background-color: #F4F4F4; border-radius: 4px; flex-grow: 0; height: 14px; width: 60px;\"><\/div>\n<\/div>\n<\/div>\n<div style=\"padding: 19% 0;\"><\/div>\n<div style=\"display:block; height:50px; margin:0 auto 12px; width:50px;\"><svg width=\"50px\" height=\"50px\" viewBox=\"0 0 60 60\" version=\"1.1\" xmlns=\"https:\/\/www.w3.org\/2000\/svg\" xmlns:xlink=\"https:\/\/www.w3.org\/1999\/xlink\"><g stroke=\"none\" stroke-width=\"1\" fill=\"none\" fill-rule=\"evenodd\"><g transform=\"translate(-511.000000, -20.000000)\" fill=\"#000000\"><g><path d=\"M556.869,30.41 C554.814,30.41 553.148,32.076 553.148,34.131 C553.148,36.186 554.814,37.852 556.869,37.852 C558.924,37.852 560.59,36.186 560.59,34.131 C560.59,32.076 558.924,30.41 556.869,30.41 M541,60.657 C535.114,60.657 530.342,55.887 530.342,50 C530.342,44.114 535.114,39.342 541,39.342 C546.887,39.342 551.658,44.114 551.658,50 C551.658,55.887 546.887,60.657 541,60.657 M541,33.886 C532.1,33.886 524.886,41.1 524.886,50 C524.886,58.899 532.1,66.113 541,66.113 C549.9,66.113 557.115,58.899 557.115,50 C557.115,41.1 549.9,33.886 541,33.886 M565.378,62.101 C565.244,65.022 564.756,66.606 564.346,67.663 C563.803,69.06 563.154,70.057 562.106,71.106 C561.058,72.155 560.06,72.803 558.662,73.347 C557.607,73.757 556.021,74.244 553.102,74.378 C549.944,74.521 548.997,74.552 541,74.552 C533.003,74.552 532.056,74.521 528.898,74.378 C525.979,74.244 524.393,73.757 523.338,73.347 C521.94,72.803 520.942,72.155 519.894,71.106 C518.846,70.057 518.197,69.06 517.654,67.663 C517.244,66.606 516.755,65.022 516.623,62.101 C516.479,58.943 516.448,57.996 516.448,50 C516.448,42.003 516.479,41.056 516.623,37.899 C516.755,34.978 517.244,33.391 517.654,32.338 C518.197,30.938 518.846,29.942 519.894,28.894 C520.942,27.846 521.94,27.196 523.338,26.654 C524.393,26.244 525.979,25.756 528.898,25.623 C532.057,25.479 533.004,25.448 541,25.448 C548.997,25.448 549.943,25.479 553.102,25.623 C556.021,25.756 557.607,26.244 558.662,26.654 C560.06,27.196 561.058,27.846 562.106,28.894 C563.154,29.942 563.803,30.938 564.346,32.338 C564.756,33.391 565.244,34.978 565.378,37.899 C565.522,41.056 565.552,42.003 565.552,50 C565.552,57.996 565.522,58.943 565.378,62.101 M570.82,37.631 C570.674,34.438 570.167,32.258 569.425,30.349 C568.659,28.377 567.633,26.702 565.965,25.035 C564.297,23.368 562.623,22.342 560.652,21.575 C558.743,20.834 556.562,20.326 553.369,20.18 C550.169,20.033 549.148,20 541,20 C532.853,20 531.831,20.033 528.631,20.18 C525.438,20.326 523.257,20.834 521.349,21.575 C519.376,22.342 517.703,23.368 516.035,25.035 C514.368,26.702 513.342,28.377 512.574,30.349 C511.834,32.258 511.326,34.438 511.181,37.631 C511.035,40.831 511,41.851 511,50 C511,58.147 511.035,59.17 511.181,62.369 C511.326,65.562 511.834,67.743 512.574,69.651 C513.342,71.625 514.368,73.296 516.035,74.965 C517.703,76.634 519.376,77.658 521.349,78.425 C523.257,79.167 525.438,79.673 528.631,79.82 C531.831,79.965 532.853,80.001 541,80.001 C549.148,80.001 550.169,79.965 553.369,79.82 C556.562,79.673 558.743,79.167 560.652,78.425 C562.623,77.658 564.297,76.634 565.965,74.965 C567.633,73.296 568.659,71.625 569.425,69.651 C570.167,67.743 570.674,65.562 570.82,62.369 C570.966,59.17 571,58.147 571,50 C571,41.851 570.966,40.831 570.82,37.631\"><\/path><\/g><\/g><\/g><\/svg><\/div>\n<div style=\"padding-top: 8px;\">\n<div style=\" color:#3897f0; font-family:Arial,sans-serif; font-size:14px; font-style:normal; font-weight:550; line-height:18px;\"> Ver essa foto no Instagram<\/div>\n<\/div>\n<div style=\"padding: 12.5% 0;\"><\/div>\n<div style=\"display: flex; flex-direction: row; margin-bottom: 14px; align-items: center;\">\n<div>\n<div style=\"background-color: #F4F4F4; border-radius: 50%; height: 12.5px; width: 12.5px; transform: translateX(0px) translateY(7px);\"><\/div>\n<div style=\"background-color: #F4F4F4; height: 12.5px; transform: rotate(-45deg) translateX(3px) translateY(1px); width: 12.5px; flex-grow: 0; margin-right: 14px; margin-left: 2px;\"><\/div>\n<div style=\"background-color: #F4F4F4; border-radius: 50%; height: 12.5px; width: 12.5px; transform: translateX(9px) translateY(-18px);\"><\/div>\n<\/div>\n<div style=\"margin-left: 8px;\">\n<div style=\" background-color: #F4F4F4; border-radius: 50%; flex-grow: 0; height: 20px; width: 20px;\"><\/div>\n<div style=\" width: 0; height: 0; border-top: 2px solid transparent; border-left: 6px solid #f4f4f4; border-bottom: 2px solid transparent; transform: translateX(16px) translateY(-4px) rotate(30deg)\"><\/div>\n<\/div>\n<div style=\"margin-left: auto;\">\n<div style=\" width: 0px; border-top: 8px solid #F4F4F4; border-right: 8px solid transparent; transform: translateY(16px);\"><\/div>\n<div style=\" background-color: #F4F4F4; flex-grow: 0; height: 12px; width: 16px; transform: translateY(-4px);\"><\/div>\n<div style=\" width: 0; height: 0; border-top: 8px solid #F4F4F4; border-left: 8px solid transparent; transform: translateY(-4px) translateX(8px);\"><\/div>\n<\/div>\n<\/div>\n<\/a><p><a href=\"https:\/\/www.instagram.com\/p\/BEcJeC1lY7C\/?utm_source=ig_embed&amp;utm_campaign=loading\" style=\" background:#FFFFFF; line-height:0; padding:0 0; text-align:center; text-decoration:none; width:100%;\" target=\"_blank\" rel=\"noopener noreferrer\"><\/a> <\/p>\n<p style=\" margin:8px 0 0 0; padding:0 4px;\"> <a href=\"https:\/\/www.instagram.com\/p\/BEcJeC1lY7C\/?utm_source=ig_embed&amp;utm_campaign=loading\" style=\" color:#000; font-family:Arial,sans-serif; font-size:14px; font-style:normal; font-weight:normal; line-height:17px; text-decoration:none; word-wrap:break-word;\" target=\"_blank\" rel=\"noopener noreferrer\">Nada como uma bela vista vista dessa ao acordar \ud83d\ude0a #fazendavira #parana #hotel #hospedagem #viagem #viajar<\/a><\/p>\n<p style=\" color:#c9c8cd; font-family:Arial,sans-serif; font-size:14px; line-height:17px; margin-bottom:0; margin-top:8px; overflow:hidden; padding:8px 0 7px; text-align:center; text-overflow:ellipsis; white-space:nowrap;\">Uma publica\u00e7\u00e3o compartilhada por <a href=\"https:\/\/www.instagram.com\/quantocustaviajar\/?utm_source=ig_embed&amp;utm_campaign=loading\" style=\" color:#c9c8cd; font-family:Arial,sans-serif; font-size:14px; font-style:normal; font-weight:normal; line-height:17px;\" target=\"_blank\" rel=\"noopener noreferrer\"> Quanto custa Viajar<\/a> (@quantocustaviajar) em <time style=\" font-family:Arial,sans-serif; font-size:14px; line-height:17px;\" datetime=\"2016-04-20T23:03:18+00:00\">20 de Abr, 2016 \u00e0s 4:03 PDT<\/time><\/p>\n<\/div>\n<\/blockquote>\n<p> <script async=\"\" src=\"\/\/www.instagram.com\/embed.js\"><\/script><\/p>\n\n\n<p>Depois de um longo per\u00edodo dentro de casa, as pessoas devem buscar destinos ao ar livre. No Vir\u00e1 Charme Resort, por exemplo, o c<strong>ontato com a natureza<\/strong> \u00e9 garantido. Com reserva de arauc\u00e1rias, mata nativa e lago, l\u00e1 \u00e9 poss\u00edvel fazer trilha, piquenique e cavalgar ao p\u00f4r do Sol. <\/p>\n\n\n\n<blockquote class=\"wp-block-quote is-layout-flow wp-block-quote-is-layout-flow\"><p>A equipe do Quanto Custa Viajar j\u00e1 esteve no Vir\u00e1 Charme Resort e amou!<\/p><\/blockquote>\n\n\n\n<p>Outro motivo para procurar destinos no interior \u00e9 a <strong>gastronomia local<\/strong>. No Vir\u00e1, o card\u00e1pio variado de almo\u00e7o e jantar \u2013 com pratos que privilegiam a gastronomia polonesa &#8211; \u00e9 promovido com alimentos produzidos na propriedade, como verduras, legumes, temperos, ovos, carnes e peixe. O caf\u00e9 da manh\u00e3 tamb\u00e9m tem o toque da fazenda com bolos, p\u00e3es, doces, frutas, lingui\u00e7as e p\u00e3es artesanais. <\/p>\n\n\n\n<div class=\"wp-block-image\"><figure class=\"aligncenter\"><img loading=\"lazy\" decoding=\"async\" width=\"1024\" height=\"576\" src=\"https:\/\/quantocustaviajar.com\/blog\/wp-content\/uploads\/2020\/08\/A\u00e9rea-Vir\u00e1_Hertzing-Fotografia-1024x576.jpg\" alt=\"\" class=\"wp-image-44765\" srcset=\"https:\/\/quantocustaviajar.com\/blog\/wp-content\/uploads\/2020\/08\/A\u00e9rea-Vir\u00e1_Hertzing-Fotografia-1024x576.jpg 1024w, https:\/\/quantocustaviajar.com\/blog\/wp-content\/uploads\/2020\/08\/A\u00e9rea-Vir\u00e1_Hertzing-Fotografia-300x169.jpg 300w, https:\/\/quantocustaviajar.com\/blog\/wp-content\/uploads\/2020\/08\/A\u00e9rea-Vir\u00e1_Hertzing-Fotografia-768x432.jpg 768w, https:\/\/quantocustaviajar.com\/blog\/wp-content\/uploads\/2020\/08\/A\u00e9rea-Vir\u00e1_Hertzing-Fotografia-1920x1080.jpg 1920w\" sizes=\"auto, (max-width: 1024px) 100vw, 1024px\" \/><figcaption>Foto: Hertzing Fotografia <\/figcaption><\/figure><\/div>\n\n\n\n<p>Viagens de curtas dist\u00e2ncias dever\u00e3o ser as primeiras a acontecer no cen\u00e1rio p\u00f3s-pandemia. O mercado prev\u00ea que os turistas busquem <strong>destinos dom\u00e9sticos<\/strong>, que possam ser percorridos de carro, neste 2\u00ba semestre. O Vir\u00e1 Charme Resort \u00e9 de f\u00e1cil acesso para quem vem de carro de Curitiba ou do norte de Santa Catarina, vindo desses locais o caminho at\u00e9 a cidade de Fernandes Pinheiro percorre trechos da BR-376 e BR-277. Entrando na cidade \u00e9 necess\u00e1rio percorrer um pequeno trecho, 4km, de estrada de ch\u00e3o. Para quem vem de S\u00e3o Paulo ou do norte no Paran\u00e1 o acesso mais r\u00e1pido \u00e9 pela BR-376, BR-373 e BR-153 at\u00e9 Fernandes Pinheiro. J\u00e1 saindo do oeste do Paran\u00e1 o caminho \u00e9 pela BR-277. Confira <a href=\"https:\/\/viracharmeresort.com.br\/mapa\/\" target=\"_blank\" rel=\"noreferrer noopener\" aria-label=\" (abre numa nova aba)\">no mapa<\/a>.  <\/p>\n\n\n\n<p>Aproveite para conhecer aquela cidade ou destino com uma escapada no final de semana. Viajando por sua regi\u00e3o voc\u00ea valoriza e <strong>incentiva a economia regional. <\/strong><\/p>\n\n\n\n<p><strong>Conhe\u00e7a\u00a0<a rel=\"noreferrer noopener\" aria-label=\" (abre numa nova aba)\" href=\"https:\/\/viracharmeresort.com.br\/\" target=\"_blank\">viracharmeresort.com.br<\/a>\u00a0e redes sociais\u00a0<\/strong><a rel=\"noreferrer noopener\" href=\"https:\/\/www.facebook.com\/viraresort\" target=\"_blank\"><strong>viraresort<\/strong><\/a><strong>\u00a0no Facebook e\u00a0<\/strong><a rel=\"noreferrer noopener\" href=\"https:\/\/www.instagram.com\/viracharmeresort\/\" target=\"_blank\"><strong>@viracharmeresort<\/strong><\/a><strong>\u00a0no Instagram.\u00a0 <\/strong><\/p>\n\n\n\n<p><strong><em>Texto (adaptado) e fotos enviados por MAPA360 <\/em><\/strong><\/p>\n\n\n\n<p><em>Cr\u00e9dito foto destaque: Deise Bataglin <\/em><\/p>\n\n\n\n<figure class=\"wp-block-embed-wordpress wp-block-embed is-type-wp-embed is-provider-blog-quanto-custa-viajar\"><div class=\"wp-block-embed__wrapper\">\n<blockquote class=\"wp-embedded-content\" data-secret=\"eA3SrYOJ1Q\"><a href=\"https:\/\/quantocustaviajar.com\/blog\/bate-volta-de-curitiba\/\">10 lugares para fazer um bate-volta de Curitiba<\/a><\/blockquote><iframe loading=\"lazy\" class=\"wp-embedded-content\" sandbox=\"allow-scripts\" security=\"restricted\" style=\"position: absolute; visibility: hidden;\" title=\"&#8220;10 lugares para fazer um bate-volta de Curitiba&#8221; &#8212; Blog Quanto Custa Viajar\" src=\"https:\/\/quantocustaviajar.com\/blog\/bate-volta-de-curitiba\/embed\/#?secret=HVKCN0opF2#?secret=eA3SrYOJ1Q\" data-secret=\"eA3SrYOJ1Q\" width=\"600\" height=\"338\" frameborder=\"0\" marginwidth=\"0\" marginheight=\"0\" scrolling=\"no\"><\/iframe>\n<\/div><\/figure>\n","protected":false},"excerpt":{"rendered":"<p>N\u00e3o \u00e9 s\u00f3 Europa: viajar para o interior tem um charme especial, ajuda a aliviar o estresse e leva o turista a conhecer lugares incr\u00edveis a uma dist\u00e2ncia curta Quem ainda est\u00e1 sonhando com a pr\u00f3xima viagem j\u00e1 pode se preparar para tir\u00e1-la do papel. Est\u00e1 chegando a hora do passeio ganhar um espa\u00e7o no [&hellip;]<\/p>\n","protected":false},"author":9,"featured_media":44764,"comment_status":"open","ping_status":"open","sticky":false,"template":"","format":"standard","meta":{"cybocfi_hide_featured_image":"","footnotes":""},"categories":[1434,1149],"tags":[2720,111,808,299],"class_list":["post-44755","post","type-post","status-publish","format-standard","has-post-thumbnail","hentry","category-descubra-brasil","category-hospedagem-dos-sonhos","tag-interior-do-parana","tag-natureza","tag-pousada","tag-resort"],"blocksy_meta":[],"yoast_head":"<!-- This site is optimized with the Yoast SEO plugin v26.3 - https:\/\/yoast.com\/wordpress\/plugins\/seo\/ -->\n<title>Seis motivos para planejar uma viagem e escapar para o interior - Blog Quanto Custa Viajar<\/title>\n<meta name=\"robots\" content=\"index, follow, max-snippet:-1, max-image-preview:large, max-video-preview:-1\" \/>\n<link rel=\"canonical\" href=\"https:\/\/quantocustaviajar.com\/blog\/seis-motivos-para-planejar-uma-viagem-e-escapar-para-o-interior\/\" \/>\n<meta property=\"og:locale\" content=\"pt_BR\" \/>\n<meta property=\"og:type\" content=\"article\" \/>\n<meta property=\"og:title\" content=\"Seis motivos para planejar uma viagem e escapar para o interior - Blog Quanto Custa Viajar\" \/>\n<meta property=\"og:description\" content=\"N\u00e3o \u00e9 s\u00f3 Europa: viajar para o interior tem um charme especial, ajuda a aliviar o estresse e leva o turista a conhecer lugares incr\u00edveis a uma dist\u00e2ncia curta Quem ainda est\u00e1 sonhando com a pr\u00f3xima viagem j\u00e1 pode se preparar para tir\u00e1-la do papel. Est\u00e1 chegando a hora do passeio ganhar um espa\u00e7o no [&hellip;]\" \/>\n<meta property=\"og:url\" content=\"https:\/\/quantocustaviajar.com\/blog\/seis-motivos-para-planejar-uma-viagem-e-escapar-para-o-interior\/\" \/>\n<meta property=\"og:site_name\" content=\"Blog Quanto Custa Viajar\" \/>\n<meta property=\"article:publisher\" content=\"https:\/\/www.facebook.com\/quantocustaviajar\" \/>\n<meta property=\"article:published_time\" content=\"2020-08-10T13:52:53+00:00\" \/>\n<meta property=\"article:modified_time\" content=\"2020-08-10T13:52:58+00:00\" \/>\n<meta property=\"og:image\" content=\"https:\/\/quantocustaviajar.com\/blog\/wp-content\/uploads\/2020\/08\/Cavalgada-ao-p\u00f4r-do-Sol_Deise-Bataglin.jpg\" \/>\n\t<meta property=\"og:image:width\" content=\"6016\" \/>\n\t<meta property=\"og:image:height\" content=\"4016\" \/>\n\t<meta property=\"og:image:type\" content=\"image\/jpeg\" \/>\n<meta name=\"author\" content=\"Reda\u00e7\u00e3o QCV\" \/>\n<meta name=\"twitter:card\" content=\"summary_large_image\" \/>\n<meta name=\"twitter:label1\" content=\"Escrito por\" \/>\n\t<meta name=\"twitter:data1\" content=\"Reda\u00e7\u00e3o QCV\" \/>\n\t<meta name=\"twitter:label2\" content=\"Est. tempo de leitura\" \/>\n\t<meta name=\"twitter:data2\" content=\"3 minutos\" \/>\n<!-- \/ Yoast SEO plugin. -->","yoast_head_json":{"title":"Seis motivos para planejar uma viagem e escapar para o interior - Blog Quanto Custa Viajar","robots":{"index":"index","follow":"follow","max-snippet":"max-snippet:-1","max-image-preview":"max-image-preview:large","max-video-preview":"max-video-preview:-1"},"canonical":"https:\/\/quantocustaviajar.com\/blog\/seis-motivos-para-planejar-uma-viagem-e-escapar-para-o-interior\/","og_locale":"pt_BR","og_type":"article","og_title":"Seis motivos para planejar uma viagem e escapar para o interior - Blog Quanto Custa Viajar","og_description":"N\u00e3o \u00e9 s\u00f3 Europa: viajar para o interior tem um charme especial, ajuda a aliviar o estresse e leva o turista a conhecer lugares incr\u00edveis a uma dist\u00e2ncia curta Quem ainda est\u00e1 sonhando com a pr\u00f3xima viagem j\u00e1 pode se preparar para tir\u00e1-la do papel. Est\u00e1 chegando a hora do passeio ganhar um espa\u00e7o no [&hellip;]","og_url":"https:\/\/quantocustaviajar.com\/blog\/seis-motivos-para-planejar-uma-viagem-e-escapar-para-o-interior\/","og_site_name":"Blog Quanto Custa Viajar","article_publisher":"https:\/\/www.facebook.com\/quantocustaviajar","article_published_time":"2020-08-10T13:52:53+00:00","article_modified_time":"2020-08-10T13:52:58+00:00","og_image":[{"width":6016,"height":4016,"url":"https:\/\/quantocustaviajar.com\/blog\/wp-content\/uploads\/2020\/08\/Cavalgada-ao-p\u00f4r-do-Sol_Deise-Bataglin.jpg","type":"image\/jpeg"}],"author":"Reda\u00e7\u00e3o QCV","twitter_card":"summary_large_image","twitter_misc":{"Escrito por":"Reda\u00e7\u00e3o QCV","Est. tempo de leitura":"3 minutos"},"schema":{"@context":"https:\/\/schema.org","@graph":[{"@type":["Article","BlogPosting"],"@id":"https:\/\/quantocustaviajar.com\/blog\/seis-motivos-para-planejar-uma-viagem-e-escapar-para-o-interior\/#article","isPartOf":{"@id":"https:\/\/quantocustaviajar.com\/blog\/seis-motivos-para-planejar-uma-viagem-e-escapar-para-o-interior\/"},"author":{"name":"Reda\u00e7\u00e3o QCV","@id":"https:\/\/quantocustaviajar.com\/blog\/#\/schema\/person\/b99c49b1272e2104cc84a5a84122b751"},"headline":"Seis motivos para planejar uma viagem e escapar para o interior","datePublished":"2020-08-10T13:52:53+00:00","dateModified":"2020-08-10T13:52:58+00:00","mainEntityOfPage":{"@id":"https:\/\/quantocustaviajar.com\/blog\/seis-motivos-para-planejar-uma-viagem-e-escapar-para-o-interior\/"},"wordCount":685,"commentCount":1,"publisher":{"@id":"https:\/\/quantocustaviajar.com\/blog\/#organization"},"image":{"@id":"https:\/\/quantocustaviajar.com\/blog\/seis-motivos-para-planejar-uma-viagem-e-escapar-para-o-interior\/#primaryimage"},"thumbnailUrl":"https:\/\/quantocustaviajar.com\/blog\/wp-content\/uploads\/2020\/08\/Cavalgada-ao-p\u00f4r-do-Sol_Deise-Bataglin.jpg","keywords":["interior do parana","natureza","pousada","resort"],"articleSection":["Descubra o Brasil","Hospedagem dos Sonhos"],"inLanguage":"pt-BR","potentialAction":[{"@type":"CommentAction","name":"Comment","target":["https:\/\/quantocustaviajar.com\/blog\/seis-motivos-para-planejar-uma-viagem-e-escapar-para-o-interior\/#respond"]}]},{"@type":"WebPage","@id":"https:\/\/quantocustaviajar.com\/blog\/seis-motivos-para-planejar-uma-viagem-e-escapar-para-o-interior\/","url":"https:\/\/quantocustaviajar.com\/blog\/seis-motivos-para-planejar-uma-viagem-e-escapar-para-o-interior\/","name":"Seis motivos para planejar uma viagem e escapar para o interior - Blog Quanto Custa Viajar","isPartOf":{"@id":"https:\/\/quantocustaviajar.com\/blog\/#website"},"primaryImageOfPage":{"@id":"https:\/\/quantocustaviajar.com\/blog\/seis-motivos-para-planejar-uma-viagem-e-escapar-para-o-interior\/#primaryimage"},"image":{"@id":"https:\/\/quantocustaviajar.com\/blog\/seis-motivos-para-planejar-uma-viagem-e-escapar-para-o-interior\/#primaryimage"},"thumbnailUrl":"https:\/\/quantocustaviajar.com\/blog\/wp-content\/uploads\/2020\/08\/Cavalgada-ao-p\u00f4r-do-Sol_Deise-Bataglin.jpg","datePublished":"2020-08-10T13:52:53+00:00","dateModified":"2020-08-10T13:52:58+00:00","breadcrumb":{"@id":"https:\/\/quantocustaviajar.com\/blog\/seis-motivos-para-planejar-uma-viagem-e-escapar-para-o-interior\/#breadcrumb"},"inLanguage":"pt-BR","potentialAction":[{"@type":"ReadAction","target":["https:\/\/quantocustaviajar.com\/blog\/seis-motivos-para-planejar-uma-viagem-e-escapar-para-o-interior\/"]}]},{"@type":"ImageObject","inLanguage":"pt-BR","@id":"https:\/\/quantocustaviajar.com\/blog\/seis-motivos-para-planejar-uma-viagem-e-escapar-para-o-interior\/#primaryimage","url":"https:\/\/quantocustaviajar.com\/blog\/wp-content\/uploads\/2020\/08\/Cavalgada-ao-p\u00f4r-do-Sol_Deise-Bataglin.jpg","contentUrl":"https:\/\/quantocustaviajar.com\/blog\/wp-content\/uploads\/2020\/08\/Cavalgada-ao-p\u00f4r-do-Sol_Deise-Bataglin.jpg","width":6016,"height":4016},{"@type":"BreadcrumbList","@id":"https:\/\/quantocustaviajar.com\/blog\/seis-motivos-para-planejar-uma-viagem-e-escapar-para-o-interior\/#breadcrumb","itemListElement":[{"@type":"ListItem","position":1,"name":"In\u00edcio","item":"https:\/\/quantocustaviajar.com\/blog\/"},{"@type":"ListItem","position":2,"name":"Seis motivos para planejar uma viagem e escapar para o interior"}]},{"@type":"WebSite","@id":"https:\/\/quantocustaviajar.com\/blog\/#website","url":"https:\/\/quantocustaviajar.com\/blog\/","name":"Blog Quanto Custa Viajar","description":"","publisher":{"@id":"https:\/\/quantocustaviajar.com\/blog\/#organization"},"potentialAction":[{"@type":"SearchAction","target":{"@type":"EntryPoint","urlTemplate":"https:\/\/quantocustaviajar.com\/blog\/?s={search_term_string}"},"query-input":{"@type":"PropertyValueSpecification","valueRequired":true,"valueName":"search_term_string"}}],"inLanguage":"pt-BR"},{"@type":"Organization","@id":"https:\/\/quantocustaviajar.com\/blog\/#organization","name":"Quanto Custa Viajar","url":"https:\/\/quantocustaviajar.com\/blog\/","logo":{"@type":"ImageObject","inLanguage":"pt-BR","@id":"https:\/\/quantocustaviajar.com\/blog\/#\/schema\/logo\/image\/","url":"","contentUrl":"","caption":"Quanto Custa Viajar"},"image":{"@id":"https:\/\/quantocustaviajar.com\/blog\/#\/schema\/logo\/image\/"},"sameAs":["https:\/\/www.facebook.com\/quantocustaviajar"]},{"@type":"Person","@id":"https:\/\/quantocustaviajar.com\/blog\/#\/schema\/person\/b99c49b1272e2104cc84a5a84122b751","name":"Reda\u00e7\u00e3o QCV","image":{"@type":"ImageObject","inLanguage":"pt-BR","@id":"https:\/\/quantocustaviajar.com\/blog\/#\/schema\/person\/image\/","url":"https:\/\/secure.gravatar.com\/avatar\/e7b47d7a4633897697c32e0a2a1ad3abd9ca142ad0d9b7897241c6115247561b?s=96&d=mm&r=g","contentUrl":"https:\/\/secure.gravatar.com\/avatar\/e7b47d7a4633897697c32e0a2a1ad3abd9ca142ad0d9b7897241c6115247561b?s=96&d=mm&r=g","caption":"Reda\u00e7\u00e3o QCV"},"url":"https:\/\/quantocustaviajar.com\/blog\/author\/redacao\/"}]}},"_links":{"self":[{"href":"https:\/\/quantocustaviajar.com\/blog\/wp-json\/wp\/v2\/posts\/44755","targetHints":{"allow":["GET"]}}],"collection":[{"href":"https:\/\/quantocustaviajar.com\/blog\/wp-json\/wp\/v2\/posts"}],"about":[{"href":"https:\/\/quantocustaviajar.com\/blog\/wp-json\/wp\/v2\/types\/post"}],"author":[{"embeddable":true,"href":"https:\/\/quantocustaviajar.com\/blog\/wp-json\/wp\/v2\/users\/9"}],"replies":[{"embeddable":true,"href":"https:\/\/quantocustaviajar.com\/blog\/wp-json\/wp\/v2\/comments?post=44755"}],"version-history":[{"count":1,"href":"https:\/\/quantocustaviajar.com\/blog\/wp-json\/wp\/v2\/posts\/44755\/revisions"}],"predecessor-version":[{"id":44766,"href":"https:\/\/quantocustaviajar.com\/blog\/wp-json\/wp\/v2\/posts\/44755\/revisions\/44766"}],"wp:featuredmedia":[{"embeddable":true,"href":"https:\/\/quantocustaviajar.com\/blog\/wp-json\/wp\/v2\/media\/44764"}],"wp:attachment":[{"href":"https:\/\/quantocustaviajar.com\/blog\/wp-json\/wp\/v2\/media?parent=44755"}],"wp:term":[{"taxonomy":"category","embeddable":true,"href":"https:\/\/quantocustaviajar.com\/blog\/wp-json\/wp\/v2\/categories?post=44755"},{"taxonomy":"post_tag","embeddable":true,"href":"https:\/\/quantocustaviajar.com\/blog\/wp-json\/wp\/v2\/tags?post=44755"}],"curies":[{"name":"wp","href":"https:\/\/api.w.org\/{rel}","templated":true}]}}