{"id":44530,"date":"2020-07-24T11:44:33","date_gmt":"2020-07-24T11:44:33","guid":{"rendered":"https:\/\/quantocustaviajar.com\/blog\/?p=44530"},"modified":"2020-12-14T20:00:49","modified_gmt":"2020-12-14T20:00:49","slug":"elfos-islandia","status":"publish","type":"post","link":"https:\/\/quantocustaviajar.com\/blog\/elfos-islandia\/","title":{"rendered":"Moradores m\u00edsticos: visite os elfos na\u00a0Isl\u00e2ndia"},"content":{"rendered":"\n<p>Simpatias, rituais e criaturas do al\u00e9m fazem parte das tradi\u00e7\u00f5es de diversos pa\u00edses. Dentro da cultura n\u00f3rdica, temos os<strong> elfos na Isl\u00e2ndia<\/strong>, que fazem parte do cotidiano e at\u00e9 influenciam os rumos de novas constru\u00e7\u00f5es. Os Huldufolks, tamb\u00e9m chamados de povo oculto, v\u00e3o muito al\u00e9m dos que os olhos conseguem enxergar.<\/p>\n\n\n\n<p>Segundo uma <a href=\"https:\/\/www.nytimes.com\/2005\/07\/13\/world\/europe\/building-in-iceland-better-clear-it-with-the-elves-first.html\" target=\"_blank\" rel=\"noreferrer noopener\" aria-label=\" (abre numa nova aba)\">reportagem do New York Times<\/a>, muitas pessoas acreditam em duendes e elfos na <a rel=\"noreferrer noopener\" aria-label=\"Isl\u00e2ndia (abre numa nova aba)\" href=\"https:\/\/quantocustaviajar.com\/blog\/viagem-para-a-islandia-roteiro\/\" target=\"_blank\">Isl\u00e2ndia<\/a> pelo simples fato de j\u00e1 terem visto ou \u201csentido\u201d suas presen\u00e7as. <strong>Os relatos dizem que os elfos n\u00e3o falam, se assemelham com a apar\u00eancia humana<\/strong>, sendo mais baixos e portanto confundidos com duendes, e s\u00e3o protetores vorazes de suas casas em pedras.&nbsp;Algo como os <a rel=\"noreferrer noopener\" aria-label=\"hobbits (abre numa nova aba)\" href=\"https:\/\/quantocustaviajar.com\/blog\/casa-estilo-hobbit-em-gramado\/\" target=\"_blank\">hobbits<\/a>, personagens criados pelo escritor J. R. R. Tolkien, eternizados na cultura pop. <\/p>\n\n\n\n<p>Fato \u00e9 que faz parte da cultura local alimentar a cren\u00e7a de criaturas m\u00edticas. A cantora islandesa Bj\u00f6rk disse ao mesmo jornal um ponto interessante a ser considerado: \u201c<em><strong>N\u00f3s achamos que a natureza \u00e9 muito mais forte do que o homem. O relacionamento com coisas espirituais n\u00e3o desapareceu.<\/strong><\/em>\u201d<\/p>\n\n\n\n<p>Assim como acontece no Brasil, o folclore faz parte do conv\u00edvio social e da f\u00e9 individual, com pesquisas apontando que um a cada dois islandeses acreditam nos elfos. A presen\u00e7a de for\u00e7as ocultas \u00e9 admirada e respeitada pela popula\u00e7\u00e3o.&nbsp;<\/p>\n\n\n\n<blockquote class=\"wp-block-quote is-layout-flow wp-block-quote-is-layout-flow\"><p>Fen\u00f4menos naturais, premoni\u00e7\u00e3o por meio de sonhos e o poder dos esp\u00edritos tamb\u00e9m est\u00e3o enraizados nas tradi\u00e7\u00f5es celtas.<\/p><\/blockquote>\n\n\n\n<div class=\"wp-block-image\"><figure class=\"aligncenter\"><img loading=\"lazy\" decoding=\"async\" width=\"1024\" height=\"683\" src=\"https:\/\/quantocustaviajar.com\/blog\/wp-content\/uploads\/2020\/07\/historias-elfos-na-islandia-1024x683.jpg\" alt=\"\" class=\"wp-image-44534\" srcset=\"https:\/\/quantocustaviajar.com\/blog\/wp-content\/uploads\/2020\/07\/historias-elfos-na-islandia-1024x683.jpg 1024w, https:\/\/quantocustaviajar.com\/blog\/wp-content\/uploads\/2020\/07\/historias-elfos-na-islandia-300x200.jpg 300w, https:\/\/quantocustaviajar.com\/blog\/wp-content\/uploads\/2020\/07\/historias-elfos-na-islandia-768x512.jpg 768w, https:\/\/quantocustaviajar.com\/blog\/wp-content\/uploads\/2020\/07\/historias-elfos-na-islandia.jpg 1200w\" sizes=\"auto, (max-width: 1024px) 100vw, 1024px\" \/><figcaption>Ser\u00e1 que tem elfos morando nessa pedra? Foto: <a href=\"https:\/\/www.shutterstock.com\/pt\/image-photo\/elf-houses-iceland-1209861733\" target=\"_blank\" rel=\"noreferrer noopener\" aria-label=\" (abre numa nova aba)\">Njaj<\/a><\/figcaption><\/figure><\/div>\n\n\n\n<h2 class=\"wp-block-heading\">Obras alteradas pelos elfos na Isl\u00e2ndia<\/h2>\n\n\n\n<p>\u00c9 assim que constru\u00e7\u00f5es chegam a ser interrompidas na terra do gelo e do fogo. <strong>Um comit\u00ea de planejamento analisa solicita\u00e7\u00f5es dos moradores para que os elfos n\u00e3o sejam incomodados<\/strong>. <\/p>\n\n\n\n<p>Geralmente \u00e9 consultada uma pessoa m\u00edstica, que tenha vis\u00f5es ou contato com elfos, crie um \u201ccanal de comunica\u00e7\u00e3o\u201d para que deem aval ao projeto. \u00c9 poss\u00edvel pedir que eles se afastem do local tamb\u00e9m, como numa negocia\u00e7\u00e3o amig\u00e1vel. &nbsp;<\/p>\n\n\n\n<p>Nos anos 1970, uma parte da estrada Elfhill Road, em Kopavogur, foi reduzida devido a presen\u00e7a de uma grande rocha, batizada de <strong>\u00c1lfh\u00f3ll<\/strong>, que n\u00e3o deveria ser destru\u00edda, afinal, era o habitat de elfos. Os rumores apontavam que mexer em tais \u2018energias\u2019 poderia causar at\u00e9 mesmo acidentes.&nbsp;<\/p>\n\n\n\n<p>Acontece que a rocha foi sim retirada e reposicionada. Algumas m\u00eddias reportaram acidentes sem explica\u00e7\u00e3o plaus\u00edvel na \u00e9poca, e trabalhadores aproveitaram para justific\u00e1-los com a mudan\u00e7a de lugar da pedra, dando mais f\u00f4lego para as hist\u00f3rias de perpetuarem. Atualmente a rocha \u00e9 um patrim\u00f4nio p\u00fablico, mantida como s\u00edtio arqueol\u00f3gico, por\u00e9m foi transferida para outro local, n\u00e3o muito distante de sua origem.<\/p>\n\n\n\n<div class=\"wp-block-image\"><figure class=\"aligncenter\"><img loading=\"lazy\" decoding=\"async\" width=\"1024\" height=\"768\" src=\"https:\/\/quantocustaviajar.com\/blog\/wp-content\/uploads\/2020\/07\/elfos-na-islandia2-1024x768.jpg\" alt=\"\" class=\"wp-image-44531\" srcset=\"https:\/\/quantocustaviajar.com\/blog\/wp-content\/uploads\/2020\/07\/elfos-na-islandia2-1024x768.jpg 1024w, https:\/\/quantocustaviajar.com\/blog\/wp-content\/uploads\/2020\/07\/elfos-na-islandia2-300x225.jpg 300w, https:\/\/quantocustaviajar.com\/blog\/wp-content\/uploads\/2020\/07\/elfos-na-islandia2-768x576.jpg 768w, https:\/\/quantocustaviajar.com\/blog\/wp-content\/uploads\/2020\/07\/elfos-na-islandia2.jpg 1280w\" sizes=\"auto, (max-width: 1024px) 100vw, 1024px\" \/><figcaption>Foto de Tom\u00e1\u0161 Mal\u00edk no Pexels<\/figcaption><\/figure><\/div>\n\n\n\n<p>Outro caso que ficou conhecido nos anos 1990 foi o das escavadeiras que, ao tentar derrubar uma colina para erguer um cemit\u00e9rio, falhavam inexplicavelmente e repetidamente. O mesmo teria acontecido com c\u00e2meras de TV que tentaram filmar o epis\u00f3dio sobrenatural. Vit\u00f3ria dos elfos: a constru\u00e7\u00e3o foi interrompida.<\/p>\n\n\n\n<p>Mas n\u00e3o por muito tempo. O dono do terreno alegou que n\u00e3o queria se responsabilizar por mover a rocha do lugar, ent\u00e3o chamaram uma mulher que se dizia m\u00e9dium para se comunicar com eles. Sem a presen\u00e7a de elfos no local, a pedra foi cuidadosamente transferida para perto de outras e n\u00e3o houve mais problemas por ali.&nbsp;<\/p>\n\n\n\n<p>Tais fatos est\u00e3o presentes em um longo <a href=\"http:\/\/old.qi.com\/talk\/viewtopic.php?t=10615&amp;start=15&amp;sid=58a34d913d5c8a38d837a430e496a749\" target=\"_blank\" rel=\"noreferrer noopener\" aria-label=\" (abre numa nova aba)\">comunicado p\u00fablico<\/a> elaborado por Viktor Arnar Ingolfsson, antigo chefe na Administra\u00e7\u00e3o Rodovi\u00e1ria da Isl\u00e2ndia. O documento pontua que o \u00f3rg\u00e3o p\u00fablico resguarda as cren\u00e7as pessoais de cada um e que nos 12 mil quil\u00f4metros de rodovias ao redor do pa\u00eds h\u00e1 opini\u00f5es divergentes em rela\u00e7\u00e3o \u00e0s constru\u00e7\u00f5es.<\/p>\n\n\n\n<p>Apesar de haver a tentativa de entrar em acordo sobre a melhor maneira de proceder, atitudes precisam ser tomadas ainda que haja antagonismos sobre o posicionamento de estradas, cruzamentos de pontes ou minas de cascalho.<\/p>\n\n\n\n<p>\u201c<em>Valorizamos a heran\u00e7a de nossos ancestrais e se a tradi\u00e7\u00e3o oral passada de uma gera\u00e7\u00e3o para outra nos diz que um determinado local \u00e9 amaldi\u00e7oado ou que seres sobrenaturais habitam uma certa rocha, isso deve ser considerado um tesouro cultural. <strong>Nos dias em que a luta com as for\u00e7as da natureza era mais dura do que \u00e9 agora, a conserva\u00e7\u00e3o veio \u00e0 tona neste folclore<\/strong>, e copas e belas caracter\u00edsticas naturais foram poupadas<\/em>\u201d, afirma Viktor, que tamb\u00e9m deu entrevista sobre tais quest\u00f5es para o <a rel=\"noreferrer noopener\" href=\"https:\/\/www.theatlantic.com\/international\/archive\/2013\/10\/why-so-many-icelanders-still-believe-in-invisible-elves\/280783\/\" target=\"_blank\">The Atlantic<\/a>.&nbsp;<\/p>\n\n\n\n<div class=\"wp-block-image\"><figure class=\"aligncenter\"><img loading=\"lazy\" decoding=\"async\" width=\"1024\" height=\"682\" src=\"https:\/\/quantocustaviajar.com\/blog\/wp-content\/uploads\/2020\/07\/elfos-na-islandia-1024x682.jpg\" alt=\"\" class=\"wp-image-44533\" srcset=\"https:\/\/quantocustaviajar.com\/blog\/wp-content\/uploads\/2020\/07\/elfos-na-islandia-1024x682.jpg 1024w, https:\/\/quantocustaviajar.com\/blog\/wp-content\/uploads\/2020\/07\/elfos-na-islandia-300x200.jpg 300w, https:\/\/quantocustaviajar.com\/blog\/wp-content\/uploads\/2020\/07\/elfos-na-islandia-768x512.jpg 768w, https:\/\/quantocustaviajar.com\/blog\/wp-content\/uploads\/2020\/07\/elfos-na-islandia.jpg 1280w\" sizes=\"auto, (max-width: 1024px) 100vw, 1024px\" \/><figcaption>Foto de Rudolf Kirchner no Pexels<\/figcaption><\/figure><\/div>\n\n\n\n<p>Em casos mais recentes, houve at\u00e9 a\u00e7\u00e3o judicial movida a favor dos elfos. Em 2013 foi suspensa a constru\u00e7\u00e3o de uma nova rodovia que passaria por uma \u201cterra encantada\u201d em um campo de lava. Preservando a vida selvagem e m\u00edstica, a interven\u00e7\u00e3o foi cancelada.&nbsp;<\/p>\n\n\n\n<p>Nos dias atuais a situa\u00e7\u00e3o n\u00e3o mudou muito. Alguns projetos ainda precisam de autoriza\u00e7\u00e3o para seguirem em frente, especialmente pelas \u00e1reas de seres invis\u00edveis serem consideradas s\u00edtios arqueol\u00f3gicos.<\/p>\n\n\n\n<div class=\"wp-block-image\"><figure class=\"aligncenter\"><img loading=\"lazy\" decoding=\"async\" width=\"1024\" height=\"682\" src=\"https:\/\/quantocustaviajar.com\/blog\/wp-content\/uploads\/2020\/07\/elfos-na-islandia3-1024x682.jpg\" alt=\"\" class=\"wp-image-44532\" srcset=\"https:\/\/quantocustaviajar.com\/blog\/wp-content\/uploads\/2020\/07\/elfos-na-islandia3-1024x682.jpg 1024w, https:\/\/quantocustaviajar.com\/blog\/wp-content\/uploads\/2020\/07\/elfos-na-islandia3-300x200.jpg 300w, https:\/\/quantocustaviajar.com\/blog\/wp-content\/uploads\/2020\/07\/elfos-na-islandia3-768x512.jpg 768w, https:\/\/quantocustaviajar.com\/blog\/wp-content\/uploads\/2020\/07\/elfos-na-islandia3.jpg 1280w\" sizes=\"auto, (max-width: 1024px) 100vw, 1024px\" \/><figcaption>Elfos seriam como guardi\u00f5es da natureza &#8211; Foto de Rudolf Kirchner no Pexels<\/figcaption><\/figure><\/div>\n\n\n\n<h3 class=\"wp-block-heading\">Ver para&nbsp;crer<\/h3>\n\n\n\n<p>O assunto \u00e9 s\u00e9rio, sendo abordado em artigos, jornais e teses acad\u00eamicas do pa\u00eds. Existe uma cole\u00e7\u00e3o de casos parecidos sobre o poder que elfos exercem na sociedade e nos territ\u00f3rios onde habitam. Com base em ancestralidade, dizem que tais cren\u00e7as se desenvolveram direta ou indiretamente no cotidiano dos islandeses h\u00e1 12 s\u00e9culos.<\/p>\n\n\n\n<p>Enquanto a ci\u00eancia n\u00e3o comprova ou ignora a exist\u00eancia de esp\u00edritos da natureza, alguns pesquisadores se ocupam de agrupar informa\u00e7\u00f5es ocultas que sustentem os argumentos e testemunhos ouvidas h\u00e1 d\u00e9cadas.<\/p>\n\n\n\n<p>O antrop\u00f3logo e historiador Magnus Skarphedinsson passa 40 anos de sua vida coletando mais de 400 relatos em rela\u00e7\u00e3o \u00e0s vis\u00f5es e at\u00e9 conversas com os elfos. <strong>Ele est\u00e1 t\u00e3o convencido da exist\u00eancia deles, que oferece cursos sobre o assunto na <\/strong><a rel=\"noreferrer noopener\" href=\"https:\/\/theelfschool.com\/\" target=\"_blank\"><strong>Escola dos Elfos<\/strong><\/a>, fundada h\u00e1 33 anos em Reykjav\u00edk, capital do pa\u00eds.<\/p>\n\n\n\n<p>Sem seguir uma base acad\u00eamica rigorosa, os ensinamentos trazem uma vis\u00e3o cr\u00edtica e hist\u00f3rica do folclore local, incluindo outros seres invis\u00edveis no curr\u00edculo: gnomos, fadas, trolls e demais esp\u00edritos da natureza. Em quatro horas s\u00e3o abordados temas envolvendo apar\u00eancia, moradia, costumes e ideias das criaturas fenomenais tanto da Isl\u00e2ndia quanto de outros pa\u00edses. &nbsp;<\/p>\n\n\n\n<p>As aulas acontecem com dois professores e direito a coffee break caprichado, com p\u00e3o, panquecas e outras del\u00edcias. O valor \u00e9 de pelas aulas \u00e9 de \u20ac 56, com material de apoio e refei\u00e7\u00e3o inclusos. Os passeios externos, que duram 30 minutos em \u00e1reas pr\u00f3ximas \u00e0 escola, custam \u20ac19 por pessoa.<\/p>\n\n\n\n<blockquote class=\"wp-block-quote is-style-large is-layout-flow wp-block-quote-is-layout-flow\"><p>54% da popula\u00e7\u00e3o da Isl\u00e2ndia acredita em elfos<\/p><\/blockquote>\n\n\n\n<div class=\"wp-block-image\"><figure class=\"aligncenter\"><img loading=\"lazy\" decoding=\"async\" width=\"1024\" height=\"682\" src=\"https:\/\/quantocustaviajar.com\/blog\/wp-content\/uploads\/2020\/07\/museu-folk-islandia-1024x682.jpeg\" alt=\"\" class=\"wp-image-44550\" srcset=\"https:\/\/quantocustaviajar.com\/blog\/wp-content\/uploads\/2020\/07\/museu-folk-islandia-1024x682.jpeg 1024w, https:\/\/quantocustaviajar.com\/blog\/wp-content\/uploads\/2020\/07\/museu-folk-islandia-300x200.jpeg 300w, https:\/\/quantocustaviajar.com\/blog\/wp-content\/uploads\/2020\/07\/museu-folk-islandia-768x512.jpeg 768w, https:\/\/quantocustaviajar.com\/blog\/wp-content\/uploads\/2020\/07\/museu-folk-islandia.jpeg 1280w\" sizes=\"auto, (max-width: 1024px) 100vw, 1024px\" \/><figcaption>Foto: divulga\u00e7\u00e3o<\/figcaption><\/figure><\/div>\n\n\n\n<p>A cidade de <strong>Hafnarfj\u00f6r\u00f0ur<\/strong>, a 10 minutos da capital, \u00e9 uma das principais em termos de turismo elfo, oferecendo tours espec\u00edficos que abordam o tema, passando por locais onde as criaturas supostamente habitam. Os pontos de interesse incluem o Parque de Lava Hellisger\u00f0i, os Penhascos Hamarinn, o Penhasco Setbergshamar e os arredores da piscina de Sundh\u00f6ll Hafnarfjardar.&nbsp;<\/p>\n\n\n\n<p>A <a href=\"https:\/\/www.alfar.is\/\" target=\"_blank\" rel=\"noreferrer noopener\" aria-label=\" (abre numa nova aba)\">Hidden Worlds Walks<\/a> realiza passeios de at\u00e9 duas horas de dura\u00e7\u00e3o nos meses de Ver\u00e3o. Durante a caminhada, a guia Sigurbj\u00f6rg Karlsd\u00f3ttir reconta hist\u00f3rias sobre os m\u00e1gicos mundos ocultos e como se relacionam com o desenvolvimento da cidade.&nbsp;<\/p>\n\n\n\n<p>A clarividente local Erla Stef\u00e1nsd\u00f3ttir preparou um <strong>mapa do mundo oculto<\/strong>, que lhe foi revelado pelos seres invis\u00edveis e est\u00e1 incluso no valor de \u20ac28 por pessoa.<\/p>\n\n\n\n<div class=\"wp-block-image\"><figure class=\"aligncenter\"><img loading=\"lazy\" decoding=\"async\" width=\"960\" height=\"640\" src=\"https:\/\/quantocustaviajar.com\/blog\/wp-content\/uploads\/2020\/07\/Hellisger\u00f0i-Park.jpg\" alt=\"\" class=\"wp-image-44552\" srcset=\"https:\/\/quantocustaviajar.com\/blog\/wp-content\/uploads\/2020\/07\/Hellisger\u00f0i-Park.jpg 960w, https:\/\/quantocustaviajar.com\/blog\/wp-content\/uploads\/2020\/07\/Hellisger\u00f0i-Park-300x200.jpg 300w, https:\/\/quantocustaviajar.com\/blog\/wp-content\/uploads\/2020\/07\/Hellisger\u00f0i-Park-768x512.jpg 768w\" sizes=\"auto, (max-width: 960px) 100vw, 960px\" \/><figcaption> <strong>Parque Hellisger\u00f0i<\/strong> &#8211; Foto: divulga\u00e7\u00e3o<\/figcaption><\/figure><\/div>\n\n\n\n<p>Outros atrativos de  Hafnarfj\u00f6r\u00f0ur s\u00e3o o <strong>Jardim Elfo no Parque Hellisger\u00f0i<\/strong>, que conta at\u00e9 com o caf\u00e9 dos elfos, onde s\u00e3o servidas bebidas do mundo oculto. \u00c9 l\u00e1 que acontece o <strong>Viking Festival<\/strong>, celebrado anualmente na segunda quinzena do m\u00eas de junho.&nbsp;<\/p>\n\n\n\n<p>A cultura viking ganha ainda mais for\u00e7a na<strong> vila de<\/strong> <a rel=\"noreferrer noopener\" href=\"https:\/\/www.fjorukrain.is\/\" target=\"_blank\"><strong>Fj\u00f6rukr\u00e1in<\/strong><\/a>, que \u00e9 simplesmente uma das atra\u00e7\u00f5es mais visitadas do pa\u00eds. Com decora\u00e7\u00e3o medieval, o local tem\u00e1tico conta com hotel e restaurante, que serve grandes banquetes com op\u00e7\u00f5es de comida n\u00f3rdica.&nbsp;<\/p>\n\n\n\n<div class=\"wp-block-image\"><figure class=\"aligncenter\"><img loading=\"lazy\" decoding=\"async\" width=\"960\" height=\"639\" src=\"https:\/\/quantocustaviajar.com\/blog\/wp-content\/uploads\/2020\/07\/vila-viking-islandia.jpg\" alt=\"\" class=\"wp-image-44547\" srcset=\"https:\/\/quantocustaviajar.com\/blog\/wp-content\/uploads\/2020\/07\/vila-viking-islandia.jpg 960w, https:\/\/quantocustaviajar.com\/blog\/wp-content\/uploads\/2020\/07\/vila-viking-islandia-300x200.jpg 300w, https:\/\/quantocustaviajar.com\/blog\/wp-content\/uploads\/2020\/07\/vila-viking-islandia-768x511.jpg 768w\" sizes=\"auto, (max-width: 960px) 100vw, 960px\" \/><figcaption>Foto: divulga\u00e7\u00e3o<\/figcaption><\/figure><\/div>\n\n\n\n<p>Na pequena comuna de Stokkseyri, que n\u00e3o conta nem com 500 habitantes, existe o <a rel=\"noreferrer noopener\" href=\"https:\/\/www.icelandicwonders.is\/\" target=\"_blank\">Museu das Maravilhas Islandesas<\/a>, traz  informa\u00e7\u00e3o sobre fantasmas e elfos, al\u00e9m de promover a <a href=\"https:\/\/quantocustaviajar.com\/blog\/viagem-para-a-islandia-a-aurora-boreal\/\" target=\"_blank\" rel=\"noreferrer noopener\" aria-label=\"aurora boreal (abre numa nova aba)\">aurora boreal<\/a>, fen\u00f4meno celeste encantador, respons\u00e1vel por parte do turismo. \u00c9 um espa\u00e7o interativo para reunir \u201chist\u00f3rias que nasceram da conex\u00e3o dos islandeses com a natureza e o lugar que chamam de lar.\u201d<\/p>\n\n\n\n<div class=\"wp-block-image\"><figure class=\"aligncenter\"><img loading=\"lazy\" decoding=\"async\" width=\"1024\" height=\"613\" src=\"https:\/\/quantocustaviajar.com\/blog\/wp-content\/uploads\/2020\/07\/museu-folclore-islandia-1024x613.jpg\" alt=\"\" class=\"wp-image-44549\" srcset=\"https:\/\/quantocustaviajar.com\/blog\/wp-content\/uploads\/2020\/07\/museu-folclore-islandia-1024x613.jpg 1024w, https:\/\/quantocustaviajar.com\/blog\/wp-content\/uploads\/2020\/07\/museu-folclore-islandia-300x180.jpg 300w, https:\/\/quantocustaviajar.com\/blog\/wp-content\/uploads\/2020\/07\/museu-folclore-islandia-768x460.jpg 768w, https:\/\/quantocustaviajar.com\/blog\/wp-content\/uploads\/2020\/07\/museu-folclore-islandia.jpg 1308w\" sizes=\"auto, (max-width: 1024px) 100vw, 1024px\" \/><figcaption>Museu recria habitat de elfos na Isl\u00e2ndia &#8211; Foto: divulga\u00e7\u00e3o<\/figcaption><\/figure><\/div>\n\n\n\n<p>J\u00e1 o <a rel=\"noreferrer noopener\" href=\"http:\/\/www.byggdasafn.is\/english\/\" target=\"_blank\">\u00deur\u00ed\u00f0arb\u00fa\u00f0<\/a>, ou <strong>Museu Folk<\/strong>, se dedica ao folclore e costumes da Isl\u00e2ndia, se baseando especialmente em antigos processos de trabalho. L\u00e1 se encontram casas de 1765, que ao longo do tempo se transformaram em centros de arte e cultura europeia, incluindo moda, m\u00fasica e literatura. Hoje funcionam como espa\u00e7os expositivos, resgatando a hist\u00f3ria e os modos de vida da \u00e9poca.<\/p>\n\n\n\n<p>Agora que voc\u00ea j\u00e1 sabe tudo isso, conhe\u00e7a as <a href=\"https:\/\/quantocustaviajar.com\/blog\/viagem-para-a-islandia-roteiro\/\" target=\"_blank\" rel=\"noreferrer noopener\" aria-label=\"outras maravilhas da Isl\u00e2ndia no roteiro do Quanto Custa Viajar (abre numa nova aba)\">outras maravilhas da Isl\u00e2ndia no roteiro do Quanto Custa Viajar<\/a> e comece a planejar sua viagem!<\/p>\n\n\n\n<figure class=\"wp-block-embed-wordpress wp-block-embed is-type-wp-embed is-provider-blog-quanto-custa-viajar\"><div class=\"wp-block-embed__wrapper\">\nhttps:\/\/quantocustaviajar.com\/blog\/conheca-a-curiosa-zigurats-vila-no-mato-grosso-do-sul-construida-para-atrair-ets\/\n<\/div><\/figure>\n","protected":false},"excerpt":{"rendered":"<p>Simpatias, rituais e criaturas do al\u00e9m fazem parte das tradi\u00e7\u00f5es de diversos pa\u00edses. Dentro da cultura n\u00f3rdica, temos os elfos na Isl\u00e2ndia, que fazem parte do cotidiano e at\u00e9 influenciam os rumos de novas constru\u00e7\u00f5es. Os Huldufolks, tamb\u00e9m chamados de povo oculto, v\u00e3o muito al\u00e9m dos que os olhos conseguem enxergar. Segundo uma reportagem do [&hellip;]<\/p>\n","protected":false},"author":4,"featured_media":44548,"comment_status":"open","ping_status":"open","sticky":false,"template":"","format":"standard","meta":{"cybocfi_hide_featured_image":"","footnotes":""},"categories":[1436],"tags":[2707,1095,2712,1480],"class_list":["post-44530","post","type-post","status-publish","format-standard","has-post-thumbnail","hentry","category-artes-cultura-diversao","tag-elfos","tag-islandia","tag-mitologia","tag-reykjavik"],"blocksy_meta":[],"yoast_head":"<!-- This site is optimized with the Yoast SEO plugin v26.3 - https:\/\/yoast.com\/wordpress\/plugins\/seo\/ -->\n<title>Moradores m\u00edsticos: visite os elfos na\u00a0Isl\u00e2ndia - Blog Quanto Custa Viajar<\/title>\n<meta name=\"description\" content=\"Dentro da cultura n\u00f3rdica, os elfos na Isl\u00e2ndia logo despertam curiosidade. Al\u00e9m de fazerem parte do cotidiano, at\u00e9 influenciam novas constru\u00e7\u00f5es no pa\u00eds...\" \/>\n<meta name=\"robots\" content=\"index, follow, max-snippet:-1, max-image-preview:large, max-video-preview:-1\" \/>\n<link rel=\"canonical\" href=\"https:\/\/quantocustaviajar.com\/blog\/elfos-islandia\/\" \/>\n<meta property=\"og:locale\" content=\"pt_BR\" \/>\n<meta property=\"og:type\" content=\"article\" \/>\n<meta property=\"og:title\" content=\"Voc\u00ea sabia que na Isl\u00e2ndia, obras s\u00e3o interrompidas ou alteradas por causa dos Elfos? Confira!\" \/>\n<meta property=\"og:description\" content=\"Dentro da cultura n\u00f3rdica, os elfos na Isl\u00e2ndia logo despertam curiosidade. Al\u00e9m de fazerem parte do cotidiano, at\u00e9 influenciam novas constru\u00e7\u00f5es no pa\u00eds...\" \/>\n<meta property=\"og:url\" content=\"https:\/\/quantocustaviajar.com\/blog\/elfos-islandia\/\" \/>\n<meta property=\"og:site_name\" content=\"Blog Quanto Custa Viajar\" \/>\n<meta property=\"article:publisher\" content=\"https:\/\/www.facebook.com\/quantocustaviajar\" \/>\n<meta property=\"article:author\" content=\"https:\/\/www.facebook.com\/brunellapfvr\/posts\" \/>\n<meta property=\"article:published_time\" content=\"2020-07-24T11:44:33+00:00\" \/>\n<meta property=\"article:modified_time\" content=\"2020-12-14T20:00:49+00:00\" \/>\n<meta property=\"og:image\" content=\"https:\/\/quantocustaviajar.com\/blog\/wp-content\/uploads\/2020\/07\/elfos-na-islandia-onde-encontrar.jpeg\" \/>\n\t<meta property=\"og:image:width\" content=\"3072\" \/>\n\t<meta property=\"og:image:height\" content=\"2048\" \/>\n\t<meta property=\"og:image:type\" content=\"image\/jpeg\" \/>\n<meta name=\"author\" content=\"Brunella Nunes\" \/>\n<meta name=\"twitter:card\" content=\"summary_large_image\" \/>\n<meta name=\"twitter:label1\" content=\"Escrito por\" \/>\n\t<meta name=\"twitter:data1\" content=\"Brunella Nunes\" \/>\n\t<meta name=\"twitter:label2\" content=\"Est. tempo de leitura\" \/>\n\t<meta name=\"twitter:data2\" content=\"8 minutos\" \/>\n<!-- \/ Yoast SEO plugin. -->","yoast_head_json":{"title":"Moradores m\u00edsticos: visite os elfos na\u00a0Isl\u00e2ndia - Blog Quanto Custa Viajar","description":"Dentro da cultura n\u00f3rdica, os elfos na Isl\u00e2ndia logo despertam curiosidade. Al\u00e9m de fazerem parte do cotidiano, at\u00e9 influenciam novas constru\u00e7\u00f5es no pa\u00eds...","robots":{"index":"index","follow":"follow","max-snippet":"max-snippet:-1","max-image-preview":"max-image-preview:large","max-video-preview":"max-video-preview:-1"},"canonical":"https:\/\/quantocustaviajar.com\/blog\/elfos-islandia\/","og_locale":"pt_BR","og_type":"article","og_title":"Voc\u00ea sabia que na Isl\u00e2ndia, obras s\u00e3o interrompidas ou alteradas por causa dos Elfos? Confira!","og_description":"Dentro da cultura n\u00f3rdica, os elfos na Isl\u00e2ndia logo despertam curiosidade. Al\u00e9m de fazerem parte do cotidiano, at\u00e9 influenciam novas constru\u00e7\u00f5es no pa\u00eds...","og_url":"https:\/\/quantocustaviajar.com\/blog\/elfos-islandia\/","og_site_name":"Blog Quanto Custa Viajar","article_publisher":"https:\/\/www.facebook.com\/quantocustaviajar","article_author":"https:\/\/www.facebook.com\/brunellapfvr\/posts","article_published_time":"2020-07-24T11:44:33+00:00","article_modified_time":"2020-12-14T20:00:49+00:00","og_image":[{"width":3072,"height":2048,"url":"https:\/\/quantocustaviajar.com\/blog\/wp-content\/uploads\/2020\/07\/elfos-na-islandia-onde-encontrar.jpeg","type":"image\/jpeg"}],"author":"Brunella Nunes","twitter_card":"summary_large_image","twitter_misc":{"Escrito por":"Brunella Nunes","Est. tempo de leitura":"8 minutos"},"schema":{"@context":"https:\/\/schema.org","@graph":[{"@type":["Article","BlogPosting"],"@id":"https:\/\/quantocustaviajar.com\/blog\/elfos-islandia\/#article","isPartOf":{"@id":"https:\/\/quantocustaviajar.com\/blog\/elfos-islandia\/"},"author":{"name":"Brunella Nunes","@id":"https:\/\/quantocustaviajar.com\/blog\/#\/schema\/person\/1a6dd3da9d0c0a4be42652b67bea19bb"},"headline":"Moradores m\u00edsticos: visite os elfos na\u00a0Isl\u00e2ndia","datePublished":"2020-07-24T11:44:33+00:00","dateModified":"2020-12-14T20:00:49+00:00","mainEntityOfPage":{"@id":"https:\/\/quantocustaviajar.com\/blog\/elfos-islandia\/"},"wordCount":1602,"commentCount":0,"publisher":{"@id":"https:\/\/quantocustaviajar.com\/blog\/#organization"},"image":{"@id":"https:\/\/quantocustaviajar.com\/blog\/elfos-islandia\/#primaryimage"},"thumbnailUrl":"https:\/\/quantocustaviajar.com\/blog\/wp-content\/uploads\/2020\/07\/elfos-na-islandia-onde-encontrar.jpeg","keywords":["elfos","Isl\u00e2ndia","mitologia","reykjavik"],"articleSection":["Artes, Cultura &amp; Divers\u00e3o"],"inLanguage":"pt-BR","potentialAction":[{"@type":"CommentAction","name":"Comment","target":["https:\/\/quantocustaviajar.com\/blog\/elfos-islandia\/#respond"]}]},{"@type":"WebPage","@id":"https:\/\/quantocustaviajar.com\/blog\/elfos-islandia\/","url":"https:\/\/quantocustaviajar.com\/blog\/elfos-islandia\/","name":"Moradores m\u00edsticos: visite os elfos na\u00a0Isl\u00e2ndia - Blog Quanto Custa Viajar","isPartOf":{"@id":"https:\/\/quantocustaviajar.com\/blog\/#website"},"primaryImageOfPage":{"@id":"https:\/\/quantocustaviajar.com\/blog\/elfos-islandia\/#primaryimage"},"image":{"@id":"https:\/\/quantocustaviajar.com\/blog\/elfos-islandia\/#primaryimage"},"thumbnailUrl":"https:\/\/quantocustaviajar.com\/blog\/wp-content\/uploads\/2020\/07\/elfos-na-islandia-onde-encontrar.jpeg","datePublished":"2020-07-24T11:44:33+00:00","dateModified":"2020-12-14T20:00:49+00:00","description":"Dentro da cultura n\u00f3rdica, os elfos na Isl\u00e2ndia logo despertam curiosidade. Al\u00e9m de fazerem parte do cotidiano, at\u00e9 influenciam novas constru\u00e7\u00f5es no pa\u00eds...","breadcrumb":{"@id":"https:\/\/quantocustaviajar.com\/blog\/elfos-islandia\/#breadcrumb"},"inLanguage":"pt-BR","potentialAction":[{"@type":"ReadAction","target":["https:\/\/quantocustaviajar.com\/blog\/elfos-islandia\/"]}]},{"@type":"ImageObject","inLanguage":"pt-BR","@id":"https:\/\/quantocustaviajar.com\/blog\/elfos-islandia\/#primaryimage","url":"https:\/\/quantocustaviajar.com\/blog\/wp-content\/uploads\/2020\/07\/elfos-na-islandia-onde-encontrar.jpeg","contentUrl":"https:\/\/quantocustaviajar.com\/blog\/wp-content\/uploads\/2020\/07\/elfos-na-islandia-onde-encontrar.jpeg","width":3072,"height":2048,"caption":"Foto: divulga\u00e7\u00e3o"},{"@type":"BreadcrumbList","@id":"https:\/\/quantocustaviajar.com\/blog\/elfos-islandia\/#breadcrumb","itemListElement":[{"@type":"ListItem","position":1,"name":"In\u00edcio","item":"https:\/\/quantocustaviajar.com\/blog\/"},{"@type":"ListItem","position":2,"name":"Moradores m\u00edsticos: visite os elfos na\u00a0Isl\u00e2ndia"}]},{"@type":"WebSite","@id":"https:\/\/quantocustaviajar.com\/blog\/#website","url":"https:\/\/quantocustaviajar.com\/blog\/","name":"Blog Quanto Custa Viajar","description":"","publisher":{"@id":"https:\/\/quantocustaviajar.com\/blog\/#organization"},"potentialAction":[{"@type":"SearchAction","target":{"@type":"EntryPoint","urlTemplate":"https:\/\/quantocustaviajar.com\/blog\/?s={search_term_string}"},"query-input":{"@type":"PropertyValueSpecification","valueRequired":true,"valueName":"search_term_string"}}],"inLanguage":"pt-BR"},{"@type":"Organization","@id":"https:\/\/quantocustaviajar.com\/blog\/#organization","name":"Quanto Custa Viajar","url":"https:\/\/quantocustaviajar.com\/blog\/","logo":{"@type":"ImageObject","inLanguage":"pt-BR","@id":"https:\/\/quantocustaviajar.com\/blog\/#\/schema\/logo\/image\/","url":"","contentUrl":"","caption":"Quanto Custa Viajar"},"image":{"@id":"https:\/\/quantocustaviajar.com\/blog\/#\/schema\/logo\/image\/"},"sameAs":["https:\/\/www.facebook.com\/quantocustaviajar"]},{"@type":"Person","@id":"https:\/\/quantocustaviajar.com\/blog\/#\/schema\/person\/1a6dd3da9d0c0a4be42652b67bea19bb","name":"Brunella Nunes","image":{"@type":"ImageObject","inLanguage":"pt-BR","@id":"https:\/\/quantocustaviajar.com\/blog\/#\/schema\/person\/image\/","url":"https:\/\/secure.gravatar.com\/avatar\/05b28dfb8a3cc7ee0dba6feefa5677f05be6d7bf4b017728fd38499092f9c282?s=96&d=mm&r=g","contentUrl":"https:\/\/secure.gravatar.com\/avatar\/05b28dfb8a3cc7ee0dba6feefa5677f05be6d7bf4b017728fd38499092f9c282?s=96&d=mm&r=g","caption":"Brunella Nunes"},"description":"Quando n\u00e3o est\u00e1 viajando pelo mundo, est\u00e1 viajando nas ideias.","sameAs":["https:\/\/www.facebook.com\/brunellapfvr\/posts","https:\/\/www.linkedin.com\/in\/brunellanunes\/"],"url":"https:\/\/quantocustaviajar.com\/blog\/author\/equipe\/"}]}},"_links":{"self":[{"href":"https:\/\/quantocustaviajar.com\/blog\/wp-json\/wp\/v2\/posts\/44530","targetHints":{"allow":["GET"]}}],"collection":[{"href":"https:\/\/quantocustaviajar.com\/blog\/wp-json\/wp\/v2\/posts"}],"about":[{"href":"https:\/\/quantocustaviajar.com\/blog\/wp-json\/wp\/v2\/types\/post"}],"author":[{"embeddable":true,"href":"https:\/\/quantocustaviajar.com\/blog\/wp-json\/wp\/v2\/users\/4"}],"replies":[{"embeddable":true,"href":"https:\/\/quantocustaviajar.com\/blog\/wp-json\/wp\/v2\/comments?post=44530"}],"version-history":[{"count":5,"href":"https:\/\/quantocustaviajar.com\/blog\/wp-json\/wp\/v2\/posts\/44530\/revisions"}],"predecessor-version":[{"id":46220,"href":"https:\/\/quantocustaviajar.com\/blog\/wp-json\/wp\/v2\/posts\/44530\/revisions\/46220"}],"wp:featuredmedia":[{"embeddable":true,"href":"https:\/\/quantocustaviajar.com\/blog\/wp-json\/wp\/v2\/media\/44548"}],"wp:attachment":[{"href":"https:\/\/quantocustaviajar.com\/blog\/wp-json\/wp\/v2\/media?parent=44530"}],"wp:term":[{"taxonomy":"category","embeddable":true,"href":"https:\/\/quantocustaviajar.com\/blog\/wp-json\/wp\/v2\/categories?post=44530"},{"taxonomy":"post_tag","embeddable":true,"href":"https:\/\/quantocustaviajar.com\/blog\/wp-json\/wp\/v2\/tags?post=44530"}],"curies":[{"name":"wp","href":"https:\/\/api.w.org\/{rel}","templated":true}]}}