{"id":44176,"date":"2020-06-15T14:03:26","date_gmt":"2020-06-15T14:03:26","guid":{"rendered":"https:\/\/quantocustaviajar.com\/blog\/?p=44176"},"modified":"2020-06-15T14:03:38","modified_gmt":"2020-06-15T14:03:38","slug":"conheca-pedrinhas-paulista","status":"publish","type":"post","link":"https:\/\/quantocustaviajar.com\/blog\/conheca-pedrinhas-paulista\/","title":{"rendered":"Conhe\u00e7a Pedrinhas Paulista, a Roma brasileira"},"content":{"rendered":"\n<p>Uma cidade de quase 3.000 habitantes a 480 km de S\u00e3o Paulo \u00e9 considerada a &#8220;<strong>Roma brasileira<\/strong>&#8220;. Fundada por imigrantes italianos, <strong>Pedrinhas Paulista <\/strong>ainda carrega boa parte de seu legado europeu nas constru\u00e7\u00f5es e nas tradi\u00e7\u00f5es que a tornam curiosa.<\/p>\n\n\n\n<p>Nascida \u00e0s margens do Riacho Paranapanema em 1952, na fronteira com o <a rel=\"noreferrer noopener\" aria-label=\" (abre numa nova aba)\" href=\"https:\/\/quantocustaviajar.com\/blog\/lugares-para-conhecer-no-interior-do-parana\/\" target=\"_blank\">Paran\u00e1<\/a>, a ent\u00e3o Col\u00f4nia de Pedrinhas era composta por 28 fam\u00edlias oriundas da It\u00e1lia, especialmente das regi\u00f5es da <a rel=\"noreferrer noopener\" aria-label=\"Sic\u00edlia (abre numa nova aba)\" href=\"https:\/\/quantocustaviajar.com\/blog\/viagem-de-trem-na-sicilia\/\" target=\"_blank\">Sic\u00edlia<\/a>, Cal\u00e1bria, <a href=\"https:\/\/quantocustaviajar.com\/italia\/veneza\" target=\"_blank\" rel=\"noreferrer noopener\" aria-label=\" (abre numa nova aba)\">Veneza<\/a>, Lazio, Abruzzi, <a rel=\"noreferrer noopener\" aria-label=\"Piemonte (abre numa nova aba)\" href=\"https:\/\/quantocustaviajar.com\/blog\/festival-delle-sagre-astigiane-na-italia\/\" target=\"_blank\">Piemonte<\/a> e <a rel=\"noreferrer noopener\" aria-label=\"Lombardia (abre numa nova aba)\" href=\"https:\/\/quantocustaviajar.com\/blog\/do-duomo-de-milao-a-suica-nasce-a-trilha-de-da-vinci\/\" target=\"_blank\">Lombardia<\/a>.<\/p>\n\n\n\n<p>Os imigrantes chegaram \u00e0s terras f\u00e9rteis do Vale de Paranapanema por meio da Miss\u00e3o T\u00e9cnica Agr\u00edcola, iniciativa criada pelo governo italiano para a explora\u00e7\u00e3o de \u00e1reas de cultivo nas Am\u00e9ricas. Nos lotes foram plantados trigo, algod\u00e3o, amendoim, milho, girassol, arroz, mandioca, caf\u00e9 e uva.&nbsp;<\/p>\n\n\n\n<p>At\u00e9 os dias atuais, o setor agr\u00edcola \u00e9 a principal atividade econ\u00f4mica do munic\u00edpio, emancipado em 1991, que vive principalmente \u00e0 base da cultura de soja, milho e rebanhos leiteiros.<\/p>\n\n\n\n<div class=\"wp-block-image\"><figure class=\"aligncenter\"><img loading=\"lazy\" decoding=\"async\" width=\"1024\" height=\"369\" src=\"https:\/\/quantocustaviajar.com\/blog\/wp-content\/uploads\/2020\/06\/pedrinhas-paulista-sp-1024x369.jpg\" alt=\"\" class=\"wp-image-44178\" srcset=\"https:\/\/quantocustaviajar.com\/blog\/wp-content\/uploads\/2020\/06\/pedrinhas-paulista-sp-1024x369.jpg 1024w, https:\/\/quantocustaviajar.com\/blog\/wp-content\/uploads\/2020\/06\/pedrinhas-paulista-sp-300x108.jpg 300w, https:\/\/quantocustaviajar.com\/blog\/wp-content\/uploads\/2020\/06\/pedrinhas-paulista-sp-768x276.jpg 768w, https:\/\/quantocustaviajar.com\/blog\/wp-content\/uploads\/2020\/06\/pedrinhas-paulista-sp.jpg 1800w\" sizes=\"auto, (max-width: 1024px) 100vw, 1024px\" \/><figcaption>Foto: divulga\u00e7\u00e3o\/Prefeitura Municipal de Pedrinhas Paulista<\/figcaption><\/figure><\/div>\n\n\n\n<h2 class=\"wp-block-heading\">O que fazer em Pedrinhas Paulista<\/h2>\n\n\n\n<p>O principal destaque do munic\u00edpio \u00e9 a<strong> arquitetura das constru\u00e7\u00f5es<\/strong>, que apesar de serem erguidas na era moderna, se baseiam em <strong><a rel=\"noreferrer noopener\" aria-label=\"Roma Antiga (abre numa nova aba)\" href=\"https:\/\/quantocustaviajar.com\/blog\/rione-monti-o-bairro-descolado-de-roma\/\" target=\"_blank\">Roma Antiga<\/a><\/strong>. O p\u00f3rtico j\u00e1 revela o que se encontrar\u00e1 ao redor de toda a cidade: colunas, arcos, ab\u00f3badas e detalhes cl\u00e1ssicos comp\u00f5em os edif\u00edcios e monumentos.<\/p>\n\n\n\n<p>A c\u00e2mara municipal, a prefeitura, o teatro, o centro cultural e a pra\u00e7a principal s\u00e3o alguns dos exemplos arquitet\u00f4nicos inspirados pelo estilo romano. Tem at\u00e9 um mirante para quem quiser olhar o conjunto de pr\u00e9dios.&nbsp;<\/p>\n\n\n\n<blockquote class=\"wp-block-quote is-layout-flow wp-block-quote-is-layout-flow\"><p><em>Moradores de Pedrinhas Paulista chegam a falar italiano eventualmente nas conversas. O ensino da l\u00edngua faz parte da grade curricular no Ensino Fundamental.<\/em><\/p><\/blockquote>\n\n\n\n<div class=\"wp-block-image\"><figure class=\"aligncenter\"><img loading=\"lazy\" decoding=\"async\" width=\"651\" height=\"434\" src=\"https:\/\/quantocustaviajar.com\/blog\/wp-content\/uploads\/2020\/06\/pedrinhas-paulista12.jpeg\" alt=\"\" class=\"wp-image-44190\" srcset=\"https:\/\/quantocustaviajar.com\/blog\/wp-content\/uploads\/2020\/06\/pedrinhas-paulista12.jpeg 651w, https:\/\/quantocustaviajar.com\/blog\/wp-content\/uploads\/2020\/06\/pedrinhas-paulista12-300x200.jpeg 300w\" sizes=\"auto, (max-width: 651px) 100vw, 651px\" \/><figcaption>Foto: divulga\u00e7\u00e3o\/Prefeitura Municipal de Pedrinhas Paulista<\/figcaption><\/figure><\/div>\n\n\n\n<div class=\"wp-block-image\"><figure class=\"aligncenter\"><img loading=\"lazy\" decoding=\"async\" width=\"651\" height=\"434\" src=\"https:\/\/quantocustaviajar.com\/blog\/wp-content\/uploads\/2020\/06\/pedrinhas-paulista10.jpeg\" alt=\"\" class=\"wp-image-44188\" srcset=\"https:\/\/quantocustaviajar.com\/blog\/wp-content\/uploads\/2020\/06\/pedrinhas-paulista10.jpeg 651w, https:\/\/quantocustaviajar.com\/blog\/wp-content\/uploads\/2020\/06\/pedrinhas-paulista10-300x200.jpeg 300w\" sizes=\"auto, (max-width: 651px) 100vw, 651px\" \/><figcaption>Foto: divulga\u00e7\u00e3o\/Prefeitura Municipal de Pedrinhas Paulista<\/figcaption><\/figure><\/div>\n\n\n\n<p>Outro atrativo inusitado \u00e9 a <strong>r\u00e9plica da famosa escultura Loba Capitolina<\/strong>, que fica originalmente em Roma e foi feita na Idade M\u00e9dia. Nela se v\u00ea os g\u00eameos Remo e R\u00f4mulo, que deram origem \u00e0 lenda de funda\u00e7\u00e3o da capital italiana.<\/p>\n\n\n\n<p>O Centro Cultural de Pedrinhas Paulista, que tem caracter\u00edsticas semelhantes \u00e0s casas de banho romanas em suas formas,  re\u00fane no acervo centenas de fotos hist\u00f3ricas da cidade, doadas pelas pr\u00f3prias fam\u00edlias italianas que a ergueu. Uma cole\u00e7\u00e3o de objetos antigos, que fizeram parte do cotidiano, tamb\u00e9m pode ser vista no local.<\/p>\n\n\n\n<div class=\"wp-block-image\"><figure class=\"aligncenter\"><img loading=\"lazy\" decoding=\"async\" width=\"651\" height=\"431\" src=\"https:\/\/quantocustaviajar.com\/blog\/wp-content\/uploads\/2020\/06\/pedrinhas-paulista7.jpeg\" alt=\"\" class=\"wp-image-44185\" srcset=\"https:\/\/quantocustaviajar.com\/blog\/wp-content\/uploads\/2020\/06\/pedrinhas-paulista7.jpeg 651w, https:\/\/quantocustaviajar.com\/blog\/wp-content\/uploads\/2020\/06\/pedrinhas-paulista7-300x199.jpeg 300w\" sizes=\"auto, (max-width: 651px) 100vw, 651px\" \/><figcaption>Foto: divulga\u00e7\u00e3o\/Prefeitura Municipal de Pedrinhas Paulista<\/figcaption><\/figure><\/div>\n\n\n\n<p>A igreja de S\u00e3o Donato marcou a funda\u00e7\u00e3o da col\u00f4nia na d\u00e9cada de 50. \u00c9 neste local que o p\u00fablico pratica a f\u00e9 e se esbalda na tradicional <strong>Macarronada de S\u00e3o Donato<\/strong>, festa que acontece anualmente no m\u00eas de agosto, atraindo muitos visitantes. Na data, que celebra o padroeiro da cidade ao longo de uma semana de atividades, generosas por\u00e7\u00f5es de macarronada, batata, frango assado e polenta s\u00e3o servidas gratuitamente.<\/p>\n\n\n\n<p>As festividades regionais incluem apresenta\u00e7\u00f5es de dan\u00e7as t\u00edpicas, como a tarantela. As homenagens n\u00e3o se limitam \u00e0s origens italianas, mas tamb\u00e9m caipiras, como se v\u00ea no Encontro de Comitivas. A <strong>cultura sertaneja<\/strong> \u00e9 celebrada por meio de missa, shows de m\u00fasica raiz e almo\u00e7o tropeiro a pre\u00e7o popular.<\/p>\n\n\n\n<div class=\"wp-block-image\"><figure class=\"aligncenter\"><img loading=\"lazy\" decoding=\"async\" width=\"651\" height=\"434\" src=\"https:\/\/quantocustaviajar.com\/blog\/wp-content\/uploads\/2020\/06\/igreja-pedrinhas-paulista.jpeg\" alt=\"\" class=\"wp-image-44194\" srcset=\"https:\/\/quantocustaviajar.com\/blog\/wp-content\/uploads\/2020\/06\/igreja-pedrinhas-paulista.jpeg 651w, https:\/\/quantocustaviajar.com\/blog\/wp-content\/uploads\/2020\/06\/igreja-pedrinhas-paulista-300x200.jpeg 300w\" sizes=\"auto, (max-width: 651px) 100vw, 651px\" \/><figcaption>Foto: divulga\u00e7\u00e3o\/Prefeitura Municipal de Pedrinhas Paulista<\/figcaption><\/figure><\/div>\n\n\n\n<p>Recentemente, o poder p\u00fablico de Pedrinhas Paulista lan\u00e7ou o Programa de <a href=\"https:\/\/quantocustaviajar.com\/blog\/turismo-rural-no-brasil\/\" target=\"_blank\" rel=\"noreferrer noopener\" aria-label=\"Turismo Rural (abre numa nova aba)\">Turismo Rural<\/a>, para capacitar e incentivar as propriedades a se incorporarem no setor tur\u00edstico. Assim, pequenos produtores e suas fam\u00edlias ter\u00e3o mais uma fonte de renda, aproximando os visitantes do campo, que desde os prim\u00f3rdios \u00e9 a principal fonte econ\u00f4mica local. <\/p>\n\n\n\n<p>A cidade mais italiana do Estado conta com alguns hot\u00e9is, restaurantes e um pequeno centro comercial para atender ao turista. Em 2019, conquistou o t\u00edtulo de Munic\u00edpio de Interesse Tur\u00edstico (MIT), concedido pelo governo paulista, o que poder\u00e1 expandir mais os horizontes e potenciais pedrinhenses. <\/p>\n\n\n\n<div class=\"wp-block-image\"><figure class=\"aligncenter\"><img loading=\"lazy\" decoding=\"async\" width=\"651\" height=\"434\" src=\"https:\/\/quantocustaviajar.com\/blog\/wp-content\/uploads\/2020\/06\/pedrinhas-paulista11.jpeg\" alt=\"\" class=\"wp-image-44189\" srcset=\"https:\/\/quantocustaviajar.com\/blog\/wp-content\/uploads\/2020\/06\/pedrinhas-paulista11.jpeg 651w, https:\/\/quantocustaviajar.com\/blog\/wp-content\/uploads\/2020\/06\/pedrinhas-paulista11-300x200.jpeg 300w\" sizes=\"auto, (max-width: 651px) 100vw, 651px\" \/><figcaption>Foto: divulga\u00e7\u00e3o\/Prefeitura Municipal de Pedrinhas Paulista<\/figcaption><\/figure><\/div>\n\n\n\n<div class=\"wp-block-image\"><figure class=\"aligncenter\"><img loading=\"lazy\" decoding=\"async\" width=\"651\" height=\"434\" src=\"https:\/\/quantocustaviajar.com\/blog\/wp-content\/uploads\/2020\/06\/pedrinhas-paulista13.jpeg\" alt=\"\" class=\"wp-image-44191\" srcset=\"https:\/\/quantocustaviajar.com\/blog\/wp-content\/uploads\/2020\/06\/pedrinhas-paulista13.jpeg 651w, https:\/\/quantocustaviajar.com\/blog\/wp-content\/uploads\/2020\/06\/pedrinhas-paulista13-300x200.jpeg 300w\" sizes=\"auto, (max-width: 651px) 100vw, 651px\" \/><figcaption>Foto: divulga\u00e7\u00e3o\/Prefeitura Municipal de Pedrinhas Paulista<\/figcaption><\/figure><\/div>\n\n\n\n<h3 class=\"wp-block-heading\">Como chegar<\/h3>\n\n\n\n<p>O acesso rodovi\u00e1rio \u00e9 pelas rodovias Miguel Jubran, Raposo Tavares e Helder de S\u00e1 a partir de S\u00e3o Paulo. Quem optar por aeroporto, o mais pr\u00f3ximo \u00e9 o de Mar\u00edlia, a 120 km de dist\u00e2ncia.&nbsp;<\/p>\n\n\n\n<div class=\"wp-block-image\"><figure class=\"aligncenter\"><img loading=\"lazy\" decoding=\"async\" width=\"651\" height=\"447\" src=\"https:\/\/quantocustaviajar.com\/blog\/wp-content\/uploads\/2020\/06\/pedrinhas-paulista15.jpeg\" alt=\"\" class=\"wp-image-44193\" srcset=\"https:\/\/quantocustaviajar.com\/blog\/wp-content\/uploads\/2020\/06\/pedrinhas-paulista15.jpeg 651w, https:\/\/quantocustaviajar.com\/blog\/wp-content\/uploads\/2020\/06\/pedrinhas-paulista15-300x206.jpeg 300w\" sizes=\"auto, (max-width: 651px) 100vw, 651px\" \/><figcaption>Foto: divulga\u00e7\u00e3o\/Prefeitura Municipal de Pedrinhas Paulista<\/figcaption><\/figure><\/div>\n\n\n\n<div class=\"wp-block-image\"><figure class=\"aligncenter\"><img loading=\"lazy\" decoding=\"async\" width=\"651\" height=\"250\" src=\"https:\/\/quantocustaviajar.com\/blog\/wp-content\/uploads\/2020\/06\/pedrinhas-paulista6.jpeg\" alt=\"\" class=\"wp-image-44184\" srcset=\"https:\/\/quantocustaviajar.com\/blog\/wp-content\/uploads\/2020\/06\/pedrinhas-paulista6.jpeg 651w, https:\/\/quantocustaviajar.com\/blog\/wp-content\/uploads\/2020\/06\/pedrinhas-paulista6-300x115.jpeg 300w\" sizes=\"auto, (max-width: 651px) 100vw, 651px\" \/><figcaption>Foto: divulga\u00e7\u00e3o<\/figcaption><\/figure><\/div>\n\n\n\n<div class=\"wp-block-image\"><figure class=\"aligncenter\"><img loading=\"lazy\" decoding=\"async\" width=\"960\" height=\"960\" src=\"https:\/\/quantocustaviajar.com\/blog\/wp-content\/uploads\/2020\/06\/pedrinhas-paulista.jpg\" alt=\"\" class=\"wp-image-44179\" srcset=\"https:\/\/quantocustaviajar.com\/blog\/wp-content\/uploads\/2020\/06\/pedrinhas-paulista.jpg 960w, https:\/\/quantocustaviajar.com\/blog\/wp-content\/uploads\/2020\/06\/pedrinhas-paulista-150x150.jpg 150w, https:\/\/quantocustaviajar.com\/blog\/wp-content\/uploads\/2020\/06\/pedrinhas-paulista-300x300.jpg 300w, https:\/\/quantocustaviajar.com\/blog\/wp-content\/uploads\/2020\/06\/pedrinhas-paulista-768x768.jpg 768w\" sizes=\"auto, (max-width: 960px) 100vw, 960px\" \/><figcaption>Foto: divulga\u00e7\u00e3o\/Prefeitura Municipal de Pedrinhas Paulista<\/figcaption><\/figure><\/div>\n\n\n\n<div class=\"wp-block-image\"><figure class=\"aligncenter\"><img loading=\"lazy\" decoding=\"async\" width=\"651\" height=\"434\" src=\"https:\/\/quantocustaviajar.com\/blog\/wp-content\/uploads\/2020\/06\/pedrinhas-paulista14.jpeg\" alt=\"\" class=\"wp-image-44192\" srcset=\"https:\/\/quantocustaviajar.com\/blog\/wp-content\/uploads\/2020\/06\/pedrinhas-paulista14.jpeg 651w, https:\/\/quantocustaviajar.com\/blog\/wp-content\/uploads\/2020\/06\/pedrinhas-paulista14-300x200.jpeg 300w\" sizes=\"auto, (max-width: 651px) 100vw, 651px\" \/><figcaption>Foto: divulga\u00e7\u00e3o<\/figcaption><\/figure><\/div>\n\n\n\n<figure class=\"wp-block-embed-wordpress wp-block-embed is-type-wp-embed is-provider-blog-quanto-custa-viajar\"><div class=\"wp-block-embed__wrapper\">\n<blockquote class=\"wp-embedded-content\" data-secret=\"BDyFarruHG\"><a href=\"https:\/\/quantocustaviajar.com\/blog\/nova-veneza-cidade-italiana-em-santa-catarina\/\">Descubra Nova Veneza, cidade italiana em Santa Catarina<\/a><\/blockquote><iframe loading=\"lazy\" class=\"wp-embedded-content\" sandbox=\"allow-scripts\" security=\"restricted\" style=\"position: absolute; visibility: hidden;\" title=\"&#8220;Descubra Nova Veneza, cidade italiana em Santa Catarina&#8221; &#8212; Blog Quanto Custa Viajar\" src=\"https:\/\/quantocustaviajar.com\/blog\/nova-veneza-cidade-italiana-em-santa-catarina\/embed\/#?secret=J1kLiGx9aW#?secret=BDyFarruHG\" data-secret=\"BDyFarruHG\" width=\"600\" height=\"338\" frameborder=\"0\" marginwidth=\"0\" marginheight=\"0\" scrolling=\"no\"><\/iframe>\n<\/div><\/figure>\n","protected":false},"excerpt":{"rendered":"<p>Uma cidade de quase 3.000 habitantes a 480 km de S\u00e3o Paulo \u00e9 considerada a &#8220;Roma brasileira&#8220;. Fundada por imigrantes italianos, Pedrinhas Paulista ainda carrega boa parte de seu legado europeu nas constru\u00e7\u00f5es e nas tradi\u00e7\u00f5es que a tornam curiosa. Nascida \u00e0s margens do Riacho Paranapanema em 1952, na fronteira com o Paran\u00e1, a ent\u00e3o [&hellip;]<\/p>\n","protected":false},"author":4,"featured_media":44186,"comment_status":"open","ping_status":"open","sticky":false,"template":"","format":"standard","meta":{"cybocfi_hide_featured_image":"","footnotes":""},"categories":[1434],"tags":[79,573,365,2526,2329,2624,303,764],"class_list":["post-44176","post","type-post","status-publish","format-standard","has-post-thumbnail","hentry","category-descubra-brasil","tag-arquitetura","tag-comida-tipica","tag-festas","tag-interior-de-sao-paulo","tag-interior-paulista","tag-italiana","tag-sao-paulo","tag-viagem-de-carro"],"blocksy_meta":[],"yoast_head":"<!-- This site is optimized with the Yoast SEO plugin v26.3 - https:\/\/yoast.com\/wordpress\/plugins\/seo\/ -->\n<title>Conhe\u00e7a Pedrinhas Paulista, a Roma brasileira - Blog Quanto Custa Viajar<\/title>\n<meta name=\"description\" content=\"Sabia que existe uma &quot;Roma brasileira&quot; a 480 km de S\u00e3o Paulo? Fundada por italianos, Pedrinhas Paulista carrega o legado europeu na arquitetura e tradi\u00e7\u00f5es.\" \/>\n<meta name=\"robots\" content=\"index, follow, max-snippet:-1, max-image-preview:large, max-video-preview:-1\" \/>\n<link rel=\"canonical\" href=\"https:\/\/quantocustaviajar.com\/blog\/conheca-pedrinhas-paulista\/\" \/>\n<meta property=\"og:locale\" content=\"pt_BR\" \/>\n<meta property=\"og:type\" content=\"article\" \/>\n<meta property=\"og:title\" content=\"Conhe\u00e7a Pedrinhas Paulista, a Roma brasileira - Blog Quanto Custa Viajar\" \/>\n<meta property=\"og:description\" content=\"Sabia que existe uma &quot;Roma brasileira&quot; a 480 km de S\u00e3o Paulo? Fundada por italianos, Pedrinhas Paulista carrega o legado europeu na arquitetura e tradi\u00e7\u00f5es.\" \/>\n<meta property=\"og:url\" content=\"https:\/\/quantocustaviajar.com\/blog\/conheca-pedrinhas-paulista\/\" \/>\n<meta property=\"og:site_name\" content=\"Blog Quanto Custa Viajar\" \/>\n<meta property=\"article:publisher\" content=\"https:\/\/www.facebook.com\/quantocustaviajar\" \/>\n<meta property=\"article:author\" content=\"https:\/\/www.facebook.com\/brunellapfvr\/posts\" \/>\n<meta property=\"article:published_time\" content=\"2020-06-15T14:03:26+00:00\" \/>\n<meta property=\"article:modified_time\" content=\"2020-06-15T14:03:38+00:00\" \/>\n<meta property=\"og:image\" content=\"https:\/\/quantocustaviajar.com\/blog\/wp-content\/uploads\/2020\/06\/pedrinhas-paulista8.jpeg\" \/>\n\t<meta property=\"og:image:width\" content=\"651\" \/>\n\t<meta property=\"og:image:height\" content=\"434\" \/>\n\t<meta property=\"og:image:type\" content=\"image\/jpeg\" \/>\n<meta name=\"author\" content=\"Brunella Nunes\" \/>\n<meta name=\"twitter:card\" content=\"summary_large_image\" \/>\n<meta name=\"twitter:label1\" content=\"Escrito por\" \/>\n\t<meta name=\"twitter:data1\" content=\"Brunella Nunes\" \/>\n\t<meta name=\"twitter:label2\" content=\"Est. tempo de leitura\" \/>\n\t<meta name=\"twitter:data2\" content=\"4 minutos\" \/>\n<!-- \/ Yoast SEO plugin. -->","yoast_head_json":{"title":"Conhe\u00e7a Pedrinhas Paulista, a Roma brasileira - Blog Quanto Custa Viajar","description":"Sabia que existe uma \"Roma brasileira\" a 480 km de S\u00e3o Paulo? Fundada por italianos, Pedrinhas Paulista carrega o legado europeu na arquitetura e tradi\u00e7\u00f5es.","robots":{"index":"index","follow":"follow","max-snippet":"max-snippet:-1","max-image-preview":"max-image-preview:large","max-video-preview":"max-video-preview:-1"},"canonical":"https:\/\/quantocustaviajar.com\/blog\/conheca-pedrinhas-paulista\/","og_locale":"pt_BR","og_type":"article","og_title":"Conhe\u00e7a Pedrinhas Paulista, a Roma brasileira - Blog Quanto Custa Viajar","og_description":"Sabia que existe uma \"Roma brasileira\" a 480 km de S\u00e3o Paulo? Fundada por italianos, Pedrinhas Paulista carrega o legado europeu na arquitetura e tradi\u00e7\u00f5es.","og_url":"https:\/\/quantocustaviajar.com\/blog\/conheca-pedrinhas-paulista\/","og_site_name":"Blog Quanto Custa Viajar","article_publisher":"https:\/\/www.facebook.com\/quantocustaviajar","article_author":"https:\/\/www.facebook.com\/brunellapfvr\/posts","article_published_time":"2020-06-15T14:03:26+00:00","article_modified_time":"2020-06-15T14:03:38+00:00","og_image":[{"width":651,"height":434,"url":"https:\/\/quantocustaviajar.com\/blog\/wp-content\/uploads\/2020\/06\/pedrinhas-paulista8.jpeg","type":"image\/jpeg"}],"author":"Brunella Nunes","twitter_card":"summary_large_image","twitter_misc":{"Escrito por":"Brunella Nunes","Est. tempo de leitura":"4 minutos"},"schema":{"@context":"https:\/\/schema.org","@graph":[{"@type":["Article","BlogPosting"],"@id":"https:\/\/quantocustaviajar.com\/blog\/conheca-pedrinhas-paulista\/#article","isPartOf":{"@id":"https:\/\/quantocustaviajar.com\/blog\/conheca-pedrinhas-paulista\/"},"author":{"name":"Brunella Nunes","@id":"https:\/\/quantocustaviajar.com\/blog\/#\/schema\/person\/1a6dd3da9d0c0a4be42652b67bea19bb"},"headline":"Conhe\u00e7a Pedrinhas Paulista, a Roma brasileira","datePublished":"2020-06-15T14:03:26+00:00","dateModified":"2020-06-15T14:03:38+00:00","mainEntityOfPage":{"@id":"https:\/\/quantocustaviajar.com\/blog\/conheca-pedrinhas-paulista\/"},"wordCount":759,"commentCount":2,"publisher":{"@id":"https:\/\/quantocustaviajar.com\/blog\/#organization"},"image":{"@id":"https:\/\/quantocustaviajar.com\/blog\/conheca-pedrinhas-paulista\/#primaryimage"},"thumbnailUrl":"https:\/\/quantocustaviajar.com\/blog\/wp-content\/uploads\/2020\/06\/pedrinhas-paulista8.jpeg","keywords":["arquitetura","comida t\u00edpica","festas","interior de sao paulo","interior paulista","italiana","S\u00e3o Paulo","viagem de carro"],"articleSection":["Descubra o Brasil"],"inLanguage":"pt-BR","potentialAction":[{"@type":"CommentAction","name":"Comment","target":["https:\/\/quantocustaviajar.com\/blog\/conheca-pedrinhas-paulista\/#respond"]}]},{"@type":"WebPage","@id":"https:\/\/quantocustaviajar.com\/blog\/conheca-pedrinhas-paulista\/","url":"https:\/\/quantocustaviajar.com\/blog\/conheca-pedrinhas-paulista\/","name":"Conhe\u00e7a Pedrinhas Paulista, a Roma brasileira - Blog Quanto Custa Viajar","isPartOf":{"@id":"https:\/\/quantocustaviajar.com\/blog\/#website"},"primaryImageOfPage":{"@id":"https:\/\/quantocustaviajar.com\/blog\/conheca-pedrinhas-paulista\/#primaryimage"},"image":{"@id":"https:\/\/quantocustaviajar.com\/blog\/conheca-pedrinhas-paulista\/#primaryimage"},"thumbnailUrl":"https:\/\/quantocustaviajar.com\/blog\/wp-content\/uploads\/2020\/06\/pedrinhas-paulista8.jpeg","datePublished":"2020-06-15T14:03:26+00:00","dateModified":"2020-06-15T14:03:38+00:00","description":"Sabia que existe uma \"Roma brasileira\" a 480 km de S\u00e3o Paulo? Fundada por italianos, Pedrinhas Paulista carrega o legado europeu na arquitetura e tradi\u00e7\u00f5es.","breadcrumb":{"@id":"https:\/\/quantocustaviajar.com\/blog\/conheca-pedrinhas-paulista\/#breadcrumb"},"inLanguage":"pt-BR","potentialAction":[{"@type":"ReadAction","target":["https:\/\/quantocustaviajar.com\/blog\/conheca-pedrinhas-paulista\/"]}]},{"@type":"ImageObject","inLanguage":"pt-BR","@id":"https:\/\/quantocustaviajar.com\/blog\/conheca-pedrinhas-paulista\/#primaryimage","url":"https:\/\/quantocustaviajar.com\/blog\/wp-content\/uploads\/2020\/06\/pedrinhas-paulista8.jpeg","contentUrl":"https:\/\/quantocustaviajar.com\/blog\/wp-content\/uploads\/2020\/06\/pedrinhas-paulista8.jpeg","width":651,"height":434,"caption":"Foto: divulga\u00e7\u00e3o\/Prefeitura Municipal de Pedrinhas Paulista"},{"@type":"BreadcrumbList","@id":"https:\/\/quantocustaviajar.com\/blog\/conheca-pedrinhas-paulista\/#breadcrumb","itemListElement":[{"@type":"ListItem","position":1,"name":"In\u00edcio","item":"https:\/\/quantocustaviajar.com\/blog\/"},{"@type":"ListItem","position":2,"name":"Conhe\u00e7a Pedrinhas Paulista, a Roma brasileira"}]},{"@type":"WebSite","@id":"https:\/\/quantocustaviajar.com\/blog\/#website","url":"https:\/\/quantocustaviajar.com\/blog\/","name":"Blog Quanto Custa Viajar","description":"","publisher":{"@id":"https:\/\/quantocustaviajar.com\/blog\/#organization"},"potentialAction":[{"@type":"SearchAction","target":{"@type":"EntryPoint","urlTemplate":"https:\/\/quantocustaviajar.com\/blog\/?s={search_term_string}"},"query-input":{"@type":"PropertyValueSpecification","valueRequired":true,"valueName":"search_term_string"}}],"inLanguage":"pt-BR"},{"@type":"Organization","@id":"https:\/\/quantocustaviajar.com\/blog\/#organization","name":"Quanto Custa Viajar","url":"https:\/\/quantocustaviajar.com\/blog\/","logo":{"@type":"ImageObject","inLanguage":"pt-BR","@id":"https:\/\/quantocustaviajar.com\/blog\/#\/schema\/logo\/image\/","url":"","contentUrl":"","caption":"Quanto Custa Viajar"},"image":{"@id":"https:\/\/quantocustaviajar.com\/blog\/#\/schema\/logo\/image\/"},"sameAs":["https:\/\/www.facebook.com\/quantocustaviajar"]},{"@type":"Person","@id":"https:\/\/quantocustaviajar.com\/blog\/#\/schema\/person\/1a6dd3da9d0c0a4be42652b67bea19bb","name":"Brunella Nunes","image":{"@type":"ImageObject","inLanguage":"pt-BR","@id":"https:\/\/quantocustaviajar.com\/blog\/#\/schema\/person\/image\/","url":"https:\/\/secure.gravatar.com\/avatar\/05b28dfb8a3cc7ee0dba6feefa5677f05be6d7bf4b017728fd38499092f9c282?s=96&d=mm&r=g","contentUrl":"https:\/\/secure.gravatar.com\/avatar\/05b28dfb8a3cc7ee0dba6feefa5677f05be6d7bf4b017728fd38499092f9c282?s=96&d=mm&r=g","caption":"Brunella Nunes"},"description":"Quando n\u00e3o est\u00e1 viajando pelo mundo, est\u00e1 viajando nas ideias.","sameAs":["https:\/\/www.facebook.com\/brunellapfvr\/posts","https:\/\/www.linkedin.com\/in\/brunellanunes\/"],"url":"https:\/\/quantocustaviajar.com\/blog\/author\/equipe\/"}]}},"_links":{"self":[{"href":"https:\/\/quantocustaviajar.com\/blog\/wp-json\/wp\/v2\/posts\/44176","targetHints":{"allow":["GET"]}}],"collection":[{"href":"https:\/\/quantocustaviajar.com\/blog\/wp-json\/wp\/v2\/posts"}],"about":[{"href":"https:\/\/quantocustaviajar.com\/blog\/wp-json\/wp\/v2\/types\/post"}],"author":[{"embeddable":true,"href":"https:\/\/quantocustaviajar.com\/blog\/wp-json\/wp\/v2\/users\/4"}],"replies":[{"embeddable":true,"href":"https:\/\/quantocustaviajar.com\/blog\/wp-json\/wp\/v2\/comments?post=44176"}],"version-history":[{"count":3,"href":"https:\/\/quantocustaviajar.com\/blog\/wp-json\/wp\/v2\/posts\/44176\/revisions"}],"predecessor-version":[{"id":44323,"href":"https:\/\/quantocustaviajar.com\/blog\/wp-json\/wp\/v2\/posts\/44176\/revisions\/44323"}],"wp:featuredmedia":[{"embeddable":true,"href":"https:\/\/quantocustaviajar.com\/blog\/wp-json\/wp\/v2\/media\/44186"}],"wp:attachment":[{"href":"https:\/\/quantocustaviajar.com\/blog\/wp-json\/wp\/v2\/media?parent=44176"}],"wp:term":[{"taxonomy":"category","embeddable":true,"href":"https:\/\/quantocustaviajar.com\/blog\/wp-json\/wp\/v2\/categories?post=44176"},{"taxonomy":"post_tag","embeddable":true,"href":"https:\/\/quantocustaviajar.com\/blog\/wp-json\/wp\/v2\/tags?post=44176"}],"curies":[{"name":"wp","href":"https:\/\/api.w.org\/{rel}","templated":true}]}}