{"id":42818,"date":"2020-03-16T13:48:02","date_gmt":"2020-03-16T13:48:02","guid":{"rendered":"https:\/\/quantocustaviajar.com\/blog\/?p=42818"},"modified":"2020-03-16T13:48:04","modified_gmt":"2020-03-16T13:48:04","slug":"casa-en-el-aire-hospedagem-colombia-tirolesa","status":"publish","type":"post","link":"https:\/\/quantocustaviajar.com\/blog\/casa-en-el-aire-hospedagem-colombia-tirolesa\/","title":{"rendered":"Voc\u00ea s\u00f3 chega de tirolesa nesta hospedagem na Col\u00f4mbia :O"},"content":{"rendered":"\n<p>A gente aqui do Quanto Custa\nViajar simplesmente adora descobrir hospedagens diferentonas e que, por si s\u00f3,\nj\u00e1 fazem valer a pena qualquer viagem. Hoje, vamos conhecer um desses lugares\n\u00fanicos, a <strong>Casa en el Aire<\/strong> que, como seu portunhol j\u00e1 deve ter detectado,\nsignifica Casa no Ar e fica basicamente na beira de um precip\u00edcio na Col\u00f4mbia \u2013\npois \u00e9, n\u00e3o estamos para brincadeiras mesmo.<\/p>\n\n\n\n<p>A tr\u00eas horas de \u00f4nibus de <strong><a href=\"https:\/\/quantocustaviajar.com\/colombia\/medellin\" target=\"_blank\" rel=\"noreferrer noopener\" aria-label=\" (abre numa nova aba)\">Medell\u00edn<\/a><\/strong>, essa propriedade maluca e indicada apenas para quem n\u00e3o tem medo de altura j\u00e1 mostra a que veio logo na chegada: voc\u00ea vai precisar descer 400 metros em uma tirolesa para poder fazer seu check-in. <\/p>\n\n\n\n<div class=\"wp-block-image\"><figure class=\"aligncenter\"><img loading=\"lazy\" decoding=\"async\" width=\"960\" height=\"540\" src=\"https:\/\/quantocustaviajar.com\/blog\/wp-content\/uploads\/2020\/03\/casa-en-el-aire-7.jpg\" alt=\"casa en el aire\" class=\"wp-image-42825\" srcset=\"https:\/\/quantocustaviajar.com\/blog\/wp-content\/uploads\/2020\/03\/casa-en-el-aire-7.jpg 960w, https:\/\/quantocustaviajar.com\/blog\/wp-content\/uploads\/2020\/03\/casa-en-el-aire-7-300x169.jpg 300w, https:\/\/quantocustaviajar.com\/blog\/wp-content\/uploads\/2020\/03\/casa-en-el-aire-7-768x432.jpg 768w\" sizes=\"auto, (max-width: 960px) 100vw, 960px\" \/><figcaption>Foto: reprodu\u00e7\u00e3o \/ <a href=\"https:\/\/www.facebook.com\/pg\/AeroHostal\/photos\/?ref=page_internal\" rel=\"noopener\">Casa en el Aire<\/a><\/figcaption><\/figure><\/div>\n\n\n\n<blockquote class=\"wp-block-quote is-layout-flow wp-block-quote-is-layout-flow\"><p><strong><a href=\"https:\/\/www.viajanet.com.br\/passagens-aereas\/quandoviajar\/sao-paulo-sao\/medellin-mde?utm_source=quantocustaviajar&amp;utm_medium=postpatrocinado&amp;utm_campaign=passagensaereas&amp;utm_content=geradordelinks\" target=\"_blank\" rel=\"noreferrer noopener\" aria-label=\" (abre numa nova aba)\">Bora viajar? Encontre passagens a\u00e9reas para Medell\u00edn aqui<\/a><\/strong><\/p><\/blockquote>\n\n\n\n<h2 class=\"wp-block-heading\">Para quem\ngosta de frio na barriga<\/h2>\n\n\n\n<div class=\"wp-block-image\"><figure class=\"aligncenter\"><img loading=\"lazy\" decoding=\"async\" width=\"960\" height=\"960\" src=\"https:\/\/quantocustaviajar.com\/blog\/wp-content\/uploads\/2020\/03\/casa-en-el-aire-3.jpg\" alt=\"casa en el aire\" class=\"wp-image-42819\" srcset=\"https:\/\/quantocustaviajar.com\/blog\/wp-content\/uploads\/2020\/03\/casa-en-el-aire-3.jpg 960w, https:\/\/quantocustaviajar.com\/blog\/wp-content\/uploads\/2020\/03\/casa-en-el-aire-3-150x150.jpg 150w, https:\/\/quantocustaviajar.com\/blog\/wp-content\/uploads\/2020\/03\/casa-en-el-aire-3-300x300.jpg 300w, https:\/\/quantocustaviajar.com\/blog\/wp-content\/uploads\/2020\/03\/casa-en-el-aire-3-768x768.jpg 768w\" sizes=\"auto, (max-width: 960px) 100vw, 960px\" \/><figcaption>Foto: reprodu\u00e7\u00e3o \/ <a href=\"https:\/\/www.facebook.com\/pg\/AeroHostal\/photos\/?ref=page_internal\" rel=\"noopener\">Casa en el Aire<\/a><\/figcaption><\/figure><\/div>\n\n\n\n<p>Hospedar-se nesse lugar j\u00e1 \u00e9 uma atividade para quem gosta de aventura e contato com a natureza, e essas caracter\u00edsticas foram as principais na hora de montar a Casa en el Aire. <\/p>\n\n\n\n<p>Voc\u00ea n\u00e3o vai ter um quarto fabuloso com m\u00f3veis incr\u00edveis, TV a cabo e luxos variados, mas vai ter uma experi\u00eancia fant\u00e1stica em termos de paisagem, atividades cheias de aventura e, claro, um friozinho na barriga de tempos em tempos.<\/p>\n\n\n\n<div class=\"wp-block-image\"><figure class=\"aligncenter\"><img loading=\"lazy\" decoding=\"async\" width=\"960\" height=\"720\" src=\"https:\/\/quantocustaviajar.com\/blog\/wp-content\/uploads\/2020\/03\/casa-en-el-aire-4.jpg\" alt=\"casa en el aire\" class=\"wp-image-42820\" srcset=\"https:\/\/quantocustaviajar.com\/blog\/wp-content\/uploads\/2020\/03\/casa-en-el-aire-4.jpg 960w, https:\/\/quantocustaviajar.com\/blog\/wp-content\/uploads\/2020\/03\/casa-en-el-aire-4-300x225.jpg 300w, https:\/\/quantocustaviajar.com\/blog\/wp-content\/uploads\/2020\/03\/casa-en-el-aire-4-768x576.jpg 768w\" sizes=\"auto, (max-width: 960px) 100vw, 960px\" \/><figcaption>Foto: reprodu\u00e7\u00e3o \/ <a href=\"https:\/\/www.facebook.com\/pg\/AeroHostal\/photos\/?ref=page_internal\" rel=\"noopener\">Casa en el Aire<\/a><\/figcaption><\/figure><\/div>\n\n\n\n<p>Uma das atividades dispon\u00edveis\npara os h\u00f3spedes \u00e9 o p\u00eandulo, que nada mais \u00e9 do que um salto da varanda da\ncasa em dire\u00e7\u00e3o \u00e0 liberdade \u2013 o aventureiro fica preso em uma corda e, depois\nde saltar, balan\u00e7a de um lado para o outro, como um p\u00eandulo ;) O custo da\nexperi\u00eancia \u00e9 de 30 mil pesos colombianos, o equivalente a R$ 37.<\/p>\n\n\n\n<p>Para quem desejar fazer rappel e encarar uma descida vertical de 550 metros, o custo adicional \u00e9 de 150 mil pesos colombianos, ou R$ 185, com dura\u00e7\u00e3o total de oito horas e um piquenique oferecido ao fim da aventura.<\/p>\n\n\n\n<div class=\"wp-block-image\"><figure class=\"aligncenter\"><img loading=\"lazy\" decoding=\"async\" width=\"960\" height=\"720\" src=\"https:\/\/quantocustaviajar.com\/blog\/wp-content\/uploads\/2020\/03\/casa-en-el-aire-5.jpg\" alt=\"\" class=\"wp-image-42824\" srcset=\"https:\/\/quantocustaviajar.com\/blog\/wp-content\/uploads\/2020\/03\/casa-en-el-aire-5.jpg 960w, https:\/\/quantocustaviajar.com\/blog\/wp-content\/uploads\/2020\/03\/casa-en-el-aire-5-300x225.jpg 300w, https:\/\/quantocustaviajar.com\/blog\/wp-content\/uploads\/2020\/03\/casa-en-el-aire-5-768x576.jpg 768w\" sizes=\"auto, (max-width: 960px) 100vw, 960px\" \/><figcaption>Foto: reprodu\u00e7\u00e3o \/ <a href=\"https:\/\/www.facebook.com\/pg\/AeroHostal\/photos\/?ref=page_internal\" rel=\"noopener\">Casa en el Aire<\/a><\/figcaption><\/figure><\/div>\n\n\n\n<div class=\"wp-block-image\"><figure class=\"aligncenter\"><img loading=\"lazy\" decoding=\"async\" width=\"768\" height=\"768\" src=\"https:\/\/quantocustaviajar.com\/blog\/wp-content\/uploads\/2020\/03\/casa-en-el-aire-2.jpg\" alt=\"casa en el aire\" class=\"wp-image-42821\" srcset=\"https:\/\/quantocustaviajar.com\/blog\/wp-content\/uploads\/2020\/03\/casa-en-el-aire-2.jpg 768w, https:\/\/quantocustaviajar.com\/blog\/wp-content\/uploads\/2020\/03\/casa-en-el-aire-2-150x150.jpg 150w, https:\/\/quantocustaviajar.com\/blog\/wp-content\/uploads\/2020\/03\/casa-en-el-aire-2-300x300.jpg 300w\" sizes=\"auto, (max-width: 768px) 100vw, 768px\" \/><figcaption>Foto: reprodu\u00e7\u00e3o \/ <a href=\"https:\/\/www.facebook.com\/pg\/AeroHostal\/photos\/?ref=page_internal\" rel=\"noopener\">Casa en el Aire<\/a><\/figcaption><\/figure><\/div>\n\n\n\n<p>Voc\u00ea tamb\u00e9m pode optar por algo\nmais tranquilo, especialmente se quiser terminar de ler aquele seu livro do\nmomento em um lugar inusitado: nas redes oferecidas aos h\u00f3spedes que desejam\nficar balan\u00e7ando nas alturas, a 40 metros do ch\u00e3o. O custo da rede \u00e9 30 mil\npesos colombianos, ou R$ 37.<\/p>\n\n\n\n<p>Se depois de tudo isso voc\u00ea conseguir colocar alguma coisa no est\u00f4mago, fique tranquila, pois a casa conta com uma cozinha totalmente equipada para que os h\u00f3spedes preparem seus quitutes sem problemas.<\/p>\n\n\n\n<p>E caso a aventura ainda n\u00e3o tenha\nsido o suficiente, voc\u00ea pode fazer caminhadas e trilhas na regi\u00e3o \u2013 a 600\nmetros acima da instala\u00e7\u00e3o da casa fica um dos destinos escolhidos pelos\nvisitantes. <\/p>\n\n\n\n<p>Essa caminhada \u00e9 considerada\nsuperdif\u00edcil, mas a vista, dizem, faz o esfor\u00e7o valer a pena. Se decidir fazer\nessa trilha, leve itens b\u00e1sicos de seguran\u00e7a e primeiros-socorros e, claro,\n\u00e1gua e algum lanchinho. A trilha \u00e9 acompanhada por um guia local, que explica\ndetalhes sobre a flora e fauna da regi\u00e3o. Ou seja: al\u00e9m de turismo, voc\u00ea vai\nter uma aula pr\u00e1tica de geografia!<\/p>\n\n\n\n<div class=\"wp-block-image\"><figure class=\"aligncenter\"><img loading=\"lazy\" decoding=\"async\" width=\"960\" height=\"720\" src=\"https:\/\/quantocustaviajar.com\/blog\/wp-content\/uploads\/2020\/03\/casa-en-el-aire-6.jpg\" alt=\"\" class=\"wp-image-42822\" srcset=\"https:\/\/quantocustaviajar.com\/blog\/wp-content\/uploads\/2020\/03\/casa-en-el-aire-6.jpg 960w, https:\/\/quantocustaviajar.com\/blog\/wp-content\/uploads\/2020\/03\/casa-en-el-aire-6-300x225.jpg 300w, https:\/\/quantocustaviajar.com\/blog\/wp-content\/uploads\/2020\/03\/casa-en-el-aire-6-768x576.jpg 768w\" sizes=\"auto, (max-width: 960px) 100vw, 960px\" \/><figcaption>Foto: reprodu\u00e7\u00e3o \/ <a href=\"https:\/\/www.facebook.com\/pg\/AeroHostal\/photos\/?ref=page_internal\" rel=\"noopener\">Casa en el Aire<\/a><\/figcaption><\/figure><\/div>\n\n\n\n<p>A Casa en el Aire \u00e9 uma excelente\nop\u00e7\u00e3o para quem vai viajar em grupo. Com capacidade para abrigar at\u00e9 10 pessoas\nem quartos compartilhados, a hospedagem principal tem banheiro, chuveiro,\ncolch\u00f5es e cobertores. Esse plano de acomoda\u00e7\u00e3o m\u00faltipla conta com um guia\nlocal, que acompanha os h\u00f3spedes desde o in\u00edcio da estadia. <\/p>\n\n\n\n<p>Para quem busca um ninho\nrom\u00e2ntico diferenciado, \u00e9 poss\u00edvel contratar o plano rom\u00e2ntico El Refugio, que\nreserva a casa apenas durante a noite para o casal de pombinhos e ainda oferece\numa garrafa de vinho como cortesia.<\/p>\n\n\n\n<p>\u00c9 poss\u00edvel tamb\u00e9m pernoitar na\n\u00e1rea de camping, que abriga at\u00e9 oito pessoas e d\u00e1 acesso \u00e0 casa durante o dia.\nNo acampamento tamb\u00e9m h\u00e1 cozinha equipada, banheiro, chuveiro e lareira.<\/p>\n\n\n\n<p>Vale frisar que a casa n\u00e3o\noferece refei\u00e7\u00f5es, ent\u00e3o os h\u00f3spedes precisam levar o que comer, al\u00e9m das\noutras recomenda\u00e7\u00f5es b\u00e1sicas: bolsa de \u00e1gua quente, repelente, protetor solar,\ncal\u00e7as e camisas de manga comprida, sapatos confort\u00e1veis, toalha e lanterna.<\/p>\n\n\n\n<h2 class=\"wp-block-heading\">Como chegar \u00e0 Casa em el Aire e quanto custa a di\u00e1ria<\/h2>\n\n\n\n<div class=\"wp-block-image\"><figure class=\"aligncenter\"><img loading=\"lazy\" decoding=\"async\" width=\"960\" height=\"960\" src=\"https:\/\/quantocustaviajar.com\/blog\/wp-content\/uploads\/2020\/03\/casa-en-el-aire-1.jpg\" alt=\"\" class=\"wp-image-42823\" srcset=\"https:\/\/quantocustaviajar.com\/blog\/wp-content\/uploads\/2020\/03\/casa-en-el-aire-1.jpg 960w, https:\/\/quantocustaviajar.com\/blog\/wp-content\/uploads\/2020\/03\/casa-en-el-aire-1-150x150.jpg 150w, https:\/\/quantocustaviajar.com\/blog\/wp-content\/uploads\/2020\/03\/casa-en-el-aire-1-300x300.jpg 300w, https:\/\/quantocustaviajar.com\/blog\/wp-content\/uploads\/2020\/03\/casa-en-el-aire-1-768x768.jpg 768w\" sizes=\"auto, (max-width: 960px) 100vw, 960px\" \/><figcaption>Foto: reprodu\u00e7\u00e3o \/ <a href=\"https:\/\/www.facebook.com\/pg\/AeroHostal\/photos\/?ref=page_internal\" rel=\"noopener\">Casa en el Aire<\/a><\/figcaption><\/figure><\/div>\n\n\n\n<p>Partindo de Medell\u00edn, no Terminal\ndel Norte, voc\u00ea deve comprar sua passagem na bilheteria 5 (SONAR). O \u00f4nibus sai\ndiariamente, \u00e0s 8h30, e a viagem dura tr\u00eas horas. O bilhete que voc\u00ea comprar\u00e1\nter\u00e1 como destino a vila de la Pe\u00f1a, e voc\u00ea deve pedir para que o motorista\npare na \u201cloja 80\u201d, onde o guia estar\u00e1 esperando.<\/p>\n\n\n\n<p>Para fazer uma reserva, \u00e9 preciso\nentrar em contato antecipadamente atrav\u00e9s do WhatsApp + 57 3113950269. Em\ngeral, a di\u00e1ria custa 70.000 pesos colombianos, o que equivale a mais ou menos <strong>R$\n86, por pessoa<\/strong>.<\/p>\n\n\n\n<p>E a\u00ed, conta para a gente: voc\u00ea\ncurtiria se hospedar nessa casa? Se j\u00e1 esteve l\u00e1, compartilhe a sua experi\u00eancia\nconosco aqui nos coment\u00e1rios \u2013 mas j\u00e1 temos um palpite de que deve ter sido\nincr\u00edvel.<\/p>\n","protected":false},"excerpt":{"rendered":"<p>A gente aqui do Quanto Custa Viajar simplesmente adora descobrir hospedagens diferentonas e que, por si s\u00f3, j\u00e1 fazem valer a pena qualquer viagem. Hoje, vamos conhecer um desses lugares \u00fanicos, a Casa en el Aire que, como seu portunhol j\u00e1 deve ter detectado, significa Casa no Ar e fica basicamente na beira de um [&hellip;]<\/p>\n","protected":false},"author":11,"featured_media":42825,"comment_status":"open","ping_status":"open","sticky":false,"template":"","format":"standard","meta":{"cybocfi_hide_featured_image":"","footnotes":""},"categories":[1149],"tags":[176,393,356,74,2006,434,964],"class_list":["post-42818","post","type-post","status-publish","format-standard","has-post-thumbnail","hentry","category-hospedagem-dos-sonhos","tag-america-do-sul","tag-aventura","tag-colombia","tag-hospedagem","tag-hospedagem-dos-sonhos","tag-medellin","tag-tirolesa"],"blocksy_meta":[],"yoast_head":"<!-- This site is optimized with the Yoast SEO plugin v26.3 - https:\/\/yoast.com\/wordpress\/plugins\/seo\/ -->\n<title>Casa en el aire: hospedagem na Col\u00f4mbia na qual s\u00f3 se chega de tirolesa<\/title>\n<meta name=\"description\" content=\"Esta hospedagem na Col\u00f4mbia, perto de Medell\u00edn, \u00e9 pura aventura! O h\u00f3spede s\u00f3 chega \u00e0 Casa en el Aire por meio de tirolesa!\" \/>\n<meta name=\"robots\" content=\"index, follow, max-snippet:-1, max-image-preview:large, max-video-preview:-1\" \/>\n<link rel=\"canonical\" href=\"https:\/\/quantocustaviajar.com\/blog\/casa-en-el-aire-hospedagem-colombia-tirolesa\/\" \/>\n<meta property=\"og:locale\" content=\"pt_BR\" \/>\n<meta property=\"og:type\" content=\"article\" \/>\n<meta property=\"og:title\" content=\"Casa en el aire: hospedagem na Col\u00f4mbia na qual s\u00f3 se chega de tirolesa\" \/>\n<meta property=\"og:description\" content=\"Esta hospedagem na Col\u00f4mbia, perto de Medell\u00edn, \u00e9 pura aventura! O h\u00f3spede s\u00f3 chega \u00e0 Casa en el Aire por meio de tirolesa!\" \/>\n<meta property=\"og:url\" content=\"https:\/\/quantocustaviajar.com\/blog\/casa-en-el-aire-hospedagem-colombia-tirolesa\/\" \/>\n<meta property=\"og:site_name\" content=\"Blog Quanto Custa Viajar\" \/>\n<meta property=\"article:publisher\" content=\"https:\/\/www.facebook.com\/quantocustaviajar\" \/>\n<meta property=\"article:published_time\" content=\"2020-03-16T13:48:02+00:00\" \/>\n<meta property=\"article:modified_time\" content=\"2020-03-16T13:48:04+00:00\" \/>\n<meta property=\"og:image\" content=\"https:\/\/quantocustaviajar.com\/blog\/wp-content\/uploads\/2020\/03\/casa-en-el-aire-7.jpg\" \/>\n\t<meta property=\"og:image:width\" content=\"960\" \/>\n\t<meta property=\"og:image:height\" content=\"540\" \/>\n\t<meta property=\"og:image:type\" content=\"image\/jpeg\" \/>\n<meta name=\"author\" content=\"Andressa Xavier Pellanda\" \/>\n<meta name=\"twitter:card\" content=\"summary_large_image\" \/>\n<meta name=\"twitter:label1\" content=\"Escrito por\" \/>\n\t<meta name=\"twitter:data1\" content=\"Andressa Xavier Pellanda\" \/>\n\t<meta name=\"twitter:label2\" content=\"Est. tempo de leitura\" \/>\n\t<meta name=\"twitter:data2\" content=\"4 minutos\" \/>\n<!-- \/ Yoast SEO plugin. -->","yoast_head_json":{"title":"Casa en el aire: hospedagem na Col\u00f4mbia na qual s\u00f3 se chega de tirolesa","description":"Esta hospedagem na Col\u00f4mbia, perto de Medell\u00edn, \u00e9 pura aventura! O h\u00f3spede s\u00f3 chega \u00e0 Casa en el Aire por meio de tirolesa!","robots":{"index":"index","follow":"follow","max-snippet":"max-snippet:-1","max-image-preview":"max-image-preview:large","max-video-preview":"max-video-preview:-1"},"canonical":"https:\/\/quantocustaviajar.com\/blog\/casa-en-el-aire-hospedagem-colombia-tirolesa\/","og_locale":"pt_BR","og_type":"article","og_title":"Casa en el aire: hospedagem na Col\u00f4mbia na qual s\u00f3 se chega de tirolesa","og_description":"Esta hospedagem na Col\u00f4mbia, perto de Medell\u00edn, \u00e9 pura aventura! O h\u00f3spede s\u00f3 chega \u00e0 Casa en el Aire por meio de tirolesa!","og_url":"https:\/\/quantocustaviajar.com\/blog\/casa-en-el-aire-hospedagem-colombia-tirolesa\/","og_site_name":"Blog Quanto Custa Viajar","article_publisher":"https:\/\/www.facebook.com\/quantocustaviajar","article_published_time":"2020-03-16T13:48:02+00:00","article_modified_time":"2020-03-16T13:48:04+00:00","og_image":[{"width":960,"height":540,"url":"https:\/\/quantocustaviajar.com\/blog\/wp-content\/uploads\/2020\/03\/casa-en-el-aire-7.jpg","type":"image\/jpeg"}],"author":"Andressa Xavier Pellanda","twitter_card":"summary_large_image","twitter_misc":{"Escrito por":"Andressa Xavier Pellanda","Est. tempo de leitura":"4 minutos"},"schema":{"@context":"https:\/\/schema.org","@graph":[{"@type":["Article","BlogPosting"],"@id":"https:\/\/quantocustaviajar.com\/blog\/casa-en-el-aire-hospedagem-colombia-tirolesa\/#article","isPartOf":{"@id":"https:\/\/quantocustaviajar.com\/blog\/casa-en-el-aire-hospedagem-colombia-tirolesa\/"},"author":{"name":"Andressa Xavier Pellanda","@id":"https:\/\/quantocustaviajar.com\/blog\/#\/schema\/person\/81b0aaf2069da1a2da54677906b42d3c"},"headline":"Voc\u00ea s\u00f3 chega de tirolesa nesta hospedagem na Col\u00f4mbia :O","datePublished":"2020-03-16T13:48:02+00:00","dateModified":"2020-03-16T13:48:04+00:00","mainEntityOfPage":{"@id":"https:\/\/quantocustaviajar.com\/blog\/casa-en-el-aire-hospedagem-colombia-tirolesa\/"},"wordCount":869,"commentCount":0,"publisher":{"@id":"https:\/\/quantocustaviajar.com\/blog\/#organization"},"image":{"@id":"https:\/\/quantocustaviajar.com\/blog\/casa-en-el-aire-hospedagem-colombia-tirolesa\/#primaryimage"},"thumbnailUrl":"https:\/\/quantocustaviajar.com\/blog\/wp-content\/uploads\/2020\/03\/casa-en-el-aire-7.jpg","keywords":["am\u00e9rica do sul","aventura","Col\u00f4mbia","hospedagem","hospedagem dos sonhos","Medellin","tirolesa"],"articleSection":["Hospedagem dos Sonhos"],"inLanguage":"pt-BR","potentialAction":[{"@type":"CommentAction","name":"Comment","target":["https:\/\/quantocustaviajar.com\/blog\/casa-en-el-aire-hospedagem-colombia-tirolesa\/#respond"]}]},{"@type":"WebPage","@id":"https:\/\/quantocustaviajar.com\/blog\/casa-en-el-aire-hospedagem-colombia-tirolesa\/","url":"https:\/\/quantocustaviajar.com\/blog\/casa-en-el-aire-hospedagem-colombia-tirolesa\/","name":"Casa en el aire: hospedagem na Col\u00f4mbia na qual s\u00f3 se chega de tirolesa","isPartOf":{"@id":"https:\/\/quantocustaviajar.com\/blog\/#website"},"primaryImageOfPage":{"@id":"https:\/\/quantocustaviajar.com\/blog\/casa-en-el-aire-hospedagem-colombia-tirolesa\/#primaryimage"},"image":{"@id":"https:\/\/quantocustaviajar.com\/blog\/casa-en-el-aire-hospedagem-colombia-tirolesa\/#primaryimage"},"thumbnailUrl":"https:\/\/quantocustaviajar.com\/blog\/wp-content\/uploads\/2020\/03\/casa-en-el-aire-7.jpg","datePublished":"2020-03-16T13:48:02+00:00","dateModified":"2020-03-16T13:48:04+00:00","description":"Esta hospedagem na Col\u00f4mbia, perto de Medell\u00edn, \u00e9 pura aventura! O h\u00f3spede s\u00f3 chega \u00e0 Casa en el Aire por meio de tirolesa!","breadcrumb":{"@id":"https:\/\/quantocustaviajar.com\/blog\/casa-en-el-aire-hospedagem-colombia-tirolesa\/#breadcrumb"},"inLanguage":"pt-BR","potentialAction":[{"@type":"ReadAction","target":["https:\/\/quantocustaviajar.com\/blog\/casa-en-el-aire-hospedagem-colombia-tirolesa\/"]}]},{"@type":"ImageObject","inLanguage":"pt-BR","@id":"https:\/\/quantocustaviajar.com\/blog\/casa-en-el-aire-hospedagem-colombia-tirolesa\/#primaryimage","url":"https:\/\/quantocustaviajar.com\/blog\/wp-content\/uploads\/2020\/03\/casa-en-el-aire-7.jpg","contentUrl":"https:\/\/quantocustaviajar.com\/blog\/wp-content\/uploads\/2020\/03\/casa-en-el-aire-7.jpg","width":960,"height":540,"caption":"Foto: reprodu\u00e7\u00e3o \/ Casa en el Aire"},{"@type":"BreadcrumbList","@id":"https:\/\/quantocustaviajar.com\/blog\/casa-en-el-aire-hospedagem-colombia-tirolesa\/#breadcrumb","itemListElement":[{"@type":"ListItem","position":1,"name":"In\u00edcio","item":"https:\/\/quantocustaviajar.com\/blog\/"},{"@type":"ListItem","position":2,"name":"Voc\u00ea s\u00f3 chega de tirolesa nesta hospedagem na Col\u00f4mbia :O"}]},{"@type":"WebSite","@id":"https:\/\/quantocustaviajar.com\/blog\/#website","url":"https:\/\/quantocustaviajar.com\/blog\/","name":"Blog Quanto Custa Viajar","description":"","publisher":{"@id":"https:\/\/quantocustaviajar.com\/blog\/#organization"},"potentialAction":[{"@type":"SearchAction","target":{"@type":"EntryPoint","urlTemplate":"https:\/\/quantocustaviajar.com\/blog\/?s={search_term_string}"},"query-input":{"@type":"PropertyValueSpecification","valueRequired":true,"valueName":"search_term_string"}}],"inLanguage":"pt-BR"},{"@type":"Organization","@id":"https:\/\/quantocustaviajar.com\/blog\/#organization","name":"Quanto Custa Viajar","url":"https:\/\/quantocustaviajar.com\/blog\/","logo":{"@type":"ImageObject","inLanguage":"pt-BR","@id":"https:\/\/quantocustaviajar.com\/blog\/#\/schema\/logo\/image\/","url":"","contentUrl":"","caption":"Quanto Custa Viajar"},"image":{"@id":"https:\/\/quantocustaviajar.com\/blog\/#\/schema\/logo\/image\/"},"sameAs":["https:\/\/www.facebook.com\/quantocustaviajar"]},{"@type":"Person","@id":"https:\/\/quantocustaviajar.com\/blog\/#\/schema\/person\/81b0aaf2069da1a2da54677906b42d3c","name":"Andressa Xavier Pellanda","image":{"@type":"ImageObject","inLanguage":"pt-BR","@id":"https:\/\/quantocustaviajar.com\/blog\/#\/schema\/person\/image\/","url":"https:\/\/secure.gravatar.com\/avatar\/efccc167c341de2100a574b335de06f5efda2310964e70124d995491728ed674?s=96&d=mm&r=g","contentUrl":"https:\/\/secure.gravatar.com\/avatar\/efccc167c341de2100a574b335de06f5efda2310964e70124d995491728ed674?s=96&d=mm&r=g","caption":"Andressa Xavier Pellanda"},"description":"Eu gosto de viajar antes mesmo de chegar ao destino!","url":"https:\/\/quantocustaviajar.com\/blog\/author\/andressa\/"}]}},"_links":{"self":[{"href":"https:\/\/quantocustaviajar.com\/blog\/wp-json\/wp\/v2\/posts\/42818","targetHints":{"allow":["GET"]}}],"collection":[{"href":"https:\/\/quantocustaviajar.com\/blog\/wp-json\/wp\/v2\/posts"}],"about":[{"href":"https:\/\/quantocustaviajar.com\/blog\/wp-json\/wp\/v2\/types\/post"}],"author":[{"embeddable":true,"href":"https:\/\/quantocustaviajar.com\/blog\/wp-json\/wp\/v2\/users\/11"}],"replies":[{"embeddable":true,"href":"https:\/\/quantocustaviajar.com\/blog\/wp-json\/wp\/v2\/comments?post=42818"}],"version-history":[{"count":2,"href":"https:\/\/quantocustaviajar.com\/blog\/wp-json\/wp\/v2\/posts\/42818\/revisions"}],"predecessor-version":[{"id":42889,"href":"https:\/\/quantocustaviajar.com\/blog\/wp-json\/wp\/v2\/posts\/42818\/revisions\/42889"}],"wp:featuredmedia":[{"embeddable":true,"href":"https:\/\/quantocustaviajar.com\/blog\/wp-json\/wp\/v2\/media\/42825"}],"wp:attachment":[{"href":"https:\/\/quantocustaviajar.com\/blog\/wp-json\/wp\/v2\/media?parent=42818"}],"wp:term":[{"taxonomy":"category","embeddable":true,"href":"https:\/\/quantocustaviajar.com\/blog\/wp-json\/wp\/v2\/categories?post=42818"},{"taxonomy":"post_tag","embeddable":true,"href":"https:\/\/quantocustaviajar.com\/blog\/wp-json\/wp\/v2\/tags?post=42818"}],"curies":[{"name":"wp","href":"https:\/\/api.w.org\/{rel}","templated":true}]}}