{"id":42761,"date":"2020-06-05T13:39:02","date_gmt":"2020-06-05T13:39:02","guid":{"rendered":"https:\/\/quantocustaviajar.com\/blog\/?p=42761"},"modified":"2022-03-02T12:52:41","modified_gmt":"2022-03-02T12:52:41","slug":"vale-a-pena-se-mudar-para-a-europa","status":"publish","type":"post","link":"https:\/\/quantocustaviajar.com\/blog\/vale-a-pena-se-mudar-para-a-europa\/","title":{"rendered":"Vale a pena se mudar para a Europa?"},"content":{"rendered":"\n<p>Muitas pessoas t\u00eam o desejo de se mudar para a Europa, seja pela busca de uma melhor qualidade de vida, para aprender uma nova l\u00edngua e cultura, para enfrentar novos desafios no trabalho&#8230;Ser\u00e1 que <strong>vale a pena se mudar para a Europa?<\/strong><\/p><div id=\"ez-toc-container\" class=\"ez-toc-v2_0_76 ez-toc-wrap-left counter-hierarchy ez-toc-counter ez-toc-light-blue ez-toc-container-direction\">\n<div class=\"ez-toc-title-container\">\n<p class=\"ez-toc-title\" style=\"cursor:inherit\">Aqui voc\u00ea ir\u00e1 encontrar<\/p>\n<span class=\"ez-toc-title-toggle\"><a href=\"#\" class=\"ez-toc-pull-right ez-toc-btn ez-toc-btn-xs ez-toc-btn-default ez-toc-toggle\" aria-label=\"Alternar tabela de conte\u00fado\"><span class=\"ez-toc-js-icon-con\"><span class=\"\"><span class=\"eztoc-hide\" style=\"display:none;\">Toggle<\/span><span class=\"ez-toc-icon-toggle-span\"><svg style=\"fill: #999;color:#999\" xmlns=\"http:\/\/www.w3.org\/2000\/svg\" class=\"list-377408\" width=\"20px\" height=\"20px\" viewBox=\"0 0 24 24\" fill=\"none\"><path d=\"M6 6H4v2h2V6zm14 0H8v2h12V6zM4 11h2v2H4v-2zm16 0H8v2h12v-2zM4 16h2v2H4v-2zm16 0H8v2h12v-2z\" fill=\"currentColor\"><\/path><\/svg><svg style=\"fill: #999;color:#999\" class=\"arrow-unsorted-368013\" xmlns=\"http:\/\/www.w3.org\/2000\/svg\" width=\"10px\" height=\"10px\" viewBox=\"0 0 24 24\" version=\"1.2\" baseProfile=\"tiny\"><path d=\"M18.2 9.3l-6.2-6.3-6.2 6.3c-.2.2-.3.4-.3.7s.1.5.3.7c.2.2.4.3.7.3h11c.3 0 .5-.1.7-.3.2-.2.3-.5.3-.7s-.1-.5-.3-.7zM5.8 14.7l6.2 6.3 6.2-6.3c.2-.2.3-.5.3-.7s-.1-.5-.3-.7c-.2-.2-.4-.3-.7-.3h-11c-.3 0-.5.1-.7.3-.2.2-.3.5-.3.7s.1.5.3.7z\"\/><\/svg><\/span><\/span><\/span><\/a><\/span><\/div>\n<nav><ul class='ez-toc-list ez-toc-list-level-1 ' ><li class='ez-toc-page-1 ez-toc-heading-level-2'><a class=\"ez-toc-link ez-toc-heading-1\" href=\"https:\/\/quantocustaviajar.com\/blog\/vale-a-pena-se-mudar-para-a-europa\/#Morar_na_Europa_nao_e_um_sonho\" >Morar na Europa n\u00e3o \u00e9 um sonho<\/a><\/li><li class='ez-toc-page-1 ez-toc-heading-level-2'><a class=\"ez-toc-link ez-toc-heading-2\" href=\"https:\/\/quantocustaviajar.com\/blog\/vale-a-pena-se-mudar-para-a-europa\/#Trabalho\" >Trabalho<\/a><ul class='ez-toc-list-level-3' ><li class='ez-toc-heading-level-3'><a class=\"ez-toc-link ez-toc-heading-3\" href=\"https:\/\/quantocustaviajar.com\/blog\/vale-a-pena-se-mudar-para-a-europa\/#Visto_de_trabalho\" >Visto de trabalho<\/a><\/li><li class='ez-toc-page-1 ez-toc-heading-level-3'><a class=\"ez-toc-link ez-toc-heading-4\" href=\"https:\/\/quantocustaviajar.com\/blog\/vale-a-pena-se-mudar-para-a-europa\/#Contratam_brasileiros_na_Europa\" >Contratam brasileiros na Europa?<\/a><\/li><li class='ez-toc-page-1 ez-toc-heading-level-3'><a class=\"ez-toc-link ez-toc-heading-5\" href=\"https:\/\/quantocustaviajar.com\/blog\/vale-a-pena-se-mudar-para-a-europa\/#O_salario_e_suficiente\" >O sal\u00e1rio \u00e9 suficiente?<\/a><\/li><li class='ez-toc-page-1 ez-toc-heading-level-3'><a class=\"ez-toc-link ez-toc-heading-6\" href=\"https:\/\/quantocustaviajar.com\/blog\/vale-a-pena-se-mudar-para-a-europa\/#E_voce_Mari_vive_do_que\" >E, voc\u00ea, Mari: vive do qu\u00ea?<\/a><\/li><\/ul><\/li><li class='ez-toc-page-1 ez-toc-heading-level-2'><a class=\"ez-toc-link ez-toc-heading-7\" href=\"https:\/\/quantocustaviajar.com\/blog\/vale-a-pena-se-mudar-para-a-europa\/#Educacao\" >Educa\u00e7\u00e3o<\/a><\/li><li class='ez-toc-page-1 ez-toc-heading-level-2'><a class=\"ez-toc-link ez-toc-heading-8\" href=\"https:\/\/quantocustaviajar.com\/blog\/vale-a-pena-se-mudar-para-a-europa\/#Saude\" >Sa\u00fade<\/a><\/li><li class='ez-toc-page-1 ez-toc-heading-level-2'><a class=\"ez-toc-link ez-toc-heading-9\" href=\"https:\/\/quantocustaviajar.com\/blog\/vale-a-pena-se-mudar-para-a-europa\/#Moradia\" >Moradia<\/a><\/li><li class='ez-toc-page-1 ez-toc-heading-level-2'><a class=\"ez-toc-link ez-toc-heading-10\" href=\"https:\/\/quantocustaviajar.com\/blog\/vale-a-pena-se-mudar-para-a-europa\/#Mas_e_ai_Vale_a_pena_morar_na_Europa\" >Mas e a\u00ed? Vale a pena morar na Europa?<\/a><\/li><\/ul><\/nav><\/div>\n\n\n\n\n<p>Pode ser que tenha uma vozinha na sua cabe\u00e7a repetindo o mantra &#8220;preciso dar o fora daqui&#8221;. Se for isso, bem-vindo ao clube! Eu tamb\u00e9m j\u00e1 vivi essa fase. <\/p>\n\n\n\n<p>J\u00e1 faz mais de um ano que me mudei para a <strong><a aria-label=\"Espanha (abre numa nova aba)\" href=\"https:\/\/quantocustaviajar.com\/espanha\" target=\"_blank\" rel=\"noreferrer noopener\">Espanha<\/a><\/strong> com <em>dog <\/em>e tudo &#8211; <a aria-label=\" (abre numa nova aba)\" href=\"https:\/\/quantocustaviajar.com\/blog\/como-levar-seu-pet-para-uma-viagem-internacional\/\" target=\"_blank\" rel=\"noreferrer noopener\">vem ver como levar seu pet para uma viagem internacional<\/a>. Agora estou aqui compartilhando um pouco das experi\u00eancias e reflex\u00f5es sobre esse per\u00edodo no Velho Continente para, quem sabe, te ajudar a tomar uma decis\u00e3o consciente antes de sair fazendo as malas como se n\u00e3o houvesse amanh\u00e3.<\/p>\n\n\n\n<p>Ok. Talvez eu n\u00e3o seja a pessoa certa para dizer se vale a pena se mudar para a Europa.  Mas ser\u00e1 que existe uma<em> pessoa certa<\/em>?  <\/p>\n\n\n\n<figure class=\"wp-block-embed aligncenter is-type-photo is-provider-giphy\"><div class=\"wp-block-embed__wrapper\">\nhttps:\/\/giphy.com\/gifs\/reaction-mood-WpObP6Qx5QXq9TxHyh\n<\/div><figcaption>&#8220;Should I stay or should I go?&#8221;<\/figcaption><\/figure>\n\n\n\n<h2 class=\"wp-block-heading\"><span class=\"ez-toc-section\" id=\"Morar_na_Europa_nao_e_um_sonho\"><\/span>Morar na Europa n\u00e3o \u00e9 um sonho<span class=\"ez-toc-section-end\"><\/span><\/h2>\n\n\n\n<p>Vamos ser sinceros: voc\u00ea n\u00e3o quer s\u00f3 sair do Brasil. Voc\u00ea quer morar naquela <strong><a href=\"https:\/\/quantocustaviajar.com\/europa\" target=\"_blank\" rel=\"noreferrer noopener\" aria-label=\"Europa (abre numa nova aba)\">Europa<\/a><\/strong> de filme que todo mundo ama. <\/p>\n\n\n\n<p>S\u00f3 que *<strong>*spoiler alert* <\/strong>* e<em>la n\u00e3o existe!<\/em><\/p>\n\n\n\n<p>Portugal, Espanha, Fran\u00e7a, It\u00e1lia, Irlanda, Inglaterra&#8230; Tudo maravilhoso, n\u00e9? Bom, nem tanto. Eu te prometo que cada um desses pa\u00edses tem um monte de problemas, mas eles t\u00eam tamb\u00e9m uma qualidade que \u00e9 quase imbat\u00edvel: equil\u00edbrio social. <\/p>\n\n\n\n<p>Isso significa que, se voc\u00ea preparar seus documentos bonitinhos, fizer a papelada toda e conseguir um trabalho, vai dar pra viver legal. \u00c9 s\u00e9rio: zero boletos sem pagar e com direito a sair pra jantar sem culpa no fim do m\u00eas, nem que seja no boteco da esquina. <\/p>\n\n\n\n<figure class=\"wp-block-embed aligncenter is-type-photo is-provider-giphy\"><div class=\"wp-block-embed__wrapper\">\nhttps:\/\/giphy.com\/gifs\/samba-brinde-adoniran-barbosa-3ohjUPRmRZXLCQJIVG\n<\/div><\/figure>\n\n\n\n<p><em>Ooops.<\/em>.. <strong>n\u00e3o existe boteco da esquina. <\/strong>N\u00e3o vai ter coxinha, arroz com feij\u00e3o, cerveja 600 ml para dividir com os amigos. Isso, claro, se voc\u00ea der sorte de ter amigos. <\/p>\n\n\n\n<p>A maioria das pessoas que vivem fora do pa\u00eds com quem eu converso n\u00e3o chegam a criar uma rede forte de amigos como a que tinha no Brasil. Muitos conhecem alguns outros brasileiros com quem convivem de vez em quando e acabou o papo. <\/p>\n\n\n\n<p>No meu caso, escolhi uma cidade especialmente dif\u00edcil nesse quesito. <strong>Girona <\/strong>tem a merecida fama de ser um lugar em que as pessoas s\u00e3o fechadas. Com 100 mil habitantes, eu j\u00e1 devo conhecer pelo menos uns 10% dos moradores. A gente se d\u00e1 bom dia e boa tarde, mas n\u00e3o posso somar nenhum amiguinho pra conta. <\/p>\n\n\n\n<p>Claro que o fato de que eu n\u00e3o falo com flu\u00eancia o idioma mais comum na cidade (catal\u00e3o) influencia nisso. E o fato de n\u00e3o estar trabalhando <em>formalmente <\/em>tamb\u00e9m, mas a gente fala mais sobre trabalho ali embaixo.<\/p>\n\n\n\n<p>H\u00e1 v\u00e1rios anos eu morei um per\u00edodo na <strong><a href=\"https:\/\/quantocustaviajar.com\/irlanda\" target=\"_blank\" rel=\"noreferrer noopener\" aria-label=\" (abre numa nova aba)\">Irlanda<\/a><\/strong> e a situa\u00e7\u00e3o foi parecida. Eu tinha v\u00e1rios amigos, mas eram quase todos brasileiros ou de outros pa\u00edses latinos. <\/p>\n\n\n\n<p><strong>Ou seja:<\/strong> quer um conselho? Antes de se mudar para a Europa, decida bem em que pa\u00eds\/cidade quer morar e estude MUITO o idioma e a cultura local. <\/p>\n\n\n\n<p>Veja filmes, ou\u00e7a m\u00fasicas, leia, aprenda sobre a hist\u00f3ria do lugar que voc\u00ea vai chamar de lar. Isso vai acelerar bastante a sua integra\u00e7\u00e3o. <\/p>\n\n\n\n<pre class=\"wp-block-preformatted\"><div style=\"width:100%;height:0;padding-bottom:83%;position:relative;\"><iframe loading=\"lazy\" src=\"https:\/\/giphy.com\/embed\/Rhf0uSWt1P2TFqVMZK\" width=\"100%\" height=\"100%\" style=\"position:absolute\" frameBorder=\"0\" class=\"giphy-embed\" allowFullScreen><\/iframe><\/div><p><a href=\"https:\/\/giphy.com\/gifs\/Friends-friends-season-9-tv-Rhf0uSWt1P2TFqVMZK\">via GIPHY<\/a><\/p><\/pre>\n\n\n\n<h2 class=\"wp-block-heading\"><span class=\"ez-toc-section\" id=\"Trabalho\"><\/span>Trabalho<span class=\"ez-toc-section-end\"><\/span><\/h2>\n\n\n\n<p>\u00c9 o que todo mundo quer saber. D\u00e1 para encontrar trabalho? Eles contratam brasileiros? Como \u00e9 o sal\u00e1rio? <\/p>\n\n\n\n<p>Em primeiro lugar, \u00e9 claro que d\u00e1 para encontrar trabalho. A facilidade com que voc\u00ea vai achar uma vaga vai depender do pa\u00eds e da cidade escolhida para viver, da sua \u00e1rea e da experi\u00eancia profissional. <\/p>\n\n\n\n<p>Aqui na <strong><a href=\"https:\/\/quantocustaviajar.com\/espanha\" target=\"_blank\" rel=\"noreferrer noopener\" aria-label=\" (abre numa nova aba)\">Espanha<\/a><\/strong>, por exemplo, <strong><a rel=\"noreferrer noopener\" aria-label=\"Barcelona (abre numa nova aba)\" href=\"https:\/\/quantocustaviajar.com\/espanha\/barcelona\" target=\"_blank\">Barcelona<\/a> <\/strong>e <strong><a rel=\"noreferrer noopener\" aria-label=\"Madrid (abre numa nova aba)\" href=\"https:\/\/quantocustaviajar.com\/espanha\/madrid\" target=\"_blank\">Madrid<\/a> <\/strong>concentram as melhores vagas. <strong>Girona<\/strong>, onde eu vivo, tamb\u00e9m tem trabalho com turismo e em restaurantes (h\u00e1 v\u00e1rios estabelecimentos estrelados na cidade). <\/p>\n\n\n\n<p>Cada pa\u00eds ter\u00e1 seus n\u00facleos, com cidades que s\u00e3o mais f\u00e1ceis para determinada profiss\u00e3o ou n\u00e3o.  V\u00e1rias cidades oferecem vagas em f\u00e1bricas ou no setor de servi\u00e7os.<\/p>\n\n\n\n<p>Tendo dupla cidadania, fica muito mais f\u00e1cil conseguir um trabalho. Com a <a href=\"https:\/\/www.nostrali.com.br\/\" target=\"_blank\" rel=\"noreferrer noopener\"><strong>cidadania italiana<\/strong><\/a>, por exemplo, al\u00e9m de se tornar um cidad\u00e3o italiano e europeu, voc\u00ea poder\u00e1 conseguir um bom emprego na It\u00e1lia ou em qualquer pa\u00eds da Europa.<\/p>\n\n\n\n<p>Se voc\u00ea vem para o que der e vier e tanto faz ser CEO de multinacional ou limpar ch\u00e3o, escolha sempre cidades grandes, pois \u00e9 onde h\u00e1 mais oportunidades (e mais concorr\u00eancia tamb\u00e9m!). Mas, se voc\u00ea sabe exatamente o que quer da vida, cola no <strong><a rel=\"noreferrer noopener\" aria-label=\"Infojobs (abre numa nova aba)\" href=\"https:\/\/www.infojobs.net\/\" target=\"_blank\">Infojobs<\/a> <\/strong>ou faz uma boa busca no <strong><a href=\"https:\/\/www.linkedin.com\/\" target=\"_blank\" rel=\"noreferrer noopener\" aria-label=\"LinkedIn (abre numa nova aba)\">LinkedIn<\/a><\/strong>.<\/p>\n\n\n\n<p>As duas redes divulgam vagas em diversos pa\u00edses da <strong><a href=\"https:\/\/quantocustaviajar.com\/europa\" target=\"_blank\" rel=\"noreferrer noopener\" aria-label=\"Europa (abre numa nova aba)\">Europa<\/a><\/strong> e voc\u00ea pode pesquisar quais cidades\/pa\u00edses oferecem mais oportunidades no seu setor, por exemplo. <\/p>\n\n\n\n<p>Lembre-se de que, a n\u00e3o ser que voc\u00ea seja um profissional muito especializado, pode ser dif\u00edcil conseguir trabalho antes de chegar ao pa\u00eds, mas voc\u00ea pode deixar algumas entrevistas agendadas j\u00e1 para as primeiras semanas. <\/p>\n\n\n\n<figure class=\"wp-block-embed aligncenter is-type-photo is-provider-giphy\"><div class=\"wp-block-embed__wrapper\">\nhttps:\/\/giphy.com\/gifs\/df-gif-story-district-feed-60yTQLK9O7XlS\n<\/div><figcaption>&#8220;Quer dizer que as pessoas tamb\u00e9m trabalham na Europa?&#8221;<\/figcaption><\/figure>\n\n\n\n<h3 class=\"wp-block-heading\"><span class=\"ez-toc-section\" id=\"Visto_de_trabalho\"><\/span>Visto de trabalho<span class=\"ez-toc-section-end\"><\/span><\/h3>\n\n\n\n<p>Ou voc\u00ea tem ou voc\u00ea n\u00e3o tem. <\/p>\n\n\n\n<p><strong>Aqui no <a href=\"https:\/\/quantocustaviajar.com\/\" target=\"_blank\" rel=\"noreferrer noopener\" aria-label=\" (abre numa nova aba)\">Quanto Custa Viajar<\/a>, n\u00f3s n\u00e3o aconselhamos ningu\u00e9m a sair do pa\u00eds pensando em viver e\/ou trabalhar ilegalmente. <\/strong><\/p>\n\n\n\n<p>Informe-se sobre <strong>todas as op\u00e7\u00f5es de visto para o destino desejado<\/strong>. Em alguns lugares \u00e9 poss\u00edvel trabalhar com visto de estudante (foi o que fiz na <strong><a href=\"https:\/\/quantocustaviajar.com\/irlanda\" target=\"_blank\" rel=\"noreferrer noopener\" aria-label=\"Irlanda (abre numa nova aba)\">Irlanda<\/a><\/strong>), noutros locais h\u00e1 empresas que &#8220;patrocinam&#8221; o visto de profissionais com alta qualifica\u00e7\u00e3o. <\/p>\n\n\n\n<p>A <strong>Est\u00f4nia <\/strong>tem programas que facilitam a contrata\u00e7\u00e3o de profissionais estrangeiros que querem trabalhar em start-ups, por exemplo. Tamb\u00e9m h\u00e1 destinos que permitem a retirada de um visto como profissional aut\u00f4nomo. <\/p>\n\n\n\n<p>Aqui na <strong><a href=\"https:\/\/quantocustaviajar.com\/espanha\" target=\"_blank\" rel=\"noreferrer noopener\" aria-label=\"Espanha (abre numa nova aba)\">Espanha<\/a><\/strong>, eu tenho hoje visto de resid\u00eancia por ser casada com um cidad\u00e3o europeu, o que facilita muito a minha vida, mas n\u00e3o ter esse tipo de visto n\u00e3o significa que voc\u00ea n\u00e3o possa conseguir algum outro.<\/p>\n\n\n\n<p><strong>De qualquer forma, as possibilidades s\u00e3o muitas. Ficar ilegal n\u00e3o \u00e9 uma delas, ok?<\/strong> Informe-se sobre vistos dispon\u00edveis diretamente com o consulado do pa\u00eds onde pretende morar. <\/p>\n\n\n\n<h3 class=\"wp-block-heading\"><span class=\"ez-toc-section\" id=\"Contratam_brasileiros_na_Europa\"><\/span>Contratam brasileiros na Europa?<span class=\"ez-toc-section-end\"><\/span><\/h3>\n\n\n\n<p>U\u00e9, claro que sim! <\/p>\n\n\n\n<p>O problema \u00e9 que eles v\u00e3o dar prefer\u00eancia para brasileiros que tenham dupla cidadania ou que, por outra raz\u00e3o, tenham um visto que <strong>permita o trabalho em tempo integral<\/strong>. <\/p>\n\n\n\n<p>Isso fez com que eu perdesse diversas oportunidades quando tinha meu visto de estudante na <strong><a href=\"https:\/\/quantocustaviajar.com\/irlanda\" target=\"_blank\" rel=\"noreferrer noopener\" aria-label=\"Irlanda (abre numa nova aba)\">Irlanda<\/a><\/strong>. Demorou alguns meses, mas consegui um trabalho bacana. <\/p>\n\n\n\n<p>Por sorte, precisavam de algu\u00e9m apenas por alguns meses, o que coincidiu com meu per\u00edodo de f\u00e9rias, quando eu tinha permiss\u00e3o para trabalhar em tempo integral. <\/p>\n\n\n\n<p>Avalie tudo isso antes de pensar que &#8220;n\u00e3o querem contratar brasileiros&#8221;. E, por favor, <strong>aprenda a l\u00edngua local <\/strong>(<em>ser\u00e1 que vou repetir isso em todos os t\u00f3picos? talvez!<\/em>). <\/p>\n\n\n\n<figure class=\"wp-block-embed aligncenter is-type-photo is-provider-giphy\"><div class=\"wp-block-embed__wrapper\">\nhttps:\/\/giphy.com\/gifs\/Friends-cOcpNpYuz0t6KKRO3O\n<\/div><figcaption>&#8220;Eu gostaria de poder, mas eu n\u00e3o quero&#8221;<\/figcaption><\/figure>\n\n\n\n<p>Inclusive, quem trabalha com comunica\u00e7\u00e3o ou vendas vai encontrar diversas vagas espec\u00edficas para falantes de portugu\u00eas brasileiro. Olha um exemplo aqui no <strong><a rel=\"noreferrer noopener\" aria-label=\"LinkedIn (abre numa nova aba)\" href=\"https:\/\/www.linkedin.com\/search\/results\/all\/?keywords=brazilian%20portuguese&amp;origin=QUERY_SUGGESTION\" target=\"_blank\">LinkedIn<\/a><\/strong>.<\/p>\n\n\n\n<p><strong>Mas SE LIGA numa quest\u00e3o bem importante:<\/strong> voc\u00ea n\u00e3o vai achar trabalho da noite pro dia. At\u00e9 pode ser que aconte\u00e7a, s\u00f3 que \u00e9 bastante improv\u00e1vel. <\/p>\n\n\n\n<p>Por isso, traga dinheiro suficiente para se sustentar por, pelo menos, 6 meses. O desemprego m\u00e9dio na zona do euro \u00e9 de 7,5% (<strong><a rel=\"noreferrer noopener\" aria-label=\"Eurostat\/2019 (abre numa nova aba)\" href=\"https:\/\/agenciabrasil.ebc.com.br\/internacional\/noticia\/2019-07\/desemprego-cai-na-europa-para-75\" target=\"_blank\">Eurostat\/2019<\/a><\/strong>), mas o \u00edndice chega a 14% na <strong>Espanha<\/strong> e 9,7% na <strong><a href=\"https:\/\/quantocustaviajar.com\/italia\" target=\"_blank\" rel=\"noreferrer noopener\" aria-label=\"It\u00e1lia (abre numa nova aba)\">It\u00e1lia<\/a><\/strong>. <\/p>\n\n\n\n<p>Para calcular quanto trazer e entender o custo de vida em cada cidade, minha dica \u00e9 usar o site <strong><a rel=\"noreferrer noopener\" aria-label=\"Numbeo (abre numa nova aba)\" href=\"https:\/\/www.numbeo.com\/cost-of-living\/\" target=\"_blank\">Numbeo<\/a><\/strong>.<\/p>\n\n\n\n<h3 class=\"wp-block-heading\"><span class=\"ez-toc-section\" id=\"O_salario_e_suficiente\"><\/span>O sal\u00e1rio \u00e9 suficiente?<span class=\"ez-toc-section-end\"><\/span><\/h3>\n\n\n\n<p>A boa not\u00edcia \u00e9 que ter um trabalho legal na maioria dos pa\u00edses da <strong><a href=\"https:\/\/quantocustaviajar.com\/europa\" target=\"_blank\" rel=\"noreferrer noopener\" aria-label=\"Europa (abre numa nova aba)\">Europa<\/a> <\/strong>\u00e9 praticamente garantia de que voc\u00ea ter\u00e1 dinheiro suficiente para pagar suas contas sem perrengue no final do m\u00eas. <\/p>\n\n\n\n<p>\u00c9 muito comum que o sal\u00e1rio b\u00e1sico dos pa\u00edses consiga cobrir os gastos b\u00e1sicos de uma pessoa. Em lugares como a <strong><a href=\"https:\/\/quantocustaviajar.com\/franca\" target=\"_blank\" rel=\"noreferrer noopener\" aria-label=\"Fran\u00e7a (abre numa nova aba)\">Fran\u00e7a<\/a> <\/strong>ou a <strong>Irlanda <\/strong>o sal\u00e1rio m\u00ednimo para quem trabalha em turno integral beira os 1.500 euros, o que garante uma qualidade de vida bem razo\u00e1vel. <\/p>\n\n\n\n<p>Apesar disso, tamb\u00e9m \u00e9 muito comum que voc\u00ea tenha que deixar de lado algumas comodidades que parecem naturais no Brasil (como ter um carro ou uma casa grande, por exemplo). <\/p>\n\n\n\n<p>E, claro, ningu\u00e9m vai limpar sua privada, o que me lembra <strong><a href=\"https:\/\/www.geledes.org.br\/duvivier-nos-paises-em-que-voce-lava-a-propria-privada-ninguem-mata-por-uma-bicicleta\/\" target=\"_blank\" rel=\"noreferrer noopener\" aria-label=\" (abre numa nova aba)\">desse texto<\/a><\/strong> \u00f3timo que o <strong>Greg\u00f3rio Duvivier <\/strong>escreveu h\u00e1 uns 200 ou 5 anos. N\u00e3o achei o link original, da <strong>Folha<\/strong>, ent\u00e3o linkei para o <strong>Geled\u00e9s<\/strong>, que republicou o conte\u00fado. <\/p>\n\n\n\n<figure class=\"wp-block-embed aligncenter is-type-photo is-provider-giphy\"><div class=\"wp-block-embed__wrapper\">\nhttps:\/\/giphy.com\/gifs\/broadcity-season-5-episode-4-broad-city-2tSk579HlpT7n8VOY9\n<\/div><\/figure>\n\n\n\n<h3 class=\"wp-block-heading\"><span class=\"ez-toc-section\" id=\"E_voce_Mari_vive_do_que\"><\/span>E, voc\u00ea, Mari: vive do qu\u00ea?<span class=\"ez-toc-section-end\"><\/span><\/h3>\n\n\n\n<p>Como disse acima, estou h\u00e1 1 ano na <strong>Espanha <\/strong>sem trabalhar &#8220;formalmente&#8221;.<\/p>\n\n\n\n<p>Isso n\u00e3o quer dizer que eu n\u00e3o trabalhe ou que n\u00e3o pague meus impostos bem cidad\u00e3-exemplar. Mas eu continuo trabalhando para o <strong>Brasil<\/strong>. <\/p>\n\n\n\n<p>Eu divido meu tempo escrevendo aqui para o <strong><a href=\"https:\/\/quantocustaviajar.com\/\" target=\"_blank\" rel=\"noreferrer noopener\" aria-label=\" (abre numa nova aba)\">Quanto Custa Viajar<\/a><\/strong>, para o <strong><a rel=\"noreferrer noopener\" aria-label=\"Hypeness (abre numa nova aba)\" href=\"http:\/\/hypeness.com.br\/\" target=\"_blank\">Hypeness<\/a> <\/strong>e para meu blog de viagens, o <strong><a rel=\"noreferrer noopener\" aria-label=\"Quase N\u00f4made (abre numa nova aba)\" href=\"http:\/\/quasenomade.com\/\" target=\"_blank\">Quase N\u00f4made<\/a><\/strong>. <\/p>\n\n\n\n<p>Juntando essas tr\u00eas rendas, sobrevivo com uma graninha em reais que cai todos os meses na conta e tenho chorado no travesseiro a cada alta do euro (sim, meu travesseiro est\u00e1 encharcado, como voc\u00eas podem imaginar). <\/p>\n\n\n\n<figure class=\"wp-block-embed is-type-photo is-provider-giphy\"><div class=\"wp-block-embed__wrapper\">\nhttps:\/\/giphy.com\/gifs\/blackish-anthony-anderson-dre-johnson-d2lcHJTG5Tscg\n<\/div><\/figure>\n\n\n\n<p>Agora voc\u00ea, meu amigo ou minha amiga. Voc\u00ea tem duas op\u00e7\u00f5es na hora de se mudar pra a <strong>Europa<\/strong>. <\/p>\n\n\n\n<p>A primeira delas \u00e9 seguir o mesmo caminho que eu e continuar levando uma vida dupla: trabalhando no <strong>Brasil <\/strong>e morando na <strong>Europa<\/strong>. S\u00f3 que, com a incerteza absurda do mercado, eu recomendo nervos de a\u00e7o para segurar essa barra que \u00e9 gostar de fazer c\u00e2mbio todo m\u00eas.  <\/p>\n\n\n\n<p>Outra op\u00e7\u00e3o \u00e9 agilizar logo esse seu visto de trabalho e buscar uma vaga no pa\u00eds escolhido para chamar de seu. <\/p>\n\n\n\n<p>Fora essa parte trabalhista\/financeira, tem outras quest\u00f5es que s\u00e3o importantes de considerar&#8230;<\/p>\n\n\n\n<h2 class=\"wp-block-heading\"><span class=\"ez-toc-section\" id=\"Educacao\"><\/span>Educa\u00e7\u00e3o<span class=\"ez-toc-section-end\"><\/span><\/h2>\n\n\n\n<p>\u00c9 comum que os pa\u00edses europeus possuam <strong>educa\u00e7\u00e3o b\u00e1sica gratuita ou a pre\u00e7os muito baixos<\/strong>, subsidiados. Essas escolas costumam ser bastante usadas por quem faz parte da classe m\u00e9dia (eu e voc\u00ea!) e geralmente oferecem uma estrutura um pouco melhor do que a encontrada na educa\u00e7\u00e3o p\u00fablica brasileira. <\/p>\n\n\n\n<p>Claro, \u00e9 imposs\u00edvel generalizar, porque a realidade de cada pa\u00eds \u00e9 diferente. Mesmo assim, isso pode representar uma facilidade para quem se muda com filhos. <\/p>\n\n\n\n<p>Algumas pessoas com quem j\u00e1 conversei aqui na <strong>Espanha <\/strong>tinham seus filhos em escolas particulares no <strong>Brasil <\/strong>e mudaram para p\u00fablicas ao chegar aqui, relatando uma economia imensa com essa troca.<\/p>\n\n\n\n<p>Em compensa\u00e7\u00e3o, a maioria dos pa\u00edses europeus n\u00e3o conta com <strong>universidades p\u00fablicas gratuitas<\/strong> como as nossas. Ou seja: existem universidades p\u00fablicas, mas elas s\u00e3o pagas. <\/p>\n\n\n\n<p>Um mestrado na <strong>Espanha <\/strong>custa em m\u00e9dia entre 800 e 7.000 euros ao ano, por exemplo (os mais econ\u00f4micos ficam na <strong>Andaluzia<\/strong>). Na <strong><a href=\"https:\/\/quantocustaviajar.com\/franca\" target=\"_blank\" rel=\"noreferrer noopener\" aria-label=\"Fran\u00e7a (abre numa nova aba)\">Fran\u00e7a<\/a><\/strong>, o valor \u00e9 mais barato e h\u00e1 muitos benef\u00edcios para estudantes. <\/p>\n\n\n\n<h2 class=\"wp-block-heading\"><span class=\"ez-toc-section\" id=\"Saude\"><\/span>Sa\u00fade<span class=\"ez-toc-section-end\"><\/span><\/h2>\n\n\n\n<p><strong> Vou confessar: eu morro de saudade dos m\u00e9dicos brasileiros. <\/strong><\/p>\n\n\n\n<p>Aqui na <strong>Espanha<\/strong>, o sistema \u00e9 razoavelmente parecido com o do Brasil. Eu tenho plano de sa\u00fade privado, que \u00e9 obrigat\u00f3rio para o tipo de visto que solicitei, ent\u00e3o n\u00e3o posso opinar sobre o sistema p\u00fablico. Apesar disso, j\u00e1 ouvi relatos de que funciona bem, obrigada. <\/p>\n\n\n\n<p>Na <strong>Irlanda<\/strong>, os hospitais p\u00fablicos s\u00e3o pagos, n\u00e3o s\u00e3o baratos e a fila \u00e9 demorada. Lembro de uma vez ter chegado passando mal na emerg\u00eancia e voltado pra casa ainda pior porque teria que esperar 10 horas para ser atendida. <\/p>\n\n\n\n<figure class=\"wp-block-embed is-type-photo is-provider-giphy\"><div class=\"wp-block-embed__wrapper\">\nhttps:\/\/giphy.com\/stickers\/elasonhaelafaz-nope-sem-tempo-irmao-YpfgcxZ6j4NrlrrWfm\n<\/div><\/figure>\n\n\n\n<p>Marquei uma consulta privada para o mesmo dia e paguei metade do pre\u00e7o, mas sem a estrutura de um mega hospital. <\/p>\n\n\n\n<p>Na <strong><a href=\"https:\/\/quantocustaviajar.com\/romenia\" target=\"_blank\" rel=\"noreferrer noopener\" aria-label=\"Rom\u00eania (abre numa nova aba)\">Rom\u00eania<\/a><\/strong>, onde <a rel=\"noreferrer noopener\" aria-label=\"vivi alguns meses devido a um trabalho (abre numa nova aba)\" href=\"https:\/\/quantocustaviajar.com\/blog\/romenia-tudo-o-que-voce-precisa-saber-antes-de-ir\/\" target=\"_blank\">vivi alguns meses devido a um trabalho<\/a>, entrei num hospital p\u00fablico e quase invadi os quartos sem encontrar ningu\u00e9m no caminho. <\/p>\n\n\n\n<p>Nem seguran\u00e7a, nem nada. Em compensa\u00e7\u00e3o, os hospitais privados do pa\u00eds s\u00e3o t\u00e3o bons quanto qualquer hospital privado brasileiro e n\u00e3o foi dif\u00edcil achar um m\u00e9dico que falasse ingl\u00eas.<\/p>\n\n\n\n<p>Mesmo assim, a gente s\u00f3 percebe que n\u00e3o domina 100% um idioma quando precisa dele numa emerg\u00eancia. <em>Afinal, como \u00e9 mesmo que explica aquela pontada que a gente tem na perna quando caminha?<\/em> <\/p>\n\n\n\n<p>Ent\u00e3o, meu bem, mesmo que voc\u00ea v\u00e1 para um lugar com m\u00e9dicos maravilhosos, meu recado \u00e9: <strong>fa\u00e7a um check-up completo antes de sair do Brasil<\/strong>. Vai no dentista e faz aquela limpeza que voc\u00ea t\u00e1 devendo pras bact\u00e9rias. Resolve todos traumas de inf\u00e2ncia naquele psic\u00f3logo que voc\u00ea adiou tudo que pode. <\/p>\n\n\n\n<p>Seu eu da Europa vai agradecer. <em>\u00c9 s\u00e9rio! <\/em><\/p>\n\n\n\n<h2 class=\"wp-block-heading\"><span class=\"ez-toc-section\" id=\"Moradia\"><\/span>Moradia<span class=\"ez-toc-section-end\"><\/span><\/h2>\n\n\n\n<p>Metade da Europa est\u00e1 passando por uma crise de moradia. Em cidades grandes, encontrar ap\u00ea n\u00e3o vai ser barbadinha. <\/p>\n\n\n\n<p>Pode ser mais complicado antes de voc\u00ea encontrar trabalho e\/ou antes do seu visto estar pronto. Lembro de j\u00e1 ter ido em visitas coletivas com umas 15 pessoas ver apartamento em <strong><a href=\"https:\/\/quantocustaviajar.com\/irlanda\/dublin\" target=\"_blank\" rel=\"noreferrer noopener\" aria-label=\"Dublin (abre numa nova aba)\">Dublin<\/a><\/strong>. <\/p>\n\n\n\n<p>Ao final, pediam que todos os interessados deix\u00e1ssemos nossos contatos e informa\u00e7\u00f5es sobre trabalho. Era o propriet\u00e1rio\/imobili\u00e1ria quem decidia quem teria o direito de alugar aquele ap\u00ea. Um amigo que vive em <strong><a href=\"https:\/\/quantocustaviajar.com\/franca\/paris\" target=\"_blank\" rel=\"noreferrer noopener\" aria-label=\"Paris (abre numa nova aba)\">Paris<\/a> <\/strong>disse que isso \u00e9 bem comum por l\u00e1 tamb\u00e9m. <\/p>\n\n\n\n<figure class=\"wp-block-embed is-type-photo is-provider-giphy\"><div class=\"wp-block-embed__wrapper\">\nhttps:\/\/giphy.com\/gifs\/a24-pqHRNTAQnbsaEju4Vb\n<\/div><figcaption>A fila de pessoas esperando para alugar o mesmo ap\u00ea que voc\u00ea.<\/figcaption><\/figure>\n\n\n\n<p>Aqui em <strong>Girona<\/strong>, o aluguel \u00e9 mais descomplicado, mas sempre pedem documentos que comprovem que voc\u00ea tem dinheiro. De prefer\u00eancia, um contrato de trabalho na <strong>Espanha<\/strong>, com contracheques dos \u00faltimos tr\u00eas meses. A figura do fiador n\u00e3o existe, ent\u00e3o essa \u00e9 a maneira que encontram para garantir que voc\u00ea vai pagar o aluguel. <\/p>\n\n\n\n<p>Ainda assim, algumas imobili\u00e1rias ou propriet\u00e1rios topam alugar para quem n\u00e3o tem trabalho fixo na <strong>Espanha<\/strong>. Geralmente, uma maneira de convenc\u00ea-los \u00e9 se oferecer para pagar seis meses ou um ano antecipadamente. \u00c9 uma bolada e, mesmo assim, nem sempre funciona. <\/p>\n\n\n\n<p>De qualquer forma, a maioria das pessoas com quem conversei concorda que \u00e9 menos burocr\u00e1tico alugar apartamento aqui do que no Brasil. Meu contrato de aluguel foi assinado em menos de 10 dias, por exemplo.<\/p>\n\n\n\n<h2 class=\"wp-block-heading\"><span class=\"ez-toc-section\" id=\"Mas_e_ai_Vale_a_pena_morar_na_Europa\"><\/span>Mas e a\u00ed? Vale a pena morar na Europa?<span class=\"ez-toc-section-end\"><\/span><\/h2>\n\n\n\n<p>Agora \u00e9 voc\u00ea quem decide se essa mudan\u00e7a vale a pena ou n\u00e3o. <\/p>\n\n\n\n<p>Eu tentei compartilhar aqui um pouco da minha experi\u00eancia no Velho Continente. Tem seu lado bom e aquele lado meia boca, como tudo nessa vida.<\/p>\n\n\n\n<p><strong>Ainda sobraram d\u00favidas sobre se mudar para a Europa? <\/strong>Tudo bem, \u00e9 s\u00f3 deixar suas perguntas aqui nos coment\u00e1rios! ;)<\/p>\n","protected":false},"excerpt":{"rendered":"<p>Muitas pessoas t\u00eam o desejo de se mudar para a Europa, seja pela busca de uma melhor qualidade de vida, para aprender uma nova l\u00edngua e cultura, para enfrentar novos desafios no trabalho&#8230;Ser\u00e1 que vale a pena se mudar para a Europa? Pode ser que tenha uma vozinha na sua cabe\u00e7a repetindo o mantra &#8220;preciso [&hellip;]<\/p>\n","protected":false},"author":12,"featured_media":42799,"comment_status":"open","ping_status":"open","sticky":false,"template":"","format":"standard","meta":{"cybocfi_hide_featured_image":"","footnotes":""},"categories":[1769],"tags":[18,1910,691,2610],"class_list":["post-42761","post","type-post","status-publish","format-standard","has-post-thumbnail","hentry","category-especial-qcv","tag-europa","tag-mudanca-internacional","tag-mudar-de-pais","tag-mudar-para-europa"],"blocksy_meta":[],"yoast_head":"<!-- This site is optimized with the Yoast SEO plugin v26.3 - https:\/\/yoast.com\/wordpress\/plugins\/seo\/ -->\n<title>Vale a pena se mudar para a Europa? - Blog Quanto Custa Viajar<\/title>\n<meta name=\"description\" content=\"Cansou do Brasil? Bem-vindo ao clube! Mas ser\u00e1 que vale a pena se mudar para a Europa? Compartilhamos aqui alguns pontos a pensar antes de tomar a decis\u00e3o.\" \/>\n<meta name=\"robots\" content=\"index, follow, max-snippet:-1, max-image-preview:large, max-video-preview:-1\" \/>\n<link rel=\"canonical\" href=\"https:\/\/quantocustaviajar.com\/blog\/vale-a-pena-se-mudar-para-a-europa\/\" \/>\n<meta property=\"og:locale\" content=\"pt_BR\" \/>\n<meta property=\"og:type\" content=\"article\" \/>\n<meta property=\"og:title\" content=\"Vale a pena se mudar para a Europa? - Blog Quanto Custa Viajar\" \/>\n<meta property=\"og:description\" content=\"Cansou do Brasil? Bem-vindo ao clube! Mas ser\u00e1 que vale a pena se mudar para a Europa? Compartilhamos aqui alguns pontos a pensar antes de tomar a decis\u00e3o.\" \/>\n<meta property=\"og:url\" content=\"https:\/\/quantocustaviajar.com\/blog\/vale-a-pena-se-mudar-para-a-europa\/\" \/>\n<meta property=\"og:site_name\" content=\"Blog Quanto Custa Viajar\" \/>\n<meta property=\"article:publisher\" content=\"https:\/\/www.facebook.com\/quantocustaviajar\" \/>\n<meta property=\"article:published_time\" content=\"2020-06-05T13:39:02+00:00\" \/>\n<meta property=\"article:modified_time\" content=\"2022-03-02T12:52:41+00:00\" \/>\n<meta property=\"og:image\" content=\"https:\/\/quantocustaviajar.com\/blog\/wp-content\/uploads\/2020\/03\/vale-a-pena-morar-na-europa.jpg\" \/>\n\t<meta property=\"og:image:width\" content=\"1406\" \/>\n\t<meta property=\"og:image:height\" content=\"873\" \/>\n\t<meta property=\"og:image:type\" content=\"image\/jpeg\" \/>\n<meta name=\"author\" content=\"Mari Dutra\" \/>\n<meta name=\"twitter:card\" content=\"summary_large_image\" \/>\n<meta name=\"twitter:creator\" content=\"@quasenomade\" \/>\n<meta name=\"twitter:label1\" content=\"Escrito por\" \/>\n\t<meta name=\"twitter:data1\" content=\"Mari Dutra\" \/>\n\t<meta name=\"twitter:label2\" content=\"Est. tempo de leitura\" \/>\n\t<meta name=\"twitter:data2\" content=\"13 minutos\" \/>\n<!-- \/ Yoast SEO plugin. -->","yoast_head_json":{"title":"Vale a pena se mudar para a Europa? - Blog Quanto Custa Viajar","description":"Cansou do Brasil? Bem-vindo ao clube! Mas ser\u00e1 que vale a pena se mudar para a Europa? Compartilhamos aqui alguns pontos a pensar antes de tomar a decis\u00e3o.","robots":{"index":"index","follow":"follow","max-snippet":"max-snippet:-1","max-image-preview":"max-image-preview:large","max-video-preview":"max-video-preview:-1"},"canonical":"https:\/\/quantocustaviajar.com\/blog\/vale-a-pena-se-mudar-para-a-europa\/","og_locale":"pt_BR","og_type":"article","og_title":"Vale a pena se mudar para a Europa? - Blog Quanto Custa Viajar","og_description":"Cansou do Brasil? Bem-vindo ao clube! Mas ser\u00e1 que vale a pena se mudar para a Europa? Compartilhamos aqui alguns pontos a pensar antes de tomar a decis\u00e3o.","og_url":"https:\/\/quantocustaviajar.com\/blog\/vale-a-pena-se-mudar-para-a-europa\/","og_site_name":"Blog Quanto Custa Viajar","article_publisher":"https:\/\/www.facebook.com\/quantocustaviajar","article_published_time":"2020-06-05T13:39:02+00:00","article_modified_time":"2022-03-02T12:52:41+00:00","og_image":[{"width":1406,"height":873,"url":"https:\/\/quantocustaviajar.com\/blog\/wp-content\/uploads\/2020\/03\/vale-a-pena-morar-na-europa.jpg","type":"image\/jpeg"}],"author":"Mari Dutra","twitter_card":"summary_large_image","twitter_creator":"@quasenomade","twitter_misc":{"Escrito por":"Mari Dutra","Est. tempo de leitura":"13 minutos"},"schema":{"@context":"https:\/\/schema.org","@graph":[{"@type":["Article","BlogPosting"],"@id":"https:\/\/quantocustaviajar.com\/blog\/vale-a-pena-se-mudar-para-a-europa\/#article","isPartOf":{"@id":"https:\/\/quantocustaviajar.com\/blog\/vale-a-pena-se-mudar-para-a-europa\/"},"author":{"name":"Mari Dutra","@id":"https:\/\/quantocustaviajar.com\/blog\/#\/schema\/person\/cf1309504837a3099648280049df8d0d"},"headline":"Vale a pena se mudar para a Europa?","datePublished":"2020-06-05T13:39:02+00:00","dateModified":"2022-03-02T12:52:41+00:00","mainEntityOfPage":{"@id":"https:\/\/quantocustaviajar.com\/blog\/vale-a-pena-se-mudar-para-a-europa\/"},"wordCount":2530,"commentCount":2,"publisher":{"@id":"https:\/\/quantocustaviajar.com\/blog\/#organization"},"image":{"@id":"https:\/\/quantocustaviajar.com\/blog\/vale-a-pena-se-mudar-para-a-europa\/#primaryimage"},"thumbnailUrl":"https:\/\/quantocustaviajar.com\/blog\/wp-content\/uploads\/2020\/03\/vale-a-pena-morar-na-europa.jpg","keywords":["europa","mudan\u00e7a internacional","mudar de pa\u00eds","mudar para europa"],"articleSection":["Especial QCV"],"inLanguage":"pt-BR","potentialAction":[{"@type":"CommentAction","name":"Comment","target":["https:\/\/quantocustaviajar.com\/blog\/vale-a-pena-se-mudar-para-a-europa\/#respond"]}]},{"@type":"WebPage","@id":"https:\/\/quantocustaviajar.com\/blog\/vale-a-pena-se-mudar-para-a-europa\/","url":"https:\/\/quantocustaviajar.com\/blog\/vale-a-pena-se-mudar-para-a-europa\/","name":"Vale a pena se mudar para a Europa? - Blog Quanto Custa Viajar","isPartOf":{"@id":"https:\/\/quantocustaviajar.com\/blog\/#website"},"primaryImageOfPage":{"@id":"https:\/\/quantocustaviajar.com\/blog\/vale-a-pena-se-mudar-para-a-europa\/#primaryimage"},"image":{"@id":"https:\/\/quantocustaviajar.com\/blog\/vale-a-pena-se-mudar-para-a-europa\/#primaryimage"},"thumbnailUrl":"https:\/\/quantocustaviajar.com\/blog\/wp-content\/uploads\/2020\/03\/vale-a-pena-morar-na-europa.jpg","datePublished":"2020-06-05T13:39:02+00:00","dateModified":"2022-03-02T12:52:41+00:00","description":"Cansou do Brasil? Bem-vindo ao clube! Mas ser\u00e1 que vale a pena se mudar para a Europa? Compartilhamos aqui alguns pontos a pensar antes de tomar a decis\u00e3o.","breadcrumb":{"@id":"https:\/\/quantocustaviajar.com\/blog\/vale-a-pena-se-mudar-para-a-europa\/#breadcrumb"},"inLanguage":"pt-BR","potentialAction":[{"@type":"ReadAction","target":["https:\/\/quantocustaviajar.com\/blog\/vale-a-pena-se-mudar-para-a-europa\/"]}]},{"@type":"ImageObject","inLanguage":"pt-BR","@id":"https:\/\/quantocustaviajar.com\/blog\/vale-a-pena-se-mudar-para-a-europa\/#primaryimage","url":"https:\/\/quantocustaviajar.com\/blog\/wp-content\/uploads\/2020\/03\/vale-a-pena-morar-na-europa.jpg","contentUrl":"https:\/\/quantocustaviajar.com\/blog\/wp-content\/uploads\/2020\/03\/vale-a-pena-morar-na-europa.jpg","width":1406,"height":873,"caption":"mudar para a Europa"},{"@type":"BreadcrumbList","@id":"https:\/\/quantocustaviajar.com\/blog\/vale-a-pena-se-mudar-para-a-europa\/#breadcrumb","itemListElement":[{"@type":"ListItem","position":1,"name":"In\u00edcio","item":"https:\/\/quantocustaviajar.com\/blog\/"},{"@type":"ListItem","position":2,"name":"Vale a pena se mudar para a Europa?"}]},{"@type":"WebSite","@id":"https:\/\/quantocustaviajar.com\/blog\/#website","url":"https:\/\/quantocustaviajar.com\/blog\/","name":"Blog Quanto Custa Viajar","description":"","publisher":{"@id":"https:\/\/quantocustaviajar.com\/blog\/#organization"},"potentialAction":[{"@type":"SearchAction","target":{"@type":"EntryPoint","urlTemplate":"https:\/\/quantocustaviajar.com\/blog\/?s={search_term_string}"},"query-input":{"@type":"PropertyValueSpecification","valueRequired":true,"valueName":"search_term_string"}}],"inLanguage":"pt-BR"},{"@type":"Organization","@id":"https:\/\/quantocustaviajar.com\/blog\/#organization","name":"Quanto Custa Viajar","url":"https:\/\/quantocustaviajar.com\/blog\/","logo":{"@type":"ImageObject","inLanguage":"pt-BR","@id":"https:\/\/quantocustaviajar.com\/blog\/#\/schema\/logo\/image\/","url":"","contentUrl":"","caption":"Quanto Custa Viajar"},"image":{"@id":"https:\/\/quantocustaviajar.com\/blog\/#\/schema\/logo\/image\/"},"sameAs":["https:\/\/www.facebook.com\/quantocustaviajar"]},{"@type":"Person","@id":"https:\/\/quantocustaviajar.com\/blog\/#\/schema\/person\/cf1309504837a3099648280049df8d0d","name":"Mari Dutra","image":{"@type":"ImageObject","inLanguage":"pt-BR","@id":"https:\/\/quantocustaviajar.com\/blog\/#\/schema\/person\/image\/","url":"https:\/\/secure.gravatar.com\/avatar\/2997bb527ae39d049d9eb8d6c54262bd37451dfd0dba672807ddfae6c8e86713?s=96&d=mm&r=g","contentUrl":"https:\/\/secure.gravatar.com\/avatar\/2997bb527ae39d049d9eb8d6c54262bd37451dfd0dba672807ddfae6c8e86713?s=96&d=mm&r=g","caption":"Mari Dutra"},"description":"Puxa uma cadeira, porque eu amo falar sobre viagens, sustentabilidade e doguinhos n\u00f4mades. Tamb\u00e9m no Instagram e no Quase N\u00f4made.","sameAs":["http:\/\/quasenomade.com","https:\/\/www.instagram.com\/quasenomade\/","https:\/\/br.pinterest.com\/quasenomade\/","https:\/\/x.com\/quasenomade"],"url":"https:\/\/quantocustaviajar.com\/blog\/author\/mari-dutra\/"}]}},"_links":{"self":[{"href":"https:\/\/quantocustaviajar.com\/blog\/wp-json\/wp\/v2\/posts\/42761","targetHints":{"allow":["GET"]}}],"collection":[{"href":"https:\/\/quantocustaviajar.com\/blog\/wp-json\/wp\/v2\/posts"}],"about":[{"href":"https:\/\/quantocustaviajar.com\/blog\/wp-json\/wp\/v2\/types\/post"}],"author":[{"embeddable":true,"href":"https:\/\/quantocustaviajar.com\/blog\/wp-json\/wp\/v2\/users\/12"}],"replies":[{"embeddable":true,"href":"https:\/\/quantocustaviajar.com\/blog\/wp-json\/wp\/v2\/comments?post=42761"}],"version-history":[{"count":29,"href":"https:\/\/quantocustaviajar.com\/blog\/wp-json\/wp\/v2\/posts\/42761\/revisions"}],"predecessor-version":[{"id":52572,"href":"https:\/\/quantocustaviajar.com\/blog\/wp-json\/wp\/v2\/posts\/42761\/revisions\/52572"}],"wp:featuredmedia":[{"embeddable":true,"href":"https:\/\/quantocustaviajar.com\/blog\/wp-json\/wp\/v2\/media\/42799"}],"wp:attachment":[{"href":"https:\/\/quantocustaviajar.com\/blog\/wp-json\/wp\/v2\/media?parent=42761"}],"wp:term":[{"taxonomy":"category","embeddable":true,"href":"https:\/\/quantocustaviajar.com\/blog\/wp-json\/wp\/v2\/categories?post=42761"},{"taxonomy":"post_tag","embeddable":true,"href":"https:\/\/quantocustaviajar.com\/blog\/wp-json\/wp\/v2\/tags?post=42761"}],"curies":[{"name":"wp","href":"https:\/\/api.w.org\/{rel}","templated":true}]}}