{"id":42741,"date":"2020-03-12T11:57:58","date_gmt":"2020-03-12T11:57:58","guid":{"rendered":"https:\/\/quantocustaviajar.com\/blog\/?p=42741"},"modified":"2021-09-01T12:40:22","modified_gmt":"2021-09-01T12:40:22","slug":"museu-oscar-niemeyer-curitiba","status":"publish","type":"post","link":"https:\/\/quantocustaviajar.com\/blog\/museu-oscar-niemeyer-curitiba\/","title":{"rendered":"Vai visitar Curitiba? Voc\u00ea precisa conhecer o magn\u00edfico Museu Oscar Niemeyer, o Museu do Olho"},"content":{"rendered":"\n<p>A capital paranaense \u00e9 um prato cheio para quem deseja conhecer uma cidade brasileira que tenha pontos tur\u00edsticos ricos em beleza, cultura, natureza, hist\u00f3ria e arquitetura. Al\u00e9m de seus in\u00fameros parques, do Centro Hist\u00f3rico cheio de riqueza, da vida noturna badalada e dos \u00f3timos restaurantes, Curitiba \u00e9 tamb\u00e9m refer\u00eancia em termos de cultura, e hoje vamos falar sobre o <strong>Museu Oscar Niemeyer<\/strong> ou, como \u00e9 conhecido por quem j\u00e1 \u00e9 \u00edntimo, o <strong>Museu do Olho<\/strong>.<\/p><div id=\"ez-toc-container\" class=\"ez-toc-v2_0_76 ez-toc-wrap-left counter-hierarchy ez-toc-counter ez-toc-light-blue ez-toc-container-direction\">\n<div class=\"ez-toc-title-container\">\n<p class=\"ez-toc-title\" style=\"cursor:inherit\">Aqui voc\u00ea ir\u00e1 encontrar<\/p>\n<span class=\"ez-toc-title-toggle\"><a href=\"#\" class=\"ez-toc-pull-right ez-toc-btn ez-toc-btn-xs ez-toc-btn-default ez-toc-toggle\" aria-label=\"Alternar tabela de conte\u00fado\"><span class=\"ez-toc-js-icon-con\"><span class=\"\"><span class=\"eztoc-hide\" style=\"display:none;\">Toggle<\/span><span class=\"ez-toc-icon-toggle-span\"><svg style=\"fill: #999;color:#999\" xmlns=\"http:\/\/www.w3.org\/2000\/svg\" class=\"list-377408\" width=\"20px\" height=\"20px\" viewBox=\"0 0 24 24\" fill=\"none\"><path d=\"M6 6H4v2h2V6zm14 0H8v2h12V6zM4 11h2v2H4v-2zm16 0H8v2h12v-2zM4 16h2v2H4v-2zm16 0H8v2h12v-2z\" fill=\"currentColor\"><\/path><\/svg><svg style=\"fill: #999;color:#999\" class=\"arrow-unsorted-368013\" xmlns=\"http:\/\/www.w3.org\/2000\/svg\" width=\"10px\" height=\"10px\" viewBox=\"0 0 24 24\" version=\"1.2\" baseProfile=\"tiny\"><path d=\"M18.2 9.3l-6.2-6.3-6.2 6.3c-.2.2-.3.4-.3.7s.1.5.3.7c.2.2.4.3.7.3h11c.3 0 .5-.1.7-.3.2-.2.3-.5.3-.7s-.1-.5-.3-.7zM5.8 14.7l6.2 6.3 6.2-6.3c.2-.2.3-.5.3-.7s-.1-.5-.3-.7c-.2-.2-.4-.3-.7-.3h-11c-.3 0-.5.1-.7.3-.2.2-.3.5-.3.7s.1.5.3.7z\"\/><\/svg><\/span><\/span><\/span><\/a><\/span><\/div>\n<nav><ul class='ez-toc-list ez-toc-list-level-1 ' ><li class='ez-toc-page-1 ez-toc-heading-level-2'><a class=\"ez-toc-link ez-toc-heading-1\" href=\"https:\/\/quantocustaviajar.com\/blog\/museu-oscar-niemeyer-curitiba\/#Mais_um_pouco_sobre_o_Museu_Oscar_Niemeyer\" >Mais um pouco sobre o Museu Oscar Niemeyer<\/a><\/li><li class='ez-toc-page-1 ez-toc-heading-level-2'><a class=\"ez-toc-link ez-toc-heading-2\" href=\"https:\/\/quantocustaviajar.com\/blog\/museu-oscar-niemeyer-curitiba\/#O_que_fazer_nas_proximidades_do_MON\" >O que fazer nas proximidades do MON<\/a><\/li><li class='ez-toc-page-1 ez-toc-heading-level-2'><a class=\"ez-toc-link ez-toc-heading-3\" href=\"https:\/\/quantocustaviajar.com\/blog\/museu-oscar-niemeyer-curitiba\/#Onde_ficar_em_Curitiba\" >Onde ficar em Curitiba<\/a><\/li><\/ul><\/nav><\/div>\n\n\n\n\n<p>A refer\u00eancia ao olho est\u00e1 no visual arquitet\u00f4nico do museu, que foi projetado pelo grande arquiteto brasileiro que d\u00e1 nome \u00e0 obra. <\/p>\n\n\n\n<blockquote class=\"wp-block-quote is-layout-flow wp-block-quote-is-layout-flow\"><p><strong><a href=\"https:\/\/www.turismocity.com.br\/passagens-aereas-para-CWB-Curitiba?from=SAO&amp;utm_source=qcv&amp;utm_medium=blog\" target=\"_blank\" rel=\"noreferrer noopener\" aria-label=\" (abre numa nova aba)\">Partiu, Curitiba? Encontre passagens a\u00e9reas para a capital paranaense aqui<\/a><\/strong><\/p><\/blockquote>\n\n\n\n<div class=\"wp-block-image\"><figure class=\"aligncenter\"><img loading=\"lazy\" decoding=\"async\" width=\"800\" height=\"657\" src=\"https:\/\/quantocustaviajar.com\/blog\/wp-content\/uploads\/2020\/03\/museu-oscar-niemeyer-curitiba-1.jpg\" alt=\"museu oscar niemeyer\" class=\"wp-image-42743\" srcset=\"https:\/\/quantocustaviajar.com\/blog\/wp-content\/uploads\/2020\/03\/museu-oscar-niemeyer-curitiba-1.jpg 800w, https:\/\/quantocustaviajar.com\/blog\/wp-content\/uploads\/2020\/03\/museu-oscar-niemeyer-curitiba-1-300x246.jpg 300w, https:\/\/quantocustaviajar.com\/blog\/wp-content\/uploads\/2020\/03\/museu-oscar-niemeyer-curitiba-1-768x631.jpg 768w\" sizes=\"auto, (max-width: 800px) 100vw, 800px\" \/><figcaption>Foto: <a href=\"https:\/\/quantocustaviajar.com\/\" target=\"_blank\" rel=\"noreferrer noopener\" aria-label=\"Equipe Quanto Custa Viajar (abre numa nova aba)\">Equipe Quanto Custa Viajar<\/a><\/figcaption><\/figure><\/div>\n\n\n\n<p>O acervo do MON tem\naproximadamente 7 mil obras de artes visuais, arquitetura e design, e esse\ngigante \u00e9 simplesmente o <strong>maior museu de arte da Am\u00e9rica Latina<\/strong>, com 37\nmil metros quadrados de \u00e1rea constru\u00edda e 17 mil quadrados de \u00e1rea para\nexposi\u00e7\u00e3o, ou seja: v\u00e1 ao museu com tempo, essa n\u00e3o ser\u00e1 uma visita r\u00e1pida,\nn\u00e3o!<\/p>\n\n\n\n<p>Na ativa desde 2002, o Museu\nOscar Niemeyer tem 12 salas expositivas e, anualmente, mais de 20 mostras s\u00e3o\nrealizadas para receber os visitantes (mais de 360 mil pessoas por ano!).<\/p>\n\n\n\n<h2 class=\"wp-block-heading\"><span class=\"ez-toc-section\" id=\"Mais_um_pouco_sobre_o_Museu_Oscar_Niemeyer\"><\/span>Mais um pouco sobre o Museu Oscar Niemeyer<span class=\"ez-toc-section-end\"><\/span><\/h2>\n\n\n\n<div class=\"wp-block-image\"><figure class=\"aligncenter\"><img loading=\"lazy\" decoding=\"async\" width=\"800\" height=\"600\" src=\"https:\/\/quantocustaviajar.com\/blog\/wp-content\/uploads\/2020\/03\/museu-oscar-niemeyer-curitiba-2.jpg\" alt=\"museu oscar niemeyer\" class=\"wp-image-42744\" srcset=\"https:\/\/quantocustaviajar.com\/blog\/wp-content\/uploads\/2020\/03\/museu-oscar-niemeyer-curitiba-2.jpg 800w, https:\/\/quantocustaviajar.com\/blog\/wp-content\/uploads\/2020\/03\/museu-oscar-niemeyer-curitiba-2-300x225.jpg 300w, https:\/\/quantocustaviajar.com\/blog\/wp-content\/uploads\/2020\/03\/museu-oscar-niemeyer-curitiba-2-768x576.jpg 768w\" sizes=\"auto, (max-width: 800px) 100vw, 800px\" \/><figcaption>Foto: <a href=\"https:\/\/quantocustaviajar.com\/\" target=\"_blank\" rel=\"noreferrer noopener\" aria-label=\"Equipe Quanto Custa Viajar (abre numa nova aba)\">Equipe Quanto Custa Viajar<\/a><\/figcaption><\/figure><\/div>\n\n\n\n<p>O acervo do MON \u00e9 riqu\u00edssimo e conta com obras de talentos como Jo\u00e3o Turin, Guido Varo, Tarsila do Amaral, C\u00e2ndido Portinari, Carib\u00e9, Tomie Ohtake, Andy Warhol, Di Cavalcanti e, claro, do pr\u00f3prio Oscar Niemeyer, al\u00e9m de outros.<\/p>\n\n\n\n<p>O Museu Oscar Niemeyer conta com\numa grande cole\u00e7\u00e3o de obras asi\u00e1ticas, que recebeu como doa\u00e7\u00e3o do diplomata Fausto\nGodoy. S\u00e3o cerca de 3 mil pe\u00e7as com datas que v\u00e3o de 3000 a.C at\u00e9 o s\u00e9culo 21.<\/p>\n\n\n\n<p>A visita\u00e7\u00e3o ao MON \u00e9 uma\natividade atrativa para quem busca outras op\u00e7\u00f5es al\u00e9m da visita\u00e7\u00e3o do acervo.\nPor meio do Setor Educativo, o museu promove atividades diversas para fam\u00edlias,\ncrian\u00e7as, jovens e grupos com necessidades especiais, seja por meio de\nvisita\u00e7\u00f5es guiadas, oficinas, cursos e o projeto de col\u00f4nia de f\u00e9rias, que\nfunciona em janeiro e em julho.<\/p>\n\n\n\n<p>No Centro de Documenta\u00e7\u00e3o e\nRefer\u00eancia, est\u00e3o dispon\u00edveis mais de 9 mil publica\u00e7\u00f5es e peri\u00f3dicos para\npesquisa, com materiais sobre hist\u00f3ria da arte, revistas especializadas,\ndepoimentos de artistas e curadores. O acesso \u00e0 biblioteca \u00e9 gratuito.<\/p>\n\n\n\n<div class=\"wp-block-image\"><figure class=\"aligncenter\"><img loading=\"lazy\" decoding=\"async\" width=\"1024\" height=\"682\" src=\"https:\/\/quantocustaviajar.com\/blog\/wp-content\/uploads\/2020\/03\/museu-oscar-niemeyer-curitiba-3-1024x682.jpg\" alt=\"Museu Oscar Niemeyer\" class=\"wp-image-42745\" srcset=\"https:\/\/quantocustaviajar.com\/blog\/wp-content\/uploads\/2020\/03\/museu-oscar-niemeyer-curitiba-3.jpg 1024w, https:\/\/quantocustaviajar.com\/blog\/wp-content\/uploads\/2020\/03\/museu-oscar-niemeyer-curitiba-3-300x200.jpg 300w, https:\/\/quantocustaviajar.com\/blog\/wp-content\/uploads\/2020\/03\/museu-oscar-niemeyer-curitiba-3-768x512.jpg 768w\" sizes=\"auto, (max-width: 1024px) 100vw, 1024px\" \/><figcaption>Foto: <a href=\"https:\/\/pt.m.wikipedia.org\/wiki\/Ficheiro:CWB_Olho_Niemeyer_11_2013_7268.JPG\" rel=\"noopener\">Wikimedia Commons<\/a><\/figcaption><\/figure><\/div>\n\n\n\n<p>O museu, que conta com tr\u00eas pisos\n(subsolo, t\u00e9rreo e primeiro pavimento), \u00e9 constru\u00eddo em estilo moderno e seu\ninterior tem corredores incr\u00edveis, que criam ilus\u00f5es interessantes e acabam\nrendendo fotos divertidas entre os turistas.<\/p>\n\n\n\n<p>O primeiro piso \u00e9 onde est\u00e3o a\nmaioria das exposi\u00e7\u00f5es. No subsolo est\u00e3o a exposi\u00e7\u00e3o permanente de projetos,\nfotos e maquetes de Niemeyer, al\u00e9m do espa\u00e7o onde s\u00e3o realizadas as oficinas\neducativas e outros eventos. O anexo, que \u00e9 a parte conhecida como Olho, tem 30\nmetros de altura e \u00e9 composto por quatro pavimentos.<\/p>\n\n\n\n<p>Al\u00e9m da \u00e1rea para exposi\u00e7\u00e3o, o\nMON conta tamb\u00e9m com uma loja que vende produtos da marca e tamb\u00e9m relacionados\n\u00e0 arte, e um caf\u00e9 aconchegante para que voc\u00ea tenha onde fazer um lanche e\ndescansar. H\u00e1 dois estacionamentos, com um total de 316 vagas.<\/p>\n\n\n\n<p>O Museu Oscar Niemeyer est\u00e1\naberto \u00e0 visita\u00e7\u00e3o de ter\u00e7a-feira a domingo, das 10h \u00e0s 18h. O pre\u00e7o do ingresso\n\u00e9 R$ 20 (inteira) e R$ 10 (meia), e \u00e0s <strong>quartas-feiras a entrada \u00e9 livre para\ntodos<\/strong>.<\/p>\n\n\n\n<h2 class=\"wp-block-heading\"><span class=\"ez-toc-section\" id=\"O_que_fazer_nas_proximidades_do_MON\"><\/span>O que fazer nas proximidades do MON<span class=\"ez-toc-section-end\"><\/span><\/h2>\n\n\n\n<p>Depois de conhecer o Museu Oscar Niemeyer e conferir seu acervo fixo e suas exposi\u00e7\u00f5es, talvez ainda sobre um tempinho para que voc\u00ea curta seu passeio pela fria, mas simp\u00e1tica, <strong><a href=\"https:\/\/quantocustaviajar.com\/brasil\/curitiba\" target=\"_blank\" rel=\"noreferrer noopener\" aria-label=\" (abre numa nova aba)\">Curitiba<\/a><\/strong>.<\/p>\n\n\n\n<p>Pertinho do Museu do Olho est\u00e1 o\nBosque do Papa, que tem esse nome devido \u00e0 visita do Papa Jo\u00e3o Paulo II e \u00e9 um\ndos cart\u00f5es postais mais charmosos da cidade. Sede do Memorial da Imigra\u00e7\u00e3o\nPolonesa, o Bosque do Papa conta com 7 casas t\u00edpicas polonesas, em formato de\naldeia, e que ajudam a contar a hist\u00f3ria desses imigrantes. Visitar essas\ncasinhas \u00e9 como fazer uma incr\u00edvel viagem no tempo, e voc\u00ea n\u00e3o paga nada para\nisso \u2013 o acesso \u00e9 gratuito e o bosque fica aberto todos os dias, das 8h \u00e0s 18h.\n<\/p>\n\n\n\n<div class=\"wp-block-image\"><figure class=\"aligncenter\"><img loading=\"lazy\" decoding=\"async\" width=\"876\" height=\"590\" src=\"https:\/\/quantocustaviajar.com\/blog\/wp-content\/uploads\/2020\/03\/bosque-do-papa-curitiba-01.jpg\" alt=\"\" class=\"wp-image-42747\" srcset=\"https:\/\/quantocustaviajar.com\/blog\/wp-content\/uploads\/2020\/03\/bosque-do-papa-curitiba-01.jpg 876w, https:\/\/quantocustaviajar.com\/blog\/wp-content\/uploads\/2020\/03\/bosque-do-papa-curitiba-01-300x202.jpg 300w, https:\/\/quantocustaviajar.com\/blog\/wp-content\/uploads\/2020\/03\/bosque-do-papa-curitiba-01-768x517.jpg 768w\" sizes=\"auto, (max-width: 876px) 100vw, 876px\" \/><figcaption>Foto: <a href=\"https:\/\/pt.m.wikipedia.org\/wiki\/Ficheiro:Curitiba_-_Bosque_do_Papa_-_Casa_de_Colono_Polones.jpg\" rel=\"noopener\">Wikimedia Commons<\/a><\/figcaption><\/figure><\/div>\n\n\n\n<p>Seguindo em dire\u00e7\u00e3o ao centro da\ncapital, voc\u00ea poder\u00e1 conhecer o Passeio P\u00fablico, que \u00e9 o parque mais antigo de\nCuritiba, inaugurado em 1886. O lugar passou por reformas recentemente e \u00e9 um\nexcelente passeio para toda a fam\u00edlia. <\/p>\n\n\n\n<p>L\u00e1, voc\u00ea poder\u00e1 conferir o terr\u00e1rio,\nque tem 40 animais como serpentes e lagartos; e o aqu\u00e1rio, com 30 variedades de\npeixes de rios e ornamentais. Ao longo do parque est\u00e3o viveiros grandiosos com\np\u00e1ssaros de v\u00e1rias esp\u00e9cies e origens. O local conta tamb\u00e9m com restaurante,\nciclovia, pista para caminhadas, biciclet\u00e1rio e espa\u00e7o para que as crian\u00e7as\nbrinquem. A entrada \u00e9 gratuita e o Passeio P\u00fablico funciona de ter\u00e7a-feira a\ndomingo, das 06h \u00e0s 20h.<\/p>\n\n\n\n<div class=\"wp-block-image\"><figure class=\"aligncenter\"><img loading=\"lazy\" decoding=\"async\" width=\"800\" height=\"592\" src=\"https:\/\/quantocustaviajar.com\/blog\/wp-content\/uploads\/2018\/11\/passeio-publico-em-curitiba-1.jpg\" alt=\"\" class=\"wp-image-39725\" srcset=\"https:\/\/quantocustaviajar.com\/blog\/wp-content\/uploads\/2018\/11\/passeio-publico-em-curitiba-1.jpg 800w, https:\/\/quantocustaviajar.com\/blog\/wp-content\/uploads\/2018\/11\/passeio-publico-em-curitiba-1-300x222.jpg 300w, https:\/\/quantocustaviajar.com\/blog\/wp-content\/uploads\/2018\/11\/passeio-publico-em-curitiba-1-768x568.jpg 768w\" sizes=\"auto, (max-width: 800px) 100vw, 800px\" \/><figcaption>Foto: <a href=\"https:\/\/pt.wikipedia.org\/wiki\/Ficheiro:Passeio_Publico_1_Curitiba_Brasil.jpg\" target=\"_blank\" rel=\"noopener noreferrer\">Wikimedia Commons<\/a><\/figcaption><\/figure><\/div>\n\n\n\n<p>Se estiver no Passeio P\u00fablico, v\u00e1\ntamb\u00e9m ao Largo da Ordem, que fica pertinho e \u00e9 o cora\u00e7\u00e3o do Centro Hist\u00f3rico\nda cidade. Com muitas op\u00e7\u00f5es para sentar, tomar uma cerveja e descansar um\npouco, a regi\u00e3o do Largo da Ordem \u00e9 parada obrigat\u00f3ria e, se quiser comprar\nlembrancinhas, aos domingos a regi\u00e3o vira uma feirinha espetacular, com o\nmelhor do artesanato e dos quitutes locais. N\u00e3o d\u00e1 para perder!<\/p>\n\n\n\n<p>O local abriga pr\u00e9dios hist\u00f3ricos\nincr\u00edveis, como a Igreja da Ordem Terceira de S\u00e3o Francisco das Chagas, a Casa\nRom\u00e1rio Martins, a Casa Vermelha, o Museu da Arte Sacra e o Bebedouro.<\/p>\n\n\n\n<div class=\"wp-block-image\"><figure class=\"aligncenter\"><img loading=\"lazy\" decoding=\"async\" width=\"768\" height=\"511\" src=\"https:\/\/quantocustaviajar.com\/blog\/wp-content\/uploads\/2020\/03\/largo-da-ordem-curitiba-01.jpg\" alt=\"\" class=\"wp-image-42748\" srcset=\"https:\/\/quantocustaviajar.com\/blog\/wp-content\/uploads\/2020\/03\/largo-da-ordem-curitiba-01.jpg 768w, https:\/\/quantocustaviajar.com\/blog\/wp-content\/uploads\/2020\/03\/largo-da-ordem-curitiba-01-300x200.jpg 300w\" sizes=\"auto, (max-width: 768px) 100vw, 768px\" \/><figcaption>Foto: <a href=\"https:\/\/commons.wikimedia.org\/wiki\/File:Brasil-CURITIBA-PARANA-BRAZIL-FOTOS-PHOTOS-26.jpg\" rel=\"noopener\">Wikimedia Commons<\/a><\/figcaption><\/figure><\/div>\n\n\n\n<p>Depois de passear pelo Largo da Ordem, voc\u00ea pode recarregar as energias com a melhor comida mexicana da regi\u00e3o. No bar La Santa, que fica pertinho do Largo, na rua Paula Gomes, voc\u00ea vai poder absorver a atmosfera curitibana underground, comendo seu burrito e tomando sua cervejinha gelada \u2013 com direito a churros de sobremesa \u2013 do jeito que os curitibanos fazem: em p\u00e9, na rua, com muita gente em volta e em clima de festa. <\/p>\n\n\n\n<div class=\"wp-block-image\"><figure class=\"aligncenter\"><img loading=\"lazy\" decoding=\"async\" width=\"1024\" height=\"683\" src=\"https:\/\/quantocustaviajar.com\/blog\/wp-content\/uploads\/2020\/03\/la-santa-bar-curitiba-01-1024x683.jpg\" alt=\"\" class=\"wp-image-42749\" srcset=\"https:\/\/quantocustaviajar.com\/blog\/wp-content\/uploads\/2020\/03\/la-santa-bar-curitiba-01-1024x683.jpg 1024w, https:\/\/quantocustaviajar.com\/blog\/wp-content\/uploads\/2020\/03\/la-santa-bar-curitiba-01-300x200.jpg 300w, https:\/\/quantocustaviajar.com\/blog\/wp-content\/uploads\/2020\/03\/la-santa-bar-curitiba-01-768x512.jpg 768w, https:\/\/quantocustaviajar.com\/blog\/wp-content\/uploads\/2020\/03\/la-santa-bar-curitiba-01-1920x1280.jpg 1920w, https:\/\/quantocustaviajar.com\/blog\/wp-content\/uploads\/2020\/03\/la-santa-bar-curitiba-01.jpg 2048w\" sizes=\"auto, (max-width: 1024px) 100vw, 1024px\" \/><figcaption>Foto: reprodu\u00e7\u00e3o \/ <a href=\"https:\/\/www.facebook.com\/lasantabarycocina\/photos\/a.302064633257539\/1078588595605135\/?type=3&amp;theater\" rel=\"noopener\">La Santa Bar<\/a><\/figcaption><\/figure><\/div>\n\n\n\n<p>A experi\u00eancia vale a pena em muitos aspectos e um deles certamente \u00e9 a m\u00e3o cheia do chef Rithi Rocateli, que \u00e9 quem prepara as del\u00edcias do La Santa. Os burritos e nachos grandes custam R$ 25 e o melhor churros de todos os tempos sai por R$ 5.<\/p>\n\n\n\n<blockquote class=\"wp-block-quote is-layout-flow wp-block-quote-is-layout-flow\"><p><strong><a href=\"https:\/\/quantocustaviajar.com\/brasil\/curitiba\/passeios\" target=\"_blank\" rel=\"noreferrer noopener\" aria-label=\" (abre numa nova aba)\">Veja mais passeios para fazer em Curitiba aqui<\/a><\/strong><\/p><\/blockquote>\n\n\n\n<h2 class=\"wp-block-heading\"><span class=\"ez-toc-section\" id=\"Onde_ficar_em_Curitiba\"><\/span>Onde ficar em Curitiba<span class=\"ez-toc-section-end\"><\/span><\/h2>\n\n\n\n<p>Uma op\u00e7\u00e3o pr\u00e1tica e acess\u00edvel de hospedagem \u00e9 o <a href=\"https:\/\/www.booking.com\/hotel\/br\/ibis-budget-curitiba-centro.pt-br.html?aid=304142;label=gen173nr-1FCAEoggI46AdIM1gEaCCIAQGYAS24AQbIAQzYAQHoAQH4AQuIAgGoAgO4Aq70mfMFwAIB;sid=ae358a299e0f2c27b4ea2b0b901e52a2;all_sr_blocks=224224407_98759820_2_2_0;checkin=2020-04-04;checkout=2020-04-05;dest_id=-639568;dest_type=city;dist=0;group_adults=2;group_children=0;hapos=4;highlighted_blocks=224224407_98759820_2_2_0;hpos=4;no_rooms=1;room1=A%2CA;sb_price_type=total;sr_order=popularity;sr_pri_blocks=224224407_98759820_2_2_0__12406;srepoch=1583775360;srpvid=72007bbfd3f100c6;type=total;ucfs=1&amp;#hotelTmpl\"><strong>Ibis Budget Curitiba<\/strong><\/a>, que fica no centro da cidade, perto de pontos tur\u00edsticos como o Passeio P\u00fablico, Largo da Ordem e Mercado Municipal. Esse hotel conta com bar e lanchonete, acomoda\u00e7\u00f5es para v\u00e1rios tipos de necessidades e, de quebra, aceita animais de estima\u00e7\u00e3o (com custo adicional). O pre\u00e7o da di\u00e1ria para duas pessoas vai de R$ 124 a R$ 192.<\/p>\n\n\n\n<p>Outra boa op\u00e7\u00e3o \u00e9 o <a rel=\"noreferrer noopener\" aria-label=\" (abre numa nova aba)\" href=\"https:\/\/www.booking.com\/hotel\/br\/centro-europeu-tourist.pt-br.html?aid=2161834\" target=\"_blank\"><strong>Hotel Centro Europeu<\/strong><\/a>, que fica no centro da cidade, perto da famosa Rua das Flores, e conta com restaurante, academia e um caf\u00e9 da manh\u00e3 de respeito. O valor da di\u00e1ria para duas pessoas vai de R$ 160 a R$ 259.<\/p>\n\n\n\n<p>Se a ideia for ficar em um albergue, sugerimos o <a rel=\"noreferrer noopener\" aria-label=\" (abre numa nova aba)\" href=\"https:\/\/www.booking.com\/hotel\/br\/motter-home-curitiba-hostel.pt-br.html?aid=2161834\" target=\"_blank\"><strong>Motter Home Curitiba Hostel<\/strong><\/a>, um estabelecimento situado em um lugar aconchegante, charmoso e com espa\u00e7o para que os h\u00f3spedes cozinhem ou curtam o ar livre no lounge ou no jardim. <\/p>\n\n\n\n<p>Os banheiros podem ser privativos\nou compartilhados, dependendo do tipo da acomoda\u00e7\u00e3o escolhida. Esse hostel fica\nperto de pontos tur\u00edsticos famosos, como a Torre Panor\u00e2mica e a Pra\u00e7a da\nUcr\u00e2nia. Se quiser levar seu bichinho de estima\u00e7\u00e3o com voc\u00ea, t\u00e1 liberado! O\nvalor da di\u00e1ria para uma pessoa em quarto misto ou feminino com 8 camas \u00e9 R$\n50. O quarto duplo para duas pessoas e com banheiro privativo custa R$ 150 por\ndia.<\/p>\n\n\n\n<blockquote class=\"wp-block-quote is-layout-flow wp-block-quote-is-layout-flow\"><p><strong><a rel=\"noreferrer noopener\" aria-label=\"Veja mais op\u00e7\u00f5es de hospedagem em Curitiba aqui! (abre numa nova aba)\" href=\"https:\/\/www.booking.com\/city\/br\/curitiba.pt-br.html?aid=2161834\" target=\"_blank\">Veja mais op\u00e7\u00f5es de hospedagem em Curitiba aqui!<\/a><\/strong><\/p><\/blockquote>\n\n\n\n<p>Agora nos conte: voc\u00ea j\u00e1 foi a Curitiba? Conheceu o Museu do Olho ou algum dos outros pontos que citamos no texto? Conta para a gente nos coment\u00e1rios!<\/p>\n\n\n\n<figure class=\"wp-block-embed-wordpress wp-block-embed is-type-wp-embed is-provider-blog-quanto-custa-viajar\"><div class=\"wp-block-embed__wrapper\">\n<blockquote class=\"wp-embedded-content\" data-secret=\"neFevAHPhW\"><a href=\"https:\/\/quantocustaviajar.com\/blog\/lugares-secretos-em-curitiba\/\">Lugares secretos em Curitiba para fazer rol\u00eas diferentes<\/a><\/blockquote><iframe loading=\"lazy\" class=\"wp-embedded-content\" sandbox=\"allow-scripts\" security=\"restricted\" style=\"position: absolute; visibility: hidden;\" title=\"&#8220;Lugares secretos em Curitiba para fazer rol\u00eas diferentes&#8221; &#8212; Blog Quanto Custa Viajar\" src=\"https:\/\/quantocustaviajar.com\/blog\/lugares-secretos-em-curitiba\/embed\/#?secret=Xox7TxNGtC#?secret=neFevAHPhW\" data-secret=\"neFevAHPhW\" width=\"600\" height=\"338\" frameborder=\"0\" marginwidth=\"0\" marginheight=\"0\" scrolling=\"no\"><\/iframe>\n<\/div><\/figure>\n","protected":false},"excerpt":{"rendered":"<p>A capital paranaense \u00e9 um prato cheio para quem deseja conhecer uma cidade brasileira que tenha pontos tur\u00edsticos ricos em beleza, cultura, natureza, hist\u00f3ria e arquitetura. Al\u00e9m de seus in\u00fameros parques, do Centro Hist\u00f3rico cheio de riqueza, da vida noturna badalada e dos \u00f3timos restaurantes, Curitiba \u00e9 tamb\u00e9m refer\u00eancia em termos de cultura, e hoje [&hellip;]<\/p>\n","protected":false},"author":11,"featured_media":42743,"comment_status":"open","ping_status":"open","sticky":false,"template":"","format":"standard","meta":{"cybocfi_hide_featured_image":"","footnotes":""},"categories":[1436,1434],"tags":[176,266,405,61,395,124,295],"class_list":["post-42741","post","type-post","status-publish","format-standard","has-post-thumbnail","hentry","category-artes-cultura-diversao","category-descubra-brasil","tag-america-do-sul","tag-brasil","tag-curitiba","tag-museu","tag-parana","tag-roteiro","tag-turismo"],"blocksy_meta":[],"yoast_head":"<!-- This site is optimized with the Yoast SEO plugin v26.3 - https:\/\/yoast.com\/wordpress\/plugins\/seo\/ -->\n<title>Museu Oscar Niemeyer: atra\u00e7\u00e3o imperd\u00edvel em seu passeio por Curitiba<\/title>\n<meta name=\"description\" content=\"S\u00edmbolo de arquitetura e cultura na cidade, quem viaja para Curitiba precisa conhecer de perto o incr\u00edvel Museu Oscar Niemeyer. Saiba mais sobre ele aqui!\" \/>\n<meta name=\"robots\" content=\"index, follow, max-snippet:-1, max-image-preview:large, max-video-preview:-1\" \/>\n<link rel=\"canonical\" href=\"https:\/\/quantocustaviajar.com\/blog\/museu-oscar-niemeyer-curitiba\/\" \/>\n<meta property=\"og:locale\" content=\"pt_BR\" \/>\n<meta property=\"og:type\" content=\"article\" \/>\n<meta property=\"og:title\" content=\"Vai visitar Curitiba? Voc\u00ea precisa conhecer o magn\u00edfico Museu Oscar Niemeyer, o Museu do Olho\" \/>\n<meta property=\"og:description\" content=\"S\u00edmbolo de arquitetura e cultura na cidade, quem viaja para Curitiba precisa conhecer de perto o incr\u00edvel Museu Oscar Niemeyer. Saiba mais sobre ele aqui!\" \/>\n<meta property=\"og:url\" content=\"https:\/\/quantocustaviajar.com\/blog\/museu-oscar-niemeyer-curitiba\/\" \/>\n<meta property=\"og:site_name\" content=\"Blog Quanto Custa Viajar\" \/>\n<meta property=\"article:publisher\" content=\"https:\/\/www.facebook.com\/quantocustaviajar\" \/>\n<meta property=\"article:published_time\" content=\"2020-03-12T11:57:58+00:00\" \/>\n<meta property=\"article:modified_time\" content=\"2021-09-01T12:40:22+00:00\" \/>\n<meta property=\"og:image\" content=\"https:\/\/quantocustaviajar.com\/blog\/wp-content\/uploads\/2020\/03\/museu-oscar-niemeyer-curitiba-1.jpg\" \/>\n\t<meta property=\"og:image:width\" content=\"800\" \/>\n\t<meta property=\"og:image:height\" content=\"657\" \/>\n\t<meta property=\"og:image:type\" content=\"image\/jpeg\" \/>\n<meta name=\"author\" content=\"Andressa Xavier Pellanda\" \/>\n<meta name=\"twitter:card\" content=\"summary_large_image\" \/>\n<meta name=\"twitter:label1\" content=\"Escrito por\" \/>\n\t<meta name=\"twitter:data1\" content=\"Andressa Xavier Pellanda\" \/>\n\t<meta name=\"twitter:label2\" content=\"Est. tempo de leitura\" \/>\n\t<meta name=\"twitter:data2\" content=\"7 minutos\" \/>\n<!-- \/ Yoast SEO plugin. -->","yoast_head_json":{"title":"Museu Oscar Niemeyer: atra\u00e7\u00e3o imperd\u00edvel em seu passeio por Curitiba","description":"S\u00edmbolo de arquitetura e cultura na cidade, quem viaja para Curitiba precisa conhecer de perto o incr\u00edvel Museu Oscar Niemeyer. Saiba mais sobre ele aqui!","robots":{"index":"index","follow":"follow","max-snippet":"max-snippet:-1","max-image-preview":"max-image-preview:large","max-video-preview":"max-video-preview:-1"},"canonical":"https:\/\/quantocustaviajar.com\/blog\/museu-oscar-niemeyer-curitiba\/","og_locale":"pt_BR","og_type":"article","og_title":"Vai visitar Curitiba? Voc\u00ea precisa conhecer o magn\u00edfico Museu Oscar Niemeyer, o Museu do Olho","og_description":"S\u00edmbolo de arquitetura e cultura na cidade, quem viaja para Curitiba precisa conhecer de perto o incr\u00edvel Museu Oscar Niemeyer. Saiba mais sobre ele aqui!","og_url":"https:\/\/quantocustaviajar.com\/blog\/museu-oscar-niemeyer-curitiba\/","og_site_name":"Blog Quanto Custa Viajar","article_publisher":"https:\/\/www.facebook.com\/quantocustaviajar","article_published_time":"2020-03-12T11:57:58+00:00","article_modified_time":"2021-09-01T12:40:22+00:00","og_image":[{"width":800,"height":657,"url":"https:\/\/quantocustaviajar.com\/blog\/wp-content\/uploads\/2020\/03\/museu-oscar-niemeyer-curitiba-1.jpg","type":"image\/jpeg"}],"author":"Andressa Xavier Pellanda","twitter_card":"summary_large_image","twitter_misc":{"Escrito por":"Andressa Xavier Pellanda","Est. tempo de leitura":"7 minutos"},"schema":{"@context":"https:\/\/schema.org","@graph":[{"@type":["Article","BlogPosting"],"@id":"https:\/\/quantocustaviajar.com\/blog\/museu-oscar-niemeyer-curitiba\/#article","isPartOf":{"@id":"https:\/\/quantocustaviajar.com\/blog\/museu-oscar-niemeyer-curitiba\/"},"author":{"name":"Andressa Xavier Pellanda","@id":"https:\/\/quantocustaviajar.com\/blog\/#\/schema\/person\/81b0aaf2069da1a2da54677906b42d3c"},"headline":"Vai visitar Curitiba? Voc\u00ea precisa conhecer o magn\u00edfico Museu Oscar Niemeyer, o Museu do Olho","datePublished":"2020-03-12T11:57:58+00:00","dateModified":"2021-09-01T12:40:22+00:00","mainEntityOfPage":{"@id":"https:\/\/quantocustaviajar.com\/blog\/museu-oscar-niemeyer-curitiba\/"},"wordCount":1414,"commentCount":2,"publisher":{"@id":"https:\/\/quantocustaviajar.com\/blog\/#organization"},"image":{"@id":"https:\/\/quantocustaviajar.com\/blog\/museu-oscar-niemeyer-curitiba\/#primaryimage"},"thumbnailUrl":"https:\/\/quantocustaviajar.com\/blog\/wp-content\/uploads\/2020\/03\/museu-oscar-niemeyer-curitiba-1.jpg","keywords":["am\u00e9rica do sul","Brasil","Curitiba","museu","Paran\u00e1","roteiro","turismo"],"articleSection":["Artes, Cultura &amp; Divers\u00e3o","Descubra o Brasil"],"inLanguage":"pt-BR","potentialAction":[{"@type":"CommentAction","name":"Comment","target":["https:\/\/quantocustaviajar.com\/blog\/museu-oscar-niemeyer-curitiba\/#respond"]}]},{"@type":"WebPage","@id":"https:\/\/quantocustaviajar.com\/blog\/museu-oscar-niemeyer-curitiba\/","url":"https:\/\/quantocustaviajar.com\/blog\/museu-oscar-niemeyer-curitiba\/","name":"Museu Oscar Niemeyer: atra\u00e7\u00e3o imperd\u00edvel em seu passeio por Curitiba","isPartOf":{"@id":"https:\/\/quantocustaviajar.com\/blog\/#website"},"primaryImageOfPage":{"@id":"https:\/\/quantocustaviajar.com\/blog\/museu-oscar-niemeyer-curitiba\/#primaryimage"},"image":{"@id":"https:\/\/quantocustaviajar.com\/blog\/museu-oscar-niemeyer-curitiba\/#primaryimage"},"thumbnailUrl":"https:\/\/quantocustaviajar.com\/blog\/wp-content\/uploads\/2020\/03\/museu-oscar-niemeyer-curitiba-1.jpg","datePublished":"2020-03-12T11:57:58+00:00","dateModified":"2021-09-01T12:40:22+00:00","description":"S\u00edmbolo de arquitetura e cultura na cidade, quem viaja para Curitiba precisa conhecer de perto o incr\u00edvel Museu Oscar Niemeyer. Saiba mais sobre ele aqui!","breadcrumb":{"@id":"https:\/\/quantocustaviajar.com\/blog\/museu-oscar-niemeyer-curitiba\/#breadcrumb"},"inLanguage":"pt-BR","potentialAction":[{"@type":"ReadAction","target":["https:\/\/quantocustaviajar.com\/blog\/museu-oscar-niemeyer-curitiba\/"]}]},{"@type":"ImageObject","inLanguage":"pt-BR","@id":"https:\/\/quantocustaviajar.com\/blog\/museu-oscar-niemeyer-curitiba\/#primaryimage","url":"https:\/\/quantocustaviajar.com\/blog\/wp-content\/uploads\/2020\/03\/museu-oscar-niemeyer-curitiba-1.jpg","contentUrl":"https:\/\/quantocustaviajar.com\/blog\/wp-content\/uploads\/2020\/03\/museu-oscar-niemeyer-curitiba-1.jpg","width":800,"height":657,"caption":"Foto: Equipe Quanto Custa Viajar"},{"@type":"BreadcrumbList","@id":"https:\/\/quantocustaviajar.com\/blog\/museu-oscar-niemeyer-curitiba\/#breadcrumb","itemListElement":[{"@type":"ListItem","position":1,"name":"In\u00edcio","item":"https:\/\/quantocustaviajar.com\/blog\/"},{"@type":"ListItem","position":2,"name":"Vai visitar Curitiba? Voc\u00ea precisa conhecer o magn\u00edfico Museu Oscar Niemeyer, o Museu do Olho"}]},{"@type":"WebSite","@id":"https:\/\/quantocustaviajar.com\/blog\/#website","url":"https:\/\/quantocustaviajar.com\/blog\/","name":"Blog Quanto Custa Viajar","description":"","publisher":{"@id":"https:\/\/quantocustaviajar.com\/blog\/#organization"},"potentialAction":[{"@type":"SearchAction","target":{"@type":"EntryPoint","urlTemplate":"https:\/\/quantocustaviajar.com\/blog\/?s={search_term_string}"},"query-input":{"@type":"PropertyValueSpecification","valueRequired":true,"valueName":"search_term_string"}}],"inLanguage":"pt-BR"},{"@type":"Organization","@id":"https:\/\/quantocustaviajar.com\/blog\/#organization","name":"Quanto Custa Viajar","url":"https:\/\/quantocustaviajar.com\/blog\/","logo":{"@type":"ImageObject","inLanguage":"pt-BR","@id":"https:\/\/quantocustaviajar.com\/blog\/#\/schema\/logo\/image\/","url":"","contentUrl":"","caption":"Quanto Custa Viajar"},"image":{"@id":"https:\/\/quantocustaviajar.com\/blog\/#\/schema\/logo\/image\/"},"sameAs":["https:\/\/www.facebook.com\/quantocustaviajar"]},{"@type":"Person","@id":"https:\/\/quantocustaviajar.com\/blog\/#\/schema\/person\/81b0aaf2069da1a2da54677906b42d3c","name":"Andressa Xavier Pellanda","image":{"@type":"ImageObject","inLanguage":"pt-BR","@id":"https:\/\/quantocustaviajar.com\/blog\/#\/schema\/person\/image\/","url":"https:\/\/secure.gravatar.com\/avatar\/efccc167c341de2100a574b335de06f5efda2310964e70124d995491728ed674?s=96&d=mm&r=g","contentUrl":"https:\/\/secure.gravatar.com\/avatar\/efccc167c341de2100a574b335de06f5efda2310964e70124d995491728ed674?s=96&d=mm&r=g","caption":"Andressa Xavier Pellanda"},"description":"Eu gosto de viajar antes mesmo de chegar ao destino!","url":"https:\/\/quantocustaviajar.com\/blog\/author\/andressa\/"}]}},"_links":{"self":[{"href":"https:\/\/quantocustaviajar.com\/blog\/wp-json\/wp\/v2\/posts\/42741","targetHints":{"allow":["GET"]}}],"collection":[{"href":"https:\/\/quantocustaviajar.com\/blog\/wp-json\/wp\/v2\/posts"}],"about":[{"href":"https:\/\/quantocustaviajar.com\/blog\/wp-json\/wp\/v2\/types\/post"}],"author":[{"embeddable":true,"href":"https:\/\/quantocustaviajar.com\/blog\/wp-json\/wp\/v2\/users\/11"}],"replies":[{"embeddable":true,"href":"https:\/\/quantocustaviajar.com\/blog\/wp-json\/wp\/v2\/comments?post=42741"}],"version-history":[{"count":5,"href":"https:\/\/quantocustaviajar.com\/blog\/wp-json\/wp\/v2\/posts\/42741\/revisions"}],"predecessor-version":[{"id":50292,"href":"https:\/\/quantocustaviajar.com\/blog\/wp-json\/wp\/v2\/posts\/42741\/revisions\/50292"}],"wp:featuredmedia":[{"embeddable":true,"href":"https:\/\/quantocustaviajar.com\/blog\/wp-json\/wp\/v2\/media\/42743"}],"wp:attachment":[{"href":"https:\/\/quantocustaviajar.com\/blog\/wp-json\/wp\/v2\/media?parent=42741"}],"wp:term":[{"taxonomy":"category","embeddable":true,"href":"https:\/\/quantocustaviajar.com\/blog\/wp-json\/wp\/v2\/categories?post=42741"},{"taxonomy":"post_tag","embeddable":true,"href":"https:\/\/quantocustaviajar.com\/blog\/wp-json\/wp\/v2\/tags?post=42741"}],"curies":[{"name":"wp","href":"https:\/\/api.w.org\/{rel}","templated":true}]}}