{"id":42356,"date":"2020-02-28T13:39:38","date_gmt":"2020-02-28T13:39:38","guid":{"rendered":"https:\/\/quantocustaviajar.com\/blog\/?p=42356"},"modified":"2020-02-28T13:39:40","modified_gmt":"2020-02-28T13:39:40","slug":"reserva-ecologica-do-sebui-parana","status":"publish","type":"post","link":"https:\/\/quantocustaviajar.com\/blog\/reserva-ecologica-do-sebui-parana\/","title":{"rendered":"Lave a alma em banhos de cachoeira na Reserva Ecol\u00f3gica do Sebu\u00ed, no Paran\u00e1"},"content":{"rendered":"\n<p>No litoral paranaense, entre Guaraque\u00e7aba e a Ilha de\nSuperagui, est\u00e1 situada a <strong>Reserva Ecol\u00f3gica do Sebu\u00ed<\/strong>, um lugar conhecido\npor ter cachoeiras fant\u00e1sticas de \u00e1guas cristalinas em cen\u00e1rios de tirar o\nf\u00f4lego. A visita \u00e0 reserva pode ser feita em apenas um dia, o que \u00e9 ideal para\nquem est\u00e1 em Superagui ou Guaraque\u00e7aba e deseja passar um dia diferente em meio\n\u00e0 natureza \u2013 e que natureza!<\/p><div id=\"ez-toc-container\" class=\"ez-toc-v2_0_76 ez-toc-wrap-left counter-hierarchy ez-toc-counter ez-toc-light-blue ez-toc-container-direction\">\n<div class=\"ez-toc-title-container\">\n<p class=\"ez-toc-title\" style=\"cursor:inherit\">Aqui voc\u00ea ir\u00e1 encontrar<\/p>\n<span class=\"ez-toc-title-toggle\"><a href=\"#\" class=\"ez-toc-pull-right ez-toc-btn ez-toc-btn-xs ez-toc-btn-default ez-toc-toggle\" aria-label=\"Alternar tabela de conte\u00fado\"><span class=\"ez-toc-js-icon-con\"><span class=\"\"><span class=\"eztoc-hide\" style=\"display:none;\">Toggle<\/span><span class=\"ez-toc-icon-toggle-span\"><svg style=\"fill: #999;color:#999\" xmlns=\"http:\/\/www.w3.org\/2000\/svg\" class=\"list-377408\" width=\"20px\" height=\"20px\" viewBox=\"0 0 24 24\" fill=\"none\"><path d=\"M6 6H4v2h2V6zm14 0H8v2h12V6zM4 11h2v2H4v-2zm16 0H8v2h12v-2zM4 16h2v2H4v-2zm16 0H8v2h12v-2z\" fill=\"currentColor\"><\/path><\/svg><svg style=\"fill: #999;color:#999\" class=\"arrow-unsorted-368013\" xmlns=\"http:\/\/www.w3.org\/2000\/svg\" width=\"10px\" height=\"10px\" viewBox=\"0 0 24 24\" version=\"1.2\" baseProfile=\"tiny\"><path d=\"M18.2 9.3l-6.2-6.3-6.2 6.3c-.2.2-.3.4-.3.7s.1.5.3.7c.2.2.4.3.7.3h11c.3 0 .5-.1.7-.3.2-.2.3-.5.3-.7s-.1-.5-.3-.7zM5.8 14.7l6.2 6.3 6.2-6.3c.2-.2.3-.5.3-.7s-.1-.5-.3-.7c-.2-.2-.4-.3-.7-.3h-11c-.3 0-.5.1-.7.3-.2.2-.3.5-.3.7s.1.5.3.7z\"\/><\/svg><\/span><\/span><\/span><\/a><\/span><\/div>\n<nav><ul class='ez-toc-list ez-toc-list-level-1 ' ><li class='ez-toc-page-1 ez-toc-heading-level-2'><a class=\"ez-toc-link ez-toc-heading-1\" href=\"https:\/\/quantocustaviajar.com\/blog\/reserva-ecologica-do-sebui-parana\/#As_cachoeiras_do_Sebui\" >As cachoeiras do Sebu\u00ed<\/a><\/li><li class='ez-toc-page-1 ez-toc-heading-level-2'><a class=\"ez-toc-link ez-toc-heading-2\" href=\"https:\/\/quantocustaviajar.com\/blog\/reserva-ecologica-do-sebui-parana\/#Outras_atracoes_da_Reserva_Ecologica_do_Sebui\" >Outras atra\u00e7\u00f5es da Reserva Ecol\u00f3gica do Sebu\u00ed<\/a><\/li><li class='ez-toc-page-1 ez-toc-heading-level-2'><a class=\"ez-toc-link ez-toc-heading-3\" href=\"https:\/\/quantocustaviajar.com\/blog\/reserva-ecologica-do-sebui-parana\/#Dicas_importantes\" >Dicas importantes<\/a><\/li><li class='ez-toc-page-1 ez-toc-heading-level-2'><a class=\"ez-toc-link ez-toc-heading-4\" href=\"https:\/\/quantocustaviajar.com\/blog\/reserva-ecologica-do-sebui-parana\/#Hospedagem_em_Guaraquecaba\" >Hospedagem em Guaraque\u00e7aba<\/a><\/li><\/ul><\/nav><\/div>\n\n\n\n\n<p>Quem quiser passar mais tempo na Reserva pode pernoitar e curtir as acomoda\u00e7\u00f5es r\u00fasticas do local \u2013 al\u00e9m, \u00e9 claro, a hospitalidade dos funcion\u00e1rios. A reserva fica em uma propriedade particular, a aproximadamente 175 km de <strong><a href=\"https:\/\/quantocustaviajar.com\/brasil\/curitiba\" target=\"_blank\" rel=\"noreferrer noopener\" aria-label=\"Curitiba (abre numa nova aba)\">Curitiba<\/a><\/strong>, e foi fundada em 1999, sendo considerada Patrim\u00f4nio Natural do pa\u00eds, com \u00e1rea total de 400 hectares.<\/p>\n\n\n\n<div class=\"wp-block-image\"><figure class=\"aligncenter\"><img loading=\"lazy\" decoding=\"async\" width=\"960\" height=\"720\" src=\"https:\/\/quantocustaviajar.com\/blog\/wp-content\/uploads\/2020\/02\/reserva-ecologica-do-sebui-9.jpg\" alt=\"reserva ecologica sebui\" class=\"wp-image-42367\" srcset=\"https:\/\/quantocustaviajar.com\/blog\/wp-content\/uploads\/2020\/02\/reserva-ecologica-do-sebui-9.jpg 960w, https:\/\/quantocustaviajar.com\/blog\/wp-content\/uploads\/2020\/02\/reserva-ecologica-do-sebui-9-300x225.jpg 300w, https:\/\/quantocustaviajar.com\/blog\/wp-content\/uploads\/2020\/02\/reserva-ecologica-do-sebui-9-768x576.jpg 768w\" sizes=\"auto, (max-width: 960px) 100vw, 960px\" \/><figcaption>Foto: divulga\u00e7\u00e3o \/ <a href=\"https:\/\/www.facebook.com\/ReservaEcologicaSebui\/\" rel=\"noopener\">Reserva Ecol\u00f3gica do Sebu\u00ed<\/a><\/figcaption><\/figure><\/div>\n\n\n\n<div class=\"wp-block-image\"><figure class=\"aligncenter\"><img loading=\"lazy\" decoding=\"async\" width=\"960\" height=\"720\" src=\"https:\/\/quantocustaviajar.com\/blog\/wp-content\/uploads\/2020\/02\/reserva-ecologica-do-sebui-10.jpg\" alt=\"reserva ecologica sebui\" class=\"wp-image-42366\" srcset=\"https:\/\/quantocustaviajar.com\/blog\/wp-content\/uploads\/2020\/02\/reserva-ecologica-do-sebui-10.jpg 960w, https:\/\/quantocustaviajar.com\/blog\/wp-content\/uploads\/2020\/02\/reserva-ecologica-do-sebui-10-300x225.jpg 300w, https:\/\/quantocustaviajar.com\/blog\/wp-content\/uploads\/2020\/02\/reserva-ecologica-do-sebui-10-768x576.jpg 768w\" sizes=\"auto, (max-width: 960px) 100vw, 960px\" \/><figcaption>Foto: divulga\u00e7\u00e3o \/ <a href=\"https:\/\/www.facebook.com\/ReservaEcologicaSebui\/\" rel=\"noopener\">Reserva Ecol\u00f3gica do Sebu\u00ed<\/a><\/figcaption><\/figure><\/div>\n\n\n\n<p>Ali, ainda h\u00e1 peda\u00e7os de Mata Atl\u00e2ntica que nunca foram explorados, o que garante uma diversidade de plantas e animais selvagens. O acesso \u00e9 feito apenas por barco ou lancha, e, saindo de Guaraque\u00e7aba, o percurso dura em m\u00e9dia 30 minutos.<\/p>\n\n\n\n<h2 class=\"wp-block-heading\"><span class=\"ez-toc-section\" id=\"As_cachoeiras_do_Sebui\"><\/span>As cachoeiras do Sebu\u00ed<span class=\"ez-toc-section-end\"><\/span><\/h2>\n\n\n\n<div class=\"wp-block-image\"><figure class=\"aligncenter\"><img loading=\"lazy\" decoding=\"async\" width=\"941\" height=\"706\" src=\"https:\/\/quantocustaviajar.com\/blog\/wp-content\/uploads\/2020\/02\/reserva-ecologica-do-sebui-1.jpg\" alt=\"reserva ecologica do sebui\" class=\"wp-image-42358\" srcset=\"https:\/\/quantocustaviajar.com\/blog\/wp-content\/uploads\/2020\/02\/reserva-ecologica-do-sebui-1.jpg 941w, https:\/\/quantocustaviajar.com\/blog\/wp-content\/uploads\/2020\/02\/reserva-ecologica-do-sebui-1-300x225.jpg 300w, https:\/\/quantocustaviajar.com\/blog\/wp-content\/uploads\/2020\/02\/reserva-ecologica-do-sebui-1-768x576.jpg 768w\" sizes=\"auto, (max-width: 941px) 100vw, 941px\" \/><figcaption>Foto: divulga\u00e7\u00e3o \/ <a href=\"https:\/\/www.facebook.com\/ReservaEcologicaSebui\/\" rel=\"noopener\">Reserva Ecol\u00f3gica do Sebu\u00ed<\/a><\/figcaption><\/figure><\/div>\n\n\n\n<p>O passeio na Reserva Ecol\u00f3gica do Sebu\u00ed \u00e9 feito com a ajuda\nde um guia local, e depois de descer do barco (\u00fanica forma de acesso), os\nvisitantes percorrem cerca de 1 km at\u00e9 chegar ao Ref\u00fagio. <\/p>\n\n\n\n<p>Ao todo, tr\u00eas cachoeiras s\u00e3o abertas \u00e0 visita\u00e7\u00e3o. A primeira\ndelas, <strong>Cachoeira Graciosa<\/strong>, \u00e9 a de\nacesso mais f\u00e1cil, com trilha aberta e corrim\u00e3o de corda em trechos que ficam \u00e0\nmargem do rio. Com 7 metros de queda, Graciosa forma uma piscina l\u00edmpida, com\ncerca de 2 metros de profundidade, e como fica a alguns minutos do Ref\u00fagio, \u00e9\num passeio ideal para fazer com as crian\u00e7as.<\/p>\n\n\n\n<div class=\"wp-block-image\"><figure class=\"aligncenter\"><img loading=\"lazy\" decoding=\"async\" width=\"941\" height=\"706\" src=\"https:\/\/quantocustaviajar.com\/blog\/wp-content\/uploads\/2020\/02\/reserva-ecologica-do-sebui-2.jpg\" alt=\"reserva ecologica do sebui\" class=\"wp-image-42359\" srcset=\"https:\/\/quantocustaviajar.com\/blog\/wp-content\/uploads\/2020\/02\/reserva-ecologica-do-sebui-2.jpg 941w, https:\/\/quantocustaviajar.com\/blog\/wp-content\/uploads\/2020\/02\/reserva-ecologica-do-sebui-2-300x225.jpg 300w, https:\/\/quantocustaviajar.com\/blog\/wp-content\/uploads\/2020\/02\/reserva-ecologica-do-sebui-2-768x576.jpg 768w\" sizes=\"auto, (max-width: 941px) 100vw, 941px\" \/><figcaption>Foto: divulga\u00e7\u00e3o \/ <a href=\"https:\/\/www.facebook.com\/ReservaEcologicaSebui\/\" rel=\"noopener\">Reserva Ecol\u00f3gica do Sebu\u00ed<\/a><\/figcaption><\/figure><\/div>\n\n\n\n<p>Depois dela, a <strong>Cachoeira\nPreciosa<\/strong> \u00e9 acessada atrav\u00e9s de uma trilha considerada mais dif\u00edcil \u2013 muitos\ndos visitantes preferem ficar pela Graciosa mesmo, inclusive, pois a trilha at\u00e9\na Preciosa conta com subidas \u00edngremes que exigem mais paci\u00eancia ou melhor\ncondicionamento f\u00edsico (s\u00e3o, em m\u00e9dia, de 15 a 20 minutos de subida).<\/p>\n\n\n\n<p>Quem se aventura, no entanto, garante que o esfor\u00e7o vale a pena e \u00e9 recompensado por uma vista de tirar o f\u00f4lego, pois h\u00e1 um mirante onde \u00e9 poss\u00edvel admirar a ba\u00eda e a vista ao redor. <\/p>\n\n\n\n<p>Nessa segunda cachoeira, voc\u00ea vai poder brincar de Tarzan e testar as musculaturas dos bra\u00e7os \u2013 o local conta com uma corda para quem se aventurar! Importante saber que o po\u00e7o da Preciosa \u00e9 fundo e chega a at\u00e9 10 metros.<\/p>\n\n\n\n<figure class=\"wp-block-image\"><img loading=\"lazy\" decoding=\"async\" width=\"682\" height=\"1024\" src=\"https:\/\/quantocustaviajar.com\/blog\/wp-content\/uploads\/2020\/02\/reserva-ecologica-do-sebui-3-682x1024.jpg\" alt=\"\" class=\"wp-image-42360\" srcset=\"https:\/\/quantocustaviajar.com\/blog\/wp-content\/uploads\/2020\/02\/reserva-ecologica-do-sebui-3-682x1024.jpg 682w, https:\/\/quantocustaviajar.com\/blog\/wp-content\/uploads\/2020\/02\/reserva-ecologica-do-sebui-3-200x300.jpg 200w, https:\/\/quantocustaviajar.com\/blog\/wp-content\/uploads\/2020\/02\/reserva-ecologica-do-sebui-3-768x1152.jpg 768w, https:\/\/quantocustaviajar.com\/blog\/wp-content\/uploads\/2020\/02\/reserva-ecologica-do-sebui-3.jpg 821w\" sizes=\"auto, (max-width: 682px) 100vw, 682px\" \/><figcaption>Foto: divulga\u00e7\u00e3o \/ <a href=\"https:\/\/www.facebook.com\/ReservaEcologicaSebui\/\" rel=\"noopener\">Reserva Ecol\u00f3gica do Sebu\u00ed<\/a><\/figcaption><\/figure>\n\n\n\n<p>A terceira cachoeira \u00e9 a do <strong>Bigu\u00e1<\/strong>, a maior das tr\u00eas, e se voc\u00ea cansou para chegar at\u00e9 a\nPreciosa, pode ficar tranquila, pois a trilha at\u00e9 essa terceira queda \u00e9 mais\ntranquila; s\u00e3o 1.800 metros percorridos com poucas inclina\u00e7\u00f5es. Dica\nimportante: se houver previs\u00e3o de chuvas fortes ou tempestades, n\u00e3o \u00e9\nrecomendado visitar a terceira cachoeira, mas fique tranquila: essa informa\u00e7\u00e3o\nser\u00e1 dada pelo guia local no dia da visita\u00e7\u00e3o.<\/p>\n\n\n\n<p>Depois do passeio, das caminhadas e dos mergulhos, os\nvisitantes voltam para o Reserva Ecol\u00f3gica do Sebu\u00ed e s\u00e3o recepcionados com um\nbel\u00edssimo almo\u00e7o Cai\u00e7ara, com peixes e frutos do mar \u2013 voc\u00ea precisar\u00e1 informar\ncom anteced\u00eancia aos propriet\u00e1rios o n\u00famero de visitantes e de refei\u00e7\u00f5es que\ndever\u00e3o ser preparadas. O almo\u00e7o custa R$ 45 por pessoa.<\/p>\n\n\n\n<figure class=\"wp-block-image\"><img loading=\"lazy\" decoding=\"async\" width=\"941\" height=\"706\" src=\"https:\/\/quantocustaviajar.com\/blog\/wp-content\/uploads\/2020\/02\/reserva-ecologica-do-sebui-4.jpg\" alt=\"\" class=\"wp-image-42361\" srcset=\"https:\/\/quantocustaviajar.com\/blog\/wp-content\/uploads\/2020\/02\/reserva-ecologica-do-sebui-4.jpg 941w, https:\/\/quantocustaviajar.com\/blog\/wp-content\/uploads\/2020\/02\/reserva-ecologica-do-sebui-4-300x225.jpg 300w, https:\/\/quantocustaviajar.com\/blog\/wp-content\/uploads\/2020\/02\/reserva-ecologica-do-sebui-4-768x576.jpg 768w\" sizes=\"auto, (max-width: 941px) 100vw, 941px\" \/><figcaption>Foto: divulga\u00e7\u00e3o \/ <a href=\"https:\/\/www.facebook.com\/ReservaEcologicaSebui\/\" rel=\"noopener\">Reserva Ecol\u00f3gica do Sebu\u00ed<\/a><\/figcaption><\/figure>\n\n\n\n<h2 class=\"wp-block-heading\"><span class=\"ez-toc-section\" id=\"Outras_atracoes_da_Reserva_Ecologica_do_Sebui\"><\/span>Outras atra\u00e7\u00f5es da Reserva Ecol\u00f3gica do Sebu\u00ed<span class=\"ez-toc-section-end\"><\/span><\/h2>\n\n\n\n<p>Para os que ainda t\u00eam pique depois disso tudo, h\u00e1 a op\u00e7\u00e3o de\npasseios de canoagem entre o Rio Velho e o Rio Sebu\u00ed, que ficam na Reserva. O\nideal nesse passeio \u00e9 n\u00e3o ter pressa, especialmente se voc\u00ea n\u00e3o tiver\nexperi\u00eancia em remar \u2013 uma atividade que vai exigir esfor\u00e7o, hein!<\/p>\n\n\n\n<p>Todas essas atividades na Reserva fazem parte do <em>day use<\/em>, que custa R$ 95 por pessoa por\ndia, o que inclui a visita guiada \u00e0s cachoeiras, a canoagem, o almo\u00e7o e um\ncaf\u00e9. A di\u00e1ria vai das 9h \u00e0s 16h. <\/p>\n\n\n\n<p>O pacote m\u00ednimo permite que os visitantes escolham entre as\nseguintes op\u00e7\u00f5es: almo\u00e7o cai\u00e7ara, entrada e trekking simples (R$ 30 por pessoa\nat\u00e9 a primeira cachoeira e m\u00e1ximo de 3 horas de perman\u00eancia na reserva);\ncanoagem (R$ 40 por pessoa e m\u00e1ximo de 3 horas de perman\u00eancia).<\/p>\n\n\n\n<p>Tamb\u00e9m tem como dormir na Reserva Ecol\u00f3gica do Sebu\u00ed! O\npernoite custa R$ 250 por pessoa, incluindo um almo\u00e7o, um caf\u00e9 da tarde\nsimples, um jantar e um caf\u00e9 da manh\u00e3 no dia seguinte. Essa op\u00e7\u00e3o inclui tamb\u00e9m\no trekking e banho nas tr\u00eas cachoeiras, e canoagem \u2014 se as condi\u00e7\u00f5es clim\u00e1ticas\nestiverem favor\u00e1veis.<\/p>\n\n\n\n<p>A estrutura de refei\u00e7\u00f5es e acomoda\u00e7\u00f5es \u00e9 simples, a energia\nel\u00e9trica vem de placas solares e a \u00e1gua do chuveiro, que \u00e9 coletivo, \u00e9 aquecida\nem fog\u00e3o \u00e0 lenha com serpentina.<\/p>\n\n\n\n<div class=\"wp-block-image\"><figure class=\"aligncenter\"><img loading=\"lazy\" decoding=\"async\" width=\"941\" height=\"706\" src=\"https:\/\/quantocustaviajar.com\/blog\/wp-content\/uploads\/2020\/02\/reserva-ecologica-do-sebui-5.jpg\" alt=\"\" class=\"wp-image-42362\" srcset=\"https:\/\/quantocustaviajar.com\/blog\/wp-content\/uploads\/2020\/02\/reserva-ecologica-do-sebui-5.jpg 941w, https:\/\/quantocustaviajar.com\/blog\/wp-content\/uploads\/2020\/02\/reserva-ecologica-do-sebui-5-300x225.jpg 300w, https:\/\/quantocustaviajar.com\/blog\/wp-content\/uploads\/2020\/02\/reserva-ecologica-do-sebui-5-768x576.jpg 768w\" sizes=\"auto, (max-width: 941px) 100vw, 941px\" \/><figcaption>Foto: divulga\u00e7\u00e3o \/ <a href=\"https:\/\/www.facebook.com\/ReservaEcologicaSebui\/\" rel=\"noopener\">Reserva Ecol\u00f3gica do Sebu\u00ed<\/a><\/figcaption><\/figure><\/div>\n\n\n\n<p>A Reserva Ecol\u00f3gica do Sebu\u00ed conta com dois chal\u00e9s com uma\ncama de casal e uma de solteiro, com banheiro interno. H\u00e1 tamb\u00e9m duas casinhas\nna \u00e1rvore, com cama de casal e sem banheiro interno; bem como dois quartos com\ncama de casal no s\u00f3t\u00e3o do Ref\u00fagio e um quarto com 6 camas de solteiro. No\nm\u00e1ximo 20 pessoas podem se hospedar na Reserva, por isso \u00e9 importante planejar\na visita antecipadamente.<\/p>\n\n\n\n<p>Como a Reserva fica em uma propriedade particular, \u00e9 preciso\nentrar em contato com anteced\u00eancia para fazer sua reserva atrav\u00e9s do WhatsApp,\npelo n\u00famero (41) 99656-9816.<\/p>\n\n\n\n<div class=\"wp-block-image\"><figure class=\"aligncenter\"><img loading=\"lazy\" decoding=\"async\" width=\"934\" height=\"705\" src=\"https:\/\/quantocustaviajar.com\/blog\/wp-content\/uploads\/2020\/02\/reserva-ecologica-do-sebui-8.jpg\" alt=\"\" class=\"wp-image-42365\" srcset=\"https:\/\/quantocustaviajar.com\/blog\/wp-content\/uploads\/2020\/02\/reserva-ecologica-do-sebui-8.jpg 934w, https:\/\/quantocustaviajar.com\/blog\/wp-content\/uploads\/2020\/02\/reserva-ecologica-do-sebui-8-300x226.jpg 300w, https:\/\/quantocustaviajar.com\/blog\/wp-content\/uploads\/2020\/02\/reserva-ecologica-do-sebui-8-768x580.jpg 768w\" sizes=\"auto, (max-width: 934px) 100vw, 934px\" \/><figcaption>Foto: divulga\u00e7\u00e3o \/ <a href=\"https:\/\/www.facebook.com\/ReservaEcologicaSebui\/\" rel=\"noopener\">Reserva Ecol\u00f3gica do Sebu\u00ed<\/a><\/figcaption><\/figure><\/div>\n\n\n\n<h2 class=\"wp-block-heading\"><span class=\"ez-toc-section\" id=\"Dicas_importantes\"><\/span>Dicas importantes<span class=\"ez-toc-section-end\"><\/span><\/h2>\n\n\n\n<p>\u00c9 comum que os turistas cheguem a Sebu\u00ed usando apenas trajes de banho, mas, como estamos falando de uma regi\u00e3o nativa e com muitos animais, inclusive pe\u00e7onhentos, a trilha s\u00f3 pode ser feita se voc\u00ea estiver usando sapato fechado \u2013 galochas ou botas de borracha ou couro s\u00e3o boas op\u00e7\u00f5es.<\/p>\n\n\n\n<p>\u00c9 importante levar um kit de primeiros socorros e muito repelente, especialmente se voc\u00ea for com crian\u00e7as.<\/p>\n\n\n\n<p>\u00c9 estritamente proibido subir nos pared\u00f5es ou nas pedras da\ncachoeira, assim como fazer saltos a partir dos pontos altos nas pedras \u2013 em\nalgumas regi\u00f5es, as cachoeiras chegam a ter 15 metros de profundidade.<\/p>\n\n\n\n<h2 class=\"wp-block-heading\"><span class=\"ez-toc-section\" id=\"Hospedagem_em_Guaraquecaba\"><\/span>Hospedagem em Guaraque\u00e7aba<span class=\"ez-toc-section-end\"><\/span><\/h2>\n\n\n\n<div class=\"wp-block-image\"><figure class=\"aligncenter\"><img loading=\"lazy\" decoding=\"async\" width=\"941\" height=\"942\" src=\"https:\/\/quantocustaviajar.com\/blog\/wp-content\/uploads\/2020\/02\/reserva-ecologica-do-sebui-7.jpg\" alt=\"\" class=\"wp-image-42363\" srcset=\"https:\/\/quantocustaviajar.com\/blog\/wp-content\/uploads\/2020\/02\/reserva-ecologica-do-sebui-7.jpg 941w, https:\/\/quantocustaviajar.com\/blog\/wp-content\/uploads\/2020\/02\/reserva-ecologica-do-sebui-7-150x150.jpg 150w, https:\/\/quantocustaviajar.com\/blog\/wp-content\/uploads\/2020\/02\/reserva-ecologica-do-sebui-7-300x300.jpg 300w, https:\/\/quantocustaviajar.com\/blog\/wp-content\/uploads\/2020\/02\/reserva-ecologica-do-sebui-7-768x769.jpg 768w\" sizes=\"auto, (max-width: 941px) 100vw, 941px\" \/><figcaption>Foto: reprodu\u00e7\u00e3o \/ <a href=\"https:\/\/www.booking.com\/hotel\/br\/eduardo-i.pt-br.html?aid=2161834\" rel=\"noopener\">Booking.com<\/a><\/figcaption><\/figure><\/div>\n\n\n\n<p>Se voc\u00ea n\u00e3o ficar hospedada na Reserva Ecol\u00f3gica do Sebu\u00ed, pode escolher uma estadia em Guaraque\u00e7aba. Uma das op\u00e7\u00f5es \u00e9 a <a rel=\"noreferrer noopener\" aria-label=\" (abre numa nova aba)\" href=\"https:\/\/www.booking.com\/hotel\/br\/pousada-ilha-das-pecas.pt-br.html?aid=2161834\" target=\"_blank\"><strong>Pousada Ilha das J\u00fanias<\/strong><\/a>, que conta com banheiros privativos, servi\u00e7os de bar, ar-condicionado e aceita animais de estima\u00e7\u00e3o sem custo adicional. O valor da di\u00e1ria \u00e9 de R$ 250, e a propriedade est\u00e1 a apenas 4,3 Km da Ilha do Mel.<\/p>\n\n\n\n<p>Outra excelente op\u00e7\u00e3o \u00e9 a <a rel=\"noreferrer noopener\" aria-label=\" (abre numa nova aba)\" href=\"https:\/\/www.booking.com\/hotel\/br\/pousada-praia-mansa.pt-br.html?aid=2161834\" target=\"_blank\"><strong>Pousada Praia Mansa<\/strong><\/a>, que tem restaurante, bar e lounge compartilhado. O estabelecimento oferece aluguel de bicicletas e \u00e9 conhecido por agradar casais que visitam as praias da regi\u00e3o. O valor da di\u00e1ria varia de R$ 80 a R$ 160.<\/p>\n\n\n\n<p>Ainda em Guaraque\u00e7aba, voc\u00ea pode ficar no <a rel=\"noreferrer noopener\" aria-label=\" (abre numa nova aba)\" href=\"https:\/\/www.booking.com\/hotel\/br\/eduardo-i.pt-br.html?aid=2161834\" target=\"_blank\"><strong>Hotel Eduardo I<\/strong><\/a>, que fica \u00e0 beira-mar e conta com quartos para toda a fam\u00edlia e aceita hospedar animais de estima\u00e7\u00e3o, contanto que o aviso de hospedagem seja feito antecipadamente. O valor da di\u00e1ria vai de R$ 76 a R$ 395.<\/p>\n\n\n\n<p><em>Os valores foram consultados em fevereiro de 2020 e podem sofrer altera\u00e7\u00f5es.<\/em><\/p>\n\n\n\n<p>E a\u00ed, vai dizer que esse n\u00e3o \u00e9 um passeio incr\u00edvel,\nespecialmente para quem gosta de ficar em sintonia com a natureza? Se voc\u00ea j\u00e1\nteve a honra de apreciar as cachoeiras da Reserva Ecol\u00f3gica do Sebu\u00ed, conta\npara a gente como foi a experi\u00eancia!<\/p>\n","protected":false},"excerpt":{"rendered":"<p>No litoral paranaense, entre Guaraque\u00e7aba e a Ilha de Superagui, est\u00e1 situada a Reserva Ecol\u00f3gica do Sebu\u00ed, um lugar conhecido por ter cachoeiras fant\u00e1sticas de \u00e1guas cristalinas em cen\u00e1rios de tirar o f\u00f4lego. A visita \u00e0 reserva pode ser feita em apenas um dia, o que \u00e9 ideal para quem est\u00e1 em Superagui ou Guaraque\u00e7aba [&hellip;]<\/p>\n","protected":false},"author":11,"featured_media":42367,"comment_status":"open","ping_status":"open","sticky":false,"template":"","format":"standard","meta":{"cybocfi_hide_featured_image":"","footnotes":""},"categories":[1437,1434],"tags":[176,266,421,2590,111,395,1250],"class_list":["post-42356","post","type-post","status-publish","format-standard","has-post-thumbnail","hentry","category-ao-ar-livre","category-descubra-brasil","tag-america-do-sul","tag-brasil","tag-cachoeira","tag-litoral-paranaense","tag-natureza","tag-parana","tag-trekking"],"blocksy_meta":[],"yoast_head":"<!-- This site is optimized with the Yoast SEO plugin v26.3 - https:\/\/yoast.com\/wordpress\/plugins\/seo\/ -->\n<title>Reserva Ecol\u00f3gica do Sebu\u00ed - PR \u00e9 perfeita para um banho de cachoeira<\/title>\n<meta name=\"description\" content=\"Conhe\u00e7a a Reserva Ecol\u00f3gica do Sebu\u00ed, lugar com cachoeiras fant\u00e1sticas de \u00e1guas cristalinas entre Guaraque\u00e7aba e a Ilha de Superagui, no litoral paranaense.\" \/>\n<meta name=\"robots\" content=\"index, follow, max-snippet:-1, max-image-preview:large, max-video-preview:-1\" \/>\n<link rel=\"canonical\" href=\"https:\/\/quantocustaviajar.com\/blog\/reserva-ecologica-do-sebui-parana\/\" \/>\n<meta property=\"og:locale\" content=\"pt_BR\" \/>\n<meta property=\"og:type\" content=\"article\" \/>\n<meta property=\"og:title\" content=\"Lave a alma em banhos de cachoeira na Reserva Ecol\u00f3gica do Sebu\u00ed, no Paran\u00e1\" \/>\n<meta property=\"og:description\" content=\"Conhe\u00e7a a Reserva Ecol\u00f3gica do Sebu\u00ed, lugar com cachoeiras fant\u00e1sticas de \u00e1guas cristalinas entre Guaraque\u00e7aba e a Ilha de Superagui, no litoral paranaense.\" \/>\n<meta property=\"og:url\" content=\"https:\/\/quantocustaviajar.com\/blog\/reserva-ecologica-do-sebui-parana\/\" \/>\n<meta property=\"og:site_name\" content=\"Blog Quanto Custa Viajar\" \/>\n<meta property=\"article:publisher\" content=\"https:\/\/www.facebook.com\/quantocustaviajar\" \/>\n<meta property=\"article:published_time\" content=\"2020-02-28T13:39:38+00:00\" \/>\n<meta property=\"article:modified_time\" content=\"2020-02-28T13:39:40+00:00\" \/>\n<meta property=\"og:image\" content=\"https:\/\/quantocustaviajar.com\/blog\/wp-content\/uploads\/2020\/02\/reserva-ecologica-do-sebui-9.jpg\" \/>\n\t<meta property=\"og:image:width\" content=\"960\" \/>\n\t<meta property=\"og:image:height\" content=\"720\" \/>\n\t<meta property=\"og:image:type\" content=\"image\/jpeg\" \/>\n<meta name=\"author\" content=\"Andressa Xavier Pellanda\" \/>\n<meta name=\"twitter:card\" content=\"summary_large_image\" \/>\n<meta name=\"twitter:label1\" content=\"Escrito por\" \/>\n\t<meta name=\"twitter:data1\" content=\"Andressa Xavier Pellanda\" \/>\n\t<meta name=\"twitter:label2\" content=\"Est. tempo de leitura\" \/>\n\t<meta name=\"twitter:data2\" content=\"7 minutos\" \/>\n<!-- \/ Yoast SEO plugin. -->","yoast_head_json":{"title":"Reserva Ecol\u00f3gica do Sebu\u00ed - PR \u00e9 perfeita para um banho de cachoeira","description":"Conhe\u00e7a a Reserva Ecol\u00f3gica do Sebu\u00ed, lugar com cachoeiras fant\u00e1sticas de \u00e1guas cristalinas entre Guaraque\u00e7aba e a Ilha de Superagui, no litoral paranaense.","robots":{"index":"index","follow":"follow","max-snippet":"max-snippet:-1","max-image-preview":"max-image-preview:large","max-video-preview":"max-video-preview:-1"},"canonical":"https:\/\/quantocustaviajar.com\/blog\/reserva-ecologica-do-sebui-parana\/","og_locale":"pt_BR","og_type":"article","og_title":"Lave a alma em banhos de cachoeira na Reserva Ecol\u00f3gica do Sebu\u00ed, no Paran\u00e1","og_description":"Conhe\u00e7a a Reserva Ecol\u00f3gica do Sebu\u00ed, lugar com cachoeiras fant\u00e1sticas de \u00e1guas cristalinas entre Guaraque\u00e7aba e a Ilha de Superagui, no litoral paranaense.","og_url":"https:\/\/quantocustaviajar.com\/blog\/reserva-ecologica-do-sebui-parana\/","og_site_name":"Blog Quanto Custa Viajar","article_publisher":"https:\/\/www.facebook.com\/quantocustaviajar","article_published_time":"2020-02-28T13:39:38+00:00","article_modified_time":"2020-02-28T13:39:40+00:00","og_image":[{"width":960,"height":720,"url":"https:\/\/quantocustaviajar.com\/blog\/wp-content\/uploads\/2020\/02\/reserva-ecologica-do-sebui-9.jpg","type":"image\/jpeg"}],"author":"Andressa Xavier Pellanda","twitter_card":"summary_large_image","twitter_misc":{"Escrito por":"Andressa Xavier Pellanda","Est. tempo de leitura":"7 minutos"},"schema":{"@context":"https:\/\/schema.org","@graph":[{"@type":["Article","BlogPosting"],"@id":"https:\/\/quantocustaviajar.com\/blog\/reserva-ecologica-do-sebui-parana\/#article","isPartOf":{"@id":"https:\/\/quantocustaviajar.com\/blog\/reserva-ecologica-do-sebui-parana\/"},"author":{"name":"Andressa Xavier Pellanda","@id":"https:\/\/quantocustaviajar.com\/blog\/#\/schema\/person\/81b0aaf2069da1a2da54677906b42d3c"},"headline":"Lave a alma em banhos de cachoeira na Reserva Ecol\u00f3gica do Sebu\u00ed, no Paran\u00e1","datePublished":"2020-02-28T13:39:38+00:00","dateModified":"2020-02-28T13:39:40+00:00","mainEntityOfPage":{"@id":"https:\/\/quantocustaviajar.com\/blog\/reserva-ecologica-do-sebui-parana\/"},"wordCount":1316,"commentCount":1,"publisher":{"@id":"https:\/\/quantocustaviajar.com\/blog\/#organization"},"image":{"@id":"https:\/\/quantocustaviajar.com\/blog\/reserva-ecologica-do-sebui-parana\/#primaryimage"},"thumbnailUrl":"https:\/\/quantocustaviajar.com\/blog\/wp-content\/uploads\/2020\/02\/reserva-ecologica-do-sebui-9.jpg","keywords":["am\u00e9rica do sul","Brasil","cachoeira","litoral paranaense","natureza","Paran\u00e1","trekking"],"articleSection":["Ao Ar Livre","Descubra o Brasil"],"inLanguage":"pt-BR","potentialAction":[{"@type":"CommentAction","name":"Comment","target":["https:\/\/quantocustaviajar.com\/blog\/reserva-ecologica-do-sebui-parana\/#respond"]}]},{"@type":"WebPage","@id":"https:\/\/quantocustaviajar.com\/blog\/reserva-ecologica-do-sebui-parana\/","url":"https:\/\/quantocustaviajar.com\/blog\/reserva-ecologica-do-sebui-parana\/","name":"Reserva Ecol\u00f3gica do Sebu\u00ed - PR \u00e9 perfeita para um banho de cachoeira","isPartOf":{"@id":"https:\/\/quantocustaviajar.com\/blog\/#website"},"primaryImageOfPage":{"@id":"https:\/\/quantocustaviajar.com\/blog\/reserva-ecologica-do-sebui-parana\/#primaryimage"},"image":{"@id":"https:\/\/quantocustaviajar.com\/blog\/reserva-ecologica-do-sebui-parana\/#primaryimage"},"thumbnailUrl":"https:\/\/quantocustaviajar.com\/blog\/wp-content\/uploads\/2020\/02\/reserva-ecologica-do-sebui-9.jpg","datePublished":"2020-02-28T13:39:38+00:00","dateModified":"2020-02-28T13:39:40+00:00","description":"Conhe\u00e7a a Reserva Ecol\u00f3gica do Sebu\u00ed, lugar com cachoeiras fant\u00e1sticas de \u00e1guas cristalinas entre Guaraque\u00e7aba e a Ilha de Superagui, no litoral paranaense.","breadcrumb":{"@id":"https:\/\/quantocustaviajar.com\/blog\/reserva-ecologica-do-sebui-parana\/#breadcrumb"},"inLanguage":"pt-BR","potentialAction":[{"@type":"ReadAction","target":["https:\/\/quantocustaviajar.com\/blog\/reserva-ecologica-do-sebui-parana\/"]}]},{"@type":"ImageObject","inLanguage":"pt-BR","@id":"https:\/\/quantocustaviajar.com\/blog\/reserva-ecologica-do-sebui-parana\/#primaryimage","url":"https:\/\/quantocustaviajar.com\/blog\/wp-content\/uploads\/2020\/02\/reserva-ecologica-do-sebui-9.jpg","contentUrl":"https:\/\/quantocustaviajar.com\/blog\/wp-content\/uploads\/2020\/02\/reserva-ecologica-do-sebui-9.jpg","width":960,"height":720,"caption":"Foto: divulga\u00e7\u00e3o \/ Reserva Ecol\u00f3gica do Sebu\u00ed"},{"@type":"BreadcrumbList","@id":"https:\/\/quantocustaviajar.com\/blog\/reserva-ecologica-do-sebui-parana\/#breadcrumb","itemListElement":[{"@type":"ListItem","position":1,"name":"In\u00edcio","item":"https:\/\/quantocustaviajar.com\/blog\/"},{"@type":"ListItem","position":2,"name":"Lave a alma em banhos de cachoeira na Reserva Ecol\u00f3gica do Sebu\u00ed, no Paran\u00e1"}]},{"@type":"WebSite","@id":"https:\/\/quantocustaviajar.com\/blog\/#website","url":"https:\/\/quantocustaviajar.com\/blog\/","name":"Blog Quanto Custa Viajar","description":"","publisher":{"@id":"https:\/\/quantocustaviajar.com\/blog\/#organization"},"potentialAction":[{"@type":"SearchAction","target":{"@type":"EntryPoint","urlTemplate":"https:\/\/quantocustaviajar.com\/blog\/?s={search_term_string}"},"query-input":{"@type":"PropertyValueSpecification","valueRequired":true,"valueName":"search_term_string"}}],"inLanguage":"pt-BR"},{"@type":"Organization","@id":"https:\/\/quantocustaviajar.com\/blog\/#organization","name":"Quanto Custa Viajar","url":"https:\/\/quantocustaviajar.com\/blog\/","logo":{"@type":"ImageObject","inLanguage":"pt-BR","@id":"https:\/\/quantocustaviajar.com\/blog\/#\/schema\/logo\/image\/","url":"","contentUrl":"","caption":"Quanto Custa Viajar"},"image":{"@id":"https:\/\/quantocustaviajar.com\/blog\/#\/schema\/logo\/image\/"},"sameAs":["https:\/\/www.facebook.com\/quantocustaviajar"]},{"@type":"Person","@id":"https:\/\/quantocustaviajar.com\/blog\/#\/schema\/person\/81b0aaf2069da1a2da54677906b42d3c","name":"Andressa Xavier Pellanda","image":{"@type":"ImageObject","inLanguage":"pt-BR","@id":"https:\/\/quantocustaviajar.com\/blog\/#\/schema\/person\/image\/","url":"https:\/\/secure.gravatar.com\/avatar\/efccc167c341de2100a574b335de06f5efda2310964e70124d995491728ed674?s=96&d=mm&r=g","contentUrl":"https:\/\/secure.gravatar.com\/avatar\/efccc167c341de2100a574b335de06f5efda2310964e70124d995491728ed674?s=96&d=mm&r=g","caption":"Andressa Xavier Pellanda"},"description":"Eu gosto de viajar antes mesmo de chegar ao destino!","url":"https:\/\/quantocustaviajar.com\/blog\/author\/andressa\/"}]}},"_links":{"self":[{"href":"https:\/\/quantocustaviajar.com\/blog\/wp-json\/wp\/v2\/posts\/42356","targetHints":{"allow":["GET"]}}],"collection":[{"href":"https:\/\/quantocustaviajar.com\/blog\/wp-json\/wp\/v2\/posts"}],"about":[{"href":"https:\/\/quantocustaviajar.com\/blog\/wp-json\/wp\/v2\/types\/post"}],"author":[{"embeddable":true,"href":"https:\/\/quantocustaviajar.com\/blog\/wp-json\/wp\/v2\/users\/11"}],"replies":[{"embeddable":true,"href":"https:\/\/quantocustaviajar.com\/blog\/wp-json\/wp\/v2\/comments?post=42356"}],"version-history":[{"count":4,"href":"https:\/\/quantocustaviajar.com\/blog\/wp-json\/wp\/v2\/posts\/42356\/revisions"}],"predecessor-version":[{"id":42519,"href":"https:\/\/quantocustaviajar.com\/blog\/wp-json\/wp\/v2\/posts\/42356\/revisions\/42519"}],"wp:featuredmedia":[{"embeddable":true,"href":"https:\/\/quantocustaviajar.com\/blog\/wp-json\/wp\/v2\/media\/42367"}],"wp:attachment":[{"href":"https:\/\/quantocustaviajar.com\/blog\/wp-json\/wp\/v2\/media?parent=42356"}],"wp:term":[{"taxonomy":"category","embeddable":true,"href":"https:\/\/quantocustaviajar.com\/blog\/wp-json\/wp\/v2\/categories?post=42356"},{"taxonomy":"post_tag","embeddable":true,"href":"https:\/\/quantocustaviajar.com\/blog\/wp-json\/wp\/v2\/tags?post=42356"}],"curies":[{"name":"wp","href":"https:\/\/api.w.org\/{rel}","templated":true}]}}