{"id":42167,"date":"2020-02-19T17:58:10","date_gmt":"2020-02-19T17:58:10","guid":{"rendered":"https:\/\/quantocustaviajar.com\/blog\/?p=42167"},"modified":"2022-05-30T17:52:25","modified_gmt":"2022-05-30T17:52:25","slug":"braziliano-cafe-em-canela","status":"publish","type":"post","link":"https:\/\/quantocustaviajar.com\/blog\/braziliano-cafe-em-canela\/","title":{"rendered":"Braziliano Caf\u00e9 em Canela \u00e9 o para\u00edso para quem AMA doces"},"content":{"rendered":"\n<p>\u00c9 bem poss\u00edvel que voc\u00ea tenha visto um v\u00eddeo que viralizou recentemente no Facebook e no Instagram, no qual uma mulher est\u00e1 diante de uma ta\u00e7a maravilhosa de milkshake e, com ajuda de um martelinho, quebra uma casquinha crocante e toda a calda de chocolate escorre sobre o doce, deixando as formiguinhas de plant\u00e3o babando! Este lugar incr\u00edvel, que serve essas sobremesas chocolatudas \u00e9 o <strong>Braziliano Caf\u00e9 em Canela<\/strong>.<\/p>\n\n\n\n<p>Famoso por seus doces que conquistam muita gente pelo visual, o Braziliano Caf\u00e9 em <strong><a rel=\"noreferrer noopener\" aria-label=\"Canela (abre numa nova aba)\" href=\"https:\/\/quantocustaviajar.com\/brasil\/canela\" target=\"_blank\">Canela<\/a><\/strong> \u00e9 um sucesso na cidade. Quem ama doces e est\u00e1 com viagem marcada para <strong><a rel=\"noreferrer noopener\" aria-label=\"Gramado (abre numa nova aba)\" href=\"https:\/\/quantocustaviajar.com\/brasil\/gramado\" target=\"_blank\">Gramado<\/a><\/strong> ou outra cidade da Serra Ga\u00facha precisa dar uma esticadinha at\u00e9 o local. D\u00e1 uma espiadinha no v\u00eddeo que viralizou e em outras fotos para j\u00e1 ficar salivando em frente ao seu celular.<\/p>\n\n\n<blockquote class=\"instagram-media\" data-instgrm-permalink=\"https:\/\/www.instagram.com\/reel\/CdTCvvLl4Ql\/?utm_source=ig_embed&amp;utm_campaign=loading\" data-instgrm-version=\"14\" style=\" background:#FFF; border:0; border-radius:3px; box-shadow:0 0 1px 0 rgba(0,0,0,0.5),0 1px 10px 0 rgba(0,0,0,0.15); margin: 1px; max-width:540px; min-width:326px; padding:0; width:99.375%; width:-webkit-calc(100% - 2px); width:calc(100% - 2px);\">\n<div style=\"padding:16px;\"> <a href=\"https:\/\/www.instagram.com\/reel\/CdTCvvLl4Ql\/?utm_source=ig_embed&amp;utm_campaign=loading\" style=\" background:#FFFFFF; line-height:0; padding:0 0; text-align:center; text-decoration:none; width:100%;\" target=\"_blank\" rel=\"noopener\"> <p><\/p>\n<div style=\" display: flex; flex-direction: row; align-items: center;\">\n<div style=\"background-color: #F4F4F4; border-radius: 50%; flex-grow: 0; height: 40px; margin-right: 14px; width: 40px;\"><\/div>\n<div style=\"display: flex; flex-direction: column; flex-grow: 1; justify-content: center;\">\n<div style=\" background-color: #F4F4F4; border-radius: 4px; flex-grow: 0; height: 14px; margin-bottom: 6px; width: 100px;\"><\/div>\n<div style=\" background-color: #F4F4F4; border-radius: 4px; flex-grow: 0; height: 14px; width: 60px;\"><\/div>\n<\/div>\n<\/div>\n<div style=\"padding: 19% 0;\"><\/div>\n<div style=\"display:block; height:50px; margin:0 auto 12px; width:50px;\"><svg width=\"50px\" height=\"50px\" viewBox=\"0 0 60 60\" version=\"1.1\" xmlns=\"https:\/\/www.w3.org\/2000\/svg\" xmlns:xlink=\"https:\/\/www.w3.org\/1999\/xlink\"><g stroke=\"none\" stroke-width=\"1\" fill=\"none\" fill-rule=\"evenodd\"><g transform=\"translate(-511.000000, -20.000000)\" fill=\"#000000\"><g><path d=\"M556.869,30.41 C554.814,30.41 553.148,32.076 553.148,34.131 C553.148,36.186 554.814,37.852 556.869,37.852 C558.924,37.852 560.59,36.186 560.59,34.131 C560.59,32.076 558.924,30.41 556.869,30.41 M541,60.657 C535.114,60.657 530.342,55.887 530.342,50 C530.342,44.114 535.114,39.342 541,39.342 C546.887,39.342 551.658,44.114 551.658,50 C551.658,55.887 546.887,60.657 541,60.657 M541,33.886 C532.1,33.886 524.886,41.1 524.886,50 C524.886,58.899 532.1,66.113 541,66.113 C549.9,66.113 557.115,58.899 557.115,50 C557.115,41.1 549.9,33.886 541,33.886 M565.378,62.101 C565.244,65.022 564.756,66.606 564.346,67.663 C563.803,69.06 563.154,70.057 562.106,71.106 C561.058,72.155 560.06,72.803 558.662,73.347 C557.607,73.757 556.021,74.244 553.102,74.378 C549.944,74.521 548.997,74.552 541,74.552 C533.003,74.552 532.056,74.521 528.898,74.378 C525.979,74.244 524.393,73.757 523.338,73.347 C521.94,72.803 520.942,72.155 519.894,71.106 C518.846,70.057 518.197,69.06 517.654,67.663 C517.244,66.606 516.755,65.022 516.623,62.101 C516.479,58.943 516.448,57.996 516.448,50 C516.448,42.003 516.479,41.056 516.623,37.899 C516.755,34.978 517.244,33.391 517.654,32.338 C518.197,30.938 518.846,29.942 519.894,28.894 C520.942,27.846 521.94,27.196 523.338,26.654 C524.393,26.244 525.979,25.756 528.898,25.623 C532.057,25.479 533.004,25.448 541,25.448 C548.997,25.448 549.943,25.479 553.102,25.623 C556.021,25.756 557.607,26.244 558.662,26.654 C560.06,27.196 561.058,27.846 562.106,28.894 C563.154,29.942 563.803,30.938 564.346,32.338 C564.756,33.391 565.244,34.978 565.378,37.899 C565.522,41.056 565.552,42.003 565.552,50 C565.552,57.996 565.522,58.943 565.378,62.101 M570.82,37.631 C570.674,34.438 570.167,32.258 569.425,30.349 C568.659,28.377 567.633,26.702 565.965,25.035 C564.297,23.368 562.623,22.342 560.652,21.575 C558.743,20.834 556.562,20.326 553.369,20.18 C550.169,20.033 549.148,20 541,20 C532.853,20 531.831,20.033 528.631,20.18 C525.438,20.326 523.257,20.834 521.349,21.575 C519.376,22.342 517.703,23.368 516.035,25.035 C514.368,26.702 513.342,28.377 512.574,30.349 C511.834,32.258 511.326,34.438 511.181,37.631 C511.035,40.831 511,41.851 511,50 C511,58.147 511.035,59.17 511.181,62.369 C511.326,65.562 511.834,67.743 512.574,69.651 C513.342,71.625 514.368,73.296 516.035,74.965 C517.703,76.634 519.376,77.658 521.349,78.425 C523.257,79.167 525.438,79.673 528.631,79.82 C531.831,79.965 532.853,80.001 541,80.001 C549.148,80.001 550.169,79.965 553.369,79.82 C556.562,79.673 558.743,79.167 560.652,78.425 C562.623,77.658 564.297,76.634 565.965,74.965 C567.633,73.296 568.659,71.625 569.425,69.651 C570.167,67.743 570.674,65.562 570.82,62.369 C570.966,59.17 571,58.147 571,50 C571,41.851 570.966,40.831 570.82,37.631\"><\/path><\/g><\/g><\/g><\/svg><\/div>\n<div style=\"padding-top: 8px;\">\n<div style=\" color:#3897f0; font-family:Arial,sans-serif; font-size:14px; font-style:normal; font-weight:550; line-height:18px;\">Ver essa foto no Instagram<\/div>\n<\/div>\n<div style=\"padding: 12.5% 0;\"><\/div>\n<div style=\"display: flex; flex-direction: row; margin-bottom: 14px; align-items: center;\">\n<div>\n<div style=\"background-color: #F4F4F4; border-radius: 50%; height: 12.5px; width: 12.5px; transform: translateX(0px) translateY(7px);\"><\/div>\n<div style=\"background-color: #F4F4F4; height: 12.5px; transform: rotate(-45deg) translateX(3px) translateY(1px); width: 12.5px; flex-grow: 0; margin-right: 14px; margin-left: 2px;\"><\/div>\n<div style=\"background-color: #F4F4F4; border-radius: 50%; height: 12.5px; width: 12.5px; transform: translateX(9px) translateY(-18px);\"><\/div>\n<\/div>\n<div style=\"margin-left: 8px;\">\n<div style=\" background-color: #F4F4F4; border-radius: 50%; flex-grow: 0; height: 20px; width: 20px;\"><\/div>\n<div style=\" width: 0; height: 0; border-top: 2px solid transparent; border-left: 6px solid #f4f4f4; border-bottom: 2px solid transparent; transform: translateX(16px) translateY(-4px) rotate(30deg)\"><\/div>\n<\/div>\n<div style=\"margin-left: auto;\">\n<div style=\" width: 0px; border-top: 8px solid #F4F4F4; border-right: 8px solid transparent; transform: translateY(16px);\"><\/div>\n<div style=\" background-color: #F4F4F4; flex-grow: 0; height: 12px; width: 16px; transform: translateY(-4px);\"><\/div>\n<div style=\" width: 0; height: 0; border-top: 8px solid #F4F4F4; border-left: 8px solid transparent; transform: translateY(-4px) translateX(8px);\"><\/div>\n<\/div>\n<\/div>\n<div style=\"display: flex; flex-direction: column; flex-grow: 1; justify-content: center; margin-bottom: 24px;\">\n<div style=\" background-color: #F4F4F4; border-radius: 4px; flex-grow: 0; height: 14px; margin-bottom: 6px; width: 224px;\"><\/div>\n<div style=\" background-color: #F4F4F4; border-radius: 4px; flex-grow: 0; height: 14px; width: 144px;\"><\/div>\n<\/div>\n<\/a><p><a href=\"https:\/\/www.instagram.com\/reel\/CdTCvvLl4Ql\/?utm_source=ig_embed&amp;utm_campaign=loading\" style=\" background:#FFFFFF; line-height:0; padding:0 0; text-align:center; text-decoration:none; width:100%;\" target=\"_blank\" rel=\"noopener\"><\/a><\/p>\n<p style=\" color:#c9c8cd; font-family:Arial,sans-serif; font-size:14px; line-height:17px; margin-bottom:0; margin-top:8px; overflow:hidden; padding:8px 0 7px; text-align:center; text-overflow:ellipsis; white-space:nowrap;\"><a href=\"https:\/\/www.instagram.com\/reel\/CdTCvvLl4Ql\/?utm_source=ig_embed&amp;utm_campaign=loading\" style=\" color:#c9c8cd; font-family:Arial,sans-serif; font-size:14px; font-style:normal; font-weight:normal; line-height:17px; text-decoration:none;\" target=\"_blank\" rel=\"noopener\">Uma publica\u00e7\u00e3o compartilhada por CAF\u00c9 \u2022 BAR \u2022 RESTAURANTE (@brazilianocanela)<\/a><\/p>\n<\/div>\n<\/blockquote>\n<p> <script async=\"\" src=\"\/\/www.instagram.com\/embed.js\"><\/script><\/p>\n\n\n<blockquote class=\"wp-block-quote is-layout-flow wp-block-quote-is-layout-flow\"><p><strong><a rel=\"noreferrer noopener\" aria-label=\"Quanto custa viajar para Canela? Confira todas as informa\u00e7\u00f5es aqui! (abre numa nova aba)\" href=\"https:\/\/quantocustaviajar.com\/brasil\/canela\" target=\"_blank\">Quanto custa viajar para Canela? Confira todas as informa\u00e7\u00f5es aqui!<\/a><\/strong><\/p><\/blockquote>\n\n\n\n<p>O ambiente do caf\u00e9 \u00e9 bonito e aconchegante, criando toda uma\natmosfera ainda mais agrad\u00e1vel para voc\u00ea saborear seu doce sem pressa!<\/p>\n\n\n\n<h2 class=\"wp-block-heading\">A criatividade do Braziliano Caf\u00e9 em Canela<\/h2>\n\n\n\n<p>\u00c9 ineg\u00e1vel que a principal caracter\u00edstica do Braziliano Caf\u00e9\nem Canela seja a criatividade na hora de montar as sobremesas. Afinal de\ncontas, um simples sorvete ganha novas propor\u00e7\u00f5es com a apresenta\u00e7\u00e3o e a\nmaneira que \u00e9 servido. D\u00e1 uma espiadinha nessa ta\u00e7a de sorvete\n&#8220;basiquinha&#8221;:<\/p>\n\n\n\n<div class=\"wp-block-image\"><figure class=\"aligncenter\"><img loading=\"lazy\" decoding=\"async\" width=\"768\" height=\"960\" src=\"https:\/\/quantocustaviajar.com\/blog\/wp-content\/uploads\/2020\/02\/braziliano-cafe-canela-1.jpg\" alt=\"braziliano caf\u00e9 em canela\" class=\"wp-image-42170\" srcset=\"https:\/\/quantocustaviajar.com\/blog\/wp-content\/uploads\/2020\/02\/braziliano-cafe-canela-1.jpg 768w, https:\/\/quantocustaviajar.com\/blog\/wp-content\/uploads\/2020\/02\/braziliano-cafe-canela-1-240x300.jpg 240w\" sizes=\"auto, (max-width: 768px) 100vw, 768px\" \/><figcaption>Foto: divulga\u00e7\u00e3o \/ <a href=\"https:\/\/www.facebook.com\/pg\/brazilianocanela\/\" rel=\"noopener\">Braziliano Caf\u00e9<\/a><\/figcaption><\/figure><\/div>\n\n\n\n<div class=\"wp-block-image\"><figure class=\"aligncenter\"><img loading=\"lazy\" decoding=\"async\" width=\"768\" height=\"960\" src=\"https:\/\/quantocustaviajar.com\/blog\/wp-content\/uploads\/2020\/02\/braziliano-cafe-canela-3.jpg\" alt=\"braziliano caf\u00e9 em canela\" class=\"wp-image-42168\" srcset=\"https:\/\/quantocustaviajar.com\/blog\/wp-content\/uploads\/2020\/02\/braziliano-cafe-canela-3.jpg 768w, https:\/\/quantocustaviajar.com\/blog\/wp-content\/uploads\/2020\/02\/braziliano-cafe-canela-3-240x300.jpg 240w\" sizes=\"auto, (max-width: 768px) 100vw, 768px\" \/><figcaption>Foto: divulga\u00e7\u00e3o \/ <a href=\"https:\/\/www.facebook.com\/pg\/brazilianocanela\/\" rel=\"noopener\">Braziliano Caf\u00e9<\/a><\/figcaption><\/figure><\/div>\n\n\n\n<p>As ta\u00e7as besuntadas de chocolate, de brigadeiro, de Nutella\ne creme de Leite Ninho s\u00e3o um del\u00edrio, mas muita gente que j\u00e1 foi ao\nestabelecimento confessa que al\u00e9m da beleza, o sabor das sobremesas \u00e9 impec\u00e1vel.\nEnt\u00e3o, se voc\u00ea gosta de coisas muito doces, coloque o caf\u00e9 em seu roteiro de\npasseios!<\/p>\n\n\n\n<p>O Milkshake Shake Brownie, aquela op\u00e7\u00e3o do card\u00e1pio que\nviralizou na internet, custa R$ 49,90 e serve tranquilamente duas pessoas, porque\n\u00e9 imensa! <\/p>\n\n\n\n<div class=\"wp-block-image\"><figure class=\"aligncenter\"><img loading=\"lazy\" decoding=\"async\" width=\"768\" height=\"960\" src=\"https:\/\/quantocustaviajar.com\/blog\/wp-content\/uploads\/2020\/02\/braziliano-cafe-canela-4.jpg\" alt=\"braziliano caf\u00e9 em canela\" class=\"wp-image-42171\" srcset=\"https:\/\/quantocustaviajar.com\/blog\/wp-content\/uploads\/2020\/02\/braziliano-cafe-canela-4.jpg 768w, https:\/\/quantocustaviajar.com\/blog\/wp-content\/uploads\/2020\/02\/braziliano-cafe-canela-4-240x300.jpg 240w\" sizes=\"auto, (max-width: 768px) 100vw, 768px\" \/><figcaption>Foto: divulga\u00e7\u00e3o \/ <a href=\"https:\/\/www.facebook.com\/pg\/brazilianocanela\/\" rel=\"noopener\">Braziliano Caf\u00e9<\/a><\/figcaption><\/figure><\/div>\n\n\n\n<p>A ta\u00e7a Isabel, que custa R$ 39, com ganache de chocolate\nmeio amargo ainda \u00e9 decorada com raspas de chocolate branco, peda\u00e7os de\nbrownie, sorvete de creme, morangos e calda de chocolate meio amargo.<\/p>\n\n\n\n<p>A ta\u00e7a Louise, que custa R$ 35, \u00e9 perfeita para quem ama bolacha Oreo e Nutella, j\u00e1 que a borda da ta\u00e7a \u00e9 coberta com creme de avel\u00e3, ganache de chocolate branco e peda\u00e7os da bolachinha.<\/p>\n\n\n\n<div class=\"wp-block-image\"><figure class=\"aligncenter\"><img loading=\"lazy\" decoding=\"async\" width=\"768\" height=\"960\" src=\"https:\/\/quantocustaviajar.com\/blog\/wp-content\/uploads\/2020\/02\/braziliano-cafe-canela-2.jpg\" alt=\"braziliano cafe em canela\" class=\"wp-image-42169\" srcset=\"https:\/\/quantocustaviajar.com\/blog\/wp-content\/uploads\/2020\/02\/braziliano-cafe-canela-2.jpg 768w, https:\/\/quantocustaviajar.com\/blog\/wp-content\/uploads\/2020\/02\/braziliano-cafe-canela-2-240x300.jpg 240w\" sizes=\"auto, (max-width: 768px) 100vw, 768px\" \/><figcaption>Foto: divulga\u00e7\u00e3o \/ <a href=\"https:\/\/www.facebook.com\/pg\/brazilianocanela\/\" rel=\"noopener\">Braziliano Caf\u00e9<\/a><\/figcaption><\/figure><\/div>\n\n\n\n<p>Outra ta\u00e7a que sai bastante no caf\u00e9 \u00e9 a Katharina (R$ 49),\naltamente recomendada para quem gosta de combinar o doce do chocolate branco\ncom o toque c\u00edtrico do abacaxi. De quebra, ainda leva coco ralado, sorvete de\ncreme, doce de leite, morango, peda\u00e7os de chocolate Prest\u00edgio e Rafaello.<\/p>\n\n\n\n<p>As apaixonadas por Kinder Buenos, Twix e Ovomaltine podem se\ndeliciar com a ta\u00e7a Jasmine, que custa R$ 55. Esse doce, al\u00e9m de lindo, ainda \u00e9\nfinalizado com picol\u00e9 Alpino e trufas artesanais. Lindo de se ver e maravilhoso\nde se comer!<\/p>\n\n\n\n<p>A Ta\u00e7a Vit\u00f3ria tamb\u00e9m \u00e9 um cl\u00e1ssico e um dos itens mais\npedidos no Braziliano Caf\u00e9 em Canela. A ta\u00e7a \u00e9 coberta com ganache de chocolate\nbranco recheada com sorvete de creme e petit gateau. Na borda, pasta de\nOvomaltine e, para finalizar essa maravilha, bombons Ferrero Rocher e Rafaello,\nrolinhos de waffle cricante e morangos fresquinhos. Essa belezura custa R$ 55 e\ntamb\u00e9m pode tranquilamente ser dividida com mais pessoas.<\/p>\n\n\n\n<div class=\"wp-block-image\"><figure class=\"aligncenter\"><img loading=\"lazy\" decoding=\"async\" width=\"768\" height=\"960\" src=\"https:\/\/quantocustaviajar.com\/blog\/wp-content\/uploads\/2020\/02\/braziliano-cafe-canela-12.jpg\" alt=\"braziliano caf\u00e9 em canela\" class=\"wp-image-42175\" srcset=\"https:\/\/quantocustaviajar.com\/blog\/wp-content\/uploads\/2020\/02\/braziliano-cafe-canela-12.jpg 768w, https:\/\/quantocustaviajar.com\/blog\/wp-content\/uploads\/2020\/02\/braziliano-cafe-canela-12-240x300.jpg 240w\" sizes=\"auto, (max-width: 768px) 100vw, 768px\" \/><figcaption>Foto: divulga\u00e7\u00e3o \/ <a href=\"https:\/\/www.facebook.com\/pg\/brazilianocanela\/\" rel=\"noopener\">Braziliano Caf\u00e9<\/a><\/figcaption><\/figure><\/div>\n\n\n\n<p>Voc\u00ea ainda vai encontrar dezenas de op\u00e7\u00f5es de ta\u00e7as de\nsorvete hipermelecadas e chocolatudas no card\u00e1pio, com pre\u00e7os que variam\nconforme tamanho e combina\u00e7\u00e3o de doces.<\/p>\n\n\n\n<p>Al\u00e9m dos sorvetes, tem mais doce gostoso para saborear! As American Pancakes, panquecas americanas macias e quentinhas, servidas com sorvete, calda de chocolate, morangos fresquinhos e nozes caramelizadas crocante equilibram o paladar na medida certa!<\/p>\n\n\n\n<figure class=\"wp-block-image\"><img loading=\"lazy\" decoding=\"async\" width=\"768\" height=\"960\" src=\"https:\/\/quantocustaviajar.com\/blog\/wp-content\/uploads\/2020\/02\/braziliano-cafe-canela-5.jpg\" alt=\"\" class=\"wp-image-42172\" srcset=\"https:\/\/quantocustaviajar.com\/blog\/wp-content\/uploads\/2020\/02\/braziliano-cafe-canela-5.jpg 768w, https:\/\/quantocustaviajar.com\/blog\/wp-content\/uploads\/2020\/02\/braziliano-cafe-canela-5-240x300.jpg 240w\" sizes=\"auto, (max-width: 768px) 100vw, 768px\" \/><figcaption>Foto: divulga\u00e7\u00e3o \/ <a href=\"https:\/\/www.facebook.com\/pg\/brazilianocanela\/\" rel=\"noopener\">Braziliano Caf\u00e9<\/a><\/figcaption><\/figure>\n\n\n\n<p>Se preferir, tamb\u00e9m tem op\u00e7\u00f5es de crepes que partem de R$\n21, mesmo pre\u00e7o do strudel de ma\u00e7\u00e3. O card\u00e1pio \u00e9 bem variado e, inclusive,\nprepare-se para reservar bons minutos analisando cada um dos itens. Se precisar\nde ajuda, os atendentes s\u00e3o atenciosos e podem auxiliar com informa\u00e7\u00f5es.<\/p>\n\n\n\n<h2 class=\"wp-block-heading\">Muito mais do que sobremesas<\/h2>\n\n\n\n<p>As sobremesas s\u00e3o os destaques no Braziliano Caf\u00e9 em Canela,\nmas os demais itens do card\u00e1pio tamb\u00e9m s\u00e3o divinos! Os caf\u00e9s tamb\u00e9m s\u00e3o\nservidos em ta\u00e7as bonitas e algumas at\u00e9 decoradas com cremes seguindo o mesmo\nestilo das sobremesas, como o caf\u00e9 com Nutella ou o caf\u00e9 com Pa\u00e7oquinha. Essas\nbebidas custam em m\u00e9dia R$ 25.<\/p>\n\n\n\n<p>Cappuccino, mocaccino, chocolate quente ou gelado, expresso e tantas outras bebidas s\u00e3o servidas diariamente no local. Os pre\u00e7os ficam na faixa de R$ 12 a R$ 19, dependendo da combina\u00e7\u00e3o escolhida.<\/p>\n\n\n\n<div class=\"wp-block-image\"><figure class=\"aligncenter\"><img loading=\"lazy\" decoding=\"async\" width=\"768\" height=\"960\" src=\"https:\/\/quantocustaviajar.com\/blog\/wp-content\/uploads\/2020\/02\/braziliano-cafe-canela-10.jpg\" alt=\"\" class=\"wp-image-42176\" srcset=\"https:\/\/quantocustaviajar.com\/blog\/wp-content\/uploads\/2020\/02\/braziliano-cafe-canela-10.jpg 768w, https:\/\/quantocustaviajar.com\/blog\/wp-content\/uploads\/2020\/02\/braziliano-cafe-canela-10-240x300.jpg 240w\" sizes=\"auto, (max-width: 768px) 100vw, 768px\" \/><figcaption>Foto: divulga\u00e7\u00e3o \/ <a href=\"https:\/\/www.facebook.com\/pg\/brazilianocanela\/\" rel=\"noopener\">Braziliano Caf\u00e9<\/a><\/figcaption><\/figure><\/div>\n\n\n\n<div class=\"wp-block-image\"><figure class=\"aligncenter\"><img loading=\"lazy\" decoding=\"async\" width=\"768\" height=\"960\" src=\"https:\/\/quantocustaviajar.com\/blog\/wp-content\/uploads\/2020\/02\/braziliano-cafe-canela-13.jpg\" alt=\"\" class=\"wp-image-42177\" srcset=\"https:\/\/quantocustaviajar.com\/blog\/wp-content\/uploads\/2020\/02\/braziliano-cafe-canela-13.jpg 768w, https:\/\/quantocustaviajar.com\/blog\/wp-content\/uploads\/2020\/02\/braziliano-cafe-canela-13-240x300.jpg 240w\" sizes=\"auto, (max-width: 768px) 100vw, 768px\" \/><figcaption>Foto: divulga\u00e7\u00e3o \/ <a href=\"https:\/\/www.facebook.com\/pg\/brazilianocanela\/\" rel=\"noopener\">Braziliano Caf\u00e9<\/a><\/figcaption><\/figure><\/div>\n\n\n\n<p>Lanches, hamb\u00fargueres com batata frita, sandu\u00edches naturais e outros salgados tamb\u00e9m est\u00e3o no meu, ou seja, mesmo que voc\u00ea n\u00e3o seja uma apaixonada por doces, vai encontrar op\u00e7\u00f5es bem saborosas para comer.<\/p>\n\n\n\n<p>Cremes e sopinhas perfeitos para aquecer o corpo nos dias frios custam entre R$ 23 e R$ 32. Os pratos com carnes, como o fil\u00e9 mignon com risoto de parmes\u00e3o, o salm\u00e3o com crosta de gergelim, o <em>filleto<\/em> e o fil\u00e9 <em>formaggio<\/em> variam de R$ 46 a R$ 49.<\/p>\n\n\n\n<div class=\"wp-block-image\"><figure class=\"aligncenter\"><img loading=\"lazy\" decoding=\"async\" width=\"1024\" height=\"683\" src=\"https:\/\/quantocustaviajar.com\/blog\/wp-content\/uploads\/2020\/02\/braziliano-cafe-canela-6-1024x683.jpg\" alt=\"\" class=\"wp-image-42174\" srcset=\"https:\/\/quantocustaviajar.com\/blog\/wp-content\/uploads\/2020\/02\/braziliano-cafe-canela-6-1024x683.jpg 1024w, https:\/\/quantocustaviajar.com\/blog\/wp-content\/uploads\/2020\/02\/braziliano-cafe-canela-6-300x200.jpg 300w, https:\/\/quantocustaviajar.com\/blog\/wp-content\/uploads\/2020\/02\/braziliano-cafe-canela-6-768x512.jpg 768w, https:\/\/quantocustaviajar.com\/blog\/wp-content\/uploads\/2020\/02\/braziliano-cafe-canela-6.jpg 1440w\" sizes=\"auto, (max-width: 1024px) 100vw, 1024px\" \/><figcaption>Foto: divulga\u00e7\u00e3o \/ <a href=\"https:\/\/www.facebook.com\/pg\/brazilianocanela\/\" rel=\"noopener\">Braziliano Caf\u00e9<\/a><\/figcaption><\/figure><\/div>\n\n\n\n<div class=\"wp-block-image\"><figure class=\"aligncenter\"><img loading=\"lazy\" decoding=\"async\" width=\"1024\" height=\"683\" src=\"https:\/\/quantocustaviajar.com\/blog\/wp-content\/uploads\/2020\/02\/braziliano-cafe-canela-7-1024x683.jpg\" alt=\"\" class=\"wp-image-42173\" srcset=\"https:\/\/quantocustaviajar.com\/blog\/wp-content\/uploads\/2020\/02\/braziliano-cafe-canela-7-1024x683.jpg 1024w, https:\/\/quantocustaviajar.com\/blog\/wp-content\/uploads\/2020\/02\/braziliano-cafe-canela-7-300x200.jpg 300w, https:\/\/quantocustaviajar.com\/blog\/wp-content\/uploads\/2020\/02\/braziliano-cafe-canela-7-768x512.jpg 768w, https:\/\/quantocustaviajar.com\/blog\/wp-content\/uploads\/2020\/02\/braziliano-cafe-canela-7.jpg 1440w\" sizes=\"auto, (max-width: 1024px) 100vw, 1024px\" \/><figcaption>Foto: divulga\u00e7\u00e3o \/ <a href=\"https:\/\/www.facebook.com\/pg\/brazilianocanela\/\" rel=\"noopener\">Braziliano Caf\u00e9<\/a><\/figcaption><\/figure><\/div>\n\n\n\n<p><em>Os pre\u00e7os foram consultados em fevereiro de 2020 e podem ser alterados a qualquer momento.<\/em><\/p>\n\n\n\n<p>O card\u00e1pio todo \u00e9 de deixar qualquer pessoa com \u00e1gua na\nboca! Se voc\u00ea visitar Canela, n\u00e3o deixe de incluir o Braziliano Caf\u00e9 em Canela\nem seu roteiro gastron\u00f4mico ;)<\/p>\n\n\n\n<blockquote class=\"wp-block-quote is-layout-flow wp-block-quote-is-layout-flow\"><p><strong><a rel=\"noreferrer noopener\" aria-label=\"Encontre o hotel perfeito para sua viagem aqui! (abre numa nova aba)\" href=\"https:\/\/www.booking.com\/city\/br\/canela-rs-000.pt-br.html?aid=2161834\" target=\"_blank\">Encontre o hotel perfeito para sua viagem aqui!<\/a><\/strong><\/p><\/blockquote>\n\n\n\n<p>Veja mais fotos das sobremesas do Braziliano Caf\u00e9 em Canela porque n\u00e3o queremos passar vontade sozinhas :P<\/p>\n\n\n\n<div class=\"wp-block-image\"><figure class=\"aligncenter\"><img loading=\"lazy\" decoding=\"async\" width=\"768\" height=\"960\" src=\"https:\/\/quantocustaviajar.com\/blog\/wp-content\/uploads\/2020\/02\/braziliano-cafe-canela-26.jpg\" alt=\"Braziliano Caf\u00e9 em Canela\" class=\"wp-image-42179\" srcset=\"https:\/\/quantocustaviajar.com\/blog\/wp-content\/uploads\/2020\/02\/braziliano-cafe-canela-26.jpg 768w, https:\/\/quantocustaviajar.com\/blog\/wp-content\/uploads\/2020\/02\/braziliano-cafe-canela-26-240x300.jpg 240w\" sizes=\"auto, (max-width: 768px) 100vw, 768px\" \/><figcaption>Foto: divulga\u00e7\u00e3o \/ <a href=\"https:\/\/www.facebook.com\/pg\/brazilianocanela\/\" rel=\"noopener\">Braziliano Caf\u00e9<\/a><\/figcaption><\/figure><\/div>\n\n\n\n<div class=\"wp-block-image\"><figure class=\"aligncenter\"><img loading=\"lazy\" decoding=\"async\" width=\"960\" height=\"960\" src=\"https:\/\/quantocustaviajar.com\/blog\/wp-content\/uploads\/2020\/02\/braziliano-cafe-canela-24.jpg\" alt=\"Braziliano Caf\u00e9 em Canela\" class=\"wp-image-42180\" srcset=\"https:\/\/quantocustaviajar.com\/blog\/wp-content\/uploads\/2020\/02\/braziliano-cafe-canela-24.jpg 960w, https:\/\/quantocustaviajar.com\/blog\/wp-content\/uploads\/2020\/02\/braziliano-cafe-canela-24-150x150.jpg 150w, https:\/\/quantocustaviajar.com\/blog\/wp-content\/uploads\/2020\/02\/braziliano-cafe-canela-24-300x300.jpg 300w, https:\/\/quantocustaviajar.com\/blog\/wp-content\/uploads\/2020\/02\/braziliano-cafe-canela-24-768x768.jpg 768w\" sizes=\"auto, (max-width: 960px) 100vw, 960px\" \/><figcaption>Foto: divulga\u00e7\u00e3o \/ <a href=\"https:\/\/www.facebook.com\/pg\/brazilianocanela\/\" rel=\"noopener\">Braziliano Caf\u00e9<\/a><\/figcaption><\/figure><\/div>\n\n\n\n<div class=\"wp-block-image\"><figure class=\"aligncenter\"><img loading=\"lazy\" decoding=\"async\" width=\"768\" height=\"960\" src=\"https:\/\/quantocustaviajar.com\/blog\/wp-content\/uploads\/2020\/02\/braziliano-cafe-canela-11.jpg\" alt=\"Braziliano Caf\u00e9 em Canela\" class=\"wp-image-42188\" srcset=\"https:\/\/quantocustaviajar.com\/blog\/wp-content\/uploads\/2020\/02\/braziliano-cafe-canela-11.jpg 768w, https:\/\/quantocustaviajar.com\/blog\/wp-content\/uploads\/2020\/02\/braziliano-cafe-canela-11-240x300.jpg 240w\" sizes=\"auto, (max-width: 768px) 100vw, 768px\" \/><figcaption>Foto: divulga\u00e7\u00e3o \/ <a href=\"https:\/\/www.facebook.com\/pg\/brazilianocanela\/\" rel=\"noopener\">Braziliano Caf\u00e9<\/a><\/figcaption><\/figure><\/div>\n\n\n\n<div class=\"wp-block-image\"><figure class=\"aligncenter\"><img loading=\"lazy\" decoding=\"async\" width=\"960\" height=\"960\" src=\"https:\/\/quantocustaviajar.com\/blog\/wp-content\/uploads\/2020\/02\/braziliano-cafe-canela-20.jpg\" alt=\"Braziliano Caf\u00e9 em Canela\" class=\"wp-image-42183\" srcset=\"https:\/\/quantocustaviajar.com\/blog\/wp-content\/uploads\/2020\/02\/braziliano-cafe-canela-20.jpg 960w, https:\/\/quantocustaviajar.com\/blog\/wp-content\/uploads\/2020\/02\/braziliano-cafe-canela-20-150x150.jpg 150w, https:\/\/quantocustaviajar.com\/blog\/wp-content\/uploads\/2020\/02\/braziliano-cafe-canela-20-300x300.jpg 300w, https:\/\/quantocustaviajar.com\/blog\/wp-content\/uploads\/2020\/02\/braziliano-cafe-canela-20-768x768.jpg 768w\" sizes=\"auto, (max-width: 960px) 100vw, 960px\" \/><figcaption>Foto: divulga\u00e7\u00e3o \/ <a href=\"https:\/\/www.facebook.com\/pg\/brazilianocanela\/\" rel=\"noopener\">Braziliano Caf\u00e9<\/a><\/figcaption><\/figure><\/div>\n\n\n\n<div class=\"wp-block-image\"><figure class=\"aligncenter\"><img loading=\"lazy\" decoding=\"async\" width=\"768\" height=\"960\" src=\"https:\/\/quantocustaviajar.com\/blog\/wp-content\/uploads\/2020\/02\/braziliano-cafe-canela-17.jpg\" alt=\"Braziliano Caf\u00e9 em Canela\" class=\"wp-image-42185\" srcset=\"https:\/\/quantocustaviajar.com\/blog\/wp-content\/uploads\/2020\/02\/braziliano-cafe-canela-17.jpg 768w, https:\/\/quantocustaviajar.com\/blog\/wp-content\/uploads\/2020\/02\/braziliano-cafe-canela-17-240x300.jpg 240w\" sizes=\"auto, (max-width: 768px) 100vw, 768px\" \/><figcaption>Foto: divulga\u00e7\u00e3o \/ <a href=\"https:\/\/www.facebook.com\/pg\/brazilianocanela\/\" rel=\"noopener\">Braziliano Caf\u00e9<\/a><\/figcaption><\/figure><\/div>\n\n\n\n<div class=\"wp-block-image\"><figure class=\"aligncenter\"><img loading=\"lazy\" decoding=\"async\" width=\"853\" height=\"853\" src=\"https:\/\/quantocustaviajar.com\/blog\/wp-content\/uploads\/2020\/02\/braziliano-cafe-canela-23.jpg\" alt=\"\" class=\"wp-image-42181\" srcset=\"https:\/\/quantocustaviajar.com\/blog\/wp-content\/uploads\/2020\/02\/braziliano-cafe-canela-23.jpg 853w, https:\/\/quantocustaviajar.com\/blog\/wp-content\/uploads\/2020\/02\/braziliano-cafe-canela-23-150x150.jpg 150w, https:\/\/quantocustaviajar.com\/blog\/wp-content\/uploads\/2020\/02\/braziliano-cafe-canela-23-300x300.jpg 300w, https:\/\/quantocustaviajar.com\/blog\/wp-content\/uploads\/2020\/02\/braziliano-cafe-canela-23-768x768.jpg 768w\" sizes=\"auto, (max-width: 853px) 100vw, 853px\" \/><figcaption>Foto: divulga\u00e7\u00e3o \/ <a href=\"https:\/\/www.facebook.com\/pg\/brazilianocanela\/\" rel=\"noopener\">Braziliano Caf\u00e9<\/a><\/figcaption><\/figure><\/div>\n\n\n\n<div class=\"wp-block-image\"><figure class=\"aligncenter\"><img loading=\"lazy\" decoding=\"async\" width=\"960\" height=\"720\" src=\"https:\/\/quantocustaviajar.com\/blog\/wp-content\/uploads\/2020\/02\/braziliano-cafe-canela-21.jpg\" alt=\"\" class=\"wp-image-42182\" srcset=\"https:\/\/quantocustaviajar.com\/blog\/wp-content\/uploads\/2020\/02\/braziliano-cafe-canela-21.jpg 960w, https:\/\/quantocustaviajar.com\/blog\/wp-content\/uploads\/2020\/02\/braziliano-cafe-canela-21-300x225.jpg 300w, https:\/\/quantocustaviajar.com\/blog\/wp-content\/uploads\/2020\/02\/braziliano-cafe-canela-21-768x576.jpg 768w\" sizes=\"auto, (max-width: 960px) 100vw, 960px\" \/><figcaption>Foto: divulga\u00e7\u00e3o \/ <a href=\"https:\/\/www.facebook.com\/pg\/brazilianocanela\/\" rel=\"noopener\">Braziliano Caf\u00e9<\/a><\/figcaption><\/figure><\/div>\n\n\n\n<div class=\"wp-block-image\"><figure class=\"aligncenter\"><img loading=\"lazy\" decoding=\"async\" width=\"768\" height=\"960\" src=\"https:\/\/quantocustaviajar.com\/blog\/wp-content\/uploads\/2020\/02\/braziliano-cafe-canela-19.jpg\" alt=\"\" class=\"wp-image-42184\" srcset=\"https:\/\/quantocustaviajar.com\/blog\/wp-content\/uploads\/2020\/02\/braziliano-cafe-canela-19.jpg 768w, https:\/\/quantocustaviajar.com\/blog\/wp-content\/uploads\/2020\/02\/braziliano-cafe-canela-19-240x300.jpg 240w\" sizes=\"auto, (max-width: 768px) 100vw, 768px\" \/><figcaption>Foto: divulga\u00e7\u00e3o \/ <a href=\"https:\/\/www.facebook.com\/pg\/brazilianocanela\/\" rel=\"noopener\">Braziliano Caf\u00e9<\/a><\/figcaption><\/figure><\/div>\n\n\n\n<div class=\"wp-block-image\"><figure class=\"aligncenter\"><img loading=\"lazy\" decoding=\"async\" width=\"768\" height=\"960\" src=\"https:\/\/quantocustaviajar.com\/blog\/wp-content\/uploads\/2020\/02\/braziliano-cafe-canela-15.jpg\" alt=\"\" class=\"wp-image-42186\" srcset=\"https:\/\/quantocustaviajar.com\/blog\/wp-content\/uploads\/2020\/02\/braziliano-cafe-canela-15.jpg 768w, https:\/\/quantocustaviajar.com\/blog\/wp-content\/uploads\/2020\/02\/braziliano-cafe-canela-15-240x300.jpg 240w\" sizes=\"auto, (max-width: 768px) 100vw, 768px\" \/><figcaption>Foto: divulga\u00e7\u00e3o \/ <a href=\"https:\/\/www.facebook.com\/pg\/brazilianocanela\/\" rel=\"noopener\">Braziliano Caf\u00e9<\/a><\/figcaption><\/figure><\/div>\n\n\n\n<div class=\"wp-block-image\"><figure class=\"aligncenter\"><img loading=\"lazy\" decoding=\"async\" width=\"768\" height=\"960\" src=\"https:\/\/quantocustaviajar.com\/blog\/wp-content\/uploads\/2020\/02\/braziliano-cafe-canela-14.jpg\" alt=\"\" class=\"wp-image-42187\" srcset=\"https:\/\/quantocustaviajar.com\/blog\/wp-content\/uploads\/2020\/02\/braziliano-cafe-canela-14.jpg 768w, https:\/\/quantocustaviajar.com\/blog\/wp-content\/uploads\/2020\/02\/braziliano-cafe-canela-14-240x300.jpg 240w\" sizes=\"auto, (max-width: 768px) 100vw, 768px\" \/><figcaption>Foto: divulga\u00e7\u00e3o \/ <a href=\"https:\/\/www.facebook.com\/pg\/brazilianocanela\/\" rel=\"noopener\">Braziliano Caf\u00e9<\/a><\/figcaption><\/figure><\/div>\n\n\n\n<div class=\"wp-block-image\"><figure class=\"aligncenter\"><img loading=\"lazy\" decoding=\"async\" width=\"768\" height=\"960\" src=\"https:\/\/quantocustaviajar.com\/blog\/wp-content\/uploads\/2020\/02\/braziliano-cafe-canela-9.jpg\" alt=\"\" class=\"wp-image-42189\" srcset=\"https:\/\/quantocustaviajar.com\/blog\/wp-content\/uploads\/2020\/02\/braziliano-cafe-canela-9.jpg 768w, https:\/\/quantocustaviajar.com\/blog\/wp-content\/uploads\/2020\/02\/braziliano-cafe-canela-9-240x300.jpg 240w\" sizes=\"auto, (max-width: 768px) 100vw, 768px\" \/><figcaption>Foto: divulga\u00e7\u00e3o \/ <a href=\"https:\/\/www.facebook.com\/pg\/brazilianocanela\/\" rel=\"noopener\">Braziliano Caf\u00e9<\/a><\/figcaption><\/figure><\/div>\n\n\n\n<p><strong>Braziliano Caf\u00e9 em Canela<\/strong><\/p>\n\n\n\n<ul class=\"wp-block-list\"><li><strong>Endere\u00e7o<\/strong>: R. Paul Harris, 55 \u2013 Sala 8 \u2013 Centro, Canela<\/li><li><strong>Hor\u00e1rio de funcionamento<\/strong>: de ter\u00e7a a domingo, das 11h45 \u00e0s 22h<\/li><li><strong>Telefone<\/strong>: (54) 3282-1903<\/li><li><strong>Redes sociais<\/strong>: <strong><a rel=\"noreferrer noopener\" aria-label=\"Instagram (abre numa nova aba)\" href=\"https:\/\/www.instagram.com\/brazilianocanela\" target=\"_blank\">Instagram<\/a><\/strong> | <strong><a rel=\"noreferrer noopener\" aria-label=\"Facebook (abre numa nova aba)\" href=\"https:\/\/www.facebook.com\/brazilianocanela\/\" target=\"_blank\">Facebook<\/a><\/strong><\/li><\/ul>\n","protected":false},"excerpt":{"rendered":"<p>\u00c9 bem poss\u00edvel que voc\u00ea tenha visto um v\u00eddeo que viralizou recentemente no Facebook e no Instagram, no qual uma mulher est\u00e1 diante de uma ta\u00e7a maravilhosa de milkshake e, com ajuda de um martelinho, quebra uma casquinha crocante e toda a calda de chocolate escorre sobre o doce, deixando as formiguinhas de plant\u00e3o babando! [&hellip;]<\/p>\n","protected":false},"author":11,"featured_media":42194,"comment_status":"open","ping_status":"open","sticky":false,"template":"","format":"standard","meta":{"cybocfi_hide_featured_image":"","footnotes":""},"categories":[1435,1434],"tags":[176,266,67,517,694,2576,215,274,216,1004],"class_list":["post-42167","post","type-post","status-publish","format-standard","has-post-thumbnail","hentry","category-comes-bebes","category-descubra-brasil","tag-america-do-sul","tag-brasil","tag-cafe","tag-canela","tag-chocolate","tag-doce","tag-gramado","tag-inverno","tag-rio-grande-do-sul","tag-sorvete"],"blocksy_meta":[],"yoast_head":"<!-- This site is optimized with the Yoast SEO plugin v26.3 - https:\/\/yoast.com\/wordpress\/plugins\/seo\/ -->\n<title>Braziliano Caf\u00e9 em Canela \u00e9 o para\u00edso para quem AMA doces<\/title>\n<meta name=\"description\" content=\"As sobremesas mais lindas e gostosas da Serra Ga\u00facha est\u00e3o aqui! Conhe\u00e7a o Braziliano Caf\u00e9 em Canela e fique babando em cada um dos doces do card\u00e1pio.\" \/>\n<meta name=\"robots\" content=\"index, follow, max-snippet:-1, max-image-preview:large, max-video-preview:-1\" \/>\n<link rel=\"canonical\" href=\"https:\/\/quantocustaviajar.com\/blog\/braziliano-cafe-em-canela\/\" \/>\n<meta property=\"og:locale\" content=\"pt_BR\" \/>\n<meta property=\"og:type\" content=\"article\" \/>\n<meta property=\"og:title\" content=\"Braziliano Caf\u00e9 em Canela \u00e9 o para\u00edso para quem AMA doces\" \/>\n<meta property=\"og:description\" content=\"As sobremesas mais lindas e gostosas da Serra Ga\u00facha est\u00e3o aqui! Conhe\u00e7a o Braziliano Caf\u00e9 em Canela e fique babando em cada um dos doces do card\u00e1pio.\" \/>\n<meta property=\"og:url\" content=\"https:\/\/quantocustaviajar.com\/blog\/braziliano-cafe-em-canela\/\" \/>\n<meta property=\"og:site_name\" content=\"Blog Quanto Custa Viajar\" \/>\n<meta property=\"article:publisher\" content=\"https:\/\/www.facebook.com\/quantocustaviajar\" \/>\n<meta property=\"article:published_time\" content=\"2020-02-19T17:58:10+00:00\" \/>\n<meta property=\"article:modified_time\" content=\"2022-05-30T17:52:25+00:00\" \/>\n<meta property=\"og:image\" content=\"https:\/\/quantocustaviajar.com\/blog\/wp-content\/uploads\/2020\/02\/doces_canela.gif\" \/>\n\t<meta property=\"og:image:width\" content=\"800\" \/>\n\t<meta property=\"og:image:height\" content=\"500\" \/>\n\t<meta property=\"og:image:type\" content=\"image\/gif\" \/>\n<meta name=\"author\" content=\"Andressa Xavier Pellanda\" \/>\n<meta name=\"twitter:card\" content=\"summary_large_image\" \/>\n<meta name=\"twitter:label1\" content=\"Escrito por\" \/>\n\t<meta name=\"twitter:data1\" content=\"Andressa Xavier Pellanda\" \/>\n\t<meta name=\"twitter:label2\" content=\"Est. tempo de leitura\" \/>\n\t<meta name=\"twitter:data2\" content=\"10 minutos\" \/>\n<!-- \/ Yoast SEO plugin. -->","yoast_head_json":{"title":"Braziliano Caf\u00e9 em Canela \u00e9 o para\u00edso para quem AMA doces","description":"As sobremesas mais lindas e gostosas da Serra Ga\u00facha est\u00e3o aqui! Conhe\u00e7a o Braziliano Caf\u00e9 em Canela e fique babando em cada um dos doces do card\u00e1pio.","robots":{"index":"index","follow":"follow","max-snippet":"max-snippet:-1","max-image-preview":"max-image-preview:large","max-video-preview":"max-video-preview:-1"},"canonical":"https:\/\/quantocustaviajar.com\/blog\/braziliano-cafe-em-canela\/","og_locale":"pt_BR","og_type":"article","og_title":"Braziliano Caf\u00e9 em Canela \u00e9 o para\u00edso para quem AMA doces","og_description":"As sobremesas mais lindas e gostosas da Serra Ga\u00facha est\u00e3o aqui! Conhe\u00e7a o Braziliano Caf\u00e9 em Canela e fique babando em cada um dos doces do card\u00e1pio.","og_url":"https:\/\/quantocustaviajar.com\/blog\/braziliano-cafe-em-canela\/","og_site_name":"Blog Quanto Custa Viajar","article_publisher":"https:\/\/www.facebook.com\/quantocustaviajar","article_published_time":"2020-02-19T17:58:10+00:00","article_modified_time":"2022-05-30T17:52:25+00:00","og_image":[{"width":800,"height":500,"url":"https:\/\/quantocustaviajar.com\/blog\/wp-content\/uploads\/2020\/02\/doces_canela.gif","type":"image\/gif"}],"author":"Andressa Xavier Pellanda","twitter_card":"summary_large_image","twitter_misc":{"Escrito por":"Andressa Xavier Pellanda","Est. tempo de leitura":"10 minutos"},"schema":{"@context":"https:\/\/schema.org","@graph":[{"@type":["Article","BlogPosting"],"@id":"https:\/\/quantocustaviajar.com\/blog\/braziliano-cafe-em-canela\/#article","isPartOf":{"@id":"https:\/\/quantocustaviajar.com\/blog\/braziliano-cafe-em-canela\/"},"author":{"name":"Andressa Xavier Pellanda","@id":"https:\/\/quantocustaviajar.com\/blog\/#\/schema\/person\/81b0aaf2069da1a2da54677906b42d3c"},"headline":"Braziliano Caf\u00e9 em Canela \u00e9 o para\u00edso para quem AMA doces","datePublished":"2020-02-19T17:58:10+00:00","dateModified":"2022-05-30T17:52:25+00:00","mainEntityOfPage":{"@id":"https:\/\/quantocustaviajar.com\/blog\/braziliano-cafe-em-canela\/"},"wordCount":1081,"commentCount":0,"publisher":{"@id":"https:\/\/quantocustaviajar.com\/blog\/#organization"},"image":{"@id":"https:\/\/quantocustaviajar.com\/blog\/braziliano-cafe-em-canela\/#primaryimage"},"thumbnailUrl":"https:\/\/quantocustaviajar.com\/blog\/wp-content\/uploads\/2020\/02\/doces_canela.gif","keywords":["am\u00e9rica do sul","Brasil","caf\u00e9","Canela","chocolate","doce","Gramado","inverno","Rio Grande do Sul","sorvete"],"articleSection":["Comes &amp; Bebes","Descubra o Brasil"],"inLanguage":"pt-BR","potentialAction":[{"@type":"CommentAction","name":"Comment","target":["https:\/\/quantocustaviajar.com\/blog\/braziliano-cafe-em-canela\/#respond"]}]},{"@type":"WebPage","@id":"https:\/\/quantocustaviajar.com\/blog\/braziliano-cafe-em-canela\/","url":"https:\/\/quantocustaviajar.com\/blog\/braziliano-cafe-em-canela\/","name":"Braziliano Caf\u00e9 em Canela \u00e9 o para\u00edso para quem AMA doces","isPartOf":{"@id":"https:\/\/quantocustaviajar.com\/blog\/#website"},"primaryImageOfPage":{"@id":"https:\/\/quantocustaviajar.com\/blog\/braziliano-cafe-em-canela\/#primaryimage"},"image":{"@id":"https:\/\/quantocustaviajar.com\/blog\/braziliano-cafe-em-canela\/#primaryimage"},"thumbnailUrl":"https:\/\/quantocustaviajar.com\/blog\/wp-content\/uploads\/2020\/02\/doces_canela.gif","datePublished":"2020-02-19T17:58:10+00:00","dateModified":"2022-05-30T17:52:25+00:00","description":"As sobremesas mais lindas e gostosas da Serra Ga\u00facha est\u00e3o aqui! Conhe\u00e7a o Braziliano Caf\u00e9 em Canela e fique babando em cada um dos doces do card\u00e1pio.","breadcrumb":{"@id":"https:\/\/quantocustaviajar.com\/blog\/braziliano-cafe-em-canela\/#breadcrumb"},"inLanguage":"pt-BR","potentialAction":[{"@type":"ReadAction","target":["https:\/\/quantocustaviajar.com\/blog\/braziliano-cafe-em-canela\/"]}]},{"@type":"ImageObject","inLanguage":"pt-BR","@id":"https:\/\/quantocustaviajar.com\/blog\/braziliano-cafe-em-canela\/#primaryimage","url":"https:\/\/quantocustaviajar.com\/blog\/wp-content\/uploads\/2020\/02\/doces_canela.gif","contentUrl":"https:\/\/quantocustaviajar.com\/blog\/wp-content\/uploads\/2020\/02\/doces_canela.gif","width":800,"height":500},{"@type":"BreadcrumbList","@id":"https:\/\/quantocustaviajar.com\/blog\/braziliano-cafe-em-canela\/#breadcrumb","itemListElement":[{"@type":"ListItem","position":1,"name":"In\u00edcio","item":"https:\/\/quantocustaviajar.com\/blog\/"},{"@type":"ListItem","position":2,"name":"Braziliano Caf\u00e9 em Canela \u00e9 o para\u00edso para quem AMA doces"}]},{"@type":"WebSite","@id":"https:\/\/quantocustaviajar.com\/blog\/#website","url":"https:\/\/quantocustaviajar.com\/blog\/","name":"Blog Quanto Custa Viajar","description":"","publisher":{"@id":"https:\/\/quantocustaviajar.com\/blog\/#organization"},"potentialAction":[{"@type":"SearchAction","target":{"@type":"EntryPoint","urlTemplate":"https:\/\/quantocustaviajar.com\/blog\/?s={search_term_string}"},"query-input":{"@type":"PropertyValueSpecification","valueRequired":true,"valueName":"search_term_string"}}],"inLanguage":"pt-BR"},{"@type":"Organization","@id":"https:\/\/quantocustaviajar.com\/blog\/#organization","name":"Quanto Custa Viajar","url":"https:\/\/quantocustaviajar.com\/blog\/","logo":{"@type":"ImageObject","inLanguage":"pt-BR","@id":"https:\/\/quantocustaviajar.com\/blog\/#\/schema\/logo\/image\/","url":"","contentUrl":"","caption":"Quanto Custa Viajar"},"image":{"@id":"https:\/\/quantocustaviajar.com\/blog\/#\/schema\/logo\/image\/"},"sameAs":["https:\/\/www.facebook.com\/quantocustaviajar"]},{"@type":"Person","@id":"https:\/\/quantocustaviajar.com\/blog\/#\/schema\/person\/81b0aaf2069da1a2da54677906b42d3c","name":"Andressa Xavier Pellanda","image":{"@type":"ImageObject","inLanguage":"pt-BR","@id":"https:\/\/quantocustaviajar.com\/blog\/#\/schema\/person\/image\/","url":"https:\/\/secure.gravatar.com\/avatar\/efccc167c341de2100a574b335de06f5efda2310964e70124d995491728ed674?s=96&d=mm&r=g","contentUrl":"https:\/\/secure.gravatar.com\/avatar\/efccc167c341de2100a574b335de06f5efda2310964e70124d995491728ed674?s=96&d=mm&r=g","caption":"Andressa Xavier Pellanda"},"description":"Eu gosto de viajar antes mesmo de chegar ao destino!","url":"https:\/\/quantocustaviajar.com\/blog\/author\/andressa\/"}]}},"_links":{"self":[{"href":"https:\/\/quantocustaviajar.com\/blog\/wp-json\/wp\/v2\/posts\/42167","targetHints":{"allow":["GET"]}}],"collection":[{"href":"https:\/\/quantocustaviajar.com\/blog\/wp-json\/wp\/v2\/posts"}],"about":[{"href":"https:\/\/quantocustaviajar.com\/blog\/wp-json\/wp\/v2\/types\/post"}],"author":[{"embeddable":true,"href":"https:\/\/quantocustaviajar.com\/blog\/wp-json\/wp\/v2\/users\/11"}],"replies":[{"embeddable":true,"href":"https:\/\/quantocustaviajar.com\/blog\/wp-json\/wp\/v2\/comments?post=42167"}],"version-history":[{"count":6,"href":"https:\/\/quantocustaviajar.com\/blog\/wp-json\/wp\/v2\/posts\/42167\/revisions"}],"predecessor-version":[{"id":53588,"href":"https:\/\/quantocustaviajar.com\/blog\/wp-json\/wp\/v2\/posts\/42167\/revisions\/53588"}],"wp:featuredmedia":[{"embeddable":true,"href":"https:\/\/quantocustaviajar.com\/blog\/wp-json\/wp\/v2\/media\/42194"}],"wp:attachment":[{"href":"https:\/\/quantocustaviajar.com\/blog\/wp-json\/wp\/v2\/media?parent=42167"}],"wp:term":[{"taxonomy":"category","embeddable":true,"href":"https:\/\/quantocustaviajar.com\/blog\/wp-json\/wp\/v2\/categories?post=42167"},{"taxonomy":"post_tag","embeddable":true,"href":"https:\/\/quantocustaviajar.com\/blog\/wp-json\/wp\/v2\/tags?post=42167"}],"curies":[{"name":"wp","href":"https:\/\/api.w.org\/{rel}","templated":true}]}}