{"id":41964,"date":"2020-02-13T12:19:48","date_gmt":"2020-02-13T12:19:48","guid":{"rendered":"https:\/\/quantocustaviajar.com\/blog\/?p=41964"},"modified":"2020-02-13T12:24:43","modified_gmt":"2020-02-13T12:24:43","slug":"vale-europeu-em-santa-catarina","status":"publish","type":"post","link":"https:\/\/quantocustaviajar.com\/blog\/vale-europeu-em-santa-catarina\/","title":{"rendered":"Vale Europeu em Santa Catarina traz um pedacinho da Alemanha e It\u00e1lia para o Brasil"},"content":{"rendered":"\n<p>O <strong>Vale Europeu em <a href=\"https:\/\/quantocustaviajar.com\/blog\/lugares-para-conhecer-no-interior-de-santa-catarina\/\">Santa Catarina<\/a><\/strong> \u00e9 uma regi\u00e3o que\ntraz um pouquinho da Europa para o Brasil. Colonizado por imigrantes italianos\ne alem\u00e3es, as ra\u00edzes culturais desses povos permanecem fortes at\u00e9 os dias de\nhoje no vale que \u00e9 cortado pelo imponente Rio Itaja\u00ed.<\/p><div id=\"ez-toc-container\" class=\"ez-toc-v2_0_76 ez-toc-wrap-left counter-hierarchy ez-toc-counter ez-toc-light-blue ez-toc-container-direction\">\n<div class=\"ez-toc-title-container\">\n<p class=\"ez-toc-title\" style=\"cursor:inherit\">Aqui voc\u00ea ir\u00e1 encontrar<\/p>\n<span class=\"ez-toc-title-toggle\"><a href=\"#\" class=\"ez-toc-pull-right ez-toc-btn ez-toc-btn-xs ez-toc-btn-default ez-toc-toggle\" aria-label=\"Alternar tabela de conte\u00fado\"><span class=\"ez-toc-js-icon-con\"><span class=\"\"><span class=\"eztoc-hide\" style=\"display:none;\">Toggle<\/span><span class=\"ez-toc-icon-toggle-span\"><svg style=\"fill: #999;color:#999\" xmlns=\"http:\/\/www.w3.org\/2000\/svg\" class=\"list-377408\" width=\"20px\" height=\"20px\" viewBox=\"0 0 24 24\" fill=\"none\"><path d=\"M6 6H4v2h2V6zm14 0H8v2h12V6zM4 11h2v2H4v-2zm16 0H8v2h12v-2zM4 16h2v2H4v-2zm16 0H8v2h12v-2z\" fill=\"currentColor\"><\/path><\/svg><svg style=\"fill: #999;color:#999\" class=\"arrow-unsorted-368013\" xmlns=\"http:\/\/www.w3.org\/2000\/svg\" width=\"10px\" height=\"10px\" viewBox=\"0 0 24 24\" version=\"1.2\" baseProfile=\"tiny\"><path d=\"M18.2 9.3l-6.2-6.3-6.2 6.3c-.2.2-.3.4-.3.7s.1.5.3.7c.2.2.4.3.7.3h11c.3 0 .5-.1.7-.3.2-.2.3-.5.3-.7s-.1-.5-.3-.7zM5.8 14.7l6.2 6.3 6.2-6.3c.2-.2.3-.5.3-.7s-.1-.5-.3-.7c-.2-.2-.4-.3-.7-.3h-11c-.3 0-.5.1-.7.3-.2.2-.3.5-.3.7s.1.5.3.7z\"\/><\/svg><\/span><\/span><\/span><\/a><\/span><\/div>\n<nav><ul class='ez-toc-list ez-toc-list-level-1 ' ><li class='ez-toc-page-1 ez-toc-heading-level-2'><a class=\"ez-toc-link ez-toc-heading-1\" href=\"https:\/\/quantocustaviajar.com\/blog\/vale-europeu-em-santa-catarina\/#Como_visitar_o_Vale_Europeu_em_Santa_Catarina\" >Como visitar o Vale Europeu em Santa Catarina<\/a><\/li><li class='ez-toc-page-1 ez-toc-heading-level-2'><a class=\"ez-toc-link ez-toc-heading-2\" href=\"https:\/\/quantocustaviajar.com\/blog\/vale-europeu-em-santa-catarina\/#1_Blumenau\" >1. Blumenau<\/a><\/li><li class='ez-toc-page-1 ez-toc-heading-level-2'><a class=\"ez-toc-link ez-toc-heading-3\" href=\"https:\/\/quantocustaviajar.com\/blog\/vale-europeu-em-santa-catarina\/#2_Pomerode\" >2. Pomerode<\/a><\/li><li class='ez-toc-page-1 ez-toc-heading-level-2'><a class=\"ez-toc-link ez-toc-heading-4\" href=\"https:\/\/quantocustaviajar.com\/blog\/vale-europeu-em-santa-catarina\/#3_Rio_dos_Cedros\" >3. Rio dos Cedros<\/a><\/li><li class='ez-toc-page-1 ez-toc-heading-level-2'><a class=\"ez-toc-link ez-toc-heading-5\" href=\"https:\/\/quantocustaviajar.com\/blog\/vale-europeu-em-santa-catarina\/#4_Timbo\" >4. Timb\u00f3<\/a><\/li><li class='ez-toc-page-1 ez-toc-heading-level-2'><a class=\"ez-toc-link ez-toc-heading-6\" href=\"https:\/\/quantocustaviajar.com\/blog\/vale-europeu-em-santa-catarina\/#5_Ibirama_Apiuna_Ascurra_e_Rodeio\" >5. Ibirama, Api\u00fana, Ascurra e Rodeio<\/a><\/li><li class='ez-toc-page-1 ez-toc-heading-level-2'><a class=\"ez-toc-link ez-toc-heading-7\" href=\"https:\/\/quantocustaviajar.com\/blog\/vale-europeu-em-santa-catarina\/#6_Nova_Trento\" >6. Nova Trento<\/a><\/li><li class='ez-toc-page-1 ez-toc-heading-level-2'><a class=\"ez-toc-link ez-toc-heading-8\" href=\"https:\/\/quantocustaviajar.com\/blog\/vale-europeu-em-santa-catarina\/#7_Brusque\" >7. Brusque<\/a><\/li><li class='ez-toc-page-1 ez-toc-heading-level-2'><a class=\"ez-toc-link ez-toc-heading-9\" href=\"https:\/\/quantocustaviajar.com\/blog\/vale-europeu-em-santa-catarina\/#8_Botuvera\" >8. Botuver\u00e1<\/a><\/li><\/ul><\/nav><\/div>\n\n\n\n\n<p>Diversas cidades fazem parte do Vale Europeu e fazer um tour\npelos principais destinos (ou em todos) \u00e9 bem poss\u00edvel. Quem tem vontade de\nviajar para cidades do interior, encher a barriga em um caf\u00e9 colonial, ter\nmaior contato com a natureza e aproveitar festas t\u00edpicas vai amar visitar a\nregi\u00e3o.<\/p>\n\n\n\n<p>Por isso, separamos algumas dicas de cidades legais para\nconhecer no Vale Europeu em Santa Catarina para voc\u00ea se planejar, pegar a\nestrada e ser bem recebido pelo povo alegre e simp\u00e1tico do estado.<\/p>\n\n\n\n<h2 class=\"wp-block-heading\"><span class=\"ez-toc-section\" id=\"Como_visitar_o_Vale_Europeu_em_Santa_Catarina\"><\/span>Como visitar o Vale Europeu em Santa Catarina<span class=\"ez-toc-section-end\"><\/span><\/h2>\n\n\n\n<div class=\"wp-block-image\"><figure class=\"aligncenter\"><img loading=\"lazy\" decoding=\"async\" width=\"799\" height=\"533\" src=\"https:\/\/quantocustaviajar.com\/blog\/wp-content\/uploads\/2020\/02\/vale-europeu-em-santa-catarina-1.jpg\" alt=\"vale europeu em santa catarina\" class=\"wp-image-41968\" srcset=\"https:\/\/quantocustaviajar.com\/blog\/wp-content\/uploads\/2020\/02\/vale-europeu-em-santa-catarina-1.jpg 799w, https:\/\/quantocustaviajar.com\/blog\/wp-content\/uploads\/2020\/02\/vale-europeu-em-santa-catarina-1-300x200.jpg 300w, https:\/\/quantocustaviajar.com\/blog\/wp-content\/uploads\/2020\/02\/vale-europeu-em-santa-catarina-1-768x512.jpg 768w\" sizes=\"auto, (max-width: 799px) 100vw, 799px\" \/><figcaption>Foto: <a href=\"https:\/\/www.flickr.com\/photos\/rosanetur\/43549328172\" rel=\"noopener\">Rosanetur<\/a><\/figcaption><\/figure><\/div>\n\n\n\n<p>A primeira coisa a saber para come\u00e7ar a se planejar \u00e9 entender como se deslocar de uma cidade para outra. Nossa dica \u00e9 que a <strong>viagem seja feita de carro<\/strong>, porque voc\u00ea tem mais liberdade para ir de um lugar ao outro dessa maneira. S\u00f3 muita aten\u00e7\u00e3o para dirigir pela BR-470 porque muitos trechos s\u00e3o de pistas simples e a imprud\u00eancia de muito motorista no volante causa acidentes!<\/p>\n\n\n\n<p>Quem j\u00e1 mora em Santa Catarina consegue fazer muitos <strong>passeios no estilo bate e volta<\/strong> ou pernoitando por uma ou duas noites. \u00c9 de outro estado e quer passar mais dias no Vale Europeu? Se voc\u00ea reservar <strong>de cinco a sete dias<\/strong>, \u00e9 poss\u00edvel ver as principais cidades e atra\u00e7\u00f5es.<\/p>\n\n\n\n<p>Falando em principais cidades, voc\u00ea pode definir Blumenau, Pomerode, Timb\u00f3 e Nova Trento como sua base para hospedagem. Isso porque, partindo de cada uma delas, ficar\u00e1 bem f\u00e1cil se deslocar mais outras regi\u00f5es.<\/p>\n\n\n\n<p>Agora sim, pronta para anotar nossas dicas de cidades e passeios?<\/p>\n\n\n\n<h2 class=\"wp-block-heading\"><span class=\"ez-toc-section\" id=\"1_Blumenau\"><\/span>1. Blumenau<span class=\"ez-toc-section-end\"><\/span><\/h2>\n\n\n\n<div class=\"wp-block-image\"><figure class=\"aligncenter\"><img loading=\"lazy\" decoding=\"async\" width=\"1024\" height=\"1024\" src=\"https:\/\/quantocustaviajar.com\/blog\/wp-content\/uploads\/2020\/02\/oktoberfest-em-blumenau-001-1024x1024.jpg\" alt=\"\" class=\"wp-image-41967\" srcset=\"https:\/\/quantocustaviajar.com\/blog\/wp-content\/uploads\/2020\/02\/oktoberfest-em-blumenau-001-1024x1024.jpg 1024w, https:\/\/quantocustaviajar.com\/blog\/wp-content\/uploads\/2020\/02\/oktoberfest-em-blumenau-001-150x150.jpg 150w, https:\/\/quantocustaviajar.com\/blog\/wp-content\/uploads\/2020\/02\/oktoberfest-em-blumenau-001-300x300.jpg 300w, https:\/\/quantocustaviajar.com\/blog\/wp-content\/uploads\/2020\/02\/oktoberfest-em-blumenau-001-768x768.jpg 768w, https:\/\/quantocustaviajar.com\/blog\/wp-content\/uploads\/2020\/02\/oktoberfest-em-blumenau-001.jpg 1280w\" sizes=\"auto, (max-width: 1024px) 100vw, 1024px\" \/><figcaption>Foto: <a href=\"https:\/\/www.instagram.com\/andressaxavier\/\" rel=\"noopener\">Andressa Xavier Pellanda<\/a><\/figcaption><\/figure><\/div>\n\n\n\n<p>J\u00e1 come\u00e7amos as dicas de passeios pelo Vale Europeu em Santa Catarina com uma das principais cidades da regi\u00e3o, a linda <strong><a href=\"https:\/\/quantocustaviajar.com\/brasil\/blumenau\" target=\"_blank\" rel=\"noreferrer noopener\" aria-label=\" (abre numa nova aba)\">Blumenau<\/a><\/strong>! \u00c9 bem prov\u00e1vel que voc\u00ea conhe\u00e7a este destino por conta da <strong><a rel=\"noreferrer noopener\" aria-label=\"Oktoberfest (abre numa nova aba)\" href=\"https:\/\/quantocustaviajar.com\/blog\/?s=oktoberfest\" target=\"_blank\">Oktoberfest<\/a><\/strong>, que, diga-se de passagem: \u00e9 uma das festas mais legais do Brasil!<\/p>\n\n\n\n<p>Inclusive, sabia que Oktoberfest de Blumenau \u00e9 a segunda maior festa de tradi\u00e7\u00f5es germ\u00e2nicas do mundo, ficando atr\u00e1s apenas da Oktoberfest de <strong><a href=\"https:\/\/quantocustaviajar.com\/alemanha\/munique\" target=\"_blank\" rel=\"noreferrer noopener\" aria-label=\"Munique (abre numa nova aba)\">Munique<\/a><\/strong> (cidade que criou essa tradi\u00e7\u00e3o)? O lugar \u00e9 perfeito para dan\u00e7ar, escutar m\u00fasicas alem\u00e3s, saborear a gastronomia e, claro: beber pra valer!<\/p>\n\n\n\n<p>A festa acontece sempre na <strong>Vila Germ\u00e2nica<\/strong> que funciona como um centro de eventos o ano inteiro j\u00e1 que conta com restaurantes, bares, caf\u00e9s e lojas de artesanato. Mesmo que n\u00e3o esteja indo para Blumenau em outubro, saiba que voc\u00ea encontrar\u00e1 muita coisa boa na vila.<\/p>\n\n\n\n<p>Passear pela <strong>Rua XV de Novembro<\/strong>, observando a <strong>arquitetura\ncolonial alem\u00e3<\/strong>, tamb\u00e9m tem que fazer parte do seu roteiro. O pr\u00e9dio da\nprefeitura e a Catedral de S\u00e3o Paulo s\u00e3o destaques neste sentido. D\u00ea uma\npassadinha no pr\u00e9dio da d\u00e9cada de 40 onde se encontra a Feira do Artesanato,\nsem d\u00favidas voc\u00ea trar\u00e1 um presentinho legal.<\/p>\n\n\n\n<p>Visitar cervejarias que fazem parte da <strong><a href=\"https:\/\/quantocustaviajar.com\/blog\/rota-da-cerveja-no-vale-do-itajai-sc\/\" target=\"_blank\" rel=\"noreferrer noopener\" aria-label=\"Rota da Cerveja do Vale do Itaja\u00ed (abre numa nova aba)\">Rota da Cerveja do Vale do Itaja\u00ed<\/a><\/strong>, ir ao <strong>Museu da Cerveja<\/strong>, passar a tarde no <strong>Museu dos H\u00e1bitos e Costumes<\/strong> e at\u00e9 fazer uma degusta\u00e7\u00e3o ou conhecer o <strong>Museu Fam\u00edlia Colonial<\/strong> s\u00e3o passeios bem interessantes na cidade. <\/p>\n\n\n\n<p>J\u00e1 quem gosta de natureza pode passar boas horas nas trilhas\ndo <strong>Parque Ecol\u00f3gico Spitzkopf<\/strong>, do <strong>Parque das Nascentes<\/strong> e do <strong>Parque\nS\u00e3o Francisco de Assis<\/strong>. O <strong>Recanto Para\u00edso do Miguel<\/strong> tamb\u00e9m \u00e9 \u00f3timo\npara os dias de calor (comuns em Blumenau), j\u00e1 que conta com estrutura de\nquiosques com churrasqueiras, cachoeiras e riachos. O valor da entrada \u00e9 R$ 8\npor pessoa.<\/p>\n\n\n\n<p>Quer visitar a cidade? <strong><a href=\"https:\/\/www.booking.com\/city\/br\/blumenau.pt-br.html?aid=2161834\" target=\"_blank\" rel=\"noreferrer noopener\" aria-label=\" (abre numa nova aba)\">Pesquise hot\u00e9is e hostels em Blumenau aqui!<\/a><\/strong><\/p>\n\n\n\n<h2 class=\"wp-block-heading\"><span class=\"ez-toc-section\" id=\"2_Pomerode\"><\/span>2. Pomerode<span class=\"ez-toc-section-end\"><\/span><\/h2>\n\n\n\n<div class=\"wp-block-image\"><figure class=\"aligncenter\"><img loading=\"lazy\" decoding=\"async\" width=\"800\" height=\"600\" src=\"https:\/\/quantocustaviajar.com\/blog\/wp-content\/uploads\/2019\/04\/osterfest-em-pomerode-01.jpeg\" alt=\"osterfest em pomerode\" class=\"wp-image-33606\" srcset=\"https:\/\/quantocustaviajar.com\/blog\/wp-content\/uploads\/2019\/04\/osterfest-em-pomerode-01.jpeg 800w, https:\/\/quantocustaviajar.com\/blog\/wp-content\/uploads\/2019\/04\/osterfest-em-pomerode-01-300x225.jpeg 300w, https:\/\/quantocustaviajar.com\/blog\/wp-content\/uploads\/2019\/04\/osterfest-em-pomerode-01-768x576.jpeg 768w\" sizes=\"auto, (max-width: 800px) 100vw, 800px\" \/><figcaption>Foto: <a href=\"https:\/\/www.instagram.com\/andressaxavier\/\" target=\"_blank\" rel=\"noopener noreferrer\">Andressa Xavier Pellanda<\/a><\/figcaption><\/figure><\/div>\n\n\n\n<p><strong><a href=\"https:\/\/quantocustaviajar.com\/blog\/pomerode-em-santa-catarina\/\" target=\"_blank\" rel=\"noreferrer noopener\" aria-label=\"Pomerode (abre numa nova aba)\">Pomerode<\/a><\/strong> \u00e9 a cidade mais alem\u00e3 do Brasil. As ra\u00edzes germ\u00e2nicas s\u00e3o fortes e tradicionais na cidade que recebe milhares de visitantes todos os anos. As <strong>festas t\u00edpicas alem\u00e3s<\/strong> que acontecem no centro de eventos da cidade fazem parte dos passeios obrigat\u00f3rios.<\/p>\n\n\n\n<p>Durante a P\u00e1scoa, a <strong><a href=\"https:\/\/quantocustaviajar.com\/blog\/osterfest-em-pomerode-festa-pascoa\/\" target=\"_blank\" rel=\"noreferrer noopener\" aria-label=\"Osterfest (abre numa nova aba)\">Osterfest<\/a><\/strong> \u00e9 imperd\u00edvel. O ovo decorado gigante chama a aten\u00e7\u00e3o pela beleza, mas dar um giro pela feira gastron\u00f4mica \u00e9 literalmente uma del\u00edcia. Pratos t\u00edpicos alem\u00e3s, chope dos bons e quent\u00e3o com vinhos coloniais animam moradores locais e turistas.<\/p>\n\n\n\n<p>Outra festa bacana \u00e9 o <strong><a href=\"https:\/\/quantocustaviajar.com\/blog\/festival-gastronomico-de-pomerode\/\" target=\"_blank\" rel=\"noreferrer noopener\" aria-label=\" (abre numa nova aba)\">Festival Gastron\u00f4mico de Pomerode<\/a><\/strong>. Reservar um dia para almo\u00e7ar por l\u00e1 \u00e9 garantia de comida boa. Durante o Natal tem mais festas tradicionais! A <strong>Weihnachtsfest<\/strong> \u00e9 cheia de encanto e vale a pena ser visitada para comprar algum artesanato e, claro: comer bem!<\/p>\n\n\n\n<p>Em todas essas festas ou no centro da cidade, voc\u00ea vai\nencontrar <strong>chocolates da Nugali<\/strong>, uma f\u00e1brica local que prepara tudo\nartesanalmente. Os chocolates s\u00e3o premiados e bem gostosos! Pomerode tamb\u00e9m faz\nparte da Rota Cervejeira do Vale do Itaja\u00ed e ir at\u00e9 a <strong>Schonstein Kneipe<\/strong>,\ncom sua chamin\u00e9 de 30 metros de altura, tamb\u00e9m \u00e9 uma boa pedida.<\/p>\n\n\n\n<p>Mas a cidade mais alem\u00e3 do Brasil n\u00e3o se resume apenas a\ncomilan\u00e7a. A arquitetura germ\u00e2nica tamb\u00e9m \u00e9 destaque, principalmente para quem\npercorre a <strong>Rota do Enxaimel<\/strong>, trecho que faz parte do <strong>Circuito do Vale\nEuropeu<\/strong> com v\u00e1rias casinhas do tipo enxaimel. Tem passeio para fazer a rota\nde charrete, \u00e9 bem legal! Encontrar pessoas com bike por Pomerode \u00e9 bem comum,\nse tiver f\u00f4lego, voc\u00ea tamb\u00e9m pode fazer alguns passeios dessa maneira.<\/p>\n\n\n\n<p>Para que gosta de hist\u00f3ria, o <strong>Museu Pomerano<\/strong>, o <strong>Museu do Marceneiro<\/strong>, a <strong>Casa do Imigrante Carl Weege<\/strong> e a <strong>Casa do escultor Ervin Curt Teichmann<\/strong> s\u00e3o paradas essenciais. Quer curtir esse peda\u00e7o da Alemanha no Brasil? <strong><a rel=\"noreferrer noopener\" aria-label=\"Veja aqui onde se hospedar em Pomerode! (abre numa nova aba)\" href=\"https:\/\/www.booking.com\/city\/br\/pomerode.pt-br.html?aid=2161834\" target=\"_blank\">Veja aqui onde se hospedar em Pomerode!<\/a><\/strong><\/p>\n\n\n\n<h2 class=\"wp-block-heading\"><span class=\"ez-toc-section\" id=\"3_Rio_dos_Cedros\"><\/span>3. Rio dos Cedros<span class=\"ez-toc-section-end\"><\/span><\/h2>\n\n\n\n<div class=\"wp-block-image\"><figure class=\"aligncenter\"><img loading=\"lazy\" decoding=\"async\" width=\"960\" height=\"720\" src=\"https:\/\/quantocustaviajar.com\/blog\/wp-content\/uploads\/2020\/02\/vale-europeu-rio-dos-cedros-001.jpg\" alt=\"vale europeu\" class=\"wp-image-41971\" srcset=\"https:\/\/quantocustaviajar.com\/blog\/wp-content\/uploads\/2020\/02\/vale-europeu-rio-dos-cedros-001.jpg 960w, https:\/\/quantocustaviajar.com\/blog\/wp-content\/uploads\/2020\/02\/vale-europeu-rio-dos-cedros-001-300x225.jpg 300w, https:\/\/quantocustaviajar.com\/blog\/wp-content\/uploads\/2020\/02\/vale-europeu-rio-dos-cedros-001-768x576.jpg 768w\" sizes=\"auto, (max-width: 960px) 100vw, 960px\" \/><figcaption>Foto: <a href=\"https:\/\/commons.wikimedia.org\/wiki\/File:Hotel_LindnerHof,_Rio_dos_Cedros_(sc).jpg\" rel=\"noopener\">Wikimedia Commons<\/a><\/figcaption><\/figure><\/div>\n\n\n\n<p>Entre Pomerode e Timb\u00f3 temos a charmosa <strong>Rio dos Cedros<\/strong>\ncom suas casas t\u00edpicas alem\u00e3s principalmente se passear pelas estradinhas do\ninterior da cidade. O destino no Vale Europeu \u00e9 ideal para quem gosta de\nnatureza e paisagens exuberantes.<\/p>\n\n\n\n<p>A <strong>Cachoeira <a href=\"https:\/\/quantocustaviajar.com\/blog\/formosa-em-goias\/\">Formosa<\/a><\/strong>, com 34 metros de queda d&#8217;\u00e1gua, \u00e9\numa das mais bonitas do estado. A trilha para chegar at\u00e9 l\u00e1 n\u00e3o \u00e9 das mais\nsimples e tem muito trecho escorregadio que passa por uma pequena caverna, mas\nnada que um preparo e acompanhamento de um guia n\u00e3o resolva.<\/p>\n\n\n\n<p>A <strong>Gruta e Cachoeira do \u00cdndio<\/strong> tamb\u00e9m vale a visita. Localizada dentro de uma propriedade particular, o visitante paga R$ 5 pela entrada e pode ver e se divertir na cachoeira que tem 25 metros de altura.<\/p>\n\n\n\n<p>Aos finais de semana, passeie no <strong>Pesque e Pague Andreazza<\/strong>. Esta \u00e9 uma regi\u00e3o bem alta da cidade e proporciona o lazer da pescaria e uma vista lindona da cidade a partir da rampa de voo livre que muita gente usa para saltar e sobrevoar a cidade. <\/p>\n\n\n\n<p>Sempre no feriado de 7 de setembro acontece a Festa Trentina na cidade, com\ncelebra\u00e7\u00f5es em mem\u00f3ria aos primeiros italianos que colonizaram a regi\u00e3o. Tem\ndan\u00e7a e comida t\u00edpica de mont\u00e3o!<\/p>\n\n\n\n<h2 class=\"wp-block-heading\"><span class=\"ez-toc-section\" id=\"4_Timbo\"><\/span>4. Timb\u00f3<span class=\"ez-toc-section-end\"><\/span><\/h2>\n\n\n\n<div class=\"wp-block-image\"><figure class=\"aligncenter\"><img loading=\"lazy\" decoding=\"async\" width=\"800\" height=\"534\" src=\"https:\/\/quantocustaviajar.com\/blog\/wp-content\/uploads\/2015\/10\/cidades-charmosas-no-brasil-timbo.jpg\" alt=\"\" class=\"wp-image-35876\" srcset=\"https:\/\/quantocustaviajar.com\/blog\/wp-content\/uploads\/2015\/10\/cidades-charmosas-no-brasil-timbo.jpg 800w, https:\/\/quantocustaviajar.com\/blog\/wp-content\/uploads\/2015\/10\/cidades-charmosas-no-brasil-timbo-300x200.jpg 300w, https:\/\/quantocustaviajar.com\/blog\/wp-content\/uploads\/2015\/10\/cidades-charmosas-no-brasil-timbo-768x513.jpg 768w\" sizes=\"auto, (max-width: 800px) 100vw, 800px\" \/><figcaption>Foto: <a href=\"https:\/\/www.booking.com\/hotel\/br\/timba3-park.pt-br.html?aid=2161834\" target=\"_blank\" rel=\"noopener noreferrer\">Booking.com<\/a><\/figcaption><\/figure><\/div>\n\n\n\n<p>Pense em uma gracinha de cidade! Rodeada de cachoeiras e c\u00e2nions, a pequena <strong>Timb\u00f3<\/strong> agrada n\u00e3o s\u00f3 os aventureiros, mas quem gosta de clima de interior e quer conhecer os costumes europeus sem sair do Brasil. Colonizada por alem\u00e3es e italianos, a cidade \u00e9 marcada pela Festa do Imigrante, que traz bailes, comida t\u00edpica e artesanato dos dois pa\u00edses. <\/p>\n\n\n\n<p>Conhecida como <strong>P\u00e9rola do Vale<\/strong>, Timb\u00f3 tem todo o jeit\u00e3o de cidade do interior cheia de tranquilidade, ruas de paralelep\u00edpedo sem muvuca de carros, gente andando de bicicleta e crian\u00e7as brincando nas pra\u00e7as. Mas, ao mesmo tempo, os turistas encontram bons bares, restaurantes e lojas. Apesar de ser pequena, voc\u00ea encontra muito <strong><a rel=\"noreferrer noopener\" aria-label=\"hotel bom em Timb\u00f3 (abre numa nova aba)\" href=\"https:\/\/www.booking.com\/city\/br\/timbo.pt-br.html?aid=2161834\" target=\"_blank\">hotel bom em Timb\u00f3<\/a><\/strong> e, por isso, n\u00f3s recomendamos que voc\u00ea escolha a cidade como base.<\/p>\n\n\n\n<p>As atra\u00e7\u00f5es na cidade n\u00e3o s\u00e3o diversas, mas vale muito a pena ir ao <strong>Parque Ecol\u00f3gico Freymund Germer<\/strong> para subir o Morro Azul, o ponto mais alto da cidade. N\u00e3o \u00e9 todo ve\u00edculo que consegue chegar at\u00e9 l\u00e1, j\u00e1 que a subida \u00e9 \u00edngreme e muito carro patina na estrada. Se ir at\u00e9 o Morro Azul for dif\u00edcil, v\u00e1 ao <strong>Mirante do Morro Arapongas<\/strong>. De l\u00e1, muita gente costuma saltar de parapente.<\/p>\n\n\n\n<p>Para passeios culturais, visite e aprecie o acervo do <strong>Museu da M\u00fasica<\/strong>, aprenda sobre o passado no <strong>Museu do Imigrante<\/strong> e conhe\u00e7a obras do poeta timboense Lindolf Bell. A casa do artista foi tombada como patrim\u00f4nio cultural e pode ser visitada.<\/p>\n\n\n\n<p>A \u00e1rea verde do <strong>Parque de Exposi\u00e7\u00f5es Franz Damm<\/strong>, tamb\u00e9m chamado de Jardim Bot\u00e2nico, \u00e9 linda e possui diversas trilhas ecol\u00f3gicas f\u00e1ceis de completar. Mas o destaque fica mesmo para o <strong>Complexo Tur\u00edstico da Thapyoka<\/strong>, uma \u00e1rea com represa no cora\u00e7\u00e3o da cidade constru\u00edda no s\u00e9culo XIX. O lugar rende \u00f3timas fotos.<\/p>\n\n\n\n<h2 class=\"wp-block-heading\"><span class=\"ez-toc-section\" id=\"5_Ibirama_Apiuna_Ascurra_e_Rodeio\"><\/span>5. Ibirama, Api\u00fana, Ascurra e Rodeio<span class=\"ez-toc-section-end\"><\/span><\/h2>\n\n\n\n<div class=\"wp-block-image\"><figure class=\"aligncenter\"><img loading=\"lazy\" decoding=\"async\" width=\"1024\" height=\"683\" src=\"https:\/\/quantocustaviajar.com\/blog\/wp-content\/uploads\/2020\/02\/vale-europeu-apiuna-1024x683.jpg\" alt=\"\" class=\"wp-image-41972\" srcset=\"https:\/\/quantocustaviajar.com\/blog\/wp-content\/uploads\/2020\/02\/vale-europeu-apiuna-1024x683.jpg 1024w, https:\/\/quantocustaviajar.com\/blog\/wp-content\/uploads\/2020\/02\/vale-europeu-apiuna-300x200.jpg 300w, https:\/\/quantocustaviajar.com\/blog\/wp-content\/uploads\/2020\/02\/vale-europeu-apiuna-768x512.jpg 768w, https:\/\/quantocustaviajar.com\/blog\/wp-content\/uploads\/2020\/02\/vale-europeu-apiuna.jpg 1152w\" sizes=\"auto, (max-width: 1024px) 100vw, 1024px\" \/><figcaption>Foto: divulga\u00e7\u00e3o \/ <a href=\"https:\/\/www.apiuna.sc.gov.br\/noticias\/index\/ver\/codMapaItem\/19952\/codNoticia\/84200\" rel=\"noopener\">Prefeitura de Api\u00fana<\/a><\/figcaption><\/figure><\/div>\n\n\n\n<p><strong>Pertinho de Timb\u00f3<\/strong> e indo mais para o interior do estado, \u00e9 hora de passar por cidades bem fofinhas do Vale Europeu. Rodeio \u00e9 a t\u00edpica cidade colonizada por italianos e a dica por l\u00e1 \u00e9 visitar a <strong>Vin\u00edcola San Michele<\/strong>. Em uma hora de passeio, voc\u00ea degusta vinhos e espumantes, al\u00e9m de descobrir mais sobre a hist\u00f3ria do local. Em Rodeio, tamb\u00e9m existe uma <strong>tirolesa com 2 km de extens\u00e3o<\/strong> e os viajantes mais radicais precisam fazer uma pausa por l\u00e1!<\/p>\n\n\n\n<p>J\u00e1 em Ascurra, o destaque fica para a <strong>Reserva Ecol\u00f3gica\nSerra da Leoa<\/strong>. O local conta com trilhas bem bacanas, de intensidade m\u00e9dia\nque levam at\u00e9 a Cruz da Pedra, passando por cachoeiras e mirantes lindos.<\/p>\n\n\n\n<p>J\u00e1 Api\u00fana \u00e9 perfeita para os amantes da natureza. Com <strong>mais\nde 100 cachoeiras<\/strong> catalogadas, estes cen\u00e1rios s\u00e3o perfeitos para pr\u00e1tica de\nesportes radicais, como rapel, rafting e montanhismo. Em Api\u00fana ainda tem o\npasseio mensal de <strong>Maria-Fuma\u00e7a<\/strong>, a crian\u00e7ada adora! Em Ibirama, voc\u00ea\ntamb\u00e9m encontra muitas aventuras, principalmente o <strong>rafting no Rio Itaja\u00ed<\/strong>,\ncertamente um passeio bem radical!<\/p>\n\n\n\n<p>Neste trecho, caso esteja viajando de carro, n\u00f3s queremos\nalertar para que voc\u00ea tenha bastante cuidado na BR-470, principalmente na serra\nentre Ibirama e Rio do Sul. A estrada \u00e9 de pista simples em muitos trechos, mas\nas curvas da serrinha s\u00e3o perigosas e infelizmente \u00e9 comum vermos not\u00edcias de\nacidentes no local. V\u00e1 sem pressa e sem fazer ultrapassagens perigosas.<\/p>\n\n\n\n<h2 class=\"wp-block-heading\"><span class=\"ez-toc-section\" id=\"6_Nova_Trento\"><\/span>6. Nova Trento<span class=\"ez-toc-section-end\"><\/span><\/h2>\n\n\n\n<div class=\"wp-block-image\"><figure class=\"aligncenter\"><img loading=\"lazy\" decoding=\"async\" width=\"1024\" height=\"768\" src=\"https:\/\/quantocustaviajar.com\/blog\/wp-content\/uploads\/2020\/02\/vale-europeu-em-santa-catarina-2-1024x768.jpg\" alt=\"\" class=\"wp-image-41973\" srcset=\"https:\/\/quantocustaviajar.com\/blog\/wp-content\/uploads\/2020\/02\/vale-europeu-em-santa-catarina-2.jpg 1024w, https:\/\/quantocustaviajar.com\/blog\/wp-content\/uploads\/2020\/02\/vale-europeu-em-santa-catarina-2-300x225.jpg 300w, https:\/\/quantocustaviajar.com\/blog\/wp-content\/uploads\/2020\/02\/vale-europeu-em-santa-catarina-2-768x576.jpg 768w\" sizes=\"auto, (max-width: 1024px) 100vw, 1024px\" \/><figcaption>Foto: <a href=\"https:\/\/commons.wikimedia.org\/wiki\/File:Santu%C3%A1rio_Santa_Paulina_-_Nova_Trento_-_SC_-_panoramio_-_Vinicius_Lannes_Duer%E2%80%A6_(1).jpg\" rel=\"noopener\">Wikimedia Commons<\/a><\/figcaption><\/figure><\/div>\n\n\n\n<p>A coloniza\u00e7\u00e3o italiana fala alto at\u00e9 hoje em Nova Trento. A pequena cidade \u00e9 conhecida pelo <strong>Santu\u00e1rio de Santa Paulina<\/strong>, feito em homenagem a primeira santa brasileira, tamb\u00e9m merece uma visita. Cercada por muito verde, o lugar tranquilo \u00e9 recomendado para uma caminhada e observa\u00e7\u00e3o da paisagem. Independente de sua cren\u00e7a, este \u00e9 um lugar gostoso para visitar, j\u00e1 que a atmosfera de paz impera por todos os lados.<\/p>\n\n\n\n<p>As vin\u00edcolas tamb\u00e9m s\u00e3o destaque na regi\u00e3o. A principal \u00e9 a <strong>Vin\u00edcola Girola<\/strong>, que tem um milh\u00e3o de litros de vinho armazenado. O passeio guiado d\u00e1 direito a degusta\u00e7\u00e3o de alguns r\u00f3tulos, al\u00e9m de a oportunidade de conhecer de perto a hist\u00f3ria do local.<\/p>\n\n\n\n<p>Para comer, a dica \u00e9 ir ao <strong>caf\u00e9 colonial La Torre do Vinho V\u00f4 Luiz<\/strong>. Tem muita op\u00e7\u00e3o para encher a pan\u00e7a, al\u00e9m de produtos coloniais para trazer na mala e vin\u00edcola para saborear mais vinho! <strong><a href=\"https:\/\/www.booking.com\/city\/br\/nova-trento.pt-br.html?aid=2161834\" target=\"_blank\" rel=\"noreferrer noopener\" aria-label=\"Veja aqui onde se hospedar em Nova Trento (abre numa nova aba)\">Veja aqui onde se hospedar em Nova Trento<\/a><\/strong>.<\/p>\n\n\n\n<h2 class=\"wp-block-heading\"><span class=\"ez-toc-section\" id=\"7_Brusque\"><\/span>7. Brusque<span class=\"ez-toc-section-end\"><\/span><\/h2>\n\n\n\n<div class=\"wp-block-image\"><figure class=\"aligncenter\"><img loading=\"lazy\" decoding=\"async\" width=\"1024\" height=\"768\" src=\"https:\/\/quantocustaviajar.com\/blog\/wp-content\/uploads\/2020\/02\/vale-europeu-em-santa-catarina-3-1024x768.jpg\" alt=\"\" class=\"wp-image-41974\" srcset=\"https:\/\/quantocustaviajar.com\/blog\/wp-content\/uploads\/2020\/02\/vale-europeu-em-santa-catarina-3.jpg 1024w, https:\/\/quantocustaviajar.com\/blog\/wp-content\/uploads\/2020\/02\/vale-europeu-em-santa-catarina-3-300x225.jpg 300w, https:\/\/quantocustaviajar.com\/blog\/wp-content\/uploads\/2020\/02\/vale-europeu-em-santa-catarina-3-768x576.jpg 768w\" sizes=\"auto, (max-width: 1024px) 100vw, 1024px\" \/><figcaption>Foto: <a href=\"https:\/\/pt.wikipedia.org\/wiki\/Ficheiro:Parque-esculturas-brusque.JPG\" rel=\"noopener\">Wikimedia Commons<\/a><\/figcaption><\/figure><\/div>\n\n\n\n<p><strong>Brusque<\/strong> \u00e9 a cidade perfeita para quem quer fazer compras no Vale Europeu, j\u00e1 que polos t\u00eaxteis est\u00e3o espalhados por todos os cantos. Inclusive, \u00e9 em Brusque que muitas lojas compram roupas e as revendem em outros estados, sabia? O pre\u00e7o \u00e9 bem em conta e se estiver de passagem, por que n\u00e3o aproveitar para renovar algumas pe\u00e7as do guarda-roupa?<\/p>\n\n\n\n<p>Um pedacinho bem interessante em Brusque \u00e9 o <strong>Parque das\nEsculturas<\/strong>. O espa\u00e7o a c\u00e9u aberto inaugurado em 2014 tem obras de artistas\nrenomados como Oscar Niemayer e Tomie Ohtake, por exemplo. Caminhar pelos\njardins enquanto aprecia as pe\u00e7as \u00e9 o tipo de passeio que apreciadores de arte\nv\u00e3o adorar.<\/p>\n\n\n\n<p>F\u00e3s de astronomia v\u00e3o amar conhecer o <strong>Observat\u00f3rio\nAstron\u00f4mico Tadeu Crist\u00f3vam Mikowsky<\/strong>, considerado um dos melhores do nosso\npa\u00eds. Se estiver viajando em outubro para Brusque, saiba que voc\u00ea pode\naproveitar a <strong>Fenarreco<\/strong>, a Festa Nacional do Marreco, uma combina\u00e7\u00e3o\n\u00f3tima de gastronomia, cerveja e m\u00fasica alem\u00e3.<\/p>\n\n\n\n<h2 class=\"wp-block-heading\"><span class=\"ez-toc-section\" id=\"8_Botuvera\"><\/span>8. Botuver\u00e1<span class=\"ez-toc-section-end\"><\/span><\/h2>\n\n\n\n<div class=\"wp-block-image\"><figure class=\"aligncenter\"><img loading=\"lazy\" decoding=\"async\" width=\"700\" height=\"525\" src=\"https:\/\/quantocustaviajar.com\/blog\/wp-content\/uploads\/2020\/02\/vale-europeu-em-santa-catarina-botuvera.jpg\" alt=\"vale europeu botuver\u00e1\" class=\"wp-image-41975\" srcset=\"https:\/\/quantocustaviajar.com\/blog\/wp-content\/uploads\/2020\/02\/vale-europeu-em-santa-catarina-botuvera.jpg 700w, https:\/\/quantocustaviajar.com\/blog\/wp-content\/uploads\/2020\/02\/vale-europeu-em-santa-catarina-botuvera-300x225.jpg 300w\" sizes=\"auto, (max-width: 700px) 100vw, 700px\" \/><figcaption>Foto: <a href=\"https:\/\/www.botuvera.sc.gov.br\/site_antigo\/turismo-lazer\/parque-das-grutas\/\" rel=\"noopener\">Prefeitura de Botuver\u00e1<\/a><\/figcaption><\/figure><\/div>\n\n\n\n<p>Est\u00e1 ser\u00e1 a chance de voc\u00ea visitar a maior caverna do sul do Brasil e considerada uma das mais bonitas da Am\u00e9rica do Sul. A <strong>Caverna Botuver\u00e1<\/strong> \u00e9 fascinante e possui sal\u00f5es que se estendem por 1.000 metros, alguns com 20 metros de altura. Nem todo esse espa\u00e7o est\u00e1 aberto para visita\u00e7\u00e3o e o percurso acontece apenas em 220 metros da caverna.<\/p>\n\n\n\n<p>As esculturas internas formadas pela a\u00e7\u00e3o do tempo e da \u00e1gua no local surgiram, nada mais nada menos do que h\u00e1 65 milh\u00f5es de anos. O passeio \u00e9 realmente inesquec\u00edvel! O <strong>Parque Municipal das Grutas de Botuver\u00e1<\/strong> funciona de ter\u00e7a a domingo, das 8h \u00e0s 16h. A visita\u00e7\u00e3o \u00e9 monitorada por guias, obedecendo todos os crit\u00e9rios de seguran\u00e7a, e dura aproximadamente 45 minutos.<\/p>\n\n\n\n<p>Depois, o visitante pode aproveitar a infraestrutura do parque, que conta com churrasqueiras, pra\u00e7a de alimenta\u00e7\u00e3o e at\u00e9 uma trilha ecol\u00f3gica que chega a uma queda d&#8217;\u00e1gua. Botuver\u00e1 fica perto de Brusque, voc\u00ea pode programar para sair de Blumenau cedinho, fazer compras em Brusque e, depois, seguir para Botuver\u00e1!<\/p>\n\n\n\n<p>E a\u00ed, curtiu nossas dicas?<\/p>\n\n\n\n<p>Ainda tem mais um mont\u00e3o de cidade que faz parte do Vale\nEuropeu de Santa Catarina, como Benedito Novo, Canelinha, Doutor Pedrinho,\nGaspar, Guabiruba, Ilhota, Indaial, Jaragu\u00e1 do Sul, Leoberto Leal, Major\nGercino, S\u00e3o Jo\u00e3o Batista e Tijucas, cada uma com seus encantos e atra\u00e7\u00f5es\ntur\u00edsticas.<\/p>\n\n\n\n<p>Santa Catarina \u00e9 um estado incr\u00edvel! Quer <a rel=\"noreferrer noopener\" aria-label=\" (abre numa nova aba)\" href=\"https:\/\/quantocustaviajar.com\/blog\/as-melhores-praias-de-santa-catarina\/\" target=\"_blank\">visitar praias<\/a>? Temos! Quer passar uns dias em regi\u00f5es montanhosas e <a rel=\"noreferrer noopener\" aria-label=\"com c\u00e2nions (abre numa nova aba)\" href=\"https:\/\/quantocustaviajar.com\/blog\/canion-espraiado-urubici\/\" target=\"_blank\">com c\u00e2nions<\/a>? Temos tamb\u00e9m! Quer aproveitar o interior ou uma cidadezinha com ra\u00edzes europeias? Pode vir que voc\u00ea vai encontrar o bom e o melhor aqui em nosso estado!<\/p>\n\n\n\n<figure class=\"wp-block-embed-wordpress wp-block-embed is-type-wp-embed is-provider-blog-quanto-custa-viajar\"><div class=\"wp-block-embed__wrapper\">\n<blockquote class=\"wp-embedded-content\" data-secret=\"PECvrKrL7l\"><a href=\"https:\/\/quantocustaviajar.com\/blog\/lugares-para-conhecer-no-interior-de-santa-catarina\/\">Lugares para conhecer no interior de Santa Catarina<\/a><\/blockquote><iframe loading=\"lazy\" class=\"wp-embedded-content\" sandbox=\"allow-scripts\" security=\"restricted\" style=\"position: absolute; visibility: hidden;\" title=\"&#8220;Lugares para conhecer no interior de Santa Catarina&#8221; &#8212; Blog Quanto Custa Viajar\" src=\"https:\/\/quantocustaviajar.com\/blog\/lugares-para-conhecer-no-interior-de-santa-catarina\/embed\/#?secret=dDpGlLAP1o#?secret=PECvrKrL7l\" data-secret=\"PECvrKrL7l\" width=\"600\" height=\"338\" frameborder=\"0\" marginwidth=\"0\" marginheight=\"0\" scrolling=\"no\"><\/iframe>\n<\/div><\/figure>\n","protected":false},"excerpt":{"rendered":"<p>O Vale Europeu em Santa Catarina \u00e9 uma regi\u00e3o que traz um pouquinho da Europa para o Brasil. Colonizado por imigrantes italianos e alem\u00e3es, as ra\u00edzes culturais desses povos permanecem fortes at\u00e9 os dias de hoje no vale que \u00e9 cortado pelo imponente Rio Itaja\u00ed. Diversas cidades fazem parte do Vale Europeu e fazer um [&hellip;]<\/p>\n","protected":false},"author":11,"featured_media":41968,"comment_status":"open","ping_status":"open","sticky":false,"template":"","format":"standard","meta":{"cybocfi_hide_featured_image":"","footnotes":""},"categories":[1437,1434],"tags":[176,1670,266,62,18,1400,321,187,2565],"class_list":["post-41964","post","type-post","status-publish","format-standard","has-post-thumbnail","hentry","category-ao-ar-livre","category-descubra-brasil","tag-america-do-sul","tag-blumenau","tag-brasil","tag-cultura","tag-europa","tag-oktoberfest","tag-passeios","tag-santa-catarina","tag-vale-europeu"],"blocksy_meta":[],"yoast_head":"<!-- This site is optimized with the Yoast SEO plugin v26.3 - https:\/\/yoast.com\/wordpress\/plugins\/seo\/ -->\n<title>Vale Europeu em Santa Catarina: peda\u00e7o da Alemanha e It\u00e1lia no Brasil<\/title>\n<meta name=\"description\" content=\"Descubra o que fazer e quais cidades visitar no Circuito do Vale Europeu em Santa Catarina, regi\u00e3o com belezas naturais e ra\u00edzes alem\u00e3s e italianas.\" \/>\n<meta name=\"robots\" content=\"index, follow, max-snippet:-1, max-image-preview:large, max-video-preview:-1\" \/>\n<link rel=\"canonical\" href=\"https:\/\/quantocustaviajar.com\/blog\/vale-europeu-em-santa-catarina\/\" \/>\n<meta property=\"og:locale\" content=\"pt_BR\" \/>\n<meta property=\"og:type\" content=\"article\" \/>\n<meta property=\"og:title\" content=\"Vale Europeu em Santa Catarina traz um pedacinho da Alemanha e It\u00e1lia para o Brasil\" \/>\n<meta property=\"og:description\" content=\"Descubra o que fazer e quais cidades visitar no Circuito do Vale Europeu em Santa Catarina, regi\u00e3o com belezas naturais e ra\u00edzes alem\u00e3s e italianas.\" \/>\n<meta property=\"og:url\" content=\"https:\/\/quantocustaviajar.com\/blog\/vale-europeu-em-santa-catarina\/\" \/>\n<meta property=\"og:site_name\" content=\"Blog Quanto Custa Viajar\" \/>\n<meta property=\"article:publisher\" content=\"https:\/\/www.facebook.com\/quantocustaviajar\" \/>\n<meta property=\"article:published_time\" content=\"2020-02-13T12:19:48+00:00\" \/>\n<meta property=\"article:modified_time\" content=\"2020-02-13T12:24:43+00:00\" \/>\n<meta property=\"og:image\" content=\"https:\/\/quantocustaviajar.com\/blog\/wp-content\/uploads\/2020\/02\/Portal_de_Pomerode.jpg\" \/>\n\t<meta property=\"og:image:width\" content=\"1024\" \/>\n\t<meta property=\"og:image:height\" content=\"768\" \/>\n\t<meta property=\"og:image:type\" content=\"image\/jpeg\" \/>\n<meta name=\"author\" content=\"Andressa Xavier Pellanda\" \/>\n<meta name=\"twitter:card\" content=\"summary_large_image\" \/>\n<meta name=\"twitter:label1\" content=\"Escrito por\" \/>\n\t<meta name=\"twitter:data1\" content=\"Andressa Xavier Pellanda\" \/>\n\t<meta name=\"twitter:label2\" content=\"Est. tempo de leitura\" \/>\n\t<meta name=\"twitter:data2\" content=\"12 minutos\" \/>\n<!-- \/ Yoast SEO plugin. -->","yoast_head_json":{"title":"Vale Europeu em Santa Catarina: peda\u00e7o da Alemanha e It\u00e1lia no Brasil","description":"Descubra o que fazer e quais cidades visitar no Circuito do Vale Europeu em Santa Catarina, regi\u00e3o com belezas naturais e ra\u00edzes alem\u00e3s e italianas.","robots":{"index":"index","follow":"follow","max-snippet":"max-snippet:-1","max-image-preview":"max-image-preview:large","max-video-preview":"max-video-preview:-1"},"canonical":"https:\/\/quantocustaviajar.com\/blog\/vale-europeu-em-santa-catarina\/","og_locale":"pt_BR","og_type":"article","og_title":"Vale Europeu em Santa Catarina traz um pedacinho da Alemanha e It\u00e1lia para o Brasil","og_description":"Descubra o que fazer e quais cidades visitar no Circuito do Vale Europeu em Santa Catarina, regi\u00e3o com belezas naturais e ra\u00edzes alem\u00e3s e italianas.","og_url":"https:\/\/quantocustaviajar.com\/blog\/vale-europeu-em-santa-catarina\/","og_site_name":"Blog Quanto Custa Viajar","article_publisher":"https:\/\/www.facebook.com\/quantocustaviajar","article_published_time":"2020-02-13T12:19:48+00:00","article_modified_time":"2020-02-13T12:24:43+00:00","og_image":[{"width":1024,"height":768,"url":"https:\/\/quantocustaviajar.com\/blog\/wp-content\/uploads\/2020\/02\/Portal_de_Pomerode.jpg","type":"image\/jpeg"}],"author":"Andressa Xavier Pellanda","twitter_card":"summary_large_image","twitter_misc":{"Escrito por":"Andressa Xavier Pellanda","Est. tempo de leitura":"12 minutos"},"schema":{"@context":"https:\/\/schema.org","@graph":[{"@type":["Article","BlogPosting"],"@id":"https:\/\/quantocustaviajar.com\/blog\/vale-europeu-em-santa-catarina\/#article","isPartOf":{"@id":"https:\/\/quantocustaviajar.com\/blog\/vale-europeu-em-santa-catarina\/"},"author":{"name":"Andressa Xavier Pellanda","@id":"https:\/\/quantocustaviajar.com\/blog\/#\/schema\/person\/81b0aaf2069da1a2da54677906b42d3c"},"headline":"Vale Europeu em Santa Catarina traz um pedacinho da Alemanha e It\u00e1lia para o Brasil","datePublished":"2020-02-13T12:19:48+00:00","dateModified":"2020-02-13T12:24:43+00:00","mainEntityOfPage":{"@id":"https:\/\/quantocustaviajar.com\/blog\/vale-europeu-em-santa-catarina\/"},"wordCount":2442,"commentCount":4,"publisher":{"@id":"https:\/\/quantocustaviajar.com\/blog\/#organization"},"image":{"@id":"https:\/\/quantocustaviajar.com\/blog\/vale-europeu-em-santa-catarina\/#primaryimage"},"thumbnailUrl":"https:\/\/quantocustaviajar.com\/blog\/wp-content\/uploads\/2020\/02\/vale-europeu-em-santa-catarina-1.jpg","keywords":["am\u00e9rica do sul","blumenau","Brasil","cultura","europa","Oktoberfest","passeios","Santa Catarina","vale europeu"],"articleSection":["Ao Ar Livre","Descubra o Brasil"],"inLanguage":"pt-BR","potentialAction":[{"@type":"CommentAction","name":"Comment","target":["https:\/\/quantocustaviajar.com\/blog\/vale-europeu-em-santa-catarina\/#respond"]}]},{"@type":"WebPage","@id":"https:\/\/quantocustaviajar.com\/blog\/vale-europeu-em-santa-catarina\/","url":"https:\/\/quantocustaviajar.com\/blog\/vale-europeu-em-santa-catarina\/","name":"Vale Europeu em Santa Catarina: peda\u00e7o da Alemanha e It\u00e1lia no Brasil","isPartOf":{"@id":"https:\/\/quantocustaviajar.com\/blog\/#website"},"primaryImageOfPage":{"@id":"https:\/\/quantocustaviajar.com\/blog\/vale-europeu-em-santa-catarina\/#primaryimage"},"image":{"@id":"https:\/\/quantocustaviajar.com\/blog\/vale-europeu-em-santa-catarina\/#primaryimage"},"thumbnailUrl":"https:\/\/quantocustaviajar.com\/blog\/wp-content\/uploads\/2020\/02\/vale-europeu-em-santa-catarina-1.jpg","datePublished":"2020-02-13T12:19:48+00:00","dateModified":"2020-02-13T12:24:43+00:00","description":"Descubra o que fazer e quais cidades visitar no Circuito do Vale Europeu em Santa Catarina, regi\u00e3o com belezas naturais e ra\u00edzes alem\u00e3s e italianas.","breadcrumb":{"@id":"https:\/\/quantocustaviajar.com\/blog\/vale-europeu-em-santa-catarina\/#breadcrumb"},"inLanguage":"pt-BR","potentialAction":[{"@type":"ReadAction","target":["https:\/\/quantocustaviajar.com\/blog\/vale-europeu-em-santa-catarina\/"]}]},{"@type":"ImageObject","inLanguage":"pt-BR","@id":"https:\/\/quantocustaviajar.com\/blog\/vale-europeu-em-santa-catarina\/#primaryimage","url":"https:\/\/quantocustaviajar.com\/blog\/wp-content\/uploads\/2020\/02\/vale-europeu-em-santa-catarina-1.jpg","contentUrl":"https:\/\/quantocustaviajar.com\/blog\/wp-content\/uploads\/2020\/02\/vale-europeu-em-santa-catarina-1.jpg","width":799,"height":533,"caption":"Foto: Rosanetur"},{"@type":"BreadcrumbList","@id":"https:\/\/quantocustaviajar.com\/blog\/vale-europeu-em-santa-catarina\/#breadcrumb","itemListElement":[{"@type":"ListItem","position":1,"name":"In\u00edcio","item":"https:\/\/quantocustaviajar.com\/blog\/"},{"@type":"ListItem","position":2,"name":"Vale Europeu em Santa Catarina traz um pedacinho da Alemanha e It\u00e1lia para o Brasil"}]},{"@type":"WebSite","@id":"https:\/\/quantocustaviajar.com\/blog\/#website","url":"https:\/\/quantocustaviajar.com\/blog\/","name":"Blog Quanto Custa Viajar","description":"","publisher":{"@id":"https:\/\/quantocustaviajar.com\/blog\/#organization"},"potentialAction":[{"@type":"SearchAction","target":{"@type":"EntryPoint","urlTemplate":"https:\/\/quantocustaviajar.com\/blog\/?s={search_term_string}"},"query-input":{"@type":"PropertyValueSpecification","valueRequired":true,"valueName":"search_term_string"}}],"inLanguage":"pt-BR"},{"@type":"Organization","@id":"https:\/\/quantocustaviajar.com\/blog\/#organization","name":"Quanto Custa Viajar","url":"https:\/\/quantocustaviajar.com\/blog\/","logo":{"@type":"ImageObject","inLanguage":"pt-BR","@id":"https:\/\/quantocustaviajar.com\/blog\/#\/schema\/logo\/image\/","url":"","contentUrl":"","caption":"Quanto Custa Viajar"},"image":{"@id":"https:\/\/quantocustaviajar.com\/blog\/#\/schema\/logo\/image\/"},"sameAs":["https:\/\/www.facebook.com\/quantocustaviajar"]},{"@type":"Person","@id":"https:\/\/quantocustaviajar.com\/blog\/#\/schema\/person\/81b0aaf2069da1a2da54677906b42d3c","name":"Andressa Xavier Pellanda","image":{"@type":"ImageObject","inLanguage":"pt-BR","@id":"https:\/\/quantocustaviajar.com\/blog\/#\/schema\/person\/image\/","url":"https:\/\/secure.gravatar.com\/avatar\/efccc167c341de2100a574b335de06f5efda2310964e70124d995491728ed674?s=96&d=mm&r=g","contentUrl":"https:\/\/secure.gravatar.com\/avatar\/efccc167c341de2100a574b335de06f5efda2310964e70124d995491728ed674?s=96&d=mm&r=g","caption":"Andressa Xavier Pellanda"},"description":"Eu gosto de viajar antes mesmo de chegar ao destino!","url":"https:\/\/quantocustaviajar.com\/blog\/author\/andressa\/"}]}},"_links":{"self":[{"href":"https:\/\/quantocustaviajar.com\/blog\/wp-json\/wp\/v2\/posts\/41964","targetHints":{"allow":["GET"]}}],"collection":[{"href":"https:\/\/quantocustaviajar.com\/blog\/wp-json\/wp\/v2\/posts"}],"about":[{"href":"https:\/\/quantocustaviajar.com\/blog\/wp-json\/wp\/v2\/types\/post"}],"author":[{"embeddable":true,"href":"https:\/\/quantocustaviajar.com\/blog\/wp-json\/wp\/v2\/users\/11"}],"replies":[{"embeddable":true,"href":"https:\/\/quantocustaviajar.com\/blog\/wp-json\/wp\/v2\/comments?post=41964"}],"version-history":[{"count":5,"href":"https:\/\/quantocustaviajar.com\/blog\/wp-json\/wp\/v2\/posts\/41964\/revisions"}],"predecessor-version":[{"id":41979,"href":"https:\/\/quantocustaviajar.com\/blog\/wp-json\/wp\/v2\/posts\/41964\/revisions\/41979"}],"wp:featuredmedia":[{"embeddable":true,"href":"https:\/\/quantocustaviajar.com\/blog\/wp-json\/wp\/v2\/media\/41968"}],"wp:attachment":[{"href":"https:\/\/quantocustaviajar.com\/blog\/wp-json\/wp\/v2\/media?parent=41964"}],"wp:term":[{"taxonomy":"category","embeddable":true,"href":"https:\/\/quantocustaviajar.com\/blog\/wp-json\/wp\/v2\/categories?post=41964"},{"taxonomy":"post_tag","embeddable":true,"href":"https:\/\/quantocustaviajar.com\/blog\/wp-json\/wp\/v2\/tags?post=41964"}],"curies":[{"name":"wp","href":"https:\/\/api.w.org\/{rel}","templated":true}]}}