{"id":41663,"date":"2020-02-04T12:36:13","date_gmt":"2020-02-04T12:36:13","guid":{"rendered":"https:\/\/quantocustaviajar.com\/blog\/?p=41663"},"modified":"2020-02-04T12:36:14","modified_gmt":"2020-02-04T12:36:14","slug":"lago-negro-em-gramado","status":"publish","type":"post","link":"https:\/\/quantocustaviajar.com\/blog\/lago-negro-em-gramado\/","title":{"rendered":"Vai para Gramado? Ent\u00e3o, voc\u00ea precisa conhecer o Lago Negro"},"content":{"rendered":"\n<p>Atra\u00e7\u00e3o imperd\u00edvel em Gramado, o <strong>Lago Negro<\/strong> \u00e9 um dos\nprincipais pontos tur\u00edsticos na cidade e deve fazer parte do roteiro de todos\nque viajam pela Serra Ga\u00facha. Esta \u00e1rea verde com quase 90.000 m\u00b2 \u00e9 um dos\nlugares mais bonitos de Gramado. <\/p>\n\n\n\n<p>Cercado por \u00e1rvores, hort\u00eansias (marca registrada da cidade de <strong><a href=\"https:\/\/quantocustaviajar.com\/brasil\/gramado\" target=\"_blank\" rel=\"noreferrer noopener\" aria-label=\"Gramado (abre numa nova aba)\">Gramado<\/a><\/strong>), azaleias e com um imenso lago de \u00e1guas escuras no centro, o parque tem um clima todo rom\u00e2ntico e perfeito para o turista tirar muitas fotos!<\/p>\n\n\n\n<div class=\"wp-block-image\"><figure class=\"aligncenter\"><img loading=\"lazy\" decoding=\"async\" width=\"1024\" height=\"768\" src=\"https:\/\/quantocustaviajar.com\/blog\/wp-content\/uploads\/2020\/01\/lago-negro-2-1024x768.jpg\" alt=\"lago negro gramado\" class=\"wp-image-41665\" srcset=\"https:\/\/quantocustaviajar.com\/blog\/wp-content\/uploads\/2020\/01\/lago-negro-2.jpg 1024w, https:\/\/quantocustaviajar.com\/blog\/wp-content\/uploads\/2020\/01\/lago-negro-2-300x225.jpg 300w, https:\/\/quantocustaviajar.com\/blog\/wp-content\/uploads\/2020\/01\/lago-negro-2-768x576.jpg 768w\" sizes=\"auto, (max-width: 1024px) 100vw, 1024px\" \/><figcaption>Foto: <a href=\"https:\/\/www.instagram.com\/andressaxavier\/\" rel=\"noopener\">Andressa Xavier Pellanda<\/a><\/figcaption><\/figure><\/div>\n\n\n\n<div class=\"wp-block-image\"><figure class=\"aligncenter\"><img loading=\"lazy\" decoding=\"async\" width=\"1024\" height=\"768\" src=\"https:\/\/quantocustaviajar.com\/blog\/wp-content\/uploads\/2020\/01\/lago-negro-6-1024x768.jpg\" alt=\"lago negro gramado\" class=\"wp-image-41666\" srcset=\"https:\/\/quantocustaviajar.com\/blog\/wp-content\/uploads\/2020\/01\/lago-negro-6.jpg 1024w, https:\/\/quantocustaviajar.com\/blog\/wp-content\/uploads\/2020\/01\/lago-negro-6-300x225.jpg 300w, https:\/\/quantocustaviajar.com\/blog\/wp-content\/uploads\/2020\/01\/lago-negro-6-768x576.jpg 768w\" sizes=\"auto, (max-width: 1024px) 100vw, 1024px\" \/><figcaption>Foto: <a href=\"https:\/\/www.instagram.com\/andressaxavier\/\" rel=\"noopener\">Andressa Xavier Pellanda<\/a><\/figcaption><\/figure><\/div>\n\n\n\n<p>O surgimento do parque em si n\u00e3o foi dos mais tranquilos, j\u00e1\nque em 1942 a \u00e1rea do Lago Negro, que antes se chamava Vale do Bom Retiro,\npegou fogo e muitas \u00e1rvores foram destru\u00eddas. Este inc\u00eandio foi terr\u00edvel e\ndemorou oito dias at\u00e9 ser contido. <\/p>\n\n\n\n<p>A partir de 1953, o local come\u00e7ou a ser reflorestado e, bem no\ncentro do parque, um lago artificial com 17.470 m\u00b2 e \u00e1guas escuras que atingem\n14 metros de profundidade foi criado. O Lago Negro recebe esse nome inspirado\npela Floresta Negra, na Alemanha, j\u00e1 que muitas \u00e1rvores foram importadas de l\u00e1\ne plantadas ao redor do lago em Gramado.<\/p>\n\n\n\n<blockquote class=\"wp-block-quote is-layout-flow wp-block-quote-is-layout-flow\"><p><strong><a href=\"https:\/\/quantocustaviajar.com\/brasil\/gramado\" target=\"_blank\" rel=\"noreferrer noopener\" aria-label=\" (abre numa nova aba)\">Quanto custa viajar para Gramado? Descubra todas as informa\u00e7\u00f5es aqui<\/a><\/strong><\/p><\/blockquote>\n\n\n\n<h2 class=\"wp-block-heading\">Como chegar<\/h2>\n\n\n\n<p>N\u00e3o tem segredo! Basta tra\u00e7ar Lago Negro em seu GPS que voc\u00ea\nchegar\u00e1 sem nenhuma dificuldade ao local. Ir de Uber tamb\u00e9m \u00e9 bem tranquilo, j\u00e1\nque a oferta de motoristas na cidade \u00e9 boa (dependendo do hor\u00e1rio, voc\u00ea vai\ngastar algo em torno de R$ 15 saindo do centro). <\/p>\n\n\n\n<p>N\u00e3o \u00e9 necess\u00e1rio pagar para entrar no parque e nem gastar com estacionamento ou parqu\u00edmetro, j\u00e1 que existem muitas vagas na rua para deixar seu ve\u00edculo (vagas tanto na descida at\u00e9 o parque, que passa em frente ao <strong><a href=\"https:\/\/quantocustaviajar.com\/blog\/parque-alemanha-encantada\/\" target=\"_blank\" rel=\"noreferrer noopener\" aria-label=\"Alemanha Encantada (abre numa nova aba)\">Alemanha Encantada<\/a><\/strong>, quanto em frente \u00e0 entrada do Lago Negro propriamente dita). Diferente do que acontece no centro da cidade, achar uma vaguinha gratuita perto do Lago Negro n\u00e3o \u00e9 dif\u00edcil!<\/p>\n\n\n\n<blockquote class=\"wp-block-quote is-layout-flow wp-block-quote-is-layout-flow\"><p><strong><a href=\"https:\/\/www.booking.com\/searchresults.pt-br.html?aid=2161834&amp;sid=9cec8291088951e2a3cbf34dc2e8dd4d&amp;sb=1&amp;sb_lp=1&amp;src=index&amp;src_elem=sb&amp;error_url=https%3A%2F%2Fwww.booking.com%2Findex.pt-br.html%3Faid%3D2161834%3Bsid%3D9cec8291088951e2a3cbf34dc2e8dd4d%3Bsb_price_type%3Dtotal%26%3B&amp;sr_autoscroll=1&amp;ss=Gramado%2C+Rio+Grande+do+Sul%2C+Brasil&amp;is_ski_area=&amp;ssne=Melbourne&amp;ssne_untouched=Melbourne&amp;checkin_year=2020&amp;checkin_month=4&amp;checkin_monthday=10&amp;checkout_year=2020&amp;checkout_month=4&amp;checkout_monthday=11&amp;group_adults=2&amp;group_children=0&amp;no_rooms=1&amp;b_h4u_keep_filters=&amp;from_sf=1&amp;ss_raw=gramado&amp;ac_position=0&amp;ac_langcode=xb&amp;ac_click_type=b&amp;dest_id=-645052&amp;dest_type=city&amp;place_id_lat=-29.379881&amp;place_id_lon=-50.872898&amp;search_pageview_id=20ab5877b9fb0079&amp;search_selected=true&amp;search_pageview_id=20ab5877b9fb0079&amp;ac_suggestion_list_length=5&amp;ac_suggestion_theme_list_length=0\" target=\"_blank\" rel=\"noreferrer noopener\" aria-label=\" (abre numa nova aba)\">Onde se hospedar em Gramado? Encontre seu hotel, hostel ou pousada aqui<\/a><\/strong><\/p><\/blockquote>\n\n\n\n<h2 class=\"wp-block-heading\">O que fazer no Lago Negro em Gramado<\/h2>\n\n\n\n<p>O tour \u00e9 perfeito para quem gosta de natureza e a atra\u00e7\u00e3o\nprincipal definitivamente \u00e9 o passeio de pedalinho. Seja com o cisne ou com o\nbarquinho pirata, o visitante pode alugar o pedalinho e se divertir pelo lago,\nseja no ver\u00e3o ou no inverno!<\/p>\n\n\n\n<p>O cisne, com capacidade para duas pessoas, \u00e9 o favorito dos\ncasais apaixonados que querem um momento de descontra\u00e7\u00e3o e romantismo. J\u00e1 as\ncaravelas t\u00eam capacidade para at\u00e9 quatro pessoas e s\u00e3o perfeitas para quem\nviaja em fam\u00edlia. O pre\u00e7o da loca\u00e7\u00e3o parte de R$ 40, os coletes salva-vidas j\u00e1\nest\u00e3o incluso no valor e o pedalinho funciona diariamente, das 8h30 \u00e0s 18h.<\/p>\n\n\n\n<div class=\"wp-block-image\"><figure class=\"aligncenter\"><img loading=\"lazy\" decoding=\"async\" width=\"970\" height=\"728\" src=\"https:\/\/quantocustaviajar.com\/blog\/wp-content\/uploads\/2020\/01\/lago-negro-1.jpg\" alt=\"lago negro\" class=\"wp-image-41669\" srcset=\"https:\/\/quantocustaviajar.com\/blog\/wp-content\/uploads\/2020\/01\/lago-negro-1.jpg 970w, https:\/\/quantocustaviajar.com\/blog\/wp-content\/uploads\/2020\/01\/lago-negro-1-300x225.jpg 300w, https:\/\/quantocustaviajar.com\/blog\/wp-content\/uploads\/2020\/01\/lago-negro-1-768x576.jpg 768w\" sizes=\"auto, (max-width: 970px) 100vw, 970px\" \/><figcaption>Foto: <a href=\"https:\/\/www.instagram.com\/andressaxavier\/\" rel=\"noopener\">Andressa Xavier Pellanda<\/a><\/figcaption><\/figure><\/div>\n\n\n\n<div class=\"wp-block-image\"><figure class=\"aligncenter\"><img loading=\"lazy\" decoding=\"async\" width=\"1024\" height=\"768\" src=\"https:\/\/quantocustaviajar.com\/blog\/wp-content\/uploads\/2020\/01\/lago-negro-7-1024x768.jpg\" alt=\"\" class=\"wp-image-41670\" srcset=\"https:\/\/quantocustaviajar.com\/blog\/wp-content\/uploads\/2020\/01\/lago-negro-7.jpg 1024w, https:\/\/quantocustaviajar.com\/blog\/wp-content\/uploads\/2020\/01\/lago-negro-7-300x225.jpg 300w, https:\/\/quantocustaviajar.com\/blog\/wp-content\/uploads\/2020\/01\/lago-negro-7-768x576.jpg 768w\" sizes=\"auto, (max-width: 1024px) 100vw, 1024px\" \/><figcaption>Foto: <a href=\"https:\/\/www.instagram.com\/andressaxavier\/\" rel=\"noopener\">Andressa Xavier Pellanda<\/a><\/figcaption><\/figure><\/div>\n\n\n\n<p>Quem n\u00e3o quer gastar nada pode simplesmente ir ao local para\ncaminhar em volta do lago. Cal\u00e7adas planas e bem constru\u00eddas, boas para\ncadeiras e pais com carrinhos de beb\u00ea circularem, formam uma pequena trilha com\n740 metros de extens\u00e3o.<\/p>\n\n\n\n<p>\u00c9 bem comum ver moradores locais se exercitando por essa\ntrilha, correndo, andando de bicicleta ou de patins. A largura \u00e9 boa e tem espa\u00e7o\npara todo mundo!<\/p>\n\n\n\n<div class=\"wp-block-image\"><figure class=\"aligncenter\"><img loading=\"lazy\" decoding=\"async\" width=\"919\" height=\"689\" src=\"https:\/\/quantocustaviajar.com\/blog\/wp-content\/uploads\/2020\/01\/lago-negro-3.jpg\" alt=\"\" class=\"wp-image-41668\" srcset=\"https:\/\/quantocustaviajar.com\/blog\/wp-content\/uploads\/2020\/01\/lago-negro-3.jpg 919w, https:\/\/quantocustaviajar.com\/blog\/wp-content\/uploads\/2020\/01\/lago-negro-3-300x225.jpg 300w, https:\/\/quantocustaviajar.com\/blog\/wp-content\/uploads\/2020\/01\/lago-negro-3-768x576.jpg 768w\" sizes=\"auto, (max-width: 919px) 100vw, 919px\" \/><figcaption>Foto: <a href=\"https:\/\/www.instagram.com\/andressaxavier\/\" rel=\"noopener\">Andressa Xavier Pellanda<\/a><\/figcaption><\/figure><\/div>\n\n\n\n<div class=\"wp-block-image\"><figure class=\"aligncenter\"><img loading=\"lazy\" decoding=\"async\" width=\"864\" height=\"648\" src=\"https:\/\/quantocustaviajar.com\/blog\/wp-content\/uploads\/2020\/01\/lago-negro-4.jpg\" alt=\"lago negro gramado\" class=\"wp-image-41667\" srcset=\"https:\/\/quantocustaviajar.com\/blog\/wp-content\/uploads\/2020\/01\/lago-negro-4.jpg 864w, https:\/\/quantocustaviajar.com\/blog\/wp-content\/uploads\/2020\/01\/lago-negro-4-300x225.jpg 300w, https:\/\/quantocustaviajar.com\/blog\/wp-content\/uploads\/2020\/01\/lago-negro-4-768x576.jpg 768w\" sizes=\"auto, (max-width: 864px) 100vw, 864px\" \/><figcaption>Foto: <a href=\"https:\/\/www.instagram.com\/andressaxavier\/\" rel=\"noopener\">Andressa Xavier Pellanda<\/a><\/figcaption><\/figure><\/div>\n\n\n\n<p>Em v\u00e1rios pontos dessa trilha \u00e9 poss\u00edvel parar para ver o\nlago e os visitantes nos pedalinhos com um \u00e2ngulo privilegiado. D\u00e1 para chegar\nbem pertinho das \u00e1guas do lago para garantir fotos lindas traz\u00ea-las de\nrecorda\u00e7\u00e3o para casa.<\/p>\n\n\n\n<p>A infraestrutura do parque p\u00fablico \u00e9 excelente para receber turistas, contando com lojinhas, lanchonetes e banheiros. Por estar a pouco mais de 100 metros de dist\u00e2ncia do Alemanha Encantada, voc\u00ea pode emendar a visita at\u00e9 l\u00e1. Dica: saboreie o fondue no Biergarten, \u00e9 um dos mais em conta da cidade e gostosinho (custa na faixa de R$ 39 por pessoa se voc\u00ea comprar pelo Groupon).<\/p>\n\n\n\n<p>Voc\u00ea j\u00e1 visitou o Lago Negro em Gramado? Se sim, compartilha aqui nos coment\u00e1rios como foi sua experi\u00eancia, vamos adorar saber como foi seu passeio!<\/p>\n\n\n\n<figure class=\"wp-block-embed-wordpress wp-block-embed is-type-wp-embed is-provider-blog-quanto-custa-viajar\"><div class=\"wp-block-embed__wrapper\">\n<blockquote class=\"wp-embedded-content\" data-secret=\"nSRm4by8Fr\"><a href=\"https:\/\/quantocustaviajar.com\/blog\/fondue-em-gramado-onde-comer\/\">Onde comer fondue em Gramado: 11 op\u00e7\u00f5es de restaurantes para conhecer<\/a><\/blockquote><iframe loading=\"lazy\" class=\"wp-embedded-content\" sandbox=\"allow-scripts\" security=\"restricted\" style=\"position: absolute; visibility: hidden;\" title=\"&#8220;Onde comer fondue em Gramado: 11 op\u00e7\u00f5es de restaurantes para conhecer&#8221; &#8212; Blog Quanto Custa Viajar\" src=\"https:\/\/quantocustaviajar.com\/blog\/fondue-em-gramado-onde-comer\/embed\/#?secret=2qpyQjgROA#?secret=nSRm4by8Fr\" data-secret=\"nSRm4by8Fr\" width=\"600\" height=\"338\" frameborder=\"0\" marginwidth=\"0\" marginheight=\"0\" scrolling=\"no\"><\/iframe>\n<\/div><\/figure>\n","protected":false},"excerpt":{"rendered":"<p>Atra\u00e7\u00e3o imperd\u00edvel em Gramado, o Lago Negro \u00e9 um dos principais pontos tur\u00edsticos na cidade e deve fazer parte do roteiro de todos que viajam pela Serra Ga\u00facha. Esta \u00e1rea verde com quase 90.000 m\u00b2 \u00e9 um dos lugares mais bonitos de Gramado. Cercado por \u00e1rvores, hort\u00eansias (marca registrada da cidade de Gramado), azaleias e [&hellip;]<\/p>\n","protected":false},"author":11,"featured_media":41665,"comment_status":"open","ping_status":"open","sticky":false,"template":"","format":"standard","meta":{"cybocfi_hide_featured_image":"","footnotes":""},"categories":[1437,1434],"tags":[176,440,215,274,132,216],"class_list":["post-41663","post","type-post","status-publish","format-standard","has-post-thumbnail","hentry","category-ao-ar-livre","category-descubra-brasil","tag-america-do-sul","tag-ferias","tag-gramado","tag-inverno","tag-parque","tag-rio-grande-do-sul"],"blocksy_meta":[],"yoast_head":"<!-- This site is optimized with the Yoast SEO plugin v26.3 - https:\/\/yoast.com\/wordpress\/plugins\/seo\/ -->\n<title>Vai para Gramado? Ent\u00e3o, voc\u00ea precisa conhecer o Lago Negro<\/title>\n<meta name=\"description\" content=\"Est\u00e1 com viagem marcada para conhecer Gramado? Ent\u00e3o, coloque o Lago Negro em seu roteiro de passeios. O parque \u00e9 lindo e tem pedalinho.\" \/>\n<meta name=\"robots\" content=\"index, follow, max-snippet:-1, max-image-preview:large, max-video-preview:-1\" \/>\n<link rel=\"canonical\" href=\"https:\/\/quantocustaviajar.com\/blog\/lago-negro-em-gramado\/\" \/>\n<meta property=\"og:locale\" content=\"pt_BR\" \/>\n<meta property=\"og:type\" content=\"article\" \/>\n<meta property=\"og:title\" content=\"Vai para Gramado? Ent\u00e3o, voc\u00ea precisa conhecer o Lago Negro\" \/>\n<meta property=\"og:description\" content=\"Est\u00e1 com viagem marcada para conhecer Gramado? Ent\u00e3o, coloque o Lago Negro em seu roteiro de passeios. O parque \u00e9 lindo e tem pedalinho.\" \/>\n<meta property=\"og:url\" content=\"https:\/\/quantocustaviajar.com\/blog\/lago-negro-em-gramado\/\" \/>\n<meta property=\"og:site_name\" content=\"Blog Quanto Custa Viajar\" \/>\n<meta property=\"article:publisher\" content=\"https:\/\/www.facebook.com\/quantocustaviajar\" \/>\n<meta property=\"article:published_time\" content=\"2020-02-04T12:36:13+00:00\" \/>\n<meta property=\"article:modified_time\" content=\"2020-02-04T12:36:14+00:00\" \/>\n<meta property=\"og:image\" content=\"https:\/\/quantocustaviajar.com\/blog\/wp-content\/uploads\/2020\/01\/lago-negro-2.jpg\" \/>\n\t<meta property=\"og:image:width\" content=\"1024\" \/>\n\t<meta property=\"og:image:height\" content=\"768\" \/>\n\t<meta property=\"og:image:type\" content=\"image\/jpeg\" \/>\n<meta name=\"author\" content=\"Andressa Xavier Pellanda\" \/>\n<meta name=\"twitter:card\" content=\"summary_large_image\" \/>\n<meta name=\"twitter:label1\" content=\"Escrito por\" \/>\n\t<meta name=\"twitter:data1\" content=\"Andressa Xavier Pellanda\" \/>\n\t<meta name=\"twitter:label2\" content=\"Est. tempo de leitura\" \/>\n\t<meta name=\"twitter:data2\" content=\"3 minutos\" \/>\n<!-- \/ Yoast SEO plugin. -->","yoast_head_json":{"title":"Vai para Gramado? Ent\u00e3o, voc\u00ea precisa conhecer o Lago Negro","description":"Est\u00e1 com viagem marcada para conhecer Gramado? Ent\u00e3o, coloque o Lago Negro em seu roteiro de passeios. O parque \u00e9 lindo e tem pedalinho.","robots":{"index":"index","follow":"follow","max-snippet":"max-snippet:-1","max-image-preview":"max-image-preview:large","max-video-preview":"max-video-preview:-1"},"canonical":"https:\/\/quantocustaviajar.com\/blog\/lago-negro-em-gramado\/","og_locale":"pt_BR","og_type":"article","og_title":"Vai para Gramado? Ent\u00e3o, voc\u00ea precisa conhecer o Lago Negro","og_description":"Est\u00e1 com viagem marcada para conhecer Gramado? Ent\u00e3o, coloque o Lago Negro em seu roteiro de passeios. O parque \u00e9 lindo e tem pedalinho.","og_url":"https:\/\/quantocustaviajar.com\/blog\/lago-negro-em-gramado\/","og_site_name":"Blog Quanto Custa Viajar","article_publisher":"https:\/\/www.facebook.com\/quantocustaviajar","article_published_time":"2020-02-04T12:36:13+00:00","article_modified_time":"2020-02-04T12:36:14+00:00","og_image":[{"width":1024,"height":768,"url":"https:\/\/quantocustaviajar.com\/blog\/wp-content\/uploads\/2020\/01\/lago-negro-2.jpg","type":"image\/jpeg"}],"author":"Andressa Xavier Pellanda","twitter_card":"summary_large_image","twitter_misc":{"Escrito por":"Andressa Xavier Pellanda","Est. tempo de leitura":"3 minutos"},"schema":{"@context":"https:\/\/schema.org","@graph":[{"@type":["Article","BlogPosting"],"@id":"https:\/\/quantocustaviajar.com\/blog\/lago-negro-em-gramado\/#article","isPartOf":{"@id":"https:\/\/quantocustaviajar.com\/blog\/lago-negro-em-gramado\/"},"author":{"name":"Andressa Xavier Pellanda","@id":"https:\/\/quantocustaviajar.com\/blog\/#\/schema\/person\/81b0aaf2069da1a2da54677906b42d3c"},"headline":"Vai para Gramado? Ent\u00e3o, voc\u00ea precisa conhecer o Lago Negro","datePublished":"2020-02-04T12:36:13+00:00","dateModified":"2020-02-04T12:36:14+00:00","mainEntityOfPage":{"@id":"https:\/\/quantocustaviajar.com\/blog\/lago-negro-em-gramado\/"},"wordCount":701,"commentCount":1,"publisher":{"@id":"https:\/\/quantocustaviajar.com\/blog\/#organization"},"image":{"@id":"https:\/\/quantocustaviajar.com\/blog\/lago-negro-em-gramado\/#primaryimage"},"thumbnailUrl":"https:\/\/quantocustaviajar.com\/blog\/wp-content\/uploads\/2020\/01\/lago-negro-2.jpg","keywords":["am\u00e9rica do sul","f\u00e9rias","Gramado","inverno","parque","Rio Grande do Sul"],"articleSection":["Ao Ar Livre","Descubra o Brasil"],"inLanguage":"pt-BR","potentialAction":[{"@type":"CommentAction","name":"Comment","target":["https:\/\/quantocustaviajar.com\/blog\/lago-negro-em-gramado\/#respond"]}]},{"@type":"WebPage","@id":"https:\/\/quantocustaviajar.com\/blog\/lago-negro-em-gramado\/","url":"https:\/\/quantocustaviajar.com\/blog\/lago-negro-em-gramado\/","name":"Vai para Gramado? Ent\u00e3o, voc\u00ea precisa conhecer o Lago Negro","isPartOf":{"@id":"https:\/\/quantocustaviajar.com\/blog\/#website"},"primaryImageOfPage":{"@id":"https:\/\/quantocustaviajar.com\/blog\/lago-negro-em-gramado\/#primaryimage"},"image":{"@id":"https:\/\/quantocustaviajar.com\/blog\/lago-negro-em-gramado\/#primaryimage"},"thumbnailUrl":"https:\/\/quantocustaviajar.com\/blog\/wp-content\/uploads\/2020\/01\/lago-negro-2.jpg","datePublished":"2020-02-04T12:36:13+00:00","dateModified":"2020-02-04T12:36:14+00:00","description":"Est\u00e1 com viagem marcada para conhecer Gramado? Ent\u00e3o, coloque o Lago Negro em seu roteiro de passeios. O parque \u00e9 lindo e tem pedalinho.","breadcrumb":{"@id":"https:\/\/quantocustaviajar.com\/blog\/lago-negro-em-gramado\/#breadcrumb"},"inLanguage":"pt-BR","potentialAction":[{"@type":"ReadAction","target":["https:\/\/quantocustaviajar.com\/blog\/lago-negro-em-gramado\/"]}]},{"@type":"ImageObject","inLanguage":"pt-BR","@id":"https:\/\/quantocustaviajar.com\/blog\/lago-negro-em-gramado\/#primaryimage","url":"https:\/\/quantocustaviajar.com\/blog\/wp-content\/uploads\/2020\/01\/lago-negro-2.jpg","contentUrl":"https:\/\/quantocustaviajar.com\/blog\/wp-content\/uploads\/2020\/01\/lago-negro-2.jpg","width":1024,"height":768,"caption":"Foto: Andressa Xavier Pellanda"},{"@type":"BreadcrumbList","@id":"https:\/\/quantocustaviajar.com\/blog\/lago-negro-em-gramado\/#breadcrumb","itemListElement":[{"@type":"ListItem","position":1,"name":"In\u00edcio","item":"https:\/\/quantocustaviajar.com\/blog\/"},{"@type":"ListItem","position":2,"name":"Vai para Gramado? Ent\u00e3o, voc\u00ea precisa conhecer o Lago Negro"}]},{"@type":"WebSite","@id":"https:\/\/quantocustaviajar.com\/blog\/#website","url":"https:\/\/quantocustaviajar.com\/blog\/","name":"Blog Quanto Custa Viajar","description":"","publisher":{"@id":"https:\/\/quantocustaviajar.com\/blog\/#organization"},"potentialAction":[{"@type":"SearchAction","target":{"@type":"EntryPoint","urlTemplate":"https:\/\/quantocustaviajar.com\/blog\/?s={search_term_string}"},"query-input":{"@type":"PropertyValueSpecification","valueRequired":true,"valueName":"search_term_string"}}],"inLanguage":"pt-BR"},{"@type":"Organization","@id":"https:\/\/quantocustaviajar.com\/blog\/#organization","name":"Quanto Custa Viajar","url":"https:\/\/quantocustaviajar.com\/blog\/","logo":{"@type":"ImageObject","inLanguage":"pt-BR","@id":"https:\/\/quantocustaviajar.com\/blog\/#\/schema\/logo\/image\/","url":"","contentUrl":"","caption":"Quanto Custa Viajar"},"image":{"@id":"https:\/\/quantocustaviajar.com\/blog\/#\/schema\/logo\/image\/"},"sameAs":["https:\/\/www.facebook.com\/quantocustaviajar"]},{"@type":"Person","@id":"https:\/\/quantocustaviajar.com\/blog\/#\/schema\/person\/81b0aaf2069da1a2da54677906b42d3c","name":"Andressa Xavier Pellanda","image":{"@type":"ImageObject","inLanguage":"pt-BR","@id":"https:\/\/quantocustaviajar.com\/blog\/#\/schema\/person\/image\/","url":"https:\/\/secure.gravatar.com\/avatar\/efccc167c341de2100a574b335de06f5efda2310964e70124d995491728ed674?s=96&d=mm&r=g","contentUrl":"https:\/\/secure.gravatar.com\/avatar\/efccc167c341de2100a574b335de06f5efda2310964e70124d995491728ed674?s=96&d=mm&r=g","caption":"Andressa Xavier Pellanda"},"description":"Eu gosto de viajar antes mesmo de chegar ao destino!","url":"https:\/\/quantocustaviajar.com\/blog\/author\/andressa\/"}]}},"_links":{"self":[{"href":"https:\/\/quantocustaviajar.com\/blog\/wp-json\/wp\/v2\/posts\/41663","targetHints":{"allow":["GET"]}}],"collection":[{"href":"https:\/\/quantocustaviajar.com\/blog\/wp-json\/wp\/v2\/posts"}],"about":[{"href":"https:\/\/quantocustaviajar.com\/blog\/wp-json\/wp\/v2\/types\/post"}],"author":[{"embeddable":true,"href":"https:\/\/quantocustaviajar.com\/blog\/wp-json\/wp\/v2\/users\/11"}],"replies":[{"embeddable":true,"href":"https:\/\/quantocustaviajar.com\/blog\/wp-json\/wp\/v2\/comments?post=41663"}],"version-history":[{"count":3,"href":"https:\/\/quantocustaviajar.com\/blog\/wp-json\/wp\/v2\/posts\/41663\/revisions"}],"predecessor-version":[{"id":41760,"href":"https:\/\/quantocustaviajar.com\/blog\/wp-json\/wp\/v2\/posts\/41663\/revisions\/41760"}],"wp:featuredmedia":[{"embeddable":true,"href":"https:\/\/quantocustaviajar.com\/blog\/wp-json\/wp\/v2\/media\/41665"}],"wp:attachment":[{"href":"https:\/\/quantocustaviajar.com\/blog\/wp-json\/wp\/v2\/media?parent=41663"}],"wp:term":[{"taxonomy":"category","embeddable":true,"href":"https:\/\/quantocustaviajar.com\/blog\/wp-json\/wp\/v2\/categories?post=41663"},{"taxonomy":"post_tag","embeddable":true,"href":"https:\/\/quantocustaviajar.com\/blog\/wp-json\/wp\/v2\/tags?post=41663"}],"curies":[{"name":"wp","href":"https:\/\/api.w.org\/{rel}","templated":true}]}}