{"id":41593,"date":"2020-02-04T12:20:50","date_gmt":"2020-02-04T12:20:50","guid":{"rendered":"https:\/\/quantocustaviajar.com\/blog\/?p=41593"},"modified":"2020-02-04T12:20:53","modified_gmt":"2020-02-04T12:20:53","slug":"viagens-na-terceira-idade","status":"publish","type":"post","link":"https:\/\/quantocustaviajar.com\/blog\/viagens-na-terceira-idade\/","title":{"rendered":"O mundo \u00e9 delas: Silvia Triboni fala sobre viagens na terceira idade"},"content":{"rendered":"\n<p><strong>Silvia Triboni <\/strong>sempre sonhou em conhecer o mundo e viver no exterior. O que parecia ser um sonho imposs\u00edvel quando era crian\u00e7a se transformou em realidade depois de atingir a marca dos quarenta anos. <\/p>\n\n\n\n<p>Com estabilidade financeira, ela come\u00e7ou a desbravar o mundo e n\u00e3o parou mais. Hoje, aos 62, realizou o sonho de morar fora do pa\u00eds e compartilha sua hist\u00f3ria para que outras mulheres (e homens) n\u00e3o deixem que a idade limite seus sonhos. <\/p>\n\n\n\n<p>Silvia \u00e9 a nova entrevistada da s\u00e9rie \u201c<strong><a rel=\"noreferrer noopener\" aria-label=\"O mundo \u00e9 delas (abre numa nova aba)\" href=\"https:\/\/quantocustaviajar.com\/blog\/tag\/o-mundo-e-delas\/\" target=\"_blank\">O mundo \u00e9 delas<\/a><\/strong>&#8220;, em que nos propomos a contar hist\u00f3rias de mulheres incr\u00edveis que est\u00e3o redefinindo o conceito de viagens de um jeito muito especial. <em>Vamos nessa?<\/em><\/p>\n\n\n\n<h2 class=\"wp-block-heading\">Viagens na terceira idade, com Silvia Triboni<\/h2>\n\n\n\n<div class=\"wp-block-image\"><figure class=\"aligncenter\"><img loading=\"lazy\" decoding=\"async\" width=\"1018\" height=\"1024\" src=\"https:\/\/quantocustaviajar.com\/blog\/wp-content\/uploads\/2020\/01\/viagens-na-terceira-idade-1018x1024.jpg\" alt=\"Silvia no pico da montanha Huayna Picchu, em Machu Picchu, mostra que ainda tem muita disposi\u00e7\u00e3o para viagens na terceira idade.\" class=\"wp-image-41600\" srcset=\"https:\/\/quantocustaviajar.com\/blog\/wp-content\/uploads\/2020\/01\/viagens-na-terceira-idade-1018x1024.jpg 1018w, https:\/\/quantocustaviajar.com\/blog\/wp-content\/uploads\/2020\/01\/viagens-na-terceira-idade-150x150.jpg 150w, https:\/\/quantocustaviajar.com\/blog\/wp-content\/uploads\/2020\/01\/viagens-na-terceira-idade-298x300.jpg 298w, https:\/\/quantocustaviajar.com\/blog\/wp-content\/uploads\/2020\/01\/viagens-na-terceira-idade-768x773.jpg 768w, https:\/\/quantocustaviajar.com\/blog\/wp-content\/uploads\/2020\/01\/viagens-na-terceira-idade.jpg 1272w\" sizes=\"auto, (max-width: 1018px) 100vw, 1018px\" \/><figcaption>Silvia no pico da montanha Huayna Picchu, em Machu Picchu, mostra que ainda tem muita disposi\u00e7\u00e3o para viagens na terceira idade.<\/figcaption><\/figure><\/div>\n\n\n\n<p><strong>Equipe Quanto Custa Viajar &#8211; Com quantos anos voc\u00ea come\u00e7ou a viajar e o que mudou desde ent\u00e3o?&nbsp;<\/strong><\/p>\n\n\n\n<p><strong>Silvia Triboni &#8211;<\/strong> Apesar de minha paix\u00e3o pelas viagens ter surgido aos meus 15 anos de idade, somente comecei a realizar meus desejos ap\u00f3s os 40 anos, quando ingressei no servi\u00e7o p\u00fablico e pude pagar meus gastos com f\u00e9rias. <\/p>\n\n\n\n<p>Esperei bastante at\u00e9 que eu pudesse concretizar meus sonhos de adolescente, mas enquanto eu levava a minha vida pessoal &#8211; estudos, casamento, filhos \u2013 tratei de manter acesa a chama da curiosidade por novos pa\u00edses, culturas, povos, l\u00ednguas\u2026<\/p>\n\n\n\n<p>Desde o meu primeiro per\u00edodo de f\u00e9rias do trabalho decidi que anualmente iria conhecer lugares novos. Inicialmente viajava com meus dois filhos ainda crian\u00e7as, tendo sido a nossa primeira viagem a mais marcante e inesquec\u00edvel de todas. Fomos ao <strong><a href=\"https:\/\/quantocustaviajar.com\/brasil\/guaruja\" target=\"_blank\" rel=\"noreferrer noopener\" aria-label=\"Guaruj\u00e1 (abre numa nova aba)\">Guaruj\u00e1<\/a><\/strong>. Foram dias incr\u00edveis. A col\u00f4nia de f\u00e9rias onde ficamos, a \u00e1gua de coco que tomamos e as brincadeiras na praia est\u00e3o marcadas em nossas lembran\u00e7as.<\/p>\n\n\n\n<p>Sempre rememoramos aqueles dias maravilhosos, considerando aquela aventura como uma das mais importantes de nossas trajet\u00f3rias de viajantes. Assim que eles se tornaram adultos, e independentes, passei a realizar minhas viagens em grupos (excurs\u00f5es), com amigos, sozinha, e, esporadicamente, na companhia deles. <\/p>\n\n\n\n<div class=\"wp-block-image\"><figure class=\"aligncenter\"><img loading=\"lazy\" decoding=\"async\" width=\"1024\" height=\"768\" src=\"https:\/\/quantocustaviajar.com\/blog\/wp-content\/uploads\/2020\/01\/viagens-na-terceira-idade3-1024x768.jpg\" alt=\"\" class=\"wp-image-41599\" srcset=\"https:\/\/quantocustaviajar.com\/blog\/wp-content\/uploads\/2020\/01\/viagens-na-terceira-idade3-1024x768.jpg 1024w, https:\/\/quantocustaviajar.com\/blog\/wp-content\/uploads\/2020\/01\/viagens-na-terceira-idade3-300x225.jpg 300w, https:\/\/quantocustaviajar.com\/blog\/wp-content\/uploads\/2020\/01\/viagens-na-terceira-idade3-768x576.jpg 768w, https:\/\/quantocustaviajar.com\/blog\/wp-content\/uploads\/2020\/01\/viagens-na-terceira-idade3.jpg 1632w\" sizes=\"auto, (max-width: 1024px) 100vw, 1024px\" \/><figcaption>Silvia e a filha em Twelve Apostles, na Austr\u00e1lia<\/figcaption><\/figure><\/div>\n\n\n\n<p>As viagens viraram uma rotina em minha vida. Nada, nem ningu\u00e9m, me impedia, ou impede, de viajar. Sou muito grata \u00e0s viagens em grupo, excurs\u00f5es que fiz, pois me proporcionaram a confian\u00e7a necess\u00e1ria para ir em busca de experi\u00eancias em terras estrangeiras, da forma mais racional e econ\u00f4mica poss\u00edvel, o que me permite explorar os lugares de forma independente.<\/p>\n\n\n\n<p>A cada ano um pa\u00eds novo entra na minha lista. \u00c0s vezes repito algum pa\u00eds s\u00f3 para curtir, ou explorar mais detidamente alguma cidade especial.<\/p>\n\n\n\n<p><strong>QCV &#8211; Voc\u00ea defende que viajar \u00e9 um dos segredos para a longevidade e coloca isso em pr\u00e1tica aos 62 anos. Sente que sua qualidade de vida melhorou \u00e0 medida que as viagens se tornaram mais frequentes?<\/strong><\/p>\n\n\n\n<p><strong>Silvia &#8211;<\/strong> Sinto sim, Mariana. Com o passar dos anos, a cada viagem que fazia, minha autoestima ia se fortalecendo, e minha curiosidade por ampliar meu rol de pa\u00edses visitados s\u00f3 aumentava.<\/p>\n\n\n\n<p>O ganho de experi\u00eancia, de independ\u00eancia e de mais coragem foram promovendo transforma\u00e7\u00f5es importantes em minha pessoa. Passei a valorizar demais o investimento feito com o turismo, visto o retorno que ele me dava (e d\u00e1) em crescimento cultural, social, emocional e f\u00edsico.<\/p>\n\n\n\n<div class=\"wp-block-image\"><figure class=\"aligncenter\"><img loading=\"lazy\" decoding=\"async\" width=\"768\" height=\"1024\" src=\"https:\/\/quantocustaviajar.com\/blog\/wp-content\/uploads\/2020\/01\/viagens-na-terceira-idade2-768x1024.jpg\" alt=\"\" class=\"wp-image-41601\" srcset=\"https:\/\/quantocustaviajar.com\/blog\/wp-content\/uploads\/2020\/01\/viagens-na-terceira-idade2-768x1024.jpg 768w, https:\/\/quantocustaviajar.com\/blog\/wp-content\/uploads\/2020\/01\/viagens-na-terceira-idade2-225x300.jpg 225w, https:\/\/quantocustaviajar.com\/blog\/wp-content\/uploads\/2020\/01\/viagens-na-terceira-idade2.jpg 966w\" sizes=\"auto, (max-width: 768px) 100vw, 768px\" \/><figcaption>Em C\u00f3rdoba, na Espanha<\/figcaption><\/figure><\/div>\n\n\n\n<p>Ao t\u00e9rmino de uma experi\u00eancia j\u00e1 come\u00e7o a planejar a pr\u00f3xima. Eu diria que o primeiro aspecto de minha sa\u00fade que se beneficiou foi a sa\u00fade  emocional. Para as mulheres de minha gera\u00e7\u00e3o ser independente para ir e vir, sem ter de dar satisfa\u00e7\u00f5es \u00e9 um grande feito. Imagine fazer isso depois dos 40, 50, 60 anos\u2026<\/p>\n\n\n\n<p>A garra e a coragem que se pode adquirir ao se predispor a cumprir todas as etapas que uma viagem requer, a usufruir de todas as experi\u00eancias que os diferentes destinos nos oferecem, a vencer os desafios e problemas que uma viagem pode apresentar, s\u00e3o conquistas que poucas atividades, ou investimentos, podem nos oferecer.<\/p>\n\n\n\n<p>Fortalecido o meu pilar emocional, com a autoestima revigorada, via que a mente e o conv\u00edvio social tamb\u00e9m ganhavam for\u00e7a. Nada como abrir os horizontes para novas paisagens, hist\u00f3rias e culturas para que a vontade de aprender e conhecer novas pessoas surja de imediato.<\/p>\n\n\n\n<p>Fazer novos amigos, ampliar a viv\u00eancia multicultural, viajar sozinha, hospedar-se em albergues, dormir em quartos compartilhados, experimentar comidas ex\u00f3ticas, subir montanhas, mergulhar\u2026 Tudo isso me fazia (e faz) muito bem. <\/p>\n\n\n\n<p>Foi assim que ao cruzar a marca dos 60 anos, em que, de repente, se passa para a \u201cterceira idade\u201d, que percebi o quanto minhas escolhas, e \u201cinvestimentos\u201d, estavam favorecendo o meu envelhecimento, e a minha boa longevidade.<\/p>\n\n\n\n<div class=\"wp-block-image\"><figure class=\"aligncenter is-resized\"><img decoding=\"async\" src=\"https:\/\/quantocustaviajar.com\/blog\/wp-content\/uploads\/2020\/01\/viagens-na-terceira-idade4.jpg\" alt=\"\" class=\"wp-image-41602\" width=\"800\" srcset=\"https:\/\/quantocustaviajar.com\/blog\/wp-content\/uploads\/2020\/01\/viagens-na-terceira-idade4.jpg 640w, https:\/\/quantocustaviajar.com\/blog\/wp-content\/uploads\/2020\/01\/viagens-na-terceira-idade4-300x225.jpg 300w\" sizes=\"(max-width: 640px) 100vw, 640px\" \/><figcaption>Parque Termal Te Puia, em Rotorua, Nova Zel\u00e2ndia<\/figcaption><\/figure><\/div>\n\n\n\n<p>N\u00e3o me sinto nada parecida com o estere\u00f3tipo de idosa. Ao contr\u00e1rio. Sinto-me mais vigorosa do que em d\u00e9cadas anteriores. Isso \u00e9 muito bom, n\u00e3o \u00e9 mesmo?!<\/p>\n\n\n\n<p>S\u00e3o muitos os ganhos que a pr\u00e1tica das viagens e do turismo nos trazem. Sabia que at\u00e9 a fam\u00edlia \u00e9 beneficiada quando o idoso se diverte conhecendo novos lugares? Esta \u00e9 uma das afirma\u00e7\u00f5es que colhi de uma entrevista que fiz com uma m\u00e9dica psiquiatra. A entrevista est\u00e1 no meu <a href=\"https:\/\/www.youtube.com\/channel\/UC_S8jc-d8tPkCIcizYdBrwA\/videos\" target=\"_blank\" rel=\"noreferrer noopener\" aria-label=\"canal do Youtube (abre numa nova aba)\">canal do Youtube<\/a>. <\/p>\n\n\n\n<p>Ouvir confirma\u00e7\u00f5es provenientes dos profissionais da sa\u00fade sobre o bem que viajar faz ao nosso processo de envelhecimento me deixa muito feliz.<\/p>\n\n\n\n<p><strong>QCV &#8211; Recentemente voc\u00ea se mudou para Lisboa, em Portugal. Como est\u00e1 sendo essa experi\u00eancia de viver no exterior e quais os principais desafios enfrentados nesse processo?&nbsp;<\/strong><\/p>\n\n\n\n<p><strong>Silvia &#8211;<\/strong> Viver em um pa\u00eds diferente era outro dos meus sonhos de adolescente. Nos anos 70, os jovens em melhores condi\u00e7\u00f5es econ\u00f4micas faziam interc\u00e2mbios internacionais para estudo e vida no estrangeiro. Isso me fascinava, mas n\u00e3o estava a meu alcance.<\/p>\n\n\n\n<p>Demorou quase 50 anos (rs) mas realizei mais este sonho, me mudando para <strong><a href=\"https:\/\/quantocustaviajar.com\/portugal\/lisboa\" target=\"_blank\" rel=\"noreferrer noopener\" aria-label=\"Lisboa (abre numa nova aba)\">Lisboa<\/a><\/strong>. Outro tipo de desafio que decidi enfrentar no alto de meus 62 anos, e que est\u00e1 sendo vi\u00e1vel em grande parte gra\u00e7as ao meu perfil explorador, e \u00e0s transforma\u00e7\u00f5es pessoais que as viagens me proporcionaram, ao longo dos anos.<\/p>\n\n\n\n<div class=\"wp-block-image\"><figure class=\"aligncenter\"><img loading=\"lazy\" decoding=\"async\" width=\"1024\" height=\"768\" src=\"https:\/\/quantocustaviajar.com\/blog\/wp-content\/uploads\/2020\/01\/viagens-na-terceira-idade5-1024x768.jpg\" alt=\"\" class=\"wp-image-41603\" srcset=\"https:\/\/quantocustaviajar.com\/blog\/wp-content\/uploads\/2020\/01\/viagens-na-terceira-idade5-1024x768.jpg 1024w, https:\/\/quantocustaviajar.com\/blog\/wp-content\/uploads\/2020\/01\/viagens-na-terceira-idade5-300x225.jpg 300w, https:\/\/quantocustaviajar.com\/blog\/wp-content\/uploads\/2020\/01\/viagens-na-terceira-idade5-768x576.jpg 768w, https:\/\/quantocustaviajar.com\/blog\/wp-content\/uploads\/2020\/01\/viagens-na-terceira-idade5.jpg 1288w\" sizes=\"auto, (max-width: 1024px) 100vw, 1024px\" \/><figcaption><a href=\"https:\/\/quantocustaviajar.com\/blog\/cajon-del-maipo-embalse-el-yeso-passeio-santiago\/\">Caj\u00f3n Del Maipo<\/a>, Chile.<\/figcaption><\/figure><\/div>\n\n\n\n<p>As expectativas de uma vida nova, o desafio de adapta\u00e7\u00e3o a uma outra cultura, nova cidade, a um povo diferente, tudo isto muito me estimulava. At\u00e9 mesmo ter de aprender a falar o portugu\u00eas de <strong><a href=\"https:\/\/quantocustaviajar.com\/portugal\" target=\"_blank\" rel=\"noreferrer noopener\" aria-label=\"Portugal (abre numa nova aba)\">Portugal<\/a><\/strong> \u00e9 algo que me anima. Parece estranho, mas a l\u00edngua portuguesa em Portugal \u00e9 mais formal, e com v\u00e1rias palavras com significados diversos daqueles que conhecemos (alguns bem engra\u00e7ados).<\/p>\n\n\n\n<p>Desapegar-me de meu espa\u00e7o e de minhas coisas em <strong><a href=\"https:\/\/quantocustaviajar.com\/brasil\/sao-paulo\" target=\"_blank\" rel=\"noreferrer noopener\" aria-label=\"S\u00e3o Paulo (abre numa nova aba)\">S\u00e3o Paulo<\/a><\/strong>, poderia ter sido uma etapa dif\u00edcil, entretanto n\u00e3o foi. Isso porque eu j\u00e1 vinha exercitando o desapego h\u00e1 anos. Adquiri o h\u00e1bito de pouco comprar, e de doar e vender aquilo que \u00e9 desnecess\u00e1rio ou excessivo em minha casa e em meus arm\u00e1rios.<\/p>\n\n\n\n<p>A pr\u00e1tica das viagens transformou minha mentalidade quanto ao que realmente preciso para viver. Precisamos ser leves. O custo de vida em <a rel=\"noreferrer noopener\" aria-label=\"Portugal (abre numa nova aba)\" href=\"https:\/\/quantocustaviajar.com\/portugal\" target=\"_blank\"><strong>Portugal<\/strong><\/a><strong> <\/strong>\u00e9 semelhante ao do <strong><a rel=\"noreferrer noopener\" aria-label=\"Brasil (abre numa nova aba)\" href=\"https:\/\/quantocustaviajar.com\/brasil\" target=\"_blank\">Brasil<\/a><\/strong>, mas a qualidade de vida \u00e9 bem melhor quanto \u00e0 liberdade de vivenciar a cidade sem preocupa\u00e7\u00f5es com a seguran\u00e7a.<\/p>\n\n\n\n<p>Por aqui, ando sozinha, em qualquer hor\u00e1rio do dia, sem medo de ass\u00e9dios, ou assaltos. Uso todos os meios de transporte, pois n\u00e3o tenho carro, e n\u00e3o me importo se precisarei voltar sozinha para casa tarde da noite.<\/p>\n\n\n\n<p>Uma dificuldade por aqui \u00e9 a moradia. Houve uma supervaloriza\u00e7\u00e3o dos im\u00f3veis em <strong>Portugal<\/strong>, o que acarretou uma grande oferta para venda, e um enorme aumento nos alugu\u00e9is. Encontrar um apartamento para alugar a um pre\u00e7o razo\u00e1vel \u00e9 bem dif\u00edcil. Custei a entender esta din\u00e2mica, mas consegui encontrar um apartamentozinho para mim em um bairro bem gostoso de <strong>Lisboa<\/strong>. Ufa! <\/p>\n\n\n\n<p>Estou feliz por aqui. Ele \u00e9 pequenino, mas tem o essencial \u2013 aquilo que realmente preciso para viver. Nada de excessos. Tenho participado de eventos culturais e de empreendedorismo, e conhecido muita gente legal. J\u00e1 me sentindo uma local.<\/p>\n\n\n\n<div class=\"wp-block-image\"><figure class=\"aligncenter\"><img loading=\"lazy\" decoding=\"async\" width=\"1024\" height=\"768\" src=\"https:\/\/quantocustaviajar.com\/blog\/wp-content\/uploads\/2020\/01\/viagens-na-terceira-idade6-1024x768.jpg\" alt=\"\" class=\"wp-image-41604\" srcset=\"https:\/\/quantocustaviajar.com\/blog\/wp-content\/uploads\/2020\/01\/viagens-na-terceira-idade6-1024x768.jpg 1024w, https:\/\/quantocustaviajar.com\/blog\/wp-content\/uploads\/2020\/01\/viagens-na-terceira-idade6-300x225.jpg 300w, https:\/\/quantocustaviajar.com\/blog\/wp-content\/uploads\/2020\/01\/viagens-na-terceira-idade6-768x576.jpg 768w, https:\/\/quantocustaviajar.com\/blog\/wp-content\/uploads\/2020\/01\/viagens-na-terceira-idade6.jpg 1288w\" sizes=\"auto, (max-width: 1024px) 100vw, 1024px\" \/><figcaption>Em Cairo, no Egito.<\/figcaption><\/figure><\/div>\n\n\n\n<p>Os portugueses s\u00e3o mais reservados, mas quando puxamos uma conversa, mostram-se sinceramente interessados e participativos. S\u00e3o animados e falantes. Inclusive os idosos. Est\u00e1 sendo bem gostosa esta minha nova vida em um pa\u00eds europeu. Estou muito feliz por ter realizado este sonho de adolescente.<\/p>\n\n\n\n<p><strong>QCV &#8211; E como o Across Seven Seas surgiu nesse momento da sua vida?<\/strong><\/p>\n\n\n\n<p><strong>Silvia &#8211;<\/strong> Ao me aproximar da marca dos 60 anos, e diante do vigor que sentia em plena \u201cterceira idade\u201d, resolvi criar o <strong><a href=\"http:\/\/www.acrosssevenseas.com\/\" target=\"_blank\" rel=\"noreferrer noopener\" aria-label=\"Blog Across Seven Seas (abre numa nova aba)\">Blog Across Seven Seas<\/a><\/strong> com o objetivo de registrar minhas experi\u00eancias de viagem, e os resultados de minhas investiga\u00e7\u00f5es a respeito dos benef\u00edcios que viagens podem proporcionar \u00e0 boa longevidade.<\/p>\n\n\n\n<p>Escrever sobre minhas experi\u00eancias mundo afora era tranquilo, mas precisava buscar fundamentos t\u00e9cnicos que amparassem minhas constata\u00e7\u00f5es a respeito do bin\u00f4mio viagens\/longevidade. Como minha \u00e1rea de forma\u00e7\u00e3o \u00e9 jur\u00eddica e administrativa, decidi pesquisar e entrevistar m\u00e9dicos e outros profissionais que pudessem explicar, e confirmar, os efeitos positivos das viagens, e do turismo, em nossa sa\u00fade integral.<\/p>\n\n\n\n<p>Estudei t\u00e9cnicas de jornalismo, fotografia, <em>storytelling<\/em>, m\u00eddias sociais, marketing. Entrevistei m\u00e9dicos, neurocientista, psic\u00f3logos. Li mat\u00e9rias variadas sobre temas relacionados \u00e0 longevidade e gerontologia. Participo de grupos e projetos destinados ao desenvolvimento, e empreendedorismo relacionado ao p\u00fablico s\u00eanior, com o objetivo de conhecer propostas que se oferecem \u00e0s necessidades deste grupo.<\/p>\n\n\n\n<div class=\"wp-block-image\"><figure class=\"aligncenter\"><img loading=\"lazy\" decoding=\"async\" width=\"1024\" height=\"768\" src=\"https:\/\/quantocustaviajar.com\/blog\/wp-content\/uploads\/2020\/01\/viagens-na-terceira-idade7-1024x768.jpg\" alt=\"\" class=\"wp-image-41605\" srcset=\"https:\/\/quantocustaviajar.com\/blog\/wp-content\/uploads\/2020\/01\/viagens-na-terceira-idade7-1024x768.jpg 1024w, https:\/\/quantocustaviajar.com\/blog\/wp-content\/uploads\/2020\/01\/viagens-na-terceira-idade7-300x225.jpg 300w, https:\/\/quantocustaviajar.com\/blog\/wp-content\/uploads\/2020\/01\/viagens-na-terceira-idade7-768x576.jpg 768w, https:\/\/quantocustaviajar.com\/blog\/wp-content\/uploads\/2020\/01\/viagens-na-terceira-idade7.jpg 1288w\" sizes=\"auto, (max-width: 1024px) 100vw, 1024px\" \/><figcaption>Em Sydney, na Austr\u00e1lia.<\/figcaption><\/figure><\/div>\n\n\n\n<p>Em meu blog e redes sociais, busco inspirar-me e fornecer conte\u00fados que possam estimular as pessoas maduras a cuidarem de sua sa\u00fade enquanto passeiam e visitam lugares novos. Esta \u00e9 a miss\u00e3o do <strong>Across Seven Seas<\/strong>.<\/p>\n\n\n\n<p><strong>QCV &#8211; Em suas andan\u00e7as pelo mundo, percebeu muita diferen\u00e7a entre o turismo na terceira idade no Brasil e em outros pa\u00edses?<\/strong><\/p>\n\n\n\n<p><strong>Silvia &#8211;<\/strong> Felizmente tenho percebido que o p\u00fablico s\u00eanior tem viajado mais e mais. Ao longo desses 20 anos de minhas viagens rotineiras, tenho visto um crescer no n\u00famero de viajantes maduros. \u00c9 evidente, e muito divulgado, o envelhecimento da popula\u00e7\u00e3o brasileira, e mundial. Constato esta realidade nas cidades e locais que visito.<\/p>\n\n\n\n<p>Os destinos europeus s\u00e3o atraentes a todo o tipo de p\u00fablico. Entretanto, vejo uma predomin\u00e2ncia dos maduros em rela\u00e7\u00e3o a destinos aventura\/natureza, como na <strong><a rel=\"noreferrer noopener\" aria-label=\"Austr\u00e1lia (abre numa nova aba)\" href=\"https:\/\/quantocustaviajar.com\/australia\" target=\"_blank\">Austr\u00e1lia<\/a><\/strong>, <strong><a rel=\"noreferrer noopener\" aria-label=\"Nova Zel\u00e2ndia (abre numa nova aba)\" href=\"https:\/\/quantocustaviajar.com\/nova-zelandia\" target=\"_blank\">Nova Zel\u00e2ndia<\/a><\/strong>, <strong><a href=\"https:\/\/quantocustaviajar.com\/marrocos\" target=\"_blank\" rel=\"noreferrer noopener\" aria-label=\"Marrocos (abre numa nova aba)\">Marrocos<\/a><\/strong>, por exemplo. Felizmente, para os brasileiros, as viagens nacionais e internacionais deixaram de ser somente para os ricos. Viajam muito.<\/p>\n\n\n\n<p>H\u00e1 ofertas de turismo para todos os tipos de \u201cbolsos\u201d. Quanto \u00e0s viagens internacionais, roteiros que incluam <strong>Portugal <\/strong>s\u00e3o os preferidos de grande parte dos brasileiros, principalmente dos idosos. Vejo, tamb\u00e9m, que as mulheres viajantes predominam os grupos de turismo, da mesma forma que mulheres maduras s\u00e3o as que mais viajam sozinhas. Acho isso incr\u00edvel.<\/p>\n\n\n\n<p>Pelo que observo, posso dizer que os turistas europeus e norte-americanos maiores de 70 anos s\u00e3o os que mais viajam, e, muitos s\u00e3o adeptos dos alojamentos coletivos. Foi o tempo que hostel era coisa de surfista, ou mochileiro. Hoje em dia, a mo\u00e7ada precisa compartilhar as \u00e1reas coletivas com a gente \u2013 os \u201cvelhinhos\u201d hahahah. Adoro!<\/p>\n\n\n\n<p><strong>QCV &#8211; Na sua opini\u00e3o, quais os destinos em que se sentiu mais acolhida sendo uma mulher viajante que j\u00e1 passou dos 60?<\/strong><\/p>\n\n\n\n<p>Silvia &#8211; Gosto muito de viajar sozinha, e conhecer os destinos por minha conta. Recorro a guias tur\u00edsticos locais, \u00f4nibus<em> hop-on hop-off<\/em>, grupos locais, alternativas que me levem a cidades pr\u00f3ximas, ou aventuras que eu n\u00e3o possa ir caminhando, ou pelo transporte p\u00fablico.<\/p>\n\n\n\n<p>Aprendi a me hospedar em <em>hostels<\/em>, e, hoje em dia, gosto muito da possibilidade de conviv\u00eancia com pessoas de v\u00e1rios pa\u00edses que estes albergues nos oferecem. J\u00e1 conheci <em>hostels <\/em>incr\u00edveis, e fiz muitas boas amizades. Como gosto de dizer: quem viaja sozinho, nunca fica sozinho (s\u00f3 se quiser).<\/p>\n\n\n\n<p>Por todos os lugares por onde passei, depois que me tornei uma viajante s\u00eanior, fui muito bem tratada e acolhida pelos habitantes locais, e tamb\u00e9m pelos novos amigos. Confesso que em pa\u00edses onde a cultura imp\u00f5e restri\u00e7\u00f5es \u00e0 liberdade feminina contei com a companhia de guias de turismo. Isso para evitar ass\u00e9dios de vendedores ambulantes, e outros inconvenientes relacionados ao machismo existente nessas culturas, nada tendo a ver com a minha idade.<\/p>\n\n\n\n<div class=\"wp-block-image\"><figure class=\"aligncenter\"><img loading=\"lazy\" decoding=\"async\" width=\"1024\" height=\"768\" src=\"https:\/\/quantocustaviajar.com\/blog\/wp-content\/uploads\/2020\/01\/viagens-na-terceira-idade-ourzazate-1024x768.jpg\" alt=\"\" class=\"wp-image-41606\" srcset=\"https:\/\/quantocustaviajar.com\/blog\/wp-content\/uploads\/2020\/01\/viagens-na-terceira-idade-ourzazate-1024x768.jpg 1024w, https:\/\/quantocustaviajar.com\/blog\/wp-content\/uploads\/2020\/01\/viagens-na-terceira-idade-ourzazate-300x225.jpg 300w, https:\/\/quantocustaviajar.com\/blog\/wp-content\/uploads\/2020\/01\/viagens-na-terceira-idade-ourzazate-768x576.jpg 768w, https:\/\/quantocustaviajar.com\/blog\/wp-content\/uploads\/2020\/01\/viagens-na-terceira-idade-ourzazate.jpg 1288w\" sizes=\"auto, (max-width: 1024px) 100vw, 1024px\" \/><figcaption>Em Ouarzazate, Marrocos.<\/figcaption><\/figure><\/div>\n\n\n\n<p>Posso dizer que pelo fato de ser uma senhora maior de 60 anos o atendimento que tenho recebido dos mais variados prestadores de servi\u00e7os do ramo tur\u00edstico \u00e9 de primeira.<br> &nbsp;<br><strong>QCV &#8211;&nbsp; Sente falta de atra\u00e7\u00f5es e servi\u00e7os voltados para pessoas idosas? Tem alguma dica de como os destinos podem se preparar para receber cada vez melhor este p\u00fablico?<\/strong><\/p>\n\n\n\n<p><strong>Silvia <\/strong>&#8211; Nos tempos atuais, felizmente, vemos que as condi\u00e7\u00f5es f\u00edsicas, e sociais, dos idosos s\u00e3o bem melhores do que v\u00edamos no passado. Tenho conhecido mulheres e homens 70+ incr\u00edveis, os quais apresentam disposi\u00e7\u00e3o f\u00edsica e mental semelhante a pessoas at\u00e9 30 anos mais jovens. Ainda que apresentem alguma limita\u00e7\u00e3o f\u00edsica, n\u00e3o deixam de sair de casa, aproveitando todas a atra\u00e7\u00f5es de sua cidade, ou dos lugares que se interessam por conhecer.<\/p>\n\n\n\n<p>Aqui em <strong>Portugal<\/strong>, \u00e9 surpreendente ver a quantidade de vovozinhos e vovozinhas 80+ caminhando com suas muletas, ou bengalas. Nada os impede de ir e vir pela cidade. Pegam trens, metr\u00f4s e \u00f4nibus e s\u00e3o muito respeitados pelos motoristas. <\/p>\n\n\n\n<p>N\u00e3o importa o tempo que levam para atravessar as ruas, ou para subir nos \u00f4nibus. Pacientemente, os motoristas dos \u00f4nibus portugueses aguardam a hora de fechar as portas e seguir viagem. Merecem nossas homenagens por esta atitude civilizada, e devem ser copiados mundo afora.<\/p>\n\n\n\n<p>Algumas cidades, ou atra\u00e7\u00f5es, s\u00e3o mais conscientes, e melhor preparadas, que outras para atender o turista idoso. Entretanto, ainda h\u00e1 muito o que fazer. Inclusive nos pa\u00edses desenvolvidos economicamente. Faltam rampas de acessibilidade nas atra\u00e7\u00f5es, cadeiras de rodas el\u00e9tricas, elevadores para acesso a plataformas de metr\u00f4, e, acima de tudo, mais respeito aos idosos e ao tempo que precisam para a locomo\u00e7\u00e3o.<\/p>\n\n\n\n<p>Isso vale tamb\u00e9m para as empresas do ramo tur\u00edstico. Se possuem clientes idosos, devem oferecer servi\u00e7os que considerem suas limita\u00e7\u00f5es. Os guias e motoristas precisam estar atentos e sincronizados ao ritmo deles.<\/p>\n\n\n\n<p><strong>QCV &#8211; Fora a quest\u00e3o financeira, qual voc\u00ea acredita que seja a maior dificuldade para que pessoas idosas e saud\u00e1veis possam viajar mais? Tem alguma dica para quem ainda n\u00e3o se sente seguro de desbravar o mundo?<\/strong><\/p>\n\n\n\n<p><strong>Silvia <\/strong>&#8211; Acredito que o impedimento principal a que pessoas idosas viajem \u00e9 o medo. Medo do desconhecido. Medo de precisarem da ajuda de algu\u00e9m. Medo de n\u00e3o serem entendidas. Medo de enfrentar as etapas que as viagens envolvem, como, por exemplo, embarque\/desembarque nas viagens a\u00e9reas; setores de imigra\u00e7\u00e3o, em que perguntas s\u00e3o feitas e respostas devem ser apresentadas. Medo de adoecerem durante a viagem.<\/p>\n\n\n\n<p>Medo \u00e9 o sentimento que nos paralisa, e ao passo que envelhecemos, ele s\u00f3 aumenta. Minha dica \u00e9: <strong>desapegue-se!<\/strong><\/p>\n\n\n\n<div class=\"wp-block-image\"><figure class=\"aligncenter\"><img loading=\"lazy\" decoding=\"async\" width=\"1024\" height=\"768\" src=\"https:\/\/quantocustaviajar.com\/blog\/wp-content\/uploads\/2020\/01\/viagens-na-terceira-idade8-1024x768.jpg\" alt=\"\" class=\"wp-image-41607\" srcset=\"https:\/\/quantocustaviajar.com\/blog\/wp-content\/uploads\/2020\/01\/viagens-na-terceira-idade8-1024x768.jpg 1024w, https:\/\/quantocustaviajar.com\/blog\/wp-content\/uploads\/2020\/01\/viagens-na-terceira-idade8-300x225.jpg 300w, https:\/\/quantocustaviajar.com\/blog\/wp-content\/uploads\/2020\/01\/viagens-na-terceira-idade8-768x576.jpg 768w, https:\/\/quantocustaviajar.com\/blog\/wp-content\/uploads\/2020\/01\/viagens-na-terceira-idade8.jpg 1280w\" sizes=\"auto, (max-width: 1024px) 100vw, 1024px\" \/><figcaption>Nova York, nos Estados Unidos.<\/figcaption><\/figure><\/div>\n\n\n\n<p>Volto a falar de desapego, s\u00f3 que desta vez n\u00e3o me refiro ao desapegar-se de coisas, e, sim, de emo\u00e7\u00f5es ou desculpas que s\u00f3 nos deixam estacionados na famosa zona de conforto. Desapegue-se do medo como um todo.<\/p>\n\n\n\n<p>Sem preju\u00edzo de todas as medidas preventivas que se deve ter antes e durante as viagens, nada h\u00e1 que o impe\u00e7a de desbravar lugares novos e continuar a aprender coisas novas. Durante nossas viagens para cada situa\u00e7\u00e3o nova, e, aparentemente, desafiante, h\u00e1 uma forma de se preparar para ela, de saber se portar diante dela e de se superar.<\/p>\n\n\n\n<p>Comece a sua prepara\u00e7\u00e3o para uma nova vida de aventuras pela leitura. Leia blogs de viagens; dicas de roteiros; hist\u00f3rias de viajantes maduros; dicas de cuidados a serem observados em cada destino; lista de sites para compra de passagens a\u00e9reas, acomoda\u00e7\u00f5es, e, ingressos para museus etc.<\/p>\n\n\n\n<p>Lembre-se dos lugares que sempre sonhou conhecer e leia a respeito. Esta leitura vai abrir os caminhos da coragem para a sua decis\u00e3o futura. Desapegue-se de cren\u00e7as limitantes que somente reduzem suas possibilidades de vida. <\/p>\n\n\n\n<p>Afaste por completo pensamentos como: Sou velho demais para: viajar para o estrangeiro; para fazer caminhadas na natureza; experimentar uma aventura radical; ficar em um quarto compartilhado em um hostel; conhecer pessoas jovens; velho para ter uma conversa interessante.<\/p>\n\n\n\n<p>Pense o quanto sua vida pessoal pode ganhar em juventude e disposi\u00e7\u00e3o ao come\u00e7ar a pr\u00e1tica de uma das melhores formas de lazer: a pr\u00e1tica das Viagens. Fortalecidas sua vontade e sua coragem para promover as mudan\u00e7as positivas em sua vida, agora \u00e9 s\u00f3 escolher um destino e fazer as malas.<\/p>\n\n\n\n<p>E, se precisar de alguma \u201cfor\u00e7a\u201d, fale comigo, ok?<\/p>\n\n\n\n<h3 class=\"wp-block-heading\">Veja outras entrevistas da s\u00e9rie \u201cO mundo \u00e9 delas\u201d:<\/h3>\n\n\n\n<ul class=\"wp-block-list\"><li><a rel=\"noreferrer noopener\" target=\"_blank\" href=\"https:\/\/quantocustaviajar.com\/blog\/viagem-minimalista-especial\/\">Minimalismo e viagens, com Caroline Abreu<\/a><\/li><li><a href=\"https:\/\/quantocustaviajar.com\/blog\/turismo-sustentavel-entrevista\/\" target=\"_blank\" rel=\"noreferrer noopener\" aria-label=\" (abre numa nova aba)\">Turismo sustent\u00e1vel, com a Ana Du\u00e9k<\/a><\/li><li><a rel=\"noreferrer noopener\" target=\"_blank\" href=\"https:\/\/quantocustaviajar.com\/blog\/turismo-musical-entrevista\/\">Festivais de m\u00fasica pelo mundo, com Gracielle Fonseca e Priscila Brito<\/a><\/li><li><a rel=\"noreferrer noopener\" target=\"_blank\" href=\"https:\/\/quantocustaviajar.com\/blog\/mariana-bueno-viajar-sozinha\/\">Viajar sozinha, com Mariana Bueno<\/a><\/li><li><a rel=\"noreferrer noopener\" target=\"_blank\" href=\"https:\/\/quantocustaviajar.com\/blog\/o-mundo-e-delas-suelen-almeida-fala-sobre-turismo-acessivel\/\">Turismo acess\u00edvel, com Suelen Almeida<\/a><\/li><li><a rel=\"noreferrer noopener\" target=\"_blank\" href=\"https:\/\/quantocustaviajar.com\/blog\/ciarosa-viajante-negra\/\">Os desafios de ser uma viajante negra, com Cec\u00edlia Ros\u00e1rio<\/a><\/li><li><a rel=\"noreferrer noopener\" target=\"_blank\" href=\"https:\/\/quantocustaviajar.com\/blog\/o-mundo-e-delas-gabi-e-fabia-falam-sobre-turismo-lgbt\/\">Turismo LGBT, com Fabia Fuzeti e Gabi Torrezani<\/a><\/li><li><a rel=\"noreferrer noopener\" aria-label=\"Mais viagens, menos roupas, com Glacy Moraes Machado (abre numa nova aba)\" href=\"https:\/\/quantocustaviajar.com\/blog\/viagens-naturistas-entrevista\/\" target=\"_blank\">Mais viagens, menos roupas, com Glacy Moraes Machado<\/a><\/li><li><a rel=\"noreferrer noopener\" aria-label=\"Turismo gastron\u00f4mico, com Aline Rocha (abre numa nova aba)\" href=\"https:\/\/quantocustaviajar.com\/blog\/turismo-gastronomico-entrevista\/\" target=\"_blank\">Turismo gastron\u00f4mico, com Aline Rocha<\/a><\/li><\/ul>\n","protected":false},"excerpt":{"rendered":"<p>Silvia Triboni sempre sonhou em conhecer o mundo e viver no exterior. O que parecia ser um sonho imposs\u00edvel quando era crian\u00e7a se transformou em realidade depois de atingir a marca dos quarenta anos. Com estabilidade financeira, ela come\u00e7ou a desbravar o mundo e n\u00e3o parou mais. Hoje, aos 62, realizou o sonho de morar [&hellip;]<\/p>\n","protected":false},"author":12,"featured_media":41602,"comment_status":"open","ping_status":"open","sticky":false,"template":"","format":"standard","meta":{"cybocfi_hide_featured_image":"","footnotes":""},"categories":[1769],"tags":[2323,2552,1132,2322,969],"class_list":["post-41593","post","type-post","status-publish","format-standard","has-post-thumbnail","hentry","category-especial-qcv","tag-entrevista","tag-idosos","tag-mulheres-viajantes","tag-o-mundo-e-delas","tag-terceira-idade"],"blocksy_meta":[],"yoast_head":"<!-- This site is optimized with the Yoast SEO plugin v26.3 - https:\/\/yoast.com\/wordpress\/plugins\/seo\/ -->\n<title>Viagens na terceira idade, uma entrevista com Silvia Triboni<\/title>\n<meta name=\"description\" content=\"\u00c9 poss\u00edvel seguir com as viagens na terceira idade? Silvia Triboni mostra que sim - e lembra que elas podem inclusive aumentar a longevidade.\" \/>\n<meta name=\"robots\" content=\"index, follow, max-snippet:-1, max-image-preview:large, max-video-preview:-1\" \/>\n<link rel=\"canonical\" href=\"https:\/\/quantocustaviajar.com\/blog\/viagens-na-terceira-idade\/\" \/>\n<meta property=\"og:locale\" content=\"pt_BR\" \/>\n<meta property=\"og:type\" content=\"article\" \/>\n<meta property=\"og:title\" content=\"Viagens na terceira idade, uma entrevista com Silvia Triboni\" \/>\n<meta property=\"og:description\" content=\"\u00c9 poss\u00edvel seguir com as viagens na terceira idade? Silvia Triboni mostra que sim - e lembra que elas podem inclusive aumentar a longevidade.\" \/>\n<meta property=\"og:url\" content=\"https:\/\/quantocustaviajar.com\/blog\/viagens-na-terceira-idade\/\" \/>\n<meta property=\"og:site_name\" content=\"Blog Quanto Custa Viajar\" \/>\n<meta property=\"article:publisher\" content=\"https:\/\/www.facebook.com\/quantocustaviajar\" \/>\n<meta property=\"article:published_time\" content=\"2020-02-04T12:20:50+00:00\" \/>\n<meta property=\"article:modified_time\" content=\"2020-02-04T12:20:53+00:00\" \/>\n<meta property=\"og:image\" content=\"https:\/\/quantocustaviajar.com\/blog\/wp-content\/uploads\/2020\/01\/viagens-na-terceira-idade4.jpg\" \/>\n\t<meta property=\"og:image:width\" content=\"640\" \/>\n\t<meta property=\"og:image:height\" content=\"480\" \/>\n\t<meta property=\"og:image:type\" content=\"image\/jpeg\" \/>\n<meta name=\"author\" content=\"Mari Dutra\" \/>\n<meta name=\"twitter:card\" content=\"summary_large_image\" \/>\n<meta name=\"twitter:creator\" content=\"@quasenomade\" \/>\n<meta name=\"twitter:label1\" content=\"Escrito por\" \/>\n\t<meta name=\"twitter:data1\" content=\"Mari Dutra\" \/>\n\t<meta name=\"twitter:label2\" content=\"Est. tempo de leitura\" \/>\n\t<meta name=\"twitter:data2\" content=\"15 minutos\" \/>\n<!-- \/ Yoast SEO plugin. -->","yoast_head_json":{"title":"Viagens na terceira idade, uma entrevista com Silvia Triboni","description":"\u00c9 poss\u00edvel seguir com as viagens na terceira idade? Silvia Triboni mostra que sim - e lembra que elas podem inclusive aumentar a longevidade.","robots":{"index":"index","follow":"follow","max-snippet":"max-snippet:-1","max-image-preview":"max-image-preview:large","max-video-preview":"max-video-preview:-1"},"canonical":"https:\/\/quantocustaviajar.com\/blog\/viagens-na-terceira-idade\/","og_locale":"pt_BR","og_type":"article","og_title":"Viagens na terceira idade, uma entrevista com Silvia Triboni","og_description":"\u00c9 poss\u00edvel seguir com as viagens na terceira idade? Silvia Triboni mostra que sim - e lembra que elas podem inclusive aumentar a longevidade.","og_url":"https:\/\/quantocustaviajar.com\/blog\/viagens-na-terceira-idade\/","og_site_name":"Blog Quanto Custa Viajar","article_publisher":"https:\/\/www.facebook.com\/quantocustaviajar","article_published_time":"2020-02-04T12:20:50+00:00","article_modified_time":"2020-02-04T12:20:53+00:00","og_image":[{"width":640,"height":480,"url":"https:\/\/quantocustaviajar.com\/blog\/wp-content\/uploads\/2020\/01\/viagens-na-terceira-idade4.jpg","type":"image\/jpeg"}],"author":"Mari Dutra","twitter_card":"summary_large_image","twitter_creator":"@quasenomade","twitter_misc":{"Escrito por":"Mari Dutra","Est. tempo de leitura":"15 minutos"},"schema":{"@context":"https:\/\/schema.org","@graph":[{"@type":["Article","BlogPosting"],"@id":"https:\/\/quantocustaviajar.com\/blog\/viagens-na-terceira-idade\/#article","isPartOf":{"@id":"https:\/\/quantocustaviajar.com\/blog\/viagens-na-terceira-idade\/"},"author":{"name":"Mari Dutra","@id":"https:\/\/quantocustaviajar.com\/blog\/#\/schema\/person\/cf1309504837a3099648280049df8d0d"},"headline":"O mundo \u00e9 delas: Silvia Triboni fala sobre viagens na terceira idade","datePublished":"2020-02-04T12:20:50+00:00","dateModified":"2020-02-04T12:20:53+00:00","mainEntityOfPage":{"@id":"https:\/\/quantocustaviajar.com\/blog\/viagens-na-terceira-idade\/"},"wordCount":2981,"commentCount":8,"publisher":{"@id":"https:\/\/quantocustaviajar.com\/blog\/#organization"},"image":{"@id":"https:\/\/quantocustaviajar.com\/blog\/viagens-na-terceira-idade\/#primaryimage"},"thumbnailUrl":"https:\/\/quantocustaviajar.com\/blog\/wp-content\/uploads\/2020\/01\/viagens-na-terceira-idade4.jpg","keywords":["Entrevista","idosos","mulheres viajantes","O Mundo \u00e9 Delas","terceira idade"],"articleSection":["Especial QCV"],"inLanguage":"pt-BR","potentialAction":[{"@type":"CommentAction","name":"Comment","target":["https:\/\/quantocustaviajar.com\/blog\/viagens-na-terceira-idade\/#respond"]}]},{"@type":"WebPage","@id":"https:\/\/quantocustaviajar.com\/blog\/viagens-na-terceira-idade\/","url":"https:\/\/quantocustaviajar.com\/blog\/viagens-na-terceira-idade\/","name":"Viagens na terceira idade, uma entrevista com Silvia Triboni","isPartOf":{"@id":"https:\/\/quantocustaviajar.com\/blog\/#website"},"primaryImageOfPage":{"@id":"https:\/\/quantocustaviajar.com\/blog\/viagens-na-terceira-idade\/#primaryimage"},"image":{"@id":"https:\/\/quantocustaviajar.com\/blog\/viagens-na-terceira-idade\/#primaryimage"},"thumbnailUrl":"https:\/\/quantocustaviajar.com\/blog\/wp-content\/uploads\/2020\/01\/viagens-na-terceira-idade4.jpg","datePublished":"2020-02-04T12:20:50+00:00","dateModified":"2020-02-04T12:20:53+00:00","description":"\u00c9 poss\u00edvel seguir com as viagens na terceira idade? Silvia Triboni mostra que sim - e lembra que elas podem inclusive aumentar a longevidade.","breadcrumb":{"@id":"https:\/\/quantocustaviajar.com\/blog\/viagens-na-terceira-idade\/#breadcrumb"},"inLanguage":"pt-BR","potentialAction":[{"@type":"ReadAction","target":["https:\/\/quantocustaviajar.com\/blog\/viagens-na-terceira-idade\/"]}]},{"@type":"ImageObject","inLanguage":"pt-BR","@id":"https:\/\/quantocustaviajar.com\/blog\/viagens-na-terceira-idade\/#primaryimage","url":"https:\/\/quantocustaviajar.com\/blog\/wp-content\/uploads\/2020\/01\/viagens-na-terceira-idade4.jpg","contentUrl":"https:\/\/quantocustaviajar.com\/blog\/wp-content\/uploads\/2020\/01\/viagens-na-terceira-idade4.jpg","width":640,"height":480},{"@type":"BreadcrumbList","@id":"https:\/\/quantocustaviajar.com\/blog\/viagens-na-terceira-idade\/#breadcrumb","itemListElement":[{"@type":"ListItem","position":1,"name":"In\u00edcio","item":"https:\/\/quantocustaviajar.com\/blog\/"},{"@type":"ListItem","position":2,"name":"O mundo \u00e9 delas: Silvia Triboni fala sobre viagens na terceira idade"}]},{"@type":"WebSite","@id":"https:\/\/quantocustaviajar.com\/blog\/#website","url":"https:\/\/quantocustaviajar.com\/blog\/","name":"Blog Quanto Custa Viajar","description":"","publisher":{"@id":"https:\/\/quantocustaviajar.com\/blog\/#organization"},"potentialAction":[{"@type":"SearchAction","target":{"@type":"EntryPoint","urlTemplate":"https:\/\/quantocustaviajar.com\/blog\/?s={search_term_string}"},"query-input":{"@type":"PropertyValueSpecification","valueRequired":true,"valueName":"search_term_string"}}],"inLanguage":"pt-BR"},{"@type":"Organization","@id":"https:\/\/quantocustaviajar.com\/blog\/#organization","name":"Quanto Custa Viajar","url":"https:\/\/quantocustaviajar.com\/blog\/","logo":{"@type":"ImageObject","inLanguage":"pt-BR","@id":"https:\/\/quantocustaviajar.com\/blog\/#\/schema\/logo\/image\/","url":"","contentUrl":"","caption":"Quanto Custa Viajar"},"image":{"@id":"https:\/\/quantocustaviajar.com\/blog\/#\/schema\/logo\/image\/"},"sameAs":["https:\/\/www.facebook.com\/quantocustaviajar"]},{"@type":"Person","@id":"https:\/\/quantocustaviajar.com\/blog\/#\/schema\/person\/cf1309504837a3099648280049df8d0d","name":"Mari Dutra","image":{"@type":"ImageObject","inLanguage":"pt-BR","@id":"https:\/\/quantocustaviajar.com\/blog\/#\/schema\/person\/image\/","url":"https:\/\/secure.gravatar.com\/avatar\/2997bb527ae39d049d9eb8d6c54262bd37451dfd0dba672807ddfae6c8e86713?s=96&d=mm&r=g","contentUrl":"https:\/\/secure.gravatar.com\/avatar\/2997bb527ae39d049d9eb8d6c54262bd37451dfd0dba672807ddfae6c8e86713?s=96&d=mm&r=g","caption":"Mari Dutra"},"description":"Puxa uma cadeira, porque eu amo falar sobre viagens, sustentabilidade e doguinhos n\u00f4mades. Tamb\u00e9m no Instagram e no Quase N\u00f4made.","sameAs":["http:\/\/quasenomade.com","https:\/\/www.instagram.com\/quasenomade\/","https:\/\/br.pinterest.com\/quasenomade\/","https:\/\/x.com\/quasenomade"],"url":"https:\/\/quantocustaviajar.com\/blog\/author\/mari-dutra\/"}]}},"_links":{"self":[{"href":"https:\/\/quantocustaviajar.com\/blog\/wp-json\/wp\/v2\/posts\/41593","targetHints":{"allow":["GET"]}}],"collection":[{"href":"https:\/\/quantocustaviajar.com\/blog\/wp-json\/wp\/v2\/posts"}],"about":[{"href":"https:\/\/quantocustaviajar.com\/blog\/wp-json\/wp\/v2\/types\/post"}],"author":[{"embeddable":true,"href":"https:\/\/quantocustaviajar.com\/blog\/wp-json\/wp\/v2\/users\/12"}],"replies":[{"embeddable":true,"href":"https:\/\/quantocustaviajar.com\/blog\/wp-json\/wp\/v2\/comments?post=41593"}],"version-history":[{"count":12,"href":"https:\/\/quantocustaviajar.com\/blog\/wp-json\/wp\/v2\/posts\/41593\/revisions"}],"predecessor-version":[{"id":41759,"href":"https:\/\/quantocustaviajar.com\/blog\/wp-json\/wp\/v2\/posts\/41593\/revisions\/41759"}],"wp:featuredmedia":[{"embeddable":true,"href":"https:\/\/quantocustaviajar.com\/blog\/wp-json\/wp\/v2\/media\/41602"}],"wp:attachment":[{"href":"https:\/\/quantocustaviajar.com\/blog\/wp-json\/wp\/v2\/media?parent=41593"}],"wp:term":[{"taxonomy":"category","embeddable":true,"href":"https:\/\/quantocustaviajar.com\/blog\/wp-json\/wp\/v2\/categories?post=41593"},{"taxonomy":"post_tag","embeddable":true,"href":"https:\/\/quantocustaviajar.com\/blog\/wp-json\/wp\/v2\/tags?post=41593"}],"curies":[{"name":"wp","href":"https:\/\/api.w.org\/{rel}","templated":true}]}}