{"id":40986,"date":"2025-02-05T07:01:00","date_gmt":"2025-02-05T07:01:00","guid":{"rendered":"https:\/\/quantocustaviajar.com\/blog\/?p=40986"},"modified":"2025-06-10T17:13:42","modified_gmt":"2025-06-10T17:13:42","slug":"aguas-de-sao-pedro-sao-paulo","status":"publish","type":"post","link":"https:\/\/quantocustaviajar.com\/blog\/aguas-de-sao-pedro-sao-paulo\/","title":{"rendered":"Renove as energias na est\u00e2ncia hidromineral de \u00c1guas de S\u00e3o Pedro"},"content":{"rendered":"\n<p>\u00c1guas de S\u00e3o Pedro, na regi\u00e3o central do estado de S\u00e3o Paulo, \u00e9 o menor munic\u00edpio brasileiro em extens\u00e3o territorial com apenas 3.612 km\u00b2 de \u00e1rea. O local foi inaugurado na d\u00e9cada de 40, totalmente projetado para ser uma <strong>est\u00e2ncia hidromineral<\/strong> voltada \u00e0 sa\u00fade e ao lazer, com diversos parques, \u00e1reas livres e espa\u00e7os para tratamento de muitas doen\u00e7as.<\/p><div id=\"ez-toc-container\" class=\"ez-toc-v2_0_76 ez-toc-wrap-left counter-hierarchy ez-toc-counter ez-toc-light-blue ez-toc-container-direction\">\n<div class=\"ez-toc-title-container\">\n<p class=\"ez-toc-title\" style=\"cursor:inherit\">Aqui voc\u00ea ir\u00e1 encontrar<\/p>\n<span class=\"ez-toc-title-toggle\"><a href=\"#\" class=\"ez-toc-pull-right ez-toc-btn ez-toc-btn-xs ez-toc-btn-default ez-toc-toggle\" aria-label=\"Alternar tabela de conte\u00fado\"><span class=\"ez-toc-js-icon-con\"><span class=\"\"><span class=\"eztoc-hide\" style=\"display:none;\">Toggle<\/span><span class=\"ez-toc-icon-toggle-span\"><svg style=\"fill: #999;color:#999\" xmlns=\"http:\/\/www.w3.org\/2000\/svg\" class=\"list-377408\" width=\"20px\" height=\"20px\" viewBox=\"0 0 24 24\" fill=\"none\"><path d=\"M6 6H4v2h2V6zm14 0H8v2h12V6zM4 11h2v2H4v-2zm16 0H8v2h12v-2zM4 16h2v2H4v-2zm16 0H8v2h12v-2z\" fill=\"currentColor\"><\/path><\/svg><svg style=\"fill: #999;color:#999\" class=\"arrow-unsorted-368013\" xmlns=\"http:\/\/www.w3.org\/2000\/svg\" width=\"10px\" height=\"10px\" viewBox=\"0 0 24 24\" version=\"1.2\" baseProfile=\"tiny\"><path d=\"M18.2 9.3l-6.2-6.3-6.2 6.3c-.2.2-.3.4-.3.7s.1.5.3.7c.2.2.4.3.7.3h11c.3 0 .5-.1.7-.3.2-.2.3-.5.3-.7s-.1-.5-.3-.7zM5.8 14.7l6.2 6.3 6.2-6.3c.2-.2.3-.5.3-.7s-.1-.5-.3-.7c-.2-.2-.4-.3-.7-.3h-11c-.3 0-.5.1-.7.3-.2.2-.3.5-.3.7s.1.5.3.7z\"\/><\/svg><\/span><\/span><\/span><\/a><\/span><\/div>\n<nav><ul class='ez-toc-list ez-toc-list-level-1 ' ><li class='ez-toc-page-1 ez-toc-heading-level-2'><a class=\"ez-toc-link ez-toc-heading-1\" href=\"https:\/\/quantocustaviajar.com\/blog\/aguas-de-sao-pedro-sao-paulo\/#Parque_aquatico_em_Aguas_de_Sao_Pedro\" >Parque aqu\u00e1tico em \u00c1guas de S\u00e3o Pedro<\/a><\/li><li class='ez-toc-page-1 ez-toc-heading-level-2'><a class=\"ez-toc-link ez-toc-heading-2\" href=\"https:\/\/quantocustaviajar.com\/blog\/aguas-de-sao-pedro-sao-paulo\/#Mais_diversao_pela_cidade\" >Mais divers\u00e3o pela cidade<\/a><\/li><li class='ez-toc-page-1 ez-toc-heading-level-2'><a class=\"ez-toc-link ez-toc-heading-3\" href=\"https:\/\/quantocustaviajar.com\/blog\/aguas-de-sao-pedro-sao-paulo\/#Como_chegar_em_Aguas_de_Sao_Pedro\" >Como chegar em \u00c1guas de S\u00e3o Pedro<\/a><\/li><li class='ez-toc-page-1 ez-toc-heading-level-2'><a class=\"ez-toc-link ez-toc-heading-4\" href=\"https:\/\/quantocustaviajar.com\/blog\/aguas-de-sao-pedro-sao-paulo\/#Onde_ficar_em_Aguas_de_Sao_Pedro\" >Onde ficar em \u00c1guas de S\u00e3o Pedro<\/a><\/li><li class='ez-toc-page-1 ez-toc-heading-level-2'><a class=\"ez-toc-link ez-toc-heading-5\" href=\"https:\/\/quantocustaviajar.com\/blog\/aguas-de-sao-pedro-sao-paulo\/#Onde_comer_em_Aguas_de_Sao_Pedro\" >Onde comer em \u00c1guas de S\u00e3o Pedro<\/a><\/li><li class='ez-toc-page-1 ez-toc-heading-level-2'><a class=\"ez-toc-link ez-toc-heading-6\" href=\"https:\/\/quantocustaviajar.com\/blog\/aguas-de-sao-pedro-sao-paulo\/#Quando_ir\" >Quando ir<\/a><\/li><li class='ez-toc-page-1 ez-toc-heading-level-2'><a class=\"ez-toc-link ez-toc-heading-7\" href=\"https:\/\/quantocustaviajar.com\/blog\/aguas-de-sao-pedro-sao-paulo\/#Quantos_dias_ficar\" >Quantos dias ficar<\/a><\/li><\/ul><\/nav><\/div>\n\n\n\n\n<p>O <strong>valor terap\u00eautico<\/strong> das \u00c1guas de S\u00e3o Pedro \u00e9\nextraordin\u00e1rio, tudo confirmado ap\u00f3s an\u00e1lises rigorosas em diferentes\nlaborat\u00f3rios renomados do pa\u00eds. As \u00e1guas hidrominerais das fontes Gioconda,\nJuventude e Almeida Salles s\u00e3o quentinhas e possuem temperaturas entre 27\u00b0C e\n32\u00b0C, cada uma com caracter\u00edsticas diferentes.<\/p>\n\n\n\n<p>A \u00e1gua sulfurosa da <strong>Fonte da Juventude<\/strong>, por exemplo, \u00e9 perfeita para tratamento de reumatismo, diabetes, alergia, asma, colites, mol\u00e9stias de pele, intoxica\u00e7\u00e3o e inflama\u00e7\u00e3o. J\u00e1 as \u00e1guas da <strong>Fonte Gioconda<\/strong> ajudam a preparar o organismo para as refei\u00e7\u00f5es, sendo recomenda para tratamento de f\u00edgado, ves\u00edcula biliar e intestinos \u2014 inclusive, com a recomenda\u00e7\u00e3o correta de um profissional, essa \u00e1gua pode at\u00e9 ser ingerida. <\/p>\n\n\n\n<p>As \u00e1guas alcalina-ferrosa da <strong>Fonte Almeida Salles<\/strong> s\u00e3o indicadas para tratamento de azia, diabetes e c\u00e1lculo renal e tamb\u00e9m podem ser ingeridas, desde que recomendado por um profissional. Mas, o carro-chefe da cidade \u00e9 o <strong><a href=\"https:\/\/www.aguasdesaopedro.sp.gov.br\/portal\/turismo\/0\/9\/336\/spa-thermal\">SPA Thermal Dr. Oct\u00e1vio Moura Andrade<\/a><\/strong>, isso porque \u00e9 neste espa\u00e7o que os visitantes podem realizar os banhos de imers\u00e3o.<\/p>\n\n\n\n<figure class=\"wp-block-embed is-type-video is-provider-youtube wp-block-embed-youtube wp-embed-aspect-16-9 wp-has-aspect-ratio\"><div class=\"wp-block-embed__wrapper\">\n<iframe loading=\"lazy\" title=\"Spa Thermal -\u00c1guas de S\u00e3o Pedro \u00ae\" width=\"1290\" height=\"726\" src=\"https:\/\/www.youtube.com\/embed\/GpSm8NhDnzE?feature=oembed\" frameborder=\"0\" allow=\"accelerometer; autoplay; clipboard-write; encrypted-media; gyroscope; picture-in-picture; web-share\" referrerpolicy=\"strict-origin-when-cross-origin\" allowfullscreen><\/iframe>\n<\/div><\/figure>\n\n\n\n<p>Este local \u00e9 como uma verdadeira <strong>casa de banho<\/strong>. Com alas masculinas e femininas separadas, cada sala apresenta uma banheira perfeita para quem busca tratamentos de doen\u00e7as e tamb\u00e9m est\u00e9ticos, faciais e corporais. As op\u00e7\u00f5es v\u00e3o desde banhos de imers\u00e3o at\u00e9 massagens!<\/p>\n\n\n\n<p>Visitar o spa \u00e9 ter a oportunidade de <strong>aproveitar os benef\u00edcios<\/strong> das tr\u00eas fontes, j\u00e1 que as \u00e1guas das Fontes da Juventude, Goiconda e Almeida Salles s\u00e3o canalizadas para um \u00fanico local: o spa. Um banho de imers\u00e3o, com as orienta\u00e7\u00f5es corretas de profissionais, ser\u00e1 revigorante. <\/p>\n\n\n\n<p>Os \u00fanicos cuidados que os visitantes precisam ter para que o banho seja realmente proveitoso s\u00e3o:<\/p>\n\n\n\n<ul class=\"wp-block-list\"><li>Gestantes s\u00f3 podem tomar banho ap\u00f3s o terceiro m\u00eas de gravidez para evitar problemas de press\u00e3o. S\u00f3 fa\u00e7a isso com recomenda\u00e7\u00e3o do seu m\u00e9dico;<\/li><li>Mulheres durante os tr\u00eas primeiros dias do seu per\u00edodo menstrual n\u00e3o dever\u00e3o tomar os banhos sulfurosos, j\u00e1 que essas \u00e1guas estimulam o aumento do fluxo;<\/li><li>Pessoas que tenham passado por cirurgias recentes (com pelo menos quinze dias) n\u00e3o dever\u00e3o entrar nas \u00e1guas para evitar problemas de cicatriza\u00e7\u00e3o;<\/li><li>Quem estiver com febre n\u00e3o pode nem pensar em entrar nas \u00e1guas, j\u00e1 que estas estimulam o aumento da temperatura do corpo;<\/li><li>Os banhos n\u00e3o dever\u00e3o ser tomados ap\u00f3s as refei\u00e7\u00f5es, j\u00e1 que a densidade da \u00e1gua pode causar complica\u00e7\u00f5es durante a digest\u00e3o.<\/li><\/ul>\n\n\n\n<p>Os <strong>banhos de imers\u00e3o custam R$ 28<\/strong> e podem ser tomados no Spa Thermal Dr. Oct\u00e1vio Moura Andrade, localizado na Avenida Carlos Mauro, 213. Ao chegar no spa, um profissional da \u00e1rea da sa\u00fade far\u00e1 uma avalia\u00e7\u00e3o para recomendar o melhor tratamento para voc\u00ea!<\/p>\n\n\n\n<h2 class=\"wp-block-heading\"><span class=\"ez-toc-section\" id=\"Parque_aquatico_em_Aguas_de_Sao_Pedro\"><\/span>Parque aqu\u00e1tico em \u00c1guas de S\u00e3o Pedro<span class=\"ez-toc-section-end\"><\/span><\/h2>\n\n\n\n<figure class=\"wp-block-image aligncenter\"><img loading=\"lazy\" decoding=\"async\" width=\"800\" height=\"600\" src=\"https:\/\/quantocustaviajar.com\/blog\/wp-content\/uploads\/2020\/01\/aguas-de-sao-pedro-thermas-1.jpg\" alt=\"aguas de sao pedro\" class=\"wp-image-40987\" srcset=\"https:\/\/quantocustaviajar.com\/blog\/wp-content\/uploads\/2020\/01\/aguas-de-sao-pedro-thermas-1.jpg 800w, https:\/\/quantocustaviajar.com\/blog\/wp-content\/uploads\/2020\/01\/aguas-de-sao-pedro-thermas-1-300x225.jpg 300w, https:\/\/quantocustaviajar.com\/blog\/wp-content\/uploads\/2020\/01\/aguas-de-sao-pedro-thermas-1-768x576.jpg 768w\" sizes=\"auto, (max-width: 800px) 100vw, 800px\" \/><figcaption>Foto: Divulga\u00e7\u00e3o<\/figcaption><\/figure>\n\n\n\n<p>Mas, \u00c1guas de S\u00e3o Pedro tamb\u00e9m tem op\u00e7\u00f5es de lazer, j\u00e1 que a cidade recebeu o <strong><a href=\"https:\/\/www.thermas.com.br\/\" target=\"_blank\" rel=\"noreferrer noopener\" aria-label=\" (abre numa nova aba)\">Thermas Water Park<\/a><\/strong>, um parque aqu\u00e1tico bonito, organizado e limpo, com vesti\u00e1rios para voc\u00ea se trocar ap\u00f3s um dia de divers\u00e3o e estacionamento gratuito (quanto mais cedo chegar, mais op\u00e7\u00f5es ter\u00e1). Ap\u00f3s uma triagem de pele, o visitante \u00e9 liberado para curtir o dia nas piscinas.<\/p>\n\n\n\n<p>O local tem bastante <strong>tobo\u00e1gua<\/strong>, alguns grande e bem velozes, outros pequenos e mais tranquilos: tudo para agradar a qualquer tipo de perfil de viajante. As <strong>piscinas <\/strong>tamb\u00e9m conquistam diferentes clientes, algumas com \u00e1guas quentes, outras com \u00e1guas frias, uma mais movimentada e outras para quem quer ficar quieto no seu canto, sem agito e perturba\u00e7\u00e3o.<\/p>\n\n\n\n<figure class=\"wp-block-image aligncenter\"><img loading=\"lazy\" decoding=\"async\" width=\"800\" height=\"600\" src=\"https:\/\/quantocustaviajar.com\/blog\/wp-content\/uploads\/2020\/01\/aguas-de-sao-pedro-thermas-2.jpg\" alt=\"aguas de sao pedro\" class=\"wp-image-40988\" srcset=\"https:\/\/quantocustaviajar.com\/blog\/wp-content\/uploads\/2020\/01\/aguas-de-sao-pedro-thermas-2.jpg 800w, https:\/\/quantocustaviajar.com\/blog\/wp-content\/uploads\/2020\/01\/aguas-de-sao-pedro-thermas-2-300x225.jpg 300w, https:\/\/quantocustaviajar.com\/blog\/wp-content\/uploads\/2020\/01\/aguas-de-sao-pedro-thermas-2-768x576.jpg 768w\" sizes=\"auto, (max-width: 800px) 100vw, 800px\" \/><figcaption>Foto: Divulga\u00e7\u00e3o<\/figcaption><\/figure>\n\n\n\n<p><strong>Dica<\/strong>: pode ser que voc\u00ea veja boias para alugar, j\u00e1\nque um tobo\u00e1gua espec\u00edfico s\u00f3 pode ser usado com elas. Mas n\u00e3o gaste seu\ndinheiro com isso, j\u00e1 que as boias n\u00e3o podem ser usadas em outros brinquedos e\nnem na piscina de ondas. Invista somente se quiser brincar bastante neste\ntobo\u00e1gua espec\u00edfico, ok?<\/p>\n\n\n\n<p>Dentro do Thermas Water Park existem <strong>lanchonetes e bares<\/strong> para voc\u00ea comprar alguma coisinha quando a fome bater. Logo na entrada do parque, voc\u00ea receber\u00e1 um <strong>cart\u00e3o de consuma\u00e7\u00e3o<\/strong>.<\/p>\n\n\n\n<p>Coloque cr\u00e9ditos em dinheiro para us\u00e1-lo ao longo do dia. Se fizer esse cr\u00e9dito com dinheiro em esp\u00e9cie, ao final do dia, caso n\u00e3o tenha usado toda a grana, ela ser\u00e1 devolvida. Se recarregar usando seu cart\u00e3o de cr\u00e9dito, o dinheiro n\u00e3o ser\u00e1 estornado, ok? Ao longo do dia \u00e9 poss\u00edvel adicionar mais dinheiro em seu cart\u00e3o de consuma\u00e7\u00e3o.<\/p>\n\n\n\n<p>O parque aqu\u00e1tico Thermas Water Park <strong>abre todos os dias<\/strong> da semana, das 8h30 \u00e0s 17h30 (s\u00e1bados, domingo e feriado, o local fecha \u00e0s 18h).<\/p>\n\n\n\n<h2 class=\"wp-block-heading\"><span class=\"ez-toc-section\" id=\"Mais_diversao_pela_cidade\"><\/span>Mais divers\u00e3o pela cidade<span class=\"ez-toc-section-end\"><\/span><\/h2>\n\n\n\n<p>Ainda em \u00c1guas de S\u00e3o Pedro, aproveite para visitar o <strong>Parque Dr. Otavio de Moura Andrade<\/strong>, espa\u00e7o verde bem bonito e sossegado para uma caminhada. Quem viaja com crian\u00e7as pode soltar os pequenos para se divertir com seguran\u00e7a. As trilhas, apesar de n\u00e3o muito bem sinalizadas, s\u00e3o f\u00e1ceis de se fazer.<\/p>\n\n\n\n<figure class=\"wp-block-image\"><img loading=\"lazy\" decoding=\"async\" width=\"1024\" height=\"768\" src=\"https:\/\/quantocustaviajar.com\/blog\/wp-content\/uploads\/2022\/01\/1200px-Parque_Doutor_Octavio_Moura_Andrade_01-1024x768.jpg\" alt=\"\" class=\"wp-image-51842\" srcset=\"https:\/\/quantocustaviajar.com\/blog\/wp-content\/uploads\/2022\/01\/1200px-Parque_Doutor_Octavio_Moura_Andrade_01-1024x768.jpg 1024w, https:\/\/quantocustaviajar.com\/blog\/wp-content\/uploads\/2022\/01\/1200px-Parque_Doutor_Octavio_Moura_Andrade_01-300x225.jpg 300w, https:\/\/quantocustaviajar.com\/blog\/wp-content\/uploads\/2022\/01\/1200px-Parque_Doutor_Octavio_Moura_Andrade_01-768x576.jpg 768w, https:\/\/quantocustaviajar.com\/blog\/wp-content\/uploads\/2022\/01\/1200px-Parque_Doutor_Octavio_Moura_Andrade_01.jpg 1200w\" sizes=\"auto, (max-width: 1024px) 100vw, 1024px\" \/><figcaption>Foto: <a href=\"https:\/\/commons.wikimedia.org\/wiki\/File:Parque_Doutor_Octavio_Moura_Andrade_01.jpg\" target=\"_blank\" rel=\"noreferrer noopener\" aria-label=\"Wikimedia (abre numa nova aba)\">Wikimedia<\/a><\/figcaption><\/figure>\n\n\n\n<p>Outro local para visitar em \u00c1guas de S\u00e3o Pedro, al\u00e9m das termas, \u00e9 o <strong>Mini-Horto<\/strong>, que fica pertinho do centro. Mais um espa\u00e7o para se conectar com a natureza e curtir o passeio. No cal\u00e7ad\u00e3o, voc\u00ea encontrar\u00e1 restaurantes e lojinhas para visitar durante uma caminhada agrad\u00e1vel.<\/p>\n\n\n\n<h2 class=\"wp-block-heading\"><span class=\"ez-toc-section\" id=\"Como_chegar_em_Aguas_de_Sao_Pedro\"><\/span>Como chegar em \u00c1guas de S\u00e3o Pedro<span class=\"ez-toc-section-end\"><\/span><\/h2>\n\n\n\n<p>Saindo da capital S\u00e3o Paulo pela Rodovia dos Bandeirantes, voc\u00ea chegar\u00e1 em apenas 2h at\u00e9 esta est\u00e2ncia hidromineral para relaxar e cuidar da sa\u00fade. Quem deseja aproveitar o parque aqu\u00e1tico, por exemplo, consegue fazer um bate-volta tranquilamente.<\/p>\n\n\n\n<p>A dist\u00e2ncia entre a capital paulista e <strong>\u00c1guas de S\u00e3o Pedro<\/strong> \u00e9 de apenas 185 km. Para quem n\u00e3o quiser\/puder ir de carro, pode fazer o trajeto de \u00f4nibus com a via\u00e7\u00e3o Piracicabana. <\/p>\n\n\n\n<blockquote class=\"wp-block-quote is-layout-flow wp-block-quote-is-layout-flow\"><p><strong><a aria-label=\"Veja tamb\u00e9m: Lugares para fazer um bate e volta, saindo de S\u00e3o Paulo (abre numa nova aba)\" href=\"https:\/\/quantocustaviajar.com\/blog\/bate-volta-de-sao-paulo\/\" target=\"_blank\" rel=\"noreferrer noopener\">Veja tamb\u00e9m: Lugares para fazer um bate e volta, saindo de S\u00e3o Paulo<\/a><\/strong><\/p><\/blockquote>\n\n\n\n<h2 class=\"wp-block-heading\"><span class=\"ez-toc-section\" id=\"Onde_ficar_em_Aguas_de_Sao_Pedro\"><\/span>Onde ficar em \u00c1guas de S\u00e3o Pedro<span class=\"ez-toc-section-end\"><\/span><\/h2>\n\n\n\n<p>Para quem quer passar uma noite na cidade e curtir um fim de semana de muito relaxamento, existem boas op\u00e7\u00f5es de hot\u00e9is e pousadas em <strong>\u00c1guas de S\u00e3o Pedro<\/strong>, com di\u00e1rias a partir de R$ 181 para o casal<strong>.<\/strong> <\/p>\n\n\n\n<p>O munic\u00edpio \u00e9 pequeno, s\u00e3o apenas quatro bairros e praticamente todos ficam bem localizados, perto das esta\u00e7\u00f5es termais de <strong>\u00c1guas de S\u00e3o Pedro<\/strong> ;)<\/p>\n\n\n\n<p>Um ponto bacana \u00e9 que apesar de ser considerada uma cidade pequena, <strong>\u00c1guas de S\u00e3o Pedro<\/strong> oferece op\u00e7\u00f5es mais simples e tamb\u00e9m luxuosas com spa e tratamentos com as \u00e1guas da regi\u00e3o.<\/p>\n\n\n\n<p>Confira uma sele\u00e7\u00e3o que o Quanto Custa Viajar preparou e coloque o p\u00e9 na estrada!<\/p>\n\n\n\n<p><strong><a href=\"https:\/\/www.booking.com\/hotel\/pt\/grande-lisboa.pt-br.html?aid=2161834&amp;sid=2ac7444ee17fbbd5b5da3429e198c220&amp;checkin=2023-01-19;checkout=2023-01-21;dest_id=296479;dest_type=hotel;dist=0;group_adults=2;group_children=0;hapos=1;hpos=1;no_rooms=1;req_adults=2;req_children=0;room1=A%2CA;sb_price_type=total;soh=1;sr_order=popularity;srepoch=1670864747;srpvid=920178354d6200e7;type=total;ucfs=1&amp;#no_availability_msg\" target=\"_blank\" rel=\"noreferrer noopener\">Grande Hotel S\u00e3o Pedro<\/a><\/strong>: um dos hot\u00e9is mais bacanas de <strong>\u00c1guas de S\u00e3o Pedro<\/strong>, o Grande Hotel S\u00e3o Pedro foi feito dentro de um pal\u00e1cio de 1920 nas margens do Rio Vouga e possui decora\u00e7\u00e3o neocl\u00e1ssica e interiores luxuosos. Com caf\u00e9 da manh\u00e3 inclu\u00eddo, os viajantes poder\u00e3o aproveitar os 330 mil metros quadrados de lazer e descanso que o hotel oferece. <\/p>\n\n\n\n<p>Com recrea\u00e7\u00e3o para os pequenos, mini parque aqu\u00e1tico, health club e \u00e1guas medicinais, os visitantes v\u00e3o curtir e relaxar na mesma medida!<\/p>\n\n\n\n<figure class=\"wp-block-image aligncenter size-large\"><img loading=\"lazy\" decoding=\"async\" width=\"1024\" height=\"683\" src=\"https:\/\/quantocustaviajar.com\/blog\/wp-content\/uploads\/2022\/12\/grande-hotel-sao-pedro-1024x683.jpg\" alt=\"\" class=\"wp-image-56146\" srcset=\"https:\/\/quantocustaviajar.com\/blog\/wp-content\/uploads\/2022\/12\/grande-hotel-sao-pedro-1024x683.jpg 1024w, https:\/\/quantocustaviajar.com\/blog\/wp-content\/uploads\/2022\/12\/grande-hotel-sao-pedro-300x200.jpg 300w, https:\/\/quantocustaviajar.com\/blog\/wp-content\/uploads\/2022\/12\/grande-hotel-sao-pedro-768x512.jpg 768w, https:\/\/quantocustaviajar.com\/blog\/wp-content\/uploads\/2022\/12\/grande-hotel-sao-pedro.jpg 1500w\" sizes=\"auto, (max-width: 1024px) 100vw, 1024px\" \/><figcaption>Foto: <a href=\"https:\/\/grandehotelsenac.com.br\/ghp_hotel\/galeria-de-fotos\/\" target=\"_blank\" rel=\"noreferrer noopener\">Divulga\u00e7\u00e3o<\/a><\/figcaption><\/figure>\n\n\n\n<p><strong><a href=\"https:\/\/www.booking.com\/hotel\/br\/ls-villas.pt-br.html?aid=2161834&amp;sid=2ac7444ee17fbbd5b5da3429e198c220&amp;checkin=2023-02-09&amp;checkout=2023-02-10&amp;dest_id=357775&amp;dest_type=hotel&amp;dist=0&amp;group_adults=2&amp;group_children=0&amp;hapos=1&amp;hpos=1&amp;no_rooms=1&amp;req_adults=2&amp;req_children=0&amp;room1=A%2CA&amp;sb_price_type=total&amp;soh=1&amp;sohad=1&amp;sr_order=popularity&amp;srepoch=1670865518&amp;srpvid=6e0e79b545cb016f&amp;type=total&amp;ucfs=1&amp;activeTab=main\" target=\"_blank\" rel=\"noreferrer noopener\">LS Villas Hotel &amp; Spa<\/a><\/strong>: este hotel possui amenidades diferenciadas para seus h\u00f3spedes com um spa que oferece massagens e banheira de hidromassagem (os servi\u00e7os podem ser contratados \u00e0 parte).<\/p>\n\n\n\n<p>Bem pr\u00f3ximo ao Balne\u00e1rio Municipal, o hotel tem caf\u00e9 da manh\u00e3 incluso nas suas di\u00e1rias, piscina, sal\u00e3o de jogos e academia para quem ficar por l\u00e1.<\/p>\n\n\n\n<p>A estrutura \u00e9 bem bacana e os viajantes recentes avaliaram o local como fabuloso, com nota 9,1\/10.<\/p>\n\n\n\n<figure class=\"wp-block-image aligncenter size-full\"><img loading=\"lazy\" decoding=\"async\" width=\"1024\" height=\"683\" src=\"https:\/\/quantocustaviajar.com\/blog\/wp-content\/uploads\/2022\/12\/LS-Villas-Hotel-Spa.jpg\" alt=\"\" class=\"wp-image-56149\" srcset=\"https:\/\/quantocustaviajar.com\/blog\/wp-content\/uploads\/2022\/12\/LS-Villas-Hotel-Spa.jpg 1024w, https:\/\/quantocustaviajar.com\/blog\/wp-content\/uploads\/2022\/12\/LS-Villas-Hotel-Spa-300x200.jpg 300w, https:\/\/quantocustaviajar.com\/blog\/wp-content\/uploads\/2022\/12\/LS-Villas-Hotel-Spa-768x512.jpg 768w\" sizes=\"auto, (max-width: 1024px) 100vw, 1024px\" \/><figcaption>Foto: <a href=\"https:\/\/www.booking.com\/hotel\/br\/ls-villas.pt-br.html?aid=2161834&amp;sid=2ac7444ee17fbbd5b5da3429e198c220&amp;checkin=2023-02-09&amp;checkout=2023-02-10&amp;dest_id=357775&amp;dest_type=hotel&amp;dist=0&amp;group_adults=2&amp;group_children=0&amp;hapos=1&amp;hpos=1&amp;no_rooms=1&amp;req_adults=2&amp;req_children=0&amp;room1=A%2CA&amp;sb_price_type=total&amp;soh=1&amp;sohad=1&amp;sr_order=popularity&amp;srepoch=1670865518&amp;srpvid=6e0e79b545cb016f&amp;type=total&amp;ucfs=1&amp;activeTab=main\" target=\"_blank\" rel=\"noreferrer noopener\">Booking<\/a><\/figcaption><\/figure>\n\n\n\n<p><strong><a href=\"https:\/\/www.booking.com\/hotel\/br\/portal-das-aguas.html?aid=2161834&amp;sid=2ac7444ee17fbbd5b5da3429e198c220&amp;sb=1&amp;src=hotel&amp;src_elem=sb&amp;error_url=https%3A%2F%2Fwww.booking.com%2Fhotel%2Fbr%2Fportal-das-aguas.pt-br.html%3Faid%3D2161834%26sid%3D2ac7444ee17fbbd5b5da3429e198c220%26checkin%3D2023-02-11%3Bcheckout%3D2023-02-12%3Bdest_id%3D331256%3Bdest_type%3Dhotel%3Bdist%3D0%3Bgroup_adults%3D2%3Bgroup_children%3D0%3Bhapos%3D1%3Bhpos%3D1%3Bno_rooms%3D1%3Breq_adults%3D2%3Breq_children%3D0%3Broom1%3DA%252CA%3Bsb_price_type%3Dtotal%3Bsoh%3D1%3Bsr_order%3Dpopularity%3Bsrepoch%3D1670864645%3Bsrpvid%3Ddb05780194f800cc%3Btype%3Dtotal%3Bucfs%3D1%26%26&amp;highlighted_hotels=331256&amp;hp_sbox=1&amp;origin=hp&amp;hp_avform=1&amp;do_availability_check=on&amp;checkin_year=2023&amp;checkin_month=1&amp;checkin_monthday=19&amp;checkout_year=2023&amp;checkout_month=1&amp;checkout_monthday=21&amp;group_adults=2&amp;group_children=0&amp;no_rooms=1&amp;b_h4u_keep_filters=&amp;from_sf=1#availability_target\" target=\"_blank\" rel=\"noreferrer noopener\">Hotel Portal das \u00c1guas<\/a><\/strong>: um dos hot\u00e9is mais tradicionais de <strong>\u00c1guas de S\u00e3o Pedro<\/strong>, este hotel tem piscinas aquecidas e ao ar livre, possui spa, academia e v\u00e1rias amenidades para os visitantes. O caf\u00e9 da manh\u00e3 est\u00e1 incluso no valor das di\u00e1rias e quem quiser s\u00f3 comer por l\u00e1, sem se hospedar, existe um restaurante com especialidades internacionais dentro do hotel.<\/p>\n\n\n\n<figure class=\"wp-block-image aligncenter size-full\"><img loading=\"lazy\" decoding=\"async\" width=\"1024\" height=\"683\" src=\"https:\/\/quantocustaviajar.com\/blog\/wp-content\/uploads\/2022\/12\/hotel-portal-das-aguas.jpg\" alt=\"\" class=\"wp-image-56152\" srcset=\"https:\/\/quantocustaviajar.com\/blog\/wp-content\/uploads\/2022\/12\/hotel-portal-das-aguas.jpg 1024w, https:\/\/quantocustaviajar.com\/blog\/wp-content\/uploads\/2022\/12\/hotel-portal-das-aguas-300x200.jpg 300w, https:\/\/quantocustaviajar.com\/blog\/wp-content\/uploads\/2022\/12\/hotel-portal-das-aguas-768x512.jpg 768w\" sizes=\"auto, (max-width: 1024px) 100vw, 1024px\" \/><figcaption>Foto: <a href=\"https:\/\/www.booking.com\/hotel\/br\/portal-das-aguas.html?aid=2161834&amp;sid=2ac7444ee17fbbd5b5da3429e198c220&amp;sb=1&amp;src=hotel&amp;src_elem=sb&amp;error_url=https%3A%2F%2Fwww.booking.com%2Fhotel%2Fbr%2Fportal-das-aguas.pt-br.html%3Faid%3D2161834%26sid%3D2ac7444ee17fbbd5b5da3429e198c220%26checkin%3D2023-02-11%3Bcheckout%3D2023-02-12%3Bdest_id%3D331256%3Bdest_type%3Dhotel%3Bdist%3D0%3Bgroup_adults%3D2%3Bgroup_children%3D0%3Bhapos%3D1%3Bhpos%3D1%3Bno_rooms%3D1%3Breq_adults%3D2%3Breq_children%3D0%3Broom1%3DA%252CA%3Bsb_price_type%3Dtotal%3Bsoh%3D1%3Bsr_order%3Dpopularity%3Bsrepoch%3D1670864645%3Bsrpvid%3Ddb05780194f800cc%3Btype%3Dtotal%3Bucfs%3D1%26%26&amp;highlighted_hotels=331256&amp;hp_sbox=1&amp;origin=hp&amp;hp_avform=1&amp;do_availability_check=on&amp;checkin_year=2023&amp;checkin_month=1&amp;checkin_monthday=19&amp;checkout_year=2023&amp;checkout_month=1&amp;checkout_monthday=21&amp;group_adults=2&amp;group_children=0&amp;no_rooms=1&amp;b_h4u_keep_filters=&amp;from_sf=1&amp;activeTab=photosGallery\" target=\"_blank\" rel=\"noreferrer noopener\">Booking<\/a><\/figcaption><\/figure>\n\n\n\n<p><strong><a href=\"https:\/\/www.booking.com\/hotel\/br\/pousada-nossa-senhora-aparecida-aguas-de-sao-pedro.pt-br.html?aid=2161834&amp;sid=2ac7444ee17fbbd5b5da3429e198c220&amp;checkin=2023-02-09;checkout=2023-02-10;dest_id=3544721;dest_type=hotel;dist=0;group_adults=2;group_children=0;hapos=1;hpos=1;no_rooms=1;req_adults=2;req_children=0;room1=A%2CA;sb_price_type=total;soh=1;sr_order=popularity;srepoch=1670866149;srpvid=38147af20deb0093;type=total;ucfs=1&amp;#no_availability_msg\" target=\"_blank\" rel=\"noreferrer noopener\">Pousada Nossa Senhora Aparecida<\/a><\/strong>: uma das pousadas mais bem avaliadas de <strong>\u00c1guas de S\u00e3o Pedro<\/strong>, a Pousada Nossa Senhora Aparecida tem nota 9\/10 e diversos elogios de seus viajantes que ficaram por l\u00e1 recentemente. Localizada a 500 metros do parque aqu\u00e1tico, os h\u00f3spedes ainda podem usufruir de piscina no local e caf\u00e9 da manh\u00e3 incluso.<\/p>\n\n\n\n<figure class=\"wp-block-image aligncenter size-full\"><img loading=\"lazy\" decoding=\"async\" width=\"768\" height=\"768\" src=\"https:\/\/quantocustaviajar.com\/blog\/wp-content\/uploads\/2022\/12\/pousada-nossa-senhora-aparecida.jpg\" alt=\"\" class=\"wp-image-56155\" srcset=\"https:\/\/quantocustaviajar.com\/blog\/wp-content\/uploads\/2022\/12\/pousada-nossa-senhora-aparecida.jpg 768w, https:\/\/quantocustaviajar.com\/blog\/wp-content\/uploads\/2022\/12\/pousada-nossa-senhora-aparecida-300x300.jpg 300w, https:\/\/quantocustaviajar.com\/blog\/wp-content\/uploads\/2022\/12\/pousada-nossa-senhora-aparecida-150x150.jpg 150w\" sizes=\"auto, (max-width: 768px) 100vw, 768px\" \/><figcaption>Foto: <a href=\"https:\/\/www.booking.com\/hotel\/br\/pousada-nossa-senhora-aparecida-aguas-de-sao-pedro.pt-br.html?aid=2161834&amp;sid=2ac7444ee17fbbd5b5da3429e198c220&amp;checkin=2023-02-09&amp;checkout=2023-02-10&amp;dest_id=3544721&amp;dest_type=hotel&amp;dist=0&amp;group_adults=2&amp;group_children=0&amp;hapos=1&amp;hpos=1&amp;no_rooms=1&amp;req_adults=2&amp;req_children=0&amp;room1=A%2CA&amp;sb_price_type=total&amp;soh=1&amp;sr_order=popularity&amp;srepoch=1670866149&amp;srpvid=38147af20deb0093&amp;type=total&amp;ucfs=1&amp;activeTab=main\" target=\"_blank\" rel=\"noreferrer noopener\">Booking<\/a><\/figcaption><\/figure>\n\n\n\n<p><strong><a href=\"https:\/\/www.cachoeiradafurna.com.br\/\" target=\"_blank\" rel=\"noreferrer noopener\">Hotel Fazenda Cachoeira da Furna<\/a><\/strong>: na cidade de S\u00e3o Pedro (que fica a 8 km de <strong>\u00c1guas de S\u00e3o Pedro<\/strong>) est\u00e1 localizado este hotel fazenda cheio de atividades para quem quer passar uns dias conhecendo a cidade e tamb\u00e9m aproveitando as amenidades do pr\u00f3prio hotel!<\/p>\n\n\n\n<p>Com monitores para as crian\u00e7as, o hotel tamb\u00e9m oferece cavalgadas, trilhas ecol\u00f3gicas, banho de cachoeira, caiaque, pescaria, visita a fazendinha, slackline, passeio de trator, luau com m\u00fasica ao vivo e muitas outras atra\u00e7\u00f5es.<\/p>\n\n\n\n<figure class=\"wp-block-image aligncenter size-full\"><img loading=\"lazy\" decoding=\"async\" width=\"768\" height=\"614\" src=\"https:\/\/quantocustaviajar.com\/blog\/wp-content\/uploads\/2022\/12\/Hotel-Fazenda-Cachoeira-da-Furna-Sao-Pedro-8-768x614-1.jpg\" alt=\"\" class=\"wp-image-56156\" srcset=\"https:\/\/quantocustaviajar.com\/blog\/wp-content\/uploads\/2022\/12\/Hotel-Fazenda-Cachoeira-da-Furna-Sao-Pedro-8-768x614-1.jpg 768w, https:\/\/quantocustaviajar.com\/blog\/wp-content\/uploads\/2022\/12\/Hotel-Fazenda-Cachoeira-da-Furna-Sao-Pedro-8-768x614-1-300x240.jpg 300w\" sizes=\"auto, (max-width: 768px) 100vw, 768px\" \/><figcaption>Foto: <a href=\"https:\/\/www.cachoeiradafurna.com.br\/o-hotel\/\">Divulga\u00e7\u00e3o<\/a><\/figcaption><\/figure>\n\n\n\n<figure class=\"wp-block-image aligncenter size-full\"><img loading=\"lazy\" decoding=\"async\" width=\"768\" height=\"614\" src=\"https:\/\/quantocustaviajar.com\/blog\/wp-content\/uploads\/2022\/12\/Hotel-Fazenda-Cachoeira-da-Furna-Sao-Pedro-6-768x614-1.jpg\" alt=\"\" class=\"wp-image-56158\" srcset=\"https:\/\/quantocustaviajar.com\/blog\/wp-content\/uploads\/2022\/12\/Hotel-Fazenda-Cachoeira-da-Furna-Sao-Pedro-6-768x614-1.jpg 768w, https:\/\/quantocustaviajar.com\/blog\/wp-content\/uploads\/2022\/12\/Hotel-Fazenda-Cachoeira-da-Furna-Sao-Pedro-6-768x614-1-300x240.jpg 300w\" sizes=\"auto, (max-width: 768px) 100vw, 768px\" \/><figcaption>Foto: <a href=\"https:\/\/www.cachoeiradafurna.com.br\/o-hotel\/\">Divulga\u00e7\u00e3o<\/a><\/figcaption><\/figure>\n\n\n\n<p><a href=\"https:\/\/www.booking.com\/hotel\/br\/chacara-aguas-sao-pedro.pt-br.html?aid=2161834&amp;sid=c2ed9fdf3d940377befcdb8426b3fabc&amp;dest_id=-623571;dest_type=city;dist=0;group_adults=2;group_children=0;hapos=1;hpos=1;no_rooms=1;req_adults=2;req_children=0;room1=A%2CA;sb_price_type=total;sr_order=popularity;srepoch=1677544435;srpvid=f5ea03f836fe01ef;type=total;ucfs=1&amp;#hotelTmpl\" target=\"_blank\" rel=\"noreferrer noopener\"><strong>Ch\u00e1cara \u00c1guas de S\u00e3o Pedro:<\/strong><\/a> Essa \u00e9 uma casa inteira, que vai te dar total privacidade se voc\u00ea quiser viajar em fam\u00edlia ou em grupo. S\u00e3o 3 quartos e uma \u00e1rea bem espa\u00e7osa, perto do Parque Aqu\u00e1tico e tamb\u00e9m da Pra\u00e7a dos Rouxin\u00f3is. As di\u00e1rias custam a partir de R$459.<\/p>\n\n\n\n<figure class=\"wp-block-image aligncenter size-large\"><img loading=\"lazy\" decoding=\"async\" width=\"1024\" height=\"576\" src=\"https:\/\/quantocustaviajar.com\/blog\/wp-content\/uploads\/2023\/02\/chacara-aguas-1024x576.jpg\" alt=\"\" class=\"wp-image-57460\" srcset=\"https:\/\/quantocustaviajar.com\/blog\/wp-content\/uploads\/2023\/02\/chacara-aguas-1024x576.jpg 1024w, https:\/\/quantocustaviajar.com\/blog\/wp-content\/uploads\/2023\/02\/chacara-aguas-300x169.jpg 300w, https:\/\/quantocustaviajar.com\/blog\/wp-content\/uploads\/2023\/02\/chacara-aguas-768x432.jpg 768w, https:\/\/quantocustaviajar.com\/blog\/wp-content\/uploads\/2023\/02\/chacara-aguas.jpg 1280w\" sizes=\"auto, (max-width: 1024px) 100vw, 1024px\" \/><figcaption><a href=\"https:\/\/www.booking.com\/hotel\/br\/chacara-aguas-sao-pedro.pt-br.html?aid=2161834&amp;sid=c2ed9fdf3d940377befcdb8426b3fabc&amp;dest_id=-623571&amp;dest_type=city&amp;dist=0&amp;group_adults=2&amp;group_children=0&amp;hapos=1&amp;hpos=1&amp;no_rooms=1&amp;req_adults=2&amp;req_children=0&amp;room1=A%2CA&amp;sb_price_type=total&amp;sr_order=popularity&amp;srepoch=1677544435&amp;srpvid=f5ea03f836fe01ef&amp;type=total&amp;ucfs=1&amp;activeTab=photosGallery\" target=\"_blank\" rel=\"noreferrer noopener\">Foto: Divulga\u00e7\u00e3o<\/a><\/figcaption><\/figure>\n\n\n\n<p><strong><a href=\"https:\/\/www.booking.com\/hotel\/br\/piccola-pousada.pt-br.html?aid=2161834&amp;sid=c2ed9fdf3d940377befcdb8426b3fabc&amp;dest_id=-623571&amp;dest_type=city&amp;dist=0&amp;group_adults=2&amp;group_children=0&amp;hapos=7&amp;hpos=7&amp;no_rooms=1&amp;req_adults=2&amp;req_children=0&amp;room1=A%2CA&amp;sb_price_type=total&amp;sr_order=popularity&amp;srepoch=1677544435&amp;srpvid=f5ea03f836fe01ef&amp;type=total&amp;ucfs=1&amp;activeTab=main\" target=\"_blank\" rel=\"noreferrer noopener\">Piccola Pousada:<\/a><\/strong> Essa pousada \u00e9 super charmosa e vai te deixar encantado! Ela \u00e9 cheia de plantas verdinhas e fica bem no centro, perto de tudo. \u00c9 ideal para quem quer passear \u00e0 noite sem precisar pegar carro. A di\u00e1ria para duas pessoas ficam em torno de R$280.<\/p>\n\n\n\n<figure class=\"wp-block-image aligncenter size-large\"><img loading=\"lazy\" decoding=\"async\" width=\"1024\" height=\"661\" src=\"https:\/\/quantocustaviajar.com\/blog\/wp-content\/uploads\/2023\/02\/piccola-pousada-1024x661.jpg\" alt=\"\" class=\"wp-image-57461\" srcset=\"https:\/\/quantocustaviajar.com\/blog\/wp-content\/uploads\/2023\/02\/piccola-pousada-1024x661.jpg 1024w, https:\/\/quantocustaviajar.com\/blog\/wp-content\/uploads\/2023\/02\/piccola-pousada-300x194.jpg 300w, https:\/\/quantocustaviajar.com\/blog\/wp-content\/uploads\/2023\/02\/piccola-pousada-768x496.jpg 768w, https:\/\/quantocustaviajar.com\/blog\/wp-content\/uploads\/2023\/02\/piccola-pousada.jpg 1280w\" sizes=\"auto, (max-width: 1024px) 100vw, 1024px\" \/><figcaption><a href=\"https:\/\/www.booking.com\/hotel\/br\/piccola-pousada.pt-br.html?aid=2161834&amp;sid=c2ed9fdf3d940377befcdb8426b3fabc&amp;dest_id=-623571&amp;dest_type=city&amp;dist=0&amp;group_adults=2&amp;group_children=0&amp;hapos=7&amp;hpos=7&amp;no_rooms=1&amp;req_adults=2&amp;req_children=0&amp;room1=A%2CA&amp;sb_price_type=total&amp;sr_order=popularity&amp;srepoch=1677544435&amp;srpvid=f5ea03f836fe01ef&amp;type=total&amp;ucfs=1&amp;activeTab=main\" target=\"_blank\" rel=\"noreferrer noopener\">Foto: Divulga\u00e7\u00e3o<\/a><\/figcaption><\/figure>\n\n\n\n<p><strong><a href=\"https:\/\/www.booking.com\/hotel\/br\/pousada-rural-paraiso.pt-br.html?aid=2161834&amp;sid=c2ed9fdf3d940377befcdb8426b3fabc&amp;dest_id=-623571;dest_type=city;dist=0;group_adults=2;group_children=0;hapos=10;hpos=10;no_rooms=1;req_adults=2;req_children=0;room1=A%2CA;sb_price_type=total;sr_order=popularity;srepoch=1677544435;srpvid=f5ea03f836fe01ef;type=total;ucfs=1&amp;#hotelTmpl\" target=\"_blank\" rel=\"noreferrer noopener\">Pousada Rural Para\u00edso:<\/a><\/strong> Quase do lado do Thermas Water Park, voc\u00ea vai encontrar a Pousada Rural Para\u00edso. \u00c9 um espa\u00e7o bem r\u00fastico, mas tamb\u00e9m muito acolhedor, te dando uma sensa\u00e7\u00e3o de interior que s\u00f3 o aconchego da mata proporciona. O caf\u00e9 da manh\u00e3 \u00e9 bastante recomendado e a di\u00e1ria custa a partir de R$362.<\/p>\n\n\n\n<figure class=\"wp-block-image aligncenter size-large\"><img loading=\"lazy\" decoding=\"async\" width=\"1024\" height=\"768\" src=\"https:\/\/quantocustaviajar.com\/blog\/wp-content\/uploads\/2023\/02\/rural-paraiso-1024x768.jpg\" alt=\"\" class=\"wp-image-57462\" srcset=\"https:\/\/quantocustaviajar.com\/blog\/wp-content\/uploads\/2023\/02\/rural-paraiso-1024x768.jpg 1024w, https:\/\/quantocustaviajar.com\/blog\/wp-content\/uploads\/2023\/02\/rural-paraiso-300x225.jpg 300w, https:\/\/quantocustaviajar.com\/blog\/wp-content\/uploads\/2023\/02\/rural-paraiso-768x576.jpg 768w, https:\/\/quantocustaviajar.com\/blog\/wp-content\/uploads\/2023\/02\/rural-paraiso.jpg 1200w\" sizes=\"auto, (max-width: 1024px) 100vw, 1024px\" \/><figcaption><a href=\"https:\/\/www.booking.com\/hotel\/br\/pousada-rural-paraiso.pt-br.html?aid=2161834&amp;sid=c2ed9fdf3d940377befcdb8426b3fabc&amp;dest_id=-623571&amp;dest_type=city&amp;dist=0&amp;group_adults=2&amp;group_children=0&amp;hapos=10&amp;hpos=10&amp;no_rooms=1&amp;req_adults=2&amp;req_children=0&amp;room1=A%2CA&amp;sb_price_type=total&amp;sr_order=popularity&amp;srepoch=1677544435&amp;srpvid=f5ea03f836fe01ef&amp;type=total&amp;ucfs=1&amp;activeTab=photosGallery\" target=\"_blank\" rel=\"noreferrer noopener\">Foto: Divulga\u00e7\u00e3o<\/a><\/figcaption><\/figure>\n\n\n\n<h2 class=\"wp-block-heading\"><span class=\"ez-toc-section\" id=\"Onde_comer_em_Aguas_de_Sao_Pedro\"><\/span>Onde comer em \u00c1guas de S\u00e3o Pedro<span class=\"ez-toc-section-end\"><\/span><\/h2>\n\n\n\n<p>Comer bem faz parte do roteiro de viagem de <strong>\u00c1guas de S\u00e3o Pedro<\/strong>! Com op\u00e7\u00f5es variadas para todos os gostos, a maioria dos restaurantes ficam na Avenida Carlos Mauro.<\/p>\n\n\n\n<p>A <strong><a href=\"https:\/\/www.instagram.com\/villatardivelli\/?hl=pt-br\" target=\"_blank\" rel=\"noreferrer noopener\">Villa Tardivelli<\/a><\/strong> \u00e9 um cantina italiana que traz um pedacinho da Europa para a cidade. O ambiente \u00e9 super aconchegante e conquista os viajantes pela boa comida. Considerado um dos principais restaurante de <strong>\u00c1guas de S\u00e3o Pedro<\/strong>, aproveite o verdadeiro macarr\u00e3o \u00e0 carbonara quando estiver por l\u00e1. O restaurante funciona \u00e0s sextas-feiras (somente jantar) e aos s\u00e1bados e domingos (almo\u00e7o e jantar).<\/p>\n\n\n\n<p>O <strong><a href=\"https:\/\/www.instagram.com\/restaurantedolagoaguas\/?hl=pt-br\" target=\"_blank\" rel=\"noreferrer noopener\">Restaurante do Lago<\/a><\/strong> \u00e9 uma op\u00e7\u00e3o bem rom\u00e2ntica e ao ar livre para quem quiser a experi\u00eancia de jantar em frente a um belo lago em <strong>\u00c1guas de S\u00e3o Pedro<\/strong>. Com pratos t\u00edpicos brasileiros, os viajantes v\u00e3o se deliciar! Aproveitem para conhecer a cerveja artesanal produzida pelo restaurante. Este restaurante funciona no almo\u00e7o de quarta a domingo.<\/p>\n\n\n\n<figure class=\"wp-block-image aligncenter size-large\"><img loading=\"lazy\" decoding=\"async\" width=\"1024\" height=\"1024\" src=\"https:\/\/quantocustaviajar.com\/blog\/wp-content\/uploads\/2022\/12\/Restaurante-do-Lago-em-Aguas-de-Sao-Pedro-1024x1024.jpg\" alt=\"\" class=\"wp-image-56136\" srcset=\"https:\/\/quantocustaviajar.com\/blog\/wp-content\/uploads\/2022\/12\/Restaurante-do-Lago-em-Aguas-de-Sao-Pedro-1024x1024.jpg 1024w, https:\/\/quantocustaviajar.com\/blog\/wp-content\/uploads\/2022\/12\/Restaurante-do-Lago-em-Aguas-de-Sao-Pedro-300x300.jpg 300w, https:\/\/quantocustaviajar.com\/blog\/wp-content\/uploads\/2022\/12\/Restaurante-do-Lago-em-Aguas-de-Sao-Pedro-150x150.jpg 150w, https:\/\/quantocustaviajar.com\/blog\/wp-content\/uploads\/2022\/12\/Restaurante-do-Lago-em-Aguas-de-Sao-Pedro-768x768.jpg 768w, https:\/\/quantocustaviajar.com\/blog\/wp-content\/uploads\/2022\/12\/Restaurante-do-Lago-em-Aguas-de-Sao-Pedro.jpg 1080w\" sizes=\"auto, (max-width: 1024px) 100vw, 1024px\" \/><figcaption>Restaurante do Lago em \u00c1guas de S\u00e3o Pedro\/Foto: <a href=\"https:\/\/www.instagram.com\/p\/CQBbxltDyt4\/?hl=pt-br\">Instagram<\/a><\/figcaption><\/figure>\n\n\n\n<p>Para quem quiser aproveitar comida portuguesa em <strong>\u00c1guas de S\u00e3o Pedro<\/strong>, aposte no <strong><a href=\"https:\/\/www.instagram.com\/tascamanjerico\/?hl=pt-br\" target=\"_blank\" rel=\"noreferrer noopener\">Manjerico \u2013 Bacalhau &amp; Cia<\/a><\/strong>, que oferece cozinha afetiva em um ambiente caseiro. O foco, como o nome sugere, s\u00e3o os pratos com bacalhau, mas existem outras op\u00e7\u00f5es europeias para quem n\u00e3o for f\u00e3 do peixinho. Este restaurante funciona de quarta \u00e0 sexta no jantar e de s\u00e1bado e domingo para almo\u00e7o e jantar.<\/p>\n\n\n\n<p>Quem quiser comer em um bistr\u00f4 e caf\u00e9, o <a href=\"https:\/\/www.instagram.com\/la_do_divino\/?hl=pt-br\" target=\"_blank\" rel=\"noreferrer noopener\"><strong>L\u00e1 do Divino<\/strong><\/a> \u00e9 uma op\u00e7\u00e3o imperd\u00edvel. Com pratos de frutos do mar, massas, carnes e risotos, o viajante n\u00e3o vai se decepcionar. O bistr\u00f4 funciona de quinta \u00e0 segunda  almo\u00e7o e jantar.<\/p>\n\n\n\n<p>Agora essa dica \u00e9 para os formiguinhas de plant\u00e3o: nada melhor do que ap\u00f3s uma bela refei\u00e7\u00e3o comer aquele doce artesanal de sobremesa na <a href=\"https:\/\/www.instagram.com\/zuleikasdoces\/?hl=pt-br\" target=\"_blank\" rel=\"noreferrer noopener\"><strong>Zuleika\u2019s doces<\/strong><\/a>.<\/p>\n\n\n\n<h2 class=\"wp-block-heading\"><span class=\"ez-toc-section\" id=\"Quando_ir\"><\/span>Quando ir<span class=\"ez-toc-section-end\"><\/span><\/h2>\n\n\n\n<p><strong>\u00c1guas de S\u00e3o Pedro <\/strong>\u00e9 uma boa pedida durante todo ano e a visita depende mais se voc\u00ea quer pegar mais calor ou menos.<\/p>\n\n\n\n<p>Os viajantes costumam apostar no ver\u00e3o para conhecer a regi\u00e3o, j\u00e1 que tem atrativos a c\u00e9u aberto que podem n\u00e3o funcionar nas chuvas e no frio (como \u00e9 o caso do parque aqu\u00e1tico).<\/p>\n\n\n\n<p>Para quem gosta de frio, durante o inverno \u00e9 poss\u00edvel encarar temperaturas de 10\u00baC, deixando um clima mais rom\u00e2ntico para quem quer viajar a dois.<\/p>\n\n\n\n<p>O ideal \u00e9 conhecer a cidade aos finais de semana, quando as atra\u00e7\u00f5es e restaurantes funcionam, pois durante a semana o movimento \u00e9 menor e alguns estabelecimentos n\u00e3o abrem.<\/p>\n\n\n\n<h2 class=\"wp-block-heading\"><span class=\"ez-toc-section\" id=\"Quantos_dias_ficar\"><\/span>Quantos dias ficar<span class=\"ez-toc-section-end\"><\/span><\/h2>\n\n\n\n<p>\u00c9 poss\u00edvel curtir <strong>\u00c1guas de S\u00e3o Pedro<\/strong> em um bate e volta, mas para quem tiver mais tempo, apostar um final de semana na cidade vale muito a pena para conhecer os principais pontos tur\u00edsticos com calma, sem precisar ficar correndo de atra\u00e7\u00e3o em atra\u00e7\u00e3o e relaxando verdadeiramente nas fontes termais.<\/p>\n\n\n\n<p>Mas essa previs\u00e3o de quanto dias ficar em <strong>\u00c1guas de S\u00e3o Pedro<\/strong> pode variar, especialmente se o viajante decidir incluir uma visita ao Thermas Water Park, onde \u00e9 poss\u00edvel ficar o dia todo sem dificuldades (e tamb\u00e9m para fazer valer o ingresso, n\u00e9?)<\/p>\n\n\n\n<p>Voc\u00ea j\u00e1 foi para \u00c1guas de S\u00e3o Pedro? Se sim, conta aqui nos coment\u00e1rios como foi sua experi\u00eancia :)<\/p>\n","protected":false},"excerpt":{"rendered":"<p>\u00c1guas de S\u00e3o Pedro, na regi\u00e3o central do estado de S\u00e3o Paulo, \u00e9 o menor munic\u00edpio brasileiro em extens\u00e3o territorial com apenas 3.612 km\u00b2 de \u00e1rea. O local foi inaugurado na d\u00e9cada de 40, totalmente projetado para ser uma est\u00e2ncia hidromineral voltada \u00e0 sa\u00fade e ao lazer, com diversos parques, \u00e1reas livres e espa\u00e7os para [&hellip;]<\/p>\n","protected":false},"author":9,"featured_media":51691,"comment_status":"open","ping_status":"open","sticky":false,"template":"page-templates\/featured-img-above.php","format":"standard","meta":{"cybocfi_hide_featured_image":"","footnotes":""},"categories":[1434],"tags":[2496,176,2499,266,2497,625,2498,303],"class_list":["post-40986","post","type-post","status-publish","format-standard","has-post-thumbnail","hentry","category-descubra-brasil","tag-aguas-de-sao-pedro","tag-america-do-sul","tag-banho-de-imersao","tag-brasil","tag-estancia","tag-estancia-hidrotermal","tag-hidromineral","tag-sao-paulo"],"blocksy_meta":[],"yoast_head":"<!-- This site is optimized with the Yoast SEO plugin v26.3 - https:\/\/yoast.com\/wordpress\/plugins\/seo\/ -->\n<title>\u00c1guas de S\u00e3o Pedro: conhe\u00e7a a est\u00e2ncia hidromineral em SP<\/title>\n<meta name=\"description\" content=\"Pertinho da capital paulista, \u00c1guas de S\u00e3o Pedro \u00e9 o destino perfeito para aproveitar os benef\u00edcios de \u00e1guas termais.\" \/>\n<meta name=\"robots\" content=\"index, follow, max-snippet:-1, max-image-preview:large, max-video-preview:-1\" \/>\n<link rel=\"canonical\" href=\"https:\/\/quantocustaviajar.com\/blog\/aguas-de-sao-pedro-sao-paulo\/\" \/>\n<meta property=\"og:locale\" content=\"pt_BR\" \/>\n<meta property=\"og:type\" content=\"article\" \/>\n<meta property=\"og:title\" content=\"Se aque\u00e7a em \u00c1guas de S\u00e3o Pedro no interior de SP onde a temperatura da \u00e1gua \u00e9 de 27\u00b0C e 32\u00b0C\" \/>\n<meta property=\"og:description\" content=\"As \u00e1guas quentinhas com propriedades curativas s\u00e3o tudo de bom!\" \/>\n<meta property=\"og:url\" content=\"https:\/\/quantocustaviajar.com\/blog\/aguas-de-sao-pedro-sao-paulo\/\" \/>\n<meta property=\"og:site_name\" content=\"Blog Quanto Custa Viajar\" \/>\n<meta property=\"article:publisher\" content=\"https:\/\/www.facebook.com\/quantocustaviajar\" \/>\n<meta property=\"article:published_time\" content=\"2025-02-05T07:01:00+00:00\" \/>\n<meta property=\"article:modified_time\" content=\"2025-06-10T17:13:42+00:00\" \/>\n<meta property=\"og:image\" content=\"https:\/\/quantocustaviajar.com\/blog\/wp-content\/uploads\/2020\/01\/aguas-de-sao-pedro-thermas-1.jpg\" \/>\n\t<meta property=\"og:image:width\" content=\"800\" \/>\n\t<meta property=\"og:image:height\" content=\"600\" \/>\n\t<meta property=\"og:image:type\" content=\"image\/jpeg\" \/>\n<meta name=\"author\" content=\"Reda\u00e7\u00e3o QCV\" \/>\n<meta name=\"twitter:card\" content=\"summary_large_image\" \/>\n<meta name=\"twitter:label1\" content=\"Escrito por\" \/>\n\t<meta name=\"twitter:data1\" content=\"Reda\u00e7\u00e3o QCV\" \/>\n\t<meta name=\"twitter:label2\" content=\"Est. tempo de leitura\" \/>\n\t<meta name=\"twitter:data2\" content=\"15 minutos\" \/>\n<!-- \/ Yoast SEO plugin. -->","yoast_head_json":{"title":"\u00c1guas de S\u00e3o Pedro: conhe\u00e7a a est\u00e2ncia hidromineral em SP","description":"Pertinho da capital paulista, \u00c1guas de S\u00e3o Pedro \u00e9 o destino perfeito para aproveitar os benef\u00edcios de \u00e1guas termais.","robots":{"index":"index","follow":"follow","max-snippet":"max-snippet:-1","max-image-preview":"max-image-preview:large","max-video-preview":"max-video-preview:-1"},"canonical":"https:\/\/quantocustaviajar.com\/blog\/aguas-de-sao-pedro-sao-paulo\/","og_locale":"pt_BR","og_type":"article","og_title":"Se aque\u00e7a em \u00c1guas de S\u00e3o Pedro no interior de SP onde a temperatura da \u00e1gua \u00e9 de 27\u00b0C e 32\u00b0C","og_description":"As \u00e1guas quentinhas com propriedades curativas s\u00e3o tudo de bom!","og_url":"https:\/\/quantocustaviajar.com\/blog\/aguas-de-sao-pedro-sao-paulo\/","og_site_name":"Blog Quanto Custa Viajar","article_publisher":"https:\/\/www.facebook.com\/quantocustaviajar","article_published_time":"2025-02-05T07:01:00+00:00","article_modified_time":"2025-06-10T17:13:42+00:00","og_image":[{"width":800,"height":600,"url":"https:\/\/quantocustaviajar.com\/blog\/wp-content\/uploads\/2020\/01\/aguas-de-sao-pedro-thermas-1.jpg","type":"image\/jpeg"}],"author":"Reda\u00e7\u00e3o QCV","twitter_card":"summary_large_image","twitter_misc":{"Escrito por":"Reda\u00e7\u00e3o QCV","Est. tempo de leitura":"15 minutos"},"schema":{"@context":"https:\/\/schema.org","@graph":[{"@type":["Article","BlogPosting"],"@id":"https:\/\/quantocustaviajar.com\/blog\/aguas-de-sao-pedro-sao-paulo\/#article","isPartOf":{"@id":"https:\/\/quantocustaviajar.com\/blog\/aguas-de-sao-pedro-sao-paulo\/"},"author":{"name":"Reda\u00e7\u00e3o QCV","@id":"https:\/\/quantocustaviajar.com\/blog\/#\/schema\/person\/b99c49b1272e2104cc84a5a84122b751"},"headline":"Renove as energias na est\u00e2ncia hidromineral de \u00c1guas de S\u00e3o Pedro","datePublished":"2025-02-05T07:01:00+00:00","dateModified":"2025-06-10T17:13:42+00:00","mainEntityOfPage":{"@id":"https:\/\/quantocustaviajar.com\/blog\/aguas-de-sao-pedro-sao-paulo\/"},"wordCount":2362,"commentCount":6,"publisher":{"@id":"https:\/\/quantocustaviajar.com\/blog\/#organization"},"image":{"@id":"https:\/\/quantocustaviajar.com\/blog\/aguas-de-sao-pedro-sao-paulo\/#primaryimage"},"thumbnailUrl":"https:\/\/quantocustaviajar.com\/blog\/wp-content\/uploads\/2020\/01\/\u00c1guas_de_S\u00e3o_Pedro_SP_-_panoramio_1.jpg","keywords":["aguas de sao pedro","am\u00e9rica do sul","banho de imersao","Brasil","estancia","est\u00e2ncia hidrotermal","hidromineral","S\u00e3o Paulo"],"articleSection":["Descubra o Brasil"],"inLanguage":"pt-BR","potentialAction":[{"@type":"CommentAction","name":"Comment","target":["https:\/\/quantocustaviajar.com\/blog\/aguas-de-sao-pedro-sao-paulo\/#respond"]}]},{"@type":"WebPage","@id":"https:\/\/quantocustaviajar.com\/blog\/aguas-de-sao-pedro-sao-paulo\/","url":"https:\/\/quantocustaviajar.com\/blog\/aguas-de-sao-pedro-sao-paulo\/","name":"\u00c1guas de S\u00e3o Pedro: conhe\u00e7a a est\u00e2ncia hidromineral em SP","isPartOf":{"@id":"https:\/\/quantocustaviajar.com\/blog\/#website"},"primaryImageOfPage":{"@id":"https:\/\/quantocustaviajar.com\/blog\/aguas-de-sao-pedro-sao-paulo\/#primaryimage"},"image":{"@id":"https:\/\/quantocustaviajar.com\/blog\/aguas-de-sao-pedro-sao-paulo\/#primaryimage"},"thumbnailUrl":"https:\/\/quantocustaviajar.com\/blog\/wp-content\/uploads\/2020\/01\/\u00c1guas_de_S\u00e3o_Pedro_SP_-_panoramio_1.jpg","datePublished":"2025-02-05T07:01:00+00:00","dateModified":"2025-06-10T17:13:42+00:00","description":"Pertinho da capital paulista, \u00c1guas de S\u00e3o Pedro \u00e9 o destino perfeito para aproveitar os benef\u00edcios de \u00e1guas termais.","breadcrumb":{"@id":"https:\/\/quantocustaviajar.com\/blog\/aguas-de-sao-pedro-sao-paulo\/#breadcrumb"},"inLanguage":"pt-BR","potentialAction":[{"@type":"ReadAction","target":["https:\/\/quantocustaviajar.com\/blog\/aguas-de-sao-pedro-sao-paulo\/"]}]},{"@type":"ImageObject","inLanguage":"pt-BR","@id":"https:\/\/quantocustaviajar.com\/blog\/aguas-de-sao-pedro-sao-paulo\/#primaryimage","url":"https:\/\/quantocustaviajar.com\/blog\/wp-content\/uploads\/2020\/01\/\u00c1guas_de_S\u00e3o_Pedro_SP_-_panoramio_1.jpg","contentUrl":"https:\/\/quantocustaviajar.com\/blog\/wp-content\/uploads\/2020\/01\/\u00c1guas_de_S\u00e3o_Pedro_SP_-_panoramio_1.jpg","width":889,"height":768,"caption":"Foto: Wikimedia"},{"@type":"BreadcrumbList","@id":"https:\/\/quantocustaviajar.com\/blog\/aguas-de-sao-pedro-sao-paulo\/#breadcrumb","itemListElement":[{"@type":"ListItem","position":1,"name":"In\u00edcio","item":"https:\/\/quantocustaviajar.com\/blog\/"},{"@type":"ListItem","position":2,"name":"Renove as energias na est\u00e2ncia hidromineral de \u00c1guas de S\u00e3o Pedro"}]},{"@type":"WebSite","@id":"https:\/\/quantocustaviajar.com\/blog\/#website","url":"https:\/\/quantocustaviajar.com\/blog\/","name":"Blog Quanto Custa Viajar","description":"","publisher":{"@id":"https:\/\/quantocustaviajar.com\/blog\/#organization"},"potentialAction":[{"@type":"SearchAction","target":{"@type":"EntryPoint","urlTemplate":"https:\/\/quantocustaviajar.com\/blog\/?s={search_term_string}"},"query-input":{"@type":"PropertyValueSpecification","valueRequired":true,"valueName":"search_term_string"}}],"inLanguage":"pt-BR"},{"@type":"Organization","@id":"https:\/\/quantocustaviajar.com\/blog\/#organization","name":"Quanto Custa Viajar","url":"https:\/\/quantocustaviajar.com\/blog\/","logo":{"@type":"ImageObject","inLanguage":"pt-BR","@id":"https:\/\/quantocustaviajar.com\/blog\/#\/schema\/logo\/image\/","url":"","contentUrl":"","caption":"Quanto Custa Viajar"},"image":{"@id":"https:\/\/quantocustaviajar.com\/blog\/#\/schema\/logo\/image\/"},"sameAs":["https:\/\/www.facebook.com\/quantocustaviajar"]},{"@type":"Person","@id":"https:\/\/quantocustaviajar.com\/blog\/#\/schema\/person\/b99c49b1272e2104cc84a5a84122b751","name":"Reda\u00e7\u00e3o QCV","image":{"@type":"ImageObject","inLanguage":"pt-BR","@id":"https:\/\/quantocustaviajar.com\/blog\/#\/schema\/person\/image\/","url":"https:\/\/secure.gravatar.com\/avatar\/e7b47d7a4633897697c32e0a2a1ad3abd9ca142ad0d9b7897241c6115247561b?s=96&d=mm&r=g","contentUrl":"https:\/\/secure.gravatar.com\/avatar\/e7b47d7a4633897697c32e0a2a1ad3abd9ca142ad0d9b7897241c6115247561b?s=96&d=mm&r=g","caption":"Reda\u00e7\u00e3o QCV"},"url":"https:\/\/quantocustaviajar.com\/blog\/author\/redacao\/"}]}},"_links":{"self":[{"href":"https:\/\/quantocustaviajar.com\/blog\/wp-json\/wp\/v2\/posts\/40986","targetHints":{"allow":["GET"]}}],"collection":[{"href":"https:\/\/quantocustaviajar.com\/blog\/wp-json\/wp\/v2\/posts"}],"about":[{"href":"https:\/\/quantocustaviajar.com\/blog\/wp-json\/wp\/v2\/types\/post"}],"author":[{"embeddable":true,"href":"https:\/\/quantocustaviajar.com\/blog\/wp-json\/wp\/v2\/users\/9"}],"replies":[{"embeddable":true,"href":"https:\/\/quantocustaviajar.com\/blog\/wp-json\/wp\/v2\/comments?post=40986"}],"version-history":[{"count":26,"href":"https:\/\/quantocustaviajar.com\/blog\/wp-json\/wp\/v2\/posts\/40986\/revisions"}],"predecessor-version":[{"id":57557,"href":"https:\/\/quantocustaviajar.com\/blog\/wp-json\/wp\/v2\/posts\/40986\/revisions\/57557"}],"wp:featuredmedia":[{"embeddable":true,"href":"https:\/\/quantocustaviajar.com\/blog\/wp-json\/wp\/v2\/media\/51691"}],"wp:attachment":[{"href":"https:\/\/quantocustaviajar.com\/blog\/wp-json\/wp\/v2\/media?parent=40986"}],"wp:term":[{"taxonomy":"category","embeddable":true,"href":"https:\/\/quantocustaviajar.com\/blog\/wp-json\/wp\/v2\/categories?post=40986"},{"taxonomy":"post_tag","embeddable":true,"href":"https:\/\/quantocustaviajar.com\/blog\/wp-json\/wp\/v2\/tags?post=40986"}],"curies":[{"name":"wp","href":"https:\/\/api.w.org\/{rel}","templated":true}]}}