{"id":40807,"date":"2020-01-07T12:28:23","date_gmt":"2020-01-07T12:28:23","guid":{"rendered":"https:\/\/quantocustaviajar.com\/blog\/?p=40807"},"modified":"2020-01-07T12:42:45","modified_gmt":"2020-01-07T12:42:45","slug":"praia-da-sepultura-em-bombinhas","status":"publish","type":"post","link":"https:\/\/quantocustaviajar.com\/blog\/praia-da-sepultura-em-bombinhas\/","title":{"rendered":"Praia da Sepultura: aqu\u00e1rio natural e paradis\u00edaco em Bombinhas"},"content":{"rendered":"\n<p>Com \u00e1guas cristalinas e cen\u00e1rio paradis\u00edaco, a <strong>praia da Sepultura <\/strong>encanta turistas e moradores em <strong><a href=\"https:\/\/quantocustaviajar.com\/brasil\/bombinhas\/\" target=\"_blank\" rel=\"noreferrer noopener\" aria-label=\"Bombinhas (abre numa nova aba)\">Bombinhas<\/a><\/strong>, a 75 km de Florian\u00f3polis. \u00c9 considerada <strong>uma das mais belas de <a href=\"https:\/\/quantocustaviajar.com\/blog\/lugares-para-conhecer-no-interior-de-santa-catarina\/\">Santa Catarina<\/a><\/strong>, atraindo mergulhadores em busca de cardumes de peixinhos coloridos.<\/p>\n\n\n\n<p>O nome da praia, que antes se chamava Praia da Embaixada, faz refer\u00eancia a uma lenda. No s\u00e9culo 19, o local era habitado por escravos e numa briga por territ\u00f3rio com o major portugu\u00eas Jos\u00e9 da Siva Mafra, houveram mortes. Dizem que uma das pessoas escravizadas foi enterrada na, desde ent\u00e3o, praia da Sepultura.<\/p>\n\n\n\n<div class=\"wp-block-image\"><figure class=\"aligncenter\"><img loading=\"lazy\" decoding=\"async\" width=\"1024\" height=\"366\" src=\"https:\/\/quantocustaviajar.com\/blog\/wp-content\/uploads\/2020\/01\/praia-da-sepultura-bombinhas-1-1024x366.jpg\" alt=\"\" class=\"wp-image-40810\" srcset=\"https:\/\/quantocustaviajar.com\/blog\/wp-content\/uploads\/2020\/01\/praia-da-sepultura-bombinhas-1-1024x366.jpg 1024w, https:\/\/quantocustaviajar.com\/blog\/wp-content\/uploads\/2020\/01\/praia-da-sepultura-bombinhas-1-300x107.jpg 300w, https:\/\/quantocustaviajar.com\/blog\/wp-content\/uploads\/2020\/01\/praia-da-sepultura-bombinhas-1-768x275.jpg 768w, https:\/\/quantocustaviajar.com\/blog\/wp-content\/uploads\/2020\/01\/praia-da-sepultura-bombinhas-1.jpg 1786w\" sizes=\"auto, (max-width: 1024px) 100vw, 1024px\" \/><figcaption>Foto: divulga\u00e7\u00e3o\/Ohana Beach Bar<\/figcaption><\/figure><\/div>\n\n\n\n<p>A faixa de areia branquinha tem <strong>apenas 100 metros de extens\u00e3o<\/strong>, o que costuma ser um desafio durante a alta temporada, quando todos querem tirar uma casquinha do pequeno o\u00e1sis catarinense. Nos demais meses do ano se mant\u00e9m praticamente deserta, para o deleite de quem busca por sossego.<\/p>\n\n\n\n<p><strong>O mar azul segue com a mesma calmaria ao longo do ano todo. Sem ondas e transl\u00facido, parece uma grande piscina natural<\/strong>. As condi\u00e7\u00f5es s\u00e3o favor\u00e1veis para a pr\u00e1tica de stand up paddle, caiaque e mergulhos, seja de flutua\u00e7\u00e3o, livre ou aut\u00f4nomo. Entre as pedras, a \u00e1gua fica mais quente e a crian\u00e7ada se diverte sob o olhar atento dos respons\u00e1veis.<\/p>\n\n\n\n<ul class=\"wp-block-list\"><li><strong><a href=\"https:\/\/quantocustaviajar.com\/blog\/aguas-cristalinas-no-brasil\/\" target=\"_blank\" rel=\"noreferrer noopener\" aria-label=\" (abre numa nova aba)\">Saiba onde encontrar \u00e1guas cristalinas no Brasil<\/a><\/strong><\/li><\/ul>\n\n\n\n<div class=\"wp-block-image\"><figure class=\"aligncenter\"><img loading=\"lazy\" decoding=\"async\" width=\"1024\" height=\"575\" src=\"https:\/\/quantocustaviajar.com\/blog\/wp-content\/uploads\/2020\/01\/aguas-cristalinas-bombinhas-1024x575.jpg\" alt=\"\" class=\"wp-image-40792\" srcset=\"https:\/\/quantocustaviajar.com\/blog\/wp-content\/uploads\/2020\/01\/aguas-cristalinas-bombinhas-1024x575.jpg 1024w, https:\/\/quantocustaviajar.com\/blog\/wp-content\/uploads\/2020\/01\/aguas-cristalinas-bombinhas-300x168.jpg 300w, https:\/\/quantocustaviajar.com\/blog\/wp-content\/uploads\/2020\/01\/aguas-cristalinas-bombinhas-768x431.jpg 768w, https:\/\/quantocustaviajar.com\/blog\/wp-content\/uploads\/2020\/01\/aguas-cristalinas-bombinhas.jpg 1500w\" sizes=\"auto, (max-width: 1024px) 100vw, 1024px\" \/><figcaption>Foto: Setur\/Bombinhas<\/figcaption><\/figure><\/div>\n\n\n\n<div class=\"wp-block-image\"><figure class=\"aligncenter\"><img loading=\"lazy\" decoding=\"async\" width=\"1024\" height=\"575\" src=\"https:\/\/quantocustaviajar.com\/blog\/wp-content\/uploads\/2020\/01\/praia-paradisiaca-bombinhas-1024x575.jpg\" alt=\"\" class=\"wp-image-40791\" srcset=\"https:\/\/quantocustaviajar.com\/blog\/wp-content\/uploads\/2020\/01\/praia-paradisiaca-bombinhas-1024x575.jpg 1024w, https:\/\/quantocustaviajar.com\/blog\/wp-content\/uploads\/2020\/01\/praia-paradisiaca-bombinhas-300x168.jpg 300w, https:\/\/quantocustaviajar.com\/blog\/wp-content\/uploads\/2020\/01\/praia-paradisiaca-bombinhas-768x431.jpg 768w, https:\/\/quantocustaviajar.com\/blog\/wp-content\/uploads\/2020\/01\/praia-paradisiaca-bombinhas.jpg 1500w\" sizes=\"auto, (max-width: 1024px) 100vw, 1024px\" \/><figcaption>Foto: Setur\/Bombinhas<\/figcaption><\/figure><\/div>\n\n\n\n<p>Al\u00e9m de encontrar variadas esp\u00e9cies marinhas, quem chega at\u00e9 o fundo do mar\u200a-\u200acom o devido equipamento necess\u00e1rio\u200a-\u200ase depara com a obra de arte &#8220;Bio Vida III&#8221;, do artista pl\u00e1stico Pita Camargo. O intuito da Prefeitura de Bombinhas \u00e9 compor uma <strong>Galeria Subaqu\u00e1tica na praia da Sepultura<\/strong>, como j\u00e1 acontece em <a href=\"https:\/\/quantocustaviajar.com\/blog\/museu-submerso-em-cancun\/\" target=\"_blank\" rel=\"noreferrer noopener\" aria-label=\"Canc\u00fan (abre numa nova aba)\">Canc\u00fan<\/a> e <a rel=\"noreferrer noopener\" aria-label=\"outros lugares do mundo (abre numa nova aba)\" href=\"https:\/\/quantocustaviajar.com\/blog\/museu-subaquatico-espanha\/\" target=\"_blank\">outros lugares do mundo<\/a>.<\/p>\n\n\n\n<p>Quando a fome bater, os visitantes podem contar com o <strong>Ohana Beach Bar<\/strong>, que tem um agrad\u00e1vel deck com vista para o mar. O local serve drinks, pratos e por\u00e7\u00f5es, de frituras a sandu\u00edche natural. A isca de peixe com molho e lim\u00e3o custa R$ 40 e o suco natural custa R$ 8.&nbsp;<\/p>\n\n\n\n<blockquote class=\"wp-block-quote is-layout-flow wp-block-quote-is-layout-flow\"><p>*Tome nota: \u00e9 proibido o uso de gazebo\/tenda, acampar, fazer fogueiras e levar animais dom\u00e9sticos para a faixa de areia.<\/p><\/blockquote>\n\n\n\n<div class=\"wp-block-image\"><figure class=\"aligncenter\"><img loading=\"lazy\" decoding=\"async\" width=\"460\" height=\"604\" src=\"https:\/\/quantocustaviajar.com\/blog\/wp-content\/uploads\/2020\/01\/onde-comer-praia-da-sepultura.jpg\" alt=\"\" class=\"wp-image-40809\" srcset=\"https:\/\/quantocustaviajar.com\/blog\/wp-content\/uploads\/2020\/01\/onde-comer-praia-da-sepultura.jpg 460w, https:\/\/quantocustaviajar.com\/blog\/wp-content\/uploads\/2020\/01\/onde-comer-praia-da-sepultura-228x300.jpg 228w\" sizes=\"auto, (max-width: 460px) 100vw, 460px\" \/><figcaption>Foto: divulga\u00e7\u00e3o\/Ohana Beach Bar<\/figcaption><\/figure><\/div>\n\n\n\n<ul class=\"wp-block-list\"><li><strong><a href=\"https:\/\/www.booking.com\/searchresults.pt-br.html?aid=2161834&amp;city=438674&amp;sb_travel_purpose=leisure&amp;checkin_monthday=14&amp;checkin_month=01&amp;checkin_year=2020&amp;checkout_monthday=17&amp;checkout_month=01&amp;checkout_year=2020&amp;no_rooms=1&amp;group_adults=1&amp;group_children=0&amp;start=14%2F01%2F2020&amp;end=17%2F01%2F2020&amp;room1=A&amp;label=PFD\" target=\"_blank\" rel=\"noreferrer noopener\" aria-label=\" (abre numa nova aba)\">Confira op\u00e7\u00f5es de hospedagens em Bombinhas e comece a se planejar!<\/a><\/strong><\/li><\/ul>\n\n\n\n<div class=\"wp-block-image\"><figure class=\"aligncenter\"><img loading=\"lazy\" decoding=\"async\" width=\"1024\" height=\"768\" src=\"https:\/\/quantocustaviajar.com\/blog\/wp-content\/uploads\/2020\/01\/praia-da-sepultura-1024x768.jpg\" alt=\"\" class=\"wp-image-40794\" srcset=\"https:\/\/quantocustaviajar.com\/blog\/wp-content\/uploads\/2020\/01\/praia-da-sepultura-1024x768.jpg 1024w, https:\/\/quantocustaviajar.com\/blog\/wp-content\/uploads\/2020\/01\/praia-da-sepultura-300x225.jpg 300w, https:\/\/quantocustaviajar.com\/blog\/wp-content\/uploads\/2020\/01\/praia-da-sepultura-768x576.jpg 768w, https:\/\/quantocustaviajar.com\/blog\/wp-content\/uploads\/2020\/01\/praia-da-sepultura.jpg 1500w\" sizes=\"auto, (max-width: 1024px) 100vw, 1024px\" \/><figcaption>Foto: Setur\/Bombinhas<\/figcaption><\/figure><\/div>\n\n\n\n<p>O percurso at\u00e9 a praia na Av. das Garoupas pode ser tanto motorizado quanto a p\u00e9. A caminhada \u00e9 pelo cost\u00e3o direito da Praia de Bombinhas, passando pela Prainha, Embrulho e Lagoinha. J\u00e1 quem vai de carro ou moto pode parar o ve\u00edculo no <strong>estacionamento <\/strong>particular, no pr\u00f3prio local, e ent\u00e3o pegar uma trilha de 200 metros para acessar a areia. &nbsp;<\/p>\n\n\n\n<p>Os mais aventureiros tamb\u00e9m costumam fazer a <strong>Trilha da Sepultura, que vai at\u00e9 a ponta da praia<\/strong>. S\u00e3o 800 metros de extens\u00e3o, com dificuldade moderada, resultando em at\u00e9 2 horas de percurso, entre mirantes e paisagens de cair o queixo. \u00c9 a partir da trilha que se acessa, em mar\u00e9 baixa, a <strong>praia da Mis\u00e9ria<\/strong>,&nbsp;que \u00e9 ainda menor, com apenas 18 metros de comprimento.<\/p>\n\n\n\n<div class=\"wp-block-image\"><figure class=\"aligncenter\"><img loading=\"lazy\" decoding=\"async\" width=\"1024\" height=\"575\" src=\"https:\/\/quantocustaviajar.com\/blog\/wp-content\/uploads\/2020\/01\/praia-da-miseria-1024x575.jpg\" alt=\"\" class=\"wp-image-40811\" srcset=\"https:\/\/quantocustaviajar.com\/blog\/wp-content\/uploads\/2020\/01\/praia-da-miseria-1024x575.jpg 1024w, https:\/\/quantocustaviajar.com\/blog\/wp-content\/uploads\/2020\/01\/praia-da-miseria-300x168.jpg 300w, https:\/\/quantocustaviajar.com\/blog\/wp-content\/uploads\/2020\/01\/praia-da-miseria-768x431.jpg 768w, https:\/\/quantocustaviajar.com\/blog\/wp-content\/uploads\/2020\/01\/praia-da-miseria.jpg 1500w\" sizes=\"auto, (max-width: 1024px) 100vw, 1024px\" \/><figcaption>Foto: Setur\/Bombinhas<\/figcaption><\/figure><\/div>\n\n\n\n<div class=\"wp-block-image\"><figure class=\"aligncenter\"><img loading=\"lazy\" decoding=\"async\" width=\"960\" height=\"720\" src=\"https:\/\/quantocustaviajar.com\/blog\/wp-content\/uploads\/2020\/01\/por-do-sol-praia-da-sepultura.jpg\" alt=\"\" class=\"wp-image-40808\" srcset=\"https:\/\/quantocustaviajar.com\/blog\/wp-content\/uploads\/2020\/01\/por-do-sol-praia-da-sepultura.jpg 960w, https:\/\/quantocustaviajar.com\/blog\/wp-content\/uploads\/2020\/01\/por-do-sol-praia-da-sepultura-300x225.jpg 300w, https:\/\/quantocustaviajar.com\/blog\/wp-content\/uploads\/2020\/01\/por-do-sol-praia-da-sepultura-768x576.jpg 768w\" sizes=\"auto, (max-width: 960px) 100vw, 960px\" \/><figcaption>O p\u00f4r do sol traz novas cores \u00e0 bela praia da Sepultura &#8211; Foto: divulga\u00e7\u00e3o\/Ohana Beach Bar<\/figcaption><\/figure><\/div>\n\n\n\n<p>Em Bombinhas, \u00e9 cobrada uma <strong><a href=\"https:\/\/quantocustaviajar.com\/blog\/taxa-ambiental-no-brasil\/\" target=\"_blank\" rel=\"noreferrer noopener\" aria-label=\" (abre numa nova aba)\">taxa de preserva\u00e7\u00e3o ambiental<\/a><\/strong> de cada autom\u00f3vel de pequeno porte que chega \u00e0 cidade, no valor de R$ 27,50 entre  15 de novembro a 15 de abril.<\/p>\n\n\n\n<h3 class=\"wp-block-heading\"><a rel=\"noreferrer noopener\" aria-label=\"Partiu, Bombinhas? (abre numa nova aba)\" href=\"https:\/\/quantocustaviajar.com\/brasil\/bombinhas\" target=\"_blank\">Bombinhas, me espera que eu vou!<\/a><\/h3>\n\n\n\n<figure class=\"wp-block-embed-wordpress wp-block-embed is-type-wp-embed is-provider-blog-quanto-custa-viajar\"><div class=\"wp-block-embed__wrapper\">\n<blockquote class=\"wp-embedded-content\" data-secret=\"wYIcR1Vov4\"><a href=\"https:\/\/quantocustaviajar.com\/blog\/praias-de-bombinhas\/\">Conhe\u00e7a as belas praias de Bombinhas em Santa Catarina!<\/a><\/blockquote><iframe loading=\"lazy\" class=\"wp-embedded-content\" sandbox=\"allow-scripts\" security=\"restricted\" style=\"position: absolute; visibility: hidden;\" title=\"&#8220;Conhe\u00e7a as belas praias de Bombinhas em Santa Catarina!&#8221; &#8212; Blog Quanto Custa Viajar\" src=\"https:\/\/quantocustaviajar.com\/blog\/praias-de-bombinhas\/embed\/#?secret=gcDvtvmhjQ#?secret=wYIcR1Vov4\" data-secret=\"wYIcR1Vov4\" width=\"600\" height=\"338\" frameborder=\"0\" marginwidth=\"0\" marginheight=\"0\" scrolling=\"no\"><\/iframe>\n<\/div><\/figure>\n","protected":false},"excerpt":{"rendered":"<p>Com \u00e1guas cristalinas e cen\u00e1rio paradis\u00edaco, a praia da Sepultura encanta turistas e moradores em Bombinhas, a 75 km de Florian\u00f3polis. \u00c9 considerada uma das mais belas de Santa Catarina, atraindo mergulhadores em busca de cardumes de peixinhos coloridos. O nome da praia, que antes se chamava Praia da Embaixada, faz refer\u00eancia a uma lenda. [&hellip;]<\/p>\n","protected":false},"author":4,"featured_media":40793,"comment_status":"open","ping_status":"open","sticky":false,"template":"","format":"standard","meta":{"cybocfi_hide_featured_image":"","footnotes":""},"categories":[1437],"tags":[268,650,266,234,1281,283,310,187],"class_list":["post-40807","post","type-post","status-publish","format-standard","has-post-thumbnail","hentry","category-ao-ar-livre","tag-aguas-cristalinas","tag-bombinhas","tag-brasil","tag-lua-de-mel","tag-melhores-praias","tag-mergulho","tag-paradisiaca","tag-santa-catarina"],"blocksy_meta":[],"yoast_head":"<!-- This site is optimized with the Yoast SEO plugin v26.3 - https:\/\/yoast.com\/wordpress\/plugins\/seo\/ -->\n<title>Praia da Sepultura: aqu\u00e1rio natural e paradis\u00edaco em Bombinhas<\/title>\n<meta name=\"description\" content=\"Com \u00e1guas cristalinas e cen\u00e1rio paradis\u00edaco, a praia da Sepultura encanta turistas e moradores em Bombinhas, a 75 km de Florian\u00f3polis ...\" \/>\n<meta name=\"robots\" content=\"index, follow, max-snippet:-1, max-image-preview:large, max-video-preview:-1\" \/>\n<link rel=\"canonical\" href=\"https:\/\/quantocustaviajar.com\/blog\/praia-da-sepultura-em-bombinhas\/\" \/>\n<meta property=\"og:locale\" content=\"pt_BR\" \/>\n<meta property=\"og:type\" content=\"article\" \/>\n<meta property=\"og:title\" content=\"Praia da Sepultura: aqu\u00e1rio natural e paradis\u00edaco em Bombinhas\" \/>\n<meta property=\"og:description\" content=\"Com \u00e1guas cristalinas e cen\u00e1rio paradis\u00edaco, a praia da Sepultura encanta turistas e moradores em Bombinhas, a 75 km de Florian\u00f3polis ...\" \/>\n<meta property=\"og:url\" content=\"https:\/\/quantocustaviajar.com\/blog\/praia-da-sepultura-em-bombinhas\/\" \/>\n<meta property=\"og:site_name\" content=\"Blog Quanto Custa Viajar\" \/>\n<meta property=\"article:publisher\" content=\"https:\/\/www.facebook.com\/quantocustaviajar\" \/>\n<meta property=\"article:author\" content=\"https:\/\/www.facebook.com\/brunellapfvr\/posts\" \/>\n<meta property=\"article:published_time\" content=\"2020-01-07T12:28:23+00:00\" \/>\n<meta property=\"article:modified_time\" content=\"2020-01-07T12:42:45+00:00\" \/>\n<meta property=\"og:image\" content=\"https:\/\/quantocustaviajar.com\/blog\/wp-content\/uploads\/2020\/01\/praia-da-sepultura-bombinhas.jpg\" \/>\n\t<meta property=\"og:image:width\" content=\"1500\" \/>\n\t<meta property=\"og:image:height\" content=\"842\" \/>\n\t<meta property=\"og:image:type\" content=\"image\/jpeg\" \/>\n<meta name=\"author\" content=\"Brunella Nunes\" \/>\n<meta name=\"twitter:card\" content=\"summary_large_image\" \/>\n<meta name=\"twitter:label1\" content=\"Escrito por\" \/>\n\t<meta name=\"twitter:data1\" content=\"Brunella Nunes\" \/>\n\t<meta name=\"twitter:label2\" content=\"Est. tempo de leitura\" \/>\n\t<meta name=\"twitter:data2\" content=\"3 minutos\" \/>\n<!-- \/ Yoast SEO plugin. -->","yoast_head_json":{"title":"Praia da Sepultura: aqu\u00e1rio natural e paradis\u00edaco em Bombinhas","description":"Com \u00e1guas cristalinas e cen\u00e1rio paradis\u00edaco, a praia da Sepultura encanta turistas e moradores em Bombinhas, a 75 km de Florian\u00f3polis ...","robots":{"index":"index","follow":"follow","max-snippet":"max-snippet:-1","max-image-preview":"max-image-preview:large","max-video-preview":"max-video-preview:-1"},"canonical":"https:\/\/quantocustaviajar.com\/blog\/praia-da-sepultura-em-bombinhas\/","og_locale":"pt_BR","og_type":"article","og_title":"Praia da Sepultura: aqu\u00e1rio natural e paradis\u00edaco em Bombinhas","og_description":"Com \u00e1guas cristalinas e cen\u00e1rio paradis\u00edaco, a praia da Sepultura encanta turistas e moradores em Bombinhas, a 75 km de Florian\u00f3polis ...","og_url":"https:\/\/quantocustaviajar.com\/blog\/praia-da-sepultura-em-bombinhas\/","og_site_name":"Blog Quanto Custa Viajar","article_publisher":"https:\/\/www.facebook.com\/quantocustaviajar","article_author":"https:\/\/www.facebook.com\/brunellapfvr\/posts","article_published_time":"2020-01-07T12:28:23+00:00","article_modified_time":"2020-01-07T12:42:45+00:00","og_image":[{"width":1500,"height":842,"url":"https:\/\/quantocustaviajar.com\/blog\/wp-content\/uploads\/2020\/01\/praia-da-sepultura-bombinhas.jpg","type":"image\/jpeg"}],"author":"Brunella Nunes","twitter_card":"summary_large_image","twitter_misc":{"Escrito por":"Brunella Nunes","Est. tempo de leitura":"3 minutos"},"schema":{"@context":"https:\/\/schema.org","@graph":[{"@type":["Article","BlogPosting"],"@id":"https:\/\/quantocustaviajar.com\/blog\/praia-da-sepultura-em-bombinhas\/#article","isPartOf":{"@id":"https:\/\/quantocustaviajar.com\/blog\/praia-da-sepultura-em-bombinhas\/"},"author":{"name":"Brunella Nunes","@id":"https:\/\/quantocustaviajar.com\/blog\/#\/schema\/person\/1a6dd3da9d0c0a4be42652b67bea19bb"},"headline":"Praia da Sepultura: aqu\u00e1rio natural e paradis\u00edaco em Bombinhas","datePublished":"2020-01-07T12:28:23+00:00","dateModified":"2020-01-07T12:42:45+00:00","mainEntityOfPage":{"@id":"https:\/\/quantocustaviajar.com\/blog\/praia-da-sepultura-em-bombinhas\/"},"wordCount":602,"commentCount":3,"publisher":{"@id":"https:\/\/quantocustaviajar.com\/blog\/#organization"},"image":{"@id":"https:\/\/quantocustaviajar.com\/blog\/praia-da-sepultura-em-bombinhas\/#primaryimage"},"thumbnailUrl":"https:\/\/quantocustaviajar.com\/blog\/wp-content\/uploads\/2020\/01\/praia-da-sepultura-bombinhas.jpg","keywords":["\u00e1guas cristalinas","bombinhas","Brasil","lua de mel","melhores praias","mergulho","paradis\u00edaca","Santa Catarina"],"articleSection":["Ao Ar Livre"],"inLanguage":"pt-BR","potentialAction":[{"@type":"CommentAction","name":"Comment","target":["https:\/\/quantocustaviajar.com\/blog\/praia-da-sepultura-em-bombinhas\/#respond"]}]},{"@type":"WebPage","@id":"https:\/\/quantocustaviajar.com\/blog\/praia-da-sepultura-em-bombinhas\/","url":"https:\/\/quantocustaviajar.com\/blog\/praia-da-sepultura-em-bombinhas\/","name":"Praia da Sepultura: aqu\u00e1rio natural e paradis\u00edaco em Bombinhas","isPartOf":{"@id":"https:\/\/quantocustaviajar.com\/blog\/#website"},"primaryImageOfPage":{"@id":"https:\/\/quantocustaviajar.com\/blog\/praia-da-sepultura-em-bombinhas\/#primaryimage"},"image":{"@id":"https:\/\/quantocustaviajar.com\/blog\/praia-da-sepultura-em-bombinhas\/#primaryimage"},"thumbnailUrl":"https:\/\/quantocustaviajar.com\/blog\/wp-content\/uploads\/2020\/01\/praia-da-sepultura-bombinhas.jpg","datePublished":"2020-01-07T12:28:23+00:00","dateModified":"2020-01-07T12:42:45+00:00","description":"Com \u00e1guas cristalinas e cen\u00e1rio paradis\u00edaco, a praia da Sepultura encanta turistas e moradores em Bombinhas, a 75 km de Florian\u00f3polis ...","breadcrumb":{"@id":"https:\/\/quantocustaviajar.com\/blog\/praia-da-sepultura-em-bombinhas\/#breadcrumb"},"inLanguage":"pt-BR","potentialAction":[{"@type":"ReadAction","target":["https:\/\/quantocustaviajar.com\/blog\/praia-da-sepultura-em-bombinhas\/"]}]},{"@type":"ImageObject","inLanguage":"pt-BR","@id":"https:\/\/quantocustaviajar.com\/blog\/praia-da-sepultura-em-bombinhas\/#primaryimage","url":"https:\/\/quantocustaviajar.com\/blog\/wp-content\/uploads\/2020\/01\/praia-da-sepultura-bombinhas.jpg","contentUrl":"https:\/\/quantocustaviajar.com\/blog\/wp-content\/uploads\/2020\/01\/praia-da-sepultura-bombinhas.jpg","width":1500,"height":842,"caption":"Foto: Setur\/Bombinhas"},{"@type":"BreadcrumbList","@id":"https:\/\/quantocustaviajar.com\/blog\/praia-da-sepultura-em-bombinhas\/#breadcrumb","itemListElement":[{"@type":"ListItem","position":1,"name":"In\u00edcio","item":"https:\/\/quantocustaviajar.com\/blog\/"},{"@type":"ListItem","position":2,"name":"Praia da Sepultura: aqu\u00e1rio natural e paradis\u00edaco em Bombinhas"}]},{"@type":"WebSite","@id":"https:\/\/quantocustaviajar.com\/blog\/#website","url":"https:\/\/quantocustaviajar.com\/blog\/","name":"Blog Quanto Custa Viajar","description":"","publisher":{"@id":"https:\/\/quantocustaviajar.com\/blog\/#organization"},"potentialAction":[{"@type":"SearchAction","target":{"@type":"EntryPoint","urlTemplate":"https:\/\/quantocustaviajar.com\/blog\/?s={search_term_string}"},"query-input":{"@type":"PropertyValueSpecification","valueRequired":true,"valueName":"search_term_string"}}],"inLanguage":"pt-BR"},{"@type":"Organization","@id":"https:\/\/quantocustaviajar.com\/blog\/#organization","name":"Quanto Custa Viajar","url":"https:\/\/quantocustaviajar.com\/blog\/","logo":{"@type":"ImageObject","inLanguage":"pt-BR","@id":"https:\/\/quantocustaviajar.com\/blog\/#\/schema\/logo\/image\/","url":"","contentUrl":"","caption":"Quanto Custa Viajar"},"image":{"@id":"https:\/\/quantocustaviajar.com\/blog\/#\/schema\/logo\/image\/"},"sameAs":["https:\/\/www.facebook.com\/quantocustaviajar"]},{"@type":"Person","@id":"https:\/\/quantocustaviajar.com\/blog\/#\/schema\/person\/1a6dd3da9d0c0a4be42652b67bea19bb","name":"Brunella Nunes","image":{"@type":"ImageObject","inLanguage":"pt-BR","@id":"https:\/\/quantocustaviajar.com\/blog\/#\/schema\/person\/image\/","url":"https:\/\/secure.gravatar.com\/avatar\/05b28dfb8a3cc7ee0dba6feefa5677f05be6d7bf4b017728fd38499092f9c282?s=96&d=mm&r=g","contentUrl":"https:\/\/secure.gravatar.com\/avatar\/05b28dfb8a3cc7ee0dba6feefa5677f05be6d7bf4b017728fd38499092f9c282?s=96&d=mm&r=g","caption":"Brunella Nunes"},"description":"Quando n\u00e3o est\u00e1 viajando pelo mundo, est\u00e1 viajando nas ideias.","sameAs":["https:\/\/www.facebook.com\/brunellapfvr\/posts","https:\/\/www.linkedin.com\/in\/brunellanunes\/"],"url":"https:\/\/quantocustaviajar.com\/blog\/author\/equipe\/"}]}},"_links":{"self":[{"href":"https:\/\/quantocustaviajar.com\/blog\/wp-json\/wp\/v2\/posts\/40807","targetHints":{"allow":["GET"]}}],"collection":[{"href":"https:\/\/quantocustaviajar.com\/blog\/wp-json\/wp\/v2\/posts"}],"about":[{"href":"https:\/\/quantocustaviajar.com\/blog\/wp-json\/wp\/v2\/types\/post"}],"author":[{"embeddable":true,"href":"https:\/\/quantocustaviajar.com\/blog\/wp-json\/wp\/v2\/users\/4"}],"replies":[{"embeddable":true,"href":"https:\/\/quantocustaviajar.com\/blog\/wp-json\/wp\/v2\/comments?post=40807"}],"version-history":[{"count":3,"href":"https:\/\/quantocustaviajar.com\/blog\/wp-json\/wp\/v2\/posts\/40807\/revisions"}],"predecessor-version":[{"id":40870,"href":"https:\/\/quantocustaviajar.com\/blog\/wp-json\/wp\/v2\/posts\/40807\/revisions\/40870"}],"wp:featuredmedia":[{"embeddable":true,"href":"https:\/\/quantocustaviajar.com\/blog\/wp-json\/wp\/v2\/media\/40793"}],"wp:attachment":[{"href":"https:\/\/quantocustaviajar.com\/blog\/wp-json\/wp\/v2\/media?parent=40807"}],"wp:term":[{"taxonomy":"category","embeddable":true,"href":"https:\/\/quantocustaviajar.com\/blog\/wp-json\/wp\/v2\/categories?post=40807"},{"taxonomy":"post_tag","embeddable":true,"href":"https:\/\/quantocustaviajar.com\/blog\/wp-json\/wp\/v2\/tags?post=40807"}],"curies":[{"name":"wp","href":"https:\/\/api.w.org\/{rel}","templated":true}]}}