{"id":40771,"date":"2020-01-06T14:23:13","date_gmt":"2020-01-06T14:23:13","guid":{"rendered":"https:\/\/quantocustaviajar.com\/blog\/?p=40771"},"modified":"2021-08-02T19:49:38","modified_gmt":"2021-08-02T19:49:38","slug":"brasil-sobe-no-ranking-de-praias-bandeira-azul","status":"publish","type":"post","link":"https:\/\/quantocustaviajar.com\/blog\/brasil-sobe-no-ranking-de-praias-bandeira-azul\/","title":{"rendered":"Brasil sobe no ranking de praias com qualidade; saiba quais possuem Bandeira Azul neste\u00a0ver\u00e3o"},"content":{"rendered":"\n<p>A costa brasileira conta com 7.367 km, mas o n\u00famero de praias com qualidade n\u00e3o \u00e9 dos mais satisfat\u00f3rios. Neste ver\u00e3o,<strong> apenas 14 praias das 2.095 totais possuem o selo Bandeira Azul<\/strong>, que analisa e reconhece os locais prop\u00edcios para banho.<\/p>\n\n\n\n<p>Reconhecido por suas belezas naturais, o Brasil ainda precisa refor\u00e7ar <strong>a\u00e7\u00f5es de sustentabilidade<\/strong> para garantir que suas maiores riquezas ambientais e tur\u00edsticas tenham vida \u00fatil e prolongada.&nbsp;A partir da qualidade da \u00e1gua \u00e9 poss\u00edvel mensurar o qu\u00e3o saud\u00e1vel est\u00e1 todo o ecossistema que comp\u00f5e aquele determinado trecho de litoral.&nbsp;<\/p>\n\n\n\n<p>A pequena quantidade, por\u00e9m, n\u00e3o tem rela\u00e7\u00e3o apenas com a car\u00eancia de iniciativas sustent\u00e1veis, mas tamb\u00e9m com a <strong>baixa ades\u00e3o ao programa<\/strong> por parte dos gestores governamentais, que talvez n\u00e3o saibam ou n\u00e3o queiram se comprometer com as medidas a serem cumpridas de acordo com a iniciativa.<\/p>\n\n\n\n<p>Para a temporada de veraneio 2019\/2020, o j\u00fari internacional avaliou em reuni\u00e3o em Copenhagen (Dinamarca) que <strong>todos os 20 inscritos, entre praias e marinas, no programa de qualifica\u00e7\u00e3o foram aprovados<\/strong>, o que \u00e9 um \u00edndice positivo para os padr\u00f5es brasileiros. <\/p>\n\n\n\n<p>O estado de <strong><a rel=\"noreferrer noopener\" aria-label=\" (abre numa nova aba)\" href=\"https:\/\/quantocustaviajar.com\/blog\/lugares-para-conhecer-no-interior-de-santa-catarina\/\" target=\"_blank\">Santa Catarina<\/a><\/strong> \u00e9 tido como exemplo a ser seguido. S\u00e3o 8 praias com qualidade certificada globalmente. Algumas delas passam a aderir ao selo, enquanto outras est\u00e3o renovando, como \u00e9 o caso das praias de <a rel=\"noreferrer noopener\" aria-label=\" (abre numa nova aba)\" href=\"https:\/\/quantocustaviajar.com\/brasil\/balneario-camboriu\" target=\"_blank\">Balne\u00e1rio Cambori\u00fa<\/a>. O case de sucesso ser\u00e1 apresentado no Piau\u00ed. Enquanto isso, <strong><a href=\"https:\/\/quantocustaviajar.com\/brasil\/jericoacoara\" target=\"_blank\" rel=\"noreferrer noopener\" aria-label=\" (abre numa nova aba)\">Jericoacoara<\/a> entra como a primeira praia cearense a receber a Bandeira Azul.&nbsp;<\/strong><\/p>\n\n\n\n<blockquote class=\"wp-block-quote is-style-large is-layout-flow wp-block-quote-is-layout-flow\"><p>Confira abaixo todas as aprovadas:<\/p><\/blockquote>\n\n\n\n<p><strong><a href=\"https:\/\/quantocustaviajar.com\/blog\/guia-do-guaruja-litoral-paulista\/\" target=\"_blank\" rel=\"noreferrer noopener\" aria-label=\" (abre numa nova aba)\">Praia do Tombo, Guaruj\u00e1 (SP)<\/a><br><\/strong><br>Atraindo surfistas e amantes da natureza, a bela praia \u00e9 urbana, mas fica mais isolada, o que garante a sinaliza\u00e7\u00e3o Bandeira Azul de qualidade ambiental. Ou seja, \u00e9 menos polu\u00edda do que as demais. Ainda dentro de seus pontos positivos est\u00e1 o fato de reunir certa estrutura nos arredores, contando com hospedagens e op\u00e7\u00f5es gastron\u00f4micas.<\/p>\n\n\n\n<p><strong>Prainha, Rio de Janeiro (RJ)<\/strong><br><strong><br><\/strong>Pequenina, a Prainha com apenas 700 metros de extens\u00e3o fica no final da praia do Recreio, mas ostenta um belo visual, rodeada por morros e vegeta\u00e7\u00e3o t\u00edpica da Mata Atl\u00e2ntica. No mar, os surfistas aproveitam para se jogar nas ondas e reabastecer as energias com suco ou a\u00e7a\u00ed vendidos no quiosques.<\/p>\n\n\n\n<p><strong><a href=\"https:\/\/quantocustaviajar.com\/blog\/ilha-dos-frades-salvador-bahia\/\" target=\"_blank\" rel=\"noreferrer noopener\" aria-label=\"Praia da Ponta de Nossa Senhora do Guadalupe, Salvador (BA)\n (abre numa nova aba)\">Praia da Ponta de Nossa Senhora do Guadalupe, Salvador (BA)<br><\/a><\/strong><br>A praia \u00e9 a menina dos olhos e a mais frequentada da exuberante <a href=\"https:\/\/quantocustaviajar.com\/blog\/ilha-dos-frades-salvador-bahia\/\">Ilha dos Frades<\/a>, em Salvador. Beleza ela tem de sobra, com \u00e1guas azuis, mornas e cristalinas, uma faixa de mata nativa, mirante e, de quebra, um \u00f3timo restaurante. Recentemente foram implementadas melhorias na acessibilidade, requalifica\u00e7\u00e3o dos banheiros e dos com\u00e9rcios de praia, implanta\u00e7\u00e3o de sinaliza\u00e7\u00e3o ambiental, o que garantiu a Bandeira Azul.<\/p>\n\n\n\n<div class=\"wp-block-image\"><figure class=\"aligncenter\"><img loading=\"lazy\" decoding=\"async\" width=\"800\" height=\"600\" src=\"https:\/\/quantocustaviajar.com\/blog\/wp-content\/uploads\/2019\/05\/ilha-dos-frades-1.jpg\" alt=\"ilha dos frades bahia\" class=\"wp-image-34438\" srcset=\"https:\/\/quantocustaviajar.com\/blog\/wp-content\/uploads\/2019\/05\/ilha-dos-frades-1.jpg 800w, https:\/\/quantocustaviajar.com\/blog\/wp-content\/uploads\/2019\/05\/ilha-dos-frades-1-300x225.jpg 300w, https:\/\/quantocustaviajar.com\/blog\/wp-content\/uploads\/2019\/05\/ilha-dos-frades-1-768x576.jpg 768w\" sizes=\"auto, (max-width: 800px) 100vw, 800px\" \/><figcaption>Foto: <a href=\"https:\/\/commons.wikimedia.org\/wiki\/File:Vista_superior_Ilha_dos_Frades.jpg\" target=\"_blank\" rel=\"noopener noreferrer\">Wikimedia Commons<\/a><\/figcaption><\/figure><\/div>\n\n\n\n<p><strong>Praia da Lagoa do Peri, Florian\u00f3polis (SC)<br><\/strong><br>Considerada a melhor praia para crian\u00e7as em Florian\u00f3polis, a Lagoa do Peri conta com \u00e1gua doce, calma, quente e cristalina. Ou seja, garante divers\u00e3o sem preocupa\u00e7\u00f5es para a fam\u00edlia toda, al\u00e9m de contar com boa estrutura para camping e atender \u00e0s demandas da Bandeira Azul, que garantem sua qualidade ambiental.&nbsp;<\/p>\n\n\n\n<p><strong>Praia Grande, <a href=\"https:\/\/quantocustaviajar.com\/blog\/governador-celso-ramos-sc\/\">Governador Celso Ramos<\/a> (SC)<br><\/strong><br> Com uma grande faixa de areia clarinha e mar limpo, a praia Grande j\u00e1 foi a \u00fanica do Sul a ter o selo Bandeira Azul na temporada de ver\u00e3o entre 2017 e 2018. \u00c9 bem movimentada durante os dias quentes e praticamente deserta depois que a esta\u00e7\u00e3o se encerra. Possui bares e restaurantes pr\u00f3ximos.&nbsp; <\/p>\n\n\n\n<p><strong>Praia do Per\u00f3, Cabo Frio (RJ) <br><\/strong><br>Cabo Frio tem praias muito bonitas, mas apenas a do Per\u00f3 tem o privil\u00e9gio de hastear a Bandeira Azul. Ao longo de seus 7 km de extens\u00e3o se encontram v\u00e1rios elementos que a tornam perfeita para curtir o dia: dunas, \u00e1guas limpas, com ondas e temperatura agrad\u00e1vel, peixes e quiosques \u00e0 beira-mar.&nbsp;<\/p>\n\n\n\n<p><strong>Praia do Estaleiro, Balne\u00e1rio Cambori\u00fa (SC)<br><\/strong><br>Depois de passar pela instala\u00e7\u00e3o e recupera\u00e7\u00e3o de equipamentos, a praia do Estaleiro voltou a brilhar. Agora conta com passarelas, decks e postos de guarda-vidas reformados; banheiro, chuveiro, lixeiras e placas informativas instaladas. A praia rodeada por vegeta\u00e7\u00e3o tem uma faixa de areia dourada e mar com ondas boas para os esportes n\u00e1uticos.<\/p>\n\n\n\n<p><strong><a href=\"https:\/\/quantocustaviajar.com\/blog\/pousada-magnus-hospedagem-balneario-camboriu\/\" target=\"_blank\" rel=\"noreferrer noopener\" aria-label=\" (abre numa nova aba)\">Praia do Estaleirinho, Balne\u00e1rio Cambori\u00fa (SC)<br><\/a><\/strong><br>Passando pelas mesmas a\u00e7\u00f5es que a praia vizinha, a Estaleirinho ganha esse nome por ser menor, tendo apenas 700 metros de extens\u00e3o. \u00c9 tranquila, mas o mar \u00e9 mais agitado, com ondas que permitem a pr\u00e1tica de surf. Conta ainda com bares e restaurantes nas proximidades.&nbsp;<\/p>\n\n\n\n<p><strong>Praia de Pi\u00e7arras, Balne\u00e1rio Pi\u00e7arras (SC)<br><\/strong><br>A cidade de Pi\u00e7arras \u00e9 uma das mais tranquilas do Estado, e guarda consigo uma praia com \u00f3tima balneabilidade. Atrai muitos turistas e moradores durante o ver\u00e3o, enquanto no inverno acolhe apenas pescadores. \u00c9 ideal para caminhadas, pr\u00e1tica de esportes e fam\u00edlias com crian\u00e7as, j\u00e1 que o mar parece mais uma piscina de t\u00e3o calmo.<\/p>\n\n\n\n<p><strong>Praia de Guarajuba, Cama\u00e7ari (BA)<br><\/strong><br>Concorrendo junto com Itacimirim, na Costa de Cama\u00e7ari, a praia de Guarajuba \u00e9 uma das mais frequentadas do litoral Norte baiano. Tem mar calmo, quiosques e restaurantes, sendo atraente para as fam\u00edlias. A praia teve um banheiro removido recentemente, por n\u00e3o atender \u00e0 legisla\u00e7\u00e3o e ocupar a faixa de areia. A prefeitura prometeu novos banheiros, mais adequados, para atender a popula\u00e7\u00e3o, e enfrenta constantemente a ocupa\u00e7\u00e3o irregular do local.&nbsp;<\/p>\n\n\n\n<p><strong><a href=\"https:\/\/quantocustaviajar.com\/blog\/praias-de-bombinhas\/\" target=\"_blank\" rel=\"noreferrer noopener\" aria-label=\"Praia de Quatro Ilhas, Bombinhas (SC)\n (abre numa nova aba)\">Praia de Quatro Ilhas, Bombinhas (SC)<br><\/a><\/strong><br>Tamb\u00e9m chamada de Praia de Fora, a praia de 1 km de extens\u00e3o atrai tanto jovens em busca de divers\u00e3o quanto fam\u00edlias. Re\u00fane dois opostos em suas extremidades: do lado direito, surfistas a fim de boas ondas; \u00e0 esquerda, o mar mais calmo permite que adeptos do snorkeling e stand up paddle tenham vez. Op\u00e7\u00f5es de restaurantes, quiosques e hospedagem est\u00e3o dispon\u00edveis. Na pracinha da orla, h\u00e1 academia ao ar livre, playground e um belo mirante.<\/p>\n\n\n\n<p><strong>Praia de Mariscal, Bombinhas (SC)<br><\/strong><br>A praia emoldurada pela restinga preservada apresenta uma beleza sem igual, apreciada por banhistas, surfistas, pescadores e adeptos de uma boa caminhada. Urbanizada, tem cerca de 2 km de extens\u00e3o, formado por areia branquinha e \u00e1guas cristalinas, que formam ondas ideais para o surf.&nbsp;<\/p>\n\n\n\n<p><strong><a href=\"https:\/\/quantocustaviajar.com\/blog\/jericoacoara-10-mais-belas-praias-do-mundo\/\" target=\"_blank\" rel=\"noreferrer noopener\" aria-label=\" (abre numa nova aba)\">Praia da Malhada, Jijoca de Jericoacoara (CE)<br><\/a><\/strong><br>Colocando Jeri na lista, a praia da Malhada tem uma paisagem exuberante, rodeada de pedras banhadas por \u00e1guas claras, que formam piscinas naturais durante a mar\u00e9 baixa. O mar exige certo cuidado por causa das rochas e das ondas, que atraem os surfistas. Por ser mais isolada, atrai moradores que fogem da badala\u00e7\u00e3o. N\u00e3o h\u00e1 quiosques ou restaurantes.<\/p>\n\n\n\n<div class=\"wp-block-image\"><figure class=\"aligncenter\"><img loading=\"lazy\" decoding=\"async\" width=\"650\" height=\"433\" src=\"https:\/\/quantocustaviajar.com\/blog\/wp-content\/uploads\/2015\/11\/jericoacoara-yuri-kiddo-20.jpg\" alt=\"\" class=\"wp-image-3472\" srcset=\"https:\/\/quantocustaviajar.com\/blog\/wp-content\/uploads\/2015\/11\/jericoacoara-yuri-kiddo-20.jpg 650w, https:\/\/quantocustaviajar.com\/blog\/wp-content\/uploads\/2015\/11\/jericoacoara-yuri-kiddo-20-300x200.jpg 300w, https:\/\/quantocustaviajar.com\/blog\/wp-content\/uploads\/2015\/11\/jericoacoara-yuri-kiddo-20-400x266.jpg 400w\" sizes=\"auto, (max-width: 650px) 100vw, 650px\" \/><figcaption>Foto: Yuri Kiddo\/cedida ao Quanto Custa Viajar<\/figcaption><\/figure><\/div>\n\n\n\n<p><strong>Praia da Saudade (Prainha), <a href=\"https:\/\/quantocustaviajar.com\/blog\/sao-francisco-do-sul-guia-completo\/\">S\u00e3o Francisco do Sul<\/a> (SC)<br><\/strong><br>Com ondas agitadas e ventos favor\u00e1veis para o surf, a chamada Prainha atrai n\u00e3o apenas os adeptos do esporte, mas tamb\u00e9m pessoas que querem contemplar seu belo visual, cercado por dois cost\u00f5es, \u00e1guas esverdeadas e areia branquinha. Os bares ficam cheios durante a alta temporada, atraindo especialmente o p\u00fablico jovem, seja de dia ou de noite.<\/p>\n\n\n\n<h2 class=\"wp-block-heading\">Como funciona a Bandeira&nbsp;Azul<\/h2>\n\n\n\n<p>Com in\u00edcio em 1985 na Fran\u00e7a e expans\u00e3o em 1987 para outros pa\u00edses da Europa, o programa Bandeira Azul foi criado pela FEE\u200a -\u200a <a href=\"http:\/\/www.fee.global\" target=\"_blank\" rel=\"noreferrer noopener\" aria-label=\"Foundation for Environmental Education (abre numa nova aba)\">Foundation for Environmental Education<\/a> para garantir uma certifica\u00e7\u00e3o de car\u00e1ter socioambiental ao redor do mundo, tornando-se ao longo dos anos um respeitado r\u00f3tulo ecol\u00f3gico.<\/p>\n\n\n\n<p>Desta maneira, estimula pr\u00e1ticas sustent\u00e1veis em orlas mar\u00edtimas, fluviais e lacustres, com o intuito de <strong><a href=\"https:\/\/quantocustaviajar.com\/blog\/turismo-consciente-urgente\/\" target=\"_blank\" rel=\"noreferrer noopener\" aria-label=\"aumentar a conscientiza\u00e7\u00e3o dos cidad\u00e3os e gestores (abre numa nova aba)\">aumentar a conscientiza\u00e7\u00e3o dos cidad\u00e3os e gestores<\/a><\/strong>, voltando o olhar para a prote\u00e7\u00e3o do ambiente marinho e costeiro e incentivando a\u00e7\u00f5es que conduzam \u00e0 resolu\u00e7\u00e3o dos conflitos existentes.<\/p>\n\n\n\n<p>A cada temporada os locais de interesse devem cumprir <strong>um conjunto de 34 requisitos<\/strong> de qualidade socioambiental, divididos em quatro grupos: educa\u00e7\u00e3o e informa\u00e7\u00e3o ambiental, qualidade da \u00e1gua, gest\u00e3o ambiental e seguran\u00e7a e servi\u00e7os.<\/p>\n\n\n\n<p>O selo n\u00e3o apenas garante que seja hasteada a Bandeira Azul nos lugares selecionados pelo j\u00fari internacional, como tamb\u00e9m os valoriza nos \u00e2mbitos ambiental, social, econ\u00f4mico e imobili\u00e1rio, impactando na qualidade de vida dos moradores. Al\u00e9m disso, com o reconhecimento internacional, acaba atraindo mais visitas e ampliando os investidores.<\/p>\n\n\n\n<p>Para <strong>Jos\u00e9 Archer<\/strong>, presidente Associa\u00e7\u00e3o <a rel=\"noreferrer noopener\" aria-label=\"Bandeira Azul da Europa (abre numa nova aba)\" href=\"https:\/\/www.blueflag.global\/\" target=\"_blank\">Bandeira Azul da Europa<\/a>, uma praia sem o selo n\u00e3o \u00e9 necessariamente sem qualidade, mas o programa garante a qualidade da mesma, gerando mais confian\u00e7a por parte dos visitantes, al\u00e9m de impulsionar as boas pr\u00e1ticas. <em>&#8220;<strong>A implementa\u00e7\u00e3o do programa \u00e9 um instrumento de press\u00e3o positiva para a altera\u00e7\u00e3o de comportamentos a n\u00edvel individual e coletivo<\/strong>. Sempre acaba ficando alguma coisa dessa participa\u00e7\u00e3o e muitas vezes \u00e9 o mote para a mudan\u00e7a&#8221;<\/em>, disse ao Quanto Custa Viajar.<\/p>\n\n\n\n<blockquote class=\"wp-block-quote is-style-large is-layout-flow wp-block-quote-is-layout-flow\"><p>A Bandeira Azul est\u00e1 em 4.573 praias e marinas em 47 pa\u00edses<\/p><\/blockquote>\n\n\n\n<p>O advogado vive em <strong>Portugal, onde existem atualmente mais de 300 praias com a certifica\u00e7\u00e3o<\/strong>. A melhoria das condi\u00e7\u00f5es das praias lusitanas ao longo de 30 anos se deve a alguns fatores, como investimentos em sistemas tratamento de \u00e1guas residuais; ordenamento do territ\u00f3rio atrav\u00e9s dos POOC (Planos de Ordenamento da Orla Costeira); implementa\u00e7\u00e3o dos sistemas de recolha de res\u00edduos e de limpeza de praias; e manuten\u00e7\u00e3o das instala\u00e7\u00f5es e equipamentos.<\/p>\n\n\n\n<blockquote class=\"wp-block-quote is-layout-flow wp-block-quote-is-layout-flow\"><p><em>&#8220;<strong>Com todos os desafios que as altera\u00e7\u00f5es clim\u00e1ticas nos colocam, qualquer governo tem a obriga\u00e7\u00e3o de estabelecer metas e objetivos para os pr\u00f3ximos 10 ou 20 anos<\/strong> que nos orientem nessa dire\u00e7\u00e3o e caminhada da sustentabilidade. Cabe tamb\u00e9m aos cidad\u00e3os fazerem o acompanhamento da implementa\u00e7\u00e3o destas politicas e pressionar os governantes para n\u00e3o se desviarem dos objetivos.&#8221;<\/em><\/p><\/blockquote>\n\n\n\n<p>O programa chegou ao Brasil em 2004 e segue em opera\u00e7\u00e3o pelo <a href=\"http:\/\/www.bandeiraazul.org.br\" target=\"_blank\" rel=\"noreferrer noopener\" aria-label=\" (abre numa nova aba)\">IAR\u200a-\u200aInstituto Ambientes em Rede<\/a>. Entre as premissas que determinam as praias com qualidade est\u00e3o <strong>balneabilidade, gest\u00e3o ambiental, educa\u00e7\u00e3o ambiental e seguran\u00e7a<\/strong>.<\/p>\n\n\n\n<p>Segundo a diretora t\u00e9cnica do programa no Brasil, <strong>Leana Bernardi<\/strong>, em geral o interesse pelo programa vem crescendo no pa\u00eds, mas o n\u00famero de ades\u00e3o ainda \u00e9 bem baixo.<\/p>\n\n\n\n<p><em><strong>&#8220;Todos os temas s\u00e3o importantes. Mas sem saneamento e com ocupa\u00e7\u00f5es irregulares nas praias n\u00e3o h\u00e1 Bandeira Azul&#8221;<\/strong><\/em>, afirma em entrevista para o Quanto Custa Viajar. &#8220;<em>A certifica\u00e7\u00e3o tem mais sucesso quando o gestor p\u00fablico est\u00e1 comprometido, independente de sua motiva\u00e7\u00e3o ser sustentabilidade, turismo ou outros. A renova\u00e7\u00e3o do selo depende de como os gestores promovem o cumprimento de todos os crit\u00e9rios.&#8221;<\/em><\/p>\n\n\n\n<p>A especialista em gest\u00e3o ambiental acredita embora a Europa tenha bons resultados em suas iniciativas, \u00e9 preciso entender as limita\u00e7\u00f5es brasileiras antes de fazer compara\u00e7\u00f5es. &#8220;<em>Nem tudo que \u00e9 realizado fora do pa\u00eds pode ser aplicado a nossa realidade. Cada pa\u00eds tem sua legisla\u00e7\u00e3o e cultura espec\u00edfica<\/em>&#8220;. Ela destaca, por\u00e9m, que <a href=\"https:\/\/quantocustaviajar.com\/blog\/lugares-para-conhecer-no-interior-de-santa-catarina\/\">Santa Catarina<\/a> pode ser considerado um exemplo em \u00e2mbito nacional. <\/p>\n\n\n\n<p>Para uma praia participar e ser eleita, \u00e9 preciso seguir alguns requisitos, como ter ao menos um ponto de coleta para an\u00e1lise de qualidade de \u00e1gua. Autoridades e gestores s\u00e3o ent\u00e3o desafiados a alcan\u00e7ar altos padr\u00f5es de qualidade, que v\u00e3o da limpeza \u00e0 <a href=\"https:\/\/quantocustaviajar.com\/blog\/como-e-a-acessibilidade-no-turismo-do-brasil-e-ao-redor-do-mundo\/\" target=\"_blank\" rel=\"noreferrer noopener\" aria-label=\"acessibilidade (abre numa nova aba)\">acessibilidade<\/a>.<\/p>\n\n\n\n<p>No Brasil, a Bandeira Azul atua por temporadas regionais: Sul e Sudeste de dezembro a mar\u00e7o; Norte e Nordeste anual; praias fluviais do Norte de junho a setembro; praias fluviais do Centro em datas a serem definidas.&nbsp;<\/p>\n\n\n\n<h3 class=\"wp-block-heading\">O que nos impede de ser melhores?<\/h3>\n\n\n\n<p>Certamente, uma jun\u00e7\u00e3o de fatores complica as condi\u00e7\u00f5es ambientais do Brasil, a come\u00e7ar pela <strong>falta de saneamento b\u00e1sico nas praias<\/strong>, um dos principais motivos que as tornam impr\u00f3prias para banho. <\/p>\n\n\n\n<p>\u00c9 um problema de gest\u00e3o somado \u00e0 educa\u00e7\u00e3o da popula\u00e7\u00e3o, que resulta em desarmonia ambiental. Assim como demanda a sustentabilidade, est\u00e1 tudo intrinsecamente ligado pois uma coisa depende da outra para funcionar plenamente.<\/p>\n\n\n\n<p><strong>Apenas 45% do esgoto no Brasil \u00e9 tratado<\/strong>, de acordo com estudos do <a href=\"http:\/\/www.tratabrasil.org.br\/\" target=\"_blank\" rel=\"noreferrer noopener\" aria-label=\"Instituto Trata Brasil (abre numa nova aba)\">Instituto Trata Brasil<\/a>. <strong>A natureza acaba recebendo 55% da polui\u00e7\u00e3o gerada pelas pessoas.<\/strong> <em>&#8220;Em dias de chuva em S\u00e3o Paulo, o rio Pinheiros fica cheio de garrafas PET que n\u00e3o foram descartadas apropriadamente. A economia circular tamb\u00e9m n\u00e3o \u00e9 fomentada&#8221;<\/em>, aponta o doutor o em Ci\u00eancias Biol\u00f3gicas do Instituto Oceanogr\u00e1fico da Universidade de S\u00e3o Paulo (IOUSP), <strong>Alexander Turra<\/strong>. <\/p>\n\n\n\n<p><em>&#8220;<strong>Os problemas ambientais s\u00e3o bastante complexos. N\u00e3o se resumem \u00e0 banimento de canudo, muito pelo contr\u00e1rio<\/strong>. \u00c9 uma discuss\u00e3o profunda que envolve mudan\u00e7a de comportamento, de postura do governo e da iniciativa privada&#8221;<\/em>.<\/p>\n\n\n\n<p>Os dados do Sistema Nacional de Informa\u00e7\u00f5es sobre Saneamento (SNIS) foram divulgados apenas em 2018, mas correspondem ao ano de 2016. Na \u00e9poca, foi constatado que <strong>mais de 100 milh\u00f5es de pessoas n\u00e3o t\u00eam saneamento b\u00e1sico no pa\u00eds<\/strong>, o que significa que parte delas sequer possui um vaso sanit\u00e1rio em casa. <strong>O acesso \u00e0 algo t\u00e3o b\u00e1sico como a \u00e1gua pot\u00e1vel tamb\u00e9m n\u00e3o chega a 35 milh\u00f5es de brasileiros<\/strong>. Seria preocupante se n\u00e3o fosse desesperador o tamanho da desigualdade\u2026<\/p>\n\n\n\n<p><strong>A coleta de esgoto em n\u00fameros, por regi\u00e3o:<\/strong><\/p>\n\n\n\n<ul class=\"wp-block-list\"><li>Norte: 10% <\/li><li>Nordeste, 26%<\/li><li>Sul: menos de 44%<\/li><li>Centro-Oeste: 53%<\/li><li>Sudeste: 78%<\/li><\/ul>\n\n\n\n<div class=\"wp-block-image\"><figure class=\"aligncenter\"><img loading=\"lazy\" decoding=\"async\" width=\"960\" height=\"960\" src=\"https:\/\/quantocustaviajar.com\/blog\/wp-content\/uploads\/2020\/01\/saneamento-basico-praias-brasil.jpg\" alt=\"\" class=\"wp-image-40795\" srcset=\"https:\/\/quantocustaviajar.com\/blog\/wp-content\/uploads\/2020\/01\/saneamento-basico-praias-brasil.jpg 960w, https:\/\/quantocustaviajar.com\/blog\/wp-content\/uploads\/2020\/01\/saneamento-basico-praias-brasil-150x150.jpg 150w, https:\/\/quantocustaviajar.com\/blog\/wp-content\/uploads\/2020\/01\/saneamento-basico-praias-brasil-300x300.jpg 300w, https:\/\/quantocustaviajar.com\/blog\/wp-content\/uploads\/2020\/01\/saneamento-basico-praias-brasil-768x768.jpg 768w\" sizes=\"auto, (max-width: 960px) 100vw, 960px\" \/><figcaption>Foto: reprodu\u00e7\u00e3o\/Instituto Trata Brasil<\/figcaption><\/figure><\/div>\n\n\n\n<p><strong>Tais n\u00fameros afetam n\u00e3o apenas a qualidade de vida e a sa\u00fade da popula\u00e7\u00e3o, mas tamb\u00e9m chega aos destinos de f\u00e9rias <\/strong>de tantas outras, simbolizando que existe uma conex\u00e3o entre todos os habitantes, independente de sua situa\u00e7\u00e3o econ\u00f4mica.<\/p>\n\n\n\n<p>Caso o pa\u00eds universalizasse os servi\u00e7os de saneamento b\u00e1sico, o que seria feito <strong>ao longo de 20 anos, seriam ganhos R$ 7 bilh\u00f5es em turismo<\/strong> de acordo com o estudo de proje\u00e7\u00e3o realizada pelo CEBDS (Conselho Empresarial Brasileiro para o Desenvolvimento Sustent\u00e1vel) em parceria com o Trata Brasil. Com praias pr\u00f3prias para banho tamb\u00e9m h\u00e1 gera\u00e7\u00e3o de emprego. S\u00f3 no Rio Grande do Norte seriam criados mais de 18 mil postos de trabalho caso a situa\u00e7\u00e3o se regulamentasse.<\/p>\n\n\n\n<blockquote class=\"wp-block-quote is-layout-flow wp-block-quote-is-layout-flow\"><p><em>&#8220;Podemos dizer que o saneamento impacta a qualidade da \u00e1gua e da areia para banho e recrea\u00e7\u00e3o. O \u00f3leo \u00e9 outra quest\u00e3o, al\u00e9m de outros tipos de acidentes, como o rompimento da barragem de Mariana que contaminou as praias com metais e sedimentos de origem diferente, levando a um preju\u00edzo.&#8221;<\/em><\/p><\/blockquote>\n\n\n\n<p>Os impactos ambientais s\u00e3o explicados e refor\u00e7ados bi\u00f3logo. Turra conta que praias urbanizadas, com ruas, quiosques e pr\u00e9dios, come\u00e7am a sofrer um processo de eros\u00e3o devido a falta de din\u00e2mica sedimentar, ou seja, a intera\u00e7\u00e3o entre os elementos que a comp\u00f5em, como ventos, \u00e1gua e areia.<\/p>\n\n\n\n<p><strong>O desequil\u00edbrio causado pela presen\u00e7a humana ou estrutural pode acabar nos deixando sem praia futuramente<\/strong>. &#8220;<em>S\u00e3o v\u00e1rios fatores, desde o pisoteio na areia, que \u00e9 repleta de microorganismos, at\u00e9 a ocupa\u00e7\u00e3o irregular e as usinas, que alteram o fluxo das \u00e1guas. A soma de tudo isso faz com que a gente n\u00e3o tenha biodiversidade ocupando o local e, portanto, n\u00e3o exista mais a praia<\/em>&#8220;. <\/p>\n\n\n\n<p>Com a gera\u00e7\u00e3o de lixo, o problema maior no fundo do mar acaba sendo a ingest\u00e3o de materiais e o emaranhamento de uma rede de pesca. <strong>Micropl\u00e1sticos acabam afetando muito mais organismos do que os itens maiores, amea\u00e7ando as esp\u00e9cies marinhas<\/strong>.<\/p>\n\n\n\n<blockquote class=\"wp-block-quote is-style-large is-layout-flow wp-block-quote-is-layout-flow\"><p>Nas praias se encontram apenas 20% dos res\u00edduos gerados pelos seres humanos. O restante est\u00e1 afundado.<\/p><\/blockquote>\n\n\n\n<p>A qualidade da \u00e1gua nas costas brasileiras vem sendo uma preocupa\u00e7\u00e3o ainda maior. Com o esgoto chegando em vias fluviais n\u00e3o-polu\u00eddas, come\u00e7a a acontecer a eutrofiza\u00e7\u00e3o, processo de prolifera\u00e7\u00e3o de algas marinhas que acumulam bact\u00e9rias, reduzem o oxig\u00eanio e resultam em zonas mortas.<\/p>\n\n\n\n<p>Outro problema nas praias brasileiras \u00e9 que<strong> a avalia\u00e7\u00e3o feita por \u00f3rg\u00e3os p\u00fablicos \u00e9 atrasada em pelo menos uma semana<\/strong>. Ou seja, a sinaliza\u00e7\u00e3o verde ou vermelha nunca condiz com o dia em que \u00e9 comunicada aos usu\u00e1rios, mas sim com o dia em que a \u00e1gua foi coletada, abrindo para margem de erros.<\/p>\n\n\n\n<p>Um bom indicador aos banhistas \u00e9 a chuva, porque boa parte da polui\u00e7\u00e3o vem pelo fluxo dos rios. <em>&#8220;A princ\u00edpio as bact\u00e9rias duram de um a dois dias na \u00e1gua, ent\u00e3o<strong> \u00e9 bom evitar entrar no mar logo ap\u00f3s o per\u00edodo de chuva<\/strong>. Mas o ideal mesmo \u00e9 ter dados cient\u00edficos. Ou melhor, rios sem polui\u00e7\u00e3o&#8221;<\/em>.<\/p>\n\n\n\n<p>A situa\u00e7\u00e3o dos balne\u00e1rios ficou ainda pior nos \u00faltimos seis meses, quando <strong>toneladas de petr\u00f3leo surgiram no litoral do pa\u00eds<\/strong>. A suspeita \u00e9 de que o vazamento seja de um navio grego. At\u00e9 novembro, <strong>720 praias foram afetadas pelo desastre ambiental<\/strong>, que foi do Nordeste \u00e0 regi\u00e3o Sul.<\/p>\n\n\n\n<p>Sem monitoramento adequado, clareza de informa\u00e7\u00f5es e agilidade de a\u00e7\u00f5es por parte do governo, ficou ainda mais distante a tentativa de conter ou reparar os danos. <em>&#8220;<strong>O que vemos chegando \u00e0s praias \u00e9 uma pequena parte do que foi vazado porque boa parte vai para a atmosfera e boa parte vai para o fundo do mar<\/strong>. Nos mangues e corais o \u00f3leo dificilmente ser\u00e1 retirado. Assim o impacto ser\u00e1 mais duradouro&#8221;<\/em>.<\/p>\n\n\n\n<p>Ainda n\u00e3o se sabe qual \u00e9 a quantidade de \u00f3leo lan\u00e7ada no mar e at\u00e9 onde ir\u00e1;como afetar\u00e1 a cadeia alimentar e quais dos animais ser\u00e3o, eventualmente, consumidos. &#8220;<em>Os pescadores de subsist\u00eancia n\u00e3o conseguem pegar o peixe nem para vender, se quisessem, e nem para comer. Fica um preju\u00edzo econ\u00f4mico e social muito grande<\/em>&#8220;, ressalta Turra, que teme riscos futuros.<\/p>\n\n\n\n<p>Com o \u00f3rg\u00e3o p\u00fablico ambiental fragilizado, sem os devidos recursos e autonomia, n\u00e3o h\u00e1 natureza que se renove a tempo de tanto descaso. Na sua pr\u00f3xima ida \u00e0 praia, lembre-se de que aquela paisagem toda est\u00e1 constantemente amea\u00e7ada pela simples presen\u00e7a humana.<\/p>\n\n\n\n<figure class=\"wp-block-embed-youtube wp-block-embed is-type-video is-provider-youtube wp-embed-aspect-16-9 wp-has-aspect-ratio\"><div class=\"wp-block-embed__wrapper\">\n<iframe loading=\"lazy\" title=\"Popula\u00e7\u00e3o de Pernambuco fala sobre a mancha de \u00f3leo\" width=\"1290\" height=\"726\" src=\"https:\/\/www.youtube.com\/embed\/XzhRyuEPoUo?feature=oembed\" frameborder=\"0\" allow=\"accelerometer; autoplay; clipboard-write; encrypted-media; gyroscope; picture-in-picture; web-share\" referrerpolicy=\"strict-origin-when-cross-origin\" allowfullscreen><\/iframe>\n<\/div><\/figure>\n\n\n\n<figure class=\"wp-block-embed-wordpress wp-block-embed is-type-wp-embed is-provider-blog-quanto-custa-viajar\"><div class=\"wp-block-embed__wrapper\">\n<blockquote class=\"wp-embedded-content\" data-secret=\"7xYYnRBuYO\"><a href=\"https:\/\/quantocustaviajar.com\/blog\/taxa-ambiental-no-brasil\/\">Taxa ambiental no Brasil: como funciona e quanto custa preservar a natureza<\/a><\/blockquote><iframe loading=\"lazy\" class=\"wp-embedded-content\" sandbox=\"allow-scripts\" security=\"restricted\" style=\"position: absolute; visibility: hidden;\" title=\"&#8220;Taxa ambiental no Brasil: como funciona e quanto custa preservar a natureza&#8221; &#8212; Blog Quanto Custa Viajar\" src=\"https:\/\/quantocustaviajar.com\/blog\/taxa-ambiental-no-brasil\/embed\/#?secret=a4QRsvu3Ue#?secret=7xYYnRBuYO\" data-secret=\"7xYYnRBuYO\" width=\"600\" height=\"338\" frameborder=\"0\" marginwidth=\"0\" marginheight=\"0\" scrolling=\"no\"><\/iframe>\n<\/div><\/figure>\n","protected":false},"excerpt":{"rendered":"<p>A costa brasileira conta com 7.367 km, mas o n\u00famero de praias com qualidade n\u00e3o \u00e9 dos mais satisfat\u00f3rios. Neste ver\u00e3o, apenas 14 praias das 2.095 totais possuem o selo Bandeira Azul, que analisa e reconhece os locais prop\u00edcios para banho. Reconhecido por suas belezas naturais, o Brasil ainda precisa refor\u00e7ar a\u00e7\u00f5es de sustentabilidade para [&hellip;]<\/p>\n","protected":false},"author":4,"featured_media":0,"comment_status":"open","ping_status":"open","sticky":false,"template":"","format":"standard","meta":{"cybocfi_hide_featured_image":"","footnotes":""},"categories":[1434,1769],"tags":[2478,520,1281,111,181,295,464],"class_list":["post-40771","post","type-post","status-publish","format-standard","hentry","category-descubra-brasil","category-especial-qcv","tag-bandeira-azul","tag-meio-ambiente","tag-melhores-praias","tag-natureza","tag-praias","tag-turismo","tag-verao"],"blocksy_meta":[],"yoast_head":"<!-- This site is optimized with the Yoast SEO plugin v26.3 - https:\/\/yoast.com\/wordpress\/plugins\/seo\/ -->\n<title>Brasil sobe no ranking de praias com qualidade; saiba quais possuem Bandeira Azul neste\u00a0ver\u00e3o - Blog Quanto Custa Viajar<\/title>\n<meta name=\"description\" content=\"A costa brasileira conta com 7.367 km, mas neste Ver\u00e3o, apenas 14 praias com Bandeira Azul garantem qualidade ambiental aos turistas e moradores\" \/>\n<meta name=\"robots\" content=\"index, follow, max-snippet:-1, max-image-preview:large, max-video-preview:-1\" \/>\n<link rel=\"canonical\" href=\"https:\/\/quantocustaviajar.com\/blog\/brasil-sobe-no-ranking-de-praias-bandeira-azul\/\" \/>\n<meta property=\"og:locale\" content=\"pt_BR\" \/>\n<meta property=\"og:type\" content=\"article\" \/>\n<meta property=\"og:title\" content=\"Brasil sobe no ranking de praias com qualidade; saiba quais possuem Bandeira Azul neste\u00a0ver\u00e3o - Blog Quanto Custa Viajar\" \/>\n<meta property=\"og:description\" content=\"A costa brasileira conta com 7.367 km, mas neste Ver\u00e3o, apenas 14 praias com Bandeira Azul garantem qualidade ambiental aos turistas e moradores\" \/>\n<meta property=\"og:url\" content=\"https:\/\/quantocustaviajar.com\/blog\/brasil-sobe-no-ranking-de-praias-bandeira-azul\/\" \/>\n<meta property=\"og:site_name\" content=\"Blog Quanto Custa Viajar\" \/>\n<meta property=\"article:publisher\" content=\"https:\/\/www.facebook.com\/quantocustaviajar\" \/>\n<meta property=\"article:author\" content=\"https:\/\/www.facebook.com\/brunellapfvr\/posts\" \/>\n<meta property=\"article:published_time\" content=\"2020-01-06T14:23:13+00:00\" \/>\n<meta property=\"article:modified_time\" content=\"2021-08-02T19:49:38+00:00\" \/>\n<meta property=\"og:image\" content=\"https:\/\/quantocustaviajar.com\/blog\/wp-content\/uploads\/2019\/05\/ilha-dos-frades-1.jpg\" \/>\n<meta name=\"author\" content=\"Brunella Nunes\" \/>\n<meta name=\"twitter:card\" content=\"summary_large_image\" \/>\n<meta name=\"twitter:label1\" content=\"Escrito por\" \/>\n\t<meta name=\"twitter:data1\" content=\"Brunella Nunes\" \/>\n\t<meta name=\"twitter:label2\" content=\"Est. tempo de leitura\" \/>\n\t<meta name=\"twitter:data2\" content=\"15 minutos\" \/>\n<!-- \/ Yoast SEO plugin. -->","yoast_head_json":{"title":"Brasil sobe no ranking de praias com qualidade; saiba quais possuem Bandeira Azul neste\u00a0ver\u00e3o - Blog Quanto Custa Viajar","description":"A costa brasileira conta com 7.367 km, mas neste Ver\u00e3o, apenas 14 praias com Bandeira Azul garantem qualidade ambiental aos turistas e moradores","robots":{"index":"index","follow":"follow","max-snippet":"max-snippet:-1","max-image-preview":"max-image-preview:large","max-video-preview":"max-video-preview:-1"},"canonical":"https:\/\/quantocustaviajar.com\/blog\/brasil-sobe-no-ranking-de-praias-bandeira-azul\/","og_locale":"pt_BR","og_type":"article","og_title":"Brasil sobe no ranking de praias com qualidade; saiba quais possuem Bandeira Azul neste\u00a0ver\u00e3o - Blog Quanto Custa Viajar","og_description":"A costa brasileira conta com 7.367 km, mas neste Ver\u00e3o, apenas 14 praias com Bandeira Azul garantem qualidade ambiental aos turistas e moradores","og_url":"https:\/\/quantocustaviajar.com\/blog\/brasil-sobe-no-ranking-de-praias-bandeira-azul\/","og_site_name":"Blog Quanto Custa Viajar","article_publisher":"https:\/\/www.facebook.com\/quantocustaviajar","article_author":"https:\/\/www.facebook.com\/brunellapfvr\/posts","article_published_time":"2020-01-06T14:23:13+00:00","article_modified_time":"2021-08-02T19:49:38+00:00","og_image":[{"url":"https:\/\/quantocustaviajar.com\/blog\/wp-content\/uploads\/2019\/05\/ilha-dos-frades-1.jpg","type":"","width":"","height":""}],"author":"Brunella Nunes","twitter_card":"summary_large_image","twitter_misc":{"Escrito por":"Brunella Nunes","Est. tempo de leitura":"15 minutos"},"schema":{"@context":"https:\/\/schema.org","@graph":[{"@type":["Article","BlogPosting"],"@id":"https:\/\/quantocustaviajar.com\/blog\/brasil-sobe-no-ranking-de-praias-bandeira-azul\/#article","isPartOf":{"@id":"https:\/\/quantocustaviajar.com\/blog\/brasil-sobe-no-ranking-de-praias-bandeira-azul\/"},"author":{"name":"Brunella Nunes","@id":"https:\/\/quantocustaviajar.com\/blog\/#\/schema\/person\/1a6dd3da9d0c0a4be42652b67bea19bb"},"headline":"Brasil sobe no ranking de praias com qualidade; saiba quais possuem Bandeira Azul neste\u00a0ver\u00e3o","datePublished":"2020-01-06T14:23:13+00:00","dateModified":"2021-08-02T19:49:38+00:00","mainEntityOfPage":{"@id":"https:\/\/quantocustaviajar.com\/blog\/brasil-sobe-no-ranking-de-praias-bandeira-azul\/"},"wordCount":3042,"commentCount":3,"publisher":{"@id":"https:\/\/quantocustaviajar.com\/blog\/#organization"},"image":{"@id":"https:\/\/quantocustaviajar.com\/blog\/brasil-sobe-no-ranking-de-praias-bandeira-azul\/#primaryimage"},"thumbnailUrl":"https:\/\/quantocustaviajar.com\/blog\/wp-content\/uploads\/2019\/05\/ilha-dos-frades-1.jpg","keywords":["bandeira azul","meio ambiente","melhores praias","natureza","praias","turismo","ver\u00e3o"],"articleSection":["Descubra o Brasil","Especial QCV"],"inLanguage":"pt-BR","potentialAction":[{"@type":"CommentAction","name":"Comment","target":["https:\/\/quantocustaviajar.com\/blog\/brasil-sobe-no-ranking-de-praias-bandeira-azul\/#respond"]}]},{"@type":"WebPage","@id":"https:\/\/quantocustaviajar.com\/blog\/brasil-sobe-no-ranking-de-praias-bandeira-azul\/","url":"https:\/\/quantocustaviajar.com\/blog\/brasil-sobe-no-ranking-de-praias-bandeira-azul\/","name":"Brasil sobe no ranking de praias com qualidade; saiba quais possuem Bandeira Azul neste\u00a0ver\u00e3o - Blog Quanto Custa Viajar","isPartOf":{"@id":"https:\/\/quantocustaviajar.com\/blog\/#website"},"primaryImageOfPage":{"@id":"https:\/\/quantocustaviajar.com\/blog\/brasil-sobe-no-ranking-de-praias-bandeira-azul\/#primaryimage"},"image":{"@id":"https:\/\/quantocustaviajar.com\/blog\/brasil-sobe-no-ranking-de-praias-bandeira-azul\/#primaryimage"},"thumbnailUrl":"https:\/\/quantocustaviajar.com\/blog\/wp-content\/uploads\/2019\/05\/ilha-dos-frades-1.jpg","datePublished":"2020-01-06T14:23:13+00:00","dateModified":"2021-08-02T19:49:38+00:00","description":"A costa brasileira conta com 7.367 km, mas neste Ver\u00e3o, apenas 14 praias com Bandeira Azul garantem qualidade ambiental aos turistas e moradores","breadcrumb":{"@id":"https:\/\/quantocustaviajar.com\/blog\/brasil-sobe-no-ranking-de-praias-bandeira-azul\/#breadcrumb"},"inLanguage":"pt-BR","potentialAction":[{"@type":"ReadAction","target":["https:\/\/quantocustaviajar.com\/blog\/brasil-sobe-no-ranking-de-praias-bandeira-azul\/"]}]},{"@type":"ImageObject","inLanguage":"pt-BR","@id":"https:\/\/quantocustaviajar.com\/blog\/brasil-sobe-no-ranking-de-praias-bandeira-azul\/#primaryimage","url":"https:\/\/quantocustaviajar.com\/blog\/wp-content\/uploads\/2019\/05\/ilha-dos-frades-1.jpg","contentUrl":"https:\/\/quantocustaviajar.com\/blog\/wp-content\/uploads\/2019\/05\/ilha-dos-frades-1.jpg","width":800,"height":600,"caption":"Foto: Wikimedia Commons"},{"@type":"BreadcrumbList","@id":"https:\/\/quantocustaviajar.com\/blog\/brasil-sobe-no-ranking-de-praias-bandeira-azul\/#breadcrumb","itemListElement":[{"@type":"ListItem","position":1,"name":"In\u00edcio","item":"https:\/\/quantocustaviajar.com\/blog\/"},{"@type":"ListItem","position":2,"name":"Brasil sobe no ranking de praias com qualidade; saiba quais possuem Bandeira Azul neste\u00a0ver\u00e3o"}]},{"@type":"WebSite","@id":"https:\/\/quantocustaviajar.com\/blog\/#website","url":"https:\/\/quantocustaviajar.com\/blog\/","name":"Blog Quanto Custa Viajar","description":"","publisher":{"@id":"https:\/\/quantocustaviajar.com\/blog\/#organization"},"potentialAction":[{"@type":"SearchAction","target":{"@type":"EntryPoint","urlTemplate":"https:\/\/quantocustaviajar.com\/blog\/?s={search_term_string}"},"query-input":{"@type":"PropertyValueSpecification","valueRequired":true,"valueName":"search_term_string"}}],"inLanguage":"pt-BR"},{"@type":"Organization","@id":"https:\/\/quantocustaviajar.com\/blog\/#organization","name":"Quanto Custa Viajar","url":"https:\/\/quantocustaviajar.com\/blog\/","logo":{"@type":"ImageObject","inLanguage":"pt-BR","@id":"https:\/\/quantocustaviajar.com\/blog\/#\/schema\/logo\/image\/","url":"","contentUrl":"","caption":"Quanto Custa Viajar"},"image":{"@id":"https:\/\/quantocustaviajar.com\/blog\/#\/schema\/logo\/image\/"},"sameAs":["https:\/\/www.facebook.com\/quantocustaviajar"]},{"@type":"Person","@id":"https:\/\/quantocustaviajar.com\/blog\/#\/schema\/person\/1a6dd3da9d0c0a4be42652b67bea19bb","name":"Brunella Nunes","image":{"@type":"ImageObject","inLanguage":"pt-BR","@id":"https:\/\/quantocustaviajar.com\/blog\/#\/schema\/person\/image\/","url":"https:\/\/secure.gravatar.com\/avatar\/05b28dfb8a3cc7ee0dba6feefa5677f05be6d7bf4b017728fd38499092f9c282?s=96&d=mm&r=g","contentUrl":"https:\/\/secure.gravatar.com\/avatar\/05b28dfb8a3cc7ee0dba6feefa5677f05be6d7bf4b017728fd38499092f9c282?s=96&d=mm&r=g","caption":"Brunella Nunes"},"description":"Quando n\u00e3o est\u00e1 viajando pelo mundo, est\u00e1 viajando nas ideias.","sameAs":["https:\/\/www.facebook.com\/brunellapfvr\/posts","https:\/\/www.linkedin.com\/in\/brunellanunes\/"],"url":"https:\/\/quantocustaviajar.com\/blog\/author\/equipe\/"}]}},"_links":{"self":[{"href":"https:\/\/quantocustaviajar.com\/blog\/wp-json\/wp\/v2\/posts\/40771","targetHints":{"allow":["GET"]}}],"collection":[{"href":"https:\/\/quantocustaviajar.com\/blog\/wp-json\/wp\/v2\/posts"}],"about":[{"href":"https:\/\/quantocustaviajar.com\/blog\/wp-json\/wp\/v2\/types\/post"}],"author":[{"embeddable":true,"href":"https:\/\/quantocustaviajar.com\/blog\/wp-json\/wp\/v2\/users\/4"}],"replies":[{"embeddable":true,"href":"https:\/\/quantocustaviajar.com\/blog\/wp-json\/wp\/v2\/comments?post=40771"}],"version-history":[{"count":4,"href":"https:\/\/quantocustaviajar.com\/blog\/wp-json\/wp\/v2\/posts\/40771\/revisions"}],"predecessor-version":[{"id":49618,"href":"https:\/\/quantocustaviajar.com\/blog\/wp-json\/wp\/v2\/posts\/40771\/revisions\/49618"}],"wp:attachment":[{"href":"https:\/\/quantocustaviajar.com\/blog\/wp-json\/wp\/v2\/media?parent=40771"}],"wp:term":[{"taxonomy":"category","embeddable":true,"href":"https:\/\/quantocustaviajar.com\/blog\/wp-json\/wp\/v2\/categories?post=40771"},{"taxonomy":"post_tag","embeddable":true,"href":"https:\/\/quantocustaviajar.com\/blog\/wp-json\/wp\/v2\/tags?post=40771"}],"curies":[{"name":"wp","href":"https:\/\/api.w.org\/{rel}","templated":true}]}}