{"id":40754,"date":"2020-01-09T12:14:56","date_gmt":"2020-01-09T12:14:56","guid":{"rendered":"https:\/\/quantocustaviajar.com\/blog\/?p=40754"},"modified":"2020-01-09T12:15:01","modified_gmt":"2020-01-09T12:15:01","slug":"turismo-gastronomico-entrevista","status":"publish","type":"post","link":"https:\/\/quantocustaviajar.com\/blog\/turismo-gastronomico-entrevista\/","title":{"rendered":"O mundo \u00e9 delas: Aline Rocha fala sobre turismo gastron\u00f4mico"},"content":{"rendered":"\n<p><strong>Aline Rocha<\/strong>, ou simplesmente Nina, foi criada entre panelas. Cozinheira, viajante e jornalista, ela uniu as tr\u00eas paix\u00f5es em uma casa virtual, o blog <strong><a rel=\"noreferrer noopener\" aria-label=\"Sem Pressa de Voltar (abre numa nova aba)\" href=\"https:\/\/sempressadevoltar.com\/\" target=\"_blank\">Sem Pressa de Voltar<\/a><\/strong>, onde relata suas andan\u00e7as comilonas pelo mundo.<\/p>\n\n\n\n<p>A vontade de desbravar sabores e destinos \u00e9 tanta que ela n\u00e3o v\u00ea problemas em jantar duas vezes quando est\u00e1 viajando. Afinal, como Aline mesmo define, &#8220;<em>turismo gastron\u00f4mico n\u00e3o \u00e9 sobre comer pra matar a fome, \u00e9 sobre encontrar na comida os pontos tur\u00edsticos mais interessantes dos destinos<\/em>&#8220;. D\u00e1 para discordar? <\/p>\n\n\n\n<p>Aline \u00e9 a nova entrevistada da s\u00e9rie \u201c<strong><a rel=\"noreferrer noopener\" href=\"https:\/\/quantocustaviajar.com\/blog\/tag\/o-mundo-e-delas\/\" target=\"_blank\">O mundo \u00e9 delas<\/a><\/strong>&#8220;, em que nos propomos a contar hist\u00f3rias de mulheres incr\u00edveis que est\u00e3o redefinindo o conceito de viagens de um jeito muito especial.<\/p>\n\n\n\n<h2 class=\"wp-block-heading\">Turismo gastron\u00f4mico, com Aline Rocha<\/h2>\n\n\n\n<div class=\"wp-block-image\"><figure class=\"aligncenter\"><img loading=\"lazy\" decoding=\"async\" width=\"768\" height=\"1024\" src=\"https:\/\/quantocustaviajar.com\/blog\/wp-content\/uploads\/2019\/12\/turismo-gastronomico-macarrao-768x1024.jpg\" alt=\"\" class=\"wp-image-40760\" srcset=\"https:\/\/quantocustaviajar.com\/blog\/wp-content\/uploads\/2019\/12\/turismo-gastronomico-macarrao-768x1024.jpg 768w, https:\/\/quantocustaviajar.com\/blog\/wp-content\/uploads\/2019\/12\/turismo-gastronomico-macarrao-225x300.jpg 225w, https:\/\/quantocustaviajar.com\/blog\/wp-content\/uploads\/2019\/12\/turismo-gastronomico-macarrao.jpg 1512w\" sizes=\"auto, (max-width: 768px) 100vw, 768px\" \/><\/figure><\/div>\n\n\n\n<p><strong>Quanto Custa Viajar &#8211; Al\u00e9m de jornalista, voc\u00ea tamb\u00e9m \u00e9 cozinheira. Como surgiu a ideia de unir essas duas paix\u00f5es?<\/strong><\/p>\n\n\n\n<p><strong>Aline Rocha &#8211; <\/strong>O amor pela comida veio de fam\u00edlia. De amassar p\u00e3o com a m\u00e3e antes de saber escrever, de olhar o pai pendurando lingui\u00e7as artesanais na garagem de casa em cima de onde eu brincava, de ver a av\u00f3 cortando macarr\u00e3o com carretilha. <\/p>\n\n\n\n<p>Mesmo tendo me formado em jornalismo, eu sempre soube que esse amor me acompanharia, eu sempre tinha aquela pulguinha que me dizia que a minha hist\u00f3ria estaria ligada \u00e0 gastronomia de alguma forma. Decidi, ent\u00e3o, me aventurar nas panelas. Fiz um curso de cozinheira, aprendi t\u00e9cnicas, ingredientes e receitas, mas descobri eu n\u00e3o tinha o perfil pra trabalhar em uma cozinha. <\/p>\n\n\n\n<div class=\"wp-block-image\"><figure class=\"aligncenter\"><img loading=\"lazy\" decoding=\"async\" width=\"768\" height=\"1024\" src=\"https:\/\/quantocustaviajar.com\/blog\/wp-content\/uploads\/2019\/12\/turismo-gastronomico-eclair-paris-768x1024.jpg\" alt=\"\" class=\"wp-image-40761\" srcset=\"https:\/\/quantocustaviajar.com\/blog\/wp-content\/uploads\/2019\/12\/turismo-gastronomico-eclair-paris-768x1024.jpg 768w, https:\/\/quantocustaviajar.com\/blog\/wp-content\/uploads\/2019\/12\/turismo-gastronomico-eclair-paris-225x300.jpg 225w, https:\/\/quantocustaviajar.com\/blog\/wp-content\/uploads\/2019\/12\/turismo-gastronomico-eclair-paris.jpg 1512w\" sizes=\"auto, (max-width: 768px) 100vw, 768px\" \/><figcaption>Aline provando um \u00e9clair, em Paris<\/figcaption><\/figure><\/div>\n\n\n\n<p>Quando as viagens se tornaram mais frequentes, e quando os roteiros passaram a ser cada vez mais em torno da comida, entendi que a escrita poderia unir o amor pelas viagens e pela comida em um s\u00f3 lugar \u2013 o <strong><a href=\"https:\/\/sempressadevoltar.com\/\" target=\"_blank\" rel=\"noreferrer noopener\" aria-label=\"Sem Pressa de Voltar (abre numa nova aba)\">Sem Pressa de Voltar<\/a><\/strong>.<\/p>\n\n\n\n<p><strong>QCV &#8211; E quando foi que a comida passou a ser um ponto importante no planejamento de suas viagens? Ou ela sempre foi fundamental na sua experi\u00eancia de viajante?<\/strong><\/p>\n\n\n\n<p><strong>Aline &#8211;<\/strong> Come\u00e7ou na primeira viagem que fiz com o meu marido (que tamb\u00e9m \u00e9 cozinheiro), em 2014. Foi a\u00ed que ganhei um companheir\u00e3o pra chegar em um restaurante e pedir v\u00e1rias coisas diferentes, pra experimentar as comidas t\u00edpicas dos lugares, pra dar uma garfada e discutir como teria sido feito, pra passar horas em mercados gastron\u00f4micos. Foi a descoberta de uma nova paix\u00e3o que aconteceu em dupla.<\/p>\n\n\n\n<div class=\"wp-block-image\"><figure class=\"aligncenter\"><img loading=\"lazy\" decoding=\"async\" width=\"804\" height=\"1024\" src=\"https:\/\/quantocustaviajar.com\/blog\/wp-content\/uploads\/2019\/12\/turismo-gastronomico-especiarias-marrocos-804x1024.jpg\" alt=\"\" class=\"wp-image-40762\" srcset=\"https:\/\/quantocustaviajar.com\/blog\/wp-content\/uploads\/2019\/12\/turismo-gastronomico-especiarias-marrocos-804x1024.jpg 804w, https:\/\/quantocustaviajar.com\/blog\/wp-content\/uploads\/2019\/12\/turismo-gastronomico-especiarias-marrocos-236x300.jpg 236w, https:\/\/quantocustaviajar.com\/blog\/wp-content\/uploads\/2019\/12\/turismo-gastronomico-especiarias-marrocos-768x978.jpg 768w, https:\/\/quantocustaviajar.com\/blog\/wp-content\/uploads\/2019\/12\/turismo-gastronomico-especiarias-marrocos-1920x2445.jpg 1920w, https:\/\/quantocustaviajar.com\/blog\/wp-content\/uploads\/2019\/12\/turismo-gastronomico-especiarias-marrocos.jpg 1951w\" sizes=\"auto, (max-width: 804px) 100vw, 804px\" \/><figcaption>Descobrindo as especiarias no Marrocos<\/figcaption><\/figure><\/div>\n\n\n\n<p><strong>QCV &#8211; H\u00e1 alguns meses voc\u00ea viajou pelo <a href=\"https:\/\/quantocustaviajar.com\/marrocos\" target=\"_blank\" rel=\"noreferrer noopener\" aria-label=\" (abre numa nova aba)\">Marrocos<\/a> e <a rel=\"noreferrer noopener\" aria-label=\"Portugal (abre numa nova aba)\" href=\"https:\/\/quantocustaviajar.com\/portugal\" target=\"_blank\">Portugal<\/a> e aproveitou para realizar <em>workshops <\/em>gastron\u00f4micos nos dois pa\u00edses. Conta pra gente como foi essa experi\u00eancia!<\/strong><\/p>\n\n\n\n<p><strong>Aline &#8211;<\/strong> Buscar esse tipo de atividade foi a minha melhor descoberta de 2019! Eu sempre achei que viagens se tornavam mais interessantes quando o dinheiro \u00e9 gasto com experi\u00eancias em vez de compras, mas colocar no roteiro um curso ou <em>workshop <\/em>faz a rela\u00e7\u00e3o com a gastronomia local ganhar outro patamar. &nbsp;<\/p>\n\n\n\n<p>\u00c9 uma maneira de ter um contato mais \u00edntimo com a culin\u00e1ria local e tamb\u00e9m uma oportunidade de aprender a reproduzir em casa os pratos que tanto amamos conhecer.<\/p>\n\n\n\n<p>Em <strong><a rel=\"noreferrer noopener\" aria-label=\"Portugal (abre numa nova aba)\" href=\"https:\/\/quantocustaviajar.com\/portugal\" target=\"_blank\">Portugal<\/a><\/strong> fizemos um tour pelos doces do pa\u00eds, ent\u00e3o entrar na cozinha de uma confeitaria conceituada de <strong><a rel=\"noreferrer noopener\" aria-label=\"Lisboa (abre numa nova aba)\" href=\"https:\/\/quantocustaviajar.com\/portugal\/lisboa\" target=\"_blank\">Lisboa<\/a><\/strong> pra aprender o mais ic\u00f4nico deles foi muito marcante. <\/p>\n\n\n\n<blockquote class=\"wp-block-quote is-layout-flow wp-block-quote-is-layout-flow\"><p><strong><a href=\"https:\/\/quantocustaviajar.com\/blog\/lx-factory-lisboa\/\" target=\"_blank\" rel=\"noreferrer noopener\" aria-label=\"Lx Factory \u00e9 o peda\u00e7o mais cool de Lisboa (abre numa nova aba)\">Lx Factory \u00e9 o peda\u00e7o mais cool de Lisboa<\/a><\/strong><\/p><\/blockquote>\n\n\n\n<div class=\"wp-block-image\"><figure class=\"aligncenter\"><img loading=\"lazy\" decoding=\"async\" width=\"768\" height=\"1024\" src=\"https:\/\/quantocustaviajar.com\/blog\/wp-content\/uploads\/2019\/12\/turismo-gastronomico-pastel-de-belem-lisboa-768x1024.jpg\" alt=\"\" class=\"wp-image-40763\" srcset=\"https:\/\/quantocustaviajar.com\/blog\/wp-content\/uploads\/2019\/12\/turismo-gastronomico-pastel-de-belem-lisboa-768x1024.jpg 768w, https:\/\/quantocustaviajar.com\/blog\/wp-content\/uploads\/2019\/12\/turismo-gastronomico-pastel-de-belem-lisboa-225x300.jpg 225w, https:\/\/quantocustaviajar.com\/blog\/wp-content\/uploads\/2019\/12\/turismo-gastronomico-pastel-de-belem-lisboa.jpg 1327w\" sizes=\"auto, (max-width: 768px) 100vw, 768px\" \/><figcaption>Pastel de Bel\u00e9m, em Lisboa<\/figcaption><\/figure><\/div>\n\n\n\n<p>No <strong><a rel=\"noreferrer noopener\" aria-label=\"Marrocos (abre numa nova aba)\" href=\"https:\/\/quantocustaviajar.com\/marrocos\" target=\"_blank\">Marrocos<\/a><\/strong> fizemos um curso de culin\u00e1ria em uma fazenda org\u00e2nica. Sa\u00edmos das ruas laranjas de <strong><a href=\"https:\/\/quantocustaviajar.com\/marrocos\/marrakech\" target=\"_blank\" rel=\"noreferrer noopener\" aria-label=\"Marrakech (abre numa nova aba)\">Marrakech<\/a><\/strong> e chegamos em uma propriedade cercada pelo verde. A cultura gastron\u00f4mica do Marrocos \u00e9 muito rica, cheia de hist\u00f3rias e tradi\u00e7\u00f5es. Aprender todos os significados por  tr\u00e1s dos pratos que v\u00ednhamos comendo h\u00e1 alguns dias foi a melhor experi\u00eancia que vivemos nesse pa\u00eds t\u00e3o diferente do nosso.<\/p>\n\n\n\n<p><strong>QCV &#8211; J\u00e1 mudou algum roteiro, incluindo ou descartando cidades, motivada apenas pela comida?<\/strong><\/p>\n\n\n\n<p><strong>Aline &#8211; <\/strong>Sim, diversas vezes! Quando eu estava fazendo o roteiro de Lisboa perguntei em um grupo de portugueses quais eram os restaurantes que eles mais indicavam no pa\u00eds. N\u00e3o foram poucas as pessoas que recomendaram o <strong>Z\u00e9 Manel dos Ossos<\/strong>, em <strong><a href=\"https:\/\/quantocustaviajar.com\/portugal\/coimbra\" target=\"_blank\" rel=\"noreferrer noopener\" aria-label=\"Coimbra (abre numa nova aba)\">Coimbra<\/a><\/strong>. <\/p>\n\n\n\n<p>A cidade n\u00e3o estava em nosso roteiro, mas decidi inclu\u00ed-la porque a curiosidade foi grande. Chegamos \u00e0 noite por l\u00e1 e o restaurante que ficava em uma ruela j\u00e1 estava lotado e com algumas pessoas esperando na porta que diziam que naquela noite provavelmente ningu\u00e9m mais conseguiria comer. Felizmente conseguimos uma mesa e tivemos um dos melhores jantares da viagem. Seguir indica\u00e7\u00f5es de locais sempre vale a pena!<\/p>\n\n\n\n<div class=\"wp-block-image\"><figure class=\"aligncenter\"><img loading=\"lazy\" decoding=\"async\" width=\"928\" height=\"1024\" src=\"https:\/\/quantocustaviajar.com\/blog\/wp-content\/uploads\/2019\/12\/turismo-gastronomico-workshop-marrocos-928x1024.jpg\" alt=\"\" class=\"wp-image-40764\" srcset=\"https:\/\/quantocustaviajar.com\/blog\/wp-content\/uploads\/2019\/12\/turismo-gastronomico-workshop-marrocos-928x1024.jpg 928w, https:\/\/quantocustaviajar.com\/blog\/wp-content\/uploads\/2019\/12\/turismo-gastronomico-workshop-marrocos-272x300.jpg 272w, https:\/\/quantocustaviajar.com\/blog\/wp-content\/uploads\/2019\/12\/turismo-gastronomico-workshop-marrocos-768x847.jpg 768w, https:\/\/quantocustaviajar.com\/blog\/wp-content\/uploads\/2019\/12\/turismo-gastronomico-workshop-marrocos.jpg 1512w\" sizes=\"auto, (max-width: 928px) 100vw, 928px\" \/><figcaption>Workshop de gastronomia no Marrocos<\/figcaption><\/figure><\/div>\n\n\n\n<p>Meu pr\u00f3ximo destino \u00e9 o <strong><a rel=\"noreferrer noopener\" aria-label=\"Peru (abre numa nova aba)\" href=\"https:\/\/quantocustaviajar.com\/peru\" target=\"_blank\">Peru<\/a><\/strong>. Acha que vou ir pra <strong>Machu Picchu<\/strong>? Que nada, vou ficar s\u00f3 em <strong><a href=\"https:\/\/quantocustaviajar.com\/peru\/lima\" target=\"_blank\" rel=\"noreferrer noopener\" aria-label=\" (abre numa nova aba)\">Lima<\/a><\/strong> comendo tudo que a cidade oferece. Tamb\u00e9m exclu\u00ed um tour pelo deserto do <strong>Marrocos <\/strong>porque isso significaria perder dias em <strong>Marrakech<\/strong>, onde haviam v\u00e1rios restaurantes que eu queria conhecer.<\/p>\n\n\n\n<p><strong>QCV &#8211; Nessas andan\u00e7as pelo mundo, qual foi a gastronomia que mais te conquistou? E quais os pratos que preferia nunca ter provado?<\/strong><\/p>\n\n\n\n<p><strong>Aline &#8211;<\/strong> N\u00e3o \u00e9 somente em outros pa\u00edses que encontramos diferentes identidades gastron\u00f4micas. Um dos lugares que mais me surpreendeu na vida foi <strong><a href=\"https:\/\/quantocustaviajar.com\/brasil\/belem\" target=\"_blank\" rel=\"noreferrer noopener\" aria-label=\"Bel\u00e9m (abre numa nova aba)\">Bel\u00e9m<\/a> <\/strong>do <strong>Par\u00e1<\/strong>. Sou do <strong><a href=\"https:\/\/quantocustaviajar.com\/blog\/cidades-legais-para-conhecer-no-rio-grande-do-sul\/\">Rio Grande do Sul<\/a><\/strong>, ent\u00e3o ser apresentada aos ingredientes da <strong>Amaz\u00f4nia <\/strong>foi muito marcante.<\/p>\n\n\n\n<p>O que mais busco em minhas viagens \u00e9 descobrir sabores que ainda n\u00e3o conhecia. E <strong><a rel=\"noreferrer noopener\" aria-label=\"Bel\u00e9m (abre numa nova aba)\" href=\"https:\/\/quantocustaviajar.com\/brasil\/belem\" target=\"_blank\">Bel\u00e9m<\/a> <\/strong>foi campe\u00e3 nesse quesito com todo seu <strong>tucupi<\/strong>, <strong>mani\u00e7oba<\/strong>, <strong>a\u00e7a\u00ed<\/strong>, <strong>tapereb\u00e1 <\/strong>e <strong>bacuri<\/strong>. <\/p>\n\n\n\n<blockquote class=\"wp-block-quote is-layout-flow wp-block-quote-is-layout-flow\"><p><strong><a href=\"https:\/\/quantocustaviajar.com\/blog\/motivos-para-conhecer-belem\/\" target=\"_blank\" rel=\"noreferrer noopener\" aria-label=\" (abre numa nova aba)\">5 motivos para conhecer Bel\u00e9m do Par\u00e1 o quanto antes<\/a><\/strong><\/p><\/blockquote>\n\n\n\n<div class=\"wp-block-image\"><figure class=\"aligncenter\"><img loading=\"lazy\" decoding=\"async\" width=\"819\" height=\"1024\" src=\"https:\/\/quantocustaviajar.com\/blog\/wp-content\/uploads\/2019\/12\/turismo-gastronomico-mandioca-belem-819x1024.jpg\" alt=\"\" class=\"wp-image-40765\" srcset=\"https:\/\/quantocustaviajar.com\/blog\/wp-content\/uploads\/2019\/12\/turismo-gastronomico-mandioca-belem-819x1024.jpg 819w, https:\/\/quantocustaviajar.com\/blog\/wp-content\/uploads\/2019\/12\/turismo-gastronomico-mandioca-belem-240x300.jpg 240w, https:\/\/quantocustaviajar.com\/blog\/wp-content\/uploads\/2019\/12\/turismo-gastronomico-mandioca-belem-768x960.jpg 768w, https:\/\/quantocustaviajar.com\/blog\/wp-content\/uploads\/2019\/12\/turismo-gastronomico-mandioca-belem.jpg 1512w\" sizes=\"auto, (max-width: 819px) 100vw, 819px\" \/><figcaption>Mandioca, em Bel\u00e9m<\/figcaption><\/figure><\/div>\n\n\n\n<p>Tamb\u00e9m me apaixonei perdidamente pelo tempero jamaicano. Viajamos o pa\u00eds de uma ponta a outra e foi incr\u00edvel perceber todas as influ\u00eancias e nuances de sabores que a ilha do <strong>Caribe <\/strong>oferece\u2026<\/p>\n\n\n\n<p>Confesso que t\u00eam algumas comidas que n\u00e3o gosto, como <strong>ostra viva<\/strong>, <strong>escargot <\/strong>e <strong>foie gras<\/strong>. No <strong>Marrocos<\/strong>, existe uma famosa comida de rua chamada <strong>babouche<\/strong>, uma sopa de carac\u00f3is. Provei o caldinho pra sentir o tempero, mas os bichinhos eu n\u00e3o consegui. <\/p>\n\n\n\n<p>Sempre tento experimentar de tudo, mas alguns pratos n\u00e3o passam na garganta da blogueirinha de gastronomia. J\u00e1 provei <strong>morcego<\/strong>, <strong>jacar\u00e9<\/strong>, <strong>avestruz <\/strong>e <strong>cabra<\/strong>, mas se voc\u00ea me der<strong> ervilha enlatada<\/strong> eu com certeza vou torcer o nariz.<\/p>\n\n\n\n<p><strong>QCV &#8211; Para finalizar, gostaria que voc\u00ea compartilhasse algumas dicas de como pesquisar e organizar roteiros gastron\u00f4micos pelo mundo. Quais s\u00e3o as suas maiores refer\u00eancias na hora de planejar um itiner\u00e1rio?<\/strong><\/p>\n\n\n\n<p><strong>Aline &#8211;<\/strong> Eu n\u00e3o criei o blog por acaso, esse \u00e9 o ve\u00edculo que mais gosto de utilizar quando estou pesquisando os meus roteiros de viagem, blogs s\u00e3o sempre os primeiros da fila. Depois de anotar alguns nomes de lugares, sigo para o Tripadvisor pra ver o que o p\u00fablico fala de cada um e encontrar mais alguns bem populares. <\/p>\n\n\n\n<div class=\"wp-block-image\"><figure class=\"aligncenter\"><img loading=\"lazy\" decoding=\"async\" width=\"768\" height=\"1024\" src=\"https:\/\/quantocustaviajar.com\/blog\/wp-content\/uploads\/2019\/12\/turismo-gastronomico-turkey-leg-disney-768x1024.jpg\" alt=\"\" class=\"wp-image-40766\" srcset=\"https:\/\/quantocustaviajar.com\/blog\/wp-content\/uploads\/2019\/12\/turismo-gastronomico-turkey-leg-disney-768x1024.jpg 768w, https:\/\/quantocustaviajar.com\/blog\/wp-content\/uploads\/2019\/12\/turismo-gastronomico-turkey-leg-disney-225x300.jpg 225w, https:\/\/quantocustaviajar.com\/blog\/wp-content\/uploads\/2019\/12\/turismo-gastronomico-turkey-leg-disney.jpg 960w\" sizes=\"auto, (max-width: 768px) 100vw, 768px\" \/><figcaption>Provando uma Turkey Leg, na Disney<\/figcaption><\/figure><\/div>\n\n\n\n<p>Um aplicativo que funciona bem por geolocaliza\u00e7\u00e3o, principalmente nos <strong><a rel=\"noreferrer noopener\" aria-label=\"Estados Unidos (abre numa nova aba)\" href=\"https:\/\/quantocustaviajar.com\/estados-unidos\" target=\"_blank\">Estados Unidos<\/a><\/strong> e na <strong><a href=\"https:\/\/quantocustaviajar.com\/europa\" target=\"_blank\" rel=\"noreferrer noopener\" aria-label=\" (abre numa nova aba)\">Europa<\/a><\/strong>, \u00e9 o <strong>Yelp<\/strong>. Com ele voc\u00ea pode ver os restaurantes mais bem avaliados pr\u00f3ximos \u00e0 onde voc\u00ea est\u00e1.<\/p>\n\n\n\n<p>Tamb\u00e9m gosto de ler publica\u00e7\u00f5es locais focadas no assunto e <strong>pesquiso no Instagram<\/strong> os perfis de gastronomia dos destinos. Ali\u00e1s, pra quem curte ver as fotos das comidas antes de chegar nos restaurantes, o Instagram \u00e9 uma \u00f3tima pedida.<\/p>\n\n\n\n<p>Fa\u00e7o tamb\u00e9m uma lista com as comidas t\u00edpicas, pra ir dando um \u201ccheck\u201d conforme vou experimentando os pratos. E nada de descartar a comida de rua e restaurantes mais populares. Geralmente \u00e9 ali que encontramos o verdadeiro sabor local.<\/p>\n\n\n\n<p>Depois de toda a pesquisa, a lista de lugares que quero ir \u00e9 sempre maior do que os dias que tenho. <em>Almo\u00e7ar e jantar duas vezes? Porque n\u00e3o?<\/em> <strong>Turismo gastron\u00f4mico n\u00e3o \u00e9 sobre comer pra matar a fome, \u00e9 sobre encontrar na comida os pontos tur\u00edsticos mais interessantes dos destinos<\/strong>.<\/p>\n\n\n\n<div class=\"wp-block-image\"><figure class=\"aligncenter\"><img loading=\"lazy\" decoding=\"async\" width=\"897\" height=\"1024\" src=\"https:\/\/quantocustaviajar.com\/blog\/wp-content\/uploads\/2019\/12\/turismo-gastronomico-vale-dos-vinhedos-897x1024.jpg\" alt=\"\" class=\"wp-image-40767\" srcset=\"https:\/\/quantocustaviajar.com\/blog\/wp-content\/uploads\/2019\/12\/turismo-gastronomico-vale-dos-vinhedos-897x1024.jpg 897w, https:\/\/quantocustaviajar.com\/blog\/wp-content\/uploads\/2019\/12\/turismo-gastronomico-vale-dos-vinhedos-263x300.jpg 263w, https:\/\/quantocustaviajar.com\/blog\/wp-content\/uploads\/2019\/12\/turismo-gastronomico-vale-dos-vinhedos-768x877.jpg 768w, https:\/\/quantocustaviajar.com\/blog\/wp-content\/uploads\/2019\/12\/turismo-gastronomico-vale-dos-vinhedos.jpg 1512w\" sizes=\"auto, (max-width: 897px) 100vw, 897px\" \/><figcaption>Passeando pelo Vale dos Vinhedos, na Serra Ga\u00facha<\/figcaption><\/figure><\/div>\n\n\n\n<h3 class=\"wp-block-heading\">Veja outras entrevistas da s\u00e9rie &#8220;O Mundo \u00e9 Delas&#8221;:<\/h3>\n\n\n\n<ul class=\"wp-block-list\"><li><a rel=\"noreferrer noopener\" target=\"_blank\" href=\"https:\/\/quantocustaviajar.com\/blog\/viagem-minimalista-especial\/\">Minimalismo e viagens, com Caroline Abreu<\/a><\/li><li><a rel=\"noreferrer noopener\" target=\"_blank\" href=\"https:\/\/quantocustaviajar.com\/blog\/turismo-sustentavel-entrevista\/\">Turismo sustent\u00e1vel, com a Ana Du\u00e9k<\/a><\/li><li><a rel=\"noreferrer noopener\" target=\"_blank\" href=\"https:\/\/quantocustaviajar.com\/blog\/turismo-musical-entrevista\/\">Festivais de m\u00fasica pelo mundo, com Gracielle Fonseca e Priscila Brito<\/a><\/li><li><a rel=\"noreferrer noopener\" target=\"_blank\" href=\"https:\/\/quantocustaviajar.com\/blog\/mariana-bueno-viajar-sozinha\/\">Viajar sozinha, com Mariana Bueno<\/a> <\/li><li><a href=\"https:\/\/quantocustaviajar.com\/blog\/o-mundo-e-delas-suelen-almeida-fala-sobre-turismo-acessivel\/\" target=\"_blank\" rel=\"noreferrer noopener\" aria-label=\" (abre numa nova aba)\">Turismo acess\u00edvel, com Suelen Almeida<\/a><\/li><li><a rel=\"noreferrer noopener\" aria-label=\"Turismo LGBT, com Fabia Fuzeti e Gabi Torrezani (abre numa nova aba)\" href=\"https:\/\/quantocustaviajar.com\/blog\/o-mundo-e-delas-gabi-e-fabia-falam-sobre-turismo-lgbt\/\" target=\"_blank\">Turismo LGBT, com Fabia Fuzeti e Gabi Torrezani<\/a><\/li><li><a rel=\"noreferrer noopener\" aria-label=\"Os desafios de ser uma viajante negra, com Cec\u00edlia Ros\u00e1rio (abre numa nova aba)\" href=\"https:\/\/quantocustaviajar.com\/blog\/ciarosa-viajante-negra\/\" target=\"_blank\">Os desafios de ser uma viajante negra, com Cec\u00edlia Ros\u00e1rio<\/a><\/li><\/ul>\n","protected":false},"excerpt":{"rendered":"<p>Aline Rocha, ou simplesmente Nina, foi criada entre panelas. Cozinheira, viajante e jornalista, ela uniu as tr\u00eas paix\u00f5es em uma casa virtual, o blog Sem Pressa de Voltar, onde relata suas andan\u00e7as comilonas pelo mundo. A vontade de desbravar sabores e destinos \u00e9 tanta que ela n\u00e3o v\u00ea problemas em jantar duas vezes quando est\u00e1 [&hellip;]<\/p>\n","protected":false},"author":12,"featured_media":40763,"comment_status":"open","ping_status":"open","sticky":false,"template":"","format":"standard","meta":{"cybocfi_hide_featured_image":"","footnotes":""},"categories":[1435,1769],"tags":[2323,89,2322,2476],"class_list":["post-40754","post","type-post","status-publish","format-standard","has-post-thumbnail","hentry","category-comes-bebes","category-especial-qcv","tag-entrevista","tag-gastronomia","tag-o-mundo-e-delas","tag-turismo-gastronomico"],"blocksy_meta":[],"yoast_head":"<!-- This site is optimized with the Yoast SEO plugin v26.3 - https:\/\/yoast.com\/wordpress\/plugins\/seo\/ -->\n<title>Turismo gastron\u00f4mico: Aline Rocha compartilha dicas para viajar e comer<\/title>\n<meta name=\"description\" content=\"A cozinheira, jornalista e viajante Aline Rocha compartilhou em uma entrevista suas dicas de turismo gastron\u00f4mico pelo mundo.\" \/>\n<meta name=\"robots\" content=\"index, follow, max-snippet:-1, max-image-preview:large, max-video-preview:-1\" \/>\n<link rel=\"canonical\" href=\"https:\/\/quantocustaviajar.com\/blog\/turismo-gastronomico-entrevista\/\" \/>\n<meta property=\"og:locale\" content=\"pt_BR\" \/>\n<meta property=\"og:type\" content=\"article\" \/>\n<meta property=\"og:title\" content=\"Turismo gastron\u00f4mico: Aline Rocha compartilha dicas para viajar e comer\" \/>\n<meta property=\"og:description\" content=\"A cozinheira, jornalista e viajante Aline Rocha compartilhou em uma entrevista suas dicas de turismo gastron\u00f4mico pelo mundo.\" \/>\n<meta property=\"og:url\" content=\"https:\/\/quantocustaviajar.com\/blog\/turismo-gastronomico-entrevista\/\" \/>\n<meta property=\"og:site_name\" content=\"Blog Quanto Custa Viajar\" \/>\n<meta property=\"article:publisher\" content=\"https:\/\/www.facebook.com\/quantocustaviajar\" \/>\n<meta property=\"article:published_time\" content=\"2020-01-09T12:14:56+00:00\" \/>\n<meta property=\"article:modified_time\" content=\"2020-01-09T12:15:01+00:00\" \/>\n<meta property=\"og:image\" content=\"https:\/\/quantocustaviajar.com\/blog\/wp-content\/uploads\/2019\/12\/turismo-gastronomico-pastel-de-belem-lisboa.jpg\" \/>\n\t<meta property=\"og:image:width\" content=\"1327\" \/>\n\t<meta property=\"og:image:height\" content=\"1770\" \/>\n\t<meta property=\"og:image:type\" content=\"image\/jpeg\" \/>\n<meta name=\"author\" content=\"Mari Dutra\" \/>\n<meta name=\"twitter:card\" content=\"summary_large_image\" \/>\n<meta name=\"twitter:creator\" content=\"@quasenomade\" \/>\n<meta name=\"twitter:label1\" content=\"Escrito por\" \/>\n\t<meta name=\"twitter:data1\" content=\"Mari Dutra\" \/>\n\t<meta name=\"twitter:label2\" content=\"Est. tempo de leitura\" \/>\n\t<meta name=\"twitter:data2\" content=\"7 minutos\" \/>\n<!-- \/ Yoast SEO plugin. -->","yoast_head_json":{"title":"Turismo gastron\u00f4mico: Aline Rocha compartilha dicas para viajar e comer","description":"A cozinheira, jornalista e viajante Aline Rocha compartilhou em uma entrevista suas dicas de turismo gastron\u00f4mico pelo mundo.","robots":{"index":"index","follow":"follow","max-snippet":"max-snippet:-1","max-image-preview":"max-image-preview:large","max-video-preview":"max-video-preview:-1"},"canonical":"https:\/\/quantocustaviajar.com\/blog\/turismo-gastronomico-entrevista\/","og_locale":"pt_BR","og_type":"article","og_title":"Turismo gastron\u00f4mico: Aline Rocha compartilha dicas para viajar e comer","og_description":"A cozinheira, jornalista e viajante Aline Rocha compartilhou em uma entrevista suas dicas de turismo gastron\u00f4mico pelo mundo.","og_url":"https:\/\/quantocustaviajar.com\/blog\/turismo-gastronomico-entrevista\/","og_site_name":"Blog Quanto Custa Viajar","article_publisher":"https:\/\/www.facebook.com\/quantocustaviajar","article_published_time":"2020-01-09T12:14:56+00:00","article_modified_time":"2020-01-09T12:15:01+00:00","og_image":[{"width":1327,"height":1770,"url":"https:\/\/quantocustaviajar.com\/blog\/wp-content\/uploads\/2019\/12\/turismo-gastronomico-pastel-de-belem-lisboa.jpg","type":"image\/jpeg"}],"author":"Mari Dutra","twitter_card":"summary_large_image","twitter_creator":"@quasenomade","twitter_misc":{"Escrito por":"Mari Dutra","Est. tempo de leitura":"7 minutos"},"schema":{"@context":"https:\/\/schema.org","@graph":[{"@type":["Article","BlogPosting"],"@id":"https:\/\/quantocustaviajar.com\/blog\/turismo-gastronomico-entrevista\/#article","isPartOf":{"@id":"https:\/\/quantocustaviajar.com\/blog\/turismo-gastronomico-entrevista\/"},"author":{"name":"Mari Dutra","@id":"https:\/\/quantocustaviajar.com\/blog\/#\/schema\/person\/cf1309504837a3099648280049df8d0d"},"headline":"O mundo \u00e9 delas: Aline Rocha fala sobre turismo gastron\u00f4mico","datePublished":"2020-01-09T12:14:56+00:00","dateModified":"2020-01-09T12:15:01+00:00","mainEntityOfPage":{"@id":"https:\/\/quantocustaviajar.com\/blog\/turismo-gastronomico-entrevista\/"},"wordCount":1435,"commentCount":2,"publisher":{"@id":"https:\/\/quantocustaviajar.com\/blog\/#organization"},"image":{"@id":"https:\/\/quantocustaviajar.com\/blog\/turismo-gastronomico-entrevista\/#primaryimage"},"thumbnailUrl":"https:\/\/quantocustaviajar.com\/blog\/wp-content\/uploads\/2019\/12\/turismo-gastronomico-pastel-de-belem-lisboa.jpg","keywords":["Entrevista","gastronomia","O Mundo \u00e9 Delas","turismo gastron\u00f4mico"],"articleSection":["Comes &amp; Bebes","Especial QCV"],"inLanguage":"pt-BR","potentialAction":[{"@type":"CommentAction","name":"Comment","target":["https:\/\/quantocustaviajar.com\/blog\/turismo-gastronomico-entrevista\/#respond"]}]},{"@type":"WebPage","@id":"https:\/\/quantocustaviajar.com\/blog\/turismo-gastronomico-entrevista\/","url":"https:\/\/quantocustaviajar.com\/blog\/turismo-gastronomico-entrevista\/","name":"Turismo gastron\u00f4mico: Aline Rocha compartilha dicas para viajar e comer","isPartOf":{"@id":"https:\/\/quantocustaviajar.com\/blog\/#website"},"primaryImageOfPage":{"@id":"https:\/\/quantocustaviajar.com\/blog\/turismo-gastronomico-entrevista\/#primaryimage"},"image":{"@id":"https:\/\/quantocustaviajar.com\/blog\/turismo-gastronomico-entrevista\/#primaryimage"},"thumbnailUrl":"https:\/\/quantocustaviajar.com\/blog\/wp-content\/uploads\/2019\/12\/turismo-gastronomico-pastel-de-belem-lisboa.jpg","datePublished":"2020-01-09T12:14:56+00:00","dateModified":"2020-01-09T12:15:01+00:00","description":"A cozinheira, jornalista e viajante Aline Rocha compartilhou em uma entrevista suas dicas de turismo gastron\u00f4mico pelo mundo.","breadcrumb":{"@id":"https:\/\/quantocustaviajar.com\/blog\/turismo-gastronomico-entrevista\/#breadcrumb"},"inLanguage":"pt-BR","potentialAction":[{"@type":"ReadAction","target":["https:\/\/quantocustaviajar.com\/blog\/turismo-gastronomico-entrevista\/"]}]},{"@type":"ImageObject","inLanguage":"pt-BR","@id":"https:\/\/quantocustaviajar.com\/blog\/turismo-gastronomico-entrevista\/#primaryimage","url":"https:\/\/quantocustaviajar.com\/blog\/wp-content\/uploads\/2019\/12\/turismo-gastronomico-pastel-de-belem-lisboa.jpg","contentUrl":"https:\/\/quantocustaviajar.com\/blog\/wp-content\/uploads\/2019\/12\/turismo-gastronomico-pastel-de-belem-lisboa.jpg","width":1327,"height":1770},{"@type":"BreadcrumbList","@id":"https:\/\/quantocustaviajar.com\/blog\/turismo-gastronomico-entrevista\/#breadcrumb","itemListElement":[{"@type":"ListItem","position":1,"name":"In\u00edcio","item":"https:\/\/quantocustaviajar.com\/blog\/"},{"@type":"ListItem","position":2,"name":"O mundo \u00e9 delas: Aline Rocha fala sobre turismo gastron\u00f4mico"}]},{"@type":"WebSite","@id":"https:\/\/quantocustaviajar.com\/blog\/#website","url":"https:\/\/quantocustaviajar.com\/blog\/","name":"Blog Quanto Custa Viajar","description":"","publisher":{"@id":"https:\/\/quantocustaviajar.com\/blog\/#organization"},"potentialAction":[{"@type":"SearchAction","target":{"@type":"EntryPoint","urlTemplate":"https:\/\/quantocustaviajar.com\/blog\/?s={search_term_string}"},"query-input":{"@type":"PropertyValueSpecification","valueRequired":true,"valueName":"search_term_string"}}],"inLanguage":"pt-BR"},{"@type":"Organization","@id":"https:\/\/quantocustaviajar.com\/blog\/#organization","name":"Quanto Custa Viajar","url":"https:\/\/quantocustaviajar.com\/blog\/","logo":{"@type":"ImageObject","inLanguage":"pt-BR","@id":"https:\/\/quantocustaviajar.com\/blog\/#\/schema\/logo\/image\/","url":"","contentUrl":"","caption":"Quanto Custa Viajar"},"image":{"@id":"https:\/\/quantocustaviajar.com\/blog\/#\/schema\/logo\/image\/"},"sameAs":["https:\/\/www.facebook.com\/quantocustaviajar"]},{"@type":"Person","@id":"https:\/\/quantocustaviajar.com\/blog\/#\/schema\/person\/cf1309504837a3099648280049df8d0d","name":"Mari Dutra","image":{"@type":"ImageObject","inLanguage":"pt-BR","@id":"https:\/\/quantocustaviajar.com\/blog\/#\/schema\/person\/image\/","url":"https:\/\/secure.gravatar.com\/avatar\/2997bb527ae39d049d9eb8d6c54262bd37451dfd0dba672807ddfae6c8e86713?s=96&d=mm&r=g","contentUrl":"https:\/\/secure.gravatar.com\/avatar\/2997bb527ae39d049d9eb8d6c54262bd37451dfd0dba672807ddfae6c8e86713?s=96&d=mm&r=g","caption":"Mari Dutra"},"description":"Puxa uma cadeira, porque eu amo falar sobre viagens, sustentabilidade e doguinhos n\u00f4mades. Tamb\u00e9m no Instagram e no Quase N\u00f4made.","sameAs":["http:\/\/quasenomade.com","https:\/\/www.instagram.com\/quasenomade\/","https:\/\/br.pinterest.com\/quasenomade\/","https:\/\/x.com\/quasenomade"],"url":"https:\/\/quantocustaviajar.com\/blog\/author\/mari-dutra\/"}]}},"_links":{"self":[{"href":"https:\/\/quantocustaviajar.com\/blog\/wp-json\/wp\/v2\/posts\/40754","targetHints":{"allow":["GET"]}}],"collection":[{"href":"https:\/\/quantocustaviajar.com\/blog\/wp-json\/wp\/v2\/posts"}],"about":[{"href":"https:\/\/quantocustaviajar.com\/blog\/wp-json\/wp\/v2\/types\/post"}],"author":[{"embeddable":true,"href":"https:\/\/quantocustaviajar.com\/blog\/wp-json\/wp\/v2\/users\/12"}],"replies":[{"embeddable":true,"href":"https:\/\/quantocustaviajar.com\/blog\/wp-json\/wp\/v2\/comments?post=40754"}],"version-history":[{"count":10,"href":"https:\/\/quantocustaviajar.com\/blog\/wp-json\/wp\/v2\/posts\/40754\/revisions"}],"predecessor-version":[{"id":40923,"href":"https:\/\/quantocustaviajar.com\/blog\/wp-json\/wp\/v2\/posts\/40754\/revisions\/40923"}],"wp:featuredmedia":[{"embeddable":true,"href":"https:\/\/quantocustaviajar.com\/blog\/wp-json\/wp\/v2\/media\/40763"}],"wp:attachment":[{"href":"https:\/\/quantocustaviajar.com\/blog\/wp-json\/wp\/v2\/media?parent=40754"}],"wp:term":[{"taxonomy":"category","embeddable":true,"href":"https:\/\/quantocustaviajar.com\/blog\/wp-json\/wp\/v2\/categories?post=40754"},{"taxonomy":"post_tag","embeddable":true,"href":"https:\/\/quantocustaviajar.com\/blog\/wp-json\/wp\/v2\/tags?post=40754"}],"curies":[{"name":"wp","href":"https:\/\/api.w.org\/{rel}","templated":true}]}}