{"id":40347,"date":"2025-04-18T12:51:00","date_gmt":"2025-04-18T12:51:00","guid":{"rendered":"https:\/\/quantocustaviajar.com\/blog\/?p=40347"},"modified":"2025-06-10T13:54:15","modified_gmt":"2025-06-10T13:54:15","slug":"notre-dame-em-paris","status":"publish","type":"post","link":"https:\/\/quantocustaviajar.com\/blog\/notre-dame-em-paris\/","title":{"rendered":"Como visitar Notre Dame em Paris: tudo que voc\u00ea precisa saber em 2025"},"content":{"rendered":"\n<p>A <strong>Catedral de Notre Dame <\/strong>em <strong>Paris <\/strong>\u00e9 considerada o monumento hist\u00f3rico mais visitado de toda a <strong>Europa<\/strong>. Em 15 de abril de 2019, um inc\u00eandio tomou conta da constru\u00e7\u00e3o e transformou para sempre a paisagem da capital francesa, mas para a <strong>felicidade dos viajantes Notre Dame j\u00e1 foi reaberta para visita\u00e7\u00e3o.<\/strong><\/p><div id=\"ez-toc-container\" class=\"ez-toc-v2_0_76 ez-toc-wrap-left counter-hierarchy ez-toc-counter ez-toc-light-blue ez-toc-container-direction\">\n<div class=\"ez-toc-title-container\">\n<p class=\"ez-toc-title\" style=\"cursor:inherit\">Aqui voc\u00ea ir\u00e1 encontrar<\/p>\n<span class=\"ez-toc-title-toggle\"><a href=\"#\" class=\"ez-toc-pull-right ez-toc-btn ez-toc-btn-xs ez-toc-btn-default ez-toc-toggle\" aria-label=\"Alternar tabela de conte\u00fado\"><span class=\"ez-toc-js-icon-con\"><span class=\"\"><span class=\"eztoc-hide\" style=\"display:none;\">Toggle<\/span><span class=\"ez-toc-icon-toggle-span\"><svg style=\"fill: #999;color:#999\" xmlns=\"http:\/\/www.w3.org\/2000\/svg\" class=\"list-377408\" width=\"20px\" height=\"20px\" viewBox=\"0 0 24 24\" fill=\"none\"><path d=\"M6 6H4v2h2V6zm14 0H8v2h12V6zM4 11h2v2H4v-2zm16 0H8v2h12v-2zM4 16h2v2H4v-2zm16 0H8v2h12v-2z\" fill=\"currentColor\"><\/path><\/svg><svg style=\"fill: #999;color:#999\" class=\"arrow-unsorted-368013\" xmlns=\"http:\/\/www.w3.org\/2000\/svg\" width=\"10px\" height=\"10px\" viewBox=\"0 0 24 24\" version=\"1.2\" baseProfile=\"tiny\"><path d=\"M18.2 9.3l-6.2-6.3-6.2 6.3c-.2.2-.3.4-.3.7s.1.5.3.7c.2.2.4.3.7.3h11c.3 0 .5-.1.7-.3.2-.2.3-.5.3-.7s-.1-.5-.3-.7zM5.8 14.7l6.2 6.3 6.2-6.3c.2-.2.3-.5.3-.7s-.1-.5-.3-.7c-.2-.2-.4-.3-.7-.3h-11c-.3 0-.5.1-.7.3-.2.2-.3.5-.3.7s.1.5.3.7z\"\/><\/svg><\/span><\/span><\/span><\/a><\/span><\/div>\n<nav><ul class='ez-toc-list ez-toc-list-level-1 ' ><li class='ez-toc-page-1 ez-toc-heading-level-2'><a class=\"ez-toc-link ez-toc-heading-1\" href=\"https:\/\/quantocustaviajar.com\/blog\/notre-dame-em-paris\/#Como_visitar_Notre_Dame_em_2025\" >Como visitar Notre Dame em 2025<\/a><ul class='ez-toc-list-level-3' ><li class='ez-toc-heading-level-3'><a class=\"ez-toc-link ez-toc-heading-2\" href=\"https:\/\/quantocustaviajar.com\/blog\/notre-dame-em-paris\/#O_que_voce_vai_ver_durante_a_visita\" >O que voc\u00ea vai ver durante a visita<\/a><ul class='ez-toc-list-level-4' ><li class='ez-toc-heading-level-4'><a class=\"ez-toc-link ez-toc-heading-3\" href=\"https:\/\/quantocustaviajar.com\/blog\/notre-dame-em-paris\/#1_Interior_da_Catedral\" >1. Interior da Catedral<\/a><\/li><li class='ez-toc-page-1 ez-toc-heading-level-4'><a class=\"ez-toc-link ez-toc-heading-4\" href=\"https:\/\/quantocustaviajar.com\/blog\/notre-dame-em-paris\/#2_As_Torres\" >2. As Torres<\/a><\/li><li class='ez-toc-page-1 ez-toc-heading-level-4'><a class=\"ez-toc-link ez-toc-heading-5\" href=\"https:\/\/quantocustaviajar.com\/blog\/notre-dame-em-paris\/#3_Os_Vitrais\" >3. Os Vitrais<\/a><\/li><li class='ez-toc-page-1 ez-toc-heading-level-4'><a class=\"ez-toc-link ez-toc-heading-6\" href=\"https:\/\/quantocustaviajar.com\/blog\/notre-dame-em-paris\/#4_Exposicoes_e_Experiencias_Interativas\" >4. Exposi\u00e7\u00f5es e Experi\u00eancias Interativas<\/a><\/li><\/ul><\/li><li class='ez-toc-page-1 ez-toc-heading-level-3'><a class=\"ez-toc-link ez-toc-heading-7\" href=\"https:\/\/quantocustaviajar.com\/blog\/notre-dame-em-paris\/#Reservas_e_Agendamento\" >Reservas e Agendamento<\/a><\/li><li class='ez-toc-page-1 ez-toc-heading-level-3'><a class=\"ez-toc-link ez-toc-heading-8\" href=\"https:\/\/quantocustaviajar.com\/blog\/notre-dame-em-paris\/#Horarios_de_Funcionamento\" >Hor\u00e1rios de Funcionamento<\/a><\/li><li class='ez-toc-page-1 ez-toc-heading-level-3'><a class=\"ez-toc-link ez-toc-heading-9\" href=\"https:\/\/quantocustaviajar.com\/blog\/notre-dame-em-paris\/#Eventos_e_Experiencias\" >Eventos e Experi\u00eancias<\/a><\/li><li class='ez-toc-page-1 ez-toc-heading-level-3'><a class=\"ez-toc-link ez-toc-heading-10\" href=\"https:\/\/quantocustaviajar.com\/blog\/notre-dame-em-paris\/#Dicas_para_a_Visita\" >Dicas para a Visita<\/a><\/li><\/ul><\/li><li class='ez-toc-page-1 ez-toc-heading-level-2'><a class=\"ez-toc-link ez-toc-heading-11\" href=\"https:\/\/quantocustaviajar.com\/blog\/notre-dame-em-paris\/#Historia_de_Notre_Dame\" >Hist\u00f3ria de Notre Dame<\/a><ul class='ez-toc-list-level-3' ><li class='ez-toc-heading-level-3'><a class=\"ez-toc-link ez-toc-heading-12\" href=\"https:\/\/quantocustaviajar.com\/blog\/notre-dame-em-paris\/#Arquitetura_e_Inovacoes\" >Arquitetura e Inova\u00e7\u00f5es<\/a><\/li><li class='ez-toc-page-1 ez-toc-heading-level-3'><a class=\"ez-toc-link ez-toc-heading-13\" href=\"https:\/\/quantocustaviajar.com\/blog\/notre-dame-em-paris\/#Um_Simbolo_Religioso_e_Cultural\" >Um S\u00edmbolo Religioso e Cultural<\/a><\/li><li class='ez-toc-page-1 ez-toc-heading-level-3'><a class=\"ez-toc-link ez-toc-heading-14\" href=\"https:\/\/quantocustaviajar.com\/blog\/notre-dame-em-paris\/#A_Revolucao_Francesa_e_os_Tempos_Conturbados\" >A Revolu\u00e7\u00e3o Francesa e os Tempos Conturbados<\/a><\/li><li class='ez-toc-page-1 ez-toc-heading-level-3'><a class=\"ez-toc-link ez-toc-heading-15\" href=\"https:\/\/quantocustaviajar.com\/blog\/notre-dame-em-paris\/#Restauracao_no_Seculo_XIX\" >Restaura\u00e7\u00e3o no S\u00e9culo XIX<\/a><\/li><\/ul><\/li><li class='ez-toc-page-1 ez-toc-heading-level-2'><a class=\"ez-toc-link ez-toc-heading-16\" href=\"https:\/\/quantocustaviajar.com\/blog\/notre-dame-em-paris\/#Por_que_Notre_Dame_pegou_fogo\" >Por que Notre Dame pegou fogo?<\/a><\/li><li class='ez-toc-page-1 ez-toc-heading-level-2'><a class=\"ez-toc-link ez-toc-heading-17\" href=\"https:\/\/quantocustaviajar.com\/blog\/notre-dame-em-paris\/#Passeios_para_fazer_alem_de_Notre_Dame\" >Passeios para fazer al\u00e9m de Notre Dame<\/a><ul class='ez-toc-list-level-4' ><li class='ez-toc-heading-level-4'><ul class='ez-toc-list-level-4' ><li class='ez-toc-heading-level-4'><a class=\"ez-toc-link ez-toc-heading-18\" href=\"https:\/\/quantocustaviajar.com\/blog\/notre-dame-em-paris\/#Basilica_de_Sacre-Coeur\" >Bas\u00edlica de Sacr\u00e9-C\u0153ur<\/a><\/li><li class='ez-toc-page-1 ez-toc-heading-level-4'><a class=\"ez-toc-link ez-toc-heading-19\" href=\"https:\/\/quantocustaviajar.com\/blog\/notre-dame-em-paris\/#Basilica_de_Saint-Denis\" >Bas\u00edlica de Saint-Denis<\/a><\/li><li class='ez-toc-page-1 ez-toc-heading-level-4'><a class=\"ez-toc-link ez-toc-heading-20\" href=\"https:\/\/quantocustaviajar.com\/blog\/notre-dame-em-paris\/#Igreja_de_Saint-Eustache\" >Igreja de Saint-Eustache<\/a><\/li><li class='ez-toc-page-1 ez-toc-heading-level-4'><a class=\"ez-toc-link ez-toc-heading-21\" href=\"https:\/\/quantocustaviajar.com\/blog\/notre-dame-em-paris\/#Saint-Etienne-du-Mont\" >Saint-\u00c9tienne-du-Mont<\/a><\/li><\/ul><\/li><\/ul><\/li><\/ul><\/nav><\/div>\n\n\n\n\n<p>A Catedral de Notre-Dame de Paris reabriu ao p\u00fablico em 8 de dezembro de 2024, ap\u00f3s cinco anos de restaura\u00e7\u00e3o devido ao inc\u00eandio de 2019. Em 2025, a visita\u00e7\u00e3o continua dispon\u00edvel, com algumas atualiza\u00e7\u00f5es importantes.<\/p>\n\n\n\n<pre class=\"wp-block-preformatted has-background\" style=\"background-color:#cfd8e1\"><strong>Comece a planejar sua viagem aqui!<\/strong>\n<a href=\"https:\/\/www.turismocity.com.br\/?utm_source=qcv&amp;utm_medium=blog\" target=\"_blank\" rel=\"noreferrer noopener\">Encontre sua passagem a\u00e9rea barata\n<\/a><a href=\"https:\/\/www.booking.com\/index.pt-br.html?aid=2161834\" target=\"_blank\" rel=\"noreferrer noopener\">E pesquise a hospedagem perfeita com o seu or\u00e7amento<\/a><\/pre>\n\n\n\n<h2 class=\"wp-block-heading\"><span class=\"ez-toc-section\" id=\"Como_visitar_Notre_Dame_em_2025\"><\/span>Como visitar Notre Dame em 2025<span class=\"ez-toc-section-end\"><\/span><\/h2>\n\n\n\n<p>A entrada para a catedral \u00e9 gratuita, permitindo que todos apreciem sua arquitetura e interior. No entanto, algumas \u00e1reas, como o tesouro e as torres, exigem ingresso pago. Os pre\u00e7os variam entre \u20ac6 e \u20ac10, dependendo da \u00e1rea e da faixa et\u00e1ria do visitante<\/p>\n\n\n\n<p>A visita \u00e0 <strong>Catedral de Notre-Dame de Paris<\/strong> em 2025 \u00e9 uma experi\u00eancia imperd\u00edvel, especialmente ap\u00f3s a reabertura da catedral, que foi restaurada com muito cuidado e respeito \u00e0 sua hist\u00f3ria. A seguir, vamos detalhar mais sobre o que esperar ao visitar esse \u00edcone de Paris.<\/p>\n\n\n\n<h3 class=\"wp-block-heading\"><span class=\"ez-toc-section\" id=\"O_que_voce_vai_ver_durante_a_visita\"><\/span>O que voc\u00ea vai ver durante a visita<span class=\"ez-toc-section-end\"><\/span><\/h3>\n\n\n\n<p>Ap\u00f3s o inc\u00eandio devastador de 2019, a Notre-Dame passou por uma intensa restaura\u00e7\u00e3o, e hoje os visitantes podem explorar o interior da catedral restaurado. Embora as \u00e1reas internas ainda estejam em processo de restaura\u00e7\u00e3o completa, a catedral j\u00e1 est\u00e1 aberta ao p\u00fablico e oferece um vislumbre impressionante de sua arquitetura e hist\u00f3ria. Aqui est\u00e3o alguns dos principais pontos a serem explorados:<\/p>\n\n\n\n<h4 class=\"wp-block-heading\"><span class=\"ez-toc-section\" id=\"1_Interior_da_Catedral\"><\/span>1. <strong>Interior da Catedral<\/strong><span class=\"ez-toc-section-end\"><\/span><\/h4>\n\n\n\n<ul class=\"wp-block-list\"><li class=\"\"><strong>A Nave Principal<\/strong>: O cora\u00e7\u00e3o da catedral, com seu enorme espa\u00e7o aberto e vitrais magn\u00edficos que continuam a brilhar com luz natural.<\/li><li class=\"\"><strong>Altar e Capelas Laterais<\/strong>: A \u00e1rea onde voc\u00ea pode ver detalhes impressionantes da arte sacra.<\/li><li class=\"\"><strong>A Cripta<\/strong>: Parte do tesouro da catedral, onde voc\u00ea pode ver artefatos hist\u00f3ricos e aprender mais sobre a hist\u00f3ria de Notre-Dame.<\/li><\/ul>\n\n\n\n<h4 class=\"wp-block-heading\"><span class=\"ez-toc-section\" id=\"2_As_Torres\"><\/span>2. <strong>As Torres<\/strong><span class=\"ez-toc-section-end\"><\/span><\/h4>\n\n\n\n<ul class=\"wp-block-list\"><li class=\"\">As famosas torres de Notre-Dame, que foram danificadas durante o inc\u00eandio, est\u00e3o agora restauradas, e a subida ao topo foi reaberta para os visitantes. Ao subir, voc\u00ea pode aproveitar vistas espetaculares de Paris e ver de perto as g\u00e1rgulas, que s\u00e3o uma das marcas registradas da catedral.<\/li><\/ul>\n\n\n\n<h4 class=\"wp-block-heading\"><span class=\"ez-toc-section\" id=\"3_Os_Vitrais\"><\/span>3. <strong>Os Vitrais<\/strong><span class=\"ez-toc-section-end\"><\/span><\/h4>\n\n\n\n<ul class=\"wp-block-list\"><li class=\"\">Embora o famoso vitral de rosas tenha sofrido danos, ele est\u00e1 sendo cuidadosamente restaurado. Durante sua visita, voc\u00ea ver\u00e1 um trabalho impressionante de preserva\u00e7\u00e3o e reconstru\u00e7\u00e3o.<\/li><\/ul>\n\n\n\n<h4 class=\"wp-block-heading\"><span class=\"ez-toc-section\" id=\"4_Exposicoes_e_Experiencias_Interativas\"><\/span>4. <strong>Exposi\u00e7\u00f5es e Experi\u00eancias Interativas<\/strong><span class=\"ez-toc-section-end\"><\/span><\/h4>\n\n\n\n<ul class=\"wp-block-list\"><li class=\"\">A Notre-Dame tamb\u00e9m est\u00e1 oferecendo exposi\u00e7\u00f5es tempor\u00e1rias e experi\u00eancias virtuais, que permitem aos visitantes entender mais sobre a catedral, sua hist\u00f3ria, a restaura\u00e7\u00e3o e sua import\u00e2ncia para a cultura francesa e mundial.<\/li><\/ul>\n\n\n\n<h3 class=\"wp-block-heading\"><span class=\"ez-toc-section\" id=\"Reservas_e_Agendamento\"><\/span>Reservas e Agendamento<span class=\"ez-toc-section-end\"><\/span><\/h3>\n\n\n\n<p><strong>Reserva online<\/strong>: \u00c9 necess\u00e1rio agendar sua visita com anteced\u00eancia por meio do site oficial da Notre-Dame. As reservas podem ser feitas at\u00e9 48 horas antes da visita.<\/p>\n\n\n\n<p><strong>Visitas em grupo<\/strong>: Grupos de visitantes podem agendar acesso a partir de abril de 2025.<\/p>\n\n\n\n<h3 class=\"wp-block-heading\"><span class=\"ez-toc-section\" id=\"Horarios_de_Funcionamento\"><\/span>Hor\u00e1rios de Funcionamento<span class=\"ez-toc-section-end\"><\/span><\/h3>\n\n\n\n<p>A catedral est\u00e1 aberta diariamente das 8h \u00e0s 19h. \u00c0s quintas-feiras, o hor\u00e1rio se estende at\u00e9 as 22h.<\/p>\n\n\n\n<h3 class=\"wp-block-heading\"><span class=\"ez-toc-section\" id=\"Eventos_e_Experiencias\"><\/span>Eventos e Experi\u00eancias<span class=\"ez-toc-section-end\"><\/span><\/h3>\n\n\n\n<p>Durante a Semana Santa de 2025, a catedral oferece missas e servi\u00e7os especiais. Al\u00e9m disso, exposi\u00e7\u00f5es e experi\u00eancias virtuais est\u00e3o dispon\u00edveis para enriquecer sua visita. \u200b<\/p>\n\n\n\n<h3 class=\"wp-block-heading\"><span class=\"ez-toc-section\" id=\"Dicas_para_a_Visita\"><\/span>Dicas para a Visita<span class=\"ez-toc-section-end\"><\/span><\/h3>\n\n\n\n<ul class=\"wp-block-list\"><li><strong>Planeje com anteced\u00eancia<\/strong>: Devido \u00e0 alta demanda, \u00e9 recomend\u00e1vel reservar sua visita com anteced\u00eancia.\u200b<\/li><li><strong>Combine com atra\u00e7\u00f5es pr\u00f3ximas<\/strong>: Aproveite para explorar pontos tur\u00edsticos nas proximidades, como a Sainte-Chapelle e o Museu de Cluny.<\/li><li><strong>Considere visitas guiadas<\/strong>: Para uma compreens\u00e3o mais profunda da hist\u00f3ria e arquitetura da catedral, considere participar de uma visita guiada.\u200b<\/li><\/ul>\n\n\n\n<p>Para mais informa\u00e7\u00f5es e agendamento, visite o site oficial da Notre-Dame.<\/p>\n\n\n\n<p>Visitar a <strong>Notre-Dame de Paris<\/strong> ap\u00f3s sua restaura\u00e7\u00e3o \u00e9 uma experi\u00eancia \u00fanica e significativa. A combina\u00e7\u00e3o de hist\u00f3ria, arte e f\u00e9 torna a catedral um dos pontos tur\u00edsticos mais emblem\u00e1ticos de Paris. Em 2025, com a restaura\u00e7\u00e3o quase completa e a reabertura das \u00e1reas mais ic\u00f4nicas, como as torres, a visita promete ser uma das mais memor\u00e1veis que voc\u00ea pode fazer na cidade.<\/p>\n\n\n\n<p>Se voc\u00ea estiver em Paris, n\u00e3o deixe de incluir a Notre-Dame em seu roteiro. Al\u00e9m de se encantar com sua beleza renovada, voc\u00ea ter\u00e1 a oportunidade de testemunhar a resili\u00eancia dessa catedral hist\u00f3rica, que, apesar do inc\u00eandio, continua a ser um s\u00edmbolo de Paris para o mundo todo.<\/p>\n\n\n\n<h2 class=\"wp-block-heading\"><span class=\"ez-toc-section\" id=\"Historia_de_Notre_Dame\"><\/span>Hist\u00f3ria de Notre Dame<span class=\"ez-toc-section-end\"><\/span><\/h2>\n\n\n\n<figure class=\"wp-block-image aligncenter\"><img loading=\"lazy\" decoding=\"async\" width=\"751\" height=\"501\" src=\"https:\/\/quantocustaviajar.com\/blog\/wp-content\/uploads\/2019\/12\/notre-dame-paris-fachada.jpg\" alt=\"Notre Dame\" class=\"wp-image-40367\" srcset=\"https:\/\/quantocustaviajar.com\/blog\/wp-content\/uploads\/2019\/12\/notre-dame-paris-fachada.jpg 751w, https:\/\/quantocustaviajar.com\/blog\/wp-content\/uploads\/2019\/12\/notre-dame-paris-fachada-300x200.jpg 300w\" sizes=\"auto, (max-width: 751px) 100vw, 751px\" \/><figcaption><strong>Fachada da Catedral de Notre Dame em Paris. <\/strong>Foto: <a href=\"https:\/\/unsplash.com\/photos\/_1LvAexVWa8\" target=\"_blank\" rel=\"noreferrer noopener\" aria-label=\"Priscilla Fraire (abre numa nova aba)\">Priscilla Fraire<\/a><\/figcaption><\/figure>\n\n\n\n<p>A constru\u00e7\u00e3o da catedral come\u00e7ou em <strong>1163<\/strong>, durante o reinado de <strong>Lu\u00eds VII<\/strong>, e foi conclu\u00edda em <strong>1345<\/strong>, ap\u00f3s mais de 180 anos de trabalhos. A constru\u00e7\u00e3o foi iniciada sob a dire\u00e7\u00e3o do arcebispo <strong>Maurice de Sully<\/strong>, que desejava criar uma catedral grandiosa para substituir a antiga igreja de S\u00e3o Est\u00eav\u00e3o, que estava em condi\u00e7\u00f5es prec\u00e1rias. A catedral foi constru\u00edda no estilo <strong>g\u00f3tico franc\u00eas<\/strong>, caracterizado por arcos pontiagudos, vitrais coloridos e grandes ab\u00f3badas.<\/p>\n\n\n\n<h3 class=\"wp-block-heading\"><span class=\"ez-toc-section\" id=\"Arquitetura_e_Inovacoes\"><\/span>Arquitetura e Inova\u00e7\u00f5es<span class=\"ez-toc-section-end\"><\/span><\/h3>\n\n\n\n<p>Notre-Dame \u00e9 um exemplo magn\u00edfico da arquitetura g\u00f3tica, sendo pioneira em v\u00e1rias inova\u00e7\u00f5es de constru\u00e7\u00e3o. A catedral introduziu o uso de <strong>arcos ogivais<\/strong> e <strong>contrafortes voadores<\/strong>, que permitiram a constru\u00e7\u00e3o de paredes mais finas e, assim, a inser\u00e7\u00e3o de vitrais imponentes. As <strong>ros\u00e1ceas<\/strong> (as grandes janelas circulares) de Notre-Dame, especialmente a rosa do transepto, s\u00e3o alguns dos vitrais mais famosos e impressionantes da catedral.<\/p>\n\n\n\n<p>A fachada da catedral \u00e9 igualmente impressionante, com tr\u00eas portais esculpidos que ilustram cenas b\u00edblicas, al\u00e9m de mais de 30 est\u00e1tuas de figuras religiosas. As <strong>torres<\/strong> de Notre-Dame se erguem a 69 metros de altura, e no topo da torre norte, h\u00e1 a famosa <strong>gargalhada<\/strong>, que \u00e9 um dos detalhes mais emblem\u00e1ticos da catedral.<\/p>\n\n\n\n<h3 class=\"wp-block-heading\"><span class=\"ez-toc-section\" id=\"Um_Simbolo_Religioso_e_Cultural\"><\/span>Um S\u00edmbolo Religioso e Cultural<span class=\"ez-toc-section-end\"><\/span><\/h3>\n\n\n\n<p>Ao longo de sua hist\u00f3ria, a Catedral de Notre-Dame desempenhou um papel central tanto na religi\u00e3o quanto na pol\u00edtica da Fran\u00e7a. Como sede do Arcebispado de Paris, foi o centro da vida religiosa na cidade, e \u00e9 o local de muitas cerim\u00f4nias importantes, incluindo coroa\u00e7\u00f5es e funerais de monarcas.<\/p>\n\n\n\n<p>Um dos momentos mais emblem\u00e1ticos foi a <strong>coroa\u00e7\u00e3o de Napole\u00e3o Bonaparte<\/strong> em <strong>1804<\/strong>, quando ele se autoproclamou Imperador da Fran\u00e7a. Ele fez isso diante do altar de Notre-Dame, em uma cerim\u00f4nia que ficou marcada pela sua inten\u00e7\u00e3o de reafirmar sua autoridade sobre a Igreja.<\/p>\n\n\n\n<h3 class=\"wp-block-heading\"><span class=\"ez-toc-section\" id=\"A_Revolucao_Francesa_e_os_Tempos_Conturbados\"><\/span><strong>A Revolu\u00e7\u00e3o Francesa e os Tempos Conturbados<\/strong><span class=\"ez-toc-section-end\"><\/span><\/h3>\n\n\n\n<p>Durante a <strong>Revolu\u00e7\u00e3o Francesa (1789-1799)<\/strong>, a catedral sofreu grandes danos. Os revolucion\u00e1rios, que viam a Igreja Cat\u00f3lica como uma institui\u00e7\u00e3o reacion\u00e1ria, destru\u00edram muitas est\u00e1tuas e imagens religiosas da catedral. Notre-Dame foi at\u00e9 mesmo transformada em <strong>templo da Raz\u00e3o<\/strong>, com figuras aleg\u00f3ricas do \u201cDeus Raz\u00e3o\u201d sendo veneradas em seu interior.<\/p>\n\n\n\n<p>Ap\u00f3s o fim da Revolu\u00e7\u00e3o, a catedral foi restaurada, mas com modifica\u00e7\u00f5es no interior. Foi tamb\u00e9m nesse per\u00edodo que o romancista <strong>Victor Hugo<\/strong> escreveu seu famoso romance <strong>&#8220;O Corcunda de Notre-Dame&#8221; (1831)<\/strong>, que ajudou a reviver o interesse pela catedral e a iniciar uma grande restaura\u00e7\u00e3o na d\u00e9cada de 1840.<\/p>\n\n\n\n<h3 class=\"wp-block-heading\"><span class=\"ez-toc-section\" id=\"Restauracao_no_Seculo_XIX\"><\/span>Restaura\u00e7\u00e3o no S\u00e9culo XIX<span class=\"ez-toc-section-end\"><\/span><\/h3>\n\n\n\n<p>Em 1844, o governo franc\u00eas iniciou uma grandiosa <strong>restaura\u00e7\u00e3o<\/strong> de Notre-Dame, que foi conduzida pelo arquiteto <strong>Eug\u00e8ne Viollet-le-Duc<\/strong>. Ele fez modifica\u00e7\u00f5es significativas no edif\u00edcio, como a adi\u00e7\u00e3o da <strong>famosa agulha (spire)<\/strong>, que se ergue a 93 metros de altura, e tamb\u00e9m restaurou as g\u00e1rgulas e outras esculturas. Viollet-le-Duc \u00e9 tamb\u00e9m creditado com a preserva\u00e7\u00e3o de muitos dos elementos g\u00f3ticos da catedral que, de outra forma, poderiam ter sido perdidos.<\/p>\n\n\n\n<pre class=\"wp-block-preformatted has-background\" style=\"background-color:#cfd8e1\"><strong>Comece a planejar sua viagem aqui!<\/strong>\n<a href=\"https:\/\/www.turismocity.com.br\/?utm_source=qcv&amp;utm_medium=blog\" target=\"_blank\" rel=\"noreferrer noopener\">Encontre sua passagem a\u00e9rea barata\n<\/a><a href=\"https:\/\/www.booking.com\/index.pt-br.html?aid=2161834\" target=\"_blank\" rel=\"noreferrer noopener\">E pesquise a hospedagem perfeita com o seu or\u00e7amento<\/a><\/pre>\n\n\n\n<blockquote class=\"wp-block-quote is-layout-flow wp-block-quote-is-layout-flow\"><p><strong><a aria-label=\"Pesquise aqui sua hospedagem em Paris (abre numa nova aba)\" href=\"https:\/\/www.booking.com\/searchresults.pt-br.html?aid=2161834&amp;city=-1456928&amp;sb_travel_purpose=leisure&amp;checkin_monthday=25&amp;checkin_month=12&amp;checkin_year=2019&amp;checkout_monthday=28&amp;checkout_month=12&amp;checkout_year=2019&amp;no_rooms=1&amp;group_adults=1&amp;group_children=0&amp;start=25%2F12%2F2019&amp;end=28%2F12%2F2019&amp;room1=A&amp;label=PFD\" target=\"_blank\" rel=\"noreferrer noopener\">Pesquise aqui sua hospedagem em Paris<\/a><\/strong><\/p><\/blockquote>\n\n\n\n<h2 class=\"wp-block-heading\"><span class=\"ez-toc-section\" id=\"Por_que_Notre_Dame_pegou_fogo\"><\/span>Por que Notre Dame pegou fogo?<span class=\"ez-toc-section-end\"><\/span><\/h2>\n\n\n\n<p>At\u00e9 o momento, n\u00e3o se sabe ainda o que causou o inc\u00eandio em Notre Dame. A hip\u00f3tese de ter sido um ato criminoso foi descartada, mas o motivo real ainda \u00e9 um mist\u00e9rio. <\/p>\n\n\n\n<p>\u00d3rg\u00e3os oficiais da <strong><a rel=\"noreferrer noopener\" aria-label=\"Fran\u00e7a (abre numa nova aba)\" href=\"https:\/\/quantocustaviajar.com\/franca\" target=\"_blank\">Fran\u00e7a<\/a><\/strong> trabalham com a ideia de que tenha ocorrido um curto-circuito nos sinos eletrificados da torre ou nos elevadores que haviam sido montados para auxiliar as pessoas que trabalhavam na reforma da Catedral.<\/p>\n\n\n\n<p>Al\u00e9m disso, uma reportagem da <strong><a aria-label=\" (abre numa nova aba)\" href=\"https:\/\/www1.folha.uol.com.br\/mundo\/2019\/07\/notre-dame-chegou-muito-mais-perto-de-desmoronar-do-que-se-pensava.shtml\" target=\"_blank\" rel=\"noreferrer noopener\">Folha de S. Paulo<\/a><\/strong> indica que houve uma demora significativa em reportar o fogo e chamar os bombeiros, o que fez com que os estragos atingissem uma propor\u00e7\u00e3o t\u00e3o grande. Segundo a publica\u00e7\u00e3o, a Catedral esteve pr\u00f3xima de desmoronar em consequ\u00eancia do inc\u00eandio.<\/p>\n\n\n\n<blockquote class=\"wp-block-quote is-layout-flow wp-block-quote-is-layout-flow\"><p><strong><a rel=\"noreferrer noopener\" aria-label=\"Os melhores lugares para tirar fotos da Torre Eiffel: garanta um click perfeito (abre numa nova aba)\" href=\"https:\/\/quantocustaviajar.com\/blog\/onde-tirar-fotos-da-torre-eiffel\/\" target=\"_blank\">Os melhores lugares para tirar fotos da Torre Eiffel: garanta um click perfeito<\/a><\/strong><\/p><\/blockquote>\n\n\n\n<figure class=\"wp-block-image\"><img loading=\"lazy\" decoding=\"async\" width=\"750\" height=\"500\" src=\"https:\/\/quantocustaviajar.com\/blog\/wp-content\/uploads\/2019\/12\/notre-dame-paris-detalhes.jpg\" alt=\"\" class=\"wp-image-40369\" srcset=\"https:\/\/quantocustaviajar.com\/blog\/wp-content\/uploads\/2019\/12\/notre-dame-paris-detalhes.jpg 750w, https:\/\/quantocustaviajar.com\/blog\/wp-content\/uploads\/2019\/12\/notre-dame-paris-detalhes-300x200.jpg 300w\" sizes=\"auto, (max-width: 750px) 100vw, 750px\" \/><figcaption><strong>Detalhes de Notre Dame. <\/strong>Foto: <a href=\"https:\/\/unsplash.com\/photos\/YOCitVPxr14\" target=\"_blank\" rel=\"noreferrer noopener\" aria-label=\"Stephanie LeBlanc (abre numa nova aba)\">Stephanie LeBlanc<\/a><\/figcaption><\/figure>\n\n\n\n<blockquote class=\"wp-block-quote is-layout-flow wp-block-quote-is-layout-flow\"><p><strong><a rel=\"noreferrer noopener\" aria-label=\"Com cara de hotel boutique, hostel em Paris tem quartos a partir de 17 euros (abre numa nova aba)\" href=\"https:\/\/quantocustaviajar.com\/blog\/hostel-em-paris-17-euros\/\" target=\"_blank\">Com cara de hotel boutique, hostel em Paris tem quartos a partir de 17 euros<\/a><\/strong><\/p><\/blockquote>\n\n\n\n<h2 class=\"wp-block-heading\"><span class=\"ez-toc-section\" id=\"Passeios_para_fazer_alem_de_Notre_Dame\"><\/span>Passeios para fazer al\u00e9m de Notre Dame<span class=\"ez-toc-section-end\"><\/span><\/h2>\n\n\n\n<h4 class=\"wp-block-heading\"><span class=\"ez-toc-section\" id=\"Basilica_de_Sacre-Coeur\"><\/span>Bas\u00edlica de Sacr\u00e9-C\u0153ur<span class=\"ez-toc-section-end\"><\/span><\/h4>\n\n\n\n<p>Al\u00e9m de uma vista deslumbrante do bairro de Montmartre, a bas\u00edlica feita em m\u00e1rmore branco promete ser um dos passeios mais inesquec\u00edveis de Paris.<\/p>\n\n\n\n<p>A constru\u00e7\u00e3o, uma obra de Paul Abadie, teve in\u00edcio em 1875 e s\u00f3 foi terminada em 1914. \u00c9 poss\u00edvel visitar parte da bas\u00edlica gratuitamente ou comprar um ingresso para conhecer a sua cripta e subir \u00e0 c\u00fapula de Sacr\u00e9-C\u0153ur.<\/p>\n\n\n\n<figure class=\"wp-block-image aligncenter\"><img loading=\"lazy\" decoding=\"async\" width=\"667\" height=\"500\" src=\"https:\/\/quantocustaviajar.com\/blog\/wp-content\/uploads\/2019\/12\/sacre-coeur.jpg\" alt=\"\" class=\"wp-image-40371\" srcset=\"https:\/\/quantocustaviajar.com\/blog\/wp-content\/uploads\/2019\/12\/sacre-coeur.jpg 667w, https:\/\/quantocustaviajar.com\/blog\/wp-content\/uploads\/2019\/12\/sacre-coeur-300x225.jpg 300w\" sizes=\"auto, (max-width: 667px) 100vw, 667px\" \/><figcaption><strong>Vista da Bas\u00edlica de Sacr\u00e9-C\u0153ur, em Paris. <\/strong>Foto: <a href=\"https:\/\/unsplash.com\/photos\/VkqJfhfRT9I\" target=\"_blank\" rel=\"noreferrer noopener\" aria-label=\"Mathieu Viet (abre numa nova aba)\">Mathieu Viet<\/a><\/figcaption><\/figure>\n\n\n\n<h4 class=\"wp-block-heading\"><span class=\"ez-toc-section\" id=\"Basilica_de_Saint-Denis\"><\/span>Bas\u00edlica de Saint-Denis <span class=\"ez-toc-section-end\"><\/span><\/h4>\n\n\n\n<p>Fundada no s\u00e9culo 7, a Bas\u00edlica de Saint-Denis se tornou um local de peregrina\u00e7\u00e3o por guardar a sepultura do santo que lhe d\u00e1 nome. Al\u00e9m disso, ela tamb\u00e9m conta com um mausol\u00e9u onde est\u00e3o enterrados quase todos os reis franceses do s\u00e9culo 10 ao 18, al\u00e9m de alguns monarcas anteriores a esse per\u00edodo.<\/p>\n\n\n\n<p>A constru\u00e7\u00e3o \u00e9 um marco arquitet\u00f4nico, por ser uma das primeiras a apostar no estilo g\u00f3tico em sua estrutura principal. Curiosamente, ela serviu como inspira\u00e7\u00e3o para a constru\u00e7\u00e3o de Notre Dame e, por isso mesmo, pode ser um \u00f3timo substituto ao tradicional passeio. <\/p>\n\n\n\n<figure class=\"wp-block-image aligncenter\"><img loading=\"lazy\" decoding=\"async\" width=\"800\" height=\"600\" src=\"https:\/\/quantocustaviajar.com\/blog\/wp-content\/uploads\/2019\/12\/Saint.dennis.jpg\" alt=\"\" class=\"wp-image-40372\" srcset=\"https:\/\/quantocustaviajar.com\/blog\/wp-content\/uploads\/2019\/12\/Saint.dennis.jpg 800w, https:\/\/quantocustaviajar.com\/blog\/wp-content\/uploads\/2019\/12\/Saint.dennis-300x225.jpg 300w, https:\/\/quantocustaviajar.com\/blog\/wp-content\/uploads\/2019\/12\/Saint.dennis-768x576.jpg 768w\" sizes=\"auto, (max-width: 800px) 100vw, 800px\" \/><figcaption><strong>Bas\u00edlica de Saint-Denis. <\/strong>Foto <a rel=\"noreferrer noopener\" aria-label=\"CC BY-SA 3.0 (abre numa nova aba)\" href=\"http:\/\/creativecommons.org\/licenses\/by-sa\/3.0\/\" target=\"_blank\">CC BY-SA 3.0<\/a> <a rel=\"noreferrer noopener\" aria-label=\"Msadp06 (abre numa nova aba)\" href=\"https:\/\/pt.wikipedia.org\/wiki\/Bas%C3%ADlica_de_Saint-Denis#\/media\/Ficheiro:Saint.dennis.04.JPG\" target=\"_blank\">Msadp06<\/a><\/figcaption><\/figure>\n\n\n\n<h4 class=\"wp-block-heading\"><span class=\"ez-toc-section\" id=\"Igreja_de_Saint-Eustache\"><\/span>Igreja de Saint-Eustache <span class=\"ez-toc-section-end\"><\/span><\/h4>\n\n\n\n<p>Para quem busca algo mais central, a dica \u00e9 conhecer a igreja de Saint-Eustache, localizada \u00e0 margem direita do Sena. Sua constru\u00e7\u00e3o foi projetada pelo arquiteto italiano Domenico da Cortona e as obras levaram 100 anos, sendo conclu\u00eddas em 1632.<\/p>\n\n\n\n<figure class=\"wp-block-image aligncenter\"><img loading=\"lazy\" decoding=\"async\" width=\"800\" height=\"583\" src=\"https:\/\/quantocustaviajar.com\/blog\/wp-content\/uploads\/2019\/12\/saint-eustaque.jpg\" alt=\"Notre Dame\" class=\"wp-image-40373\" srcset=\"https:\/\/quantocustaviajar.com\/blog\/wp-content\/uploads\/2019\/12\/saint-eustaque.jpg 800w, https:\/\/quantocustaviajar.com\/blog\/wp-content\/uploads\/2019\/12\/saint-eustaque-300x219.jpg 300w, https:\/\/quantocustaviajar.com\/blog\/wp-content\/uploads\/2019\/12\/saint-eustaque-768x560.jpg 768w\" sizes=\"auto, (max-width: 800px) 100vw, 800px\" \/><figcaption><strong>Igreja de Saint-Eustache. <\/strong>Foto <a rel=\"noreferrer noopener\" aria-label=\"CC BY-SA 2.5 (abre numa nova aba)\" href=\"https:\/\/creativecommons.org\/licenses\/by-sa\/2.5\/deed.es\" target=\"_blank\">CC BY-SA 2.5<\/a> <a href=\"https:\/\/es.m.wikipedia.org\/wiki\/Archivo:St.-Eustache.jpg\" target=\"_blank\" rel=\"noreferrer noopener\" aria-label=\"Pavel Krok (abre numa nova aba)\">Pavel Krok<\/a><\/figcaption><\/figure>\n\n\n\n<h4 class=\"wp-block-heading\"><span class=\"ez-toc-section\" id=\"Saint-Etienne-du-Mont\"><\/span>Saint-\u00c9tienne-du-Mont<span class=\"ez-toc-section-end\"><\/span><\/h4>\n\n\n\n<p>Em pleno <a href=\"https:\/\/quantocustaviajar.com\/blog\/quartier-latin-paris\/\">Quartier Latin<\/a>, essa igreja fica no topo de uma colina. Ela pode ser considerada famosa ap\u00f3s aparecer no filme &#8220;Meia-Noite em Paris&#8221;. Foi em seus degraus que o personagem de Owen Wilson se encontrou com um misterioso carro antigo que o levaria a um incr\u00edvel passeio pela \u201cbelle \u00e9poque\u201d francesa.<\/p>\n\n\n\n<figure class=\"wp-block-image aligncenter\"><img loading=\"lazy\" decoding=\"async\" width=\"905\" height=\"768\" src=\"https:\/\/quantocustaviajar.com\/blog\/wp-content\/uploads\/2019\/12\/saint-etienne.jpg\" alt=\"Notre Dame\" class=\"wp-image-40374\" srcset=\"https:\/\/quantocustaviajar.com\/blog\/wp-content\/uploads\/2019\/12\/saint-etienne.jpg 905w, https:\/\/quantocustaviajar.com\/blog\/wp-content\/uploads\/2019\/12\/saint-etienne-300x255.jpg 300w, https:\/\/quantocustaviajar.com\/blog\/wp-content\/uploads\/2019\/12\/saint-etienne-768x652.jpg 768w\" sizes=\"auto, (max-width: 905px) 100vw, 905px\" \/><figcaption><strong>Saint-\u00c9tienne-du-Mont.<\/strong> Foto <a rel=\"noreferrer noopener\" aria-label=\"CC BY 3.0 (abre numa nova aba)\" href=\"https:\/\/creativecommons.org\/licenses\/by\/3.0\/deed.es\" target=\"_blank\">CC BY 3.0<\/a> <a rel=\"noreferrer noopener\" aria-label=\"MOSSOT (abre numa nova aba)\" href=\"https:\/\/es.wikipedia.org\/wiki\/Archivo:Paris_5_-_Saint-Etienne-du-Mont_et_tour_de_Clovis.JPG\" target=\"_blank\">MOSSOT<\/a><\/figcaption><\/figure>\n\n\n\n<blockquote class=\"wp-block-quote is-layout-flow wp-block-quote-is-layout-flow\"><p><strong>Confira tamb\u00e9m nosso <a href=\"https:\/\/quantocustaviajar.com\/franca\/paris\" target=\"_blank\" rel=\"noreferrer noopener\" aria-label=\"guia completo de Paris (abre numa nova aba)\">guia completo de Paris<\/a><\/strong><\/p><\/blockquote>\n","protected":false},"excerpt":{"rendered":"<p>A Catedral de Notre Dame em Paris \u00e9 considerada o monumento hist\u00f3rico mais visitado de toda a Europa. Em 15 de abril de 2019, um inc\u00eandio tomou conta da constru\u00e7\u00e3o e transformou para sempre a paisagem da capital francesa, mas para a felicidade dos viajantes Notre Dame j\u00e1 foi reaberta para visita\u00e7\u00e3o. A Catedral de [&hellip;]<\/p>\n","protected":false},"author":18,"featured_media":40366,"comment_status":"open","ping_status":"open","sticky":false,"template":"page-templates\/featured-img-above.php","format":"standard","meta":{"cybocfi_hide_featured_image":"","footnotes":""},"categories":[1436],"tags":[1943,18,260,2447,2446,8114,8117,20,124],"class_list":["post-40347","post","type-post","status-publish","format-standard","has-post-thumbnail","hentry","category-artes-cultura-diversao","tag-atracao","tag-europa","tag-franca","tag-monumentos-historicos","tag-notre-dame","tag-notre-dame-reaberta","tag-notre-dame-visitacai-2025","tag-paris","tag-roteiro"],"blocksy_meta":[],"yoast_head":"<!-- This site is optimized with the Yoast SEO plugin v26.3 - https:\/\/yoast.com\/wordpress\/plugins\/seo\/ -->\n<title>Notre Dame em Paris: tudo que voc\u00ea precisa saber<\/title>\n<meta name=\"description\" content=\"A Catedral de Notre Dame em Paris \u00e9 considerada o monumento mais visitado de toda a Europa. Confira detalhes sobre a visita.\" \/>\n<meta name=\"robots\" content=\"index, follow, max-snippet:-1, max-image-preview:large, max-video-preview:-1\" \/>\n<link rel=\"canonical\" href=\"https:\/\/quantocustaviajar.com\/blog\/notre-dame-em-paris\/\" \/>\n<meta property=\"og:locale\" content=\"pt_BR\" \/>\n<meta property=\"og:type\" content=\"article\" \/>\n<meta property=\"og:title\" content=\"Notre Dame em Paris: tudo que voc\u00ea precisa saber\" \/>\n<meta property=\"og:description\" content=\"A Catedral de Notre Dame em Paris \u00e9 considerada o monumento mais visitado de toda a Europa. Confira detalhes sobre a visita.\" \/>\n<meta property=\"og:url\" content=\"https:\/\/quantocustaviajar.com\/blog\/notre-dame-em-paris\/\" \/>\n<meta property=\"og:site_name\" content=\"Blog Quanto Custa Viajar\" \/>\n<meta property=\"article:publisher\" content=\"https:\/\/www.facebook.com\/quantocustaviajar\" \/>\n<meta property=\"article:published_time\" content=\"2025-04-18T12:51:00+00:00\" \/>\n<meta property=\"article:modified_time\" content=\"2025-06-10T13:54:15+00:00\" \/>\n<meta property=\"og:image\" content=\"https:\/\/quantocustaviajar.com\/blog\/wp-content\/uploads\/2019\/12\/notre-dame-paris.jpg\" \/>\n\t<meta property=\"og:image:width\" content=\"750\" \/>\n\t<meta property=\"og:image:height\" content=\"500\" \/>\n\t<meta property=\"og:image:type\" content=\"image\/jpeg\" \/>\n<meta name=\"author\" content=\"Izabella Miranda\" \/>\n<meta name=\"twitter:card\" content=\"summary_large_image\" \/>\n<meta name=\"twitter:label1\" content=\"Escrito por\" \/>\n\t<meta name=\"twitter:data1\" content=\"Izabella Miranda\" \/>\n\t<meta name=\"twitter:label2\" content=\"Est. tempo de leitura\" \/>\n\t<meta name=\"twitter:data2\" content=\"11 minutos\" \/>\n<!-- \/ Yoast SEO plugin. -->","yoast_head_json":{"title":"Notre Dame em Paris: tudo que voc\u00ea precisa saber","description":"A Catedral de Notre Dame em Paris \u00e9 considerada o monumento mais visitado de toda a Europa. Confira detalhes sobre a visita.","robots":{"index":"index","follow":"follow","max-snippet":"max-snippet:-1","max-image-preview":"max-image-preview:large","max-video-preview":"max-video-preview:-1"},"canonical":"https:\/\/quantocustaviajar.com\/blog\/notre-dame-em-paris\/","og_locale":"pt_BR","og_type":"article","og_title":"Notre Dame em Paris: tudo que voc\u00ea precisa saber","og_description":"A Catedral de Notre Dame em Paris \u00e9 considerada o monumento mais visitado de toda a Europa. Confira detalhes sobre a visita.","og_url":"https:\/\/quantocustaviajar.com\/blog\/notre-dame-em-paris\/","og_site_name":"Blog Quanto Custa Viajar","article_publisher":"https:\/\/www.facebook.com\/quantocustaviajar","article_published_time":"2025-04-18T12:51:00+00:00","article_modified_time":"2025-06-10T13:54:15+00:00","og_image":[{"width":750,"height":500,"url":"https:\/\/quantocustaviajar.com\/blog\/wp-content\/uploads\/2019\/12\/notre-dame-paris.jpg","type":"image\/jpeg"}],"author":"Izabella Miranda","twitter_card":"summary_large_image","twitter_misc":{"Escrito por":"Izabella Miranda","Est. tempo de leitura":"11 minutos"},"schema":{"@context":"https:\/\/schema.org","@graph":[{"@type":["Article","BlogPosting"],"@id":"https:\/\/quantocustaviajar.com\/blog\/notre-dame-em-paris\/#article","isPartOf":{"@id":"https:\/\/quantocustaviajar.com\/blog\/notre-dame-em-paris\/"},"author":{"name":"Izabella Miranda","@id":"https:\/\/quantocustaviajar.com\/blog\/#\/schema\/person\/595118451f4120870051de530232399d"},"headline":"Como visitar Notre Dame em Paris: tudo que voc\u00ea precisa saber em 2025","datePublished":"2025-04-18T12:51:00+00:00","dateModified":"2025-06-10T13:54:15+00:00","mainEntityOfPage":{"@id":"https:\/\/quantocustaviajar.com\/blog\/notre-dame-em-paris\/"},"wordCount":1824,"commentCount":1,"publisher":{"@id":"https:\/\/quantocustaviajar.com\/blog\/#organization"},"image":{"@id":"https:\/\/quantocustaviajar.com\/blog\/notre-dame-em-paris\/#primaryimage"},"thumbnailUrl":"https:\/\/quantocustaviajar.com\/blog\/wp-content\/uploads\/2019\/12\/notre-dame-paris.jpg","keywords":["atracao","europa","fran\u00e7a","monumentos hist\u00f3ricos","notre dame","Notre Dame reaberta","Notre Dame visita\u00e7\u00e3i 2025","paris","roteiro"],"articleSection":["Artes, Cultura &amp; Divers\u00e3o"],"inLanguage":"pt-BR","potentialAction":[{"@type":"CommentAction","name":"Comment","target":["https:\/\/quantocustaviajar.com\/blog\/notre-dame-em-paris\/#respond"]}]},{"@type":"WebPage","@id":"https:\/\/quantocustaviajar.com\/blog\/notre-dame-em-paris\/","url":"https:\/\/quantocustaviajar.com\/blog\/notre-dame-em-paris\/","name":"Notre Dame em Paris: tudo que voc\u00ea precisa saber","isPartOf":{"@id":"https:\/\/quantocustaviajar.com\/blog\/#website"},"primaryImageOfPage":{"@id":"https:\/\/quantocustaviajar.com\/blog\/notre-dame-em-paris\/#primaryimage"},"image":{"@id":"https:\/\/quantocustaviajar.com\/blog\/notre-dame-em-paris\/#primaryimage"},"thumbnailUrl":"https:\/\/quantocustaviajar.com\/blog\/wp-content\/uploads\/2019\/12\/notre-dame-paris.jpg","datePublished":"2025-04-18T12:51:00+00:00","dateModified":"2025-06-10T13:54:15+00:00","description":"A Catedral de Notre Dame em Paris \u00e9 considerada o monumento mais visitado de toda a Europa. Confira detalhes sobre a visita.","breadcrumb":{"@id":"https:\/\/quantocustaviajar.com\/blog\/notre-dame-em-paris\/#breadcrumb"},"inLanguage":"pt-BR","potentialAction":[{"@type":"ReadAction","target":["https:\/\/quantocustaviajar.com\/blog\/notre-dame-em-paris\/"]}]},{"@type":"ImageObject","inLanguage":"pt-BR","@id":"https:\/\/quantocustaviajar.com\/blog\/notre-dame-em-paris\/#primaryimage","url":"https:\/\/quantocustaviajar.com\/blog\/wp-content\/uploads\/2019\/12\/notre-dame-paris.jpg","contentUrl":"https:\/\/quantocustaviajar.com\/blog\/wp-content\/uploads\/2019\/12\/notre-dame-paris.jpg","width":750,"height":500,"caption":"Notre Dame Paris. Foto: https:\/\/unsplash.com\/photos\/m9YGDDW6Q_4"},{"@type":"BreadcrumbList","@id":"https:\/\/quantocustaviajar.com\/blog\/notre-dame-em-paris\/#breadcrumb","itemListElement":[{"@type":"ListItem","position":1,"name":"In\u00edcio","item":"https:\/\/quantocustaviajar.com\/blog\/"},{"@type":"ListItem","position":2,"name":"Como visitar Notre Dame em Paris: tudo que voc\u00ea precisa saber em 2025"}]},{"@type":"WebSite","@id":"https:\/\/quantocustaviajar.com\/blog\/#website","url":"https:\/\/quantocustaviajar.com\/blog\/","name":"Blog Quanto Custa Viajar","description":"","publisher":{"@id":"https:\/\/quantocustaviajar.com\/blog\/#organization"},"potentialAction":[{"@type":"SearchAction","target":{"@type":"EntryPoint","urlTemplate":"https:\/\/quantocustaviajar.com\/blog\/?s={search_term_string}"},"query-input":{"@type":"PropertyValueSpecification","valueRequired":true,"valueName":"search_term_string"}}],"inLanguage":"pt-BR"},{"@type":"Organization","@id":"https:\/\/quantocustaviajar.com\/blog\/#organization","name":"Quanto Custa Viajar","url":"https:\/\/quantocustaviajar.com\/blog\/","logo":{"@type":"ImageObject","inLanguage":"pt-BR","@id":"https:\/\/quantocustaviajar.com\/blog\/#\/schema\/logo\/image\/","url":"","contentUrl":"","caption":"Quanto Custa Viajar"},"image":{"@id":"https:\/\/quantocustaviajar.com\/blog\/#\/schema\/logo\/image\/"},"sameAs":["https:\/\/www.facebook.com\/quantocustaviajar"]},{"@type":"Person","@id":"https:\/\/quantocustaviajar.com\/blog\/#\/schema\/person\/595118451f4120870051de530232399d","name":"Izabella Miranda","image":{"@type":"ImageObject","inLanguage":"pt-BR","@id":"https:\/\/quantocustaviajar.com\/blog\/#\/schema\/person\/image\/","url":"https:\/\/secure.gravatar.com\/avatar\/eb1c9c8ed6c596023f48930e960ff440b8cad6a3beabb6b619d3504ad832c628?s=96&d=mm&r=g","contentUrl":"https:\/\/secure.gravatar.com\/avatar\/eb1c9c8ed6c596023f48930e960ff440b8cad6a3beabb6b619d3504ad832c628?s=96&d=mm&r=g","caption":"Izabella Miranda"},"description":"Jornalista por profiss\u00e3o e planejadora de viagens nas horas vagas.","url":"https:\/\/quantocustaviajar.com\/blog\/author\/izabella\/"}]}},"_links":{"self":[{"href":"https:\/\/quantocustaviajar.com\/blog\/wp-json\/wp\/v2\/posts\/40347","targetHints":{"allow":["GET"]}}],"collection":[{"href":"https:\/\/quantocustaviajar.com\/blog\/wp-json\/wp\/v2\/posts"}],"about":[{"href":"https:\/\/quantocustaviajar.com\/blog\/wp-json\/wp\/v2\/types\/post"}],"author":[{"embeddable":true,"href":"https:\/\/quantocustaviajar.com\/blog\/wp-json\/wp\/v2\/users\/18"}],"replies":[{"embeddable":true,"href":"https:\/\/quantocustaviajar.com\/blog\/wp-json\/wp\/v2\/comments?post=40347"}],"version-history":[{"count":25,"href":"https:\/\/quantocustaviajar.com\/blog\/wp-json\/wp\/v2\/posts\/40347\/revisions"}],"predecessor-version":[{"id":77359,"href":"https:\/\/quantocustaviajar.com\/blog\/wp-json\/wp\/v2\/posts\/40347\/revisions\/77359"}],"wp:featuredmedia":[{"embeddable":true,"href":"https:\/\/quantocustaviajar.com\/blog\/wp-json\/wp\/v2\/media\/40366"}],"wp:attachment":[{"href":"https:\/\/quantocustaviajar.com\/blog\/wp-json\/wp\/v2\/media?parent=40347"}],"wp:term":[{"taxonomy":"category","embeddable":true,"href":"https:\/\/quantocustaviajar.com\/blog\/wp-json\/wp\/v2\/categories?post=40347"},{"taxonomy":"post_tag","embeddable":true,"href":"https:\/\/quantocustaviajar.com\/blog\/wp-json\/wp\/v2\/tags?post=40347"}],"curies":[{"name":"wp","href":"https:\/\/api.w.org\/{rel}","templated":true}]}}