{"id":39105,"date":"2025-07-03T13:20:00","date_gmt":"2025-07-03T13:20:00","guid":{"rendered":"https:\/\/quantocustaviajar.com\/blog\/?p=39105"},"modified":"2025-07-17T14:14:30","modified_gmt":"2025-07-17T14:14:30","slug":"roadtrip-de-recife-ate-maceio","status":"publish","type":"post","link":"https:\/\/quantocustaviajar.com\/blog\/roadtrip-de-recife-ate-maceio\/","title":{"rendered":"Roadtrip de Recife at\u00e9 Macei\u00f3: uma das viagens de carro mais lindas do Brasil"},"content":{"rendered":"\n<p>Apenas 260 km separam Recife de Macei\u00f3. Um deslocamento de 4 horinhas \u00e9 suficiente para chegar de uma cidade at\u00e9 a outra. Mas, no meio do caminho, existem tantas belezas naturais e tantas praias lindas que voc\u00ea certamente pode reservar as f\u00e9rias inteiras para fazer uma <strong>roadtrip de Recife at\u00e9 Macei\u00f3<\/strong>. <\/p><div id=\"ez-toc-container\" class=\"ez-toc-v2_0_76 ez-toc-wrap-left counter-hierarchy ez-toc-counter ez-toc-light-blue ez-toc-container-direction\">\n<div class=\"ez-toc-title-container\">\n<p class=\"ez-toc-title\" style=\"cursor:inherit\">Aqui voc\u00ea ir\u00e1 encontrar<\/p>\n<span class=\"ez-toc-title-toggle\"><a href=\"#\" class=\"ez-toc-pull-right ez-toc-btn ez-toc-btn-xs ez-toc-btn-default ez-toc-toggle\" aria-label=\"Alternar tabela de conte\u00fado\"><span class=\"ez-toc-js-icon-con\"><span class=\"\"><span class=\"eztoc-hide\" style=\"display:none;\">Toggle<\/span><span class=\"ez-toc-icon-toggle-span\"><svg style=\"fill: #999;color:#999\" xmlns=\"http:\/\/www.w3.org\/2000\/svg\" class=\"list-377408\" width=\"20px\" height=\"20px\" viewBox=\"0 0 24 24\" fill=\"none\"><path d=\"M6 6H4v2h2V6zm14 0H8v2h12V6zM4 11h2v2H4v-2zm16 0H8v2h12v-2zM4 16h2v2H4v-2zm16 0H8v2h12v-2z\" fill=\"currentColor\"><\/path><\/svg><svg style=\"fill: #999;color:#999\" class=\"arrow-unsorted-368013\" xmlns=\"http:\/\/www.w3.org\/2000\/svg\" width=\"10px\" height=\"10px\" viewBox=\"0 0 24 24\" version=\"1.2\" baseProfile=\"tiny\"><path d=\"M18.2 9.3l-6.2-6.3-6.2 6.3c-.2.2-.3.4-.3.7s.1.5.3.7c.2.2.4.3.7.3h11c.3 0 .5-.1.7-.3.2-.2.3-.5.3-.7s-.1-.5-.3-.7zM5.8 14.7l6.2 6.3 6.2-6.3c.2-.2.3-.5.3-.7s-.1-.5-.3-.7c-.2-.2-.4-.3-.7-.3h-11c-.3 0-.5.1-.7.3-.2.2-.3.5-.3.7s.1.5.3.7z\"\/><\/svg><\/span><\/span><\/span><\/a><\/span><\/div>\n<nav><ul class='ez-toc-list ez-toc-list-level-1 ' ><li class='ez-toc-page-1 ez-toc-heading-level-2'><a class=\"ez-toc-link ez-toc-heading-1\" href=\"https:\/\/quantocustaviajar.com\/blog\/roadtrip-de-recife-ate-maceio\/#Partiu_Roteiro_roadtrip_de_Recife_ate_Maceio\" >Partiu? Roteiro: roadtrip de Recife at\u00e9 Macei\u00f3<\/a><ul class='ez-toc-list-level-3' ><li class='ez-toc-heading-level-3'><a class=\"ez-toc-link ez-toc-heading-2\" href=\"https:\/\/quantocustaviajar.com\/blog\/roadtrip-de-recife-ate-maceio\/#Recife\" >Recife<\/a><\/li><li class='ez-toc-page-1 ez-toc-heading-level-3'><a class=\"ez-toc-link ez-toc-heading-3\" href=\"https:\/\/quantocustaviajar.com\/blog\/roadtrip-de-recife-ate-maceio\/#Cabo_de_Santo_Agostinho\" >Cabo de Santo Agostinho<\/a><\/li><li class='ez-toc-page-1 ez-toc-heading-level-3'><a class=\"ez-toc-link ez-toc-heading-4\" href=\"https:\/\/quantocustaviajar.com\/blog\/roadtrip-de-recife-ate-maceio\/#Porto_de_Galinhas\" >Porto de Galinhas<\/a><\/li><li class='ez-toc-page-1 ez-toc-heading-level-3'><a class=\"ez-toc-link ez-toc-heading-5\" href=\"https:\/\/quantocustaviajar.com\/blog\/roadtrip-de-recife-ate-maceio\/#Tamandare\" >Tamandar\u00e9<\/a><\/li><li class='ez-toc-page-1 ez-toc-heading-level-3'><a class=\"ez-toc-link ez-toc-heading-6\" href=\"https:\/\/quantocustaviajar.com\/blog\/roadtrip-de-recife-ate-maceio\/#Japaratinga\" >Japaratinga<\/a><\/li><li class='ez-toc-page-1 ez-toc-heading-level-3'><a class=\"ez-toc-link ez-toc-heading-7\" href=\"https:\/\/quantocustaviajar.com\/blog\/roadtrip-de-recife-ate-maceio\/#Sao_Miguel_dos_Milagres\" >S\u00e3o Miguel dos Milagres<\/a><\/li><li class='ez-toc-page-1 ez-toc-heading-level-3'><a class=\"ez-toc-link ez-toc-heading-8\" href=\"https:\/\/quantocustaviajar.com\/blog\/roadtrip-de-recife-ate-maceio\/#Barra_de_Santo_Antonio\" >Barra de Santo Ant\u00f4nio<\/a><\/li><li class='ez-toc-page-1 ez-toc-heading-level-3'><a class=\"ez-toc-link ez-toc-heading-9\" href=\"https:\/\/quantocustaviajar.com\/blog\/roadtrip-de-recife-ate-maceio\/#Maceio\" >Macei\u00f3<\/a><\/li><\/ul><\/li><li class='ez-toc-page-1 ez-toc-heading-level-2'><a class=\"ez-toc-link ez-toc-heading-10\" href=\"https:\/\/quantocustaviajar.com\/blog\/roadtrip-de-recife-ate-maceio\/#Qual_a_melhor_epoca_para_fazer_a_roadtrip_de_Recife_ate_Maceio\" >Qual a melhor \u00e9poca para fazer a roadtrip de Recife at\u00e9 Macei\u00f3?<\/a><\/li><li class='ez-toc-page-1 ez-toc-heading-level-2'><a class=\"ez-toc-link ez-toc-heading-11\" href=\"https:\/\/quantocustaviajar.com\/blog\/roadtrip-de-recife-ate-maceio\/#Quanto_tempo_ficar_em_cada_lugar\" >Quanto tempo ficar em cada lugar<\/a><\/li><li class='ez-toc-page-1 ez-toc-heading-level-2'><a class=\"ez-toc-link ez-toc-heading-12\" href=\"https:\/\/quantocustaviajar.com\/blog\/roadtrip-de-recife-ate-maceio\/#Roteiro_alternativo_mais_curto_do_que_a_roadtrip_de_Recife_ate_Maceio_completa\" >Roteiro alternativo mais curto do que a roadtrip de Recife at\u00e9 Macei\u00f3 completa<\/a><\/li><\/ul><\/nav><\/div>\n\n\n\n\n<p>Viajar pela <strong><a href=\"https:\/\/quantocustaviajar.com\/blog\/costa-dos-corais-alagoas\/\" target=\"_blank\" rel=\"noreferrer noopener\" aria-label=\"Costa dos Corais (abre numa nova aba)\">Costa dos Corais<\/a><\/strong> \u00e9 um dos passeios dos sonhos para muita gente e ter a oportunidade de conhecer cada cantinho bonito, repleto de hist\u00f3ria e banhado pelo mar com \u00e1guas cristalinas dignas do <strong><a rel=\"noreferrer noopener\" aria-label=\"Caribe  (abre numa nova aba)\" href=\"https:\/\/quantocustaviajar.com\/caribe\" target=\"_blank\">Caribe <\/a><\/strong>tem grande potencial de se transformar nas f\u00e9rias dos sonhos.<\/p>\n\n\n\n<p>Se voc\u00ea curte pegar a estrada, preparamos o roteiro de uma roadtrip de <strong><a rel=\"noreferrer noopener\" aria-label=\"Recife  (abre numa nova aba)\" href=\"https:\/\/quantocustaviajar.com\/brasil\/recife\" target=\"_blank\">Recife <\/a><\/strong>at\u00e9 <strong><a href=\"https:\/\/quantocustaviajar.com\/brasil\/maceio\" target=\"_blank\" rel=\"noreferrer noopener\" aria-label=\"Macei\u00f3  (abre numa nova aba)\">Macei\u00f3 <\/a><\/strong>com pausas em lugares m\u00e1gicos e estrat\u00e9gicos para deixar sua experi\u00eancia ainda mais incr\u00edvel.<\/p>\n\n\n\n<h2 class=\"wp-block-heading\"><span class=\"ez-toc-section\" id=\"Partiu_Roteiro_roadtrip_de_Recife_ate_Maceio\"><\/span>Partiu? Roteiro: roadtrip de Recife at\u00e9 Macei\u00f3<span class=\"ez-toc-section-end\"><\/span><\/h2>\n\n\n\n<p>Para fazer uma viagem como essa, recomenda-se que voc\u00ea tenha de 8 a 15 dias dispon\u00edveis para rodar pelo litoral de Pernambuco e Alagoas. \u00c9 poss\u00edvel fazer em menos tempo, com toda certeza \u2014 tudo depender\u00e1 do seu tempo.<\/p>\n\n\n\n<p>Caso voc\u00ea more em regi\u00f5es distantes, nossa dica \u00e9 <strong><a href=\"https:\/\/www.turismocity.com.br\/?utm_source=qcv&amp;utm_medium=blog\" target=\"_blank\" rel=\"noreferrer noopener\">comprar sua passagem a\u00e9rea<\/a><\/strong> para Recife ou Macei\u00f3 (a que estiver mais em conta) e fazer os trechos com um <strong><a href=\"https:\/\/www.turismocity.com.br\/carros\" target=\"_blank\" rel=\"noreferrer noopener\">carro alugado<\/a><\/strong>. Ao reservar um hotel, veja se este possui estacionamento gratuito ou lugar para deixar o ve\u00edculo com facilidade. <\/p>\n\n\n\n<p>Lembre-se que no \u00faltimo dia, voc\u00ea vai precisar de pelo menos 5 horas para retornar at\u00e9 a cidade de origem para pegar seu voo (isso porque comprar trechos de ida e volta em destinos diferentes encarece o pre\u00e7o da passagem).<\/p>\n\n\n\n<p>Veja bem as sugest\u00f5es de paradas e escolhas as que mais lhe agradam.<\/p>\n\n\n\n<h3 class=\"wp-block-heading\"><span class=\"ez-toc-section\" id=\"Recife\"><\/span>Recife<span class=\"ez-toc-section-end\"><\/span><\/h3>\n\n\n\n<p>\ud83d\udcc5 <strong>Dias: 1 e 2<\/strong><\/p>\n\n\n\n<figure class=\"wp-block-image\"><img loading=\"lazy\" decoding=\"async\" width=\"800\" height=\"449\" src=\"https:\/\/quantocustaviajar.com\/blog\/wp-content\/uploads\/2019\/10\/marco-zero-em-recife.jpg\" alt=\"roadtrip recife maceio\" class=\"wp-image-39106\" srcset=\"https:\/\/quantocustaviajar.com\/blog\/wp-content\/uploads\/2019\/10\/marco-zero-em-recife.jpg 800w, https:\/\/quantocustaviajar.com\/blog\/wp-content\/uploads\/2019\/10\/marco-zero-em-recife-300x168.jpg 300w, https:\/\/quantocustaviajar.com\/blog\/wp-content\/uploads\/2019\/10\/marco-zero-em-recife-768x431.jpg 768w\" sizes=\"auto, (max-width: 800px) 100vw, 800px\" \/><figcaption class=\"wp-element-caption\">Foto: <a href=\"https:\/\/pixabay.com\/pt\/photos\/recife-marco-zero-pernambuco-marco-2014127\/\" target=\"_blank\" rel=\"noopener noreferrer\">Pixabay<\/a><\/figcaption><\/figure>\n\n\n\n<p>A capital de Pernambuco \u00e9 um destino que vale a pena ser desbravado sem pressa. Voc\u00ea pode reservar de dois a tr\u00eas dias inteiros para visitar as atra\u00e7\u00f5es de <strong><a href=\"https:\/\/quantocustaviajar.com\/brasil\/recife\" target=\"_blank\" rel=\"noreferrer noopener\" aria-label=\"Recife  (abre numa nova aba)\">Recife <\/a><\/strong>como um tour pelo Centro Hist\u00f3rico, o Marco Zero, a Oficina Cer\u00e2mica Francisco Brennand, a Capela Dourada, o Mercado S\u00e3o Jos\u00e9, a Rua da Aurora, passear pela orla da Praia de Boa Viagem e tantos outros <strong><a rel=\"noreferrer noopener\" aria-label=\"passeios em Recife (abre numa nova aba)\" href=\"https:\/\/quantocustaviajar.com\/brasil\/recife\/passeios\" target=\"_blank\">passeios em Recife<\/a><\/strong>.<\/p>\n\n\n\n<p>Subir at\u00e9 <strong>Olinda<\/strong>, distantes s\u00f3 7 km da capital, \u00e9 praticamente obrigat\u00f3rio para conhecer as ladeiras, as casas coloridas, os bonecos de Olinda e apreciar as vistas incr\u00edveis da cidade. Um tour de meio dia \u00e9 pouco, mas caso seu roteiro esteja apertado, j\u00e1 vale a pena!<\/p>\n\n\n<blockquote>\n<p><a href=\"https:\/\/www.booking.com\/city\/br\/recife.pt-br.html?aid=2161834\" target=\"_blank\" rel=\"noopener noreferrer\"><strong>Veja aqui onde se hospedar em Recife<\/strong><\/a><\/p>\n<\/blockquote>\n\n\n<h3 class=\"wp-block-heading\"><span class=\"ez-toc-section\" id=\"Cabo_de_Santo_Agostinho\"><\/span>Cabo de Santo Agostinho<span class=\"ez-toc-section-end\"><\/span><\/h3>\n\n\n\n<p>\ud83d\udcc5 <strong>Dia: 3<\/strong><\/p>\n\n\n\n<figure class=\"wp-block-image\"><img loading=\"lazy\" decoding=\"async\" width=\"800\" height=\"600\" src=\"https:\/\/quantocustaviajar.com\/blog\/wp-content\/uploads\/2019\/01\/cabo-de-santo-agostinho-praias-baratas.jpg\" alt=\"praias mais baratas para viajar no ver\u00e3o\" class=\"wp-image-31102\" srcset=\"https:\/\/quantocustaviajar.com\/blog\/wp-content\/uploads\/2019\/01\/cabo-de-santo-agostinho-praias-baratas.jpg 800w, https:\/\/quantocustaviajar.com\/blog\/wp-content\/uploads\/2019\/01\/cabo-de-santo-agostinho-praias-baratas-300x225.jpg 300w, https:\/\/quantocustaviajar.com\/blog\/wp-content\/uploads\/2019\/01\/cabo-de-santo-agostinho-praias-baratas-768x576.jpg 768w\" sizes=\"auto, (max-width: 800px) 100vw, 800px\" \/><figcaption class=\"wp-element-caption\">Foto: <a href=\"https:\/\/pt.wikipedia.org\/wiki\/Ficheiro:Praia_de_Calhetas_-_Cabo_de_Santo_Agostinho_-_Pernambuco_(1).jpg\" target=\"_blank\" rel=\"noopener noreferrer\">Wikimedia Commons<\/a><\/figcaption><\/figure>\n\n\n<p>Sua pr\u00f3xima parada pode ser em Cabo de Santo Agostinho, destino com lindas praias com atividades para aproveitar o dia todo. Voc\u00ea precisa ir at\u00e9 a Praia De Itapuama e Praia do Para\u00edso para um banho revigorante e fazer muitas fotos.<\/p>\n<p>A Praia do Paiva atrai muitos surfistas que aproveitam as boas ondas. J\u00e1 os jovens que curtem badala\u00e7\u00e3o n\u00e3o abrem m\u00e3o de ficar na praia de Gaibu, enquanto as fam\u00edlias e querem descanso e sossego aproveitam as marolinhas na praia de Calhetas.<\/p>\n<p>Aqui fica a seu crit\u00e9rio: escolher passar a noite em Cabo de Santo Agostinho, uma das praias mais baratas para viajar no ver\u00e3o, ou seguir para a pr\u00f3xima parada e dormir nela.<\/p>\n<blockquote>\n<p><a href=\"https:\/\/www.booking.com\/city\/br\/cabo-de-santo-agostinho.pt-br.html?aid=2161834\" target=\"_blank\" rel=\"noopener noreferrer\"><strong>Confira aqui hot\u00e9is e pousadas em Cabo de Santo Agostinho<\/strong><\/a><\/p>\n<\/blockquote>\n<h3><span class=\"ez-toc-section\" id=\"Porto_de_Galinhas\"><\/span>Porto de Galinhas<span class=\"ez-toc-section-end\"><\/span><\/h3>\n<p>\ud83d\udcc5<strong> Dias: 4 e 5<\/strong><\/p>\n<figure id=\"attachment_31216\" aria-describedby=\"caption-attachment-31216\" style=\"width: 800px\" class=\"wp-caption alignnone\"><img loading=\"lazy\" decoding=\"async\" class=\"size-full wp-image-31216\" src=\"https:\/\/quantocustaviajar.com\/blog\/wp-content\/uploads\/2017\/10\/praias-de-pernambuco-porto-de-galinhas.jpg\" alt=\"praias de pernambuco porto de galinhas\" width=\"800\" height=\"531\" srcset=\"https:\/\/quantocustaviajar.com\/blog\/wp-content\/uploads\/2017\/10\/praias-de-pernambuco-porto-de-galinhas.jpg 800w, https:\/\/quantocustaviajar.com\/blog\/wp-content\/uploads\/2017\/10\/praias-de-pernambuco-porto-de-galinhas-300x199.jpg 300w, https:\/\/quantocustaviajar.com\/blog\/wp-content\/uploads\/2017\/10\/praias-de-pernambuco-porto-de-galinhas-768x510.jpg 768w\" sizes=\"auto, (max-width: 800px) 100vw, 800px\" \/><figcaption id=\"caption-attachment-31216\" class=\"wp-caption-text\">Foto: <a href=\"https:\/\/www.flickr.com\/photos\/shinagawa\/16924347311\" target=\"_blank\" rel=\"noopener noreferrer\">Leonardo Shinagawa<\/a><\/figcaption><\/figure>\n<p><a href=\"https:\/\/quantocustaviajar.com\/brasil\/porto-de-galinhas\" target=\"_blank\" rel=\"noopener noreferrer\"><strong>Porto de Galinhas<\/strong><\/a> dispensa apresenta\u00e7\u00f5es! A cidade, um dos principais destinos de viajantes que desejam conhecer as praias do nordeste, \u00e9 cheia de atra\u00e7\u00f5es. Emoldurada por piscinas naturais de \u00e1guas mornas e transparentes, a regi\u00e3o pertencente ao munic\u00edpio de Ipojuca \u00e9 um encanto.<\/p>\n<p>Se tiver tempo, fique pelo menos 3 dias por l\u00e1, j\u00e1 que tem muitos<a href=\"https:\/\/quantocustaviajar.com\/brasil\/porto-de-galinhas\/passeios\" target=\"_blank\" rel=\"noopener noreferrer\"><strong> passeios em Porto de Galinhas<\/strong><\/a> para fazer, como visitar a Praia da Vila, a Praia de Muro Alto, a Praia do Cupe e tantos outros pontos ideais para banho, flutua\u00e7\u00e3o e mergulho.<\/p>\n<blockquote>\n<p><a href=\"https:\/\/www.booking.com\/city\/br\/porto-de-galinhas.pt-br.html?aid=2161834\" target=\"_blank\" rel=\"noopener noreferrer\"><strong>Encontre aqui seu hotel em Porto de Galinhas<\/strong><\/a><\/p>\n<\/blockquote>\n<h3><span class=\"ez-toc-section\" id=\"Tamandare\"><\/span>Tamandar\u00e9<span class=\"ez-toc-section-end\"><\/span><\/h3>\n<p><strong>\ud83d\udcc5 Dia: 6<\/strong><\/p>\n<figure id=\"attachment_39110\" aria-describedby=\"caption-attachment-39110\" style=\"width: 800px\" class=\"wp-caption alignnone\"><img loading=\"lazy\" decoding=\"async\" class=\"size-full wp-image-39110\" src=\"https:\/\/quantocustaviajar.com\/blog\/wp-content\/uploads\/2019\/10\/praia-dos-carneiros-tamandare-pernambuco-brasil.jpg\" alt=\"roadtrip de recife at\u00e9 maceio\" width=\"800\" height=\"535\" srcset=\"https:\/\/quantocustaviajar.com\/blog\/wp-content\/uploads\/2019\/10\/praia-dos-carneiros-tamandare-pernambuco-brasil.jpg 800w, https:\/\/quantocustaviajar.com\/blog\/wp-content\/uploads\/2019\/10\/praia-dos-carneiros-tamandare-pernambuco-brasil-300x201.jpg 300w, https:\/\/quantocustaviajar.com\/blog\/wp-content\/uploads\/2019\/10\/praia-dos-carneiros-tamandare-pernambuco-brasil-768x514.jpg 768w\" sizes=\"auto, (max-width: 800px) 100vw, 800px\" \/><figcaption id=\"caption-attachment-39110\" class=\"wp-caption-text\">Foto: <a href=\"https:\/\/commons.wikimedia.org\/wiki\/File:Praia_dos_Carneiros_o_Para%C3%ADso_Brasileiro.jpg\" target=\"_blank\" rel=\"noopener noreferrer\">Wikimedia Commons<\/a><\/figcaption><\/figure>\n<p>Saindo de <a href=\"https:\/\/quantocustaviajar.com\/brasil\/porto-de-galinhas\" target=\"_blank\" rel=\"noopener noreferrer\"><strong>Porto de Galinhas<\/strong><\/a>, siga para a Tamandar\u00e9, destino que vale a pena reservar pelo menos um dia inteiro de passeios. \u00c9 nesse munic\u00edpio que fica a linda <a href=\"https:\/\/quantocustaviajar.com\/blog\/praia-dos-carneiros-pernambuco\/\" target=\"_blank\" rel=\"noopener noreferrer\"><strong>Praia dos Carneiros<\/strong><\/a>, destino que todo brasileiro deveria ter a oportunidade de conhecer pelo menos uma vez na vida.<\/p>\n<p>A \u00e1rea de prote\u00e7\u00e3o ambiental ainda resguarda, por\u00e9m, uma atmosfera selvagem. Um pared\u00e3o de arrecifes percorre 1 km de seu bel\u00edssimo mar transl\u00facido, onde \u00e9 prop\u00edcia a pr\u00e1tica de mergulho e snorkel. Caiaques, Stand Up Paddles e catamar\u00e3s dividem o espa\u00e7o nas \u00e1guas ao longo do dia. O Centro Hist\u00f3rico tamb\u00e9m merece uma visita para ver de perto a Igreja de S\u00e3o Benedito erguida no s\u00e9culo XVIII.<\/p>\n<blockquote>\n<p><a href=\"https:\/\/www.booking.com\/guest-house\/city\/br\/tamandare-br.pt-br.html?aid=2161834\" target=\"_blank\" rel=\"noopener noreferrer\"><strong>Confira op\u00e7\u00f5es de hot\u00e9is e pousadas em Tamandar\u00e9<\/strong><\/a><\/p>\n<\/blockquote>\n\n\n<h3 class=\"wp-block-heading\"><span class=\"ez-toc-section\" id=\"Japaratinga\"><\/span>Japaratinga<span class=\"ez-toc-section-end\"><\/span><\/h3>\n\n\n\n<p><strong>\ud83d\udcc5 Dias: 7, 8 e 9<\/strong><\/p>\n\n\n<p>Sabe todas aquelas belezas que Maragogi possui? Voc\u00ea encontra os mesmos benef\u00edcios em <a href=\"https:\/\/quantocustaviajar.com\/blog\/japaratinga-alagoas-paraiso\/\" target=\"_blank\" rel=\"noopener noreferrer\"><strong>Japaratinga<\/strong><\/a>, destino que rende banhos no mar com colora\u00e7\u00e3o verde esmeralda que enche o cora\u00e7\u00e3o e os olhos de alegria.<\/p>\n<p>Quem sonha em conhecer <a href=\"https:\/\/quantocustaviajar.com\/brasil\/maragogi\" target=\"_blank\" rel=\"noopener noreferrer\"><strong>Maragogi<\/strong> <\/a>gastando muito menos pode optar por ficar em <a href=\"https:\/\/quantocustaviajar.com\/blog\/japaratinga-alagoas-paraiso\/\">Japaratinga<\/a>, para\u00edso localizado a apenas 10 km de dist\u00e2ncia de Maragogi (20 minutinhos para quem vai de carro). Ou seja, <strong>voc\u00ea consegue ir a todas as piscinas naturais de Maragogi e depois voltar para seu hotel, al\u00e9m de curtir a vila charmosa<\/strong>.<\/p>\n<p>Japaratinga possui cinco praias espalhadas em 15 km do litoral alagoana. A Praia de Japaratinga, a principal da vila, \u00e9 a mais gostosa para relaxar e aproveitar as piscinas naturais que se formam quando a mar\u00e9 est\u00e1 baixa.<\/p>\n<p>Na hora de se hospedar, cogite ficar no <a href=\"https:\/\/www.booking.com\/hotel\/br\/japaratinga-lounge-resort.pt-br.html?aid=2161834\" target=\"_blank\" rel=\"noopener noreferrer\"><strong>Japaratinga Lounge Resort<\/strong><\/a>, um all-inclusive nov\u00edssimo com pre\u00e7os bem competitivos.<\/p>\n<blockquote>\n<p><a href=\"https:\/\/www.booking.com\/city\/br\/japaratinga.pt-br.html?aid=2161834\" target=\"_blank\" rel=\"noopener noreferrer\" data-wplink-edit=\"true\"><strong>Encontre mais hospedagens em Japaratinga aqui<\/strong><\/a><\/p>\n<\/blockquote>\n\n\n<h3 class=\"wp-block-heading\"><span class=\"ez-toc-section\" id=\"Sao_Miguel_dos_Milagres\"><\/span>S\u00e3o Miguel dos Milagres<span class=\"ez-toc-section-end\"><\/span><\/h3>\n\n\n\n<p><strong>\ud83d\udcc5 Dia: 10 e 11<\/strong><\/p>\n\n\n\n<figure class=\"wp-block-image\"><img loading=\"lazy\" decoding=\"async\" width=\"800\" height=\"530\" src=\"https:\/\/quantocustaviajar.com\/blog\/wp-content\/uploads\/2016\/05\/sao-miguel-dos-milagres-al-lugares-para-viajar-nas-ferias.jpg\" alt=\"viajar nas f\u00e9rias\" class=\"wp-image-36140\" srcset=\"https:\/\/quantocustaviajar.com\/blog\/wp-content\/uploads\/2016\/05\/sao-miguel-dos-milagres-al-lugares-para-viajar-nas-ferias.jpg 800w, https:\/\/quantocustaviajar.com\/blog\/wp-content\/uploads\/2016\/05\/sao-miguel-dos-milagres-al-lugares-para-viajar-nas-ferias-300x199.jpg 300w, https:\/\/quantocustaviajar.com\/blog\/wp-content\/uploads\/2016\/05\/sao-miguel-dos-milagres-al-lugares-para-viajar-nas-ferias-768x509.jpg 768w\" sizes=\"auto, (max-width: 800px) 100vw, 800px\" \/><figcaption class=\"wp-element-caption\">Foto: <a href=\"https:\/\/www.flickr.com\/photos\/soldon\/26648970391\" target=\"_blank\" rel=\"noopener noreferrer\">Rodrigo Soldon<\/a><\/figcaption><\/figure>\n\n\n\n<p>Os casais descobriram <strong>S\u00e3o Miguel dos Milagres<\/strong> e n\u00e3o largam mais. Destino t\u00edpico para Lua de Mel, a cidade tem tudo para tornar a viagem rom\u00e2ntica: pousadas aconchegantes, restaurantes rom\u00e2nticos e praias selvagens. \u00c9 o caso da Praia do Toque, que re\u00fane tudo isso num s\u00f3 lugar, com a vantagem de ter lindas piscinas naturais em suas \u00e1guas mornas e cristalinas durante a mar\u00e9 baixa. E ah!&nbsp;O&nbsp;jornal ingl\u00eas&nbsp;<a rel=\"noreferrer noopener\" href=\"https:\/\/www.theguardian.com\/travel\/2009\/apr\/15\/beach-brazil-top-10?page=all.\" target=\"_blank\"><strong>The Guardian<\/strong><\/a>&nbsp;a colocou como a terceira mais bonita do Brasil em uma de suas publica\u00e7\u00f5es. <\/p>\n\n\n\n<h3 class=\"wp-block-heading\"><span class=\"ez-toc-section\" id=\"Barra_de_Santo_Antonio\"><\/span>Barra de Santo Ant\u00f4nio<span class=\"ez-toc-section-end\"><\/span><\/h3>\n\n\n\n<p><strong>\ud83d\udcc5 Dia: 12<\/strong><\/p>\n\n\n\n<figure class=\"wp-block-image\"><img loading=\"lazy\" decoding=\"async\" width=\"800\" height=\"536\" src=\"https:\/\/quantocustaviajar.com\/blog\/wp-content\/uploads\/2019\/10\/praia-do-carro-quebrado-barra-de-santo-antonio.jpg\" alt=\"roadtrip de recife at\u00e9 macei\u00f3\" class=\"wp-image-39112\" srcset=\"https:\/\/quantocustaviajar.com\/blog\/wp-content\/uploads\/2019\/10\/praia-do-carro-quebrado-barra-de-santo-antonio.jpg 800w, https:\/\/quantocustaviajar.com\/blog\/wp-content\/uploads\/2019\/10\/praia-do-carro-quebrado-barra-de-santo-antonio-300x201.jpg 300w, https:\/\/quantocustaviajar.com\/blog\/wp-content\/uploads\/2019\/10\/praia-do-carro-quebrado-barra-de-santo-antonio-768x515.jpg 768w\" sizes=\"auto, (max-width: 800px) 100vw, 800px\" \/><figcaption class=\"wp-element-caption\">Foto: <a href=\"https:\/\/pt.m.wikipedia.org\/wiki\/Ficheiro:Praia_de_Carro_Quebrado_(04-01-2014)_131_(11761667606).jpg\" target=\"_blank\" rel=\"noopener noreferrer\">Wikimedia Commons<\/a><\/figcaption><\/figure>\n\n\n\n<p>Rodeada de fal\u00e9sias, que tornam o cen\u00e1rio ainda mais bonito, Barra de Santo Ant\u00f4nio n\u00e3o s\u00f3 belas praias, mas bastante infraestrutura tur\u00edstica. Os visitantes aproveitam as praias de areia fina e mar azul turquesa que forma piscinas naturais. Tabuba, Carro Quebrado e Ilha da Cr\u00f4a s\u00e3o parte do munic\u00edpio.<\/p>\n\n\n\n<p>Reservar pelo menos um dia durante sua roadtrip de Recife at\u00e9 Macei\u00f3 para conhecer esse peda\u00e7o do c\u00e9u na Terra vale muito a pena! Se puder, fique mais!<\/p>\n\n\n\n<h3 class=\"wp-block-heading\"><span class=\"ez-toc-section\" id=\"Maceio\"><\/span>Macei\u00f3<span class=\"ez-toc-section-end\"><\/span><\/h3>\n\n\n\n<p><strong>\ud83d\udcc5<\/strong> <strong>Dias: 13, 14 e 15<\/strong><\/p>\n\n\n\n<figure class=\"wp-block-image\"><img loading=\"lazy\" decoding=\"async\" width=\"800\" height=\"531\" src=\"https:\/\/quantocustaviajar.com\/blog\/wp-content\/uploads\/2017\/02\/praia-do-gunda-maceio-nordeste-brasil.jpg\" alt=\"\" class=\"wp-image-34852\" srcset=\"https:\/\/quantocustaviajar.com\/blog\/wp-content\/uploads\/2017\/02\/praia-do-gunda-maceio-nordeste-brasil.jpg 800w, https:\/\/quantocustaviajar.com\/blog\/wp-content\/uploads\/2017\/02\/praia-do-gunda-maceio-nordeste-brasil-300x199.jpg 300w, https:\/\/quantocustaviajar.com\/blog\/wp-content\/uploads\/2017\/02\/praia-do-gunda-maceio-nordeste-brasil-768x510.jpg 768w\" sizes=\"auto, (max-width: 800px) 100vw, 800px\" \/><figcaption class=\"wp-element-caption\">Foto: <a href=\"https:\/\/pt.wikipedia.org\/wiki\/Ficheiro:Praia-do-gunga-2012-09-22.JPG\" target=\"_blank\" rel=\"noopener noreferrer\">Wikimedia Commons<\/a><\/figcaption><\/figure>\n\n\n\n<p>Saindo de Barra de Santo Ant\u00f4nio, siga para o destino final da viagem de carro: <strong>Macei\u00f3<\/strong>! A capital de Alagoas tem MUITAS atra\u00e7\u00f5es e <strong><a rel=\"noreferrer noopener\" aria-label=\"tours bacanas (abre numa nova aba)\" href=\"https:\/\/quantocustaviajar.com\/brasil\/maceio\/passeios\" target=\"_blank\">tours bacanas<\/a><\/strong> para fazer. Tr\u00eas dias inteiros ou at\u00e9 mais garantem passeios inesquec\u00edveis como ir at\u00e9 a <strong><a rel=\"noreferrer noopener\" aria-label=\"Praia do Gunga (abre numa nova aba)\" href=\"https:\/\/quantocustaviajar.com\/blog\/praia-do-gunga-em-alagoas\/\" target=\"_blank\">Praia do Gunga<\/a><\/strong>, descansar na praia de Ipioca, flutuar nas piscinas naturais de Paju\u00e7ara e das praias de Pratagi, passear pelo Rio S\u00e3o Francisco e muito mais.<\/p>\n\n\n<blockquote>\n<p><a href=\"https:\/\/www.booking.com\/city\/br\/maceio.pt-br.html?aid=2161834\" target=\"_blank\" rel=\"noopener noreferrer\"><strong>Descubra os melhores hot\u00e9is e pousadas de Macei\u00f3 aqui<\/strong><\/a><\/p>\n<\/blockquote>\n\n\n<p>Nossa sugest\u00e3o de roteiro contempla 15 dias de estrada, com pausas impec\u00e1veis em v\u00e1rias cidades. Voc\u00ea pode aumentar ou reduzir a quantidade de dias em seu roteiro. Mas, podemos garantir: essas ser\u00e3o as f\u00e9rias mais lindas da sua vida!<\/p>\n\n\n\n<h2 class=\"wp-block-heading\"><span class=\"ez-toc-section\" id=\"Qual_a_melhor_epoca_para_fazer_a_roadtrip_de_Recife_ate_Maceio\"><\/span>Qual a melhor \u00e9poca para fazer a roadtrip de Recife at\u00e9 Macei\u00f3?<span class=\"ez-toc-section-end\"><\/span><\/h2>\n\n\n\n<p>Na hora de decidir quando fazer sua<strong> roadtrip de Recife at\u00e9 Macei\u00f3<\/strong>, o viajante precisar\u00e1 considerar duas coisas: o clima e a lota\u00e7\u00e3o. Afinal, se no per\u00edodo desejado chover, pode atrapalhar e muito o seu roteiro, as paisagens e sua ida \u00e0s praias. E a lota\u00e7\u00e3o porque ningu\u00e9m merece ter que ficar disputando por um espa\u00e7o na areia n\u00e9? Al\u00e9m de pagar pre\u00e7os bem mais altos em hospedagem e at\u00e9 na praia.<\/p>\n\n\n\n<p>A melhor \u00e9poca em termos de clima \u00e9 entre setembro e mar\u00e7o, per\u00edodo entre a primavera e o ver\u00e3o, esse \u00e9 o per\u00edodo de tempo mais seco, com menos chuvas e mais sol. Ideal para aproveitar as praias e paisagens pelo caminho, como Porto de Galinhas, Maragogi e outras.<\/p>\n\n\n\n<p>Pensando no clima ainda, vale evitar a viagem entre abril a agosto, por ser o per\u00edodo de chuvas na regi\u00e3o, o que pode atrapalhar os passeios e tornar as estradas mais perigosas, ainda mais pra quem nunca fez a <strong>roadtrip de Recife at\u00e9 Macei\u00f3<\/strong>.<\/p>\n\n\n\n<p>Agora chegando no tema alta temporada, lota\u00e7\u00e3o e pre\u00e7os mais altos, a \u00e9poca que tem o melhor clima tamb\u00e9m \u00e9 a alta temporada, como \u00e9 de se esperar. Assim, entre dezembro e at\u00e9 passar o R\u00e9veillon e o Carnaval, as cidades e praias estar\u00e3o mais cheias, com pre\u00e7os de hospedagem mais altos. Em compensa\u00e7\u00e3o, o clima \u00e9 excelente, e h\u00e1 uma vibe animada por toda a regi\u00e3o.<\/p>\n\n\n\n<p>Se voc\u00ea puder escolher, o ideal \u00e9 ir no calor e no tempo seco, mas fora da alta temporada, ent\u00e3o os melhores meses seriam setembro, outubro, novembro e come\u00e7o de de dezembro. Essa \u00e9 a baixa temporada, quando as praias costumam estar mais tranquilas, e \u00e9 poss\u00edvel encontrar hospedagens e servi\u00e7os com pre\u00e7os melhores.<\/p>\n\n\n\n<h2 class=\"wp-block-heading\"><span class=\"ez-toc-section\" id=\"Quanto_tempo_ficar_em_cada_lugar\"><\/span>Quanto tempo ficar em cada lugar<span class=\"ez-toc-section-end\"><\/span><\/h2>\n\n\n\n<figure class=\"wp-block-image aligncenter size-large\"><img loading=\"lazy\" decoding=\"async\" width=\"1024\" height=\"682\" src=\"https:\/\/quantocustaviajar.com\/blog\/wp-content\/uploads\/2024\/12\/Praia_de_Japaratinga_Japaratinga-AL-1024x682.jpg\" alt=\"\" class=\"wp-image-70820\" srcset=\"https:\/\/quantocustaviajar.com\/blog\/wp-content\/uploads\/2024\/12\/Praia_de_Japaratinga_Japaratinga-AL-1024x682.jpg 1024w, https:\/\/quantocustaviajar.com\/blog\/wp-content\/uploads\/2024\/12\/Praia_de_Japaratinga_Japaratinga-AL-300x200.jpg 300w, https:\/\/quantocustaviajar.com\/blog\/wp-content\/uploads\/2024\/12\/Praia_de_Japaratinga_Japaratinga-AL-768x512.jpg 768w, https:\/\/quantocustaviajar.com\/blog\/wp-content\/uploads\/2024\/12\/Praia_de_Japaratinga_Japaratinga-AL.jpg 1280w\" sizes=\"auto, (max-width: 1024px) 100vw, 1024px\" \/><figcaption class=\"wp-element-caption\">Foto: <a href=\"https:\/\/upload.wikimedia.org\/wikipedia\/commons\/thumb\/e\/e5\/Praia_de_Japaratinga%2C_Japaratinga-AL.jpg\/1280px-Praia_de_Japaratinga%2C_Japaratinga-AL.jpg\" target=\"_blank\" rel=\"noreferrer noopener\">Wikimedia Commons<\/a><\/figcaption><\/figure>\n\n\n\n<p>Se voc\u00ea quer fazer uma roadtrip do seu jeito, sem seguir o roteiro acima, ou mesmo pretende visitar apenas uma ou duas cidades, saiba que qualquer uma das cidades desse roteiro (Recife, Olinda, Cabo de Santo Agostinho, Porto de Galinhas, Tamandar\u00e9, Japaratinga, S\u00e3o Miguel dos Milagres, Barra de Santo Ant\u00f4nio e Macei\u00f3) s\u00e3o destinos que se voc\u00ea quiser, d\u00e1 para fazer uma viagem separada para cada local, passando facilmente uma semana em cada cidade para poder ver tudo o que tem a oferecer e descansar.<\/p>\n\n\n\n<p>\u00c9 muito normal viajantes fecharem viagens de 7 dias para Porto de Galinhas, Macei\u00f3 e por a\u00ed vai e voc\u00ea pode tamb\u00e9m, especialmente se voc\u00ea n\u00e3o curte ficar trocando de cidade e de hotel a cada 2 ou 3 dias.<\/p>\n\n\n\n<p>Os destinos s\u00e3o lindos e ricos em atividades, com\u00e9rcios, servi\u00e7os e pontos tur\u00edsticos, ent\u00e3o se quiser desmembrar e fazer s\u00f3 parte deste roteiro, ainda ser\u00e1 um sucesso!<\/p>\n\n\n\n<p>Se voc\u00ea quer saber quantos dias no m\u00ednimo ficar em cada cidade, fizemos uma sugest\u00e3o para voc\u00ea:<\/p>\n\n\n\n<p><strong>Recife<\/strong> (2-3 dias)<\/p>\n\n\n\n<ul class=\"wp-block-list\">\n<li><strong>O que fazer:<\/strong> explore o Recife Antigo (Marco Zero, Rua do Bom Jesus), visite o Instituto Ricardo Brennand e o Museu Cais do Sert\u00e3o. Curta a Praia de Boa Viagem (para um fim de tarde).<\/li>\n\n\n\n<li><strong>Dica extra:<\/strong> aproveite a vida noturna e os restaurantes da cidade.<\/li>\n<\/ul>\n\n\n\n<p><strong>Olinda<\/strong> (1 dia ou uma manh\u00e3\/tarde)<\/p>\n\n\n\n<ul class=\"wp-block-list\">\n<li><strong>O que fazer:<\/strong> caminhe pelo centro hist\u00f3rico, conhe\u00e7a as igrejas como a S\u00e9 e os mirantes com vistas incr\u00edveis. <\/li>\n<\/ul>\n\n\n\n<p><strong>Cabo de Santo Agostinho<\/strong> (2 dias)<\/p>\n\n\n\n<ul class=\"wp-block-list\">\n<li><strong>O que fazer:<\/strong> explore a Praia de Calhetas (\u00f3tima para banho e fotos). Tamb\u00e9m visite as ru\u00ednas do Forte Castelo do Mar.<\/li>\n\n\n\n<li><strong>Dica:<\/strong> ideal para uma parada breve antes de Porto de Galinhas.<\/li>\n<\/ul>\n\n\n\n<p><strong>Porto de Galinhas<\/strong> (4 dias)<\/p>\n\n\n\n<ul class=\"wp-block-list\">\n<li><strong>O que fazer:<\/strong> aproveite as piscinas naturais, explore as praias como Muro Alto e Pontal do <a href=\"https:\/\/quantocustaviajar.com\/blog\/maracaipe-passeio-imperdivel\/\">Maraca\u00edpe<\/a>, e fa\u00e7a um passeio de jangada.<\/li>\n<\/ul>\n\n\n\n<p><strong>Tamandar\u00e9 (<a href=\"https:\/\/quantocustaviajar.com\/blog\/praia-dos-carneiros-pernambuco\/\">Praia dos Carneiros<\/a>)<\/strong> (2 dias)<\/p>\n\n\n\n<ul class=\"wp-block-list\">\n<li><strong>O que fazer:<\/strong> relaxe na Praia dos Carneiros, conhe\u00e7a a Capela de S\u00e3o Benedito e fa\u00e7a um passeio de catamar\u00e3.<\/li>\n<\/ul>\n\n\n\n<p><strong>Japaratinga<\/strong> (3 dias)<\/p>\n\n\n\n<ul class=\"wp-block-list\">\n<li><strong>O que fazer:<\/strong> aproveite o sossego das praias menos movimentadas e fa\u00e7a um passeio de buggy pela regi\u00e3o.<\/li>\n<\/ul>\n\n\n\n<p><strong>S\u00e3o Miguel dos Milagres<\/strong> (3 dias)<\/p>\n\n\n\n<ul class=\"wp-block-list\">\n<li><strong>O que fazer:<\/strong> explore as <a href=\"https:\/\/quantocustaviajar.com\/blog\/destinos-para-quem-gosta-de-praias-paradisiacas\/\">praias paradis\u00edacas<\/a> (Toque, Laje), fa\u00e7a o passeio de jangada para os peixes-boi e curti\u00e7\u00e3o total no clima r\u00fastico e tranquilo.<\/li>\n<\/ul>\n\n\n\n<p><strong>Barra de Santo Ant\u00f4nio<\/strong> (1 dia)<\/p>\n\n\n\n<ul class=\"wp-block-list\">\n<li><strong>O que fazer:<\/strong> visite a Praia de Carro Quebrado, conhecida pelas fal\u00e9sias coloridas e visual \u00fanico.<\/li>\n<\/ul>\n\n\n\n<p><strong>Macei\u00f3<\/strong> (4 dias)<\/p>\n\n\n\n<p><strong>O que fazer:<\/strong> curta as praias urbanas como Ponta Verde e Jati\u00faca, fa\u00e7a passeios \u00e0s praias do Gunga, Franc\u00eas e Barra de S\u00e3o Miguel. Explore o bairro hist\u00f3rico de Jaragu\u00e1<\/p>\n\n\n\n<p><strong>Se estiver com mais tempo:<\/strong> invista mais dias em Porto de Galinhas, S\u00e3o Miguel dos Milagres e Macei\u00f3, que s\u00e3o mais vers\u00e1teis e tem mais o que fazer!<\/p>\n\n\n\n<h2 class=\"wp-block-heading\"><span class=\"ez-toc-section\" id=\"Roteiro_alternativo_mais_curto_do_que_a_roadtrip_de_Recife_ate_Maceio_completa\"><\/span>Roteiro alternativo mais curto do que a roadtrip de Recife at\u00e9 Macei\u00f3 completa<span class=\"ez-toc-section-end\"><\/span><\/h2>\n\n\n\n<p>Se voc\u00ea prefere um roteiro mais enxuto, com foco nas cidades pr\u00f3ximas, d\u00e1 para criar um itiner\u00e1rio perfeito com 3 ou 4 destinos estrat\u00e9gicos que otimizem o tempo sem perder os destaques. Voc\u00ea pode fazer em uma mesma viagem Recife &gt; Olinda &gt; Porto de Galinhas &gt; Tamandar\u00e9 em sete dias e com poucos km rodados.<\/p>\n\n\n\n<p>Outra sugest\u00e3o de roteiro seria conhecer Macei\u00f3 &gt; Japaratinga &gt; S\u00e3o Miguel dos Milagres &gt; Barra de Santo Ant\u00f4nio. Assim seria menos cidades, menos dias de viagem e menos quil\u00f4metros rodados!<\/p>\n\n\n\n<script type=\"application\/ld+json\">\n{\n  \"@context\": \"https:\/\/schema.org\",\n  \"@type\": \"ItemList\",\n  \"itemListOrder\": \"Ordered\",\n  \"numberOfItems\": 9,\n  \"itemListElement\": [\n    {\n      \"@type\": \"ListItem\",\n      \"position\": 1,\n      \"name\": \"Recife (com Olinda)\"\n    },\n    {\n      \"@type\": \"ListItem\",\n      \"position\": 2,\n      \"name\": \"Cabo de Santo Agostinho\"\n    },\n    {\n      \"@type\": \"ListItem\",\n      \"position\": 3,\n      \"name\": \"Porto de Galinhas\"\n    },\n    {\n      \"@type\": \"ListItem\",\n      \"position\": 4,\n      \"name\": \"Tamandar\u00e9 (Praia dos Carneiros)\"\n    },\n    {\n      \"@type\": \"ListItem\",\n      \"position\": 5,\n      \"name\": \"Japaratinga\"\n    },\n    {\n      \"@type\": \"ListItem\",\n      \"position\": 6,\n      \"name\": \"S\u00e3o Miguel dos Milagres\"\n    },\n    {\n      \"@type\": \"ListItem\",\n      \"position\": 7,\n      \"name\": \"Barra de Santo Ant\u00f4nio\"\n    },\n    {\n      \"@type\": \"ListItem\",\n      \"position\": 8,\n      \"name\": \"Macei\u00f3\"\n    },\n    {\n      \"@type\": \"ListItem\",\n      \"position\": 9,\n      \"name\": \"Origem\/Destino final\"\n    }\n  ]\n}\n<\/script>\n\n\n\n<script type=\"application\/ld+json\">\n{\n  \"@context\": \"https:\/\/schema.org\",\n  \"@type\": \"FAQPage\",\n  \"mainEntity\": [\n    {\n      \"@type\": \"Question\",\n      \"name\": \"Qual a melhor \u00e9poca para fazer a roadtrip de Recife at\u00e9 Macei\u00f3?\",\n      \"acceptedAnswer\": {\n        \"@type\": \"Answer\",\n        \"text\": \"A melhor \u00e9poca \u00e9 entre setembro e mar\u00e7o, quando o tempo est\u00e1 mais seco. Evite abril a agosto, que \u00e9 temporada de chuvas. Se quiser evitar multid\u00f5es e altos pre\u00e7os, v\u00e1 em setembro, outubro, novembro ou in\u00edcio de dezembro.\"\n      }\n    },\n    {\n      \"@type\": \"Question\",\n      \"name\": \"Quanto tempo ficar em cada lugar?\",\n      \"acceptedAnswer\": {\n        \"@type\": \"Answer\",\n        \"text\": \"O roteiro completo sugere de 8 a 15 dias, com dias espec\u00edficos para cada parada \u2014 entre 1 e 3 dias conforme o destino. Alternativamente, \u00e9 poss\u00edvel dedicar uma semana a apenas uma cidade, como Porto de Galinhas ou Macei\u00f3.\"\n      }\n    },\n    {\n      \"@type\": \"Question\",\n      \"name\": \"Quais s\u00e3o as principais paradas no caminho?\",\n      \"acceptedAnswer\": {\n        \"@type\": \"Answer\",\n        \"text\": \"As paradas recomendadas incluem: Recife, Olinda, Cabo de Santo Agostinho, Porto de Galinhas, Tamandar\u00e9, Japaratinga, S\u00e3o Miguel dos Milagres, Barra de Santo Ant\u00f4nio e Macei\u00f3.\"\n      }\n    }\n  ]\n}\n<\/script>\n\n\n\n<p><\/p>\n\n\n\n<p><\/p>\n","protected":false},"excerpt":{"rendered":"<p>Apenas 260 km separam Recife de Macei\u00f3. Um deslocamento de 4 horinhas \u00e9 suficiente para chegar de uma cidade at\u00e9 a outra. Mas, no meio do caminho, existem tantas belezas naturais e tantas praias lindas que voc\u00ea certamente pode reservar as f\u00e9rias inteiras para fazer uma roadtrip de Recife at\u00e9 Macei\u00f3. Viajar pela Costa dos [&hellip;]<\/p>\n","protected":false},"author":18,"featured_media":39112,"comment_status":"open","ping_status":"open","sticky":false,"template":"elementor_theme","format":"standard","meta":{"cybocfi_hide_featured_image":"yes","footnotes":""},"categories":[1434],"tags":[176,266,2015,271],"class_list":["post-39105","post","type-post","status-publish","format-standard","has-post-thumbnail","hentry","category-descubra-brasil","tag-america-do-sul","tag-brasil","tag-carro","tag-maceio"],"blocksy_meta":[],"yoast_head":"<!-- This site is optimized with the Yoast SEO plugin v26.3 - https:\/\/yoast.com\/wordpress\/plugins\/seo\/ -->\n<title>Roadtrip de Recife at\u00e9 Macei\u00f3: uma viagem perfeita pro seu ver\u00e3o<\/title>\n<meta name=\"description\" content=\"Uma das viagens mais bonitas para fazer no Brasil \u00e9 essa roadtrip de Recife at\u00e9 MAcei\u00f3 (ou vice-versa), confira nossas dicas.\" \/>\n<meta name=\"robots\" content=\"index, follow, max-snippet:-1, max-image-preview:large, max-video-preview:-1\" \/>\n<link rel=\"canonical\" href=\"https:\/\/quantocustaviajar.com\/blog\/roadtrip-de-recife-ate-maceio\/\" \/>\n<meta property=\"og:locale\" content=\"pt_BR\" \/>\n<meta property=\"og:type\" content=\"article\" \/>\n<meta property=\"og:title\" content=\"Roadtrip de Recife at\u00e9 Macei\u00f3: uma viagem perfeita pro seu ver\u00e3o\" \/>\n<meta property=\"og:description\" content=\"Uma das viagens mais bonitas para fazer no Brasil \u00e9 essa roadtrip de Recife at\u00e9 MAcei\u00f3 (ou vice-versa), confira nossas dicas.\" \/>\n<meta property=\"og:url\" content=\"https:\/\/quantocustaviajar.com\/blog\/roadtrip-de-recife-ate-maceio\/\" \/>\n<meta property=\"og:site_name\" content=\"Blog Quanto Custa Viajar\" \/>\n<meta property=\"article:publisher\" content=\"https:\/\/www.facebook.com\/quantocustaviajar\" \/>\n<meta property=\"article:published_time\" content=\"2025-07-03T13:20:00+00:00\" \/>\n<meta property=\"article:modified_time\" content=\"2025-07-17T14:14:30+00:00\" \/>\n<meta property=\"og:image\" content=\"https:\/\/quantocustaviajar.com\/blog\/wp-content\/uploads\/2019\/10\/praia-do-carro-quebrado-barra-de-santo-antonio.jpg\" \/>\n\t<meta property=\"og:image:width\" content=\"800\" \/>\n\t<meta property=\"og:image:height\" content=\"536\" \/>\n\t<meta property=\"og:image:type\" content=\"image\/jpeg\" \/>\n<meta name=\"author\" content=\"Izabella Miranda\" \/>\n<meta name=\"twitter:card\" content=\"summary_large_image\" \/>\n<meta name=\"twitter:label1\" content=\"Escrito por\" \/>\n\t<meta name=\"twitter:data1\" content=\"Izabella Miranda\" \/>\n\t<meta name=\"twitter:label2\" content=\"Est. tempo de leitura\" \/>\n\t<meta name=\"twitter:data2\" content=\"14 minutos\" \/>\n<!-- \/ Yoast SEO plugin. -->","yoast_head_json":{"title":"Roadtrip de Recife at\u00e9 Macei\u00f3: uma viagem perfeita pro seu ver\u00e3o","description":"Uma das viagens mais bonitas para fazer no Brasil \u00e9 essa roadtrip de Recife at\u00e9 MAcei\u00f3 (ou vice-versa), confira nossas dicas.","robots":{"index":"index","follow":"follow","max-snippet":"max-snippet:-1","max-image-preview":"max-image-preview:large","max-video-preview":"max-video-preview:-1"},"canonical":"https:\/\/quantocustaviajar.com\/blog\/roadtrip-de-recife-ate-maceio\/","og_locale":"pt_BR","og_type":"article","og_title":"Roadtrip de Recife at\u00e9 Macei\u00f3: uma viagem perfeita pro seu ver\u00e3o","og_description":"Uma das viagens mais bonitas para fazer no Brasil \u00e9 essa roadtrip de Recife at\u00e9 MAcei\u00f3 (ou vice-versa), confira nossas dicas.","og_url":"https:\/\/quantocustaviajar.com\/blog\/roadtrip-de-recife-ate-maceio\/","og_site_name":"Blog Quanto Custa Viajar","article_publisher":"https:\/\/www.facebook.com\/quantocustaviajar","article_published_time":"2025-07-03T13:20:00+00:00","article_modified_time":"2025-07-17T14:14:30+00:00","og_image":[{"width":800,"height":536,"url":"https:\/\/quantocustaviajar.com\/blog\/wp-content\/uploads\/2019\/10\/praia-do-carro-quebrado-barra-de-santo-antonio.jpg","type":"image\/jpeg"}],"author":"Izabella Miranda","twitter_card":"summary_large_image","twitter_misc":{"Escrito por":"Izabella Miranda","Est. tempo de leitura":"14 minutos"},"schema":{"@context":"https:\/\/schema.org","@graph":[{"@type":["Article","BlogPosting"],"@id":"https:\/\/quantocustaviajar.com\/blog\/roadtrip-de-recife-ate-maceio\/#article","isPartOf":{"@id":"https:\/\/quantocustaviajar.com\/blog\/roadtrip-de-recife-ate-maceio\/"},"author":{"name":"Izabella Miranda","@id":"https:\/\/quantocustaviajar.com\/blog\/#\/schema\/person\/595118451f4120870051de530232399d"},"headline":"Roadtrip de Recife at\u00e9 Macei\u00f3: uma das viagens de carro mais lindas do Brasil","datePublished":"2025-07-03T13:20:00+00:00","dateModified":"2025-07-17T14:14:30+00:00","mainEntityOfPage":{"@id":"https:\/\/quantocustaviajar.com\/blog\/roadtrip-de-recife-ate-maceio\/"},"wordCount":2252,"commentCount":35,"publisher":{"@id":"https:\/\/quantocustaviajar.com\/blog\/#organization"},"image":{"@id":"https:\/\/quantocustaviajar.com\/blog\/roadtrip-de-recife-ate-maceio\/#primaryimage"},"thumbnailUrl":"https:\/\/quantocustaviajar.com\/blog\/wp-content\/uploads\/2019\/10\/praia-do-carro-quebrado-barra-de-santo-antonio.jpg","keywords":["am\u00e9rica do sul","Brasil","carro","Macei\u00f3"],"articleSection":["Descubra o Brasil"],"inLanguage":"pt-BR","potentialAction":[{"@type":"CommentAction","name":"Comment","target":["https:\/\/quantocustaviajar.com\/blog\/roadtrip-de-recife-ate-maceio\/#respond"]}]},{"@type":"WebPage","@id":"https:\/\/quantocustaviajar.com\/blog\/roadtrip-de-recife-ate-maceio\/","url":"https:\/\/quantocustaviajar.com\/blog\/roadtrip-de-recife-ate-maceio\/","name":"Roadtrip de Recife at\u00e9 Macei\u00f3: uma viagem perfeita pro seu ver\u00e3o","isPartOf":{"@id":"https:\/\/quantocustaviajar.com\/blog\/#website"},"primaryImageOfPage":{"@id":"https:\/\/quantocustaviajar.com\/blog\/roadtrip-de-recife-ate-maceio\/#primaryimage"},"image":{"@id":"https:\/\/quantocustaviajar.com\/blog\/roadtrip-de-recife-ate-maceio\/#primaryimage"},"thumbnailUrl":"https:\/\/quantocustaviajar.com\/blog\/wp-content\/uploads\/2019\/10\/praia-do-carro-quebrado-barra-de-santo-antonio.jpg","datePublished":"2025-07-03T13:20:00+00:00","dateModified":"2025-07-17T14:14:30+00:00","description":"Uma das viagens mais bonitas para fazer no Brasil \u00e9 essa roadtrip de Recife at\u00e9 MAcei\u00f3 (ou vice-versa), confira nossas dicas.","breadcrumb":{"@id":"https:\/\/quantocustaviajar.com\/blog\/roadtrip-de-recife-ate-maceio\/#breadcrumb"},"inLanguage":"pt-BR","potentialAction":[{"@type":"ReadAction","target":["https:\/\/quantocustaviajar.com\/blog\/roadtrip-de-recife-ate-maceio\/"]}]},{"@type":"BreadcrumbList","@id":"https:\/\/quantocustaviajar.com\/blog\/roadtrip-de-recife-ate-maceio\/#breadcrumb","itemListElement":[{"@type":"ListItem","position":1,"name":"In\u00edcio","item":"https:\/\/quantocustaviajar.com\/blog\/"},{"@type":"ListItem","position":2,"name":"Roadtrip de Recife at\u00e9 Macei\u00f3: uma das viagens de carro mais lindas do Brasil"}]},{"@type":"WebSite","@id":"https:\/\/quantocustaviajar.com\/blog\/#website","url":"https:\/\/quantocustaviajar.com\/blog\/","name":"Blog Quanto Custa Viajar","description":"","publisher":{"@id":"https:\/\/quantocustaviajar.com\/blog\/#organization"},"potentialAction":[{"@type":"SearchAction","target":{"@type":"EntryPoint","urlTemplate":"https:\/\/quantocustaviajar.com\/blog\/?s={search_term_string}"},"query-input":{"@type":"PropertyValueSpecification","valueRequired":true,"valueName":"search_term_string"}}],"inLanguage":"pt-BR"},{"@type":"Organization","@id":"https:\/\/quantocustaviajar.com\/blog\/#organization","name":"Quanto Custa Viajar","url":"https:\/\/quantocustaviajar.com\/blog\/","logo":{"@type":"ImageObject","inLanguage":"pt-BR","@id":"https:\/\/quantocustaviajar.com\/blog\/#\/schema\/logo\/image\/","url":"","contentUrl":"","caption":"Quanto Custa Viajar"},"image":{"@id":"https:\/\/quantocustaviajar.com\/blog\/#\/schema\/logo\/image\/"},"sameAs":["https:\/\/www.facebook.com\/quantocustaviajar"]},{"@type":"Person","@id":"https:\/\/quantocustaviajar.com\/blog\/#\/schema\/person\/595118451f4120870051de530232399d","name":"Izabella Miranda","image":{"@type":"ImageObject","inLanguage":"pt-BR","@id":"https:\/\/quantocustaviajar.com\/blog\/#\/schema\/person\/image\/","url":"https:\/\/secure.gravatar.com\/avatar\/eb1c9c8ed6c596023f48930e960ff440b8cad6a3beabb6b619d3504ad832c628?s=96&d=mm&r=g","contentUrl":"https:\/\/secure.gravatar.com\/avatar\/eb1c9c8ed6c596023f48930e960ff440b8cad6a3beabb6b619d3504ad832c628?s=96&d=mm&r=g","caption":"Izabella Miranda"},"description":"Jornalista por profiss\u00e3o e planejadora de viagens nas horas vagas.","url":"https:\/\/quantocustaviajar.com\/blog\/author\/izabella\/"}]}},"_links":{"self":[{"href":"https:\/\/quantocustaviajar.com\/blog\/wp-json\/wp\/v2\/posts\/39105","targetHints":{"allow":["GET"]}}],"collection":[{"href":"https:\/\/quantocustaviajar.com\/blog\/wp-json\/wp\/v2\/posts"}],"about":[{"href":"https:\/\/quantocustaviajar.com\/blog\/wp-json\/wp\/v2\/types\/post"}],"author":[{"embeddable":true,"href":"https:\/\/quantocustaviajar.com\/blog\/wp-json\/wp\/v2\/users\/18"}],"replies":[{"embeddable":true,"href":"https:\/\/quantocustaviajar.com\/blog\/wp-json\/wp\/v2\/comments?post=39105"}],"version-history":[{"count":19,"href":"https:\/\/quantocustaviajar.com\/blog\/wp-json\/wp\/v2\/posts\/39105\/revisions"}],"predecessor-version":[{"id":79835,"href":"https:\/\/quantocustaviajar.com\/blog\/wp-json\/wp\/v2\/posts\/39105\/revisions\/79835"}],"wp:featuredmedia":[{"embeddable":true,"href":"https:\/\/quantocustaviajar.com\/blog\/wp-json\/wp\/v2\/media\/39112"}],"wp:attachment":[{"href":"https:\/\/quantocustaviajar.com\/blog\/wp-json\/wp\/v2\/media?parent=39105"}],"wp:term":[{"taxonomy":"category","embeddable":true,"href":"https:\/\/quantocustaviajar.com\/blog\/wp-json\/wp\/v2\/categories?post=39105"},{"taxonomy":"post_tag","embeddable":true,"href":"https:\/\/quantocustaviajar.com\/blog\/wp-json\/wp\/v2\/tags?post=39105"}],"curies":[{"name":"wp","href":"https:\/\/api.w.org\/{rel}","templated":true}]}}