{"id":38748,"date":"2023-01-15T13:21:00","date_gmt":"2023-01-15T13:21:00","guid":{"rendered":"https:\/\/quantocustaviajar.com\/blog\/?p=38748"},"modified":"2023-01-16T13:09:52","modified_gmt":"2023-01-16T13:09:52","slug":"parque-marinho-de-recife-de-fora-porto-seguro","status":"publish","type":"post","link":"https:\/\/quantocustaviajar.com\/blog\/parque-marinho-de-recife-de-fora-porto-seguro\/","title":{"rendered":"Recife de Fora, em Porto Seguro, \u00e9 uma das maiores belezas naturais do Brasil. Veja porqu\u00ea!"},"content":{"rendered":"<p>O <strong>Parque Marinho de Recife de Fora<\/strong> \u00e9 considerado uma das maiores belezas naturais em nosso pa\u00eds e abriga um recife de coral com 17 mil metros quadrados. Essa \u00e1rea de preserva\u00e7\u00e3o \u00e9 um dos principais pontos tur\u00edsticos de Porto Seguro, na Bahia, e atrai visitantes que desejam flutuar nas piscinas naturais para ver o fundo do mar.<\/p><div id=\"ez-toc-container\" class=\"ez-toc-v2_0_76 ez-toc-wrap-left counter-hierarchy ez-toc-counter ez-toc-light-blue ez-toc-container-direction\">\n<div class=\"ez-toc-title-container\">\n<p class=\"ez-toc-title\" style=\"cursor:inherit\">Aqui voc\u00ea ir\u00e1 encontrar<\/p>\n<span class=\"ez-toc-title-toggle\"><a href=\"#\" class=\"ez-toc-pull-right ez-toc-btn ez-toc-btn-xs ez-toc-btn-default ez-toc-toggle\" aria-label=\"Alternar tabela de conte\u00fado\"><span class=\"ez-toc-js-icon-con\"><span class=\"\"><span class=\"eztoc-hide\" style=\"display:none;\">Toggle<\/span><span class=\"ez-toc-icon-toggle-span\"><svg style=\"fill: #999;color:#999\" xmlns=\"http:\/\/www.w3.org\/2000\/svg\" class=\"list-377408\" width=\"20px\" height=\"20px\" viewBox=\"0 0 24 24\" fill=\"none\"><path d=\"M6 6H4v2h2V6zm14 0H8v2h12V6zM4 11h2v2H4v-2zm16 0H8v2h12v-2zM4 16h2v2H4v-2zm16 0H8v2h12v-2z\" fill=\"currentColor\"><\/path><\/svg><svg style=\"fill: #999;color:#999\" class=\"arrow-unsorted-368013\" xmlns=\"http:\/\/www.w3.org\/2000\/svg\" width=\"10px\" height=\"10px\" viewBox=\"0 0 24 24\" version=\"1.2\" baseProfile=\"tiny\"><path d=\"M18.2 9.3l-6.2-6.3-6.2 6.3c-.2.2-.3.4-.3.7s.1.5.3.7c.2.2.4.3.7.3h11c.3 0 .5-.1.7-.3.2-.2.3-.5.3-.7s-.1-.5-.3-.7zM5.8 14.7l6.2 6.3 6.2-6.3c.2-.2.3-.5.3-.7s-.1-.5-.3-.7c-.2-.2-.4-.3-.7-.3h-11c-.3 0-.5.1-.7.3-.2.2-.3.5-.3.7s.1.5.3.7z\"\/><\/svg><\/span><\/span><\/span><\/a><\/span><\/div>\n<nav><ul class='ez-toc-list ez-toc-list-level-1 ' ><li class='ez-toc-page-1 ez-toc-heading-level-2'><a class=\"ez-toc-link ez-toc-heading-1\" href=\"https:\/\/quantocustaviajar.com\/blog\/parque-marinho-de-recife-de-fora-porto-seguro\/#Como_chegar_ate_Recife_de_Fora\" >Como chegar at\u00e9 Recife de Fora?<\/a><\/li><li class='ez-toc-page-1 ez-toc-heading-level-2'><a class=\"ez-toc-link ez-toc-heading-2\" href=\"https:\/\/quantocustaviajar.com\/blog\/parque-marinho-de-recife-de-fora-porto-seguro\/#Dicas_importantes_sobre_Parque_Marinho_de_Recife_de_Fora\" >Dicas importantes sobre Parque Marinho de Recife de Fora<\/a><\/li><li class='ez-toc-page-1 ez-toc-heading-level-2'><a class=\"ez-toc-link ez-toc-heading-3\" href=\"https:\/\/quantocustaviajar.com\/blog\/parque-marinho-de-recife-de-fora-porto-seguro\/#Onde_se_hospedar_proximo_ao_Parque_Marinho_de_Recife_de_Fora\" >Onde se hospedar pr\u00f3ximo ao Parque Marinho de Recife de Fora<\/a><\/li><li class='ez-toc-page-1 ez-toc-heading-level-2'><a class=\"ez-toc-link ez-toc-heading-4\" href=\"https:\/\/quantocustaviajar.com\/blog\/parque-marinho-de-recife-de-fora-porto-seguro\/#Onde_comer\" >Onde comer<\/a><\/li><li class='ez-toc-page-1 ez-toc-heading-level-2'><a class=\"ez-toc-link ez-toc-heading-5\" href=\"https:\/\/quantocustaviajar.com\/blog\/parque-marinho-de-recife-de-fora-porto-seguro\/#Quando_ir_ao_Parque_Marinho_de_Recife_de_Fora\" >Quando ir ao Parque Marinho de Recife de Fora<\/a><\/li><li class='ez-toc-page-1 ez-toc-heading-level-2'><a class=\"ez-toc-link ez-toc-heading-6\" href=\"https:\/\/quantocustaviajar.com\/blog\/parque-marinho-de-recife-de-fora-porto-seguro\/#O_que_fazer_na_regiao\" >O que fazer na regi\u00e3o<\/a><\/li><\/ul><\/nav><\/div>\n\n<p>Apesar do recife ser bem grande e imponente, os visitantes s\u00f3 podem pisar em uma \u00e1rea delimitada que corresponde a 3% do total, tudo isso para continuar preservando essa joia da natureza brasileira em <a href=\"https:\/\/quantocustaviajar.com\/brasil\/porto-seguro\/\" target=\"_blank\" rel=\"noopener noreferrer\"><strong>Porto Seguro<\/strong><\/a>. D\u00e1 uma espiadinha na cor do mar, coisa mais linda de viver!<\/p>\n<blockquote>\n<p><a href=\"https:\/\/www.viajanet.com.br\/passagens-aereas\/quandoviajar\/sao-paulo-sao\/porto-seguro-bps?utm_source=quantocustaviajar&amp;utm_medium=postpatrocinado&amp;utm_campaign=passagensaereas&amp;utm_content=geradordelinks\" target=\"_blank\" rel=\"noopener noreferrer\"><strong>Quer viajar para Porto Seguro? Pesquise passagens a\u00e9reas aqui!<\/strong><\/a><\/p>\n<\/blockquote>\n<figure id=\"attachment_50794\" aria-describedby=\"caption-attachment-50794\" style=\"width: 1280px\" class=\"wp-caption aligncenter\"><img loading=\"lazy\" decoding=\"async\" class=\"wp-image-50794 size-full\" src=\"https:\/\/quantocustaviajar.com\/blog\/wp-content\/uploads\/2019\/11\/pexels-daniel-torobekov-4628401.jpg\" alt=\"\" width=\"1280\" height=\"1890\" srcset=\"https:\/\/quantocustaviajar.com\/blog\/wp-content\/uploads\/2019\/11\/pexels-daniel-torobekov-4628401.jpg 1280w, https:\/\/quantocustaviajar.com\/blog\/wp-content\/uploads\/2019\/11\/pexels-daniel-torobekov-4628401-203x300.jpg 203w, https:\/\/quantocustaviajar.com\/blog\/wp-content\/uploads\/2019\/11\/pexels-daniel-torobekov-4628401-768x1134.jpg 768w, https:\/\/quantocustaviajar.com\/blog\/wp-content\/uploads\/2019\/11\/pexels-daniel-torobekov-4628401-694x1024.jpg 694w\" sizes=\"auto, (max-width: 1280px) 100vw, 1280px\" \/><figcaption id=\"caption-attachment-50794\" class=\"wp-caption-text\">Foto: Pexels<\/figcaption><\/figure>\n<p>\u00c9 <strong>essencial que o passeio seja feito na mar\u00e9 baixa<\/strong>, em semanas de luas cheia e nova \u2014 somente assim o visitante tem uma experi\u00eancia completa com os recifes aparentes nas piscinas naturais e maior contato com peixes, tartarugas e outros animais que vivem nessas \u00e1guas limpas e cristalinas.<\/p>\n<p>Quem busca mais emo\u00e7\u00e3o pode procurar uma ag\u00eancia que ofere\u00e7a mergulho com cilindro, j\u00e1 que a profundidade das \u00e1guas fica maior nos arredores de Recife de Fora.<\/p>\n<blockquote>\n<p><a href=\"https:\/\/quantocustaviajar.com\/blog\/piscinas-naturais-na-bahia\/\" target=\"_blank\" rel=\"noopener noreferrer\"><strong>Veja tamb\u00e9m: Onde est\u00e3o as melhores piscinas naturais da Bahia? Descubra essas maravilhas aqui<\/strong><\/a><\/p>\n<\/blockquote>\n<h2><span class=\"ez-toc-section\" id=\"Como_chegar_ate_Recife_de_Fora\"><\/span>Como chegar at\u00e9 Recife de Fora?<span class=\"ez-toc-section-end\"><\/span><\/h2>\n<blockquote class=\"instagram-media\" style=\"background: #FFF; border: 0; border-radius: 3px; box-shadow: 0 0 1px 0 rgba(0,0,0,0.5),0 1px 10px 0 rgba(0,0,0,0.15); margin: 1px; max-width: 540px; min-width: 326px; padding: 0; width: calc(100% - 2px);\" data-instgrm-permalink=\"https:\/\/www.instagram.com\/p\/B3QeBqbAX4P\/?utm_source=ig_embed&amp;utm_campaign=loading\" data-instgrm-version=\"12\">\n<div style=\"padding: 16px;\">\n<div style=\"display: flex; flex-direction: row; align-items: center;\">\n<div style=\"background-color: #f4f4f4; border-radius: 50%; flex-grow: 0; height: 40px; margin-right: 14px; width: 40px;\">\u00a0<\/div>\n<div style=\"display: flex; flex-direction: column; flex-grow: 1; justify-content: center;\">\n<div style=\"background-color: #f4f4f4; border-radius: 4px; flex-grow: 0; height: 14px; margin-bottom: 6px; width: 100px;\">\u00a0<\/div>\n<div style=\"background-color: #f4f4f4; border-radius: 4px; flex-grow: 0; height: 14px; width: 60px;\">\u00a0<\/div>\n<\/div>\n<\/div>\n<div style=\"padding: 19% 0;\">\u00a0<\/div>\n<div style=\"display: block; height: 50px; margin: 0 auto 12px; width: 50px;\">\u00a0<\/div>\n<div style=\"padding-top: 8px;\">\n<div style=\"color: #3897f0; font-family: Arial,sans-serif; font-size: 14px; font-style: normal; font-weight: 550; line-height: 18px;\">Ver essa foto no Instagram<\/div>\n<\/div>\n<div style=\"padding: 12.5% 0;\">\u00a0<\/div>\n<div style=\"display: flex; flex-direction: row; margin-bottom: 14px; align-items: center;\">\n<div>\n<div style=\"background-color: #f4f4f4; border-radius: 50%; height: 12.5px; width: 12.5px; transform: translateX(0px) translateY(7px);\">\u00a0<\/div>\n<div style=\"background-color: #f4f4f4; height: 12.5px; transform: rotate(-45deg) translateX(3px) translateY(1px); width: 12.5px; flex-grow: 0; margin-right: 14px; margin-left: 2px;\">\u00a0<\/div>\n<div style=\"background-color: #f4f4f4; border-radius: 50%; height: 12.5px; width: 12.5px; transform: translateX(9px) translateY(-18px);\">\u00a0<\/div>\n<\/div>\n<div style=\"margin-left: 8px;\">\n<div style=\"background-color: #f4f4f4; border-radius: 50%; flex-grow: 0; height: 20px; width: 20px;\">\u00a0<\/div>\n<div style=\"width: 0; height: 0; border-top: 2px solid transparent; border-left: 6px solid #f4f4f4; border-bottom: 2px solid transparent; transform: translateX(16px) translateY(-4px) rotate(30deg);\">\u00a0<\/div>\n<\/div>\n<div style=\"margin-left: auto;\">\n<div style=\"width: 0px; border-top: 8px solid #F4F4F4; border-right: 8px solid transparent; transform: translateY(16px);\">\u00a0<\/div>\n<div style=\"background-color: #f4f4f4; flex-grow: 0; height: 12px; width: 16px; transform: translateY(-4px);\">\u00a0<\/div>\n<div style=\"width: 0; height: 0; border-top: 8px solid #F4F4F4; border-left: 8px solid transparent; transform: translateY(-4px) translateX(8px);\">\u00a0<\/div>\n<\/div>\n<\/div>\n<div style=\"display: flex; flex-direction: column; flex-grow: 1; justify-content: center; margin-bottom: 24px;\">\n<div style=\"background-color: #f4f4f4; border-radius: 4px; flex-grow: 0; height: 14px; margin-bottom: 6px; width: 224px;\">\u00a0<\/div>\n<div style=\"background-color: #f4f4f4; border-radius: 4px; flex-grow: 0; height: 14px; width: 144px;\">\u00a0<\/div>\n<\/div>\n<p style=\"color: #c9c8cd; font-family: Arial,sans-serif; font-size: 14px; line-height: 17px; margin-bottom: 0; margin-top: 8px; overflow: hidden; padding: 8px 0 7px; text-align: center; text-overflow: ellipsis; white-space: nowrap;\"><a style=\"color: #c9c8cd; font-family: Arial,sans-serif; font-size: 14px; font-style: normal; font-weight: normal; line-height: 17px; text-decoration: none;\" href=\"https:\/\/www.instagram.com\/p\/B3QeBqbAX4P\/?utm_source=ig_embed&amp;utm_campaign=loading\" target=\"_blank\" rel=\"noopener noreferrer\">Uma publica\u00e7\u00e3o compartilhada por Dario Paulino da Silva (@dariosilva7)<\/a> em <time style=\"font-family: Arial,sans-serif; font-size: 14px; line-height: 17px;\" datetime=\"2019-10-06T00:53:09+00:00\">5 de Out, 2019 \u00e0s 5:53 PDT<\/time><\/p>\n<\/div>\n<\/blockquote>\n<p><script async=\"\" src=\"\/\/www.instagram.com\/embed.js\"><\/script><\/p>\n<p>O passeio at\u00e9 Parque Marinho de Recife de Fora parte do P\u00eder Municipal de Porto Seguro bem cedinho. A viagem de escuna demora de 45 minutos a uma hora, navegando pela orla dessa cidade baiana maravilhosa recortada por fal\u00e9sias e coqueirais.<\/p>\n<p>Fa\u00e7a sua reserva com anteced\u00eancia, at\u00e9 mesmo porque algumas ag\u00eancias v\u00e3o te buscar na porta do seu hotel, tudo para sua maior comodidade.<\/p>\n<blockquote>\n<p><a href=\"https:\/\/quantocustaviajar.com\/brasil\/porto-seguro\/onde-ficar\" target=\"_blank\" rel=\"noopener noreferrer\"><strong>Onde se hospedar em Porto Seguro? Confira aqui nossas dicas de hospedagem<\/strong><\/a><\/p>\n<\/blockquote>\n<p>Ao chegar at\u00e9 as forma\u00e7\u00f5es de corais do parque marinho, o visitante pode desfrutar da paisagem, tomar banho e fazer flutua\u00e7\u00e3o com snorkel por 1h30. A profundidade das \u00e1guas, na mar\u00e9 baixa, chega a quase dois metros. Acredite: ser\u00e1 poss\u00edvel ver peixes coloridos, tartarugas, estrelas e ouri\u00e7os do mar, corais e muito mais!<\/p>\n<p>Voc\u00ea pode contratar uma <a href=\"https:\/\/www.partner.viator.com\/pt\/15570\/tours\/Porto-Seguro\/Marine-Park-Recife-de-Fora-tour-from-Porto-Seguro\/d29262-68768P526\" target=\"_blank\" rel=\"noopener noreferrer\"><strong>excurs\u00e3o ao Parque Marinho de Recife de Fora saindo de Porto Seguro<\/strong><\/a> com ag\u00eancias credenciadas \u2014 mas confira a t\u00e1bua de mar\u00e9s para aproveitar o passeio em toda sua ess\u00eancia.<\/p>\n<p>O <strong>pre\u00e7o da excurs\u00e3o varia de R$ 95 a R$ 165 por pessoa<\/strong>, dependendo da \u00e9poca do ano. Al\u00e9m disso, todo visitante deve pagar uma taxa de R$ 15 cobrada pela Prefeitura de Porto Seguro para preserva\u00e7\u00e3o do Parque Marinho de Recife de Fora.<\/p>\n<p>\u00c9 totalmente liberado fazer muitas fotos nesse para\u00edso. Contudo, vale a pena comprar uma capinha \u00e0 prova d&#8217;\u00e1gua para seu celular ou c\u00e2mera \u2014 para garantir fotos embaixo da \u00e1gua ou para evitar algum incidente. Algumas ag\u00eancias oferecem servi\u00e7os de fotografia profissional subaqu\u00e1tica, mas o pre\u00e7o geralmente \u00e9 alto e uma capinha acaba saindo mais barato.<\/p>\n<h2><span class=\"ez-toc-section\" id=\"Dicas_importantes_sobre_Parque_Marinho_de_Recife_de_Fora\"><\/span>Dicas importantes sobre Parque Marinho de Recife de Fora<span class=\"ez-toc-section-end\"><\/span><\/h2>\n<blockquote class=\"instagram-media\" style=\"background: #FFF; border: 0; border-radius: 3px; box-shadow: 0 0 1px 0 rgba(0,0,0,0.5),0 1px 10px 0 rgba(0,0,0,0.15); margin: 1px; max-width: 540px; min-width: 326px; padding: 0; width: calc(100% - 2px);\" data-instgrm-permalink=\"https:\/\/www.instagram.com\/p\/B1lfo8RnWy5\/?utm_source=ig_embed&amp;utm_campaign=loading\" data-instgrm-version=\"12\">\n<div style=\"padding: 16px;\">\n<div style=\"display: flex; flex-direction: row; align-items: center;\">\n<div style=\"background-color: #f4f4f4; border-radius: 50%; flex-grow: 0; height: 40px; margin-right: 14px; width: 40px;\">\u00a0<\/div>\n<div style=\"display: flex; flex-direction: column; flex-grow: 1; justify-content: center;\">\n<div style=\"background-color: #f4f4f4; border-radius: 4px; flex-grow: 0; height: 14px; margin-bottom: 6px; width: 100px;\">\u00a0<\/div>\n<div style=\"background-color: #f4f4f4; border-radius: 4px; flex-grow: 0; height: 14px; width: 60px;\">\u00a0<\/div>\n<\/div>\n<\/div>\n<div style=\"padding: 19% 0;\">\u00a0<\/div>\n<div style=\"display: block; height: 50px; margin: 0 auto 12px; width: 50px;\">\u00a0<\/div>\n<div style=\"padding-top: 8px;\">\n<div style=\"color: #3897f0; font-family: Arial,sans-serif; font-size: 14px; font-style: normal; font-weight: 550; line-height: 18px;\">Ver essa foto no Instagram<\/div>\n<\/div>\n<div style=\"padding: 12.5% 0;\">\u00a0<\/div>\n<div style=\"display: flex; flex-direction: row; margin-bottom: 14px; align-items: center;\">\n<div>\n<div style=\"background-color: #f4f4f4; border-radius: 50%; height: 12.5px; width: 12.5px; transform: translateX(0px) translateY(7px);\">\u00a0<\/div>\n<div style=\"background-color: #f4f4f4; height: 12.5px; transform: rotate(-45deg) translateX(3px) translateY(1px); width: 12.5px; flex-grow: 0; margin-right: 14px; margin-left: 2px;\">\u00a0<\/div>\n<div style=\"background-color: #f4f4f4; border-radius: 50%; height: 12.5px; width: 12.5px; transform: translateX(9px) translateY(-18px);\">\u00a0<\/div>\n<\/div>\n<div style=\"margin-left: 8px;\">\n<div style=\"background-color: #f4f4f4; border-radius: 50%; flex-grow: 0; height: 20px; width: 20px;\">\u00a0<\/div>\n<div style=\"width: 0; height: 0; border-top: 2px solid transparent; border-left: 6px solid #f4f4f4; border-bottom: 2px solid transparent; transform: translateX(16px) translateY(-4px) rotate(30deg);\">\u00a0<\/div>\n<\/div>\n<div style=\"margin-left: auto;\">\n<div style=\"width: 0px; border-top: 8px solid #F4F4F4; border-right: 8px solid transparent; transform: translateY(16px);\">\u00a0<\/div>\n<div style=\"background-color: #f4f4f4; flex-grow: 0; height: 12px; width: 16px; transform: translateY(-4px);\">\u00a0<\/div>\n<div style=\"width: 0; height: 0; border-top: 8px solid #F4F4F4; border-left: 8px solid transparent; transform: translateY(-4px) translateX(8px);\">\u00a0<\/div>\n<\/div>\n<\/div>\n<div style=\"display: flex; flex-direction: column; flex-grow: 1; justify-content: center; margin-bottom: 24px;\">\n<div style=\"background-color: #f4f4f4; border-radius: 4px; flex-grow: 0; height: 14px; margin-bottom: 6px; width: 224px;\">\u00a0<\/div>\n<div style=\"background-color: #f4f4f4; border-radius: 4px; flex-grow: 0; height: 14px; width: 144px;\">\u00a0<\/div>\n<\/div>\n<p style=\"color: #c9c8cd; font-family: Arial,sans-serif; font-size: 14px; line-height: 17px; margin-bottom: 0; margin-top: 8px; overflow: hidden; padding: 8px 0 7px; text-align: center; text-overflow: ellipsis; white-space: nowrap;\"><a style=\"color: #c9c8cd; font-family: Arial,sans-serif; font-size: 14px; font-style: normal; font-weight: normal; line-height: 17px; text-decoration: none;\" href=\"https:\/\/www.instagram.com\/p\/B1lfo8RnWy5\/?utm_source=ig_embed&amp;utm_campaign=loading\" target=\"_blank\" rel=\"noopener noreferrer\">Uma publica\u00e7\u00e3o compartilhada por Conhe\u00e7a Porto Seguro #Bahia (@portosegurofotografia)<\/a> em <time style=\"font-family: Arial,sans-serif; font-size: 14px; line-height: 17px;\" datetime=\"2019-08-25T11:48:30+00:00\">25 de Ago, 2019 \u00e0s 4:48 PDT<\/time><\/p>\n<\/div>\n<\/blockquote>\n<p><script async=\"\" src=\"\/\/www.instagram.com\/embed.js\"><\/script><\/p>\n<ul>\n<li>A visita ao Recife de Fora \u00e9 limitada a 400 pessoas por dia;<\/li>\n<li>O tempo total do passeio gira em torno de 4 horas;<\/li>\n<li>O passeio s\u00f3 deve ser realizado nas semanas de lua cheia e lua nova e com a mar\u00e9 baixa;<\/li>\n<li>O passeio TEM QUE ser feito de manh\u00e3, \u00e0 tarde a mar\u00e9 estar\u00e1 alta;<\/li>\n<li>\u00c9 indispens\u00e1vel usar um t\u00eanis, crocs ou outro cal\u00e7ado que proteja seus p\u00e9s;<\/li>\n<li>Caso n\u00e3o tenha levado, muitas ag\u00eancias alugam cal\u00e7ados para essa finalidade;<\/li>\n<li>Se tiver m\u00e1scara de snorkel, leve: vale muito a pena!<\/li>\n<li>Se n\u00e3o tiver tudo bem, as embarca\u00e7\u00f5es alugam o equipamento. Confira no momento da contrata\u00e7\u00e3o se as m\u00e1scaras j\u00e1 est\u00e3o inclusas no pre\u00e7o;<\/li>\n<li>Ap\u00f3s chegar \u00e0s piscinas naturais, \u00e9 obrigat\u00f3rio seguir todas as instru\u00e7\u00f5es do guarda-parque;<\/li>\n<li>As embarca\u00e7\u00f5es s\u00e3o rigorosamente vistoriadas pela Capitania dos Portos e tem limites m\u00ednimos e m\u00e1ximos para o transporte de passageiros;<\/li>\n<li>O passeio n\u00e3o indicado para gestantes.<\/li>\n<\/ul>\n<blockquote>\n<p><a href=\"https:\/\/quantocustaviajar.com\/brasil\/porto-seguro\/o-que-fazer\" target=\"_blank\" rel=\"noopener noreferrer\" data-wplink-edit=\"true\"><strong>Veja mais passeios para fazer em Porto Seguro e garanta as f\u00e9rias dos sonhos<\/strong><\/a><\/p>\n<\/blockquote>\n<p>Voc\u00ea j\u00e1 teve a oportunidade de conhecer Recife de Fora na Bahia? Se sim, conta aqui nos coment\u00e1rios como foi essa experi\u00eancia!<\/p>\n<p>Veja mais fotos desse destino lindo no Brasil:<\/p>\n<blockquote class=\"instagram-media\" style=\"background: #FFF; border: 0; border-radius: 3px; box-shadow: 0 0 1px 0 rgba(0,0,0,0.5),0 1px 10px 0 rgba(0,0,0,0.15); margin: 1px; max-width: 540px; min-width: 326px; padding: 0; width: calc(100% - 2px);\" data-instgrm-permalink=\"https:\/\/www.instagram.com\/p\/B3nfsahDIj5\/?utm_source=ig_embed&amp;utm_campaign=loading\" data-instgrm-version=\"12\">\n<div style=\"padding: 16px;\">\n<div style=\"display: flex; flex-direction: row; align-items: center;\">\n<div style=\"background-color: #f4f4f4; border-radius: 50%; flex-grow: 0; height: 40px; margin-right: 14px; width: 40px;\">\u00a0<\/div>\n<div style=\"display: flex; flex-direction: column; flex-grow: 1; justify-content: center;\">\n<div style=\"background-color: #f4f4f4; border-radius: 4px; flex-grow: 0; height: 14px; margin-bottom: 6px; width: 100px;\">\u00a0<\/div>\n<div style=\"background-color: #f4f4f4; border-radius: 4px; flex-grow: 0; height: 14px; width: 60px;\">\u00a0<\/div>\n<\/div>\n<\/div>\n<div style=\"padding: 19% 0;\">\u00a0<\/div>\n<div style=\"display: block; height: 50px; margin: 0 auto 12px; width: 50px;\">\u00a0<\/div>\n<div style=\"padding-top: 8px;\">\n<div style=\"color: #3897f0; font-family: Arial,sans-serif; font-size: 14px; font-style: normal; font-weight: 550; line-height: 18px;\">Ver essa foto no Instagram<\/div>\n<\/div>\n<div style=\"padding: 12.5% 0;\">\u00a0<\/div>\n<div style=\"display: flex; flex-direction: row; margin-bottom: 14px; align-items: center;\">\n<div>\n<div style=\"background-color: #f4f4f4; border-radius: 50%; height: 12.5px; width: 12.5px; transform: translateX(0px) translateY(7px);\">\u00a0<\/div>\n<div style=\"background-color: #f4f4f4; height: 12.5px; transform: rotate(-45deg) translateX(3px) translateY(1px); width: 12.5px; flex-grow: 0; margin-right: 14px; margin-left: 2px;\">\u00a0<\/div>\n<div style=\"background-color: #f4f4f4; border-radius: 50%; height: 12.5px; width: 12.5px; transform: translateX(9px) translateY(-18px);\">\u00a0<\/div>\n<\/div>\n<div style=\"margin-left: 8px;\">\n<div style=\"background-color: #f4f4f4; border-radius: 50%; flex-grow: 0; height: 20px; width: 20px;\">\u00a0<\/div>\n<div style=\"width: 0; height: 0; border-top: 2px solid transparent; border-left: 6px solid #f4f4f4; border-bottom: 2px solid transparent; transform: translateX(16px) translateY(-4px) rotate(30deg);\">\u00a0<\/div>\n<\/div>\n<div style=\"margin-left: auto;\">\n<div style=\"width: 0px; border-top: 8px solid #F4F4F4; border-right: 8px solid transparent; transform: translateY(16px);\">\u00a0<\/div>\n<div style=\"background-color: #f4f4f4; flex-grow: 0; height: 12px; width: 16px; transform: translateY(-4px);\">\u00a0<\/div>\n<div style=\"width: 0; height: 0; border-top: 8px solid #F4F4F4; border-left: 8px solid transparent; transform: translateY(-4px) translateX(8px);\">\u00a0<\/div>\n<\/div>\n<\/div>\n<div style=\"display: flex; flex-direction: column; flex-grow: 1; justify-content: center; margin-bottom: 24px;\">\n<div style=\"background-color: #f4f4f4; border-radius: 4px; flex-grow: 0; height: 14px; margin-bottom: 6px; width: 224px;\">\u00a0<\/div>\n<div style=\"background-color: #f4f4f4; border-radius: 4px; flex-grow: 0; height: 14px; width: 144px;\">\u00a0<\/div>\n<\/div>\n<p style=\"color: #c9c8cd; font-family: Arial,sans-serif; font-size: 14px; line-height: 17px; margin-bottom: 0; margin-top: 8px; overflow: hidden; padding: 8px 0 7px; text-align: center; text-overflow: ellipsis; white-space: nowrap;\"><a style=\"color: #c9c8cd; font-family: Arial,sans-serif; font-size: 14px; font-style: normal; font-weight: normal; line-height: 17px; text-decoration: none;\" href=\"https:\/\/www.instagram.com\/p\/B3nfsahDIj5\/?utm_source=ig_embed&amp;utm_campaign=loading\" target=\"_blank\" rel=\"noopener noreferrer\">Uma publica\u00e7\u00e3o compartilhada por CVC MT &#8211; Avenida do CPA (@cvc.mt.avenidadocpa)<\/a> em <time style=\"font-family: Arial,sans-serif; font-size: 14px; line-height: 17px;\" datetime=\"2019-10-14T23:30:15+00:00\">14 de Out, 2019 \u00e0s 4:30 PDT<\/time><\/p>\n<\/div>\n<\/blockquote>\n<p><script async=\"\" src=\"\/\/www.instagram.com\/embed.js\"><\/script><\/p>\n<blockquote>\n<p><a href=\"https:\/\/quantocustaviajar.com\/blog\/12-lugares-para-viajar-no-nordeste\/\" target=\"_blank\" rel=\"noopener noreferrer\"><strong>30 lugares para viajar no Nordeste nas pr\u00f3ximas f\u00e9rias<\/strong><\/a><\/p>\n<\/blockquote>\n<blockquote>\n<p><a href=\"https:\/\/quantocustaviajar.com\/blog\/parque-nacional-marinho-dos-abrolhos\/\" target=\"_blank\" rel=\"noopener noreferrer\"><strong>Com \u00e1guas quentes o ano inteiro, mergulhar no Parque Nacional dos Abrolhos \u00e9 uma experi\u00eancia surreal<\/strong><\/a><\/p>\n<\/blockquote>\n<blockquote class=\"instagram-media\" style=\"background: #FFF; border: 0; border-radius: 3px; box-shadow: 0 0 1px 0 rgba(0,0,0,0.5),0 1px 10px 0 rgba(0,0,0,0.15); margin: 1px; max-width: 540px; min-width: 326px; padding: 0; width: calc(100% - 2px);\" data-instgrm-permalink=\"https:\/\/www.instagram.com\/p\/B3CcdxPgQ70\/?utm_source=ig_embed&amp;utm_campaign=loading\" data-instgrm-version=\"12\">\n<div style=\"padding: 16px;\">\n<div style=\"display: flex; flex-direction: row; align-items: center;\">\n<div style=\"background-color: #f4f4f4; border-radius: 50%; flex-grow: 0; height: 40px; margin-right: 14px; width: 40px;\">\u00a0<\/div>\n<div style=\"display: flex; flex-direction: column; flex-grow: 1; justify-content: center;\">\n<div style=\"background-color: #f4f4f4; border-radius: 4px; flex-grow: 0; height: 14px; margin-bottom: 6px; width: 100px;\">\u00a0<\/div>\n<div style=\"background-color: #f4f4f4; border-radius: 4px; flex-grow: 0; height: 14px; width: 60px;\">\u00a0<\/div>\n<\/div>\n<\/div>\n<div style=\"padding: 19% 0;\">\u00a0<\/div>\n<div style=\"display: block; height: 50px; margin: 0 auto 12px; width: 50px;\">\u00a0<\/div>\n<div style=\"padding-top: 8px;\">\n<div style=\"color: #3897f0; font-family: Arial,sans-serif; font-size: 14px; font-style: normal; font-weight: 550; line-height: 18px;\">Ver essa foto no Instagram<\/div>\n<\/div>\n<div style=\"padding: 12.5% 0;\">\u00a0<\/div>\n<div style=\"display: flex; flex-direction: row; margin-bottom: 14px; align-items: center;\">\n<div>\n<div style=\"background-color: #f4f4f4; border-radius: 50%; height: 12.5px; width: 12.5px; transform: translateX(0px) translateY(7px);\">\u00a0<\/div>\n<div style=\"background-color: #f4f4f4; height: 12.5px; transform: rotate(-45deg) translateX(3px) translateY(1px); width: 12.5px; flex-grow: 0; margin-right: 14px; margin-left: 2px;\">\u00a0<\/div>\n<div style=\"background-color: #f4f4f4; border-radius: 50%; height: 12.5px; width: 12.5px; transform: translateX(9px) translateY(-18px);\">\u00a0<\/div>\n<\/div>\n<div style=\"margin-left: 8px;\">\n<div style=\"background-color: #f4f4f4; border-radius: 50%; flex-grow: 0; height: 20px; width: 20px;\">\u00a0<\/div>\n<div style=\"width: 0; height: 0; border-top: 2px solid transparent; border-left: 6px solid #f4f4f4; border-bottom: 2px solid transparent; transform: translateX(16px) translateY(-4px) rotate(30deg);\">\u00a0<\/div>\n<\/div>\n<div style=\"margin-left: auto;\">\n<div style=\"width: 0px; border-top: 8px solid #F4F4F4; border-right: 8px solid transparent; transform: translateY(16px);\">\u00a0<\/div>\n<div style=\"background-color: #f4f4f4; flex-grow: 0; height: 12px; width: 16px; transform: translateY(-4px);\">\u00a0<\/div>\n<div style=\"width: 0; height: 0; border-top: 8px solid #F4F4F4; border-left: 8px solid transparent; transform: translateY(-4px) translateX(8px);\">\u00a0<\/div>\n<\/div>\n<\/div>\n<div style=\"display: flex; flex-direction: column; flex-grow: 1; justify-content: center; margin-bottom: 24px;\">\n<div style=\"background-color: #f4f4f4; border-radius: 4px; flex-grow: 0; height: 14px; margin-bottom: 6px; width: 224px;\">\u00a0<\/div>\n<div style=\"background-color: #f4f4f4; border-radius: 4px; flex-grow: 0; height: 14px; width: 144px;\">\u00a0<\/div>\n<\/div>\n<p style=\"color: #c9c8cd; font-family: Arial,sans-serif; font-size: 14px; line-height: 17px; margin-bottom: 0; margin-top: 8px; overflow: hidden; padding: 8px 0 7px; text-align: center; text-overflow: ellipsis; white-space: nowrap;\"><a style=\"color: #c9c8cd; font-family: Arial,sans-serif; font-size: 14px; font-style: normal; font-weight: normal; line-height: 17px; text-decoration: none;\" href=\"https:\/\/www.instagram.com\/p\/B3CcdxPgQ70\/?utm_source=ig_embed&amp;utm_campaign=loading\" target=\"_blank\" rel=\"noopener noreferrer\">Uma publica\u00e7\u00e3o compartilhada por Alessandro Bourscheid Del Pino (@alessandrobourscheid)<\/a> em <time style=\"font-family: Arial,sans-serif; font-size: 14px; line-height: 17px;\" datetime=\"2019-09-30T14:10:08+00:00\">30 de Set, 2019 \u00e0s 7:10 PDT<\/time><\/p>\n<\/div>\n<\/blockquote>\n\n\n<h2 class=\"wp-block-heading\"><span class=\"ez-toc-section\" id=\"Onde_se_hospedar_proximo_ao_Parque_Marinho_de_Recife_de_Fora\"><\/span>Onde se hospedar pr\u00f3ximo ao Parque Marinho de Recife de Fora<span class=\"ez-toc-section-end\"><\/span><\/h2>\n\n\n\n<p>O <strong>Parque Marinho de Recife de Fora<\/strong> fica em uma das melhores cidades tur\u00edsticas da Bahia, Porto Seguro, e um dos pontos altos do munic\u00edpio \u00e9 a sua vasta hotelaria, com op\u00e7\u00f5es de pousadas at\u00e9 resorts para agradar todos os gostos (e bolsos!).<\/p>\n\n\n\n<p>A escolha do hotel \u00e9 um passo fundamental para tirar o melhor proveito dos seus dias na cidade, sem perder tempo com deslocamento, e isso vale tamb\u00e9m para quem quer fazer passeios na regi\u00e3o, visitando lugares como o <strong>Parque Marinho de Recife de Fora<\/strong>.<\/p>\n\n\n\n<p>Como este passeio parte do P\u00eder Municipal de Porto Seguro, o viajante pode procurar hospedagens ali pr\u00f3ximo (que fica tamb\u00e9m pertinho da Passarela do Descobrimento, mais conhecida como Passarela do \u00c1lcool), mas vale dizer que ficando nesta regi\u00e3o, na Praia de Taperapuan ou na Praia da Coroa Vermelha, o visitante n\u00e3o vai ter problemas de localiza\u00e7\u00e3o, pois \u00e9 uma linha reta que une todos estes endere\u00e7os.<\/p>\n\n\n\n<p>Os hot\u00e9is mais bem avaliados neste momento est\u00e3o concentrados na Praia de Taperapuan ou na Praia da Coroa Vermelha.<\/p>\n\n\n\n<p>S\u00f3 vai demorar mais para chegar ao passeio quem decidir ficar em Trancoso, Arraial d&#8217;Ajuda, Praia de Parracho e outros bairros e munic\u00edpios pr\u00f3ximos, que podem exigir at\u00e9 uma balsa para chegar em Porto Seguro mesmo.<\/p>\n\n\n\n<p>Bom, agora que voc\u00ea j\u00e1 pegou essas dicas sobre onde ficar, confira algumas op\u00e7\u00f5es de hospedagens para curtir antes e depois de conhecer o <strong>Parque Marinho de Recife de Fora<\/strong>.<\/p>\n\n\n\n<p><strong><a href=\"https:\/\/www.booking.com\/hotel\/br\/casa-blanca-park-ltda.pt-br.html?sid=2ac7444ee17fbbd5b5da3429e198c220&amp;aid=2161834&amp;ucfs=1&amp;arphpl=1&amp;checkin=2023-03-12&amp;checkout=2023-03-18&amp;dest_id=1689469&amp;dest_type=hotel&amp;group_adults=2&amp;req_adults=2&amp;no_rooms=1&amp;group_children=0&amp;req_children=0&amp;hpos=1&amp;hapos=1&amp;sr_order=popularity&amp;srpvid=6b0683e88e2a0253&amp;srepoch=1673376339&amp;all_sr_blocks=168946902_328285665_3_1_0&amp;highlighted_blocks=168946902_328285665_3_1_0&amp;matching_block_id=168946902_328285665_3_1_0&amp;sr_pri_blocks=168946902_328285665_3_1_0__218800&amp;from_beach_sr=1&amp;from=searchresults#hotelTmpl\" target=\"_blank\" rel=\"noreferrer noopener\">Casa Blanca Park Hotel<\/a><\/strong>: pr\u00f3ximo ao p\u00eder que leva ao passeio, este hotel fica na regi\u00e3o central, possui piscina ao ar livre, restaurante, wifi, caf\u00e9 da manh\u00e3 inclu\u00eddo e outras amenidades. A praia pr\u00f3xima ao hotel \u00e9 bem avaliada pelos turistas mais recentes.<\/p>\n\n\n\n<figure class=\"wp-block-image aligncenter size-full\"><img loading=\"lazy\" decoding=\"async\" width=\"1024\" height=\"680\" src=\"https:\/\/quantocustaviajar.com\/blog\/wp-content\/uploads\/2023\/01\/casa-blanca.jpg\" alt=\"\" class=\"wp-image-56474\" srcset=\"https:\/\/quantocustaviajar.com\/blog\/wp-content\/uploads\/2023\/01\/casa-blanca.jpg 1024w, https:\/\/quantocustaviajar.com\/blog\/wp-content\/uploads\/2023\/01\/casa-blanca-300x199.jpg 300w, https:\/\/quantocustaviajar.com\/blog\/wp-content\/uploads\/2023\/01\/casa-blanca-768x510.jpg 768w\" sizes=\"auto, (max-width: 1024px) 100vw, 1024px\" \/><figcaption>Foto: <a href=\"https:\/\/www.booking.com\/hotel\/br\/casa-blanca-park-ltda.pt-br.html?sid=2ac7444ee17fbbd5b5da3429e198c220&amp;aid=2161834&amp;ucfs=1&amp;arphpl=1&amp;checkin=2023-03-12&amp;checkout=2023-03-18&amp;dest_id=1689469&amp;dest_type=hotel&amp;group_adults=2&amp;req_adults=2&amp;no_rooms=1&amp;group_children=0&amp;req_children=0&amp;hpos=1&amp;hapos=1&amp;sr_order=popularity&amp;srpvid=6b0683e88e2a0253&amp;srepoch=1673376339&amp;all_sr_blocks=168946902_328285665_3_1_0&amp;highlighted_blocks=168946902_328285665_3_1_0&amp;matching_block_id=168946902_328285665_3_1_0&amp;sr_pri_blocks=168946902_328285665_3_1_0__218800&amp;from_beach_sr=1&amp;from=searchresults#hotelTmpl\" target=\"_blank\" rel=\"noreferrer noopener\">Booking<\/a><\/figcaption><\/figure>\n\n\n\n<p><strong><a href=\"https:\/\/www.booking.com\/hotel\/br\/bem-brasil.pt-br.html?aid=2161834&amp;sid=2ac7444ee17fbbd5b5da3429e198c220&amp;all_sr_blocks=35409601_362580357_0_1_0;checkin=2023-03-12;checkout=2023-03-18;dest_id=1689469;dest_type=hotel;dist=0;group_adults=2;group_children=0;hapos=9;highlighted_blocks=35409601_362580357_0_1_0;hpos=9;matching_block_id=35409601_362580357_0_1_0;no_rooms=1;req_adults=2;req_children=0;room1=A%2CA;sb_price_type=total;sr_order=popularity;sr_pri_blocks=35409601_362580357_0_1_0__156000;srepoch=1673376339;srpvid=6b0683e88e2a0253;type=total;ucfs=1&amp;#hotelTmpl\" target=\"_blank\" rel=\"noreferrer noopener\">Hotel Bem Brasil<\/a><\/strong>: tamb\u00e9m na regi\u00e3o central, este hotel tem pre\u00e7os bem acess\u00edveis e j\u00e1 conta com o caf\u00e9 da manh\u00e3 inclu\u00eddo no valor de suas di\u00e1rias. Os quartos s\u00e3o equipados com televis\u00e3o, ar condicionado, internet e banheiro privativo.<\/p>\n\n\n\n<figure class=\"wp-block-image aligncenter size-full\"><img loading=\"lazy\" decoding=\"async\" width=\"1024\" height=\"683\" src=\"https:\/\/quantocustaviajar.com\/blog\/wp-content\/uploads\/2023\/01\/bem-brasil.jpg\" alt=\"\" class=\"wp-image-56476\" srcset=\"https:\/\/quantocustaviajar.com\/blog\/wp-content\/uploads\/2023\/01\/bem-brasil.jpg 1024w, https:\/\/quantocustaviajar.com\/blog\/wp-content\/uploads\/2023\/01\/bem-brasil-300x200.jpg 300w, https:\/\/quantocustaviajar.com\/blog\/wp-content\/uploads\/2023\/01\/bem-brasil-768x512.jpg 768w\" sizes=\"auto, (max-width: 1024px) 100vw, 1024px\" \/><figcaption>Foto: <a href=\"https:\/\/www.booking.com\/hotel\/br\/bem-brasil.pt-br.html?aid=2161834&amp;sid=2ac7444ee17fbbd5b5da3429e198c220&amp;all_sr_blocks=35409601_362580357_0_1_0;checkin=2023-03-12;checkout=2023-03-18;dest_id=1689469;dest_type=hotel;dist=0;group_adults=2;group_children=0;hapos=9;highlighted_blocks=35409601_362580357_0_1_0;hpos=9;matching_block_id=35409601_362580357_0_1_0;no_rooms=1;req_adults=2;req_children=0;room1=A%2CA;sb_price_type=total;sr_order=popularity;sr_pri_blocks=35409601_362580357_0_1_0__156000;srepoch=1673376339;srpvid=6b0683e88e2a0253;type=total;ucfs=1&amp;#hotelTmpl\">booking<\/a><\/figcaption><\/figure>\n\n\n\n<p><strong><a href=\"https:\/\/www.booking.com\/hotel\/br\/la-torre-resort.pt-br.html?aid=2161834&amp;sid=2ac7444ee17fbbd5b5da3429e198c220&amp;all_sr_blocks=27291326_338882711_2_85_0;checkin=2023-03-12;checkout=2023-03-18;dest_id=1689469;dest_type=hotel;dist=0;group_adults=2;group_children=0;hapos=8;highlighted_blocks=27291326_338882711_2_85_0;hpos=8;matching_block_id=27291326_338882711_2_85_0;no_rooms=1;req_adults=2;req_children=0;room1=A%2CA;sb_price_type=total;sr_order=popularity;sr_pri_blocks=27291326_338882711_2_85_0__886644;srepoch=1673376339;srpvid=6b0683e88e2a0253;type=total;ucfs=1&amp;#hotelTmpl\" target=\"_blank\" rel=\"noreferrer noopener\">La Torre Resort All Inclusive<\/a><\/strong>: agora vamos falar da elite! Este resort com sistema all inclusive \u00e9 um dos mais famosos do pa\u00eds e sempre aparece no ranking dos melhores. Muito bem avaliado por seus h\u00f3spedes recentes que gostam das instala\u00e7\u00f5es, acomoda\u00e7\u00f5es e atividades, um dos seus pontos  mais altos \u00e9 sua localiza\u00e7\u00e3o beira-mar.<\/p>\n\n\n\n<figure class=\"wp-block-image aligncenter size-full\"><img loading=\"lazy\" decoding=\"async\" width=\"1024\" height=\"683\" src=\"https:\/\/quantocustaviajar.com\/blog\/wp-content\/uploads\/2023\/01\/la-torre.jpg\" alt=\"\" class=\"wp-image-56477\" srcset=\"https:\/\/quantocustaviajar.com\/blog\/wp-content\/uploads\/2023\/01\/la-torre.jpg 1024w, https:\/\/quantocustaviajar.com\/blog\/wp-content\/uploads\/2023\/01\/la-torre-300x200.jpg 300w, https:\/\/quantocustaviajar.com\/blog\/wp-content\/uploads\/2023\/01\/la-torre-768x512.jpg 768w\" sizes=\"auto, (max-width: 1024px) 100vw, 1024px\" \/><figcaption>Foto: <a href=\"https:\/\/www.booking.com\/hotel\/br\/la-torre-resort.pt-br.html?aid=2161834&amp;sid=2ac7444ee17fbbd5b5da3429e198c220&amp;all_sr_blocks=27291326_338882711_2_85_0;checkin=2023-03-12;checkout=2023-03-18;dest_id=1689469;dest_type=hotel;dist=0;group_adults=2;group_children=0;hapos=8;highlighted_blocks=27291326_338882711_2_85_0;hpos=8;matching_block_id=27291326_338882711_2_85_0;no_rooms=1;req_adults=2;req_children=0;room1=A%2CA;sb_price_type=total;sr_order=popularity;sr_pri_blocks=27291326_338882711_2_85_0__886644;srepoch=1673376339;srpvid=6b0683e88e2a0253;type=total;ucfs=1&amp;#hotelTmpl\">Booking<\/a><\/figcaption><\/figure>\n\n\n\n<p><strong><a href=\"https:\/\/www.booking.com\/hotel\/br\/best-western-shalimar-praia.pt-br.html?aid=2161834&amp;sid=2ac7444ee17fbbd5b5da3429e198c220&amp;all_sr_blocks=27298808_355945219_2_1_0;checkin=2023-03-12;checkout=2023-03-18;dest_id=1689469;dest_type=hotel;dist=0;group_adults=2;group_children=0;hapos=3;highlighted_blocks=27298808_355945219_2_1_0;hpos=3;matching_block_id=27298808_355945219_2_1_0;no_rooms=1;req_adults=2;req_children=0;room1=A%2CA;sb_price_type=total;sr_order=popularity;sr_pri_blocks=27298808_355945219_2_1_0__235668;srepoch=1673376339;srpvid=6b0683e88e2a0253;type=total;ucfs=1&amp;#hotelTmpl\" target=\"_blank\" rel=\"noreferrer noopener\">Best Western Shalimar Praia Hotel<\/a><\/strong>: este hotel da rede Best Western \u00e9 um dos mais bem avaliados da cidade. Com uma excelente estrutura de piscinas e amenidades dentro do hotel, o viajante vai se ocupar bastante (se quiser) por l\u00e1. Com acomoda\u00e7\u00f5es confort\u00e1veis e farto caf\u00e9 da manh\u00e3, o viajante pode recompor as energias antes de curtir o melhor do seu passeio ao <strong>Parque Marinho de Recife de Fora<\/strong>.<\/p>\n\n\n\n<figure class=\"wp-block-image aligncenter size-full\"><img loading=\"lazy\" decoding=\"async\" width=\"1024\" height=\"683\" src=\"https:\/\/quantocustaviajar.com\/blog\/wp-content\/uploads\/2023\/01\/best-western.jpg\" alt=\"\" class=\"wp-image-56478\" srcset=\"https:\/\/quantocustaviajar.com\/blog\/wp-content\/uploads\/2023\/01\/best-western.jpg 1024w, https:\/\/quantocustaviajar.com\/blog\/wp-content\/uploads\/2023\/01\/best-western-300x200.jpg 300w, https:\/\/quantocustaviajar.com\/blog\/wp-content\/uploads\/2023\/01\/best-western-768x512.jpg 768w\" sizes=\"auto, (max-width: 1024px) 100vw, 1024px\" \/><figcaption>Foto: <a href=\"https:\/\/www.booking.com\/hotel\/br\/best-western-shalimar-praia.pt-br.html?aid=2161834&amp;sid=2ac7444ee17fbbd5b5da3429e198c220&amp;all_sr_blocks=27298808_355945219_2_1_0;checkin=2023-03-12;checkout=2023-03-18;dest_id=1689469;dest_type=hotel;dist=0;group_adults=2;group_children=0;hapos=3;highlighted_blocks=27298808_355945219_2_1_0;hpos=3;matching_block_id=27298808_355945219_2_1_0;no_rooms=1;req_adults=2;req_children=0;room1=A%2CA;sb_price_type=total;sr_order=popularity;sr_pri_blocks=27298808_355945219_2_1_0__235668;srepoch=1673376339;srpvid=6b0683e88e2a0253;type=total;ucfs=1&amp;#hotelTmpl\" target=\"_blank\" rel=\"noreferrer noopener\">Booking<\/a><\/figcaption><\/figure>\n\n\n\n<p class=\"has-text-align-center\"><strong><a href=\"https:\/\/www.booking.com\/searchresults.pt-br.html?sid=2ac7444ee17fbbd5b5da3429e198c220&amp;aid=2161834&amp;ss=Casa+Blanca+Park+Hotel%2C+Porto+Seguro%2C+Bahia%2C+Brazil&amp;ssne=Porto+Seguro&amp;ssne_untouched=Porto+Seguro&amp;highlighted_hotels=335415&amp;lang=pt-br&amp;src=searchresults&amp;dest_id=1689469&amp;dest_type=hotel&amp;ac_position=0&amp;ac_click_type=b&amp;ac_langcode=en&amp;ac_suggestion_list_length=5&amp;search_selected=true&amp;search_pageview_id=83b983db35a1036a&amp;ac_meta=GhA4M2I5ODNkYjM1YTEwMzZhIAAoATICZW46C2Nhc2EgYmxhbmNhQABKAFAA&amp;checkin=2023-03-12&amp;checkout=2023-03-18&amp;group_adults=2&amp;no_rooms=1&amp;group_children=0&amp;sb_travel_purpose=leisure&amp;nflt=review_score%3D90\" target=\"_blank\" rel=\"noreferrer noopener\">Confira mais hot\u00e9is em Porto Seguro aqui!<\/a><\/strong><\/p>\n\n\n\n<h2 class=\"wp-block-heading\"><span class=\"ez-toc-section\" id=\"Onde_comer\"><\/span>Onde comer <span class=\"ez-toc-section-end\"><\/span><\/h2>\n\n\n\n<p>Por receber muitos viajantes durante todo o ano, Porto Seguro tem v\u00e1rios restaurantes por toda sua Orla  e pr\u00f3ximo ao P\u00eder de onde sai o passeio para <strong>Parque Marinho de Recife de Fora<\/strong>, sendo uma m\u00e3o na roda para aquela turma que j\u00e1 chega do passeio morrendo de fome.<\/p>\n\n\n\n<p><strong><a href=\"https:\/\/www.instagram.com\/casaraoadegaresto\/\" target=\"_blank\" rel=\"noreferrer noopener\">Casarao Adega Rest\u00f4<\/a><\/strong> \u00e9 um restaurante no melhor estilo bistr\u00f4 na regi\u00e3o central com comidas contempor\u00e2neas e refinadas. Por l\u00e1 \u00e9 poss\u00edvel comer frutos do mar, massas, risotos e tamb\u00e9m cortes variados de carne.<\/p>\n\n\n\n<p>Para comer uma boa moqueca com pre\u00e7os bacanas em um restaurante tradicional, o Tia Nenenzinha Restaurante fica pr\u00f3ximo ao Centro! <\/p>\n\n\n\n<p>O <strong><a href=\"https:\/\/www.casarabanete.com.br\/orabanete\" target=\"_blank\" rel=\"noreferrer noopener\">Restaurante Rabanete Porto Seguro<\/a><\/strong> fica pertinho da Balsa e tem um buffet completo self-service com gastronomia local e tamb\u00e9m comidas mais tradicionais no resto do pa\u00eds. Este restaurante tamb\u00e9m tem duas unidades espalhadas em Trancoso e Arraial D&#8217;Ajuda.<\/p>\n\n\n\n<p>E para quem quer curtir um pouco mais da vida noturna de Porto Seguro na regi\u00e3o central, conhe\u00e7a o <strong><a href=\"https:\/\/www.instagram.com\/galloportoseguro\/\" target=\"_blank\" rel=\"noreferrer noopener\">Gallo Deck<\/a><\/strong>, considerado tamb\u00e9m um dos melhores p\u00f4r do sol da cidade.<\/p>\n\n\n\n<figure class=\"wp-block-image aligncenter size-large\"><img loading=\"lazy\" decoding=\"async\" width=\"1024\" height=\"683\" src=\"https:\/\/quantocustaviajar.com\/blog\/wp-content\/uploads\/2023\/01\/Snapinsta.app_1080_323009620_469443415350742_6782220480249169942_n-1024x683.jpg\" alt=\"\" class=\"wp-image-56483\" srcset=\"https:\/\/quantocustaviajar.com\/blog\/wp-content\/uploads\/2023\/01\/Snapinsta.app_1080_323009620_469443415350742_6782220480249169942_n-1024x683.jpg 1024w, https:\/\/quantocustaviajar.com\/blog\/wp-content\/uploads\/2023\/01\/Snapinsta.app_1080_323009620_469443415350742_6782220480249169942_n-300x200.jpg 300w, https:\/\/quantocustaviajar.com\/blog\/wp-content\/uploads\/2023\/01\/Snapinsta.app_1080_323009620_469443415350742_6782220480249169942_n-768x512.jpg 768w, https:\/\/quantocustaviajar.com\/blog\/wp-content\/uploads\/2023\/01\/Snapinsta.app_1080_323009620_469443415350742_6782220480249169942_n.jpg 1080w\" sizes=\"auto, (max-width: 1024px) 100vw, 1024px\" \/><figcaption>Interior do Casar\u00e3o Adega Rest\u00f4 em Porto Seguro\/Foto: <a href=\"https:\/\/www.instagram.com\/p\/CmulqouuLpg\/\">Reprodu\u00e7\u00e3o\/Instagram<\/a><\/figcaption><\/figure>\n\n\n\n<h2 class=\"wp-block-heading\"><span class=\"ez-toc-section\" id=\"Quando_ir_ao_Parque_Marinho_de_Recife_de_Fora\"><\/span>Quando ir ao Parque Marinho de Recife de Fora<span class=\"ez-toc-section-end\"><\/span><\/h2>\n\n\n\n<p>J\u00e1 demos algumas recomenda\u00e7\u00f5es sobre quando ir ou n\u00e3o ao <strong>Parque Marinho de Recife de Fora<\/strong>, como por exemplo evitar ir no per\u00edodo da tarde\/noite, pois a mar\u00e9 aumenta e n\u00e3o haver\u00e1 visibilidade.<\/p>\n\n\n\n<p>Outra dica \u00e9 evitar dias chuvosos e nublados, pois tamb\u00e9m atrapalha conhecer a vida marinha da regi\u00e3o.<\/p>\n\n\n\n<p>Porto Seguro tem muitos dias bons durante o ano, ent\u00e3o o clima n\u00e3o deve ser uma dificuldade, por isso vale sim conferir o clima mas o que n\u00e3o pode passar batido ao viajante \u00e9 a t\u00e1bua das mar\u00e9s.<\/p>\n\n\n\n<p>Abril e novembro s\u00e3o os meses mais chuvosos, mas nem nesses per\u00edodos a chuva \u00e9 muita e chega a 160 mm por m\u00eas, sendo que em outros destinos como Maragogi a chuva chega a 300 mm nos per\u00edodos mais chuvosos. De resto, vale conferir suas f\u00e9rias, a mar\u00e9 e colocar o p\u00e9 na estrada.<\/p>\n\n\n\n<h2 class=\"wp-block-heading\"><span class=\"ez-toc-section\" id=\"O_que_fazer_na_regiao\"><\/span>O que fazer na regi\u00e3o <span class=\"ez-toc-section-end\"><\/span><\/h2>\n\n\n\n<p>Pr\u00f3ximo ao local de sa\u00edda do <strong>Parque Marinho de Recife de Fora<\/strong> temos a famos\u00edssima Passarela do \u00c1lcool, onde tem bares, restaurantes, com\u00e9rcio, artesanato, farm\u00e1cia e outras coisas bem bacanas. Geralmente tem m\u00fasica tocando na rua, muitas pessoas celebrando numa vibe bem animada! Vale separar uma tarde\/noite para desbravar este ponto tur\u00edstico.<\/p>\n\n\n\n<p>Falando em passeios, o viajante pode fazer o tour que leva \u00e0 Praia do Espelho, que dura o dia todo, considerada a 3\u00aa praia mais bonita do Brasil pelo Guia 4 Rodas. O nome da praia \u00e9 devido \u00e0s \u00e1guas transparentes que refletem sua paisagem marinha como um espelho, \u00e9 surreal!<\/p>\n\n\n\n<figure class=\"wp-block-image aligncenter size-full\"><img loading=\"lazy\" decoding=\"async\" width=\"1024\" height=\"640\" src=\"https:\/\/quantocustaviajar.com\/blog\/wp-content\/uploads\/2023\/01\/Praia_do_Espelho.jpg\" alt=\"\" class=\"wp-image-56489\" srcset=\"https:\/\/quantocustaviajar.com\/blog\/wp-content\/uploads\/2023\/01\/Praia_do_Espelho.jpg 1024w, https:\/\/quantocustaviajar.com\/blog\/wp-content\/uploads\/2023\/01\/Praia_do_Espelho-300x188.jpg 300w, https:\/\/quantocustaviajar.com\/blog\/wp-content\/uploads\/2023\/01\/Praia_do_Espelho-768x480.jpg 768w\" sizes=\"auto, (max-width: 1024px) 100vw, 1024px\" \/><figcaption>Foto: <a href=\"https:\/\/upload.wikimedia.org\/wikipedia\/commons\/thumb\/2\/20\/Praia_do_Espelho.jpg\/1024px-Praia_do_Espelho.jpg\" target=\"_blank\" rel=\"noreferrer noopener\">Wikimedia Commons<\/a><\/figcaption><\/figure>\n\n\n\n<p>Saindo do mesmo P\u00eder que o <strong>Parque Marinho de Recife de Fora<\/strong>, o turista que gostar de parque aqu\u00e1tico ou que quiser entreter os pequenos, o Arraial d\u2019Ajuda Eco Parque \u00e9 uma excelente op\u00e7\u00e3o de passeio para quem quer passar o dia fora em tobo\u00e1guas e v\u00e1rias aventuras aqu\u00e1ticas.<\/p>\n\n\n\n<p>E a\u00ed, decidiu conhecer Porto Seguro e colocar o <strong>Parque Marinho de Recife de Fora<\/strong> no seu roteiro? <strong><a href=\"https:\/\/www.turismocity.com.br\/?&amp;utm_source=qcv&amp;utm_medium=blog\" target=\"_blank\" rel=\"noreferrer noopener\">Compre sua passagem saindo de v\u00e1rios pontos do Brasil at\u00e9 Porto Seguro<\/a><\/strong> e fa\u00e7a suas malas!<\/p>\n","protected":false},"excerpt":{"rendered":"<p>O Parque Marinho de Recife de Fora \u00e9 considerado uma das maiores belezas naturais em nosso pa\u00eds e abriga um recife de coral com 17 mil metros quadrados. Essa \u00e1rea de preserva\u00e7\u00e3o \u00e9 um dos principais pontos tur\u00edsticos de Porto Seguro, na Bahia, e atrai visitantes que desejam flutuar nas piscinas naturais para ver o [&hellip;]<\/p>\n","protected":false},"author":11,"featured_media":50792,"comment_status":"open","ping_status":"open","sticky":false,"template":"","format":"standard","meta":{"cybocfi_hide_featured_image":"","footnotes":""},"categories":[1437,1434,1182],"tags":[176,272,266,902,2344,1713,1178,2343,972],"class_list":["post-38748","post","type-post","status-publish","format-standard","has-post-thumbnail","hentry","category-ao-ar-livre","category-descubra-brasil","category-dica-cool","tag-america-do-sul","tag-bahia","tag-brasil","tag-corais","tag-flutuacao","tag-mergulhar","tag-porto-seguro","tag-recife-de-fora","tag-recifes"],"blocksy_meta":[],"yoast_head":"<!-- This site is optimized with the Yoast SEO plugin v26.3 - https:\/\/yoast.com\/wordpress\/plugins\/seo\/ -->\n<title>Parque Marinho de Recife de Fora passeio em Porto Seguro<\/title>\n<meta name=\"description\" content=\"O Parque Marinho de Recife de Fora em Porto Seguro, na Bahia, abriga uma joia da natureza que fica evidente na mar\u00e9 baixa. Saiba mais aqui!\" \/>\n<meta name=\"robots\" content=\"index, follow, max-snippet:-1, max-image-preview:large, max-video-preview:-1\" \/>\n<link rel=\"canonical\" href=\"https:\/\/quantocustaviajar.com\/blog\/parque-marinho-de-recife-de-fora-porto-seguro\/\" \/>\n<meta property=\"og:locale\" content=\"pt_BR\" \/>\n<meta property=\"og:type\" content=\"article\" \/>\n<meta property=\"og:title\" content=\"Recife de Fora, em Porto Seguro, \u00e9 uma das maiores belezas naturais do Brasil. Veja porqu\u00ea!\" \/>\n<meta property=\"og:description\" content=\"Na mar\u00e9 baixa, piscinas naturais se formam e o espet\u00e1culo \u00e9 garantido!\" \/>\n<meta property=\"og:url\" content=\"https:\/\/quantocustaviajar.com\/blog\/parque-marinho-de-recife-de-fora-porto-seguro\/\" \/>\n<meta property=\"og:site_name\" content=\"Blog Quanto Custa Viajar\" \/>\n<meta property=\"article:publisher\" content=\"https:\/\/www.facebook.com\/quantocustaviajar\" \/>\n<meta property=\"article:published_time\" content=\"2023-01-15T13:21:00+00:00\" \/>\n<meta property=\"article:modified_time\" content=\"2023-01-16T13:09:52+00:00\" \/>\n<meta property=\"og:image\" content=\"https:\/\/quantocustaviajar.com\/blog\/wp-content\/uploads\/2019\/10\/recife-de-fora-1.jpg\" \/>\n\t<meta property=\"og:image:width\" content=\"2000\" \/>\n\t<meta property=\"og:image:height\" content=\"1395\" \/>\n\t<meta property=\"og:image:type\" content=\"image\/jpeg\" \/>\n<meta name=\"author\" content=\"Andressa Xavier Pellanda\" \/>\n<meta name=\"twitter:card\" content=\"summary_large_image\" \/>\n<meta name=\"twitter:label1\" content=\"Escrito por\" \/>\n\t<meta name=\"twitter:data1\" content=\"Andressa Xavier Pellanda\" \/>\n\t<meta name=\"twitter:label2\" content=\"Est. tempo de leitura\" \/>\n\t<meta name=\"twitter:data2\" content=\"12 minutos\" \/>\n<!-- \/ Yoast SEO plugin. -->","yoast_head_json":{"title":"Parque Marinho de Recife de Fora passeio em Porto Seguro","description":"O Parque Marinho de Recife de Fora em Porto Seguro, na Bahia, abriga uma joia da natureza que fica evidente na mar\u00e9 baixa. Saiba mais aqui!","robots":{"index":"index","follow":"follow","max-snippet":"max-snippet:-1","max-image-preview":"max-image-preview:large","max-video-preview":"max-video-preview:-1"},"canonical":"https:\/\/quantocustaviajar.com\/blog\/parque-marinho-de-recife-de-fora-porto-seguro\/","og_locale":"pt_BR","og_type":"article","og_title":"Recife de Fora, em Porto Seguro, \u00e9 uma das maiores belezas naturais do Brasil. Veja porqu\u00ea!","og_description":"Na mar\u00e9 baixa, piscinas naturais se formam e o espet\u00e1culo \u00e9 garantido!","og_url":"https:\/\/quantocustaviajar.com\/blog\/parque-marinho-de-recife-de-fora-porto-seguro\/","og_site_name":"Blog Quanto Custa Viajar","article_publisher":"https:\/\/www.facebook.com\/quantocustaviajar","article_published_time":"2023-01-15T13:21:00+00:00","article_modified_time":"2023-01-16T13:09:52+00:00","og_image":[{"width":2000,"height":1395,"url":"https:\/\/quantocustaviajar.com\/blog\/wp-content\/uploads\/2019\/10\/recife-de-fora-1.jpg","type":"image\/jpeg"}],"author":"Andressa Xavier Pellanda","twitter_card":"summary_large_image","twitter_misc":{"Escrito por":"Andressa Xavier Pellanda","Est. tempo de leitura":"12 minutos"},"schema":{"@context":"https:\/\/schema.org","@graph":[{"@type":["Article","BlogPosting"],"@id":"https:\/\/quantocustaviajar.com\/blog\/parque-marinho-de-recife-de-fora-porto-seguro\/#article","isPartOf":{"@id":"https:\/\/quantocustaviajar.com\/blog\/parque-marinho-de-recife-de-fora-porto-seguro\/"},"author":{"name":"Andressa Xavier Pellanda","@id":"https:\/\/quantocustaviajar.com\/blog\/#\/schema\/person\/81b0aaf2069da1a2da54677906b42d3c"},"headline":"Recife de Fora, em Porto Seguro, \u00e9 uma das maiores belezas naturais do Brasil. Veja porqu\u00ea!","datePublished":"2023-01-15T13:21:00+00:00","dateModified":"2023-01-16T13:09:52+00:00","mainEntityOfPage":{"@id":"https:\/\/quantocustaviajar.com\/blog\/parque-marinho-de-recife-de-fora-porto-seguro\/"},"wordCount":1928,"commentCount":1,"publisher":{"@id":"https:\/\/quantocustaviajar.com\/blog\/#organization"},"image":{"@id":"https:\/\/quantocustaviajar.com\/blog\/parque-marinho-de-recife-de-fora-porto-seguro\/#primaryimage"},"thumbnailUrl":"https:\/\/quantocustaviajar.com\/blog\/wp-content\/uploads\/2019\/11\/pexels-daniel-torobekov-5410876.jpg","keywords":["am\u00e9rica do sul","Bahia","Brasil","corais","flutuacao","mergulhar","Porto Seguro","recife de fora","recifes"],"articleSection":["Ao Ar Livre","Descubra o Brasil","Dica cool"],"inLanguage":"pt-BR","potentialAction":[{"@type":"CommentAction","name":"Comment","target":["https:\/\/quantocustaviajar.com\/blog\/parque-marinho-de-recife-de-fora-porto-seguro\/#respond"]}]},{"@type":"WebPage","@id":"https:\/\/quantocustaviajar.com\/blog\/parque-marinho-de-recife-de-fora-porto-seguro\/","url":"https:\/\/quantocustaviajar.com\/blog\/parque-marinho-de-recife-de-fora-porto-seguro\/","name":"Parque Marinho de Recife de Fora passeio em Porto Seguro","isPartOf":{"@id":"https:\/\/quantocustaviajar.com\/blog\/#website"},"primaryImageOfPage":{"@id":"https:\/\/quantocustaviajar.com\/blog\/parque-marinho-de-recife-de-fora-porto-seguro\/#primaryimage"},"image":{"@id":"https:\/\/quantocustaviajar.com\/blog\/parque-marinho-de-recife-de-fora-porto-seguro\/#primaryimage"},"thumbnailUrl":"https:\/\/quantocustaviajar.com\/blog\/wp-content\/uploads\/2019\/11\/pexels-daniel-torobekov-5410876.jpg","datePublished":"2023-01-15T13:21:00+00:00","dateModified":"2023-01-16T13:09:52+00:00","description":"O Parque Marinho de Recife de Fora em Porto Seguro, na Bahia, abriga uma joia da natureza que fica evidente na mar\u00e9 baixa. Saiba mais aqui!","breadcrumb":{"@id":"https:\/\/quantocustaviajar.com\/blog\/parque-marinho-de-recife-de-fora-porto-seguro\/#breadcrumb"},"inLanguage":"pt-BR","potentialAction":[{"@type":"ReadAction","target":["https:\/\/quantocustaviajar.com\/blog\/parque-marinho-de-recife-de-fora-porto-seguro\/"]}]},{"@type":"ImageObject","inLanguage":"pt-BR","@id":"https:\/\/quantocustaviajar.com\/blog\/parque-marinho-de-recife-de-fora-porto-seguro\/#primaryimage","url":"https:\/\/quantocustaviajar.com\/blog\/wp-content\/uploads\/2019\/11\/pexels-daniel-torobekov-5410876.jpg","contentUrl":"https:\/\/quantocustaviajar.com\/blog\/wp-content\/uploads\/2019\/11\/pexels-daniel-torobekov-5410876.jpg","width":1280,"height":901,"caption":"Photo by Daniel Torobekov from Pexels"},{"@type":"BreadcrumbList","@id":"https:\/\/quantocustaviajar.com\/blog\/parque-marinho-de-recife-de-fora-porto-seguro\/#breadcrumb","itemListElement":[{"@type":"ListItem","position":1,"name":"In\u00edcio","item":"https:\/\/quantocustaviajar.com\/blog\/"},{"@type":"ListItem","position":2,"name":"Recife de Fora, em Porto Seguro, \u00e9 uma das maiores belezas naturais do Brasil. Veja porqu\u00ea!"}]},{"@type":"WebSite","@id":"https:\/\/quantocustaviajar.com\/blog\/#website","url":"https:\/\/quantocustaviajar.com\/blog\/","name":"Blog Quanto Custa Viajar","description":"","publisher":{"@id":"https:\/\/quantocustaviajar.com\/blog\/#organization"},"potentialAction":[{"@type":"SearchAction","target":{"@type":"EntryPoint","urlTemplate":"https:\/\/quantocustaviajar.com\/blog\/?s={search_term_string}"},"query-input":{"@type":"PropertyValueSpecification","valueRequired":true,"valueName":"search_term_string"}}],"inLanguage":"pt-BR"},{"@type":"Organization","@id":"https:\/\/quantocustaviajar.com\/blog\/#organization","name":"Quanto Custa Viajar","url":"https:\/\/quantocustaviajar.com\/blog\/","logo":{"@type":"ImageObject","inLanguage":"pt-BR","@id":"https:\/\/quantocustaviajar.com\/blog\/#\/schema\/logo\/image\/","url":"","contentUrl":"","caption":"Quanto Custa Viajar"},"image":{"@id":"https:\/\/quantocustaviajar.com\/blog\/#\/schema\/logo\/image\/"},"sameAs":["https:\/\/www.facebook.com\/quantocustaviajar"]},{"@type":"Person","@id":"https:\/\/quantocustaviajar.com\/blog\/#\/schema\/person\/81b0aaf2069da1a2da54677906b42d3c","name":"Andressa Xavier Pellanda","image":{"@type":"ImageObject","inLanguage":"pt-BR","@id":"https:\/\/quantocustaviajar.com\/blog\/#\/schema\/person\/image\/","url":"https:\/\/secure.gravatar.com\/avatar\/efccc167c341de2100a574b335de06f5efda2310964e70124d995491728ed674?s=96&d=mm&r=g","contentUrl":"https:\/\/secure.gravatar.com\/avatar\/efccc167c341de2100a574b335de06f5efda2310964e70124d995491728ed674?s=96&d=mm&r=g","caption":"Andressa Xavier Pellanda"},"description":"Eu gosto de viajar antes mesmo de chegar ao destino!","url":"https:\/\/quantocustaviajar.com\/blog\/author\/andressa\/"}]}},"_links":{"self":[{"href":"https:\/\/quantocustaviajar.com\/blog\/wp-json\/wp\/v2\/posts\/38748","targetHints":{"allow":["GET"]}}],"collection":[{"href":"https:\/\/quantocustaviajar.com\/blog\/wp-json\/wp\/v2\/posts"}],"about":[{"href":"https:\/\/quantocustaviajar.com\/blog\/wp-json\/wp\/v2\/types\/post"}],"author":[{"embeddable":true,"href":"https:\/\/quantocustaviajar.com\/blog\/wp-json\/wp\/v2\/users\/11"}],"replies":[{"embeddable":true,"href":"https:\/\/quantocustaviajar.com\/blog\/wp-json\/wp\/v2\/comments?post=38748"}],"version-history":[{"count":28,"href":"https:\/\/quantocustaviajar.com\/blog\/wp-json\/wp\/v2\/posts\/38748\/revisions"}],"predecessor-version":[{"id":56585,"href":"https:\/\/quantocustaviajar.com\/blog\/wp-json\/wp\/v2\/posts\/38748\/revisions\/56585"}],"wp:featuredmedia":[{"embeddable":true,"href":"https:\/\/quantocustaviajar.com\/blog\/wp-json\/wp\/v2\/media\/50792"}],"wp:attachment":[{"href":"https:\/\/quantocustaviajar.com\/blog\/wp-json\/wp\/v2\/media?parent=38748"}],"wp:term":[{"taxonomy":"category","embeddable":true,"href":"https:\/\/quantocustaviajar.com\/blog\/wp-json\/wp\/v2\/categories?post=38748"},{"taxonomy":"post_tag","embeddable":true,"href":"https:\/\/quantocustaviajar.com\/blog\/wp-json\/wp\/v2\/tags?post=38748"}],"curies":[{"name":"wp","href":"https:\/\/api.w.org\/{rel}","templated":true}]}}