{"id":38705,"date":"2019-10-24T13:34:03","date_gmt":"2019-10-24T13:34:03","guid":{"rendered":"https:\/\/quantocustaviajar.com\/blog\/?p=38705"},"modified":"2019-10-24T13:34:03","modified_gmt":"2019-10-24T13:34:03","slug":"les-invalides-em-paris-como-planejar-a-sua-visita","status":"publish","type":"post","link":"https:\/\/quantocustaviajar.com\/blog\/les-invalides-em-paris-como-planejar-a-sua-visita\/","title":{"rendered":"Les Invalides em Paris: como planejar a sua visita"},"content":{"rendered":"<p>O\u00a0<strong>H\u00f4tel National des Invalides<\/strong> mais conhecido como apenas <strong>Les Invalides<\/strong>, \u00e9 uma das atra\u00e7\u00f5es mais subvalorizadas de <strong>Paris<\/strong>. Mas ser\u00e1 que voc\u00ea deveria incluir a visita em sua viagem pela <strong>Fran\u00e7a<\/strong>? N\u00f3s achamos que sim!<\/p><div id=\"ez-toc-container\" class=\"ez-toc-v2_0_76 ez-toc-wrap-left counter-hierarchy ez-toc-counter ez-toc-light-blue ez-toc-container-direction\">\n<div class=\"ez-toc-title-container\">\n<p class=\"ez-toc-title\" style=\"cursor:inherit\">Aqui voc\u00ea ir\u00e1 encontrar<\/p>\n<span class=\"ez-toc-title-toggle\"><a href=\"#\" class=\"ez-toc-pull-right ez-toc-btn ez-toc-btn-xs ez-toc-btn-default ez-toc-toggle\" aria-label=\"Alternar tabela de conte\u00fado\"><span class=\"ez-toc-js-icon-con\"><span class=\"\"><span class=\"eztoc-hide\" style=\"display:none;\">Toggle<\/span><span class=\"ez-toc-icon-toggle-span\"><svg style=\"fill: #999;color:#999\" xmlns=\"http:\/\/www.w3.org\/2000\/svg\" class=\"list-377408\" width=\"20px\" height=\"20px\" viewBox=\"0 0 24 24\" fill=\"none\"><path d=\"M6 6H4v2h2V6zm14 0H8v2h12V6zM4 11h2v2H4v-2zm16 0H8v2h12v-2zM4 16h2v2H4v-2zm16 0H8v2h12v-2z\" fill=\"currentColor\"><\/path><\/svg><svg style=\"fill: #999;color:#999\" class=\"arrow-unsorted-368013\" xmlns=\"http:\/\/www.w3.org\/2000\/svg\" width=\"10px\" height=\"10px\" viewBox=\"0 0 24 24\" version=\"1.2\" baseProfile=\"tiny\"><path d=\"M18.2 9.3l-6.2-6.3-6.2 6.3c-.2.2-.3.4-.3.7s.1.5.3.7c.2.2.4.3.7.3h11c.3 0 .5-.1.7-.3.2-.2.3-.5.3-.7s-.1-.5-.3-.7zM5.8 14.7l6.2 6.3 6.2-6.3c.2-.2.3-.5.3-.7s-.1-.5-.3-.7c-.2-.2-.4-.3-.7-.3h-11c-.3 0-.5.1-.7.3-.2.2-.3.5-.3.7s.1.5.3.7z\"\/><\/svg><\/span><\/span><\/span><\/a><\/span><\/div>\n<nav><ul class='ez-toc-list ez-toc-list-level-1 ' ><li class='ez-toc-page-1 ez-toc-heading-level-2'><a class=\"ez-toc-link ez-toc-heading-1\" href=\"https:\/\/quantocustaviajar.com\/blog\/les-invalides-em-paris-como-planejar-a-sua-visita\/#Historia_do_Hotel_Les_Invalides\" >Hist\u00f3ria do H\u00f4tel Les Invalides<\/a><\/li><li class='ez-toc-page-1 ez-toc-heading-level-2'><a class=\"ez-toc-link ez-toc-heading-2\" href=\"https:\/\/quantocustaviajar.com\/blog\/les-invalides-em-paris-como-planejar-a-sua-visita\/#Visitar_Les_Invalides\" >Visitar Les Invalides<\/a><ul class='ez-toc-list-level-3' ><li class='ez-toc-heading-level-3'><a class=\"ez-toc-link ez-toc-heading-3\" href=\"https:\/\/quantocustaviajar.com\/blog\/les-invalides-em-paris-como-planejar-a-sua-visita\/#Como_chegar\" >Como chegar?<\/a><\/li><li class='ez-toc-page-1 ez-toc-heading-level-3'><a class=\"ez-toc-link ez-toc-heading-4\" href=\"https:\/\/quantocustaviajar.com\/blog\/les-invalides-em-paris-como-planejar-a-sua-visita\/#Quanto_custa\" >Quanto custa?<\/a><\/li><li class='ez-toc-page-1 ez-toc-heading-level-3'><a class=\"ez-toc-link ez-toc-heading-5\" href=\"https:\/\/quantocustaviajar.com\/blog\/les-invalides-em-paris-como-planejar-a-sua-visita\/#Horarios_de_abertura\" >Hor\u00e1rios de abertura:<\/a><\/li><li class='ez-toc-page-1 ez-toc-heading-level-3'><a class=\"ez-toc-link ez-toc-heading-6\" href=\"https:\/\/quantocustaviajar.com\/blog\/les-invalides-em-paris-como-planejar-a-sua-visita\/#Les_Invalides_combina_com%E2%80%A6\" >Les Invalides combina com&#8230;<\/a><\/li><\/ul><\/li><\/ul><\/nav><\/div>\n\n<p>A constru\u00e7\u00e3o deste enorme pal\u00e1cio iniciou em 1671 e, at\u00e9 1676, suas obras continuaram sob o comando de Lib\u00e9ral Bruant. Ap\u00f3s esse per\u00edodo, quem assumiu a tarefa foram os arquitetos\u00a0Jules Hardouin-Mansart e Robert de Cotte.<\/p>\n<p>O projeto foi idealizado por ningu\u00e9m menos do que o\u00a0<strong>Rei Lu\u00eds XIV<\/strong>, o &#8220;Rei Sol&#8221;. Ele tinha uma finalidade simples, por\u00e9m nobre: abrigar os soldados que retornavam a <a href=\"https:\/\/quantocustaviajar.com\/franca\/paris\" target=\"_blank\" rel=\"noopener\"><strong>Paris<\/strong><\/a> feridos de guerra, assim como aqueles militares aposentados.<\/p>\n<p>O objetivo era agradecer a atua\u00e7\u00e3o destes profissionais que se colocaram em risco para defender a monarquia francesa. E adivinha quem continua sendo um morador do espa\u00e7o? Ele mesmo, <strong>Napole\u00e3o Bonaparte<\/strong>!<\/p>\n<p>Os restos mortais do l\u00edder pol\u00edtico foram trazidos da <strong>Ilha de Santa Helena<\/strong>, onde ele faleceu no dia 5 de maio de 1821. Quase 20 anos ap\u00f3s sua morte, uma tumba foi constru\u00edda para receb\u00ea-lo, mas demorou ainda mais para que de fato ele se tornasse um residente permanente de <strong>Les Invalides<\/strong>.<\/p>\n<p>Foi apenas em 1861 que suas cinzas foram colocadas em um sarc\u00f3fago sob o ic\u00f4nico domo da constru\u00e7\u00e3o. Ao redor da urna, est\u00e1tuas e relevos feitos nas paredes contam as maiores fa\u00e7anhas do temido imperador.<\/p>\n<blockquote><p><a href=\"https:\/\/quantocustaviajar.com\/franca\/paris\/passagem-aerea\" target=\"_blank\" rel=\"noopener\"><strong>Pesquise passagens para a Fran\u00e7a com os melhores pre\u00e7os<\/strong><\/a><\/p><\/blockquote>\n<figure id=\"attachment_38711\" aria-describedby=\"caption-attachment-38711\" style=\"width: 810px\" class=\"wp-caption aligncenter\"><img loading=\"lazy\" decoding=\"async\" class=\"wp-image-38711 size-full\" src=\"https:\/\/quantocustaviajar.com\/blog\/wp-content\/uploads\/2019\/10\/les-invalides-paris.jpg\" alt=\"Cath\u00e9drale Saint-Louis-des-Invalides\" width=\"810\" height=\"1080\" srcset=\"https:\/\/quantocustaviajar.com\/blog\/wp-content\/uploads\/2019\/10\/les-invalides-paris.jpg 810w, https:\/\/quantocustaviajar.com\/blog\/wp-content\/uploads\/2019\/10\/les-invalides-paris-225x300.jpg 225w, https:\/\/quantocustaviajar.com\/blog\/wp-content\/uploads\/2019\/10\/les-invalides-paris-768x1024.jpg 768w\" sizes=\"auto, (max-width: 810px) 100vw, 810px\" \/><figcaption id=\"caption-attachment-38711\" class=\"wp-caption-text\"><strong>Catedral de Saint-Louis-des-Invalides<\/strong>. Foto <a href=\"https:\/\/creativecommons.org\/licenses\/by-sa\/3.0\/\" target=\"_blank\" rel=\"noopener\">CC BY-SA 3.0<\/a> <a href=\"https:\/\/es.wikipedia.org\/wiki\/Los_Inv\u00e1lidos#\/media\/Archivo:Cath\u00e9drale_Saint-Louis-des-Invalides,_140309_2.jpg\" target=\"_blank\" rel=\"noopener\">Daniel Vorndran \/ DXR<\/a><\/figcaption><\/figure>\n<h2><span class=\"ez-toc-section\" id=\"Historia_do_Hotel_Les_Invalides\"><\/span>Hist\u00f3ria do H\u00f4tel Les Invalides<span class=\"ez-toc-section-end\"><\/span><\/h2>\n<p>Os primeiros habitantes do\u00a0<strong>H\u00f4tel National des Invalides<\/strong> come\u00e7aram a chegar em 1674. Anos depois, o edif\u00edcio chegaria a abrigar 4.000 pessoas simultaneamente. O complexo parecia-se a uma verdadeira cidade, com hospital, casa de repouso, igrejas e outras constru\u00e7\u00f5es.<\/p>\n<p>Para ter direito a viver em <strong>Les Invalides<\/strong>, os soldados deveriam ter servido \u00e0 armada francesa durante pelo menos 10 anos. Uma vez l\u00e1, eles recebiam outras ocupa\u00e7\u00f5es menos arriscadas do que o campo de batalha e eram encaminhados para tarefas como o conserto e a confec\u00e7\u00e3o de sapatos ou uniformes.<\/p>\n<p>Aqueles que chegavam ao local com ferimentos mais graves eram enviados a um hospital localizado dentro do complexo. Esse hospital continua em funcionamento at\u00e9 hoje.<\/p>\n<blockquote><p><a href=\"https:\/\/quantocustaviajar.com\/blog\/arco-do-triunfo-em-paris\/\" target=\"_blank\" rel=\"noopener\"><strong>Arco do Triunfo em Paris: tudo o que voc\u00ea precisa saber para visitar o monumento<\/strong><\/a><\/p><\/blockquote>\n<p>Ao longo do tempo, o<strong> Hotel des Invalides<\/strong> fez parte de diversos acontecimentos importantes na hist\u00f3ria da <a href=\"https:\/\/quantocustaviajar.com\/franca\" target=\"_blank\" rel=\"noopener\"><strong>Fran\u00e7a<\/strong><\/a>. O mais ic\u00f4nico destes \u00e9 provavelmente o ocorrido no dia 14 de julho de 1789, quando a \u00e1rea foi invadida e teve milhares de armas roubadas. Elas foram usadas no mesmo dia, durante a<strong> Toma da Bastilha<\/strong>.<\/p>\n<p>O espa\u00e7o que hoje conhecemos como Les Invalides inclui ainda duas igrejas: a<strong> Igreja do Domo<\/strong> e a <strong>Catedral de Saint-Louis-des-Invalides.<\/strong> A primeira delas ganhou o apelido devido \u00e0 sua c\u00fapula dourada de 100 metros de altura que, dizem, foi coberta com cinco camadas de outro. Em compensa\u00e7\u00e3o, a catedral, tamb\u00e9m conhecida como<strong> Igreja dos Soldados<\/strong>, \u00e9 onde repousam os restos mortais de chefes militares.<\/p>\n<blockquote><p><strong>J\u00e1 sabe onde ficar em Paris? <a href=\"https:\/\/quantocustaviajar.com\/franca\/paris\/onde-ficar\" target=\"_blank\" rel=\"noopener\">Veja nossas dicas<\/a><\/strong><\/p><\/blockquote>\n<figure id=\"attachment_38712\" aria-describedby=\"caption-attachment-38712\" style=\"width: 1080px\" class=\"wp-caption aligncenter\"><img loading=\"lazy\" decoding=\"async\" class=\"wp-image-38712 size-full\" src=\"https:\/\/quantocustaviajar.com\/blog\/wp-content\/uploads\/2019\/10\/les-invalides-paris2.jpg\" alt=\"\" width=\"1080\" height=\"720\" srcset=\"https:\/\/quantocustaviajar.com\/blog\/wp-content\/uploads\/2019\/10\/les-invalides-paris2.jpg 1080w, https:\/\/quantocustaviajar.com\/blog\/wp-content\/uploads\/2019\/10\/les-invalides-paris2-300x200.jpg 300w, https:\/\/quantocustaviajar.com\/blog\/wp-content\/uploads\/2019\/10\/les-invalides-paris2-768x512.jpg 768w, https:\/\/quantocustaviajar.com\/blog\/wp-content\/uploads\/2019\/10\/les-invalides-paris2-1024x683.jpg 1024w\" sizes=\"auto, (max-width: 1080px) 100vw, 1080px\" \/><figcaption id=\"caption-attachment-38712\" class=\"wp-caption-text\"><strong>Catedral de Saint-Louis-des-Invalides<\/strong>. Foto <a href=\"https:\/\/creativecommons.org\/licenses\/by-sa\/3.0\/\" target=\"_blank\" rel=\"noopener\">CC BY-SA 3.0<\/a> <a href=\"https:\/\/es.wikipedia.org\/wiki\/Los_Inv\u00e1lidos#\/media\/Archivo:Paris_-_Cath\u00e9drale_Saint_Louis_des_Invalides_-_100.jpg\" target=\"_blank\" rel=\"noopener\">Thesupermat<\/a><\/figcaption><\/figure>\n<p>N\u00e3o termina a\u00ed! O complexo possui ainda \u00e1reas dedicadas ao resgate da hist\u00f3ria e da arte. \u00c9 o caso do<strong> Museu da Armada<\/strong>, o maior acervo militar franc\u00eas, do <strong>Museu da Ordem e da Liberta\u00e7\u00e3o<\/strong> e do <strong>Museu dos Planos em Relevo<\/strong>.<\/p>\n<h2><span class=\"ez-toc-section\" id=\"Visitar_Les_Invalides\"><\/span>Visitar Les Invalides<span class=\"ez-toc-section-end\"><\/span><\/h2>\n<h3><span class=\"ez-toc-section\" id=\"Como_chegar\"><\/span>Como chegar?<span class=\"ez-toc-section-end\"><\/span><\/h3>\n<p>O <strong>H\u00f4tel des Invalides<\/strong> fica localizado no\u00a0 7\u00ba arrondissement de <a href=\"https:\/\/quantocustaviajar.com\/franca\/paris\" target=\"_blank\" rel=\"noopener\"><strong>Paris<\/strong><\/a>, mais especificamente na <strong>Rue de Grenelle, 129<\/strong>.<\/p>\n<p>H\u00e1 diversas maneiras f\u00e1ceis de chegar at\u00e9 l\u00e1. De metr\u00f4, as linhas 8 e 13 s\u00e3o as que deixam os viajantes mais pr\u00f3ximos \u00e0 entrada. Escolha entre descer nas esta\u00e7\u00f5es<strong>\u00a0La Tour Maubourg<\/strong>,\u00a0<strong>Invalides<\/strong>,\u00a0<strong>Varennes<\/strong> ou\u00a0<strong>Saint Fran\u00e7ois-Xavier<\/strong>.<\/p>\n<p>O <strong>RER C<\/strong> tamb\u00e9m para na esta\u00e7\u00e3o <strong>Invalides<\/strong>.\u00a0De <strong>\u00f4nibus<\/strong>, opte pelas seguintes linhas: <strong>28, 69, 82, 92, 63, 83 ou 93<\/strong>.<\/p>\n<p>Se vier de carro, poder\u00e1 contar com um estacionamento subterr\u00e2neo. H\u00e1 ainda diversas esta\u00e7\u00f5es de <strong>Velib<\/strong> e <strong>Autolib<\/strong> nas proximidades.<\/p>\n<blockquote><p><a href=\"https:\/\/quantocustaviajar.com\/blog\/hostel-em-paris-17-euros\/\" target=\"_blank\" rel=\"noopener\"><strong>Com cara de hotel boutique, hostel em Paris tem quartos a partir de 17 euros<\/strong><\/a><\/p><\/blockquote>\n<figure id=\"attachment_38713\" aria-describedby=\"caption-attachment-38713\" style=\"width: 960px\" class=\"wp-caption aligncenter\"><img loading=\"lazy\" decoding=\"async\" class=\"wp-image-38713 size-full\" src=\"https:\/\/quantocustaviajar.com\/blog\/wp-content\/uploads\/2019\/10\/les-invalides-napoleao.jpg\" alt=\"\" width=\"960\" height=\"720\" srcset=\"https:\/\/quantocustaviajar.com\/blog\/wp-content\/uploads\/2019\/10\/les-invalides-napoleao.jpg 960w, https:\/\/quantocustaviajar.com\/blog\/wp-content\/uploads\/2019\/10\/les-invalides-napoleao-300x225.jpg 300w, https:\/\/quantocustaviajar.com\/blog\/wp-content\/uploads\/2019\/10\/les-invalides-napoleao-768x576.jpg 768w\" sizes=\"auto, (max-width: 960px) 100vw, 960px\" \/><figcaption id=\"caption-attachment-38713\" class=\"wp-caption-text\"><strong>Sarc\u00f3fago de Napole\u00e3o Bonaparte, em Les Invalides<\/strong>. Foto: <a href=\"https:\/\/es.wikipedia.org\/wiki\/Los_Inv\u00e1lidos#\/media\/Archivo:Napoleon_Tomb.JPG\" target=\"_blank\" rel=\"noopener\">Kristian Tvrdak\/Dom\u00ednio P\u00fablico<\/a><\/figcaption><\/figure>\n<h3><span class=\"ez-toc-section\" id=\"Quanto_custa\"><\/span>Quanto custa?<span class=\"ez-toc-section-end\"><\/span><\/h3>\n<p>A entrada ao <strong>Museu da Armada<\/strong>, que d\u00e1 direito a visitar o <strong>H\u00f4tel des Invalides<\/strong>, custa\u00a0\u20ac 12 (cerca de R$ 55).<\/p>\n<p>A tarifa inclui o acesso a todas as cole\u00e7\u00f5es permanentes do museu, \u00e0 <strong>Igreja do Domo<\/strong>, \u00e0 <strong>Tumba de Napole\u00e3o I<\/strong>, \u00e0<strong> Catedral de Saint-Louis-des-Invalides<\/strong>, ao <strong>Memorial Charles de Gaulle<\/strong>, \u00e0 exposi\u00e7\u00e3o tempor\u00e1ria, ao <strong>Museu da Ordem e da Liberta\u00e7\u00e3o<\/strong> e ao <strong>Museu dos Planos em Relevo<\/strong>.<\/p>\n<p>Ingressos reduzidos podem ser adquiridos por\u00a0\u20ac 10 (R$ 45). Grupos a partir de 10 pessoas com reserva t\u00eam direito ao benef\u00edcio. <strong>Apesar disso, qualquer pessoa pode garantir acesso com tarifas reduzidas, realizando a visita a partir das 17h no ver\u00e3o ou das 16h no inverno<\/strong>.<\/p>\n<p><strong><span style=\"text-decoration: underline;\">Veja quem tem direito ao acesso gratuito:<\/span>\u00a0<\/strong><\/p>\n<ul>\n<li>Menores de 18 anos<\/li>\n<li>Jovens de 18 a 25 residentes ou nacionais da Uni\u00e3o Europeia*<\/li>\n<li>Pessoas que residam na Uni\u00e3o Europeia e estejam cadastradas como solicitantes de emprego<\/li>\n<li>Pessoas com defici\u00eancia e um acompanhante<\/li>\n<li>Jornalistas que residam na Uni\u00e3o Europeia<\/li>\n<li>Militares estrangeiros de uniforme<\/li>\n<\/ul>\n<p><em>* Nesse caso, apenas o acesso \u00e0 exposi\u00e7\u00e3o tempor\u00e1ria ser\u00e1 pago. O custo \u00e9 de\u00a0\u20ac 5 (R$ 23).<\/em><\/p>\n<p>Conhe\u00e7a outras condi\u00e7\u00f5es de acesso <a href=\"https:\/\/www.musee-armee.fr\/es\/venir-al-museo\/horarios-y-precios.html\" target=\"_blank\" rel=\"noopener\">clicando aqui<\/a>.<\/p>\n<blockquote><p><strong><a href=\"https:\/\/quantocustaviajar.com\/blog\/lugares-secretos-em-paris\/\" target=\"_blank\" rel=\"noopener\">11 lugares secretos em Paris para sair dos roteiros de passeios convencionais<\/a><\/strong><\/p><\/blockquote>\n<figure id=\"attachment_38714\" aria-describedby=\"caption-attachment-38714\" style=\"width: 960px\" class=\"wp-caption aligncenter\"><img loading=\"lazy\" decoding=\"async\" class=\"wp-image-38714 size-full\" src=\"https:\/\/quantocustaviajar.com\/blog\/wp-content\/uploads\/2019\/10\/les-invalides-paris-franca.jpg\" alt=\"Vista do p\u00e1tio interior (Cour d'Honneur) de Les Invalides. Foto CC BY-SA 4.0 Alonso de Mendoza\" width=\"960\" height=\"720\" srcset=\"https:\/\/quantocustaviajar.com\/blog\/wp-content\/uploads\/2019\/10\/les-invalides-paris-franca.jpg 960w, https:\/\/quantocustaviajar.com\/blog\/wp-content\/uploads\/2019\/10\/les-invalides-paris-franca-300x225.jpg 300w, https:\/\/quantocustaviajar.com\/blog\/wp-content\/uploads\/2019\/10\/les-invalides-paris-franca-768x576.jpg 768w\" sizes=\"auto, (max-width: 960px) 100vw, 960px\" \/><figcaption id=\"caption-attachment-38714\" class=\"wp-caption-text\"><strong>Vista do p\u00e1tio interior (Cour d&#8217;Honneur) de Les Invalides<\/strong>. Foto <a href=\"https:\/\/creativecommons.org\/licenses\/by-sa\/4.0\/\" target=\"_blank\" rel=\"noopener\">CC BY-SA 4.0<\/a> <a href=\"https:\/\/es.wikipedia.org\/wiki\/Los_Inv%C3%A1lidos#\/media\/Archivo:Patio_de_honor_del_palacio_de_Los_Inv%C3%A1lidos,_Par%C3%ADs.jpg\" target=\"_blank\" rel=\"noopener\">Alonso de Mendoza<\/a><\/figcaption><\/figure>\n<h3><span class=\"ez-toc-section\" id=\"Horarios_de_abertura\"><\/span>Hor\u00e1rios de abertura:<span class=\"ez-toc-section-end\"><\/span><\/h3>\n<p>Les Invalides abre diariamente, embora os hor\u00e1rios sejam diferentes dependendo da \u00e9poca do ano.<\/p>\n<p>Normalmente, o hor\u00e1rio de visita\u00e7\u00e3o ser\u00e1 das 7h30 \u00e0s 19h. Nas ter\u00e7as-feiras de abril a setembro, o hor\u00e1rio \u00e9 estendido e o encerramento ocorre \u00e0s 21h.<\/p>\n<p>Independente do per\u00edodo, a \u00faltima entrada admitida ir\u00e1 ocorrer no m\u00e1ximo 15 minutos antes do encerramento das atividades do espa\u00e7o. Portanto, n\u00e3o se esque\u00e7a de levar isso em considera\u00e7\u00e3o no momento de planejar a sua viagem.<\/p>\n<p><strong>Aten\u00e7\u00e3o:<\/strong> o museu fecha nos dias 1\u00ba de janeiro, 1\u00ba de maio e 25 de dezembro. Al\u00e9m disso, h\u00e1 algumas exce\u00e7\u00f5es quanto aos hor\u00e1rios de abertura ao longo do ano, que podem ser conferidas no <a href=\"https:\/\/www.musee-armee.fr\/es\/venir-al-museo\/horarios-y-precios.html\" target=\"_blank\" rel=\"noopener\">site oficial da atra\u00e7\u00e3o<\/a>.<\/p>\n<blockquote><p><a href=\"https:\/\/quantocustaviajar.com\/blog\/tudo-sobre-a-torre-eiffel-paris\/\" target=\"_blank\" rel=\"noopener\"><strong>Tudo sobre a Torre Eiffel, o ponto tur\u00edstico mais famoso de Paris<\/strong><\/a><\/p><\/blockquote>\n<figure id=\"attachment_38715\" aria-describedby=\"caption-attachment-38715\" style=\"width: 1280px\" class=\"wp-caption aligncenter\"><img loading=\"lazy\" decoding=\"async\" class=\"wp-image-38715 size-full\" src=\"https:\/\/quantocustaviajar.com\/blog\/wp-content\/uploads\/2019\/10\/les-invalides-frente.jpg\" alt=\"Vista frontal do complexo Les Invalides. Foto CC BY-SA 3.0 Daniel Vorndran\/DXR\" width=\"1280\" height=\"482\" srcset=\"https:\/\/quantocustaviajar.com\/blog\/wp-content\/uploads\/2019\/10\/les-invalides-frente.jpg 1280w, https:\/\/quantocustaviajar.com\/blog\/wp-content\/uploads\/2019\/10\/les-invalides-frente-300x113.jpg 300w, https:\/\/quantocustaviajar.com\/blog\/wp-content\/uploads\/2019\/10\/les-invalides-frente-768x289.jpg 768w, https:\/\/quantocustaviajar.com\/blog\/wp-content\/uploads\/2019\/10\/les-invalides-frente-1024x386.jpg 1024w\" sizes=\"auto, (max-width: 1280px) 100vw, 1280px\" \/><figcaption id=\"caption-attachment-38715\" class=\"wp-caption-text\"><strong>Vista frontal do complexo Les Invalides, em Paris.<\/strong> Foto <a href=\"https:\/\/creativecommons.org\/licenses\/by-sa\/3.0\/\" target=\"_blank\" rel=\"noopener\">CC BY-SA 3.0<\/a> <a href=\"https:\/\/es.wikipedia.org\/wiki\/Los_Inv%C3%A1lidos#\/media\/Archivo:H%C3%B4tel_des_Invalides,_North_View,_Paris_7e_140402_1.jpg\" target=\"_blank\" rel=\"noopener\">Daniel Vorndran\/DXR<\/a><\/figcaption><\/figure>\n<h3><span class=\"ez-toc-section\" id=\"Les_Invalides_combina_com%E2%80%A6\"><\/span>Les Invalides combina com&#8230;<span class=\"ez-toc-section-end\"><\/span><\/h3>\n<p>Descubra outros locais para visitar perto de Les Invalides, com dist\u00e2ncias aproximadas:<\/p>\n<ul>\n<li>Museu Rodin (250 m)<\/li>\n<li><a href=\"https:\/\/quantocustaviajar.com\/blog\/tudo-sobre-a-torre-eiffel-paris\/\" target=\"_blank\" rel=\"noopener\">Torre Eiffel<\/a> e Campo de Marte (1 km)<\/li>\n<li>Museu d&#8217;Orsay (1,1 km)<\/li>\n<li>Museu dos Esgotos de Paris (1,1 km)<\/li>\n<li>Palais Bourbon (1,2 km)<\/li>\n<\/ul>\n<p><strong>Ainda n\u00e3o fez as malas? Confira o nosso <a href=\"https:\/\/quantocustaviajar.com\/franca\/paris\" target=\"_blank\" rel=\"noopener\">guia completo de viagem para Paris<\/a> e programe-se!<\/strong><\/p>\n","protected":false},"excerpt":{"rendered":"<p>O\u00a0H\u00f4tel National des Invalides mais conhecido como apenas Les Invalides, \u00e9 uma das atra\u00e7\u00f5es mais subvalorizadas de Paris. Mas ser\u00e1 que voc\u00ea deveria incluir a visita em sua viagem pela Fran\u00e7a? N\u00f3s achamos que sim! A constru\u00e7\u00e3o deste enorme pal\u00e1cio iniciou em 1671 e, at\u00e9 1676, suas obras continuaram sob o comando de Lib\u00e9ral Bruant. [&hellip;]<\/p>\n","protected":false},"author":12,"featured_media":38715,"comment_status":"open","ping_status":"open","sticky":false,"template":"","format":"standard","meta":{"cybocfi_hide_featured_image":"","footnotes":""},"categories":[1436],"tags":[1943,18,260,2065,2352,20,124],"class_list":["post-38705","post","type-post","status-publish","format-standard","has-post-thumbnail","hentry","category-artes-cultura-diversao","tag-atracao","tag-europa","tag-franca","tag-historia","tag-lesinvalides","tag-paris","tag-roteiro"],"blocksy_meta":[],"yoast_head":"<!-- This site is optimized with the Yoast SEO plugin v26.3 - https:\/\/yoast.com\/wordpress\/plugins\/seo\/ -->\n<title>Les Invalides em Paris: como planejar a sua visita - Guia<\/title>\n<meta name=\"robots\" content=\"index, follow, max-snippet:-1, max-image-preview:large, max-video-preview:-1\" \/>\n<link rel=\"canonical\" href=\"https:\/\/quantocustaviajar.com\/blog\/les-invalides-em-paris-como-planejar-a-sua-visita\/\" \/>\n<meta property=\"og:locale\" content=\"pt_BR\" \/>\n<meta property=\"og:type\" content=\"article\" \/>\n<meta property=\"og:title\" content=\"Les Invalides em Paris: como planejar a sua visita - Guia\" \/>\n<meta property=\"og:description\" content=\"O\u00a0H\u00f4tel National des Invalides mais conhecido como apenas Les Invalides, \u00e9 uma das atra\u00e7\u00f5es mais subvalorizadas de Paris. Mas ser\u00e1 que voc\u00ea deveria incluir a visita em sua viagem pela Fran\u00e7a? N\u00f3s achamos que sim! A constru\u00e7\u00e3o deste enorme pal\u00e1cio iniciou em 1671 e, at\u00e9 1676, suas obras continuaram sob o comando de Lib\u00e9ral Bruant. [&hellip;]\" \/>\n<meta property=\"og:url\" content=\"https:\/\/quantocustaviajar.com\/blog\/les-invalides-em-paris-como-planejar-a-sua-visita\/\" \/>\n<meta property=\"og:site_name\" content=\"Blog Quanto Custa Viajar\" \/>\n<meta property=\"article:publisher\" content=\"https:\/\/www.facebook.com\/quantocustaviajar\" \/>\n<meta property=\"article:published_time\" content=\"2019-10-24T13:34:03+00:00\" \/>\n<meta property=\"og:image\" content=\"https:\/\/quantocustaviajar.com\/blog\/wp-content\/uploads\/2019\/10\/les-invalides-frente.jpg\" \/>\n\t<meta property=\"og:image:width\" content=\"1280\" \/>\n\t<meta property=\"og:image:height\" content=\"482\" \/>\n\t<meta property=\"og:image:type\" content=\"image\/jpeg\" \/>\n<meta name=\"author\" content=\"Mari Dutra\" \/>\n<meta name=\"twitter:card\" content=\"summary_large_image\" \/>\n<meta name=\"twitter:creator\" content=\"@quasenomade\" \/>\n<meta name=\"twitter:label1\" content=\"Escrito por\" \/>\n\t<meta name=\"twitter:data1\" content=\"Mari Dutra\" \/>\n\t<meta name=\"twitter:label2\" content=\"Est. tempo de leitura\" \/>\n\t<meta name=\"twitter:data2\" content=\"6 minutos\" \/>\n<!-- \/ Yoast SEO plugin. -->","yoast_head_json":{"title":"Les Invalides em Paris: como planejar a sua visita - Guia","robots":{"index":"index","follow":"follow","max-snippet":"max-snippet:-1","max-image-preview":"max-image-preview:large","max-video-preview":"max-video-preview:-1"},"canonical":"https:\/\/quantocustaviajar.com\/blog\/les-invalides-em-paris-como-planejar-a-sua-visita\/","og_locale":"pt_BR","og_type":"article","og_title":"Les Invalides em Paris: como planejar a sua visita - Guia","og_description":"O\u00a0H\u00f4tel National des Invalides mais conhecido como apenas Les Invalides, \u00e9 uma das atra\u00e7\u00f5es mais subvalorizadas de Paris. Mas ser\u00e1 que voc\u00ea deveria incluir a visita em sua viagem pela Fran\u00e7a? N\u00f3s achamos que sim! A constru\u00e7\u00e3o deste enorme pal\u00e1cio iniciou em 1671 e, at\u00e9 1676, suas obras continuaram sob o comando de Lib\u00e9ral Bruant. [&hellip;]","og_url":"https:\/\/quantocustaviajar.com\/blog\/les-invalides-em-paris-como-planejar-a-sua-visita\/","og_site_name":"Blog Quanto Custa Viajar","article_publisher":"https:\/\/www.facebook.com\/quantocustaviajar","article_published_time":"2019-10-24T13:34:03+00:00","og_image":[{"width":1280,"height":482,"url":"https:\/\/quantocustaviajar.com\/blog\/wp-content\/uploads\/2019\/10\/les-invalides-frente.jpg","type":"image\/jpeg"}],"author":"Mari Dutra","twitter_card":"summary_large_image","twitter_creator":"@quasenomade","twitter_misc":{"Escrito por":"Mari Dutra","Est. tempo de leitura":"6 minutos"},"schema":{"@context":"https:\/\/schema.org","@graph":[{"@type":["Article","BlogPosting"],"@id":"https:\/\/quantocustaviajar.com\/blog\/les-invalides-em-paris-como-planejar-a-sua-visita\/#article","isPartOf":{"@id":"https:\/\/quantocustaviajar.com\/blog\/les-invalides-em-paris-como-planejar-a-sua-visita\/"},"author":{"name":"Mari Dutra","@id":"https:\/\/quantocustaviajar.com\/blog\/#\/schema\/person\/cf1309504837a3099648280049df8d0d"},"headline":"Les Invalides em Paris: como planejar a sua visita","datePublished":"2019-10-24T13:34:03+00:00","mainEntityOfPage":{"@id":"https:\/\/quantocustaviajar.com\/blog\/les-invalides-em-paris-como-planejar-a-sua-visita\/"},"wordCount":1193,"commentCount":0,"publisher":{"@id":"https:\/\/quantocustaviajar.com\/blog\/#organization"},"image":{"@id":"https:\/\/quantocustaviajar.com\/blog\/les-invalides-em-paris-como-planejar-a-sua-visita\/#primaryimage"},"thumbnailUrl":"https:\/\/quantocustaviajar.com\/blog\/wp-content\/uploads\/2019\/10\/les-invalides-frente.jpg","keywords":["atracao","europa","fran\u00e7a","historia","lesinvalides","paris","roteiro"],"articleSection":["Artes, Cultura &amp; Divers\u00e3o"],"inLanguage":"pt-BR","potentialAction":[{"@type":"CommentAction","name":"Comment","target":["https:\/\/quantocustaviajar.com\/blog\/les-invalides-em-paris-como-planejar-a-sua-visita\/#respond"]}]},{"@type":"WebPage","@id":"https:\/\/quantocustaviajar.com\/blog\/les-invalides-em-paris-como-planejar-a-sua-visita\/","url":"https:\/\/quantocustaviajar.com\/blog\/les-invalides-em-paris-como-planejar-a-sua-visita\/","name":"Les Invalides em Paris: como planejar a sua visita - Guia","isPartOf":{"@id":"https:\/\/quantocustaviajar.com\/blog\/#website"},"primaryImageOfPage":{"@id":"https:\/\/quantocustaviajar.com\/blog\/les-invalides-em-paris-como-planejar-a-sua-visita\/#primaryimage"},"image":{"@id":"https:\/\/quantocustaviajar.com\/blog\/les-invalides-em-paris-como-planejar-a-sua-visita\/#primaryimage"},"thumbnailUrl":"https:\/\/quantocustaviajar.com\/blog\/wp-content\/uploads\/2019\/10\/les-invalides-frente.jpg","datePublished":"2019-10-24T13:34:03+00:00","breadcrumb":{"@id":"https:\/\/quantocustaviajar.com\/blog\/les-invalides-em-paris-como-planejar-a-sua-visita\/#breadcrumb"},"inLanguage":"pt-BR","potentialAction":[{"@type":"ReadAction","target":["https:\/\/quantocustaviajar.com\/blog\/les-invalides-em-paris-como-planejar-a-sua-visita\/"]}]},{"@type":"ImageObject","inLanguage":"pt-BR","@id":"https:\/\/quantocustaviajar.com\/blog\/les-invalides-em-paris-como-planejar-a-sua-visita\/#primaryimage","url":"https:\/\/quantocustaviajar.com\/blog\/wp-content\/uploads\/2019\/10\/les-invalides-frente.jpg","contentUrl":"https:\/\/quantocustaviajar.com\/blog\/wp-content\/uploads\/2019\/10\/les-invalides-frente.jpg","width":1280,"height":482},{"@type":"BreadcrumbList","@id":"https:\/\/quantocustaviajar.com\/blog\/les-invalides-em-paris-como-planejar-a-sua-visita\/#breadcrumb","itemListElement":[{"@type":"ListItem","position":1,"name":"In\u00edcio","item":"https:\/\/quantocustaviajar.com\/blog\/"},{"@type":"ListItem","position":2,"name":"Les Invalides em Paris: como planejar a sua visita"}]},{"@type":"WebSite","@id":"https:\/\/quantocustaviajar.com\/blog\/#website","url":"https:\/\/quantocustaviajar.com\/blog\/","name":"Blog Quanto Custa Viajar","description":"","publisher":{"@id":"https:\/\/quantocustaviajar.com\/blog\/#organization"},"potentialAction":[{"@type":"SearchAction","target":{"@type":"EntryPoint","urlTemplate":"https:\/\/quantocustaviajar.com\/blog\/?s={search_term_string}"},"query-input":{"@type":"PropertyValueSpecification","valueRequired":true,"valueName":"search_term_string"}}],"inLanguage":"pt-BR"},{"@type":"Organization","@id":"https:\/\/quantocustaviajar.com\/blog\/#organization","name":"Quanto Custa Viajar","url":"https:\/\/quantocustaviajar.com\/blog\/","logo":{"@type":"ImageObject","inLanguage":"pt-BR","@id":"https:\/\/quantocustaviajar.com\/blog\/#\/schema\/logo\/image\/","url":"","contentUrl":"","caption":"Quanto Custa Viajar"},"image":{"@id":"https:\/\/quantocustaviajar.com\/blog\/#\/schema\/logo\/image\/"},"sameAs":["https:\/\/www.facebook.com\/quantocustaviajar"]},{"@type":"Person","@id":"https:\/\/quantocustaviajar.com\/blog\/#\/schema\/person\/cf1309504837a3099648280049df8d0d","name":"Mari Dutra","image":{"@type":"ImageObject","inLanguage":"pt-BR","@id":"https:\/\/quantocustaviajar.com\/blog\/#\/schema\/person\/image\/","url":"https:\/\/secure.gravatar.com\/avatar\/2997bb527ae39d049d9eb8d6c54262bd37451dfd0dba672807ddfae6c8e86713?s=96&d=mm&r=g","contentUrl":"https:\/\/secure.gravatar.com\/avatar\/2997bb527ae39d049d9eb8d6c54262bd37451dfd0dba672807ddfae6c8e86713?s=96&d=mm&r=g","caption":"Mari Dutra"},"description":"Puxa uma cadeira, porque eu amo falar sobre viagens, sustentabilidade e doguinhos n\u00f4mades. Tamb\u00e9m no Instagram e no Quase N\u00f4made.","sameAs":["http:\/\/quasenomade.com","https:\/\/www.instagram.com\/quasenomade\/","https:\/\/br.pinterest.com\/quasenomade\/","https:\/\/x.com\/quasenomade"],"url":"https:\/\/quantocustaviajar.com\/blog\/author\/mari-dutra\/"}]}},"_links":{"self":[{"href":"https:\/\/quantocustaviajar.com\/blog\/wp-json\/wp\/v2\/posts\/38705","targetHints":{"allow":["GET"]}}],"collection":[{"href":"https:\/\/quantocustaviajar.com\/blog\/wp-json\/wp\/v2\/posts"}],"about":[{"href":"https:\/\/quantocustaviajar.com\/blog\/wp-json\/wp\/v2\/types\/post"}],"author":[{"embeddable":true,"href":"https:\/\/quantocustaviajar.com\/blog\/wp-json\/wp\/v2\/users\/12"}],"replies":[{"embeddable":true,"href":"https:\/\/quantocustaviajar.com\/blog\/wp-json\/wp\/v2\/comments?post=38705"}],"version-history":[{"count":11,"href":"https:\/\/quantocustaviajar.com\/blog\/wp-json\/wp\/v2\/posts\/38705\/revisions"}],"predecessor-version":[{"id":38900,"href":"https:\/\/quantocustaviajar.com\/blog\/wp-json\/wp\/v2\/posts\/38705\/revisions\/38900"}],"wp:featuredmedia":[{"embeddable":true,"href":"https:\/\/quantocustaviajar.com\/blog\/wp-json\/wp\/v2\/media\/38715"}],"wp:attachment":[{"href":"https:\/\/quantocustaviajar.com\/blog\/wp-json\/wp\/v2\/media?parent=38705"}],"wp:term":[{"taxonomy":"category","embeddable":true,"href":"https:\/\/quantocustaviajar.com\/blog\/wp-json\/wp\/v2\/categories?post=38705"},{"taxonomy":"post_tag","embeddable":true,"href":"https:\/\/quantocustaviajar.com\/blog\/wp-json\/wp\/v2\/tags?post=38705"}],"curies":[{"name":"wp","href":"https:\/\/api.w.org\/{rel}","templated":true}]}}