{"id":38688,"date":"2019-11-05T16:08:25","date_gmt":"2019-11-05T16:08:25","guid":{"rendered":"https:\/\/quantocustaviajar.com\/blog\/?p=38688"},"modified":"2021-08-02T19:24:28","modified_gmt":"2021-08-02T19:24:28","slug":"tocantins-alem-do-jalapao-conheca-serras-gerais","status":"publish","type":"post","link":"https:\/\/quantocustaviajar.com\/blog\/tocantins-alem-do-jalapao-conheca-serras-gerais\/","title":{"rendered":"Tocantins al\u00e9m do Jalap\u00e3o! Conhe\u00e7a as Serras Gerais, destino com grande potencial de ecoturismo"},"content":{"rendered":"<p>Quando v\u00e1rias pessoas comentam que v\u00e3o viajar para Tocantins, de cara a gente j\u00e1 pensa que ir\u00e3o para o Jalap\u00e3o, o destino que se tornou a atra\u00e7\u00e3o n\u00famero um no estado. Entretanto, existe um peda\u00e7o do para\u00edso em Tocantins, ainda pouco explorado no segmento do turismo, que vale muito, mas muito a pena conhecer. Estamos falando das <strong>Serras Gerais<\/strong>, uma regi\u00e3o fant\u00e1stica e perfeita para quem gosta de natureza.<\/p>\n<p>As Serras Gerais \u00e9 maior cadeia de serras do Brasil e compreende munic\u00edpios como Almas, Arraias, Aurora do Tocantins, Dian\u00f3polis, Lavandeira, Natividade, Pindorama, Rio da Concei\u00e7\u00e3o e Taguatinga. Cada um desses cantinhos tem atra\u00e7\u00f5es encantadores!<\/p>\n<blockquote class=\"instagram-media\" style=\"background: #FFF; border: 0; border-radius: 3px; box-shadow: 0 0 1px 0 rgba(0,0,0,0.5),0 1px 10px 0 rgba(0,0,0,0.15); margin: 1px; max-width: 540px; min-width: 326px; padding: 0; width: calc(100% - 2px);\" data-instgrm-permalink=\"https:\/\/www.instagram.com\/p\/BziuJrupI8b\/?utm_source=ig_embed&amp;utm_campaign=loading\" data-instgrm-version=\"12\">\n<div style=\"padding: 16px;\">\n<div style=\"display: flex; flex-direction: row; align-items: center;\">\n<div style=\"background-color: #f4f4f4; border-radius: 50%; flex-grow: 0; height: 40px; margin-right: 14px; width: 40px;\"><\/div>\n<div style=\"display: flex; flex-direction: column; flex-grow: 1; justify-content: center;\">\n<div style=\"background-color: #f4f4f4; border-radius: 4px; flex-grow: 0; height: 14px; margin-bottom: 6px; width: 100px;\"><\/div>\n<div style=\"background-color: #f4f4f4; border-radius: 4px; flex-grow: 0; height: 14px; width: 60px;\"><\/div>\n<\/div>\n<\/div>\n<div style=\"padding: 19% 0;\"><\/div>\n<div style=\"display: block; height: 50px; margin: 0 auto 12px; width: 50px;\"><\/div>\n<div style=\"padding-top: 8px;\">\n<div style=\"color: #3897f0; font-family: Arial,sans-serif; font-size: 14px; font-style: normal; font-weight: 550; line-height: 18px;\">Ver essa foto no Instagram<\/div>\n<\/div>\n<div style=\"padding: 12.5% 0;\"><\/div>\n<div style=\"display: flex; flex-direction: row; margin-bottom: 14px; align-items: center;\">\n<div>\n<div style=\"background-color: #f4f4f4; border-radius: 50%; height: 12.5px; width: 12.5px; transform: translateX(0px) translateY(7px);\"><\/div>\n<div style=\"background-color: #f4f4f4; height: 12.5px; transform: rotate(-45deg) translateX(3px) translateY(1px); width: 12.5px; flex-grow: 0; margin-right: 14px; margin-left: 2px;\"><\/div>\n<div style=\"background-color: #f4f4f4; border-radius: 50%; height: 12.5px; width: 12.5px; transform: translateX(9px) translateY(-18px);\"><\/div>\n<\/div>\n<div style=\"margin-left: 8px;\">\n<div style=\"background-color: #f4f4f4; border-radius: 50%; flex-grow: 0; height: 20px; width: 20px;\"><\/div>\n<div style=\"width: 0; height: 0; border-top: 2px solid transparent; border-left: 6px solid #f4f4f4; border-bottom: 2px solid transparent; transform: translateX(16px) translateY(-4px) rotate(30deg);\"><\/div>\n<\/div>\n<div style=\"margin-left: auto;\">\n<div style=\"width: 0px; border-top: 8px solid #F4F4F4; border-right: 8px solid transparent; transform: translateY(16px);\"><\/div>\n<div style=\"background-color: #f4f4f4; flex-grow: 0; height: 12px; width: 16px; transform: translateY(-4px);\"><\/div>\n<div style=\"width: 0; height: 0; border-top: 8px solid #F4F4F4; border-left: 8px solid transparent; transform: translateY(-4px) translateX(8px);\"><\/div>\n<\/div>\n<\/div>\n<div style=\"display: flex; flex-direction: column; flex-grow: 1; justify-content: center; margin-bottom: 24px;\">\n<div style=\"background-color: #f4f4f4; border-radius: 4px; flex-grow: 0; height: 14px; margin-bottom: 6px; width: 224px;\"><\/div>\n<div style=\"background-color: #f4f4f4; border-radius: 4px; flex-grow: 0; height: 14px; width: 144px;\"><\/div>\n<\/div>\n<p style=\"color: #c9c8cd; font-family: Arial,sans-serif; font-size: 14px; line-height: 17px; margin-bottom: 0; margin-top: 8px; overflow: hidden; padding: 8px 0 7px; text-align: center; text-overflow: ellipsis; white-space: nowrap;\"><a style=\"color: #c9c8cd; font-family: Arial,sans-serif; font-size: 14px; font-style: normal; font-weight: normal; line-height: 17px; text-decoration: none;\" href=\"https:\/\/www.instagram.com\/p\/BziuJrupI8b\/?utm_source=ig_embed&amp;utm_campaign=loading\" target=\"_blank\" rel=\"noopener noreferrer\">Uma publica\u00e7\u00e3o compartilhada por Marcos Vaz \u2022 VazAonde \u2022 Viagem (@vazaonde)<\/a> em <time style=\"font-family: Arial,sans-serif; font-size: 14px; line-height: 17px;\" datetime=\"2019-07-05T16:54:48+00:00\">5 de Jul, 2019 \u00e0s 9:54 PDT<\/time><\/p>\n<\/div>\n<\/blockquote>\n<p><script async=\"\" src=\"\/\/www.instagram.com\/embed.js\"><\/script><\/p>\n<blockquote class=\"instagram-media\" style=\"background: #FFF; border: 0; border-radius: 3px; box-shadow: 0 0 1px 0 rgba(0,0,0,0.5),0 1px 10px 0 rgba(0,0,0,0.15); margin: 1px; max-width: 540px; min-width: 326px; padding: 0; width: calc(100% - 2px);\" data-instgrm-permalink=\"https:\/\/www.instagram.com\/p\/B1Z9moXlEvj\/?utm_source=ig_embed&amp;utm_campaign=loading\" data-instgrm-version=\"12\">\n<div style=\"padding: 16px;\">\n<div style=\"display: flex; flex-direction: row; align-items: center;\">\n<div style=\"background-color: #f4f4f4; border-radius: 50%; flex-grow: 0; height: 40px; margin-right: 14px; width: 40px;\"><\/div>\n<div style=\"display: flex; flex-direction: column; flex-grow: 1; justify-content: center;\">\n<div style=\"background-color: #f4f4f4; border-radius: 4px; flex-grow: 0; height: 14px; margin-bottom: 6px; width: 100px;\"><\/div>\n<div style=\"background-color: #f4f4f4; border-radius: 4px; flex-grow: 0; height: 14px; width: 60px;\"><\/div>\n<\/div>\n<\/div>\n<div style=\"padding: 19% 0;\"><\/div>\n<div style=\"display: block; height: 50px; margin: 0 auto 12px; width: 50px;\"><\/div>\n<div style=\"padding-top: 8px;\">\n<div style=\"color: #3897f0; font-family: Arial,sans-serif; font-size: 14px; font-style: normal; font-weight: 550; line-height: 18px;\">Ver essa foto no Instagram<\/div>\n<\/div>\n<div style=\"padding: 12.5% 0;\"><\/div>\n<div style=\"display: flex; flex-direction: row; margin-bottom: 14px; align-items: center;\">\n<div>\n<div style=\"background-color: #f4f4f4; border-radius: 50%; height: 12.5px; width: 12.5px; transform: translateX(0px) translateY(7px);\"><\/div>\n<div style=\"background-color: #f4f4f4; height: 12.5px; transform: rotate(-45deg) translateX(3px) translateY(1px); width: 12.5px; flex-grow: 0; margin-right: 14px; margin-left: 2px;\"><\/div>\n<div style=\"background-color: #f4f4f4; border-radius: 50%; height: 12.5px; width: 12.5px; transform: translateX(9px) translateY(-18px);\"><\/div>\n<\/div>\n<div style=\"margin-left: 8px;\">\n<div style=\"background-color: #f4f4f4; border-radius: 50%; flex-grow: 0; height: 20px; width: 20px;\"><\/div>\n<div style=\"width: 0; height: 0; border-top: 2px solid transparent; border-left: 6px solid #f4f4f4; border-bottom: 2px solid transparent; transform: translateX(16px) translateY(-4px) rotate(30deg);\"><\/div>\n<\/div>\n<div style=\"margin-left: auto;\">\n<div style=\"width: 0px; border-top: 8px solid #F4F4F4; border-right: 8px solid transparent; transform: translateY(16px);\"><\/div>\n<div style=\"background-color: #f4f4f4; flex-grow: 0; height: 12px; width: 16px; transform: translateY(-4px);\"><\/div>\n<div style=\"width: 0; height: 0; border-top: 8px solid #F4F4F4; border-left: 8px solid transparent; transform: translateY(-4px) translateX(8px);\"><\/div>\n<\/div>\n<\/div>\n<div style=\"display: flex; flex-direction: column; flex-grow: 1; justify-content: center; margin-bottom: 24px;\">\n<div style=\"background-color: #f4f4f4; border-radius: 4px; flex-grow: 0; height: 14px; margin-bottom: 6px; width: 224px;\"><\/div>\n<div style=\"background-color: #f4f4f4; border-radius: 4px; flex-grow: 0; height: 14px; width: 144px;\"><\/div>\n<\/div>\n<p style=\"color: #c9c8cd; font-family: Arial,sans-serif; font-size: 14px; line-height: 17px; margin-bottom: 0; margin-top: 8px; overflow: hidden; padding: 8px 0 7px; text-align: center; text-overflow: ellipsis; white-space: nowrap;\"><a style=\"color: #c9c8cd; font-family: Arial,sans-serif; font-size: 14px; font-style: normal; font-weight: normal; line-height: 17px; text-decoration: none;\" href=\"https:\/\/www.instagram.com\/p\/B1Z9moXlEvj\/?utm_source=ig_embed&amp;utm_campaign=loading\" target=\"_blank\" rel=\"noopener noreferrer\">Uma publica\u00e7\u00e3o compartilhada por Brazil Repost \ud83d\udd04 Viagem \ud83c\udf0e (@brazil_repost)<\/a> em <time style=\"font-family: Arial,sans-serif; font-size: 14px; line-height: 17px;\" datetime=\"2019-08-21T00:19:27+00:00\">20 de Ago, 2019 \u00e0s 5:19 PDT<\/time><\/p>\n<\/div>\n<\/blockquote>\n<p><script async=\"\" src=\"\/\/www.instagram.com\/embed.js\"><\/script><\/p>\n<p>A regi\u00e3o fica localizada a 500 km de <a href=\"https:\/\/quantocustaviajar.com\/brasil\/palmas\" target=\"_blank\" rel=\"noopener noreferrer\"><strong>Palmas<\/strong><\/a>, capital do estado do <strong>Tocantins<\/strong>. Dessa forma, quem \u00e9 de outros estados do Brasil pode pegar um voo at\u00e9 Palmas e, de l\u00e1, seguir de \u00f4nibus at\u00e9 Dian\u00f3polis ou Aurora ou Natividade.<\/p>\n<blockquote><p><a href=\"https:\/\/www.viajanet.com.br\/passagens-aereas\/quandoviajar\/sao-paulo-sao\/palmas-pmw?utm_source=quantocustaviajar&amp;utm_medium=postpatrocinado&amp;utm_campaign=passagensaereas&amp;utm_content=geradordelinks\" target=\"_blank\" rel=\"noopener noreferrer\"><strong>Encontre sua passagem a\u00e9rea para Palmas aqui<\/strong><\/a><\/p><\/blockquote>\n<p>O trajeto Palmas &#8211; Dian\u00f3polis \u00e9 conclu\u00eddo ap\u00f3s uma viagem de 5 horas, que pode ser feita com as empresas <strong>Transudeste<\/strong>, <a href=\"https:\/\/www.emtram.com.br\/\" target=\"_blank\" rel=\"noopener noreferrer\"><strong>Emtram<\/strong> <\/a>e <a href=\"https:\/\/www.realmaia.com.br\/home\" target=\"_blank\" rel=\"noopener noreferrer\"><strong>Real Maia<\/strong><\/a>.<\/p>\n<p>Voc\u00ea pode escolher como base da sua viagem <strong>Dian\u00f3polis<\/strong>; ou <strong>Rio da Concei\u00e7\u00e3o<\/strong>, ficando na casa da Dona Eliene no <strong>Quintal de Casa<\/strong>; e at\u00e9 mesmo na <strong>Casa do Seu Davi e Dona Ant\u00f4nia<\/strong>, no munic\u00edpio de Almas \u2014 a hospedagem na casa desse casal fofo \u00e9 feita pelas ag\u00eancias <a href=\"https:\/\/www.instagram.com\/seriemaecoturismo\/\" target=\"_blank\" rel=\"noopener noreferrer\"><strong>Seriema Ecoturismo<\/strong><\/a> e <a href=\"https:\/\/www.instagram.com\/canionecoturismo\/\" target=\"_blank\" rel=\"noopener noreferrer\"><strong>C\u00e2nion Ecoturismo<\/strong><\/a>.<\/p>\n<p>O <strong>turismo est\u00e1 apenas come\u00e7ando na regi\u00e3o<\/strong>, por isso esse \u00e9 o momento perfeito para conhecer a regi\u00e3o. Mas tamb\u00e9m \u00e9 importante que, ao visitar esse para\u00edso, voc\u00ea tenha consci\u00eancia da import\u00e2ncia da preserva\u00e7\u00e3o da natureza. Fa\u00e7a sua parte para que mais pessoas tenham a chance de conhecer esse lugar incr\u00edvel.<\/p>\n<p>A <strong>melhor \u00e9poca<\/strong> para visitar as Serras Gerais no Tocantins \u00e9 entre os meses de <strong>abril e novembro<\/strong>. Isso porque, essa \u00e9 \u00e9poca da seca com probabilidade baix\u00edssima de chuva. Se puder, tente planejar sua viagem para o m\u00eas de maio, ap\u00f3s a temporada de chuvas, j\u00e1 que os rios e cachoeiras estar\u00e3o ainda bem cheios e \u00f3timos para um mergulho.<\/p>\n<h2>Onde fazer nas Serras Gerais em Tocantins<\/h2>\n<p>Pensa em um lugar com um mont\u00e3o de atra\u00e7\u00e3o natural para conhecer e se apaixonar? Assim \u00e9 em Serras Gerais! Voc\u00ea pode facilmente montar um roteiro de viagem com cinco ou sete dias, tamanha a quantidade de atra\u00e7\u00f5es para conhecer.<\/p>\n<p>\u00c9 essencial que os passeios sejam realizados com uma\u00a0<strong>ag\u00eancia especializada<\/strong>. Pelo fato de o turismo n\u00e3o ser muito explorado nas Serras Gerais, as atra\u00e7\u00f5es s\u00e3o praticamente vazias e, caso voc\u00ea precise de ajuda, n\u00e3o encontrar\u00e1 ningu\u00e9m no caminho. Al\u00e9m disso, muitas atividades requerem o uso de capacetes, colete salva-vidas e cordas para rapel.<\/p>\n<p>Vamos <strong>come\u00e7ar o roteiro<\/strong> visitando um rio com \u00e1guas transparentes para, de cara, ficar de boca aberta com tanta beleza. O <strong>Rio Azuis<\/strong>\u00a0\u00e9 considerado o terceiro menor rio do mundo com 147 metros. As \u00e1guas cristalinas e quentinhas em Aurora do Tocantins s\u00e3o simplesmente fant\u00e1sticas para ficar flutuando e curtindo o tempo. N\u00e3o \u00e9 poss\u00edvel que quase ningu\u00e9m conhece essa coisa mais linda de viver, olha que formosura:<\/p>\n<p>Ap\u00f3s aproveitar essa praia de \u00e1gua doce, siga para a <strong>Praia do Pequizeiro<\/strong>, que fica dentro de uma propriedade particular em Lavandeira e s\u00f3 pode ser acessada na companhia de um guia local.<\/p>\n<p>A prainha natural tem \u00e1guas doces rasas e t\u00e3o transparentes com colora\u00e7\u00e3o verde esmeralda que \u00e9 imposs\u00edvel n\u00e3o se apaixonar. O acesso \u00e9 muito f\u00e1cil, com trilha curta e n\u00edvel de dificuldade baix\u00edssimo. Esse passeio tem tudo para ser o seu favorito pelas Serras Gerais.<\/p>\n<p>Saindo da prainha, \u00e9 bem poss\u00edvel que seu guia leve voc\u00ea at\u00e9 a <strong>Cachoeira do Sombra<\/strong>, na regi\u00e3o de Aurora do Tocantins, para ver de perto essas quedas d&#8217;\u00e1gua.<\/p>\n<p><strong>No dia seguinte<\/strong>, que tal partir para caminhadas em trilhas cheias de encanto em Dian\u00f3polis? O <strong>Vale Encantado<\/strong> \u00e9 um passeio \u00fanico no Brasil, isso porque somente nesse local em todo o nosso pa\u00eds \u00e9 poss\u00edvel encontrar tr\u00eas biomas brasileiros diferentes, sendo a floresta, o cerrado e a caatinga. A trilha \u00e9 toda feita caminhando-se dentro de riachos, por isso \u00e9 interessante que voc\u00ea esteja com uma bota confort\u00e1vel e imperme\u00e1vel.<\/p>\n<p>Ainda no passeio, os visitantes v\u00e3o at\u00e9 o <strong>Portal do Vale Encantado<\/strong>. Segundo os moradores locais, ap\u00f3s atravessar esse portal, voc\u00ea deixar\u00e1 tudo de ruim do lado de fora. Essa regi\u00e3o \u00e9 t\u00e3o remota, sem muvuca de turistas, que voc\u00ea tem uma sensa\u00e7\u00e3o de paz t\u00e3o grande que \u00e9 dif\u00edcil de explicar.<\/p>\n<p>Ap\u00f3s essa experi\u00eancia \u00edmpar, seu guia pode te levar at\u00e9 a <strong>Fortaleza dos Guardi\u00f5es<\/strong>, uma \u00e1rea imensa repleta de rochas altas que realmente parecem um ex\u00e9rcito de pedra diante de seus olhos. A dica \u00e9 ficar por l\u00e1 at\u00e9 o p\u00f4r do sol. Depois, \u00e9 s\u00f3 voltar para a pousada com o sentimento de esp\u00edrito renovado.<\/p>\n<p><strong>No terceiro dia de viagem<\/strong>, a dica \u00e9 acordar bem cedinho para fazer o passeio das <strong>17 Travessias<\/strong>\u00a0em Rio da Concei\u00e7\u00e3o, que consiste em uma trilha aqu\u00e1tica com cen\u00e1rios lindos pelo caminho. Depois, aproveite para emendar uma visita \u00e0 <strong>Cachoeira do Brejo Limpo<\/strong>, uma cachoeira com v\u00e1rios andares como se fosse uma escada. \u00c9 poss\u00edvel subir e ficar relaxando dentro da \u00e1gua entre as rochas.<\/p>\n<p><strong>O quarto dia de viagem<\/strong> pode ser reservado completamente para aproveitar as cachoeiras das Serras Gerais. A caminhada no <strong>C\u00e2nion Encantado<\/strong>, um lugar com v\u00e1rias quedas d&#8217;\u00e1gua em Almas, \u00e9 um passeio obrigat\u00f3rio na regi\u00e3o! Quem tem mais tempo pode fazer a trilha por baixo e por cima, para ter pontos de vis\u00e3o diferentes da cachoeira.<\/p>\n<p>Se deparar com o pared\u00e3o vermelho imenso bem a sua frente, com quedas d&#8217;\u00e1gua com 70 metros de altura que possibilitam a pr\u00e1tica de rapel, \u00e9 emocionante em todos os sentidos.<\/p>\n<p>Depois, siga para a <strong>Cachoeira do Urubu<\/strong> e em seguida para a fant\u00e1stica <strong>Cachoeira da Cortina<\/strong> que, vista de cima, parece-se muito com uma piscina de borda infinita. As mais corajosas podem sentar na bordinha (sempre afiveladas a uma corda de prote\u00e7\u00e3o fornecida pelo guia tur\u00edstico).<\/p>\n<p>O passeio segue at\u00e9 os <strong>Arcos do Sol<\/strong>, que s\u00e3o pedras furadas com colora\u00e7\u00e3o avermelhada. O local \u00e9 altamente indicado para ser visitar no final do dia para curtir o p\u00f4r do sol.<\/p>\n<p><strong>O quinto dia de passeio<\/strong> pode ser reservado para se apaixonar pela <strong>Lagoa da Serra<\/strong>, mais um passeio lindo para fazer na regi\u00e3o das Serras Gerais em Rio da Concei\u00e7\u00e3o. A lagoa, cercada por areia fina e emoldurada pelas montanhas da serra, \u00e9 um cen\u00e1rio de paz e tranquilidade para aproveitar o dia todo, praticando caiaque ou stand up paddle.<\/p>\n<p>Aqui \u00e9 muito importante ter cuidado, j\u00e1 que a profundidade m\u00e9dia das \u00e1guas \u00e9 de 2,5 metros, sendo necess\u00e1rio usar equipamento de flutua\u00e7\u00e3o que garantam um banho com seguran\u00e7a \u2014 a \u00e1rea n\u00e3o \u00e9 recomendada para crian\u00e7as.<\/p>\n<p>Reserve ainda um dia para conhecer a <strong>Lagoa do Japon\u00eas<\/strong>, em Pindorama, que n\u00e3o faz parte oficialmente do circuito das Serras Gerais, mas vale muito a pena ser conhecida.<\/p>\n<p>Ainda \u00e9 poss\u00edvel fazer rafting, boia cross, ver as Cachoeiras do Para\u00edso, visitar a Fazenda Aldeia, ir \u00e0 Cidade de Pedras, o Vale dos P\u00e1ssaros, conhecer a arquitetura hist\u00f3ria de Dian\u00f3polis e muitas outras belezas naturais.<\/p>\n<h2>Quanto custa?<\/h2>\n<p>Muitas ag\u00eancias oferecem pacotes de tr\u00eas a dez dias de viagem. \u00c9 importante saber a maioria das atra\u00e7\u00f5es ficam em propriedades particulares, onde \u00e9 necess\u00e1rio pagar entrada que custa entre R$ 10 a R$ 20.<\/p>\n<p>Para sabermos quanto custa uma viagem como essa, conversamos com o pessoal da\u00a0\u00a0<strong><a href=\"https:\/\/www.instagram.com\/seriemaecoturismo\/\" target=\"_blank\" rel=\"noopener noreferrer\">Seriema Ecoturismo<\/a><\/strong>. Os pacotes oferecidos por eles incluem: translado\u00a0at\u00e9 Rio da Concei\u00e7\u00e3o, transfer para os passeios, hospedagem com caf\u00e9 da manh\u00e3, ingressos para todos os atrativos, condutores locais especializados e seguro ecotrip.<\/p>\n<p>O pre\u00e7o, <strong>por pessoa<\/strong>, varia entre R$ 1.090 para quem faz a viagem com carro pr\u00f3prio a R$ 3.990. Quanto mais pessoas juntas na expedi\u00e7\u00e3o, menor fica o valor. Por exemplo, se voc\u00ea reunir um grupo com quatro pessoas, uma viagem de cinco dias pelas Serras Gerais pode ficar R$ 1.790 para cada um! Entre em contato via WhatsApp para mais informa\u00e7\u00f5es:\u00a0+55 63 9260-9018 e para saber mais op\u00e7\u00f5es de roteiros.<\/p>\n<p>Al\u00e9m da\u00a0<strong><a href=\"https:\/\/www.instagram.com\/seriemaecoturismo\/\" target=\"_blank\" rel=\"noopener noreferrer\">Seriema Ecoturismo<\/a>,<\/strong>\u00a0voc\u00ea tamb\u00e9m pode falar com o pessoal que presta servi\u00e7o de guias em toda Serras Gerais, como da empresa\u00a0<a href=\"https:\/\/www.instagram.com\/canionecoturismo\/\" target=\"_blank\" rel=\"noopener noreferrer\"><strong>C\u00e2nion Ecoturismo<\/strong><\/a>, em Almas; <a href=\"https:\/\/desbravaecotocantins.tur.br\/\" target=\"_blank\" rel=\"noopener noreferrer\"><strong>Desbrava EcoTour<\/strong><\/a>, em Aurora do Tocantins; ou a <a href=\"https:\/\/www.instagram.com\/agenciaserrageral\/?hl=pt\" target=\"_blank\" rel=\"noopener noreferrer\"><strong>Serra Geral \u2013 Turismo e Aventura<\/strong><\/a>, em Natividade.<\/p>\n<blockquote class=\"instagram-media\" style=\"background: #FFF; border: 0; border-radius: 3px; box-shadow: 0 0 1px 0 rgba(0,0,0,0.5),0 1px 10px 0 rgba(0,0,0,0.15); margin: 1px; max-width: 540px; min-width: 326px; padding: 0; width: calc(100% - 2px);\" data-instgrm-permalink=\"https:\/\/www.instagram.com\/p\/B1hq_IZlBNM\/?utm_source=ig_embed&amp;utm_campaign=loading\" data-instgrm-version=\"12\">\n<div style=\"padding: 16px;\">\n<div style=\"display: flex; flex-direction: row; align-items: center;\">\n<div style=\"background-color: #f4f4f4; border-radius: 50%; flex-grow: 0; height: 40px; margin-right: 14px; width: 40px;\"><\/div>\n<div style=\"display: flex; flex-direction: column; flex-grow: 1; justify-content: center;\">\n<div style=\"background-color: #f4f4f4; border-radius: 4px; flex-grow: 0; height: 14px; margin-bottom: 6px; width: 100px;\"><\/div>\n<div style=\"background-color: #f4f4f4; border-radius: 4px; flex-grow: 0; height: 14px; width: 60px;\"><\/div>\n<\/div>\n<\/div>\n<div style=\"padding: 19% 0;\"><\/div>\n<div style=\"display: block; height: 50px; margin: 0 auto 12px; width: 50px;\"><\/div>\n<div style=\"padding-top: 8px;\">\n<div style=\"color: #3897f0; font-family: Arial,sans-serif; font-size: 14px; font-style: normal; font-weight: 550; line-height: 18px;\">Ver essa foto no Instagram<\/div>\n<\/div>\n<div style=\"padding: 12.5% 0;\"><\/div>\n<div style=\"display: flex; flex-direction: row; margin-bottom: 14px; align-items: center;\">\n<div>\n<div style=\"background-color: #f4f4f4; border-radius: 50%; height: 12.5px; width: 12.5px; transform: translateX(0px) translateY(7px);\"><\/div>\n<div style=\"background-color: #f4f4f4; height: 12.5px; transform: rotate(-45deg) translateX(3px) translateY(1px); width: 12.5px; flex-grow: 0; margin-right: 14px; margin-left: 2px;\"><\/div>\n<div style=\"background-color: #f4f4f4; border-radius: 50%; height: 12.5px; width: 12.5px; transform: translateX(9px) translateY(-18px);\"><\/div>\n<\/div>\n<div style=\"margin-left: 8px;\">\n<div style=\"background-color: #f4f4f4; border-radius: 50%; flex-grow: 0; height: 20px; width: 20px;\"><\/div>\n<div style=\"width: 0; height: 0; border-top: 2px solid transparent; border-left: 6px solid #f4f4f4; border-bottom: 2px solid transparent; transform: translateX(16px) translateY(-4px) rotate(30deg);\"><\/div>\n<\/div>\n<div style=\"margin-left: auto;\">\n<div style=\"width: 0px; border-top: 8px solid #F4F4F4; border-right: 8px solid transparent; transform: translateY(16px);\"><\/div>\n<div style=\"background-color: #f4f4f4; flex-grow: 0; height: 12px; width: 16px; transform: translateY(-4px);\"><\/div>\n<div style=\"width: 0; height: 0; border-top: 8px solid #F4F4F4; border-left: 8px solid transparent; transform: translateY(-4px) translateX(8px);\"><\/div>\n<\/div>\n<\/div>\n<div style=\"display: flex; flex-direction: column; flex-grow: 1; justify-content: center; margin-bottom: 24px;\">\n<div style=\"background-color: #f4f4f4; border-radius: 4px; flex-grow: 0; height: 14px; margin-bottom: 6px; width: 224px;\"><\/div>\n<div style=\"background-color: #f4f4f4; border-radius: 4px; flex-grow: 0; height: 14px; width: 144px;\"><\/div>\n<\/div>\n<p style=\"color: #c9c8cd; font-family: Arial,sans-serif; font-size: 14px; line-height: 17px; margin-bottom: 0; margin-top: 8px; overflow: hidden; padding: 8px 0 7px; text-align: center; text-overflow: ellipsis; white-space: nowrap;\"><a style=\"color: #c9c8cd; font-family: Arial,sans-serif; font-size: 14px; font-style: normal; font-weight: normal; line-height: 17px; text-decoration: none;\" href=\"https:\/\/www.instagram.com\/p\/B1hq_IZlBNM\/?utm_source=ig_embed&amp;utm_campaign=loading\" target=\"_blank\" rel=\"noopener noreferrer\">Uma publica\u00e7\u00e3o compartilhada por Lincoln Valadares Saraiva. (@lincolnvaladare)<\/a> em <time style=\"font-family: Arial,sans-serif; font-size: 14px; line-height: 17px;\" datetime=\"2019-08-24T00:10:42+00:00\">23 de Ago, 2019 \u00e0s 5:10 PDT<\/time><\/p>\n<\/div>\n<\/blockquote>\n<p><script async=\"\" src=\"\/\/www.instagram.com\/embed.js\"><\/script><\/p>\n<blockquote class=\"instagram-media\" style=\"background: #FFF; border: 0; border-radius: 3px; box-shadow: 0 0 1px 0 rgba(0,0,0,0.5),0 1px 10px 0 rgba(0,0,0,0.15); margin: 1px; max-width: 540px; min-width: 326px; padding: 0; width: calc(100% - 2px);\" data-instgrm-permalink=\"https:\/\/www.instagram.com\/p\/B2KQYdmAIts\/?utm_source=ig_embed&amp;utm_campaign=loading\" data-instgrm-version=\"12\">\n<div style=\"padding: 16px;\">\n<div style=\"display: flex; flex-direction: row; align-items: center;\">\n<div style=\"background-color: #f4f4f4; border-radius: 50%; flex-grow: 0; height: 40px; margin-right: 14px; width: 40px;\"><\/div>\n<div style=\"display: flex; flex-direction: column; flex-grow: 1; justify-content: center;\">\n<div style=\"background-color: #f4f4f4; border-radius: 4px; flex-grow: 0; height: 14px; margin-bottom: 6px; width: 100px;\"><\/div>\n<div style=\"background-color: #f4f4f4; border-radius: 4px; flex-grow: 0; height: 14px; width: 60px;\"><\/div>\n<\/div>\n<\/div>\n<div style=\"padding: 19% 0;\"><\/div>\n<div style=\"display: block; height: 50px; margin: 0 auto 12px; width: 50px;\"><\/div>\n<div style=\"padding-top: 8px;\">\n<div style=\"color: #3897f0; font-family: Arial,sans-serif; font-size: 14px; font-style: normal; font-weight: 550; line-height: 18px;\">Ver essa foto no Instagram<\/div>\n<\/div>\n<div style=\"padding: 12.5% 0;\"><\/div>\n<div style=\"display: flex; flex-direction: row; margin-bottom: 14px; align-items: center;\">\n<div>\n<div style=\"background-color: #f4f4f4; border-radius: 50%; height: 12.5px; width: 12.5px; transform: translateX(0px) translateY(7px);\"><\/div>\n<div style=\"background-color: #f4f4f4; height: 12.5px; transform: rotate(-45deg) translateX(3px) translateY(1px); width: 12.5px; flex-grow: 0; margin-right: 14px; margin-left: 2px;\"><\/div>\n<div style=\"background-color: #f4f4f4; border-radius: 50%; height: 12.5px; width: 12.5px; transform: translateX(9px) translateY(-18px);\"><\/div>\n<\/div>\n<div style=\"margin-left: 8px;\">\n<div style=\"background-color: #f4f4f4; border-radius: 50%; flex-grow: 0; height: 20px; width: 20px;\"><\/div>\n<div style=\"width: 0; height: 0; border-top: 2px solid transparent; border-left: 6px solid #f4f4f4; border-bottom: 2px solid transparent; transform: translateX(16px) translateY(-4px) rotate(30deg);\"><\/div>\n<\/div>\n<div style=\"margin-left: auto;\">\n<div style=\"width: 0px; border-top: 8px solid #F4F4F4; border-right: 8px solid transparent; transform: translateY(16px);\"><\/div>\n<div style=\"background-color: #f4f4f4; flex-grow: 0; height: 12px; width: 16px; transform: translateY(-4px);\"><\/div>\n<div style=\"width: 0; height: 0; border-top: 8px solid #F4F4F4; border-left: 8px solid transparent; transform: translateY(-4px) translateX(8px);\"><\/div>\n<\/div>\n<\/div>\n<div style=\"display: flex; flex-direction: column; flex-grow: 1; justify-content: center; margin-bottom: 24px;\">\n<div style=\"background-color: #f4f4f4; border-radius: 4px; flex-grow: 0; height: 14px; margin-bottom: 6px; width: 224px;\"><\/div>\n<div style=\"background-color: #f4f4f4; border-radius: 4px; flex-grow: 0; height: 14px; width: 144px;\"><\/div>\n<\/div>\n<p style=\"color: #c9c8cd; font-family: Arial,sans-serif; font-size: 14px; line-height: 17px; margin-bottom: 0; margin-top: 8px; overflow: hidden; padding: 8px 0 7px; text-align: center; text-overflow: ellipsis; white-space: nowrap;\"><a style=\"color: #c9c8cd; font-family: Arial,sans-serif; font-size: 14px; font-style: normal; font-weight: normal; line-height: 17px; text-decoration: none;\" href=\"https:\/\/www.instagram.com\/p\/B2KQYdmAIts\/?utm_source=ig_embed&amp;utm_campaign=loading\" target=\"_blank\" rel=\"noopener noreferrer\">Uma publica\u00e7\u00e3o compartilhada por Pulse Livre \ud83d\ude90\ud83d\udca8\ud83d\udd8d\ud83c\udfb8\ud83c\udf0e\u262e\ufe0f (@pulselivre)<\/a> em <time style=\"font-family: Arial,sans-serif; font-size: 14px; line-height: 17px;\" datetime=\"2019-09-08T18:27:05+00:00\">8 de Set, 2019 \u00e0s 11:27 PDT<\/time><\/p>\n<\/div>\n<\/blockquote>\n<p><script async=\"\" src=\"\/\/www.instagram.com\/embed.js\"><\/script><\/p>\n<blockquote class=\"instagram-media\" style=\"background: #FFF; border: 0; border-radius: 3px; box-shadow: 0 0 1px 0 rgba(0,0,0,0.5),0 1px 10px 0 rgba(0,0,0,0.15); margin: 1px; max-width: 540px; min-width: 326px; padding: 0; width: calc(100% - 2px);\" data-instgrm-permalink=\"https:\/\/www.instagram.com\/p\/B1P6UMjHRwt\/?utm_source=ig_embed&amp;utm_campaign=loading\" data-instgrm-version=\"12\">\n<div style=\"padding: 16px;\">\n<div style=\"display: flex; flex-direction: row; align-items: center;\">\n<div style=\"background-color: #f4f4f4; border-radius: 50%; flex-grow: 0; height: 40px; margin-right: 14px; width: 40px;\"><\/div>\n<div style=\"display: flex; flex-direction: column; flex-grow: 1; justify-content: center;\">\n<div style=\"background-color: #f4f4f4; border-radius: 4px; flex-grow: 0; height: 14px; margin-bottom: 6px; width: 100px;\"><\/div>\n<div style=\"background-color: #f4f4f4; border-radius: 4px; flex-grow: 0; height: 14px; width: 60px;\"><\/div>\n<\/div>\n<\/div>\n<div style=\"padding: 19% 0;\"><\/div>\n<div style=\"display: block; height: 50px; margin: 0 auto 12px; width: 50px;\"><\/div>\n<div style=\"padding-top: 8px;\">\n<div style=\"color: #3897f0; font-family: Arial,sans-serif; font-size: 14px; font-style: normal; font-weight: 550; line-height: 18px;\">Ver essa foto no Instagram<\/div>\n<\/div>\n<div style=\"padding: 12.5% 0;\"><\/div>\n<div style=\"display: flex; flex-direction: row; margin-bottom: 14px; align-items: center;\">\n<div>\n<div style=\"background-color: #f4f4f4; border-radius: 50%; height: 12.5px; width: 12.5px; transform: translateX(0px) translateY(7px);\"><\/div>\n<div style=\"background-color: #f4f4f4; height: 12.5px; transform: rotate(-45deg) translateX(3px) translateY(1px); width: 12.5px; flex-grow: 0; margin-right: 14px; margin-left: 2px;\"><\/div>\n<div style=\"background-color: #f4f4f4; border-radius: 50%; height: 12.5px; width: 12.5px; transform: translateX(9px) translateY(-18px);\"><\/div>\n<\/div>\n<div style=\"margin-left: 8px;\">\n<div style=\"background-color: #f4f4f4; border-radius: 50%; flex-grow: 0; height: 20px; width: 20px;\"><\/div>\n<div style=\"width: 0; height: 0; border-top: 2px solid transparent; border-left: 6px solid #f4f4f4; border-bottom: 2px solid transparent; transform: translateX(16px) translateY(-4px) rotate(30deg);\"><\/div>\n<\/div>\n<div style=\"margin-left: auto;\">\n<div style=\"width: 0px; border-top: 8px solid #F4F4F4; border-right: 8px solid transparent; transform: translateY(16px);\"><\/div>\n<div style=\"background-color: #f4f4f4; flex-grow: 0; height: 12px; width: 16px; transform: translateY(-4px);\"><\/div>\n<div style=\"width: 0; height: 0; border-top: 8px solid #F4F4F4; border-left: 8px solid transparent; transform: translateY(-4px) translateX(8px);\"><\/div>\n<\/div>\n<\/div>\n<div style=\"display: flex; flex-direction: column; flex-grow: 1; justify-content: center; margin-bottom: 24px;\">\n<div style=\"background-color: #f4f4f4; border-radius: 4px; flex-grow: 0; height: 14px; margin-bottom: 6px; width: 224px;\"><\/div>\n<div style=\"background-color: #f4f4f4; border-radius: 4px; flex-grow: 0; height: 14px; width: 144px;\"><\/div>\n<\/div>\n<p style=\"color: #c9c8cd; font-family: Arial,sans-serif; font-size: 14px; line-height: 17px; margin-bottom: 0; margin-top: 8px; overflow: hidden; padding: 8px 0 7px; text-align: center; text-overflow: ellipsis; white-space: nowrap;\"><a style=\"color: #c9c8cd; font-family: Arial,sans-serif; font-size: 14px; font-style: normal; font-weight: normal; line-height: 17px; text-decoration: none;\" href=\"https:\/\/www.instagram.com\/p\/B1P6UMjHRwt\/?utm_source=ig_embed&amp;utm_campaign=loading\" target=\"_blank\" rel=\"noopener noreferrer\">Uma publica\u00e7\u00e3o compartilhada por Caroline Maki (@tak_carol)<\/a> em <time style=\"font-family: Arial,sans-serif; font-size: 14px; line-height: 17px;\" datetime=\"2019-08-17T02:38:19+00:00\">16 de Ago, 2019 \u00e0s 7:38 PDT<\/time><\/p>\n<\/div>\n<\/blockquote>\n<p><script async=\"\" src=\"\/\/www.instagram.com\/embed.js\"><\/script><\/p>\n<p>Para a viagem, \u00e9 interessante levar roupas leves, roupas de banho, bota para caminhada inclusive na \u00e1gua, protetor solar e repelente, \u00f3culos e chap\u00e9u, c\u00e2mera fotogr\u00e1fica, mochilinha com \u00e1gua e petisco e toalha para se secar ap\u00f3s os banhos de rio.<\/p>\n<p>Ah, Tocantins &lt;3 Mais um estado brasileiro rico em belezas naturais que proporciona viagens simplesmente inesquec\u00edveis. Quase todo mundo associa o estado ao <a href=\"https:\/\/quantocustaviajar.com\/blog\/acampar-no-jalapao\/\" target=\"_blank\" rel=\"noopener noreferrer\"><strong>Jalap\u00e3o<\/strong><\/a>, mas veja como existe, sim, muito mais para conhecer.<\/p>\n<p>Visite o Brasil, visite Tocantins! Temos tantos lugares lindos que merecemos e devemos nos permitir explorar com consci\u00eancia mais nosso pa\u00eds.<\/p>\n","protected":false},"excerpt":{"rendered":"<p>Quando v\u00e1rias pessoas comentam que v\u00e3o viajar para Tocantins, de cara a gente j\u00e1 pensa que ir\u00e3o para o Jalap\u00e3o, o destino que se tornou a atra\u00e7\u00e3o n\u00famero um no estado. Entretanto, existe um peda\u00e7o do para\u00edso em Tocantins, ainda pouco explorado no segmento do turismo, que vale muito, mas muito a pena conhecer. Estamos [&hellip;]<\/p>\n","protected":false},"author":11,"featured_media":0,"comment_status":"open","ping_status":"open","sticky":false,"template":"","format":"standard","meta":{"cybocfi_hide_featured_image":"","footnotes":""},"categories":[1437,1434],"tags":[176,266,421,467,422,111,2341,1267,423],"class_list":["post-38688","post","type-post","status-publish","format-standard","hentry","category-ao-ar-livre","category-descubra-brasil","tag-america-do-sul","tag-brasil","tag-cachoeira","tag-ecoturismo","tag-lagoa","tag-natureza","tag-serras-gerais","tag-tocantins","tag-trilha"],"blocksy_meta":[],"yoast_head":"<!-- This site is optimized with the Yoast SEO plugin v26.3 - https:\/\/yoast.com\/wordpress\/plugins\/seo\/ -->\n<title>Tocantins al\u00e9m do Jalap\u00e3o! Conhe\u00e7a a Serras Gerais<\/title>\n<meta name=\"description\" content=\"Eu n\u00e3o acredito que quase ningu\u00e9m visita esse para\u00edso na Terra! As Serras Gerais, no Tocantins, \u00e9 um destino com grande potencial de ecoturismo.\" \/>\n<meta name=\"robots\" content=\"index, follow, max-snippet:-1, max-image-preview:large, max-video-preview:-1\" \/>\n<link rel=\"canonical\" href=\"https:\/\/quantocustaviajar.com\/blog\/tocantins-alem-do-jalapao-conheca-serras-gerais\/\" \/>\n<meta property=\"og:locale\" content=\"pt_BR\" \/>\n<meta property=\"og:type\" content=\"article\" \/>\n<meta property=\"og:title\" content=\"Tocantins al\u00e9m do Jalap\u00e3o! Conhe\u00e7a as Serras Gerais, destino com grande potencial de ecoturismo\" \/>\n<meta property=\"og:description\" content=\"Eu n\u00e3o acredito que quase ningu\u00e9m visita esse para\u00edso na Terra :O\" \/>\n<meta property=\"og:url\" content=\"https:\/\/quantocustaviajar.com\/blog\/tocantins-alem-do-jalapao-conheca-serras-gerais\/\" \/>\n<meta property=\"og:site_name\" content=\"Blog Quanto Custa Viajar\" \/>\n<meta property=\"article:publisher\" content=\"https:\/\/www.facebook.com\/quantocustaviajar\" \/>\n<meta property=\"article:published_time\" content=\"2019-11-05T16:08:25+00:00\" \/>\n<meta property=\"article:modified_time\" content=\"2021-08-02T19:24:28+00:00\" \/>\n<meta name=\"author\" content=\"Andressa Xavier Pellanda\" \/>\n<meta name=\"twitter:card\" content=\"summary_large_image\" \/>\n<meta name=\"twitter:label1\" content=\"Escrito por\" \/>\n\t<meta name=\"twitter:data1\" content=\"Andressa Xavier Pellanda\" \/>\n\t<meta name=\"twitter:label2\" content=\"Est. tempo de leitura\" \/>\n\t<meta name=\"twitter:data2\" content=\"8 minutos\" \/>\n<!-- \/ Yoast SEO plugin. -->","yoast_head_json":{"title":"Tocantins al\u00e9m do Jalap\u00e3o! Conhe\u00e7a a Serras Gerais","description":"Eu n\u00e3o acredito que quase ningu\u00e9m visita esse para\u00edso na Terra! As Serras Gerais, no Tocantins, \u00e9 um destino com grande potencial de ecoturismo.","robots":{"index":"index","follow":"follow","max-snippet":"max-snippet:-1","max-image-preview":"max-image-preview:large","max-video-preview":"max-video-preview:-1"},"canonical":"https:\/\/quantocustaviajar.com\/blog\/tocantins-alem-do-jalapao-conheca-serras-gerais\/","og_locale":"pt_BR","og_type":"article","og_title":"Tocantins al\u00e9m do Jalap\u00e3o! Conhe\u00e7a as Serras Gerais, destino com grande potencial de ecoturismo","og_description":"Eu n\u00e3o acredito que quase ningu\u00e9m visita esse para\u00edso na Terra :O","og_url":"https:\/\/quantocustaviajar.com\/blog\/tocantins-alem-do-jalapao-conheca-serras-gerais\/","og_site_name":"Blog Quanto Custa Viajar","article_publisher":"https:\/\/www.facebook.com\/quantocustaviajar","article_published_time":"2019-11-05T16:08:25+00:00","article_modified_time":"2021-08-02T19:24:28+00:00","author":"Andressa Xavier Pellanda","twitter_card":"summary_large_image","twitter_misc":{"Escrito por":"Andressa Xavier Pellanda","Est. tempo de leitura":"8 minutos"},"schema":{"@context":"https:\/\/schema.org","@graph":[{"@type":["Article","BlogPosting"],"@id":"https:\/\/quantocustaviajar.com\/blog\/tocantins-alem-do-jalapao-conheca-serras-gerais\/#article","isPartOf":{"@id":"https:\/\/quantocustaviajar.com\/blog\/tocantins-alem-do-jalapao-conheca-serras-gerais\/"},"author":{"name":"Andressa Xavier Pellanda","@id":"https:\/\/quantocustaviajar.com\/blog\/#\/schema\/person\/81b0aaf2069da1a2da54677906b42d3c"},"headline":"Tocantins al\u00e9m do Jalap\u00e3o! Conhe\u00e7a as Serras Gerais, destino com grande potencial de ecoturismo","datePublished":"2019-11-05T16:08:25+00:00","dateModified":"2021-08-02T19:24:28+00:00","mainEntityOfPage":{"@id":"https:\/\/quantocustaviajar.com\/blog\/tocantins-alem-do-jalapao-conheca-serras-gerais\/"},"wordCount":1690,"commentCount":6,"publisher":{"@id":"https:\/\/quantocustaviajar.com\/blog\/#organization"},"keywords":["am\u00e9rica do sul","Brasil","cachoeira","ecoturismo","lagoa","natureza","serras gerais","Tocantins","trilha"],"articleSection":["Ao Ar Livre","Descubra o Brasil"],"inLanguage":"pt-BR","potentialAction":[{"@type":"CommentAction","name":"Comment","target":["https:\/\/quantocustaviajar.com\/blog\/tocantins-alem-do-jalapao-conheca-serras-gerais\/#respond"]}]},{"@type":"WebPage","@id":"https:\/\/quantocustaviajar.com\/blog\/tocantins-alem-do-jalapao-conheca-serras-gerais\/","url":"https:\/\/quantocustaviajar.com\/blog\/tocantins-alem-do-jalapao-conheca-serras-gerais\/","name":"Tocantins al\u00e9m do Jalap\u00e3o! Conhe\u00e7a a Serras Gerais","isPartOf":{"@id":"https:\/\/quantocustaviajar.com\/blog\/#website"},"datePublished":"2019-11-05T16:08:25+00:00","dateModified":"2021-08-02T19:24:28+00:00","description":"Eu n\u00e3o acredito que quase ningu\u00e9m visita esse para\u00edso na Terra! As Serras Gerais, no Tocantins, \u00e9 um destino com grande potencial de ecoturismo.","breadcrumb":{"@id":"https:\/\/quantocustaviajar.com\/blog\/tocantins-alem-do-jalapao-conheca-serras-gerais\/#breadcrumb"},"inLanguage":"pt-BR","potentialAction":[{"@type":"ReadAction","target":["https:\/\/quantocustaviajar.com\/blog\/tocantins-alem-do-jalapao-conheca-serras-gerais\/"]}]},{"@type":"BreadcrumbList","@id":"https:\/\/quantocustaviajar.com\/blog\/tocantins-alem-do-jalapao-conheca-serras-gerais\/#breadcrumb","itemListElement":[{"@type":"ListItem","position":1,"name":"In\u00edcio","item":"https:\/\/quantocustaviajar.com\/blog\/"},{"@type":"ListItem","position":2,"name":"Tocantins al\u00e9m do Jalap\u00e3o! Conhe\u00e7a as Serras Gerais, destino com grande potencial de ecoturismo"}]},{"@type":"WebSite","@id":"https:\/\/quantocustaviajar.com\/blog\/#website","url":"https:\/\/quantocustaviajar.com\/blog\/","name":"Blog Quanto Custa Viajar","description":"","publisher":{"@id":"https:\/\/quantocustaviajar.com\/blog\/#organization"},"potentialAction":[{"@type":"SearchAction","target":{"@type":"EntryPoint","urlTemplate":"https:\/\/quantocustaviajar.com\/blog\/?s={search_term_string}"},"query-input":{"@type":"PropertyValueSpecification","valueRequired":true,"valueName":"search_term_string"}}],"inLanguage":"pt-BR"},{"@type":"Organization","@id":"https:\/\/quantocustaviajar.com\/blog\/#organization","name":"Quanto Custa Viajar","url":"https:\/\/quantocustaviajar.com\/blog\/","logo":{"@type":"ImageObject","inLanguage":"pt-BR","@id":"https:\/\/quantocustaviajar.com\/blog\/#\/schema\/logo\/image\/","url":"","contentUrl":"","caption":"Quanto Custa Viajar"},"image":{"@id":"https:\/\/quantocustaviajar.com\/blog\/#\/schema\/logo\/image\/"},"sameAs":["https:\/\/www.facebook.com\/quantocustaviajar"]},{"@type":"Person","@id":"https:\/\/quantocustaviajar.com\/blog\/#\/schema\/person\/81b0aaf2069da1a2da54677906b42d3c","name":"Andressa Xavier Pellanda","image":{"@type":"ImageObject","inLanguage":"pt-BR","@id":"https:\/\/quantocustaviajar.com\/blog\/#\/schema\/person\/image\/","url":"https:\/\/secure.gravatar.com\/avatar\/efccc167c341de2100a574b335de06f5efda2310964e70124d995491728ed674?s=96&d=mm&r=g","contentUrl":"https:\/\/secure.gravatar.com\/avatar\/efccc167c341de2100a574b335de06f5efda2310964e70124d995491728ed674?s=96&d=mm&r=g","caption":"Andressa Xavier Pellanda"},"description":"Eu gosto de viajar antes mesmo de chegar ao destino!","url":"https:\/\/quantocustaviajar.com\/blog\/author\/andressa\/"}]}},"_links":{"self":[{"href":"https:\/\/quantocustaviajar.com\/blog\/wp-json\/wp\/v2\/posts\/38688","targetHints":{"allow":["GET"]}}],"collection":[{"href":"https:\/\/quantocustaviajar.com\/blog\/wp-json\/wp\/v2\/posts"}],"about":[{"href":"https:\/\/quantocustaviajar.com\/blog\/wp-json\/wp\/v2\/types\/post"}],"author":[{"embeddable":true,"href":"https:\/\/quantocustaviajar.com\/blog\/wp-json\/wp\/v2\/users\/11"}],"replies":[{"embeddable":true,"href":"https:\/\/quantocustaviajar.com\/blog\/wp-json\/wp\/v2\/comments?post=38688"}],"version-history":[{"count":15,"href":"https:\/\/quantocustaviajar.com\/blog\/wp-json\/wp\/v2\/posts\/38688\/revisions"}],"predecessor-version":[{"id":49588,"href":"https:\/\/quantocustaviajar.com\/blog\/wp-json\/wp\/v2\/posts\/38688\/revisions\/49588"}],"wp:attachment":[{"href":"https:\/\/quantocustaviajar.com\/blog\/wp-json\/wp\/v2\/media?parent=38688"}],"wp:term":[{"taxonomy":"category","embeddable":true,"href":"https:\/\/quantocustaviajar.com\/blog\/wp-json\/wp\/v2\/categories?post=38688"},{"taxonomy":"post_tag","embeddable":true,"href":"https:\/\/quantocustaviajar.com\/blog\/wp-json\/wp\/v2\/tags?post=38688"}],"curies":[{"name":"wp","href":"https:\/\/api.w.org\/{rel}","templated":true}]}}