{"id":38472,"date":"2019-10-15T13:48:29","date_gmt":"2019-10-15T13:48:29","guid":{"rendered":"https:\/\/quantocustaviajar.com\/blog\/?p=38472"},"modified":"2021-08-02T19:07:49","modified_gmt":"2021-08-02T19:07:49","slug":"trilha-das-7-praias-em-ubatuba","status":"publish","type":"post","link":"https:\/\/quantocustaviajar.com\/blog\/trilha-das-7-praias-em-ubatuba\/","title":{"rendered":"Trilha das 7 praias em Ubatuba: saiba tudo sobre o passeio"},"content":{"rendered":"<p>A <strong>trilha das 7 <a href=\"https:\/\/quantocustaviajar.com\/blog\/praias-imperdiveis-em-ubatuba\/\">praias em Ubatuba<\/a><\/strong> \u00e9 um trecho de 10 km que liga a Praia da Lagoinha at\u00e9 a Praia da Fortaleza, passando pela Praia do Oeste, Peres, Bonete, Grande Bonete, Praia do Deserto, Prainha e Praia do Cedro. Quem gosta de andar no meio do mato e se deparar com paisagens lind\u00edssimas vai simplesmente amar fazer esse percurso.<\/p><div id=\"ez-toc-container\" class=\"ez-toc-v2_0_76 ez-toc-wrap-left counter-hierarchy ez-toc-counter ez-toc-light-blue ez-toc-container-direction\">\n<div class=\"ez-toc-title-container\">\n<p class=\"ez-toc-title\" style=\"cursor:inherit\">Aqui voc\u00ea ir\u00e1 encontrar<\/p>\n<span class=\"ez-toc-title-toggle\"><a href=\"#\" class=\"ez-toc-pull-right ez-toc-btn ez-toc-btn-xs ez-toc-btn-default ez-toc-toggle\" aria-label=\"Alternar tabela de conte\u00fado\"><span class=\"ez-toc-js-icon-con\"><span class=\"\"><span class=\"eztoc-hide\" style=\"display:none;\">Toggle<\/span><span class=\"ez-toc-icon-toggle-span\"><svg style=\"fill: #999;color:#999\" xmlns=\"http:\/\/www.w3.org\/2000\/svg\" class=\"list-377408\" width=\"20px\" height=\"20px\" viewBox=\"0 0 24 24\" fill=\"none\"><path d=\"M6 6H4v2h2V6zm14 0H8v2h12V6zM4 11h2v2H4v-2zm16 0H8v2h12v-2zM4 16h2v2H4v-2zm16 0H8v2h12v-2z\" fill=\"currentColor\"><\/path><\/svg><svg style=\"fill: #999;color:#999\" class=\"arrow-unsorted-368013\" xmlns=\"http:\/\/www.w3.org\/2000\/svg\" width=\"10px\" height=\"10px\" viewBox=\"0 0 24 24\" version=\"1.2\" baseProfile=\"tiny\"><path d=\"M18.2 9.3l-6.2-6.3-6.2 6.3c-.2.2-.3.4-.3.7s.1.5.3.7c.2.2.4.3.7.3h11c.3 0 .5-.1.7-.3.2-.2.3-.5.3-.7s-.1-.5-.3-.7zM5.8 14.7l6.2 6.3 6.2-6.3c.2-.2.3-.5.3-.7s-.1-.5-.3-.7c-.2-.2-.4-.3-.7-.3h-11c-.3 0-.5.1-.7.3-.2.2-.3.5-.3.7s.1.5.3.7z\"\/><\/svg><\/span><\/span><\/span><\/a><\/span><\/div>\n<nav><ul class='ez-toc-list ez-toc-list-level-1 ' ><li class='ez-toc-page-1 ez-toc-heading-level-2'><a class=\"ez-toc-link ez-toc-heading-1\" href=\"https:\/\/quantocustaviajar.com\/blog\/trilha-das-7-praias-em-ubatuba\/#Como_fazer_a_trilha_das_7_praias_em_Ubatuba\" >Como fazer a trilha das 7 praias em Ubatuba<\/a><\/li><li class='ez-toc-page-1 ez-toc-heading-level-2'><a class=\"ez-toc-link ez-toc-heading-2\" href=\"https:\/\/quantocustaviajar.com\/blog\/trilha-das-7-praias-em-ubatuba\/#Cenarios_da_trilha_das_7_praias_em_Ubatuba\" >Cen\u00e1rios da trilha das 7 praias em Ubatuba<\/a><ul class='ez-toc-list-level-3' ><li class='ez-toc-heading-level-3'><a class=\"ez-toc-link ez-toc-heading-3\" href=\"https:\/\/quantocustaviajar.com\/blog\/trilha-das-7-praias-em-ubatuba\/#1_Praia_do_Oeste\" >1. Praia do Oeste<\/a><\/li><li class='ez-toc-page-1 ez-toc-heading-level-3'><a class=\"ez-toc-link ez-toc-heading-4\" href=\"https:\/\/quantocustaviajar.com\/blog\/trilha-das-7-praias-em-ubatuba\/#2_Praia_do_Peres\" >2. Praia do Peres<\/a><\/li><li class='ez-toc-page-1 ez-toc-heading-level-3'><a class=\"ez-toc-link ez-toc-heading-5\" href=\"https:\/\/quantocustaviajar.com\/blog\/trilha-das-7-praias-em-ubatuba\/#3_Praia_do_Bonete\" >3. Praia do Bonete<\/a><\/li><li class='ez-toc-page-1 ez-toc-heading-level-3'><a class=\"ez-toc-link ez-toc-heading-6\" href=\"https:\/\/quantocustaviajar.com\/blog\/trilha-das-7-praias-em-ubatuba\/#4_Praia_Grande_do_Bonete\" >4. Praia Grande do Bonete<\/a><\/li><li class='ez-toc-page-1 ez-toc-heading-level-3'><a class=\"ez-toc-link ez-toc-heading-7\" href=\"https:\/\/quantocustaviajar.com\/blog\/trilha-das-7-praias-em-ubatuba\/#5_Praia_do_Deserto\" >5. Praia do Deserto<\/a><\/li><li class='ez-toc-page-1 ez-toc-heading-level-3'><a class=\"ez-toc-link ez-toc-heading-8\" href=\"https:\/\/quantocustaviajar.com\/blog\/trilha-das-7-praias-em-ubatuba\/#6_Prainha_do_Deserto\" >6. Prainha do Deserto<\/a><\/li><li class='ez-toc-page-1 ez-toc-heading-level-3'><a class=\"ez-toc-link ez-toc-heading-9\" href=\"https:\/\/quantocustaviajar.com\/blog\/trilha-das-7-praias-em-ubatuba\/#7_Praia_do_Cedro_do_Sul\" >7. Praia do Cedro do Sul<\/a><\/li><\/ul><\/li><\/ul><\/nav><\/div>\n\n<p>O n\u00edvel de dificuldade da trilha \u00e9 considerado moderado, com alguns trechos de subida. O tempo total para fazer o trajeto, parando no meio do caminho para apreciar o mar e a natureza, ser\u00e1 de seis horas, percorrendo um total de 10 km. D\u00e1 uma espiadinha em algumas maravilhas que ir\u00e1 encontrar:<\/p>\n<blockquote><p><a href=\"https:\/\/www.booking.com\/guest-house\/city\/br\/ubatuba.pt-br.html?aid=2161834\" target=\"_blank\" rel=\"noopener noreferrer\"><strong>Onde se hospedar em Ubatuba? Confira os melhores hot\u00e9is e pousadas<\/strong><\/a><\/p><\/blockquote>\n<blockquote class=\"instagram-media\" style=\"background: #FFF; border: 0; border-radius: 3px; box-shadow: 0 0 1px 0 rgba(0,0,0,0.5),0 1px 10px 0 rgba(0,0,0,0.15); margin: 1px; max-width: 540px; min-width: 326px; padding: 0; width: calc(100% - 2px);\" data-instgrm-permalink=\"https:\/\/www.instagram.com\/p\/5-UeK8DAot\/?utm_source=ig_embed&amp;utm_campaign=loading\" data-instgrm-version=\"12\">\n<div style=\"padding: 16px;\">\n<div style=\"display: flex; flex-direction: row; align-items: center;\">\n<div style=\"background-color: #f4f4f4; border-radius: 50%; flex-grow: 0; height: 40px; margin-right: 14px; width: 40px;\"><\/div>\n<div style=\"display: flex; flex-direction: column; flex-grow: 1; justify-content: center;\">\n<div style=\"background-color: #f4f4f4; border-radius: 4px; flex-grow: 0; height: 14px; margin-bottom: 6px; width: 100px;\"><\/div>\n<div style=\"background-color: #f4f4f4; border-radius: 4px; flex-grow: 0; height: 14px; width: 60px;\"><\/div>\n<\/div>\n<\/div>\n<div style=\"padding: 19% 0;\"><\/div>\n<div style=\"display: block; height: 50px; margin: 0 auto 12px; width: 50px;\"><\/div>\n<div style=\"padding-top: 8px;\">\n<div style=\"color: #3897f0; font-family: Arial,sans-serif; font-size: 14px; font-style: normal; font-weight: 550; line-height: 18px;\">Ver essa foto no Instagram<\/div>\n<\/div>\n<div style=\"padding: 12.5% 0;\"><\/div>\n<div style=\"display: flex; flex-direction: row; margin-bottom: 14px; align-items: center;\">\n<div>\n<div style=\"background-color: #f4f4f4; border-radius: 50%; height: 12.5px; width: 12.5px; transform: translateX(0px) translateY(7px);\"><\/div>\n<div style=\"background-color: #f4f4f4; height: 12.5px; transform: rotate(-45deg) translateX(3px) translateY(1px); width: 12.5px; flex-grow: 0; margin-right: 14px; margin-left: 2px;\"><\/div>\n<div style=\"background-color: #f4f4f4; border-radius: 50%; height: 12.5px; width: 12.5px; transform: translateX(9px) translateY(-18px);\"><\/div>\n<\/div>\n<div style=\"margin-left: 8px;\">\n<div style=\"background-color: #f4f4f4; border-radius: 50%; flex-grow: 0; height: 20px; width: 20px;\"><\/div>\n<div style=\"width: 0; height: 0; border-top: 2px solid transparent; border-left: 6px solid #f4f4f4; border-bottom: 2px solid transparent; transform: translateX(16px) translateY(-4px) rotate(30deg);\"><\/div>\n<\/div>\n<div style=\"margin-left: auto;\">\n<div style=\"width: 0px; border-top: 8px solid #F4F4F4; border-right: 8px solid transparent; transform: translateY(16px);\"><\/div>\n<div style=\"background-color: #f4f4f4; flex-grow: 0; height: 12px; width: 16px; transform: translateY(-4px);\"><\/div>\n<div style=\"width: 0; height: 0; border-top: 8px solid #F4F4F4; border-left: 8px solid transparent; transform: translateY(-4px) translateX(8px);\"><\/div>\n<\/div>\n<\/div>\n<div style=\"display: flex; flex-direction: column; flex-grow: 1; justify-content: center; margin-bottom: 24px;\">\n<div style=\"background-color: #f4f4f4; border-radius: 4px; flex-grow: 0; height: 14px; margin-bottom: 6px; width: 224px;\"><\/div>\n<div style=\"background-color: #f4f4f4; border-radius: 4px; flex-grow: 0; height: 14px; width: 144px;\"><\/div>\n<\/div>\n<p style=\"color: #c9c8cd; font-family: Arial,sans-serif; font-size: 14px; line-height: 17px; margin-bottom: 0; margin-top: 8px; overflow: hidden; padding: 8px 0 7px; text-align: center; text-overflow: ellipsis; white-space: nowrap;\"><a style=\"color: #c9c8cd; font-family: Arial,sans-serif; font-size: 14px; font-style: normal; font-weight: normal; line-height: 17px; text-decoration: none;\" href=\"https:\/\/www.instagram.com\/p\/5-UeK8DAot\/?utm_source=ig_embed&amp;utm_campaign=loading\" target=\"_blank\" rel=\"noopener noreferrer\">Uma publica\u00e7\u00e3o compartilhada por P A T R \u00cd C I A \ud83c\udf3b (@patydealmeida)<\/a> em <time style=\"font-family: Arial,sans-serif; font-size: 14px; line-height: 17px;\" datetime=\"2015-08-04T19:48:17+00:00\">4 de Ago, 2015 \u00e0s 12:48 PDT<\/time><\/p>\n<\/div>\n<\/blockquote>\n<p><script async=\"\" src=\"\/\/www.instagram.com\/embed.js\"><\/script><\/p>\n<blockquote class=\"instagram-media\" style=\"background: #FFF; border: 0; border-radius: 3px; box-shadow: 0 0 1px 0 rgba(0,0,0,0.5),0 1px 10px 0 rgba(0,0,0,0.15); margin: 1px; max-width: 540px; min-width: 326px; padding: 0; width: calc(100% - 2px);\" data-instgrm-permalink=\"https:\/\/www.instagram.com\/p\/Bsn2HBilPPg\/?utm_source=ig_embed&amp;utm_campaign=loading\" data-instgrm-version=\"12\">\n<div style=\"padding: 16px;\">\n<div style=\"display: flex; flex-direction: row; align-items: center;\">\n<div style=\"background-color: #f4f4f4; border-radius: 50%; flex-grow: 0; height: 40px; margin-right: 14px; width: 40px;\"><\/div>\n<div style=\"display: flex; flex-direction: column; flex-grow: 1; justify-content: center;\">\n<div style=\"background-color: #f4f4f4; border-radius: 4px; flex-grow: 0; height: 14px; margin-bottom: 6px; width: 100px;\"><\/div>\n<div style=\"background-color: #f4f4f4; border-radius: 4px; flex-grow: 0; height: 14px; width: 60px;\"><\/div>\n<\/div>\n<\/div>\n<div style=\"padding: 19% 0;\"><\/div>\n<div style=\"display: block; height: 50px; margin: 0 auto 12px; width: 50px;\"><\/div>\n<div style=\"padding-top: 8px;\">\n<div style=\"color: #3897f0; font-family: Arial,sans-serif; font-size: 14px; font-style: normal; font-weight: 550; line-height: 18px;\">Ver essa foto no Instagram<\/div>\n<\/div>\n<div style=\"padding: 12.5% 0;\"><\/div>\n<div style=\"display: flex; flex-direction: row; margin-bottom: 14px; align-items: center;\">\n<div>\n<div style=\"background-color: #f4f4f4; border-radius: 50%; height: 12.5px; width: 12.5px; transform: translateX(0px) translateY(7px);\"><\/div>\n<div style=\"background-color: #f4f4f4; height: 12.5px; transform: rotate(-45deg) translateX(3px) translateY(1px); width: 12.5px; flex-grow: 0; margin-right: 14px; margin-left: 2px;\"><\/div>\n<div style=\"background-color: #f4f4f4; border-radius: 50%; height: 12.5px; width: 12.5px; transform: translateX(9px) translateY(-18px);\"><\/div>\n<\/div>\n<div style=\"margin-left: 8px;\">\n<div style=\"background-color: #f4f4f4; border-radius: 50%; flex-grow: 0; height: 20px; width: 20px;\"><\/div>\n<div style=\"width: 0; height: 0; border-top: 2px solid transparent; border-left: 6px solid #f4f4f4; border-bottom: 2px solid transparent; transform: translateX(16px) translateY(-4px) rotate(30deg);\"><\/div>\n<\/div>\n<div style=\"margin-left: auto;\">\n<div style=\"width: 0px; border-top: 8px solid #F4F4F4; border-right: 8px solid transparent; transform: translateY(16px);\"><\/div>\n<div style=\"background-color: #f4f4f4; flex-grow: 0; height: 12px; width: 16px; transform: translateY(-4px);\"><\/div>\n<div style=\"width: 0; height: 0; border-top: 8px solid #F4F4F4; border-left: 8px solid transparent; transform: translateY(-4px) translateX(8px);\"><\/div>\n<\/div>\n<\/div>\n<div style=\"display: flex; flex-direction: column; flex-grow: 1; justify-content: center; margin-bottom: 24px;\">\n<div style=\"background-color: #f4f4f4; border-radius: 4px; flex-grow: 0; height: 14px; margin-bottom: 6px; width: 224px;\"><\/div>\n<div style=\"background-color: #f4f4f4; border-radius: 4px; flex-grow: 0; height: 14px; width: 144px;\"><\/div>\n<\/div>\n<p style=\"color: #c9c8cd; font-family: Arial,sans-serif; font-size: 14px; line-height: 17px; margin-bottom: 0; margin-top: 8px; overflow: hidden; padding: 8px 0 7px; text-align: center; text-overflow: ellipsis; white-space: nowrap;\"><a style=\"color: #c9c8cd; font-family: Arial,sans-serif; font-size: 14px; font-style: normal; font-weight: normal; line-height: 17px; text-decoration: none;\" href=\"https:\/\/www.instagram.com\/p\/Bsn2HBilPPg\/?utm_source=ig_embed&amp;utm_campaign=loading\" target=\"_blank\" rel=\"noopener noreferrer\">Uma publica\u00e7\u00e3o compartilhada por N\u00e1dia Rebustine (@nadiarebustine)<\/a> em <time style=\"font-family: Arial,sans-serif; font-size: 14px; line-height: 17px;\" datetime=\"2019-01-14T17:00:47+00:00\">14 de Jan, 2019 \u00e0s 9:00 PST<\/time><\/p>\n<\/div>\n<\/blockquote>\n<p><script async=\"\" src=\"\/\/www.instagram.com\/embed.js\"><\/script><\/p>\n<blockquote class=\"instagram-media\" style=\"background: #FFF; border: 0; border-radius: 3px; box-shadow: 0 0 1px 0 rgba(0,0,0,0.5),0 1px 10px 0 rgba(0,0,0,0.15); margin: 1px; max-width: 540px; min-width: 326px; padding: 0; width: calc(100% - 2px);\" data-instgrm-permalink=\"https:\/\/www.instagram.com\/p\/BxYSGNrhWFI\/?utm_source=ig_embed&amp;utm_campaign=loading\" data-instgrm-version=\"12\">\n<div style=\"padding: 16px;\">\n<div style=\"display: flex; flex-direction: row; align-items: center;\">\n<div style=\"background-color: #f4f4f4; border-radius: 50%; flex-grow: 0; height: 40px; margin-right: 14px; width: 40px;\"><\/div>\n<div style=\"display: flex; flex-direction: column; flex-grow: 1; justify-content: center;\">\n<div style=\"background-color: #f4f4f4; border-radius: 4px; flex-grow: 0; height: 14px; margin-bottom: 6px; width: 100px;\"><\/div>\n<div style=\"background-color: #f4f4f4; border-radius: 4px; flex-grow: 0; height: 14px; width: 60px;\"><\/div>\n<\/div>\n<\/div>\n<div style=\"padding: 19% 0;\"><\/div>\n<div style=\"display: block; height: 50px; margin: 0 auto 12px; width: 50px;\"><\/div>\n<div style=\"padding-top: 8px;\">\n<div style=\"color: #3897f0; font-family: Arial,sans-serif; font-size: 14px; font-style: normal; font-weight: 550; line-height: 18px;\">Ver essa foto no Instagram<\/div>\n<\/div>\n<div style=\"padding: 12.5% 0;\"><\/div>\n<div style=\"display: flex; flex-direction: row; margin-bottom: 14px; align-items: center;\">\n<div>\n<div style=\"background-color: #f4f4f4; border-radius: 50%; height: 12.5px; width: 12.5px; transform: translateX(0px) translateY(7px);\"><\/div>\n<div style=\"background-color: #f4f4f4; height: 12.5px; transform: rotate(-45deg) translateX(3px) translateY(1px); width: 12.5px; flex-grow: 0; margin-right: 14px; margin-left: 2px;\"><\/div>\n<div style=\"background-color: #f4f4f4; border-radius: 50%; height: 12.5px; width: 12.5px; transform: translateX(9px) translateY(-18px);\"><\/div>\n<\/div>\n<div style=\"margin-left: 8px;\">\n<div style=\"background-color: #f4f4f4; border-radius: 50%; flex-grow: 0; height: 20px; width: 20px;\"><\/div>\n<div style=\"width: 0; height: 0; border-top: 2px solid transparent; border-left: 6px solid #f4f4f4; border-bottom: 2px solid transparent; transform: translateX(16px) translateY(-4px) rotate(30deg);\"><\/div>\n<\/div>\n<div style=\"margin-left: auto;\">\n<div style=\"width: 0px; border-top: 8px solid #F4F4F4; border-right: 8px solid transparent; transform: translateY(16px);\"><\/div>\n<div style=\"background-color: #f4f4f4; flex-grow: 0; height: 12px; width: 16px; transform: translateY(-4px);\"><\/div>\n<div style=\"width: 0; height: 0; border-top: 8px solid #F4F4F4; border-left: 8px solid transparent; transform: translateY(-4px) translateX(8px);\"><\/div>\n<\/div>\n<\/div>\n<div style=\"display: flex; flex-direction: column; flex-grow: 1; justify-content: center; margin-bottom: 24px;\">\n<div style=\"background-color: #f4f4f4; border-radius: 4px; flex-grow: 0; height: 14px; margin-bottom: 6px; width: 224px;\"><\/div>\n<div style=\"background-color: #f4f4f4; border-radius: 4px; flex-grow: 0; height: 14px; width: 144px;\"><\/div>\n<\/div>\n<p style=\"color: #c9c8cd; font-family: Arial,sans-serif; font-size: 14px; line-height: 17px; margin-bottom: 0; margin-top: 8px; overflow: hidden; padding: 8px 0 7px; text-align: center; text-overflow: ellipsis; white-space: nowrap;\"><a style=\"color: #c9c8cd; font-family: Arial,sans-serif; font-size: 14px; font-style: normal; font-weight: normal; line-height: 17px; text-decoration: none;\" href=\"https:\/\/www.instagram.com\/p\/BxYSGNrhWFI\/?utm_source=ig_embed&amp;utm_campaign=loading\" target=\"_blank\" rel=\"noopener noreferrer\">Uma publica\u00e7\u00e3o compartilhada por Danilo Salem (@danilosalem)<\/a> em <time style=\"font-family: Arial,sans-serif; font-size: 14px; line-height: 17px;\" datetime=\"2019-05-12T22:34:28+00:00\">12 de Mai, 2019 \u00e0s 3:34 PDT<\/time><\/p>\n<\/div>\n<\/blockquote>\n<p><script async=\"\" src=\"\/\/www.instagram.com\/embed.js\"><\/script><\/p>\n<blockquote class=\"instagram-media\" style=\"background: #FFF; border: 0; border-radius: 3px; box-shadow: 0 0 1px 0 rgba(0,0,0,0.5),0 1px 10px 0 rgba(0,0,0,0.15); margin: 1px; max-width: 540px; min-width: 326px; padding: 0; width: calc(100% - 2px);\" data-instgrm-permalink=\"https:\/\/www.instagram.com\/p\/B0_NqCVB4Cb\/?utm_source=ig_embed&amp;utm_campaign=loading\" data-instgrm-version=\"12\">\n<div style=\"padding: 16px;\">\n<div style=\"display: flex; flex-direction: row; align-items: center;\">\n<div style=\"background-color: #f4f4f4; border-radius: 50%; flex-grow: 0; height: 40px; margin-right: 14px; width: 40px;\"><\/div>\n<div style=\"display: flex; flex-direction: column; flex-grow: 1; justify-content: center;\">\n<div style=\"background-color: #f4f4f4; border-radius: 4px; flex-grow: 0; height: 14px; margin-bottom: 6px; width: 100px;\"><\/div>\n<div style=\"background-color: #f4f4f4; border-radius: 4px; flex-grow: 0; height: 14px; width: 60px;\"><\/div>\n<\/div>\n<\/div>\n<div style=\"padding: 19% 0;\"><\/div>\n<div style=\"display: block; height: 50px; margin: 0 auto 12px; width: 50px;\"><\/div>\n<div style=\"padding-top: 8px;\">\n<div style=\"color: #3897f0; font-family: Arial,sans-serif; font-size: 14px; font-style: normal; font-weight: 550; line-height: 18px;\">Ver essa foto no Instagram<\/div>\n<\/div>\n<div style=\"padding: 12.5% 0;\"><\/div>\n<div style=\"display: flex; flex-direction: row; margin-bottom: 14px; align-items: center;\">\n<div>\n<div style=\"background-color: #f4f4f4; border-radius: 50%; height: 12.5px; width: 12.5px; transform: translateX(0px) translateY(7px);\"><\/div>\n<div style=\"background-color: #f4f4f4; height: 12.5px; transform: rotate(-45deg) translateX(3px) translateY(1px); width: 12.5px; flex-grow: 0; margin-right: 14px; margin-left: 2px;\"><\/div>\n<div style=\"background-color: #f4f4f4; border-radius: 50%; height: 12.5px; width: 12.5px; transform: translateX(9px) translateY(-18px);\"><\/div>\n<\/div>\n<div style=\"margin-left: 8px;\">\n<div style=\"background-color: #f4f4f4; border-radius: 50%; flex-grow: 0; height: 20px; width: 20px;\"><\/div>\n<div style=\"width: 0; height: 0; border-top: 2px solid transparent; border-left: 6px solid #f4f4f4; border-bottom: 2px solid transparent; transform: translateX(16px) translateY(-4px) rotate(30deg);\"><\/div>\n<\/div>\n<div style=\"margin-left: auto;\">\n<div style=\"width: 0px; border-top: 8px solid #F4F4F4; border-right: 8px solid transparent; transform: translateY(16px);\"><\/div>\n<div style=\"background-color: #f4f4f4; flex-grow: 0; height: 12px; width: 16px; transform: translateY(-4px);\"><\/div>\n<div style=\"width: 0; height: 0; border-top: 8px solid #F4F4F4; border-left: 8px solid transparent; transform: translateY(-4px) translateX(8px);\"><\/div>\n<\/div>\n<\/div>\n<div style=\"display: flex; flex-direction: column; flex-grow: 1; justify-content: center; margin-bottom: 24px;\">\n<div style=\"background-color: #f4f4f4; border-radius: 4px; flex-grow: 0; height: 14px; margin-bottom: 6px; width: 224px;\"><\/div>\n<div style=\"background-color: #f4f4f4; border-radius: 4px; flex-grow: 0; height: 14px; width: 144px;\"><\/div>\n<\/div>\n<p style=\"color: #c9c8cd; font-family: Arial,sans-serif; font-size: 14px; line-height: 17px; margin-bottom: 0; margin-top: 8px; overflow: hidden; padding: 8px 0 7px; text-align: center; text-overflow: ellipsis; white-space: nowrap;\"><a style=\"color: #c9c8cd; font-family: Arial,sans-serif; font-size: 14px; font-style: normal; font-weight: normal; line-height: 17px; text-decoration: none;\" href=\"https:\/\/www.instagram.com\/p\/B0_NqCVB4Cb\/?utm_source=ig_embed&amp;utm_campaign=loading\" target=\"_blank\" rel=\"noopener noreferrer\">Uma publica\u00e7\u00e3o compartilhada por Morada Vitoria (@moradavitoria)<\/a> em <time style=\"font-family: Arial,sans-serif; font-size: 14px; line-height: 17px;\" datetime=\"2019-08-10T15:00:14+00:00\">10 de Ago, 2019 \u00e0s 8:00 PDT<\/time><\/p>\n<\/div>\n<\/blockquote>\n<p><script async=\"\" src=\"\/\/www.instagram.com\/embed.js\"><\/script><\/p>\n<p>N\u00e3o existe necessidade de fazer o passeio com guias, j\u00e1 que tudo \u00e9 bem sinalizado. Entretanto, quem faz a <a href=\"https:\/\/www.partner.viator.com\/pt\/15570\/tours\/Sao-Paulo\/The-Seven-Beaches-Trail-Ubatuba\/d5112-62534P24\" target=\"_blank\" rel=\"noopener noreferrer\"><strong>trilha das 7 praias em Ubatuba acompanhada de um guia profissional<\/strong><\/a> fica sabendo mais sobre a hist\u00f3ria das praias e da cidade, al\u00e9m de ter um olhar diferente sobre a flora e fauna encontrada pelo caminho \u2014 isso sem contar na vantagem de estar um profissional treinado para socorrer algum viajante em caso de acidentes.<\/p>\n<p>A \u00e9poca entre maio e agosto \u00e9 considerada a temporada de trilhas na cidade de <a href=\"https:\/\/quantocustaviajar.com\/brasil\/ubatuba\" target=\"_blank\" rel=\"noopener noreferrer\"><strong>Ubatuba<\/strong><\/a>. Nesses meses, muita gente se mobiliza para caminhar no mato e conhecer cantinhos diferentes na regi\u00e3o, j\u00e1 que existem dezenas de trilhas para serem percorridas. Logo, as chances de encontrar companhia no caminho s\u00e3o grandes ;)<\/p>\n<p>Esse per\u00edodo tamb\u00e9m \u00e9 mais interessante para fazer a trilha porque \u00e9 uma \u00e9poca na qual n\u00e3o chove muito. Caso tenha chovido nos dias anteriores da realiza\u00e7\u00e3o da trilha, o trajeto ficar\u00e1 com lama e escorregadio \u2014 isso acontece bastante entre dezembro e mar\u00e7o, quando tempestades s\u00e3o recorrentes em Ubatuba.<\/p>\n<blockquote><p><a href=\"https:\/\/quantocustaviajar.com\/blog\/praias-imperdiveis-em-ubatuba\/\" target=\"_blank\" rel=\"noopener noreferrer\"><strong>Veja tamb\u00e9m:\u00a010 lugares e praias imperd\u00edveis em Ubatuba, no litoral de S\u00e3o Paulo<\/strong><\/a><\/p><\/blockquote>\n<h2><span class=\"ez-toc-section\" id=\"Como_fazer_a_trilha_das_7_praias_em_Ubatuba\"><\/span>Como fazer a trilha das 7 praias em Ubatuba<span class=\"ez-toc-section-end\"><\/span><\/h2>\n<p>A maioria dos visitantes sai da Praia da Lagoinha bem cedinho, por volta das 6h da manh\u00e3, de onde se inicia o percurso. Quem vai sozinho, sem um guia que fa\u00e7a o translado at\u00e9 o ponto de partida por exemplo, deve se organizar para ir em dois carros, fazendo o seguinte esqueminha.<\/p>\n<p>Os dois carros v\u00e3o at\u00e9 a Praia Fortaleza e um ve\u00edculo fica estacionado l\u00e1 (ser\u00e1 o local onde voc\u00eas ir\u00e3o terminar a trilha). O condutor desse ve\u00edculo segue no segundo carro e tudo mundo vai at\u00e9 a Praia da Lagoinha, onde \u00e9 o ponto de partida da trilha.<\/p>\n<p>Ap\u00f3s terminar o percurso, na Praia da Fortaleza, voc\u00eas pegam o autom\u00f3vel que ficou l\u00e1 estacionado e seguem para Lagoinha para pegar o segundo carro.<\/p>\n<p>Essa log\u00edstica \u00e9 importante porque n\u00e3o tem como chamar um Uber para te buscar na Praia Forteza (a maioria dos motoristas cancela a viagem). Fazer a volta de barco nem sempre \u00e9 poss\u00edvel, pois tudo depende da mar\u00e9 e, quando est\u00e1 agitada, o percurso n\u00e3o \u00e9 realizado \u2014 al\u00e9m de sair caro.<\/p>\n<p>Uma alternativa \u00e9 pegar um \u00f4nibus no ponto final da praia da Fortaleza (que fica na Rodovia Governador Mario Covas, na altura do n\u00famero 750) e ir at\u00e9 o centro de <a href=\"https:\/\/quantocustaviajar.com\/brasil\/ubatuba\" target=\"_blank\" rel=\"noopener noreferrer\"><strong>Ubatuba<\/strong><\/a>. O problema \u00e9 que da Fortaleza at\u00e9 o ponto de \u00f4nibus, voc\u00ea vai caminhar mais 7 km!<\/p>\n<p>Se tiver disposi\u00e7\u00e3o para andar os 10 km da trilha e ainda andar mais 8 km at\u00e9 o ponto de \u00f4nibus, d\u00e1 para ir para Lagoinha de Uber, terminar a trilha, ir para o ponto de \u00f4nibus e retornar para o centro de Ubatuba. Mas, para fazer isso, voc\u00ea deve estar preparada fisicamente, ok?<\/p>\n<h2><span class=\"ez-toc-section\" id=\"Cenarios_da_trilha_das_7_praias_em_Ubatuba\"><\/span>Cen\u00e1rios da trilha das 7 praias em Ubatuba<span class=\"ez-toc-section-end\"><\/span><\/h2>\n<p>Descubra um pouquinho mais sobre as praias que vai encontrar pela trilha:<\/p>\n<h3><span class=\"ez-toc-section\" id=\"1_Praia_do_Oeste\"><\/span>1. Praia do Oeste<span class=\"ez-toc-section-end\"><\/span><\/h3>\n<p>Saindo de Lagoinha, a praia com a melhor infraestrutura da trilha, voc\u00ea seguir\u00e1 para o lado esquerdo, onde inicia a trilha. O percurso at\u00e9 a Praia do Oeste \u00e9 curto e f\u00e1cil.<\/p>\n<p>A Praia do Oeste est\u00e1 sempre vazia e por isso \u00e9 considerada uma das &#8220;praias desertas de Ubatuba&#8221;. As \u00e1guas s\u00e3o rasas e praticamente sem ondas ou correntezas, sendo um lugar bem gostoso para um banho.<\/p>\n<h3><span class=\"ez-toc-section\" id=\"2_Praia_do_Peres\"><\/span>2. Praia do Peres<span class=\"ez-toc-section-end\"><\/span><\/h3>\n<p>Seguindo a trilha, voc\u00ea chega em poucos minutos na Praia do Peres. A orla \u00e9 repleta de rochas e o turistas encontra poucos quiosques para comprar algum coisinha.<\/p>\n<p>Mas o mar segue o mesmo estilo da Praia do Oeste, praticamente sem ondas e bem calmo. Apesar de ter esse jeit\u00e3o mais deserto, existem alguns im\u00f3veis para alugar caso queira se hospedar na praia.<\/p>\n<h3><span class=\"ez-toc-section\" id=\"3_Praia_do_Bonete\"><\/span>3. Praia do Bonete<span class=\"ez-toc-section-end\"><\/span><\/h3>\n<p>Mesmo fora da trilha das 7 praias em Ubatuba, a Praia do Bonete \u00e9 sempre uma das mais visitas pelos turistas (mesmo sendo acessada somente pelo mar ou por trilhas) e sempre possui quiosques abertos, o que garante uma pausa para ir ao banheiro ou comprar algo.<\/p>\n<p>A faixa de areia \u00e9 menor e aquele clima acolhedor e familiar impera na praia. Vale a pena fazer uma pausa para tomar banho nas \u00e1guas calmas e transparentes!<\/p>\n<h3><span class=\"ez-toc-section\" id=\"4_Praia_Grande_do_Bonete\"><\/span>4. Praia Grande do Bonete<span class=\"ez-toc-section-end\"><\/span><\/h3>\n<figure id=\"attachment_38481\" aria-describedby=\"caption-attachment-38481\" style=\"width: 800px\" class=\"wp-caption aligncenter\"><img loading=\"lazy\" decoding=\"async\" class=\"size-full wp-image-38481\" src=\"https:\/\/quantocustaviajar.com\/blog\/wp-content\/uploads\/2019\/10\/praia-do-grande-bonete-ubatuba.jpg\" alt=\"trilha das 7 praias em ubatuba\" width=\"800\" height=\"534\" srcset=\"https:\/\/quantocustaviajar.com\/blog\/wp-content\/uploads\/2019\/10\/praia-do-grande-bonete-ubatuba.jpg 800w, https:\/\/quantocustaviajar.com\/blog\/wp-content\/uploads\/2019\/10\/praia-do-grande-bonete-ubatuba-300x200.jpg 300w, https:\/\/quantocustaviajar.com\/blog\/wp-content\/uploads\/2019\/10\/praia-do-grande-bonete-ubatuba-768x513.jpg 768w\" sizes=\"auto, (max-width: 800px) 100vw, 800px\" \/><figcaption id=\"caption-attachment-38481\" class=\"wp-caption-text\">Foto: <a href=\"https:\/\/commons.wikimedia.org\/wiki\/File:Praia_Grande_do_Bonete.JPG\" rel=\"noopener\">Wikimedia Commons<\/a><\/figcaption><\/figure>\n<p>Saindo da Praia do Bonete, a trilha te levar\u00e1 at\u00e9 a praia mais frequentada do percurso: a Grande Bonete. A vila pesqueira que se instalou na praia garante que quiosques estejam sempre abertos para servir os turistas.<\/p>\n<p>Muitos passeios de barco em Ubatuba tamb\u00e9m param nessa praia, que \u00e9 bastante frequentada por casais em busca de descanso.<\/p>\n<h3><span class=\"ez-toc-section\" id=\"5_Praia_do_Deserto\"><\/span>5. Praia do Deserto<span class=\"ez-toc-section-end\"><\/span><\/h3>\n<figure id=\"attachment_38482\" aria-describedby=\"caption-attachment-38482\" style=\"width: 800px\" class=\"wp-caption aligncenter\"><img loading=\"lazy\" decoding=\"async\" class=\"size-full wp-image-38482\" src=\"https:\/\/quantocustaviajar.com\/blog\/wp-content\/uploads\/2019\/10\/praia-do-deserto-ubatuba.jpg\" alt=\"trilha das 7 praias em ubatuba\" width=\"800\" height=\"600\" srcset=\"https:\/\/quantocustaviajar.com\/blog\/wp-content\/uploads\/2019\/10\/praia-do-deserto-ubatuba.jpg 800w, https:\/\/quantocustaviajar.com\/blog\/wp-content\/uploads\/2019\/10\/praia-do-deserto-ubatuba-300x225.jpg 300w, https:\/\/quantocustaviajar.com\/blog\/wp-content\/uploads\/2019\/10\/praia-do-deserto-ubatuba-768x576.jpg 768w\" sizes=\"auto, (max-width: 800px) 100vw, 800px\" \/><figcaption id=\"caption-attachment-38482\" class=\"wp-caption-text\">Foto: <a href=\"https:\/\/commons.wikimedia.org\/wiki\/File:Praia_do_Deserto_(Grande_do_Bonete).jpg\" rel=\"noopener\">Wikimedia Commons<\/a><\/figcaption><\/figure>\n<p>Quem sai de Lagoinha para fazer a trilha das 7 praias em Ubatuba encontra nesse trecho a parte mais dif\u00edcil do percurso, j\u00e1 que vai enfrentar uma descida com grandes eros\u00f5es. Sendo assim, muita aten\u00e7\u00e3o e cautela na caminhada para evitar quedas, porque n\u00e3o tem nenhuma infraestrutura na praia.<\/p>\n<p>Ap\u00f3s passar esse trecho, um mar azulzinho e com poucas ondas aparece diante dos seus olhos. Esse ponto do continente \u00e9 o mais pr\u00f3ximo da Ilha do Mar Virado, um dos principais ponto de mergulho em Ubatuba.<\/p>\n<h3><span class=\"ez-toc-section\" id=\"6_Prainha_do_Deserto\"><\/span>6. Prainha do Deserto<span class=\"ez-toc-section-end\"><\/span><\/h3>\n<p>Seguindo pela trilha, voc\u00ea vai se deparar com a Prainha do Deserto, separada por uma forma\u00e7\u00e3o rochosa da Praia do Deserta. A Mata Atl\u00e2ntica toma conta da regi\u00e3o e maioria dos frequentadores s\u00e3o jovens que ficam escutando m\u00fasica e se divertindo nas \u00e1guas calmas e limpas da praia. Muitos passeios de barco tamb\u00e9m fazem pausas nessa praia.<\/p>\n<h3><span class=\"ez-toc-section\" id=\"7_Praia_do_Cedro_do_Sul\"><\/span>7. Praia do Cedro do Sul<span class=\"ez-toc-section-end\"><\/span><\/h3>\n<figure id=\"attachment_38484\" aria-describedby=\"caption-attachment-38484\" style=\"width: 800px\" class=\"wp-caption aligncenter\"><img loading=\"lazy\" decoding=\"async\" class=\"size-full wp-image-38484\" src=\"https:\/\/quantocustaviajar.com\/blog\/wp-content\/uploads\/2019\/10\/praia-do-cedro-ubatuba.jpg\" alt=\"\" width=\"800\" height=\"600\" srcset=\"https:\/\/quantocustaviajar.com\/blog\/wp-content\/uploads\/2019\/10\/praia-do-cedro-ubatuba.jpg 800w, https:\/\/quantocustaviajar.com\/blog\/wp-content\/uploads\/2019\/10\/praia-do-cedro-ubatuba-300x225.jpg 300w, https:\/\/quantocustaviajar.com\/blog\/wp-content\/uploads\/2019\/10\/praia-do-cedro-ubatuba-768x576.jpg 768w\" sizes=\"auto, (max-width: 800px) 100vw, 800px\" \/><figcaption id=\"caption-attachment-38484\" class=\"wp-caption-text\">Foto: <a href=\"https:\/\/commons.wikimedia.org\/wiki\/File:Praia_do_Cedro,_Ubatuba_-_SP.jpg\" rel=\"noopener\">Wikimedia Commons<\/a><\/figcaption><\/figure>\n<p>Toda essa regi\u00e3o da Praia do Deserto, Prainha do Deserto e da Praia do Cedro \u00e9 comumente conhecida como Praia do Cedro (como se as tr\u00eas fossem uma s\u00f3). S\u00f3 que existem boas delimita\u00e7\u00f5es de espa\u00e7o entre elas e o trecho considerado apenas a Praia do Cedro do Sul fica escondidinho mais \u00e0 frente da Prainha.<\/p>\n<p>Os mapas da trilha costuma pular essa praia, mas vale a pena seguir para conhec\u00ea-la. A trilha volta a ficar dif\u00edcil nesse ponto antes de chegar \u00e0 Praia da Fortaleza, ap\u00f3s 10 km de caminhada pela trilha das 7 praias em Ubatuba.<\/p>\n<p>Se voc\u00ea tiver a oportunidade de fazer esse percurso ecol\u00f3gico em Ubatuba, saiba que vai encontrar muitas belezas naturais pelo caminho e ter um momento para se desligar da correria do dia a dia. \u00c9 um passeio que vale a pena ser feito!<\/p>\n","protected":false},"excerpt":{"rendered":"<p>A trilha das 7 praias em Ubatuba \u00e9 um trecho de 10 km que liga a Praia da Lagoinha at\u00e9 a Praia da Fortaleza, passando pela Praia do Oeste, Peres, Bonete, Grande Bonete, Praia do Deserto, Prainha e Praia do Cedro. Quem gosta de andar no meio do mato e se deparar com paisagens lind\u00edssimas [&hellip;]<\/p>\n","protected":false},"author":11,"featured_media":0,"comment_status":"open","ping_status":"open","sticky":false,"template":"","format":"standard","meta":{"cybocfi_hide_featured_image":"","footnotes":""},"categories":[1437,1434],"tags":[176,266,181,303,423,1181],"class_list":["post-38472","post","type-post","status-publish","format-standard","hentry","category-ao-ar-livre","category-descubra-brasil","tag-america-do-sul","tag-brasil","tag-praias","tag-sao-paulo","tag-trilha","tag-ubatuba"],"blocksy_meta":[],"yoast_head":"<!-- This site is optimized with the Yoast SEO plugin v26.3 - https:\/\/yoast.com\/wordpress\/plugins\/seo\/ -->\n<title>Trilha das 7 praias em Ubatuba: saiba tudo sobre o passeio<\/title>\n<meta name=\"description\" content=\"Conhe\u00e7a a trilha das 7 praias em Ubatuba, um percurso com 10 km de dist\u00e2ncia que passa pelos cen\u00e1rios mais lindos e desertos de Ubatuba.\" \/>\n<meta name=\"robots\" content=\"index, follow, max-snippet:-1, max-image-preview:large, max-video-preview:-1\" \/>\n<link rel=\"canonical\" href=\"https:\/\/quantocustaviajar.com\/blog\/trilha-das-7-praias-em-ubatuba\/\" \/>\n<meta property=\"og:locale\" content=\"pt_BR\" \/>\n<meta property=\"og:type\" content=\"article\" \/>\n<meta property=\"og:title\" content=\"Esta trilha de 10 km em Ubatuba passa por praias desertas realmente LINDAS!\" \/>\n<meta property=\"og:description\" content=\"S\u00e3o 10 km de percurso com os cen\u00e1rios mais encantadores de Ubatuba!\" \/>\n<meta property=\"og:url\" content=\"https:\/\/quantocustaviajar.com\/blog\/trilha-das-7-praias-em-ubatuba\/\" \/>\n<meta property=\"og:site_name\" content=\"Blog Quanto Custa Viajar\" \/>\n<meta property=\"article:publisher\" content=\"https:\/\/www.facebook.com\/quantocustaviajar\" \/>\n<meta property=\"article:published_time\" content=\"2019-10-15T13:48:29+00:00\" \/>\n<meta property=\"article:modified_time\" content=\"2021-08-02T19:07:49+00:00\" \/>\n<meta property=\"og:image\" content=\"https:\/\/quantocustaviajar.com\/blog\/wp-content\/uploads\/2019\/10\/praia-do-bonete-ubatuba.jpg\" \/>\n\t<meta property=\"og:image:width\" content=\"800\" \/>\n\t<meta property=\"og:image:height\" content=\"534\" \/>\n\t<meta property=\"og:image:type\" content=\"image\/jpeg\" \/>\n<meta name=\"author\" content=\"Andressa Xavier Pellanda\" \/>\n<meta name=\"twitter:card\" content=\"summary_large_image\" \/>\n<meta name=\"twitter:label1\" content=\"Escrito por\" \/>\n\t<meta name=\"twitter:data1\" content=\"Andressa Xavier Pellanda\" \/>\n\t<meta name=\"twitter:label2\" content=\"Est. tempo de leitura\" \/>\n\t<meta name=\"twitter:data2\" content=\"7 minutos\" \/>\n<!-- \/ Yoast SEO plugin. -->","yoast_head_json":{"title":"Trilha das 7 praias em Ubatuba: saiba tudo sobre o passeio","description":"Conhe\u00e7a a trilha das 7 praias em Ubatuba, um percurso com 10 km de dist\u00e2ncia que passa pelos cen\u00e1rios mais lindos e desertos de Ubatuba.","robots":{"index":"index","follow":"follow","max-snippet":"max-snippet:-1","max-image-preview":"max-image-preview:large","max-video-preview":"max-video-preview:-1"},"canonical":"https:\/\/quantocustaviajar.com\/blog\/trilha-das-7-praias-em-ubatuba\/","og_locale":"pt_BR","og_type":"article","og_title":"Esta trilha de 10 km em Ubatuba passa por praias desertas realmente LINDAS!","og_description":"S\u00e3o 10 km de percurso com os cen\u00e1rios mais encantadores de Ubatuba!","og_url":"https:\/\/quantocustaviajar.com\/blog\/trilha-das-7-praias-em-ubatuba\/","og_site_name":"Blog Quanto Custa Viajar","article_publisher":"https:\/\/www.facebook.com\/quantocustaviajar","article_published_time":"2019-10-15T13:48:29+00:00","article_modified_time":"2021-08-02T19:07:49+00:00","og_image":[{"width":800,"height":534,"url":"https:\/\/quantocustaviajar.com\/blog\/wp-content\/uploads\/2019\/10\/praia-do-bonete-ubatuba.jpg","type":"image\/jpeg"}],"author":"Andressa Xavier Pellanda","twitter_card":"summary_large_image","twitter_misc":{"Escrito por":"Andressa Xavier Pellanda","Est. tempo de leitura":"7 minutos"},"schema":{"@context":"https:\/\/schema.org","@graph":[{"@type":["Article","BlogPosting"],"@id":"https:\/\/quantocustaviajar.com\/blog\/trilha-das-7-praias-em-ubatuba\/#article","isPartOf":{"@id":"https:\/\/quantocustaviajar.com\/blog\/trilha-das-7-praias-em-ubatuba\/"},"author":{"name":"Andressa Xavier Pellanda","@id":"https:\/\/quantocustaviajar.com\/blog\/#\/schema\/person\/81b0aaf2069da1a2da54677906b42d3c"},"headline":"Trilha das 7 praias em Ubatuba: saiba tudo sobre o passeio","datePublished":"2019-10-15T13:48:29+00:00","dateModified":"2021-08-02T19:07:49+00:00","mainEntityOfPage":{"@id":"https:\/\/quantocustaviajar.com\/blog\/trilha-das-7-praias-em-ubatuba\/"},"wordCount":1330,"commentCount":20,"publisher":{"@id":"https:\/\/quantocustaviajar.com\/blog\/#organization"},"image":{"@id":"https:\/\/quantocustaviajar.com\/blog\/trilha-das-7-praias-em-ubatuba\/#primaryimage"},"thumbnailUrl":"https:\/\/quantocustaviajar.com\/blog\/wp-content\/uploads\/2019\/10\/praia-do-grande-bonete-ubatuba.jpg","keywords":["am\u00e9rica do sul","Brasil","praias","S\u00e3o Paulo","trilha","Ubatuba"],"articleSection":["Ao Ar Livre","Descubra o Brasil"],"inLanguage":"pt-BR","potentialAction":[{"@type":"CommentAction","name":"Comment","target":["https:\/\/quantocustaviajar.com\/blog\/trilha-das-7-praias-em-ubatuba\/#respond"]}]},{"@type":"WebPage","@id":"https:\/\/quantocustaviajar.com\/blog\/trilha-das-7-praias-em-ubatuba\/","url":"https:\/\/quantocustaviajar.com\/blog\/trilha-das-7-praias-em-ubatuba\/","name":"Trilha das 7 praias em Ubatuba: saiba tudo sobre o passeio","isPartOf":{"@id":"https:\/\/quantocustaviajar.com\/blog\/#website"},"primaryImageOfPage":{"@id":"https:\/\/quantocustaviajar.com\/blog\/trilha-das-7-praias-em-ubatuba\/#primaryimage"},"image":{"@id":"https:\/\/quantocustaviajar.com\/blog\/trilha-das-7-praias-em-ubatuba\/#primaryimage"},"thumbnailUrl":"https:\/\/quantocustaviajar.com\/blog\/wp-content\/uploads\/2019\/10\/praia-do-grande-bonete-ubatuba.jpg","datePublished":"2019-10-15T13:48:29+00:00","dateModified":"2021-08-02T19:07:49+00:00","description":"Conhe\u00e7a a trilha das 7 praias em Ubatuba, um percurso com 10 km de dist\u00e2ncia que passa pelos cen\u00e1rios mais lindos e desertos de Ubatuba.","breadcrumb":{"@id":"https:\/\/quantocustaviajar.com\/blog\/trilha-das-7-praias-em-ubatuba\/#breadcrumb"},"inLanguage":"pt-BR","potentialAction":[{"@type":"ReadAction","target":["https:\/\/quantocustaviajar.com\/blog\/trilha-das-7-praias-em-ubatuba\/"]}]},{"@type":"ImageObject","inLanguage":"pt-BR","@id":"https:\/\/quantocustaviajar.com\/blog\/trilha-das-7-praias-em-ubatuba\/#primaryimage","url":"https:\/\/quantocustaviajar.com\/blog\/wp-content\/uploads\/2019\/10\/praia-do-grande-bonete-ubatuba.jpg","contentUrl":"https:\/\/quantocustaviajar.com\/blog\/wp-content\/uploads\/2019\/10\/praia-do-grande-bonete-ubatuba.jpg","width":800,"height":534,"caption":"Foto: Wikimedia Commons"},{"@type":"BreadcrumbList","@id":"https:\/\/quantocustaviajar.com\/blog\/trilha-das-7-praias-em-ubatuba\/#breadcrumb","itemListElement":[{"@type":"ListItem","position":1,"name":"In\u00edcio","item":"https:\/\/quantocustaviajar.com\/blog\/"},{"@type":"ListItem","position":2,"name":"Trilha das 7 praias em Ubatuba: saiba tudo sobre o passeio"}]},{"@type":"WebSite","@id":"https:\/\/quantocustaviajar.com\/blog\/#website","url":"https:\/\/quantocustaviajar.com\/blog\/","name":"Blog Quanto Custa Viajar","description":"","publisher":{"@id":"https:\/\/quantocustaviajar.com\/blog\/#organization"},"potentialAction":[{"@type":"SearchAction","target":{"@type":"EntryPoint","urlTemplate":"https:\/\/quantocustaviajar.com\/blog\/?s={search_term_string}"},"query-input":{"@type":"PropertyValueSpecification","valueRequired":true,"valueName":"search_term_string"}}],"inLanguage":"pt-BR"},{"@type":"Organization","@id":"https:\/\/quantocustaviajar.com\/blog\/#organization","name":"Quanto Custa Viajar","url":"https:\/\/quantocustaviajar.com\/blog\/","logo":{"@type":"ImageObject","inLanguage":"pt-BR","@id":"https:\/\/quantocustaviajar.com\/blog\/#\/schema\/logo\/image\/","url":"","contentUrl":"","caption":"Quanto Custa Viajar"},"image":{"@id":"https:\/\/quantocustaviajar.com\/blog\/#\/schema\/logo\/image\/"},"sameAs":["https:\/\/www.facebook.com\/quantocustaviajar"]},{"@type":"Person","@id":"https:\/\/quantocustaviajar.com\/blog\/#\/schema\/person\/81b0aaf2069da1a2da54677906b42d3c","name":"Andressa Xavier Pellanda","image":{"@type":"ImageObject","inLanguage":"pt-BR","@id":"https:\/\/quantocustaviajar.com\/blog\/#\/schema\/person\/image\/","url":"https:\/\/secure.gravatar.com\/avatar\/efccc167c341de2100a574b335de06f5efda2310964e70124d995491728ed674?s=96&d=mm&r=g","contentUrl":"https:\/\/secure.gravatar.com\/avatar\/efccc167c341de2100a574b335de06f5efda2310964e70124d995491728ed674?s=96&d=mm&r=g","caption":"Andressa Xavier Pellanda"},"description":"Eu gosto de viajar antes mesmo de chegar ao destino!","url":"https:\/\/quantocustaviajar.com\/blog\/author\/andressa\/"}]}},"_links":{"self":[{"href":"https:\/\/quantocustaviajar.com\/blog\/wp-json\/wp\/v2\/posts\/38472","targetHints":{"allow":["GET"]}}],"collection":[{"href":"https:\/\/quantocustaviajar.com\/blog\/wp-json\/wp\/v2\/posts"}],"about":[{"href":"https:\/\/quantocustaviajar.com\/blog\/wp-json\/wp\/v2\/types\/post"}],"author":[{"embeddable":true,"href":"https:\/\/quantocustaviajar.com\/blog\/wp-json\/wp\/v2\/users\/11"}],"replies":[{"embeddable":true,"href":"https:\/\/quantocustaviajar.com\/blog\/wp-json\/wp\/v2\/comments?post=38472"}],"version-history":[{"count":6,"href":"https:\/\/quantocustaviajar.com\/blog\/wp-json\/wp\/v2\/posts\/38472\/revisions"}],"predecessor-version":[{"id":49569,"href":"https:\/\/quantocustaviajar.com\/blog\/wp-json\/wp\/v2\/posts\/38472\/revisions\/49569"}],"wp:attachment":[{"href":"https:\/\/quantocustaviajar.com\/blog\/wp-json\/wp\/v2\/media?parent=38472"}],"wp:term":[{"taxonomy":"category","embeddable":true,"href":"https:\/\/quantocustaviajar.com\/blog\/wp-json\/wp\/v2\/categories?post=38472"},{"taxonomy":"post_tag","embeddable":true,"href":"https:\/\/quantocustaviajar.com\/blog\/wp-json\/wp\/v2\/tags?post=38472"}],"curies":[{"name":"wp","href":"https:\/\/api.w.org\/{rel}","templated":true}]}}