{"id":38455,"date":"2019-10-16T13:29:24","date_gmt":"2019-10-16T13:29:24","guid":{"rendered":"https:\/\/quantocustaviajar.com\/blog\/?p=38455"},"modified":"2019-11-16T13:49:20","modified_gmt":"2019-11-16T13:49:20","slug":"viagem-minimalista-especial","status":"publish","type":"post","link":"https:\/\/quantocustaviajar.com\/blog\/viagem-minimalista-especial\/","title":{"rendered":"O mundo \u00e9 delas: Caroline Abreu fala sobre viagem minimalista"},"content":{"rendered":"<p>Minimalista de m\u00e3o cheia e mala quase vazia, <strong>Caroline Abreu<\/strong> \u00e9 o rosto por tr\u00e1s do <strong>Parece \u00d3bvio<\/strong>. Com foco em<strong> desenvolvimento pessoal e minimalismo<\/strong>, o site traz dicas para quem busca adotar este estilo de vida.<\/p>\n<p>Recentemente, ela e o marido Henrique voltaram de um<strong> mochil\u00e3o minimalista<\/strong> &#8211; o segundo do g\u00eanero na vida do casal. Atrav\u00e9s do Whatsapp, n\u00f3s batemos um papo sobre essas andan\u00e7as sem excessos pelo mundo.<\/p>\n<p>A entrevista com a Caroline marca tamb\u00e9m a estreia de uma nova s\u00e9rie aqui no <strong>Quanto Custa Viajar<\/strong>: &#8220;<strong>O Mundo \u00e9 Dela<\/strong>&#8220;, uma oportunidade de contarmos as hist\u00f3rias de mulheres incr\u00edveis que est\u00e3o redefinindo o conceito de viagens de um jeito muito especial.\u00a0\u2665<\/p>\n<p><em>Vamos come\u00e7ar?<\/em><\/p>\n<h2>Viagem minimalista, com Caroline Abreu<\/h2>\n<p><img loading=\"lazy\" decoding=\"async\" class=\"size-full wp-image-38462 aligncenter\" src=\"https:\/\/quantocustaviajar.com\/blog\/wp-content\/uploads\/2019\/10\/viagem-minimalista.jpg\" alt=\"\" width=\"1000\" height=\"667\" srcset=\"https:\/\/quantocustaviajar.com\/blog\/wp-content\/uploads\/2019\/10\/viagem-minimalista.jpg 1000w, https:\/\/quantocustaviajar.com\/blog\/wp-content\/uploads\/2019\/10\/viagem-minimalista-300x200.jpg 300w, https:\/\/quantocustaviajar.com\/blog\/wp-content\/uploads\/2019\/10\/viagem-minimalista-768x512.jpg 768w\" sizes=\"auto, (max-width: 1000px) 100vw, 1000px\" \/><\/p>\n<p><strong>Equipe Quanto Custa Viajar &#8211; Quando come\u00e7ou a viajar voc\u00ea j\u00e1 tinha um estilo de vida mais minimalista?<\/strong><\/p>\n<p><strong>Caroline Abreu<\/strong> &#8211; Eu n\u00e3o conhecia o minimalismo quando eu comecei a viajar. Bem pelo contr\u00e1rio, eu era uma pessoa bem diferente do que eu sou hoje no sentido de que eu era muito mais apegada \u00e0s coisas e grande parte das minhas viagens eu dedicava a compras e a passear em lojas, coisas que hoje eu n\u00e3o fa\u00e7o mais.<\/p>\n<p>Antes eu viajava com uma mala e eu sempre ia com aquela mala j\u00e1 meio vazia pensando em tudo que eu poderia comprar para encher ela e trazer de volta. E eu voltava com duas, porque todas as vezes que eu viajei antes de conhecer o minimalismo, eu acabava comprando uma mala extra s\u00f3 para colocar todas as coisas que eu tinha comprado. Era realmente um excesso, algo que n\u00e3o era saud\u00e1vel, n\u00e3o era normal.\u00a0Olhando para tr\u00e1s hoje eu fico meio chocada em como \u00e9 que eu n\u00e3o percebia que aquilo estava errado, sabe?<\/p>\n<p>A minha mentalidade era de que \u201cah, estou aqui, n\u00e3o sei quando eu vou voltar, se um dia eu vou voltar, ent\u00e3o vou aproveitar e comprar tudo o que eu posso\u201d. E tamb\u00e9m o euro e o d\u00f3lar eram mais baratos naquela \u00e9poca, ent\u00e3o Isso facilitava bastante.<\/p>\n<p><img loading=\"lazy\" decoding=\"async\" class=\"size-full wp-image-38463 aligncenter\" src=\"https:\/\/quantocustaviajar.com\/blog\/wp-content\/uploads\/2019\/10\/viagem-minimalista2.jpg\" alt=\"\" width=\"1000\" height=\"667\" srcset=\"https:\/\/quantocustaviajar.com\/blog\/wp-content\/uploads\/2019\/10\/viagem-minimalista2.jpg 1000w, https:\/\/quantocustaviajar.com\/blog\/wp-content\/uploads\/2019\/10\/viagem-minimalista2-300x200.jpg 300w, https:\/\/quantocustaviajar.com\/blog\/wp-content\/uploads\/2019\/10\/viagem-minimalista2-768x512.jpg 768w\" sizes=\"auto, (max-width: 1000px) 100vw, 1000px\" \/><\/p>\n<p><strong>QCV &#8211; O que mudou na maneira de viajar depois de ter aderido ao minimalismo?<\/strong><\/p>\n<p><strong>Caroline &#8211;\u00a0<\/strong>Um dos primeiros estalos que tive quando conheci esse estilo de vida \u00e9 que mesmo tendo sido essa viajante que comprava muito, que organizava muito da sua viagem em torno do rol\u00ea das compras, a maior lembran\u00e7a que eu tinha dessas experi\u00eancias n\u00e3o envolvia o que eu tinha comprado, envolvia os lugares que eu tinha visitado, as pessoas que tinha conhecido&#8230;\u00a0As compras, grande parte delas eu j\u00e1 n\u00e3o tinha mais&#8230; j\u00e1 tinha passado adiante, doado ou vendido. Enfim, n\u00e3o era isso que ficava, sabe?<\/p>\n<p>Hoje em dia, eu organizo os meus roteiros muito mais em fun\u00e7\u00e3o do que eu quero fazer e n\u00e3o do que eu quero comprar. Antes eu poderia incluir um dia no meu roteiro para ir num shopping ou visitar lojas de<em> fast fashion<\/em>. Hoje eu n\u00e3o fa\u00e7o mais isso. N\u00e3o quer dizer que eu n\u00e3o vou na loja. Pode ser que eu v\u00e1, mas \u00e9 s\u00f3 se eu estou na frente dela. Eu n\u00e3o mudo o meu roteiro para incluir algum rol\u00ea de compras.<\/p>\n<p>Outra coisa foi a quest\u00e3o da bagagem. Eu percebi que, al\u00e9m de n\u00e3o precisar comprar, eu tamb\u00e9m n\u00e3o precisava levar muita coisa que eu levava de casa, porque assim como as compras n\u00e3o eram uma lembran\u00e7a que ficava das minhas viagens, a roupa que eu estava vestindo tamb\u00e9m n\u00e3o era a lembran\u00e7a que ficava. A lembran\u00e7a era o que eu tinha vivido. Ent\u00e3o eu consegui tamb\u00e9m enxugar bastante a minha bagagem. Inclusive consegui come\u00e7ar a viajar de mochila, que era uma coisa impens\u00e1vel antes de eu conhecer o minimalismo.<\/p>\n<p><img loading=\"lazy\" decoding=\"async\" class=\"wp-image-38464 aligncenter\" src=\"https:\/\/quantocustaviajar.com\/blog\/wp-content\/uploads\/2019\/10\/viagem-minimalista3.jpg\" alt=\"\" width=\"800\" height=\"545\" srcset=\"https:\/\/quantocustaviajar.com\/blog\/wp-content\/uploads\/2019\/10\/viagem-minimalista3.jpg 660w, https:\/\/quantocustaviajar.com\/blog\/wp-content\/uploads\/2019\/10\/viagem-minimalista3-300x205.jpg 300w\" sizes=\"auto, (max-width: 800px) 100vw, 800px\" \/><\/p>\n<p><strong>QCV &#8211; E como foi que voc\u00ea conheceu o minimalismo?\u00a0<\/strong><\/p>\n<p><strong>Caroline &#8211;<\/strong> Eu conheci o minimalismo e comecei a implantar todas essas mudan\u00e7as na minha vida depois que eu assisti ao document\u00e1rio do Netflix. \u201c<a href=\"https:\/\/www.netflix.com\/es\/title\/80114460\" target=\"_blank\" rel=\"noopener noreferrer\"><strong>Minimalismo<\/strong><\/a>\u201d \u00e9 o nome, feito pelos <a href=\"https:\/\/www.theminimalists.com\/\" target=\"_blank\" rel=\"noopener noreferrer\"><strong>The Minimalists<\/strong><\/a>. O document\u00e1rio e a mensagem que ele trazia s\u00f3 fizeram sentido para mim porque eu estava vivendo um momento em que eu estava perdida profissionalmente, tinha acabado de terminar uma faculdade e estava buscando um novo objetivo para minha vida.<\/p>\n<p>Eu estava num per\u00edodo bem de crise pessoal, por dizer assim. Inclusive fui diagnosticada com depress\u00e3o naquela \u00e9poca. Quando assisti o document\u00e1rio, aquela mensagem de que a gente poderia encontrar a felicidade e contentamento vivendo com menos e que talvez toda essa busca por ter mais e mais n\u00e3o fosse realmente nos trazer felicidade fez muito sentido para mim. Assistir o filme em um momento da minha vida em que tudo o que eu costumava buscar parecia n\u00e3o fazer mais sentido foi o grande <em>start<\/em>\u00a0dessa minha transi\u00e7\u00e3o para uma vida minimalista.<\/p>\n<p><img loading=\"lazy\" decoding=\"async\" class=\"size-full wp-image-38466 aligncenter\" src=\"https:\/\/quantocustaviajar.com\/blog\/wp-content\/uploads\/2019\/10\/viagem-minimalista5.jpg\" alt=\"\" width=\"1000\" height=\"667\" srcset=\"https:\/\/quantocustaviajar.com\/blog\/wp-content\/uploads\/2019\/10\/viagem-minimalista5.jpg 1000w, https:\/\/quantocustaviajar.com\/blog\/wp-content\/uploads\/2019\/10\/viagem-minimalista5-300x200.jpg 300w, https:\/\/quantocustaviajar.com\/blog\/wp-content\/uploads\/2019\/10\/viagem-minimalista5-768x512.jpg 768w\" sizes=\"auto, (max-width: 1000px) 100vw, 1000px\" \/><\/p>\n<p>Depois que eu assisti o document\u00e1rio, que aquela mensagem fez sentido, eu comecei a procurar mais conte\u00fados na internet e livros que tratassem sobre o assunto para eu entender cada vez mais sobre isso e como eu podia aplicar isso na minha vida e no meu dia a dia.<\/p>\n<p><strong>QCV &#8211; Depois dessa transi\u00e7\u00e3o, qual foi a primeira viagem em que voc\u00ea sentiu que estava aplicando o minimalismo \u00e0 maneira de viajar?<\/strong><\/p>\n<p>A partir do momento que eu conheci o minimalismo e comecei a tentar colocar ele em pr\u00e1tica na minha vida, eu comecei a olhar para tudo com esse vi\u00e9s. A primeira vez em que o caminho da minha vida minimalista se cruzou com as viagens foi alguns meses depois que eu assisti o document\u00e1rio. Eu e o Henrique fomos para o <a href=\"https:\/\/quantocustaviajar.com\/brasil\/rio-de-janeiro\" target=\"_blank\" rel=\"noopener noreferrer\"><strong>Rio de Janeiro<\/strong><\/a> com um dinheiro que a gente juntou da venda de coisas que a gente tinha paradas em casa.<\/p>\n<p>Ent\u00e3o, quando eu conheci o document\u00e1rio, al\u00e9m de parar de comprar e ser mais consciente nas compras que eu fazia, eu comecei a olhar muito pro que eu j\u00e1 tinha em casa.\u00a0Nesse olhar para o que eu j\u00e1 tinha em casa,, eu fiz aqueles famosos <strong>destralhes<\/strong>, como se diz universo minimalista.<\/p>\n<p>Muitas coisas eu tirei para doa\u00e7\u00e3o e muitas coisas ainda estavam novas ou pouqu\u00edssimo usadas, e a\u00ed eu optei por vender tudo, sempre por um valor bem abaixo do que seria se pessoa comprasse numa loja, um valor bem simb\u00f3lico, que ajudava a pessoa que tava comprando e tamb\u00e9m me ajudava. Para ter uma no\u00e7\u00e3o de quantas coisas eu tinha paradas que eu podia vender na minha casa, juntando todo dinheiro que a gente arrecadou com essas vendas, a gente conseguiu ir passar tr\u00eas ou quatro dias no <a href=\"https:\/\/quantocustaviajar.com\/brasil\/rio-de-janeiro\" target=\"_blank\" rel=\"noopener noreferrer\"><strong>Rio de Janeiro<\/strong><\/a>. Fomos eu, o Henrique e o Ot\u00e1vio (cachorro da Carol), todos de avi\u00e3o. Pagamos as passagens, as di\u00e1rias, tudo com esse dinheiro que a gente arrecadou.<\/p>\n<p>Foi uma viagem que a gente n\u00e3o teria feito se n\u00e3o fosse essa mudan\u00e7a de vida que nos fez olhar pro que a gente j\u00e1 tinha em casa e vender isso e reverter o dinheiro. Foi o maior exemplo de como \u00e9 importante a gente focar nessa ideia de colecionar momentos e n\u00e3o coisas, porque o mesmo valor que eu tinha parado nos meus arm\u00e1rios em coisas que eu nunca usava, se transformou em tr\u00eas dias muito legais, numa cidade que a gente adora e que ficou uma lembran\u00e7a muito bacana, porque a gente foi com o nosso cachorro, a gente participou de um encontro de Chihuahuas no Rio de Janeiro&#8230; Foi muito legal essa primeira experi\u00eancia.<\/p>\n<blockquote class=\"instagram-media\" style=\"background: #FFF; border: 0; border-radius: 3px; box-shadow: 0 0 1px 0 rgba(0,0,0,0.5),0 1px 10px 0 rgba(0,0,0,0.15); margin: 1px; max-width: 800px; min-width: 326px; padding: 0; width: calc(100% - 2px);\" data-instgrm-permalink=\"https:\/\/www.instagram.com\/p\/BzyuZRwgJ_J\/?utm_source=ig_embed&amp;utm_campaign=loading\" data-instgrm-version=\"12\">\n<div style=\"padding: 16px;\">\n<div style=\"display: flex; flex-direction: row; align-items: center;\">\n<div style=\"background-color: #f4f4f4; border-radius: 50%; flex-grow: 0; height: 40px; margin-right: 14px; width: 40px;\"><\/div>\n<div style=\"display: flex; flex-direction: column; flex-grow: 1; justify-content: center;\">\n<div style=\"background-color: #f4f4f4; border-radius: 4px; flex-grow: 0; height: 14px; margin-bottom: 6px; width: 100px;\"><\/div>\n<div style=\"background-color: #f4f4f4; border-radius: 4px; flex-grow: 0; height: 14px; width: 60px;\"><\/div>\n<\/div>\n<\/div>\n<div style=\"padding: 19% 0;\"><\/div>\n<div style=\"display: block; height: 50px; margin: 0 auto 12px; width: 50px;\"><\/div>\n<div style=\"padding-top: 8px;\">\n<div style=\"color: #3897f0; font-family: Arial,sans-serif; font-size: 14px; font-style: normal; font-weight: 550; line-height: 18px;\">View this post on Instagram<\/div>\n<\/div>\n<div style=\"padding: 12.5% 0;\"><\/div>\n<div style=\"display: flex; flex-direction: row; margin-bottom: 14px; align-items: center;\">\n<div>\n<div style=\"background-color: #f4f4f4; border-radius: 50%; height: 12.5px; width: 12.5px; transform: translateX(0px) translateY(7px);\"><\/div>\n<div style=\"background-color: #f4f4f4; height: 12.5px; transform: rotate(-45deg) translateX(3px) translateY(1px); width: 12.5px; flex-grow: 0; margin-right: 14px; margin-left: 2px;\"><\/div>\n<div style=\"background-color: #f4f4f4; border-radius: 50%; height: 12.5px; width: 12.5px; transform: translateX(9px) translateY(-18px);\"><\/div>\n<\/div>\n<div style=\"margin-left: 8px;\">\n<div style=\"background-color: #f4f4f4; border-radius: 50%; flex-grow: 0; height: 20px; width: 20px;\"><\/div>\n<div style=\"width: 0; height: 0; border-top: 2px solid transparent; border-left: 6px solid #f4f4f4; border-bottom: 2px solid transparent; transform: translateX(16px) translateY(-4px) rotate(30deg);\"><\/div>\n<\/div>\n<div style=\"margin-left: auto;\">\n<div style=\"width: 0px; border-top: 8px solid #F4F4F4; border-right: 8px solid transparent; transform: translateY(16px);\"><\/div>\n<div style=\"background-color: #f4f4f4; flex-grow: 0; height: 12px; width: 16px; transform: translateY(-4px);\"><\/div>\n<div style=\"width: 0; height: 0; border-top: 8px solid #F4F4F4; border-left: 8px solid transparent; transform: translateY(-4px) translateX(8px);\"><\/div>\n<\/div>\n<\/div>\n<div style=\"display: flex; flex-direction: column; flex-grow: 1; justify-content: center; margin-bottom: 24px;\">\n<div style=\"background-color: #f4f4f4; border-radius: 4px; flex-grow: 0; height: 14px; margin-bottom: 6px; width: 224px;\"><\/div>\n<div style=\"background-color: #f4f4f4; border-radius: 4px; flex-grow: 0; height: 14px; width: 144px;\"><\/div>\n<\/div>\n<p style=\"color: #c9c8cd; font-family: Arial,sans-serif; font-size: 14px; line-height: 17px; margin-bottom: 0; margin-top: 8px; overflow: hidden; padding: 8px 0 7px; text-align: center; text-overflow: ellipsis; white-space: nowrap;\"><a style=\"color: #c9c8cd; font-family: Arial,sans-serif; font-size: 14px; font-style: normal; font-weight: normal; line-height: 17px; text-decoration: none;\" href=\"https:\/\/www.instagram.com\/p\/BzyuZRwgJ_J\/?utm_source=ig_embed&amp;utm_campaign=loading\" target=\"_blank\" rel=\"noopener noreferrer\">A post shared by Parece \u00d3bvio (@parece.obvio)<\/a> on <time style=\"font-family: Arial,sans-serif; font-size: 14px; line-height: 17px;\" datetime=\"2019-07-11T22:04:47+00:00\">Jul 11, 2019 at 3:04pm PDT<\/time><\/p>\n<\/div>\n<\/blockquote>\n<p><script async=\"\" src=\"\/\/www.instagram.com\/embed.js\"><\/script><\/p>\n<p>A viagem depois dessa do Rio foi para o<strong> <a href=\"https:\/\/quantocustaviajar.com\/chile\/san-pedro-de-atacama\" target=\"_blank\" rel=\"noopener noreferrer\">Atacama<\/a><\/strong>, da\u00ed j\u00e1 foi a primeira vez que eu me animei a compartilhar uma mala com Henrique. A gente ainda n\u00e3o viajava de mochila, mas j\u00e1 dividiu a mesma mala, n\u00e3o levamos dois volumes. Acho que o principal, al\u00e9m da bagagem, \u00e9 a quest\u00e3o de que levar um estilo de vida minimalista no meu dia a dia quando eu estou em casa me permite viajar muito mais. E quando eu viajo me permite viajar com muito mais qualidade, porque eu n\u00e3o preciso estar economizando cada centavo porque, al\u00e9m de eu ter mais dinheiro que deixei de gastar em outras coisas, eu valorizo o valor dessas experi\u00eancias que eu posso ter quando eu estou em outro lugar.<\/p>\n<blockquote><p><a href=\"https:\/\/quantocustaviajar.com\/blog\/o-que-fazer-no-deserto-do-atacama\/\" target=\"_blank\" rel=\"noopener noreferrer\"><strong>Dicas de passeios e paisagens imperd\u00edveis no Deserto do Atacama<\/strong><\/a><\/p><\/blockquote>\n<p><strong>QCV &#8211; Como voc\u00ea v\u00ea essas mudan\u00e7as nas viagens que faz hoje? Recentemente voc\u00eas fizeram um mochil\u00e3o minimalista, que n\u00e3o foi uma viagem t\u00e3o curta assim&#8230; Pode contar um pouquinho sobre como foi a organiza\u00e7\u00e3o dessa mala de viagem?<\/strong><\/p>\n<p><strong>Caroline &#8211;<\/strong> Agora a gente viaja de mochila e n\u00f3s j\u00e1 fizemos dois mochil\u00f5es mais longos. No ano passado, a gente fez uns 26 dias e o desse ano n\u00e3o chegou a 20. Na verdade, come\u00e7ar a viajar de mochila foi meio que um resultado de ter come\u00e7ado a viver um estilo de vida minimalista. Foi aos poucos.<\/p>\n<p>No <a href=\"https:\/\/quantocustaviajar.com\/chile\/san-pedro-de-atacama\" target=\"_blank\" rel=\"noopener noreferrer\"><strong>Atacama<\/strong><\/a>, a gente ainda foi com uma mala de rodinha, mas a gente dividiu a mala.\u00a0A\u00ed, no primeiro mochil\u00e3o que a gente fez, a gente comprou uma mochila e achou que estava investindo naquela mochila para a vida. Compramos uma mochila de 70 litros e a\u00ed, depois desse mochil\u00e3o de 20 e poucos dias, nos demos conta de que n\u00e3o precis\u00e1vamos de uma mochila t\u00e3o grande. A\u00ed vendemos a nossa mochila e compramos uma menor pro segundo mochil\u00e3o, ent\u00e3o at\u00e9 na quest\u00e3o das mochilas teve uma evolu\u00e7\u00e3o.<\/p>\n<p>A mochila eu sempre fa\u00e7o por etapas. Sempre penso em quantos dias eu vou passar no lugar, olho a previs\u00e3o do tempo e meio que j\u00e1 monto o que vou vestir em cada dia.\u00a0Eu fa\u00e7o isso sempre com bastante anteced\u00eancia da viagem, tipo duas semanas. At\u00e9 o dia em que vou embarcar, eu vou refinando a minha mala e tirando coisas.<\/p>\n<p><img loading=\"lazy\" decoding=\"async\" class=\"size-full wp-image-38467 aligncenter\" src=\"https:\/\/quantocustaviajar.com\/blog\/wp-content\/uploads\/2019\/10\/viagem-minimalista6.jpeg\" alt=\"\" width=\"1280\" height=\"960\" srcset=\"https:\/\/quantocustaviajar.com\/blog\/wp-content\/uploads\/2019\/10\/viagem-minimalista6.jpeg 1280w, https:\/\/quantocustaviajar.com\/blog\/wp-content\/uploads\/2019\/10\/viagem-minimalista6-300x225.jpeg 300w, https:\/\/quantocustaviajar.com\/blog\/wp-content\/uploads\/2019\/10\/viagem-minimalista6-768x576.jpeg 768w, https:\/\/quantocustaviajar.com\/blog\/wp-content\/uploads\/2019\/10\/viagem-minimalista6-1024x768.jpeg 1024w\" sizes=\"auto, (max-width: 1280px) 100vw, 1280px\" \/><\/p>\n<p>Fazer uma mala minimalista talvez seja mais trabalhoso do que fazer uma mala n\u00e3o minimalista, mas \u00e9 um investimento de tempo. Ao mesmo tempo em que vou passar menos trabalho carregando menos peso, eu tamb\u00e9m vou passar menos tempo durante a viagem escolhendo qual roupa vestir, porque eu j\u00e1 vou sabendo o que vou vestir.<\/p>\n<blockquote><p><a href=\"https:\/\/quantocustaviajar.com\/blog\/viajar-com-mala-de-mao\/\" target=\"_blank\" rel=\"noopener noreferrer\"><strong>Viajar com mala de m\u00e3o: tamanhos, dicas e informa\u00e7\u00f5es que voc\u00ea precisa saber<\/strong><\/a><\/p><\/blockquote>\n<p><strong>QCV &#8211; Na viagem em si, mudou alguma coisa para que ela pudesse ser mais minimalista?<\/strong><\/p>\n<p><strong>Caroline &#8211;<\/strong> Uma coisa que mudou quando eu vou pensar no que levar para essas viagens mais longas \u00e9 que eu comecei a <strong>lavar roupa durante a viagem<\/strong>, que \u00e9 uma coisa que eu n\u00e3o fazia antes. Percebi com essas minhas experi\u00eancias nos mochil\u00f5es que \u00e9 um tempo que eu gasto ali em volta da m\u00e1quina de lavar e da secadora, que ele compensa eu perder esse tempo durante a viagem, lavando as minhas roupas, por toda a praticidade que ele me d\u00e1 e o conforto que ele me d\u00e1 por eu n\u00e3o carregar tanto peso nas costas. Porque quando a gente viaja de mochila, a gente tem que sempre lembrar que cada pe\u00e7a de roupa, cada coisa a mais, vai pesar nos nossos ombros. Por mais que aquilo n\u00e3o pare\u00e7a t\u00e3o pesado no in\u00edcio da viagem, no final da viagem parece que o peso duplica e d\u00f3i as costas. Ent\u00e3o o fato de viajar com a mochila nas costas me tornou muito mais consciente dessas escolhas e me fez procurar por alternativas, sendo lavar a roupa durante a viagem uma delas.<\/p>\n<p>O minimalismo tamb\u00e9m entra na hora em que eu penso no meu roteiro no lugar. Hoje em dia eu sou muito menos apegada a pontos tur\u00edsticos e lugares que voc\u00ea &#8220;precisa conhecer&#8221; em tal cidade, sabe? Porque eu j\u00e1 entendi que tem coisas que eu curto e tem coisas que n\u00e3o, independente de ser famosa ou n\u00e3o a atra\u00e7\u00e3o. Ent\u00e3o na hora que eu estou pensando no que eu quero conhecer em uma cidade que eu vou visitar, \u00e0s vezes eu acabo deixando de fora algum lugar super tur\u00edstico e incluo um lugar que n\u00e3o \u00e9 t\u00e3o conhecido assim, mas que tem mais a ver com o que eu curto fazer. Isso \u00e9 outra coisa que o minimalismo veio a mudar nas minhas viagens. Antes eu era mais de me importar com essas coisas que todo mundo est\u00e1 fazendo, que todo mundo est\u00e1 visitando&#8230;<\/p>\n<blockquote><p><a href=\"https:\/\/quantocustaviajar.com\/blog\/lavanderia-bar-sagres-portugal\/\" target=\"_blank\" rel=\"noopener noreferrer\"><strong>Voc\u00ea vai AMAR beber bons drinks enquanto lava suas roupas nessa lavanderia-bar<\/strong><\/a><\/p><\/blockquote>\n<p><img loading=\"lazy\" decoding=\"async\" class=\"size-full wp-image-38465 aligncenter\" src=\"https:\/\/quantocustaviajar.com\/blog\/wp-content\/uploads\/2019\/10\/viagem-minimalista4.jpg\" alt=\"\" width=\"1000\" height=\"667\" srcset=\"https:\/\/quantocustaviajar.com\/blog\/wp-content\/uploads\/2019\/10\/viagem-minimalista4.jpg 1000w, https:\/\/quantocustaviajar.com\/blog\/wp-content\/uploads\/2019\/10\/viagem-minimalista4-300x200.jpg 300w, https:\/\/quantocustaviajar.com\/blog\/wp-content\/uploads\/2019\/10\/viagem-minimalista4-768x512.jpg 768w\" sizes=\"auto, (max-width: 1000px) 100vw, 1000px\" \/><\/p>\n<p><strong>QCV &#8211; E como \u00e9 que o Parece \u00d3bvio surgiu nessa nova etapa?<\/strong><\/p>\n<p><strong>Caroline &#8211;<\/strong> O <a href=\"http:\/\/pareceobvio.com\/\" target=\"_blank\" rel=\"noopener noreferrer\"><strong>Parece \u00d3bvio<\/strong><\/a> surgiu um pouco depois que eu conheci o minimalismo e comecei essa mudan\u00e7a, porque foi muito transformador para mim come\u00e7ar a pensar dessa outra forma e perceber que eu andava buscando ter mais e mais coisas, mas eu nunca tinha parado para refletir se era realmente aquilo que eu queria e que eu precisava, sabe?<\/p>\n<p>Abrir os meus olhos para isso foi muito transformador e eu pensei \u201cNossa mais pessoas precisam saber disso!\u201d. E, como eu sou jornalista, eu sempre tive vontade de ter um projeto pr\u00f3prio para compartilhar alguma coisa, mas eu nunca conseguia encontrar um assunto que realmente me motivasse, que eu realmente acreditasse, como o minimalismo foi. A\u00ed o Parece \u00d3bvio surgiu dessa vontade de compartilhar para que mais e mais pessoas consigam tamb\u00e9m se questionar e refletir sobre a forma como elas levam a vida delas e, quem sabe, tamb\u00e9m mudar e fazer uma transi\u00e7\u00e3o para um estilo de vida mais minimalista.<\/p>\n<p><strong>QCV &#8211; Voc\u00ea teria algumas dicas para quem n\u00e3o \u00e9 necessariamente minimalista, mas est\u00e1 buscando aderir a um estilo de viagem pelo menos um pouquinho mais minimalista?<\/strong><\/p>\n<p><strong>Caroline &#8211;<\/strong> Acho que muitas pessoas hoje em dia est\u00e3o tendo que aplicar o minimalismo nas suas viagens at\u00e9 de uma maneira meio involunt\u00e1ria, porque fazer compras no exterior hoje em dia j\u00e1 n\u00e3o \u00e9 mais como era antigamente por causa do pre\u00e7o do d\u00f3lar e do euro e tamb\u00e9m por causa da quest\u00e3o da restri\u00e7\u00e3o das bagagens das companhias a\u00e9reas.<\/p>\n<p>E, como para muitas pessoas enfrentar essas limita\u00e7\u00f5es pode ser um desafio, a maior dica que eu tenho \u00e9 que, antes de fazer uma viagem, elas tentem resgatar as lembran\u00e7as delas de viagens anteriores e pensem no que ficou marcado. Eu aposto que lembran\u00e7as de compras ou lembran\u00e7as do tamanho da mala que a pessoa levou nunca v\u00e3o ser as que v\u00e3o se sobressair, vai ser sempre alguma coisa relacionada a experi\u00eancias.<\/p>\n<blockquote class=\"instagram-media\" style=\"background: #FFF; border: 0; border-radius: 3px; box-shadow: 0 0 1px 0 rgba(0,0,0,0.5),0 1px 10px 0 rgba(0,0,0,0.15); margin: 1px; max-width: 800px; min-width: 326px; padding: 0; width: calc(100% - 2px);\" data-instgrm-permalink=\"https:\/\/www.instagram.com\/p\/B1bYHMlH7ew\/?utm_source=ig_embed&amp;utm_campaign=loading\" data-instgrm-version=\"12\">\n<div style=\"padding: 16px;\">\n<div style=\"display: flex; flex-direction: row; align-items: center;\">\n<div style=\"background-color: #f4f4f4; border-radius: 50%; flex-grow: 0; height: 40px; margin-right: 14px; width: 40px;\"><\/div>\n<div style=\"display: flex; flex-direction: column; flex-grow: 1; justify-content: center;\">\n<div style=\"background-color: #f4f4f4; border-radius: 4px; flex-grow: 0; height: 14px; margin-bottom: 6px; width: 100px;\"><\/div>\n<div style=\"background-color: #f4f4f4; border-radius: 4px; flex-grow: 0; height: 14px; width: 60px;\"><\/div>\n<\/div>\n<\/div>\n<div style=\"padding: 19% 0;\"><\/div>\n<div style=\"display: block; height: 50px; margin: 0 auto 12px; width: 50px;\"><\/div>\n<div style=\"padding-top: 8px;\">\n<div style=\"color: #3897f0; font-family: Arial,sans-serif; font-size: 14px; font-style: normal; font-weight: 550; line-height: 18px;\">View this post on Instagram<\/div>\n<\/div>\n<div style=\"padding: 12.5% 0;\"><\/div>\n<div style=\"display: flex; flex-direction: row; margin-bottom: 14px; align-items: center;\">\n<div>\n<div style=\"background-color: #f4f4f4; border-radius: 50%; height: 12.5px; width: 12.5px; transform: translateX(0px) translateY(7px);\"><\/div>\n<div style=\"background-color: #f4f4f4; height: 12.5px; transform: rotate(-45deg) translateX(3px) translateY(1px); width: 12.5px; flex-grow: 0; margin-right: 14px; margin-left: 2px;\"><\/div>\n<div style=\"background-color: #f4f4f4; border-radius: 50%; height: 12.5px; width: 12.5px; transform: translateX(9px) translateY(-18px);\"><\/div>\n<\/div>\n<div style=\"margin-left: 8px;\">\n<div style=\"background-color: #f4f4f4; border-radius: 50%; flex-grow: 0; height: 20px; width: 20px;\"><\/div>\n<div style=\"width: 0; height: 0; border-top: 2px solid transparent; border-left: 6px solid #f4f4f4; border-bottom: 2px solid transparent; transform: translateX(16px) translateY(-4px) rotate(30deg);\"><\/div>\n<\/div>\n<div style=\"margin-left: auto;\">\n<div style=\"width: 0px; border-top: 8px solid #F4F4F4; border-right: 8px solid transparent; transform: translateY(16px);\"><\/div>\n<div style=\"background-color: #f4f4f4; flex-grow: 0; height: 12px; width: 16px; transform: translateY(-4px);\"><\/div>\n<div style=\"width: 0; height: 0; border-top: 8px solid #F4F4F4; border-left: 8px solid transparent; transform: translateY(-4px) translateX(8px);\"><\/div>\n<\/div>\n<\/div>\n<div style=\"display: flex; flex-direction: column; flex-grow: 1; justify-content: center; margin-bottom: 24px;\">\n<div style=\"background-color: #f4f4f4; border-radius: 4px; flex-grow: 0; height: 14px; margin-bottom: 6px; width: 224px;\"><\/div>\n<div style=\"background-color: #f4f4f4; border-radius: 4px; flex-grow: 0; height: 14px; width: 144px;\"><\/div>\n<\/div>\n<p style=\"color: #c9c8cd; font-family: Arial,sans-serif; font-size: 14px; line-height: 17px; margin-bottom: 0; margin-top: 8px; overflow: hidden; padding: 8px 0 7px; text-align: center; text-overflow: ellipsis; white-space: nowrap;\"><a style=\"color: #c9c8cd; font-family: Arial,sans-serif; font-size: 14px; font-style: normal; font-weight: normal; line-height: 17px; text-decoration: none;\" href=\"https:\/\/www.instagram.com\/p\/B1bYHMlH7ew\/?utm_source=ig_embed&amp;utm_campaign=loading\" target=\"_blank\" rel=\"noopener noreferrer\">A post shared by Parece \u00d3bvio (@parece.obvio)<\/a> on <time style=\"font-family: Arial,sans-serif; font-size: 14px; line-height: 17px;\" datetime=\"2019-08-21T13:30:20+00:00\">Aug 21, 2019 at 6:30am PDT<\/time><\/p>\n<\/div>\n<\/blockquote>\n<p><script async=\"\" src=\"\/\/www.instagram.com\/embed.js\"><\/script><\/p>\n<p>Se conscientizar de que o importante em uma viagem \u00e9 o que a gente vive e n\u00e3o o que a gente carrega \u00e9 o primeiro passo. O segundo \u00e9 ser consciente na hora de fazer a mala n\u00e3o deixar para \u00faltima hora e assim poder avaliar cada uma das coisas que vai colocar dentro dessa mala, dessa mochila para levar. Pensar se \u00e9 realmente necess\u00e1rio, se o benef\u00edcio que isso vai me trazer eu levando essa mala compensa o tamanho, o peso que ela tem, o espa\u00e7o que ela vai ocupar&#8230; Primeiro \u00e9 criar essa consci\u00eancia e depois n\u00e3o deixar para fazer as coisas na \u00faltima hora, porque quando a gente faz com mais calma, consegue ser mais consciente.<\/p>\n<p>Falando especificamente sobre a quest\u00e3o da mala, al\u00e9m de n\u00e3o deixar para \u00faltima hora, fazer tudo com no m\u00ednimo uma semana de anteced\u00eancia e seguir os seguintes passos: primeiro pensar em tudo que gostaria de levar e separar tudo que gostaria de levar; a\u00ed come\u00e7ar a ir filtrando o que \u00e9 realmente necess\u00e1rio e o que n\u00e3o \u00e9. O meu m\u00e9todo mais ou menos \u00e9 ver quantos dias eu vou ficar no lugar, olhar a previs\u00e3o do tempo desses dias e a\u00ed eu j\u00e1 meio que programo o que eu vou vestir em cada dia, sempre tentando aproveitar o m\u00e1ximo poss\u00edvel de cada pe\u00e7a. Se eu vou levar uma cal\u00e7a preta, tento usar ela durante v\u00e1rios dias. E da\u00ed eu levo duas cal\u00e7as e cinco blusas, e j\u00e1 posso fazer um jogo com essas pe\u00e7as. Sempre tentar escolher pe\u00e7as vers\u00e1teis, que podem ser combinadas entre si e levando em conta a quest\u00e3o da temperatura e de quantos dias eu vou passar.\u00a0Sempre levo uma ou duas op\u00e7\u00f5es a mais do que o exato, porque imprevistos acontecem. \u00c0s vezes a gente vai querer mudar de roupa ao longo do dia, mas esse \u00e9 basicamente meu m\u00e9todo.<\/p>\n<p>Primeiro botar em cima da minha cama ou em qualquer lugar tudo que eu quero levar e a\u00ed, depois que eu escolhi tudo que eu quero levar, eu vou filtrando de acordo com o meu roteiro, com o meu cronograma.\u00a0\u2297<\/p>\n<blockquote><p><a href=\"https:\/\/quantocustaviajar.com\/blog\/dicas-de-como-arrumar-as-malas\/\" target=\"_blank\" rel=\"noopener noreferrer\"><strong>Dicas de como arrumar as malas de viagem segundo comiss\u00e1rios de bordo<\/strong><\/a><\/p><\/blockquote>\n","protected":false},"excerpt":{"rendered":"<p>Minimalista de m\u00e3o cheia e mala quase vazia, Caroline Abreu \u00e9 o rosto por tr\u00e1s do Parece \u00d3bvio. Com foco em desenvolvimento pessoal e minimalismo, o site traz dicas para quem busca adotar este estilo de vida. Recentemente, ela e o marido Henrique voltaram de um mochil\u00e3o minimalista &#8211; o segundo do g\u00eanero na vida [&hellip;]<\/p>\n","protected":false},"author":12,"featured_media":38463,"comment_status":"open","ping_status":"open","sticky":false,"template":"","format":"standard","meta":{"cybocfi_hide_featured_image":"","footnotes":""},"categories":[1769],"tags":[2323,2324,442,2326,2322,16,2325],"class_list":["post-38455","post","type-post","status-publish","format-standard","has-post-thumbnail","hentry","category-especial-qcv","tag-entrevista","tag-minimalismo","tag-mochilao","tag-mochilao-minimalista","tag-o-mundo-e-delas","tag-viagem","tag-viagem-minimalista"],"blocksy_meta":[],"yoast_head":"<!-- This site is optimized with the Yoast SEO plugin v26.3 - https:\/\/yoast.com\/wordpress\/plugins\/seo\/ -->\n<title>O mundo \u00e9 delas: Caroline Abreu fala sobre viagem minimalista<\/title>\n<meta name=\"robots\" content=\"index, follow, max-snippet:-1, max-image-preview:large, max-video-preview:-1\" \/>\n<link rel=\"canonical\" href=\"https:\/\/quantocustaviajar.com\/blog\/viagem-minimalista-especial\/\" \/>\n<meta property=\"og:locale\" content=\"pt_BR\" \/>\n<meta property=\"og:type\" content=\"article\" \/>\n<meta property=\"og:title\" content=\"O mundo \u00e9 delas: Caroline Abreu fala sobre viagem minimalista\" \/>\n<meta property=\"og:description\" content=\"Minimalista de m\u00e3o cheia e mala quase vazia, Caroline Abreu \u00e9 o rosto por tr\u00e1s do Parece \u00d3bvio. Com foco em desenvolvimento pessoal e minimalismo, o site traz dicas para quem busca adotar este estilo de vida. Recentemente, ela e o marido Henrique voltaram de um mochil\u00e3o minimalista &#8211; o segundo do g\u00eanero na vida [&hellip;]\" \/>\n<meta property=\"og:url\" content=\"https:\/\/quantocustaviajar.com\/blog\/viagem-minimalista-especial\/\" \/>\n<meta property=\"og:site_name\" content=\"Blog Quanto Custa Viajar\" \/>\n<meta property=\"article:publisher\" content=\"https:\/\/www.facebook.com\/quantocustaviajar\" \/>\n<meta property=\"article:published_time\" content=\"2019-10-16T13:29:24+00:00\" \/>\n<meta property=\"article:modified_time\" content=\"2019-11-16T13:49:20+00:00\" \/>\n<meta property=\"og:image\" content=\"https:\/\/quantocustaviajar.com\/blog\/wp-content\/uploads\/2019\/10\/viagem-minimalista2.jpg\" \/>\n\t<meta property=\"og:image:width\" content=\"1000\" \/>\n\t<meta property=\"og:image:height\" content=\"667\" \/>\n\t<meta property=\"og:image:type\" content=\"image\/jpeg\" \/>\n<meta name=\"author\" content=\"Mari Dutra\" \/>\n<meta name=\"twitter:card\" content=\"summary_large_image\" \/>\n<meta name=\"twitter:creator\" content=\"@quasenomade\" \/>\n<meta name=\"twitter:label1\" content=\"Escrito por\" \/>\n\t<meta name=\"twitter:data1\" content=\"Mari Dutra\" \/>\n\t<meta name=\"twitter:label2\" content=\"Est. tempo de leitura\" \/>\n\t<meta name=\"twitter:data2\" content=\"15 minutos\" \/>\n<!-- \/ Yoast SEO plugin. -->","yoast_head_json":{"title":"O mundo \u00e9 delas: Caroline Abreu fala sobre viagem minimalista","robots":{"index":"index","follow":"follow","max-snippet":"max-snippet:-1","max-image-preview":"max-image-preview:large","max-video-preview":"max-video-preview:-1"},"canonical":"https:\/\/quantocustaviajar.com\/blog\/viagem-minimalista-especial\/","og_locale":"pt_BR","og_type":"article","og_title":"O mundo \u00e9 delas: Caroline Abreu fala sobre viagem minimalista","og_description":"Minimalista de m\u00e3o cheia e mala quase vazia, Caroline Abreu \u00e9 o rosto por tr\u00e1s do Parece \u00d3bvio. Com foco em desenvolvimento pessoal e minimalismo, o site traz dicas para quem busca adotar este estilo de vida. Recentemente, ela e o marido Henrique voltaram de um mochil\u00e3o minimalista &#8211; o segundo do g\u00eanero na vida [&hellip;]","og_url":"https:\/\/quantocustaviajar.com\/blog\/viagem-minimalista-especial\/","og_site_name":"Blog Quanto Custa Viajar","article_publisher":"https:\/\/www.facebook.com\/quantocustaviajar","article_published_time":"2019-10-16T13:29:24+00:00","article_modified_time":"2019-11-16T13:49:20+00:00","og_image":[{"width":1000,"height":667,"url":"https:\/\/quantocustaviajar.com\/blog\/wp-content\/uploads\/2019\/10\/viagem-minimalista2.jpg","type":"image\/jpeg"}],"author":"Mari Dutra","twitter_card":"summary_large_image","twitter_creator":"@quasenomade","twitter_misc":{"Escrito por":"Mari Dutra","Est. tempo de leitura":"15 minutos"},"schema":{"@context":"https:\/\/schema.org","@graph":[{"@type":["Article","BlogPosting"],"@id":"https:\/\/quantocustaviajar.com\/blog\/viagem-minimalista-especial\/#article","isPartOf":{"@id":"https:\/\/quantocustaviajar.com\/blog\/viagem-minimalista-especial\/"},"author":{"name":"Mari Dutra","@id":"https:\/\/quantocustaviajar.com\/blog\/#\/schema\/person\/cf1309504837a3099648280049df8d0d"},"headline":"O mundo \u00e9 delas: Caroline Abreu fala sobre viagem minimalista","datePublished":"2019-10-16T13:29:24+00:00","dateModified":"2019-11-16T13:49:20+00:00","mainEntityOfPage":{"@id":"https:\/\/quantocustaviajar.com\/blog\/viagem-minimalista-especial\/"},"wordCount":2948,"commentCount":11,"publisher":{"@id":"https:\/\/quantocustaviajar.com\/blog\/#organization"},"image":{"@id":"https:\/\/quantocustaviajar.com\/blog\/viagem-minimalista-especial\/#primaryimage"},"thumbnailUrl":"https:\/\/quantocustaviajar.com\/blog\/wp-content\/uploads\/2019\/10\/viagem-minimalista2.jpg","keywords":["Entrevista","minimalismo","mochil\u00e3o","mochil\u00e3o minimalista","O Mundo \u00e9 Delas","viagem","viagem minimalista"],"articleSection":["Especial QCV"],"inLanguage":"pt-BR","potentialAction":[{"@type":"CommentAction","name":"Comment","target":["https:\/\/quantocustaviajar.com\/blog\/viagem-minimalista-especial\/#respond"]}]},{"@type":"WebPage","@id":"https:\/\/quantocustaviajar.com\/blog\/viagem-minimalista-especial\/","url":"https:\/\/quantocustaviajar.com\/blog\/viagem-minimalista-especial\/","name":"O mundo \u00e9 delas: Caroline Abreu fala sobre viagem minimalista","isPartOf":{"@id":"https:\/\/quantocustaviajar.com\/blog\/#website"},"primaryImageOfPage":{"@id":"https:\/\/quantocustaviajar.com\/blog\/viagem-minimalista-especial\/#primaryimage"},"image":{"@id":"https:\/\/quantocustaviajar.com\/blog\/viagem-minimalista-especial\/#primaryimage"},"thumbnailUrl":"https:\/\/quantocustaviajar.com\/blog\/wp-content\/uploads\/2019\/10\/viagem-minimalista2.jpg","datePublished":"2019-10-16T13:29:24+00:00","dateModified":"2019-11-16T13:49:20+00:00","breadcrumb":{"@id":"https:\/\/quantocustaviajar.com\/blog\/viagem-minimalista-especial\/#breadcrumb"},"inLanguage":"pt-BR","potentialAction":[{"@type":"ReadAction","target":["https:\/\/quantocustaviajar.com\/blog\/viagem-minimalista-especial\/"]}]},{"@type":"ImageObject","inLanguage":"pt-BR","@id":"https:\/\/quantocustaviajar.com\/blog\/viagem-minimalista-especial\/#primaryimage","url":"https:\/\/quantocustaviajar.com\/blog\/wp-content\/uploads\/2019\/10\/viagem-minimalista2.jpg","contentUrl":"https:\/\/quantocustaviajar.com\/blog\/wp-content\/uploads\/2019\/10\/viagem-minimalista2.jpg","width":1000,"height":667},{"@type":"BreadcrumbList","@id":"https:\/\/quantocustaviajar.com\/blog\/viagem-minimalista-especial\/#breadcrumb","itemListElement":[{"@type":"ListItem","position":1,"name":"In\u00edcio","item":"https:\/\/quantocustaviajar.com\/blog\/"},{"@type":"ListItem","position":2,"name":"O mundo \u00e9 delas: Caroline Abreu fala sobre viagem minimalista"}]},{"@type":"WebSite","@id":"https:\/\/quantocustaviajar.com\/blog\/#website","url":"https:\/\/quantocustaviajar.com\/blog\/","name":"Blog Quanto Custa Viajar","description":"","publisher":{"@id":"https:\/\/quantocustaviajar.com\/blog\/#organization"},"potentialAction":[{"@type":"SearchAction","target":{"@type":"EntryPoint","urlTemplate":"https:\/\/quantocustaviajar.com\/blog\/?s={search_term_string}"},"query-input":{"@type":"PropertyValueSpecification","valueRequired":true,"valueName":"search_term_string"}}],"inLanguage":"pt-BR"},{"@type":"Organization","@id":"https:\/\/quantocustaviajar.com\/blog\/#organization","name":"Quanto Custa Viajar","url":"https:\/\/quantocustaviajar.com\/blog\/","logo":{"@type":"ImageObject","inLanguage":"pt-BR","@id":"https:\/\/quantocustaviajar.com\/blog\/#\/schema\/logo\/image\/","url":"","contentUrl":"","caption":"Quanto Custa Viajar"},"image":{"@id":"https:\/\/quantocustaviajar.com\/blog\/#\/schema\/logo\/image\/"},"sameAs":["https:\/\/www.facebook.com\/quantocustaviajar"]},{"@type":"Person","@id":"https:\/\/quantocustaviajar.com\/blog\/#\/schema\/person\/cf1309504837a3099648280049df8d0d","name":"Mari Dutra","image":{"@type":"ImageObject","inLanguage":"pt-BR","@id":"https:\/\/quantocustaviajar.com\/blog\/#\/schema\/person\/image\/","url":"https:\/\/secure.gravatar.com\/avatar\/2997bb527ae39d049d9eb8d6c54262bd37451dfd0dba672807ddfae6c8e86713?s=96&d=mm&r=g","contentUrl":"https:\/\/secure.gravatar.com\/avatar\/2997bb527ae39d049d9eb8d6c54262bd37451dfd0dba672807ddfae6c8e86713?s=96&d=mm&r=g","caption":"Mari Dutra"},"description":"Puxa uma cadeira, porque eu amo falar sobre viagens, sustentabilidade e doguinhos n\u00f4mades. Tamb\u00e9m no Instagram e no Quase N\u00f4made.","sameAs":["http:\/\/quasenomade.com","https:\/\/www.instagram.com\/quasenomade\/","https:\/\/br.pinterest.com\/quasenomade\/","https:\/\/x.com\/quasenomade"],"url":"https:\/\/quantocustaviajar.com\/blog\/author\/mari-dutra\/"}]}},"_links":{"self":[{"href":"https:\/\/quantocustaviajar.com\/blog\/wp-json\/wp\/v2\/posts\/38455","targetHints":{"allow":["GET"]}}],"collection":[{"href":"https:\/\/quantocustaviajar.com\/blog\/wp-json\/wp\/v2\/posts"}],"about":[{"href":"https:\/\/quantocustaviajar.com\/blog\/wp-json\/wp\/v2\/types\/post"}],"author":[{"embeddable":true,"href":"https:\/\/quantocustaviajar.com\/blog\/wp-json\/wp\/v2\/users\/12"}],"replies":[{"embeddable":true,"href":"https:\/\/quantocustaviajar.com\/blog\/wp-json\/wp\/v2\/comments?post=38455"}],"version-history":[{"count":11,"href":"https:\/\/quantocustaviajar.com\/blog\/wp-json\/wp\/v2\/posts\/38455\/revisions"}],"predecessor-version":[{"id":39543,"href":"https:\/\/quantocustaviajar.com\/blog\/wp-json\/wp\/v2\/posts\/38455\/revisions\/39543"}],"wp:featuredmedia":[{"embeddable":true,"href":"https:\/\/quantocustaviajar.com\/blog\/wp-json\/wp\/v2\/media\/38463"}],"wp:attachment":[{"href":"https:\/\/quantocustaviajar.com\/blog\/wp-json\/wp\/v2\/media?parent=38455"}],"wp:term":[{"taxonomy":"category","embeddable":true,"href":"https:\/\/quantocustaviajar.com\/blog\/wp-json\/wp\/v2\/categories?post=38455"},{"taxonomy":"post_tag","embeddable":true,"href":"https:\/\/quantocustaviajar.com\/blog\/wp-json\/wp\/v2\/tags?post=38455"}],"curies":[{"name":"wp","href":"https:\/\/api.w.org\/{rel}","templated":true}]}}