{"id":38152,"date":"2019-10-04T16:58:58","date_gmt":"2019-10-04T16:58:58","guid":{"rendered":"https:\/\/quantocustaviajar.com\/blog\/?p=38152"},"modified":"2019-11-15T19:38:48","modified_gmt":"2019-11-15T19:38:48","slug":"parque-historico-carambei-parana","status":"publish","type":"post","link":"https:\/\/quantocustaviajar.com\/blog\/parque-historico-carambei-parana\/","title":{"rendered":"Charmoso, Parque Hist\u00f3rico Carambe\u00ed resgata legado holand\u00eas no Paran\u00e1"},"content":{"rendered":"<p>Voc\u00ea j\u00e1 ouviu falar do <strong>Parque Hist\u00f3rico Carambe\u00ed<\/strong>? O enorme complexo recorda a hist\u00f3ria das col\u00f4nias holandesas do Paran\u00e1, mais precisamente as que se concentraram nas \u00e1reas rurais de Castrolanda e Carambe\u00ed, a pouco mais de 138 km de dist\u00e2ncia de Curitiba.<\/p><div id=\"ez-toc-container\" class=\"ez-toc-v2_0_76 ez-toc-wrap-left counter-hierarchy ez-toc-counter ez-toc-light-blue ez-toc-container-direction\">\n<div class=\"ez-toc-title-container\">\n<p class=\"ez-toc-title\" style=\"cursor:inherit\">Aqui voc\u00ea ir\u00e1 encontrar<\/p>\n<span class=\"ez-toc-title-toggle\"><a href=\"#\" class=\"ez-toc-pull-right ez-toc-btn ez-toc-btn-xs ez-toc-btn-default ez-toc-toggle\" aria-label=\"Alternar tabela de conte\u00fado\"><span class=\"ez-toc-js-icon-con\"><span class=\"\"><span class=\"eztoc-hide\" style=\"display:none;\">Toggle<\/span><span class=\"ez-toc-icon-toggle-span\"><svg style=\"fill: #999;color:#999\" xmlns=\"http:\/\/www.w3.org\/2000\/svg\" class=\"list-377408\" width=\"20px\" height=\"20px\" viewBox=\"0 0 24 24\" fill=\"none\"><path d=\"M6 6H4v2h2V6zm14 0H8v2h12V6zM4 11h2v2H4v-2zm16 0H8v2h12v-2zM4 16h2v2H4v-2zm16 0H8v2h12v-2z\" fill=\"currentColor\"><\/path><\/svg><svg style=\"fill: #999;color:#999\" class=\"arrow-unsorted-368013\" xmlns=\"http:\/\/www.w3.org\/2000\/svg\" width=\"10px\" height=\"10px\" viewBox=\"0 0 24 24\" version=\"1.2\" baseProfile=\"tiny\"><path d=\"M18.2 9.3l-6.2-6.3-6.2 6.3c-.2.2-.3.4-.3.7s.1.5.3.7c.2.2.4.3.7.3h11c.3 0 .5-.1.7-.3.2-.2.3-.5.3-.7s-.1-.5-.3-.7zM5.8 14.7l6.2 6.3 6.2-6.3c.2-.2.3-.5.3-.7s-.1-.5-.3-.7c-.2-.2-.4-.3-.7-.3h-11c-.3 0-.5.1-.7.3-.2.2-.3.5-.3.7s.1.5.3.7z\"\/><\/svg><\/span><\/span><\/span><\/a><\/span><\/div>\n<nav><ul class='ez-toc-list ez-toc-list-level-1 ' ><li class='ez-toc-page-1 ez-toc-heading-level-2'><a class=\"ez-toc-link ez-toc-heading-1\" href=\"https:\/\/quantocustaviajar.com\/blog\/parque-historico-carambei-parana\/#O_Parque_Historico_Carambei\" >O Parque Hist\u00f3rico Carambe\u00ed<\/a><\/li><li class='ez-toc-page-1 ez-toc-heading-level-2'><a class=\"ez-toc-link ez-toc-heading-2\" href=\"https:\/\/quantocustaviajar.com\/blog\/parque-historico-carambei-parana\/#Onde_comer\" >Onde comer<\/a><\/li><li class='ez-toc-page-1 ez-toc-heading-level-2'><a class=\"ez-toc-link ez-toc-heading-3\" href=\"https:\/\/quantocustaviajar.com\/blog\/parque-historico-carambei-parana\/#Onde_ficar_na_regiao\" >Onde ficar na regi\u00e3o?<\/a><\/li><li class='ez-toc-page-1 ez-toc-heading-level-2'><a class=\"ez-toc-link ez-toc-heading-4\" href=\"https:\/\/quantocustaviajar.com\/blog\/parque-historico-carambei-parana\/#Quanto_custa_para_entrar_no_Parque_Historico_Carambei\" >Quanto custa para entrar no Parque Hist\u00f3rico Carambe\u00ed?<\/a><\/li><li class='ez-toc-page-1 ez-toc-heading-level-2'><a class=\"ez-toc-link ez-toc-heading-5\" href=\"https:\/\/quantocustaviajar.com\/blog\/parque-historico-carambei-parana\/#Como_chegar\" >Como chegar<\/a><\/li><\/ul><\/nav><\/div>\n\n<p>Os imigrantes da Holanda chegaram \u00e0 <strong>Carambe\u00ed<\/strong> em meados de 1912, estabelecendo um forte la\u00e7o com a agricultura e a pecu\u00e1ria a partir da ocupa\u00e7\u00e3o da Fazenda Carambehy. \u00c9 dali que sa\u00eda a produ\u00e7\u00e3o para alimentar os trabalhadores na linha f\u00e9rrea e o leite Batavo, presente at\u00e9 hoje nas prateleiras dos supermercados do pa\u00eds.<\/p>\n<p>A popula\u00e7\u00e3o se expandiu at\u00e9 <strong>Castrolanda<\/strong>, que por volta de 1951 teve a primeira funda\u00e7\u00e3o de uma col\u00f4nia holandesa nos arredores de Campos Gerais, mas ainda dentro de Castro. Anos depois, ganhou o Centro Cultural Castrolanda, que remonta a cultura dos Pa\u00edses Baixos atrav\u00e9s de seus edif\u00edcios&nbsp;no estilo \u201cBoerderij\u201d, da comida em restaurantes, do artesanato nas lojinhas e da hist\u00f3ria, presente no museu, que conta com acervo de objetos e mob\u00edlias pertencentes \u00e0s fam\u00edlias pioneiras da coloniza\u00e7\u00e3o.<\/p>\n<blockquote><p><strong><a href=\"https:\/\/quantocustaviajar.com\/blog\/conheca-giethoorn-a-charmosa-veneza-dentro-da-holanda\/\" target=\"_blank\" rel=\"noopener noreferrer\">Conhe\u00e7a Giethoorn, a charmosa \u201cVeneza\u201d dentro da Holanda<\/a><\/strong><\/p><\/blockquote>\n<figure id=\"attachment_38155\" aria-describedby=\"caption-attachment-38155\" style=\"width: 700px\" class=\"wp-caption alignnone\"><img loading=\"lazy\" decoding=\"async\" class=\"wp-image-38155 size-full\" src=\"https:\/\/quantocustaviajar.com\/blog\/wp-content\/uploads\/2019\/09\/restaurante-castrolanda.jpg\" alt=\"Parque Hist\u00f3rico Carambe\u00ed\" width=\"700\" height=\"525\" srcset=\"https:\/\/quantocustaviajar.com\/blog\/wp-content\/uploads\/2019\/09\/restaurante-castrolanda.jpg 700w, https:\/\/quantocustaviajar.com\/blog\/wp-content\/uploads\/2019\/09\/restaurante-castrolanda-300x225.jpg 300w\" sizes=\"auto, (max-width: 700px) 100vw, 700px\" \/><figcaption id=\"caption-attachment-38155\" class=\"wp-caption-text\">Foto: divulga\u00e7\u00e3o\/Centro Cultural Castrolanda<\/figcaption><\/figure>\n<p>Um dos principais pontos de visita\u00e7\u00e3o \u00e9&nbsp;o moinho de vento, planejado por ningu\u00e9m mais, ningu\u00e9m menos do que o holand\u00eas Jan Heijdra, arquiteto e engenheiro especialista neste tipo de constru\u00e7\u00e3o, para celebrar os 50 anos da col\u00f4nia em 2001. Seria uma r\u00e9plica do mesmo que existe na&nbsp;prov\u00edncia de Drenthe (norte da Holanda), regi\u00e3o de onde vieram boa parte dos imigrantes.<\/p>\n<figure id=\"attachment_38161\" aria-describedby=\"caption-attachment-38161\" style=\"width: 700px\" class=\"wp-caption alignnone\"><img loading=\"lazy\" decoding=\"async\" class=\"wp-image-38161 size-full\" src=\"https:\/\/quantocustaviajar.com\/blog\/wp-content\/uploads\/2019\/09\/moinho-em-castrolanda.jpg\" alt=\"Parque Hist\u00f3rico Carambe\u00ed\" width=\"700\" height=\"525\" srcset=\"https:\/\/quantocustaviajar.com\/blog\/wp-content\/uploads\/2019\/09\/moinho-em-castrolanda.jpg 700w, https:\/\/quantocustaviajar.com\/blog\/wp-content\/uploads\/2019\/09\/moinho-em-castrolanda-300x225.jpg 300w\" sizes=\"auto, (max-width: 700px) 100vw, 700px\" \/><figcaption id=\"caption-attachment-38161\" class=\"wp-caption-text\">Foto: divulga\u00e7\u00e3o\/Centro Cultural Castrolanda<\/figcaption><\/figure>\n<p>Dentro de sua estrutura de 37 metros de altura foi colocado o Memorial da Imigra\u00e7\u00e3o, que re\u00fane n\u00e3o apenas o t\u00edpico equipamento de moagem, mas tamb\u00e9m uma biblioteca, uma loja de souvenir,&nbsp; um sal\u00e3o de eventos, uma cafeteria-restaurante, uma exposi\u00e7\u00e3o hist\u00f3rica e um raro \u00f3rg\u00e3o movido \u00e0 manivela.<\/p>\n<p>\u00c9 em Castrolanda que tamb\u00e9m fica a Cidade do Leite, uma \u00e1rea tem\u00e1tica erguida para o Agroleite, um grande evento direcionado aos produtores, que&nbsp;atribuiu \u00e0 Castro o nome de &#8220;Capital Nacional do Leite&#8221;.<\/p>\n<p><a href=\"https:\/\/youtu.be\/jSfSeI6WAfM\">https:\/\/youtu.be\/jSfSeI6WAfM<\/a><\/p>\n<figure id=\"attachment_38167\" aria-describedby=\"caption-attachment-38167\" style=\"width: 700px\" class=\"wp-caption alignnone\"><img loading=\"lazy\" decoding=\"async\" class=\"wp-image-38167 size-full\" src=\"https:\/\/quantocustaviajar.com\/blog\/wp-content\/uploads\/2019\/09\/parque-historico-carambei.jpg\" alt=\"Parque Hist\u00f3rico Carambe\u00ed\" width=\"700\" height=\"525\" srcset=\"https:\/\/quantocustaviajar.com\/blog\/wp-content\/uploads\/2019\/09\/parque-historico-carambei.jpg 700w, https:\/\/quantocustaviajar.com\/blog\/wp-content\/uploads\/2019\/09\/parque-historico-carambei-300x225.jpg 300w\" sizes=\"auto, (max-width: 700px) 100vw, 700px\" \/><figcaption id=\"caption-attachment-38167\" class=\"wp-caption-text\">Foto: divulga\u00e7\u00e3o\/Parque Hist\u00f3rico Carambe\u00ed<\/figcaption><\/figure>\n<h2><span class=\"ez-toc-section\" id=\"O_Parque_Historico_Carambei\"><\/span>O Parque Hist\u00f3rico Carambe\u00ed<span class=\"ez-toc-section-end\"><\/span><\/h2>\n<p>Em mem\u00f3ria aos imigrantes que ajudaram no desenvolvimento local foi criado o parque, <strong>reproduzindo tanto estilo arquitet\u00f4nicas quanto o de vida do colono<\/strong> no in\u00edcio do s\u00e9culo XX, destacando as experi\u00eancias que moldaram a cidade.<\/p>\n<p>S\u00e3o <strong>100 mil metros quadrados<\/strong> que integram o complexo museol\u00f3gico e ao ar livre, agrupando alas tem\u00e1ticas como Bens Paisag\u00edsticos, Hist\u00f3ria da Vida Privada, Sociabilidade e Cooperativismo. O espa\u00e7o expositivo conta com uma ala de mostras tempor\u00e1rias, sempre focando na trajet\u00f3ria holandesa da regi\u00e3o e em car\u00e1ter multi\u00e9tnico.<\/p>\n<figure id=\"attachment_38170\" aria-describedby=\"caption-attachment-38170\" style=\"width: 700px\" class=\"wp-caption alignnone\"><img loading=\"lazy\" decoding=\"async\" class=\"wp-image-38170 size-full\" src=\"https:\/\/quantocustaviajar.com\/blog\/wp-content\/uploads\/2019\/09\/parque-historico-carambei11.jpg\" alt=\"Parque Hist\u00f3rico Carambe\u00ed\" width=\"700\" height=\"467\" srcset=\"https:\/\/quantocustaviajar.com\/blog\/wp-content\/uploads\/2019\/09\/parque-historico-carambei11.jpg 700w, https:\/\/quantocustaviajar.com\/blog\/wp-content\/uploads\/2019\/09\/parque-historico-carambei11-300x200.jpg 300w\" sizes=\"auto, (max-width: 700px) 100vw, 700px\" \/><figcaption id=\"caption-attachment-38170\" class=\"wp-caption-text\">Foto: divulga\u00e7\u00e3o\/Parque Hist\u00f3rico Carambe\u00ed<\/figcaption><\/figure>\n<figure id=\"attachment_38162\" aria-describedby=\"caption-attachment-38162\" style=\"width: 700px\" class=\"wp-caption alignnone\"><img loading=\"lazy\" decoding=\"async\" class=\"wp-image-38162 size-full\" src=\"https:\/\/quantocustaviajar.com\/blog\/wp-content\/uploads\/2019\/09\/parque-historico-carambei9.jpg\" alt=\"Parque Hist\u00f3rico Carambe\u00ed\" width=\"700\" height=\"467\" srcset=\"https:\/\/quantocustaviajar.com\/blog\/wp-content\/uploads\/2019\/09\/parque-historico-carambei9.jpg 700w, https:\/\/quantocustaviajar.com\/blog\/wp-content\/uploads\/2019\/09\/parque-historico-carambei9-300x200.jpg 300w\" sizes=\"auto, (max-width: 700px) 100vw, 700px\" \/><figcaption id=\"caption-attachment-38162\" class=\"wp-caption-text\">Foto: divulga\u00e7\u00e3o\/Parque Hist\u00f3rico Carambe\u00ed<\/figcaption><\/figure>\n<p>O acervo tamb\u00e9m \u00e9 composto por doa\u00e7\u00f5es de imigrantes e seus familiares. As cole\u00e7\u00f5es passam por livros, m\u00f3veis, utens\u00edlios dom\u00e9sticos, ferramentas, equipamentos agr\u00edcolas e tratores. Al\u00e9m disso, os visitantes passeiam entre as&nbsp;casas, escola, igreja e demais ambientes de trabalho e conv\u00edvio reconstitu\u00eddos para resgatar o per\u00edodo de forma\u00e7\u00e3o da col\u00f4nia.<\/p>\n<p>A estrutura conta ainda com amplos jardins e um parque ecol\u00f3gico, inspirado no estilo do holand\u00eas <strong>Zaanse Schans<\/strong>, que inspira a vila hom\u00f4nima na Holanda, rodeado v\u00e1rios&nbsp;moinhos e casas hist\u00f3ricos bem preservadas.<\/p>\n<figure id=\"attachment_38166\" aria-describedby=\"caption-attachment-38166\" style=\"width: 700px\" class=\"wp-caption alignnone\"><img loading=\"lazy\" decoding=\"async\" class=\"wp-image-38166 size-full\" src=\"https:\/\/quantocustaviajar.com\/blog\/wp-content\/uploads\/2019\/09\/parque-historico-carambei15.jpg\" alt=\"Parque Hist\u00f3rico Carambe\u00ed\" width=\"700\" height=\"467\" srcset=\"https:\/\/quantocustaviajar.com\/blog\/wp-content\/uploads\/2019\/09\/parque-historico-carambei15.jpg 700w, https:\/\/quantocustaviajar.com\/blog\/wp-content\/uploads\/2019\/09\/parque-historico-carambei15-300x200.jpg 300w\" sizes=\"auto, (max-width: 700px) 100vw, 700px\" \/><figcaption id=\"caption-attachment-38166\" class=\"wp-caption-text\">Foto: divulga\u00e7\u00e3o\/Parque Hist\u00f3rico Carambe\u00ed<\/figcaption><\/figure>\n<p>Em datas especiais e festivas, o p\u00fablico pode saber mais sobre o legado local por meio de pe\u00e7as teatrais interativas, que acontecem dentro da vila hist\u00f3rica, al\u00e9m de curtir apresenta\u00e7\u00f5es folcl\u00f3ricas. No per\u00edodo do Natal, a decora\u00e7\u00e3o iluminada toma conta do parque, deixando-o com o clima ainda mais m\u00e1gico.<\/p>\n<figure id=\"attachment_38165\" aria-describedby=\"caption-attachment-38165\" style=\"width: 700px\" class=\"wp-caption alignnone\"><img loading=\"lazy\" decoding=\"async\" class=\"size-full wp-image-38165\" src=\"https:\/\/quantocustaviajar.com\/blog\/wp-content\/uploads\/2019\/09\/parque-historico-carambei-fotos-tematicas.jpg\" alt=\"\" width=\"700\" height=\"467\" srcset=\"https:\/\/quantocustaviajar.com\/blog\/wp-content\/uploads\/2019\/09\/parque-historico-carambei-fotos-tematicas.jpg 700w, https:\/\/quantocustaviajar.com\/blog\/wp-content\/uploads\/2019\/09\/parque-historico-carambei-fotos-tematicas-300x200.jpg 300w\" sizes=\"auto, (max-width: 700px) 100vw, 700px\" \/><figcaption id=\"caption-attachment-38165\" class=\"wp-caption-text\">Foto: divulga\u00e7\u00e3o\/Parque Hist\u00f3rico Carambe\u00ed<\/figcaption><\/figure>\n<figure id=\"attachment_38163\" aria-describedby=\"caption-attachment-38163\" style=\"width: 700px\" class=\"wp-caption alignnone\"><img loading=\"lazy\" decoding=\"async\" class=\"size-full wp-image-38163\" src=\"https:\/\/quantocustaviajar.com\/blog\/wp-content\/uploads\/2019\/09\/parque-historico-carambei10.jpg\" alt=\"\" width=\"700\" height=\"700\" srcset=\"https:\/\/quantocustaviajar.com\/blog\/wp-content\/uploads\/2019\/09\/parque-historico-carambei10.jpg 700w, https:\/\/quantocustaviajar.com\/blog\/wp-content\/uploads\/2019\/09\/parque-historico-carambei10-150x150.jpg 150w, https:\/\/quantocustaviajar.com\/blog\/wp-content\/uploads\/2019\/09\/parque-historico-carambei10-300x300.jpg 300w\" sizes=\"auto, (max-width: 700px) 100vw, 700px\" \/><figcaption id=\"caption-attachment-38163\" class=\"wp-caption-text\">Foto: divulga\u00e7\u00e3o\/Parque Hist\u00f3rico Carambe\u00ed<\/figcaption><\/figure>\n<h2><span class=\"ez-toc-section\" id=\"Onde_comer\"><\/span>Onde comer<span class=\"ez-toc-section-end\"><\/span><\/h2>\n<p>Dentro do parque, a Koffiehuis oferece culin\u00e1ria t\u00edpica da Holanda e da Indon\u00e9sia. Aos s\u00e1bados, domingos e feriados o espa\u00e7o serve buffet&nbsp;a R$49,50 (livre) ou R$62,00 o kg, com pratos diferenciados, como o macarr\u00e3o frito e o pur\u00ea de ma\u00e7\u00e3.<\/p>\n<p>Os petiscos t\u00edpicos podem ser consumidos a qualquer hora, seja na Koffiehuis ou no<strong> Ons Hoekje<\/strong>, um outro espa\u00e7o gastron\u00f4mico dentro do parque. Entre as op\u00e7\u00f5es est\u00e3o os Bitterballens, bolinhos&nbsp; crocantes de carne com especiarias, e Poffertjes, um amontoado de pequenas e macias panquecas, servidas com a\u00e7\u00facar e manteiga.<\/p>\n<figure id=\"attachment_38156\" aria-describedby=\"caption-attachment-38156\" style=\"width: 700px\" class=\"wp-caption alignnone\"><img loading=\"lazy\" decoding=\"async\" class=\"size-full wp-image-38156\" src=\"https:\/\/quantocustaviajar.com\/blog\/wp-content\/uploads\/2019\/09\/bitterballen.jpg\" alt=\"\" width=\"700\" height=\"700\" srcset=\"https:\/\/quantocustaviajar.com\/blog\/wp-content\/uploads\/2019\/09\/bitterballen.jpg 700w, https:\/\/quantocustaviajar.com\/blog\/wp-content\/uploads\/2019\/09\/bitterballen-150x150.jpg 150w, https:\/\/quantocustaviajar.com\/blog\/wp-content\/uploads\/2019\/09\/bitterballen-300x300.jpg 300w\" sizes=\"auto, (max-width: 700px) 100vw, 700px\" \/><figcaption id=\"caption-attachment-38156\" class=\"wp-caption-text\">Foto: divulga\u00e7\u00e3o\/Frederica&#8217;s<\/figcaption><\/figure>\n<p>Al\u00e9m disso, a tradi\u00e7\u00e3o de fazer tortas prevalece firme e forte na cafeteria. As receitas centen\u00e1rias ganham reinterpreta\u00e7\u00f5es, como \u00e9 o caso da&nbsp;Torta de Stroopwafel, com creme su\u00ed\u00e7o, caramelo e a&nbsp;tradicional bolacha holandesa. Outra receita nova \u00e9 a torta de lim\u00e3o siciliano com mirtilo<\/p>\n<blockquote><p>Tome nota: vai rolar Festival de Tortas dias 5 e 6 de outubro dentro do Parque Hist\u00f3rico Carambe\u00ed.<\/p><\/blockquote>\n<p>Outra op\u00e7\u00e3o para saborear sobremesas t\u00edpicas \u00e9 a <strong>Frederica&#8217;s<\/strong>, tamb\u00e9m conhecida pela excel\u00eancia de suas tortas. Nozes, ameixa, lim\u00e3o, ma\u00e7\u00e3, morango e outras 60 op\u00e7\u00f5es, incluindo salgadas, entram no menu. Dif\u00edcil mesmo \u00e9 escolher qual delas provar!<\/p>\n<figure id=\"attachment_38160\" aria-describedby=\"caption-attachment-38160\" style=\"width: 700px\" class=\"wp-caption alignnone\"><img loading=\"lazy\" decoding=\"async\" class=\"size-full wp-image-38160\" src=\"https:\/\/quantocustaviajar.com\/blog\/wp-content\/uploads\/2019\/09\/koffiehuis3.jpg\" alt=\"\" width=\"700\" height=\"467\" srcset=\"https:\/\/quantocustaviajar.com\/blog\/wp-content\/uploads\/2019\/09\/koffiehuis3.jpg 700w, https:\/\/quantocustaviajar.com\/blog\/wp-content\/uploads\/2019\/09\/koffiehuis3-300x200.jpg 300w\" sizes=\"auto, (max-width: 700px) 100vw, 700px\" \/><figcaption id=\"caption-attachment-38160\" class=\"wp-caption-text\">Foto: divulga\u00e7\u00e3o\/Frederica&#8217;s<\/figcaption><\/figure>\n<figure id=\"attachment_38158\" aria-describedby=\"caption-attachment-38158\" style=\"width: 700px\" class=\"wp-caption alignnone\"><img loading=\"lazy\" decoding=\"async\" class=\"size-full wp-image-38158\" src=\"https:\/\/quantocustaviajar.com\/blog\/wp-content\/uploads\/2019\/09\/fredericas-carambei.jpg\" alt=\"\" width=\"700\" height=\"525\" srcset=\"https:\/\/quantocustaviajar.com\/blog\/wp-content\/uploads\/2019\/09\/fredericas-carambei.jpg 700w, https:\/\/quantocustaviajar.com\/blog\/wp-content\/uploads\/2019\/09\/fredericas-carambei-300x225.jpg 300w\" sizes=\"auto, (max-width: 700px) 100vw, 700px\" \/><figcaption id=\"caption-attachment-38158\" class=\"wp-caption-text\">Foto: divulga\u00e7\u00e3o\/Frederica&#8217;s<\/figcaption><\/figure>\n<p>Abaixo voc\u00ea confere outras op\u00e7\u00f5es na cidade:<\/p>\n<ul>\n<li><strong>Tortas Wolf<\/strong>: outra torteria, com sabores doces e salgados dispon\u00edveis, al\u00e9m de empad\u00e3o, sopas e por\u00e7\u00f5es.<\/li>\n<li><strong>Restaurante Niemeyer<\/strong>: um dos mais tradicionais na cidade, conta com buffet livre e servi\u00e7o de espeto na mesa. Al\u00e9m disso, vende queijos de produ\u00e7\u00e3o pr\u00f3pria.<\/li>\n<li><strong>Pizzaria Boca do Forno<\/strong>: com unidades em Castro e Carambe\u00ed, oferece pizzas a la carte e rod\u00edzio no sal\u00e3o.<\/li>\n<li><strong>Esta\u00e7\u00e3o Grill:<\/strong> serve buffet variado durante o almo\u00e7o e promove jantar oriental uma vez ao m\u00eas.<\/li>\n<\/ul>\n<figure id=\"attachment_38164\" aria-describedby=\"caption-attachment-38164\" style=\"width: 700px\" class=\"wp-caption alignnone\"><img loading=\"lazy\" decoding=\"async\" class=\"size-full wp-image-38164\" src=\"https:\/\/quantocustaviajar.com\/blog\/wp-content\/uploads\/2019\/09\/parque-historico-carambei12.jpg\" alt=\"\" width=\"700\" height=\"467\" srcset=\"https:\/\/quantocustaviajar.com\/blog\/wp-content\/uploads\/2019\/09\/parque-historico-carambei12.jpg 700w, https:\/\/quantocustaviajar.com\/blog\/wp-content\/uploads\/2019\/09\/parque-historico-carambei12-300x200.jpg 300w\" sizes=\"auto, (max-width: 700px) 100vw, 700px\" \/><figcaption id=\"caption-attachment-38164\" class=\"wp-caption-text\">Foto: divulga\u00e7\u00e3o\/Parque Hist\u00f3rico Carambe\u00ed<\/figcaption><\/figure>\n<h2><span class=\"ez-toc-section\" id=\"Onde_ficar_na_regiao\"><\/span>Onde ficar na regi\u00e3o?<span class=\"ez-toc-section-end\"><\/span><\/h2>\n<p>A regi\u00e3o que engloba Carambe\u00ed, Castro e Castrolanda n\u00e3o possui tantos hot\u00e9is, mas h\u00e1 op\u00e7\u00f5es para quem quer ao menos passar a noite ou o final de semana.<\/p>\n<ul>\n<li style=\"list-style-type: none;\">\n<ul>\n<li><strong><a href=\"https:\/\/www.booking.com\/hotel\/br\/borgen.pt-br.html?aid=2161834\" target=\"_blank\" rel=\"noopener noreferrer\">Borgen Hotel<\/a>:<\/strong> hospedagem em Castrolanda, com estrutura moderna e restaurante. Tem quartos para fam\u00edlias de at\u00e9 cinco pessoas.<\/li>\n<li><strong><a href=\"https:\/\/www.booking.com\/hotel\/br\/chacara-bailly.pt-br.html?aid=2161834\" target=\"_blank\" rel=\"noopener noreferrer\">Ch\u00e1cara Bailly:<\/a>&nbsp;<\/strong>a acomoda\u00e7\u00e3o funciona como uma pousada, ou B&amp;B (bed and breakfast), com lounge compartilhado, jardim, terra\u00e7o e estacionamento.<\/li>\n<li><a href=\"https:\/\/www.booking.com\/hotel\/br\/central-palace-castro.pt-br.html?aid=2161834\" target=\"_blank\" rel=\"noopener noreferrer\"><strong>Central Palace Castro<\/strong><\/a>: hotel fundado em 1960, conta com 40 acomoda\u00e7\u00f5es, de tamanhos e categorias variadas. Tem buffet de caf\u00e9 da manh\u00e3 e estacionamento.<\/li>\n<\/ul>\n<\/li>\n<\/ul>\n<figure id=\"attachment_38157\" aria-describedby=\"caption-attachment-38157\" style=\"width: 700px\" class=\"wp-caption alignnone\"><img loading=\"lazy\" decoding=\"async\" class=\"size-full wp-image-38157\" src=\"https:\/\/quantocustaviajar.com\/blog\/wp-content\/uploads\/2019\/09\/central-palace-hotel-castro.jpg\" alt=\"\" width=\"700\" height=\"525\" srcset=\"https:\/\/quantocustaviajar.com\/blog\/wp-content\/uploads\/2019\/09\/central-palace-hotel-castro.jpg 700w, https:\/\/quantocustaviajar.com\/blog\/wp-content\/uploads\/2019\/09\/central-palace-hotel-castro-300x225.jpg 300w\" sizes=\"auto, (max-width: 700px) 100vw, 700px\" \/><figcaption id=\"caption-attachment-38157\" class=\"wp-caption-text\">Foto: divulga\u00e7\u00e3o\/Booking.com<\/figcaption><\/figure>\n<ul>\n<li style=\"list-style-type: none;\">\n<ul>\n<li><a href=\"https:\/\/www.hoteldeklomp.com.br\/\" target=\"_blank\" rel=\"noopener noreferrer\"><strong>Hotel de Klomp<\/strong><\/a>: localizado em Carambe\u00ed, o hotel possui apartamentos em quatro categorias distintas, restaurante e estacionamento.<\/li>\n<li><a href=\"https:\/\/www.booking.com\/hotel\/br\/pousada-oosterhuis-ltda.pt-br.html?aid=2161834\" target=\"_blank\" rel=\"noopener noreferrer\"><strong>Hotel Pousada Oosterhuis<\/strong>:<\/a>&nbsp;a pousada em Castro conta com cozinha compartilhada, buffet de caf\u00e9 da manh\u00e3, servi\u00e7o de quarto e playground. Tem quartos para at\u00e9 quatro pessoas e um beb\u00ea.<\/li>\n<li><a href=\"http:\/\/pousadaribeiraodasflores.com.br\" target=\"_blank\" rel=\"noopener noreferrer\"><strong>Pousada Ribeir\u00e3o das Flores<\/strong><\/a>: com cara de hotel fazenda, a pousada em Castro tem piscina com tobo\u00e1gua, piscina infantil, sal\u00e3o de jogos, tirolesa, piscina aquecida, cachoeira, restaurante e chal\u00e9s para at\u00e9 10 pessoas.<\/li>\n<\/ul>\n<\/li>\n<\/ul>\n<ul>\n<li style=\"list-style-type: none;\"><\/li>\n<\/ul>\n<figure id=\"attachment_38159\" aria-describedby=\"caption-attachment-38159\" style=\"width: 700px\" class=\"wp-caption alignnone\"><img loading=\"lazy\" decoding=\"async\" class=\"size-full wp-image-38159\" src=\"https:\/\/quantocustaviajar.com\/blog\/wp-content\/uploads\/2019\/09\/hospedagem-em-castro.jpg\" alt=\"\" width=\"700\" height=\"467\" srcset=\"https:\/\/quantocustaviajar.com\/blog\/wp-content\/uploads\/2019\/09\/hospedagem-em-castro.jpg 700w, https:\/\/quantocustaviajar.com\/blog\/wp-content\/uploads\/2019\/09\/hospedagem-em-castro-300x200.jpg 300w\" sizes=\"auto, (max-width: 700px) 100vw, 700px\" \/><figcaption id=\"caption-attachment-38159\" class=\"wp-caption-text\">Foto: divulga\u00e7\u00e3o\/Borgen Hotel<\/figcaption><\/figure>\n<h2><span class=\"ez-toc-section\" id=\"Quanto_custa_para_entrar_no_Parque_Historico_Carambei\"><\/span>Quanto custa para entrar no Parque Hist\u00f3rico Carambe\u00ed?<span class=\"ez-toc-section-end\"><\/span><\/h2>\n<p>Os ingressos para entrar no Parque Hist\u00f3rico Carambe\u00ed custam R$ 20,00 inteira ou R$ 10,00 meia entrada. Pessoas acima de 60 anos, crian\u00e7as at\u00e9 6 anos, mun\u00edcipes e acompanhantes de pessoas com defici\u00eancia t\u00eam entrada gratuita.<\/p>\n<p>Para realizar ensaios fotogr\u00e1ficos dentro do parque \u00e9 necess\u00e1ria autoriza\u00e7\u00e3o e o pagamento de uma taxa aparte. Consulte diretamente com a administra\u00e7\u00e3o.<\/p>\n<blockquote><p>Tome nota: Quarta-Feira Visita\u00e7\u00e3o Gratuita para todos (exceto grupos e em feriados)<\/p><\/blockquote>\n<p>Quem quiser incluir o Centro Cultural Castrolanda na viagem, a tarifa \u00e9 de R$ 15,00 (inteira) ou R$ 7,50 (meia entrada). Maiores de 60 anos, professores e estudantes com carteirinha, doadores regulares de sangue e crian\u00e7as acima de 7 anos. Gratuidade para portadores de Necessidades Especiais e 01 acompanhante; crian\u00e7as at\u00e9 6 anos.<\/p>\n<p>FECHADO PARA VISITA\u00c7\u00c3O NA P\u00c1SCOA E NATAL.<\/p>\n<figure id=\"attachment_38168\" aria-describedby=\"caption-attachment-38168\" style=\"width: 700px\" class=\"wp-caption alignnone\"><img loading=\"lazy\" decoding=\"async\" class=\"size-full wp-image-38168\" src=\"https:\/\/quantocustaviajar.com\/blog\/wp-content\/uploads\/2019\/09\/parque-historico-carambei3.jpg\" alt=\"\" width=\"700\" height=\"467\" srcset=\"https:\/\/quantocustaviajar.com\/blog\/wp-content\/uploads\/2019\/09\/parque-historico-carambei3.jpg 700w, https:\/\/quantocustaviajar.com\/blog\/wp-content\/uploads\/2019\/09\/parque-historico-carambei3-300x200.jpg 300w\" sizes=\"auto, (max-width: 700px) 100vw, 700px\" \/><figcaption id=\"caption-attachment-38168\" class=\"wp-caption-text\">Foto: divulga\u00e7\u00e3o\/Parque Hist\u00f3rico Carambe\u00ed<\/figcaption><\/figure>\n<h2><span class=\"ez-toc-section\" id=\"Como_chegar\"><\/span>Como chegar<span class=\"ez-toc-section-end\"><\/span><\/h2>\n<p>O acesso ao <strong><a href=\"https:\/\/www.aphc.com.br\" target=\"_blank\" rel=\"noopener noreferrer\">Parque Hist\u00f3rico Carambe\u00ed<\/a><\/strong>, localizado na&nbsp;Avenida dos Pioneiros, 4050, pode ser feito por meio da <strong><a href=\"http:\/\/www.iapo.com.br\/horarios.php\" target=\"_blank\" rel=\"noopener noreferrer\">Via\u00e7\u00e3o Iap\u00f3<\/a><\/strong>, que liga Carambe\u00ed a Ponta Grossa ou a Castro.<\/p>\n<p>Para quem vai a partir de Curitiba, o trajeto se inicia na&nbsp;BR 277&nbsp;sentido Ponta Grossa, passando depois pela BR 376 e PR 151. Voc\u00ea pode alugar um carro em Curitiba atrav\u00e9s <a href=\"https:\/\/quantocustaviajar.com\/brasil\/curitiba\/aluguel-de-carros\" target=\"_blank\" rel=\"noopener noreferrer\"><strong>deste link<\/strong>.<\/a><\/p>\n<figure id=\"attachment_38171\" aria-describedby=\"caption-attachment-38171\" style=\"width: 700px\" class=\"wp-caption alignnone\"><img loading=\"lazy\" decoding=\"async\" class=\"size-full wp-image-38171\" src=\"https:\/\/quantocustaviajar.com\/blog\/wp-content\/uploads\/2019\/09\/parque-historico-carambei-natal.jpg\" alt=\"\" width=\"700\" height=\"467\" srcset=\"https:\/\/quantocustaviajar.com\/blog\/wp-content\/uploads\/2019\/09\/parque-historico-carambei-natal.jpg 700w, https:\/\/quantocustaviajar.com\/blog\/wp-content\/uploads\/2019\/09\/parque-historico-carambei-natal-300x200.jpg 300w\" sizes=\"auto, (max-width: 700px) 100vw, 700px\" \/><figcaption id=\"caption-attachment-38171\" class=\"wp-caption-text\">Foto: divulga\u00e7\u00e3o\/Parque Hist\u00f3rico Carambe\u00ed<\/figcaption><\/figure>\n<blockquote><p><strong><a href=\"https:\/\/quantocustaviajar.com\/blog\/colonia-witmarsum-perto-de-curitiba\/\">\u00c9 pertinho: inclua no percurso a Col\u00f4nia Witmarsum, um pedacinho da Alemanha<\/a><\/strong><\/p><\/blockquote>\n<figure id=\"attachment_38172\" aria-describedby=\"caption-attachment-38172\" style=\"width: 700px\" class=\"wp-caption alignnone\"><a href=\"https:\/\/quantocustaviajar.com\/blog\/colonia-witmarsum-perto-de-curitiba\/\"><img loading=\"lazy\" decoding=\"async\" class=\"size-full wp-image-38172\" src=\"https:\/\/quantocustaviajar.com\/blog\/wp-content\/uploads\/2019\/09\/parque-historico-carambei13.jpg\" alt=\"\" width=\"700\" height=\"467\" srcset=\"https:\/\/quantocustaviajar.com\/blog\/wp-content\/uploads\/2019\/09\/parque-historico-carambei13.jpg 700w, https:\/\/quantocustaviajar.com\/blog\/wp-content\/uploads\/2019\/09\/parque-historico-carambei13-300x200.jpg 300w\" sizes=\"auto, (max-width: 700px) 100vw, 700px\" \/><\/a><figcaption id=\"caption-attachment-38172\" class=\"wp-caption-text\">Foto: divulga\u00e7\u00e3o\/Parque Hist\u00f3rico Carambe\u00ed<\/figcaption><\/figure>\n<blockquote class=\"wp-embedded-content\" data-secret=\"U1wDrTnkd5\"><p><a href=\"https:\/\/quantocustaviajar.com\/blog\/parque-de-aguas-termais-inspirado-na-holanda\/\">Parque de \u00e1guas termais inspirado na Holanda atrai turistas at\u00e9 Santana do Livramento, no Sul do Brasil<\/a><\/p><\/blockquote>\n<p><iframe loading=\"lazy\" class=\"wp-embedded-content\" sandbox=\"allow-scripts\" security=\"restricted\" style=\"position: absolute; visibility: hidden;\" title=\"&#8220;Parque de \u00e1guas termais inspirado na Holanda atrai turistas at\u00e9 Santana do Livramento, no Sul do Brasil&#8221; &#8212; Blog Quanto Custa Viajar\" src=\"https:\/\/quantocustaviajar.com\/blog\/parque-de-aguas-termais-inspirado-na-holanda\/embed\/#?secret=7r2aZ90ueg#?secret=U1wDrTnkd5\" data-secret=\"U1wDrTnkd5\" width=\"600\" height=\"338\" frameborder=\"0\" marginwidth=\"0\" marginheight=\"0\" scrolling=\"no\"><\/iframe><\/p>\n","protected":false},"excerpt":{"rendered":"<p>Voc\u00ea j\u00e1 ouviu falar do Parque Hist\u00f3rico Carambe\u00ed? O enorme complexo recorda a hist\u00f3ria das col\u00f4nias holandesas do Paran\u00e1, mais precisamente as que se concentraram nas \u00e1reas rurais de Castrolanda e Carambe\u00ed, a pouco mais de 138 km de dist\u00e2ncia de Curitiba. Os imigrantes da Holanda chegaram \u00e0 Carambe\u00ed em meados de 1912, estabelecendo um [&hellip;]<\/p>\n","protected":false},"author":4,"featured_media":38174,"comment_status":"open","ping_status":"open","sticky":false,"template":"","format":"standard","meta":{"cybocfi_hide_featured_image":"","footnotes":""},"categories":[1437,1436],"tags":[706,178,405,2244,468,465,602,395,147,321],"class_list":["post-38152","post","type-post","status-publish","format-standard","has-post-thumbnail","hentry","category-ao-ar-livre","category-artes-cultura-diversao","tag-bate-volta","tag-como-chegar","tag-curitiba","tag-curtir-o-natal","tag-fim-de-semana","tag-final-de-ano","tag-holanda","tag-parana","tag-parque-tematico","tag-passeios"],"blocksy_meta":[],"yoast_head":"<!-- This site is optimized with the Yoast SEO plugin v26.3 - https:\/\/yoast.com\/wordpress\/plugins\/seo\/ -->\n<title>Charmoso, Parque Hist\u00f3rico Carambe\u00ed resgata legado holand\u00eas no Paran\u00e1<\/title>\n<meta name=\"description\" content=\"Visite o Parque Hist\u00f3rico Carambe\u00ed em Castrolanda, um complexo pertinho de Curitiba que recorda a hist\u00f3ria das col\u00f4nias holandesas do Paran\u00e1.\" \/>\n<meta name=\"robots\" content=\"index, follow, max-snippet:-1, max-image-preview:large, max-video-preview:-1\" \/>\n<link rel=\"canonical\" href=\"https:\/\/quantocustaviajar.com\/blog\/parque-historico-carambei-parana\/\" \/>\n<meta property=\"og:locale\" content=\"pt_BR\" \/>\n<meta property=\"og:type\" content=\"article\" \/>\n<meta property=\"og:title\" content=\"Parque Hist\u00f3rico Carambe\u00ed - um peda\u00e7o da Holanda no Brasil!\" \/>\n<meta property=\"og:description\" content=\"Visite o Parque Hist\u00f3rico Carambe\u00ed em Castrolanda, um complexo pertinho de Curitiba que recorda a hist\u00f3ria das col\u00f4nias holandesas do Paran\u00e1.\" \/>\n<meta property=\"og:url\" content=\"https:\/\/quantocustaviajar.com\/blog\/parque-historico-carambei-parana\/\" \/>\n<meta property=\"og:site_name\" content=\"Blog Quanto Custa Viajar\" \/>\n<meta property=\"article:publisher\" content=\"https:\/\/www.facebook.com\/quantocustaviajar\" \/>\n<meta property=\"article:author\" content=\"https:\/\/www.facebook.com\/brunellapfvr\/posts\" \/>\n<meta property=\"article:published_time\" content=\"2019-10-04T16:58:58+00:00\" \/>\n<meta property=\"article:modified_time\" content=\"2019-11-15T19:38:48+00:00\" \/>\n<meta property=\"og:image\" content=\"https:\/\/quantocustaviajar.com\/blog\/wp-content\/uploads\/2019\/09\/parque-historico-carambei8.jpg\" \/>\n\t<meta property=\"og:image:width\" content=\"960\" \/>\n\t<meta property=\"og:image:height\" content=\"639\" \/>\n\t<meta property=\"og:image:type\" content=\"image\/jpeg\" \/>\n<meta name=\"author\" content=\"Brunella Nunes\" \/>\n<meta name=\"twitter:card\" content=\"summary_large_image\" \/>\n<meta name=\"twitter:label1\" content=\"Escrito por\" \/>\n\t<meta name=\"twitter:data1\" content=\"Brunella Nunes\" \/>\n\t<meta name=\"twitter:label2\" content=\"Est. tempo de leitura\" \/>\n\t<meta name=\"twitter:data2\" content=\"8 minutos\" \/>\n<!-- \/ Yoast SEO plugin. -->","yoast_head_json":{"title":"Charmoso, Parque Hist\u00f3rico Carambe\u00ed resgata legado holand\u00eas no Paran\u00e1","description":"Visite o Parque Hist\u00f3rico Carambe\u00ed em Castrolanda, um complexo pertinho de Curitiba que recorda a hist\u00f3ria das col\u00f4nias holandesas do Paran\u00e1.","robots":{"index":"index","follow":"follow","max-snippet":"max-snippet:-1","max-image-preview":"max-image-preview:large","max-video-preview":"max-video-preview:-1"},"canonical":"https:\/\/quantocustaviajar.com\/blog\/parque-historico-carambei-parana\/","og_locale":"pt_BR","og_type":"article","og_title":"Parque Hist\u00f3rico Carambe\u00ed - um peda\u00e7o da Holanda no Brasil!","og_description":"Visite o Parque Hist\u00f3rico Carambe\u00ed em Castrolanda, um complexo pertinho de Curitiba que recorda a hist\u00f3ria das col\u00f4nias holandesas do Paran\u00e1.","og_url":"https:\/\/quantocustaviajar.com\/blog\/parque-historico-carambei-parana\/","og_site_name":"Blog Quanto Custa Viajar","article_publisher":"https:\/\/www.facebook.com\/quantocustaviajar","article_author":"https:\/\/www.facebook.com\/brunellapfvr\/posts","article_published_time":"2019-10-04T16:58:58+00:00","article_modified_time":"2019-11-15T19:38:48+00:00","og_image":[{"width":960,"height":639,"url":"https:\/\/quantocustaviajar.com\/blog\/wp-content\/uploads\/2019\/09\/parque-historico-carambei8.jpg","type":"image\/jpeg"}],"author":"Brunella Nunes","twitter_card":"summary_large_image","twitter_misc":{"Escrito por":"Brunella Nunes","Est. tempo de leitura":"8 minutos"},"schema":{"@context":"https:\/\/schema.org","@graph":[{"@type":["Article","BlogPosting"],"@id":"https:\/\/quantocustaviajar.com\/blog\/parque-historico-carambei-parana\/#article","isPartOf":{"@id":"https:\/\/quantocustaviajar.com\/blog\/parque-historico-carambei-parana\/"},"author":{"name":"Brunella Nunes","@id":"https:\/\/quantocustaviajar.com\/blog\/#\/schema\/person\/1a6dd3da9d0c0a4be42652b67bea19bb"},"headline":"Charmoso, Parque Hist\u00f3rico Carambe\u00ed resgata legado holand\u00eas no Paran\u00e1","datePublished":"2019-10-04T16:58:58+00:00","dateModified":"2019-11-15T19:38:48+00:00","mainEntityOfPage":{"@id":"https:\/\/quantocustaviajar.com\/blog\/parque-historico-carambei-parana\/"},"wordCount":1595,"commentCount":1,"publisher":{"@id":"https:\/\/quantocustaviajar.com\/blog\/#organization"},"image":{"@id":"https:\/\/quantocustaviajar.com\/blog\/parque-historico-carambei-parana\/#primaryimage"},"thumbnailUrl":"https:\/\/quantocustaviajar.com\/blog\/wp-content\/uploads\/2019\/09\/parque-historico-carambei8.jpg","keywords":["bate volta","como chegar","Curitiba","curtir o natal","fim de semana","final de ano","Holanda","Paran\u00e1","parque tematico","passeios"],"articleSection":["Ao Ar Livre","Artes, Cultura &amp; Divers\u00e3o"],"inLanguage":"pt-BR","potentialAction":[{"@type":"CommentAction","name":"Comment","target":["https:\/\/quantocustaviajar.com\/blog\/parque-historico-carambei-parana\/#respond"]}]},{"@type":"WebPage","@id":"https:\/\/quantocustaviajar.com\/blog\/parque-historico-carambei-parana\/","url":"https:\/\/quantocustaviajar.com\/blog\/parque-historico-carambei-parana\/","name":"Charmoso, Parque Hist\u00f3rico Carambe\u00ed resgata legado holand\u00eas no Paran\u00e1","isPartOf":{"@id":"https:\/\/quantocustaviajar.com\/blog\/#website"},"primaryImageOfPage":{"@id":"https:\/\/quantocustaviajar.com\/blog\/parque-historico-carambei-parana\/#primaryimage"},"image":{"@id":"https:\/\/quantocustaviajar.com\/blog\/parque-historico-carambei-parana\/#primaryimage"},"thumbnailUrl":"https:\/\/quantocustaviajar.com\/blog\/wp-content\/uploads\/2019\/09\/parque-historico-carambei8.jpg","datePublished":"2019-10-04T16:58:58+00:00","dateModified":"2019-11-15T19:38:48+00:00","description":"Visite o Parque Hist\u00f3rico Carambe\u00ed em Castrolanda, um complexo pertinho de Curitiba que recorda a hist\u00f3ria das col\u00f4nias holandesas do Paran\u00e1.","breadcrumb":{"@id":"https:\/\/quantocustaviajar.com\/blog\/parque-historico-carambei-parana\/#breadcrumb"},"inLanguage":"pt-BR","potentialAction":[{"@type":"ReadAction","target":["https:\/\/quantocustaviajar.com\/blog\/parque-historico-carambei-parana\/"]}]},{"@type":"ImageObject","inLanguage":"pt-BR","@id":"https:\/\/quantocustaviajar.com\/blog\/parque-historico-carambei-parana\/#primaryimage","url":"https:\/\/quantocustaviajar.com\/blog\/wp-content\/uploads\/2019\/09\/parque-historico-carambei8.jpg","contentUrl":"https:\/\/quantocustaviajar.com\/blog\/wp-content\/uploads\/2019\/09\/parque-historico-carambei8.jpg","width":960,"height":639,"caption":"Foto: divulga\u00e7\u00e3o\/Parque Hist\u00f3rico Carambe\u00ed"},{"@type":"BreadcrumbList","@id":"https:\/\/quantocustaviajar.com\/blog\/parque-historico-carambei-parana\/#breadcrumb","itemListElement":[{"@type":"ListItem","position":1,"name":"In\u00edcio","item":"https:\/\/quantocustaviajar.com\/blog\/"},{"@type":"ListItem","position":2,"name":"Charmoso, Parque Hist\u00f3rico Carambe\u00ed resgata legado holand\u00eas no Paran\u00e1"}]},{"@type":"WebSite","@id":"https:\/\/quantocustaviajar.com\/blog\/#website","url":"https:\/\/quantocustaviajar.com\/blog\/","name":"Blog Quanto Custa Viajar","description":"","publisher":{"@id":"https:\/\/quantocustaviajar.com\/blog\/#organization"},"potentialAction":[{"@type":"SearchAction","target":{"@type":"EntryPoint","urlTemplate":"https:\/\/quantocustaviajar.com\/blog\/?s={search_term_string}"},"query-input":{"@type":"PropertyValueSpecification","valueRequired":true,"valueName":"search_term_string"}}],"inLanguage":"pt-BR"},{"@type":"Organization","@id":"https:\/\/quantocustaviajar.com\/blog\/#organization","name":"Quanto Custa Viajar","url":"https:\/\/quantocustaviajar.com\/blog\/","logo":{"@type":"ImageObject","inLanguage":"pt-BR","@id":"https:\/\/quantocustaviajar.com\/blog\/#\/schema\/logo\/image\/","url":"","contentUrl":"","caption":"Quanto Custa Viajar"},"image":{"@id":"https:\/\/quantocustaviajar.com\/blog\/#\/schema\/logo\/image\/"},"sameAs":["https:\/\/www.facebook.com\/quantocustaviajar"]},{"@type":"Person","@id":"https:\/\/quantocustaviajar.com\/blog\/#\/schema\/person\/1a6dd3da9d0c0a4be42652b67bea19bb","name":"Brunella Nunes","image":{"@type":"ImageObject","inLanguage":"pt-BR","@id":"https:\/\/quantocustaviajar.com\/blog\/#\/schema\/person\/image\/","url":"https:\/\/secure.gravatar.com\/avatar\/05b28dfb8a3cc7ee0dba6feefa5677f05be6d7bf4b017728fd38499092f9c282?s=96&d=mm&r=g","contentUrl":"https:\/\/secure.gravatar.com\/avatar\/05b28dfb8a3cc7ee0dba6feefa5677f05be6d7bf4b017728fd38499092f9c282?s=96&d=mm&r=g","caption":"Brunella Nunes"},"description":"Quando n\u00e3o est\u00e1 viajando pelo mundo, est\u00e1 viajando nas ideias.","sameAs":["https:\/\/www.facebook.com\/brunellapfvr\/posts","https:\/\/www.linkedin.com\/in\/brunellanunes\/"],"url":"https:\/\/quantocustaviajar.com\/blog\/author\/equipe\/"}]}},"_links":{"self":[{"href":"https:\/\/quantocustaviajar.com\/blog\/wp-json\/wp\/v2\/posts\/38152","targetHints":{"allow":["GET"]}}],"collection":[{"href":"https:\/\/quantocustaviajar.com\/blog\/wp-json\/wp\/v2\/posts"}],"about":[{"href":"https:\/\/quantocustaviajar.com\/blog\/wp-json\/wp\/v2\/types\/post"}],"author":[{"embeddable":true,"href":"https:\/\/quantocustaviajar.com\/blog\/wp-json\/wp\/v2\/users\/4"}],"replies":[{"embeddable":true,"href":"https:\/\/quantocustaviajar.com\/blog\/wp-json\/wp\/v2\/comments?post=38152"}],"version-history":[{"count":4,"href":"https:\/\/quantocustaviajar.com\/blog\/wp-json\/wp\/v2\/posts\/38152\/revisions"}],"predecessor-version":[{"id":39541,"href":"https:\/\/quantocustaviajar.com\/blog\/wp-json\/wp\/v2\/posts\/38152\/revisions\/39541"}],"wp:featuredmedia":[{"embeddable":true,"href":"https:\/\/quantocustaviajar.com\/blog\/wp-json\/wp\/v2\/media\/38174"}],"wp:attachment":[{"href":"https:\/\/quantocustaviajar.com\/blog\/wp-json\/wp\/v2\/media?parent=38152"}],"wp:term":[{"taxonomy":"category","embeddable":true,"href":"https:\/\/quantocustaviajar.com\/blog\/wp-json\/wp\/v2\/categories?post=38152"},{"taxonomy":"post_tag","embeddable":true,"href":"https:\/\/quantocustaviajar.com\/blog\/wp-json\/wp\/v2\/tags?post=38152"}],"curies":[{"name":"wp","href":"https:\/\/api.w.org\/{rel}","templated":true}]}}