{"id":37458,"date":"2019-08-29T16:25:53","date_gmt":"2019-08-29T16:25:53","guid":{"rendered":"https:\/\/quantocustaviajar.com\/blog\/?p=37458"},"modified":"2019-08-29T16:25:53","modified_gmt":"2019-08-29T16:25:53","slug":"bariloche-em-setembro-e-a-neve-da-primavera","status":"publish","type":"post","link":"https:\/\/quantocustaviajar.com\/blog\/bariloche-em-setembro-e-a-neve-da-primavera\/","title":{"rendered":"Bariloche em setembro e a neve da primavera"},"content":{"rendered":"<p>O m\u00eas de setembro \u00e9 considerado pelos esquiadores e amantes da neve como um momento ideal para curtir essa \u00e9poca do ano em <a href=\"https:\/\/quantocustaviajar.com\/argentina\/bariloche\" target=\"_blank\" rel=\"noopener\"><strong>Bariloche<\/strong><\/a>. A neve ainda est\u00e1 presente nesse per\u00edodo, e ainda d\u00e1 para aproveitar os bons pre\u00e7os, ficando em at\u00e9 20% menos que na alta temporada. Al\u00e9m disso, durante essa \u00e9poca a natureza oferece suas melhores paisagens e combina o charmoso inverno com a chegada da primavera.<\/p>\n<p>Confira algumas atra\u00e7\u00f5es especiais que acontece durante <strong>setembro em Bariloche<\/strong><\/p>\n<p>No <a href=\"https:\/\/quantocustaviajar.com\/blog\/esquiar-em-bariloche\/\" target=\"_blank\" rel=\"noopener\"><strong>Cerro Catedral<\/strong><\/a>, os mais aventureiros e amantes da adrenalina podem desfrutar do Catedral Show Park, que exige o m\u00e1ximo de cada snowbordista quando o assunto \u00e9 esporte de aventura na cidade. Entre os dias 7 a 14 de setembro, Bariloche servir\u00e1 de cen\u00e1rio para o Congresso Internacional de Patrulhas de Esqui de todas as partes do mundo.<\/p>\n<figure id=\"attachment_37459\" aria-describedby=\"caption-attachment-37459\" style=\"width: 640px\" class=\"wp-caption aligncenter\"><img loading=\"lazy\" decoding=\"async\" class=\"wp-image-37459 size-full\" src=\"https:\/\/quantocustaviajar.com\/blog\/wp-content\/uploads\/2019\/08\/48520964527_8736fc76db_z.jpg\" alt=\"\" width=\"640\" height=\"427\" srcset=\"https:\/\/quantocustaviajar.com\/blog\/wp-content\/uploads\/2019\/08\/48520964527_8736fc76db_z.jpg 640w, https:\/\/quantocustaviajar.com\/blog\/wp-content\/uploads\/2019\/08\/48520964527_8736fc76db_z-300x200.jpg 300w\" sizes=\"auto, (max-width: 640px) 100vw, 640px\" \/><figcaption id=\"caption-attachment-37459\" class=\"wp-caption-text\">Foto <a href=\"https:\/\/www.flickr.com\/photos\/emproturbariloche\/albums\/with\/72157683010701154\">Emprotur &#8211; Bariloche Argentina<\/a><\/figcaption><\/figure>\n<p>J\u00e1 para o 7 de setembro teremos uma das datas mais importantes e atrativas do ano: O Tetratlon da Catedral, um evento que combina corrida, esqui, bicicleta e caiaque na neve. S\u00e3o os melhores cen\u00e1rios para uma corrida que atrai milhares de esportistas da regi\u00e3o.<\/p>\n<blockquote><p><a href=\"https:\/\/quantocustaviajar.com\/argentina\/bariloche\/passagem-aerea\" target=\"_blank\" rel=\"noopener\"><strong>Pesquise sua passagem a\u00e9rea para Bariloche<\/strong><\/a><\/p><\/blockquote>\n<p>Para finalizar, de 23 a 29 de setembro, Bariloche \u00e9 palco do Festival Audiovisual, um encontro de pessoas que s\u00e3o parte fundamental da nova produ\u00e7\u00e3o de filmes, v\u00eddeos, televis\u00e3o e outras novas m\u00eddias na regi\u00e3o, no pa\u00eds e na Am\u00e9rica Latina.<\/p>\n<p><strong>Tour de sabores:<\/strong><\/p>\n<p>O maior evento gastron\u00f4mico da regi\u00e3o j\u00e1 est\u00e1 sendo preparado em Bariloche: a sexta edi\u00e7\u00e3o de Bariloche a la Carta. O festival permite que o turista aprenda sobre a culin\u00e1ria da regi\u00e3o, onde predominam os sabores da Patag\u00f4nia e da Europa. Um circuito gourmet com mais de 80 estabelecimentos direcionados \u00e1 alta gastronomia. Al\u00e9m disso, o acesso gratuito &#8211; atrav\u00e9s de inscri\u00e7\u00e3o on-line \u2013 \u00e9 indicado para a degusta\u00e7\u00e3o de vinhos, cervejas artesanais e degusta\u00e7\u00f5es em restaurantes e hot\u00e9is. O Master classes tamb\u00e9m s\u00e3o realizadas com figuras emblem\u00e1ticas da cozinha. Este ano, as promo\u00e7\u00f5es incluem a oferta 3 x 2 em acomoda\u00e7\u00f5es e descontos de at\u00e9 20% em restaurantes e refei\u00e7\u00f5es que participam do evento.<\/p>\n<blockquote><p><a href=\"https:\/\/quantocustaviajar.com\/argentina\/bariloche\/onde-ficar\" target=\"_blank\" rel=\"noopener\"><strong>Saiba onde ficar em Bariloche<\/strong><\/a><\/p><\/blockquote>\n<p>O chocolate \u00e9 outro dos produtos t\u00edpicos da cidade e j\u00e1 se tornou sin\u00f4nimo de Bariloche. Hoje, a cidade tem mais de 20 lojas de chocolate, quase todas com presen\u00e7a no centro da cidade e a Mitre Street tornou-se a &#8220;rua de chocolate&#8221;. A maioria das instala\u00e7\u00f5es tamb\u00e9m oferecem caf\u00e9s, confeitarias e sorvetes artesanais.<strong>\u00a0<\/strong><\/p>\n<p><strong>Paisagens de primavera<\/strong><\/p>\n<figure id=\"attachment_37460\" aria-describedby=\"caption-attachment-37460\" style=\"width: 640px\" class=\"wp-caption aligncenter\"><img loading=\"lazy\" decoding=\"async\" class=\"wp-image-37460 size-full\" src=\"https:\/\/quantocustaviajar.com\/blog\/wp-content\/uploads\/2019\/08\/32106529723_4425b115bf_z.jpg\" alt=\"\" width=\"640\" height=\"434\" srcset=\"https:\/\/quantocustaviajar.com\/blog\/wp-content\/uploads\/2019\/08\/32106529723_4425b115bf_z.jpg 640w, https:\/\/quantocustaviajar.com\/blog\/wp-content\/uploads\/2019\/08\/32106529723_4425b115bf_z-300x203.jpg 300w\" sizes=\"auto, (max-width: 640px) 100vw, 640px\" \/><figcaption id=\"caption-attachment-37460\" class=\"wp-caption-text\">Foto <a href=\"https:\/\/www.flickr.com\/photos\/emproturbariloche\/albums\/with\/72157683010701154\" target=\"_blank\" rel=\"noopener\">Emprotur &#8211; Bariloche Argentina<\/a><\/figcaption><\/figure>\n<p>Desde que a neve come\u00e7a a ceder, as primeiras flores aparecem e Bariloche se torna uma explos\u00e3o de cores. Os Barilochenses destacam o in\u00edcio da primavera como um dos melhores momentos do ano. Eles olham para a frente porque o frio come\u00e7a a se despedir, o sol reflete na neve ao amanhecer e o degelo come\u00e7a a dar vida aos riachos das montanhas. Assim, os muitos passeios de trekking que podem ser feitos a partir do centro s\u00e3o uma \u00f3tima op\u00e7\u00e3o para este m\u00eas. O passeio pela Floresta Municipal Llao Llao, no Circuito Chico, e os passeios na regi\u00e3o do Lago Gutierrez at\u00e9 a Cachoeira dos Duendes se destacam. Perto, f\u00e1cil e livre: o turista pode curtir a floresta, a \u00e1gua e os p\u00e1ssaros.<\/p>\n<p><strong>Informa\u00e7\u00f5es sobre esses e outros passeios de Bariloche, acesse o site:\u00a0<\/strong><a href=\"https:\/\/www.barilocheturismo.gob.ar\/br\/home\" target=\"_blank\" rel=\"noopener\" data-saferedirecturl=\"https:\/\/www.google.com\/url?q=https:\/\/www.barilocheturismo.gob.ar\/br\/home&amp;source=gmail&amp;ust=1567179588645000&amp;usg=AFQjCNETRsrXC_JoLlUo8piAoPLLWwl2Cg\">https:\/\/www.barilocheturismo.<wbr \/>gob.ar\/br\/home<\/a><\/p>\n<p><em>Texto e fotos por\u00a0MAPA Comunica\u00e7\u00e3o Integrada<\/em><\/p>\n","protected":false},"excerpt":{"rendered":"<p>O m\u00eas de setembro \u00e9 considerado pelos esquiadores e amantes da neve como um momento ideal para curtir essa \u00e9poca do ano em Bariloche. A neve ainda est\u00e1 presente nesse per\u00edodo, e ainda d\u00e1 para aproveitar os bons pre\u00e7os, ficando em at\u00e9 20% menos que na alta temporada. Al\u00e9m disso, durante essa \u00e9poca a natureza [&hellip;]<\/p>\n","protected":false},"author":2,"featured_media":37460,"comment_status":"open","ping_status":"open","sticky":false,"template":"","format":"standard","meta":{"cybocfi_hide_featured_image":"","footnotes":""},"categories":[1437,1435],"tags":[58,383,2093,541,277],"class_list":["post-37458","post","type-post","status-publish","format-standard","has-post-thumbnail","hentry","category-ao-ar-livre","category-comes-bebes","tag-argentina","tag-bariloche","tag-esquiar","tag-neve","tag-primavera"],"blocksy_meta":[],"yoast_head":"<!-- This site is optimized with the Yoast SEO plugin v26.3 - https:\/\/yoast.com\/wordpress\/plugins\/seo\/ -->\n<title>Bariloche em setembro e a neve da primavera. Confira os eventos<\/title>\n<meta name=\"robots\" content=\"index, follow, max-snippet:-1, max-image-preview:large, max-video-preview:-1\" \/>\n<link rel=\"canonical\" href=\"https:\/\/quantocustaviajar.com\/blog\/bariloche-em-setembro-e-a-neve-da-primavera\/\" \/>\n<meta property=\"og:locale\" content=\"pt_BR\" \/>\n<meta property=\"og:type\" content=\"article\" \/>\n<meta property=\"og:title\" content=\"Bariloche em setembro e a neve da primavera. Confira os eventos\" \/>\n<meta property=\"og:description\" content=\"O m\u00eas de setembro \u00e9 considerado pelos esquiadores e amantes da neve como um momento ideal para curtir essa \u00e9poca do ano em Bariloche. A neve ainda est\u00e1 presente nesse per\u00edodo, e ainda d\u00e1 para aproveitar os bons pre\u00e7os, ficando em at\u00e9 20% menos que na alta temporada. Al\u00e9m disso, durante essa \u00e9poca a natureza [&hellip;]\" \/>\n<meta property=\"og:url\" content=\"https:\/\/quantocustaviajar.com\/blog\/bariloche-em-setembro-e-a-neve-da-primavera\/\" \/>\n<meta property=\"og:site_name\" content=\"Blog Quanto Custa Viajar\" \/>\n<meta property=\"article:publisher\" content=\"https:\/\/www.facebook.com\/quantocustaviajar\" \/>\n<meta property=\"article:published_time\" content=\"2019-08-29T16:25:53+00:00\" \/>\n<meta property=\"og:image\" content=\"https:\/\/quantocustaviajar.com\/blog\/wp-content\/uploads\/2019\/08\/32106529723_4425b115bf_z.jpg\" \/>\n\t<meta property=\"og:image:width\" content=\"640\" \/>\n\t<meta property=\"og:image:height\" content=\"434\" \/>\n\t<meta property=\"og:image:type\" content=\"image\/jpeg\" \/>\n<meta name=\"author\" content=\"Amanda Santiago\" \/>\n<meta name=\"twitter:card\" content=\"summary_large_image\" \/>\n<meta name=\"twitter:label1\" content=\"Escrito por\" \/>\n\t<meta name=\"twitter:data1\" content=\"Amanda Santiago\" \/>\n\t<meta name=\"twitter:label2\" content=\"Est. tempo de leitura\" \/>\n\t<meta name=\"twitter:data2\" content=\"3 minutos\" \/>\n<!-- \/ Yoast SEO plugin. -->","yoast_head_json":{"title":"Bariloche em setembro e a neve da primavera. Confira os eventos","robots":{"index":"index","follow":"follow","max-snippet":"max-snippet:-1","max-image-preview":"max-image-preview:large","max-video-preview":"max-video-preview:-1"},"canonical":"https:\/\/quantocustaviajar.com\/blog\/bariloche-em-setembro-e-a-neve-da-primavera\/","og_locale":"pt_BR","og_type":"article","og_title":"Bariloche em setembro e a neve da primavera. Confira os eventos","og_description":"O m\u00eas de setembro \u00e9 considerado pelos esquiadores e amantes da neve como um momento ideal para curtir essa \u00e9poca do ano em Bariloche. A neve ainda est\u00e1 presente nesse per\u00edodo, e ainda d\u00e1 para aproveitar os bons pre\u00e7os, ficando em at\u00e9 20% menos que na alta temporada. Al\u00e9m disso, durante essa \u00e9poca a natureza [&hellip;]","og_url":"https:\/\/quantocustaviajar.com\/blog\/bariloche-em-setembro-e-a-neve-da-primavera\/","og_site_name":"Blog Quanto Custa Viajar","article_publisher":"https:\/\/www.facebook.com\/quantocustaviajar","article_published_time":"2019-08-29T16:25:53+00:00","og_image":[{"width":640,"height":434,"url":"https:\/\/quantocustaviajar.com\/blog\/wp-content\/uploads\/2019\/08\/32106529723_4425b115bf_z.jpg","type":"image\/jpeg"}],"author":"Amanda Santiago","twitter_card":"summary_large_image","twitter_misc":{"Escrito por":"Amanda Santiago","Est. tempo de leitura":"3 minutos"},"schema":{"@context":"https:\/\/schema.org","@graph":[{"@type":["Article","BlogPosting"],"@id":"https:\/\/quantocustaviajar.com\/blog\/bariloche-em-setembro-e-a-neve-da-primavera\/#article","isPartOf":{"@id":"https:\/\/quantocustaviajar.com\/blog\/bariloche-em-setembro-e-a-neve-da-primavera\/"},"author":{"name":"Amanda Santiago","@id":"https:\/\/quantocustaviajar.com\/blog\/#\/schema\/person\/8d533436e500ca6735cd4c99bc5bd636"},"headline":"Bariloche em setembro e a neve da primavera","datePublished":"2019-08-29T16:25:53+00:00","mainEntityOfPage":{"@id":"https:\/\/quantocustaviajar.com\/blog\/bariloche-em-setembro-e-a-neve-da-primavera\/"},"wordCount":628,"commentCount":1,"publisher":{"@id":"https:\/\/quantocustaviajar.com\/blog\/#organization"},"image":{"@id":"https:\/\/quantocustaviajar.com\/blog\/bariloche-em-setembro-e-a-neve-da-primavera\/#primaryimage"},"thumbnailUrl":"https:\/\/quantocustaviajar.com\/blog\/wp-content\/uploads\/2019\/08\/32106529723_4425b115bf_z.jpg","keywords":["argentina","Bariloche","esquiar","neve","primavera"],"articleSection":["Ao Ar Livre","Comes &amp; Bebes"],"inLanguage":"pt-BR","potentialAction":[{"@type":"CommentAction","name":"Comment","target":["https:\/\/quantocustaviajar.com\/blog\/bariloche-em-setembro-e-a-neve-da-primavera\/#respond"]}]},{"@type":"WebPage","@id":"https:\/\/quantocustaviajar.com\/blog\/bariloche-em-setembro-e-a-neve-da-primavera\/","url":"https:\/\/quantocustaviajar.com\/blog\/bariloche-em-setembro-e-a-neve-da-primavera\/","name":"Bariloche em setembro e a neve da primavera. Confira os eventos","isPartOf":{"@id":"https:\/\/quantocustaviajar.com\/blog\/#website"},"primaryImageOfPage":{"@id":"https:\/\/quantocustaviajar.com\/blog\/bariloche-em-setembro-e-a-neve-da-primavera\/#primaryimage"},"image":{"@id":"https:\/\/quantocustaviajar.com\/blog\/bariloche-em-setembro-e-a-neve-da-primavera\/#primaryimage"},"thumbnailUrl":"https:\/\/quantocustaviajar.com\/blog\/wp-content\/uploads\/2019\/08\/32106529723_4425b115bf_z.jpg","datePublished":"2019-08-29T16:25:53+00:00","breadcrumb":{"@id":"https:\/\/quantocustaviajar.com\/blog\/bariloche-em-setembro-e-a-neve-da-primavera\/#breadcrumb"},"inLanguage":"pt-BR","potentialAction":[{"@type":"ReadAction","target":["https:\/\/quantocustaviajar.com\/blog\/bariloche-em-setembro-e-a-neve-da-primavera\/"]}]},{"@type":"ImageObject","inLanguage":"pt-BR","@id":"https:\/\/quantocustaviajar.com\/blog\/bariloche-em-setembro-e-a-neve-da-primavera\/#primaryimage","url":"https:\/\/quantocustaviajar.com\/blog\/wp-content\/uploads\/2019\/08\/32106529723_4425b115bf_z.jpg","contentUrl":"https:\/\/quantocustaviajar.com\/blog\/wp-content\/uploads\/2019\/08\/32106529723_4425b115bf_z.jpg","width":640,"height":434},{"@type":"BreadcrumbList","@id":"https:\/\/quantocustaviajar.com\/blog\/bariloche-em-setembro-e-a-neve-da-primavera\/#breadcrumb","itemListElement":[{"@type":"ListItem","position":1,"name":"In\u00edcio","item":"https:\/\/quantocustaviajar.com\/blog\/"},{"@type":"ListItem","position":2,"name":"Bariloche em setembro e a neve da primavera"}]},{"@type":"WebSite","@id":"https:\/\/quantocustaviajar.com\/blog\/#website","url":"https:\/\/quantocustaviajar.com\/blog\/","name":"Blog Quanto Custa Viajar","description":"","publisher":{"@id":"https:\/\/quantocustaviajar.com\/blog\/#organization"},"potentialAction":[{"@type":"SearchAction","target":{"@type":"EntryPoint","urlTemplate":"https:\/\/quantocustaviajar.com\/blog\/?s={search_term_string}"},"query-input":{"@type":"PropertyValueSpecification","valueRequired":true,"valueName":"search_term_string"}}],"inLanguage":"pt-BR"},{"@type":"Organization","@id":"https:\/\/quantocustaviajar.com\/blog\/#organization","name":"Quanto Custa Viajar","url":"https:\/\/quantocustaviajar.com\/blog\/","logo":{"@type":"ImageObject","inLanguage":"pt-BR","@id":"https:\/\/quantocustaviajar.com\/blog\/#\/schema\/logo\/image\/","url":"","contentUrl":"","caption":"Quanto Custa Viajar"},"image":{"@id":"https:\/\/quantocustaviajar.com\/blog\/#\/schema\/logo\/image\/"},"sameAs":["https:\/\/www.facebook.com\/quantocustaviajar"]},{"@type":"Person","@id":"https:\/\/quantocustaviajar.com\/blog\/#\/schema\/person\/8d533436e500ca6735cd4c99bc5bd636","name":"Amanda Santiago","image":{"@type":"ImageObject","inLanguage":"pt-BR","@id":"https:\/\/quantocustaviajar.com\/blog\/#\/schema\/person\/image\/","url":"https:\/\/secure.gravatar.com\/avatar\/6ae7919a737f4b8970848cde3cbbad4504863a680819a8d5effa9058ed9bc6b2?s=96&d=mm&r=g","contentUrl":"https:\/\/secure.gravatar.com\/avatar\/6ae7919a737f4b8970848cde3cbbad4504863a680819a8d5effa9058ed9bc6b2?s=96&d=mm&r=g","caption":"Amanda Santiago"},"description":"Co-fundadora do Quanto Custa Viajar. Ama conhecer novos lugares, culturas, pessoas e comidas!","sameAs":["https:\/\/www.linkedin.com\/in\/amanda-santiago-51267a31\/"],"url":"https:\/\/quantocustaviajar.com\/blog\/author\/mandsantiago\/"}]}},"_links":{"self":[{"href":"https:\/\/quantocustaviajar.com\/blog\/wp-json\/wp\/v2\/posts\/37458","targetHints":{"allow":["GET"]}}],"collection":[{"href":"https:\/\/quantocustaviajar.com\/blog\/wp-json\/wp\/v2\/posts"}],"about":[{"href":"https:\/\/quantocustaviajar.com\/blog\/wp-json\/wp\/v2\/types\/post"}],"author":[{"embeddable":true,"href":"https:\/\/quantocustaviajar.com\/blog\/wp-json\/wp\/v2\/users\/2"}],"replies":[{"embeddable":true,"href":"https:\/\/quantocustaviajar.com\/blog\/wp-json\/wp\/v2\/comments?post=37458"}],"version-history":[{"count":1,"href":"https:\/\/quantocustaviajar.com\/blog\/wp-json\/wp\/v2\/posts\/37458\/revisions"}],"predecessor-version":[{"id":37461,"href":"https:\/\/quantocustaviajar.com\/blog\/wp-json\/wp\/v2\/posts\/37458\/revisions\/37461"}],"wp:featuredmedia":[{"embeddable":true,"href":"https:\/\/quantocustaviajar.com\/blog\/wp-json\/wp\/v2\/media\/37460"}],"wp:attachment":[{"href":"https:\/\/quantocustaviajar.com\/blog\/wp-json\/wp\/v2\/media?parent=37458"}],"wp:term":[{"taxonomy":"category","embeddable":true,"href":"https:\/\/quantocustaviajar.com\/blog\/wp-json\/wp\/v2\/categories?post=37458"},{"taxonomy":"post_tag","embeddable":true,"href":"https:\/\/quantocustaviajar.com\/blog\/wp-json\/wp\/v2\/tags?post=37458"}],"curies":[{"name":"wp","href":"https:\/\/api.w.org\/{rel}","templated":true}]}}