{"id":37349,"date":"2019-08-27T17:05:35","date_gmt":"2019-08-27T17:05:35","guid":{"rendered":"https:\/\/quantocustaviajar.com\/blog\/?p=37349"},"modified":"2019-08-27T17:05:35","modified_gmt":"2019-08-27T17:05:35","slug":"museu-do-cafe-santos","status":"publish","type":"post","link":"https:\/\/quantocustaviajar.com\/blog\/museu-do-cafe-santos\/","title":{"rendered":"Conhe\u00e7a o Museu do Caf\u00e9, um dos edif\u00edcios mais lindos de Santos"},"content":{"rendered":"<p>J\u00e1 parou para pensar quantos n\u00fameros cabem numa simples x\u00edcara de caf\u00e9? Houve um per\u00edodo em que o gr\u00e3o chegou a ser considerado o &#8220;ouro negro&#8221; do pa\u00eds, representando 70% do PIB nacional brasileiro. Essa e outras informa\u00e7\u00f5es preciosas se re\u00fanem no <strong>Museu do Caf\u00e9<\/strong>, instalado em <strong>um dos edif\u00edcios mais lindos de<\/strong> <strong>Santos<\/strong>, onde antes funcionava o centro de comercializa\u00e7\u00e3o, bem pertinho do porto.<\/p><div id=\"ez-toc-container\" class=\"ez-toc-v2_0_76 ez-toc-wrap-left counter-hierarchy ez-toc-counter ez-toc-light-blue ez-toc-container-direction\">\n<div class=\"ez-toc-title-container\">\n<p class=\"ez-toc-title\" style=\"cursor:inherit\">Aqui voc\u00ea ir\u00e1 encontrar<\/p>\n<span class=\"ez-toc-title-toggle\"><a href=\"#\" class=\"ez-toc-pull-right ez-toc-btn ez-toc-btn-xs ez-toc-btn-default ez-toc-toggle\" aria-label=\"Alternar tabela de conte\u00fado\"><span class=\"ez-toc-js-icon-con\"><span class=\"\"><span class=\"eztoc-hide\" style=\"display:none;\">Toggle<\/span><span class=\"ez-toc-icon-toggle-span\"><svg style=\"fill: #999;color:#999\" xmlns=\"http:\/\/www.w3.org\/2000\/svg\" class=\"list-377408\" width=\"20px\" height=\"20px\" viewBox=\"0 0 24 24\" fill=\"none\"><path d=\"M6 6H4v2h2V6zm14 0H8v2h12V6zM4 11h2v2H4v-2zm16 0H8v2h12v-2zM4 16h2v2H4v-2zm16 0H8v2h12v-2z\" fill=\"currentColor\"><\/path><\/svg><svg style=\"fill: #999;color:#999\" class=\"arrow-unsorted-368013\" xmlns=\"http:\/\/www.w3.org\/2000\/svg\" width=\"10px\" height=\"10px\" viewBox=\"0 0 24 24\" version=\"1.2\" baseProfile=\"tiny\"><path d=\"M18.2 9.3l-6.2-6.3-6.2 6.3c-.2.2-.3.4-.3.7s.1.5.3.7c.2.2.4.3.7.3h11c.3 0 .5-.1.7-.3.2-.2.3-.5.3-.7s-.1-.5-.3-.7zM5.8 14.7l6.2 6.3 6.2-6.3c.2-.2.3-.5.3-.7s-.1-.5-.3-.7c-.2-.2-.4-.3-.7-.3h-11c-.3 0-.5.1-.7.3-.2.2-.3.5-.3.7s.1.5.3.7z\"\/><\/svg><\/span><\/span><\/span><\/a><\/span><\/div>\n<nav><ul class='ez-toc-list ez-toc-list-level-1 ' ><li class='ez-toc-page-1 ez-toc-heading-level-2'><a class=\"ez-toc-link ez-toc-heading-1\" href=\"https:\/\/quantocustaviajar.com\/blog\/museu-do-cafe-santos\/#Museu_do_Cafe\" >Museu do Caf\u00e9<\/a><\/li><li class='ez-toc-page-1 ez-toc-heading-level-2'><a class=\"ez-toc-link ez-toc-heading-2\" href=\"https:\/\/quantocustaviajar.com\/blog\/museu-do-cafe-santos\/#Educativo\" >Educativo<\/a><ul class='ez-toc-list-level-3' ><li class='ez-toc-heading-level-3'><a class=\"ez-toc-link ez-toc-heading-3\" href=\"https:\/\/quantocustaviajar.com\/blog\/museu-do-cafe-santos\/#Passeio_de_bonde\" >Passeio de\u00a0bonde<\/a><ul class='ez-toc-list-level-4' ><li class='ez-toc-heading-level-4'><a class=\"ez-toc-link ez-toc-heading-4\" href=\"https:\/\/quantocustaviajar.com\/blog\/museu-do-cafe-santos\/#Quanto_Custa\" >Quanto Custa<\/a><\/li><\/ul><\/li><\/ul><\/li><\/ul><\/nav><\/div>\n\n<p>Basta caminhar no bel\u00edssimo (e n\u00e3o t\u00e3o preservado) <strong>centro antigo de Santos<\/strong> para se deparar numa equina da rua XV de novembro com um imponente edif\u00edcio ecl\u00e9tico, um misto dos estilos cl\u00e1ssico e barroco. Do outro lado, na Rua Tuiuti, est\u00e1 a Torre do Rel\u00f3gio, a 40 metros de altura. \u00c9 ali que fica a chamada <strong>Bolsa Oficial de Caf\u00e9<\/strong>\u200a -\u200a nome ainda vis\u00edvel na fachada \u200a-\u200a, onde eram realizadas negocia\u00e7\u00f5es das sacas di\u00e1rias de caf\u00e9 que chegavam pelo mar.<\/p>\n<blockquote><p><strong><a href=\"https:\/\/quantocustaviajar.com\/blog\/trem-turistico-de-sao-paulo-a-santos-pode-ser-reativado\/\" target=\"_blank\" rel=\"noopener\">Trem tur\u00edstico de S\u00e3o Paulo a Santos pode ser reativado<\/a><\/strong><\/p><\/blockquote>\n<figure id=\"attachment_37357\" aria-describedby=\"caption-attachment-37357\" style=\"width: 700px\" class=\"wp-caption aligncenter\"><img loading=\"lazy\" decoding=\"async\" class=\"size-full wp-image-37357\" src=\"https:\/\/quantocustaviajar.com\/blog\/wp-content\/uploads\/2019\/08\/museu-do-cafe-santos.jpg\" alt=\"\" width=\"700\" height=\"896\" srcset=\"https:\/\/quantocustaviajar.com\/blog\/wp-content\/uploads\/2019\/08\/museu-do-cafe-santos.jpg 700w, https:\/\/quantocustaviajar.com\/blog\/wp-content\/uploads\/2019\/08\/museu-do-cafe-santos-234x300.jpg 234w\" sizes=\"auto, (max-width: 700px) 100vw, 700px\" \/><figcaption id=\"caption-attachment-37357\" class=\"wp-caption-text\">O imponente edif\u00edcio do Museu do Caf\u00e9 em Santos &#8211; Foto: divulga\u00e7\u00e3o\/Museu do Caf\u00e9<\/figcaption><\/figure>\n<h2><span class=\"ez-toc-section\" id=\"Museu_do_Cafe\"><\/span>Museu do Caf\u00e9<span class=\"ez-toc-section-end\"><\/span><\/h2>\n<p>Desde 1998 o espa\u00e7o funciona como institui\u00e7\u00e3o cultural, idealizada para <strong>preservar e propagar a hist\u00f3ria do caf\u00e9 no Brasil e no mundo<\/strong>. Al\u00e9m de documentos e objetos hist\u00f3ricos, conta com recursos modernos e multim\u00eddia, que tornam o passeio bem interessante e enriquecedor ao longo dos ambientes expositivos.<\/p>\n<p>Ao chegar, a primeira coisa encontrada no Museu do Caf\u00e9 \u00e9 a loja de lembrancinhas, o est\u00fadio de fotos e <strong>a cafeteria, que vende os caf\u00e9s de marca pr\u00f3pria<\/strong>, al\u00e9m de lotes especiais de estados produtores, como <a href=\"https:\/\/quantocustaviajar.com\/blog\/casa-torta-em-minas-gerais\/\" target=\"_blank\" rel=\"noopener\">Minas Gerais<\/a> e <a href=\"https:\/\/quantocustaviajar.com\/blog\/circuito-caravaggio-espirito-santo\/\" target=\"_blank\" rel=\"noopener\">Esp\u00edrito Santo<\/a>. Al\u00e9m de apreciar a bebida quentinha, tamb\u00e9m \u00e9 poss\u00edvel provar o gr\u00e3o em sobremesas, no brigadeiro e no sorvete de caf\u00e9 da casa.<\/p>\n<p>O tour, por\u00e9m, se inicia no <strong>Sal\u00e3o do Preg\u00e3o<\/strong>, rodeado por 81 cadeiras de madeira maci\u00e7a, telas enormes do pintor Benedito Calixto e um bel\u00edssimo vitral, que retrata &#8220;A Epopeia dos Bandeirantes&#8221; reluzindo no teto. Na d\u00e9cada de 1920, era o cora\u00e7\u00e3o n\u00e3o apenas do pr\u00e9dio, mas da regi\u00e3o central da cidade, que pulsava a cada cota\u00e7\u00e3o. Os preg\u00f5es funcionaram at\u00e9 1950.<\/p>\n<blockquote><p><strong><a href=\"https:\/\/quantocustaviajar.com\/blog\/7-cafes-historicos-imperdiveis-em-praga\/\" target=\"_blank\" rel=\"noopener\">7 caf\u00e9s hist\u00f3ricos imperd\u00edveis em Praga<\/a><\/strong><\/p><\/blockquote>\n<figure id=\"attachment_37368\" aria-describedby=\"caption-attachment-37368\" style=\"width: 700px\" class=\"wp-caption aligncenter\"><img loading=\"lazy\" decoding=\"async\" class=\"size-full wp-image-37368\" src=\"https:\/\/quantocustaviajar.com\/blog\/wp-content\/uploads\/2019\/08\/salo-do-prego-victor-hugo-mori-museu-do-cafe.jpg\" alt=\"\" width=\"700\" height=\"621\" srcset=\"https:\/\/quantocustaviajar.com\/blog\/wp-content\/uploads\/2019\/08\/salo-do-prego-victor-hugo-mori-museu-do-cafe.jpg 700w, https:\/\/quantocustaviajar.com\/blog\/wp-content\/uploads\/2019\/08\/salo-do-prego-victor-hugo-mori-museu-do-cafe-300x266.jpg 300w\" sizes=\"auto, (max-width: 700px) 100vw, 700px\" \/><figcaption id=\"caption-attachment-37368\" class=\"wp-caption-text\">Foto: divulga\u00e7\u00e3o\/Victor Hugo Mori<\/figcaption><\/figure>\n<figure id=\"attachment_37358\" aria-describedby=\"caption-attachment-37358\" style=\"width: 700px\" class=\"wp-caption aligncenter\"><img loading=\"lazy\" decoding=\"async\" class=\"size-full wp-image-37358\" src=\"https:\/\/quantocustaviajar.com\/blog\/wp-content\/uploads\/2019\/08\/museu-do-cafe_exposi\u00e7oes-2.jpg\" alt=\"\" width=\"700\" height=\"465\" srcset=\"https:\/\/quantocustaviajar.com\/blog\/wp-content\/uploads\/2019\/08\/museu-do-cafe_exposi\u00e7oes-2.jpg 700w, https:\/\/quantocustaviajar.com\/blog\/wp-content\/uploads\/2019\/08\/museu-do-cafe_exposi\u00e7oes-2-300x199.jpg 300w\" sizes=\"auto, (max-width: 700px) 100vw, 700px\" \/><figcaption id=\"caption-attachment-37358\" class=\"wp-caption-text\">Foto: divulga\u00e7\u00e3o\/Karina Frey<\/figcaption><\/figure>\n<p>Na outra sala est\u00e3o <strong>exemplares de p\u00e9s de caf\u00e9<\/strong>, apresentando as caracter\u00edsticas morfol\u00f3gicas da planta, e ferramentas e maquin\u00e1rios utilizados nas <a href=\"https:\/\/quantocustaviajar.com\/blog\/turismo-rural-no-brasil\/\" target=\"_blank\" rel=\"noopener\">antigas planta\u00e7\u00f5es<\/a>. Entre os aparatos est\u00e3o o moedor de caf\u00e9, o rastelo, o pil\u00e3o, a peneira de vime e uma miniatura de beneficiadora, m\u00e1quina que descascava o fruto e os selecionava por meio de uma peneira. O objeto \u00e9 original de \u00e9poca, visto que a vers\u00e3o pequenina era uma amostra utilizada por vendedores.<\/p>\n<blockquote><p><a href=\"https:\/\/quantocustaviajar.com\/brasil\/santos\/onde-ficar\" target=\"_blank\" rel=\"noopener\"><strong>Saiba onde se hospedar em Santos<\/strong><\/a><\/p><\/blockquote>\n<figure id=\"attachment_37364\" aria-describedby=\"caption-attachment-37364\" style=\"width: 700px\" class=\"wp-caption aligncenter\"><img loading=\"lazy\" decoding=\"async\" class=\"size-full wp-image-37364\" src=\"https:\/\/quantocustaviajar.com\/blog\/wp-content\/uploads\/2019\/08\/museu-do-cafe.jpg\" alt=\"\" width=\"700\" height=\"525\" srcset=\"https:\/\/quantocustaviajar.com\/blog\/wp-content\/uploads\/2019\/08\/museu-do-cafe.jpg 700w, https:\/\/quantocustaviajar.com\/blog\/wp-content\/uploads\/2019\/08\/museu-do-cafe-300x225.jpg 300w\" sizes=\"auto, (max-width: 700px) 100vw, 700px\" \/><figcaption id=\"caption-attachment-37364\" class=\"wp-caption-text\">Foto: <a href=\"https:\/\/facebook.com\/brunellapfvr\" target=\"_blank\" rel=\"noopener\">Brunella Nunes<\/a><\/figcaption><\/figure>\n<blockquote><p>Vale a pena conhecer a sala de v\u00eddeo, que faz proje\u00e7\u00f5es muito bonitas pelas paredes e traz imagens do processo da colheita ao caf\u00e9 que chega \u00e0 mesa.<\/p><\/blockquote>\n<figure id=\"attachment_37361\" aria-describedby=\"caption-attachment-37361\" style=\"width: 700px\" class=\"wp-caption aligncenter\"><img loading=\"lazy\" decoding=\"async\" class=\"size-full wp-image-37361\" src=\"https:\/\/quantocustaviajar.com\/blog\/wp-content\/uploads\/2019\/08\/museu-do-cafe-4.jpg\" alt=\"\" width=\"700\" height=\"525\" srcset=\"https:\/\/quantocustaviajar.com\/blog\/wp-content\/uploads\/2019\/08\/museu-do-cafe-4.jpg 700w, https:\/\/quantocustaviajar.com\/blog\/wp-content\/uploads\/2019\/08\/museu-do-cafe-4-300x225.jpg 300w\" sizes=\"auto, (max-width: 700px) 100vw, 700px\" \/><figcaption id=\"caption-attachment-37361\" class=\"wp-caption-text\">Interatividade e proje\u00e7\u00f5es na parede s\u00e3o parte do Museu do Caf\u00e9 &#8211; Foto: <a href=\"https:\/\/facebook.com\/brunellapfvr\" target=\"_blank\" rel=\"noopener\">Brunella Nunes<\/a><\/figcaption><\/figure>\n<p>Subindo os degraus, os visitantes se deparam com frases de autores diversos respondendo \u00e0 pergunta: o que o caf\u00e9 te faz lembrar?. Uma das mais bacanas \u00e9 a de Neiva Pavesi: <strong><em>&#8220;Das coisas boas da Vida. Do v\u00edcio que \u00e9 prazeroso. Das m\u00e3os que plantam e colhem a del\u00edcia que me acalma e satisfaz.&#8221;<\/em><\/strong><\/p>\n<p>Passado os degraus, podemos conhecer toda a hist\u00f3ria do caf\u00e9 por meio de pain\u00e9is cronol\u00f3gicos, ricos em informa\u00e7\u00f5es, que v\u00e3o do colonialismo aos anos 2.000. Muito se aprende sobre com\u00e9rcio, pol\u00edtica, trabalho escravo, economia e a cultura criada ao redor do caf\u00e9, que cumpre em sua ess\u00eancia um importante papel social at\u00e9 atualmente.<\/p>\n<p>\u00c9 por l\u00e1 que descobri, por exemplo, que <strong>a primeira cafeteria paulistana surgiu em meados de 1850 e se chamava &#8220;Caf\u00e9 da Maria Punga&#8221;<\/strong>. Reunindo fregueses em sua pr\u00f3pria casa, zero sofisticada, na Rua da Imperatriz, a quituteira Maria Em\u00edlia Vieira foi uma mulher negra que torrava e mo\u00eda os pr\u00f3prios gr\u00e3os em um pil\u00e3o para servir a bebida coada em tr\u00eas x\u00edcaras. Mulher empreendedora e pioneira! Mas, \u00e9 claro, n\u00e3o enriqueceu com seu talento.<\/p>\n<figure id=\"attachment_37362\" aria-describedby=\"caption-attachment-37362\" style=\"width: 700px\" class=\"wp-caption aligncenter\"><img loading=\"lazy\" decoding=\"async\" class=\"size-full wp-image-37362\" src=\"https:\/\/quantocustaviajar.com\/blog\/wp-content\/uploads\/2019\/08\/museu-do-cafe-7.jpg\" alt=\"\" width=\"700\" height=\"525\" srcset=\"https:\/\/quantocustaviajar.com\/blog\/wp-content\/uploads\/2019\/08\/museu-do-cafe-7.jpg 700w, https:\/\/quantocustaviajar.com\/blog\/wp-content\/uploads\/2019\/08\/museu-do-cafe-7-300x225.jpg 300w\" sizes=\"auto, (max-width: 700px) 100vw, 700px\" \/><figcaption id=\"caption-attachment-37362\" class=\"wp-caption-text\">Desenho hist\u00f3rico no acervo do Museu do Caf\u00e9 &#8211; Foto: <a href=\"https:\/\/facebook.com\/brunellapfvr\" target=\"_blank\" rel=\"noopener\">Brunella Nunes<\/a><\/figcaption><\/figure>\n<p>Uma outra sala mostra por meio de \u00e1udios, fotos, textos e objetos como funcionava o trabalho dos <strong>corretores de caf\u00e9<\/strong>, respons\u00e1veis por intermediar a venda entre fazenda-porto-pessoas, e os <strong>classificadores de caf\u00e9<\/strong>, que fazia a avalia\u00e7\u00e3o dos gr\u00e3os e sabia as prefer\u00eancias de cada importador. Bem legal parar um tempinho para ouvir nos <em>headphones<\/em> os antigos trabalhadores contando sobre seus extintos of\u00edcios.<\/p>\n<p>Na ala de mostras tempor\u00e1rias, a cenografia segue nos pegando pela m\u00e3o com seus toques de interatividade. At\u00e9 o m\u00eas de outubro est\u00e1 em cartaz &#8220;Calixto: discurso do progresso e identidade paulista&#8221; e Pianistas de armaz\u00e9m: trabalho feminino na cata\u00e7\u00e3o de caf\u00e9.<\/p>\n<p>Na primeira, uma reprodu\u00e7\u00e3o de uma das telas do artista ganha vida, servindo de pano de fundo para fotografias. J\u00e1 a segunda tem diversos depoimentos de mulheres trabalhadoras, que muito fizeram pela produ\u00e7\u00e3o cafeeira e pouco ganharam.<\/p>\n<figure id=\"attachment_37371\" aria-describedby=\"caption-attachment-37371\" style=\"width: 700px\" class=\"wp-caption aligncenter\"><img loading=\"lazy\" decoding=\"async\" class=\"size-full wp-image-37371\" src=\"https:\/\/quantocustaviajar.com\/blog\/wp-content\/uploads\/2019\/08\/museu-do-cafe_exposi\u00e7oes-3.jpg\" alt=\"\" width=\"700\" height=\"467\" srcset=\"https:\/\/quantocustaviajar.com\/blog\/wp-content\/uploads\/2019\/08\/museu-do-cafe_exposi\u00e7oes-3.jpg 700w, https:\/\/quantocustaviajar.com\/blog\/wp-content\/uploads\/2019\/08\/museu-do-cafe_exposi\u00e7oes-3-300x200.jpg 300w\" sizes=\"auto, (max-width: 700px) 100vw, 700px\" \/><figcaption id=\"caption-attachment-37371\" class=\"wp-caption-text\">Foto: divulga\u00e7\u00e3o\/Ian Lopes<\/figcaption><\/figure>\n<blockquote><p><strong><a href=\"https:\/\/quantocustaviajar.com\/blog\/cafes-em-sao-paulo\/\" target=\"_blank\" rel=\"noopener\">A procura da x\u00edcara perfeita: 15 caf\u00e9s para visitar em S\u00e3o Paulo<\/a><\/strong><\/p><\/blockquote>\n<figure id=\"attachment_37373\" aria-describedby=\"caption-attachment-37373\" style=\"width: 700px\" class=\"wp-caption aligncenter\"><img loading=\"lazy\" decoding=\"async\" class=\"size-full wp-image-37373\" src=\"https:\/\/quantocustaviajar.com\/blog\/wp-content\/uploads\/2019\/08\/museu-do-cafe_exposi\u00e7oes-1.jpg\" alt=\"\" width=\"700\" height=\"467\" srcset=\"https:\/\/quantocustaviajar.com\/blog\/wp-content\/uploads\/2019\/08\/museu-do-cafe_exposi\u00e7oes-1.jpg 700w, https:\/\/quantocustaviajar.com\/blog\/wp-content\/uploads\/2019\/08\/museu-do-cafe_exposi\u00e7oes-1-300x200.jpg 300w\" sizes=\"auto, (max-width: 700px) 100vw, 700px\" \/><figcaption id=\"caption-attachment-37373\" class=\"wp-caption-text\">Foto: divulga\u00e7\u00e3o\/Ian Lopes<\/figcaption><\/figure>\n<p>Com tanta coisa para ver, olhar e sentir, o Museu do Caf\u00e9 (e o centro velho de Santos) oferece uma saborosa viagem no tempo, bem encorpada, com fundo adocicado, aroma suave e uma sensa\u00e7\u00e3o quentinha no cora\u00e7\u00e3o. \u2615<\/p>\n<figure id=\"attachment_37359\" aria-describedby=\"caption-attachment-37359\" style=\"width: 700px\" class=\"wp-caption aligncenter\"><img loading=\"lazy\" decoding=\"async\" class=\"size-full wp-image-37359\" src=\"https:\/\/quantocustaviajar.com\/blog\/wp-content\/uploads\/2019\/08\/museu-do-cafe-10.jpg\" alt=\"\" width=\"700\" height=\"525\" srcset=\"https:\/\/quantocustaviajar.com\/blog\/wp-content\/uploads\/2019\/08\/museu-do-cafe-10.jpg 700w, https:\/\/quantocustaviajar.com\/blog\/wp-content\/uploads\/2019\/08\/museu-do-cafe-10-300x225.jpg 300w\" sizes=\"auto, (max-width: 700px) 100vw, 700px\" \/><figcaption id=\"caption-attachment-37359\" class=\"wp-caption-text\">Foto: <a href=\"https:\/\/facebook.com\/brunellapfvr\" target=\"_blank\" rel=\"noopener\">Brunella Nunes<\/a><\/figcaption><\/figure>\n<figure id=\"attachment_37369\" aria-describedby=\"caption-attachment-37369\" style=\"width: 700px\" class=\"wp-caption aligncenter\"><img loading=\"lazy\" decoding=\"async\" class=\"size-full wp-image-37369\" src=\"https:\/\/quantocustaviajar.com\/blog\/wp-content\/uploads\/2019\/08\/museu-do-cafe-11.jpg\" alt=\"\" width=\"700\" height=\"525\" srcset=\"https:\/\/quantocustaviajar.com\/blog\/wp-content\/uploads\/2019\/08\/museu-do-cafe-11.jpg 700w, https:\/\/quantocustaviajar.com\/blog\/wp-content\/uploads\/2019\/08\/museu-do-cafe-11-300x225.jpg 300w\" sizes=\"auto, (max-width: 700px) 100vw, 700px\" \/><figcaption id=\"caption-attachment-37369\" class=\"wp-caption-text\">Foto: <a href=\"https:\/\/facebook.com\/brunellapfvr\" target=\"_blank\" rel=\"noopener\">Brunella Nunes<\/a><\/figcaption><\/figure>\n<figure id=\"attachment_37370\" aria-describedby=\"caption-attachment-37370\" style=\"width: 700px\" class=\"wp-caption aligncenter\"><img loading=\"lazy\" decoding=\"async\" class=\"size-full wp-image-37370\" src=\"https:\/\/quantocustaviajar.com\/blog\/wp-content\/uploads\/2019\/08\/museu-do-cafe-12.jpg\" alt=\"\" width=\"700\" height=\"933\" srcset=\"https:\/\/quantocustaviajar.com\/blog\/wp-content\/uploads\/2019\/08\/museu-do-cafe-12.jpg 700w, https:\/\/quantocustaviajar.com\/blog\/wp-content\/uploads\/2019\/08\/museu-do-cafe-12-225x300.jpg 225w\" sizes=\"auto, (max-width: 700px) 100vw, 700px\" \/><figcaption id=\"caption-attachment-37370\" class=\"wp-caption-text\">Foto: <a href=\"https:\/\/facebook.com\/brunellapfvr\" target=\"_blank\" rel=\"noopener\">Brunella Nunes<\/a><\/figcaption><\/figure>\n<h2><span class=\"ez-toc-section\" id=\"Educativo\"><\/span>Educativo<span class=\"ez-toc-section-end\"><\/span><\/h2>\n<p>O Museu do Caf\u00e9 \u00e9 n\u00e3o apenas um centro de refer\u00eancia, como tamb\u00e9m um Centro de Prepara\u00e7\u00e3o de Caf\u00e9. L\u00e1 s\u00e3o ministrados cursos e oficinas para difundir o conhecimento sobre o preparo da bebida, indo desde um ensino mais b\u00e1sico, para quem quer aprimorar o cafezinho caseiro, at\u00e9 o n\u00edvel profissional, direcionado aos baristas.<\/p>\n<p>Alguns encontros s\u00e3o, inclusive, gratuitos, como \u00e9 o caso do encontro introdut\u00f3rio Dica do Barista, que traz informa\u00e7\u00f5es essenciais para os coffee lovers. J\u00e1 os direcionados \u00e0 profiss\u00e3o custam entre R$ 200 e R$ 800.<\/p>\n<p>Outro lado bom do setor educativo \u00e9 que s\u00e3o oferecidas visitas orientadas e tem\u00e1ticas, al\u00e9m de diversas atividades que desenvolvem a percep\u00e7\u00e3o do p\u00fablico. Aos s\u00e1bados, o Museu fica mais animado com a presen\u00e7a de m\u00fasicos e a oferta de degusta\u00e7\u00f5es de caf\u00e9 gourmet.<\/p>\n<figure id=\"attachment_37366\" aria-describedby=\"caption-attachment-37366\" style=\"width: 700px\" class=\"wp-caption aligncenter\"><img loading=\"lazy\" decoding=\"async\" class=\"size-full wp-image-37366\" src=\"https:\/\/quantocustaviajar.com\/blog\/wp-content\/uploads\/2019\/08\/cafeteria-museu-do-cafe.jpg\" alt=\"\" width=\"700\" height=\"449\" srcset=\"https:\/\/quantocustaviajar.com\/blog\/wp-content\/uploads\/2019\/08\/cafeteria-museu-do-cafe.jpg 700w, https:\/\/quantocustaviajar.com\/blog\/wp-content\/uploads\/2019\/08\/cafeteria-museu-do-cafe-300x192.jpg 300w\" sizes=\"auto, (max-width: 700px) 100vw, 700px\" \/><figcaption id=\"caption-attachment-37366\" class=\"wp-caption-text\">Museu do Caf\u00e9 tem cafeteria com gr\u00e3os pr\u00f3prios &#8211; Foto: divulga\u00e7\u00e3o\/Museu do Caf\u00e9<\/figcaption><\/figure>\n<h3><span class=\"ez-toc-section\" id=\"Passeio_de_bonde\"><\/span>Passeio de\u00a0bonde<span class=\"ez-toc-section-end\"><\/span><\/h3>\n<p>Al\u00e9m de oferecer uma riqueza de informa\u00e7\u00f5es, o Museu do Caf\u00e9 tamb\u00e9m tem um passeio de bonde tem\u00e1tico. O ve\u00edculo para at\u00e9 24 passageiros conta com ar condicionado, acesso para pessoas com defici\u00eancia, estrutura para prepara\u00e7\u00e3o de caf\u00e9 coado, mesas e cadeiras para acomoda\u00e7\u00e3o e degusta\u00e7\u00e3o gratuita de caf\u00e9 gourmet ao longo da viagem pela cidade. N\u00e3o \u00e9 incr\u00edvel?<\/p>\n<p>As sa\u00eddas da Esta\u00e7\u00e3o Valongo acontecem apenas aos finais de semana, em hor\u00e1rios espec\u00edficos. Anota a\u00ed para n\u00e3o perder!<\/p>\n<ul>\n<li>\u00e0s sextas, das 13h30 \u00e0s 16h30, a cada uma hora;<\/li>\n<li>aos s\u00e1bados, das 11h50 \u00e0s 16h50, a cada uma hora;<\/li>\n<li>aos domingos, das 12h30 \u00e0s 16h30, mantendo o mesmo intervalo.<\/li>\n<\/ul>\n<figure id=\"attachment_37355\" aria-describedby=\"caption-attachment-37355\" style=\"width: 555px\" class=\"wp-caption aligncenter\"><img loading=\"lazy\" decoding=\"async\" class=\"size-full wp-image-37355\" src=\"https:\/\/quantocustaviajar.com\/blog\/wp-content\/uploads\/2019\/08\/BONDE-do-cafe-por-ISABELA-CARRARI.jpg\" alt=\"\" width=\"555\" height=\"415\" srcset=\"https:\/\/quantocustaviajar.com\/blog\/wp-content\/uploads\/2019\/08\/BONDE-do-cafe-por-ISABELA-CARRARI.jpg 555w, https:\/\/quantocustaviajar.com\/blog\/wp-content\/uploads\/2019\/08\/BONDE-do-cafe-por-ISABELA-CARRARI-300x224.jpg 300w\" sizes=\"auto, (max-width: 555px) 100vw, 555px\" \/><figcaption id=\"caption-attachment-37355\" class=\"wp-caption-text\">Foto: divulga\u00e7\u00e3o\/Isabela Carrari<\/figcaption><\/figure>\n<h4><span class=\"ez-toc-section\" id=\"Quanto_Custa\"><\/span>Quanto Custa<span class=\"ez-toc-section-end\"><\/span><\/h4>\n<p>Os ingressos para entrar no Museu do Caf\u00e9 custam R$ 10, com meia-entrada para estudantes e pessoas da terceira idade. Gratuidade para funcion\u00e1rios da rede p\u00fablica do Estado de S\u00e3o Paulo s\u00e3o isentos e aos s\u00e1bados para o p\u00fablico geral.<\/p>\n<p>O passeio de bonde custa R$ 7 por pessoa, com degusta\u00e7\u00e3o inclusa. Mais informa\u00e7\u00f5es pelo telefone (13) 3201\u20138000\u200a-\u200aSecretaria de Turismo de Santos ou no <a href=\"https:\/\/www.turismosantos.com.br\/?q=pt-br\/node\/75\" target=\"_blank\" rel=\"noopener\">site oficial<\/a>.<\/p>\n<blockquote><p><a href=\"https:\/\/quantocustaviajar.com\/brasil\/santos\" target=\"_blank\" rel=\"noopener\"><strong>Confira agora mesmo todos os custos da sua viagem para Santos!<\/strong><\/a><\/p><\/blockquote>\n<figure id=\"attachment_37372\" aria-describedby=\"caption-attachment-37372\" style=\"width: 700px\" class=\"wp-caption alignnone\"><img loading=\"lazy\" decoding=\"async\" class=\"size-full wp-image-37372\" src=\"https:\/\/quantocustaviajar.com\/blog\/wp-content\/uploads\/2019\/08\/museu-do-cafe_exposi\u00e7oes-4.jpg\" alt=\"\" width=\"700\" height=\"467\" srcset=\"https:\/\/quantocustaviajar.com\/blog\/wp-content\/uploads\/2019\/08\/museu-do-cafe_exposi\u00e7oes-4.jpg 700w, https:\/\/quantocustaviajar.com\/blog\/wp-content\/uploads\/2019\/08\/museu-do-cafe_exposi\u00e7oes-4-300x200.jpg 300w\" sizes=\"auto, (max-width: 700px) 100vw, 700px\" \/><figcaption id=\"caption-attachment-37372\" class=\"wp-caption-text\">Detalhes hist\u00f3ricos do Museu do Caf\u00e9 em Santos &#8211; Foto: divulga\u00e7\u00e3o\/Ian Lopes<\/figcaption><\/figure>\n<figure id=\"attachment_37367\" aria-describedby=\"caption-attachment-37367\" style=\"width: 700px\" class=\"wp-caption aligncenter\"><img loading=\"lazy\" decoding=\"async\" class=\"size-full wp-image-37367\" src=\"https:\/\/quantocustaviajar.com\/blog\/wp-content\/uploads\/2019\/08\/museu-do-cafe-1.jpg\" alt=\"\" width=\"700\" height=\"393\" srcset=\"https:\/\/quantocustaviajar.com\/blog\/wp-content\/uploads\/2019\/08\/museu-do-cafe-1.jpg 700w, https:\/\/quantocustaviajar.com\/blog\/wp-content\/uploads\/2019\/08\/museu-do-cafe-1-300x168.jpg 300w\" sizes=\"auto, (max-width: 700px) 100vw, 700px\" \/><figcaption id=\"caption-attachment-37367\" class=\"wp-caption-text\">Foto: divulga\u00e7\u00e3o\/Museu do Caf\u00e9<\/figcaption><\/figure>\n<p><em>*Foto em destaque no topo da p\u00e1gina: Daniel Guimar\u00e3es\/A2IMG<\/em><\/p>\n<blockquote class=\"wp-embedded-content\" data-secret=\"02QV1nkpmL\"><p><a href=\"https:\/\/quantocustaviajar.com\/blog\/confeitaria-colombo-rio-de-janeiro\/\">Confeitaria Colombo: um dos caf\u00e9s mais lindos do mundo fica no Rio de Janeiro<\/a><\/p><\/blockquote>\n<p><iframe loading=\"lazy\" class=\"wp-embedded-content\" sandbox=\"allow-scripts\" security=\"restricted\" style=\"position: absolute; visibility: hidden;\" title=\"&#8220;Confeitaria Colombo: um dos caf\u00e9s mais lindos do mundo fica no Rio de Janeiro&#8221; &#8212; Blog Quanto Custa Viajar\" src=\"https:\/\/quantocustaviajar.com\/blog\/confeitaria-colombo-rio-de-janeiro\/embed\/#?secret=ZMUcL8cN9O#?secret=02QV1nkpmL\" data-secret=\"02QV1nkpmL\" width=\"600\" height=\"338\" frameborder=\"0\" marginwidth=\"0\" marginheight=\"0\" scrolling=\"no\"><\/iframe><\/p>\n","protected":false},"excerpt":{"rendered":"<p>J\u00e1 parou para pensar quantos n\u00fameros cabem numa simples x\u00edcara de caf\u00e9? Houve um per\u00edodo em que o gr\u00e3o chegou a ser considerado o &#8220;ouro negro&#8221; do pa\u00eds, representando 70% do PIB nacional brasileiro. Essa e outras informa\u00e7\u00f5es preciosas se re\u00fanem no Museu do Caf\u00e9, instalado em um dos edif\u00edcios mais lindos de Santos, onde [&hellip;]<\/p>\n","protected":false},"author":4,"featured_media":37374,"comment_status":"open","ping_status":"open","sticky":false,"template":"","format":"standard","meta":{"cybocfi_hide_featured_image":"","footnotes":""},"categories":[1436],"tags":[79,2175,67,289,1023,2065,1005,61,321,2174,303],"class_list":["post-37349","post","type-post","status-publish","format-standard","has-post-thumbnail","hentry","category-artes-cultura-diversao","tag-arquitetura","tag-bonde","tag-cafe","tag-cafeteria","tag-final-de-semana","tag-historia","tag-lugares-diferentes","tag-museu","tag-passeios","tag-santos","tag-sao-paulo"],"blocksy_meta":[],"yoast_head":"<!-- This site is optimized with the Yoast SEO plugin v26.3 - https:\/\/yoast.com\/wordpress\/plugins\/seo\/ -->\n<title>Conhe\u00e7a o Museu do Caf\u00e9, um dos edif\u00edcios mais lindos de Santos<\/title>\n<meta name=\"robots\" content=\"index, follow, max-snippet:-1, max-image-preview:large, max-video-preview:-1\" \/>\n<link rel=\"canonical\" href=\"https:\/\/quantocustaviajar.com\/blog\/museu-do-cafe-santos\/\" \/>\n<meta property=\"og:locale\" content=\"pt_BR\" \/>\n<meta property=\"og:type\" content=\"article\" \/>\n<meta property=\"og:title\" content=\"Conhe\u00e7a o Museu do Caf\u00e9, um dos edif\u00edcios mais lindos de Santos\" \/>\n<meta property=\"og:description\" content=\"J\u00e1 parou para pensar quantos n\u00fameros cabem numa simples x\u00edcara de caf\u00e9? Houve um per\u00edodo em que o gr\u00e3o chegou a ser considerado o &#8220;ouro negro&#8221; do pa\u00eds, representando 70% do PIB nacional brasileiro. Essa e outras informa\u00e7\u00f5es preciosas se re\u00fanem no Museu do Caf\u00e9, instalado em um dos edif\u00edcios mais lindos de Santos, onde [&hellip;]\" \/>\n<meta property=\"og:url\" content=\"https:\/\/quantocustaviajar.com\/blog\/museu-do-cafe-santos\/\" \/>\n<meta property=\"og:site_name\" content=\"Blog Quanto Custa Viajar\" \/>\n<meta property=\"article:publisher\" content=\"https:\/\/www.facebook.com\/quantocustaviajar\" \/>\n<meta property=\"article:author\" content=\"https:\/\/www.facebook.com\/brunellapfvr\/posts\" \/>\n<meta property=\"article:published_time\" content=\"2019-08-27T17:05:35+00:00\" \/>\n<meta property=\"og:image\" content=\"https:\/\/quantocustaviajar.com\/blog\/wp-content\/uploads\/2019\/08\/museu-do-cafe-santos-1.jpg\" \/>\n\t<meta property=\"og:image:width\" content=\"2836\" \/>\n\t<meta property=\"og:image:height\" content=\"2000\" \/>\n\t<meta property=\"og:image:type\" content=\"image\/jpeg\" \/>\n<meta name=\"author\" content=\"Brunella Nunes\" \/>\n<meta name=\"twitter:card\" content=\"summary_large_image\" \/>\n<meta name=\"twitter:label1\" content=\"Escrito por\" \/>\n\t<meta name=\"twitter:data1\" content=\"Brunella Nunes\" \/>\n\t<meta name=\"twitter:label2\" content=\"Est. tempo de leitura\" \/>\n\t<meta name=\"twitter:data2\" content=\"8 minutos\" \/>\n<!-- \/ Yoast SEO plugin. -->","yoast_head_json":{"title":"Conhe\u00e7a o Museu do Caf\u00e9, um dos edif\u00edcios mais lindos de Santos","robots":{"index":"index","follow":"follow","max-snippet":"max-snippet:-1","max-image-preview":"max-image-preview:large","max-video-preview":"max-video-preview:-1"},"canonical":"https:\/\/quantocustaviajar.com\/blog\/museu-do-cafe-santos\/","og_locale":"pt_BR","og_type":"article","og_title":"Conhe\u00e7a o Museu do Caf\u00e9, um dos edif\u00edcios mais lindos de Santos","og_description":"J\u00e1 parou para pensar quantos n\u00fameros cabem numa simples x\u00edcara de caf\u00e9? Houve um per\u00edodo em que o gr\u00e3o chegou a ser considerado o &#8220;ouro negro&#8221; do pa\u00eds, representando 70% do PIB nacional brasileiro. Essa e outras informa\u00e7\u00f5es preciosas se re\u00fanem no Museu do Caf\u00e9, instalado em um dos edif\u00edcios mais lindos de Santos, onde [&hellip;]","og_url":"https:\/\/quantocustaviajar.com\/blog\/museu-do-cafe-santos\/","og_site_name":"Blog Quanto Custa Viajar","article_publisher":"https:\/\/www.facebook.com\/quantocustaviajar","article_author":"https:\/\/www.facebook.com\/brunellapfvr\/posts","article_published_time":"2019-08-27T17:05:35+00:00","og_image":[{"width":2836,"height":2000,"url":"https:\/\/quantocustaviajar.com\/blog\/wp-content\/uploads\/2019\/08\/museu-do-cafe-santos-1.jpg","type":"image\/jpeg"}],"author":"Brunella Nunes","twitter_card":"summary_large_image","twitter_misc":{"Escrito por":"Brunella Nunes","Est. tempo de leitura":"8 minutos"},"schema":{"@context":"https:\/\/schema.org","@graph":[{"@type":["Article","BlogPosting"],"@id":"https:\/\/quantocustaviajar.com\/blog\/museu-do-cafe-santos\/#article","isPartOf":{"@id":"https:\/\/quantocustaviajar.com\/blog\/museu-do-cafe-santos\/"},"author":{"name":"Brunella Nunes","@id":"https:\/\/quantocustaviajar.com\/blog\/#\/schema\/person\/1a6dd3da9d0c0a4be42652b67bea19bb"},"headline":"Conhe\u00e7a o Museu do Caf\u00e9, um dos edif\u00edcios mais lindos de Santos","datePublished":"2019-08-27T17:05:35+00:00","mainEntityOfPage":{"@id":"https:\/\/quantocustaviajar.com\/blog\/museu-do-cafe-santos\/"},"wordCount":1517,"commentCount":6,"publisher":{"@id":"https:\/\/quantocustaviajar.com\/blog\/#organization"},"image":{"@id":"https:\/\/quantocustaviajar.com\/blog\/museu-do-cafe-santos\/#primaryimage"},"thumbnailUrl":"https:\/\/quantocustaviajar.com\/blog\/wp-content\/uploads\/2019\/08\/museu-do-cafe-santos-1.jpg","keywords":["arquitetura","bonde","caf\u00e9","cafeteria","final de semana","historia","lugares diferentes","museu","passeios","Santos","S\u00e3o Paulo"],"articleSection":["Artes, Cultura &amp; Divers\u00e3o"],"inLanguage":"pt-BR","potentialAction":[{"@type":"CommentAction","name":"Comment","target":["https:\/\/quantocustaviajar.com\/blog\/museu-do-cafe-santos\/#respond"]}]},{"@type":"WebPage","@id":"https:\/\/quantocustaviajar.com\/blog\/museu-do-cafe-santos\/","url":"https:\/\/quantocustaviajar.com\/blog\/museu-do-cafe-santos\/","name":"Conhe\u00e7a o Museu do Caf\u00e9, um dos edif\u00edcios mais lindos de Santos","isPartOf":{"@id":"https:\/\/quantocustaviajar.com\/blog\/#website"},"primaryImageOfPage":{"@id":"https:\/\/quantocustaviajar.com\/blog\/museu-do-cafe-santos\/#primaryimage"},"image":{"@id":"https:\/\/quantocustaviajar.com\/blog\/museu-do-cafe-santos\/#primaryimage"},"thumbnailUrl":"https:\/\/quantocustaviajar.com\/blog\/wp-content\/uploads\/2019\/08\/museu-do-cafe-santos-1.jpg","datePublished":"2019-08-27T17:05:35+00:00","breadcrumb":{"@id":"https:\/\/quantocustaviajar.com\/blog\/museu-do-cafe-santos\/#breadcrumb"},"inLanguage":"pt-BR","potentialAction":[{"@type":"ReadAction","target":["https:\/\/quantocustaviajar.com\/blog\/museu-do-cafe-santos\/"]}]},{"@type":"ImageObject","inLanguage":"pt-BR","@id":"https:\/\/quantocustaviajar.com\/blog\/museu-do-cafe-santos\/#primaryimage","url":"https:\/\/quantocustaviajar.com\/blog\/wp-content\/uploads\/2019\/08\/museu-do-cafe-santos-1.jpg","contentUrl":"https:\/\/quantocustaviajar.com\/blog\/wp-content\/uploads\/2019\/08\/museu-do-cafe-santos-1.jpg","width":2836,"height":2000,"caption":"Foto: Daniel Guimar\u00e3es\/A2IMG"},{"@type":"BreadcrumbList","@id":"https:\/\/quantocustaviajar.com\/blog\/museu-do-cafe-santos\/#breadcrumb","itemListElement":[{"@type":"ListItem","position":1,"name":"In\u00edcio","item":"https:\/\/quantocustaviajar.com\/blog\/"},{"@type":"ListItem","position":2,"name":"Conhe\u00e7a o Museu do Caf\u00e9, um dos edif\u00edcios mais lindos de Santos"}]},{"@type":"WebSite","@id":"https:\/\/quantocustaviajar.com\/blog\/#website","url":"https:\/\/quantocustaviajar.com\/blog\/","name":"Blog Quanto Custa Viajar","description":"","publisher":{"@id":"https:\/\/quantocustaviajar.com\/blog\/#organization"},"potentialAction":[{"@type":"SearchAction","target":{"@type":"EntryPoint","urlTemplate":"https:\/\/quantocustaviajar.com\/blog\/?s={search_term_string}"},"query-input":{"@type":"PropertyValueSpecification","valueRequired":true,"valueName":"search_term_string"}}],"inLanguage":"pt-BR"},{"@type":"Organization","@id":"https:\/\/quantocustaviajar.com\/blog\/#organization","name":"Quanto Custa Viajar","url":"https:\/\/quantocustaviajar.com\/blog\/","logo":{"@type":"ImageObject","inLanguage":"pt-BR","@id":"https:\/\/quantocustaviajar.com\/blog\/#\/schema\/logo\/image\/","url":"","contentUrl":"","caption":"Quanto Custa Viajar"},"image":{"@id":"https:\/\/quantocustaviajar.com\/blog\/#\/schema\/logo\/image\/"},"sameAs":["https:\/\/www.facebook.com\/quantocustaviajar"]},{"@type":"Person","@id":"https:\/\/quantocustaviajar.com\/blog\/#\/schema\/person\/1a6dd3da9d0c0a4be42652b67bea19bb","name":"Brunella Nunes","image":{"@type":"ImageObject","inLanguage":"pt-BR","@id":"https:\/\/quantocustaviajar.com\/blog\/#\/schema\/person\/image\/","url":"https:\/\/secure.gravatar.com\/avatar\/05b28dfb8a3cc7ee0dba6feefa5677f05be6d7bf4b017728fd38499092f9c282?s=96&d=mm&r=g","contentUrl":"https:\/\/secure.gravatar.com\/avatar\/05b28dfb8a3cc7ee0dba6feefa5677f05be6d7bf4b017728fd38499092f9c282?s=96&d=mm&r=g","caption":"Brunella Nunes"},"description":"Quando n\u00e3o est\u00e1 viajando pelo mundo, est\u00e1 viajando nas ideias.","sameAs":["https:\/\/www.facebook.com\/brunellapfvr\/posts","https:\/\/www.linkedin.com\/in\/brunellanunes\/"],"url":"https:\/\/quantocustaviajar.com\/blog\/author\/equipe\/"}]}},"_links":{"self":[{"href":"https:\/\/quantocustaviajar.com\/blog\/wp-json\/wp\/v2\/posts\/37349","targetHints":{"allow":["GET"]}}],"collection":[{"href":"https:\/\/quantocustaviajar.com\/blog\/wp-json\/wp\/v2\/posts"}],"about":[{"href":"https:\/\/quantocustaviajar.com\/blog\/wp-json\/wp\/v2\/types\/post"}],"author":[{"embeddable":true,"href":"https:\/\/quantocustaviajar.com\/blog\/wp-json\/wp\/v2\/users\/4"}],"replies":[{"embeddable":true,"href":"https:\/\/quantocustaviajar.com\/blog\/wp-json\/wp\/v2\/comments?post=37349"}],"version-history":[{"count":4,"href":"https:\/\/quantocustaviajar.com\/blog\/wp-json\/wp\/v2\/posts\/37349\/revisions"}],"predecessor-version":[{"id":37395,"href":"https:\/\/quantocustaviajar.com\/blog\/wp-json\/wp\/v2\/posts\/37349\/revisions\/37395"}],"wp:featuredmedia":[{"embeddable":true,"href":"https:\/\/quantocustaviajar.com\/blog\/wp-json\/wp\/v2\/media\/37374"}],"wp:attachment":[{"href":"https:\/\/quantocustaviajar.com\/blog\/wp-json\/wp\/v2\/media?parent=37349"}],"wp:term":[{"taxonomy":"category","embeddable":true,"href":"https:\/\/quantocustaviajar.com\/blog\/wp-json\/wp\/v2\/categories?post=37349"},{"taxonomy":"post_tag","embeddable":true,"href":"https:\/\/quantocustaviajar.com\/blog\/wp-json\/wp\/v2\/tags?post=37349"}],"curies":[{"name":"wp","href":"https:\/\/api.w.org\/{rel}","templated":true}]}}