{"id":37264,"date":"2019-08-23T13:52:02","date_gmt":"2019-08-23T13:52:02","guid":{"rendered":"https:\/\/quantocustaviajar.com\/blog\/?p=37264"},"modified":"2021-08-02T18:33:22","modified_gmt":"2021-08-02T18:33:22","slug":"mercado-municipal-de-curitiba","status":"publish","type":"post","link":"https:\/\/quantocustaviajar.com\/blog\/mercado-municipal-de-curitiba\/","title":{"rendered":"Apaixone-se pelas cores e sabores do Mercado Municipal de Curitiba"},"content":{"rendered":"<p>Se tem um lugar legal para turistar na capital paranaense, esse local \u00e9 o <strong>Mercado Municipal de Curitiba<\/strong>, fundado em agosto de 1958. Todas as semanas, o espa\u00e7o recebe aproximadamente 65 mil pessoas que passeiam pela estrutura de 15,6 mil metros quadrados que abriga 362 unidades comerciais, compreendendo tanto boxes quanto barracas que oferece mais de 72 mil itens.<\/p>\n<p>O foco \u00e9 na gastronomia, tanto que quase 80% dos estabelecimentos vendem produtos aliment\u00edcios. Tem de tudo por l\u00e1, como bebidas, queijos e vinhos, ervas medicinais, especiarias, carnes, embutidos, conservas, carnes ex\u00f3ticas, frutas, verduras e muito mais. Inclusive, em 2009, o Mercado Municipal de <a href=\"https:\/\/quantocustaviajar.com\/brasil\/curitiba\" target=\"_blank\" rel=\"noopener noreferrer\"><strong>Curitiba<\/strong><\/a> foi o primeiro no Brasil a inaugurar uma \u00e1rea dedicada a produtos org\u00e2nicos.<\/p>\n<blockquote><p><a href=\"https:\/\/www.booking.com\/city\/br\/curitiba.pt-br.html?aid=2161834\" target=\"_blank\" rel=\"noopener noreferrer\"><strong>Onde ficar em Curitiba? Encontre seu hotel aqui!<\/strong><\/a><\/p><\/blockquote>\n<figure id=\"attachment_37267\" aria-describedby=\"caption-attachment-37267\" style=\"width: 800px\" class=\"wp-caption aligncenter\"><img loading=\"lazy\" decoding=\"async\" class=\"size-full wp-image-37267\" src=\"https:\/\/quantocustaviajar.com\/blog\/wp-content\/uploads\/2019\/08\/mercado-municipal-de-curitiba-2.jpg\" alt=\"mercado municipal de curitiba\" width=\"800\" height=\"800\" srcset=\"https:\/\/quantocustaviajar.com\/blog\/wp-content\/uploads\/2019\/08\/mercado-municipal-de-curitiba-2.jpg 800w, https:\/\/quantocustaviajar.com\/blog\/wp-content\/uploads\/2019\/08\/mercado-municipal-de-curitiba-2-150x150.jpg 150w, https:\/\/quantocustaviajar.com\/blog\/wp-content\/uploads\/2019\/08\/mercado-municipal-de-curitiba-2-300x300.jpg 300w, https:\/\/quantocustaviajar.com\/blog\/wp-content\/uploads\/2019\/08\/mercado-municipal-de-curitiba-2-768x768.jpg 768w\" sizes=\"auto, (max-width: 800px) 100vw, 800px\" \/><figcaption id=\"caption-attachment-37267\" class=\"wp-caption-text\">Foto: <a href=\"https:\/\/quantocustaviajar.com\/\" target=\"_blank\" rel=\"noopener noreferrer\">Equipe Quanto Custa Viajar<\/a><\/figcaption><\/figure>\n<figure id=\"attachment_37266\" aria-describedby=\"caption-attachment-37266\" style=\"width: 800px\" class=\"wp-caption aligncenter\"><img loading=\"lazy\" decoding=\"async\" class=\"size-full wp-image-37266\" src=\"https:\/\/quantocustaviajar.com\/blog\/wp-content\/uploads\/2019\/08\/mercado-municipal-de-curitiba-3.jpg\" alt=\"mercado municipal de curitiba\" width=\"800\" height=\"800\" srcset=\"https:\/\/quantocustaviajar.com\/blog\/wp-content\/uploads\/2019\/08\/mercado-municipal-de-curitiba-3.jpg 800w, https:\/\/quantocustaviajar.com\/blog\/wp-content\/uploads\/2019\/08\/mercado-municipal-de-curitiba-3-150x150.jpg 150w, https:\/\/quantocustaviajar.com\/blog\/wp-content\/uploads\/2019\/08\/mercado-municipal-de-curitiba-3-300x300.jpg 300w, https:\/\/quantocustaviajar.com\/blog\/wp-content\/uploads\/2019\/08\/mercado-municipal-de-curitiba-3-768x768.jpg 768w\" sizes=\"auto, (max-width: 800px) 100vw, 800px\" \/><figcaption id=\"caption-attachment-37266\" class=\"wp-caption-text\">Foto: <a href=\"https:\/\/quantocustaviajar.com\/\" target=\"_blank\" rel=\"noopener noreferrer\">Equipe Quanto Custa Viajar<\/a><\/figcaption><\/figure>\n<p>Quem busca por op\u00e7\u00f5es de alimentos frescos, regionais e tamb\u00e9m de outras culturas que n\u00e3o a brasileira, vai encontrar muita coisa boa no mercado municipal. Voc\u00ea pode pedir nas barracas para experimentar alguns produtos, antes de compr\u00e1-los, principalmente queijos, embutidos e cereais.<\/p>\n<p>Um dos destaques \u00e9 o <a href=\"http:\/\/www.cafedomercadocuritiba.com.br\/\" target=\"_blank\" rel=\"noopener noreferrer\"><strong>Caf\u00e9 do Mercado<\/strong><\/a>, que fica na \u00e1rea externa do Mercado Municipal. Sempre cheio, o lugar \u00e9 \u00f3timo para comprar gr\u00e3os de diferentes tipos e moer em casa ou pedir para serem mo\u00eddos na hora dentro da loja. Tamb\u00e9m tem bastante variedade de cafeteiras \u00e0 venda, como as italianas e cremeiras. Fa\u00e7a uma pausa por l\u00e1, bebendo um expresso rec\u00e9m coado, voc\u00ea vai adorar.<\/p>\n<p>Perca-se entre os corredores, passeando e voltando com a sacola cheia para casa! Quem \u00e9 f\u00e3 de cultura e culin\u00e1ria japonesa precisa ir at\u00e9 a Bonsai Mercearia, estabelecimento de refer\u00eancia que vende comida, salgadinhos, doces e <a href=\"https:\/\/quantocustaviajar.com\/blog\/comidas-japonesas\/\">bebidas japonesas<\/a>. Quem gosta de doces, vale saber que os chocolates da D&#8217;Fuhrmann tamb\u00e9m s\u00e3o uma del\u00edcia. Se quiser queijo e cacha\u00e7a das boas, corra at\u00e9 o L\u00e1 de Minas que voc\u00ea n\u00e3o vai se arrepender.<\/p>\n<p>No segundo andar do Mercado Municipal de Curitiba, os visitantes encontram uma pra\u00e7a de alimenta\u00e7\u00e3o com op\u00e7\u00f5es para todos os gostos, servindo comida \u00e1rabe, brasileira, italiana, japonesa e mais. Um cl\u00e1ssico \u00e9 a Pastelaria Curitiba, que vende past\u00e9is com recheios que s\u00e3o a cara da cidade, como o pinh\u00e3o, al\u00e9m de mais de 30 outros sabores.<\/p>\n<p>Al\u00e9m das barracas e boxes voltados para produtos aliment\u00edcios, tamb\u00e9m \u00e9 poss\u00edvel encontrar lojas com itens de decora\u00e7\u00e3o, ideias para trazer uma lembrancinha da cidade, de armarinho, para pets, com roupas, de cosm\u00e9ticos e mais.<\/p>\n<p>A cultura nip\u00f4nica tem for\u00e7a no mercado. A loja Tepany\u00e1 possui diversos utens\u00edlios para a cozinha, al\u00e9m de utilidades dom\u00e9sticas, cristais e panelas. J\u00e1 a Thanyon \u00e9 um verdadeiro para\u00edso e tem de TUDO! Para artesanato, v\u00e1 \u00e0 K &amp; M Artesanatos ou a Kotobuki, voc\u00ea vai amar.<\/p>\n<h2>Como chegar ao Mercado Municipal de Curitiba?<\/h2>\n<figure id=\"attachment_37265\" aria-describedby=\"caption-attachment-37265\" style=\"width: 800px\" class=\"wp-caption aligncenter\"><img loading=\"lazy\" decoding=\"async\" class=\"size-full wp-image-37265\" src=\"https:\/\/quantocustaviajar.com\/blog\/wp-content\/uploads\/2019\/08\/mercado-municipal-de-curitiba-1.jpg\" alt=\"mercado municipal de curitina\" width=\"800\" height=\"533\" srcset=\"https:\/\/quantocustaviajar.com\/blog\/wp-content\/uploads\/2019\/08\/mercado-municipal-de-curitiba-1.jpg 800w, https:\/\/quantocustaviajar.com\/blog\/wp-content\/uploads\/2019\/08\/mercado-municipal-de-curitiba-1-300x200.jpg 300w, https:\/\/quantocustaviajar.com\/blog\/wp-content\/uploads\/2019\/08\/mercado-municipal-de-curitiba-1-768x512.jpg 768w\" sizes=\"auto, (max-width: 800px) 100vw, 800px\" \/><figcaption id=\"caption-attachment-37265\" class=\"wp-caption-text\">Foto: Reprodu\u00e7\u00e3o \/ <a href=\"https:\/\/www.curitiba.pr.gov.br\/noticias\/mercado-municipal-tem-diversao-para-a-criancada-aos-sabados\/48997\" target=\"_blank\" rel=\"noopener noreferrer\">Prefeitura Municipal de Curitiba<\/a><\/figcaption><\/figure>\n<p>O Mercado Municipal fica na Avenida Sete de Setembro, 1865. Existem 17 acessos para entrar no estabelecimento. O Mercado Municipal fica em frente \u00e0 rodovi\u00e1ria de Curitiba e, para chegar at\u00e9 l\u00e1 de \u00f4nibus, voc\u00ea pode pegar as linhas: Circular Centro | Bi-articulado Campo Comprido &#8211; Centen\u00e1rio | Linha Inter-hospital | Cristo Rei e a Linha Turismo.<\/p>\n<p>Uma boa alternativa \u00e9 ir de Uber que sempre tem carros pela cidade. Voc\u00ea pode ir com seu ve\u00edculo pr\u00f3prio, mas aos finais de semana, o movimento \u00e9 intenso! Estacione na rua, comprando um cart\u00e3o de Estar, ou deixe o ve\u00edculo em um dos estacionamentos pr\u00f3ximos.<\/p>\n<p>Antes de visitar o lugar, fa\u00e7a um <strong><a href=\"https:\/\/www.google.com.br\/maps\/uv?hl=pt-BR&amp;pb=!1s0x94dce444ecd9879d%3A0x3555477b39ebc02a!2m11!8m2!1m1!1e2!16m7!1b1!2m2!1m1!1e1!2m2!1m1!1e3!3m1!7e115!4s%2Fmaps%2Fplace%2Fmercado%2Bmunicipal%2Bde%2Bcuritiba%2F%40-25.4345442%2C-49.2565734%2C3a%2C75y%2C152.03h%2C90t%2Fdata%3D*213m4*211e1*213m2*211stpj8li_YmKUAAAQvvmMidA*212e0*214m2*213m1*211s0x0%3A0x3555477b39ebc02a!15sCAESAggI&amp;imagekey=!1e2!2sB_Kz-QZYFn8AAAQvvmVRyA&amp;sa=X&amp;ved=0ahUKEwjNjpWSnqjQAhVIziYKHRMMB1sQoB8IezAQ&amp;activetab=panorama\" target=\"_blank\" rel=\"noopener noreferrer\">tour 360 graus<\/a><\/strong>, dispon\u00edvel no Google Maps. Assim, voc\u00ea ter\u00e1 uma pr\u00e9via da maravilha de cores e sabores que \u00e9 o Mercado Municipal de Curitiba. Com certeza, um espa\u00e7o que vale muito a pena visitar durante sua viagem.<\/p>\n<p>Separe pelo menos uma manh\u00e3 inteira para vasculhar cada cantinho do Mercado Municipal de Curitiba, tem muito item bacana e gostoso por l\u00e1 \u2014 a limpeza e organiza\u00e7\u00e3o v\u00e3o te surpreender! Depois, voc\u00ea seguir para o Jardim Bot\u00e2nico, uma \u00e1rea verde linda e bonita que possui um dos cart\u00f5es-postais de Curitiba.<\/p>\n<p>Quer saber o que mais voc\u00ea pode fazer em Curitiba? <a href=\"https:\/\/quantocustaviajar.com\/brasil\/curitiba\/passeios\" target=\"_blank\" rel=\"noopener noreferrer\"><strong>Confira aqui os passeios e tours mais populares na cidade<\/strong><\/a> e deixe seu roteiro de passeios ainda mais completo.<\/p>\n<p><strong>Mercado Municipal de Curitiba<\/strong><\/p>\n<ul>\n<li><strong>Endere\u00e7o<\/strong>: Avenida Sete de Setembro, 1865. Entre a Rua General Carneiro e a Rua da Paz, no Jardim Bot\u00e2nico<\/li>\n<li><strong>Telefone de contato<\/strong>: (41) 3363-3764<\/li>\n<li><strong>Hor\u00e1rio de funcionamento<\/strong>: segunda, das 7h \u00e0s 14h; de ter\u00e7a a s\u00e1bado, das 7h \u00e0s 18h; domingo, das 7h \u00e0s 13h. Pra\u00e7a de alimenta\u00e7\u00e3o at\u00e9 \u00e0s 15h<\/li>\n<\/ul>\n","protected":false},"excerpt":{"rendered":"<p>Se tem um lugar legal para turistar na capital paranaense, esse local \u00e9 o Mercado Municipal de Curitiba, fundado em agosto de 1958. Todas as semanas, o espa\u00e7o recebe aproximadamente 65 mil pessoas que passeiam pela estrutura de 15,6 mil metros quadrados que abriga 362 unidades comerciais, compreendendo tanto boxes quanto barracas que oferece mais [&hellip;]<\/p>\n","protected":false},"author":11,"featured_media":37265,"comment_status":"open","ping_status":"open","sticky":false,"template":"","format":"standard","meta":{"cybocfi_hide_featured_image":"","footnotes":""},"categories":[1435,1434],"tags":[176,266,405,89,2249,395],"class_list":["post-37264","post","type-post","status-publish","format-standard","has-post-thumbnail","hentry","category-comes-bebes","category-descubra-brasil","tag-america-do-sul","tag-brasil","tag-curitiba","tag-gastronomia","tag-mercado-municipal","tag-parana"],"blocksy_meta":[],"yoast_head":"<!-- This site is optimized with the Yoast SEO plugin v26.3 - https:\/\/yoast.com\/wordpress\/plugins\/seo\/ -->\n<title>Apaixone-se pelas cores e sabores do Mercado Municipal de Curitiba<\/title>\n<meta name=\"description\" content=\"Inaugurado em 1958, o Mercado Municipal de Curitiba \u00e9 ponto de encontro dos moradores e \u00f3tima op\u00e7\u00e3o de passeio para turistas.\" \/>\n<meta name=\"robots\" content=\"index, follow, max-snippet:-1, max-image-preview:large, max-video-preview:-1\" \/>\n<link rel=\"canonical\" href=\"https:\/\/quantocustaviajar.com\/blog\/mercado-municipal-de-curitiba\/\" \/>\n<meta property=\"og:locale\" content=\"pt_BR\" \/>\n<meta property=\"og:type\" content=\"article\" \/>\n<meta property=\"og:title\" content=\"Apaixone-se pelas cores e sabores do Mercado Municipal de Curitiba\" \/>\n<meta property=\"og:description\" content=\"Inaugurado em 1958, o Mercado Municipal de Curitiba \u00e9 ponto de encontro dos moradores e \u00f3tima op\u00e7\u00e3o de passeio para turistas.\" \/>\n<meta property=\"og:url\" content=\"https:\/\/quantocustaviajar.com\/blog\/mercado-municipal-de-curitiba\/\" \/>\n<meta property=\"og:site_name\" content=\"Blog Quanto Custa Viajar\" \/>\n<meta property=\"article:publisher\" content=\"https:\/\/www.facebook.com\/quantocustaviajar\" \/>\n<meta property=\"article:published_time\" content=\"2019-08-23T13:52:02+00:00\" \/>\n<meta property=\"article:modified_time\" content=\"2021-08-02T18:33:22+00:00\" \/>\n<meta property=\"og:image\" content=\"https:\/\/quantocustaviajar.com\/blog\/wp-content\/uploads\/2019\/08\/mercado-municipal-de-curitiba-1.jpg\" \/>\n\t<meta property=\"og:image:width\" content=\"800\" \/>\n\t<meta property=\"og:image:height\" content=\"533\" \/>\n\t<meta property=\"og:image:type\" content=\"image\/jpeg\" \/>\n<meta name=\"author\" content=\"Andressa Xavier Pellanda\" \/>\n<meta name=\"twitter:card\" content=\"summary_large_image\" \/>\n<meta name=\"twitter:label1\" content=\"Escrito por\" \/>\n\t<meta name=\"twitter:data1\" content=\"Andressa Xavier Pellanda\" \/>\n\t<meta name=\"twitter:label2\" content=\"Est. tempo de leitura\" \/>\n\t<meta name=\"twitter:data2\" content=\"4 minutos\" \/>\n<!-- \/ Yoast SEO plugin. -->","yoast_head_json":{"title":"Apaixone-se pelas cores e sabores do Mercado Municipal de Curitiba","description":"Inaugurado em 1958, o Mercado Municipal de Curitiba \u00e9 ponto de encontro dos moradores e \u00f3tima op\u00e7\u00e3o de passeio para turistas.","robots":{"index":"index","follow":"follow","max-snippet":"max-snippet:-1","max-image-preview":"max-image-preview:large","max-video-preview":"max-video-preview:-1"},"canonical":"https:\/\/quantocustaviajar.com\/blog\/mercado-municipal-de-curitiba\/","og_locale":"pt_BR","og_type":"article","og_title":"Apaixone-se pelas cores e sabores do Mercado Municipal de Curitiba","og_description":"Inaugurado em 1958, o Mercado Municipal de Curitiba \u00e9 ponto de encontro dos moradores e \u00f3tima op\u00e7\u00e3o de passeio para turistas.","og_url":"https:\/\/quantocustaviajar.com\/blog\/mercado-municipal-de-curitiba\/","og_site_name":"Blog Quanto Custa Viajar","article_publisher":"https:\/\/www.facebook.com\/quantocustaviajar","article_published_time":"2019-08-23T13:52:02+00:00","article_modified_time":"2021-08-02T18:33:22+00:00","og_image":[{"width":800,"height":533,"url":"https:\/\/quantocustaviajar.com\/blog\/wp-content\/uploads\/2019\/08\/mercado-municipal-de-curitiba-1.jpg","type":"image\/jpeg"}],"author":"Andressa Xavier Pellanda","twitter_card":"summary_large_image","twitter_misc":{"Escrito por":"Andressa Xavier Pellanda","Est. tempo de leitura":"4 minutos"},"schema":{"@context":"https:\/\/schema.org","@graph":[{"@type":["Article","BlogPosting"],"@id":"https:\/\/quantocustaviajar.com\/blog\/mercado-municipal-de-curitiba\/#article","isPartOf":{"@id":"https:\/\/quantocustaviajar.com\/blog\/mercado-municipal-de-curitiba\/"},"author":{"name":"Andressa Xavier Pellanda","@id":"https:\/\/quantocustaviajar.com\/blog\/#\/schema\/person\/81b0aaf2069da1a2da54677906b42d3c"},"headline":"Apaixone-se pelas cores e sabores do Mercado Municipal de Curitiba","datePublished":"2019-08-23T13:52:02+00:00","dateModified":"2021-08-02T18:33:22+00:00","mainEntityOfPage":{"@id":"https:\/\/quantocustaviajar.com\/blog\/mercado-municipal-de-curitiba\/"},"wordCount":815,"commentCount":0,"publisher":{"@id":"https:\/\/quantocustaviajar.com\/blog\/#organization"},"image":{"@id":"https:\/\/quantocustaviajar.com\/blog\/mercado-municipal-de-curitiba\/#primaryimage"},"thumbnailUrl":"https:\/\/quantocustaviajar.com\/blog\/wp-content\/uploads\/2019\/08\/mercado-municipal-de-curitiba-1.jpg","keywords":["am\u00e9rica do sul","Brasil","Curitiba","gastronomia","mercado municipal","Paran\u00e1"],"articleSection":["Comes &amp; Bebes","Descubra o Brasil"],"inLanguage":"pt-BR","potentialAction":[{"@type":"CommentAction","name":"Comment","target":["https:\/\/quantocustaviajar.com\/blog\/mercado-municipal-de-curitiba\/#respond"]}]},{"@type":"WebPage","@id":"https:\/\/quantocustaviajar.com\/blog\/mercado-municipal-de-curitiba\/","url":"https:\/\/quantocustaviajar.com\/blog\/mercado-municipal-de-curitiba\/","name":"Apaixone-se pelas cores e sabores do Mercado Municipal de Curitiba","isPartOf":{"@id":"https:\/\/quantocustaviajar.com\/blog\/#website"},"primaryImageOfPage":{"@id":"https:\/\/quantocustaviajar.com\/blog\/mercado-municipal-de-curitiba\/#primaryimage"},"image":{"@id":"https:\/\/quantocustaviajar.com\/blog\/mercado-municipal-de-curitiba\/#primaryimage"},"thumbnailUrl":"https:\/\/quantocustaviajar.com\/blog\/wp-content\/uploads\/2019\/08\/mercado-municipal-de-curitiba-1.jpg","datePublished":"2019-08-23T13:52:02+00:00","dateModified":"2021-08-02T18:33:22+00:00","description":"Inaugurado em 1958, o Mercado Municipal de Curitiba \u00e9 ponto de encontro dos moradores e \u00f3tima op\u00e7\u00e3o de passeio para turistas.","breadcrumb":{"@id":"https:\/\/quantocustaviajar.com\/blog\/mercado-municipal-de-curitiba\/#breadcrumb"},"inLanguage":"pt-BR","potentialAction":[{"@type":"ReadAction","target":["https:\/\/quantocustaviajar.com\/blog\/mercado-municipal-de-curitiba\/"]}]},{"@type":"ImageObject","inLanguage":"pt-BR","@id":"https:\/\/quantocustaviajar.com\/blog\/mercado-municipal-de-curitiba\/#primaryimage","url":"https:\/\/quantocustaviajar.com\/blog\/wp-content\/uploads\/2019\/08\/mercado-municipal-de-curitiba-1.jpg","contentUrl":"https:\/\/quantocustaviajar.com\/blog\/wp-content\/uploads\/2019\/08\/mercado-municipal-de-curitiba-1.jpg","width":800,"height":533,"caption":"Foto: Reprodu\u00e7\u00e3o \/ Prefeitura Municipal de Curitiba"},{"@type":"BreadcrumbList","@id":"https:\/\/quantocustaviajar.com\/blog\/mercado-municipal-de-curitiba\/#breadcrumb","itemListElement":[{"@type":"ListItem","position":1,"name":"In\u00edcio","item":"https:\/\/quantocustaviajar.com\/blog\/"},{"@type":"ListItem","position":2,"name":"Apaixone-se pelas cores e sabores do Mercado Municipal de Curitiba"}]},{"@type":"WebSite","@id":"https:\/\/quantocustaviajar.com\/blog\/#website","url":"https:\/\/quantocustaviajar.com\/blog\/","name":"Blog Quanto Custa Viajar","description":"","publisher":{"@id":"https:\/\/quantocustaviajar.com\/blog\/#organization"},"potentialAction":[{"@type":"SearchAction","target":{"@type":"EntryPoint","urlTemplate":"https:\/\/quantocustaviajar.com\/blog\/?s={search_term_string}"},"query-input":{"@type":"PropertyValueSpecification","valueRequired":true,"valueName":"search_term_string"}}],"inLanguage":"pt-BR"},{"@type":"Organization","@id":"https:\/\/quantocustaviajar.com\/blog\/#organization","name":"Quanto Custa Viajar","url":"https:\/\/quantocustaviajar.com\/blog\/","logo":{"@type":"ImageObject","inLanguage":"pt-BR","@id":"https:\/\/quantocustaviajar.com\/blog\/#\/schema\/logo\/image\/","url":"","contentUrl":"","caption":"Quanto Custa Viajar"},"image":{"@id":"https:\/\/quantocustaviajar.com\/blog\/#\/schema\/logo\/image\/"},"sameAs":["https:\/\/www.facebook.com\/quantocustaviajar"]},{"@type":"Person","@id":"https:\/\/quantocustaviajar.com\/blog\/#\/schema\/person\/81b0aaf2069da1a2da54677906b42d3c","name":"Andressa Xavier Pellanda","image":{"@type":"ImageObject","inLanguage":"pt-BR","@id":"https:\/\/quantocustaviajar.com\/blog\/#\/schema\/person\/image\/","url":"https:\/\/secure.gravatar.com\/avatar\/efccc167c341de2100a574b335de06f5efda2310964e70124d995491728ed674?s=96&d=mm&r=g","contentUrl":"https:\/\/secure.gravatar.com\/avatar\/efccc167c341de2100a574b335de06f5efda2310964e70124d995491728ed674?s=96&d=mm&r=g","caption":"Andressa Xavier Pellanda"},"description":"Eu gosto de viajar antes mesmo de chegar ao destino!","url":"https:\/\/quantocustaviajar.com\/blog\/author\/andressa\/"}]}},"_links":{"self":[{"href":"https:\/\/quantocustaviajar.com\/blog\/wp-json\/wp\/v2\/posts\/37264","targetHints":{"allow":["GET"]}}],"collection":[{"href":"https:\/\/quantocustaviajar.com\/blog\/wp-json\/wp\/v2\/posts"}],"about":[{"href":"https:\/\/quantocustaviajar.com\/blog\/wp-json\/wp\/v2\/types\/post"}],"author":[{"embeddable":true,"href":"https:\/\/quantocustaviajar.com\/blog\/wp-json\/wp\/v2\/users\/11"}],"replies":[{"embeddable":true,"href":"https:\/\/quantocustaviajar.com\/blog\/wp-json\/wp\/v2\/comments?post=37264"}],"version-history":[{"count":3,"href":"https:\/\/quantocustaviajar.com\/blog\/wp-json\/wp\/v2\/posts\/37264\/revisions"}],"predecessor-version":[{"id":49551,"href":"https:\/\/quantocustaviajar.com\/blog\/wp-json\/wp\/v2\/posts\/37264\/revisions\/49551"}],"wp:featuredmedia":[{"embeddable":true,"href":"https:\/\/quantocustaviajar.com\/blog\/wp-json\/wp\/v2\/media\/37265"}],"wp:attachment":[{"href":"https:\/\/quantocustaviajar.com\/blog\/wp-json\/wp\/v2\/media?parent=37264"}],"wp:term":[{"taxonomy":"category","embeddable":true,"href":"https:\/\/quantocustaviajar.com\/blog\/wp-json\/wp\/v2\/categories?post=37264"},{"taxonomy":"post_tag","embeddable":true,"href":"https:\/\/quantocustaviajar.com\/blog\/wp-json\/wp\/v2\/tags?post=37264"}],"curies":[{"name":"wp","href":"https:\/\/api.w.org\/{rel}","templated":true}]}}