{"id":36975,"date":"2019-08-15T16:19:44","date_gmt":"2019-08-15T16:19:44","guid":{"rendered":"https:\/\/quantocustaviajar.com\/blog\/?p=36975"},"modified":"2019-08-15T16:19:44","modified_gmt":"2019-08-15T16:19:44","slug":"exposicao-de-van-gogh-em-sao-paulo","status":"publish","type":"post","link":"https:\/\/quantocustaviajar.com\/blog\/exposicao-de-van-gogh-em-sao-paulo\/","title":{"rendered":"Exposi\u00e7\u00e3o de Van Gogh em S\u00e3o Paulo oferece viagem imersiva pelas obras do artista"},"content":{"rendered":"<p>Inspirada em paisagens retratadas em cinco das telas mais famosas e nas cartas pessoais que o pintor holand\u00eas escreveu ao longo dos seus 37 anos de vida, a <strong>exposi\u00e7\u00e3o de Van Gogh em S\u00e3o Paulo<\/strong> acontece entre os dias<strong> 17 de agosto a 15 de setembro de 2019<\/strong> no V\u00e3o Central do <a href=\"https:\/\/iguatemi.com.br\/patiohigienopolis\" target=\"_blank\" rel=\"noopener\"><strong>Shopping P\u00e1tio Higien\u00f3polis<\/strong><\/a>, no Piso Veiga Filho.<\/p>\n<p><strong>Com entrada gratuita<\/strong>, a exposi\u00e7\u00e3o imersiva tem oito cen\u00e1rios dispostos em uma \u00e1rea de 250 metros quadrados repleta de recursos de sons, cores, proje\u00e7\u00f5es e aromas, fazendo com que o visitante seja levado para \u201cdentro\u201d da obra de Van Gogh.<\/p>\n<figure id=\"attachment_36983\" aria-describedby=\"caption-attachment-36983\" style=\"width: 1024px\" class=\"wp-caption aligncenter\"><img loading=\"lazy\" decoding=\"async\" class=\"size-full wp-image-36983\" src=\"https:\/\/quantocustaviajar.com\/blog\/wp-content\/uploads\/2019\/08\/exposicao-van-gogh-noite-estrelada-1.jpg\" alt=\"exposi\u00e7\u00e3o de van gogh em s\u00e3o paulo\" width=\"1024\" height=\"627\" srcset=\"https:\/\/quantocustaviajar.com\/blog\/wp-content\/uploads\/2019\/08\/exposicao-van-gogh-noite-estrelada-1.jpg 1024w, https:\/\/quantocustaviajar.com\/blog\/wp-content\/uploads\/2019\/08\/exposicao-van-gogh-noite-estrelada-1-300x184.jpg 300w, https:\/\/quantocustaviajar.com\/blog\/wp-content\/uploads\/2019\/08\/exposicao-van-gogh-noite-estrelada-1-768x470.jpg 768w\" sizes=\"auto, (max-width: 1024px) 100vw, 1024px\" \/><figcaption id=\"caption-attachment-36983\" class=\"wp-caption-text\">Foto: divulga\u00e7\u00e3o<\/figcaption><\/figure>\n<figure id=\"attachment_36982\" aria-describedby=\"caption-attachment-36982\" style=\"width: 1024px\" class=\"wp-caption aligncenter\"><img loading=\"lazy\" decoding=\"async\" class=\"size-full wp-image-36982\" src=\"https:\/\/quantocustaviajar.com\/blog\/wp-content\/uploads\/2019\/08\/exposicao-van-gogh-campos-de-trigo.jpg\" alt=\"\" width=\"1024\" height=\"627\" srcset=\"https:\/\/quantocustaviajar.com\/blog\/wp-content\/uploads\/2019\/08\/exposicao-van-gogh-campos-de-trigo.jpg 1024w, https:\/\/quantocustaviajar.com\/blog\/wp-content\/uploads\/2019\/08\/exposicao-van-gogh-campos-de-trigo-300x184.jpg 300w, https:\/\/quantocustaviajar.com\/blog\/wp-content\/uploads\/2019\/08\/exposicao-van-gogh-campos-de-trigo-768x470.jpg 768w\" sizes=\"auto, (max-width: 1024px) 100vw, 1024px\" \/><figcaption id=\"caption-attachment-36982\" class=\"wp-caption-text\">Foto: divulga\u00e7\u00e3o<\/figcaption><\/figure>\n<h2>Exposi\u00e7\u00e3o de Van Gogh em S\u00e3o Paulo come\u00e7a em agosto<\/h2>\n<p>A visita\u00e7\u00e3o na exposi\u00e7\u00e3o imersiva de Van Gogh tem os seguintes cen\u00e1rios, pega esse spoiler:<\/p>\n<ul>\n<li><strong>Campo de Trigo com Corvo<\/strong>: a proje\u00e7\u00e3o da tela produzida nas \u00faltimas semanas de vida de Van Gogh e hoje em exposi\u00e7\u00e3o no Museu de Amsterd\u00e3 ganha vida com o movimento do trigo;<\/li>\n<li><strong>Labirinto Flor de \u00cdris<\/strong>: recursos de cenografia e aromas de flor para o visitante se sentir parte da tela <em>Irises<\/em>;<\/li>\n<li><strong>Pra\u00e7a da Amendoeira<\/strong>: cenografia que faz refer\u00eancia \u00e0 obra <em>Amendoeira em Flor<\/em>;<\/li>\n<li><strong>Banho de Lua<\/strong>: cenografia e recursos de realidade virtual para o visitante se sentir dentro de <em>Starry Night Over the Rhone<\/em>;<\/li>\n<li><strong>Sinfonia da Noite Estrelada<\/strong>: a reprodu\u00e7\u00e3o imersiva de uma das obras mais importantes do artista, a <em>Noite Estrelada<\/em>;<\/li>\n<li><strong>Foto Pintada<\/strong>: fa\u00e7a sua foto, com um filtro que remete a um retrato de Van Gogh, e poste nas redes sociais;<\/li>\n<li><strong>Bosque de Espelhos<\/strong>: a exposi\u00e7\u00e3o termina em um bosque repleto de efeitos obtidos por espelhos.<\/li>\n<\/ul>\n<p>D\u00e1 uma espiadinha nos espa\u00e7os &lt;3<\/p>\n<figure id=\"attachment_36977\" aria-describedby=\"caption-attachment-36977\" style=\"width: 1024px\" class=\"wp-caption aligncenter\"><img loading=\"lazy\" decoding=\"async\" class=\"size-full wp-image-36977\" src=\"https:\/\/quantocustaviajar.com\/blog\/wp-content\/uploads\/2019\/08\/exposicao-van-gogh-labirinto-flor-de-Iris.jpg\" alt=\"exposi\u00e7\u00e3o de van gogh em sao paulo\" width=\"1024\" height=\"627\" srcset=\"https:\/\/quantocustaviajar.com\/blog\/wp-content\/uploads\/2019\/08\/exposicao-van-gogh-labirinto-flor-de-Iris.jpg 1024w, https:\/\/quantocustaviajar.com\/blog\/wp-content\/uploads\/2019\/08\/exposicao-van-gogh-labirinto-flor-de-Iris-300x184.jpg 300w, https:\/\/quantocustaviajar.com\/blog\/wp-content\/uploads\/2019\/08\/exposicao-van-gogh-labirinto-flor-de-Iris-768x470.jpg 768w\" sizes=\"auto, (max-width: 1024px) 100vw, 1024px\" \/><figcaption id=\"caption-attachment-36977\" class=\"wp-caption-text\">Foto: divulga\u00e7\u00e3o<\/figcaption><\/figure>\n<figure id=\"attachment_36978\" aria-describedby=\"caption-attachment-36978\" style=\"width: 1024px\" class=\"wp-caption aligncenter\"><img loading=\"lazy\" decoding=\"async\" class=\"size-full wp-image-36978\" src=\"https:\/\/quantocustaviajar.com\/blog\/wp-content\/uploads\/2019\/08\/exposicao-van-gogh-banho-de-lua.jpg\" alt=\"exposi\u00e7\u00e3o de van gogh em s\u00e3o paulo\" width=\"1024\" height=\"627\" srcset=\"https:\/\/quantocustaviajar.com\/blog\/wp-content\/uploads\/2019\/08\/exposicao-van-gogh-banho-de-lua.jpg 1024w, https:\/\/quantocustaviajar.com\/blog\/wp-content\/uploads\/2019\/08\/exposicao-van-gogh-banho-de-lua-300x184.jpg 300w, https:\/\/quantocustaviajar.com\/blog\/wp-content\/uploads\/2019\/08\/exposicao-van-gogh-banho-de-lua-768x470.jpg 768w\" sizes=\"auto, (max-width: 1024px) 100vw, 1024px\" \/><figcaption id=\"caption-attachment-36978\" class=\"wp-caption-text\">Foto: divulga\u00e7\u00e3o<\/figcaption><\/figure>\n<figure id=\"attachment_36979\" aria-describedby=\"caption-attachment-36979\" style=\"width: 1024px\" class=\"wp-caption aligncenter\"><img loading=\"lazy\" decoding=\"async\" class=\"size-full wp-image-36979\" src=\"https:\/\/quantocustaviajar.com\/blog\/wp-content\/uploads\/2019\/08\/exposicao-van-gogh-praca-da-amendoeira.jpg\" alt=\"exposi\u00e7\u00e3o de van gogh em s\u00e3o paulo\" width=\"1024\" height=\"627\" srcset=\"https:\/\/quantocustaviajar.com\/blog\/wp-content\/uploads\/2019\/08\/exposicao-van-gogh-praca-da-amendoeira.jpg 1024w, https:\/\/quantocustaviajar.com\/blog\/wp-content\/uploads\/2019\/08\/exposicao-van-gogh-praca-da-amendoeira-300x184.jpg 300w, https:\/\/quantocustaviajar.com\/blog\/wp-content\/uploads\/2019\/08\/exposicao-van-gogh-praca-da-amendoeira-768x470.jpg 768w\" sizes=\"auto, (max-width: 1024px) 100vw, 1024px\" \/><figcaption id=\"caption-attachment-36979\" class=\"wp-caption-text\">Foto: divulga\u00e7\u00e3o<\/figcaption><\/figure>\n<figure id=\"attachment_36980\" aria-describedby=\"caption-attachment-36980\" style=\"width: 1024px\" class=\"wp-caption aligncenter\"><img loading=\"lazy\" decoding=\"async\" class=\"size-full wp-image-36980\" src=\"https:\/\/quantocustaviajar.com\/blog\/wp-content\/uploads\/2019\/08\/exposicao-van-gogh-foto-pintada.jpg\" alt=\"\" width=\"1024\" height=\"627\" srcset=\"https:\/\/quantocustaviajar.com\/blog\/wp-content\/uploads\/2019\/08\/exposicao-van-gogh-foto-pintada.jpg 1024w, https:\/\/quantocustaviajar.com\/blog\/wp-content\/uploads\/2019\/08\/exposicao-van-gogh-foto-pintada-300x184.jpg 300w, https:\/\/quantocustaviajar.com\/blog\/wp-content\/uploads\/2019\/08\/exposicao-van-gogh-foto-pintada-768x470.jpg 768w\" sizes=\"auto, (max-width: 1024px) 100vw, 1024px\" \/><figcaption id=\"caption-attachment-36980\" class=\"wp-caption-text\">Foto: divulga\u00e7\u00e3o<\/figcaption><\/figure>\n<figure id=\"attachment_36981\" aria-describedby=\"caption-attachment-36981\" style=\"width: 1024px\" class=\"wp-caption aligncenter\"><img loading=\"lazy\" decoding=\"async\" class=\"size-full wp-image-36981\" src=\"https:\/\/quantocustaviajar.com\/blog\/wp-content\/uploads\/2019\/08\/exposicao-van-gogh-bosque-de-espelhos.jpg\" alt=\"\" width=\"1024\" height=\"627\" srcset=\"https:\/\/quantocustaviajar.com\/blog\/wp-content\/uploads\/2019\/08\/exposicao-van-gogh-bosque-de-espelhos.jpg 1024w, https:\/\/quantocustaviajar.com\/blog\/wp-content\/uploads\/2019\/08\/exposicao-van-gogh-bosque-de-espelhos-300x184.jpg 300w, https:\/\/quantocustaviajar.com\/blog\/wp-content\/uploads\/2019\/08\/exposicao-van-gogh-bosque-de-espelhos-768x470.jpg 768w\" sizes=\"auto, (max-width: 1024px) 100vw, 1024px\" \/><figcaption id=\"caption-attachment-36981\" class=\"wp-caption-text\">Foto: divulga\u00e7\u00e3o<\/figcaption><\/figure>\n<p>\u201cSuas obras com c\u00e9us estrelados, campos de girass\u00f3is, planta\u00e7\u00f5es que parecem balan\u00e7ar ao vento, com cores ousadas e tra\u00e7os a frente de seu tempo, nos inspiraram a definir o conceito visual desta exposi\u00e7\u00e3o\u201d, explica a idealizadora e curadora da exposi\u00e7\u00e3o Karina Israel, da consultoria de ambientes interativos YDreams Global, respons\u00e1vel pelo projeto.<\/p>\n<p>Em fevereiro deste ano, o Atelier des Lumi\u00e8res em <a href=\"https:\/\/quantocustaviajar.com\/franca\/paris\/\" target=\"_blank\" rel=\"noopener\"><strong>Paris<\/strong><\/a> ganhou a <a href=\"https:\/\/quantocustaviajar.com\/blog\/exposicao-de-van-gogh\/\" target=\"_blank\" rel=\"noopener\"><strong>exposi\u00e7\u00e3o \u201cStarry Night\u201d<\/strong><\/a> que proporcionou uma imers\u00e3o alucinante nas obras de Vincent Van Gogh.\u00a0<strong>Paisagens de Van Gogh<\/strong> que voc\u00ea poder\u00e1 ver ao vivo em S\u00e3o Paulo lembra muito a mostra imersiva na capital francesa.<\/p>\n<p>A exposi\u00e7\u00e3o na capital paulista faz parte das atividades comemorativas pelos 20 anos do P\u00e1tio Higien\u00f3polis, completados em outubro pr\u00f3ximo.<\/p>\n<p>N\u00e3o \u00e9 de <a href=\"https:\/\/quantocustaviajar.com\/brasil\/sao-paulo\" target=\"_blank\" rel=\"noopener\"><strong>S\u00e3o Paulo<\/strong><\/a> e quer visitar a exposi\u00e7\u00e3o imersiva de Van Vogh? <a href=\"https:\/\/quantocustaviajar.com\/brasil\/sao-paulo\/passagem-aerea\" target=\"_blank\" rel=\"noopener\"><strong>Compre sua passagem a\u00e9rea aqui<\/strong><\/a> e encontre sua <a href=\"https:\/\/quantocustaviajar.com\/brasil\/sao-paulo\/onde-ficar\" target=\"_blank\" rel=\"noopener\"><strong>hospedagem em S\u00e3o Paulo aqui<\/strong><\/a>. Um tour como esse, para se sentir parte de A Noite Estrelada ou sentir o aroma das flores caracter\u00edsticas retratadas nas telas do artista, n\u00e3o pode ser perdido!<\/p>\n<p><strong>Paisagens de Van Gogh, Exposi\u00e7\u00e3o Imersiva<\/strong><\/p>\n<ul>\n<li>Endere\u00e7o: R. Dr. Veiga Filho, 133 &#8211; Higien\u00f3polis, S\u00e3o Paulo.<\/li>\n<li>Hor\u00e1rio: de segunda a s\u00e1bado, das 13h \u00e0s 21h e domingos e feriados, das 14h \u00e0s 20h.<\/li>\n<li>ENTRADA GRATUITA!<\/li>\n<li>As visitas s\u00e3o realizadas por ordem de chegada, podendo haver fila de espera.<\/li>\n<\/ul>\n<p><strong>Veja mais passeios para fazer em S\u00e3o Paulo:<\/strong><\/p>\n<ul>\n<li><strong><a href=\"https:\/\/quantocustaviajar.com\/blog\/lugares-secretos-em-sao-paulo\/\" target=\"_blank\" rel=\"noopener\">Lugares secretos em S\u00e3o Paulo escondem o melhor da cidade<\/a><\/strong><\/li>\n<li><strong><a href=\"https:\/\/quantocustaviajar.com\/blog\/vassoura-quebrada-hamburgueria-em-sao-paulo\/\" target=\"_blank\" rel=\"noopener\">Vassoura Quebrada: hamburgueria em S\u00e3o Paulo especial para os f\u00e3s de hist\u00f3rias de magia<\/a><\/strong><\/li>\n<li><strong><a href=\"https:\/\/quantocustaviajar.com\/blog\/passeios-para-fazer-com-as-amigas-em-sao-paulo\/\" target=\"_blank\" rel=\"noopener\">10 passeios para fazer com as amigas em S\u00e3o Paulo<\/a><\/strong><\/li>\n<li><strong><a href=\"https:\/\/quantocustaviajar.com\/blog\/arcos-bar-no-subsolo-do-theatro-municipal\/\" target=\"_blank\" rel=\"noopener\">Conhe\u00e7a o Arcos, bar no subsolo do Theatro Municipal de S\u00e3o Paulo<\/a><\/strong><\/li>\n<li><strong><a href=\"https:\/\/quantocustaviajar.com\/blog\/melhores-museus-de-sao-paulo\/\" target=\"_blank\" rel=\"noopener\">Os melhores museus de S\u00e3o Paulo<\/a><\/strong><\/li>\n<li><strong><a href=\"https:\/\/quantocustaviajar.com\/blog\/melhores-pizzarias-de-sao-paulo\/\" target=\"_blank\" rel=\"noopener\">Com mais de 6 mil op\u00e7\u00f5es, conhe\u00e7a quais s\u00e3o as melhores pizzarias de S\u00e3o Paulo<\/a><\/strong><\/li>\n<li><strong><a href=\"https:\/\/quantocustaviajar.com\/blog\/inspirado-na-capital-do-japao-edificio-tokyo-agita-sao-paulo-com-karaoke-e-festas-em-rooftop\/\" target=\"_blank\" rel=\"noopener\">Inspirado na capital do Jap\u00e3o, edif\u00edcio Tokyo agita S\u00e3o Paulo com karaok\u00ea e festas em rooftop<\/a><\/strong><\/li>\n<li><strong><a href=\"https:\/\/quantocustaviajar.com\/blog\/pizzaria-speranza-em-sao-paulo\/\" target=\"_blank\" rel=\"noopener\">Pizzaria Speranza em S\u00e3o Paulo completa 60 anos de tradi\u00e7\u00e3o e receitas da fam\u00edlia<\/a><\/strong><\/li>\n<li><strong><a href=\"https:\/\/quantocustaviajar.com\/blog\/restaurantes-em-sao-paulo-para-conhecer\/\" target=\"_blank\" rel=\"noopener\">Restaurantes em S\u00e3o Paulo: 8 op\u00e7\u00f5es para conhecer na sua pr\u00f3xima viagem<\/a><\/strong><\/li>\n<li><strong><a href=\"https:\/\/quantocustaviajar.com\/blog\/arte-urbana-em-sao-paulo\/\" target=\"_blank\" rel=\"noopener\">10 lugares para ver a arte urbana em S\u00e3o Paulo<\/a><\/strong><\/li>\n<li><strong><a href=\"https:\/\/quantocustaviajar.com\/blog\/15-bares-legais-em-sao-paulo\/\" target=\"_blank\" rel=\"noopener\">15 bares legais em S\u00e3o Paulo para brindar a vida no ano todo<\/a><\/strong><\/li>\n<\/ul>\n","protected":false},"excerpt":{"rendered":"<p>Inspirada em paisagens retratadas em cinco das telas mais famosas e nas cartas pessoais que o pintor holand\u00eas escreveu ao longo dos seus 37 anos de vida, a exposi\u00e7\u00e3o de Van Gogh em S\u00e3o Paulo acontece entre os dias 17 de agosto a 15 de setembro de 2019 no V\u00e3o Central do Shopping P\u00e1tio Higien\u00f3polis, [&hellip;]<\/p>\n","protected":false},"author":11,"featured_media":36983,"comment_status":"open","ping_status":"open","sticky":false,"template":"","format":"standard","meta":{"cybocfi_hide_featured_image":"","footnotes":""},"categories":[1436,1182,1217],"tags":[176,227,266,330,1431,662],"class_list":["post-36975","post","type-post","status-publish","format-standard","has-post-thumbnail","hentry","category-artes-cultura-diversao","category-dica-cool","category-economize-e-viaje","tag-america-do-sul","tag-arte","tag-brasil","tag-exposicao","tag-saopaulo","tag-van-gogh"],"blocksy_meta":[],"yoast_head":"<!-- This site is optimized with the Yoast SEO plugin v26.3 - https:\/\/yoast.com\/wordpress\/plugins\/seo\/ -->\n<title>Exposi\u00e7\u00e3o de Van Gogh em S\u00e3o Paulo permite entrar nas obras do artista<\/title>\n<meta name=\"description\" content=\"Exposi\u00e7\u00e3o de Van Gogh em S\u00e3o Paulo acontece de 17 de agosto a 15 de setembro de 2019 no Shopping Higien\u00f3polis com entrada gratuita. Saiba tudo aqui!\" \/>\n<meta name=\"robots\" content=\"index, follow, max-snippet:-1, max-image-preview:large, max-video-preview:-1\" \/>\n<link rel=\"canonical\" href=\"https:\/\/quantocustaviajar.com\/blog\/exposicao-de-van-gogh-em-sao-paulo\/\" \/>\n<meta property=\"og:locale\" content=\"pt_BR\" \/>\n<meta property=\"og:type\" content=\"article\" \/>\n<meta property=\"og:title\" content=\"Exposi\u00e7\u00e3o de Van Gogh em S\u00e3o Paulo oferece viagem imersiva pelas obras do artista\" \/>\n<meta property=\"og:description\" content=\"Exposi\u00e7\u00e3o de Van Gogh em S\u00e3o Paulo acontece de 17 de agosto a 15 de setembro de 2019 no Shopping Higien\u00f3polis com entrada gratuita. Saiba tudo aqui!\" \/>\n<meta property=\"og:url\" content=\"https:\/\/quantocustaviajar.com\/blog\/exposicao-de-van-gogh-em-sao-paulo\/\" \/>\n<meta property=\"og:site_name\" content=\"Blog Quanto Custa Viajar\" \/>\n<meta property=\"article:publisher\" content=\"https:\/\/www.facebook.com\/quantocustaviajar\" \/>\n<meta property=\"article:published_time\" content=\"2019-08-15T16:19:44+00:00\" \/>\n<meta property=\"og:image\" content=\"https:\/\/quantocustaviajar.com\/blog\/wp-content\/uploads\/2019\/08\/exposicao-van-gogh-noite-estrelada-1.jpg\" \/>\n\t<meta property=\"og:image:width\" content=\"1024\" \/>\n\t<meta property=\"og:image:height\" content=\"627\" \/>\n\t<meta property=\"og:image:type\" content=\"image\/jpeg\" \/>\n<meta name=\"author\" content=\"Andressa Xavier Pellanda\" \/>\n<meta name=\"twitter:card\" content=\"summary_large_image\" \/>\n<meta name=\"twitter:label1\" content=\"Escrito por\" \/>\n\t<meta name=\"twitter:data1\" content=\"Andressa Xavier Pellanda\" \/>\n\t<meta name=\"twitter:label2\" content=\"Est. tempo de leitura\" \/>\n\t<meta name=\"twitter:data2\" content=\"4 minutos\" \/>\n<!-- \/ Yoast SEO plugin. -->","yoast_head_json":{"title":"Exposi\u00e7\u00e3o de Van Gogh em S\u00e3o Paulo permite entrar nas obras do artista","description":"Exposi\u00e7\u00e3o de Van Gogh em S\u00e3o Paulo acontece de 17 de agosto a 15 de setembro de 2019 no Shopping Higien\u00f3polis com entrada gratuita. Saiba tudo aqui!","robots":{"index":"index","follow":"follow","max-snippet":"max-snippet:-1","max-image-preview":"max-image-preview:large","max-video-preview":"max-video-preview:-1"},"canonical":"https:\/\/quantocustaviajar.com\/blog\/exposicao-de-van-gogh-em-sao-paulo\/","og_locale":"pt_BR","og_type":"article","og_title":"Exposi\u00e7\u00e3o de Van Gogh em S\u00e3o Paulo oferece viagem imersiva pelas obras do artista","og_description":"Exposi\u00e7\u00e3o de Van Gogh em S\u00e3o Paulo acontece de 17 de agosto a 15 de setembro de 2019 no Shopping Higien\u00f3polis com entrada gratuita. Saiba tudo aqui!","og_url":"https:\/\/quantocustaviajar.com\/blog\/exposicao-de-van-gogh-em-sao-paulo\/","og_site_name":"Blog Quanto Custa Viajar","article_publisher":"https:\/\/www.facebook.com\/quantocustaviajar","article_published_time":"2019-08-15T16:19:44+00:00","og_image":[{"width":1024,"height":627,"url":"https:\/\/quantocustaviajar.com\/blog\/wp-content\/uploads\/2019\/08\/exposicao-van-gogh-noite-estrelada-1.jpg","type":"image\/jpeg"}],"author":"Andressa Xavier Pellanda","twitter_card":"summary_large_image","twitter_misc":{"Escrito por":"Andressa Xavier Pellanda","Est. tempo de leitura":"4 minutos"},"schema":{"@context":"https:\/\/schema.org","@graph":[{"@type":["Article","BlogPosting"],"@id":"https:\/\/quantocustaviajar.com\/blog\/exposicao-de-van-gogh-em-sao-paulo\/#article","isPartOf":{"@id":"https:\/\/quantocustaviajar.com\/blog\/exposicao-de-van-gogh-em-sao-paulo\/"},"author":{"name":"Andressa Xavier Pellanda","@id":"https:\/\/quantocustaviajar.com\/blog\/#\/schema\/person\/81b0aaf2069da1a2da54677906b42d3c"},"headline":"Exposi\u00e7\u00e3o de Van Gogh em S\u00e3o Paulo oferece viagem imersiva pelas obras do artista","datePublished":"2019-08-15T16:19:44+00:00","mainEntityOfPage":{"@id":"https:\/\/quantocustaviajar.com\/blog\/exposicao-de-van-gogh-em-sao-paulo\/"},"wordCount":780,"commentCount":5,"publisher":{"@id":"https:\/\/quantocustaviajar.com\/blog\/#organization"},"image":{"@id":"https:\/\/quantocustaviajar.com\/blog\/exposicao-de-van-gogh-em-sao-paulo\/#primaryimage"},"thumbnailUrl":"https:\/\/quantocustaviajar.com\/blog\/wp-content\/uploads\/2019\/08\/exposicao-van-gogh-noite-estrelada-1.jpg","keywords":["am\u00e9rica do sul","arte","Brasil","exposi\u00e7\u00e3o","saopaulo","Van Gogh"],"articleSection":["Artes, Cultura &amp; Divers\u00e3o","Dica cool","Economize e viaje"],"inLanguage":"pt-BR","potentialAction":[{"@type":"CommentAction","name":"Comment","target":["https:\/\/quantocustaviajar.com\/blog\/exposicao-de-van-gogh-em-sao-paulo\/#respond"]}]},{"@type":"WebPage","@id":"https:\/\/quantocustaviajar.com\/blog\/exposicao-de-van-gogh-em-sao-paulo\/","url":"https:\/\/quantocustaviajar.com\/blog\/exposicao-de-van-gogh-em-sao-paulo\/","name":"Exposi\u00e7\u00e3o de Van Gogh em S\u00e3o Paulo permite entrar nas obras do artista","isPartOf":{"@id":"https:\/\/quantocustaviajar.com\/blog\/#website"},"primaryImageOfPage":{"@id":"https:\/\/quantocustaviajar.com\/blog\/exposicao-de-van-gogh-em-sao-paulo\/#primaryimage"},"image":{"@id":"https:\/\/quantocustaviajar.com\/blog\/exposicao-de-van-gogh-em-sao-paulo\/#primaryimage"},"thumbnailUrl":"https:\/\/quantocustaviajar.com\/blog\/wp-content\/uploads\/2019\/08\/exposicao-van-gogh-noite-estrelada-1.jpg","datePublished":"2019-08-15T16:19:44+00:00","description":"Exposi\u00e7\u00e3o de Van Gogh em S\u00e3o Paulo acontece de 17 de agosto a 15 de setembro de 2019 no Shopping Higien\u00f3polis com entrada gratuita. Saiba tudo aqui!","breadcrumb":{"@id":"https:\/\/quantocustaviajar.com\/blog\/exposicao-de-van-gogh-em-sao-paulo\/#breadcrumb"},"inLanguage":"pt-BR","potentialAction":[{"@type":"ReadAction","target":["https:\/\/quantocustaviajar.com\/blog\/exposicao-de-van-gogh-em-sao-paulo\/"]}]},{"@type":"ImageObject","inLanguage":"pt-BR","@id":"https:\/\/quantocustaviajar.com\/blog\/exposicao-de-van-gogh-em-sao-paulo\/#primaryimage","url":"https:\/\/quantocustaviajar.com\/blog\/wp-content\/uploads\/2019\/08\/exposicao-van-gogh-noite-estrelada-1.jpg","contentUrl":"https:\/\/quantocustaviajar.com\/blog\/wp-content\/uploads\/2019\/08\/exposicao-van-gogh-noite-estrelada-1.jpg","width":1024,"height":627,"caption":"Foto: divulga\u00e7\u00e3o"},{"@type":"BreadcrumbList","@id":"https:\/\/quantocustaviajar.com\/blog\/exposicao-de-van-gogh-em-sao-paulo\/#breadcrumb","itemListElement":[{"@type":"ListItem","position":1,"name":"In\u00edcio","item":"https:\/\/quantocustaviajar.com\/blog\/"},{"@type":"ListItem","position":2,"name":"Exposi\u00e7\u00e3o de Van Gogh em S\u00e3o Paulo oferece viagem imersiva pelas obras do artista"}]},{"@type":"WebSite","@id":"https:\/\/quantocustaviajar.com\/blog\/#website","url":"https:\/\/quantocustaviajar.com\/blog\/","name":"Blog Quanto Custa Viajar","description":"","publisher":{"@id":"https:\/\/quantocustaviajar.com\/blog\/#organization"},"potentialAction":[{"@type":"SearchAction","target":{"@type":"EntryPoint","urlTemplate":"https:\/\/quantocustaviajar.com\/blog\/?s={search_term_string}"},"query-input":{"@type":"PropertyValueSpecification","valueRequired":true,"valueName":"search_term_string"}}],"inLanguage":"pt-BR"},{"@type":"Organization","@id":"https:\/\/quantocustaviajar.com\/blog\/#organization","name":"Quanto Custa Viajar","url":"https:\/\/quantocustaviajar.com\/blog\/","logo":{"@type":"ImageObject","inLanguage":"pt-BR","@id":"https:\/\/quantocustaviajar.com\/blog\/#\/schema\/logo\/image\/","url":"","contentUrl":"","caption":"Quanto Custa Viajar"},"image":{"@id":"https:\/\/quantocustaviajar.com\/blog\/#\/schema\/logo\/image\/"},"sameAs":["https:\/\/www.facebook.com\/quantocustaviajar"]},{"@type":"Person","@id":"https:\/\/quantocustaviajar.com\/blog\/#\/schema\/person\/81b0aaf2069da1a2da54677906b42d3c","name":"Andressa Xavier Pellanda","image":{"@type":"ImageObject","inLanguage":"pt-BR","@id":"https:\/\/quantocustaviajar.com\/blog\/#\/schema\/person\/image\/","url":"https:\/\/secure.gravatar.com\/avatar\/efccc167c341de2100a574b335de06f5efda2310964e70124d995491728ed674?s=96&d=mm&r=g","contentUrl":"https:\/\/secure.gravatar.com\/avatar\/efccc167c341de2100a574b335de06f5efda2310964e70124d995491728ed674?s=96&d=mm&r=g","caption":"Andressa Xavier Pellanda"},"description":"Eu gosto de viajar antes mesmo de chegar ao destino!","url":"https:\/\/quantocustaviajar.com\/blog\/author\/andressa\/"}]}},"_links":{"self":[{"href":"https:\/\/quantocustaviajar.com\/blog\/wp-json\/wp\/v2\/posts\/36975","targetHints":{"allow":["GET"]}}],"collection":[{"href":"https:\/\/quantocustaviajar.com\/blog\/wp-json\/wp\/v2\/posts"}],"about":[{"href":"https:\/\/quantocustaviajar.com\/blog\/wp-json\/wp\/v2\/types\/post"}],"author":[{"embeddable":true,"href":"https:\/\/quantocustaviajar.com\/blog\/wp-json\/wp\/v2\/users\/11"}],"replies":[{"embeddable":true,"href":"https:\/\/quantocustaviajar.com\/blog\/wp-json\/wp\/v2\/comments?post=36975"}],"version-history":[{"count":4,"href":"https:\/\/quantocustaviajar.com\/blog\/wp-json\/wp\/v2\/posts\/36975\/revisions"}],"predecessor-version":[{"id":36987,"href":"https:\/\/quantocustaviajar.com\/blog\/wp-json\/wp\/v2\/posts\/36975\/revisions\/36987"}],"wp:featuredmedia":[{"embeddable":true,"href":"https:\/\/quantocustaviajar.com\/blog\/wp-json\/wp\/v2\/media\/36983"}],"wp:attachment":[{"href":"https:\/\/quantocustaviajar.com\/blog\/wp-json\/wp\/v2\/media?parent=36975"}],"wp:term":[{"taxonomy":"category","embeddable":true,"href":"https:\/\/quantocustaviajar.com\/blog\/wp-json\/wp\/v2\/categories?post=36975"},{"taxonomy":"post_tag","embeddable":true,"href":"https:\/\/quantocustaviajar.com\/blog\/wp-json\/wp\/v2\/tags?post=36975"}],"curies":[{"name":"wp","href":"https:\/\/api.w.org\/{rel}","templated":true}]}}