{"id":36951,"date":"2019-08-19T12:20:08","date_gmt":"2019-08-19T12:20:08","guid":{"rendered":"https:\/\/quantocustaviajar.com\/blog\/?p=36951"},"modified":"2019-08-19T12:24:57","modified_gmt":"2019-08-19T12:24:57","slug":"com-mirante-cafe-em-campos-do-jordao","status":"publish","type":"post","link":"https:\/\/quantocustaviajar.com\/blog\/com-mirante-cafe-em-campos-do-jordao\/","title":{"rendered":"Com mirante, caf\u00e9 em Campos do Jord\u00e3o \u00e9 uma boa pausa na cidade"},"content":{"rendered":"<p>Viajar para uma regi\u00e3o montanhosa implica em pelo menos uma coisa: vistas impressionantes. De frente para as curvas Vale do Para\u00edba, um <strong>caf\u00e9 em Campos do Jord\u00e3o<\/strong> oferece aquela pausa tranquila entre as atividades na cidade.<\/p><div id=\"ez-toc-container\" class=\"ez-toc-v2_0_76 ez-toc-wrap-left counter-hierarchy ez-toc-counter ez-toc-light-blue ez-toc-container-direction\">\n<div class=\"ez-toc-title-container\">\n<p class=\"ez-toc-title\" style=\"cursor:inherit\">Aqui voc\u00ea ir\u00e1 encontrar<\/p>\n<span class=\"ez-toc-title-toggle\"><a href=\"#\" class=\"ez-toc-pull-right ez-toc-btn ez-toc-btn-xs ez-toc-btn-default ez-toc-toggle\" aria-label=\"Alternar tabela de conte\u00fado\"><span class=\"ez-toc-js-icon-con\"><span class=\"\"><span class=\"eztoc-hide\" style=\"display:none;\">Toggle<\/span><span class=\"ez-toc-icon-toggle-span\"><svg style=\"fill: #999;color:#999\" xmlns=\"http:\/\/www.w3.org\/2000\/svg\" class=\"list-377408\" width=\"20px\" height=\"20px\" viewBox=\"0 0 24 24\" fill=\"none\"><path d=\"M6 6H4v2h2V6zm14 0H8v2h12V6zM4 11h2v2H4v-2zm16 0H8v2h12v-2zM4 16h2v2H4v-2zm16 0H8v2h12v-2z\" fill=\"currentColor\"><\/path><\/svg><svg style=\"fill: #999;color:#999\" class=\"arrow-unsorted-368013\" xmlns=\"http:\/\/www.w3.org\/2000\/svg\" width=\"10px\" height=\"10px\" viewBox=\"0 0 24 24\" version=\"1.2\" baseProfile=\"tiny\"><path d=\"M18.2 9.3l-6.2-6.3-6.2 6.3c-.2.2-.3.4-.3.7s.1.5.3.7c.2.2.4.3.7.3h11c.3 0 .5-.1.7-.3.2-.2.3-.5.3-.7s-.1-.5-.3-.7zM5.8 14.7l6.2 6.3 6.2-6.3c.2-.2.3-.5.3-.7s-.1-.5-.3-.7c-.2-.2-.4-.3-.7-.3h-11c-.3 0-.5.1-.7.3-.2.2-.3.5-.3.7s.1.5.3.7z\"\/><\/svg><\/span><\/span><\/span><\/a><\/span><\/div>\n<nav><ul class='ez-toc-list ez-toc-list-level-1 ' ><li class='ez-toc-page-1 ez-toc-heading-level-2'><a class=\"ez-toc-link ez-toc-heading-1\" href=\"https:\/\/quantocustaviajar.com\/blog\/com-mirante-cafe-em-campos-do-jordao\/#Cafe_em_Campos_do_Jordao\" >Caf\u00e9 em Campos do Jord\u00e3o<\/a><\/li><li class='ez-toc-page-1 ez-toc-heading-level-2'><a class=\"ez-toc-link ez-toc-heading-2\" href=\"https:\/\/quantocustaviajar.com\/blog\/com-mirante-cafe-em-campos-do-jordao\/#A_pousada\" >A pousada<\/a><ul class='ez-toc-list-level-3' ><li class='ez-toc-heading-level-3'><a class=\"ez-toc-link ez-toc-heading-3\" href=\"https:\/\/quantocustaviajar.com\/blog\/com-mirante-cafe-em-campos-do-jordao\/#Como_chegar_no_cafe_em_Campos_do_Jordao\" >Como chegar no caf\u00e9 em Campos do Jord\u00e3o<\/a><ul class='ez-toc-list-level-4' ><li class='ez-toc-heading-level-4'><a class=\"ez-toc-link ez-toc-heading-4\" href=\"https:\/\/quantocustaviajar.com\/blog\/com-mirante-cafe-em-campos-do-jordao\/#Servico_do_palacio_da_boa_vista\" >Servi\u00e7o do pal\u00e1cio da boa vista<\/a><\/li><\/ul><\/li><\/ul><\/li><\/ul><\/nav><\/div>\n\n<p>O Caf\u00e9 Pal\u00e1cio se esconde na parte de tr\u00e1s do imponente edif\u00edcio do <strong>Museu do Pal\u00e1cio do Governo<\/strong>, erguido ao longo de 30 anos, entre 1938 e 1964. A constru\u00e7\u00e3o hist\u00f3rica de 105 c\u00f4modos <strong>faz alus\u00e3o aos fortes e <a href=\"https:\/\/quantocustaviajar.com\/blog\/top-10-castelos-da-franca\/\" target=\"_blank\" rel=\"noopener\">castelos medievais<\/a><\/strong>, enquanto a parte interna carrega em seu acervo pe\u00e7as de mobili\u00e1rio 17 e 18, esculturas, objetos e obras de arte de artistas brasileiros, como Di Cavalcanti, Tarsila do Amaral e Anita Malfatti.<\/p>\n<blockquote><p><a href=\"https:\/\/quantocustaviajar.com\/blog\/castelos-do-brasil\/\" target=\"_blank\" rel=\"noopener\"><strong>Descubra os belos e ex\u00f3ticos castelos do Brasil!\u00a0<\/strong><\/a><\/p><\/blockquote>\n<figure id=\"attachment_36994\" aria-describedby=\"caption-attachment-36994\" style=\"width: 700px\" class=\"wp-caption aligncenter\"><img loading=\"lazy\" decoding=\"async\" class=\"size-full wp-image-36994\" src=\"https:\/\/quantocustaviajar.com\/blog\/wp-content\/uploads\/2019\/08\/palacio-boa-vista.jpg\" alt=\"\" width=\"700\" height=\"525\" srcset=\"https:\/\/quantocustaviajar.com\/blog\/wp-content\/uploads\/2019\/08\/palacio-boa-vista.jpg 700w, https:\/\/quantocustaviajar.com\/blog\/wp-content\/uploads\/2019\/08\/palacio-boa-vista-300x225.jpg 300w\" sizes=\"auto, (max-width: 700px) 100vw, 700px\" \/><figcaption id=\"caption-attachment-36994\" class=\"wp-caption-text\">Foto: divulga\u00e7\u00e3o\/Governo de SP<\/figcaption><\/figure>\n<h2><span class=\"ez-toc-section\" id=\"Cafe_em_Campos_do_Jordao\"><\/span>Caf\u00e9 em Campos do Jord\u00e3o<span class=\"ez-toc-section-end\"><\/span><\/h2>\n<p>Com a localiza\u00e7\u00e3o estrat\u00e9gica, no alto da <strong>Serra da Mantiqueira<\/strong>, o museu se cerca de <a href=\"https:\/\/quantocustaviajar.com\/blog\/sky-costanera-mirante-em-santiago\/\" target=\"_blank\" rel=\"noopener\">vistas panor\u00e2micas<\/a>, celebrando a paisagem que o rodeia. N\u00e3o por acaso a cafeteria tratou de fazer bom uso deste benef\u00edcio, colocando mesas em um deck de madeira que debru\u00e7a sobre o Vale.<\/p>\n<p>Mesmo na parte interna, vidros n\u00e3o impedem que o visual salte aos olhos. As cadeiras e mesas s\u00e3o revestidas de um tecido xadrez, j\u00e1 trazendo o clima alpino \u00e0 tona. Nos finais de tarde, quando a temperatura come\u00e7a a cair, cobertores s\u00e3o distribu\u00eddos aos clientes.<\/p>\n<figure id=\"attachment_36996\" aria-describedby=\"caption-attachment-36996\" style=\"width: 700px\" class=\"wp-caption aligncenter\"><img loading=\"lazy\" decoding=\"async\" class=\"size-full wp-image-36996\" src=\"https:\/\/quantocustaviajar.com\/blog\/wp-content\/uploads\/2019\/08\/cafe-palacio4.jpg\" alt=\"\" width=\"700\" height=\"525\" srcset=\"https:\/\/quantocustaviajar.com\/blog\/wp-content\/uploads\/2019\/08\/cafe-palacio4.jpg 700w, https:\/\/quantocustaviajar.com\/blog\/wp-content\/uploads\/2019\/08\/cafe-palacio4-300x225.jpg 300w\" sizes=\"auto, (max-width: 700px) 100vw, 700px\" \/><figcaption id=\"caption-attachment-36996\" class=\"wp-caption-text\">Foto: divulga\u00e7\u00e3o\/Caf\u00e9 Pal\u00e1cio<\/figcaption><\/figure>\n<p>Mas \u00e9 claro que as bebidas quentinhas tamb\u00e9m s\u00e3o uma boa solu\u00e7\u00e3o para se aquecer e fugir do frio, que chega a ser cortante durante o inverno. O menu conta com <strong>mais de 15 op\u00e7\u00f5es de drinks com caf\u00e9<\/strong>, como o\u00a0brigadeiro latte, chocolate quente tradicional e italiano, e o Irish Coffee, que leva Whisky irland\u00eas e chantilly.<\/p>\n<figure id=\"attachment_37000\" aria-describedby=\"caption-attachment-37000\" style=\"width: 700px\" class=\"wp-caption aligncenter\"><img loading=\"lazy\" decoding=\"async\" class=\"size-full wp-image-37000\" src=\"https:\/\/quantocustaviajar.com\/blog\/wp-content\/uploads\/2019\/08\/cafe-palacio8.jpg\" alt=\"\" width=\"700\" height=\"698\" srcset=\"https:\/\/quantocustaviajar.com\/blog\/wp-content\/uploads\/2019\/08\/cafe-palacio8.jpg 700w, https:\/\/quantocustaviajar.com\/blog\/wp-content\/uploads\/2019\/08\/cafe-palacio8-150x150.jpg 150w, https:\/\/quantocustaviajar.com\/blog\/wp-content\/uploads\/2019\/08\/cafe-palacio8-300x300.jpg 300w\" sizes=\"auto, (max-width: 700px) 100vw, 700px\" \/><figcaption id=\"caption-attachment-37000\" class=\"wp-caption-text\">Foto: divulga\u00e7\u00e3o\/Caf\u00e9 Pal\u00e1cio<\/figcaption><\/figure>\n<p>Para forrar o est\u00f4mago, h\u00e1 desde refei\u00e7\u00f5es mais nutritivas, como a\u00a0lasanha de espinafre com queijo emmenthal ou bolanhesa, at\u00e9 mordidas mais r\u00e1pidas. Como op\u00e7\u00e3o, h\u00e1 o sandu\u00edche natural de\u00a0tomate seco, mozarela de b\u00fafala, pasta de ricota com nozes, manjeric\u00e3o e r\u00facula.<\/p>\n<p>Caso a prefer\u00eancia seja por vinhos ou drinks alco\u00f3licos, que caem bem nos dias mais quentes, um bom acompanhamento s\u00e3o as bruschettas e o\u00a0queijo brie assado acompanhado de geleia. O lanche da tarde pode pedir tamb\u00e9m s\u00f3 um docinho, como o\u00a0bolo de ma\u00e7\u00e3 com especiarias, a torta cheesecake e o\u00a0strudel, t\u00edpica sobremesa alem\u00e3.<\/p>\n<p>Uma boa op\u00e7\u00e3o de caf\u00e9 em Campos do Jord\u00e3o!<\/p>\n<figure id=\"attachment_36999\" aria-describedby=\"caption-attachment-36999\" style=\"width: 700px\" class=\"wp-caption aligncenter\"><img loading=\"lazy\" decoding=\"async\" class=\"size-full wp-image-36999\" src=\"https:\/\/quantocustaviajar.com\/blog\/wp-content\/uploads\/2019\/08\/cafe-palacio7.jpg\" alt=\"\" width=\"700\" height=\"525\" srcset=\"https:\/\/quantocustaviajar.com\/blog\/wp-content\/uploads\/2019\/08\/cafe-palacio7.jpg 700w, https:\/\/quantocustaviajar.com\/blog\/wp-content\/uploads\/2019\/08\/cafe-palacio7-300x225.jpg 300w\" sizes=\"auto, (max-width: 700px) 100vw, 700px\" \/><figcaption id=\"caption-attachment-36999\" class=\"wp-caption-text\">Foto: divulga\u00e7\u00e3o\/Caf\u00e9 Pal\u00e1cio<\/figcaption><\/figure>\n<figure id=\"attachment_37001\" aria-describedby=\"caption-attachment-37001\" style=\"width: 700px\" class=\"wp-caption aligncenter\"><img loading=\"lazy\" decoding=\"async\" class=\"size-full wp-image-37001\" src=\"https:\/\/quantocustaviajar.com\/blog\/wp-content\/uploads\/2019\/08\/cafe-palacio9.jpg\" alt=\"\" width=\"700\" height=\"700\" srcset=\"https:\/\/quantocustaviajar.com\/blog\/wp-content\/uploads\/2019\/08\/cafe-palacio9.jpg 700w, https:\/\/quantocustaviajar.com\/blog\/wp-content\/uploads\/2019\/08\/cafe-palacio9-150x150.jpg 150w, https:\/\/quantocustaviajar.com\/blog\/wp-content\/uploads\/2019\/08\/cafe-palacio9-300x300.jpg 300w\" sizes=\"auto, (max-width: 700px) 100vw, 700px\" \/><figcaption id=\"caption-attachment-37001\" class=\"wp-caption-text\">Foto: divulga\u00e7\u00e3o\/Caf\u00e9 Pal\u00e1cio<\/figcaption><\/figure>\n<blockquote><p><a href=\"https:\/\/quantocustaviajar.com\/blog\/cidades-mais-baratas-do-que-campos-do-jordao\/\" target=\"_blank\" rel=\"noopener\"><strong>Viagem econ\u00f4mica: selecionamos 10 cidades mais baratas do que Campos do Jord\u00e3o<\/strong><\/a><\/p><\/blockquote>\n<figure id=\"attachment_36997\" aria-describedby=\"caption-attachment-36997\" style=\"width: 700px\" class=\"wp-caption aligncenter\"><img loading=\"lazy\" decoding=\"async\" class=\"wp-image-36997 size-full\" style=\"font-weight: 600; background-color: transparent; text-align: inherit;\" src=\"https:\/\/quantocustaviajar.com\/blog\/wp-content\/uploads\/2019\/08\/cafe-palacio5.jpg\" alt=\"\" width=\"700\" height=\"700\" srcset=\"https:\/\/quantocustaviajar.com\/blog\/wp-content\/uploads\/2019\/08\/cafe-palacio5.jpg 700w, https:\/\/quantocustaviajar.com\/blog\/wp-content\/uploads\/2019\/08\/cafe-palacio5-150x150.jpg 150w, https:\/\/quantocustaviajar.com\/blog\/wp-content\/uploads\/2019\/08\/cafe-palacio5-300x300.jpg 300w\" sizes=\"auto, (max-width: 700px) 100vw, 700px\" \/><figcaption id=\"caption-attachment-36997\" class=\"wp-caption-text\">Foto: divulga\u00e7\u00e3o\/Caf\u00e9 Pal\u00e1cio<\/figcaption><\/figure>\n<figure id=\"attachment_36998\" aria-describedby=\"caption-attachment-36998\" style=\"width: 700px\" class=\"wp-caption aligncenter\"><img loading=\"lazy\" decoding=\"async\" class=\"size-full wp-image-36998\" src=\"https:\/\/quantocustaviajar.com\/blog\/wp-content\/uploads\/2019\/08\/cafe-palacio6.jpg\" alt=\"\" width=\"700\" height=\"792\" srcset=\"https:\/\/quantocustaviajar.com\/blog\/wp-content\/uploads\/2019\/08\/cafe-palacio6.jpg 700w, https:\/\/quantocustaviajar.com\/blog\/wp-content\/uploads\/2019\/08\/cafe-palacio6-265x300.jpg 265w\" sizes=\"auto, (max-width: 700px) 100vw, 700px\" \/><figcaption id=\"caption-attachment-36998\" class=\"wp-caption-text\">Foto: divulga\u00e7\u00e3o\/Caf\u00e9 Pal\u00e1cio<\/figcaption><\/figure>\n<figure id=\"attachment_37003\" aria-describedby=\"caption-attachment-37003\" style=\"width: 700px\" class=\"wp-caption aligncenter\"><img loading=\"lazy\" decoding=\"async\" class=\"size-full wp-image-37003\" src=\"https:\/\/quantocustaviajar.com\/blog\/wp-content\/uploads\/2019\/08\/cafe-palacio12.jpg\" alt=\"\" width=\"700\" height=\"525\" srcset=\"https:\/\/quantocustaviajar.com\/blog\/wp-content\/uploads\/2019\/08\/cafe-palacio12.jpg 700w, https:\/\/quantocustaviajar.com\/blog\/wp-content\/uploads\/2019\/08\/cafe-palacio12-300x225.jpg 300w\" sizes=\"auto, (max-width: 700px) 100vw, 700px\" \/><figcaption id=\"caption-attachment-37003\" class=\"wp-caption-text\">Foto: divulga\u00e7\u00e3o\/Caf\u00e9 Pal\u00e1cio<\/figcaption><\/figure>\n<h2><span class=\"ez-toc-section\" id=\"A_pousada\"><\/span>A pousada<span class=\"ez-toc-section-end\"><\/span><\/h2>\n<p>O caf\u00e9 em Campos do Jord\u00e3o \u00e9\u00a0administrado pelo casal Sonia e Bernard Contipelli, propriet\u00e1rios da <a href=\"https:\/\/www.booking.com\/hotel\/br\/pousada-alto-da-boa-vista.pt-br.html?aid=2161834\" target=\"_blank\" rel=\"noopener\"><strong>Pousada Alto da Boa Vista<\/strong><\/a>, fundada h\u00e1 20 anos na rua das Hort\u00eancias, no mesmo bairro. Os h\u00f3spedes podem se acomodar tanto em chal\u00e9s, semelhantes aos europeus, como em su\u00edtes, para viajantes solo, casais ou fam\u00edlias.<\/p>\n<p>Entre as vantagens est\u00e1 a variedade entre as op\u00e7\u00f5es oferecidas. Alguns quartos possuem varanda, lareira, banheira ou cozinha. Um dos chal\u00e9s de temporada possui uma pequena piscina. <strong>Na vers\u00e3o luxo,\u00a0conta com ofur\u00f4 e at\u00e9 sauna exclusiva<\/strong> entre as comodidades.<\/p>\n<figure id=\"attachment_37006\" aria-describedby=\"caption-attachment-37006\" style=\"width: 700px\" class=\"wp-caption aligncenter\"><img loading=\"lazy\" decoding=\"async\" class=\"size-full wp-image-37006\" src=\"https:\/\/quantocustaviajar.com\/blog\/wp-content\/uploads\/2019\/08\/pousada-alto-da-boa-vista2.jpg\" alt=\"\" width=\"700\" height=\"466\" srcset=\"https:\/\/quantocustaviajar.com\/blog\/wp-content\/uploads\/2019\/08\/pousada-alto-da-boa-vista2.jpg 700w, https:\/\/quantocustaviajar.com\/blog\/wp-content\/uploads\/2019\/08\/pousada-alto-da-boa-vista2-300x200.jpg 300w\" sizes=\"auto, (max-width: 700px) 100vw, 700px\" \/><figcaption id=\"caption-attachment-37006\" class=\"wp-caption-text\">Foto: divulga\u00e7\u00e3o\/Pousada Alto da Boa Vista<\/figcaption><\/figure>\n<figure id=\"attachment_37004\" aria-describedby=\"caption-attachment-37004\" style=\"width: 700px\" class=\"wp-caption aligncenter\"><img loading=\"lazy\" decoding=\"async\" class=\"size-full wp-image-37004\" src=\"https:\/\/quantocustaviajar.com\/blog\/wp-content\/uploads\/2019\/08\/pousada-alto-da-boa-vista-campos.jpg\" alt=\"\" width=\"700\" height=\"525\" srcset=\"https:\/\/quantocustaviajar.com\/blog\/wp-content\/uploads\/2019\/08\/pousada-alto-da-boa-vista-campos.jpg 700w, https:\/\/quantocustaviajar.com\/blog\/wp-content\/uploads\/2019\/08\/pousada-alto-da-boa-vista-campos-300x225.jpg 300w\" sizes=\"auto, (max-width: 700px) 100vw, 700px\" \/><figcaption id=\"caption-attachment-37004\" class=\"wp-caption-text\">Foto: divulga\u00e7\u00e3o\/Pousada Alto da Boa Vista<\/figcaption><\/figure>\n<p>A decora\u00e7\u00e3o rom\u00e2ntica traz a sensa\u00e7\u00e3o de uma aut\u00eantica casa de campo, com aconchego ao redor da lareira. \u00c9 poss\u00edvel que um dos dois c\u00e3es da ra\u00e7a S\u00e3o Bernardo, que pertencem aos donos, fa\u00e7am companhia em algum momento da estadia.<\/p>\n<blockquote><p><a href=\"https:\/\/www.booking.com\/hotel\/br\/pousada-alto-da-boa-vista.pt-br.html?aid=2161834\" target=\"_blank\" rel=\"noopener\"><strong>Curtiu? Fa\u00e7a sua reserva aqui!<\/strong><\/a><\/p><\/blockquote>\n<p>Por fim, a acomoda\u00e7\u00e3o tamb\u00e9m conta com o <strong>restaurante Pontremoli<\/strong>, aberto a n\u00e3o-h\u00f3spedes mediante reserva. O pequeno bistr\u00f4 a luz de velas prioriza pratos elaborados com produtos org\u00e2nicos da horta e segue a linha <em>slow food<\/em>, ou seja, um preparo mais lento e atencioso da comida, que requer igual premissa dos clientes: nada de pressa.<\/p>\n<figure id=\"attachment_37005\" aria-describedby=\"caption-attachment-37005\" style=\"width: 700px\" class=\"wp-caption aligncenter\"><img loading=\"lazy\" decoding=\"async\" class=\"size-full wp-image-37005\" src=\"https:\/\/quantocustaviajar.com\/blog\/wp-content\/uploads\/2019\/08\/pousada-alto-da-boa-vista.jpg\" alt=\"\" width=\"700\" height=\"466\" srcset=\"https:\/\/quantocustaviajar.com\/blog\/wp-content\/uploads\/2019\/08\/pousada-alto-da-boa-vista.jpg 700w, https:\/\/quantocustaviajar.com\/blog\/wp-content\/uploads\/2019\/08\/pousada-alto-da-boa-vista-300x200.jpg 300w\" sizes=\"auto, (max-width: 700px) 100vw, 700px\" \/><figcaption id=\"caption-attachment-37005\" class=\"wp-caption-text\">Foto: divulga\u00e7\u00e3o\/Pousada Alto da Boa Vista<\/figcaption><\/figure>\n<h3><span class=\"ez-toc-section\" id=\"Como_chegar_no_cafe_em_Campos_do_Jordao\"><\/span>Como chegar no caf\u00e9 em Campos do Jord\u00e3o<span class=\"ez-toc-section-end\"><\/span><\/h3>\n<p>O Pal\u00e1cio do Governo fica na Avenida Dr. Adhemar de Barros, 3001 &#8211; Alto da Boa Vista. A partir do badalado centrinho de Capivari, onde se concentram lojas, bares e restaurantes, a dist\u00e2ncia \u00e9 de aproximadamente 10 minutos de carro, via\u00a0Av. Dr. Adhemar de Barros e Av. Dr. Janu\u00e1rio Miraglia.\u00a0Possui estacionamento gr\u00e1tis com seguran\u00e7a.<\/p>\n<p><a href=\"https:\/\/www.rentcars.com\/?requestorid=52\" target=\"_blank\" rel=\"noopener\"><strong>Alugue aqui seu carro partindo de S\u00e3o Paulo!<\/strong><\/a><\/p>\n<blockquote><p><strong><a href=\"http:\/\/quantocustaviajar.com\/brasil\/campos-do-jordao\" target=\"_blank\" rel=\"noopener\">Calcule os custos da sua viagem para Campos do Jord\u00e3o aqui!<\/a><\/strong><\/p><\/blockquote>\n<figure id=\"attachment_37002\" aria-describedby=\"caption-attachment-37002\" style=\"width: 700px\" class=\"wp-caption aligncenter\"><img loading=\"lazy\" decoding=\"async\" class=\"size-full wp-image-37002\" src=\"https:\/\/quantocustaviajar.com\/blog\/wp-content\/uploads\/2019\/08\/cafe-palacio11.jpg\" alt=\"\" width=\"700\" height=\"525\" srcset=\"https:\/\/quantocustaviajar.com\/blog\/wp-content\/uploads\/2019\/08\/cafe-palacio11.jpg 700w, https:\/\/quantocustaviajar.com\/blog\/wp-content\/uploads\/2019\/08\/cafe-palacio11-300x225.jpg 300w\" sizes=\"auto, (max-width: 700px) 100vw, 700px\" \/><figcaption id=\"caption-attachment-37002\" class=\"wp-caption-text\">Foto: divulga\u00e7\u00e3o\/Caf\u00e9 Pal\u00e1cio<\/figcaption><\/figure>\n<h4><span class=\"ez-toc-section\" id=\"Servico_do_palacio_da_boa_vista\"><\/span>Servi\u00e7o do pal\u00e1cio da boa vista<span class=\"ez-toc-section-end\"><\/span><\/h4>\n<p>Visitas: de quarta-feira a domingo, das 10h \u00e0s 12h, com perman\u00eancia at\u00e9 as 12:30,<br \/>\ne das 14h \u00e0s 17h, com perman\u00eancia at\u00e9 as 17:30.<br \/>\nTodas as visitas s\u00e3o acompanhadas por educadores.<br \/>\nEntrada gratuita.<\/p>\n<figure id=\"attachment_36995\" aria-describedby=\"caption-attachment-36995\" style=\"width: 700px\" class=\"wp-caption aligncenter\"><img loading=\"lazy\" decoding=\"async\" class=\"size-full wp-image-36995\" src=\"https:\/\/quantocustaviajar.com\/blog\/wp-content\/uploads\/2019\/08\/cafe-palacio3.jpg\" alt=\"\" width=\"700\" height=\"525\" srcset=\"https:\/\/quantocustaviajar.com\/blog\/wp-content\/uploads\/2019\/08\/cafe-palacio3.jpg 700w, https:\/\/quantocustaviajar.com\/blog\/wp-content\/uploads\/2019\/08\/cafe-palacio3-300x225.jpg 300w\" sizes=\"auto, (max-width: 700px) 100vw, 700px\" \/><figcaption id=\"caption-attachment-36995\" class=\"wp-caption-text\">Foto: divulga\u00e7\u00e3o\/Caf\u00e9 Pal\u00e1cio<\/figcaption><\/figure>\n<blockquote class=\"wp-embedded-content\" data-secret=\"6UyPb1dS6P\"><p><a href=\"https:\/\/quantocustaviajar.com\/blog\/museu-felicia-leirner-em-campos-do-jordao\/\">Museu Fel\u00edcia Leirner em Campos do Jord\u00e3o tem obras de arte expostas ao ar livre<\/a><\/p><\/blockquote>\n<p><iframe loading=\"lazy\" class=\"wp-embedded-content\" sandbox=\"allow-scripts\" security=\"restricted\" style=\"position: absolute; visibility: hidden;\" title=\"&#8220;Museu Fel\u00edcia Leirner em Campos do Jord\u00e3o tem obras de arte expostas ao ar livre&#8221; &#8212; Blog Quanto Custa Viajar\" src=\"https:\/\/quantocustaviajar.com\/blog\/museu-felicia-leirner-em-campos-do-jordao\/embed\/#?secret=FdukFEpQ5s#?secret=6UyPb1dS6P\" data-secret=\"6UyPb1dS6P\" width=\"600\" height=\"338\" frameborder=\"0\" marginwidth=\"0\" marginheight=\"0\" scrolling=\"no\"><\/iframe><\/p>\n","protected":false},"excerpt":{"rendered":"<p>Viajar para uma regi\u00e3o montanhosa implica em pelo menos uma coisa: vistas impressionantes. De frente para as curvas Vale do Para\u00edba, um caf\u00e9 em Campos do Jord\u00e3o oferece aquela pausa tranquila entre as atividades na cidade. O Caf\u00e9 Pal\u00e1cio se esconde na parte de tr\u00e1s do imponente edif\u00edcio do Museu do Pal\u00e1cio do Governo, erguido [&hellip;]<\/p>\n","protected":false},"author":4,"featured_media":36993,"comment_status":"open","ping_status":"open","sticky":false,"template":"","format":"standard","meta":{"cybocfi_hide_featured_image":"","footnotes":""},"categories":[1435],"tags":[67,289,1453,331,89,286,321,303],"class_list":["post-36951","post","type-post","status-publish","format-standard","has-post-thumbnail","hentry","category-comes-bebes","tag-cafe","tag-cafeteria","tag-camposdojordao","tag-castelo","tag-gastronomia","tag-onde-comer","tag-passeios","tag-sao-paulo"],"blocksy_meta":[],"yoast_head":"<!-- This site is optimized with the Yoast SEO plugin v26.3 - https:\/\/yoast.com\/wordpress\/plugins\/seo\/ -->\n<title>Com mirante, caf\u00e9 em Campos do Jord\u00e3o \u00e9 uma boa pausa na cidade - Blog Quanto Custa Viajar<\/title>\n<meta name=\"robots\" content=\"index, follow, max-snippet:-1, max-image-preview:large, max-video-preview:-1\" \/>\n<link rel=\"canonical\" href=\"https:\/\/quantocustaviajar.com\/blog\/com-mirante-cafe-em-campos-do-jordao\/\" \/>\n<meta property=\"og:locale\" content=\"pt_BR\" \/>\n<meta property=\"og:type\" content=\"article\" \/>\n<meta property=\"og:title\" content=\"Com mirante, caf\u00e9 em Campos do Jord\u00e3o \u00e9 uma boa pausa na cidade - Blog Quanto Custa Viajar\" \/>\n<meta property=\"og:description\" content=\"Viajar para uma regi\u00e3o montanhosa implica em pelo menos uma coisa: vistas impressionantes. De frente para as curvas Vale do Para\u00edba, um caf\u00e9 em Campos do Jord\u00e3o oferece aquela pausa tranquila entre as atividades na cidade. O Caf\u00e9 Pal\u00e1cio se esconde na parte de tr\u00e1s do imponente edif\u00edcio do Museu do Pal\u00e1cio do Governo, erguido [&hellip;]\" \/>\n<meta property=\"og:url\" content=\"https:\/\/quantocustaviajar.com\/blog\/com-mirante-cafe-em-campos-do-jordao\/\" \/>\n<meta property=\"og:site_name\" content=\"Blog Quanto Custa Viajar\" \/>\n<meta property=\"article:publisher\" content=\"https:\/\/www.facebook.com\/quantocustaviajar\" \/>\n<meta property=\"article:author\" content=\"https:\/\/www.facebook.com\/brunellapfvr\/posts\" \/>\n<meta property=\"article:published_time\" content=\"2019-08-19T12:20:08+00:00\" \/>\n<meta property=\"article:modified_time\" content=\"2019-08-19T12:24:57+00:00\" \/>\n<meta property=\"og:image\" content=\"https:\/\/quantocustaviajar.com\/blog\/wp-content\/uploads\/2019\/08\/cafe-em-campos-do-jordao.jpg\" \/>\n\t<meta property=\"og:image:width\" content=\"960\" \/>\n\t<meta property=\"og:image:height\" content=\"720\" \/>\n\t<meta property=\"og:image:type\" content=\"image\/jpeg\" \/>\n<meta name=\"author\" content=\"Brunella Nunes\" \/>\n<meta name=\"twitter:card\" content=\"summary_large_image\" \/>\n<meta name=\"twitter:label1\" content=\"Escrito por\" \/>\n\t<meta name=\"twitter:data1\" content=\"Brunella Nunes\" \/>\n\t<meta name=\"twitter:label2\" content=\"Est. tempo de leitura\" \/>\n\t<meta name=\"twitter:data2\" content=\"5 minutos\" \/>\n<!-- \/ Yoast SEO plugin. -->","yoast_head_json":{"title":"Com mirante, caf\u00e9 em Campos do Jord\u00e3o \u00e9 uma boa pausa na cidade - Blog Quanto Custa Viajar","robots":{"index":"index","follow":"follow","max-snippet":"max-snippet:-1","max-image-preview":"max-image-preview:large","max-video-preview":"max-video-preview:-1"},"canonical":"https:\/\/quantocustaviajar.com\/blog\/com-mirante-cafe-em-campos-do-jordao\/","og_locale":"pt_BR","og_type":"article","og_title":"Com mirante, caf\u00e9 em Campos do Jord\u00e3o \u00e9 uma boa pausa na cidade - Blog Quanto Custa Viajar","og_description":"Viajar para uma regi\u00e3o montanhosa implica em pelo menos uma coisa: vistas impressionantes. De frente para as curvas Vale do Para\u00edba, um caf\u00e9 em Campos do Jord\u00e3o oferece aquela pausa tranquila entre as atividades na cidade. O Caf\u00e9 Pal\u00e1cio se esconde na parte de tr\u00e1s do imponente edif\u00edcio do Museu do Pal\u00e1cio do Governo, erguido [&hellip;]","og_url":"https:\/\/quantocustaviajar.com\/blog\/com-mirante-cafe-em-campos-do-jordao\/","og_site_name":"Blog Quanto Custa Viajar","article_publisher":"https:\/\/www.facebook.com\/quantocustaviajar","article_author":"https:\/\/www.facebook.com\/brunellapfvr\/posts","article_published_time":"2019-08-19T12:20:08+00:00","article_modified_time":"2019-08-19T12:24:57+00:00","og_image":[{"width":960,"height":720,"url":"https:\/\/quantocustaviajar.com\/blog\/wp-content\/uploads\/2019\/08\/cafe-em-campos-do-jordao.jpg","type":"image\/jpeg"}],"author":"Brunella Nunes","twitter_card":"summary_large_image","twitter_misc":{"Escrito por":"Brunella Nunes","Est. tempo de leitura":"5 minutos"},"schema":{"@context":"https:\/\/schema.org","@graph":[{"@type":["Article","BlogPosting"],"@id":"https:\/\/quantocustaviajar.com\/blog\/com-mirante-cafe-em-campos-do-jordao\/#article","isPartOf":{"@id":"https:\/\/quantocustaviajar.com\/blog\/com-mirante-cafe-em-campos-do-jordao\/"},"author":{"name":"Brunella Nunes","@id":"https:\/\/quantocustaviajar.com\/blog\/#\/schema\/person\/1a6dd3da9d0c0a4be42652b67bea19bb"},"headline":"Com mirante, caf\u00e9 em Campos do Jord\u00e3o \u00e9 uma boa pausa na cidade","datePublished":"2019-08-19T12:20:08+00:00","dateModified":"2019-08-19T12:24:57+00:00","mainEntityOfPage":{"@id":"https:\/\/quantocustaviajar.com\/blog\/com-mirante-cafe-em-campos-do-jordao\/"},"wordCount":969,"commentCount":2,"publisher":{"@id":"https:\/\/quantocustaviajar.com\/blog\/#organization"},"image":{"@id":"https:\/\/quantocustaviajar.com\/blog\/com-mirante-cafe-em-campos-do-jordao\/#primaryimage"},"thumbnailUrl":"https:\/\/quantocustaviajar.com\/blog\/wp-content\/uploads\/2019\/08\/cafe-em-campos-do-jordao.jpg","keywords":["caf\u00e9","cafeteria","camposdojordao","castelo","gastronomia","onde comer","passeios","S\u00e3o Paulo"],"articleSection":["Comes &amp; Bebes"],"inLanguage":"pt-BR","potentialAction":[{"@type":"CommentAction","name":"Comment","target":["https:\/\/quantocustaviajar.com\/blog\/com-mirante-cafe-em-campos-do-jordao\/#respond"]}]},{"@type":"WebPage","@id":"https:\/\/quantocustaviajar.com\/blog\/com-mirante-cafe-em-campos-do-jordao\/","url":"https:\/\/quantocustaviajar.com\/blog\/com-mirante-cafe-em-campos-do-jordao\/","name":"Com mirante, caf\u00e9 em Campos do Jord\u00e3o \u00e9 uma boa pausa na cidade - Blog Quanto Custa Viajar","isPartOf":{"@id":"https:\/\/quantocustaviajar.com\/blog\/#website"},"primaryImageOfPage":{"@id":"https:\/\/quantocustaviajar.com\/blog\/com-mirante-cafe-em-campos-do-jordao\/#primaryimage"},"image":{"@id":"https:\/\/quantocustaviajar.com\/blog\/com-mirante-cafe-em-campos-do-jordao\/#primaryimage"},"thumbnailUrl":"https:\/\/quantocustaviajar.com\/blog\/wp-content\/uploads\/2019\/08\/cafe-em-campos-do-jordao.jpg","datePublished":"2019-08-19T12:20:08+00:00","dateModified":"2019-08-19T12:24:57+00:00","breadcrumb":{"@id":"https:\/\/quantocustaviajar.com\/blog\/com-mirante-cafe-em-campos-do-jordao\/#breadcrumb"},"inLanguage":"pt-BR","potentialAction":[{"@type":"ReadAction","target":["https:\/\/quantocustaviajar.com\/blog\/com-mirante-cafe-em-campos-do-jordao\/"]}]},{"@type":"ImageObject","inLanguage":"pt-BR","@id":"https:\/\/quantocustaviajar.com\/blog\/com-mirante-cafe-em-campos-do-jordao\/#primaryimage","url":"https:\/\/quantocustaviajar.com\/blog\/wp-content\/uploads\/2019\/08\/cafe-em-campos-do-jordao.jpg","contentUrl":"https:\/\/quantocustaviajar.com\/blog\/wp-content\/uploads\/2019\/08\/cafe-em-campos-do-jordao.jpg","width":960,"height":720,"caption":"Foto: divulga\u00e7\u00e3o\/Caf\u00e9 Pal\u00e1cio"},{"@type":"BreadcrumbList","@id":"https:\/\/quantocustaviajar.com\/blog\/com-mirante-cafe-em-campos-do-jordao\/#breadcrumb","itemListElement":[{"@type":"ListItem","position":1,"name":"In\u00edcio","item":"https:\/\/quantocustaviajar.com\/blog\/"},{"@type":"ListItem","position":2,"name":"Com mirante, caf\u00e9 em Campos do Jord\u00e3o \u00e9 uma boa pausa na cidade"}]},{"@type":"WebSite","@id":"https:\/\/quantocustaviajar.com\/blog\/#website","url":"https:\/\/quantocustaviajar.com\/blog\/","name":"Blog Quanto Custa Viajar","description":"","publisher":{"@id":"https:\/\/quantocustaviajar.com\/blog\/#organization"},"potentialAction":[{"@type":"SearchAction","target":{"@type":"EntryPoint","urlTemplate":"https:\/\/quantocustaviajar.com\/blog\/?s={search_term_string}"},"query-input":{"@type":"PropertyValueSpecification","valueRequired":true,"valueName":"search_term_string"}}],"inLanguage":"pt-BR"},{"@type":"Organization","@id":"https:\/\/quantocustaviajar.com\/blog\/#organization","name":"Quanto Custa Viajar","url":"https:\/\/quantocustaviajar.com\/blog\/","logo":{"@type":"ImageObject","inLanguage":"pt-BR","@id":"https:\/\/quantocustaviajar.com\/blog\/#\/schema\/logo\/image\/","url":"","contentUrl":"","caption":"Quanto Custa Viajar"},"image":{"@id":"https:\/\/quantocustaviajar.com\/blog\/#\/schema\/logo\/image\/"},"sameAs":["https:\/\/www.facebook.com\/quantocustaviajar"]},{"@type":"Person","@id":"https:\/\/quantocustaviajar.com\/blog\/#\/schema\/person\/1a6dd3da9d0c0a4be42652b67bea19bb","name":"Brunella Nunes","image":{"@type":"ImageObject","inLanguage":"pt-BR","@id":"https:\/\/quantocustaviajar.com\/blog\/#\/schema\/person\/image\/","url":"https:\/\/secure.gravatar.com\/avatar\/05b28dfb8a3cc7ee0dba6feefa5677f05be6d7bf4b017728fd38499092f9c282?s=96&d=mm&r=g","contentUrl":"https:\/\/secure.gravatar.com\/avatar\/05b28dfb8a3cc7ee0dba6feefa5677f05be6d7bf4b017728fd38499092f9c282?s=96&d=mm&r=g","caption":"Brunella Nunes"},"description":"Quando n\u00e3o est\u00e1 viajando pelo mundo, est\u00e1 viajando nas ideias.","sameAs":["https:\/\/www.facebook.com\/brunellapfvr\/posts","https:\/\/www.linkedin.com\/in\/brunellanunes\/"],"url":"https:\/\/quantocustaviajar.com\/blog\/author\/equipe\/"}]}},"_links":{"self":[{"href":"https:\/\/quantocustaviajar.com\/blog\/wp-json\/wp\/v2\/posts\/36951","targetHints":{"allow":["GET"]}}],"collection":[{"href":"https:\/\/quantocustaviajar.com\/blog\/wp-json\/wp\/v2\/posts"}],"about":[{"href":"https:\/\/quantocustaviajar.com\/blog\/wp-json\/wp\/v2\/types\/post"}],"author":[{"embeddable":true,"href":"https:\/\/quantocustaviajar.com\/blog\/wp-json\/wp\/v2\/users\/4"}],"replies":[{"embeddable":true,"href":"https:\/\/quantocustaviajar.com\/blog\/wp-json\/wp\/v2\/comments?post=36951"}],"version-history":[{"count":4,"href":"https:\/\/quantocustaviajar.com\/blog\/wp-json\/wp\/v2\/posts\/36951\/revisions"}],"predecessor-version":[{"id":37046,"href":"https:\/\/quantocustaviajar.com\/blog\/wp-json\/wp\/v2\/posts\/36951\/revisions\/37046"}],"wp:featuredmedia":[{"embeddable":true,"href":"https:\/\/quantocustaviajar.com\/blog\/wp-json\/wp\/v2\/media\/36993"}],"wp:attachment":[{"href":"https:\/\/quantocustaviajar.com\/blog\/wp-json\/wp\/v2\/media?parent=36951"}],"wp:term":[{"taxonomy":"category","embeddable":true,"href":"https:\/\/quantocustaviajar.com\/blog\/wp-json\/wp\/v2\/categories?post=36951"},{"taxonomy":"post_tag","embeddable":true,"href":"https:\/\/quantocustaviajar.com\/blog\/wp-json\/wp\/v2\/tags?post=36951"}],"curies":[{"name":"wp","href":"https:\/\/api.w.org\/{rel}","templated":true}]}}