{"id":36803,"date":"2019-08-12T12:36:02","date_gmt":"2019-08-12T12:36:02","guid":{"rendered":"https:\/\/quantocustaviajar.com\/blog\/?p=36803"},"modified":"2019-08-12T12:36:02","modified_gmt":"2019-08-12T12:36:02","slug":"roteiro-pela-romenia-viagem","status":"publish","type":"post","link":"https:\/\/quantocustaviajar.com\/blog\/roteiro-pela-romenia-viagem\/","title":{"rendered":"Roteiro pela Rom\u00eania: da Transilv\u00e2nia ao Mar Negro em 9 dias"},"content":{"rendered":"<p>Se voc\u00ea chegou at\u00e9 aqui, \u00e9 prov\u00e1vel que esteja planejando um<strong> roteiro pela Rom\u00eania<\/strong> ou apenas curioso para saber mais sobre o pa\u00eds. Essa sensa\u00e7\u00e3o \u00e9 normal. Afinal, pouco se fala sobre os destinos romenos e algumas pessoas sequer sabem que a l\u00edngua falada por l\u00e1 \u00e9 um idioma latino &#8211; e, portanto, n\u00e3o t\u00e3o estranho aos nossos ouvidos.<\/p><div id=\"ez-toc-container\" class=\"ez-toc-v2_0_76 ez-toc-wrap-left counter-hierarchy ez-toc-counter ez-toc-light-blue ez-toc-container-direction\">\n<div class=\"ez-toc-title-container\">\n<p class=\"ez-toc-title\" style=\"cursor:inherit\">Aqui voc\u00ea ir\u00e1 encontrar<\/p>\n<span class=\"ez-toc-title-toggle\"><a href=\"#\" class=\"ez-toc-pull-right ez-toc-btn ez-toc-btn-xs ez-toc-btn-default ez-toc-toggle\" aria-label=\"Alternar tabela de conte\u00fado\"><span class=\"ez-toc-js-icon-con\"><span class=\"\"><span class=\"eztoc-hide\" style=\"display:none;\">Toggle<\/span><span class=\"ez-toc-icon-toggle-span\"><svg style=\"fill: #999;color:#999\" xmlns=\"http:\/\/www.w3.org\/2000\/svg\" class=\"list-377408\" width=\"20px\" height=\"20px\" viewBox=\"0 0 24 24\" fill=\"none\"><path d=\"M6 6H4v2h2V6zm14 0H8v2h12V6zM4 11h2v2H4v-2zm16 0H8v2h12v-2zM4 16h2v2H4v-2zm16 0H8v2h12v-2z\" fill=\"currentColor\"><\/path><\/svg><svg style=\"fill: #999;color:#999\" class=\"arrow-unsorted-368013\" xmlns=\"http:\/\/www.w3.org\/2000\/svg\" width=\"10px\" height=\"10px\" viewBox=\"0 0 24 24\" version=\"1.2\" baseProfile=\"tiny\"><path d=\"M18.2 9.3l-6.2-6.3-6.2 6.3c-.2.2-.3.4-.3.7s.1.5.3.7c.2.2.4.3.7.3h11c.3 0 .5-.1.7-.3.2-.2.3-.5.3-.7s-.1-.5-.3-.7zM5.8 14.7l6.2 6.3 6.2-6.3c.2-.2.3-.5.3-.7s-.1-.5-.3-.7c-.2-.2-.4-.3-.7-.3h-11c-.3 0-.5.1-.7.3-.2.2-.3.5-.3.7s.1.5.3.7z\"\/><\/svg><\/span><\/span><\/span><\/a><\/span><\/div>\n<nav><ul class='ez-toc-list ez-toc-list-level-1 ' ><li class='ez-toc-page-1 ez-toc-heading-level-2'><a class=\"ez-toc-link ez-toc-heading-1\" href=\"https:\/\/quantocustaviajar.com\/blog\/roteiro-pela-romenia-viagem\/#Roteiro_pela_Romenia\" >Roteiro pela Rom\u00eania<\/a><ul class='ez-toc-list-level-3' ><li class='ez-toc-heading-level-3'><a class=\"ez-toc-link ez-toc-heading-2\" href=\"https:\/\/quantocustaviajar.com\/blog\/roteiro-pela-romenia-viagem\/#Bucareste\" >Bucareste<\/a><\/li><\/ul><\/li><li class='ez-toc-page-1 ez-toc-heading-level-2'><a class=\"ez-toc-link ez-toc-heading-3\" href=\"https:\/\/quantocustaviajar.com\/blog\/roteiro-pela-romenia-viagem\/#Sibiu\" >Sibiu<\/a><\/li><li class='ez-toc-page-1 ez-toc-heading-level-2'><a class=\"ez-toc-link ez-toc-heading-4\" href=\"https:\/\/quantocustaviajar.com\/blog\/roteiro-pela-romenia-viagem\/#Brasov\" >Bra\u0219ov<\/a><ul class='ez-toc-list-level-3' ><li class='ez-toc-heading-level-3'><a class=\"ez-toc-link ez-toc-heading-5\" href=\"https:\/\/quantocustaviajar.com\/blog\/roteiro-pela-romenia-viagem\/#Constanta\" >Constan\u021ba<\/a><\/li><\/ul><\/li><li class='ez-toc-page-1 ez-toc-heading-level-2'><a class=\"ez-toc-link ez-toc-heading-6\" href=\"https:\/\/quantocustaviajar.com\/blog\/roteiro-pela-romenia-viagem\/#Roteiro_pela_Romenia_duracao\" >Roteiro pela Rom\u00eania: dura\u00e7\u00e3o<\/a><\/li><\/ul><\/nav><\/div>\n\n<p>Tive a oportunidade de conhecer o pa\u00eds quando fui alocada para um trabalho em <strong>Bucareste<\/strong> e, nos poucos finais de semana livres, aproveitei para conhecer algumas das cidades mais charmosas da <strong>Rom\u00eania<\/strong>. Sabe aquelas experi\u00eancias que a gente leva para a vida? Pois essa \u00e9 uma delas!<\/p>\n<p>N\u00e3o d\u00e1 para descrever todo o acolhimento e simpatia que eu senti em solo romeno, assim como n\u00e3o cabem aqui as cenas inusitadas que vivi por l\u00e1. Mesmo assim, acho que esse espa\u00e7o \u00e9 perfeito para compartilhar um <strong>roteiro pela Rom\u00eania<\/strong> e inspirar outros viajantes a conhecerem essas coisas por si s\u00f3. Vamos?<\/p>\n<h2><span class=\"ez-toc-section\" id=\"Roteiro_pela_Romenia\"><\/span>Roteiro pela Rom\u00eania<span class=\"ez-toc-section-end\"><\/span><\/h2>\n<p>Nosso roteiro vai come\u00e7ar pela capital romena: <a href=\"https:\/\/quantocustaviajar.com\/romenia\/bucareste\" target=\"_blank\" rel=\"noopener\"><strong>Bucareste<\/strong><\/a>.<\/p>\n<p>N\u00e3o h\u00e1 voos diretos do Brasil para l\u00e1. Entretanto, basta uma conex\u00e3o para chegar ao\u00a0 Aeroporto Bucareste Otopeni (OTP), localizado a cerca de 18km do centro da cidade. Tamb\u00e9m \u00e9 poss\u00edvel viajar desde outros pa\u00edses do <a href=\"https:\/\/quantocustaviajar.com\/blog\/10-cidades-para-conhecer-no-leste-europeu\/\">Leste Europeu<\/a> em trem, com chegada na Gara Nord. Entretanto, as viagens por terra costumam ser longas e cansativas.<\/p>\n<blockquote><p><strong><a href=\"https:\/\/quantocustaviajar.com\/passagens-aereas-baratas\/\" target=\"_blank\" rel=\"noopener\">Encontre passagens a\u00e9reas baratas para a Rom\u00eania<\/a><\/strong><\/p><\/blockquote>\n<h3><span class=\"ez-toc-section\" id=\"Bucareste\"><\/span>Bucareste<span class=\"ez-toc-section-end\"><\/span><\/h3>\n<p>Capital romena, Bucareste \u00e9 uma cidade grande com todas as facilidades e os problemas de uma metr\u00f3pole. Uma das melhores not\u00edcias sobre o destino est\u00e1 no bolso: ele figura em quase todas as listas de lugares baratos para conhecer pelo mundo (veja alguns exemplos <a href=\"https:\/\/quantocustaviajar.com\/blog\/cidades-baratas-na-europa\/\" target=\"_blank\" rel=\"noopener\">aqui<\/a>, <a href=\"https:\/\/quantocustaviajar.com\/blog\/cidades-mais-baratas-para-brasileiros-viverem\/\" target=\"_blank\" rel=\"noopener\">aqui<\/a>, <a href=\"https:\/\/quantocustaviajar.com\/blog\/lugares-mais-baratos-para-fazer-um-mochilao\/\" target=\"_blank\" rel=\"noopener\">aqu<\/a>i, <a href=\"https:\/\/quantocustaviajar.com\/blog\/viajar-barato-para-a-europa\/\" target=\"_blank\" rel=\"noopener\">aqui<\/a> e <a href=\"https:\/\/quantocustaviajar.com\/blog\/9-destinos-baratos-para-viajar-com-o-dolar-em-alta\/\" target=\"_blank\" rel=\"noopener\">aqui<\/a>).<\/p>\n<p>Mas o que fazer na cidade? O ponto tur\u00edstico mais conhecido \u00e9 o <strong>Pal\u00e1cio do Parlamento<\/strong>, uma estrutura enorme, com 350 mil metros quadrados. Ele \u00e9 considerado o maior pal\u00e1cio do mundo e eu <em>sei\u00a0<\/em>que o viajante que mora dentro de voc\u00ea adora este tipo de curiosidade.<\/p>\n<p>Al\u00e9m do Parlamento, um dos lugares mais imperd\u00edveis de Bucareste \u00e9 o bairro de <strong>Lipiscani<\/strong>, o distrito hist\u00f3rico da cidade e tamb\u00e9m bairro bo\u00eamio por excel\u00eancia. Entre ficar bobo com a beleza da arquitetura e tomar uma cerveja Timi\u0219oreana gelada, escolha os dois. Para mais ideias de atra\u00e7\u00f5es, n\u00e3o deixa de conferir o nosso <a href=\"https:\/\/quantocustaviajar.com\/romenia\/bucareste\" target=\"_blank\" rel=\"noopener\">guia de Bucareste<\/a>.<\/p>\n<figure id=\"attachment_36809\" aria-describedby=\"caption-attachment-36809\" style=\"width: 800px\" class=\"wp-caption aligncenter\"><img loading=\"lazy\" decoding=\"async\" class=\"wp-image-36809 size-full\" src=\"https:\/\/quantocustaviajar.com\/blog\/wp-content\/uploads\/2019\/08\/roteiro-pela-romenia.jpg\" alt=\"\" width=\"800\" height=\"533\" srcset=\"https:\/\/quantocustaviajar.com\/blog\/wp-content\/uploads\/2019\/08\/roteiro-pela-romenia.jpg 800w, https:\/\/quantocustaviajar.com\/blog\/wp-content\/uploads\/2019\/08\/roteiro-pela-romenia-300x200.jpg 300w, https:\/\/quantocustaviajar.com\/blog\/wp-content\/uploads\/2019\/08\/roteiro-pela-romenia-768x512.jpg 768w\" sizes=\"auto, (max-width: 800px) 100vw, 800px\" \/><figcaption id=\"caption-attachment-36809\" class=\"wp-caption-text\">Foto: <a href=\"https:\/\/www.instagram.com\/quasenomade\/\" target=\"_blank\" rel=\"noopener\">Mari Dutra<\/a><\/figcaption><\/figure>\n<p>Depois de explorar a capital romena, \u00e9 hora de <a href=\"https:\/\/www.rentcars.com\/?requestorid=52\" target=\"_blank\" rel=\"noopener\"><strong>alugar um carro<\/strong><\/a>: n\u00f3s vamos partir rumo \u00e0 <strong>Transilv\u00e2nia<\/strong>. Pegue a estrada <strong>Transf\u0103g\u0103r\u0103\u0219an<\/strong> e prepare-se para muitas curvas e hist\u00f3rias de vampiro pelo caminho.<\/p>\n<blockquote><p><a href=\"https:\/\/www.booking.com\/searchresults.pt-br.html?aid=2161834&amp;lang=pt-br&amp;sid=c69c4c9694b8e79cd59dcb3ca5f87bb1&amp;sb=1&amp;src=index&amp;src_elem=sb&amp;error_url=https%3A%2F%2Fwww.booking.com%2Findex.pt-br.html%3Faid%3D2161834%3Bsid%3Dc69c4c9694b8e79cd59dcb3ca5f87bb1%3Bsb_price_type%3Dtotal%26%3B&amp;ss=bucareste&amp;is_ski_area=0&amp;checkin_year=&amp;checkin_month=&amp;checkout_year=&amp;checkout_month=&amp;group_adults=2&amp;group_children=0&amp;no_rooms=1&amp;b_h4u_keep_filters=&amp;from_sf=1\" target=\"_blank\" rel=\"noopener\"><strong>Pesquise hot\u00e9is e apartamentos de temporada em Bucareste<\/strong><\/a><\/p><\/blockquote>\n<h2><span class=\"ez-toc-section\" id=\"Sibiu\"><\/span>Sibiu<span class=\"ez-toc-section-end\"><\/span><\/h2>\n<p>A primeira parada desta viagem ser\u00e1 a simp\u00e1tica cidade de <strong>Sibiu<\/strong>, mas voc\u00ea ainda pode aproveitar o caminho para conhecer o verdadeiro<strong> Castelo do Dr\u00e1cula<\/strong>, onde <strong>Vlad, o Empalador<\/strong> teria vivido por algum tempo. As ru\u00ednas do <strong>Castelo de Poenari<\/strong> ficam entre Bucareste e Sibiu e s\u00e3o acess\u00edveis ap\u00f3s uma subida \u00edngreme de 1.480 degraus.<\/p>\n<figure id=\"attachment_36810\" aria-describedby=\"caption-attachment-36810\" style=\"width: 800px\" class=\"wp-caption aligncenter\"><img loading=\"lazy\" decoding=\"async\" class=\"wp-image-36810 size-full\" src=\"https:\/\/quantocustaviajar.com\/blog\/wp-content\/uploads\/2019\/08\/roteiro-pela-romenia2.jpg\" alt=\"\" width=\"800\" height=\"990\" srcset=\"https:\/\/quantocustaviajar.com\/blog\/wp-content\/uploads\/2019\/08\/roteiro-pela-romenia2.jpg 800w, https:\/\/quantocustaviajar.com\/blog\/wp-content\/uploads\/2019\/08\/roteiro-pela-romenia2-242x300.jpg 242w, https:\/\/quantocustaviajar.com\/blog\/wp-content\/uploads\/2019\/08\/roteiro-pela-romenia2-768x950.jpg 768w\" sizes=\"auto, (max-width: 800px) 100vw, 800px\" \/><figcaption id=\"caption-attachment-36810\" class=\"wp-caption-text\">Foto: <a href=\"https:\/\/www.instagram.com\/quasenomade\/\" target=\"_blank\" rel=\"noopener\">Mari Dutra<\/a><\/figcaption><\/figure>\n<p>Passado o sufoco, seguimos viagem a Sibiu para conhecer essa cidade hist\u00f3rica de coloniza\u00e7\u00e3o germ\u00e2nica. Uma vez l\u00e1, \u00e9 imposs\u00edvel n\u00e3o reparar nos telhados, que parecem ter pequenos olhos. Comece a explorar o local a partir da Pia\u021ba Mare, a maior pra\u00e7a de Sibiu, ou da Pia\u021ba Mica (a menor) e, da\u00ed em diante, deixe a cidade surpreender voc\u00ea.<\/p>\n<p><strong>N\u00e3o dirige?\u00a0<\/strong>Voc\u00ea tamb\u00e9m pode ir de trem ou de \u00f4nibus de Bucareste a Sibiu (as viagens duram em m\u00e9dia entre 5 e 6 horas). Mesmo assim, sou apaixonada pela Transf\u0103g\u0103r\u0103\u0219an e n\u00e3o perderia a oportunidade de passear nessa estrada, que tem uma das vistas mais lindas que eu j\u00e1 encontrei nessas andan\u00e7as mundo afora.<\/p>\n<blockquote><p><a href=\"https:\/\/www.booking.com\/searchresults.pt-br.html?aid=2161834&amp;lang=pt-br&amp;sid=c69c4c9694b8e79cd59dcb3ca5f87bb1&amp;sb=1&amp;src=searchresults&amp;src_elem=sb&amp;error_url=https%3A%2F%2Fwww.booking.com%2Fsearchresults.pt-br.html%3Faid%3D2161834%3Bsid%3Dc69c4c9694b8e79cd59dcb3ca5f87bb1%3Btmpl%3Dsearchresults%3Bclass_interval%3D1%3Bdest_id%3D-1153951%3Bdest_type%3Dcity%3Bdtdisc%3D0%3Bfrom_sf%3D1%3Bgroup_adults%3D2%3Bgroup_children%3D0%3Binac%3D0%3Bindex_postcard%3D0%3Blabel_click%3Dundef%3Bno_rooms%3D1%3Boffset%3D0%3Bpostcard%3D0%3Broom1%3DA%252CA%3Bsb_price_type%3Dtotal%3Bshw_aparth%3D1%3Bslp_r_match%3D0%3Bsrc%3Dindex%3Bsrc_elem%3Dsb%3Bsrpvid%3D5291529207bf00d3%3Bss%3Dbucareste%3Bss_all%3D0%3Bssb%3Dempty%3Bsshis%3D0%26%3B&amp;ss=Sibiu%2C+Sibiu+Judet%2C+Rom%C3%AAnia&amp;is_ski_area=&amp;ssne=Bucareste&amp;ssne_untouched=Bucareste&amp;city=-1153951&amp;checkin_year=&amp;checkin_month=&amp;checkout_year=&amp;checkout_month=&amp;group_adults=2&amp;group_children=0&amp;no_rooms=1&amp;from_sf=1&amp;ss_raw=sibiu&amp;ac_position=0&amp;ac_langcode=xb&amp;ac_click_type=b&amp;dest_id=-1170221&amp;dest_type=city&amp;iata=SBZ&amp;place_id_lat=45.796505&amp;place_id_lon=24.151514&amp;search_pageview_id=5291529207bf00d3&amp;search_selected=true&amp;search_pageview_id=5291529207bf00d3&amp;ac_suggestion_list_length=5&amp;ac_suggestion_theme_list_length=0\" target=\"_blank\" rel=\"noopener\"><strong>Descubra mais de 800 op\u00e7\u00f5es de hospedagem em Sibiu<\/strong><\/a><\/p><\/blockquote>\n<h2><span class=\"ez-toc-section\" id=\"Brasov\"><\/span>Bra\u0219ov<span class=\"ez-toc-section-end\"><\/span><\/h2>\n<p>Nossa viagem pela Transilv\u00e2nia continua com uma parada em Bra\u0219ov, tamb\u00e9m de coloniza\u00e7\u00e3o alem\u00e3. A Igreja Negra, uma catedral luterana datada do s\u00e9culo 15, \u00e9 uma de suas principais atra\u00e7\u00f5es e a beleza da constru\u00e7\u00e3o salta aos olhos. Outro edif\u00edcio que voc\u00ea provavelmente vai querer conhecer, ao menos por fora, \u00e9 a\u00a0Igreja de S\u00e3o Nicolau (ortodoxa).<\/p>\n<figure id=\"attachment_36811\" aria-describedby=\"caption-attachment-36811\" style=\"width: 800px\" class=\"wp-caption aligncenter\"><img loading=\"lazy\" decoding=\"async\" class=\"wp-image-36811 size-full\" src=\"https:\/\/quantocustaviajar.com\/blog\/wp-content\/uploads\/2019\/08\/brasov.jpg\" alt=\"\" width=\"800\" height=\"600\" srcset=\"https:\/\/quantocustaviajar.com\/blog\/wp-content\/uploads\/2019\/08\/brasov.jpg 800w, https:\/\/quantocustaviajar.com\/blog\/wp-content\/uploads\/2019\/08\/brasov-300x225.jpg 300w, https:\/\/quantocustaviajar.com\/blog\/wp-content\/uploads\/2019\/08\/brasov-768x576.jpg 768w\" sizes=\"auto, (max-width: 800px) 100vw, 800px\" \/><figcaption id=\"caption-attachment-36811\" class=\"wp-caption-text\">Foto: <a href=\"https:\/\/www.instagram.com\/quasenomade\/\" target=\"_blank\" rel=\"noopener\">Mari Dutra<\/a><\/figcaption><\/figure>\n<p>Perca-se nas ruelas de Bra\u0219ov e, se tiver tempo livre, aproveite a cidade como um ponto de partida para explorar outras atra\u00e7\u00f5es na regi\u00e3o, como o Castelo de Bran e a Fortaleza de R\u00e2\u0219nov, por exemplo.<\/p>\n<p>De carro, s\u00e3o cerca de duas horas e meia entre Sibiu e Bra\u0219ov. O tempo \u00e9 semelhante de \u00f4nibus ou trem, fazendo com que o tr\u00e2nsito entre as duas cidades seja bastante acess\u00edvel.<\/p>\n<blockquote><p><a href=\"https:\/\/www.booking.com\/searchresults.pt-br.html?aid=2161834&amp;lang=pt-br&amp;sid=c69c4c9694b8e79cd59dcb3ca5f87bb1&amp;sb=1&amp;src=searchresults&amp;src_elem=sb&amp;error_url=https%3A%2F%2Fwww.booking.com%2Fsearchresults.pt-br.html%3Faid%3D2161834%3Bsid%3Dc69c4c9694b8e79cd59dcb3ca5f87bb1%3Btmpl%3Dsearchresults%3Bac_click_type%3Db%3Bac_position%3D0%3Bcity%3D-1153951%3Bclass_interval%3D1%3Bdest_id%3D-1170221%3Bdest_type%3Dcity%3Bdtdisc%3D0%3Bfrom_sf%3D1%3Bgroup_adults%3D2%3Bgroup_children%3D0%3Biata%3DSBZ%3Binac%3D0%3Bindex_postcard%3D0%3Blabel_click%3Dundef%3Bno_rooms%3D1%3Boffset%3D0%3Bpostcard%3D0%3Braw_dest_type%3Dcity%3Broom1%3DA%252CA%3Bsb_price_type%3Dtotal%3Bsearch_selected%3D1%3Bshw_aparth%3D1%3Bslp_r_match%3D0%3Bsrc%3Dsearchresults%3Bsrc_elem%3Dsb%3Bsrpvid%3Ddf5952a7b7b60104%3Bss%3DSibiu%252C%2520Sibiu%2520Judet%252C%2520Rom%25C3%25AAnia%3Bss_all%3D0%3Bss_raw%3Dsibiu%3Bssb%3Dempty%3Bsshis%3D0%3Bssne%3DBucareste%3Bssne_untouched%3DBucareste%26%3B&amp;ss=Brasov%2C+Prov%C3%ADncia+de+Brasov%2C+Rom%C3%AAnia&amp;is_ski_area=&amp;ssne=Sibiu&amp;ssne_untouched=Sibiu&amp;city=-1170221&amp;checkin_year=&amp;checkin_month=&amp;checkout_year=&amp;checkout_month=&amp;group_adults=2&amp;group_children=0&amp;no_rooms=1&amp;from_sf=1&amp;ss_raw=brasov&amp;ac_position=0&amp;ac_langcode=xb&amp;ac_click_type=b&amp;dest_id=-1153613&amp;dest_type=city&amp;place_id_lat=45.641945&amp;place_id_lon=25.589037&amp;search_pageview_id=df5952a7b7b60104&amp;search_selected=true&amp;search_pageview_id=df5952a7b7b60104&amp;ac_suggestion_list_length=5&amp;ac_suggestion_theme_list_length=0\" target=\"_blank\" rel=\"noopener\"><strong>Encontre sua hospedagem em Brasov<\/strong><\/a><\/p><\/blockquote>\n<h3><span class=\"ez-toc-section\" id=\"Constanta\"><\/span>Constan\u021ba<span class=\"ez-toc-section-end\"><\/span><\/h3>\n<p>Deixando de lado a Transilv\u00e2nia, partimos rumo ao litoral romeno. Nesse sentido, a praia de Constan\u021ba \u00e9 um dos destaques do pa\u00eds.<\/p>\n<p>N\u00e3o se engane pensando que ir\u00e1 encontrar um destino tranquilo. Constan\u021ba \u00e9 puro agito, com direito a bares de praia e vida noturna pulsante. Como uma compara\u00e7\u00e3o grosseira, seria a Ibiza da Rom\u00eania. E, claro, o Mar Negro \u00e9 motivo de sobra para esticar a viagem at\u00e9 o balne\u00e1rio.<\/p>\n<p>Para os apaixonados por hist\u00f3ria, h\u00e1 ainda diversas ru\u00ednas e monumentos antigos para explorar na regi\u00e3o, enquanto aqueles que n\u00e3o perdem um jogo de azar poder\u00e3o passar noites em claro no Cassino.<\/p>\n<figure id=\"attachment_36812\" aria-describedby=\"caption-attachment-36812\" style=\"width: 800px\" class=\"wp-caption aligncenter\"><img loading=\"lazy\" decoding=\"async\" class=\"wp-image-36812 size-full\" src=\"https:\/\/quantocustaviajar.com\/blog\/wp-content\/uploads\/2019\/08\/eforie-sud.jpg\" alt=\"\" width=\"800\" height=\"600\" srcset=\"https:\/\/quantocustaviajar.com\/blog\/wp-content\/uploads\/2019\/08\/eforie-sud.jpg 800w, https:\/\/quantocustaviajar.com\/blog\/wp-content\/uploads\/2019\/08\/eforie-sud-300x225.jpg 300w, https:\/\/quantocustaviajar.com\/blog\/wp-content\/uploads\/2019\/08\/eforie-sud-768x576.jpg 768w\" sizes=\"auto, (max-width: 800px) 100vw, 800px\" \/><figcaption id=\"caption-attachment-36812\" class=\"wp-caption-text\">Foto: <a href=\"https:\/\/www.instagram.com\/quasenomade\/\" target=\"_blank\" rel=\"noopener\">Mari Dutra<\/a><\/figcaption><\/figure>\n<p>Na regi\u00e3o, a praia de <strong>Mamaia<\/strong> \u00e9 a preferida dos viajantes &#8211; e talvez a mais cara. Se quiser um destino mais classe m\u00e9dia e com ares de vida real, rume para<strong> Eforie Sud<\/strong>. Nesse caso, leve em considera\u00e7\u00e3o que este \u00e9 considerado um &#8220;destino barato&#8221; na Rom\u00eania, com foco principalmente em turismo local. Portanto, \u00e9 comum que as pessoas n\u00e3o falem ingl\u00eas.<\/p>\n<blockquote><p><a href=\"https:\/\/www.booking.com\/searchresults.pt-br.html?aid=2161834&amp;lang=pt-br&amp;sid=c69c4c9694b8e79cd59dcb3ca5f87bb1&amp;sb=1&amp;src=searchresults&amp;src_elem=sb&amp;error_url=https%3A%2F%2Fwww.booking.com%2Fsearchresults.pt-br.html%3Faid%3D2161834%3Bsid%3Dc69c4c9694b8e79cd59dcb3ca5f87bb1%3Btmpl%3Dsearchresults%3Bac_click_type%3Db%3Bac_position%3D0%3Bcity%3D-1170221%3Bclass_interval%3D1%3Bdest_id%3D-1153613%3Bdest_type%3Dcity%3Bdtdisc%3D0%3Bfrom_sf%3D1%3Bgroup_adults%3D2%3Bgroup_children%3D0%3Binac%3D0%3Bindex_postcard%3D0%3Blabel_click%3Dundef%3Bno_rooms%3D1%3Boffset%3D0%3Bpostcard%3D0%3Braw_dest_type%3Dcity%3Broom1%3DA%252CA%3Bsb_price_type%3Dtotal%3Bsearch_selected%3D1%3Bshw_aparth%3D1%3Bslp_r_match%3D0%3Bsrc%3Dsearchresults%3Bsrc_elem%3Dsb%3Bsrpvid%3D9f6652bbfa1b028f%3Bss%3DBrasov%252C%2520Prov%25C3%25ADncia%2520de%2520Brasov%252C%2520Rom%25C3%25AAnia%3Bss_all%3D0%3Bss_raw%3Dbrasov%3Bssb%3Dempty%3Bsshis%3D0%3Bssne%3DSibiu%3Bssne_untouched%3DSibiu%26%3B&amp;ss=Constan%C5%A3a%2C+Constan%C5%A3a+County%2C+Romania&amp;is_ski_area=&amp;ssne=Brasov&amp;ssne_untouched=Brasov&amp;city=-1153613&amp;checkin_year=&amp;checkin_month=&amp;checkout_year=&amp;checkout_month=&amp;group_adults=2&amp;group_children=0&amp;no_rooms=1&amp;from_sf=1&amp;ss_raw=constanta&amp;ac_position=0&amp;ac_langcode=en&amp;ac_click_type=b&amp;dest_id=-1156502&amp;dest_type=city&amp;iata=CND&amp;place_id_lat=44.173753&amp;place_id_lon=28.658079&amp;search_pageview_id=9f6652bbfa1b028f&amp;search_selected=true&amp;search_pageview_id=9f6652bbfa1b028f&amp;ac_suggestion_list_length=5&amp;ac_suggestion_theme_list_length=0\" target=\"_blank\" rel=\"noopener\"><strong>Pesquise as melhores acomoda\u00e7\u00f5es em\u00a0Constan\u021ba<\/strong><\/a><\/p><\/blockquote>\n<p>Voc\u00ea pode dirigir de Bra\u0219ov a Constan\u021ba (s\u00e3o cerca de 4h30 de estrada), fazer o percurso em trem (5h) ou viajar de \u00f4nibus (quase 7h). A maioria dos trajetos passa por Bucareste ou pr\u00f3ximo \u00e0 cidade, de forma que n\u00e3o \u00e9 dif\u00edcil devolver o carro (se voc\u00ea tiver alugado um) e seguir viagem em ve\u00edculos coletivos.<\/p>\n<h2><span class=\"ez-toc-section\" id=\"Roteiro_pela_Romenia_duracao\"><\/span>Roteiro pela Rom\u00eania: dura\u00e7\u00e3o<span class=\"ez-toc-section-end\"><\/span><\/h2>\n<p>Abaixo, listo o tempo m\u00ednimo que eu recomendaria para conhecer cada destino, levando em considera\u00e7\u00e3o que voc\u00ea tamb\u00e9m ir\u00e1 se cansar e perder diversas horas com os deslocamentos. Lembre-se sempre de adaptar as dicas de acordo com\u00a0 sua disponibilidade e estilo de viagem.<\/p>\n<ol>\n<li><strong>Bucareste<\/strong>: 3 dias<\/li>\n<li><strong>Sibiu: <\/strong>2\u00a0dias<\/li>\n<li><strong>Bra\u0219ov:<\/strong> 2 dias<\/li>\n<li><strong>Constan\u021ba: <\/strong>2 dias<\/li>\n<\/ol>\n<p>Antes de come\u00e7ar a viagem, eu recomendo ler tamb\u00e9m nossas <a href=\"https:\/\/quantocustaviajar.com\/blog\/romenia-tudo-o-que-voce-precisa-saber-antes-de-ir\/\" target=\"_blank\" rel=\"noopener\">dicas essenciais sobre a Rom\u00eania<\/a>. No link ao lado, trazemos informa\u00e7\u00f5es sobre vistos, seguran\u00e7a, desastres naturais, idioma falado, moeda, gastronomia t\u00edpica, clima e servi\u00e7os m\u00e9dicos.<\/p>\n<p>Com esses conselhos na ponta da l\u00edngua, voc\u00ea ganha um salvo-conduto para qualquer perrengue que possa surgir no caminho!<\/p>\n","protected":false},"excerpt":{"rendered":"<p>Se voc\u00ea chegou at\u00e9 aqui, \u00e9 prov\u00e1vel que esteja planejando um roteiro pela Rom\u00eania ou apenas curioso para saber mais sobre o pa\u00eds. Essa sensa\u00e7\u00e3o \u00e9 normal. Afinal, pouco se fala sobre os destinos romenos e algumas pessoas sequer sabem que a l\u00edngua falada por l\u00e1 \u00e9 um idioma latino &#8211; e, portanto, n\u00e3o t\u00e3o [&hellip;]<\/p>\n","protected":false},"author":12,"featured_media":36812,"comment_status":"open","ping_status":"open","sticky":false,"template":"","format":"standard","meta":{"cybocfi_hide_featured_image":"","footnotes":""},"categories":[1438,646],"tags":[1815,18,1814,2083],"class_list":["post-36803","post","type-post","status-publish","format-standard","has-post-thumbnail","hentry","category-dicas-praticas","category-nossas-experiencias","tag-bucareste","tag-europa","tag-romenia","tag-roteiros"],"blocksy_meta":[],"yoast_head":"<!-- This site is optimized with the Yoast SEO plugin v26.3 - https:\/\/yoast.com\/wordpress\/plugins\/seo\/ -->\n<title>Roteiro pela Rom\u00eania: da Transilv\u00e2nia ao Mar Negro em 9 dias<\/title>\n<meta name=\"description\" content=\"Descubra um roteiro pela Rom\u00eania com dura\u00e7\u00e3o de 9 dias e encante-se com as paisagens da Transilv\u00e2nia, do Mar Negro e a vibrante vida da capital Bucareste.\" \/>\n<meta name=\"robots\" content=\"index, follow, max-snippet:-1, max-image-preview:large, max-video-preview:-1\" \/>\n<link rel=\"canonical\" href=\"https:\/\/quantocustaviajar.com\/blog\/roteiro-pela-romenia-viagem\/\" \/>\n<meta property=\"og:locale\" content=\"pt_BR\" \/>\n<meta property=\"og:type\" content=\"article\" \/>\n<meta property=\"og:title\" content=\"Roteiro pela Rom\u00eania: da Transilv\u00e2nia ao Mar Negro em 9 dias\" \/>\n<meta property=\"og:description\" content=\"Descubra um roteiro pela Rom\u00eania com dura\u00e7\u00e3o de 9 dias e encante-se com as paisagens da Transilv\u00e2nia, do Mar Negro e a vibrante vida da capital Bucareste.\" \/>\n<meta property=\"og:url\" content=\"https:\/\/quantocustaviajar.com\/blog\/roteiro-pela-romenia-viagem\/\" \/>\n<meta property=\"og:site_name\" content=\"Blog Quanto Custa Viajar\" \/>\n<meta property=\"article:publisher\" content=\"https:\/\/www.facebook.com\/quantocustaviajar\" \/>\n<meta property=\"article:published_time\" content=\"2019-08-12T12:36:02+00:00\" \/>\n<meta property=\"og:image\" content=\"https:\/\/quantocustaviajar.com\/blog\/wp-content\/uploads\/2019\/08\/eforie-sud.jpg\" \/>\n\t<meta property=\"og:image:width\" content=\"800\" \/>\n\t<meta property=\"og:image:height\" content=\"600\" \/>\n\t<meta property=\"og:image:type\" content=\"image\/jpeg\" \/>\n<meta name=\"author\" content=\"Mari Dutra\" \/>\n<meta name=\"twitter:card\" content=\"summary_large_image\" \/>\n<meta name=\"twitter:creator\" content=\"@quasenomade\" \/>\n<meta name=\"twitter:label1\" content=\"Escrito por\" \/>\n\t<meta name=\"twitter:data1\" content=\"Mari Dutra\" \/>\n\t<meta name=\"twitter:label2\" content=\"Est. tempo de leitura\" \/>\n\t<meta name=\"twitter:data2\" content=\"6 minutos\" \/>\n<!-- \/ Yoast SEO plugin. -->","yoast_head_json":{"title":"Roteiro pela Rom\u00eania: da Transilv\u00e2nia ao Mar Negro em 9 dias","description":"Descubra um roteiro pela Rom\u00eania com dura\u00e7\u00e3o de 9 dias e encante-se com as paisagens da Transilv\u00e2nia, do Mar Negro e a vibrante vida da capital Bucareste.","robots":{"index":"index","follow":"follow","max-snippet":"max-snippet:-1","max-image-preview":"max-image-preview:large","max-video-preview":"max-video-preview:-1"},"canonical":"https:\/\/quantocustaviajar.com\/blog\/roteiro-pela-romenia-viagem\/","og_locale":"pt_BR","og_type":"article","og_title":"Roteiro pela Rom\u00eania: da Transilv\u00e2nia ao Mar Negro em 9 dias","og_description":"Descubra um roteiro pela Rom\u00eania com dura\u00e7\u00e3o de 9 dias e encante-se com as paisagens da Transilv\u00e2nia, do Mar Negro e a vibrante vida da capital Bucareste.","og_url":"https:\/\/quantocustaviajar.com\/blog\/roteiro-pela-romenia-viagem\/","og_site_name":"Blog Quanto Custa Viajar","article_publisher":"https:\/\/www.facebook.com\/quantocustaviajar","article_published_time":"2019-08-12T12:36:02+00:00","og_image":[{"width":800,"height":600,"url":"https:\/\/quantocustaviajar.com\/blog\/wp-content\/uploads\/2019\/08\/eforie-sud.jpg","type":"image\/jpeg"}],"author":"Mari Dutra","twitter_card":"summary_large_image","twitter_creator":"@quasenomade","twitter_misc":{"Escrito por":"Mari Dutra","Est. tempo de leitura":"6 minutos"},"schema":{"@context":"https:\/\/schema.org","@graph":[{"@type":["Article","BlogPosting"],"@id":"https:\/\/quantocustaviajar.com\/blog\/roteiro-pela-romenia-viagem\/#article","isPartOf":{"@id":"https:\/\/quantocustaviajar.com\/blog\/roteiro-pela-romenia-viagem\/"},"author":{"name":"Mari Dutra","@id":"https:\/\/quantocustaviajar.com\/blog\/#\/schema\/person\/cf1309504837a3099648280049df8d0d"},"headline":"Roteiro pela Rom\u00eania: da Transilv\u00e2nia ao Mar Negro em 9 dias","datePublished":"2019-08-12T12:36:02+00:00","mainEntityOfPage":{"@id":"https:\/\/quantocustaviajar.com\/blog\/roteiro-pela-romenia-viagem\/"},"wordCount":1230,"commentCount":1,"publisher":{"@id":"https:\/\/quantocustaviajar.com\/blog\/#organization"},"image":{"@id":"https:\/\/quantocustaviajar.com\/blog\/roteiro-pela-romenia-viagem\/#primaryimage"},"thumbnailUrl":"https:\/\/quantocustaviajar.com\/blog\/wp-content\/uploads\/2019\/08\/eforie-sud.jpg","keywords":["bucareste","europa","romenia","roteiros"],"articleSection":["Dicas pr\u00e1ticas","Nossas experi\u00eancias"],"inLanguage":"pt-BR","potentialAction":[{"@type":"CommentAction","name":"Comment","target":["https:\/\/quantocustaviajar.com\/blog\/roteiro-pela-romenia-viagem\/#respond"]}]},{"@type":"WebPage","@id":"https:\/\/quantocustaviajar.com\/blog\/roteiro-pela-romenia-viagem\/","url":"https:\/\/quantocustaviajar.com\/blog\/roteiro-pela-romenia-viagem\/","name":"Roteiro pela Rom\u00eania: da Transilv\u00e2nia ao Mar Negro em 9 dias","isPartOf":{"@id":"https:\/\/quantocustaviajar.com\/blog\/#website"},"primaryImageOfPage":{"@id":"https:\/\/quantocustaviajar.com\/blog\/roteiro-pela-romenia-viagem\/#primaryimage"},"image":{"@id":"https:\/\/quantocustaviajar.com\/blog\/roteiro-pela-romenia-viagem\/#primaryimage"},"thumbnailUrl":"https:\/\/quantocustaviajar.com\/blog\/wp-content\/uploads\/2019\/08\/eforie-sud.jpg","datePublished":"2019-08-12T12:36:02+00:00","description":"Descubra um roteiro pela Rom\u00eania com dura\u00e7\u00e3o de 9 dias e encante-se com as paisagens da Transilv\u00e2nia, do Mar Negro e a vibrante vida da capital Bucareste.","breadcrumb":{"@id":"https:\/\/quantocustaviajar.com\/blog\/roteiro-pela-romenia-viagem\/#breadcrumb"},"inLanguage":"pt-BR","potentialAction":[{"@type":"ReadAction","target":["https:\/\/quantocustaviajar.com\/blog\/roteiro-pela-romenia-viagem\/"]}]},{"@type":"ImageObject","inLanguage":"pt-BR","@id":"https:\/\/quantocustaviajar.com\/blog\/roteiro-pela-romenia-viagem\/#primaryimage","url":"https:\/\/quantocustaviajar.com\/blog\/wp-content\/uploads\/2019\/08\/eforie-sud.jpg","contentUrl":"https:\/\/quantocustaviajar.com\/blog\/wp-content\/uploads\/2019\/08\/eforie-sud.jpg","width":800,"height":600},{"@type":"BreadcrumbList","@id":"https:\/\/quantocustaviajar.com\/blog\/roteiro-pela-romenia-viagem\/#breadcrumb","itemListElement":[{"@type":"ListItem","position":1,"name":"In\u00edcio","item":"https:\/\/quantocustaviajar.com\/blog\/"},{"@type":"ListItem","position":2,"name":"Roteiro pela Rom\u00eania: da Transilv\u00e2nia ao Mar Negro em 9 dias"}]},{"@type":"WebSite","@id":"https:\/\/quantocustaviajar.com\/blog\/#website","url":"https:\/\/quantocustaviajar.com\/blog\/","name":"Blog Quanto Custa Viajar","description":"","publisher":{"@id":"https:\/\/quantocustaviajar.com\/blog\/#organization"},"potentialAction":[{"@type":"SearchAction","target":{"@type":"EntryPoint","urlTemplate":"https:\/\/quantocustaviajar.com\/blog\/?s={search_term_string}"},"query-input":{"@type":"PropertyValueSpecification","valueRequired":true,"valueName":"search_term_string"}}],"inLanguage":"pt-BR"},{"@type":"Organization","@id":"https:\/\/quantocustaviajar.com\/blog\/#organization","name":"Quanto Custa Viajar","url":"https:\/\/quantocustaviajar.com\/blog\/","logo":{"@type":"ImageObject","inLanguage":"pt-BR","@id":"https:\/\/quantocustaviajar.com\/blog\/#\/schema\/logo\/image\/","url":"","contentUrl":"","caption":"Quanto Custa Viajar"},"image":{"@id":"https:\/\/quantocustaviajar.com\/blog\/#\/schema\/logo\/image\/"},"sameAs":["https:\/\/www.facebook.com\/quantocustaviajar"]},{"@type":"Person","@id":"https:\/\/quantocustaviajar.com\/blog\/#\/schema\/person\/cf1309504837a3099648280049df8d0d","name":"Mari Dutra","image":{"@type":"ImageObject","inLanguage":"pt-BR","@id":"https:\/\/quantocustaviajar.com\/blog\/#\/schema\/person\/image\/","url":"https:\/\/secure.gravatar.com\/avatar\/2997bb527ae39d049d9eb8d6c54262bd37451dfd0dba672807ddfae6c8e86713?s=96&d=mm&r=g","contentUrl":"https:\/\/secure.gravatar.com\/avatar\/2997bb527ae39d049d9eb8d6c54262bd37451dfd0dba672807ddfae6c8e86713?s=96&d=mm&r=g","caption":"Mari Dutra"},"description":"Puxa uma cadeira, porque eu amo falar sobre viagens, sustentabilidade e doguinhos n\u00f4mades. Tamb\u00e9m no Instagram e no Quase N\u00f4made.","sameAs":["http:\/\/quasenomade.com","https:\/\/www.instagram.com\/quasenomade\/","https:\/\/br.pinterest.com\/quasenomade\/","https:\/\/x.com\/quasenomade"],"url":"https:\/\/quantocustaviajar.com\/blog\/author\/mari-dutra\/"}]}},"_links":{"self":[{"href":"https:\/\/quantocustaviajar.com\/blog\/wp-json\/wp\/v2\/posts\/36803","targetHints":{"allow":["GET"]}}],"collection":[{"href":"https:\/\/quantocustaviajar.com\/blog\/wp-json\/wp\/v2\/posts"}],"about":[{"href":"https:\/\/quantocustaviajar.com\/blog\/wp-json\/wp\/v2\/types\/post"}],"author":[{"embeddable":true,"href":"https:\/\/quantocustaviajar.com\/blog\/wp-json\/wp\/v2\/users\/12"}],"replies":[{"embeddable":true,"href":"https:\/\/quantocustaviajar.com\/blog\/wp-json\/wp\/v2\/comments?post=36803"}],"version-history":[{"count":11,"href":"https:\/\/quantocustaviajar.com\/blog\/wp-json\/wp\/v2\/posts\/36803\/revisions"}],"predecessor-version":[{"id":36866,"href":"https:\/\/quantocustaviajar.com\/blog\/wp-json\/wp\/v2\/posts\/36803\/revisions\/36866"}],"wp:featuredmedia":[{"embeddable":true,"href":"https:\/\/quantocustaviajar.com\/blog\/wp-json\/wp\/v2\/media\/36812"}],"wp:attachment":[{"href":"https:\/\/quantocustaviajar.com\/blog\/wp-json\/wp\/v2\/media?parent=36803"}],"wp:term":[{"taxonomy":"category","embeddable":true,"href":"https:\/\/quantocustaviajar.com\/blog\/wp-json\/wp\/v2\/categories?post=36803"},{"taxonomy":"post_tag","embeddable":true,"href":"https:\/\/quantocustaviajar.com\/blog\/wp-json\/wp\/v2\/tags?post=36803"}],"curies":[{"name":"wp","href":"https:\/\/api.w.org\/{rel}","templated":true}]}}