{"id":36628,"date":"2019-08-02T17:09:13","date_gmt":"2019-08-02T17:09:13","guid":{"rendered":"https:\/\/quantocustaviajar.com\/blog\/?p=36628"},"modified":"2019-08-02T17:09:13","modified_gmt":"2019-08-02T17:09:13","slug":"palace-hotel-em-pocos-de-caldas","status":"publish","type":"post","link":"https:\/\/quantocustaviajar.com\/blog\/palace-hotel-em-pocos-de-caldas\/","title":{"rendered":"Palace Hotel em Po\u00e7os de Caldas e toda sua beleza e tradi\u00e7\u00e3o que s\u00e3o a cara da riqueza"},"content":{"rendered":"<p>O <strong>Palace Hotel<\/strong>, em Po\u00e7os de Caldas, \u00e9 um lugar cheio de hist\u00f3rias memor\u00e1veis. Inaugurado em 1929, a constru\u00e7\u00e3o imponente com estilo neocl\u00e1ssico era parte de um complexo arquitet\u00f4nico composto ainda pelo Palace Casino e pelas Thermas Ant\u00f4nio Carlos.<\/p>\n<p>Projetado pelo arquiteto Eduardo Pederneiras, toda essa grandiosidade no centro da cidade tinha o objetivo de colocar <a href=\"https:\/\/quantocustaviajar.com\/brasil\/pocos-de-caldas\" target=\"_blank\" rel=\"noopener\"><strong>Po\u00e7os de Caldas<\/strong><\/a> na lista das est\u00e2ncias hidrominerais entre as mais frequentadas das Am\u00e9ricas. E realmente aconteceu! Com a cidade ganhando fama pelo seu clima europeu, suas \u00e1guas termais com propriedades alcalinas e as roletas de jogos a todo vapor, em pouco tempo o <a href=\"https:\/\/www.booking.com\/hotel\/br\/palace-pocos-de-caldas.pt-br.html?aid=2161834\" target=\"_blank\" rel=\"noopener\"><strong>Palace Hotel<\/strong><\/a> se tornou um dos principais e mais luxuosos hot\u00e9is da regi\u00e3o.<\/p>\n<blockquote><p><a href=\"https:\/\/quantocustaviajar.com\/brasil\/pocos-de-caldas\" target=\"_blank\" rel=\"noopener\"><strong>Quanto custa viajar para Po\u00e7o de Caldas? Calcule aqui<\/strong><\/a><\/p><\/blockquote>\n<h2>Hospedagem dos sonhos: Palace Hotel<\/h2>\n<figure id=\"attachment_36629\" aria-describedby=\"caption-attachment-36629\" style=\"width: 1024px\" class=\"wp-caption aligncenter\"><img loading=\"lazy\" decoding=\"async\" class=\"wp-image-36629 size-full\" src=\"https:\/\/quantocustaviajar.com\/blog\/wp-content\/uploads\/2019\/07\/palace-hotel-3.jpg\" alt=\"palace hotel\" width=\"1024\" height=\"768\" srcset=\"https:\/\/quantocustaviajar.com\/blog\/wp-content\/uploads\/2019\/07\/palace-hotel-3.jpg 1024w, https:\/\/quantocustaviajar.com\/blog\/wp-content\/uploads\/2019\/07\/palace-hotel-3-300x225.jpg 300w, https:\/\/quantocustaviajar.com\/blog\/wp-content\/uploads\/2019\/07\/palace-hotel-3-768x576.jpg 768w\" sizes=\"auto, (max-width: 1024px) 100vw, 1024px\" \/><figcaption id=\"caption-attachment-36629\" class=\"wp-caption-text\">Foto: Reprodu\u00e7\u00e3o \/ <a href=\"https:\/\/www.booking.com\/searchresults.pt-br.html?aid=2161834\" target=\"_blank\" rel=\"noopener\">Booking.com<\/a><\/figcaption><\/figure>\n<p>A arquitetura do hotel \u00e9 simplesmente \u00e9 um espet\u00e1culo. Seja pelas linhas ortogonais ou nas formas geom\u00e9tricas, com seu p\u00f3rtico e colunas romanas, o visual do Palace Hotel une estilo Cl\u00e1ssico, Neocl\u00e1ssico e Basco com muito requinte.<\/p>\n<p>Cada detalhe foi pensando com muito cuidado, desde as pastilhas da recep\u00e7\u00e3o at\u00e9 os maravilhosos vitrais estilo Art Deco. Os ambientes do Palace Hotel s\u00e3o charmosos e espa\u00e7osos, levando os visitantes para uma verdadeira viagem ao passado.<\/p>\n<p>A piscina coberta ao estilo romano \u00e9 outro arraso. Com \u00e1guas termais, \u00e9 imposs\u00edvel n\u00e3o dedicar boas horas da sua hospedagem, aproveitando para um banho em \u00e1guas quentes e relaxantes.<\/p>\n<blockquote><p><a href=\"https:\/\/quantocustaviajar.com\/blog\/aguas-termais-de-pocos-de-caldas-minas-gerais\" target=\"_blank\" rel=\"noopener\"><strong>\u00c1guas termais em Po\u00e7o de Caldas tem 40 graus e s\u00e3o \u00f3timas para a sa\u00fade<\/strong><\/a><\/p><\/blockquote>\n<figure id=\"attachment_36630\" aria-describedby=\"caption-attachment-36630\" style=\"width: 1024px\" class=\"wp-caption aligncenter\"><img loading=\"lazy\" decoding=\"async\" class=\"size-full wp-image-36630\" src=\"https:\/\/quantocustaviajar.com\/blog\/wp-content\/uploads\/2019\/07\/palace-hotel-6.jpg\" alt=\"palace hotel\" width=\"1024\" height=\"683\" srcset=\"https:\/\/quantocustaviajar.com\/blog\/wp-content\/uploads\/2019\/07\/palace-hotel-6.jpg 1024w, https:\/\/quantocustaviajar.com\/blog\/wp-content\/uploads\/2019\/07\/palace-hotel-6-300x200.jpg 300w, https:\/\/quantocustaviajar.com\/blog\/wp-content\/uploads\/2019\/07\/palace-hotel-6-768x512.jpg 768w\" sizes=\"auto, (max-width: 1024px) 100vw, 1024px\" \/><figcaption id=\"caption-attachment-36630\" class=\"wp-caption-text\">Foto: Reprodu\u00e7\u00e3o \/ <a href=\"https:\/\/www.booking.com\/searchresults.pt-br.html?aid=2161834\" target=\"_blank\" rel=\"noopener\">Booking.com<\/a><\/figcaption><\/figure>\n<figure id=\"attachment_36631\" aria-describedby=\"caption-attachment-36631\" style=\"width: 1024px\" class=\"wp-caption alignnone\"><img loading=\"lazy\" decoding=\"async\" class=\"wp-image-36631 size-full\" src=\"https:\/\/quantocustaviajar.com\/blog\/wp-content\/uploads\/2019\/07\/palace-hotel-1.jpg\" alt=\"\" width=\"1024\" height=\"683\" srcset=\"https:\/\/quantocustaviajar.com\/blog\/wp-content\/uploads\/2019\/07\/palace-hotel-1.jpg 1024w, https:\/\/quantocustaviajar.com\/blog\/wp-content\/uploads\/2019\/07\/palace-hotel-1-300x200.jpg 300w, https:\/\/quantocustaviajar.com\/blog\/wp-content\/uploads\/2019\/07\/palace-hotel-1-768x512.jpg 768w\" sizes=\"auto, (max-width: 1024px) 100vw, 1024px\" \/><figcaption id=\"caption-attachment-36631\" class=\"wp-caption-text\">Foto: Reprodu\u00e7\u00e3o \/ <a href=\"https:\/\/www.booking.com\/searchresults.pt-br.html?aid=2161834\" target=\"_blank\" rel=\"noopener\">Booking.com<\/a><\/figcaption><\/figure>\n<p>Al\u00e9m de um banho sulfuroso, os h\u00f3spedes podem aproveitar e sauna e toda a estrutura do hotel que \u00e9 um verdadeiro convite ao bem-estar e relaxamento, assim como as \u00e1reas do jardim toscano e do jardim de inverno.<\/p>\n<p>Se a constru\u00e7\u00e3o impressiona, a paisagem nos arredores faz com que todo mundo fique ainda mais apaixonado pelo local. Com um jardim lindo sempre bem cuidado e um parque ao lado, caminhar pela \u00e1rea externa do Palace Hotel \u00e9 um convite para curtir o clima buc\u00f3lico e do interior.<\/p>\n<p>Com localiza\u00e7\u00e3o privilegiada, o Palace Hotel fica pertinho das principais atra\u00e7\u00f5es de Po\u00e7os de Caldas, como a Pra\u00e7a Pedro Sanches, as Thermas de Ant\u00f4nio Carlos, o Museu Hist\u00f3rico e Geogr\u00e1fico, o Rel\u00f3gio Floral, o telef\u00e9rico que leva os visitantes at\u00e9 o Cristo Redentor e muito mais.<\/p>\n<figure id=\"attachment_36632\" aria-describedby=\"caption-attachment-36632\" style=\"width: 1024px\" class=\"wp-caption aligncenter\"><img loading=\"lazy\" decoding=\"async\" class=\"size-full wp-image-36632\" src=\"https:\/\/quantocustaviajar.com\/blog\/wp-content\/uploads\/2019\/07\/palace-hotel-5.jpg\" alt=\"palace hotel\" width=\"1024\" height=\"683\" srcset=\"https:\/\/quantocustaviajar.com\/blog\/wp-content\/uploads\/2019\/07\/palace-hotel-5.jpg 1024w, https:\/\/quantocustaviajar.com\/blog\/wp-content\/uploads\/2019\/07\/palace-hotel-5-300x200.jpg 300w, https:\/\/quantocustaviajar.com\/blog\/wp-content\/uploads\/2019\/07\/palace-hotel-5-768x512.jpg 768w\" sizes=\"auto, (max-width: 1024px) 100vw, 1024px\" \/><figcaption id=\"caption-attachment-36632\" class=\"wp-caption-text\">Foto: Reprodu\u00e7\u00e3o \/ <a href=\"https:\/\/www.booking.com\/searchresults.pt-br.html?aid=2161834\" target=\"_blank\" rel=\"noopener\">Booking.com<\/a><\/figcaption><\/figure>\n<figure id=\"attachment_36633\" aria-describedby=\"caption-attachment-36633\" style=\"width: 1024px\" class=\"wp-caption aligncenter\"><img loading=\"lazy\" decoding=\"async\" class=\"size-full wp-image-36633\" src=\"https:\/\/quantocustaviajar.com\/blog\/wp-content\/uploads\/2019\/07\/palace-hotel-4.jpg\" alt=\"palace hotel\" width=\"1024\" height=\"768\" srcset=\"https:\/\/quantocustaviajar.com\/blog\/wp-content\/uploads\/2019\/07\/palace-hotel-4.jpg 1024w, https:\/\/quantocustaviajar.com\/blog\/wp-content\/uploads\/2019\/07\/palace-hotel-4-300x225.jpg 300w, https:\/\/quantocustaviajar.com\/blog\/wp-content\/uploads\/2019\/07\/palace-hotel-4-768x576.jpg 768w\" sizes=\"auto, (max-width: 1024px) 100vw, 1024px\" \/><figcaption id=\"caption-attachment-36633\" class=\"wp-caption-text\">Foto: Reprodu\u00e7\u00e3o \/ <a href=\"https:\/\/www.booking.com\/searchresults.pt-br.html?aid=2161834\" target=\"_blank\" rel=\"noopener\">Booking.com<\/a><\/figcaption><\/figure>\n<p>Quem se hospeda na regi\u00e3o consegue aproveitar o bom e o melhor da cidade, inclusive com muitas op\u00e7\u00f5es de restaurantes e padarias a pouco metros de dist\u00e2ncia.<\/p>\n<p>Mas, se n\u00e3o quiser sair do hotel, tudo bem! Isso porque o restaurante do Palace Hotel \u00e9 um dos melhores da cidade, servindo a tradicional comida mineira e pratos internacionais com cores, aromas e sabores que agradam aos paladares mais sofisticados.<\/p>\n<h2>Quanto custa?<\/h2>\n<figure id=\"attachment_36634\" aria-describedby=\"caption-attachment-36634\" style=\"width: 1024px\" class=\"wp-caption aligncenter\"><img loading=\"lazy\" decoding=\"async\" class=\"wp-image-36634 size-full\" src=\"https:\/\/quantocustaviajar.com\/blog\/wp-content\/uploads\/2019\/07\/palace-hotel-7.jpg\" alt=\"\" width=\"1024\" height=\"768\" srcset=\"https:\/\/quantocustaviajar.com\/blog\/wp-content\/uploads\/2019\/07\/palace-hotel-7.jpg 1024w, https:\/\/quantocustaviajar.com\/blog\/wp-content\/uploads\/2019\/07\/palace-hotel-7-300x225.jpg 300w, https:\/\/quantocustaviajar.com\/blog\/wp-content\/uploads\/2019\/07\/palace-hotel-7-768x576.jpg 768w\" sizes=\"auto, (max-width: 1024px) 100vw, 1024px\" \/><figcaption id=\"caption-attachment-36634\" class=\"wp-caption-text\">Foto: Reprodu\u00e7\u00e3o \/ <a href=\"https:\/\/www.booking.com\/searchresults.pt-br.html?aid=2161834\" target=\"_blank\" rel=\"noopener\">Booking.com<\/a><\/figcaption><\/figure>\n<p>Com acomoda\u00e7\u00f5es amplas, confort\u00e1veis e cheias de charme, os quartos luxuosos do Palace Hotel s\u00e3o decorados com estilo da d\u00e9cada de 20, proporcionando uma viagem ao passado.<\/p>\n<p>As di\u00e1rias para o casal pesquisadas no Palace Hotel partem de R$ 241 com buffet de caf\u00e9 da manh\u00e3 incluso no pre\u00e7o. <a href=\"https:\/\/www.booking.com\/hotel\/br\/palace-pocos-de-caldas.pt-br.html?aid=2161834\" target=\"_blank\" rel=\"noopener\"><strong>Clique aqui e fa\u00e7a sua reserva<\/strong><\/a>.<\/p>\n<p>O pre\u00e7o pode ir nas alturas no caso da Su\u00edte Presidencial e da Su\u00edte Governamental, que j\u00e1 foram ocupadas por personalidades ilustres como Get\u00falio Vargas, Juscelino Kubistchek e muitos outros.<\/p>\n<p>Ficou com vontade de passar um fim de semana ou uma parte das suas f\u00e9rias neste hotel luxuoso? Comece a planejar a sua viagem! Use nosso <a href=\"https:\/\/quantocustaviajar.com\/brasil\/pocos-de-caldas\/passagem-aerea\" target=\"_blank\" rel=\"noopener\"><strong>buscador de passagens a\u00e9reas baratas<\/strong><\/a> para encontrar promo\u00e7\u00f5es e visitar essa maravilha da hist\u00f3ria e da arquitetura brasileira.<\/p>\n<blockquote><p><a href=\"https:\/\/quantocustaviajar.com\/blog\/aguas-termais-de-pocos-de-caldas-minas-gerais\/\" target=\"_blank\" rel=\"noopener\"><strong>Confira tudo sobre as termas de Po\u00e7os de Caldas!<\/strong><\/a><\/p><\/blockquote>\n","protected":false},"excerpt":{"rendered":"<p>O Palace Hotel, em Po\u00e7os de Caldas, \u00e9 um lugar cheio de hist\u00f3rias memor\u00e1veis. Inaugurado em 1929, a constru\u00e7\u00e3o imponente com estilo neocl\u00e1ssico era parte de um complexo arquitet\u00f4nico composto ainda pelo Palace Casino e pelas Thermas Ant\u00f4nio Carlos. Projetado pelo arquiteto Eduardo Pederneiras, toda essa grandiosidade no centro da cidade tinha o objetivo de [&hellip;]<\/p>\n","protected":false},"author":11,"featured_media":36630,"comment_status":"open","ping_status":"open","sticky":false,"template":"","format":"standard","meta":{"cybocfi_hide_featured_image":"","footnotes":""},"categories":[1149],"tags":[624,176,266,74,2006,93,394,2214,982],"class_list":["post-36628","post","type-post","status-publish","format-standard","has-post-thumbnail","hentry","category-hospedagem-dos-sonhos","tag-aguas-termais","tag-america-do-sul","tag-brasil","tag-hospedagem","tag-hospedagem-dos-sonhos","tag-hotel","tag-minas-gerais","tag-pocosdecaldas","tag-termas"],"blocksy_meta":[],"yoast_head":"<!-- This site is optimized with the Yoast SEO plugin v26.3 - https:\/\/yoast.com\/wordpress\/plugins\/seo\/ -->\n<title>Palace Hotel em Po\u00e7o de Caldas \u00e9 um dos mais bonitos do Brasil<\/title>\n<meta name=\"description\" content=\"O Palace Hotel em Po\u00e7os de Caldas \u00e9 uma hospedagem dos sonhos! Saiba mais sobre esse hotel ic\u00f4nico e cheio de hist\u00f3ria em Minas Gerais.\" \/>\n<meta name=\"robots\" content=\"index, follow, max-snippet:-1, max-image-preview:large, max-video-preview:-1\" \/>\n<link rel=\"canonical\" href=\"https:\/\/quantocustaviajar.com\/blog\/palace-hotel-em-pocos-de-caldas\/\" \/>\n<meta property=\"og:locale\" content=\"pt_BR\" \/>\n<meta property=\"og:type\" content=\"article\" \/>\n<meta property=\"og:title\" content=\"Palace Hotel em Po\u00e7os de Caldas e toda sua beleza e tradi\u00e7\u00e3o que s\u00e3o a cara da riqueza\" \/>\n<meta property=\"og:description\" content=\"O Palace Hotel em Po\u00e7os de Caldas \u00e9 uma hospedagem dos sonhos! Saiba mais sobre esse hotel ic\u00f4nico e cheio de hist\u00f3ria em Minas Gerais.\" \/>\n<meta property=\"og:url\" content=\"https:\/\/quantocustaviajar.com\/blog\/palace-hotel-em-pocos-de-caldas\/\" \/>\n<meta property=\"og:site_name\" content=\"Blog Quanto Custa Viajar\" \/>\n<meta property=\"article:publisher\" content=\"https:\/\/www.facebook.com\/quantocustaviajar\" \/>\n<meta property=\"article:published_time\" content=\"2019-08-02T17:09:13+00:00\" \/>\n<meta property=\"og:image\" content=\"https:\/\/quantocustaviajar.com\/blog\/wp-content\/uploads\/2019\/07\/palace-hotel-6.jpg\" \/>\n\t<meta property=\"og:image:width\" content=\"1024\" \/>\n\t<meta property=\"og:image:height\" content=\"683\" \/>\n\t<meta property=\"og:image:type\" content=\"image\/jpeg\" \/>\n<meta name=\"author\" content=\"Andressa Xavier Pellanda\" \/>\n<meta name=\"twitter:card\" content=\"summary_large_image\" \/>\n<meta name=\"twitter:label1\" content=\"Escrito por\" \/>\n\t<meta name=\"twitter:data1\" content=\"Andressa Xavier Pellanda\" \/>\n\t<meta name=\"twitter:label2\" content=\"Est. tempo de leitura\" \/>\n\t<meta name=\"twitter:data2\" content=\"4 minutos\" \/>\n<!-- \/ Yoast SEO plugin. -->","yoast_head_json":{"title":"Palace Hotel em Po\u00e7o de Caldas \u00e9 um dos mais bonitos do Brasil","description":"O Palace Hotel em Po\u00e7os de Caldas \u00e9 uma hospedagem dos sonhos! Saiba mais sobre esse hotel ic\u00f4nico e cheio de hist\u00f3ria em Minas Gerais.","robots":{"index":"index","follow":"follow","max-snippet":"max-snippet:-1","max-image-preview":"max-image-preview:large","max-video-preview":"max-video-preview:-1"},"canonical":"https:\/\/quantocustaviajar.com\/blog\/palace-hotel-em-pocos-de-caldas\/","og_locale":"pt_BR","og_type":"article","og_title":"Palace Hotel em Po\u00e7os de Caldas e toda sua beleza e tradi\u00e7\u00e3o que s\u00e3o a cara da riqueza","og_description":"O Palace Hotel em Po\u00e7os de Caldas \u00e9 uma hospedagem dos sonhos! Saiba mais sobre esse hotel ic\u00f4nico e cheio de hist\u00f3ria em Minas Gerais.","og_url":"https:\/\/quantocustaviajar.com\/blog\/palace-hotel-em-pocos-de-caldas\/","og_site_name":"Blog Quanto Custa Viajar","article_publisher":"https:\/\/www.facebook.com\/quantocustaviajar","article_published_time":"2019-08-02T17:09:13+00:00","og_image":[{"width":1024,"height":683,"url":"https:\/\/quantocustaviajar.com\/blog\/wp-content\/uploads\/2019\/07\/palace-hotel-6.jpg","type":"image\/jpeg"}],"author":"Andressa Xavier Pellanda","twitter_card":"summary_large_image","twitter_misc":{"Escrito por":"Andressa Xavier Pellanda","Est. tempo de leitura":"4 minutos"},"schema":{"@context":"https:\/\/schema.org","@graph":[{"@type":["Article","BlogPosting"],"@id":"https:\/\/quantocustaviajar.com\/blog\/palace-hotel-em-pocos-de-caldas\/#article","isPartOf":{"@id":"https:\/\/quantocustaviajar.com\/blog\/palace-hotel-em-pocos-de-caldas\/"},"author":{"name":"Andressa Xavier Pellanda","@id":"https:\/\/quantocustaviajar.com\/blog\/#\/schema\/person\/81b0aaf2069da1a2da54677906b42d3c"},"headline":"Palace Hotel em Po\u00e7os de Caldas e toda sua beleza e tradi\u00e7\u00e3o que s\u00e3o a cara da riqueza","datePublished":"2019-08-02T17:09:13+00:00","mainEntityOfPage":{"@id":"https:\/\/quantocustaviajar.com\/blog\/palace-hotel-em-pocos-de-caldas\/"},"wordCount":727,"commentCount":0,"publisher":{"@id":"https:\/\/quantocustaviajar.com\/blog\/#organization"},"image":{"@id":"https:\/\/quantocustaviajar.com\/blog\/palace-hotel-em-pocos-de-caldas\/#primaryimage"},"thumbnailUrl":"https:\/\/quantocustaviajar.com\/blog\/wp-content\/uploads\/2019\/07\/palace-hotel-6.jpg","keywords":["\u00e1guas termais","am\u00e9rica do sul","Brasil","hospedagem","hospedagem dos sonhos","hotel","Minas Gerais","pocosdecaldas","termas"],"articleSection":["Hospedagem dos Sonhos"],"inLanguage":"pt-BR","potentialAction":[{"@type":"CommentAction","name":"Comment","target":["https:\/\/quantocustaviajar.com\/blog\/palace-hotel-em-pocos-de-caldas\/#respond"]}]},{"@type":"WebPage","@id":"https:\/\/quantocustaviajar.com\/blog\/palace-hotel-em-pocos-de-caldas\/","url":"https:\/\/quantocustaviajar.com\/blog\/palace-hotel-em-pocos-de-caldas\/","name":"Palace Hotel em Po\u00e7o de Caldas \u00e9 um dos mais bonitos do Brasil","isPartOf":{"@id":"https:\/\/quantocustaviajar.com\/blog\/#website"},"primaryImageOfPage":{"@id":"https:\/\/quantocustaviajar.com\/blog\/palace-hotel-em-pocos-de-caldas\/#primaryimage"},"image":{"@id":"https:\/\/quantocustaviajar.com\/blog\/palace-hotel-em-pocos-de-caldas\/#primaryimage"},"thumbnailUrl":"https:\/\/quantocustaviajar.com\/blog\/wp-content\/uploads\/2019\/07\/palace-hotel-6.jpg","datePublished":"2019-08-02T17:09:13+00:00","description":"O Palace Hotel em Po\u00e7os de Caldas \u00e9 uma hospedagem dos sonhos! Saiba mais sobre esse hotel ic\u00f4nico e cheio de hist\u00f3ria em Minas Gerais.","breadcrumb":{"@id":"https:\/\/quantocustaviajar.com\/blog\/palace-hotel-em-pocos-de-caldas\/#breadcrumb"},"inLanguage":"pt-BR","potentialAction":[{"@type":"ReadAction","target":["https:\/\/quantocustaviajar.com\/blog\/palace-hotel-em-pocos-de-caldas\/"]}]},{"@type":"ImageObject","inLanguage":"pt-BR","@id":"https:\/\/quantocustaviajar.com\/blog\/palace-hotel-em-pocos-de-caldas\/#primaryimage","url":"https:\/\/quantocustaviajar.com\/blog\/wp-content\/uploads\/2019\/07\/palace-hotel-6.jpg","contentUrl":"https:\/\/quantocustaviajar.com\/blog\/wp-content\/uploads\/2019\/07\/palace-hotel-6.jpg","width":1024,"height":683,"caption":"Foto: Reprodu\u00e7\u00e3o \/ Booking.com"},{"@type":"BreadcrumbList","@id":"https:\/\/quantocustaviajar.com\/blog\/palace-hotel-em-pocos-de-caldas\/#breadcrumb","itemListElement":[{"@type":"ListItem","position":1,"name":"In\u00edcio","item":"https:\/\/quantocustaviajar.com\/blog\/"},{"@type":"ListItem","position":2,"name":"Palace Hotel em Po\u00e7os de Caldas e toda sua beleza e tradi\u00e7\u00e3o que s\u00e3o a cara da riqueza"}]},{"@type":"WebSite","@id":"https:\/\/quantocustaviajar.com\/blog\/#website","url":"https:\/\/quantocustaviajar.com\/blog\/","name":"Blog Quanto Custa Viajar","description":"","publisher":{"@id":"https:\/\/quantocustaviajar.com\/blog\/#organization"},"potentialAction":[{"@type":"SearchAction","target":{"@type":"EntryPoint","urlTemplate":"https:\/\/quantocustaviajar.com\/blog\/?s={search_term_string}"},"query-input":{"@type":"PropertyValueSpecification","valueRequired":true,"valueName":"search_term_string"}}],"inLanguage":"pt-BR"},{"@type":"Organization","@id":"https:\/\/quantocustaviajar.com\/blog\/#organization","name":"Quanto Custa Viajar","url":"https:\/\/quantocustaviajar.com\/blog\/","logo":{"@type":"ImageObject","inLanguage":"pt-BR","@id":"https:\/\/quantocustaviajar.com\/blog\/#\/schema\/logo\/image\/","url":"","contentUrl":"","caption":"Quanto Custa Viajar"},"image":{"@id":"https:\/\/quantocustaviajar.com\/blog\/#\/schema\/logo\/image\/"},"sameAs":["https:\/\/www.facebook.com\/quantocustaviajar"]},{"@type":"Person","@id":"https:\/\/quantocustaviajar.com\/blog\/#\/schema\/person\/81b0aaf2069da1a2da54677906b42d3c","name":"Andressa Xavier Pellanda","image":{"@type":"ImageObject","inLanguage":"pt-BR","@id":"https:\/\/quantocustaviajar.com\/blog\/#\/schema\/person\/image\/","url":"https:\/\/secure.gravatar.com\/avatar\/efccc167c341de2100a574b335de06f5efda2310964e70124d995491728ed674?s=96&d=mm&r=g","contentUrl":"https:\/\/secure.gravatar.com\/avatar\/efccc167c341de2100a574b335de06f5efda2310964e70124d995491728ed674?s=96&d=mm&r=g","caption":"Andressa Xavier Pellanda"},"description":"Eu gosto de viajar antes mesmo de chegar ao destino!","url":"https:\/\/quantocustaviajar.com\/blog\/author\/andressa\/"}]}},"_links":{"self":[{"href":"https:\/\/quantocustaviajar.com\/blog\/wp-json\/wp\/v2\/posts\/36628","targetHints":{"allow":["GET"]}}],"collection":[{"href":"https:\/\/quantocustaviajar.com\/blog\/wp-json\/wp\/v2\/posts"}],"about":[{"href":"https:\/\/quantocustaviajar.com\/blog\/wp-json\/wp\/v2\/types\/post"}],"author":[{"embeddable":true,"href":"https:\/\/quantocustaviajar.com\/blog\/wp-json\/wp\/v2\/users\/11"}],"replies":[{"embeddable":true,"href":"https:\/\/quantocustaviajar.com\/blog\/wp-json\/wp\/v2\/comments?post=36628"}],"version-history":[{"count":3,"href":"https:\/\/quantocustaviajar.com\/blog\/wp-json\/wp\/v2\/posts\/36628\/revisions"}],"predecessor-version":[{"id":36713,"href":"https:\/\/quantocustaviajar.com\/blog\/wp-json\/wp\/v2\/posts\/36628\/revisions\/36713"}],"wp:featuredmedia":[{"embeddable":true,"href":"https:\/\/quantocustaviajar.com\/blog\/wp-json\/wp\/v2\/media\/36630"}],"wp:attachment":[{"href":"https:\/\/quantocustaviajar.com\/blog\/wp-json\/wp\/v2\/media?parent=36628"}],"wp:term":[{"taxonomy":"category","embeddable":true,"href":"https:\/\/quantocustaviajar.com\/blog\/wp-json\/wp\/v2\/categories?post=36628"},{"taxonomy":"post_tag","embeddable":true,"href":"https:\/\/quantocustaviajar.com\/blog\/wp-json\/wp\/v2\/tags?post=36628"}],"curies":[{"name":"wp","href":"https:\/\/api.w.org\/{rel}","templated":true}]}}