{"id":36621,"date":"2025-08-01T12:53:00","date_gmt":"2025-08-01T12:53:00","guid":{"rendered":"https:\/\/quantocustaviajar.com\/blog\/?p=36621"},"modified":"2025-09-15T18:34:33","modified_gmt":"2025-09-15T18:34:33","slug":"aguas-termais-de-pocos-de-caldas-minas-gerais","status":"publish","type":"post","link":"https:\/\/quantocustaviajar.com\/blog\/aguas-termais-de-pocos-de-caldas-minas-gerais\/","title":{"rendered":"Quer viajar e descansar de verdade? Corra para Po\u00e7os de Caldas e suas \u00e1guas termais com 40\u00b0C"},"content":{"rendered":"\n<p>As \u00e1guas termais de Po\u00e7os de Caldas atraem visitantes do Brasil e do mundo que querem aproveitar o friozinho, relaxando em banhos de imers\u00e3o em \u00e1guas com temperaturas de 40\u00b0C. Muito ben\u00e9ficas para a sa\u00fade, as \u00e1guas sulfurosas da cidade tamb\u00e9m s\u00e3o raras, j\u00e1 que possuem origem vulc\u00e2nica, fazendo com que a \u00e1gua tenha cheiro forte de enxofre e textura oleosa.<\/p>\n\n\n\n<p>Os benef\u00edcios das \u00e1guas termais de <a href=\"https:\/\/quantocustaviajar.com\/brasil\/pocos-de-caldas\" target=\"_blank\" rel=\"noopener\"><strong>Po\u00e7os de Caldas<\/strong><\/a> j\u00e1 foram comprovados atrav\u00e9s de estudos. Um banho de imers\u00e3o \u00e9 indicado como tratamento natural complementar em casos de doen\u00e7as digestivas, card\u00edacas, respirat\u00f3rias e articulares, como artrite e artrose. O recomendado \u00e9 que as \u00e1guas termais tenham apenas contato t\u00f3pico com a pele e n\u00e3o ingeridas.<\/p>\n\n\n\n<p>O fato \u00e9 que todo mundo adora se desligar da correria do dia a dia para ficar alguns minutos sem pensar em nada, s\u00f3 aproveitando esse tipo de terapia natural e revigorante.<\/p>\n\n\n\n<h2 class=\"wp-block-heading\">As \u00e1guas termais de Po\u00e7os de Caldas<\/h2>\n\n\n\n<p>A <a href=\"https:\/\/www.eventim.com.br\/thermas-antonio-carlos-pocos-de-caldas.html?affiliate=BR1&amp;doc=venuePage&amp;fun=venue&amp;action=overview&amp;venueGroupId=24510\" target=\"_blank\" rel=\"noopener\"><strong>Thermas de Ant\u00f4nio Carlos<\/strong><\/a> \u00e9 o balne\u00e1rio mais conhecido na cidade. O pr\u00e9dio constru\u00eddo em 1931 com arquitetura estilo neorromano chama a aten\u00e7\u00e3o tanto pela fachada e decora\u00e7\u00e3o interior quanto pelos servi\u00e7os oferecidos.<\/p>\n\n\n\n<p>No andar t\u00e9rreo, os visitantes encontram 134 banheiras de porcelana refrat\u00e1ria que servem aos banhos dos visitantes, divididas entre alas masculinas e femininas.<\/p>\n\n\n\n<blockquote class=\"wp-block-quote is-layout-flow wp-block-quote-is-layout-flow\">\n<p><a href=\"https:\/\/quantocustaviajar.com\/blog\/aguas-termais-no-brasil\/\" target=\"_blank\" rel=\"noopener\"><strong>\u00c1guas termais no Brasil, saiba onde encontrar!<\/strong><\/a><\/p>\n<\/blockquote>\n\n\n\n<blockquote class=\"wp-block-quote is-layout-flow wp-block-quote-is-layout-flow\">\n<p><a href=\"https:\/\/quantocustaviajar.com\/blog\/cidades-legais-para-viajar-em-minas-gerais\/\" target=\"_blank\" rel=\"noopener\"><strong>23 cidades legais para conhecer em Minas Gerais<\/strong><\/a><\/p>\n<\/blockquote>\n\n\n\n<p>A entrada no complexo \u00e9 gratuita, o que j\u00e1 vale a pena para apreciar cada detalhe do local. Os visitantes que desejam fazer algum tipo de tratamento pagam apenas pelos servi\u00e7os, sendo que os pre\u00e7os partem de R$ 50. As Thermas oferecem mais de 30 servi\u00e7os, como banhos termais, duchas, saunas, massagens, tratamentos faciais, manicure\/pedicure, depila\u00e7\u00e3o, terapias hol\u00edsticas, medicina oriental, ioga, hidrogin\u00e1stica e nata\u00e7\u00e3o.<\/p>\n\n\n\n<p>Para uma experi\u00eancia completa, a dica \u00e9 curtir um banho de imers\u00e3o, uma limpeza de pele e, para finalizar, uma massagem relaxante. A Thermas de Ant\u00f4nio Carlos abre de ter\u00e7a a s\u00e1bado, das 7h \u00e0s 19h; e aos domingos, das 8h \u00e0s 12h.<\/p>\n\n\n\n<p>Menor, mas tamb\u00e9m agrad\u00e1vel, o <strong>Balne\u00e1rio M\u00e1rio Mour\u00e3o<\/strong> \u00e9 um complexo com 20 boxes individuais, separados em alas masculinas e femininas, onde os turistas tamb\u00e9m podem aproveitar as \u00e1guas termais de Po\u00e7os de Caldas. Funciona \u00e0s segundas, quartas, quintas, sextas e s\u00e1bados, das 7h \u00e0s 19h, e aos domingos, das 7h \u00e0s 12h. Este balne\u00e1rio fica localizado na <strong>Pra\u00e7a dos Macacos<\/strong>, outro ponto tur\u00edstico bacana para visitar na cidade.<\/p>\n\n\n\n<p>Ainda na Pra\u00e7a dos Macacos, \u00e9 poss\u00edvel encontrar a <strong>Fonte dos Macacos<\/strong>, mais um lugar que jorra as \u00e1guas termais que brotam diretamente do solo em fontes para o p\u00fablico. \u00c9 bem comum ver pessoas se lavando nas pra\u00e7as da cidade e tamb\u00e9m guardando um pouquinho de \u00e1gua em garrafas t\u00e9rmicas para levar para casa. A <strong>Fonte do Le\u00e3ozinho<\/strong>, tamb\u00e9m conhecida como Fonte Pedro Botelho, \u00e9 mais um espa\u00e7o p\u00fablico com \u00e1guas que chegam a 45\u00b0C.<\/p>\n\n\n\n<p>A <strong>Fonte dos Amores<\/strong>, que possui uma est\u00e1tua em m\u00e1rmore de um casal apaixonado e bastante \u00e1gua termal, \u00e9 outro ponto tur\u00edstico muito procurado, especialmente por pessoas que viajam com seus amores. \u00c9 um cantinho que sempre fica cheio de romantismo.<\/p>\n\n\n\n<figure class=\"wp-block-image aligncenter size-full wp-image-36623\"><img loading=\"lazy\" decoding=\"async\" width=\"800\" height=\"1200\" src=\"https:\/\/quantocustaviajar.com\/blog\/wp-content\/uploads\/2019\/07\/pocos-de-caldas-fonte-dos-amores.jpg\" alt=\"\u00e1guas termais em po\u00e7os de caldas\" class=\"wp-image-36623\" srcset=\"https:\/\/quantocustaviajar.com\/blog\/wp-content\/uploads\/2019\/07\/pocos-de-caldas-fonte-dos-amores.jpg 800w, https:\/\/quantocustaviajar.com\/blog\/wp-content\/uploads\/2019\/07\/pocos-de-caldas-fonte-dos-amores-200x300.jpg 200w, https:\/\/quantocustaviajar.com\/blog\/wp-content\/uploads\/2019\/07\/pocos-de-caldas-fonte-dos-amores-768x1152.jpg 768w, https:\/\/quantocustaviajar.com\/blog\/wp-content\/uploads\/2019\/07\/pocos-de-caldas-fonte-dos-amores-683x1024.jpg 683w\" sizes=\"auto, (max-width: 800px) 100vw, 800px\" \/><figcaption class=\"wp-element-caption\">Foto: <a href=\"https:\/\/commons.wikimedia.org\/wiki\/File:As_%C3%A1guas_e_os_amores_de_Po%C3%A7os_de_Caldas.jpg\" target=\"_blank\" rel=\"noopener\">Wikimedia Commons<\/a><\/figcaption><\/figure>\n\n\n\n<p>Se as \u00e1guas termais de Po\u00e7os de Caldas s\u00e3o a atra\u00e7\u00e3o n\u00famero um na cidade, saiba que o munic\u00edpio tem muito mais a oferecer. A Pra\u00e7a Pedro Sanches, que fica em frente \u00e0s Thermas Ant\u00f4nio Carlos e ao ic\u00f4nico <a href=\"https:\/\/www.booking.com\/hotel\/br\/palace-pocos-de-caldas.pt-br.html?aid=2161834\" target=\"_blank\" rel=\"noopener\"><strong>Palace Hotel<\/strong><\/a>, possui um conjunto arquitet\u00f4nico impressionante. Vale a pena ficar um tempinho sentada em um dos bancos, apreciando a cidade.<\/p>\n\n\n\n<p>O <a href=\"https:\/\/www.partner.viator.com\/pt\/15570\/tours\/Southeast-Brazil\/Admission-Ticket-Bird-Zoo-Pocos-de-Caldas\/d22967-141212P1\" target=\"_blank\" rel=\"noopener\"><strong>Zoo das Aves<\/strong><\/a>, aberto desde 2017, traz um novo conceito de zool\u00f3gico, onde o foco fica na qualidade de vida e bem-estar dos mais de 2 mil animais que vivem l\u00e1. Os visitantes podem percorrer uma pequena trilha de 1,5 km para aprender mais sobre as esp\u00e9cies.<\/p>\n\n\n\n<p>O Recanto Japon\u00eas, um jardim recriado com perfei\u00e7\u00e3o seguindo os moldes orientais, re\u00fane constru\u00e7\u00f5es e vegeta\u00e7\u00f5es t\u00edpicas. Decorado com plantas, lanternas, lago com carpas e at\u00e9 casa de ch\u00e1, o espa\u00e7o de lazer \u00e9 \u00f3timo para continuar no clima de relaxamento que Po\u00e7os de Caldas tem a oferece.<\/p>\n\n\n\n<p>A mans\u00e3o que abriga o Museu Hist\u00f3rico e Geogr\u00e1fico possui acervo riqu\u00edssimo, al\u00e9m de exibir o mobili\u00e1rio do s\u00e9culo XIX, \u00e9poca da sua constru\u00e7\u00e3o. Para ter uma vista Panor\u00e2mica da cidade, a dica pegar o telef\u00e9rico e ir at\u00e9 o alto do morro para ver a est\u00e1tua do Cristo Redentor. Ali perto tamb\u00e9m fica o Rel\u00f3gio Floral, mais um cart\u00e3o-postal de Po\u00e7o de Caldas.<\/p>\n\n\n\n<p>Os aventureiros podem ir at\u00e9 a Serra de S\u00e3o Domingos para ver ao vivo a Pedra Bal\u00e3o, um monumento curioso formado por pedras sobrepostas que chega a 10 metros de altura. A Cachoeira V\u00e9u das Noivas e a Cascata das Antas fecham com chave de ouro um passeio para ter contato com a natureza. E a divers\u00e3o em Po\u00e7os de Caldas fica garantida indo ao <a href=\"https:\/\/www.partner.viator.com\/pt\/15570\/tours\/Southeast-Brazil\/Walter-World-Admission-Ticket\/d22967-63287P1\" target=\"_blank\" rel=\"noopener\"><strong>Walter World<\/strong><\/a>, um parque aqu\u00e1tico com 150 mil metros quadrados, diversos brinquedos e servi\u00e7os para toda a fam\u00edlia.<\/p>\n\n\n\n<figure class=\"wp-block-image aligncenter size-full wp-image-36624\"><img loading=\"lazy\" decoding=\"async\" width=\"800\" height=\"536\" src=\"https:\/\/quantocustaviajar.com\/blog\/wp-content\/uploads\/2019\/07\/pocos-de-caldas-pedra-balao.jpg\" alt=\"\" class=\"wp-image-36624\" srcset=\"https:\/\/quantocustaviajar.com\/blog\/wp-content\/uploads\/2019\/07\/pocos-de-caldas-pedra-balao.jpg 800w, https:\/\/quantocustaviajar.com\/blog\/wp-content\/uploads\/2019\/07\/pocos-de-caldas-pedra-balao-300x201.jpg 300w, https:\/\/quantocustaviajar.com\/blog\/wp-content\/uploads\/2019\/07\/pocos-de-caldas-pedra-balao-768x515.jpg 768w\" sizes=\"auto, (max-width: 800px) 100vw, 800px\" \/><figcaption class=\"wp-element-caption\">Pedra Bal\u00e3o. Foto: <a href=\"https:\/\/www.flickr.com\/photos\/veugenio\/5711812706\" target=\"_blank\" rel=\"noopener\">Vicente Eugenio<\/a><\/figcaption><\/figure>\n\n\n\n<p>Po\u00e7os de Caldas \u00e9 uma del\u00edcia de cidade, realmente indicada para quem deseja descansar e relaxar durantes as f\u00e9rias ou em um final de semana. As op\u00e7\u00f5es de alimenta\u00e7\u00e3o na cidade mineira s\u00e3o \u00f3timas, com o bom e o melhor da culin\u00e1ria de <a href=\"https:\/\/quantocustaviajar.com\/blog\/cidades-legais-para-viajar-em-minas-gerais\/\">Minas Gerais<\/a>.<\/p>\n\n\n\n<p>Na hora de se hospedar, procure um hotel no centro da cidade. Assim, voc\u00ea poder\u00e1 fazer passeios a p\u00e9 e tamb\u00e9m encontrar mais op\u00e7\u00f5es de restaurantes. <a href=\"https:\/\/www.booking.com\/city\/br\/pocos-de-caldas.pt-br.html?aid=2161834\" target=\"_blank\" rel=\"noopener\"><strong>Confira aqui hot\u00e9is em Po\u00e7os de Caldas<\/strong><\/a>.<\/p>\n\n\n\n<p>Uma op\u00e7\u00e3o \u00e9 o incr\u00edvel <a href=\"https:\/\/www.booking.com\/hotel\/br\/palace-pocos-de-caldas.pt-br.html?aid=2161834\" target=\"_blank\" rel=\"noopener\"><strong>Palace Hotel<\/strong><\/a>, com sua piscina de \u00e1guas termais, inaugurado em 1929 \u2014 um \u00edcone local desde a \u00e9poca em que Po\u00e7os de Caldas recebia a mais alta sociedade brasileira incluindo presidentes como Get\u00falio Vargas. Ficou com vontade de visitar essa cidade? <a href=\"https:\/\/www.turismocity.com.br\/carros\" target=\"_blank\" rel=\"noreferrer noopener\"><strong>Alugue aqui um carro<\/strong><\/a> e curta esse destino!<\/p>\n\n\n\n<p>Comece desde j\u00e1 a planejar sua viagem. <a href=\"https:\/\/quantocustaviajar.com\/brasil\/pocos-de-caldas\/\" target=\"_blank\" rel=\"noopener\"><strong>Veja aqui quanto custa viajar para Po\u00e7os de Caldas<\/strong><\/a> e fa\u00e7a uma boa viagem!<\/p>\n\n\n\n<script type=\"application\/ld+json\">\n{\n  \"@context\": \"https:\/\/schema.org\",\n  \"@type\": \"FAQPage\",\n  \"mainEntity\": [\n    {\n      \"@type\": \"Question\",\n      \"name\": \"Quais benef\u00edcios possuem as \u00e1guas termais de Po\u00e7os de Caldas?\",\n      \"acceptedAnswer\": {\n        \"@type\": \"Answer\",\n        \"text\": \"As \u00e1guas sulfurosas, com temperatura em torno de 40 \u00b0C e origem vulc\u00e2nica, s\u00e3o utilizadas como terapia natural complementar para aliviar doen\u00e7as digestivas, card\u00edacas, respirat\u00f3rias e articulares (como artrite e artrose), atuando topicamente na pele \u2014 sem ingest\u00e3o.\"\n      }\n    },\n    {\n      \"@type\": \"Question\",\n      \"name\": \"Quais s\u00e3o os principais balne\u00e1rios em Po\u00e7os de Caldas?\",\n      \"acceptedAnswer\": {\n        \"@type\": \"Answer\",\n        \"text\": \"Os principais balne\u00e1rios s\u00e3o: Thermas de Ant\u00f4nio Carlos, com 134 banheiras, entrada gratuita e servi\u00e7os a partir de R$ 30 (aberto de ter\u00e7a a domingo) e o Balne\u00e1rio M\u00e1rio Mour\u00e3o, com 20 boxes individuais, aberto de segunda, quarta a domingo.\"\n      }\n    },\n    {\n      \"@type\": \"Question\",\n      \"name\": \"Onde encontrar \u00e1gua termal p\u00fablica em Po\u00e7os de Caldas?\",\n      \"acceptedAnswer\": {\n        \"@type\": \"Answer\",\n        \"text\": \"Na Pra\u00e7a dos Macacos voc\u00ea encontra a Fonte dos Macacos (com \u00e1gua jorrando diretamente do solo), al\u00e9m da Fonte do Le\u00e3ozinho (Fonte Pedro Botelho), com \u00e1gua a cerca de 45 \u00b0C, e a rom\u00e2ntica Fonte dos Amores \u2014 bastante procurada por casais.\"\n      }\n    }\n  ]\n}\n<\/script>\n","protected":false},"excerpt":{"rendered":"<p>As \u00e1guas termais de Po\u00e7os de Caldas atraem visitantes do Brasil e do mundo que querem aproveitar o friozinho, relaxando em banhos de imers\u00e3o em \u00e1guas com temperaturas de 40\u00b0C. Muito ben\u00e9ficas para a sa\u00fade, as \u00e1guas sulfurosas da cidade tamb\u00e9m s\u00e3o raras, j\u00e1 que possuem origem vulc\u00e2nica, fazendo com que a \u00e1gua tenha cheiro [&hellip;]<\/p>\n","protected":false},"author":11,"featured_media":36622,"comment_status":"open","ping_status":"open","sticky":false,"template":"","format":"standard","meta":{"cybocfi_hide_featured_image":"yes","footnotes":""},"categories":[1434],"tags":[624,176,266,394,2214],"class_list":["post-36621","post","type-post","status-publish","format-standard","has-post-thumbnail","hentry","category-descubra-brasil","tag-aguas-termais","tag-america-do-sul","tag-brasil","tag-minas-gerais","tag-pocosdecaldas"],"blocksy_meta":[],"yoast_head":"<!-- This site is optimized with the Yoast SEO plugin v26.3 - https:\/\/yoast.com\/wordpress\/plugins\/seo\/ -->\n<title>\u00c1guas termais de Po\u00e7os de Caldas s\u00e3o boas para a sa\u00fade<\/title>\n<meta name=\"description\" content=\"As \u00e1guas termais de Po\u00e7os de Caldas atraem visitantes do Brasil que querem relaxar em banhos de imers\u00e3o em \u00e1guas com temperaturas de 40\u00b0C.\" \/>\n<meta name=\"robots\" content=\"index, follow, max-snippet:-1, max-image-preview:large, max-video-preview:-1\" \/>\n<link rel=\"canonical\" href=\"https:\/\/quantocustaviajar.com\/blog\/aguas-termais-de-pocos-de-caldas-minas-gerais\/\" \/>\n<meta property=\"og:locale\" content=\"pt_BR\" \/>\n<meta property=\"og:type\" content=\"article\" \/>\n<meta property=\"og:title\" content=\"Quer viajar e descansar de verdade? Corra para Po\u00e7os de Caldas e suas \u00e1guas termais com 40\u00b0C\" \/>\n<meta property=\"og:description\" content=\"As \u00e1guas termais de Po\u00e7os de Caldas atraem visitantes do Brasil e do mundo que querem relaxar em banhos de imers\u00e3o em \u00e1guas com temperaturas de 40\u00b0C.\" \/>\n<meta property=\"og:url\" content=\"https:\/\/quantocustaviajar.com\/blog\/aguas-termais-de-pocos-de-caldas-minas-gerais\/\" \/>\n<meta property=\"og:site_name\" content=\"Blog Quanto Custa Viajar\" \/>\n<meta property=\"article:publisher\" content=\"https:\/\/www.facebook.com\/quantocustaviajar\" \/>\n<meta property=\"article:published_time\" content=\"2025-08-01T12:53:00+00:00\" \/>\n<meta property=\"article:modified_time\" content=\"2025-09-15T18:34:33+00:00\" \/>\n<meta property=\"og:image\" content=\"https:\/\/quantocustaviajar.com\/blog\/wp-content\/uploads\/2019\/07\/pocos-de-caldas-palace-hotel.jpg\" \/>\n\t<meta property=\"og:image:width\" content=\"1024\" \/>\n\t<meta property=\"og:image:height\" content=\"683\" \/>\n\t<meta property=\"og:image:type\" content=\"image\/jpeg\" \/>\n<meta name=\"author\" content=\"Andressa Xavier Pellanda\" \/>\n<meta name=\"twitter:card\" content=\"summary_large_image\" \/>\n<meta name=\"twitter:label1\" content=\"Escrito por\" \/>\n\t<meta name=\"twitter:data1\" content=\"Andressa Xavier Pellanda\" \/>\n\t<meta name=\"twitter:label2\" content=\"Est. tempo de leitura\" \/>\n\t<meta name=\"twitter:data2\" content=\"6 minutos\" \/>\n<!-- \/ Yoast SEO plugin. -->","yoast_head_json":{"title":"\u00c1guas termais de Po\u00e7os de Caldas s\u00e3o boas para a sa\u00fade","description":"As \u00e1guas termais de Po\u00e7os de Caldas atraem visitantes do Brasil que querem relaxar em banhos de imers\u00e3o em \u00e1guas com temperaturas de 40\u00b0C.","robots":{"index":"index","follow":"follow","max-snippet":"max-snippet:-1","max-image-preview":"max-image-preview:large","max-video-preview":"max-video-preview:-1"},"canonical":"https:\/\/quantocustaviajar.com\/blog\/aguas-termais-de-pocos-de-caldas-minas-gerais\/","og_locale":"pt_BR","og_type":"article","og_title":"Quer viajar e descansar de verdade? Corra para Po\u00e7os de Caldas e suas \u00e1guas termais com 40\u00b0C","og_description":"As \u00e1guas termais de Po\u00e7os de Caldas atraem visitantes do Brasil e do mundo que querem relaxar em banhos de imers\u00e3o em \u00e1guas com temperaturas de 40\u00b0C.","og_url":"https:\/\/quantocustaviajar.com\/blog\/aguas-termais-de-pocos-de-caldas-minas-gerais\/","og_site_name":"Blog Quanto Custa Viajar","article_publisher":"https:\/\/www.facebook.com\/quantocustaviajar","article_published_time":"2025-08-01T12:53:00+00:00","article_modified_time":"2025-09-15T18:34:33+00:00","og_image":[{"width":1024,"height":683,"url":"https:\/\/quantocustaviajar.com\/blog\/wp-content\/uploads\/2019\/07\/pocos-de-caldas-palace-hotel.jpg","type":"image\/jpeg"}],"author":"Andressa Xavier Pellanda","twitter_card":"summary_large_image","twitter_misc":{"Escrito por":"Andressa Xavier Pellanda","Est. tempo de leitura":"6 minutos"},"schema":{"@context":"https:\/\/schema.org","@graph":[{"@type":["Article","BlogPosting"],"@id":"https:\/\/quantocustaviajar.com\/blog\/aguas-termais-de-pocos-de-caldas-minas-gerais\/#article","isPartOf":{"@id":"https:\/\/quantocustaviajar.com\/blog\/aguas-termais-de-pocos-de-caldas-minas-gerais\/"},"author":{"name":"Andressa Xavier Pellanda","@id":"https:\/\/quantocustaviajar.com\/blog\/#\/schema\/person\/81b0aaf2069da1a2da54677906b42d3c"},"headline":"Quer viajar e descansar de verdade? Corra para Po\u00e7os de Caldas e suas \u00e1guas termais com 40\u00b0C","datePublished":"2025-08-01T12:53:00+00:00","dateModified":"2025-09-15T18:34:33+00:00","mainEntityOfPage":{"@id":"https:\/\/quantocustaviajar.com\/blog\/aguas-termais-de-pocos-de-caldas-minas-gerais\/"},"wordCount":1097,"commentCount":2,"publisher":{"@id":"https:\/\/quantocustaviajar.com\/blog\/#organization"},"image":{"@id":"https:\/\/quantocustaviajar.com\/blog\/aguas-termais-de-pocos-de-caldas-minas-gerais\/#primaryimage"},"thumbnailUrl":"https:\/\/quantocustaviajar.com\/blog\/wp-content\/uploads\/2019\/07\/pocos-de-caldas-palace-hotel.jpg","keywords":["\u00e1guas termais","am\u00e9rica do sul","Brasil","Minas Gerais","pocosdecaldas"],"articleSection":["Descubra o Brasil"],"inLanguage":"pt-BR","potentialAction":[{"@type":"CommentAction","name":"Comment","target":["https:\/\/quantocustaviajar.com\/blog\/aguas-termais-de-pocos-de-caldas-minas-gerais\/#respond"]}]},{"@type":"WebPage","@id":"https:\/\/quantocustaviajar.com\/blog\/aguas-termais-de-pocos-de-caldas-minas-gerais\/","url":"https:\/\/quantocustaviajar.com\/blog\/aguas-termais-de-pocos-de-caldas-minas-gerais\/","name":"\u00c1guas termais de Po\u00e7os de Caldas s\u00e3o boas para a sa\u00fade","isPartOf":{"@id":"https:\/\/quantocustaviajar.com\/blog\/#website"},"primaryImageOfPage":{"@id":"https:\/\/quantocustaviajar.com\/blog\/aguas-termais-de-pocos-de-caldas-minas-gerais\/#primaryimage"},"image":{"@id":"https:\/\/quantocustaviajar.com\/blog\/aguas-termais-de-pocos-de-caldas-minas-gerais\/#primaryimage"},"thumbnailUrl":"https:\/\/quantocustaviajar.com\/blog\/wp-content\/uploads\/2019\/07\/pocos-de-caldas-palace-hotel.jpg","datePublished":"2025-08-01T12:53:00+00:00","dateModified":"2025-09-15T18:34:33+00:00","description":"As \u00e1guas termais de Po\u00e7os de Caldas atraem visitantes do Brasil que querem relaxar em banhos de imers\u00e3o em \u00e1guas com temperaturas de 40\u00b0C.","breadcrumb":{"@id":"https:\/\/quantocustaviajar.com\/blog\/aguas-termais-de-pocos-de-caldas-minas-gerais\/#breadcrumb"},"inLanguage":"pt-BR","potentialAction":[{"@type":"ReadAction","target":["https:\/\/quantocustaviajar.com\/blog\/aguas-termais-de-pocos-de-caldas-minas-gerais\/"]}]},{"@type":"BreadcrumbList","@id":"https:\/\/quantocustaviajar.com\/blog\/aguas-termais-de-pocos-de-caldas-minas-gerais\/#breadcrumb","itemListElement":[{"@type":"ListItem","position":1,"name":"In\u00edcio","item":"https:\/\/quantocustaviajar.com\/blog\/"},{"@type":"ListItem","position":2,"name":"Quer viajar e descansar de verdade? Corra para Po\u00e7os de Caldas e suas \u00e1guas termais com 40\u00b0C"}]},{"@type":"WebSite","@id":"https:\/\/quantocustaviajar.com\/blog\/#website","url":"https:\/\/quantocustaviajar.com\/blog\/","name":"Blog Quanto Custa Viajar","description":"","publisher":{"@id":"https:\/\/quantocustaviajar.com\/blog\/#organization"},"potentialAction":[{"@type":"SearchAction","target":{"@type":"EntryPoint","urlTemplate":"https:\/\/quantocustaviajar.com\/blog\/?s={search_term_string}"},"query-input":{"@type":"PropertyValueSpecification","valueRequired":true,"valueName":"search_term_string"}}],"inLanguage":"pt-BR"},{"@type":"Organization","@id":"https:\/\/quantocustaviajar.com\/blog\/#organization","name":"Quanto Custa Viajar","url":"https:\/\/quantocustaviajar.com\/blog\/","logo":{"@type":"ImageObject","inLanguage":"pt-BR","@id":"https:\/\/quantocustaviajar.com\/blog\/#\/schema\/logo\/image\/","url":"","contentUrl":"","caption":"Quanto Custa Viajar"},"image":{"@id":"https:\/\/quantocustaviajar.com\/blog\/#\/schema\/logo\/image\/"},"sameAs":["https:\/\/www.facebook.com\/quantocustaviajar"]},{"@type":"Person","@id":"https:\/\/quantocustaviajar.com\/blog\/#\/schema\/person\/81b0aaf2069da1a2da54677906b42d3c","name":"Andressa Xavier Pellanda","image":{"@type":"ImageObject","inLanguage":"pt-BR","@id":"https:\/\/quantocustaviajar.com\/blog\/#\/schema\/person\/image\/","url":"https:\/\/secure.gravatar.com\/avatar\/efccc167c341de2100a574b335de06f5efda2310964e70124d995491728ed674?s=96&d=mm&r=g","contentUrl":"https:\/\/secure.gravatar.com\/avatar\/efccc167c341de2100a574b335de06f5efda2310964e70124d995491728ed674?s=96&d=mm&r=g","caption":"Andressa Xavier Pellanda"},"description":"Eu gosto de viajar antes mesmo de chegar ao destino!","url":"https:\/\/quantocustaviajar.com\/blog\/author\/andressa\/"}]}},"_links":{"self":[{"href":"https:\/\/quantocustaviajar.com\/blog\/wp-json\/wp\/v2\/posts\/36621","targetHints":{"allow":["GET"]}}],"collection":[{"href":"https:\/\/quantocustaviajar.com\/blog\/wp-json\/wp\/v2\/posts"}],"about":[{"href":"https:\/\/quantocustaviajar.com\/blog\/wp-json\/wp\/v2\/types\/post"}],"author":[{"embeddable":true,"href":"https:\/\/quantocustaviajar.com\/blog\/wp-json\/wp\/v2\/users\/11"}],"replies":[{"embeddable":true,"href":"https:\/\/quantocustaviajar.com\/blog\/wp-json\/wp\/v2\/comments?post=36621"}],"version-history":[{"count":6,"href":"https:\/\/quantocustaviajar.com\/blog\/wp-json\/wp\/v2\/posts\/36621\/revisions"}],"predecessor-version":[{"id":84574,"href":"https:\/\/quantocustaviajar.com\/blog\/wp-json\/wp\/v2\/posts\/36621\/revisions\/84574"}],"wp:featuredmedia":[{"embeddable":true,"href":"https:\/\/quantocustaviajar.com\/blog\/wp-json\/wp\/v2\/media\/36622"}],"wp:attachment":[{"href":"https:\/\/quantocustaviajar.com\/blog\/wp-json\/wp\/v2\/media?parent=36621"}],"wp:term":[{"taxonomy":"category","embeddable":true,"href":"https:\/\/quantocustaviajar.com\/blog\/wp-json\/wp\/v2\/categories?post=36621"},{"taxonomy":"post_tag","embeddable":true,"href":"https:\/\/quantocustaviajar.com\/blog\/wp-json\/wp\/v2\/tags?post=36621"}],"curies":[{"name":"wp","href":"https:\/\/api.w.org\/{rel}","templated":true}]}}