{"id":36339,"date":"2019-07-22T13:39:50","date_gmt":"2019-07-22T13:39:50","guid":{"rendered":"https:\/\/quantocustaviajar.com\/blog\/?p=36339"},"modified":"2019-07-22T13:45:57","modified_gmt":"2019-07-22T13:45:57","slug":"patrimonios-da-humanidade-no-brasil","status":"publish","type":"post","link":"https:\/\/quantocustaviajar.com\/blog\/patrimonios-da-humanidade-no-brasil\/","title":{"rendered":"Patrim\u00f4nios da Humanidade no Brasil: quais destes 22 lugares voc\u00ea conhece?"},"content":{"rendered":"<p>No in\u00edcio deste m\u00eas, Paraty e <a href=\"https:\/\/quantocustaviajar.com\/blog\/ilha-grande-rio-de-janeiro\/\">Ilha Grande<\/a>, no Rio de Janeiro foram anunciadas como novas integrantes da lista dos locais considerados como <strong>Patrim\u00f4nio da Humanidade no Brasil<\/strong>. As duas cidades s\u00e3o consideradas pela Unesco como de Patrim\u00f4nio Misto: ou seja, seu valor \u00e9 tanto cultural quanto natural.<\/p><div id=\"ez-toc-container\" class=\"ez-toc-v2_0_76 ez-toc-wrap-left counter-hierarchy ez-toc-counter ez-toc-light-blue ez-toc-container-direction\">\n<div class=\"ez-toc-title-container\">\n<p class=\"ez-toc-title\" style=\"cursor:inherit\">Aqui voc\u00ea ir\u00e1 encontrar<\/p>\n<span class=\"ez-toc-title-toggle\"><a href=\"#\" class=\"ez-toc-pull-right ez-toc-btn ez-toc-btn-xs ez-toc-btn-default ez-toc-toggle\" aria-label=\"Alternar tabela de conte\u00fado\"><span class=\"ez-toc-js-icon-con\"><span class=\"\"><span class=\"eztoc-hide\" style=\"display:none;\">Toggle<\/span><span class=\"ez-toc-icon-toggle-span\"><svg style=\"fill: #999;color:#999\" xmlns=\"http:\/\/www.w3.org\/2000\/svg\" class=\"list-377408\" width=\"20px\" height=\"20px\" viewBox=\"0 0 24 24\" fill=\"none\"><path d=\"M6 6H4v2h2V6zm14 0H8v2h12V6zM4 11h2v2H4v-2zm16 0H8v2h12v-2zM4 16h2v2H4v-2zm16 0H8v2h12v-2z\" fill=\"currentColor\"><\/path><\/svg><svg style=\"fill: #999;color:#999\" class=\"arrow-unsorted-368013\" xmlns=\"http:\/\/www.w3.org\/2000\/svg\" width=\"10px\" height=\"10px\" viewBox=\"0 0 24 24\" version=\"1.2\" baseProfile=\"tiny\"><path d=\"M18.2 9.3l-6.2-6.3-6.2 6.3c-.2.2-.3.4-.3.7s.1.5.3.7c.2.2.4.3.7.3h11c.3 0 .5-.1.7-.3.2-.2.3-.5.3-.7s-.1-.5-.3-.7zM5.8 14.7l6.2 6.3 6.2-6.3c.2-.2.3-.5.3-.7s-.1-.5-.3-.7c-.2-.2-.4-.3-.7-.3h-11c-.3 0-.5.1-.7.3-.2.2-.3.5-.3.7s.1.5.3.7z\"\/><\/svg><\/span><\/span><\/span><\/a><\/span><\/div>\n<nav><ul class='ez-toc-list ez-toc-list-level-1 ' ><li class='ez-toc-page-1 ez-toc-heading-level-2'><a class=\"ez-toc-link ez-toc-heading-1\" href=\"https:\/\/quantocustaviajar.com\/blog\/patrimonios-da-humanidade-no-brasil\/#Patrimonio_da_Humanidade_no_Brasil\" >Patrim\u00f4nio da Humanidade no Brasil<\/a><ul class='ez-toc-list-level-3' ><li class='ez-toc-heading-level-3'><a class=\"ez-toc-link ez-toc-heading-2\" href=\"https:\/\/quantocustaviajar.com\/blog\/patrimonios-da-humanidade-no-brasil\/#1_Ouro_Preto_MG\" >1. Ouro Preto (MG)<\/a><\/li><li class='ez-toc-page-1 ez-toc-heading-level-3'><a class=\"ez-toc-link ez-toc-heading-3\" href=\"https:\/\/quantocustaviajar.com\/blog\/patrimonios-da-humanidade-no-brasil\/#2_Centro_Historico_de_Olinda_PE\" >2. Centro Hist\u00f3rico de Olinda (PE)<\/a><\/li><li class='ez-toc-page-1 ez-toc-heading-level-3'><a class=\"ez-toc-link ez-toc-heading-4\" href=\"https:\/\/quantocustaviajar.com\/blog\/patrimonios-da-humanidade-no-brasil\/#3_Missoes_Jesuiticas_RS\" >3. Miss\u00f5es Jesu\u00edticas (RS)<\/a><\/li><li class='ez-toc-page-1 ez-toc-heading-level-3'><a class=\"ez-toc-link ez-toc-heading-5\" href=\"https:\/\/quantocustaviajar.com\/blog\/patrimonios-da-humanidade-no-brasil\/#4_Centro_Historico_de_Salvador_BA\" >4. Centro Hist\u00f3rico de Salvador (BA)<\/a><\/li><li class='ez-toc-page-1 ez-toc-heading-level-3'><a class=\"ez-toc-link ez-toc-heading-6\" href=\"https:\/\/quantocustaviajar.com\/blog\/patrimonios-da-humanidade-no-brasil\/#5_Santuario_do_Bom_Jesus_de_Congonhas_MG\" >5. Santu\u00e1rio do Bom Jesus de Congonhas (MG)<\/a><\/li><li class='ez-toc-page-1 ez-toc-heading-level-3'><a class=\"ez-toc-link ez-toc-heading-7\" href=\"https:\/\/quantocustaviajar.com\/blog\/patrimonios-da-humanidade-no-brasil\/#6_Parque_Nacional_de_Iguacu_PR\" >6. Parque Nacional de Igua\u00e7u (PR)<\/a><\/li><li class='ez-toc-page-1 ez-toc-heading-level-3'><a class=\"ez-toc-link ez-toc-heading-8\" href=\"https:\/\/quantocustaviajar.com\/blog\/patrimonios-da-humanidade-no-brasil\/#7_Brasilia_DF\" >7. Bras\u00edlia (DF)<\/a><\/li><li class='ez-toc-page-1 ez-toc-heading-level-3'><a class=\"ez-toc-link ez-toc-heading-9\" href=\"https:\/\/quantocustaviajar.com\/blog\/patrimonios-da-humanidade-no-brasil\/#8_Parque_Nacional_da_Serra_da_Capivara_PI\" >8. Parque Nacional da Serra da Capivara (PI)<\/a><\/li><li class='ez-toc-page-1 ez-toc-heading-level-3'><a class=\"ez-toc-link ez-toc-heading-10\" href=\"https:\/\/quantocustaviajar.com\/blog\/patrimonios-da-humanidade-no-brasil\/#9_Centro_Historico_de_Sao_Luis_MA\" >9. Centro Hist\u00f3rico de S\u00e3o Lu\u00eds (MA)<\/a><\/li><li class='ez-toc-page-1 ez-toc-heading-level-3'><a class=\"ez-toc-link ez-toc-heading-11\" href=\"https:\/\/quantocustaviajar.com\/blog\/patrimonios-da-humanidade-no-brasil\/#10_Reservas_de_Mata_Atlantica_do_Sudeste_PR_e_SP\" >10. Reservas de Mata Atl\u00e2ntica do Sudeste (PR e SP)<\/a><\/li><li class='ez-toc-page-1 ez-toc-heading-level-3'><a class=\"ez-toc-link ez-toc-heading-12\" href=\"https:\/\/quantocustaviajar.com\/blog\/patrimonios-da-humanidade-no-brasil\/#11_Reservas_de_Mata_Atlantica_da_Costa_do_Descobrimento_ES_e_BA\" >11.\u00a0Reservas de Mata Atl\u00e2ntica da Costa do Descobrimento (ES e BA)<\/a><\/li><li class='ez-toc-page-1 ez-toc-heading-level-3'><a class=\"ez-toc-link ez-toc-heading-13\" href=\"https:\/\/quantocustaviajar.com\/blog\/patrimonios-da-humanidade-no-brasil\/#12_Centro_historico_de_Diamantina_MG\" >12. Centro hist\u00f3rico de Diamantina (MG)<\/a><\/li><li class='ez-toc-page-1 ez-toc-heading-level-3'><a class=\"ez-toc-link ez-toc-heading-14\" href=\"https:\/\/quantocustaviajar.com\/blog\/patrimonios-da-humanidade-no-brasil\/#13_Complexo_de_conservacao_da_Amazonia_Central_AM\" >13. Complexo de conserva\u00e7\u00e3o da Amaz\u00f4nia Central (AM)<\/a><\/li><li class='ez-toc-page-1 ez-toc-heading-level-3'><a class=\"ez-toc-link ez-toc-heading-15\" href=\"https:\/\/quantocustaviajar.com\/blog\/patrimonios-da-humanidade-no-brasil\/#14_Area_de_Conservacao_do_Pantanal_MS_e_MT\" >14. \u00c1rea de Conserva\u00e7\u00e3o do Pantanal (MS e MT)<\/a><\/li><li class='ez-toc-page-1 ez-toc-heading-level-3'><a class=\"ez-toc-link ez-toc-heading-16\" href=\"https:\/\/quantocustaviajar.com\/blog\/patrimonios-da-humanidade-no-brasil\/#15_Fernando_de_Noronha_e_Atol_das_Rocas_PE_e_RN\" >15. Fernando de Noronha e Atol das Rocas (PE e RN)<\/a><\/li><li class='ez-toc-page-1 ez-toc-heading-level-3'><a class=\"ez-toc-link ez-toc-heading-17\" href=\"https:\/\/quantocustaviajar.com\/blog\/patrimonios-da-humanidade-no-brasil\/#16_Chapada_dos_Veadeiros_e_Parque_Nacional_das_Emas_GO\" >16. Chapada dos Veadeiros e Parque Nacional das Emas (GO)<\/a><\/li><li class='ez-toc-page-1 ez-toc-heading-level-3'><a class=\"ez-toc-link ez-toc-heading-18\" href=\"https:\/\/quantocustaviajar.com\/blog\/patrimonios-da-humanidade-no-brasil\/#17_Centro_historico_de_Goias_GO\" >17. Centro hist\u00f3rico de Goi\u00e1s (GO)<\/a><\/li><li class='ez-toc-page-1 ez-toc-heading-level-3'><a class=\"ez-toc-link ez-toc-heading-19\" href=\"https:\/\/quantocustaviajar.com\/blog\/patrimonios-da-humanidade-no-brasil\/#18_Praca_Sao_Francisco_em_Sao_Cristovao_PE\" >18. Pra\u00e7a S\u00e3o Francisco, em S\u00e3o Crist\u00f3v\u00e3o (PE)<\/a><\/li><li class='ez-toc-page-1 ez-toc-heading-level-3'><a class=\"ez-toc-link ez-toc-heading-20\" href=\"https:\/\/quantocustaviajar.com\/blog\/patrimonios-da-humanidade-no-brasil\/#19_Paisagem_carioca_entre_o_mar_e_a_montanha_RJ\" >19. Paisagem carioca entre o mar e a montanha (RJ)<\/a><\/li><li class='ez-toc-page-1 ez-toc-heading-level-3'><a class=\"ez-toc-link ez-toc-heading-21\" href=\"https:\/\/quantocustaviajar.com\/blog\/patrimonios-da-humanidade-no-brasil\/#20_Conjunto_Arquitetonico_da_Pampulha_MG\" >20. Conjunto Arquitet\u00f4nico da Pampulha (MG)<\/a><\/li><li class='ez-toc-page-1 ez-toc-heading-level-3'><a class=\"ez-toc-link ez-toc-heading-22\" href=\"https:\/\/quantocustaviajar.com\/blog\/patrimonios-da-humanidade-no-brasil\/#21_Cais_do_Valongo_RJ\" >21. Cais do Valongo (RJ)<\/a><\/li><li class='ez-toc-page-1 ez-toc-heading-level-3'><a class=\"ez-toc-link ez-toc-heading-23\" href=\"https:\/\/quantocustaviajar.com\/blog\/patrimonios-da-humanidade-no-brasil\/#22_Paraty_e_Ilha_Grande_RJ\" >22. Paraty e Ilha Grande (RJ)<\/a><\/li><\/ul><\/li><\/ul><\/nav><\/div>\n\n<p>Mas voc\u00ea sabia que h\u00e1 outros 21 locais no Brasil distinguidos pela organiza\u00e7\u00e3o? Aqui est\u00e1 a lista completa de todos os lugares que foram inscritos como <strong>Patrim\u00f4nio da Humanidade no Brasil<\/strong>.<\/p>\n<p><em>Quais deles voc\u00ea j\u00e1 visitou?<\/em><\/p>\n<h2><span class=\"ez-toc-section\" id=\"Patrimonio_da_Humanidade_no_Brasil\"><\/span>Patrim\u00f4nio da Humanidade no Brasil<span class=\"ez-toc-section-end\"><\/span><\/h2>\n<h3><span class=\"ez-toc-section\" id=\"1_Ouro_Preto_MG\"><\/span>1. Ouro Preto (MG)<span class=\"ez-toc-section-end\"><\/span><\/h3>\n<p>A mais antiga integrante desta lista, <a href=\"https:\/\/quantocustaviajar.com\/brasil\/ouro-preto\" target=\"_blank\" rel=\"noopener\"><strong>Outro Preto<\/strong><\/a> foi inscrita como Patrim\u00f4nio Cultural da Humanidade ainda em 1980, por suas muitas igrejas, pontes e fontes, &#8220;que testemunham seu passado esplendor e o talento excepcional do escultor barroco Ant\u00f4nio Francisco Lisboa, &#8216;o Aleijadinho'&#8221;.<\/p>\n<blockquote><p><a href=\"https:\/\/quantocustaviajar.com\/blog\/cidades-historicas-no-brasil\/\" target=\"_blank\" rel=\"noopener\"><strong>6 cidades hist\u00f3ricas no Brasil para voltar no tempo<\/strong><\/a><\/p><\/blockquote>\n<figure id=\"attachment_36345\" aria-describedby=\"caption-attachment-36345\" style=\"width: 800px\" class=\"wp-caption aligncenter\"><img loading=\"lazy\" decoding=\"async\" class=\"wp-image-36345 size-full\" src=\"https:\/\/quantocustaviajar.com\/blog\/wp-content\/uploads\/2019\/07\/ouro-preto.jpg\" alt=\"Patrim\u00f4nio da Humanidade no Brasil: Ouro Preto\" width=\"800\" height=\"421\" srcset=\"https:\/\/quantocustaviajar.com\/blog\/wp-content\/uploads\/2019\/07\/ouro-preto.jpg 800w, https:\/\/quantocustaviajar.com\/blog\/wp-content\/uploads\/2019\/07\/ouro-preto-300x158.jpg 300w, https:\/\/quantocustaviajar.com\/blog\/wp-content\/uploads\/2019\/07\/ouro-preto-768x404.jpg 768w\" sizes=\"auto, (max-width: 800px) 100vw, 800px\" \/><figcaption id=\"caption-attachment-36345\" class=\"wp-caption-text\">Foto <a href=\"https:\/\/creativecommons.org\/licenses\/by-sa\/4.0\/deed.pt\" target=\"_blank\" rel=\"noopener\">CC BY-SA 4.0<\/a> <a href=\"https:\/\/pt.wikipedia.org\/wiki\/Ficheiro:Ouro_Preto,_Minas_Gerais,_Brasil_2.JPG\" target=\"_blank\" rel=\"noopener\">Adelano L\u00e1zaro<\/a><\/figcaption><\/figure>\n<h3><span class=\"ez-toc-section\" id=\"2_Centro_Historico_de_Olinda_PE\"><\/span>2. Centro Hist\u00f3rico de Olinda (PE)<span class=\"ez-toc-section-end\"><\/span><\/h3>\n<p>Chegando na lista em 1982, o centro hist\u00f3rico de Olinda se destaca por sua hist\u00f3ria, sendo fundado por portugueses no s\u00e9culo 16, com origem vinculada ao plantio de cana-de-a\u00e7\u00facar. Depois de ser saqueada por holandeses, precisou ser reconstru\u00edda no s\u00e9culo 17 e at\u00e9 hoje conserva seu charme de \u00e9poca.<\/p>\n<h3><span class=\"ez-toc-section\" id=\"3_Missoes_Jesuiticas_RS\"><\/span>3. Miss\u00f5es Jesu\u00edticas (RS)<span class=\"ez-toc-section-end\"><\/span><\/h3>\n<p>Junto com as miss\u00f5es jesu\u00edticas guaranis de San Ignacio Mini, Santa Ana,\u00a0Nuestra Se\u00f1ora de Loreto e Santa Maria Mayor, na <a href=\"https:\/\/quantocustaviajar.com\/blog\/lugares-imperdiveis-para-conhecer-na-argentina\/\">Argentina<\/a>, as Ru\u00ednas de S\u00e3o Miguel das Miss\u00f5es foram reconhecidas como Patrim\u00f4nio Cultural da Humanidade pela Unesco em 1984.<\/p>\n<blockquote><p><a href=\"https:\/\/quantocustaviajar.com\/blog\/ruinas-de-san-ignacio-mini\/\" target=\"_blank\" rel=\"noopener\"><strong>Ru\u00ednas de San Ignacio Min\u00ed: um passeio cheio de beleza e hist\u00f3ria pra contar<\/strong><\/a><\/p><\/blockquote>\n<h3><span class=\"ez-toc-section\" id=\"4_Centro_Historico_de_Salvador_BA\"><\/span>4. Centro Hist\u00f3rico de Salvador (BA)<span class=\"ez-toc-section-end\"><\/span><\/h3>\n<p>Em 1985, a Unesco resolveu conceder o t\u00edtulo de Patrim\u00f4nio Cultural ao centro hist\u00f3rico de <a href=\"https:\/\/quantocustaviajar.com\/brasil\/salvador\" target=\"_blank\" rel=\"noopener\"><strong>Salvador<\/strong><\/a> por ser a primeira capital do Brasil, entre os anos de\u00a01549 a 1763.<\/p>\n<figure id=\"attachment_36346\" aria-describedby=\"caption-attachment-36346\" style=\"width: 800px\" class=\"wp-caption aligncenter\"><img loading=\"lazy\" decoding=\"async\" class=\"wp-image-36346 size-full\" src=\"https:\/\/quantocustaviajar.com\/blog\/wp-content\/uploads\/2019\/07\/salvador.jpg\" alt=\"Patrim\u00f4nio Cultural da Humanidade no Brasil: Salvador\" width=\"800\" height=\"800\" srcset=\"https:\/\/quantocustaviajar.com\/blog\/wp-content\/uploads\/2019\/07\/salvador.jpg 800w, https:\/\/quantocustaviajar.com\/blog\/wp-content\/uploads\/2019\/07\/salvador-150x150.jpg 150w, https:\/\/quantocustaviajar.com\/blog\/wp-content\/uploads\/2019\/07\/salvador-300x300.jpg 300w, https:\/\/quantocustaviajar.com\/blog\/wp-content\/uploads\/2019\/07\/salvador-768x768.jpg 768w\" sizes=\"auto, (max-width: 800px) 100vw, 800px\" \/><figcaption id=\"caption-attachment-36346\" class=\"wp-caption-text\">Foto: <a href=\"http:\/\/instagram.com\/quasenomade\/\" target=\"_blank\" rel=\"noopener\">Mari Dutra\/Equipe Quanto Custa Viajar<\/a><\/figcaption><\/figure>\n<blockquote class=\"instagram-media\" style=\"background: #FFF; border: 0; border-radius: 3px; box-shadow: 0 0 1px 0 rgba(0,0,0,0.5),0 1px 10px 0 rgba(0,0,0,0.15); margin: 1px; max-width: 540px; min-width: 326px; padding: 0; width: calc(100% - 2px);\" data-instgrm-permalink=\"https:\/\/www.instagram.com\/p\/ByfhueuJDkb\/\" data-instgrm-version=\"12\">\n<div style=\"padding: 16px;\">\n<p>&nbsp;<\/p>\n<div style=\"display: flex; flex-direction: row; align-items: center;\">\n<div style=\"background-color: #f4f4f4; border-radius: 50%; flex-grow: 0; height: 40px; margin-right: 14px; width: 40px;\"><\/div>\n<div style=\"display: flex; flex-direction: column; flex-grow: 1; justify-content: center;\">\n<div style=\"background-color: #f4f4f4; border-radius: 4px; flex-grow: 0; height: 14px; margin-bottom: 6px; width: 100px;\"><\/div>\n<div style=\"background-color: #f4f4f4; border-radius: 4px; flex-grow: 0; height: 14px; width: 60px;\"><\/div>\n<\/div>\n<\/div>\n<div style=\"padding: 19% 0;\"><\/div>\n<div style=\"display: block; height: 50px; margin: 0 auto 12px; width: 50px;\"><\/div>\n<div style=\"padding-top: 8px;\">\n<div style=\"color: #3897f0; font-family: Arial,sans-serif; font-size: 14px; font-style: normal; font-weight: 550; line-height: 18px;\">Ver essa foto no Instagram<\/div>\n<\/div>\n<div style=\"padding: 12.5% 0;\"><\/div>\n<div style=\"display: flex; flex-direction: row; margin-bottom: 14px; align-items: center;\">\n<div>\n<div style=\"background-color: #f4f4f4; border-radius: 50%; height: 12.5px; width: 12.5px; transform: translateX(0px) translateY(7px);\"><\/div>\n<div style=\"background-color: #f4f4f4; height: 12.5px; transform: rotate(-45deg) translateX(3px) translateY(1px); width: 12.5px; flex-grow: 0; margin-right: 14px; margin-left: 2px;\"><\/div>\n<div style=\"background-color: #f4f4f4; border-radius: 50%; height: 12.5px; width: 12.5px; transform: translateX(9px) translateY(-18px);\"><\/div>\n<\/div>\n<div style=\"margin-left: 8px;\">\n<div style=\"background-color: #f4f4f4; border-radius: 50%; flex-grow: 0; height: 20px; width: 20px;\"><\/div>\n<div style=\"width: 0; height: 0; border-top: 2px solid transparent; border-left: 6px solid #f4f4f4; border-bottom: 2px solid transparent; transform: translateX(16px) translateY(-4px) rotate(30deg);\"><\/div>\n<\/div>\n<div style=\"margin-left: auto;\">\n<div style=\"width: 0px; border-top: 8px solid #F4F4F4; border-right: 8px solid transparent; transform: translateY(16px);\"><\/div>\n<div style=\"background-color: #f4f4f4; flex-grow: 0; height: 12px; width: 16px; transform: translateY(-4px);\"><\/div>\n<div style=\"width: 0; height: 0; border-top: 8px solid #F4F4F4; border-left: 8px solid transparent; transform: translateY(-4px) translateX(8px);\"><\/div>\n<\/div>\n<\/div>\n<div style=\"display: flex; flex-direction: column; flex-grow: 1; justify-content: center; margin-bottom: 24px;\">\n<div style=\"background-color: #f4f4f4; border-radius: 4px; flex-grow: 0; height: 14px; margin-bottom: 6px; width: 224px;\"><\/div>\n<div style=\"background-color: #f4f4f4; border-radius: 4px; flex-grow: 0; height: 14px; width: 144px;\"><\/div>\n<\/div>\n<p>&nbsp;<\/p>\n<p style=\"color: #c9c8cd; font-family: Arial,sans-serif; font-size: 14px; line-height: 17px; margin-bottom: 0; margin-top: 8px; overflow: hidden; padding: 8px 0 7px; text-align: center; text-overflow: ellipsis; white-space: nowrap;\"><a style=\"color: #c9c8cd; font-family: Arial,sans-serif; font-size: 14px; font-style: normal; font-weight: normal; line-height: 17px; text-decoration: none;\" href=\"https:\/\/www.instagram.com\/p\/ByfhueuJDkb\/\" target=\"_blank\" rel=\"noopener\">Uma publica\u00e7\u00e3o compartilhada por Quanto custa Viajar (@quantocustaviajar)<\/a> em <time style=\"font-family: Arial,sans-serif; font-size: 14px; line-height: 17px;\" datetime=\"2019-06-09T14:37:07+00:00\">9 de Jun, 2019 \u00e0s 7:37 PDT<\/time><\/p>\n<\/div>\n<\/blockquote>\n<p><script async src=\"\/\/www.instagram.com\/embed.js\"><\/script><\/p>\n<h3><span class=\"ez-toc-section\" id=\"5_Santuario_do_Bom_Jesus_de_Congonhas_MG\"><\/span>5. Santu\u00e1rio do Bom Jesus de Congonhas (MG)<span class=\"ez-toc-section-end\"><\/span><\/h3>\n<p>Menos conhecido que os outros itens desta lista, o Santu\u00e1rio do Bom Jesus de <a href=\"https:\/\/quantocustaviajar.com\/blog\/pontos-turisticos-em-congonhas-mg\/\">Congonhas<\/a> tamb\u00e9m \u00e9 considerado Patrim\u00f4nio Cultural da Humanidade. Constru\u00edda na metade do s\u00e9culo 17, a igreja \u00e9 decorada no estilo rococ\u00f3 italiano e considerada uma &#8220;obra-prima de uma arte barroca, expressiva e emotiva, de grande originalidade&#8221;.<\/p>\n<h3><span class=\"ez-toc-section\" id=\"6_Parque_Nacional_de_Iguacu_PR\"><\/span>6. Parque Nacional de Igua\u00e7u (PR)<span class=\"ez-toc-section-end\"><\/span><\/h3>\n<p>Primeiro local considerado como Patrim\u00f4nio Natural da Humanidade no Brasil, em 1986, o Parque Nacional de Igua\u00e7u \u00e9 lar de <a href=\"https:\/\/quantocustaviajar.com\/blog\/cataratas-do-iguacu\/\" target=\"_blank\" rel=\"noopener\"><strong>umas das maiores cataratas do mundo<\/strong><\/a>, com uma largura de mais de 2.700 metros. Para complementar, o parque tamb\u00e9m abriga in\u00fameras esp\u00e9cies raras de animais e vegetais, muitos deles em risco de extin\u00e7\u00e3o.<\/p>\n<blockquote class=\"instagram-media\" style=\"background: #FFF; border: 0; border-radius: 3px; box-shadow: 0 0 1px 0 rgba(0,0,0,0.5),0 1px 10px 0 rgba(0,0,0,0.15); margin: 1px; max-width: 540px; min-width: 326px; padding: 0; width: calc(100% - 2px);\" data-instgrm-permalink=\"https:\/\/www.instagram.com\/p\/BWtA9c9Fj7D\/\" data-instgrm-version=\"12\">\n<div style=\"padding: 16px;\">\n<p>&nbsp;<\/p>\n<div style=\"display: flex; flex-direction: row; align-items: center;\">\n<div style=\"background-color: #f4f4f4; border-radius: 50%; flex-grow: 0; height: 40px; margin-right: 14px; width: 40px;\"><\/div>\n<div style=\"display: flex; flex-direction: column; flex-grow: 1; justify-content: center;\">\n<div style=\"background-color: #f4f4f4; border-radius: 4px; flex-grow: 0; height: 14px; margin-bottom: 6px; width: 100px;\"><\/div>\n<div style=\"background-color: #f4f4f4; border-radius: 4px; flex-grow: 0; height: 14px; width: 60px;\"><\/div>\n<\/div>\n<\/div>\n<div style=\"padding: 19% 0;\"><\/div>\n<div style=\"display: block; height: 50px; margin: 0 auto 12px; width: 50px;\"><\/div>\n<div style=\"padding-top: 8px;\">\n<div style=\"color: #3897f0; font-family: Arial,sans-serif; font-size: 14px; font-style: normal; font-weight: 550; line-height: 18px;\">Ver essa foto no Instagram<\/div>\n<\/div>\n<div style=\"padding: 12.5% 0;\"><\/div>\n<div style=\"display: flex; flex-direction: row; margin-bottom: 14px; align-items: center;\">\n<div>\n<div style=\"background-color: #f4f4f4; border-radius: 50%; height: 12.5px; width: 12.5px; transform: translateX(0px) translateY(7px);\"><\/div>\n<div style=\"background-color: #f4f4f4; height: 12.5px; transform: rotate(-45deg) translateX(3px) translateY(1px); width: 12.5px; flex-grow: 0; margin-right: 14px; margin-left: 2px;\"><\/div>\n<div style=\"background-color: #f4f4f4; border-radius: 50%; height: 12.5px; width: 12.5px; transform: translateX(9px) translateY(-18px);\"><\/div>\n<\/div>\n<div style=\"margin-left: 8px;\">\n<div style=\"background-color: #f4f4f4; border-radius: 50%; flex-grow: 0; height: 20px; width: 20px;\"><\/div>\n<div style=\"width: 0; height: 0; border-top: 2px solid transparent; border-left: 6px solid #f4f4f4; border-bottom: 2px solid transparent; transform: translateX(16px) translateY(-4px) rotate(30deg);\"><\/div>\n<\/div>\n<div style=\"margin-left: auto;\">\n<div style=\"width: 0px; border-top: 8px solid #F4F4F4; border-right: 8px solid transparent; transform: translateY(16px);\"><\/div>\n<div style=\"background-color: #f4f4f4; flex-grow: 0; height: 12px; width: 16px; transform: translateY(-4px);\"><\/div>\n<div style=\"width: 0; height: 0; border-top: 8px solid #F4F4F4; border-left: 8px solid transparent; transform: translateY(-4px) translateX(8px);\"><\/div>\n<\/div>\n<\/div>\n<div style=\"display: flex; flex-direction: column; flex-grow: 1; justify-content: center; margin-bottom: 24px;\">\n<div style=\"background-color: #f4f4f4; border-radius: 4px; flex-grow: 0; height: 14px; margin-bottom: 6px; width: 224px;\"><\/div>\n<div style=\"background-color: #f4f4f4; border-radius: 4px; flex-grow: 0; height: 14px; width: 144px;\"><\/div>\n<\/div>\n<p>&nbsp;<\/p>\n<p style=\"color: #c9c8cd; font-family: Arial,sans-serif; font-size: 14px; line-height: 17px; margin-bottom: 0; margin-top: 8px; overflow: hidden; padding: 8px 0 7px; text-align: center; text-overflow: ellipsis; white-space: nowrap;\"><a style=\"color: #c9c8cd; font-family: Arial,sans-serif; font-size: 14px; font-style: normal; font-weight: normal; line-height: 17px; text-decoration: none;\" href=\"https:\/\/www.instagram.com\/p\/BWtA9c9Fj7D\/\" target=\"_blank\" rel=\"noopener\">Uma publica\u00e7\u00e3o compartilhada por Quanto custa Viajar (@quantocustaviajar)<\/a> em <time style=\"font-family: Arial,sans-serif; font-size: 14px; line-height: 17px;\" datetime=\"2017-07-18T21:41:08+00:00\">18 de Jul, 2017 \u00e0s 2:41 PDT<\/time><\/p>\n<\/div>\n<\/blockquote>\n<p><script async src=\"\/\/www.instagram.com\/embed.js\"><\/script><\/p>\n<blockquote><p><a href=\"https:\/\/quantocustaviajar.com\/blog\/tetris-hostel-foz-do-iguacu\/\" target=\"_blank\" rel=\"noopener\"><strong>Conhe\u00e7a o Tetris, hostel feito em cont\u00eainer em Foz do Igua\u00e7u<\/strong><\/a><\/p><\/blockquote>\n<h3><span class=\"ez-toc-section\" id=\"7_Brasilia_DF\"><\/span>7. Bras\u00edlia (DF)<span class=\"ez-toc-section-end\"><\/span><\/h3>\n<p>Mais do que um antro de pol\u00edticos, <a href=\"https:\/\/quantocustaviajar.com\/brasil\/brasilia\" target=\"_blank\" rel=\"noopener\"><strong>Bras\u00edlia<\/strong><\/a> tamb\u00e9m pode ser considerada como Patrim\u00f4nio Cultural da Humanidade por sua incr\u00edvel arquitetura projetada por Oscar Niemeyer e pelo urbanista Lucio Costa.<\/p>\n<figure id=\"attachment_34395\" aria-describedby=\"caption-attachment-34395\" style=\"width: 800px\" class=\"wp-caption aligncenter\"><img loading=\"lazy\" decoding=\"async\" class=\"wp-image-34395 size-full\" src=\"https:\/\/quantocustaviajar.com\/blog\/wp-content\/uploads\/2019\/05\/brasilia_roterio.jpg\" alt=\"\" width=\"800\" height=\"450\" srcset=\"https:\/\/quantocustaviajar.com\/blog\/wp-content\/uploads\/2019\/05\/brasilia_roterio.jpg 800w, https:\/\/quantocustaviajar.com\/blog\/wp-content\/uploads\/2019\/05\/brasilia_roterio-300x169.jpg 300w, https:\/\/quantocustaviajar.com\/blog\/wp-content\/uploads\/2019\/05\/brasilia_roterio-768x432.jpg 768w\" sizes=\"auto, (max-width: 800px) 100vw, 800px\" \/><figcaption id=\"caption-attachment-34395\" class=\"wp-caption-text\">Foto: Equipe <a href=\"https:\/\/www.instagram.com\/quantocustaviajar\/\" target=\"_blank\" rel=\"noopener\">Quanto Custa Viajar<\/a><\/figcaption><\/figure>\n<blockquote><p><a href=\"https:\/\/quantocustaviajar.com\/blog\/dicas-para-conhecer-brasilia\/\" target=\"_blank\" rel=\"noopener\"><strong>Confira nossas dicas de passeios em Bras\u00edlia!<\/strong><\/a><\/p><\/blockquote>\n<h3><span class=\"ez-toc-section\" id=\"8_Parque_Nacional_da_Serra_da_Capivara_PI\"><\/span>8. Parque Nacional da Serra da Capivara (PI)<span class=\"ez-toc-section-end\"><\/span><\/h3>\n<p>O local resguarda a mais antiga concentra\u00e7\u00e3o de \u00e1reas pr\u00e9-hist\u00f3ricas da Am\u00e9rica e fica em pleno Piau\u00ed. O principal atrativo s\u00e3o as pinturas rupestres, que j\u00e1 somam 25 mil anos de hist\u00f3ria.<\/p>\n<blockquote><p><a href=\"https:\/\/quantocustaviajar.com\/blog\/museu-da-natureza-serra-da-capivara-no-piaui\/\" target=\"_blank\" rel=\"noopener\"><strong>Museu da Natureza levar\u00e1 tecnologia e imers\u00e3o para Serra da Capivara, no Piau\u00ed<\/strong><\/a><\/p><\/blockquote>\n<h3><span class=\"ez-toc-section\" id=\"9_Centro_Historico_de_Sao_Luis_MA\"><\/span>9. Centro Hist\u00f3rico de S\u00e3o Lu\u00eds (MA)<span class=\"ez-toc-section-end\"><\/span><\/h3>\n<p>Ap\u00f3s passar pelas m\u00e3os de franceses, holandeses e portugueses, <a href=\"https:\/\/quantocustaviajar.com\/brasil\/sao-luis\" target=\"_blank\" rel=\"noopener\"><strong>S\u00e3o Lu\u00eds<\/strong><\/a> se converteu em uma cidade multicultural e cheia de hist\u00f3ria. Seu centro data do s\u00e9culo 17, mas continua conservado como nunca.<\/p>\n<h3><span class=\"ez-toc-section\" id=\"10_Reservas_de_Mata_Atlantica_do_Sudeste_PR_e_SP\"><\/span>10. Reservas de Mata Atl\u00e2ntica do Sudeste (PR e SP)<span class=\"ez-toc-section-end\"><\/span><\/h3>\n<p>As reservas de Mata Atl\u00e2ntica situadas nos estados de S\u00e3o Paulo e do Paran\u00e1 somam 25 zonas protegidas. Ao todo, s\u00e3o cerca de 470 mil hectares de vegeta\u00e7\u00e3o preservados como Patrim\u00f4nio Natural da Humanidade.<\/p>\n<blockquote class=\"instagram-media\" style=\"background: #FFF; border: 0; border-radius: 3px; box-shadow: 0 0 1px 0 rgba(0,0,0,0.5),0 1px 10px 0 rgba(0,0,0,0.15); margin: 1px; max-width: 540px; min-width: 326px; padding: 0; width: calc(100% - 2px);\" data-instgrm-permalink=\"https:\/\/www.instagram.com\/p\/Bq-cbi3H9Hb\/\" data-instgrm-version=\"12\">\n<div style=\"padding: 16px;\">\n<p>&nbsp;<\/p>\n<div style=\"display: flex; flex-direction: row; align-items: center;\">\n<div style=\"background-color: #f4f4f4; border-radius: 50%; flex-grow: 0; height: 40px; margin-right: 14px; width: 40px;\"><\/div>\n<div style=\"display: flex; flex-direction: column; flex-grow: 1; justify-content: center;\">\n<div style=\"background-color: #f4f4f4; border-radius: 4px; flex-grow: 0; height: 14px; margin-bottom: 6px; width: 100px;\"><\/div>\n<div style=\"background-color: #f4f4f4; border-radius: 4px; flex-grow: 0; height: 14px; width: 60px;\"><\/div>\n<\/div>\n<\/div>\n<div style=\"padding: 19% 0;\"><\/div>\n<div style=\"display: block; height: 50px; margin: 0 auto 12px; width: 50px;\"><\/div>\n<div style=\"padding-top: 8px;\">\n<div style=\"color: #3897f0; font-family: Arial,sans-serif; font-size: 14px; font-style: normal; font-weight: 550; line-height: 18px;\">Ver essa foto no Instagram<\/div>\n<\/div>\n<div style=\"padding: 12.5% 0;\"><\/div>\n<div style=\"display: flex; flex-direction: row; margin-bottom: 14px; align-items: center;\">\n<div>\n<div style=\"background-color: #f4f4f4; border-radius: 50%; height: 12.5px; width: 12.5px; transform: translateX(0px) translateY(7px);\"><\/div>\n<div style=\"background-color: #f4f4f4; height: 12.5px; transform: rotate(-45deg) translateX(3px) translateY(1px); width: 12.5px; flex-grow: 0; margin-right: 14px; margin-left: 2px;\"><\/div>\n<div style=\"background-color: #f4f4f4; border-radius: 50%; height: 12.5px; width: 12.5px; transform: translateX(9px) translateY(-18px);\"><\/div>\n<\/div>\n<div style=\"margin-left: 8px;\">\n<div style=\"background-color: #f4f4f4; border-radius: 50%; flex-grow: 0; height: 20px; width: 20px;\"><\/div>\n<div style=\"width: 0; height: 0; border-top: 2px solid transparent; border-left: 6px solid #f4f4f4; border-bottom: 2px solid transparent; transform: translateX(16px) translateY(-4px) rotate(30deg);\"><\/div>\n<\/div>\n<div style=\"margin-left: auto;\">\n<div style=\"width: 0px; border-top: 8px solid #F4F4F4; border-right: 8px solid transparent; transform: translateY(16px);\"><\/div>\n<div style=\"background-color: #f4f4f4; flex-grow: 0; height: 12px; width: 16px; transform: translateY(-4px);\"><\/div>\n<div style=\"width: 0; height: 0; border-top: 8px solid #F4F4F4; border-left: 8px solid transparent; transform: translateY(-4px) translateX(8px);\"><\/div>\n<\/div>\n<\/div>\n<div style=\"display: flex; flex-direction: column; flex-grow: 1; justify-content: center; margin-bottom: 24px;\">\n<div style=\"background-color: #f4f4f4; border-radius: 4px; flex-grow: 0; height: 14px; margin-bottom: 6px; width: 224px;\"><\/div>\n<div style=\"background-color: #f4f4f4; border-radius: 4px; flex-grow: 0; height: 14px; width: 144px;\"><\/div>\n<\/div>\n<p>&nbsp;<\/p>\n<p style=\"color: #c9c8cd; font-family: Arial,sans-serif; font-size: 14px; line-height: 17px; margin-bottom: 0; margin-top: 8px; overflow: hidden; padding: 8px 0 7px; text-align: center; text-overflow: ellipsis; white-space: nowrap;\"><a style=\"color: #c9c8cd; font-family: Arial,sans-serif; font-size: 14px; font-style: normal; font-weight: normal; line-height: 17px; text-decoration: none;\" href=\"https:\/\/www.instagram.com\/p\/Bq-cbi3H9Hb\/\" target=\"_blank\" rel=\"noopener\">Uma publica\u00e7\u00e3o compartilhada por Quanto custa Viajar (@quantocustaviajar)<\/a> em <time style=\"font-family: Arial,sans-serif; font-size: 14px; line-height: 17px;\" datetime=\"2018-12-04T18:36:08+00:00\">4 de Dez, 2018 \u00e0s 10:36 PST<\/time><\/p>\n<\/div>\n<\/blockquote>\n<p><script async src=\"\/\/www.instagram.com\/embed.js\"><\/script><\/p>\n<h3><span class=\"ez-toc-section\" id=\"11_Reservas_de_Mata_Atlantica_da_Costa_do_Descobrimento_ES_e_BA\"><\/span>11.\u00a0Reservas de Mata Atl\u00e2ntica da Costa do Descobrimento (ES e BA)<span class=\"ez-toc-section-end\"><\/span><\/h3>\n<p>Al\u00e9m da por\u00e7\u00e3o de Mata Atl\u00e2ntica preservada no Sul e Sudeste do <a href=\"https:\/\/quantocustaviajar.com\/brasil\" target=\"_blank\" rel=\"noopener\"><strong>Brasil<\/strong><\/a>, a Unesco tamb\u00e9m reconhece as reservas localizadas na Costa do Descobrimento &#8211; na Bahia e no <a href=\"https:\/\/quantocustaviajar.com\/blog\/lugares-para-conhecer-no-espirito-santo\/\">Esp\u00edrito Santo<\/a>. No local, h\u00e1 8 \u00e1reas protegidas de Mata Atl\u00e2ntica e restingas.<\/p>\n<blockquote><p><a href=\"https:\/\/quantocustaviajar.com\/blog\/costa-do-descobrimento-sul-bahia\/\" target=\"_blank\" rel=\"noopener\"><strong>Costa do Descobrimento no sul da Bahia \u00e9 rota de turismo de aventura<\/strong><\/a><\/p><\/blockquote>\n<h3><span class=\"ez-toc-section\" id=\"12_Centro_historico_de_Diamantina_MG\"><\/span>12. Centro hist\u00f3rico de Diamantina (MG)<span class=\"ez-toc-section-end\"><\/span><\/h3>\n<p>Mais uma cidade mineira que mereceu o reconhecimento da Unesco, Diamantina \u00e9 lembrada pelos buscadores de diamantes que se instalaram no local durante o s\u00e9culo 18.<\/p>\n<h3><span class=\"ez-toc-section\" id=\"13_Complexo_de_conservacao_da_Amazonia_Central_AM\"><\/span>13. Complexo de conserva\u00e7\u00e3o da Amaz\u00f4nia Central (AM)<span class=\"ez-toc-section-end\"><\/span><\/h3>\n<p>Uma \u00e1rea com mais de 6 milh\u00f5es de hectares onde concentra-se grande parte da biodiversidade do planeta n\u00e3o poderia deixar de ser reconhecida como Patrim\u00f4nio Natural da Humanidade, n\u00e3o \u00e9 mesmo? O t\u00edtulo foi concedido \u00e0 regi\u00e3o no ano 2000.<\/p>\n<blockquote class=\"instagram-media\" style=\"background: #FFF; border: 0; border-radius: 3px; box-shadow: 0 0 1px 0 rgba(0,0,0,0.5),0 1px 10px 0 rgba(0,0,0,0.15); margin: 1px; max-width: 540px; min-width: 326px; padding: 0; width: calc(100% - 2px);\" data-instgrm-permalink=\"https:\/\/www.instagram.com\/p\/BrIMZ-BHmMv\/\" data-instgrm-version=\"12\">\n<div style=\"padding: 16px;\">\n<p>&nbsp;<\/p>\n<div style=\"display: flex; flex-direction: row; align-items: center;\">\n<div style=\"background-color: #f4f4f4; border-radius: 50%; flex-grow: 0; height: 40px; margin-right: 14px; width: 40px;\"><\/div>\n<div style=\"display: flex; flex-direction: column; flex-grow: 1; justify-content: center;\">\n<div style=\"background-color: #f4f4f4; border-radius: 4px; flex-grow: 0; height: 14px; margin-bottom: 6px; width: 100px;\"><\/div>\n<div style=\"background-color: #f4f4f4; border-radius: 4px; flex-grow: 0; height: 14px; width: 60px;\"><\/div>\n<\/div>\n<\/div>\n<div style=\"padding: 19% 0;\"><\/div>\n<div style=\"display: block; height: 50px; margin: 0 auto 12px; width: 50px;\"><\/div>\n<div style=\"padding-top: 8px;\">\n<div style=\"color: #3897f0; font-family: Arial,sans-serif; font-size: 14px; font-style: normal; font-weight: 550; line-height: 18px;\">Ver essa foto no Instagram<\/div>\n<\/div>\n<div style=\"padding: 12.5% 0;\"><\/div>\n<div style=\"display: flex; flex-direction: row; margin-bottom: 14px; align-items: center;\">\n<div>\n<div style=\"background-color: #f4f4f4; border-radius: 50%; height: 12.5px; width: 12.5px; transform: translateX(0px) translateY(7px);\"><\/div>\n<div style=\"background-color: #f4f4f4; height: 12.5px; transform: rotate(-45deg) translateX(3px) translateY(1px); width: 12.5px; flex-grow: 0; margin-right: 14px; margin-left: 2px;\"><\/div>\n<div style=\"background-color: #f4f4f4; border-radius: 50%; height: 12.5px; width: 12.5px; transform: translateX(9px) translateY(-18px);\"><\/div>\n<\/div>\n<div style=\"margin-left: 8px;\">\n<div style=\"background-color: #f4f4f4; border-radius: 50%; flex-grow: 0; height: 20px; width: 20px;\"><\/div>\n<div style=\"width: 0; height: 0; border-top: 2px solid transparent; border-left: 6px solid #f4f4f4; border-bottom: 2px solid transparent; transform: translateX(16px) translateY(-4px) rotate(30deg);\"><\/div>\n<\/div>\n<div style=\"margin-left: auto;\">\n<div style=\"width: 0px; border-top: 8px solid #F4F4F4; border-right: 8px solid transparent; transform: translateY(16px);\"><\/div>\n<div style=\"background-color: #f4f4f4; flex-grow: 0; height: 12px; width: 16px; transform: translateY(-4px);\"><\/div>\n<div style=\"width: 0; height: 0; border-top: 8px solid #F4F4F4; border-left: 8px solid transparent; transform: translateY(-4px) translateX(8px);\"><\/div>\n<\/div>\n<\/div>\n<div style=\"display: flex; flex-direction: column; flex-grow: 1; justify-content: center; margin-bottom: 24px;\">\n<div style=\"background-color: #f4f4f4; border-radius: 4px; flex-grow: 0; height: 14px; margin-bottom: 6px; width: 224px;\"><\/div>\n<div style=\"background-color: #f4f4f4; border-radius: 4px; flex-grow: 0; height: 14px; width: 144px;\"><\/div>\n<\/div>\n<p>&nbsp;<\/p>\n<p style=\"color: #c9c8cd; font-family: Arial,sans-serif; font-size: 14px; line-height: 17px; margin-bottom: 0; margin-top: 8px; overflow: hidden; padding: 8px 0 7px; text-align: center; text-overflow: ellipsis; white-space: nowrap;\"><a style=\"color: #c9c8cd; font-family: Arial,sans-serif; font-size: 14px; font-style: normal; font-weight: normal; line-height: 17px; text-decoration: none;\" href=\"https:\/\/www.instagram.com\/p\/BrIMZ-BHmMv\/\" target=\"_blank\" rel=\"noopener\">Uma publica\u00e7\u00e3o compartilhada por Quanto custa Viajar (@quantocustaviajar)<\/a> em <time style=\"font-family: Arial,sans-serif; font-size: 14px; line-height: 17px;\" datetime=\"2018-12-08T13:28:31+00:00\">8 de Dez, 2018 \u00e0s 5:28 PST<\/time><\/p>\n<\/div>\n<\/blockquote>\n<p><script async src=\"\/\/www.instagram.com\/embed.js\"><\/script><\/p>\n<h3><span class=\"ez-toc-section\" id=\"14_Area_de_Conservacao_do_Pantanal_MS_e_MT\"><\/span>14. \u00c1rea de Conserva\u00e7\u00e3o do Pantanal (MS e MT)<span class=\"ez-toc-section-end\"><\/span><\/h3>\n<p>Com 187 hectares distribu\u00eddos em quatro zonas protegidas, a regi\u00e3o considerada como Patrim\u00f4nio Natural da Humanidade cobre pouco mais de 1% da \u00e1rea do Pantanal brasileiro. Assim como no caso da Amaz\u00f4nia, o reconhecimento veio no ano 2000.<\/p>\n<blockquote class=\"instagram-media\" style=\"background: #FFF; border: 0; border-radius: 3px; box-shadow: 0 0 1px 0 rgba(0,0,0,0.5),0 1px 10px 0 rgba(0,0,0,0.15); margin: 1px; max-width: 540px; min-width: 326px; padding: 0; width: calc(100% - 2px);\" data-instgrm-permalink=\"https:\/\/www.instagram.com\/p\/BsEQsm5nzW-\/\" data-instgrm-version=\"12\">\n<div style=\"padding: 16px;\">\n<p>&nbsp;<\/p>\n<div style=\"display: flex; flex-direction: row; align-items: center;\">\n<div style=\"background-color: #f4f4f4; border-radius: 50%; flex-grow: 0; height: 40px; margin-right: 14px; width: 40px;\"><\/div>\n<div style=\"display: flex; flex-direction: column; flex-grow: 1; justify-content: center;\">\n<div style=\"background-color: #f4f4f4; border-radius: 4px; flex-grow: 0; height: 14px; margin-bottom: 6px; width: 100px;\"><\/div>\n<div style=\"background-color: #f4f4f4; border-radius: 4px; flex-grow: 0; height: 14px; width: 60px;\"><\/div>\n<\/div>\n<\/div>\n<div style=\"padding: 19% 0;\"><\/div>\n<div style=\"display: block; height: 50px; margin: 0 auto 12px; width: 50px;\"><\/div>\n<div style=\"padding-top: 8px;\">\n<div style=\"color: #3897f0; font-family: Arial,sans-serif; font-size: 14px; font-style: normal; font-weight: 550; line-height: 18px;\">Ver essa foto no Instagram<\/div>\n<\/div>\n<div style=\"padding: 12.5% 0;\"><\/div>\n<div style=\"display: flex; flex-direction: row; margin-bottom: 14px; align-items: center;\">\n<div>\n<div style=\"background-color: #f4f4f4; border-radius: 50%; height: 12.5px; width: 12.5px; transform: translateX(0px) translateY(7px);\"><\/div>\n<div style=\"background-color: #f4f4f4; height: 12.5px; transform: rotate(-45deg) translateX(3px) translateY(1px); width: 12.5px; flex-grow: 0; margin-right: 14px; margin-left: 2px;\"><\/div>\n<div style=\"background-color: #f4f4f4; border-radius: 50%; height: 12.5px; width: 12.5px; transform: translateX(9px) translateY(-18px);\"><\/div>\n<\/div>\n<div style=\"margin-left: 8px;\">\n<div style=\"background-color: #f4f4f4; border-radius: 50%; flex-grow: 0; height: 20px; width: 20px;\"><\/div>\n<div style=\"width: 0; height: 0; border-top: 2px solid transparent; border-left: 6px solid #f4f4f4; border-bottom: 2px solid transparent; transform: translateX(16px) translateY(-4px) rotate(30deg);\"><\/div>\n<\/div>\n<div style=\"margin-left: auto;\">\n<div style=\"width: 0px; border-top: 8px solid #F4F4F4; border-right: 8px solid transparent; transform: translateY(16px);\"><\/div>\n<div style=\"background-color: #f4f4f4; flex-grow: 0; height: 12px; width: 16px; transform: translateY(-4px);\"><\/div>\n<div style=\"width: 0; height: 0; border-top: 8px solid #F4F4F4; border-left: 8px solid transparent; transform: translateY(-4px) translateX(8px);\"><\/div>\n<\/div>\n<\/div>\n<div style=\"display: flex; flex-direction: column; flex-grow: 1; justify-content: center; margin-bottom: 24px;\">\n<div style=\"background-color: #f4f4f4; border-radius: 4px; flex-grow: 0; height: 14px; margin-bottom: 6px; width: 224px;\"><\/div>\n<div style=\"background-color: #f4f4f4; border-radius: 4px; flex-grow: 0; height: 14px; width: 144px;\"><\/div>\n<\/div>\n<p>&nbsp;<\/p>\n<p style=\"color: #c9c8cd; font-family: Arial,sans-serif; font-size: 14px; line-height: 17px; margin-bottom: 0; margin-top: 8px; overflow: hidden; padding: 8px 0 7px; text-align: center; text-overflow: ellipsis; white-space: nowrap;\"><a style=\"color: #c9c8cd; font-family: Arial,sans-serif; font-size: 14px; font-style: normal; font-weight: normal; line-height: 17px; text-decoration: none;\" href=\"https:\/\/www.instagram.com\/p\/BsEQsm5nzW-\/\" target=\"_blank\" rel=\"noopener\">Uma publica\u00e7\u00e3o compartilhada por Quanto custa Viajar (@quantocustaviajar)<\/a> em <time style=\"font-family: Arial,sans-serif; font-size: 14px; line-height: 17px;\" datetime=\"2018-12-31T21:20:27+00:00\">31 de Dez, 2018 \u00e0s 1:20 PST<\/time><\/p>\n<\/div>\n<\/blockquote>\n<p><script async src=\"\/\/www.instagram.com\/embed.js\"><\/script><\/p>\n<h3><span class=\"ez-toc-section\" id=\"15_Fernando_de_Noronha_e_Atol_das_Rocas_PE_e_RN\"><\/span>15. Fernando de Noronha e Atol das Rocas (PE e RN)<span class=\"ez-toc-section-end\"><\/span><\/h3>\n<p>As ilhas atl\u00e2nticas brasileiras s\u00e3o reconhecidas por seu interesse mundial por suas \u00e1guas ricas em nutrientes, que s\u00e3o de import\u00e2ncia essencial para a alimenta\u00e7\u00e3o e reprodu\u00e7\u00e3o de peixes, tubar\u00f5es, tartarugas e mam\u00edferos marinhos. Para complementar, as duas ilhas juntas s\u00e3o respons\u00e1veis pela maior concentra\u00e7\u00e3o de aves marinhas tropicais do Atl\u00e2ntico Ocidental.<\/p>\n<blockquote><p><a href=\"https:\/\/quantocustaviajar.com\/blog\/fernando-de-noronha-sem-gastar-muito\/\" target=\"_blank\" rel=\"noopener\"><strong>Dicas para conhecer Fernando de Noronha sem gastar muito? \u00c9 poss\u00edvel, sim!<\/strong><\/a><\/p><\/blockquote>\n<h3><span class=\"ez-toc-section\" id=\"16_Chapada_dos_Veadeiros_e_Parque_Nacional_das_Emas_GO\"><\/span>16. Chapada dos Veadeiros e Parque Nacional das Emas (GO)<span class=\"ez-toc-section-end\"><\/span><\/h3>\n<p>O Cerrado tamb\u00e9m recebeu sua distin\u00e7\u00e3o da Unesco em 2001, quando a <a href=\"https:\/\/quantocustaviajar.com\/blog\/guia-chapada-dos-veadeiros\/\">Chapada dos Veadeiros<\/a> e o Parque Nacional das Emas foram lembrados como um dos mais antigos e diversos ecossistemas tropicais.<\/p>\n<figure id=\"attachment_36350\" aria-describedby=\"caption-attachment-36350\" style=\"width: 800px\" class=\"wp-caption aligncenter\"><img loading=\"lazy\" decoding=\"async\" class=\"wp-image-36350 size-full\" src=\"https:\/\/quantocustaviajar.com\/blog\/wp-content\/uploads\/2019\/07\/chapada-dos-veadeiros.jpg\" alt=\"\" width=\"800\" height=\"533\" srcset=\"https:\/\/quantocustaviajar.com\/blog\/wp-content\/uploads\/2019\/07\/chapada-dos-veadeiros.jpg 800w, https:\/\/quantocustaviajar.com\/blog\/wp-content\/uploads\/2019\/07\/chapada-dos-veadeiros-300x200.jpg 300w, https:\/\/quantocustaviajar.com\/blog\/wp-content\/uploads\/2019\/07\/chapada-dos-veadeiros-768x512.jpg 768w\" sizes=\"auto, (max-width: 800px) 100vw, 800px\" \/><figcaption id=\"caption-attachment-36350\" class=\"wp-caption-text\">Foto <a href=\"https:\/\/creativecommons.org\/licenses\/by-sa\/4.0\/deed.en\" target=\"_blank\" rel=\"noopener\">CC BY-SA 4.0<\/a> <a href=\"https:\/\/commons.wikimedia.org\/wiki\/File:Cachoeira_Capivara_-_Chapada_dos_Veadeiros_-_GO.jpg\" target=\"_blank\" rel=\"noopener\">Aline Fortuna<\/a><\/figcaption><\/figure>\n<h3><span class=\"ez-toc-section\" id=\"17_Centro_historico_de_Goias_GO\"><\/span>17. Centro hist\u00f3rico de Goi\u00e1s (GO)<span class=\"ez-toc-section-end\"><\/span><\/h3>\n<p>No mesmo ano em que o estado foi destacado por seu Patrim\u00f4nio Natural, o centro hist\u00f3rico da <a href=\"https:\/\/quantocustaviajar.com\/blog\/cidade-de-goias\/\">cidade de Goi\u00e1s<\/a> (n\u00e3o confundir com <a href=\"https:\/\/quantocustaviajar.com\/brasil\/goiania\" target=\"_blank\" rel=\"noopener\"><strong>Goi\u00e2nia<\/strong><\/a>) tamb\u00e9m recebeu uma distin\u00e7\u00e3o como Patrim\u00f4nio Cultural da Humanidade. Segundo a Unesco, &#8220;seu desenho urbano \u00e9 caracter\u00edstico das cidades mineiras que se desenvolveram organicamente, adaptadas ao seu entorno&#8221;.<\/p>\n<h3><span class=\"ez-toc-section\" id=\"18_Praca_Sao_Francisco_em_Sao_Cristovao_PE\"><\/span>18. Pra\u00e7a S\u00e3o Francisco, em S\u00e3o Crist\u00f3v\u00e3o (PE)<span class=\"ez-toc-section-end\"><\/span><\/h3>\n<p>Cercada de constru\u00e7\u00f5es hist\u00f3ricas, a Pra\u00e7a S\u00e3o Francisco \u00e9 um dos principais pontos de S\u00e3o Crist\u00f3v\u00e3o. Ao redor dela encontram-se a Igreja e o Convento de S\u00e3o Francisco, a Igreja e a Santa Casa de Miseric\u00f3rdia e o Pal\u00e1cio Provincial.<\/p>\n<figure id=\"attachment_36351\" aria-describedby=\"caption-attachment-36351\" style=\"width: 1085px\" class=\"wp-caption aligncenter\"><img loading=\"lazy\" decoding=\"async\" class=\"wp-image-36351 size-full\" src=\"https:\/\/quantocustaviajar.com\/blog\/wp-content\/uploads\/2019\/07\/praca-sao-francisco.jpg\" alt=\"\" width=\"1085\" height=\"720\" srcset=\"https:\/\/quantocustaviajar.com\/blog\/wp-content\/uploads\/2019\/07\/praca-sao-francisco.jpg 1085w, https:\/\/quantocustaviajar.com\/blog\/wp-content\/uploads\/2019\/07\/praca-sao-francisco-300x199.jpg 300w, https:\/\/quantocustaviajar.com\/blog\/wp-content\/uploads\/2019\/07\/praca-sao-francisco-768x510.jpg 768w, https:\/\/quantocustaviajar.com\/blog\/wp-content\/uploads\/2019\/07\/praca-sao-francisco-1024x680.jpg 1024w\" sizes=\"auto, (max-width: 1085px) 100vw, 1085px\" \/><figcaption id=\"caption-attachment-36351\" class=\"wp-caption-text\"><strong>Foto<\/strong>\u00a0<a href=\"https:\/\/creativecommons.org\/licenses\/by-sa\/2.0\/\" target=\"_blank\" rel=\"noopener\">CC BY-SA 2.0<\/a> <a href=\"https:\/\/pt.wikipedia.org\/wiki\/Pra%C3%A7a_S%C3%A3o_Francisco#\/media\/Ficheiro:Pra%C3%A7a_S%C3%A3o_Francisco.jpg\" target=\"_blank\" rel=\"noopener\">E-Sergipe<\/a><\/figcaption><\/figure>\n<h3><span class=\"ez-toc-section\" id=\"19_Paisagem_carioca_entre_o_mar_e_a_montanha_RJ\"><\/span>19. Paisagem carioca entre o mar e a montanha (RJ)<span class=\"ez-toc-section-end\"><\/span><\/h3>\n<p>O <a href=\"https:\/\/quantocustaviajar.com\/brasil\/rio-de-janeiro\" target=\"_blank\" rel=\"noopener\"><strong>Rio de Janeiro<\/strong><\/a> fez diferente e se destacou por sua incr\u00edvel paisagem, de onde podemos observar tanto o mar quanto as montanhas. A inscri\u00e7\u00e3o, efetivada em 2012, reconhece tamb\u00e9m a inspira\u00e7\u00e3o causada pela cidade em m\u00fasicos e paisagistas brasileiros.<\/p>\n<blockquote class=\"instagram-media\" style=\"background: #FFF; border: 0; border-radius: 3px; box-shadow: 0 0 1px 0 rgba(0,0,0,0.5),0 1px 10px 0 rgba(0,0,0,0.15); margin: 1px; max-width: 540px; min-width: 326px; padding: 0; width: calc(100% - 2px);\" data-instgrm-permalink=\"https:\/\/www.instagram.com\/p\/Bow-raTgdQZ\/\" data-instgrm-version=\"12\">\n<div style=\"padding: 16px;\">\n<p>&nbsp;<\/p>\n<div style=\"display: flex; flex-direction: row; align-items: center;\">\n<div style=\"background-color: #f4f4f4; border-radius: 50%; flex-grow: 0; height: 40px; margin-right: 14px; width: 40px;\"><\/div>\n<div style=\"display: flex; flex-direction: column; flex-grow: 1; justify-content: center;\">\n<div style=\"background-color: #f4f4f4; border-radius: 4px; flex-grow: 0; height: 14px; margin-bottom: 6px; width: 100px;\"><\/div>\n<div style=\"background-color: #f4f4f4; border-radius: 4px; flex-grow: 0; height: 14px; width: 60px;\"><\/div>\n<\/div>\n<\/div>\n<div style=\"padding: 19% 0;\"><\/div>\n<div style=\"display: block; height: 50px; margin: 0 auto 12px; width: 50px;\"><\/div>\n<div style=\"padding-top: 8px;\">\n<div style=\"color: #3897f0; font-family: Arial,sans-serif; font-size: 14px; font-style: normal; font-weight: 550; line-height: 18px;\">Ver essa foto no Instagram<\/div>\n<\/div>\n<div style=\"padding: 12.5% 0;\"><\/div>\n<div style=\"display: flex; flex-direction: row; margin-bottom: 14px; align-items: center;\">\n<div>\n<div style=\"background-color: #f4f4f4; border-radius: 50%; height: 12.5px; width: 12.5px; transform: translateX(0px) translateY(7px);\"><\/div>\n<div style=\"background-color: #f4f4f4; height: 12.5px; transform: rotate(-45deg) translateX(3px) translateY(1px); width: 12.5px; flex-grow: 0; margin-right: 14px; margin-left: 2px;\"><\/div>\n<div style=\"background-color: #f4f4f4; border-radius: 50%; height: 12.5px; width: 12.5px; transform: translateX(9px) translateY(-18px);\"><\/div>\n<\/div>\n<div style=\"margin-left: 8px;\">\n<div style=\"background-color: #f4f4f4; border-radius: 50%; flex-grow: 0; height: 20px; width: 20px;\"><\/div>\n<div style=\"width: 0; height: 0; border-top: 2px solid transparent; border-left: 6px solid #f4f4f4; border-bottom: 2px solid transparent; transform: translateX(16px) translateY(-4px) rotate(30deg);\"><\/div>\n<\/div>\n<div style=\"margin-left: auto;\">\n<div style=\"width: 0px; border-top: 8px solid #F4F4F4; border-right: 8px solid transparent; transform: translateY(16px);\"><\/div>\n<div style=\"background-color: #f4f4f4; flex-grow: 0; height: 12px; width: 16px; transform: translateY(-4px);\"><\/div>\n<div style=\"width: 0; height: 0; border-top: 8px solid #F4F4F4; border-left: 8px solid transparent; transform: translateY(-4px) translateX(8px);\"><\/div>\n<\/div>\n<\/div>\n<div style=\"display: flex; flex-direction: column; flex-grow: 1; justify-content: center; margin-bottom: 24px;\">\n<div style=\"background-color: #f4f4f4; border-radius: 4px; flex-grow: 0; height: 14px; margin-bottom: 6px; width: 224px;\"><\/div>\n<div style=\"background-color: #f4f4f4; border-radius: 4px; flex-grow: 0; height: 14px; width: 144px;\"><\/div>\n<\/div>\n<p>&nbsp;<\/p>\n<p style=\"color: #c9c8cd; font-family: Arial,sans-serif; font-size: 14px; line-height: 17px; margin-bottom: 0; margin-top: 8px; overflow: hidden; padding: 8px 0 7px; text-align: center; text-overflow: ellipsis; white-space: nowrap;\"><a style=\"color: #c9c8cd; font-family: Arial,sans-serif; font-size: 14px; font-style: normal; font-weight: normal; line-height: 17px; text-decoration: none;\" href=\"https:\/\/www.instagram.com\/p\/Bow-raTgdQZ\/\" target=\"_blank\" rel=\"noopener\">Uma publica\u00e7\u00e3o compartilhada por Quanto custa Viajar (@quantocustaviajar)<\/a> em <time style=\"font-family: Arial,sans-serif; font-size: 14px; line-height: 17px;\" datetime=\"2018-10-10T20:03:15+00:00\">10 de Out, 2018 \u00e0s 1:03 PDT<\/time><\/p>\n<\/div>\n<\/blockquote>\n<p><script async src=\"\/\/www.instagram.com\/embed.js\"><\/script><\/p>\n<h3><span class=\"ez-toc-section\" id=\"20_Conjunto_Arquitetonico_da_Pampulha_MG\"><\/span>20. Conjunto Arquitet\u00f4nico da Pampulha (MG)<span class=\"ez-toc-section-end\"><\/span><\/h3>\n<p>Desenhado por Oscar Niemeyer, o Conjunto Arquitet\u00f4nico da Pampulha envolve a famosa Igreja de S\u00e3o Francisco de Assis, bem como a Casa do Baile, o edif\u00edcio do antigo Cassino, e o Iate clube localizados no bairro da Pampulha, em <a href=\"https:\/\/quantocustaviajar.com\/brasil\/belo-horizonte\" target=\"_blank\" rel=\"noopener\"><strong>Belo Horizonte<\/strong><\/a>.<\/p>\n<figure id=\"attachment_36344\" aria-describedby=\"caption-attachment-36344\" style=\"width: 800px\" class=\"wp-caption alignnone\"><img loading=\"lazy\" decoding=\"async\" class=\"wp-image-36344 size-full\" src=\"https:\/\/quantocustaviajar.com\/blog\/wp-content\/uploads\/2019\/07\/Igreja-da-Pampulha.jpg\" alt=\"Igreja da Pampulha\" width=\"800\" height=\"581\" srcset=\"https:\/\/quantocustaviajar.com\/blog\/wp-content\/uploads\/2019\/07\/Igreja-da-Pampulha.jpg 800w, https:\/\/quantocustaviajar.com\/blog\/wp-content\/uploads\/2019\/07\/Igreja-da-Pampulha-300x218.jpg 300w, https:\/\/quantocustaviajar.com\/blog\/wp-content\/uploads\/2019\/07\/Igreja-da-Pampulha-768x558.jpg 768w\" sizes=\"auto, (max-width: 800px) 100vw, 800px\" \/><figcaption id=\"caption-attachment-36344\" class=\"wp-caption-text\"><strong>Foto:<\/strong> <a href=\"http:\/\/instagram.com\/quasenomade\/\" target=\"_blank\" rel=\"noopener\">Mari Dutra\/Equipe Quanto Custa Viajar<\/a><\/figcaption><\/figure>\n<h3><span class=\"ez-toc-section\" id=\"21_Cais_do_Valongo_RJ\"><\/span>21. Cais do Valongo (RJ)<span class=\"ez-toc-section-end\"><\/span><\/h3>\n<p>O Cais do Valongo, no <a href=\"https:\/\/quantocustaviajar.com\/brasil\/rio-de-janeiro\" target=\"_blank\" rel=\"noopener\"><strong>Rio de Janeiro<\/strong><\/a>, considerado o mais importante vest\u00edgio material da chegada dos africanos escravizados nas Am\u00e9ricas. Estima-se que 900 mil africanos tenham chegado ao <a href=\"https:\/\/quantocustaviajar.com\/brasil\" target=\"_blank\" rel=\"noopener\"><strong>Brasil<\/strong><\/a> atrav\u00e9s deste ponto de entrada.<\/p>\n<h3><span class=\"ez-toc-section\" id=\"22_Paraty_e_Ilha_Grande_RJ\"><\/span>22. Paraty e Ilha Grande (RJ)<span class=\"ez-toc-section-end\"><\/span><\/h3>\n<p>Primeiros locais brasileiros a serem considerados como Patrim\u00f4nio Natural e Cultural da Humanidade, as cidades de <a href=\"https:\/\/quantocustaviajar.com\/brasil\/paraty\" target=\"_blank\" rel=\"noopener\"><strong>Paraty<\/strong><\/a> e <a href=\"https:\/\/quantocustaviajar.com\/brasil\/ilha-grande\" target=\"_blank\" rel=\"noopener\"><strong>Ilha Grande<\/strong><\/a> foram reconhecidas por sua cultura e biodiversidade. O t\u00edtulo inclui quatro zonas naturais protegidas da Mata Atl\u00e2ntica e o centro hist\u00f3rico de Paraty.<\/p>\n<blockquote class=\"instagram-media\" style=\"background: #FFF; border: 0; border-radius: 3px; box-shadow: 0 0 1px 0 rgba(0,0,0,0.5),0 1px 10px 0 rgba(0,0,0,0.15); margin: 1px; max-width: 540px; min-width: 326px; padding: 0; width: calc(100% - 2px);\" data-instgrm-permalink=\"https:\/\/www.instagram.com\/p\/BoPe20kA43X\/\" data-instgrm-version=\"12\">\n<div style=\"padding: 16px;\">\n<p>&nbsp;<\/p>\n<div style=\"display: flex; flex-direction: row; align-items: center;\">\n<div style=\"background-color: #f4f4f4; border-radius: 50%; flex-grow: 0; height: 40px; margin-right: 14px; width: 40px;\"><\/div>\n<div style=\"display: flex; flex-direction: column; flex-grow: 1; justify-content: center;\">\n<div style=\"background-color: #f4f4f4; border-radius: 4px; flex-grow: 0; height: 14px; margin-bottom: 6px; width: 100px;\"><\/div>\n<div style=\"background-color: #f4f4f4; border-radius: 4px; flex-grow: 0; height: 14px; width: 60px;\"><\/div>\n<\/div>\n<\/div>\n<div style=\"padding: 19% 0;\"><\/div>\n<div style=\"display: block; height: 50px; margin: 0 auto 12px; width: 50px;\"><\/div>\n<div style=\"padding-top: 8px;\">\n<div style=\"color: #3897f0; font-family: Arial,sans-serif; font-size: 14px; font-style: normal; font-weight: 550; line-height: 18px;\">Ver essa foto no Instagram<\/div>\n<\/div>\n<div style=\"padding: 12.5% 0;\"><\/div>\n<div style=\"display: flex; flex-direction: row; margin-bottom: 14px; align-items: center;\">\n<div>\n<div style=\"background-color: #f4f4f4; border-radius: 50%; height: 12.5px; width: 12.5px; transform: translateX(0px) translateY(7px);\"><\/div>\n<div style=\"background-color: #f4f4f4; height: 12.5px; transform: rotate(-45deg) translateX(3px) translateY(1px); width: 12.5px; flex-grow: 0; margin-right: 14px; margin-left: 2px;\"><\/div>\n<div style=\"background-color: #f4f4f4; border-radius: 50%; height: 12.5px; width: 12.5px; transform: translateX(9px) translateY(-18px);\"><\/div>\n<\/div>\n<div style=\"margin-left: 8px;\">\n<div style=\"background-color: #f4f4f4; border-radius: 50%; flex-grow: 0; height: 20px; width: 20px;\"><\/div>\n<div style=\"width: 0; height: 0; border-top: 2px solid transparent; border-left: 6px solid #f4f4f4; border-bottom: 2px solid transparent; transform: translateX(16px) translateY(-4px) rotate(30deg);\"><\/div>\n<\/div>\n<div style=\"margin-left: auto;\">\n<div style=\"width: 0px; border-top: 8px solid #F4F4F4; border-right: 8px solid transparent; transform: translateY(16px);\"><\/div>\n<div style=\"background-color: #f4f4f4; flex-grow: 0; height: 12px; width: 16px; transform: translateY(-4px);\"><\/div>\n<div style=\"width: 0; height: 0; border-top: 8px solid #F4F4F4; border-left: 8px solid transparent; transform: translateY(-4px) translateX(8px);\"><\/div>\n<\/div>\n<\/div>\n<div style=\"display: flex; flex-direction: column; flex-grow: 1; justify-content: center; margin-bottom: 24px;\">\n<div style=\"background-color: #f4f4f4; border-radius: 4px; flex-grow: 0; height: 14px; margin-bottom: 6px; width: 224px;\"><\/div>\n<div style=\"background-color: #f4f4f4; border-radius: 4px; flex-grow: 0; height: 14px; width: 144px;\"><\/div>\n<\/div>\n<p>&nbsp;<\/p>\n<p style=\"color: #c9c8cd; font-family: Arial,sans-serif; font-size: 14px; line-height: 17px; margin-bottom: 0; margin-top: 8px; overflow: hidden; padding: 8px 0 7px; text-align: center; text-overflow: ellipsis; white-space: nowrap;\"><a style=\"color: #c9c8cd; font-family: Arial,sans-serif; font-size: 14px; font-style: normal; font-weight: normal; line-height: 17px; text-decoration: none;\" href=\"https:\/\/www.instagram.com\/p\/BoPe20kA43X\/\" target=\"_blank\" rel=\"noopener\">Uma publica\u00e7\u00e3o compartilhada por Quanto custa Viajar (@quantocustaviajar)<\/a> em <time style=\"font-family: Arial,sans-serif; font-size: 14px; line-height: 17px;\" datetime=\"2018-09-27T19:50:15+00:00\">27 de Set, 2018 \u00e0s 12:50 PDT<\/time><\/p>\n<\/div>\n<\/blockquote>\n<p><script async src=\"\/\/www.instagram.com\/embed.js\"><\/script><\/p>\n","protected":false},"excerpt":{"rendered":"<p>No in\u00edcio deste m\u00eas, Paraty e Ilha Grande, no Rio de Janeiro foram anunciadas como novas integrantes da lista dos locais considerados como Patrim\u00f4nio da Humanidade no Brasil. As duas cidades s\u00e3o consideradas pela Unesco como de Patrim\u00f4nio Misto: ou seja, seu valor \u00e9 tanto cultural quanto natural. Mas voc\u00ea sabia que h\u00e1 outros 21 [&hellip;]<\/p>\n","protected":false},"author":12,"featured_media":36349,"comment_status":"open","ping_status":"open","sticky":false,"template":"","format":"standard","meta":{"cybocfi_hide_featured_image":"","footnotes":""},"categories":[1436,1434],"tags":[79,266,2065,2185,1716],"class_list":["post-36339","post","type-post","status-publish","format-standard","has-post-thumbnail","hentry","category-artes-cultura-diversao","category-descubra-brasil","tag-arquitetura","tag-brasil","tag-historia","tag-patrimonio","tag-unesco"],"blocksy_meta":[],"yoast_head":"<!-- This site is optimized with the Yoast SEO plugin v26.3 - https:\/\/yoast.com\/wordpress\/plugins\/seo\/ -->\n<title>Patrim\u00f4nio da Humanidade no Brasil: 22 lugares destacados pela Unesco<\/title>\n<meta name=\"description\" content=\"H\u00e1 22 lugares considerados pela Unesco como Patrim\u00f4nio da Humanidade no Brasil. Descubra quais s\u00e3o eles e calcule quantos voc\u00ea j\u00e1 visitou. %\" \/>\n<meta name=\"robots\" content=\"index, follow, max-snippet:-1, max-image-preview:large, max-video-preview:-1\" \/>\n<link rel=\"canonical\" href=\"https:\/\/quantocustaviajar.com\/blog\/patrimonios-da-humanidade-no-brasil\/\" \/>\n<meta property=\"og:locale\" content=\"pt_BR\" \/>\n<meta property=\"og:type\" content=\"article\" \/>\n<meta property=\"og:title\" content=\"Patrim\u00f4nio da Humanidade no Brasil: 22 lugares destacados pela Unesco\" \/>\n<meta property=\"og:description\" content=\"H\u00e1 22 lugares considerados pela Unesco como Patrim\u00f4nio da Humanidade no Brasil. Descubra quais s\u00e3o eles e calcule quantos voc\u00ea j\u00e1 visitou. %\" \/>\n<meta property=\"og:url\" content=\"https:\/\/quantocustaviajar.com\/blog\/patrimonios-da-humanidade-no-brasil\/\" \/>\n<meta property=\"og:site_name\" content=\"Blog Quanto Custa Viajar\" \/>\n<meta property=\"article:publisher\" content=\"https:\/\/www.facebook.com\/quantocustaviajar\" \/>\n<meta property=\"article:published_time\" content=\"2019-07-22T13:39:50+00:00\" \/>\n<meta property=\"article:modified_time\" content=\"2019-07-22T13:45:57+00:00\" \/>\n<meta property=\"og:image\" content=\"https:\/\/quantocustaviajar.com\/blog\/wp-content\/uploads\/2019\/07\/amazonia.jpg\" \/>\n\t<meta property=\"og:image:width\" content=\"800\" \/>\n\t<meta property=\"og:image:height\" content=\"600\" \/>\n\t<meta property=\"og:image:type\" content=\"image\/jpeg\" \/>\n<meta name=\"author\" content=\"Mari Dutra\" \/>\n<meta name=\"twitter:card\" content=\"summary_large_image\" \/>\n<meta name=\"twitter:creator\" content=\"@quasenomade\" \/>\n<meta name=\"twitter:label1\" content=\"Escrito por\" \/>\n\t<meta name=\"twitter:data1\" content=\"Mari Dutra\" \/>\n\t<meta name=\"twitter:label2\" content=\"Est. tempo de leitura\" \/>\n\t<meta name=\"twitter:data2\" content=\"8 minutos\" \/>\n<!-- \/ Yoast SEO plugin. -->","yoast_head_json":{"title":"Patrim\u00f4nio da Humanidade no Brasil: 22 lugares destacados pela Unesco","description":"H\u00e1 22 lugares considerados pela Unesco como Patrim\u00f4nio da Humanidade no Brasil. Descubra quais s\u00e3o eles e calcule quantos voc\u00ea j\u00e1 visitou. %","robots":{"index":"index","follow":"follow","max-snippet":"max-snippet:-1","max-image-preview":"max-image-preview:large","max-video-preview":"max-video-preview:-1"},"canonical":"https:\/\/quantocustaviajar.com\/blog\/patrimonios-da-humanidade-no-brasil\/","og_locale":"pt_BR","og_type":"article","og_title":"Patrim\u00f4nio da Humanidade no Brasil: 22 lugares destacados pela Unesco","og_description":"H\u00e1 22 lugares considerados pela Unesco como Patrim\u00f4nio da Humanidade no Brasil. Descubra quais s\u00e3o eles e calcule quantos voc\u00ea j\u00e1 visitou. %","og_url":"https:\/\/quantocustaviajar.com\/blog\/patrimonios-da-humanidade-no-brasil\/","og_site_name":"Blog Quanto Custa Viajar","article_publisher":"https:\/\/www.facebook.com\/quantocustaviajar","article_published_time":"2019-07-22T13:39:50+00:00","article_modified_time":"2019-07-22T13:45:57+00:00","og_image":[{"width":800,"height":600,"url":"https:\/\/quantocustaviajar.com\/blog\/wp-content\/uploads\/2019\/07\/amazonia.jpg","type":"image\/jpeg"}],"author":"Mari Dutra","twitter_card":"summary_large_image","twitter_creator":"@quasenomade","twitter_misc":{"Escrito por":"Mari Dutra","Est. tempo de leitura":"8 minutos"},"schema":{"@context":"https:\/\/schema.org","@graph":[{"@type":["Article","BlogPosting"],"@id":"https:\/\/quantocustaviajar.com\/blog\/patrimonios-da-humanidade-no-brasil\/#article","isPartOf":{"@id":"https:\/\/quantocustaviajar.com\/blog\/patrimonios-da-humanidade-no-brasil\/"},"author":{"name":"Mari Dutra","@id":"https:\/\/quantocustaviajar.com\/blog\/#\/schema\/person\/cf1309504837a3099648280049df8d0d"},"headline":"Patrim\u00f4nios da Humanidade no Brasil: quais destes 22 lugares voc\u00ea conhece?","datePublished":"2019-07-22T13:39:50+00:00","dateModified":"2019-07-22T13:45:57+00:00","mainEntityOfPage":{"@id":"https:\/\/quantocustaviajar.com\/blog\/patrimonios-da-humanidade-no-brasil\/"},"wordCount":1530,"commentCount":4,"publisher":{"@id":"https:\/\/quantocustaviajar.com\/blog\/#organization"},"image":{"@id":"https:\/\/quantocustaviajar.com\/blog\/patrimonios-da-humanidade-no-brasil\/#primaryimage"},"thumbnailUrl":"https:\/\/quantocustaviajar.com\/blog\/wp-content\/uploads\/2019\/07\/amazonia.jpg","keywords":["arquitetura","Brasil","historia","patrim\u00f4nio","unesco"],"articleSection":["Artes, Cultura &amp; Divers\u00e3o","Descubra o Brasil"],"inLanguage":"pt-BR","potentialAction":[{"@type":"CommentAction","name":"Comment","target":["https:\/\/quantocustaviajar.com\/blog\/patrimonios-da-humanidade-no-brasil\/#respond"]}]},{"@type":"WebPage","@id":"https:\/\/quantocustaviajar.com\/blog\/patrimonios-da-humanidade-no-brasil\/","url":"https:\/\/quantocustaviajar.com\/blog\/patrimonios-da-humanidade-no-brasil\/","name":"Patrim\u00f4nio da Humanidade no Brasil: 22 lugares destacados pela Unesco","isPartOf":{"@id":"https:\/\/quantocustaviajar.com\/blog\/#website"},"primaryImageOfPage":{"@id":"https:\/\/quantocustaviajar.com\/blog\/patrimonios-da-humanidade-no-brasil\/#primaryimage"},"image":{"@id":"https:\/\/quantocustaviajar.com\/blog\/patrimonios-da-humanidade-no-brasil\/#primaryimage"},"thumbnailUrl":"https:\/\/quantocustaviajar.com\/blog\/wp-content\/uploads\/2019\/07\/amazonia.jpg","datePublished":"2019-07-22T13:39:50+00:00","dateModified":"2019-07-22T13:45:57+00:00","description":"H\u00e1 22 lugares considerados pela Unesco como Patrim\u00f4nio da Humanidade no Brasil. Descubra quais s\u00e3o eles e calcule quantos voc\u00ea j\u00e1 visitou. %","breadcrumb":{"@id":"https:\/\/quantocustaviajar.com\/blog\/patrimonios-da-humanidade-no-brasil\/#breadcrumb"},"inLanguage":"pt-BR","potentialAction":[{"@type":"ReadAction","target":["https:\/\/quantocustaviajar.com\/blog\/patrimonios-da-humanidade-no-brasil\/"]}]},{"@type":"ImageObject","inLanguage":"pt-BR","@id":"https:\/\/quantocustaviajar.com\/blog\/patrimonios-da-humanidade-no-brasil\/#primaryimage","url":"https:\/\/quantocustaviajar.com\/blog\/wp-content\/uploads\/2019\/07\/amazonia.jpg","contentUrl":"https:\/\/quantocustaviajar.com\/blog\/wp-content\/uploads\/2019\/07\/amazonia.jpg","width":800,"height":600},{"@type":"BreadcrumbList","@id":"https:\/\/quantocustaviajar.com\/blog\/patrimonios-da-humanidade-no-brasil\/#breadcrumb","itemListElement":[{"@type":"ListItem","position":1,"name":"In\u00edcio","item":"https:\/\/quantocustaviajar.com\/blog\/"},{"@type":"ListItem","position":2,"name":"Patrim\u00f4nios da Humanidade no Brasil: quais destes 22 lugares voc\u00ea conhece?"}]},{"@type":"WebSite","@id":"https:\/\/quantocustaviajar.com\/blog\/#website","url":"https:\/\/quantocustaviajar.com\/blog\/","name":"Blog Quanto Custa Viajar","description":"","publisher":{"@id":"https:\/\/quantocustaviajar.com\/blog\/#organization"},"potentialAction":[{"@type":"SearchAction","target":{"@type":"EntryPoint","urlTemplate":"https:\/\/quantocustaviajar.com\/blog\/?s={search_term_string}"},"query-input":{"@type":"PropertyValueSpecification","valueRequired":true,"valueName":"search_term_string"}}],"inLanguage":"pt-BR"},{"@type":"Organization","@id":"https:\/\/quantocustaviajar.com\/blog\/#organization","name":"Quanto Custa Viajar","url":"https:\/\/quantocustaviajar.com\/blog\/","logo":{"@type":"ImageObject","inLanguage":"pt-BR","@id":"https:\/\/quantocustaviajar.com\/blog\/#\/schema\/logo\/image\/","url":"","contentUrl":"","caption":"Quanto Custa Viajar"},"image":{"@id":"https:\/\/quantocustaviajar.com\/blog\/#\/schema\/logo\/image\/"},"sameAs":["https:\/\/www.facebook.com\/quantocustaviajar"]},{"@type":"Person","@id":"https:\/\/quantocustaviajar.com\/blog\/#\/schema\/person\/cf1309504837a3099648280049df8d0d","name":"Mari Dutra","image":{"@type":"ImageObject","inLanguage":"pt-BR","@id":"https:\/\/quantocustaviajar.com\/blog\/#\/schema\/person\/image\/","url":"https:\/\/secure.gravatar.com\/avatar\/2997bb527ae39d049d9eb8d6c54262bd37451dfd0dba672807ddfae6c8e86713?s=96&d=mm&r=g","contentUrl":"https:\/\/secure.gravatar.com\/avatar\/2997bb527ae39d049d9eb8d6c54262bd37451dfd0dba672807ddfae6c8e86713?s=96&d=mm&r=g","caption":"Mari Dutra"},"description":"Puxa uma cadeira, porque eu amo falar sobre viagens, sustentabilidade e doguinhos n\u00f4mades. Tamb\u00e9m no Instagram e no Quase N\u00f4made.","sameAs":["http:\/\/quasenomade.com","https:\/\/www.instagram.com\/quasenomade\/","https:\/\/br.pinterest.com\/quasenomade\/","https:\/\/x.com\/quasenomade"],"url":"https:\/\/quantocustaviajar.com\/blog\/author\/mari-dutra\/"}]}},"_links":{"self":[{"href":"https:\/\/quantocustaviajar.com\/blog\/wp-json\/wp\/v2\/posts\/36339","targetHints":{"allow":["GET"]}}],"collection":[{"href":"https:\/\/quantocustaviajar.com\/blog\/wp-json\/wp\/v2\/posts"}],"about":[{"href":"https:\/\/quantocustaviajar.com\/blog\/wp-json\/wp\/v2\/types\/post"}],"author":[{"embeddable":true,"href":"https:\/\/quantocustaviajar.com\/blog\/wp-json\/wp\/v2\/users\/12"}],"replies":[{"embeddable":true,"href":"https:\/\/quantocustaviajar.com\/blog\/wp-json\/wp\/v2\/comments?post=36339"}],"version-history":[{"count":11,"href":"https:\/\/quantocustaviajar.com\/blog\/wp-json\/wp\/v2\/posts\/36339\/revisions"}],"predecessor-version":[{"id":36406,"href":"https:\/\/quantocustaviajar.com\/blog\/wp-json\/wp\/v2\/posts\/36339\/revisions\/36406"}],"wp:featuredmedia":[{"embeddable":true,"href":"https:\/\/quantocustaviajar.com\/blog\/wp-json\/wp\/v2\/media\/36349"}],"wp:attachment":[{"href":"https:\/\/quantocustaviajar.com\/blog\/wp-json\/wp\/v2\/media?parent=36339"}],"wp:term":[{"taxonomy":"category","embeddable":true,"href":"https:\/\/quantocustaviajar.com\/blog\/wp-json\/wp\/v2\/categories?post=36339"},{"taxonomy":"post_tag","embeddable":true,"href":"https:\/\/quantocustaviajar.com\/blog\/wp-json\/wp\/v2\/tags?post=36339"}],"curies":[{"name":"wp","href":"https:\/\/api.w.org\/{rel}","templated":true}]}}