{"id":35983,"date":"2019-07-11T14:33:13","date_gmt":"2019-07-11T14:33:13","guid":{"rendered":"https:\/\/quantocustaviajar.com\/blog\/?p=35983"},"modified":"2019-07-11T14:33:13","modified_gmt":"2019-07-11T14:33:13","slug":"festival-gastronomico-de-pomerode","status":"publish","type":"post","link":"https:\/\/quantocustaviajar.com\/blog\/festival-gastronomico-de-pomerode\/","title":{"rendered":"Festival Gastron\u00f4mico de Pomerode tem um monte de comida alem\u00e3 daora!"},"content":{"rendered":"<p>O <strong>Festival Gastron\u00f4mico de Pomerode<\/strong> \u00e9 marcado por comida boa e ambiente aconchegante. Mas, a edi\u00e7\u00e3o de 2019 est\u00e1 ainda mais especial. Com o tema &#8220;Viajando Pelos Sabores da Alemanha&#8221;, o evento traz pratos t\u00edpicos de cada regi\u00e3o, garantindo um dia bem especial para quem \u00e9 f\u00e3 da culin\u00e1ria alem\u00e3.<\/p>\n<p>A 15\u00aa edi\u00e7\u00e3o do Festival Gastron\u00f4mico de <a href=\"https:\/\/quantocustaviajar.com\/blog\/pomerode-em-santa-catarina\/\" target=\"_blank\" rel=\"noopener\"><strong>Pomerode<\/strong><\/a> acontece entre os dias <strong>3 a 21 de julho<\/strong> de 2019 no Centro de Eventos de Pomerode. A entrada custa R$ 10.<\/p>\n<figure id=\"attachment_35985\" aria-describedby=\"caption-attachment-35985\" style=\"width: 1280px\" class=\"wp-caption aligncenter\"><img loading=\"lazy\" decoding=\"async\" class=\"wp-image-35985 size-full\" src=\"https:\/\/quantocustaviajar.com\/blog\/wp-content\/uploads\/2019\/07\/festival-gastronomico-de-pomerode-1.jpg\" alt=\"centro de eventos de pomerode\" width=\"1280\" height=\"960\" srcset=\"https:\/\/quantocustaviajar.com\/blog\/wp-content\/uploads\/2019\/07\/festival-gastronomico-de-pomerode-1.jpg 1280w, https:\/\/quantocustaviajar.com\/blog\/wp-content\/uploads\/2019\/07\/festival-gastronomico-de-pomerode-1-300x225.jpg 300w, https:\/\/quantocustaviajar.com\/blog\/wp-content\/uploads\/2019\/07\/festival-gastronomico-de-pomerode-1-768x576.jpg 768w, https:\/\/quantocustaviajar.com\/blog\/wp-content\/uploads\/2019\/07\/festival-gastronomico-de-pomerode-1-1024x768.jpg 1024w\" sizes=\"auto, (max-width: 1280px) 100vw, 1280px\" \/><figcaption id=\"caption-attachment-35985\" class=\"wp-caption-text\">Foto: <a href=\"https:\/\/www.instagram.com\/andressaxavier\/\" target=\"_blank\" rel=\"noopener\">Andressa Xavier Pellanda<\/a><\/figcaption><\/figure>\n<figure id=\"attachment_35984\" aria-describedby=\"caption-attachment-35984\" style=\"width: 1280px\" class=\"wp-caption aligncenter\"><img loading=\"lazy\" decoding=\"async\" class=\"wp-image-35984 size-full\" src=\"https:\/\/quantocustaviajar.com\/blog\/wp-content\/uploads\/2019\/07\/festival-gastronomico-de-pomerode-2.jpg\" alt=\"Festival Gastron\u00f4mico de Pomerode\" width=\"1280\" height=\"960\" srcset=\"https:\/\/quantocustaviajar.com\/blog\/wp-content\/uploads\/2019\/07\/festival-gastronomico-de-pomerode-2.jpg 1280w, https:\/\/quantocustaviajar.com\/blog\/wp-content\/uploads\/2019\/07\/festival-gastronomico-de-pomerode-2-300x225.jpg 300w, https:\/\/quantocustaviajar.com\/blog\/wp-content\/uploads\/2019\/07\/festival-gastronomico-de-pomerode-2-768x576.jpg 768w, https:\/\/quantocustaviajar.com\/blog\/wp-content\/uploads\/2019\/07\/festival-gastronomico-de-pomerode-2-1024x768.jpg 1024w\" sizes=\"auto, (max-width: 1280px) 100vw, 1280px\" \/><figcaption id=\"caption-attachment-35984\" class=\"wp-caption-text\">Foto: <a href=\"https:\/\/www.instagram.com\/andressaxavier\/\" target=\"_blank\" rel=\"noopener\">Andressa Xavier Pellanda<\/a><\/figcaption><\/figure>\n<figure id=\"attachment_35998\" aria-describedby=\"caption-attachment-35998\" style=\"width: 1280px\" class=\"wp-caption aligncenter\"><img loading=\"lazy\" decoding=\"async\" class=\"wp-image-35998 size-full\" src=\"https:\/\/quantocustaviajar.com\/blog\/wp-content\/uploads\/2019\/07\/festival-gastronomico-de-pomerode-11.jpg\" alt=\"Festival Gastron\u00f4mico de Pomerode\" width=\"1280\" height=\"960\" srcset=\"https:\/\/quantocustaviajar.com\/blog\/wp-content\/uploads\/2019\/07\/festival-gastronomico-de-pomerode-11.jpg 1280w, https:\/\/quantocustaviajar.com\/blog\/wp-content\/uploads\/2019\/07\/festival-gastronomico-de-pomerode-11-300x225.jpg 300w, https:\/\/quantocustaviajar.com\/blog\/wp-content\/uploads\/2019\/07\/festival-gastronomico-de-pomerode-11-768x576.jpg 768w, https:\/\/quantocustaviajar.com\/blog\/wp-content\/uploads\/2019\/07\/festival-gastronomico-de-pomerode-11-1024x768.jpg 1024w\" sizes=\"auto, (max-width: 1280px) 100vw, 1280px\" \/><figcaption id=\"caption-attachment-35998\" class=\"wp-caption-text\">Foto: <a href=\"https:\/\/www.instagram.com\/andressaxavier\/\" target=\"_blank\" rel=\"noopener\">Andressa Xavier Pellanda<\/a><\/figcaption><\/figure>\n<blockquote><p><a href=\"https:\/\/www.booking.com\/city\/br\/pomerode.pt-br.html?aid=2161834\" target=\"_blank\" rel=\"noopener\"><strong>Onde ficar em Pomerode? Encontre seu hotel ideal aqui<\/strong><\/a><\/p><\/blockquote>\n<h2>Sabores deliciosos no Festival Gastron\u00f4mico de Pomerode<\/h2>\n<p>Foram selecionados 12 restaurantes que servem pratos cl\u00e1ssicos, como o famoso joelho de porco com batatas at\u00e9 prepara\u00e7\u00f5es que muita gente nem imagina que seja t\u00edpica da Alemanha, como sardinha com molho \u00e0 base de bacon. <a href=\"https:\/\/www.pomerode.com.br\/festival\/CardapioFestivalGastronomico2019.pdf\" target=\"_blank\" rel=\"noopener\"><strong>Confira aqui o card\u00e1pio<\/strong><\/a>\u00a0da edi\u00e7\u00e3o de 2019 com todos os restaurantes participantes e as del\u00edcias servidas.<\/p>\n<p>A equipe do Quanto Custa Viajar foi conferir os sabores de perto! Aproveitamos para comer um Curry Wurst, um prato com salsicha artesanal gralhada com molho de curry e batata frita que custou R$ 38.<\/p>\n<figure id=\"attachment_35986\" aria-describedby=\"caption-attachment-35986\" style=\"width: 1280px\" class=\"wp-caption aligncenter\"><img loading=\"lazy\" decoding=\"async\" class=\"wp-image-35986 size-full\" src=\"https:\/\/quantocustaviajar.com\/blog\/wp-content\/uploads\/2019\/07\/festival-gastronomico-de-pomerode-6.jpg\" alt=\"Festival Gastron\u00f4mico de Pomerode\" width=\"1280\" height=\"960\" srcset=\"https:\/\/quantocustaviajar.com\/blog\/wp-content\/uploads\/2019\/07\/festival-gastronomico-de-pomerode-6.jpg 1280w, https:\/\/quantocustaviajar.com\/blog\/wp-content\/uploads\/2019\/07\/festival-gastronomico-de-pomerode-6-300x225.jpg 300w, https:\/\/quantocustaviajar.com\/blog\/wp-content\/uploads\/2019\/07\/festival-gastronomico-de-pomerode-6-768x576.jpg 768w, https:\/\/quantocustaviajar.com\/blog\/wp-content\/uploads\/2019\/07\/festival-gastronomico-de-pomerode-6-1024x768.jpg 1024w\" sizes=\"auto, (max-width: 1280px) 100vw, 1280px\" \/><figcaption id=\"caption-attachment-35986\" class=\"wp-caption-text\">Foto: <a href=\"https:\/\/www.instagram.com\/andressaxavier\/\" target=\"_blank\" rel=\"noopener\">Andressa Xavier Pellanda<\/a><\/figcaption><\/figure>\n<p>Saboreamos tamb\u00e9m o Bayerische Brotzeit, um prato tradicional na Bav\u00e1ria que encontramos bastante nos menus dos &#8220;biergarten&#8221;, os bares da Alemanha com jardins onde se bebe e se come muito bem.<\/p>\n<p>Essa del\u00edcia que experimentamos no Festival Gastron\u00f4mico de Pomerode \u00e9 servida com salsicha artesanal branca e vermelha, fatias de Leberk\u00e1sse (um bolo de carne bovina\/su\u00edna), Obazda (um pat\u00ea t\u00edpico feito com queijo Camembert), Brezel, tomatinho cereja, brotos de feij\u00e3o e mostardas. Simplesmente di-vi-no! Essa belezinha custou R$ 45.<\/p>\n<figure id=\"attachment_35987\" aria-describedby=\"caption-attachment-35987\" style=\"width: 1280px\" class=\"wp-caption aligncenter\"><img loading=\"lazy\" decoding=\"async\" class=\"wp-image-35987 size-full\" src=\"https:\/\/quantocustaviajar.com\/blog\/wp-content\/uploads\/2019\/07\/festival-gastronomico-de-pomerode-7.jpg\" alt=\"Festival Gastron\u00f4mico de Pomerode\" width=\"1280\" height=\"960\" srcset=\"https:\/\/quantocustaviajar.com\/blog\/wp-content\/uploads\/2019\/07\/festival-gastronomico-de-pomerode-7.jpg 1280w, https:\/\/quantocustaviajar.com\/blog\/wp-content\/uploads\/2019\/07\/festival-gastronomico-de-pomerode-7-300x225.jpg 300w, https:\/\/quantocustaviajar.com\/blog\/wp-content\/uploads\/2019\/07\/festival-gastronomico-de-pomerode-7-768x576.jpg 768w, https:\/\/quantocustaviajar.com\/blog\/wp-content\/uploads\/2019\/07\/festival-gastronomico-de-pomerode-7-1024x768.jpg 1024w\" sizes=\"auto, (max-width: 1280px) 100vw, 1280px\" \/><figcaption id=\"caption-attachment-35987\" class=\"wp-caption-text\">Foto: <a href=\"https:\/\/www.instagram.com\/andressaxavier\/\" target=\"_blank\" rel=\"noopener\">Andressa Xavier Pellanda<\/a><\/figcaption><\/figure>\n<p>Tamb\u00e9m tem sobremesas em v\u00e1rios restaurantes! Corremos at\u00e9 o box da famosa Torten Paradies para saborear o strudel de ma\u00e7\u00e3 e uma torta trufada com calda de chocolate. Essas duas sobremesas custam R$ 20 cada uma e s\u00e3o servidas com sorvete artesanal de baunilha dentro de uma casquinha extremamente crocante, olha s\u00f3 que lindo (e estava bem gostoso):<\/p>\n<figure id=\"attachment_35989\" aria-describedby=\"caption-attachment-35989\" style=\"width: 1280px\" class=\"wp-caption aligncenter\"><img loading=\"lazy\" decoding=\"async\" class=\"wp-image-35989 size-full\" src=\"https:\/\/quantocustaviajar.com\/blog\/wp-content\/uploads\/2019\/07\/festival-gastronomico-de-pomerode-9.jpg\" alt=\"Festival Gastron\u00f4mico de Pomerode\" width=\"1280\" height=\"960\" srcset=\"https:\/\/quantocustaviajar.com\/blog\/wp-content\/uploads\/2019\/07\/festival-gastronomico-de-pomerode-9.jpg 1280w, https:\/\/quantocustaviajar.com\/blog\/wp-content\/uploads\/2019\/07\/festival-gastronomico-de-pomerode-9-300x225.jpg 300w, https:\/\/quantocustaviajar.com\/blog\/wp-content\/uploads\/2019\/07\/festival-gastronomico-de-pomerode-9-768x576.jpg 768w, https:\/\/quantocustaviajar.com\/blog\/wp-content\/uploads\/2019\/07\/festival-gastronomico-de-pomerode-9-1024x768.jpg 1024w\" sizes=\"auto, (max-width: 1280px) 100vw, 1280px\" \/><figcaption id=\"caption-attachment-35989\" class=\"wp-caption-text\">Foto: <a href=\"https:\/\/www.instagram.com\/andressaxavier\/\" target=\"_blank\" rel=\"noopener\">Andressa Xavier Pellanda<\/a><\/figcaption><\/figure>\n<blockquote><p><a href=\"https:\/\/quantocustaviajar.com\/blog\/osterfest-em-pomerode-festa-pascoa\/\" target=\"_blank\" rel=\"noopener\"><strong>Osterfest em Pomerode: a festa de P\u00e1scoa mais alem\u00e3 do Brasil acontece aqui<\/strong><\/a><\/p><\/blockquote>\n<figure id=\"attachment_35988\" aria-describedby=\"caption-attachment-35988\" style=\"width: 1280px\" class=\"wp-caption aligncenter\"><img loading=\"lazy\" decoding=\"async\" class=\"wp-image-35988 size-full\" src=\"https:\/\/quantocustaviajar.com\/blog\/wp-content\/uploads\/2019\/07\/festival-gastronomico-de-pomerode-16.jpg\" alt=\"Festival Gastron\u00f4mico de Pomerode\" width=\"1280\" height=\"960\" srcset=\"https:\/\/quantocustaviajar.com\/blog\/wp-content\/uploads\/2019\/07\/festival-gastronomico-de-pomerode-16.jpg 1280w, https:\/\/quantocustaviajar.com\/blog\/wp-content\/uploads\/2019\/07\/festival-gastronomico-de-pomerode-16-300x225.jpg 300w, https:\/\/quantocustaviajar.com\/blog\/wp-content\/uploads\/2019\/07\/festival-gastronomico-de-pomerode-16-768x576.jpg 768w, https:\/\/quantocustaviajar.com\/blog\/wp-content\/uploads\/2019\/07\/festival-gastronomico-de-pomerode-16-1024x768.jpg 1024w\" sizes=\"auto, (max-width: 1280px) 100vw, 1280px\" \/><figcaption id=\"caption-attachment-35988\" class=\"wp-caption-text\">Foto: <a href=\"https:\/\/www.instagram.com\/andressaxavier\/\" target=\"_blank\" rel=\"noopener\">Andressa Xavier Pellanda<\/a><\/figcaption><\/figure>\n<p>As bebidas tamb\u00e9m s\u00e3o destaques no Festival Gastron\u00f4mico de Pomerode. Duas cervejarias est\u00e3o presentes com bebidas artesanais e chopes deliciosos, al\u00e9m de uma carta de vinhos especial para acompanhar suas refei\u00e7\u00f5es. Tamb\u00e9m foram preparados drinks inovadores para essa edi\u00e7\u00e3o do evento. Um dos destaques \u00e9 a bebida baseada no Apfelstrudel \u2013 uma sobremesa t\u00edpica alem\u00e3 \u2013 que leva ma\u00e7\u00e3 e especiarias.<\/p>\n<p>O Gl\u00fchwein \u00e9 uma bebida quente feita com vinho, canela, anis e outras especiarias, muito tradicional na Alemanha nas \u00e9pocas de inverno e parecida com o quent\u00e3o que encontramos nas nossas festas juninas. Seu nome seria traduzido como \u201cvinho aceso\u201d, assim chamado porque a bebida era aquecida pela imers\u00e3o de ferros em brasa durante a idade m\u00e9dia.<\/p>\n<figure id=\"attachment_35990\" aria-describedby=\"caption-attachment-35990\" style=\"width: 1280px\" class=\"wp-caption aligncenter\"><img loading=\"lazy\" decoding=\"async\" class=\"wp-image-35990 size-full\" src=\"https:\/\/quantocustaviajar.com\/blog\/wp-content\/uploads\/2019\/07\/festival-gastronomico-de-pomerode-8.jpg\" alt=\"Festival Gastron\u00f4mico de Pomerode\" width=\"1280\" height=\"960\" srcset=\"https:\/\/quantocustaviajar.com\/blog\/wp-content\/uploads\/2019\/07\/festival-gastronomico-de-pomerode-8.jpg 1280w, https:\/\/quantocustaviajar.com\/blog\/wp-content\/uploads\/2019\/07\/festival-gastronomico-de-pomerode-8-300x225.jpg 300w, https:\/\/quantocustaviajar.com\/blog\/wp-content\/uploads\/2019\/07\/festival-gastronomico-de-pomerode-8-768x576.jpg 768w, https:\/\/quantocustaviajar.com\/blog\/wp-content\/uploads\/2019\/07\/festival-gastronomico-de-pomerode-8-1024x768.jpg 1024w\" sizes=\"auto, (max-width: 1280px) 100vw, 1280px\" \/><figcaption id=\"caption-attachment-35990\" class=\"wp-caption-text\">Foto: <a href=\"https:\/\/www.instagram.com\/andressaxavier\/\" target=\"_blank\" rel=\"noopener\">Andressa Xavier Pellanda<\/a><\/figcaption><\/figure>\n<p>Sucesso em todas as edi\u00e7\u00f5es, o Gl\u00fchwein \u00e9 oferecido no Festival Gastron\u00f4mico de Pomerode seguindo uma receita tradicional, comercializado em uma casinha de madeira t\u00edpica igual \u00e0quelas das feiras de inverno alem\u00e3s. A bebida + caneca especial do evento custa R$ 20. Somente no copo normal sai por R$ 12.<\/p>\n<h2>Como funciona para comprar bebidas e comidas?<\/h2>\n<figure id=\"attachment_35991\" aria-describedby=\"caption-attachment-35991\" style=\"width: 1280px\" class=\"wp-caption aligncenter\"><img loading=\"lazy\" decoding=\"async\" class=\"wp-image-35991 size-full\" src=\"https:\/\/quantocustaviajar.com\/blog\/wp-content\/uploads\/2019\/07\/festival-gastronomico-de-pomerode-10.jpg\" alt=\"Festival Gastron\u00f4mico de Pomerode\" width=\"1280\" height=\"960\" srcset=\"https:\/\/quantocustaviajar.com\/blog\/wp-content\/uploads\/2019\/07\/festival-gastronomico-de-pomerode-10.jpg 1280w, https:\/\/quantocustaviajar.com\/blog\/wp-content\/uploads\/2019\/07\/festival-gastronomico-de-pomerode-10-300x225.jpg 300w, https:\/\/quantocustaviajar.com\/blog\/wp-content\/uploads\/2019\/07\/festival-gastronomico-de-pomerode-10-768x576.jpg 768w, https:\/\/quantocustaviajar.com\/blog\/wp-content\/uploads\/2019\/07\/festival-gastronomico-de-pomerode-10-1024x768.jpg 1024w\" sizes=\"auto, (max-width: 1280px) 100vw, 1280px\" \/><figcaption id=\"caption-attachment-35991\" class=\"wp-caption-text\">Foto: <a href=\"https:\/\/www.instagram.com\/andressaxavier\/\" target=\"_blank\" rel=\"noopener\">Andressa Xavier Pellanda<\/a><\/figcaption><\/figure>\n<p>Se essa \u00e9 a primeira vez que voc\u00ea participa de uma festa germ\u00e2nica no centro de eventos de Pomerode, saiba que existe uma log\u00edstica para facilitar a sua vida:<\/p>\n<ul>\n<li>Voc\u00ea escolhe uma das mesas para se sentar;<\/li>\n<li>Observe qual \u00e9 o n\u00famero da sua mesa;<\/li>\n<li>V\u00e1 at\u00e9 um dos boxes dos restaurantes e fa\u00e7a seu pedido;<\/li>\n<li>Pague a sua refei\u00e7\u00e3o diretamente no box, informe o n\u00famero da sua mesa e guarde seu comprovante;<\/li>\n<li>Quando seu prato estiver pronto, um gar\u00e7om do restaurante ir\u00e1 at\u00e9 a sua mesa para servi-la, coletando o comprovante.<\/li>\n<\/ul>\n<p>Com as bebidas funciona da mesma maneira:<\/p>\n<ul>\n<li>V\u00e1 at\u00e9 um dos caixas que vendem bebidas;<\/li>\n<li>Compre o item de sua prefer\u00eancia e pegue o comprovante;<\/li>\n<li>Sente-se em sua mesa e pe\u00e7a a bebida para um dos gar\u00e7ons. Ele pega seu comprovante e retorna com a bebida, que pode ser refrigerante, \u00e1gua, vinho, chope etc.<\/li>\n<\/ul>\n<p>Se quiser ir at\u00e9 um dos boxes de cervejarias ou de vinhos para trocar seu comprovante pela bebida, tamb\u00e9m \u00e9 poss\u00edvel.<\/p>\n<p>Dessa maneira, fica tudo bem organizado e com bastante comodidade para os visitantes. Tem bastante gar\u00e7ons e o atendimento \u00e9 r\u00e1pido, mesmo no hor\u00e1rio de rush do almo\u00e7o ;)<\/p>\n<figure id=\"attachment_35995\" aria-describedby=\"caption-attachment-35995\" style=\"width: 1280px\" class=\"wp-caption aligncenter\"><img loading=\"lazy\" decoding=\"async\" class=\"wp-image-35995 size-full\" src=\"https:\/\/quantocustaviajar.com\/blog\/wp-content\/uploads\/2019\/07\/festival-gastronomico-de-pomerode-14.jpg\" alt=\"Festival Gastron\u00f4mico de Pomerode\" width=\"1280\" height=\"960\" srcset=\"https:\/\/quantocustaviajar.com\/blog\/wp-content\/uploads\/2019\/07\/festival-gastronomico-de-pomerode-14.jpg 1280w, https:\/\/quantocustaviajar.com\/blog\/wp-content\/uploads\/2019\/07\/festival-gastronomico-de-pomerode-14-300x225.jpg 300w, https:\/\/quantocustaviajar.com\/blog\/wp-content\/uploads\/2019\/07\/festival-gastronomico-de-pomerode-14-768x576.jpg 768w, https:\/\/quantocustaviajar.com\/blog\/wp-content\/uploads\/2019\/07\/festival-gastronomico-de-pomerode-14-1024x768.jpg 1024w\" sizes=\"auto, (max-width: 1280px) 100vw, 1280px\" \/><figcaption id=\"caption-attachment-35995\" class=\"wp-caption-text\">Foto: <a href=\"https:\/\/www.instagram.com\/andressaxavier\/\" target=\"_blank\" rel=\"noopener\">Andressa Xavier Pellanda<\/a><\/figcaption><\/figure>\n<blockquote><p><a href=\"https:\/\/quantocustaviajar.com\/blog\/rota-da-cerveja-no-vale-do-itajai-sc\/\" target=\"_blank\" rel=\"noopener\"><strong>Ein prosit! Conhe\u00e7a as cidades e cervejarias que fazem parte da Rota da Cerveja no Vale do Itaja\u00ed em SC<\/strong><\/a><\/p><\/blockquote>\n<p>Pomerode \u00e9 considerada a cidade mais alem\u00e3 do Brasil e, com este evento, as tradi\u00e7\u00f5es germ\u00e2nicas ficam ainda mais evidentes. Durante a festa, m\u00fasicas alem\u00e3s ao vivo s\u00e3o tocadas no palco, deixando a atmosfera ainda mais animadas, bem t\u00edpica da regi\u00e3o da Bav\u00e1ria.<\/p>\n<p>Dezenas de barraquinhas est\u00e3o montadas com venda de produtos t\u00edpicos, como salames, doces, chocolates, cervejas artesanais, vinhos, itens de decora\u00e7\u00e3o, artesanatos e muito mais. As chances de voc\u00ea sair do Festival Gastron\u00f4mico de Pomerode com uma sacolinha s\u00e3o grandes!<\/p>\n<figure id=\"attachment_35992\" aria-describedby=\"caption-attachment-35992\" style=\"width: 1280px\" class=\"wp-caption aligncenter\"><img loading=\"lazy\" decoding=\"async\" class=\"wp-image-35992 size-full\" src=\"https:\/\/quantocustaviajar.com\/blog\/wp-content\/uploads\/2019\/07\/festival-gastronomico-de-pomerode-5.jpg\" alt=\"chocolates nugali em pomerode\" width=\"1280\" height=\"960\" srcset=\"https:\/\/quantocustaviajar.com\/blog\/wp-content\/uploads\/2019\/07\/festival-gastronomico-de-pomerode-5.jpg 1280w, https:\/\/quantocustaviajar.com\/blog\/wp-content\/uploads\/2019\/07\/festival-gastronomico-de-pomerode-5-300x225.jpg 300w, https:\/\/quantocustaviajar.com\/blog\/wp-content\/uploads\/2019\/07\/festival-gastronomico-de-pomerode-5-768x576.jpg 768w, https:\/\/quantocustaviajar.com\/blog\/wp-content\/uploads\/2019\/07\/festival-gastronomico-de-pomerode-5-1024x768.jpg 1024w\" sizes=\"auto, (max-width: 1280px) 100vw, 1280px\" \/><figcaption id=\"caption-attachment-35992\" class=\"wp-caption-text\">Foto: <a href=\"https:\/\/www.instagram.com\/andressaxavier\/\" target=\"_blank\" rel=\"noopener\">Andressa Xavier Pellanda<\/a><\/figcaption><\/figure>\n<blockquote><p><a href=\"https:\/\/quantocustaviajar.com\/blog\/cidades-brasil-parecem-europa\/\" target=\"_blank\" rel=\"noopener\"><strong>25 cidades no Brasil que se parecem com a Europa<\/strong><\/a><\/p><\/blockquote>\n<figure id=\"attachment_35993\" aria-describedby=\"caption-attachment-35993\" style=\"width: 1280px\" class=\"wp-caption aligncenter\"><img loading=\"lazy\" decoding=\"async\" class=\"wp-image-35993 size-full\" src=\"https:\/\/quantocustaviajar.com\/blog\/wp-content\/uploads\/2019\/07\/festival-gastronomico-de-pomerode-4.jpg\" alt=\"behling em pomerode\" width=\"1280\" height=\"960\" srcset=\"https:\/\/quantocustaviajar.com\/blog\/wp-content\/uploads\/2019\/07\/festival-gastronomico-de-pomerode-4.jpg 1280w, https:\/\/quantocustaviajar.com\/blog\/wp-content\/uploads\/2019\/07\/festival-gastronomico-de-pomerode-4-300x225.jpg 300w, https:\/\/quantocustaviajar.com\/blog\/wp-content\/uploads\/2019\/07\/festival-gastronomico-de-pomerode-4-768x576.jpg 768w, https:\/\/quantocustaviajar.com\/blog\/wp-content\/uploads\/2019\/07\/festival-gastronomico-de-pomerode-4-1024x768.jpg 1024w\" sizes=\"auto, (max-width: 1280px) 100vw, 1280px\" \/><figcaption id=\"caption-attachment-35993\" class=\"wp-caption-text\">Foto: <a href=\"https:\/\/www.instagram.com\/andressaxavier\/\" target=\"_blank\" rel=\"noopener\">Andressa Xavier Pellanda<\/a><\/figcaption><\/figure>\n<figure id=\"attachment_35994\" aria-describedby=\"caption-attachment-35994\" style=\"width: 1280px\" class=\"wp-caption aligncenter\"><img loading=\"lazy\" decoding=\"async\" class=\"wp-image-35994 size-full\" src=\"https:\/\/quantocustaviajar.com\/blog\/wp-content\/uploads\/2019\/07\/festival-gastronomico-de-pomerode-3.jpg\" alt=\"Guenther Pomerode\" width=\"1280\" height=\"960\" srcset=\"https:\/\/quantocustaviajar.com\/blog\/wp-content\/uploads\/2019\/07\/festival-gastronomico-de-pomerode-3.jpg 1280w, https:\/\/quantocustaviajar.com\/blog\/wp-content\/uploads\/2019\/07\/festival-gastronomico-de-pomerode-3-300x225.jpg 300w, https:\/\/quantocustaviajar.com\/blog\/wp-content\/uploads\/2019\/07\/festival-gastronomico-de-pomerode-3-768x576.jpg 768w, https:\/\/quantocustaviajar.com\/blog\/wp-content\/uploads\/2019\/07\/festival-gastronomico-de-pomerode-3-1024x768.jpg 1024w\" sizes=\"auto, (max-width: 1280px) 100vw, 1280px\" \/><figcaption id=\"caption-attachment-35994\" class=\"wp-caption-text\">Foto: <a href=\"https:\/\/www.instagram.com\/andressaxavier\/\" target=\"_blank\" rel=\"noopener\">Andressa Xavier Pellanda<\/a><\/figcaption><\/figure>\n<p><strong>Festival Gastron\u00f4mico de Pomerode<\/strong><\/p>\n<ul>\n<li>Data: de 3 a 21 de julho de 2019.<\/li>\n<li>Onde: no Centro de Eventos de Pomerode: Av. 21 de janeiro, 2700.<\/li>\n<li>Hor\u00e1rio de funcionamento: de segunda a quarta, das 18h \u00e0s 23h; de quinta a s\u00e1bado, das 18h \u00e0 meia-noite; domingos, das 10h \u00e0s 105h.<\/li>\n<li>Ingressos: R$ 10.<\/li>\n<li>Espa\u00e7o coberto e aquecido.<\/li>\n<\/ul>\n","protected":false},"excerpt":{"rendered":"<p>O Festival Gastron\u00f4mico de Pomerode \u00e9 marcado por comida boa e ambiente aconchegante. Mas, a edi\u00e7\u00e3o de 2019 est\u00e1 ainda mais especial. Com o tema &#8220;Viajando Pelos Sabores da Alemanha&#8221;, o evento traz pratos t\u00edpicos de cada regi\u00e3o, garantindo um dia bem especial para quem \u00e9 f\u00e3 da culin\u00e1ria alem\u00e3. A 15\u00aa edi\u00e7\u00e3o do Festival [&hellip;]<\/p>\n","protected":false},"author":11,"featured_media":35987,"comment_status":"open","ping_status":"open","sticky":false,"template":"","format":"standard","meta":{"cybocfi_hide_featured_image":"","footnotes":""},"categories":[1435],"tags":[176,266,90,2181,1464,187],"class_list":["post-35983","post","type-post","status-publish","format-standard","has-post-thumbnail","hentry","category-comes-bebes","tag-america-do-sul","tag-brasil","tag-comida","tag-cultura-alema","tag-pomerode","tag-santa-catarina"],"blocksy_meta":[],"yoast_head":"<!-- This site is optimized with the Yoast SEO plugin v26.3 - https:\/\/yoast.com\/wordpress\/plugins\/seo\/ -->\n<title>Festival Gastron\u00f4mico de Pomerode tem um monte de comida alem\u00e3 daora<\/title>\n<meta name=\"description\" content=\"A 15\u00aa edi\u00e7\u00e3o do Festival Gastron\u00f4mico de Pomerode acontece de 3 a 21 de julho. Confira o card\u00e1pio e saiba mais sobre essa festa maravilhosa.\" \/>\n<meta name=\"robots\" content=\"index, follow, max-snippet:-1, max-image-preview:large, max-video-preview:-1\" \/>\n<link rel=\"canonical\" href=\"https:\/\/quantocustaviajar.com\/blog\/festival-gastronomico-de-pomerode\/\" \/>\n<meta property=\"og:locale\" content=\"pt_BR\" \/>\n<meta property=\"og:type\" content=\"article\" \/>\n<meta property=\"og:title\" content=\"Festival Gastron\u00f4mico de Pomerode tem um monte de comida alem\u00e3 daora\" \/>\n<meta property=\"og:description\" content=\"A 15\u00aa edi\u00e7\u00e3o do Festival Gastron\u00f4mico de Pomerode acontece de 3 a 21 de julho. Confira o card\u00e1pio e saiba mais sobre essa festa maravilhosa.\" \/>\n<meta property=\"og:url\" content=\"https:\/\/quantocustaviajar.com\/blog\/festival-gastronomico-de-pomerode\/\" \/>\n<meta property=\"og:site_name\" content=\"Blog Quanto Custa Viajar\" \/>\n<meta property=\"article:publisher\" content=\"https:\/\/www.facebook.com\/quantocustaviajar\" \/>\n<meta property=\"article:published_time\" content=\"2019-07-11T14:33:13+00:00\" \/>\n<meta property=\"og:image\" content=\"https:\/\/quantocustaviajar.com\/blog\/wp-content\/uploads\/2019\/07\/festival-gastronomico-de-pomerode-7.jpg\" \/>\n\t<meta property=\"og:image:width\" content=\"1280\" \/>\n\t<meta property=\"og:image:height\" content=\"960\" \/>\n\t<meta property=\"og:image:type\" content=\"image\/jpeg\" \/>\n<meta name=\"author\" content=\"Andressa Xavier Pellanda\" \/>\n<meta name=\"twitter:card\" content=\"summary_large_image\" \/>\n<meta name=\"twitter:label1\" content=\"Escrito por\" \/>\n\t<meta name=\"twitter:data1\" content=\"Andressa Xavier Pellanda\" \/>\n\t<meta name=\"twitter:label2\" content=\"Est. tempo de leitura\" \/>\n\t<meta name=\"twitter:data2\" content=\"5 minutos\" \/>\n<!-- \/ Yoast SEO plugin. -->","yoast_head_json":{"title":"Festival Gastron\u00f4mico de Pomerode tem um monte de comida alem\u00e3 daora","description":"A 15\u00aa edi\u00e7\u00e3o do Festival Gastron\u00f4mico de Pomerode acontece de 3 a 21 de julho. Confira o card\u00e1pio e saiba mais sobre essa festa maravilhosa.","robots":{"index":"index","follow":"follow","max-snippet":"max-snippet:-1","max-image-preview":"max-image-preview:large","max-video-preview":"max-video-preview:-1"},"canonical":"https:\/\/quantocustaviajar.com\/blog\/festival-gastronomico-de-pomerode\/","og_locale":"pt_BR","og_type":"article","og_title":"Festival Gastron\u00f4mico de Pomerode tem um monte de comida alem\u00e3 daora","og_description":"A 15\u00aa edi\u00e7\u00e3o do Festival Gastron\u00f4mico de Pomerode acontece de 3 a 21 de julho. Confira o card\u00e1pio e saiba mais sobre essa festa maravilhosa.","og_url":"https:\/\/quantocustaviajar.com\/blog\/festival-gastronomico-de-pomerode\/","og_site_name":"Blog Quanto Custa Viajar","article_publisher":"https:\/\/www.facebook.com\/quantocustaviajar","article_published_time":"2019-07-11T14:33:13+00:00","og_image":[{"width":1280,"height":960,"url":"https:\/\/quantocustaviajar.com\/blog\/wp-content\/uploads\/2019\/07\/festival-gastronomico-de-pomerode-7.jpg","type":"image\/jpeg"}],"author":"Andressa Xavier Pellanda","twitter_card":"summary_large_image","twitter_misc":{"Escrito por":"Andressa Xavier Pellanda","Est. tempo de leitura":"5 minutos"},"schema":{"@context":"https:\/\/schema.org","@graph":[{"@type":["Article","BlogPosting"],"@id":"https:\/\/quantocustaviajar.com\/blog\/festival-gastronomico-de-pomerode\/#article","isPartOf":{"@id":"https:\/\/quantocustaviajar.com\/blog\/festival-gastronomico-de-pomerode\/"},"author":{"name":"Andressa Xavier Pellanda","@id":"https:\/\/quantocustaviajar.com\/blog\/#\/schema\/person\/81b0aaf2069da1a2da54677906b42d3c"},"headline":"Festival Gastron\u00f4mico de Pomerode tem um monte de comida alem\u00e3 daora!","datePublished":"2019-07-11T14:33:13+00:00","mainEntityOfPage":{"@id":"https:\/\/quantocustaviajar.com\/blog\/festival-gastronomico-de-pomerode\/"},"wordCount":1070,"commentCount":2,"publisher":{"@id":"https:\/\/quantocustaviajar.com\/blog\/#organization"},"image":{"@id":"https:\/\/quantocustaviajar.com\/blog\/festival-gastronomico-de-pomerode\/#primaryimage"},"thumbnailUrl":"https:\/\/quantocustaviajar.com\/blog\/wp-content\/uploads\/2019\/07\/festival-gastronomico-de-pomerode-7.jpg","keywords":["am\u00e9rica do sul","Brasil","comida","cultura alem\u00e3","pomerode","Santa Catarina"],"articleSection":["Comes &amp; Bebes"],"inLanguage":"pt-BR","potentialAction":[{"@type":"CommentAction","name":"Comment","target":["https:\/\/quantocustaviajar.com\/blog\/festival-gastronomico-de-pomerode\/#respond"]}]},{"@type":"WebPage","@id":"https:\/\/quantocustaviajar.com\/blog\/festival-gastronomico-de-pomerode\/","url":"https:\/\/quantocustaviajar.com\/blog\/festival-gastronomico-de-pomerode\/","name":"Festival Gastron\u00f4mico de Pomerode tem um monte de comida alem\u00e3 daora","isPartOf":{"@id":"https:\/\/quantocustaviajar.com\/blog\/#website"},"primaryImageOfPage":{"@id":"https:\/\/quantocustaviajar.com\/blog\/festival-gastronomico-de-pomerode\/#primaryimage"},"image":{"@id":"https:\/\/quantocustaviajar.com\/blog\/festival-gastronomico-de-pomerode\/#primaryimage"},"thumbnailUrl":"https:\/\/quantocustaviajar.com\/blog\/wp-content\/uploads\/2019\/07\/festival-gastronomico-de-pomerode-7.jpg","datePublished":"2019-07-11T14:33:13+00:00","description":"A 15\u00aa edi\u00e7\u00e3o do Festival Gastron\u00f4mico de Pomerode acontece de 3 a 21 de julho. Confira o card\u00e1pio e saiba mais sobre essa festa maravilhosa.","breadcrumb":{"@id":"https:\/\/quantocustaviajar.com\/blog\/festival-gastronomico-de-pomerode\/#breadcrumb"},"inLanguage":"pt-BR","potentialAction":[{"@type":"ReadAction","target":["https:\/\/quantocustaviajar.com\/blog\/festival-gastronomico-de-pomerode\/"]}]},{"@type":"ImageObject","inLanguage":"pt-BR","@id":"https:\/\/quantocustaviajar.com\/blog\/festival-gastronomico-de-pomerode\/#primaryimage","url":"https:\/\/quantocustaviajar.com\/blog\/wp-content\/uploads\/2019\/07\/festival-gastronomico-de-pomerode-7.jpg","contentUrl":"https:\/\/quantocustaviajar.com\/blog\/wp-content\/uploads\/2019\/07\/festival-gastronomico-de-pomerode-7.jpg","width":1280,"height":960,"caption":"Foto: Andressa Xavier Pellanda"},{"@type":"BreadcrumbList","@id":"https:\/\/quantocustaviajar.com\/blog\/festival-gastronomico-de-pomerode\/#breadcrumb","itemListElement":[{"@type":"ListItem","position":1,"name":"In\u00edcio","item":"https:\/\/quantocustaviajar.com\/blog\/"},{"@type":"ListItem","position":2,"name":"Festival Gastron\u00f4mico de Pomerode tem um monte de comida alem\u00e3 daora!"}]},{"@type":"WebSite","@id":"https:\/\/quantocustaviajar.com\/blog\/#website","url":"https:\/\/quantocustaviajar.com\/blog\/","name":"Blog Quanto Custa Viajar","description":"","publisher":{"@id":"https:\/\/quantocustaviajar.com\/blog\/#organization"},"potentialAction":[{"@type":"SearchAction","target":{"@type":"EntryPoint","urlTemplate":"https:\/\/quantocustaviajar.com\/blog\/?s={search_term_string}"},"query-input":{"@type":"PropertyValueSpecification","valueRequired":true,"valueName":"search_term_string"}}],"inLanguage":"pt-BR"},{"@type":"Organization","@id":"https:\/\/quantocustaviajar.com\/blog\/#organization","name":"Quanto Custa Viajar","url":"https:\/\/quantocustaviajar.com\/blog\/","logo":{"@type":"ImageObject","inLanguage":"pt-BR","@id":"https:\/\/quantocustaviajar.com\/blog\/#\/schema\/logo\/image\/","url":"","contentUrl":"","caption":"Quanto Custa Viajar"},"image":{"@id":"https:\/\/quantocustaviajar.com\/blog\/#\/schema\/logo\/image\/"},"sameAs":["https:\/\/www.facebook.com\/quantocustaviajar"]},{"@type":"Person","@id":"https:\/\/quantocustaviajar.com\/blog\/#\/schema\/person\/81b0aaf2069da1a2da54677906b42d3c","name":"Andressa Xavier Pellanda","image":{"@type":"ImageObject","inLanguage":"pt-BR","@id":"https:\/\/quantocustaviajar.com\/blog\/#\/schema\/person\/image\/","url":"https:\/\/secure.gravatar.com\/avatar\/efccc167c341de2100a574b335de06f5efda2310964e70124d995491728ed674?s=96&d=mm&r=g","contentUrl":"https:\/\/secure.gravatar.com\/avatar\/efccc167c341de2100a574b335de06f5efda2310964e70124d995491728ed674?s=96&d=mm&r=g","caption":"Andressa Xavier Pellanda"},"description":"Eu gosto de viajar antes mesmo de chegar ao destino!","url":"https:\/\/quantocustaviajar.com\/blog\/author\/andressa\/"}]}},"_links":{"self":[{"href":"https:\/\/quantocustaviajar.com\/blog\/wp-json\/wp\/v2\/posts\/35983","targetHints":{"allow":["GET"]}}],"collection":[{"href":"https:\/\/quantocustaviajar.com\/blog\/wp-json\/wp\/v2\/posts"}],"about":[{"href":"https:\/\/quantocustaviajar.com\/blog\/wp-json\/wp\/v2\/types\/post"}],"author":[{"embeddable":true,"href":"https:\/\/quantocustaviajar.com\/blog\/wp-json\/wp\/v2\/users\/11"}],"replies":[{"embeddable":true,"href":"https:\/\/quantocustaviajar.com\/blog\/wp-json\/wp\/v2\/comments?post=35983"}],"version-history":[{"count":4,"href":"https:\/\/quantocustaviajar.com\/blog\/wp-json\/wp\/v2\/posts\/35983\/revisions"}],"predecessor-version":[{"id":36172,"href":"https:\/\/quantocustaviajar.com\/blog\/wp-json\/wp\/v2\/posts\/35983\/revisions\/36172"}],"wp:featuredmedia":[{"embeddable":true,"href":"https:\/\/quantocustaviajar.com\/blog\/wp-json\/wp\/v2\/media\/35987"}],"wp:attachment":[{"href":"https:\/\/quantocustaviajar.com\/blog\/wp-json\/wp\/v2\/media?parent=35983"}],"wp:term":[{"taxonomy":"category","embeddable":true,"href":"https:\/\/quantocustaviajar.com\/blog\/wp-json\/wp\/v2\/categories?post=35983"},{"taxonomy":"post_tag","embeddable":true,"href":"https:\/\/quantocustaviajar.com\/blog\/wp-json\/wp\/v2\/tags?post=35983"}],"curies":[{"name":"wp","href":"https:\/\/api.w.org\/{rel}","templated":true}]}}