{"id":35946,"date":"2019-07-10T17:49:18","date_gmt":"2019-07-10T17:49:18","guid":{"rendered":"https:\/\/quantocustaviajar.com\/blog\/?p=35946"},"modified":"2021-07-29T13:58:12","modified_gmt":"2021-07-29T13:58:12","slug":"trem-turistico-de-sao-paulo-a-santos-pode-ser-reativado","status":"publish","type":"post","link":"https:\/\/quantocustaviajar.com\/blog\/trem-turistico-de-sao-paulo-a-santos-pode-ser-reativado\/","title":{"rendered":"Trem tur\u00edstico de S\u00e3o Paulo a Santos pode ser reativado"},"content":{"rendered":"<p>Viajar atrav\u00e9s dos trilhos ainda\u00a0n\u00e3o \u00e9 uma pr\u00e1tica muito comum no Brasil, mas num futuro pr\u00f3ximo, quem sabe! O <strong>trem tur\u00edstico de S\u00e3o Paulo a Santos ser\u00e1 reativado<\/strong> segundo promessa do governo do Estado, voltando a conectar paulistanos com o litoral como antigamente, quando existia um funicular entre ambas.<\/p>\n<p>O atual governador de S\u00e3o Paulo, Jo\u00e3o Doria, afirmou que est\u00e3o sendo realizados estudos para <strong>reativa\u00e7\u00e3o do trem de passageiros, extinto h\u00e1 40 anos<\/strong>.\u00a0Recentemente foram feitas duas viagens experimentais para testar o trecho a bordo de vag\u00f5es tur\u00edsticos. O trajeto durou duas horas, ou seja, uma hora a mais do que de carro.<\/p>\n<p>A ideia \u00e9 promissora, afinal, a <a href=\"https:\/\/quantocustaviajar.com\/blog\/roadtrip-saindo-de-sao-paulo-roteiros\/\" target=\"_blank\" rel=\"noopener noreferrer\">Serra do Mar<\/a> tem belas paisagens e parte das pessoas sai diariamente de Santos para trabalhar na capital. Por\u00e9m, n\u00e3o \u00e9 t\u00e3o simples tir\u00e1-la do papel, ainda mais no estado em que <strong>apenas 22% dos 1.375 km de linhas de trem s\u00e3o para o transporte de pessoas<\/strong>.<\/p>\n<p>A linha operada pela concession\u00e1ria de carga MRS funciona desde 1970 para subir e descer a Serra do Mar, por\u00e9m trata-se de uma cremalheira, um tipo de trilho que n\u00e3o \u00e9 o mais eficiente para transportar viajantes. Ao longo de 10 km, as locomotivas alem\u00e3s el\u00e9tricas realizam o transporte de mercadorias num percurso de cerca de 30 minutos, fazendo apenas uma viagem por vez.<\/p>\n<figure id=\"attachment_36083\" aria-describedby=\"caption-attachment-36083\" style=\"width: 750px\" class=\"wp-caption aligncenter\"><a href=\"https:\/\/quantocustaviajar.com\/blog\/wp-content\/uploads\/2019\/07\/trem-sp-santos.jpg\"><img loading=\"lazy\" decoding=\"async\" class=\"wp-image-36083 size-full\" src=\"https:\/\/quantocustaviajar.com\/blog\/wp-content\/uploads\/2019\/07\/trem-sp-santos.jpg\" alt=\"\" width=\"750\" height=\"500\" srcset=\"https:\/\/quantocustaviajar.com\/blog\/wp-content\/uploads\/2019\/07\/trem-sp-santos.jpg 750w, https:\/\/quantocustaviajar.com\/blog\/wp-content\/uploads\/2019\/07\/trem-sp-santos-300x200.jpg 300w\" sizes=\"auto, (max-width: 750px) 100vw, 750px\" \/><\/a><figcaption id=\"caption-attachment-36083\" class=\"wp-caption-text\">Foto: divulga\u00e7\u00e3o\/Metr\u00f4-CPTM<\/figcaption><\/figure>\n<p>Al\u00e9m deste, <strong>um dos problemas para adapta\u00e7\u00e3o ou expans\u00e3o do trem \u00e9 a altitude<\/strong>, que entre capital e litoral tem cerca de 760 metros de diferen\u00e7a. Ou seja, \u00e9 uma quest\u00e3o complexa de se solucionar, pois o percurso de quase 80 km tem muitos desafios, como o da cremalheira, que seria o maior deles.<\/p>\n<p>A antiga esta\u00e7\u00e3o de trem de Santos, chamada de Valongo e inaugurada em 1867, \u00e9 atualmente a Secretaria de Turismo da cidade. Para o novo trecho tur\u00edstico, operado apenas aos finais de semana, o plano seria <strong>partir da Esta\u00e7\u00e3o da Luz<\/strong>, seguir pelos mesmos trilhos que levam \u00e0 Paranapiacaba, descendo depois para a baixada santista. O ponto final seria o terminal Giusfredo Santini, de passageiros de navios cruzeiros.<\/p>\n<figure id=\"attachment_49413\" aria-describedby=\"caption-attachment-49413\" style=\"width: 1024px\" class=\"wp-caption aligncenter\"><img loading=\"lazy\" decoding=\"async\" class=\"size-full wp-image-49413\" src=\"https:\/\/quantocustaviajar.com\/blog\/wp-content\/uploads\/2019\/07\/1024px-CPTM_train.jpg\" alt=\"\" width=\"1024\" height=\"718\" srcset=\"https:\/\/quantocustaviajar.com\/blog\/wp-content\/uploads\/2019\/07\/1024px-CPTM_train.jpg 1024w, https:\/\/quantocustaviajar.com\/blog\/wp-content\/uploads\/2019\/07\/1024px-CPTM_train-300x210.jpg 300w, https:\/\/quantocustaviajar.com\/blog\/wp-content\/uploads\/2019\/07\/1024px-CPTM_train-768x539.jpg 768w\" sizes=\"auto, (max-width: 1024px) 100vw, 1024px\" \/><figcaption id=\"caption-attachment-49413\" class=\"wp-caption-text\">Foto: <a href=\"https:\/\/upload.wikimedia.org\/wikipedia\/commons\/thumb\/2\/2f\/CPTM_train.jpg\/1024px-CPTM_train.jpg\" target=\"_blank\" rel=\"noopener noreferrer\">Wikipedia<\/a><\/figcaption><\/figure>\n<p>Vale lembrar que entre 2010 e 2011 a CPTM\u00a0 (Companhia Paulista de Trens Metropolitanos) lan\u00e7ou <a href=\"https:\/\/viatrolebus.com.br\/2011\/05\/cptm-lanca-edital-para-estudos-de-trem-regional\/\" target=\"_blank\" rel=\"noopener noreferrer\">uma licita\u00e7\u00e3o e um edital<\/a> para estudos de trem regional entre S\u00e3o Paulo e Santos. Na \u00e9poca, foram analisados dois projetos, que contemplavam ou a cria\u00e7\u00e3o de novos t\u00faneis ou um novo sistema de cremalheira.<\/p>\n<p>Ser\u00e1 que a campanha de reativa\u00e7\u00e3o do trem tur\u00edstico de S\u00e3o Paulo a Santos sai do papel?<\/p>\n<figure id=\"attachment_36084\" aria-describedby=\"caption-attachment-36084\" style=\"width: 694px\" class=\"wp-caption aligncenter\"><a href=\"https:\/\/quantocustaviajar.com\/blog\/wp-content\/uploads\/2019\/07\/trem-serra-do-mar.jpg\"><img loading=\"lazy\" decoding=\"async\" class=\"wp-image-36084 \" src=\"https:\/\/quantocustaviajar.com\/blog\/wp-content\/uploads\/2019\/07\/trem-serra-do-mar.jpg\" alt=\"\" width=\"694\" height=\"383\" srcset=\"https:\/\/quantocustaviajar.com\/blog\/wp-content\/uploads\/2019\/07\/trem-serra-do-mar.jpg 960w, https:\/\/quantocustaviajar.com\/blog\/wp-content\/uploads\/2019\/07\/trem-serra-do-mar-300x166.jpg 300w, https:\/\/quantocustaviajar.com\/blog\/wp-content\/uploads\/2019\/07\/trem-serra-do-mar-768x424.jpg 768w\" sizes=\"auto, (max-width: 694px) 100vw, 694px\" \/><\/a><figcaption id=\"caption-attachment-36084\" class=\"wp-caption-text\">Foto: divulga\u00e7\u00e3o\/Sistema Ambiental Paulista<\/figcaption><\/figure>\n<h2>Passeio de bonde em Santos<\/h2>\n<p>Com ou sem trem ligando a S\u00e3o Paulo, fato \u00e9 que Santos tem um hist\u00f3rico com os trilhos, abrigando a primeira ferrovia paulista no s\u00e9culo 19 e assim dando origem ao primeiro servi\u00e7o de bondes do Brasil. Ainda no pioneirismo, a cidade litor\u00e2nea fabricou a primeira locomotiva el\u00e9trica do pa\u00eds.<\/p>\n<figure id=\"attachment_49411\" aria-describedby=\"caption-attachment-49411\" style=\"width: 799px\" class=\"wp-caption aligncenter\"><img loading=\"lazy\" decoding=\"async\" class=\"size-full wp-image-49411\" src=\"https:\/\/quantocustaviajar.com\/blog\/wp-content\/uploads\/2019\/07\/26033618427_f847b8a255_c.jpg\" alt=\"\" width=\"799\" height=\"464\" srcset=\"https:\/\/quantocustaviajar.com\/blog\/wp-content\/uploads\/2019\/07\/26033618427_f847b8a255_c.jpg 799w, https:\/\/quantocustaviajar.com\/blog\/wp-content\/uploads\/2019\/07\/26033618427_f847b8a255_c-300x174.jpg 300w, https:\/\/quantocustaviajar.com\/blog\/wp-content\/uploads\/2019\/07\/26033618427_f847b8a255_c-768x446.jpg 768w\" sizes=\"auto, (max-width: 799px) 100vw, 799px\" \/><figcaption id=\"caption-attachment-49411\" class=\"wp-caption-text\">Foto: <a href=\"https:\/\/www.flickr.com\/photos\/mturdestinos\/26033618427\/in\/album-72157666890133388\/\" target=\"_blank\" rel=\"noopener noreferrer\">Rog\u00e9rio Cassimiro &#8211; MTUR<\/a><\/figcaption><\/figure>\n<p>Mesmo que n\u00e3o sirvam mais como meio de transporte cotidiano, os bondinhos el\u00e9tricos sempre marcaram presen\u00e7a por ali, sejam como rel\u00edquia hist\u00f3rica ou para uso tur\u00edstico, implementado a partir dos anos 2000. Os bondes dos s\u00e9culos 19 e 20 passam por 40 pontos de interesse hist\u00f3rico e cultural, como o Museu do Pel\u00e9 e o Museu de Pesca.<\/p>\n<ul>\n<li><strong><a href=\"https:\/\/quantocustaviajar.com\/blog\/viagens-de-trem-no-brasil\/\" target=\"_blank\" rel=\"noopener noreferrer\">Viagens de trem no Brasil: paisagens, m\u00fasica ao vivo e at\u00e9 degusta\u00e7\u00e3o de vinho a bordo<\/a><\/strong><\/li>\n<\/ul>\n<figure id=\"attachment_36025\" aria-describedby=\"caption-attachment-36025\" style=\"width: 700px\" class=\"wp-caption aligncenter\"><img loading=\"lazy\" decoding=\"async\" class=\"size-full wp-image-36025\" src=\"https:\/\/quantocustaviajar.com\/blog\/wp-content\/uploads\/2019\/07\/mapa_bonde-santos.jpg\" alt=\"\" width=\"700\" height=\"340\" srcset=\"https:\/\/quantocustaviajar.com\/blog\/wp-content\/uploads\/2019\/07\/mapa_bonde-santos.jpg 700w, https:\/\/quantocustaviajar.com\/blog\/wp-content\/uploads\/2019\/07\/mapa_bonde-santos-300x146.jpg 300w\" sizes=\"auto, (max-width: 700px) 100vw, 700px\" \/><figcaption id=\"caption-attachment-36025\" class=\"wp-caption-text\">Foto: divulga\u00e7\u00e3o\/Secretaria do Turismo de Santos<\/figcaption><\/figure>\n<p>Os turistas podem ter a chance de percorrer 5 km a bordo do Bonde 32, o mais antigo el\u00e9trico em circula\u00e7\u00e3o no pa\u00eds. Mas h\u00e1 tamb\u00e9m outros ve\u00edculos interessantes para um passeio:<\/p>\n<ul>\n<li>o bonde escoc\u00eas n\u00famero 40, apelidado de &#8220;camar\u00e3o&#8221; devido \u00e0 cor original, vermelha;<\/li>\n<li>o bonde 224, que veio de Portugal, mantido com interior original e lustres de \u00e9poca;<\/li>\n<\/ul>\n<ul>\n<li>o bonde Caf\u00e9, doado pela It\u00e1lia e com degusta\u00e7\u00e3o de caf\u00e9 elaborado com gr\u00e3os selecionados pelo Museu do Caf\u00e9;<\/li>\n<li>o bonde Arte, inspirado na obra Plano em Superf\u00edcie Modulada n\u00ba 5 (1957), de Lygia Clark;<\/li>\n<\/ul>\n<ul>\n<li>o Reboque 38, que \u00e9 uma adapta\u00e7\u00e3o de um bonde exposto em Campos do Jord\u00e3o e o maior em circula\u00e7\u00e3o na cidade.<\/li>\n<li>o Reboque Pequeno, que em 1871 era movido a tra\u00e7\u00e3o animal e foi adaptado;<\/li>\n<\/ul>\n<p>Os motorneiros e condutores vestem r\u00e9plicas do uniforme original da \u00e9poca, aumentando a sensa\u00e7\u00e3o de uma viagem no tempo. Vez ou outra os passeios ganham ainda mais <strong>adapta\u00e7\u00f5es tem\u00e1ticas<\/strong>, como o <strong>Bonde do Harry Potter<\/strong>, lan\u00e7ado junto ao Santos Festival Geek, em novembro de 2018. Na ocasi\u00e3o, os passageiros puderam interagir com covers dos personagens da s\u00e9rie e participar de gincanas e uma oficina de herbologia (estudo das plantas do mundo bruxo).<\/p>\n<p><strong>O passeio de bonde acontece diariamente<\/strong>, saindo do Largo Marqu\u00eas de Monte Alegre n\u00ba 2, Valongo &#8211; Centro Hist\u00f3rico. O ingresso custa R$ 7,00 e s\u00f3 pode ser pago em dinheiro. Crian\u00e7as at\u00e9 5 anos n\u00e3o pagam. Quem quiser mais praticidade pode agendar atrav\u00e9s do site da\u00a0<a href=\"https:\/\/egov1.santos.sp.gov.br\/turismo\" target=\"_blank\" rel=\"noopener noreferrer\">SISTUR<\/a>.<\/p>\n<p>Na charmosa Esta\u00e7\u00e3o Valongo foi constru\u00eddo um galp\u00e3o para abrigar o <strong>Museu Vivo Internacional de Bondes<\/strong>, o primeiro da <a href=\"https:\/\/quantocustaviajar.com\/blog\/o-primeiro-mosteiro-zen-budista-brasil\/\" target=\"_blank\" rel=\"noopener noreferrer\">Am\u00e9rica Latina<\/a>, contando com exposi\u00e7\u00e3o din\u00e2mica dos diversos ve\u00edculos da linha para turismo, oriundos de pa\u00edses como <a href=\"https:\/\/quantocustaviajar.com\/blog\/piscinas-das-fadas-escocia\/\" target=\"_blank\" rel=\"noopener noreferrer\">Esc\u00f3cia<\/a>, <a href=\"https:\/\/quantocustaviajar.com\/blog\/de-portugal-ao-vietna-de-trem\/\" target=\"_blank\" rel=\"noopener noreferrer\">Portugal<\/a>, <a href=\"https:\/\/quantocustaviajar.com\/blog\/viagem-de-trem-na-sicilia\/\" target=\"_blank\" rel=\"noopener noreferrer\">It\u00e1lia<\/a> e <a href=\"https:\/\/quantocustaviajar.com\/blog\/novo-trem-de-luxo-do-japao\/\" target=\"_blank\" rel=\"noopener noreferrer\">Jap\u00e3o<\/a>.<\/p>\n<h3>Esta\u00e7\u00e3o Bistr\u00f4<\/h3>\n<p>O edif\u00edcio de fei\u00e7\u00f5es neocl\u00e1ssicas e vitorianas abriga ainda um bistr\u00f4, temperado com pitadas de solidariedade. Trata-se de um <strong>restaurante-escola<\/strong>, elaborado a partir da parceria entre a Universidade Cat\u00f3lica de Santos e a Prefeitura de Santos para inclus\u00e3o de jovens de 18 a 29 anos em situa\u00e7\u00e3o de vulnerabilidade pessoal e social.<\/p>\n<p>Diariamente, os alunos preparam duas op\u00e7\u00f5es de prato para o <strong>menu executivo, que custa R$ 32,90<\/strong> (prato e sobremesa do dia + bebida). J\u00e1 o card\u00e1pio fixo, dispon\u00edvel aos s\u00e1bados, tem op\u00e7\u00f5es mais refinadas, como o <strong>Escondidinho Cai\u00e7ara<\/strong>, composto por peixe desfiado, mu\u00e7arela de b\u00fafala, pur\u00ea de banana da terra, salada de agri\u00e3o e arroz branco (R$ 42,00).<\/p>\n<p>As refei\u00e7\u00f5es s\u00e3o servidas no elegante sal\u00e3o, que tem como chamariz o antigo piso hidr\u00e1ulico e um enorme lustre ornamentado com x\u00edcaras, pires e bules.<\/p>\n<blockquote><p><a href=\"http:\/\/quantocustaviajar.com\/brasil\/santos\" target=\"_blank\" rel=\"noopener noreferrer\">Gostou? Confira quanto custa viajar para Santos agora mesmo!<\/a><\/p><\/blockquote>\n<figure id=\"attachment_36024\" aria-describedby=\"caption-attachment-36024\" style=\"width: 700px\" class=\"wp-caption aligncenter\"><img loading=\"lazy\" decoding=\"async\" class=\"size-full wp-image-36024\" src=\"https:\/\/quantocustaviajar.com\/blog\/wp-content\/uploads\/2019\/07\/esta\u00e7\u00e3o-bistro-santos.jpg\" alt=\"\" width=\"700\" height=\"462\" srcset=\"https:\/\/quantocustaviajar.com\/blog\/wp-content\/uploads\/2019\/07\/esta\u00e7\u00e3o-bistro-santos.jpg 700w, https:\/\/quantocustaviajar.com\/blog\/wp-content\/uploads\/2019\/07\/esta\u00e7\u00e3o-bistro-santos-300x198.jpg 300w\" sizes=\"auto, (max-width: 700px) 100vw, 700px\" \/><figcaption id=\"caption-attachment-36024\" class=\"wp-caption-text\">Foto: divulga\u00e7\u00e3o\/Prefeitura de Santos<\/figcaption><\/figure>\n<blockquote class=\"wp-embedded-content\" data-secret=\"9u5yKiKztC\"><p><a href=\"https:\/\/quantocustaviajar.com\/blog\/trem-rio-minas-passeio-turistico\/\">Trem Rio-Minas: trem tur\u00edstico interestadual est\u00e1 prestes a fazer viagem<\/a><\/p><\/blockquote>\n<p><iframe loading=\"lazy\" class=\"wp-embedded-content\" sandbox=\"allow-scripts\" security=\"restricted\" style=\"position: absolute; visibility: hidden;\" title=\"&#8220;Trem Rio-Minas: trem tur\u00edstico interestadual est\u00e1 prestes a fazer viagem&#8221; &#8212; Blog Quanto Custa Viajar\" src=\"https:\/\/quantocustaviajar.com\/blog\/trem-rio-minas-passeio-turistico\/embed\/#?secret=MINWYD5gea#?secret=9u5yKiKztC\" data-secret=\"9u5yKiKztC\" width=\"600\" height=\"338\" frameborder=\"0\" marginwidth=\"0\" marginheight=\"0\" scrolling=\"no\"><\/iframe><\/p>\n","protected":false},"excerpt":{"rendered":"<p>Viajar atrav\u00e9s dos trilhos ainda\u00a0n\u00e3o \u00e9 uma pr\u00e1tica muito comum no Brasil, mas num futuro pr\u00f3ximo, quem sabe! O trem tur\u00edstico de S\u00e3o Paulo a Santos ser\u00e1 reativado segundo promessa do governo do Estado, voltando a conectar paulistanos com o litoral como antigamente, quando existia um funicular entre ambas. O atual governador de S\u00e3o Paulo, [&hellip;]<\/p>\n","protected":false},"author":4,"featured_media":49414,"comment_status":"open","ping_status":"open","sticky":false,"template":"","format":"standard","meta":{"cybocfi_hide_featured_image":"","footnotes":""},"categories":[1434,1515],"tags":[176,2175,266,512,513,309,2174,303,158,1115],"class_list":["post-35946","post","type-post","status-publish","format-standard","has-post-thumbnail","hentry","category-descubra-brasil","category-novidades","tag-america-do-sul","tag-bonde","tag-brasil","tag-litoral","tag-passeios-diferentes","tag-praia","tag-santos","tag-sao-paulo","tag-trem","tag-viagem-de-trem"],"blocksy_meta":[],"yoast_head":"<!-- This site is optimized with the Yoast SEO plugin v26.3 - https:\/\/yoast.com\/wordpress\/plugins\/seo\/ -->\n<title>Trem tur\u00edstico de S\u00e3o Paulo a Santos pode ser reativado - Blog Quanto Custa Viajar<\/title>\n<meta name=\"robots\" content=\"index, follow, max-snippet:-1, max-image-preview:large, max-video-preview:-1\" \/>\n<link rel=\"canonical\" href=\"https:\/\/quantocustaviajar.com\/blog\/trem-turistico-de-sao-paulo-a-santos-pode-ser-reativado\/\" \/>\n<meta property=\"og:locale\" content=\"pt_BR\" \/>\n<meta property=\"og:type\" content=\"article\" \/>\n<meta property=\"og:title\" content=\"Trem tur\u00edstico de S\u00e3o Paulo a Santos pode ser reativado - Blog Quanto Custa Viajar\" \/>\n<meta property=\"og:description\" content=\"Viajar atrav\u00e9s dos trilhos ainda\u00a0n\u00e3o \u00e9 uma pr\u00e1tica muito comum no Brasil, mas num futuro pr\u00f3ximo, quem sabe! O trem tur\u00edstico de S\u00e3o Paulo a Santos ser\u00e1 reativado segundo promessa do governo do Estado, voltando a conectar paulistanos com o litoral como antigamente, quando existia um funicular entre ambas. O atual governador de S\u00e3o Paulo, [&hellip;]\" \/>\n<meta property=\"og:url\" content=\"https:\/\/quantocustaviajar.com\/blog\/trem-turistico-de-sao-paulo-a-santos-pode-ser-reativado\/\" \/>\n<meta property=\"og:site_name\" content=\"Blog Quanto Custa Viajar\" \/>\n<meta property=\"article:publisher\" content=\"https:\/\/www.facebook.com\/quantocustaviajar\" \/>\n<meta property=\"article:author\" content=\"https:\/\/www.facebook.com\/brunellapfvr\/posts\" \/>\n<meta property=\"article:published_time\" content=\"2019-07-10T17:49:18+00:00\" \/>\n<meta property=\"article:modified_time\" content=\"2021-07-29T13:58:12+00:00\" \/>\n<meta property=\"og:image\" content=\"https:\/\/quantocustaviajar.com\/blog\/wp-content\/uploads\/2019\/07\/1024px-TRA_R109_Ordinary_Train_20160228.jpg\" \/>\n\t<meta property=\"og:image:width\" content=\"1024\" \/>\n\t<meta property=\"og:image:height\" content=\"684\" \/>\n\t<meta property=\"og:image:type\" content=\"image\/jpeg\" \/>\n<meta name=\"author\" content=\"Brunella Nunes\" \/>\n<meta name=\"twitter:card\" content=\"summary_large_image\" \/>\n<meta name=\"twitter:label1\" content=\"Escrito por\" \/>\n\t<meta name=\"twitter:data1\" content=\"Brunella Nunes\" \/>\n\t<meta name=\"twitter:label2\" content=\"Est. tempo de leitura\" \/>\n\t<meta name=\"twitter:data2\" content=\"6 minutos\" \/>\n<!-- \/ Yoast SEO plugin. -->","yoast_head_json":{"title":"Trem tur\u00edstico de S\u00e3o Paulo a Santos pode ser reativado - Blog Quanto Custa Viajar","robots":{"index":"index","follow":"follow","max-snippet":"max-snippet:-1","max-image-preview":"max-image-preview:large","max-video-preview":"max-video-preview:-1"},"canonical":"https:\/\/quantocustaviajar.com\/blog\/trem-turistico-de-sao-paulo-a-santos-pode-ser-reativado\/","og_locale":"pt_BR","og_type":"article","og_title":"Trem tur\u00edstico de S\u00e3o Paulo a Santos pode ser reativado - Blog Quanto Custa Viajar","og_description":"Viajar atrav\u00e9s dos trilhos ainda\u00a0n\u00e3o \u00e9 uma pr\u00e1tica muito comum no Brasil, mas num futuro pr\u00f3ximo, quem sabe! O trem tur\u00edstico de S\u00e3o Paulo a Santos ser\u00e1 reativado segundo promessa do governo do Estado, voltando a conectar paulistanos com o litoral como antigamente, quando existia um funicular entre ambas. O atual governador de S\u00e3o Paulo, [&hellip;]","og_url":"https:\/\/quantocustaviajar.com\/blog\/trem-turistico-de-sao-paulo-a-santos-pode-ser-reativado\/","og_site_name":"Blog Quanto Custa Viajar","article_publisher":"https:\/\/www.facebook.com\/quantocustaviajar","article_author":"https:\/\/www.facebook.com\/brunellapfvr\/posts","article_published_time":"2019-07-10T17:49:18+00:00","article_modified_time":"2021-07-29T13:58:12+00:00","og_image":[{"width":1024,"height":684,"url":"https:\/\/quantocustaviajar.com\/blog\/wp-content\/uploads\/2019\/07\/1024px-TRA_R109_Ordinary_Train_20160228.jpg","type":"image\/jpeg"}],"author":"Brunella Nunes","twitter_card":"summary_large_image","twitter_misc":{"Escrito por":"Brunella Nunes","Est. tempo de leitura":"6 minutos"},"schema":{"@context":"https:\/\/schema.org","@graph":[{"@type":["Article","BlogPosting"],"@id":"https:\/\/quantocustaviajar.com\/blog\/trem-turistico-de-sao-paulo-a-santos-pode-ser-reativado\/#article","isPartOf":{"@id":"https:\/\/quantocustaviajar.com\/blog\/trem-turistico-de-sao-paulo-a-santos-pode-ser-reativado\/"},"author":{"name":"Brunella Nunes","@id":"https:\/\/quantocustaviajar.com\/blog\/#\/schema\/person\/1a6dd3da9d0c0a4be42652b67bea19bb"},"headline":"Trem tur\u00edstico de S\u00e3o Paulo a Santos pode ser reativado","datePublished":"2019-07-10T17:49:18+00:00","dateModified":"2021-07-29T13:58:12+00:00","mainEntityOfPage":{"@id":"https:\/\/quantocustaviajar.com\/blog\/trem-turistico-de-sao-paulo-a-santos-pode-ser-reativado\/"},"wordCount":1140,"commentCount":4,"publisher":{"@id":"https:\/\/quantocustaviajar.com\/blog\/#organization"},"image":{"@id":"https:\/\/quantocustaviajar.com\/blog\/trem-turistico-de-sao-paulo-a-santos-pode-ser-reativado\/#primaryimage"},"thumbnailUrl":"https:\/\/quantocustaviajar.com\/blog\/wp-content\/uploads\/2019\/07\/1024px-TRA_R109_Ordinary_Train_20160228.jpg","keywords":["am\u00e9rica do sul","bonde","Brasil","litoral","passeios diferentes","praia","Santos","S\u00e3o Paulo","trem","viagem de trem"],"articleSection":["Descubra o Brasil","Novidades"],"inLanguage":"pt-BR","potentialAction":[{"@type":"CommentAction","name":"Comment","target":["https:\/\/quantocustaviajar.com\/blog\/trem-turistico-de-sao-paulo-a-santos-pode-ser-reativado\/#respond"]}]},{"@type":"WebPage","@id":"https:\/\/quantocustaviajar.com\/blog\/trem-turistico-de-sao-paulo-a-santos-pode-ser-reativado\/","url":"https:\/\/quantocustaviajar.com\/blog\/trem-turistico-de-sao-paulo-a-santos-pode-ser-reativado\/","name":"Trem tur\u00edstico de S\u00e3o Paulo a Santos pode ser reativado - Blog Quanto Custa Viajar","isPartOf":{"@id":"https:\/\/quantocustaviajar.com\/blog\/#website"},"primaryImageOfPage":{"@id":"https:\/\/quantocustaviajar.com\/blog\/trem-turistico-de-sao-paulo-a-santos-pode-ser-reativado\/#primaryimage"},"image":{"@id":"https:\/\/quantocustaviajar.com\/blog\/trem-turistico-de-sao-paulo-a-santos-pode-ser-reativado\/#primaryimage"},"thumbnailUrl":"https:\/\/quantocustaviajar.com\/blog\/wp-content\/uploads\/2019\/07\/1024px-TRA_R109_Ordinary_Train_20160228.jpg","datePublished":"2019-07-10T17:49:18+00:00","dateModified":"2021-07-29T13:58:12+00:00","breadcrumb":{"@id":"https:\/\/quantocustaviajar.com\/blog\/trem-turistico-de-sao-paulo-a-santos-pode-ser-reativado\/#breadcrumb"},"inLanguage":"pt-BR","potentialAction":[{"@type":"ReadAction","target":["https:\/\/quantocustaviajar.com\/blog\/trem-turistico-de-sao-paulo-a-santos-pode-ser-reativado\/"]}]},{"@type":"ImageObject","inLanguage":"pt-BR","@id":"https:\/\/quantocustaviajar.com\/blog\/trem-turistico-de-sao-paulo-a-santos-pode-ser-reativado\/#primaryimage","url":"https:\/\/quantocustaviajar.com\/blog\/wp-content\/uploads\/2019\/07\/1024px-TRA_R109_Ordinary_Train_20160228.jpg","contentUrl":"https:\/\/quantocustaviajar.com\/blog\/wp-content\/uploads\/2019\/07\/1024px-TRA_R109_Ordinary_Train_20160228.jpg","width":1024,"height":684,"caption":"Foto: Wikipedia"},{"@type":"BreadcrumbList","@id":"https:\/\/quantocustaviajar.com\/blog\/trem-turistico-de-sao-paulo-a-santos-pode-ser-reativado\/#breadcrumb","itemListElement":[{"@type":"ListItem","position":1,"name":"In\u00edcio","item":"https:\/\/quantocustaviajar.com\/blog\/"},{"@type":"ListItem","position":2,"name":"Trem tur\u00edstico de S\u00e3o Paulo a Santos pode ser reativado"}]},{"@type":"WebSite","@id":"https:\/\/quantocustaviajar.com\/blog\/#website","url":"https:\/\/quantocustaviajar.com\/blog\/","name":"Blog Quanto Custa Viajar","description":"","publisher":{"@id":"https:\/\/quantocustaviajar.com\/blog\/#organization"},"potentialAction":[{"@type":"SearchAction","target":{"@type":"EntryPoint","urlTemplate":"https:\/\/quantocustaviajar.com\/blog\/?s={search_term_string}"},"query-input":{"@type":"PropertyValueSpecification","valueRequired":true,"valueName":"search_term_string"}}],"inLanguage":"pt-BR"},{"@type":"Organization","@id":"https:\/\/quantocustaviajar.com\/blog\/#organization","name":"Quanto Custa Viajar","url":"https:\/\/quantocustaviajar.com\/blog\/","logo":{"@type":"ImageObject","inLanguage":"pt-BR","@id":"https:\/\/quantocustaviajar.com\/blog\/#\/schema\/logo\/image\/","url":"","contentUrl":"","caption":"Quanto Custa Viajar"},"image":{"@id":"https:\/\/quantocustaviajar.com\/blog\/#\/schema\/logo\/image\/"},"sameAs":["https:\/\/www.facebook.com\/quantocustaviajar"]},{"@type":"Person","@id":"https:\/\/quantocustaviajar.com\/blog\/#\/schema\/person\/1a6dd3da9d0c0a4be42652b67bea19bb","name":"Brunella Nunes","image":{"@type":"ImageObject","inLanguage":"pt-BR","@id":"https:\/\/quantocustaviajar.com\/blog\/#\/schema\/person\/image\/","url":"https:\/\/secure.gravatar.com\/avatar\/05b28dfb8a3cc7ee0dba6feefa5677f05be6d7bf4b017728fd38499092f9c282?s=96&d=mm&r=g","contentUrl":"https:\/\/secure.gravatar.com\/avatar\/05b28dfb8a3cc7ee0dba6feefa5677f05be6d7bf4b017728fd38499092f9c282?s=96&d=mm&r=g","caption":"Brunella Nunes"},"description":"Quando n\u00e3o est\u00e1 viajando pelo mundo, est\u00e1 viajando nas ideias.","sameAs":["https:\/\/www.facebook.com\/brunellapfvr\/posts","https:\/\/www.linkedin.com\/in\/brunellanunes\/"],"url":"https:\/\/quantocustaviajar.com\/blog\/author\/equipe\/"}]}},"_links":{"self":[{"href":"https:\/\/quantocustaviajar.com\/blog\/wp-json\/wp\/v2\/posts\/35946","targetHints":{"allow":["GET"]}}],"collection":[{"href":"https:\/\/quantocustaviajar.com\/blog\/wp-json\/wp\/v2\/posts"}],"about":[{"href":"https:\/\/quantocustaviajar.com\/blog\/wp-json\/wp\/v2\/types\/post"}],"author":[{"embeddable":true,"href":"https:\/\/quantocustaviajar.com\/blog\/wp-json\/wp\/v2\/users\/4"}],"replies":[{"embeddable":true,"href":"https:\/\/quantocustaviajar.com\/blog\/wp-json\/wp\/v2\/comments?post=35946"}],"version-history":[{"count":6,"href":"https:\/\/quantocustaviajar.com\/blog\/wp-json\/wp\/v2\/posts\/35946\/revisions"}],"predecessor-version":[{"id":49415,"href":"https:\/\/quantocustaviajar.com\/blog\/wp-json\/wp\/v2\/posts\/35946\/revisions\/49415"}],"wp:featuredmedia":[{"embeddable":true,"href":"https:\/\/quantocustaviajar.com\/blog\/wp-json\/wp\/v2\/media\/49414"}],"wp:attachment":[{"href":"https:\/\/quantocustaviajar.com\/blog\/wp-json\/wp\/v2\/media?parent=35946"}],"wp:term":[{"taxonomy":"category","embeddable":true,"href":"https:\/\/quantocustaviajar.com\/blog\/wp-json\/wp\/v2\/categories?post=35946"},{"taxonomy":"post_tag","embeddable":true,"href":"https:\/\/quantocustaviajar.com\/blog\/wp-json\/wp\/v2\/tags?post=35946"}],"curies":[{"name":"wp","href":"https:\/\/api.w.org\/{rel}","templated":true}]}}