{"id":35551,"date":"2025-02-02T13:33:00","date_gmt":"2025-02-02T13:33:00","guid":{"rendered":"https:\/\/quantocustaviajar.com\/blog\/?p=35551"},"modified":"2025-06-10T17:32:12","modified_gmt":"2025-06-10T17:32:12","slug":"chapada-diamantina-bahia-brasil","status":"publish","type":"post","link":"https:\/\/quantocustaviajar.com\/blog\/chapada-diamantina-bahia-brasil\/","title":{"rendered":"Chapada Diamantina: um dos destinos mais lindos para conhecer no Brasil"},"content":{"rendered":"<p>Grutas com \u00e1guas cristalinas, cachoeiras com quedas d&#8217;\u00e1guas surpreendentes, trilhas que passam por riachos e mirantes para observar belezas a perder de vista: assim \u00e9 a <strong>Chapada Diamantina<\/strong>, um dos destinos mais encantadores do Brasil, localizado no cora\u00e7\u00e3o da Bahia.<\/p><div id=\"ez-toc-container\" class=\"ez-toc-v2_0_76 ez-toc-wrap-left counter-hierarchy ez-toc-counter ez-toc-light-blue ez-toc-container-direction\">\n<div class=\"ez-toc-title-container\">\n<p class=\"ez-toc-title\" style=\"cursor:inherit\">Aqui voc\u00ea ir\u00e1 encontrar<\/p>\n<span class=\"ez-toc-title-toggle\"><a href=\"#\" class=\"ez-toc-pull-right ez-toc-btn ez-toc-btn-xs ez-toc-btn-default ez-toc-toggle\" aria-label=\"Alternar tabela de conte\u00fado\"><span class=\"ez-toc-js-icon-con\"><span class=\"\"><span class=\"eztoc-hide\" style=\"display:none;\">Toggle<\/span><span class=\"ez-toc-icon-toggle-span\"><svg style=\"fill: #999;color:#999\" xmlns=\"http:\/\/www.w3.org\/2000\/svg\" class=\"list-377408\" width=\"20px\" height=\"20px\" viewBox=\"0 0 24 24\" fill=\"none\"><path d=\"M6 6H4v2h2V6zm14 0H8v2h12V6zM4 11h2v2H4v-2zm16 0H8v2h12v-2zM4 16h2v2H4v-2zm16 0H8v2h12v-2z\" fill=\"currentColor\"><\/path><\/svg><svg style=\"fill: #999;color:#999\" class=\"arrow-unsorted-368013\" xmlns=\"http:\/\/www.w3.org\/2000\/svg\" width=\"10px\" height=\"10px\" viewBox=\"0 0 24 24\" version=\"1.2\" baseProfile=\"tiny\"><path d=\"M18.2 9.3l-6.2-6.3-6.2 6.3c-.2.2-.3.4-.3.7s.1.5.3.7c.2.2.4.3.7.3h11c.3 0 .5-.1.7-.3.2-.2.3-.5.3-.7s-.1-.5-.3-.7zM5.8 14.7l6.2 6.3 6.2-6.3c.2-.2.3-.5.3-.7s-.1-.5-.3-.7c-.2-.2-.4-.3-.7-.3h-11c-.3 0-.5.1-.7.3-.2.2-.3.5-.3.7s.1.5.3.7z\"\/><\/svg><\/span><\/span><\/span><\/a><\/span><\/div>\n<nav><ul class='ez-toc-list ez-toc-list-level-1 ' ><li class='ez-toc-page-1 ez-toc-heading-level-2'><a class=\"ez-toc-link ez-toc-heading-1\" href=\"https:\/\/quantocustaviajar.com\/blog\/chapada-diamantina-bahia-brasil\/#Dicas_iniciais_para_visitar_a_Chapada_Diamantina\" >Dicas iniciais para visitar a Chapada Diamantina<\/a><\/li><li class='ez-toc-page-1 ez-toc-heading-level-2'><a class=\"ez-toc-link ez-toc-heading-2\" href=\"https:\/\/quantocustaviajar.com\/blog\/chapada-diamantina-bahia-brasil\/#Algumas_atracoes_para_visitar_na_Chapada_Diamantina\" >Algumas atra\u00e7\u00f5es para visitar na Chapada Diamantina<\/a><ul class='ez-toc-list-level-3' ><li class='ez-toc-heading-level-3'><a class=\"ez-toc-link ez-toc-heading-3\" href=\"https:\/\/quantocustaviajar.com\/blog\/chapada-diamantina-bahia-brasil\/#Morro_do_Pai_Inacio_Palmeiras\" >Morro do Pai In\u00e1cio, Palmeiras<\/a><\/li><li class='ez-toc-page-1 ez-toc-heading-level-3'><a class=\"ez-toc-link ez-toc-heading-4\" href=\"https:\/\/quantocustaviajar.com\/blog\/chapada-diamantina-bahia-brasil\/#Poco_do_Diabo_Lencois\" >Po\u00e7o do Diabo, Len\u00e7\u00f3is<\/a><\/li><li class='ez-toc-page-1 ez-toc-heading-level-3'><a class=\"ez-toc-link ez-toc-heading-5\" href=\"https:\/\/quantocustaviajar.com\/blog\/chapada-diamantina-bahia-brasil\/#Gruta_da_Pratinha_e_Gruta_Azul_Iraquara\" >Gruta da Pratinha e Gruta Azul, Iraquara<\/a><\/li><li class='ez-toc-page-1 ez-toc-heading-level-3'><a class=\"ez-toc-link ez-toc-heading-6\" href=\"https:\/\/quantocustaviajar.com\/blog\/chapada-diamantina-bahia-brasil\/#Gruta_Lapa_Doce_Iraquara\" >Gruta Lapa Doce, Iraquara<\/a><\/li><li class='ez-toc-page-1 ez-toc-heading-level-3'><a class=\"ez-toc-link ez-toc-heading-7\" href=\"https:\/\/quantocustaviajar.com\/blog\/chapada-diamantina-bahia-brasil\/#Cachoeira_da_Fumaca_Vale_do_Capao\" >Cachoeira da Fuma\u00e7a, Vale do Cap\u00e3o<\/a><\/li><li class='ez-toc-page-1 ez-toc-heading-level-3'><a class=\"ez-toc-link ez-toc-heading-8\" href=\"https:\/\/quantocustaviajar.com\/blog\/chapada-diamantina-bahia-brasil\/#Cachoeira_da_Fumacinha_Ibicoara\" >Cachoeira da Fumacinha, Ibicoara<\/a><\/li><li class='ez-toc-page-1 ez-toc-heading-level-3'><a class=\"ez-toc-link ez-toc-heading-9\" href=\"https:\/\/quantocustaviajar.com\/blog\/chapada-diamantina-bahia-brasil\/#Cachoeira_do_Buracao_Ibicoara\" >Cachoeira do Burac\u00e3o, Ibicoara<\/a><\/li><li class='ez-toc-page-1 ez-toc-heading-level-3'><a class=\"ez-toc-link ez-toc-heading-10\" href=\"https:\/\/quantocustaviajar.com\/blog\/chapada-diamantina-bahia-brasil\/#Poco_Azul_Nova_Redencao\" >Po\u00e7o Azul, Nova Reden\u00e7\u00e3o<\/a><\/li><li class='ez-toc-page-1 ez-toc-heading-level-3'><a class=\"ez-toc-link ez-toc-heading-11\" href=\"https:\/\/quantocustaviajar.com\/blog\/chapada-diamantina-bahia-brasil\/#Poco_Encantado_Itaete\" >Po\u00e7o Encantado, Itaet\u00ea<\/a><\/li><li class='ez-toc-page-1 ez-toc-heading-level-3'><a class=\"ez-toc-link ez-toc-heading-12\" href=\"https:\/\/quantocustaviajar.com\/blog\/chapada-diamantina-bahia-brasil\/#Gruta_Torrinha_Iraquara\" >Gruta Torrinha, Iraquara<\/a><\/li><li class='ez-toc-page-1 ez-toc-heading-level-3'><a class=\"ez-toc-link ez-toc-heading-13\" href=\"https:\/\/quantocustaviajar.com\/blog\/chapada-diamantina-bahia-brasil\/#Vale_do_Pati\" >Vale do Pati<\/a><\/li><\/ul><\/li><li class='ez-toc-page-1 ez-toc-heading-level-2'><a class=\"ez-toc-link ez-toc-heading-14\" href=\"https:\/\/quantocustaviajar.com\/blog\/chapada-diamantina-bahia-brasil\/#Quando_visitar_a_Chapada_Diamantina\" >Quando visitar a Chapada Diamantina<\/a><\/li><li class='ez-toc-page-1 ez-toc-heading-level-2'><a class=\"ez-toc-link ez-toc-heading-15\" href=\"https:\/\/quantocustaviajar.com\/blog\/chapada-diamantina-bahia-brasil\/#Onde_comer\" >Onde comer?<\/a><\/li><\/ul><\/nav><\/div>\n\n<p>Quem visita esse verdadeiro para\u00edso na Terra vai em busca de contato extremo com a natureza preservada \u2014 que realmente acontece! \u00c9 uma beleza t\u00e3o grande e t\u00e3o pura que chega a emocionar.<\/p>\n<figure id=\"attachment_35552\" aria-describedby=\"caption-attachment-35552\" style=\"width: 800px\" class=\"wp-caption aligncenter\"><img loading=\"lazy\" decoding=\"async\" class=\"size-full wp-image-35552\" src=\"https:\/\/quantocustaviajar.com\/blog\/wp-content\/uploads\/2019\/06\/chapada-diamantina-1.jpg\" alt=\"chapada diamantina\" width=\"800\" height=\"450\" srcset=\"https:\/\/quantocustaviajar.com\/blog\/wp-content\/uploads\/2019\/06\/chapada-diamantina-1.jpg 800w, https:\/\/quantocustaviajar.com\/blog\/wp-content\/uploads\/2019\/06\/chapada-diamantina-1-300x169.jpg 300w, https:\/\/quantocustaviajar.com\/blog\/wp-content\/uploads\/2019\/06\/chapada-diamantina-1-768x432.jpg 768w\" sizes=\"auto, (max-width: 800px) 100vw, 800px\" \/><figcaption id=\"caption-attachment-35552\" class=\"wp-caption-text\">Foto: <a href=\"https:\/\/pt.wikipedia.org\/wiki\/Ficheiro:Chapada_diamantina..jpg\" target=\"_blank\" rel=\"noopener noreferrer\">Wikimedia Commons<\/a><\/figcaption><\/figure>\n<figure id=\"attachment_35553\" aria-describedby=\"caption-attachment-35553\" style=\"width: 800px\" class=\"wp-caption aligncenter\"><img loading=\"lazy\" decoding=\"async\" class=\"size-full wp-image-35553\" src=\"https:\/\/quantocustaviajar.com\/blog\/wp-content\/uploads\/2019\/06\/chapada-diamantina-3.jpg\" alt=\"chapada diamantina\" width=\"800\" height=\"536\" srcset=\"https:\/\/quantocustaviajar.com\/blog\/wp-content\/uploads\/2019\/06\/chapada-diamantina-3.jpg 800w, https:\/\/quantocustaviajar.com\/blog\/wp-content\/uploads\/2019\/06\/chapada-diamantina-3-300x201.jpg 300w, https:\/\/quantocustaviajar.com\/blog\/wp-content\/uploads\/2019\/06\/chapada-diamantina-3-768x515.jpg 768w\" sizes=\"auto, (max-width: 800px) 100vw, 800px\" \/><figcaption id=\"caption-attachment-35553\" class=\"wp-caption-text\">Foto: <a href=\"https:\/\/www.flickr.com\/photos\/10015563@N03\/32492839731\" target=\"_blank\" rel=\"noopener noreferrer\">C\u00edcero R. C. Omena<\/a><\/figcaption><\/figure>\n<figure id=\"attachment_35554\" aria-describedby=\"caption-attachment-35554\" style=\"width: 800px\" class=\"wp-caption aligncenter\"><img loading=\"lazy\" decoding=\"async\" class=\"size-full wp-image-35554\" src=\"https:\/\/quantocustaviajar.com\/blog\/wp-content\/uploads\/2019\/06\/chapada-diamantina-2.jpg\" alt=\"chapada diamantina\" width=\"800\" height=\"557\" srcset=\"https:\/\/quantocustaviajar.com\/blog\/wp-content\/uploads\/2019\/06\/chapada-diamantina-2.jpg 800w, https:\/\/quantocustaviajar.com\/blog\/wp-content\/uploads\/2019\/06\/chapada-diamantina-2-300x209.jpg 300w, https:\/\/quantocustaviajar.com\/blog\/wp-content\/uploads\/2019\/06\/chapada-diamantina-2-768x535.jpg 768w\" sizes=\"auto, (max-width: 800px) 100vw, 800px\" \/><figcaption id=\"caption-attachment-35554\" class=\"wp-caption-text\">Foto: <a href=\"https:\/\/pt.wikipedia.org\/wiki\/Ficheiro:Parque_Nacional_da_Chapada_Diamantina_-_Bahia_-_Brasil.jpg\" target=\"_blank\" rel=\"noopener noreferrer\">Wikimedia Commons<\/a><\/figcaption><\/figure>\n<p>As principais cidades na Bahia que funcionam como base para quem viaja para a Chapada Diamantina s\u00e3o: <a href=\"https:\/\/www.booking.com\/city\/br\/lencois.pt-br.html?aid=2161834\" target=\"_blank\" rel=\"noopener noreferrer\"><strong>Len\u00e7\u00f3is<\/strong><\/a>, <a href=\"https:\/\/www.booking.com\/city\/br\/mucuge.pt-br.html?aid=2161834\" target=\"_blank\" rel=\"noopener noreferrer\"><strong>Mucug\u00ea<\/strong><\/a>, <a href=\"https:\/\/www.booking.com\/city\/br\/ibicoara.pt-br.html?aid=2161834\" target=\"_blank\" rel=\"noopener noreferrer\"><strong>Ibicoara<\/strong><\/a>, <a href=\"https:\/\/www.booking.com\/city\/br\/palmeiras.pt-br.html?aid=2161834\" target=\"_blank\" rel=\"noopener noreferrer\"><strong>Palmeiras<\/strong><\/a>, <a href=\"https:\/\/www.booking.com\/city\/br\/andarai.pt-br.html?aid=2161834\" target=\"_blank\" rel=\"noopener noreferrer\"><strong>Andara\u00ed<\/strong><\/a> e <a href=\"https:\/\/www.booking.com\/city\/br\/rio-de-contas.pt-br.html?aid=2161834\" target=\"_blank\" rel=\"noopener noreferrer\"><strong>Rio de Contas<\/strong><\/a>. As vilas <a href=\"https:\/\/www.booking.com\/city\/br\/igatu.pt-br.html?aid=2161834\" target=\"_blank\" rel=\"noopener noreferrer\"><strong>Igat\u00fa<\/strong><\/a> e <a href=\"https:\/\/www.booking.com\/city\/br\/vale-do-capao.pt-br.html?aid=2161834\" target=\"_blank\" rel=\"noopener noreferrer\"><strong>Vale do Cap\u00e3o<\/strong><\/a> tamb\u00e9m fazem parte do roteiro.<\/p>\n<p>Len\u00e7\u00f3is \u00e9 a maior delas, com muitas op\u00e7\u00f5es de hospedagem e restaurantes legais para conhecer. Mucug\u00ea \u00e9 uma verdadeira gracinha e ficar hospedada nela tamb\u00e9m ser\u00e1 uma boa pedida!<\/p>\n<h2><span class=\"ez-toc-section\" id=\"Dicas_iniciais_para_visitar_a_Chapada_Diamantina\"><\/span>Dicas iniciais para visitar a Chapada Diamantina<span class=\"ez-toc-section-end\"><\/span><\/h2>\n<figure id=\"attachment_35555\" aria-describedby=\"caption-attachment-35555\" style=\"width: 800px\" class=\"wp-caption aligncenter\"><img loading=\"lazy\" decoding=\"async\" class=\"size-full wp-image-35555\" src=\"https:\/\/quantocustaviajar.com\/blog\/wp-content\/uploads\/2019\/06\/chapada-diamantina-4.jpg\" alt=\"chapada diamantina\" width=\"800\" height=\"532\" srcset=\"https:\/\/quantocustaviajar.com\/blog\/wp-content\/uploads\/2019\/06\/chapada-diamantina-4.jpg 800w, https:\/\/quantocustaviajar.com\/blog\/wp-content\/uploads\/2019\/06\/chapada-diamantina-4-300x200.jpg 300w, https:\/\/quantocustaviajar.com\/blog\/wp-content\/uploads\/2019\/06\/chapada-diamantina-4-768x511.jpg 768w\" sizes=\"auto, (max-width: 800px) 100vw, 800px\" \/><figcaption id=\"caption-attachment-35555\" class=\"wp-caption-text\">Foto: <a href=\"https:\/\/commons.wikimedia.org\/wiki\/File:Chapada_Diamantina_91.jpg\" target=\"_blank\" rel=\"noopener noreferrer\">Wikimedia Commons<\/a><\/figcaption><\/figure>\n<p>Quem pretende visitar a Chapada Diamantina pela primeira vez fica cheia de d\u00favidas. Normal, at\u00e9 mesmo porque estamos falando de um parque nacional com 1.520 km\u00b2. Toda essa \u00e1rea verde n\u00e3o \u00e9 bem sinalizada e tem trilhas ainda pouco demarcadas, mesmo com o volume alto de turistas o ano todo.<\/p>\n<p>Mas, hoje pretendemos passar algumas dicas iniciais para voc\u00ea come\u00e7ar a montar seu roteiro para conhecer uma das regi\u00f5es mais bonitas do nosso pa\u00eds.<\/p>\n<p>O primeiro passo \u00e9 definir quais passeios voc\u00ea deseja fazer na Chapada Diamantina. Nem todas as atra\u00e7\u00f5es s\u00e3o pr\u00f3ximas umas das outras e a defini\u00e7\u00e3o do roteiro vai fazer total diferen\u00e7a at\u00e9 na hora de escolher suas hospedagens, ok? Assim, voc\u00ea n\u00e3o perde muito tempo com deslocamento.<\/p>\n<p>Falando em hospedagem, a maioria das pousadas nas cidades-base da Chapada Diamantina s\u00e3o simples, por\u00e9m aconchegantes. Voc\u00ea vai passar a menor parte do tempo nelas, n\u00e3o escolha op\u00e7\u00e3o caras ou pomposas (acredite, n\u00e3o precisa). Inclusive, no Vale do Pati, por exemplo, com passeios que duram 3 dias, muitas hospedagens s\u00e3o feitas nas casas dos nativos &lt;3<\/p>\n<figure id=\"attachment_35556\" aria-describedby=\"caption-attachment-35556\" style=\"width: 800px\" class=\"wp-caption aligncenter\"><img loading=\"lazy\" decoding=\"async\" class=\"size-full wp-image-35556\" src=\"https:\/\/quantocustaviajar.com\/blog\/wp-content\/uploads\/2019\/06\/chapada-diamantina-5.jpg\" alt=\"chapada diamantina\" width=\"800\" height=\"600\" srcset=\"https:\/\/quantocustaviajar.com\/blog\/wp-content\/uploads\/2019\/06\/chapada-diamantina-5.jpg 800w, https:\/\/quantocustaviajar.com\/blog\/wp-content\/uploads\/2019\/06\/chapada-diamantina-5-300x225.jpg 300w, https:\/\/quantocustaviajar.com\/blog\/wp-content\/uploads\/2019\/06\/chapada-diamantina-5-768x576.jpg 768w\" sizes=\"auto, (max-width: 800px) 100vw, 800px\" \/><figcaption id=\"caption-attachment-35556\" class=\"wp-caption-text\">Foto: <a href=\"https:\/\/commons.wikimedia.org\/wiki\/File:Casa_de_Dona_Raquel_-_Vale_do_Pati.jpg\" target=\"_blank\" rel=\"noopener noreferrer\">Wikimedia Commons<\/a><\/figcaption><\/figure>\n<p>Alugue um carro bom! Um carro com tra\u00e7\u00e3o 4&#215;4 \u00e9 essencial para se locomover no parque nacional. Pode ser que seu guia fa\u00e7a o translado com voc\u00ea, por\u00e9m, \u00e9 melhor garantir para n\u00e3o ficar atolado no meio do caminho. Voc\u00ea pode <a href=\"https:\/\/quantocustaviajar.com\/brasil\/salvador\/aluguel-de-carros\" target=\"_blank\" rel=\"noopener noreferrer\"><strong>alugar um carro em Salvador<\/strong><\/a>, por exemplo, e seguir viagem.<\/p>\n<blockquote><p><a href=\"https:\/\/www.turismocity.com.br\/passagens-aereas-para-SSA-Salvador?utm_source=qcv&amp;utm_medium=blog\" target=\"_blank\" rel=\"noopener noreferrer\"><strong>Partiu, Salvador? Encontre aqui passagens a\u00e9reas com os melhores pre\u00e7os<\/strong><\/a><\/p><\/blockquote>\n<p>Existem v\u00e1rias op\u00e7\u00f5es de pacotes para visitar a Chapada com tudo incluso, que facilitam a montagem do seu roteiro. Se voc\u00ea quer fazer passeios com mais tranquilidade, existem ag\u00eancias credenciadas que oferecem pacotes com \u00f4nibus ida e volta, hospedagem com caf\u00e9, translados completos e guia \u2014 tudo por um pre\u00e7o s\u00f3!<\/p>\n<p>Fa\u00e7a v\u00e1rias cota\u00e7\u00f5es! Existem dezenas de ag\u00eancias que atuam nas diferentes cidades da Chapada Diamantina.<\/p>\n<p>Vale a pena seguir a hashtag #chapadadiamantina no Instagram tamb\u00e9m, assim voc\u00ea acompanha as postagens dos usu\u00e1rios e vai ficando com ainda mais vontade de fazer a trip. Na rede social, existem muitos perfis de guias legais, como o <a href=\"https:\/\/www.instagram.com\/rafael.riobranco\/\" target=\"_blank\" rel=\"noopener noreferrer\"><strong>Rafael Rio Branco<\/strong><\/a>, que podem ajudar voc\u00ea a montar seu roteiro e fazer as trilhas contigo \u2014 e fica bem mais em conta do que fazer o passeio com ag\u00eancias, hein, #ficaadica!<\/p>\n<p>Mesmo tendo lugares que podem ser visitados por conta pr\u00f3pria, literalmente ser\u00e1 uma terra nova para voc\u00ea. Por isso, ter um guia que manja da Chapada Diamantina acompanhando seu passeio durante todo o percurso \u00e9 importante.<\/p>\n<p>Leve dinheiro em esp\u00e9cie, isso porque voc\u00ea ter\u00e1 que pagar taxas de acesso\/preserva\u00e7\u00e3o nos locais que visitar (e todos n\u00e3o aceitam cart\u00f5es). Para toda atividade mais radical, vale a pena fazer um <strong>seguro viagem<\/strong> (sim, mesmo sendo no Brasil).<\/p>\n<h2><span class=\"ez-toc-section\" id=\"Algumas_atracoes_para_visitar_na_Chapada_Diamantina\"><\/span>Algumas atra\u00e7\u00f5es para visitar na Chapada Diamantina<span class=\"ez-toc-section-end\"><\/span><\/h2>\n<p>Tem MUITA, mas muita atra\u00e7\u00e3o nessa terra maravilhosa na Bahia! Tudo vai depender da quantidade de dias que voc\u00ea ter\u00e1 no seu roteiro para conseguir conhecer a maior parte delas. E, acredite: se quiser ficar 15 dias na Chapada, vai ter passeio irado para fazer em todos os dias.<\/p>\n<p>Confira algumas atra\u00e7\u00f5es para colocar no roteiro:<\/p>\n<h3><span class=\"ez-toc-section\" id=\"Morro_do_Pai_Inacio_Palmeiras\"><\/span>Morro do Pai In\u00e1cio, Palmeiras<span class=\"ez-toc-section-end\"><\/span><\/h3>\n<figure id=\"attachment_35562\" aria-describedby=\"caption-attachment-35562\" style=\"width: 800px\" class=\"wp-caption aligncenter\"><img loading=\"lazy\" decoding=\"async\" class=\"size-full wp-image-35562\" src=\"https:\/\/quantocustaviajar.com\/blog\/wp-content\/uploads\/2019\/06\/chapada-diamantina-10.jpg\" alt=\"chapada diamantina\" width=\"800\" height=\"534\" srcset=\"https:\/\/quantocustaviajar.com\/blog\/wp-content\/uploads\/2019\/06\/chapada-diamantina-10.jpg 800w, https:\/\/quantocustaviajar.com\/blog\/wp-content\/uploads\/2019\/06\/chapada-diamantina-10-300x200.jpg 300w, https:\/\/quantocustaviajar.com\/blog\/wp-content\/uploads\/2019\/06\/chapada-diamantina-10-768x513.jpg 768w\" sizes=\"auto, (max-width: 800px) 100vw, 800px\" \/><figcaption id=\"caption-attachment-35562\" class=\"wp-caption-text\">Foto: <a href=\"https:\/\/pt.wikipedia.org\/wiki\/Ficheiro:Liberdade_-_Morro_do_Pai_In%C3%A1cio_-_Chapada_Diamantina.jpg\" target=\"_blank\" rel=\"noopener noreferrer\">Wikimedia Commons<\/a><\/figcaption><\/figure>\n<p>O cart\u00e3o-postal da Chapada Diamantina \u00e9 o Morro do Pai In\u00e1cio, localizado em Len\u00e7\u00f3is. Com a caminhada come\u00e7ando diretamente no estacionamento do local, bastam 20 minutos at\u00e9 chegar ao cume do morro \u2014 um acesso super f\u00e1cil e tranquilo!<\/p>\n<p>A vis\u00e3o que se tem do parque l\u00e1 do alto \u00e9 incr\u00edvel e de perder de vista. A dica \u00e9 subir no final do dia para contemplar o p\u00f4r do sol maravilhoso. Procure pela rocha com formato de cora\u00e7\u00e3o, muitos casais fazem fotinhas perto dela &lt;3<\/p>\n<p>O Morro do Pai In\u00e1cio fica a 26 km de Len\u00e7\u00f3is. <a href=\"https:\/\/www.booking.com\/city\/br\/lencois.pt-br.html?aid=2161834\" target=\"_blank\" rel=\"noopener noreferrer\"><strong>Encontre aqui seu hotel para ficar na regi\u00e3o<\/strong><\/a>.<\/p>\n<p>Veja mais fotos do Morro do Pai In\u00e1cio:<\/p>\n<blockquote class=\"instagram-media\" style=\"background: #FFF; border: 0; border-radius: 3px; box-shadow: 0 0 1px 0 rgba(0,0,0,0.5),0 1px 10px 0 rgba(0,0,0,0.15); margin: 1px; max-width: 540px; min-width: 326px; padding: 0; width: calc(100% - 2px);\" data-instgrm-permalink=\"https:\/\/www.instagram.com\/p\/By5SbqNpTYw\/\" data-instgrm-version=\"12\">\n<div style=\"padding: 16px;\">\n<div style=\"display: flex; flex-direction: row; align-items: center;\">\n<div style=\"background-color: #f4f4f4; border-radius: 50%; flex-grow: 0; height: 40px; margin-right: 14px; width: 40px;\"><\/div>\n<div style=\"display: flex; flex-direction: column; flex-grow: 1; justify-content: center;\">\n<div style=\"background-color: #f4f4f4; border-radius: 4px; flex-grow: 0; height: 14px; margin-bottom: 6px; width: 100px;\"><\/div>\n<div style=\"background-color: #f4f4f4; border-radius: 4px; flex-grow: 0; height: 14px; width: 60px;\"><\/div>\n<\/div>\n<\/div>\n<div style=\"padding: 19% 0;\"><\/div>\n<div style=\"display: block; height: 50px; margin: 0 auto 12px; width: 50px;\"><\/div>\n<div style=\"padding-top: 8px;\">\n<div style=\"color: #3897f0; font-family: Arial,sans-serif; font-size: 14px; font-style: normal; font-weight: 550; line-height: 18px;\">Ver essa foto no Instagram<\/div>\n<\/div>\n<div style=\"padding: 12.5% 0;\"><\/div>\n<div style=\"display: flex; flex-direction: row; margin-bottom: 14px; align-items: center;\">\n<div>\n<div style=\"background-color: #f4f4f4; border-radius: 50%; height: 12.5px; width: 12.5px; transform: translateX(0px) translateY(7px);\"><\/div>\n<div style=\"background-color: #f4f4f4; height: 12.5px; transform: rotate(-45deg) translateX(3px) translateY(1px); width: 12.5px; flex-grow: 0; margin-right: 14px; margin-left: 2px;\"><\/div>\n<div style=\"background-color: #f4f4f4; border-radius: 50%; height: 12.5px; width: 12.5px; transform: translateX(9px) translateY(-18px);\"><\/div>\n<\/div>\n<div style=\"margin-left: 8px;\">\n<div style=\"background-color: #f4f4f4; border-radius: 50%; flex-grow: 0; height: 20px; width: 20px;\"><\/div>\n<div style=\"width: 0; height: 0; border-top: 2px solid transparent; border-left: 6px solid #f4f4f4; border-bottom: 2px solid transparent; transform: translateX(16px) translateY(-4px) rotate(30deg);\"><\/div>\n<\/div>\n<div style=\"margin-left: auto;\">\n<div style=\"width: 0px; border-top: 8px solid #F4F4F4; border-right: 8px solid transparent; transform: translateY(16px);\"><\/div>\n<div style=\"background-color: #f4f4f4; flex-grow: 0; height: 12px; width: 16px; transform: translateY(-4px);\"><\/div>\n<div style=\"width: 0; height: 0; border-top: 8px solid #F4F4F4; border-left: 8px solid transparent; transform: translateY(-4px) translateX(8px);\"><\/div>\n<\/div>\n<\/div>\n<div style=\"display: flex; flex-direction: column; flex-grow: 1; justify-content: center; margin-bottom: 24px;\">\n<div style=\"background-color: #f4f4f4; border-radius: 4px; flex-grow: 0; height: 14px; margin-bottom: 6px; width: 224px;\"><\/div>\n<div style=\"background-color: #f4f4f4; border-radius: 4px; flex-grow: 0; height: 14px; width: 144px;\"><\/div>\n<\/div>\n<p style=\"color: #c9c8cd; font-family: Arial,sans-serif; font-size: 14px; line-height: 17px; margin-bottom: 0; margin-top: 8px; overflow: hidden; padding: 8px 0 7px; text-align: center; text-overflow: ellipsis; white-space: nowrap;\"><a style=\"color: #c9c8cd; font-family: Arial,sans-serif; font-size: 14px; font-style: normal; font-weight: normal; line-height: 17px; text-decoration: none;\" href=\"https:\/\/www.instagram.com\/p\/By5SbqNpTYw\/\" target=\"_blank\" rel=\"noopener noreferrer\">Uma publica\u00e7\u00e3o compartilhada por \ud83c\udd52\ud83c\udd57\ud83c\udd50\ud83c\udd5f\ud83c\udd50\ud83c\udd53\ud83c\udd50 \ud83c\udd53\ud83c\udd58\ud83c\udd50\ud83c\udd5c\ud83c\udd50\ud83c\udd5d\ud83c\udd63\ud83c\udd58\ud83c\udd5d\ud83c\udd50 &#8211; \ud83c\udd51\ud83c\udd50 (@amoachapada)<\/a> em <time style=\"font-family: Arial,sans-serif; font-size: 14px; line-height: 17px;\" datetime=\"2019-06-19T14:43:43+00:00\">19 de Jun, 2019 \u00e0s 7:43 PDT<\/time><\/p>\n<\/div>\n<\/blockquote>\n<p><script async=\"\" src=\"\/\/www.instagram.com\/embed.js\"><\/script><\/p>\n<blockquote class=\"instagram-media\" style=\"background: #FFF; border: 0; border-radius: 3px; box-shadow: 0 0 1px 0 rgba(0,0,0,0.5),0 1px 10px 0 rgba(0,0,0,0.15); margin: 1px; max-width: 540px; min-width: 326px; padding: 0; width: calc(100% - 2px);\" data-instgrm-permalink=\"https:\/\/www.instagram.com\/p\/ByqjGAGjxvF\/\" data-instgrm-version=\"12\">\n<div style=\"padding: 16px;\">\n<div style=\"display: flex; flex-direction: row; align-items: center;\">\n<div style=\"background-color: #f4f4f4; border-radius: 50%; flex-grow: 0; height: 40px; margin-right: 14px; width: 40px;\"><\/div>\n<div style=\"display: flex; flex-direction: column; flex-grow: 1; justify-content: center;\">\n<div style=\"background-color: #f4f4f4; border-radius: 4px; flex-grow: 0; height: 14px; margin-bottom: 6px; width: 100px;\"><\/div>\n<div style=\"background-color: #f4f4f4; border-radius: 4px; flex-grow: 0; height: 14px; width: 60px;\"><\/div>\n<\/div>\n<\/div>\n<div style=\"padding: 19% 0;\"><\/div>\n<div style=\"display: block; height: 50px; margin: 0 auto 12px; width: 50px;\"><\/div>\n<div style=\"padding-top: 8px;\">\n<div style=\"color: #3897f0; font-family: Arial,sans-serif; font-size: 14px; font-style: normal; font-weight: 550; line-height: 18px;\">Ver essa foto no Instagram<\/div>\n<\/div>\n<div style=\"padding: 12.5% 0;\"><\/div>\n<div style=\"display: flex; flex-direction: row; margin-bottom: 14px; align-items: center;\">\n<div>\n<div style=\"background-color: #f4f4f4; border-radius: 50%; height: 12.5px; width: 12.5px; transform: translateX(0px) translateY(7px);\"><\/div>\n<div style=\"background-color: #f4f4f4; height: 12.5px; transform: rotate(-45deg) translateX(3px) translateY(1px); width: 12.5px; flex-grow: 0; margin-right: 14px; margin-left: 2px;\"><\/div>\n<div style=\"background-color: #f4f4f4; border-radius: 50%; height: 12.5px; width: 12.5px; transform: translateX(9px) translateY(-18px);\"><\/div>\n<\/div>\n<div style=\"margin-left: 8px;\">\n<div style=\"background-color: #f4f4f4; border-radius: 50%; flex-grow: 0; height: 20px; width: 20px;\"><\/div>\n<div style=\"width: 0; height: 0; border-top: 2px solid transparent; border-left: 6px solid #f4f4f4; border-bottom: 2px solid transparent; transform: translateX(16px) translateY(-4px) rotate(30deg);\"><\/div>\n<\/div>\n<div style=\"margin-left: auto;\">\n<div style=\"width: 0px; border-top: 8px solid #F4F4F4; border-right: 8px solid transparent; transform: translateY(16px);\"><\/div>\n<div style=\"background-color: #f4f4f4; flex-grow: 0; height: 12px; width: 16px; transform: translateY(-4px);\"><\/div>\n<div style=\"width: 0; height: 0; border-top: 8px solid #F4F4F4; border-left: 8px solid transparent; transform: translateY(-4px) translateX(8px);\"><\/div>\n<\/div>\n<\/div>\n<div style=\"display: flex; flex-direction: column; flex-grow: 1; justify-content: center; margin-bottom: 24px;\">\n<div style=\"background-color: #f4f4f4; border-radius: 4px; flex-grow: 0; height: 14px; margin-bottom: 6px; width: 224px;\"><\/div>\n<div style=\"background-color: #f4f4f4; border-radius: 4px; flex-grow: 0; height: 14px; width: 144px;\"><\/div>\n<\/div>\n<p style=\"color: #c9c8cd; font-family: Arial,sans-serif; font-size: 14px; line-height: 17px; margin-bottom: 0; margin-top: 8px; overflow: hidden; padding: 8px 0 7px; text-align: center; text-overflow: ellipsis; white-space: nowrap;\"><a style=\"color: #c9c8cd; font-family: Arial,sans-serif; font-size: 14px; font-style: normal; font-weight: normal; line-height: 17px; text-decoration: none;\" href=\"https:\/\/www.instagram.com\/p\/ByqjGAGjxvF\/\" target=\"_blank\" rel=\"noopener noreferrer\">Uma publica\u00e7\u00e3o compartilhada por \ud83d\udc9a Brasil \ud83d\udc9b Paisagens Nat. \ud83d\udc9a (@br.naturallandscapes)<\/a> em <time style=\"font-family: Arial,sans-serif; font-size: 14px; line-height: 17px;\" datetime=\"2019-06-13T21:20:42+00:00\">13 de Jun, 2019 \u00e0s 2:20 PDT<\/time><\/p>\n<\/div>\n<\/blockquote>\n<p><script async=\"\" src=\"\/\/www.instagram.com\/embed.js\"><\/script><\/p>\n<blockquote class=\"instagram-media\" style=\"background: #FFF; border: 0; border-radius: 3px; box-shadow: 0 0 1px 0 rgba(0,0,0,0.5),0 1px 10px 0 rgba(0,0,0,0.15); margin: 1px; max-width: 540px; min-width: 326px; padding: 0; width: calc(100% - 2px);\" data-instgrm-permalink=\"https:\/\/www.instagram.com\/p\/By_H2MrlIDZ\/\" data-instgrm-version=\"12\">\n<div style=\"padding: 16px;\">\n<div style=\"display: flex; flex-direction: row; align-items: center;\">\n<div style=\"background-color: #f4f4f4; border-radius: 50%; flex-grow: 0; height: 40px; margin-right: 14px; width: 40px;\"><\/div>\n<div style=\"display: flex; flex-direction: column; flex-grow: 1; justify-content: center;\">\n<div style=\"background-color: #f4f4f4; border-radius: 4px; flex-grow: 0; height: 14px; margin-bottom: 6px; width: 100px;\"><\/div>\n<div style=\"background-color: #f4f4f4; border-radius: 4px; flex-grow: 0; height: 14px; width: 60px;\"><\/div>\n<\/div>\n<\/div>\n<div style=\"padding: 19% 0;\"><\/div>\n<div style=\"display: block; height: 50px; margin: 0 auto 12px; width: 50px;\"><\/div>\n<div style=\"padding-top: 8px;\">\n<div style=\"color: #3897f0; font-family: Arial,sans-serif; font-size: 14px; font-style: normal; font-weight: 550; line-height: 18px;\">Ver essa foto no Instagram<\/div>\n<\/div>\n<div style=\"padding: 12.5% 0;\"><\/div>\n<div style=\"display: flex; flex-direction: row; margin-bottom: 14px; align-items: center;\">\n<div>\n<div style=\"background-color: #f4f4f4; border-radius: 50%; height: 12.5px; width: 12.5px; transform: translateX(0px) translateY(7px);\"><\/div>\n<div style=\"background-color: #f4f4f4; height: 12.5px; transform: rotate(-45deg) translateX(3px) translateY(1px); width: 12.5px; flex-grow: 0; margin-right: 14px; margin-left: 2px;\"><\/div>\n<div style=\"background-color: #f4f4f4; border-radius: 50%; height: 12.5px; width: 12.5px; transform: translateX(9px) translateY(-18px);\"><\/div>\n<\/div>\n<div style=\"margin-left: 8px;\">\n<div style=\"background-color: #f4f4f4; border-radius: 50%; flex-grow: 0; height: 20px; width: 20px;\"><\/div>\n<div style=\"width: 0; height: 0; border-top: 2px solid transparent; border-left: 6px solid #f4f4f4; border-bottom: 2px solid transparent; transform: translateX(16px) translateY(-4px) rotate(30deg);\"><\/div>\n<\/div>\n<div style=\"margin-left: auto;\">\n<div style=\"width: 0px; border-top: 8px solid #F4F4F4; border-right: 8px solid transparent; transform: translateY(16px);\"><\/div>\n<div style=\"background-color: #f4f4f4; flex-grow: 0; height: 12px; width: 16px; transform: translateY(-4px);\"><\/div>\n<div style=\"width: 0; height: 0; border-top: 8px solid #F4F4F4; border-left: 8px solid transparent; transform: translateY(-4px) translateX(8px);\"><\/div>\n<\/div>\n<\/div>\n<div style=\"display: flex; flex-direction: column; flex-grow: 1; justify-content: center; margin-bottom: 24px;\">\n<div style=\"background-color: #f4f4f4; border-radius: 4px; flex-grow: 0; height: 14px; margin-bottom: 6px; width: 224px;\"><\/div>\n<div style=\"background-color: #f4f4f4; border-radius: 4px; flex-grow: 0; height: 14px; width: 144px;\"><\/div>\n<\/div>\n<p style=\"color: #c9c8cd; font-family: Arial,sans-serif; font-size: 14px; line-height: 17px; margin-bottom: 0; margin-top: 8px; overflow: hidden; padding: 8px 0 7px; text-align: center; text-overflow: ellipsis; white-space: nowrap;\"><a style=\"color: #c9c8cd; font-family: Arial,sans-serif; font-size: 14px; font-style: normal; font-weight: normal; line-height: 17px; text-decoration: none;\" href=\"https:\/\/www.instagram.com\/p\/By_H2MrlIDZ\/\" target=\"_blank\" rel=\"noopener noreferrer\">Uma publica\u00e7\u00e3o compartilhada por Luma Ramos (@lumareisramos)<\/a> em <time style=\"font-family: Arial,sans-serif; font-size: 14px; line-height: 17px;\" datetime=\"2019-06-21T21:06:40+00:00\">21 de Jun, 2019 \u00e0s 2:06 PDT<\/time><\/p>\n<\/div>\n<\/blockquote>\n<p><script async=\"\" src=\"\/\/www.instagram.com\/embed.js\"><\/script><\/p>\n<h3><span class=\"ez-toc-section\" id=\"Poco_do_Diabo_Lencois\"><\/span>Po\u00e7o do Diabo, Len\u00e7\u00f3is<span class=\"ez-toc-section-end\"><\/span><\/h3>\n<figure id=\"attachment_35563\" aria-describedby=\"caption-attachment-35563\" style=\"width: 800px\" class=\"wp-caption aligncenter\"><img loading=\"lazy\" decoding=\"async\" class=\"size-full wp-image-35563\" src=\"https:\/\/quantocustaviajar.com\/blog\/wp-content\/uploads\/2019\/06\/chapada-diamantina-14.jpg\" alt=\"chapada diamantina\" width=\"800\" height=\"533\" srcset=\"https:\/\/quantocustaviajar.com\/blog\/wp-content\/uploads\/2019\/06\/chapada-diamantina-14.jpg 800w, https:\/\/quantocustaviajar.com\/blog\/wp-content\/uploads\/2019\/06\/chapada-diamantina-14-300x200.jpg 300w, https:\/\/quantocustaviajar.com\/blog\/wp-content\/uploads\/2019\/06\/chapada-diamantina-14-768x512.jpg 768w\" sizes=\"auto, (max-width: 800px) 100vw, 800px\" \/><figcaption id=\"caption-attachment-35563\" class=\"wp-caption-text\">Foto: <a href=\"https:\/\/commons.wikimedia.org\/wiki\/File:Po%C3%A7o_do_Diabo,_Len%C3%A7ois.jpg\" target=\"_blank\" rel=\"noopener noreferrer\">Wikimedia Commons<\/a><\/figcaption><\/figure>\n<p>Com f\u00e1cil acesso pela BR-242 e pertinho do Morro do Pai In\u00e1cio fica o Po\u00e7o do Diabo, uma cachoeira com quedas d&#8217;\u00e1gua de 20 metros de altura. A piscininha formada possui \u00e1guas com colora\u00e7\u00e3o avermelhada, lembrando o tom de um u\u00edsque. Se quiser tomar banho, salte de uma vez, isso porque as \u00e1guas s\u00e3o gelad\u00edssimas!<\/p>\n<p><strong>Valor da entrada: gratuito.<\/strong><\/p>\n<p>Len\u00e7\u00f3is tem aeroporto: <a href=\"https:\/\/quantocustaviajar.com\/brasil\/lencois\/passagem-aerea\" target=\"_blank\" rel=\"noopener noreferrer\"><strong>encontre passagens a\u00e9reas aqui<\/strong><\/a>.<\/p>\n<p>Veja mais fotos do Po\u00e7o do Diabo:<\/p>\n<figure id=\"attachment_35564\" aria-describedby=\"caption-attachment-35564\" style=\"width: 800px\" class=\"wp-caption aligncenter\"><img loading=\"lazy\" decoding=\"async\" class=\"size-full wp-image-35564\" src=\"https:\/\/quantocustaviajar.com\/blog\/wp-content\/uploads\/2019\/06\/chapada-diamantina-11.jpg\" alt=\"chapada diamantina\" width=\"800\" height=\"534\" srcset=\"https:\/\/quantocustaviajar.com\/blog\/wp-content\/uploads\/2019\/06\/chapada-diamantina-11.jpg 800w, https:\/\/quantocustaviajar.com\/blog\/wp-content\/uploads\/2019\/06\/chapada-diamantina-11-300x200.jpg 300w, https:\/\/quantocustaviajar.com\/blog\/wp-content\/uploads\/2019\/06\/chapada-diamantina-11-768x513.jpg 768w\" sizes=\"auto, (max-width: 800px) 100vw, 800px\" \/><figcaption id=\"caption-attachment-35564\" class=\"wp-caption-text\">Foto: <a href=\"https:\/\/pt.wikipedia.org\/wiki\/Ficheiro:Po%C3%A7o_do_Diabo,_salto_do_menino_-_Chapada_Diamantina.jpg\" target=\"_blank\" rel=\"noopener noreferrer\">Wikimedia Commons<\/a><\/figcaption><\/figure>\n<figure id=\"attachment_35565\" aria-describedby=\"caption-attachment-35565\" style=\"width: 800px\" class=\"wp-caption aligncenter\"><img loading=\"lazy\" decoding=\"async\" class=\"size-full wp-image-35565\" src=\"https:\/\/quantocustaviajar.com\/blog\/wp-content\/uploads\/2019\/06\/chapada-diamantina-13.jpg\" alt=\"chapada diamantina\" width=\"800\" height=\"526\" srcset=\"https:\/\/quantocustaviajar.com\/blog\/wp-content\/uploads\/2019\/06\/chapada-diamantina-13.jpg 800w, https:\/\/quantocustaviajar.com\/blog\/wp-content\/uploads\/2019\/06\/chapada-diamantina-13-300x197.jpg 300w, https:\/\/quantocustaviajar.com\/blog\/wp-content\/uploads\/2019\/06\/chapada-diamantina-13-768x505.jpg 768w\" sizes=\"auto, (max-width: 800px) 100vw, 800px\" \/><figcaption id=\"caption-attachment-35565\" class=\"wp-caption-text\">Foto: <a href=\"https:\/\/commons.wikimedia.org\/wiki\/File:Po%C3%A7o_do_Diabo_-_vista_alta_-_Chapada_Diamantina.jpg\" target=\"_blank\" rel=\"noopener noreferrer\">Wikimedia Commons<\/a><\/figcaption><\/figure>\n<figure id=\"attachment_35566\" aria-describedby=\"caption-attachment-35566\" style=\"width: 800px\" class=\"wp-caption aligncenter\"><img loading=\"lazy\" decoding=\"async\" class=\"size-full wp-image-35566\" src=\"https:\/\/quantocustaviajar.com\/blog\/wp-content\/uploads\/2019\/06\/chapada-diamantina-12.jpg\" alt=\"chapada diamantina\" width=\"800\" height=\"527\" srcset=\"https:\/\/quantocustaviajar.com\/blog\/wp-content\/uploads\/2019\/06\/chapada-diamantina-12.jpg 800w, https:\/\/quantocustaviajar.com\/blog\/wp-content\/uploads\/2019\/06\/chapada-diamantina-12-300x198.jpg 300w, https:\/\/quantocustaviajar.com\/blog\/wp-content\/uploads\/2019\/06\/chapada-diamantina-12-768x506.jpg 768w\" sizes=\"auto, (max-width: 800px) 100vw, 800px\" \/><figcaption id=\"caption-attachment-35566\" class=\"wp-caption-text\">Foto: <a href=\"https:\/\/commons.wikimedia.org\/wiki\/File:O_Po%C3%A7o_do_Diabo.jpg\" target=\"_blank\" rel=\"noopener noreferrer\">Wikimedia Commons<\/a><\/figcaption><\/figure>\n<h3><span class=\"ez-toc-section\" id=\"Gruta_da_Pratinha_e_Gruta_Azul_Iraquara\"><\/span>Gruta da Pratinha e Gruta Azul, Iraquara<span class=\"ez-toc-section-end\"><\/span><\/h3>\n<figure id=\"attachment_35575\" aria-describedby=\"caption-attachment-35575\" style=\"width: 800px\" class=\"wp-caption aligncenter\"><img loading=\"lazy\" decoding=\"async\" class=\"size-full wp-image-35575\" src=\"https:\/\/quantocustaviajar.com\/blog\/wp-content\/uploads\/2019\/06\/chapada-diamantina-20.jpg\" alt=\"chapada diamantina\" width=\"800\" height=\"534\" srcset=\"https:\/\/quantocustaviajar.com\/blog\/wp-content\/uploads\/2019\/06\/chapada-diamantina-20.jpg 800w, https:\/\/quantocustaviajar.com\/blog\/wp-content\/uploads\/2019\/06\/chapada-diamantina-20-300x200.jpg 300w, https:\/\/quantocustaviajar.com\/blog\/wp-content\/uploads\/2019\/06\/chapada-diamantina-20-768x513.jpg 768w\" sizes=\"auto, (max-width: 800px) 100vw, 800px\" \/><figcaption id=\"caption-attachment-35575\" class=\"wp-caption-text\">Pratinha. Foto: <a href=\"https:\/\/pt.wikipedia.org\/wiki\/Ficheiro:Gruta_da_Pratinha_-_Chapada_Diamantina.jpg\" target=\"_blank\" rel=\"noopener noreferrer\">Wikimedia Commons<\/a><\/figcaption><\/figure>\n<p>A Fazenda Pratinha abriga duas grutas maravilhosas da Chapada Diamantina. Apesar da fazenda ser uma propriedade particular, a infraestrutura \u00e9 muito boa para receber os visitantes, contando com restaurante e banheiros.<\/p>\n<p>A primeira pausa \u00e9 na Gruta Azul, que s\u00f3 pode ser observada. Mesmo sem poder tomar banho, voc\u00ea vai tirar muitas fotos desse lugar lindo. Conforme a incid\u00eancia do sol na \u00e1gua, um cora\u00e7\u00e3o se forma, fazendo com que a maioria dos turistas tente capturar esse momento.<\/p>\n<p>A <a href=\"https:\/\/quantocustaviajar.com\/blog\/gruta-da-pratinha-e-gruta-azul\/\">Gruta da Pratinha<\/a> \u00e9 outro espet\u00e1culo e nela \u00e9 poss\u00edvel praticar flutua\u00e7\u00e3o durante 30 minutos. Voc\u00ea vai amar ficar boiando nestas \u00e1guas azuis e encantadoras. Ap\u00f3s esse tempo relaxando, fa\u00e7a um mont\u00e3o de fotos deste para\u00edso natural.<\/p>\n<p>Se quiser ficar hospedada na regi\u00e3o, vale a pena procurar <a href=\"https:\/\/www.booking.com\/city\/br\/seabra.pt-br.html?aid=2161834\" target=\"_blank\" rel=\"noopener noreferrer\"><strong>hot\u00e9is e pousadas em Seabra<\/strong><\/a>.<\/p>\n<p>Veja mais fotos das grutas:<\/p>\n<figure id=\"attachment_35577\" aria-describedby=\"caption-attachment-35577\" style=\"width: 800px\" class=\"wp-caption aligncenter\"><img loading=\"lazy\" decoding=\"async\" class=\"size-full wp-image-35577\" src=\"https:\/\/quantocustaviajar.com\/blog\/wp-content\/uploads\/2019\/06\/chapada-diamantina-21.jpg\" alt=\"chapada diamantina\" width=\"800\" height=\"534\" srcset=\"https:\/\/quantocustaviajar.com\/blog\/wp-content\/uploads\/2019\/06\/chapada-diamantina-21.jpg 800w, https:\/\/quantocustaviajar.com\/blog\/wp-content\/uploads\/2019\/06\/chapada-diamantina-21-300x200.jpg 300w, https:\/\/quantocustaviajar.com\/blog\/wp-content\/uploads\/2019\/06\/chapada-diamantina-21-768x513.jpg 768w\" sizes=\"auto, (max-width: 800px) 100vw, 800px\" \/><figcaption id=\"caption-attachment-35577\" class=\"wp-caption-text\">Pratinha. Foto: <a href=\"https:\/\/www.flickr.com\/photos\/rosanetur\/18930595351\" target=\"_blank\" rel=\"noopener noreferrer\">Rosanetur<\/a><\/figcaption><\/figure>\n<figure id=\"attachment_35578\" aria-describedby=\"caption-attachment-35578\" style=\"width: 800px\" class=\"wp-caption aligncenter\"><img loading=\"lazy\" decoding=\"async\" class=\"size-full wp-image-35578\" src=\"https:\/\/quantocustaviajar.com\/blog\/wp-content\/uploads\/2019\/06\/chapada-diamantina-23.jpg\" alt=\"chapada diamantina\" width=\"800\" height=\"600\" srcset=\"https:\/\/quantocustaviajar.com\/blog\/wp-content\/uploads\/2019\/06\/chapada-diamantina-23.jpg 800w, https:\/\/quantocustaviajar.com\/blog\/wp-content\/uploads\/2019\/06\/chapada-diamantina-23-300x225.jpg 300w, https:\/\/quantocustaviajar.com\/blog\/wp-content\/uploads\/2019\/06\/chapada-diamantina-23-768x576.jpg 768w\" sizes=\"auto, (max-width: 800px) 100vw, 800px\" \/><figcaption id=\"caption-attachment-35578\" class=\"wp-caption-text\">Gruta Azul. Foto: <a href=\"https:\/\/www.flickr.com\/photos\/43211893@N08\/3974598613\" target=\"_blank\" rel=\"noopener noreferrer\">marina1192<\/a><\/figcaption><\/figure>\n<figure id=\"attachment_35579\" aria-describedby=\"caption-attachment-35579\" style=\"width: 800px\" class=\"wp-caption aligncenter\"><img loading=\"lazy\" decoding=\"async\" class=\"size-full wp-image-35579\" src=\"https:\/\/quantocustaviajar.com\/blog\/wp-content\/uploads\/2019\/06\/chapada-diamantina-22.jpg\" alt=\"chapada diamantina\" width=\"800\" height=\"533\" srcset=\"https:\/\/quantocustaviajar.com\/blog\/wp-content\/uploads\/2019\/06\/chapada-diamantina-22.jpg 800w, https:\/\/quantocustaviajar.com\/blog\/wp-content\/uploads\/2019\/06\/chapada-diamantina-22-300x200.jpg 300w, https:\/\/quantocustaviajar.com\/blog\/wp-content\/uploads\/2019\/06\/chapada-diamantina-22-768x512.jpg 768w\" sizes=\"auto, (max-width: 800px) 100vw, 800px\" \/><figcaption id=\"caption-attachment-35579\" class=\"wp-caption-text\">Gruta Azul. Foto: <a href=\"https:\/\/commons.wikimedia.org\/wiki\/File:Gruta_Azul_-_Chapada_Diamantina_-_BA.jpg\" target=\"_blank\" rel=\"noopener noreferrer\">Wikimedia Commons<\/a><\/figcaption><\/figure>\n<h3><span class=\"ez-toc-section\" id=\"Gruta_Lapa_Doce_Iraquara\"><\/span>Gruta Lapa Doce, Iraquara<span class=\"ez-toc-section-end\"><\/span><\/h3>\n<figure id=\"attachment_35568\" aria-describedby=\"caption-attachment-35568\" style=\"width: 800px\" class=\"wp-caption alignnone\"><img loading=\"lazy\" decoding=\"async\" class=\"size-full wp-image-35568\" src=\"https:\/\/quantocustaviajar.com\/blog\/wp-content\/uploads\/2019\/06\/chapada-diamantina-15.jpg\" alt=\"chapada diamantina\" width=\"800\" height=\"534\" srcset=\"https:\/\/quantocustaviajar.com\/blog\/wp-content\/uploads\/2019\/06\/chapada-diamantina-15.jpg 800w, https:\/\/quantocustaviajar.com\/blog\/wp-content\/uploads\/2019\/06\/chapada-diamantina-15-300x200.jpg 300w, https:\/\/quantocustaviajar.com\/blog\/wp-content\/uploads\/2019\/06\/chapada-diamantina-15-768x513.jpg 768w\" sizes=\"auto, (max-width: 800px) 100vw, 800px\" \/><figcaption id=\"caption-attachment-35568\" class=\"wp-caption-text\">Foto: <a href=\"https:\/\/commons.wikimedia.org\/wiki\/File:Estalactites_da_Gruta_da_Lapa_Doce.jpg\" target=\"_blank\" rel=\"noopener noreferrer\">Wikimedia Commons<\/a><\/figcaption><\/figure>\n<p>A Chapada tem um sistema de cavernas com 42 km de extens\u00e3o e a Gruta Lapa Doce faz parte dele. As trilhas para chegar at\u00e9 a entrada da gruta s\u00e3o tranquilas, caminhando em m\u00e9dia 2,5 km. Dentro da gruta, o tour segue ladeira abaixo por 700 metros at\u00e9 a chegada a um espa\u00e7o cheio de forma\u00e7\u00f5es nas rochas calc\u00e1rias, esculpidas durante milh\u00f5es de anos.<\/p>\n<p>Se quiser ficar hospedada perto da gruta, vale a pena procurar <a href=\"https:\/\/www.booking.com\/city\/br\/seabra.pt-br.html?aid=2161834\" target=\"_blank\" rel=\"noopener noreferrer\"><strong>hot\u00e9is e pousadas em Seabra<\/strong><\/a>.<\/p>\n<p>Veja mais fotos da Gruta Lapa Doce:<\/p>\n<figure id=\"attachment_35570\" aria-describedby=\"caption-attachment-35570\" style=\"width: 800px\" class=\"wp-caption aligncenter\"><img loading=\"lazy\" decoding=\"async\" class=\"size-full wp-image-35570\" src=\"https:\/\/quantocustaviajar.com\/blog\/wp-content\/uploads\/2019\/06\/chapada-diamantina-16.jpg\" alt=\"chapada diamantina\" width=\"800\" height=\"600\" srcset=\"https:\/\/quantocustaviajar.com\/blog\/wp-content\/uploads\/2019\/06\/chapada-diamantina-16.jpg 800w, https:\/\/quantocustaviajar.com\/blog\/wp-content\/uploads\/2019\/06\/chapada-diamantina-16-300x225.jpg 300w, https:\/\/quantocustaviajar.com\/blog\/wp-content\/uploads\/2019\/06\/chapada-diamantina-16-768x576.jpg 768w\" sizes=\"auto, (max-width: 800px) 100vw, 800px\" \/><figcaption id=\"caption-attachment-35570\" class=\"wp-caption-text\">Foto: <a href=\"https:\/\/commons.wikimedia.org\/wiki\/File:Entrada_da_Gruta_Lapa_Doce.JPG\" target=\"_blank\" rel=\"noopener noreferrer\">Wikimedia Commons<\/a><\/figcaption><\/figure>\n<figure id=\"attachment_35571\" aria-describedby=\"caption-attachment-35571\" style=\"width: 800px\" class=\"wp-caption alignnone\"><img loading=\"lazy\" decoding=\"async\" class=\"size-full wp-image-35571\" src=\"https:\/\/quantocustaviajar.com\/blog\/wp-content\/uploads\/2019\/06\/chapada-diamantina-17.jpg\" alt=\"chapada diamantina\" width=\"800\" height=\"534\" srcset=\"https:\/\/quantocustaviajar.com\/blog\/wp-content\/uploads\/2019\/06\/chapada-diamantina-17.jpg 800w, https:\/\/quantocustaviajar.com\/blog\/wp-content\/uploads\/2019\/06\/chapada-diamantina-17-300x200.jpg 300w, https:\/\/quantocustaviajar.com\/blog\/wp-content\/uploads\/2019\/06\/chapada-diamantina-17-768x513.jpg 768w\" sizes=\"auto, (max-width: 800px) 100vw, 800px\" \/><figcaption id=\"caption-attachment-35571\" class=\"wp-caption-text\">Foto: <a href=\"https:\/\/commons.wikimedia.org\/wiki\/File:Lago_escondido_da_Gruta_da_Lapa_Doce.jpg\" target=\"_blank\" rel=\"noopener noreferrer\">Wikimedia Commons<\/a><\/figcaption><\/figure>\n<figure id=\"attachment_35569\" aria-describedby=\"caption-attachment-35569\" style=\"width: 800px\" class=\"wp-caption alignnone\"><img loading=\"lazy\" decoding=\"async\" class=\"size-full wp-image-35569\" src=\"https:\/\/quantocustaviajar.com\/blog\/wp-content\/uploads\/2019\/06\/chapada-diamantina-18.jpg\" alt=\"chapada diamantina\" width=\"800\" height=\"533\" srcset=\"https:\/\/quantocustaviajar.com\/blog\/wp-content\/uploads\/2019\/06\/chapada-diamantina-18.jpg 800w, https:\/\/quantocustaviajar.com\/blog\/wp-content\/uploads\/2019\/06\/chapada-diamantina-18-300x200.jpg 300w, https:\/\/quantocustaviajar.com\/blog\/wp-content\/uploads\/2019\/06\/chapada-diamantina-18-768x512.jpg 768w\" sizes=\"auto, (max-width: 800px) 100vw, 800px\" \/><figcaption id=\"caption-attachment-35569\" class=\"wp-caption-text\">Foto: <a href=\"https:\/\/pt.wikipedia.org\/wiki\/Ficheiro:Saida_Gruta_da_lapa_doce.jpg\" target=\"_blank\" rel=\"noopener noreferrer\">Wikimedia Commons<\/a><\/figcaption><\/figure>\n<h3><span class=\"ez-toc-section\" id=\"Cachoeira_da_Fumaca_Vale_do_Capao\"><\/span>Cachoeira da Fuma\u00e7a, Vale do Cap\u00e3o<span class=\"ez-toc-section-end\"><\/span><\/h3>\n<figure id=\"attachment_35581\" aria-describedby=\"caption-attachment-35581\" style=\"width: 800px\" class=\"wp-caption aligncenter\"><img loading=\"lazy\" decoding=\"async\" class=\"size-full wp-image-35581\" src=\"https:\/\/quantocustaviajar.com\/blog\/wp-content\/uploads\/2019\/06\/chapada-diamantina-24.jpg\" alt=\"chapada diamantina\" width=\"800\" height=\"534\" srcset=\"https:\/\/quantocustaviajar.com\/blog\/wp-content\/uploads\/2019\/06\/chapada-diamantina-24.jpg 800w, https:\/\/quantocustaviajar.com\/blog\/wp-content\/uploads\/2019\/06\/chapada-diamantina-24-300x200.jpg 300w, https:\/\/quantocustaviajar.com\/blog\/wp-content\/uploads\/2019\/06\/chapada-diamantina-24-768x513.jpg 768w\" sizes=\"auto, (max-width: 800px) 100vw, 800px\" \/><figcaption id=\"caption-attachment-35581\" class=\"wp-caption-text\">Foto: <a href=\"https:\/\/commons.wikimedia.org\/wiki\/File:Cachoeira_da_Fuma%C3%A7a,_Chapada_Diamantina.JPG\" target=\"_blank\" rel=\"noopener noreferrer\">Wikimedia Commons<\/a><\/figcaption><\/figure>\n<p>Esta \u00e9 a maior cachoeira do Brasil, com 340 metros de queda d&#8217;\u00e1gua que deixam os visitantes at\u00e9 sem f\u00f4lego. A Cachoeira da Fuma\u00e7a \u00e9 um cen\u00e1rio lind\u00edssimo na Chapada Diamantina que deve fazer parte do roteiro de passeios para quem visita a regi\u00e3o pela primeira vez.<\/p>\n<p>Tem bastante <a href=\"https:\/\/www.booking.com\/city\/br\/vale-do-capao.pt-br.html?aid=2161834\" target=\"_blank\" rel=\"noopener noreferrer\"><strong>hotel e pousada com bons pre\u00e7os no Vale do Cap\u00e3o<\/strong><\/a>.<\/p>\n<p>Veja mais fotos da Cachoeira da Fuma\u00e7a:<\/p>\n<blockquote class=\"instagram-media\" style=\"background: #FFF; border: 0; border-radius: 3px; box-shadow: 0 0 1px 0 rgba(0,0,0,0.5),0 1px 10px 0 rgba(0,0,0,0.15); margin: 1px; max-width: 540px; min-width: 326px; padding: 0; width: calc(100% - 2px);\" data-instgrm-permalink=\"https:\/\/www.instagram.com\/p\/ByqZModhb05\/\" data-instgrm-version=\"12\">\n<div style=\"padding: 16px;\">\n<div style=\"display: flex; flex-direction: row; align-items: center;\">\n<div style=\"background-color: #f4f4f4; border-radius: 50%; flex-grow: 0; height: 40px; margin-right: 14px; width: 40px;\"><\/div>\n<div style=\"display: flex; flex-direction: column; flex-grow: 1; justify-content: center;\">\n<div style=\"background-color: #f4f4f4; border-radius: 4px; flex-grow: 0; height: 14px; margin-bottom: 6px; width: 100px;\"><\/div>\n<div style=\"background-color: #f4f4f4; border-radius: 4px; flex-grow: 0; height: 14px; width: 60px;\"><\/div>\n<\/div>\n<\/div>\n<div style=\"padding: 19% 0;\"><\/div>\n<div style=\"display: block; height: 50px; margin: 0 auto 12px; width: 50px;\"><\/div>\n<div style=\"padding-top: 8px;\">\n<div style=\"color: #3897f0; font-family: Arial,sans-serif; font-size: 14px; font-style: normal; font-weight: 550; line-height: 18px;\">Ver essa foto no Instagram<\/div>\n<\/div>\n<div style=\"padding: 12.5% 0;\"><\/div>\n<div style=\"display: flex; flex-direction: row; margin-bottom: 14px; align-items: center;\">\n<div>\n<div style=\"background-color: #f4f4f4; border-radius: 50%; height: 12.5px; width: 12.5px; transform: translateX(0px) translateY(7px);\"><\/div>\n<div style=\"background-color: #f4f4f4; height: 12.5px; transform: rotate(-45deg) translateX(3px) translateY(1px); width: 12.5px; flex-grow: 0; margin-right: 14px; margin-left: 2px;\"><\/div>\n<div style=\"background-color: #f4f4f4; border-radius: 50%; height: 12.5px; width: 12.5px; transform: translateX(9px) translateY(-18px);\"><\/div>\n<\/div>\n<div style=\"margin-left: 8px;\">\n<div style=\"background-color: #f4f4f4; border-radius: 50%; flex-grow: 0; height: 20px; width: 20px;\"><\/div>\n<div style=\"width: 0; height: 0; border-top: 2px solid transparent; border-left: 6px solid #f4f4f4; border-bottom: 2px solid transparent; transform: translateX(16px) translateY(-4px) rotate(30deg);\"><\/div>\n<\/div>\n<div style=\"margin-left: auto;\">\n<div style=\"width: 0px; border-top: 8px solid #F4F4F4; border-right: 8px solid transparent; transform: translateY(16px);\"><\/div>\n<div style=\"background-color: #f4f4f4; flex-grow: 0; height: 12px; width: 16px; transform: translateY(-4px);\"><\/div>\n<div style=\"width: 0; height: 0; border-top: 8px solid #F4F4F4; border-left: 8px solid transparent; transform: translateY(-4px) translateX(8px);\"><\/div>\n<\/div>\n<\/div>\n<div style=\"display: flex; flex-direction: column; flex-grow: 1; justify-content: center; margin-bottom: 24px;\">\n<div style=\"background-color: #f4f4f4; border-radius: 4px; flex-grow: 0; height: 14px; margin-bottom: 6px; width: 224px;\"><\/div>\n<div style=\"background-color: #f4f4f4; border-radius: 4px; flex-grow: 0; height: 14px; width: 144px;\"><\/div>\n<\/div>\n<p style=\"color: #c9c8cd; font-family: Arial,sans-serif; font-size: 14px; line-height: 17px; margin-bottom: 0; margin-top: 8px; overflow: hidden; padding: 8px 0 7px; text-align: center; text-overflow: ellipsis; white-space: nowrap;\"><a style=\"color: #c9c8cd; font-family: Arial,sans-serif; font-size: 14px; font-style: normal; font-weight: normal; line-height: 17px; text-decoration: none;\" href=\"https:\/\/www.instagram.com\/p\/ByqZModhb05\/\" target=\"_blank\" rel=\"noopener noreferrer\">Uma publica\u00e7\u00e3o compartilhada por Revista da Chapada Diamantina (@revistadachapada_diamantina)<\/a> em <time style=\"font-family: Arial,sans-serif; font-size: 14px; line-height: 17px;\" datetime=\"2019-06-13T19:55:24+00:00\">13 de Jun, 2019 \u00e0s 12:55 PDT<\/time><\/p>\n<\/div>\n<\/blockquote>\n<p><script async=\"\" src=\"\/\/www.instagram.com\/embed.js\"><\/script><\/p>\n<blockquote class=\"instagram-media\" style=\"background: #FFF; border: 0; border-radius: 3px; box-shadow: 0 0 1px 0 rgba(0,0,0,0.5),0 1px 10px 0 rgba(0,0,0,0.15); margin: 1px; max-width: 540px; min-width: 326px; padding: 0; width: calc(100% - 2px);\" data-instgrm-permalink=\"https:\/\/www.instagram.com\/p\/ByDpfPal8T_\/\" data-instgrm-version=\"12\">\n<div style=\"padding: 16px;\">\n<div style=\"display: flex; flex-direction: row; align-items: center;\">\n<div style=\"background-color: #f4f4f4; border-radius: 50%; flex-grow: 0; height: 40px; margin-right: 14px; width: 40px;\"><\/div>\n<div style=\"display: flex; flex-direction: column; flex-grow: 1; justify-content: center;\">\n<div style=\"background-color: #f4f4f4; border-radius: 4px; flex-grow: 0; height: 14px; margin-bottom: 6px; width: 100px;\"><\/div>\n<div style=\"background-color: #f4f4f4; border-radius: 4px; flex-grow: 0; height: 14px; width: 60px;\"><\/div>\n<\/div>\n<\/div>\n<div style=\"padding: 19% 0;\"><\/div>\n<div style=\"display: block; height: 50px; margin: 0 auto 12px; width: 50px;\"><\/div>\n<div style=\"padding-top: 8px;\">\n<div style=\"color: #3897f0; font-family: Arial,sans-serif; font-size: 14px; font-style: normal; font-weight: 550; line-height: 18px;\">Ver essa foto no Instagram<\/div>\n<\/div>\n<div style=\"padding: 12.5% 0;\"><\/div>\n<div style=\"display: flex; flex-direction: row; margin-bottom: 14px; align-items: center;\">\n<div>\n<div style=\"background-color: #f4f4f4; border-radius: 50%; height: 12.5px; width: 12.5px; transform: translateX(0px) translateY(7px);\"><\/div>\n<div style=\"background-color: #f4f4f4; height: 12.5px; transform: rotate(-45deg) translateX(3px) translateY(1px); width: 12.5px; flex-grow: 0; margin-right: 14px; margin-left: 2px;\"><\/div>\n<div style=\"background-color: #f4f4f4; border-radius: 50%; height: 12.5px; width: 12.5px; transform: translateX(9px) translateY(-18px);\"><\/div>\n<\/div>\n<div style=\"margin-left: 8px;\">\n<div style=\"background-color: #f4f4f4; border-radius: 50%; flex-grow: 0; height: 20px; width: 20px;\"><\/div>\n<div style=\"width: 0; height: 0; border-top: 2px solid transparent; border-left: 6px solid #f4f4f4; border-bottom: 2px solid transparent; transform: translateX(16px) translateY(-4px) rotate(30deg);\"><\/div>\n<\/div>\n<div style=\"margin-left: auto;\">\n<div style=\"width: 0px; border-top: 8px solid #F4F4F4; border-right: 8px solid transparent; transform: translateY(16px);\"><\/div>\n<div style=\"background-color: #f4f4f4; flex-grow: 0; height: 12px; width: 16px; transform: translateY(-4px);\"><\/div>\n<div style=\"width: 0; height: 0; border-top: 8px solid #F4F4F4; border-left: 8px solid transparent; transform: translateY(-4px) translateX(8px);\"><\/div>\n<\/div>\n<\/div>\n<div style=\"display: flex; flex-direction: column; flex-grow: 1; justify-content: center; margin-bottom: 24px;\">\n<div style=\"background-color: #f4f4f4; border-radius: 4px; flex-grow: 0; height: 14px; margin-bottom: 6px; width: 224px;\"><\/div>\n<div style=\"background-color: #f4f4f4; border-radius: 4px; flex-grow: 0; height: 14px; width: 144px;\"><\/div>\n<\/div>\n<p style=\"color: #c9c8cd; font-family: Arial,sans-serif; font-size: 14px; line-height: 17px; margin-bottom: 0; margin-top: 8px; overflow: hidden; padding: 8px 0 7px; text-align: center; text-overflow: ellipsis; white-space: nowrap;\"><a style=\"color: #c9c8cd; font-family: Arial,sans-serif; font-size: 14px; font-style: normal; font-weight: normal; line-height: 17px; text-decoration: none;\" href=\"https:\/\/www.instagram.com\/p\/ByDpfPal8T_\/\" target=\"_blank\" rel=\"noopener noreferrer\">Uma publica\u00e7\u00e3o compartilhada por Anselmo Hoffmann-Photography (@anselmo.hoffmann)<\/a> em <time style=\"font-family: Arial,sans-serif; font-size: 14px; line-height: 17px;\" datetime=\"2019-05-29T18:46:12+00:00\">29 de Mai, 2019 \u00e0s 11:46 PDT<\/time><\/p>\n<\/div>\n<\/blockquote>\n<p><script async=\"\" src=\"\/\/www.instagram.com\/embed.js\"><\/script><\/p>\n<blockquote class=\"instagram-media\" style=\"background: #FFF; border: 0; border-radius: 3px; box-shadow: 0 0 1px 0 rgba(0,0,0,0.5),0 1px 10px 0 rgba(0,0,0,0.15); margin: 1px; max-width: 540px; min-width: 326px; padding: 0; width: calc(100% - 2px);\" data-instgrm-permalink=\"https:\/\/www.instagram.com\/p\/BzGDAtkHDEY\/\" data-instgrm-version=\"12\">\n<div style=\"padding: 16px;\">\n<div style=\"display: flex; flex-direction: row; align-items: center;\">\n<div style=\"background-color: #f4f4f4; border-radius: 50%; flex-grow: 0; height: 40px; margin-right: 14px; width: 40px;\"><\/div>\n<div style=\"display: flex; flex-direction: column; flex-grow: 1; justify-content: center;\">\n<div style=\"background-color: #f4f4f4; border-radius: 4px; flex-grow: 0; height: 14px; margin-bottom: 6px; width: 100px;\"><\/div>\n<div style=\"background-color: #f4f4f4; border-radius: 4px; flex-grow: 0; height: 14px; width: 60px;\"><\/div>\n<\/div>\n<\/div>\n<div style=\"padding: 19% 0;\"><\/div>\n<div style=\"display: block; height: 50px; margin: 0 auto 12px; width: 50px;\"><\/div>\n<div style=\"padding-top: 8px;\">\n<div style=\"color: #3897f0; font-family: Arial,sans-serif; font-size: 14px; font-style: normal; font-weight: 550; line-height: 18px;\">Ver essa foto no Instagram<\/div>\n<\/div>\n<div style=\"padding: 12.5% 0;\"><\/div>\n<div style=\"display: flex; flex-direction: row; margin-bottom: 14px; align-items: center;\">\n<div>\n<div style=\"background-color: #f4f4f4; border-radius: 50%; height: 12.5px; width: 12.5px; transform: translateX(0px) translateY(7px);\"><\/div>\n<div style=\"background-color: #f4f4f4; height: 12.5px; transform: rotate(-45deg) translateX(3px) translateY(1px); width: 12.5px; flex-grow: 0; margin-right: 14px; margin-left: 2px;\"><\/div>\n<div style=\"background-color: #f4f4f4; border-radius: 50%; height: 12.5px; width: 12.5px; transform: translateX(9px) translateY(-18px);\"><\/div>\n<\/div>\n<div style=\"margin-left: 8px;\">\n<div style=\"background-color: #f4f4f4; border-radius: 50%; flex-grow: 0; height: 20px; width: 20px;\"><\/div>\n<div style=\"width: 0; height: 0; border-top: 2px solid transparent; border-left: 6px solid #f4f4f4; border-bottom: 2px solid transparent; transform: translateX(16px) translateY(-4px) rotate(30deg);\"><\/div>\n<\/div>\n<div style=\"margin-left: auto;\">\n<div style=\"width: 0px; border-top: 8px solid #F4F4F4; border-right: 8px solid transparent; transform: translateY(16px);\"><\/div>\n<div style=\"background-color: #f4f4f4; flex-grow: 0; height: 12px; width: 16px; transform: translateY(-4px);\"><\/div>\n<div style=\"width: 0; height: 0; border-top: 8px solid #F4F4F4; border-left: 8px solid transparent; transform: translateY(-4px) translateX(8px);\"><\/div>\n<\/div>\n<\/div>\n<div style=\"display: flex; flex-direction: column; flex-grow: 1; justify-content: center; margin-bottom: 24px;\">\n<div style=\"background-color: #f4f4f4; border-radius: 4px; flex-grow: 0; height: 14px; margin-bottom: 6px; width: 224px;\"><\/div>\n<div style=\"background-color: #f4f4f4; border-radius: 4px; flex-grow: 0; height: 14px; width: 144px;\"><\/div>\n<\/div>\n<p style=\"color: #c9c8cd; font-family: Arial,sans-serif; font-size: 14px; line-height: 17px; margin-bottom: 0; margin-top: 8px; overflow: hidden; padding: 8px 0 7px; text-align: center; text-overflow: ellipsis; white-space: nowrap;\"><a style=\"color: #c9c8cd; font-family: Arial,sans-serif; font-size: 14px; font-style: normal; font-weight: normal; line-height: 17px; text-decoration: none;\" href=\"https:\/\/www.instagram.com\/p\/BzGDAtkHDEY\/\" target=\"_blank\" rel=\"noopener noreferrer\">Uma publica\u00e7\u00e3o compartilhada por Jacson Paiva\u00ae\ufe0f (@jacsonpaiva)<\/a> em <time style=\"font-family: Arial,sans-serif; font-size: 14px; line-height: 17px;\" datetime=\"2019-06-24T13:39:06+00:00\">24 de Jun, 2019 \u00e0s 6:39 PDT<\/time><\/p>\n<\/div>\n<\/blockquote>\n<p><script async=\"\" src=\"\/\/www.instagram.com\/embed.js\"><\/script><\/p>\n<h3><span class=\"ez-toc-section\" id=\"Cachoeira_da_Fumacinha_Ibicoara\"><\/span>Cachoeira da Fumacinha, Ibicoara<span class=\"ez-toc-section-end\"><\/span><\/h3>\n<figure id=\"attachment_25900\" aria-describedby=\"caption-attachment-25900\" style=\"width: 1024px\" class=\"wp-caption aligncenter\"><img loading=\"lazy\" decoding=\"async\" class=\"size-full wp-image-25900\" src=\"https:\/\/quantocustaviajar.com\/blog\/wp-content\/uploads\/2018\/08\/cachoeira-da-fumacinha-3.jpg\" alt=\"cachoeira da fumacinha\" width=\"1024\" height=\"766\" srcset=\"https:\/\/quantocustaviajar.com\/blog\/wp-content\/uploads\/2018\/08\/cachoeira-da-fumacinha-3.jpg 1024w, https:\/\/quantocustaviajar.com\/blog\/wp-content\/uploads\/2018\/08\/cachoeira-da-fumacinha-3-300x224.jpg 300w, https:\/\/quantocustaviajar.com\/blog\/wp-content\/uploads\/2018\/08\/cachoeira-da-fumacinha-3-768x575.jpg 768w\" sizes=\"auto, (max-width: 1024px) 100vw, 1024px\" \/><figcaption id=\"caption-attachment-25900\" class=\"wp-caption-text\"><a href=\"https:\/\/commons.wikimedia.org\/wiki\/File:Cachoeira_da_Fumacinha.JPG\" target=\"_blank\" rel=\"noopener noreferrer\">Wikimedia Commons<\/a><\/figcaption><\/figure>\n<p>Sem exageros, talvez a <a href=\"https:\/\/quantocustaviajar.com\/blog\/cachoeira-da-fumacinha-chapada-diamantina\/\" target=\"_blank\" rel=\"noopener noreferrer\"><strong>Cachoeira da Fumacinha<\/strong><\/a> seja a cachu mais bonita de toda a Chapada Diamantina. A trilha para chegar at\u00e9 este para\u00edso \u00e9 pesada, totalizando 18 km (somando ida e volta), mas o esfor\u00e7o valer\u00e1 a pena. Ao avistar as quedas d&#8217;\u00e1gua com 100 metros de altura, envolvidas em pared\u00f5es de 280 metros, voc\u00ea vai se emocionar!<\/p>\n<p>Existem duas maneiras de visitar a Fumacinha, fazendo a trilha por baixo (mais dif\u00edcil) ou por cima \u2014 n\u00e3o v\u00e1 sem guia, o caminho \u00e9 dif\u00edcil e muitas partes n\u00e3o s\u00e3o intuitivas. Passar pelos c\u00e2nions e chegar at\u00e9 a <a href=\"https:\/\/quantocustaviajar.com\/blog\/cachoeira-da-fumacinha-chapada-diamantina\/\">Cachoeira da Fumacinha<\/a> \u00e9 um sentimento inexplic\u00e1vel. Ser\u00e1 uma oportunidade de ficar em contato e ver toda a imensid\u00e3o que a for\u00e7a da natureza tem.<\/p>\n<p>Ibicoara fica a quase 4 horas de dist\u00e2ncia de Len\u00e7\u00f3is. Voc\u00ea pode pernoitar no pr\u00f3prio munic\u00edpio,<a href=\"https:\/\/www.booking.com\/city\/br\/ibicoara.pt-br.html?aid=2161834\" target=\"_blank\" rel=\"noopener noreferrer\"> <strong>veja aqui hot\u00e9is e pousadas em Ibicoara<\/strong><\/a> para ficar.<\/p>\n<p>Veja mais fotos da Cachoeira da Fumacinha:<\/p>\n<figure id=\"attachment_25906\" aria-describedby=\"caption-attachment-25906\" style=\"width: 800px\" class=\"wp-caption aligncenter\"><img loading=\"lazy\" decoding=\"async\" class=\"size-full wp-image-25906\" src=\"https:\/\/quantocustaviajar.com\/blog\/wp-content\/uploads\/2018\/08\/cachoeira-da-fumacinha-6.jpg\" alt=\"\" width=\"800\" height=\"1200\" srcset=\"https:\/\/quantocustaviajar.com\/blog\/wp-content\/uploads\/2018\/08\/cachoeira-da-fumacinha-6.jpg 800w, https:\/\/quantocustaviajar.com\/blog\/wp-content\/uploads\/2018\/08\/cachoeira-da-fumacinha-6-200x300.jpg 200w, https:\/\/quantocustaviajar.com\/blog\/wp-content\/uploads\/2018\/08\/cachoeira-da-fumacinha-6-768x1152.jpg 768w, https:\/\/quantocustaviajar.com\/blog\/wp-content\/uploads\/2018\/08\/cachoeira-da-fumacinha-6-683x1024.jpg 683w\" sizes=\"auto, (max-width: 800px) 100vw, 800px\" \/><figcaption id=\"caption-attachment-25906\" class=\"wp-caption-text\">Foto: <a href=\"https:\/\/commons.wikimedia.org\/wiki\/File:Canion_da_Cachoeira_da_Fumacinha_-_Chapada_Diamantina.jpg\" target=\"_blank\" rel=\"noopener noreferrer\">Wikimedia Commons<\/a><\/figcaption><\/figure>\n<figure id=\"attachment_25899\" aria-describedby=\"caption-attachment-25899\" style=\"width: 1024px\" class=\"wp-caption aligncenter\"><img loading=\"lazy\" decoding=\"async\" class=\"size-full wp-image-25899\" src=\"https:\/\/quantocustaviajar.com\/blog\/wp-content\/uploads\/2018\/08\/cachoeira-da-fumacinha-2.jpg\" alt=\"\" width=\"1024\" height=\"682\" srcset=\"https:\/\/quantocustaviajar.com\/blog\/wp-content\/uploads\/2018\/08\/cachoeira-da-fumacinha-2.jpg 1024w, https:\/\/quantocustaviajar.com\/blog\/wp-content\/uploads\/2018\/08\/cachoeira-da-fumacinha-2-300x200.jpg 300w, https:\/\/quantocustaviajar.com\/blog\/wp-content\/uploads\/2018\/08\/cachoeira-da-fumacinha-2-768x512.jpg 768w\" sizes=\"auto, (max-width: 1024px) 100vw, 1024px\" \/><figcaption id=\"caption-attachment-25899\" class=\"wp-caption-text\">Foto: <a href=\"https:\/\/www.flickr.com\/photos\/bartvandorp\/13216679953\/\" target=\"_blank\" rel=\"noopener noreferrer\">Bart van Dorp<\/a><\/figcaption><\/figure>\n<h3><span class=\"ez-toc-section\" id=\"Cachoeira_do_Buracao_Ibicoara\"><\/span>Cachoeira do Burac\u00e3o, Ibicoara<span class=\"ez-toc-section-end\"><\/span><\/h3>\n<figure id=\"attachment_35583\" aria-describedby=\"caption-attachment-35583\" style=\"width: 800px\" class=\"wp-caption aligncenter\"><img loading=\"lazy\" decoding=\"async\" class=\"size-full wp-image-35583\" src=\"https:\/\/quantocustaviajar.com\/blog\/wp-content\/uploads\/2019\/06\/chapada-diamantina-26.jpg\" alt=\"chapada diamantina\" width=\"800\" height=\"419\" srcset=\"https:\/\/quantocustaviajar.com\/blog\/wp-content\/uploads\/2019\/06\/chapada-diamantina-26.jpg 800w, https:\/\/quantocustaviajar.com\/blog\/wp-content\/uploads\/2019\/06\/chapada-diamantina-26-300x157.jpg 300w, https:\/\/quantocustaviajar.com\/blog\/wp-content\/uploads\/2019\/06\/chapada-diamantina-26-768x402.jpg 768w\" sizes=\"auto, (max-width: 800px) 100vw, 800px\" \/><figcaption id=\"caption-attachment-35583\" class=\"wp-caption-text\">Foto: <a href=\"https:\/\/commons.wikimedia.org\/wiki\/File:Cachoeira_do_Burac%C3%A3o_na_Chapada_Diamantina.jpg\" target=\"_blank\" rel=\"noopener noreferrer\">Wikimedia Commons<\/a><\/figcaption><\/figure>\n<p>Quedas d&#8217;\u00e1gua com 85 metros de altura rodeadas por c\u00e2nions sinuosos: assim \u00e9 o cen\u00e1rio da Cachoeira do Burac\u00e3o. A trilha que se inicia logo ap\u00f3s o estacionamento tem 3 km de extens\u00e3o, garantindo uma caminhada de aproximadamente 1h.<\/p>\n<p>Para entrar na \u00e1gua, voc\u00ea vai precisar usar um colete salva-vidas por quest\u00f5es de seguran\u00e7a, ok?<\/p>\n<p><img loading=\"lazy\" decoding=\"async\" class=\"size-full wp-image-35582\" style=\"color: initial;\" src=\"https:\/\/quantocustaviajar.com\/blog\/wp-content\/uploads\/2019\/06\/chapada-diamantina-25.jpg\" alt=\"chapada diamantina\" width=\"800\" height=\"600\" srcset=\"https:\/\/quantocustaviajar.com\/blog\/wp-content\/uploads\/2019\/06\/chapada-diamantina-25.jpg 800w, https:\/\/quantocustaviajar.com\/blog\/wp-content\/uploads\/2019\/06\/chapada-diamantina-25-300x225.jpg 300w, https:\/\/quantocustaviajar.com\/blog\/wp-content\/uploads\/2019\/06\/chapada-diamantina-25-768x576.jpg 768w\" sizes=\"auto, (max-width: 800px) 100vw, 800px\" \/><\/p>\n<p>Foto: <a href=\"https:\/\/commons.wikimedia.org\/wiki\/File:Cachoeira_do_Burac%C3%A3o_-_Chapada_Diamantina.jpg\" target=\"_blank\" rel=\"noopener noreferrer\">Wikimedia Commons<\/a><\/p>\n<figure id=\"attachment_35584\" aria-describedby=\"caption-attachment-35584\" style=\"width: 800px\" class=\"wp-caption aligncenter\"><img loading=\"lazy\" decoding=\"async\" class=\"size-full wp-image-35584\" src=\"https:\/\/quantocustaviajar.com\/blog\/wp-content\/uploads\/2019\/06\/chapada-diamantina-27.jpg\" alt=\"chapada diamantina\" width=\"800\" height=\"600\" srcset=\"https:\/\/quantocustaviajar.com\/blog\/wp-content\/uploads\/2019\/06\/chapada-diamantina-27.jpg 800w, https:\/\/quantocustaviajar.com\/blog\/wp-content\/uploads\/2019\/06\/chapada-diamantina-27-300x225.jpg 300w, https:\/\/quantocustaviajar.com\/blog\/wp-content\/uploads\/2019\/06\/chapada-diamantina-27-768x576.jpg 768w\" sizes=\"auto, (max-width: 800px) 100vw, 800px\" \/><figcaption id=\"caption-attachment-35584\" class=\"wp-caption-text\">Foto: <a href=\"https:\/\/www.flickr.com\/photos\/jvc\/352819555\" target=\"_blank\" rel=\"noopener noreferrer\"> Jo\u00e3o Vicente <\/a><\/figcaption><\/figure>\n<h3><span class=\"ez-toc-section\" id=\"Poco_Azul_Nova_Redencao\"><\/span>Po\u00e7o Azul, Nova Reden\u00e7\u00e3o<span class=\"ez-toc-section-end\"><\/span><\/h3>\n<figure id=\"attachment_35586\" aria-describedby=\"caption-attachment-35586\" style=\"width: 800px\" class=\"wp-caption aligncenter\"><img loading=\"lazy\" decoding=\"async\" class=\"size-full wp-image-35586\" src=\"https:\/\/quantocustaviajar.com\/blog\/wp-content\/uploads\/2019\/06\/chapada-diamantina-28.jpg\" alt=\"chapada diamantina\" width=\"800\" height=\"534\" srcset=\"https:\/\/quantocustaviajar.com\/blog\/wp-content\/uploads\/2019\/06\/chapada-diamantina-28.jpg 800w, https:\/\/quantocustaviajar.com\/blog\/wp-content\/uploads\/2019\/06\/chapada-diamantina-28-300x200.jpg 300w, https:\/\/quantocustaviajar.com\/blog\/wp-content\/uploads\/2019\/06\/chapada-diamantina-28-768x513.jpg 768w\" sizes=\"auto, (max-width: 800px) 100vw, 800px\" \/><figcaption id=\"caption-attachment-35586\" class=\"wp-caption-text\">Foto: <a href=\"https:\/\/www.flickr.com\/photos\/rosanetur\/18930111721\" target=\"_blank\" rel=\"noopener noreferrer\"> Rosanetur<\/a><\/figcaption><\/figure>\n<p>Este \u00e9 um dos principais atrativos da Chapada. A gruta que abriga o <a href=\"https:\/\/quantocustaviajar.com\/blog\/poco-azul-e-poco-encantado-na-chapada-diamantina\/\">Po\u00e7o Azul<\/a> possui \u00e1guas cristalinas e azuis onde \u00e9 poss\u00edvel realizar a atividade de flutua\u00e7\u00e3o com colete, m\u00e1scara e snorkel pelos seus 40 metros de extens\u00e3o e 20 metros de profundidade.<\/p>\n<p>Entrar nestas \u00e1guas azuladas ser\u00e1 uma experi\u00eancia \u00edmpar na sua vida. O local \u00e9 todo preparado para receber turistas, contando com lanchonete, restaurante e banheiros.<\/p>\n<p>\u00c9 mais f\u00e1cil encontrar uma <a href=\"https:\/\/www.booking.com\/city\/br\/mucuge.pt-br.html?aid=2161834\" target=\"_blank\" rel=\"noopener noreferrer\"><strong>hospedagem em Mucug\u00ea<\/strong><\/a> quando desejar visitar o Po\u00e7o Azul.<\/p>\n<figure id=\"attachment_35587\" aria-describedby=\"caption-attachment-35587\" style=\"width: 800px\" class=\"wp-caption aligncenter\"><img loading=\"lazy\" decoding=\"async\" class=\"size-full wp-image-35587\" src=\"https:\/\/quantocustaviajar.com\/blog\/wp-content\/uploads\/2019\/06\/chapada-diamantina-31.jpg\" alt=\"chapada diamantina\" width=\"800\" height=\"534\" srcset=\"https:\/\/quantocustaviajar.com\/blog\/wp-content\/uploads\/2019\/06\/chapada-diamantina-31.jpg 800w, https:\/\/quantocustaviajar.com\/blog\/wp-content\/uploads\/2019\/06\/chapada-diamantina-31-300x200.jpg 300w, https:\/\/quantocustaviajar.com\/blog\/wp-content\/uploads\/2019\/06\/chapada-diamantina-31-768x513.jpg 768w\" sizes=\"auto, (max-width: 800px) 100vw, 800px\" \/><figcaption id=\"caption-attachment-35587\" class=\"wp-caption-text\">Foto: <a href=\"https:\/\/commons.wikimedia.org\/wiki\/File:Uma_lembran%C3%A7a_no_Po%C3%A7o_Azul.png\" target=\"_blank\" rel=\"noopener noreferrer\">Wikimedia Commons<\/a><\/figcaption><\/figure>\n<figure id=\"attachment_35588\" aria-describedby=\"caption-attachment-35588\" style=\"width: 800px\" class=\"wp-caption aligncenter\"><img loading=\"lazy\" decoding=\"async\" class=\"size-full wp-image-35588\" src=\"https:\/\/quantocustaviajar.com\/blog\/wp-content\/uploads\/2019\/06\/chapada-diamantina-30.jpg\" alt=\"chapada diamantina\" width=\"800\" height=\"600\" srcset=\"https:\/\/quantocustaviajar.com\/blog\/wp-content\/uploads\/2019\/06\/chapada-diamantina-30.jpg 800w, https:\/\/quantocustaviajar.com\/blog\/wp-content\/uploads\/2019\/06\/chapada-diamantina-30-300x225.jpg 300w, https:\/\/quantocustaviajar.com\/blog\/wp-content\/uploads\/2019\/06\/chapada-diamantina-30-768x576.jpg 768w\" sizes=\"auto, (max-width: 800px) 100vw, 800px\" \/><figcaption id=\"caption-attachment-35588\" class=\"wp-caption-text\">Foto: <a href=\"https:\/\/www.flickr.com\/photos\/franciscoferreira\/8021868688\" target=\"_blank\" rel=\"noopener noreferrer\">Chico Ferreira<\/a><\/figcaption><\/figure>\n<figure id=\"attachment_35589\" aria-describedby=\"caption-attachment-35589\" style=\"width: 800px\" class=\"wp-caption aligncenter\"><img loading=\"lazy\" decoding=\"async\" class=\"size-full wp-image-35589\" src=\"https:\/\/quantocustaviajar.com\/blog\/wp-content\/uploads\/2019\/06\/chapada-diamantina-29.jpg\" alt=\"chapada diamantina\" width=\"800\" height=\"600\" srcset=\"https:\/\/quantocustaviajar.com\/blog\/wp-content\/uploads\/2019\/06\/chapada-diamantina-29.jpg 800w, https:\/\/quantocustaviajar.com\/blog\/wp-content\/uploads\/2019\/06\/chapada-diamantina-29-300x225.jpg 300w, https:\/\/quantocustaviajar.com\/blog\/wp-content\/uploads\/2019\/06\/chapada-diamantina-29-768x576.jpg 768w\" sizes=\"auto, (max-width: 800px) 100vw, 800px\" \/><figcaption id=\"caption-attachment-35589\" class=\"wp-caption-text\">Foto: <a href=\"https:\/\/www.flickr.com\/photos\/franciscoferreira\/8021852434\" target=\"_blank\" rel=\"noopener noreferrer\">Chico Ferreira<\/a><\/figcaption><\/figure>\n<h3><span class=\"ez-toc-section\" id=\"Poco_Encantado_Itaete\"><\/span>Po\u00e7o Encantado, Itaet\u00ea<span class=\"ez-toc-section-end\"><\/span><\/h3>\n<figure id=\"attachment_35590\" aria-describedby=\"caption-attachment-35590\" style=\"width: 800px\" class=\"wp-caption aligncenter\"><img loading=\"lazy\" decoding=\"async\" class=\"size-full wp-image-35590\" src=\"https:\/\/quantocustaviajar.com\/blog\/wp-content\/uploads\/2019\/06\/chapada-diamantina-32.jpg\" alt=\"\" width=\"800\" height=\"533\" srcset=\"https:\/\/quantocustaviajar.com\/blog\/wp-content\/uploads\/2019\/06\/chapada-diamantina-32.jpg 800w, https:\/\/quantocustaviajar.com\/blog\/wp-content\/uploads\/2019\/06\/chapada-diamantina-32-300x200.jpg 300w, https:\/\/quantocustaviajar.com\/blog\/wp-content\/uploads\/2019\/06\/chapada-diamantina-32-768x512.jpg 768w\" sizes=\"auto, (max-width: 800px) 100vw, 800px\" \/><figcaption id=\"caption-attachment-35590\" class=\"wp-caption-text\">Foto: <a href=\"https:\/\/pt.wikipedia.org\/wiki\/Ficheiro:Raio_Po%C3%A7o_Encantado.jpg\" target=\"_blank\" rel=\"noopener noreferrer\">Wikimedia Commons<\/a><\/figcaption><\/figure>\n<p>Mesmo sem ter a possibilidade de entrar na \u00e1gua do Po\u00e7o Encantado, visit\u00e1-lo \u00e9 quase uma tarefa obrigat\u00f3ria para quem est\u00e1 na Chapada Diamantina. O Po\u00e7o Encantado tem dimens\u00f5es exorbitantes: 60 metros de profundidade, 110 metros de comprimento e 70 metros de largura.<\/p>\n<p>Fa\u00e7a o poss\u00edvel para visitar o local entre 10h e 13h, isso porque nesse hor\u00e1rio o facho de luz solar entra pela abertura da gruta e garante um dos espet\u00e1culos mais guardados pelos visitantes. \u00c9 incrivelmente lindo!<\/p>\n<p><a href=\"https:\/\/www.booking.com\/city\/br\/mucuge.pt-br.html?aid=2161834\" target=\"_blank\" rel=\"noopener noreferrer\"><strong>Hospede-se em Mucug\u00ea<\/strong><\/a> se for visitar o Po\u00e7o Encantado.<\/p>\n<h3><span class=\"ez-toc-section\" id=\"Gruta_Torrinha_Iraquara\"><\/span>Gruta Torrinha, Iraquara<span class=\"ez-toc-section-end\"><\/span><\/h3>\n<figure id=\"attachment_35574\" aria-describedby=\"caption-attachment-35574\" style=\"width: 800px\" class=\"wp-caption aligncenter\"><img loading=\"lazy\" decoding=\"async\" class=\"size-full wp-image-35574\" src=\"https:\/\/quantocustaviajar.com\/blog\/wp-content\/uploads\/2019\/06\/chapada-diamantina-19.jpg\" alt=\"chapada diamantina\" width=\"800\" height=\"533\" srcset=\"https:\/\/quantocustaviajar.com\/blog\/wp-content\/uploads\/2019\/06\/chapada-diamantina-19.jpg 800w, https:\/\/quantocustaviajar.com\/blog\/wp-content\/uploads\/2019\/06\/chapada-diamantina-19-300x200.jpg 300w, https:\/\/quantocustaviajar.com\/blog\/wp-content\/uploads\/2019\/06\/chapada-diamantina-19-768x512.jpg 768w\" sizes=\"auto, (max-width: 800px) 100vw, 800px\" \/><figcaption id=\"caption-attachment-35574\" class=\"wp-caption-text\">Foto: <a href=\"https:\/\/commons.wikimedia.org\/wiki\/File:Gruta_da_Torrinha.jpg\" target=\"_blank\" rel=\"noopener noreferrer\">Wikimedia Commons<\/a><\/figcaption><\/figure>\n<p>A 65 km de dist\u00e2ncia de Len\u00e7\u00f3is fica a Gruta Torrinha com suas forma\u00e7\u00f5es surpreendentes de estalactites e estalagmites. O cen\u00e1rio criado h\u00e1 milhares de anos \u00e9 exuberante e voc\u00ea vai se deliciar fazendo fotos para guardar de recorda\u00e7\u00e3o.<\/p>\n<p>A gruta tem um percurso interno bem grande, chegando a 2 km de extens\u00e3o. Quem tem tempo sobrando pode percorrer todas as trilhas da caverna, contabilizando 2h30 de caminhada, passando por debaixo de pedras no melhor estilo aventureira.<\/p>\n<p><a href=\"https:\/\/www.booking.com\/city\/br\/iraquara.pt-br.html?aid=2161834\" target=\"_blank\" rel=\"noopener noreferrer\"><strong>Hospedagens perto de Iraquara<\/strong><\/a>: veja as op\u00e7\u00f5es!<\/p>\n<h3><span class=\"ez-toc-section\" id=\"Vale_do_Pati\"><\/span>Vale do Pati<span class=\"ez-toc-section-end\"><\/span><\/h3>\n<figure id=\"attachment_35558\" aria-describedby=\"caption-attachment-35558\" style=\"width: 800px\" class=\"wp-caption aligncenter\"><img loading=\"lazy\" decoding=\"async\" class=\"size-full wp-image-35558\" src=\"https:\/\/quantocustaviajar.com\/blog\/wp-content\/uploads\/2019\/06\/chapada-diamantina-6.jpg\" alt=\"chapada diamantina\" width=\"800\" height=\"600\" srcset=\"https:\/\/quantocustaviajar.com\/blog\/wp-content\/uploads\/2019\/06\/chapada-diamantina-6.jpg 800w, https:\/\/quantocustaviajar.com\/blog\/wp-content\/uploads\/2019\/06\/chapada-diamantina-6-300x225.jpg 300w, https:\/\/quantocustaviajar.com\/blog\/wp-content\/uploads\/2019\/06\/chapada-diamantina-6-768x576.jpg 768w\" sizes=\"auto, (max-width: 800px) 100vw, 800px\" \/><figcaption id=\"caption-attachment-35558\" class=\"wp-caption-text\">Foto: <a href=\"https:\/\/commons.wikimedia.org\/wiki\/File:Mirante_do_Cachoeir%C3%A3o_-_Vale_do_Pati.jpg\" target=\"_blank\" rel=\"noopener noreferrer\">Wikimedia Commons<\/a><\/figcaption><\/figure>\n<p>Talvez, o lugar mais marcante da sua viagem \u00e0 Chapada Diamantina seja este! O Vale do Pati \u00e9 t\u00e3o encantador, t\u00e3o lindo, que sinceramente faltam adjetivos para descrev\u00ea-lo. Ser\u00e1 uma imers\u00e3o e experi\u00eancia incr\u00edvel na sua vida, de verdade!<\/p>\n<p>\u00c9 importante saber que as trilhas s\u00e3o longas, algumas at\u00e9 pesadas, que variam de 14 km a 18 km por dia. Vale a pena ficar pelo menos duas noites no Pati para desbravar a regi\u00e3o, ok? As hospedagens acontecem na casa de moradores do Vale, que oferecem caf\u00e9 da manh\u00e3 e jantar feito no fog\u00e3o \u00e0 lenha, saboreado muitas vezes na varanda de casa.<\/p>\n<p>No Vale do Pati tem cachoeiras, como a da Altina, do Funil, do Lajedo, Cachoeir\u00e3o (acesso por baixo e por cima) e cachoeira do Calixto para um banho gostoso! Ainda tem o vale do Calixto, perfeito para contemplar a Chapada Diamantina com uma vista panor\u00e2mica e rola at\u00e9 uma &#8220;escalaminhada&#8221; no Morro do Castelo para apreciar grutas com forma\u00e7\u00e3o de quartzito. \u00c9 muita beleza num lugar s\u00f3!<\/p>\n<p>Veja mais fotos do Vale do Pati:<\/p>\n<figure id=\"attachment_35559\" aria-describedby=\"caption-attachment-35559\" style=\"width: 800px\" class=\"wp-caption aligncenter\"><img loading=\"lazy\" decoding=\"async\" class=\"size-full wp-image-35559\" src=\"https:\/\/quantocustaviajar.com\/blog\/wp-content\/uploads\/2019\/06\/chapada-diamantina-9.jpg\" alt=\"chapada diamantina\" width=\"800\" height=\"530\" srcset=\"https:\/\/quantocustaviajar.com\/blog\/wp-content\/uploads\/2019\/06\/chapada-diamantina-9.jpg 800w, https:\/\/quantocustaviajar.com\/blog\/wp-content\/uploads\/2019\/06\/chapada-diamantina-9-300x199.jpg 300w, https:\/\/quantocustaviajar.com\/blog\/wp-content\/uploads\/2019\/06\/chapada-diamantina-9-768x509.jpg 768w\" sizes=\"auto, (max-width: 800px) 100vw, 800px\" \/><figcaption id=\"caption-attachment-35559\" class=\"wp-caption-text\">Foto: <a href=\"https:\/\/pt.wikipedia.org\/wiki\/Ficheiro:Fim_de_tarde_no_Morro_do_Castelo.jpg\" target=\"_blank\" rel=\"noopener noreferrer\">Wikimedia Commons<\/a><\/figcaption><\/figure>\n<figure id=\"attachment_35560\" aria-describedby=\"caption-attachment-35560\" style=\"width: 800px\" class=\"wp-caption aligncenter\"><img loading=\"lazy\" decoding=\"async\" class=\"wp-image-35560 size-full\" src=\"https:\/\/quantocustaviajar.com\/blog\/wp-content\/uploads\/2019\/06\/chapada-diamantina-8.jpg\" alt=\"chapada diamantina\" width=\"800\" height=\"533\" srcset=\"https:\/\/quantocustaviajar.com\/blog\/wp-content\/uploads\/2019\/06\/chapada-diamantina-8.jpg 800w, https:\/\/quantocustaviajar.com\/blog\/wp-content\/uploads\/2019\/06\/chapada-diamantina-8-300x200.jpg 300w, https:\/\/quantocustaviajar.com\/blog\/wp-content\/uploads\/2019\/06\/chapada-diamantina-8-768x512.jpg 768w\" sizes=\"auto, (max-width: 800px) 100vw, 800px\" \/><figcaption id=\"caption-attachment-35560\" class=\"wp-caption-text\">Vale do Pati, Foto: <a href=\"https:\/\/www.flickr.com\/photos\/bartvandorp\/13216876564\" target=\"_blank\" rel=\"noopener noreferrer\">Barp van Dorp<\/a><\/figcaption><\/figure>\n<figure id=\"attachment_35561\" aria-describedby=\"caption-attachment-35561\" style=\"width: 800px\" class=\"wp-caption aligncenter\"><img loading=\"lazy\" decoding=\"async\" class=\"size-full wp-image-35561\" src=\"https:\/\/quantocustaviajar.com\/blog\/wp-content\/uploads\/2019\/06\/chapada-diamantina-7.jpg\" alt=\"chapada diamantina\" width=\"800\" height=\"600\" srcset=\"https:\/\/quantocustaviajar.com\/blog\/wp-content\/uploads\/2019\/06\/chapada-diamantina-7.jpg 800w, https:\/\/quantocustaviajar.com\/blog\/wp-content\/uploads\/2019\/06\/chapada-diamantina-7-300x225.jpg 300w, https:\/\/quantocustaviajar.com\/blog\/wp-content\/uploads\/2019\/06\/chapada-diamantina-7-768x576.jpg 768w\" sizes=\"auto, (max-width: 800px) 100vw, 800px\" \/><figcaption id=\"caption-attachment-35561\" class=\"wp-caption-text\">Foto: <a href=\"https:\/\/commons.wikimedia.org\/wiki\/File:Vale_do_Pati_por_Guine,_Chapada_Diamantina,_Bahia,_Brasil.jpg\" target=\"_blank\" rel=\"noopener noreferrer\">Wikimedia Commons<\/a><\/figcaption><\/figure>\n<p>Ainda tem MUITAS outras atra\u00e7\u00f5es para serem desbravadas na Chapada Diamantina. Ser\u00e1 uma viagem cheia de caminhadas e belezas pelo caminho.<\/p>\n<h2><span class=\"ez-toc-section\" id=\"Quando_visitar_a_Chapada_Diamantina\"><\/span>Quando visitar a Chapada Diamantina<span class=\"ez-toc-section-end\"><\/span><\/h2>\n<p>A melhor \u00e9poca para visitar a Chapada \u00e9 ap\u00f3s o t\u00e9rmino do per\u00edodo das chuvas de ver\u00e3o. Isso porque, voc\u00ea vai encontrar as cachoeiras ainda bem volumosas e bonitas, mas sem correr riscos durante sua trilha.<\/p>\n<p>Para voc\u00ea ter uma ideia, dependendo da situa\u00e7\u00e3o clim\u00e1tica em \u00e9pocas chuvosas, seu guia vai impedir que algumas trilhas sejam feitas. Durante os per\u00edodos de chuva isso pode acontecer, j\u00e1 que podem ocorrer trombas d\u2019\u00e1gua.<\/p>\n<p>Por isso, pode parecer estranho, mas durante a estiagem \u00e9 uma \u00e9poca mais segura para se aventurar pelas trilhas, especialmente se for a primeira vez que voc\u00ea esteja indo para a Chapada Diamantina. A temperatura m\u00e9dia da regi\u00e3o fica entre 20\u00baC e 30\u00baC, variando conforme a esta\u00e7\u00e3o.<\/p>\n<h2><span class=\"ez-toc-section\" id=\"Onde_comer\"><\/span>Onde comer?<span class=\"ez-toc-section-end\"><\/span><\/h2>\n<p>Muita atra\u00e7\u00f5es possuem restaurantes e lanchonetes nos quais voc\u00ea pode fazer suas refei\u00e7\u00f5es. Confira op\u00e7\u00f5es legais em tr\u00eas munic\u00edpios:<\/p>\n<p>Em Len\u00e7\u00f3is, procure pelo <a href=\"https:\/\/www.facebook.com\/restaurantegarimpogourmet\/\" target=\"_blank\" rel=\"noopener noreferrer\"><strong>Restaurante Garimpo Gourmet<\/strong><\/a> ou pelo <a href=\"https:\/\/restaurantequilombola.negocio.site\/\" target=\"_blank\" rel=\"noopener noreferrer\"><strong>Restaurante Quilombola<\/strong><\/a> para experimentar a culin\u00e1ria tradicional baiana; o <a href=\"https:\/\/www.instagram.com\/lampiaofood\/\" target=\"_blank\" rel=\"noopener noreferrer\"><strong>Restaurante Lampi\u00e3o<\/strong><\/a> tem o melhor do sabor nordestino e a <a href=\"https:\/\/www.facebook.com\/cafeteriasaobenedito\/\" target=\"_blank\" rel=\"noopener noreferrer\"><strong>Cafeteria S\u00e3o Benedito<\/strong><\/a> \u00e9 \u00f3tima para um lanche.<\/p>\n<p>Em Mucug\u00ea, visite a hamburgueria <a href=\"https:\/\/www.facebook.com\/casaamarelaburguer\/\" target=\"_blank\" rel=\"noopener noreferrer\"><strong>Casa Amarela<\/strong><\/a> e delicie-se no <a href=\"http:\/\/www.saboreartemucuge.com.br\/\" target=\"_blank\" rel=\"noopener noreferrer\"><strong>Restaurante Sabor e Arte<\/strong><\/a> e <a href=\"https:\/\/www.facebook.com\/Rest.SaborDaPicanha\/\" target=\"_blank\" rel=\"noopener noreferrer\"><strong>Sabor da Picanha<\/strong><\/a>. O Vale do Cap\u00e3o tem o <strong>Bistr\u00f4 Orqu\u00eddea Negra<\/strong>, o <a href=\"http:\/\/pousadamirantedacachoeira.blogspot.com\/\" target=\"_blank\" rel=\"noopener noreferrer\"><strong>Restaurante Mirante da Cachoeira<\/strong><\/a> e o <a href=\"https:\/\/www.facebook.com\/oxeresto\" target=\"_blank\" rel=\"noopener noreferrer\"><strong>\u00d4xe! Rest\u00f4<\/strong><\/a> que s\u00e3o legais de conhecer.<\/p>\n<p>Lembre-se de passar nos mercadinhos para comprar itens e preparar sandu\u00edches e lanches para encarar as trilhas.<\/p>\n<p>Curtir as f\u00e9rias na Chapada Diamantina ser\u00e1 uma experi\u00eancia encantadora e inesquec\u00edvel. Boa viagem :)<\/p>\n","protected":false},"excerpt":{"rendered":"<p>Grutas com \u00e1guas cristalinas, cachoeiras com quedas d&#8217;\u00e1guas surpreendentes, trilhas que passam por riachos e mirantes para observar belezas a perder de vista: assim \u00e9 a Chapada Diamantina, um dos destinos mais encantadores do Brasil, localizado no cora\u00e7\u00e3o da Bahia. Quem visita esse verdadeiro para\u00edso na Terra vai em busca de contato extremo com a [&hellip;]<\/p>\n","protected":false},"author":9,"featured_media":35552,"comment_status":"open","ping_status":"open","sticky":false,"template":"page-templates\/featured-img-above.php","format":"standard","meta":{"cybocfi_hide_featured_image":"","footnotes":""},"categories":[1437,1434],"tags":[176,272,266,1654,195,1802,111,124,1785],"class_list":["post-35551","post","type-post","status-publish","format-standard","has-post-thumbnail","hentry","category-ao-ar-livre","category-descubra-brasil","tag-america-do-sul","tag-bahia","tag-brasil","tag-chapada-diamantina","tag-guia","tag-lencois","tag-natureza","tag-roteiro","tag-trilhas"],"blocksy_meta":[],"yoast_head":"<!-- This site is optimized with the Yoast SEO plugin v26.3 - https:\/\/yoast.com\/wordpress\/plugins\/seo\/ -->\n<title>Chapada Diamantina: um dos destinos mais lindos para conhecer no Brasil<\/title>\n<meta name=\"description\" content=\"Visite a Chapada Diamantina, um destino surreal cravado no cora\u00e7\u00e3o da Bahia. Descubra atra\u00e7\u00f5es, cidades principais e dicas de viagem.\" \/>\n<meta name=\"robots\" content=\"index, follow, max-snippet:-1, max-image-preview:large, max-video-preview:-1\" \/>\n<link rel=\"canonical\" href=\"https:\/\/quantocustaviajar.com\/blog\/chapada-diamantina-bahia-brasil\/\" \/>\n<meta property=\"og:locale\" content=\"pt_BR\" \/>\n<meta property=\"og:type\" content=\"article\" \/>\n<meta property=\"og:title\" content=\"Chapada Diamantina: um dos destinos mais lindos para conhecer no Brasil\" \/>\n<meta property=\"og:description\" content=\"Visite a Chapada Diamantina, um destino surreal cravado no cora\u00e7\u00e3o da Bahia. Descubra atra\u00e7\u00f5es, cidades principais e dicas de viagem.\" \/>\n<meta property=\"og:url\" content=\"https:\/\/quantocustaviajar.com\/blog\/chapada-diamantina-bahia-brasil\/\" \/>\n<meta property=\"og:site_name\" content=\"Blog Quanto Custa Viajar\" \/>\n<meta property=\"article:publisher\" content=\"https:\/\/www.facebook.com\/quantocustaviajar\" \/>\n<meta property=\"article:published_time\" content=\"2025-02-02T13:33:00+00:00\" \/>\n<meta property=\"article:modified_time\" content=\"2025-06-10T17:32:12+00:00\" \/>\n<meta property=\"og:image\" content=\"https:\/\/quantocustaviajar.com\/blog\/wp-content\/uploads\/2019\/06\/chapada-diamantina-1.jpg\" \/>\n\t<meta property=\"og:image:width\" content=\"800\" \/>\n\t<meta property=\"og:image:height\" content=\"450\" \/>\n\t<meta property=\"og:image:type\" content=\"image\/jpeg\" \/>\n<meta name=\"author\" content=\"Reda\u00e7\u00e3o QCV\" \/>\n<meta name=\"twitter:card\" content=\"summary_large_image\" \/>\n<meta name=\"twitter:label1\" content=\"Escrito por\" \/>\n\t<meta name=\"twitter:data1\" content=\"Reda\u00e7\u00e3o QCV\" \/>\n\t<meta name=\"twitter:label2\" content=\"Est. tempo de leitura\" \/>\n\t<meta name=\"twitter:data2\" content=\"21 minutos\" \/>\n<!-- \/ Yoast SEO plugin. -->","yoast_head_json":{"title":"Chapada Diamantina: um dos destinos mais lindos para conhecer no Brasil","description":"Visite a Chapada Diamantina, um destino surreal cravado no cora\u00e7\u00e3o da Bahia. Descubra atra\u00e7\u00f5es, cidades principais e dicas de viagem.","robots":{"index":"index","follow":"follow","max-snippet":"max-snippet:-1","max-image-preview":"max-image-preview:large","max-video-preview":"max-video-preview:-1"},"canonical":"https:\/\/quantocustaviajar.com\/blog\/chapada-diamantina-bahia-brasil\/","og_locale":"pt_BR","og_type":"article","og_title":"Chapada Diamantina: um dos destinos mais lindos para conhecer no Brasil","og_description":"Visite a Chapada Diamantina, um destino surreal cravado no cora\u00e7\u00e3o da Bahia. Descubra atra\u00e7\u00f5es, cidades principais e dicas de viagem.","og_url":"https:\/\/quantocustaviajar.com\/blog\/chapada-diamantina-bahia-brasil\/","og_site_name":"Blog Quanto Custa Viajar","article_publisher":"https:\/\/www.facebook.com\/quantocustaviajar","article_published_time":"2025-02-02T13:33:00+00:00","article_modified_time":"2025-06-10T17:32:12+00:00","og_image":[{"width":800,"height":450,"url":"https:\/\/quantocustaviajar.com\/blog\/wp-content\/uploads\/2019\/06\/chapada-diamantina-1.jpg","type":"image\/jpeg"}],"author":"Reda\u00e7\u00e3o QCV","twitter_card":"summary_large_image","twitter_misc":{"Escrito por":"Reda\u00e7\u00e3o QCV","Est. tempo de leitura":"21 minutos"},"schema":{"@context":"https:\/\/schema.org","@graph":[{"@type":["Article","BlogPosting"],"@id":"https:\/\/quantocustaviajar.com\/blog\/chapada-diamantina-bahia-brasil\/#article","isPartOf":{"@id":"https:\/\/quantocustaviajar.com\/blog\/chapada-diamantina-bahia-brasil\/"},"author":{"name":"Reda\u00e7\u00e3o QCV","@id":"https:\/\/quantocustaviajar.com\/blog\/#\/schema\/person\/b99c49b1272e2104cc84a5a84122b751"},"headline":"Chapada Diamantina: um dos destinos mais lindos para conhecer no Brasil","datePublished":"2025-02-02T13:33:00+00:00","dateModified":"2025-06-10T17:32:12+00:00","mainEntityOfPage":{"@id":"https:\/\/quantocustaviajar.com\/blog\/chapada-diamantina-bahia-brasil\/"},"wordCount":2714,"commentCount":9,"publisher":{"@id":"https:\/\/quantocustaviajar.com\/blog\/#organization"},"image":{"@id":"https:\/\/quantocustaviajar.com\/blog\/chapada-diamantina-bahia-brasil\/#primaryimage"},"thumbnailUrl":"https:\/\/quantocustaviajar.com\/blog\/wp-content\/uploads\/2019\/06\/chapada-diamantina-1.jpg","keywords":["am\u00e9rica do sul","Bahia","Brasil","chapada diamantina","guia","len\u00e7\u00f3is","natureza","roteiro","trilhas"],"articleSection":["Ao Ar Livre","Descubra o Brasil"],"inLanguage":"pt-BR","potentialAction":[{"@type":"CommentAction","name":"Comment","target":["https:\/\/quantocustaviajar.com\/blog\/chapada-diamantina-bahia-brasil\/#respond"]}]},{"@type":"WebPage","@id":"https:\/\/quantocustaviajar.com\/blog\/chapada-diamantina-bahia-brasil\/","url":"https:\/\/quantocustaviajar.com\/blog\/chapada-diamantina-bahia-brasil\/","name":"Chapada Diamantina: um dos destinos mais lindos para conhecer no Brasil","isPartOf":{"@id":"https:\/\/quantocustaviajar.com\/blog\/#website"},"primaryImageOfPage":{"@id":"https:\/\/quantocustaviajar.com\/blog\/chapada-diamantina-bahia-brasil\/#primaryimage"},"image":{"@id":"https:\/\/quantocustaviajar.com\/blog\/chapada-diamantina-bahia-brasil\/#primaryimage"},"thumbnailUrl":"https:\/\/quantocustaviajar.com\/blog\/wp-content\/uploads\/2019\/06\/chapada-diamantina-1.jpg","datePublished":"2025-02-02T13:33:00+00:00","dateModified":"2025-06-10T17:32:12+00:00","description":"Visite a Chapada Diamantina, um destino surreal cravado no cora\u00e7\u00e3o da Bahia. Descubra atra\u00e7\u00f5es, cidades principais e dicas de viagem.","breadcrumb":{"@id":"https:\/\/quantocustaviajar.com\/blog\/chapada-diamantina-bahia-brasil\/#breadcrumb"},"inLanguage":"pt-BR","potentialAction":[{"@type":"ReadAction","target":["https:\/\/quantocustaviajar.com\/blog\/chapada-diamantina-bahia-brasil\/"]}]},{"@type":"ImageObject","inLanguage":"pt-BR","@id":"https:\/\/quantocustaviajar.com\/blog\/chapada-diamantina-bahia-brasil\/#primaryimage","url":"https:\/\/quantocustaviajar.com\/blog\/wp-content\/uploads\/2019\/06\/chapada-diamantina-1.jpg","contentUrl":"https:\/\/quantocustaviajar.com\/blog\/wp-content\/uploads\/2019\/06\/chapada-diamantina-1.jpg","width":800,"height":450,"caption":"Foto: Wikimedia Commons"},{"@type":"BreadcrumbList","@id":"https:\/\/quantocustaviajar.com\/blog\/chapada-diamantina-bahia-brasil\/#breadcrumb","itemListElement":[{"@type":"ListItem","position":1,"name":"In\u00edcio","item":"https:\/\/quantocustaviajar.com\/blog\/"},{"@type":"ListItem","position":2,"name":"Chapada Diamantina: um dos destinos mais lindos para conhecer no Brasil"}]},{"@type":"WebSite","@id":"https:\/\/quantocustaviajar.com\/blog\/#website","url":"https:\/\/quantocustaviajar.com\/blog\/","name":"Blog Quanto Custa Viajar","description":"","publisher":{"@id":"https:\/\/quantocustaviajar.com\/blog\/#organization"},"potentialAction":[{"@type":"SearchAction","target":{"@type":"EntryPoint","urlTemplate":"https:\/\/quantocustaviajar.com\/blog\/?s={search_term_string}"},"query-input":{"@type":"PropertyValueSpecification","valueRequired":true,"valueName":"search_term_string"}}],"inLanguage":"pt-BR"},{"@type":"Organization","@id":"https:\/\/quantocustaviajar.com\/blog\/#organization","name":"Quanto Custa Viajar","url":"https:\/\/quantocustaviajar.com\/blog\/","logo":{"@type":"ImageObject","inLanguage":"pt-BR","@id":"https:\/\/quantocustaviajar.com\/blog\/#\/schema\/logo\/image\/","url":"","contentUrl":"","caption":"Quanto Custa Viajar"},"image":{"@id":"https:\/\/quantocustaviajar.com\/blog\/#\/schema\/logo\/image\/"},"sameAs":["https:\/\/www.facebook.com\/quantocustaviajar"]},{"@type":"Person","@id":"https:\/\/quantocustaviajar.com\/blog\/#\/schema\/person\/b99c49b1272e2104cc84a5a84122b751","name":"Reda\u00e7\u00e3o QCV","image":{"@type":"ImageObject","inLanguage":"pt-BR","@id":"https:\/\/quantocustaviajar.com\/blog\/#\/schema\/person\/image\/","url":"https:\/\/secure.gravatar.com\/avatar\/e7b47d7a4633897697c32e0a2a1ad3abd9ca142ad0d9b7897241c6115247561b?s=96&d=mm&r=g","contentUrl":"https:\/\/secure.gravatar.com\/avatar\/e7b47d7a4633897697c32e0a2a1ad3abd9ca142ad0d9b7897241c6115247561b?s=96&d=mm&r=g","caption":"Reda\u00e7\u00e3o QCV"},"url":"https:\/\/quantocustaviajar.com\/blog\/author\/redacao\/"}]}},"_links":{"self":[{"href":"https:\/\/quantocustaviajar.com\/blog\/wp-json\/wp\/v2\/posts\/35551","targetHints":{"allow":["GET"]}}],"collection":[{"href":"https:\/\/quantocustaviajar.com\/blog\/wp-json\/wp\/v2\/posts"}],"about":[{"href":"https:\/\/quantocustaviajar.com\/blog\/wp-json\/wp\/v2\/types\/post"}],"author":[{"embeddable":true,"href":"https:\/\/quantocustaviajar.com\/blog\/wp-json\/wp\/v2\/users\/9"}],"replies":[{"embeddable":true,"href":"https:\/\/quantocustaviajar.com\/blog\/wp-json\/wp\/v2\/comments?post=35551"}],"version-history":[{"count":10,"href":"https:\/\/quantocustaviajar.com\/blog\/wp-json\/wp\/v2\/posts\/35551\/revisions"}],"predecessor-version":[{"id":74107,"href":"https:\/\/quantocustaviajar.com\/blog\/wp-json\/wp\/v2\/posts\/35551\/revisions\/74107"}],"wp:featuredmedia":[{"embeddable":true,"href":"https:\/\/quantocustaviajar.com\/blog\/wp-json\/wp\/v2\/media\/35552"}],"wp:attachment":[{"href":"https:\/\/quantocustaviajar.com\/blog\/wp-json\/wp\/v2\/media?parent=35551"}],"wp:term":[{"taxonomy":"category","embeddable":true,"href":"https:\/\/quantocustaviajar.com\/blog\/wp-json\/wp\/v2\/categories?post=35551"},{"taxonomy":"post_tag","embeddable":true,"href":"https:\/\/quantocustaviajar.com\/blog\/wp-json\/wp\/v2\/tags?post=35551"}],"curies":[{"name":"wp","href":"https:\/\/api.w.org\/{rel}","templated":true}]}}