{"id":34337,"date":"2025-05-20T12:38:00","date_gmt":"2025-05-20T12:38:00","guid":{"rendered":"https:\/\/quantocustaviajar.com\/blog\/?p=34337"},"modified":"2025-07-17T14:32:40","modified_gmt":"2025-07-17T14:32:40","slug":"lugares-secretos-em-sao-paulo","status":"publish","type":"post","link":"https:\/\/quantocustaviajar.com\/blog\/lugares-secretos-em-sao-paulo\/","title":{"rendered":"Lugares secretos em S\u00e3o Paulo escondem o melhor da cidade"},"content":{"rendered":"<p>Ser\u00e1 que ainda existem <strong>lugares secretos em S\u00e3o Paulo<\/strong>, a terceira cidade mais visitada do Brasil? Gigante no tamanho e nas possibilidades, a metr\u00f3pole sempre vai ter aquele cantinho especial que apenas poucos e bons conhecem. Para desbravar alguns deles, confira a lista que o <strong>Quanto Custa Viajar<\/strong> preparou para voc\u00ea!<\/p><div id=\"ez-toc-container\" class=\"ez-toc-v2_0_76 ez-toc-wrap-left counter-hierarchy ez-toc-counter ez-toc-light-blue ez-toc-container-direction\">\n<div class=\"ez-toc-title-container\">\n<p class=\"ez-toc-title\" style=\"cursor:inherit\">Aqui voc\u00ea ir\u00e1 encontrar<\/p>\n<span class=\"ez-toc-title-toggle\"><a href=\"#\" class=\"ez-toc-pull-right ez-toc-btn ez-toc-btn-xs ez-toc-btn-default ez-toc-toggle\" aria-label=\"Alternar tabela de conte\u00fado\"><span class=\"ez-toc-js-icon-con\"><span class=\"\"><span class=\"eztoc-hide\" style=\"display:none;\">Toggle<\/span><span class=\"ez-toc-icon-toggle-span\"><svg style=\"fill: #999;color:#999\" xmlns=\"http:\/\/www.w3.org\/2000\/svg\" class=\"list-377408\" width=\"20px\" height=\"20px\" viewBox=\"0 0 24 24\" fill=\"none\"><path d=\"M6 6H4v2h2V6zm14 0H8v2h12V6zM4 11h2v2H4v-2zm16 0H8v2h12v-2zM4 16h2v2H4v-2zm16 0H8v2h12v-2z\" fill=\"currentColor\"><\/path><\/svg><svg style=\"fill: #999;color:#999\" class=\"arrow-unsorted-368013\" xmlns=\"http:\/\/www.w3.org\/2000\/svg\" width=\"10px\" height=\"10px\" viewBox=\"0 0 24 24\" version=\"1.2\" baseProfile=\"tiny\"><path d=\"M18.2 9.3l-6.2-6.3-6.2 6.3c-.2.2-.3.4-.3.7s.1.5.3.7c.2.2.4.3.7.3h11c.3 0 .5-.1.7-.3.2-.2.3-.5.3-.7s-.1-.5-.3-.7zM5.8 14.7l6.2 6.3 6.2-6.3c.2-.2.3-.5.3-.7s-.1-.5-.3-.7c-.2-.2-.4-.3-.7-.3h-11c-.3 0-.5.1-.7.3-.2.2-.3.5-.3.7s.1.5.3.7z\"\/><\/svg><\/span><\/span><\/span><\/a><\/span><\/div>\n<nav><ul class='ez-toc-list ez-toc-list-level-1 ' ><li class='ez-toc-page-1 ez-toc-heading-level-3'><a class=\"ez-toc-link ez-toc-heading-1\" href=\"https:\/\/quantocustaviajar.com\/blog\/lugares-secretos-em-sao-paulo\/#Jardim_da_Prefeitura_de_SP_Viaduto_do_Cha_15%E2%80%8A_-%E2%80%8A_Anhangabau\" >Jardim da Prefeitura de SP | Viaduto do Ch\u00e1, 15\u200a -\u200a Anhangaba\u00fa<\/a><\/li><li class='ez-toc-page-1 ez-toc-heading-level-3'><a class=\"ez-toc-link ez-toc-heading-2\" href=\"https:\/\/quantocustaviajar.com\/blog\/lugares-secretos-em-sao-paulo\/#ApotecarioEspaco_Zebra_Rua_Major_Diogo_237%E2%80%8A-%E2%80%8ABela_Vista\" >Apotec\u00e1rio\/Espa\u00e7o Zebra | Rua Major Diogo, 237\u200a-\u200aBela Vista<\/a><\/li><li class='ez-toc-page-1 ez-toc-heading-level-3'><a class=\"ez-toc-link ez-toc-heading-3\" href=\"https:\/\/quantocustaviajar.com\/blog\/lugares-secretos-em-sao-paulo\/#Templo_Odsal_Ling_Rua_dos_Agrimensores_1461%E2%80%8A-%E2%80%8ACotia\" >Templo Odsal Ling | Rua dos Agrimensores 1461\u200a-\u200aCotia<\/a><\/li><li class='ez-toc-page-1 ez-toc-heading-level-3'><a class=\"ez-toc-link ez-toc-heading-4\" href=\"https:\/\/quantocustaviajar.com\/blog\/lugares-secretos-em-sao-paulo\/#Seu_Quintal_Comedoria_Rua_Assungui_81%E2%80%8A-%E2%80%8AAlto_do_Ipiranga\" >Seu Quintal Comedoria | Rua Assungui, 81\u200a-\u200aAlto do Ipiranga<\/a><\/li><li class='ez-toc-page-1 ez-toc-heading-level-3'><a class=\"ez-toc-link ez-toc-heading-5\" href=\"https:\/\/quantocustaviajar.com\/blog\/lugares-secretos-em-sao-paulo\/#Brecho_No_Fundinho_Praca_da_Republica_80%E2%80%8A-%E2%80%8ASala_802%E2%80%8A-%E2%80%8ARepublica\" >Brech\u00f3 No Fundinho | Pra\u00e7a da Rep\u00fablica, 80\u200a-\u200aSala 802\u200a-\u200aRep\u00fablica<\/a><\/li><li class='ez-toc-page-1 ez-toc-heading-level-3'><a class=\"ez-toc-link ez-toc-heading-6\" href=\"https:\/\/quantocustaviajar.com\/blog\/lugares-secretos-em-sao-paulo\/#Bawarchi_Rua_Humberto_I_281%E2%80%8A-%E2%80%8AVila_Mariana\" >Bawarchi | Rua Humberto I, 281\u200a-\u200aVila Mariana<\/a><\/li><li class='ez-toc-page-1 ez-toc-heading-level-3'><a class=\"ez-toc-link ez-toc-heading-7\" href=\"https:\/\/quantocustaviajar.com\/blog\/lugares-secretos-em-sao-paulo\/#Plantacao_de_cafe_Av_Conselheiro_Rodrigues_Alves_1252%E2%80%8A-%E2%80%8AVila_Mariana\" >Planta\u00e7\u00e3o de caf\u00e9 | Av. Conselheiro Rodrigues Alves, 1252\u200a-\u200aVila Mariana<\/a><\/li><li class='ez-toc-page-1 ez-toc-heading-level-3'><a class=\"ez-toc-link ez-toc-heading-8\" href=\"https:\/\/quantocustaviajar.com\/blog\/lugares-secretos-em-sao-paulo\/#Catedral_Ortodoxa_Sao_Nicolau_Rua_Tamandare_710\" >Catedral Ortodoxa S\u00e3o Nicolau | Rua Tamandar\u00e9, 710<\/a><\/li><li class='ez-toc-page-1 ez-toc-heading-level-3'><a class=\"ez-toc-link ez-toc-heading-9\" href=\"https:\/\/quantocustaviajar.com\/blog\/lugares-secretos-em-sao-paulo\/#Pista_de_skate_nas_alturas_Rua_Joao_Bricola_24%E2%80%8A-%E2%80%8ACentro\" >Pista de skate nas alturas | Rua Jo\u00e3o Br\u00edcola, 24\u200a-\u200aCentro<\/a><\/li><li class='ez-toc-page-1 ez-toc-heading-level-3'><a class=\"ez-toc-link ez-toc-heading-10\" href=\"https:\/\/quantocustaviajar.com\/blog\/lugares-secretos-em-sao-paulo\/#Rincon_Escondido_Rua_Madalena_69\" >Rincon Escondido | Rua Madalena, 69<\/a><\/li><li class='ez-toc-page-1 ez-toc-heading-level-3'><a class=\"ez-toc-link ez-toc-heading-11\" href=\"https:\/\/quantocustaviajar.com\/blog\/lugares-secretos-em-sao-paulo\/#Desculpe_a_Poeira_Rua_Sebastiao_Velho_28-A%E2%80%8A-%E2%80%8APinheiros\" >Desculpe a Poeira | Rua Sebasti\u00e3o Velho, 28-A\u200a-\u200aPinheiros<\/a><\/li><li class='ez-toc-page-1 ez-toc-heading-level-3'><a class=\"ez-toc-link ez-toc-heading-12\" href=\"https:\/\/quantocustaviajar.com\/blog\/lugares-secretos-em-sao-paulo\/#Omoide_Sakaba_Rua_Luis_Gois_1574%E2%80%8A-%E2%80%8AMirandopolisVila_Clementino\" >Omoide Sakaba | Rua Luis G\u00f3is, 1574\u200a-\u200aMirand\u00f3polis\/Vila Clementino<\/a><\/li><li class='ez-toc-page-1 ez-toc-heading-level-3'><a class=\"ez-toc-link ez-toc-heading-13\" href=\"https:\/\/quantocustaviajar.com\/blog\/lugares-secretos-em-sao-paulo\/#Casa_Elefante_Rua_Cesario_Mota_Junior_277_%E2%80%93_Sobreloja%E2%80%8A-%E2%80%8AVila_Buarque\" >Casa Elefante | Rua Ces\u00e1rio Mota Junior, 277 &#8211; Sobreloja\u200a-\u200aVila Buarque<\/a><\/li><li class='ez-toc-page-1 ez-toc-heading-level-3'><a class=\"ez-toc-link ez-toc-heading-14\" href=\"https:\/\/quantocustaviajar.com\/blog\/lugares-secretos-em-sao-paulo\/#Casa_Vilanova_Artigas_Rua_Barao_Jaceguai_1151%E2%80%8A-%E2%80%8ACampo_Belo\" >Casa Vilanova Artigas | Rua Bar\u00e3o Jaceguai, 1151\u200a-\u200aCampo Belo<\/a><\/li><li class='ez-toc-page-1 ez-toc-heading-level-3'><a class=\"ez-toc-link ez-toc-heading-15\" href=\"https:\/\/quantocustaviajar.com\/blog\/lugares-secretos-em-sao-paulo\/#Memorial_da_Resistencia_Largo_General_Osorio_66_%E2%80%93_Santa_Ifigenia\" >Memorial da Resist\u00eancia | Largo General Os\u00f3rio, 66 &#8211; Santa Ifig\u00eania<\/a><\/li><li class='ez-toc-page-1 ez-toc-heading-level-3'><a class=\"ez-toc-link ez-toc-heading-16\" href=\"https:\/\/quantocustaviajar.com\/blog\/lugares-secretos-em-sao-paulo\/#Rua_Tres_Rios_Bom_Retiro\" >Rua Tr\u00eas Rios | Bom Retiro<\/a><\/li><li class='ez-toc-page-1 ez-toc-heading-level-3'><a class=\"ez-toc-link ez-toc-heading-17\" href=\"https:\/\/quantocustaviajar.com\/blog\/lugares-secretos-em-sao-paulo\/#Pavilhao_Japones_Parque_do_Ibirapuera\" >Pavilh\u00e3o Japon\u00eas | Parque do Ibirapuera<\/a><\/li><li class='ez-toc-page-1 ez-toc-heading-level-3'><a class=\"ez-toc-link ez-toc-heading-18\" href=\"https:\/\/quantocustaviajar.com\/blog\/lugares-secretos-em-sao-paulo\/#Parque_Cidade_de_Toronto_Avenida_Cardeal_Motta_84_%E2%80%93_Pirituba\" >Parque Cidade de Toronto | Avenida Cardeal Motta, 84 \u2013 Pirituba<\/a><\/li><li class='ez-toc-page-1 ez-toc-heading-level-3'><a class=\"ez-toc-link ez-toc-heading-19\" href=\"https:\/\/quantocustaviajar.com\/blog\/lugares-secretos-em-sao-paulo\/#Casa_Museu_Ema_Klabin_Rua_Portugal_43_%E2%80%93_Jardim_Europa\" >Casa Museu Ema Klabin | Rua Portugal, 43 \u2013 Jardim Europa<\/a><\/li><li class='ez-toc-page-1 ez-toc-heading-level-3'><a class=\"ez-toc-link ez-toc-heading-20\" href=\"https:\/\/quantocustaviajar.com\/blog\/lugares-secretos-em-sao-paulo\/#Jazz_Escondido_Restaurante_Ragu_Rua_Maceio_85_%E2%80%93_Consolacao\" >Jazz Escondido \/ Restaurante Rag\u00fa | Rua Macei\u00f3, 85 &#8211; Consola\u00e7\u00e3o<\/a><\/li><li class='ez-toc-page-1 ez-toc-heading-level-3'><a class=\"ez-toc-link ez-toc-heading-21\" href=\"https:\/\/quantocustaviajar.com\/blog\/lugares-secretos-em-sao-paulo\/#noPorto_Espaco_Lounge_Rua_Edison_1418_%E2%80%93_Campo_Belo\" >noPorto Espa\u00e7o Lounge | Rua \u00c9dison, 1418 &#8211; Campo Belo<\/a><\/li><li class='ez-toc-page-1 ez-toc-heading-level-3'><a class=\"ez-toc-link ez-toc-heading-22\" href=\"https:\/\/quantocustaviajar.com\/blog\/lugares-secretos-em-sao-paulo\/#Museu_Vicente_de_Azevedo_Rua_Dom_Luis_Lasanha_300_%E2%80%93_Ipiranga\" >Museu Vicente de Azevedo | Rua Dom Lu\u00eds Lasanha, 300 &#8211; Ipiranga<\/a><\/li><li class='ez-toc-page-1 ez-toc-heading-level-3'><a class=\"ez-toc-link ez-toc-heading-23\" href=\"https:\/\/quantocustaviajar.com\/blog\/lugares-secretos-em-sao-paulo\/#Parque_Alfredo_Volpi_Av_Eng_Oscar_Americano_480_%E2%80%93_Morumbi\" >Parque Alfredo Volpi | Av. Eng. Oscar Americano, 480 \u2013 Morumbi<\/a><\/li><li class='ez-toc-page-1 ez-toc-heading-level-3'><a class=\"ez-toc-link ez-toc-heading-24\" href=\"https:\/\/quantocustaviajar.com\/blog\/lugares-secretos-em-sao-paulo\/#Biblioteca_George_Alexander_R_Itambe_145_%E2%80%93_Consolacao\" >Biblioteca George Alexander | R. Itamb\u00e9, 145 &#8211; Consola\u00e7\u00e3o<\/a><\/li><li class='ez-toc-page-1 ez-toc-heading-level-3'><a class=\"ez-toc-link ez-toc-heading-25\" href=\"https:\/\/quantocustaviajar.com\/blog\/lugares-secretos-em-sao-paulo\/#Arvore_do_Pao_R_Frei_Caneca_388_%E2%80%93_Consolacao\" >\u00c1rvore do P\u00e3o | R. Frei Caneca, 388 &#8211; Consola\u00e7\u00e3o<\/a><\/li><li class='ez-toc-page-1 ez-toc-heading-level-3'><a class=\"ez-toc-link ez-toc-heading-26\" href=\"https:\/\/quantocustaviajar.com\/blog\/lugares-secretos-em-sao-paulo\/#Casa_de_Vidro_Lina_Bo_Bardi_R_Gen_Almerio_de_Moura_200_%E2%80%93_Morumbi\" >Casa de Vidro Lina Bo Bardi \u00a0| R. Gen. Alm\u00e9rio de Moura, 200 &#8211; Morumbi<\/a><\/li><li class='ez-toc-page-1 ez-toc-heading-level-3'><a class=\"ez-toc-link ez-toc-heading-27\" href=\"https:\/\/quantocustaviajar.com\/blog\/lugares-secretos-em-sao-paulo\/#Passagem_Literaria_da_Consolacao_R_da_Consolacao_%E2%80%93_Consolacao\" >Passagem Liter\u00e1ria da Consola\u00e7\u00e3o | R. da Consola\u00e7\u00e3o &#8211; Consola\u00e7\u00e3o<\/a><\/li><li class='ez-toc-page-1 ez-toc-heading-level-3'><a class=\"ez-toc-link ez-toc-heading-28\" href=\"https:\/\/quantocustaviajar.com\/blog\/lugares-secretos-em-sao-paulo\/#Aquario_Subterraneo_no_Parque_da_Luz_Praca_da_Luz_sn_%E2%80%93_Bom_Retiro\" >Aqu\u00e1rio Subterr\u00e2neo no Parque da Luz | Pra\u00e7a da Luz, s\/n \u2013 Bom Retiro<\/a><\/li><li class='ez-toc-page-1 ez-toc-heading-level-3'><a class=\"ez-toc-link ez-toc-heading-29\" href=\"https:\/\/quantocustaviajar.com\/blog\/lugares-secretos-em-sao-paulo\/#Viveiro_Manequinho_Lopes_Av_Quarto_Centenario_1288%E2%80%8A-%E2%80%8AIbirapuera\" >Viveiro Manequinho Lopes | Av. Quarto Centen\u00e1rio, 1288\u200a-\u200aIbirapuera<\/a><\/li><\/ul><\/nav><\/div>\n\n<p>Visitar os <a href=\"https:\/\/quantocustaviajar.com\/brasil\/sao-paulo\/passeios\" target=\"_blank\" rel=\"noopener noreferrer\"><strong>pontos tur\u00edsticos<\/strong><\/a> \u00e9 essencial, afinal, a cidade realmente re\u00fane op\u00e7\u00f5es incr\u00edveis em cultura, gastronomia e hist\u00f3ria. Se voc\u00ea j\u00e1 passou dessa fase e quer um <strong>passeio diferent\u00e3o<\/strong>, n\u00e3o perca a oportunidade de se perder pelas portinhas que quase ningu\u00e9m nota; ou at\u00e9 mesmo mudar o foco do seu olhar.<\/p>\n<figure id=\"attachment_34514\" aria-describedby=\"caption-attachment-34514\" style=\"width: 700px\" class=\"wp-caption alignnone\"><img loading=\"lazy\" decoding=\"async\" class=\"size-full wp-image-34514\" src=\"https:\/\/quantocustaviajar.com\/blog\/wp-content\/uploads\/2019\/05\/sp-secreta-6.jpg\" alt=\"\" width=\"700\" height=\"525\" srcset=\"https:\/\/quantocustaviajar.com\/blog\/wp-content\/uploads\/2019\/05\/sp-secreta-6.jpg 700w, https:\/\/quantocustaviajar.com\/blog\/wp-content\/uploads\/2019\/05\/sp-secreta-6-300x225.jpg 300w\" sizes=\"auto, (max-width: 700px) 100vw, 700px\" \/><figcaption id=\"caption-attachment-34514\" class=\"wp-caption-text\">Foto: <a href=\"https:\/\/facebook.com\/brunellapfvr\" target=\"_blank\" rel=\"noopener noreferrer\">Brunella Nunes\/Equipe QCV<\/a><\/figcaption><\/figure>\n<p>No <a href=\"https:\/\/quantocustaviajar.com\/blog\/filmes-sobre-viagem\/\" target=\"_blank\" rel=\"noopener noreferrer\">filme<\/a> &#8220;<em>500 Dias com Ela<\/em>&#8220;, o mocinho Tom leva sua paixonite Summer para um rol\u00ea. \u00c9 neste momento que ele, um amante da arquitetura, aponta para o alto e avisa: <em>&#8220;h\u00e1 muita beleza aqui. Claro que o n\u00edvel da rua n\u00e3o \u00e9 muito para olhar, mas <strong>se voc\u00ea olhar para cima, h\u00e1 algumas coisas interessantes acontecendo.<\/strong> Se dependesse de mim, eu faria as pessoas notarem!&#8221;<\/em>.<\/p>\n<p><img loading=\"lazy\" decoding=\"async\" class=\"aligncenter\" src=\"https:\/\/media2.giphy.com\/media\/D7uOWInPtElA4\/giphy.gif?cid=790b76115cdefaa1314d556e45965b41&amp;rid=giphy.gif\" width=\"443\" height=\"271\" \/><\/p>\n<p>Tenha isso em mente, viajante. <strong>Quando quiser ca\u00e7ar os lugares secretos de S\u00e3o Paulo, mantenha sempre os p\u00e9s no ch\u00e3o, mas a cabe\u00e7a l\u00e1 o alto!<\/strong><\/p>\n<h3><span class=\"ez-toc-section\" id=\"Jardim_da_Prefeitura_de_SP_Viaduto_do_Cha_15%E2%80%8A_-%E2%80%8A_Anhangabau\"><\/span><strong>Jardim da Prefeitura de SP | Viaduto do Ch\u00e1, 15\u200a -\u200a Anhangaba\u00fa<\/strong><span class=\"ez-toc-section-end\"><\/span><\/h3>\n<p><em>Visitas gratuitas de segunda a s\u00e1bado; consulte os hor\u00e1rios.<\/em><\/p>\n<p>Apesar de estar na regi\u00e3o central de S\u00e3o Paulo, o jardim da Prefeitura, no Edif\u00edcio Matarazzo, ainda \u00e9 pouco conhecido. Isso porque 14 andares separam vegeta\u00e7\u00e3o e p\u00fablico. O jardim suspenso preserva 400 esp\u00e9cies de plantas, \u00e1rvores frut\u00edferas, ervas medicinais, fontes e vistas impressionantes. O o\u00e1sis bot\u00e2nico a 80 metros de altura come\u00e7ou com o antigo zelador, Walter Galera, a cerca de 50 anos atr\u00e1s. Ele mal imaginava que telhados verdes seriam n\u00e3o apenas uma tend\u00eancia global, mas uma necessidade!<\/p>\n<figure id=\"attachment_34515\" aria-describedby=\"caption-attachment-34515\" style=\"width: 700px\" class=\"wp-caption aligncenter\"><img loading=\"lazy\" decoding=\"async\" class=\"size-full wp-image-34515\" src=\"https:\/\/quantocustaviajar.com\/blog\/wp-content\/uploads\/2019\/05\/sp-secreta-7.jpg\" alt=\"\" width=\"700\" height=\"933\" srcset=\"https:\/\/quantocustaviajar.com\/blog\/wp-content\/uploads\/2019\/05\/sp-secreta-7.jpg 700w, https:\/\/quantocustaviajar.com\/blog\/wp-content\/uploads\/2019\/05\/sp-secreta-7-225x300.jpg 225w\" sizes=\"auto, (max-width: 700px) 100vw, 700px\" \/><figcaption id=\"caption-attachment-34515\" class=\"wp-caption-text\">Foto: <a href=\"https:\/\/facebook.com\/brunellapfvr\" target=\"_blank\" rel=\"noopener noreferrer\">Brunella Nunes\/Equipe QCV<\/a><\/figcaption><\/figure>\n<figure id=\"attachment_34513\" aria-describedby=\"caption-attachment-34513\" style=\"width: 700px\" class=\"wp-caption aligncenter\"><img loading=\"lazy\" decoding=\"async\" class=\"size-full wp-image-34513\" src=\"https:\/\/quantocustaviajar.com\/blog\/wp-content\/uploads\/2019\/05\/sp-secreta-5.jpg\" alt=\"\" width=\"700\" height=\"933\" srcset=\"https:\/\/quantocustaviajar.com\/blog\/wp-content\/uploads\/2019\/05\/sp-secreta-5.jpg 700w, https:\/\/quantocustaviajar.com\/blog\/wp-content\/uploads\/2019\/05\/sp-secreta-5-225x300.jpg 225w\" sizes=\"auto, (max-width: 700px) 100vw, 700px\" \/><figcaption id=\"caption-attachment-34513\" class=\"wp-caption-text\">Foto: <a href=\"https:\/\/facebook.com\/brunellapfvr\" target=\"_blank\" rel=\"noopener noreferrer\">Brunella Nunes\/Equipe QCV<\/a><\/figcaption><\/figure>\n<h3><span class=\"ez-toc-section\" id=\"ApotecarioEspaco_Zebra_Rua_Major_Diogo_237%E2%80%8A-%E2%80%8ABela_Vista\"><\/span><strong>Apotec\u00e1rio\/Espa\u00e7o Zebra | Rua Major Diogo, 237\u200a-\u200aBela Vista<\/strong><span class=\"ez-toc-section-end\"><\/span><\/h3>\n<p><em>Aberto apenas sextas e s\u00e1bados, das 19h \u00e0s 00h; \u00e0s vezes \u00e0s quintas tamb\u00e9m.<\/em><\/p>\n<p>Ta\u00ed um dos endere\u00e7os mais legais e secretos da cidade, o speakeasy Apotec\u00e1rio, no subsolo da galeria Espa\u00e7o Zebra. Com zero vontade de ser hype, a bartender Neli Pereira coloca todo o seu conhecimento em ervas medicinais brasileiras a merc\u00ea dos clientes no balc\u00e3o. Suas garrafadas geram drinks deliciosos, carregados de tropicalismo e originalidade. O principal deles \u00e9 o Apotec\u00e1rio, com gim, gengibre, laranja, lim\u00e3o, manjeric\u00e3o e boas doses de gelo. Um refresco daqueles para os dias de calor! O Negroni Nativo leva vermute infusionado de catuaba e sassafr\u00e1s. As comidinhas s\u00e3o gostosas, o ambiente \u00e9 lindo e o clima informal. Uma noite que vale cada centavo!<\/p>\n<figure id=\"attachment_34517\" aria-describedby=\"caption-attachment-34517\" style=\"width: 701px\" class=\"wp-caption aligncenter\"><img loading=\"lazy\" decoding=\"async\" class=\" wp-image-34517\" src=\"https:\/\/quantocustaviajar.com\/blog\/wp-content\/uploads\/2019\/05\/apotecario.jpg\" alt=\"\" width=\"701\" height=\"467\" srcset=\"https:\/\/quantocustaviajar.com\/blog\/wp-content\/uploads\/2019\/05\/apotecario.jpg 960w, https:\/\/quantocustaviajar.com\/blog\/wp-content\/uploads\/2019\/05\/apotecario-300x200.jpg 300w, https:\/\/quantocustaviajar.com\/blog\/wp-content\/uploads\/2019\/05\/apotecario-768x512.jpg 768w\" sizes=\"auto, (max-width: 701px) 100vw, 701px\" \/><figcaption id=\"caption-attachment-34517\" class=\"wp-caption-text\">Foto: divulga\u00e7\u00e3o\/Apotec\u00e1rio<strong style=\"font-size: revert;\">\u00a0<\/strong><\/figcaption><\/figure>\n<h3><span class=\"ez-toc-section\" id=\"Templo_Odsal_Ling_Rua_dos_Agrimensores_1461%E2%80%8A-%E2%80%8ACotia\"><\/span><strong>Templo Odsal Ling | Rua dos Agrimensores 1461\u200a-\u200aCotia<\/strong><span class=\"ez-toc-section-end\"><\/span><\/h3>\n<p><em>Aberto aos s\u00e1bados e domingos, das 10h \u00e0s 15h30.<\/em><\/p>\n<p>Quando se fala em templo budista em S\u00e3o Paulo, logo vem a mente o Zu Lai, que provavelmente \u00e9 o mais conhecido da capital, chegando a ficar bem cheio aos finais de semana. O que muitos nem imaginam \u00e9 que n\u00e3o muito longe dali est\u00e1 o Templo Odsal Ling, igualmente lindo, mas seguindo a linha tibetana, conhecida tamb\u00e9m como vajrayana. Muito mais ornamentado que o vizinho, possui paredes num tom vermelho bem forte, cheias de detalhes pintados a m\u00e3o, por dentro e por fora. Encantamento puro! Voc\u00ea pode conferir o <a href=\"https:\/\/quantocustaviajar.com\/blog\/odsal-ling-templo-budista-em-sao-paulo\/\" target=\"_blank\" rel=\"noopener noreferrer\">passeio do Quanto Custa Viajar<\/a> por l\u00e1 para saber mais.<\/p>\n<figure id=\"attachment_33161\" aria-describedby=\"caption-attachment-33161\" style=\"width: 700px\" class=\"wp-caption aligncenter\"><img loading=\"lazy\" decoding=\"async\" class=\"size-full wp-image-33161\" src=\"https:\/\/quantocustaviajar.com\/blog\/wp-content\/uploads\/2019\/03\/templo-budista-sp-odsal-ling-29.jpg\" alt=\"\" width=\"700\" height=\"525\" srcset=\"https:\/\/quantocustaviajar.com\/blog\/wp-content\/uploads\/2019\/03\/templo-budista-sp-odsal-ling-29.jpg 700w, https:\/\/quantocustaviajar.com\/blog\/wp-content\/uploads\/2019\/03\/templo-budista-sp-odsal-ling-29-300x225.jpg 300w\" sizes=\"auto, (max-width: 700px) 100vw, 700px\" \/><figcaption id=\"caption-attachment-33161\" class=\"wp-caption-text\">Foto: <a href=\"https:\/\/facebook.com\/brunellapfvr\" target=\"_blank\" rel=\"noopener noreferrer\">Brunella Nunes\/Equipe QCV<\/a><\/figcaption><\/figure>\n<h3><span class=\"ez-toc-section\" id=\"Seu_Quintal_Comedoria_Rua_Assungui_81%E2%80%8A-%E2%80%8AAlto_do_Ipiranga\"><\/span><strong>Seu Quintal Comedoria | Rua Assungui, 81\u200a-\u200aAlto do Ipiranga<\/strong><span class=\"ez-toc-section-end\"><\/span><\/h3>\n<p><em>Aberto de ter\u00e7a a domingo, das 12h \u00e0s 16h<\/em><\/p>\n<p>Uma portinha muito discreta logo ao lado de uma academia enorme e de frente para uma \u00e1rvore decorada com croch\u00ea indica que ali \u00e9 o Seu Quintal Comedoria. A passagem secreta para o restaurante leva a um charmos\u00edssimo jardim, com mesas ao ar livre e outras numa casinha coberta. Por R$ 40 voc\u00ea escolhe entrada e prato principal. O menu conta com op\u00e7\u00f5es com ou sem prote\u00edna animal, dando prefer\u00eancia para ingredientes frescos e naturais. Um dos destaques \u00e9 o picadinho de fraldinha, feito com mostarda \u00e0 l&#8217;ancienne e cerveja preta, vem acompanhado de pur\u00ea de mandioquinha e arroz de casa. H\u00e1 tamb\u00e9m poke havaiano vegan ou de salm\u00e3o.<\/p>\n<figure id=\"attachment_34491\" aria-describedby=\"caption-attachment-34491\" style=\"width: 700px\" class=\"wp-caption aligncenter\"><img loading=\"lazy\" decoding=\"async\" class=\"size-full wp-image-34491\" src=\"https:\/\/quantocustaviajar.com\/blog\/wp-content\/uploads\/2019\/05\/lugares-secretos-sp-35.jpg\" alt=\"\" width=\"700\" height=\"394\" srcset=\"https:\/\/quantocustaviajar.com\/blog\/wp-content\/uploads\/2019\/05\/lugares-secretos-sp-35.jpg 700w, https:\/\/quantocustaviajar.com\/blog\/wp-content\/uploads\/2019\/05\/lugares-secretos-sp-35-300x169.jpg 300w\" sizes=\"auto, (max-width: 700px) 100vw, 700px\" \/><figcaption id=\"caption-attachment-34491\" class=\"wp-caption-text\">Foto: divulga\u00e7\u00e3o\/Seu Quintal<\/figcaption><\/figure>\n<ul>\n<li><strong><a href=\"https:\/\/quantocustaviajar.com\/blog\/melhores-museus-de-sao-paulo\/\" target=\"_blank\" rel=\"noopener noreferrer\">Conhe\u00e7a os melhores museus de SP!<\/a><\/strong><\/li>\n<\/ul>\n<figure id=\"attachment_34516\" aria-describedby=\"caption-attachment-34516\" style=\"width: 700px\" class=\"wp-caption aligncenter\"><img loading=\"lazy\" decoding=\"async\" class=\"size-full wp-image-34516\" src=\"https:\/\/quantocustaviajar.com\/blog\/wp-content\/uploads\/2019\/05\/sp-secreta-8.jpg\" alt=\"\" width=\"700\" height=\"700\" srcset=\"https:\/\/quantocustaviajar.com\/blog\/wp-content\/uploads\/2019\/05\/sp-secreta-8.jpg 700w, https:\/\/quantocustaviajar.com\/blog\/wp-content\/uploads\/2019\/05\/sp-secreta-8-150x150.jpg 150w, https:\/\/quantocustaviajar.com\/blog\/wp-content\/uploads\/2019\/05\/sp-secreta-8-300x300.jpg 300w\" sizes=\"auto, (max-width: 700px) 100vw, 700px\" \/><figcaption id=\"caption-attachment-34516\" class=\"wp-caption-text\">Foto: divulga\u00e7\u00e3o\/Seu Quintal<\/figcaption><\/figure>\n<h3><span class=\"ez-toc-section\" id=\"Brecho_No_Fundinho_Praca_da_Republica_80%E2%80%8A-%E2%80%8ASala_802%E2%80%8A-%E2%80%8ARepublica\"><\/span><strong>Brech\u00f3 No Fundinho | Pra\u00e7a da Rep\u00fablica, 80\u200a-\u200aSala 802\u200a-\u200aRep\u00fablica<\/strong><span class=\"ez-toc-section-end\"><\/span><\/h3>\n<p><em>Aberto de segunda a s\u00e1bado, das 11h \u00e0s 18h.<\/em><\/p>\n<p>Logo em frente \u00e0 Pra\u00e7a da Rep\u00fablica, no charmoso edif\u00edcio hist\u00f3rico Esther, se esconde o Brech\u00f3 No Fundinho. Subindo at\u00e9 o oitavo andar se chega \u00e0 uma convidativa sala, que mais parece o ap\u00ea de uma amiga, com plantinhas, janelas enormes, m\u00fasica na vitrola, cafezinho e araras recheadas de pe\u00e7as garimpadas ao redor do Brasil todo, do PP ao EGG. Os pre\u00e7os s\u00e3o fi\u00e9is ao que se espera de uma loja de artigos usados, justos de acordo com o estado da pe\u00e7a em quest\u00e3o. Dif\u00edcil encontrar algo que ultrapasse R$ 80,00. Vale a pena dar um pulo l\u00e1 para umas comprinhas! No <a href=\"http:\/\/instagram.com\/brechonofundinho\" target=\"_blank\" rel=\"noopener noreferrer\">Instagram<\/a> voc\u00ea encontra bel\u00edssimos editoriais de moda da equipe do brech\u00f3.<\/p>\n<figure id=\"attachment_34504\" aria-describedby=\"caption-attachment-34504\" style=\"width: 700px\" class=\"wp-caption aligncenter\"><img loading=\"lazy\" decoding=\"async\" class=\"size-full wp-image-34504\" src=\"https:\/\/quantocustaviajar.com\/blog\/wp-content\/uploads\/2019\/05\/lugares-secretos-sp-39.jpg\" alt=\"\" width=\"700\" height=\"933\" srcset=\"https:\/\/quantocustaviajar.com\/blog\/wp-content\/uploads\/2019\/05\/lugares-secretos-sp-39.jpg 700w, https:\/\/quantocustaviajar.com\/blog\/wp-content\/uploads\/2019\/05\/lugares-secretos-sp-39-225x300.jpg 225w\" sizes=\"auto, (max-width: 700px) 100vw, 700px\" \/><figcaption id=\"caption-attachment-34504\" class=\"wp-caption-text\">Foto: divulga\u00e7\u00e3o\/Brech\u00f3 No Fundinho (cedida ao QCV)<\/figcaption><\/figure>\n<h3><span class=\"ez-toc-section\" id=\"Bawarchi_Rua_Humberto_I_281%E2%80%8A-%E2%80%8AVila_Mariana\"><\/span><strong>Bawarchi | Rua Humberto I, 281\u200a-\u200aVila Mariana<\/strong><span class=\"ez-toc-section-end\"><\/span><\/h3>\n<p><em>Aberto todos os dias, das 12h \u00e0s 23h.<\/em><\/p>\n<p>A conex\u00e3o Brasil-\u00cdndia fica mais intensa para quem consegue encontrar o Bawarchi, que para esta que vos escreve, \u00e9 o melhor indiano da cidade. Um sobrado muito simples e sem qualquer fachada alarmante acolhe o p\u00fablico, que ali pode saborear comida indiana de verdade, feita pelo chef Bhagwan Swinpor, de Mumbai, com ajuda de sua fam\u00edlia. O menu \u00e9 bem extenso, mas a refei\u00e7\u00e3o pode come\u00e7ar pelo delicioso p\u00e3o chapati, que ap\u00f3s passar pelo forno tandoor, chega quentinho na mesa, junto a alguns molhos caseiros.<\/p>\n<p>A mesa vai ficando mais colorida com a chegada da por\u00e7\u00e3o de arroz aromatizado com especiarias indianas e o Gosht nariyal, cubos de carneiro preparados em molho cremoso de coco. Vegetarianos tamb\u00e9m passam bem na casa, podendo optar pelo Paneer makhani, queijo ricota cozido em um rico molho de iogurte e condimentos, servido em um molho amanteigado de tomate. Para beber, v\u00e1 de Lassi, bebida t\u00edpica de iogurte natural com polpa de frutas (abacaxi com hortel\u00e3, maracuj\u00e1 ou manga). \u00c1gua na boca s\u00f3 de lembrar!<\/p>\n<blockquote><p>Nota da autora: esse restaurante passou por reformas durante o programa &#8220;Pesadelo na Cozinha&#8221;, da Band. O que posso dizer \u00e9 que eu fui v\u00e1rias vezes antes mesmo do &#8220;reality show&#8221; existir. Nunca passei mal, colaborei com a fam\u00edlia e provei maravilhas da cozinha indiana aut\u00eantica. Estejam avisados e sejam felizes!<\/p><\/blockquote>\n<figure id=\"attachment_34505\" aria-describedby=\"caption-attachment-34505\" style=\"width: 700px\" class=\"wp-caption aligncenter\"><img loading=\"lazy\" decoding=\"async\" class=\"size-full wp-image-34505\" src=\"https:\/\/quantocustaviajar.com\/blog\/wp-content\/uploads\/2019\/05\/lugares-secretos-sp-3.jpg\" alt=\"\" width=\"700\" height=\"408\" srcset=\"https:\/\/quantocustaviajar.com\/blog\/wp-content\/uploads\/2019\/05\/lugares-secretos-sp-3.jpg 700w, https:\/\/quantocustaviajar.com\/blog\/wp-content\/uploads\/2019\/05\/lugares-secretos-sp-3-300x175.jpg 300w\" sizes=\"auto, (max-width: 700px) 100vw, 700px\" \/><figcaption id=\"caption-attachment-34505\" class=\"wp-caption-text\">Foto: divulga\u00e7\u00e3o\/Bawarchi<\/figcaption><\/figure>\n<h3><span class=\"ez-toc-section\" id=\"Plantacao_de_cafe_Av_Conselheiro_Rodrigues_Alves_1252%E2%80%8A-%E2%80%8AVila_Mariana\"><\/span><strong>Planta\u00e7\u00e3o de caf\u00e9 | Av. Conselheiro Rodrigues Alves, 1252\u200a-\u200aVila Mariana<\/strong><span class=\"ez-toc-section-end\"><\/span><\/h3>\n<p><em>Visitas sob consulta diretamente no Instituto Biol\u00f3gico<\/em><\/p>\n<p>Sabia que existem mais de mil p\u00e9s de caf\u00e9 numa planta\u00e7\u00e3o urbana, em plena S\u00e3o Paulo? Mantido pelo Instituto Biol\u00f3gico, o cafezal fica bem pertinho ao Parque Ibirapuera, mas \u00e9 imposs\u00edvel v\u00ea-lo, a n\u00e3o ser que voc\u00ea observe de algum ponto bem alto dos arredores. A finalidade do cultivo \u00e9 para pesquisa e educa\u00e7\u00e3o ambiental, especialmente entre os meses de maio e junho, quando a comunidade \u00e9 convidada a ajudar na colheita. \u00c9 uma forma de aproximar o p\u00fablico da import\u00e2ncia do gr\u00e3o, que quase foi extinto por uma praga em meados de 1920. As visitas tamb\u00e9m est\u00e3o liberadas durante o evento &#8220;Biol\u00f3gico de Portas Abertas&#8221;, que acontece esporadicamente.<\/p>\n<figure id=\"attachment_34493\" aria-describedby=\"caption-attachment-34493\" style=\"width: 700px\" class=\"wp-caption aligncenter\"><img loading=\"lazy\" decoding=\"async\" class=\"size-full wp-image-34493\" src=\"https:\/\/quantocustaviajar.com\/blog\/wp-content\/uploads\/2019\/05\/lugares-secretos-sp-4.jpg\" alt=\"\" width=\"700\" height=\"467\" srcset=\"https:\/\/quantocustaviajar.com\/blog\/wp-content\/uploads\/2019\/05\/lugares-secretos-sp-4.jpg 700w, https:\/\/quantocustaviajar.com\/blog\/wp-content\/uploads\/2019\/05\/lugares-secretos-sp-4-300x200.jpg 300w\" sizes=\"auto, (max-width: 700px) 100vw, 700px\" \/><figcaption id=\"caption-attachment-34493\" class=\"wp-caption-text\">Foto: <a href=\"https:\/\/facebook.com\/brunellapfvr\" target=\"_blank\" rel=\"noopener noreferrer\">Brunella Nunes\/Equipe QCV<\/a><\/figcaption><\/figure>\n<h3><span class=\"ez-toc-section\" id=\"Catedral_Ortodoxa_Sao_Nicolau_Rua_Tamandare_710\"><\/span><strong>Catedral Ortodoxa S\u00e3o Nicolau | Rua Tamandar\u00e9, 710<\/strong><span class=\"ez-toc-section-end\"><\/span><\/h3>\n<p><em>Aberta aos s\u00e1bados das 18h \u00e0s 21h, e aos domingos das 09h \u00e0s 12h.<\/em><\/p>\n<p>Faz &#8220;s\u00f3&#8221; 80 anos que a Catedral Ortodoxa S\u00e3o Nicolau foi fundada em S\u00e3o Paulo por refugiados russos, mas mesmo assim passa despercebida por grande parte da popula\u00e7\u00e3o. A par\u00f3quia segue o estilo estilo Pskov, ou russo-bizantino. \u00c9 pequenina, mas bonita, e esconde um quintal de dar inveja no vizinho. O espa\u00e7o \u00e9 super agrad\u00e1vel, com uma rede no meio das \u00e1rvores. Em julho recebe uma feira gastron\u00f4mica russa, cheia de quitutes do pa\u00eds e da Europa. A liturgia acontece aos domingos, \u00e0s 09h30.<\/p>\n<figure id=\"attachment_34494\" aria-describedby=\"caption-attachment-34494\" style=\"width: 700px\" class=\"wp-caption aligncenter\"><img loading=\"lazy\" decoding=\"async\" class=\"size-full wp-image-34494\" src=\"https:\/\/quantocustaviajar.com\/blog\/wp-content\/uploads\/2019\/05\/lugares-secretos-sp-6.jpg\" alt=\"\" width=\"700\" height=\"525\" srcset=\"https:\/\/quantocustaviajar.com\/blog\/wp-content\/uploads\/2019\/05\/lugares-secretos-sp-6.jpg 700w, https:\/\/quantocustaviajar.com\/blog\/wp-content\/uploads\/2019\/05\/lugares-secretos-sp-6-300x225.jpg 300w\" sizes=\"auto, (max-width: 700px) 100vw, 700px\" \/><figcaption id=\"caption-attachment-34494\" class=\"wp-caption-text\">Foto: divulga\u00e7\u00e3o\/Catedral Ortodoxa S\u00e3o Nicolau<\/figcaption><\/figure>\n<ul>\n<li><a href=\"https:\/\/quantocustaviajar.com\/blog\/igrejas-incriveis-brasil\/\" target=\"_blank\" rel=\"noopener noreferrer\"><strong>Descubra igrejas incr\u00edveis para visitar no Brasil!<\/strong><\/a><\/li>\n<\/ul>\n<figure id=\"attachment_34496\" aria-describedby=\"caption-attachment-34496\" style=\"width: 700px\" class=\"wp-caption aligncenter\"><img loading=\"lazy\" decoding=\"async\" class=\"size-full wp-image-34496\" src=\"https:\/\/quantocustaviajar.com\/blog\/wp-content\/uploads\/2019\/05\/lugares-secretos-sp-13.jpg\" alt=\"\" width=\"700\" height=\"933\" srcset=\"https:\/\/quantocustaviajar.com\/blog\/wp-content\/uploads\/2019\/05\/lugares-secretos-sp-13.jpg 700w, https:\/\/quantocustaviajar.com\/blog\/wp-content\/uploads\/2019\/05\/lugares-secretos-sp-13-225x300.jpg 225w\" sizes=\"auto, (max-width: 700px) 100vw, 700px\" \/><figcaption id=\"caption-attachment-34496\" class=\"wp-caption-text\">Foto: divulga\u00e7\u00e3o\/Catedral Ortodoxa S\u00e3o Nicolau<\/figcaption><\/figure>\n<h3><span class=\"ez-toc-section\" id=\"Pista_de_skate_nas_alturas_Rua_Joao_Bricola_24%E2%80%8A-%E2%80%8ACentro\"><\/span><strong>Pista de skate nas alturas | Rua Jo\u00e3o Br\u00edcola, 24\u200a-\u200aCentro<\/strong><span class=\"ez-toc-section-end\"><\/span><\/h3>\n<p>Quem olha para o Farol Santander, o eterno &#8220;Banesp\u00e3o&#8221; ou nosso Empire State Building tupiniquim, mal imagina que l\u00e1 dentro tem uma pista de skate. Assinada por Bob Burnquist, a pista do 21\u00ba andar \u00e9 um misto de plaza e park, com obst\u00e1culos baixos. A estrutura conta com vesti\u00e1rio e \u00e1rea de descanso, onde visitantes podem observar as manobras. Custa R$ 15 por hora e exige o uso de capacete.<\/p>\n<figure id=\"attachment_34502\" aria-describedby=\"caption-attachment-34502\" style=\"width: 700px\" class=\"wp-caption aligncenter\"><img loading=\"lazy\" decoding=\"async\" class=\"size-full wp-image-34502\" src=\"https:\/\/quantocustaviajar.com\/blog\/wp-content\/uploads\/2019\/05\/lugares-secretos-sp-29.jpg\" alt=\"\" width=\"700\" height=\"414\" srcset=\"https:\/\/quantocustaviajar.com\/blog\/wp-content\/uploads\/2019\/05\/lugares-secretos-sp-29.jpg 700w, https:\/\/quantocustaviajar.com\/blog\/wp-content\/uploads\/2019\/05\/lugares-secretos-sp-29-300x177.jpg 300w\" sizes=\"auto, (max-width: 700px) 100vw, 700px\" \/><figcaption id=\"caption-attachment-34502\" class=\"wp-caption-text\">Foto: divulga\u00e7\u00e3o\/Pista do 21<\/figcaption><\/figure>\n<h3><span class=\"ez-toc-section\" id=\"Rincon_Escondido_Rua_Madalena_69\"><\/span><strong>Rincon Escondido | Rua Madalena, 69<\/strong><span class=\"ez-toc-section-end\"><\/span><\/h3>\n<p>Realmente escondido e totalmente despercebido no cora\u00e7\u00e3o da Vila Madalena, o Rincon Escondido \u00e9 um espa\u00e7o de experi\u00eancias gastron\u00f4micas em torno do universo da parrilla e da cultura &#8220;del Rio de la Plata&#8221;. No ambiente r\u00fastico, Alan Edelstein (filho de uruguaios) e Francisco Mancuso (aut\u00eantico argentino). recebem amigos, clientes e familiares em torno do fogo uma vez por m\u00eas, para um jantar intimista de quatro tempos. O valor por pessoa \u00e9 R$ 265. Nesse valor est\u00e1 incluso nosso menu completo com antepastos, entradas, prato principal, acompanhamentos, sobremesa e bebidas (cervejas artesanais e vinhos selecionados). V\u00e1 com fome para valer cada centavo!<\/p>\n<figure id=\"attachment_34503\" aria-describedby=\"caption-attachment-34503\" style=\"width: 700px\" class=\"wp-caption aligncenter\"><img loading=\"lazy\" decoding=\"async\" class=\"size-full wp-image-34503\" src=\"https:\/\/quantocustaviajar.com\/blog\/wp-content\/uploads\/2019\/05\/lugares-secretos-sp-33.jpg\" alt=\"\" width=\"700\" height=\"700\" srcset=\"https:\/\/quantocustaviajar.com\/blog\/wp-content\/uploads\/2019\/05\/lugares-secretos-sp-33.jpg 700w, https:\/\/quantocustaviajar.com\/blog\/wp-content\/uploads\/2019\/05\/lugares-secretos-sp-33-150x150.jpg 150w, https:\/\/quantocustaviajar.com\/blog\/wp-content\/uploads\/2019\/05\/lugares-secretos-sp-33-300x300.jpg 300w\" sizes=\"auto, (max-width: 700px) 100vw, 700px\" \/><figcaption id=\"caption-attachment-34503\" class=\"wp-caption-text\">Foto: divulga\u00e7\u00e3o\/Rincon Escondido<\/figcaption><\/figure>\n<figure id=\"attachment_34490\" aria-describedby=\"caption-attachment-34490\" style=\"width: 700px\" class=\"wp-caption aligncenter\"><img loading=\"lazy\" decoding=\"async\" class=\"size-full wp-image-34490\" src=\"https:\/\/quantocustaviajar.com\/blog\/wp-content\/uploads\/2019\/05\/lugares-secretos-sp-34.jpg\" alt=\"\" width=\"700\" height=\"565\" srcset=\"https:\/\/quantocustaviajar.com\/blog\/wp-content\/uploads\/2019\/05\/lugares-secretos-sp-34.jpg 700w, https:\/\/quantocustaviajar.com\/blog\/wp-content\/uploads\/2019\/05\/lugares-secretos-sp-34-300x242.jpg 300w\" sizes=\"auto, (max-width: 700px) 100vw, 700px\" \/><figcaption id=\"caption-attachment-34490\" class=\"wp-caption-text\">Foto: divulga\u00e7\u00e3o\/Rincon Escondido<\/figcaption><\/figure>\n<h3><span class=\"ez-toc-section\" id=\"Desculpe_a_Poeira_Rua_Sebastiao_Velho_28-A%E2%80%8A-%E2%80%8APinheiros\"><\/span><strong>Desculpe a Poeira | Rua Sebasti\u00e3o Velho, 28-A\u200a-\u200aPinheiros<\/strong><span class=\"ez-toc-section-end\"><\/span><\/h3>\n<p><em>Aberto de ter\u00e7a a sexta, das 12h \u00e0s 20h, e aos s\u00e1bados, das 11h \u00e0s 18h.<\/em><\/p>\n<p>Uma portinha que vende livros usados e em \u00f3timo estado. Assim \u00e9 o Desculpe a Poeira, sebo com nome que faz alus\u00e3o \u00e0 frase de epit\u00e1fio sugerida pela cr\u00edtica e escritora Dorothy Parker: &#8220;Excuse my dust&#8221;. A partir de sua pr\u00f3pria cole\u00e7\u00e3o de livros, o jornalista Ricardo Lombardi resolveu come\u00e7ar o neg\u00f3cio em Pinheiros. Al\u00e9m de manter cole\u00e7\u00f5es a bons pre\u00e7os, tamb\u00e9m conta com edi\u00e7\u00f5es especiais de revistas e, \u00e0s vezes, camisetas feitas por ele, sempre com a tem\u00e1tica liter\u00e1ria estampada. Tamb\u00e9m faz compra de algumas rel\u00edquias.<\/p>\n<figure id=\"attachment_34495\" aria-describedby=\"caption-attachment-34495\" style=\"width: 700px\" class=\"wp-caption aligncenter\"><img loading=\"lazy\" decoding=\"async\" class=\"size-full wp-image-34495\" src=\"https:\/\/quantocustaviajar.com\/blog\/wp-content\/uploads\/2019\/05\/lugares-secretos-sp-8.jpg\" alt=\"\" width=\"700\" height=\"700\" srcset=\"https:\/\/quantocustaviajar.com\/blog\/wp-content\/uploads\/2019\/05\/lugares-secretos-sp-8.jpg 700w, https:\/\/quantocustaviajar.com\/blog\/wp-content\/uploads\/2019\/05\/lugares-secretos-sp-8-150x150.jpg 150w, https:\/\/quantocustaviajar.com\/blog\/wp-content\/uploads\/2019\/05\/lugares-secretos-sp-8-300x300.jpg 300w\" sizes=\"auto, (max-width: 700px) 100vw, 700px\" \/><figcaption id=\"caption-attachment-34495\" class=\"wp-caption-text\">Foto: divulga\u00e7\u00e3o\/Desculpe a Poeira<\/figcaption><\/figure>\n<h3><span class=\"ez-toc-section\" id=\"Omoide_Sakaba_Rua_Luis_Gois_1574%E2%80%8A-%E2%80%8AMirandopolisVila_Clementino\"><\/span><strong>Omoide Sakaba | Rua Luis G\u00f3is, 1574\u200a-\u200aMirand\u00f3polis\/Vila Clementino<\/strong><span class=\"ez-toc-section-end\"><\/span><\/h3>\n<p><em>Aberto de segunda a s\u00e1bado, das 18h \u00e0s 22h.<\/em><\/p>\n<p>Os izakayas, botecos japoneses, tem tomado conta de S\u00e3o Paulo. A boa not\u00edcia \u00e9 que, no meio de tanta novidade, pouca gente descobriu o Omoide Sakaba. No balc\u00e3o come-se apenas o que \u00e9 genuinamente oriental: espeto de kawa (pele de frango), chawanmushi (creme de ovos no vapor), lula na chapa e Sanma grelhado, um peixe muito apreciado no Jap\u00e3o. Para acompanhar a noite asi\u00e1tica, v\u00e1 de shochu e saqu\u00ea.<\/p>\n<figure id=\"attachment_34500\" aria-describedby=\"caption-attachment-34500\" style=\"width: 700px\" class=\"wp-caption aligncenter\"><img loading=\"lazy\" decoding=\"async\" class=\"size-full wp-image-34500\" src=\"https:\/\/quantocustaviajar.com\/blog\/wp-content\/uploads\/2019\/05\/lugares-secretos-sp-21.jpg\" alt=\"\" width=\"700\" height=\"700\" srcset=\"https:\/\/quantocustaviajar.com\/blog\/wp-content\/uploads\/2019\/05\/lugares-secretos-sp-21.jpg 700w, https:\/\/quantocustaviajar.com\/blog\/wp-content\/uploads\/2019\/05\/lugares-secretos-sp-21-150x150.jpg 150w, https:\/\/quantocustaviajar.com\/blog\/wp-content\/uploads\/2019\/05\/lugares-secretos-sp-21-300x300.jpg 300w\" sizes=\"auto, (max-width: 700px) 100vw, 700px\" \/><figcaption id=\"caption-attachment-34500\" class=\"wp-caption-text\">Foto: divulga\u00e7\u00e3o<\/figcaption><\/figure>\n<figure id=\"attachment_34501\" aria-describedby=\"caption-attachment-34501\" style=\"width: 700px\" class=\"wp-caption aligncenter\"><img loading=\"lazy\" decoding=\"async\" class=\"size-full wp-image-34501\" src=\"https:\/\/quantocustaviajar.com\/blog\/wp-content\/uploads\/2019\/05\/lugares-secretos-sp-22.jpg\" alt=\"\" width=\"700\" height=\"525\" srcset=\"https:\/\/quantocustaviajar.com\/blog\/wp-content\/uploads\/2019\/05\/lugares-secretos-sp-22.jpg 700w, https:\/\/quantocustaviajar.com\/blog\/wp-content\/uploads\/2019\/05\/lugares-secretos-sp-22-300x225.jpg 300w\" sizes=\"auto, (max-width: 700px) 100vw, 700px\" \/><figcaption id=\"caption-attachment-34501\" class=\"wp-caption-text\">Foto: divulga\u00e7\u00e3o<\/figcaption><\/figure>\n<h3><span class=\"ez-toc-section\" id=\"Casa_Elefante_Rua_Cesario_Mota_Junior_277_%E2%80%93_Sobreloja%E2%80%8A-%E2%80%8AVila_Buarque\"><\/span><strong>Casa Elefante | Rua Ces\u00e1rio Mota Junior, 277 &#8211; Sobreloja\u200a-\u200aVila Buarque<\/strong><span class=\"ez-toc-section-end\"><\/span><\/h3>\n<p><em>Aberto de segunda a s\u00e1bado, das 12h \u00e0s 18h.<\/em><\/p>\n<p>Se voc\u00ea est\u00e1 de bobeira em S\u00e3o Paulo, d\u00e1 uma passada na Casa Elefante, um espa\u00e7o de conviv\u00eancia art\u00edstica e social, que al\u00e9m de reunir pessoas, conta com caf\u00e9\/bar, uma loja de discos de vinil, livros e brech\u00f3 em seus 70 m\u00b2. Toda essa mistura resulta em conex\u00f5es diversas, workshops, saraus, lan\u00e7amentos de livros, exposi\u00e7\u00f5es, pocket shows e festinhas. Fique de olho na programa\u00e7\u00e3o pelo <a href=\"https:\/\/www.instagram.com\/casaelefante\" target=\"_blank\" rel=\"noopener noreferrer\">Instagram<\/a>!<\/p>\n<figure id=\"attachment_34506\" aria-describedby=\"caption-attachment-34506\" style=\"width: 700px\" class=\"wp-caption aligncenter\"><img loading=\"lazy\" decoding=\"async\" class=\"size-full wp-image-34506\" src=\"https:\/\/quantocustaviajar.com\/blog\/wp-content\/uploads\/2019\/05\/lugares-secretos-sp-5.jpg\" alt=\"\" width=\"700\" height=\"700\" srcset=\"https:\/\/quantocustaviajar.com\/blog\/wp-content\/uploads\/2019\/05\/lugares-secretos-sp-5.jpg 700w, https:\/\/quantocustaviajar.com\/blog\/wp-content\/uploads\/2019\/05\/lugares-secretos-sp-5-150x150.jpg 150w, https:\/\/quantocustaviajar.com\/blog\/wp-content\/uploads\/2019\/05\/lugares-secretos-sp-5-300x300.jpg 300w\" sizes=\"auto, (max-width: 700px) 100vw, 700px\" \/><figcaption id=\"caption-attachment-34506\" class=\"wp-caption-text\">Foto: divulga\u00e7\u00e3o\/Casa Elefante<\/figcaption><\/figure>\n<h3><span class=\"ez-toc-section\" id=\"Casa_Vilanova_Artigas_Rua_Barao_Jaceguai_1151%E2%80%8A-%E2%80%8ACampo_Belo\"><\/span><strong>Casa Vilanova Artigas | Rua Bar\u00e3o Jaceguai, 1151\u200a-\u200aCampo Belo<\/strong><span class=\"ez-toc-section-end\"><\/span><\/h3>\n<p><em>Aberto de quarta a domingo, das 12h \u00e0s 17h.<\/em><\/p>\n<p>O ativista, arquiteto e um dos criadores da chamada &#8220;escola paulista de arquitetura&#8221;, Jo\u00e3o Batista Vilanova Artigas, residiu por muito tempo numa casa modernista, constru\u00edda em 1942. Recentemente, a fam\u00edlia resolveu abrir as portas do lar para visitas e depois o espa\u00e7o acabou se transformando num espa\u00e7o cultural, ganhando um museu (dedicado \u00e0 arquitetura, ao design e a mem\u00f3ria do arquiteto), um caf\u00e9 e um coworking. Al\u00e9m disso, tamb\u00e9m sedia eventos. Ah, e tem tamb\u00e9m os jardins, assinados por Burle Marx e repaginados por Luis Carlos Orsini, paisagista do <a href=\"https:\/\/quantocustaviajar.com\/blog\/o-que-conhecer-no-instituto-inhotim\/\">Inhotim<\/a>, em <a href=\"https:\/\/quantocustaviajar.com\/blog\/cidades-legais-para-viajar-em-minas-gerais\/\">Minas Gerais<\/a>.<\/p>\n<figure id=\"attachment_34492\" aria-describedby=\"caption-attachment-34492\" style=\"width: 700px\" class=\"wp-caption aligncenter\"><img loading=\"lazy\" decoding=\"async\" class=\"size-full wp-image-34492\" src=\"https:\/\/quantocustaviajar.com\/blog\/wp-content\/uploads\/2019\/05\/lugares-secretos-sp-38.jpg\" alt=\"\" width=\"700\" height=\"525\" srcset=\"https:\/\/quantocustaviajar.com\/blog\/wp-content\/uploads\/2019\/05\/lugares-secretos-sp-38.jpg 700w, https:\/\/quantocustaviajar.com\/blog\/wp-content\/uploads\/2019\/05\/lugares-secretos-sp-38-300x225.jpg 300w\" sizes=\"auto, (max-width: 700px) 100vw, 700px\" \/><figcaption id=\"caption-attachment-34492\" class=\"wp-caption-text\">Foto: divulga\u00e7\u00e3o\/Vilanova Artigas<\/figcaption><\/figure>\n<h3><span class=\"ez-toc-section\" id=\"Memorial_da_Resistencia_Largo_General_Osorio_66_%E2%80%93_Santa_Ifigenia\"><\/span>Memorial da Resist\u00eancia | <span class=\"LrzXr\">Largo General Os\u00f3rio, 66 &#8211; Santa Ifig\u00eania<\/span><span class=\"ez-toc-section-end\"><\/span><\/h3>\n<p><em>Aberto todos os dias, exceto as ter\u00e7as, das 10h \u00e0s 18h.<\/em><\/p>\n<p>Dedicado \u00e0 preserva\u00e7\u00e3o da mem\u00f3ria da resist\u00eancia de toda a repress\u00e3o pol\u00edtica que o pa\u00eds sofreu durante a Ditadura Militar, este memorial, presente no centro da cidade, foi constru\u00eddo no local onde funcionou o Departamento Estadual de Ordem Pol\u00edtica e Social de S\u00e3o Paulo durante os anos de 1940 e 1983. De acordo com as informa\u00e7\u00f5es no site do pr\u00f3prio memorial, &#8220;o\u00a0conjunto prisional \u00e9 composto por quatro celas, um corredor principal e um corredor para banho de sol. Em cada um dos espa\u00e7os, pain\u00e9is e outros suportes audiovisuais apresentam desde o processo de implanta\u00e7\u00e3o do Memorial da Resist\u00eancia aos testemunhos sobre o cotidiano na pris\u00e3o&#8221;.<\/p>\n<p>Um local carregado de hist\u00f3ria que merece a visita por pura conscientiza\u00e7\u00e3o.<\/p>\n<p><img loading=\"lazy\" decoding=\"async\" class=\"size-full wp-image-66149 aligncenter\" src=\"https:\/\/quantocustaviajar.com\/blog\/wp-content\/uploads\/2019\/05\/lugares-secretos-em-sp-01.jpg\" alt=\"\" width=\"2048\" height=\"1365\" srcset=\"https:\/\/quantocustaviajar.com\/blog\/wp-content\/uploads\/2019\/05\/lugares-secretos-em-sp-01.jpg 2048w, https:\/\/quantocustaviajar.com\/blog\/wp-content\/uploads\/2019\/05\/lugares-secretos-em-sp-01-300x200.jpg 300w, https:\/\/quantocustaviajar.com\/blog\/wp-content\/uploads\/2019\/05\/lugares-secretos-em-sp-01-1024x683.jpg 1024w, https:\/\/quantocustaviajar.com\/blog\/wp-content\/uploads\/2019\/05\/lugares-secretos-em-sp-01-768x512.jpg 768w, https:\/\/quantocustaviajar.com\/blog\/wp-content\/uploads\/2019\/05\/lugares-secretos-em-sp-01-1536x1024.jpg 1536w, https:\/\/quantocustaviajar.com\/blog\/wp-content\/uploads\/2019\/05\/lugares-secretos-em-sp-01-1920x1280.jpg 1920w\" sizes=\"auto, (max-width: 2048px) 100vw, 2048px\" \/><\/p>\n<p>Foto: <a href=\"https:\/\/memorialdaresistenciasp.org.br\/exposicao\/longa-duracao\/\" target=\"_blank\" rel=\"noopener\">Memorial da Resist\u00eancia<\/a><\/p>\n<h3><span class=\"ez-toc-section\" id=\"Rua_Tres_Rios_Bom_Retiro\"><\/span>Rua Tr\u00eas Rios | Bom Retiro<span class=\"ez-toc-section-end\"><\/span><\/h3>\n<p>Em 2021, a revista brit\u00e2nica &#8220;TimeOut&#8221; elegeu a Rua Tr\u00eas Rios, na regi\u00e3o central da capital, a s\u00e9tima &#8220;rua mais legal do mundo&#8221; por sua\u00a0diversidade e constante evolu\u00e7\u00e3o. \u00a0Essa justificativa pode parecer at\u00e9 contradit\u00f3ria ao chegar no endere\u00e7o e se deparar com diversos edif\u00edcios baixos e at\u00e9 mesmo hist\u00f3ricos espalhados entre os quarteir\u00f5es, mas a verdade \u00e9 que \u00e9 justamente a excelente adapta\u00e7\u00e3o dos estabelecimentos comerciais nessas refer\u00eancias intocadas que faz a Tr\u00eas Rios merecer tal t\u00edtulo.<\/p>\n<p>A visita pode ser inclu\u00edda entre um passeio e outro nas redondezas (a Pinacoteca fica ali pertinho), e por l\u00e1, al\u00e9m da diversidade culin\u00e1ria dos restaurantes coreanos, italianos, gregos, entre outros, voc\u00ea tamb\u00e9m pode visitar a Casa do Povo (um\u00a0centro cultural fundado por judeus p\u00f3s Segunda Guerra), o Burikita (lanchonete iugoslava do seu David), as lojas de tecidos, entre outros estabelecimentos.<\/p>\n<p><img loading=\"lazy\" decoding=\"async\" class=\"size-full wp-image-66150 aligncenter\" src=\"https:\/\/quantocustaviajar.com\/blog\/wp-content\/uploads\/2019\/05\/lugares-secretos-em-sp-02.jpg\" alt=\"\" width=\"1080\" height=\"1079\" srcset=\"https:\/\/quantocustaviajar.com\/blog\/wp-content\/uploads\/2019\/05\/lugares-secretos-em-sp-02.jpg 1080w, https:\/\/quantocustaviajar.com\/blog\/wp-content\/uploads\/2019\/05\/lugares-secretos-em-sp-02-300x300.jpg 300w, https:\/\/quantocustaviajar.com\/blog\/wp-content\/uploads\/2019\/05\/lugares-secretos-em-sp-02-1024x1024.jpg 1024w, https:\/\/quantocustaviajar.com\/blog\/wp-content\/uploads\/2019\/05\/lugares-secretos-em-sp-02-150x150.jpg 150w, https:\/\/quantocustaviajar.com\/blog\/wp-content\/uploads\/2019\/05\/lugares-secretos-em-sp-02-768x767.jpg 768w\" sizes=\"auto, (max-width: 1080px) 100vw, 1080px\" \/><\/p>\n<p>Foto: <a href=\"https:\/\/www.instagram.com\/p\/CQQ0r-9nJ-T\/?img_index=2\" target=\"_blank\" rel=\"noopener\">Prefeitura de SP<\/a><\/p>\n<h3><span class=\"ez-toc-section\" id=\"Pavilhao_Japones_Parque_do_Ibirapuera\"><\/span>Pavilh\u00e3o Japon\u00eas | Parque do Ibirapuera<span class=\"ez-toc-section-end\"><\/span><\/h3>\n<p><em>Aberto de quinta a domingo, das 10h \u00e0s 17h.<\/em><\/p>\n<p>O Pavilh\u00e3o Japon\u00eas no Ibirapuera muitas vezes passa desapercebido durante o passeio pelo parque, mas a verdade \u00e9 que trata-se de um espacinho carregado de sossego em meio a agita\u00e7\u00e3o das pessoas que passam por ali. Este presente da comunidade japonesa em comemora\u00e7\u00e3o do IV Centen\u00e1rio de sua funda\u00e7\u00e3o foi inspirado no\u00a0Pal\u00e1cio Katsura, antiga resid\u00eancia de ver\u00e3o do Imperador em Kyoto, e l\u00e1 voc\u00ea pode curtir um piquenique em frente ao lago, conhecer exposi\u00e7\u00f5es que passam pelo pavilh\u00e3o, comprar uns presentinhos na lojinha local, entre outras amenidades.<\/p>\n<p><img loading=\"lazy\" decoding=\"async\" class=\"size-full wp-image-66151 aligncenter\" src=\"https:\/\/quantocustaviajar.com\/blog\/wp-content\/uploads\/2019\/05\/lugares-secretos-em-sp-03.jpg\" alt=\"\" width=\"1080\" height=\"1350\" srcset=\"https:\/\/quantocustaviajar.com\/blog\/wp-content\/uploads\/2019\/05\/lugares-secretos-em-sp-03.jpg 1080w, https:\/\/quantocustaviajar.com\/blog\/wp-content\/uploads\/2019\/05\/lugares-secretos-em-sp-03-240x300.jpg 240w, https:\/\/quantocustaviajar.com\/blog\/wp-content\/uploads\/2019\/05\/lugares-secretos-em-sp-03-819x1024.jpg 819w, https:\/\/quantocustaviajar.com\/blog\/wp-content\/uploads\/2019\/05\/lugares-secretos-em-sp-03-768x960.jpg 768w\" sizes=\"auto, (max-width: 1080px) 100vw, 1080px\" \/><\/p>\n<p>Foto: <a href=\"https:\/\/www.instagram.com\/p\/CtUhQCMPv4l\/\" target=\"_blank\" rel=\"noopener\">Pavilh\u00e3o Japon\u00eas<\/a><\/p>\n<h3><span class=\"ez-toc-section\" id=\"Parque_Cidade_de_Toronto_Avenida_Cardeal_Motta_84_%E2%80%93_Pirituba\"><\/span>Parque Cidade de Toronto | Avenida Cardeal Motta, 84 \u2013 Pirituba<span class=\"ez-toc-section-end\"><\/span><\/h3>\n<p><em>Aberto todos os dias, das 06h \u00e0s 18h.<\/em><\/p>\n<p>Com o intuito de revitalizar o loteamento \u201cCity Am\u00e9rica\u201d, local rico em brejos e com um lago, a prefeitura de SP criou este parque juntamente com a prefeitura de Toronto, e a ideia \u00e9 atender diferentes bairros de Pirituba, j\u00e1 que a localiza\u00e7\u00e3o privilegiada pr\u00f3xima da Rodovia dos Bandeirantes facilita o acesso ao parque. A infraestrutura conta com quiosques, churrasqueiras, palco para eventos, pista para corrida e paraciclo, aparelhos de gin\u00e1stica, parquinho para as crian\u00e7as, quadras, um lago com ponte, sanit\u00e1rios e a atividade Bosque da Leitura, que acontece aos domingos das 10h \u00e0s 16h.<\/p>\n<p><img loading=\"lazy\" decoding=\"async\" class=\"size-full wp-image-66152 aligncenter\" src=\"https:\/\/quantocustaviajar.com\/blog\/wp-content\/uploads\/2019\/05\/lugares-secretos-em-sp-04.jpg\" alt=\"\" width=\"1080\" height=\"1080\" srcset=\"https:\/\/quantocustaviajar.com\/blog\/wp-content\/uploads\/2019\/05\/lugares-secretos-em-sp-04.jpg 1080w, https:\/\/quantocustaviajar.com\/blog\/wp-content\/uploads\/2019\/05\/lugares-secretos-em-sp-04-300x300.jpg 300w, https:\/\/quantocustaviajar.com\/blog\/wp-content\/uploads\/2019\/05\/lugares-secretos-em-sp-04-1024x1024.jpg 1024w, https:\/\/quantocustaviajar.com\/blog\/wp-content\/uploads\/2019\/05\/lugares-secretos-em-sp-04-150x150.jpg 150w, https:\/\/quantocustaviajar.com\/blog\/wp-content\/uploads\/2019\/05\/lugares-secretos-em-sp-04-768x768.jpg 768w\" sizes=\"auto, (max-width: 1080px) 100vw, 1080px\" \/><\/p>\n<p>Foto: <a href=\"https:\/\/www.instagram.com\/p\/CcS42x-O554\/\" target=\"_blank\" rel=\"noopener\">Parque Cidade Toronto<\/a><\/p>\n<h3 class=\"qrShPb pXs6bb PZPZlf q8U8x aTI8gc EaHP9c\" data-dtype=\"d3ifr\" data-local-attribute=\"d3bn\" data-attrid=\"title\" data-ved=\"2ahUKEwj1qryH_JyGAxVeAbkGHfBrAC4Q3B0oAHoECFYQAQ\"><span class=\"ez-toc-section\" id=\"Casa_Museu_Ema_Klabin_Rua_Portugal_43_%E2%80%93_Jardim_Europa\"><\/span>Casa Museu Ema Klabin | Rua Portugal, 43 \u2013 Jardim Europa<span class=\"ez-toc-section-end\"><\/span><\/h3>\n<p><em>Aberto de quarta a domingo, das 11h \u00e0s 17h.<\/em><\/p>\n<p>Ema Klabin foi uma importante figura para a cultura paulistana, e seu nome estava sempre ligado a algum trabalho de introdu\u00e7\u00e3o de artes na cidade: ela participou\u00a0dos conselhos das principais institui\u00e7\u00f5es culturais, como a Funda\u00e7\u00e3o Bienal de S\u00e3o Paulo, do MASP e tamb\u00e9m do Museu de Arte Moderna de S\u00e3o Paulo. Al\u00e9m de empres\u00e1ria, Ema Klabin tamb\u00e9m era uma dedicada colecionadora, e por essas e outras que sua resid\u00eancia foi transformada em museu sem fins lucrativos ap\u00f3s a sua morte. Este passeio pouco popular na capital \u00e9 um deleite para apreciadores de arte, j\u00e1 que o museu tem em seu acervo formado por mais de 1500 obras (alguns deles assinadas por Frans Post e o russo Marc Chagall), al\u00e9m de objetos decorativos e arqueol\u00f3gicos espalhados pelos 900 metros quadrados da linda mans\u00e3o.<\/p>\n<p><img loading=\"lazy\" decoding=\"async\" class=\"size-full wp-image-66153 aligncenter\" src=\"https:\/\/quantocustaviajar.com\/blog\/wp-content\/uploads\/2019\/05\/lugares-secretos-em-sp-05.jpg\" alt=\"\" width=\"1080\" height=\"1093\" srcset=\"https:\/\/quantocustaviajar.com\/blog\/wp-content\/uploads\/2019\/05\/lugares-secretos-em-sp-05.jpg 1080w, https:\/\/quantocustaviajar.com\/blog\/wp-content\/uploads\/2019\/05\/lugares-secretos-em-sp-05-296x300.jpg 296w, https:\/\/quantocustaviajar.com\/blog\/wp-content\/uploads\/2019\/05\/lugares-secretos-em-sp-05-1012x1024.jpg 1012w, https:\/\/quantocustaviajar.com\/blog\/wp-content\/uploads\/2019\/05\/lugares-secretos-em-sp-05-768x777.jpg 768w\" sizes=\"auto, (max-width: 1080px) 100vw, 1080px\" \/><\/p>\n<p>Foto: <a href=\"https:\/\/www.instagram.com\/p\/C5Wtro4MQXT\/?img_index=10\" target=\"_blank\" rel=\"noopener\">Casa Museu Ema Klabin<\/a><\/p>\n<h3><\/h3>\n<h3><span class=\"ez-toc-section\" id=\"Jazz_Escondido_Restaurante_Ragu_Rua_Maceio_85_%E2%80%93_Consolacao\"><\/span>Jazz Escondido \/ Restaurante Rag\u00fa | Rua Macei\u00f3, 85 &#8211; Consola\u00e7\u00e3o<span class=\"ez-toc-section-end\"><\/span><\/h3>\n<p>A cada segunda quinta-feira do m\u00eas acontece uma noite m\u00e1gica no sal\u00e3o do escondido restaurante Rag\u00fa, na regi\u00e3o da Consola\u00e7\u00e3o, que os apreciadores do Jazz Manouche n\u00e3o podem perder. A partir das 19h, um trio de m\u00fasicos preenche o antigo casar\u00e3o com boa m\u00fasica, enquanto voc\u00ea se delicia com as op\u00e7\u00f5es do card\u00e1pio da casa. Os pre\u00e7os s\u00e3o bem acess\u00edveis com pratos a partir de R$35.<\/p>\n<p>\u00c9 s\u00f3 atravessar o corredor depois desta portinha da foto que a sua noite vai se transformar.<\/p>\n<p><img loading=\"lazy\" decoding=\"async\" class=\"size-full wp-image-66154 aligncenter\" src=\"https:\/\/quantocustaviajar.com\/blog\/wp-content\/uploads\/2019\/05\/lugares-secretos-em-sp-06.jpg\" alt=\"\" width=\"1080\" height=\"1350\" srcset=\"https:\/\/quantocustaviajar.com\/blog\/wp-content\/uploads\/2019\/05\/lugares-secretos-em-sp-06.jpg 1080w, https:\/\/quantocustaviajar.com\/blog\/wp-content\/uploads\/2019\/05\/lugares-secretos-em-sp-06-240x300.jpg 240w, https:\/\/quantocustaviajar.com\/blog\/wp-content\/uploads\/2019\/05\/lugares-secretos-em-sp-06-819x1024.jpg 819w, https:\/\/quantocustaviajar.com\/blog\/wp-content\/uploads\/2019\/05\/lugares-secretos-em-sp-06-768x960.jpg 768w\" sizes=\"auto, (max-width: 1080px) 100vw, 1080px\" \/><\/p>\n<p>Foto: <a href=\"https:\/\/www.instagram.com\/p\/CfPA22mOAHJ\/?igsh=MTJzMDZrMHcxeHl0\" target=\"_blank\" rel=\"noopener\">Restaurante Rag\u00fa<\/a><\/p>\n<h3><span class=\"ez-toc-section\" id=\"noPorto_Espaco_Lounge_Rua_Edison_1418_%E2%80%93_Campo_Belo\"><\/span>noPorto Espa\u00e7o Lounge | Rua \u00c9dison, 1418 &#8211; Campo Belo<span class=\"ez-toc-section-end\"><\/span><\/h3>\n<p><em>Aberto<\/em> de quarta a sexta, das 15h \u00e0s 00h, e aos finais de semana, das 12h \u00e0s 00h.<\/p>\n<p>Muito embora n\u00e3o seja um lugar muito conhecido em S\u00e3o Paulo, quem j\u00e1 conhece o noPorto acaba sempre voltando, principalmente em dias quentes que pede uma bebidinha bem gelada. Inspirado em diferentes portos mundo afora, o local a c\u00e9u aberto re\u00fane o melhor da gastronomia, arte e cultura, chamando a aten\u00e7\u00e3o de diferentes faixas et\u00e1rias e tribos. Ah! O espa\u00e7o \u00e9 pet friendly!<\/p>\n<p>Confira a programa\u00e7\u00e3o da casa no Instagram e inclua em seu roteiro o dia que mais te apetece.<\/p>\n<p><img loading=\"lazy\" decoding=\"async\" class=\"size-full wp-image-66158 aligncenter\" src=\"https:\/\/quantocustaviajar.com\/blog\/wp-content\/uploads\/2019\/05\/lugares-secretos-em-sp-07.jpg\" alt=\"\" width=\"1080\" height=\"720\" srcset=\"https:\/\/quantocustaviajar.com\/blog\/wp-content\/uploads\/2019\/05\/lugares-secretos-em-sp-07.jpg 1080w, https:\/\/quantocustaviajar.com\/blog\/wp-content\/uploads\/2019\/05\/lugares-secretos-em-sp-07-300x200.jpg 300w, https:\/\/quantocustaviajar.com\/blog\/wp-content\/uploads\/2019\/05\/lugares-secretos-em-sp-07-1024x683.jpg 1024w, https:\/\/quantocustaviajar.com\/blog\/wp-content\/uploads\/2019\/05\/lugares-secretos-em-sp-07-768x512.jpg 768w\" sizes=\"auto, (max-width: 1080px) 100vw, 1080px\" \/><\/p>\n<p>Foto: <a href=\"https:\/\/www.instagram.com\/p\/C2QDpvEOaP0\/?igsh=MTdsZHduMjFiYW1zNg==\" target=\"_blank\" rel=\"noopener\">noPorto<\/a><\/p>\n<h3><span class=\"ez-toc-section\" id=\"Museu_Vicente_de_Azevedo_Rua_Dom_Luis_Lasanha_300_%E2%80%93_Ipiranga\"><\/span>Museu Vicente de Azevedo | Rua Dom Lu\u00eds Lasanha, 300 &#8211; Ipiranga<span class=\"ez-toc-section-end\"><\/span><\/h3>\n<p><em>Aberto de segunda a sexta, das 10h \u00e0s 15h.<\/em><\/p>\n<p>Com entrada gratuita, este museu pouco conhecido \u00e9 uma grata surpresa em meio a uma regi\u00e3o cheia de restaurantes e bares. O acervo \u00e9 formado por artigos que narra a biografia de Jos\u00e9 Vicente de Azevedo, um advogado, professor, compositor, pol\u00edtico e filantropo que teve grande import\u00e2ncia para a urbaniza\u00e7\u00e3o do Ipiranga, um dos bairros mais tradicionais de S\u00e3o Paulo. A equipe que conduz a mostra \u00e9 bastante atenciosa, ideal para um passeio em fam\u00edlia.<\/p>\n<p><img loading=\"lazy\" decoding=\"async\" class=\"size-full wp-image-66164 aligncenter\" src=\"https:\/\/quantocustaviajar.com\/blog\/wp-content\/uploads\/2019\/05\/lugares-secretos-em-sp-08-1.jpg\" alt=\"\" width=\"1080\" height=\"1080\" srcset=\"https:\/\/quantocustaviajar.com\/blog\/wp-content\/uploads\/2019\/05\/lugares-secretos-em-sp-08-1.jpg 1080w, https:\/\/quantocustaviajar.com\/blog\/wp-content\/uploads\/2019\/05\/lugares-secretos-em-sp-08-1-300x300.jpg 300w, https:\/\/quantocustaviajar.com\/blog\/wp-content\/uploads\/2019\/05\/lugares-secretos-em-sp-08-1-1024x1024.jpg 1024w, https:\/\/quantocustaviajar.com\/blog\/wp-content\/uploads\/2019\/05\/lugares-secretos-em-sp-08-1-150x150.jpg 150w, https:\/\/quantocustaviajar.com\/blog\/wp-content\/uploads\/2019\/05\/lugares-secretos-em-sp-08-1-768x768.jpg 768w\" sizes=\"auto, (max-width: 1080px) 100vw, 1080px\" \/><\/p>\n<p>Foto: <a href=\"https:\/\/www.instagram.com\/p\/CmMx0_oP8VP\/?igsh=MXR2eWJ2enJ4bWt2Ng==\" target=\"_blank\" rel=\"noopener\">Museu Vicente de Azevedo<\/a><\/p>\n<h3><span class=\"ez-toc-section\" id=\"Parque_Alfredo_Volpi_Av_Eng_Oscar_Americano_480_%E2%80%93_Morumbi\"><\/span><strong>Parque Alfredo Volpi | <em>Av. Eng. Oscar Americano, 480 \u2013 Morumbi<\/em><\/strong><span class=\"ez-toc-section-end\"><\/span><\/h3>\n<p><em>Aberto todos os dias, das 06h \u00e0s 18h<\/em><\/p>\n<p>Outro parque pouco conhecido em S\u00e3o Paulo \u00e9 o Alfredo Volpi, que fica no Cidade Jardim. E por ser praticamente um lugar secreto na cidade que se torna ideal para quem quer caminhar e se exercitar em meio \u00e0 natureza em meio as trilhas, com muito mais privacidade e sossego. S\u00e3o 142.000 m\u00b2 de extens\u00e3o, recheado de exemplares da Mata Atl\u00e2ntica intactos \u00a0e uma pequena nascente em plena capital.<\/p>\n<p><img loading=\"lazy\" decoding=\"async\" class=\"size-full wp-image-66161 aligncenter\" src=\"https:\/\/quantocustaviajar.com\/blog\/wp-content\/uploads\/2019\/05\/lugares-secretos-em-sp-08.jpg\" alt=\"\" width=\"748\" height=\"463\" srcset=\"https:\/\/quantocustaviajar.com\/blog\/wp-content\/uploads\/2019\/05\/lugares-secretos-em-sp-08.jpg 748w, https:\/\/quantocustaviajar.com\/blog\/wp-content\/uploads\/2019\/05\/lugares-secretos-em-sp-08-300x186.jpg 300w\" sizes=\"auto, (max-width: 748px) 100vw, 748px\" \/><\/p>\n<p>Foto: <a href=\"https:\/\/www.saopaulo.sp.gov.br\/conhecasp\/parques-e-reservas-naturais\/parque-alfredo-volpi\/\" target=\"_blank\" rel=\"noopener\">Governo do Estado de SP<\/a><\/p>\n<h3><span class=\"ez-toc-section\" id=\"Biblioteca_George_Alexander_R_Itambe_145_%E2%80%93_Consolacao\"><\/span>Biblioteca George Alexander | R. Itamb\u00e9, 145 &#8211; Consola\u00e7\u00e3o<span class=\"ez-toc-section-end\"><\/span><\/h3>\n<p><em>Aberto de segunda a sexta, das 07h30 \u00e0s 22h e aos s\u00e1bados, das 09h15 \u00e0s 14h45.<\/em><\/p>\n<p>Localizado no pr\u00e9dio 2 da Universidade Mackenzie, a Biblioteca George Alexander impressiona n\u00e3o s\u00f3 pelo seu cat\u00e1logo, mas tamb\u00e9m por sua arquitetura. Inaugurada em 1926, os mais de 7 mil exemplares ficam muito bem guardados e administrados nos 3 andares do charmoso edif\u00edcio de tijolos aparentes, que foi tombado como Patrim\u00f4nio Hist\u00f3rico. Uma visita obrigat\u00f3ria para quem deseja conhecer um pouco mais da hist\u00f3ria da cidade.<\/p>\n<p><img loading=\"lazy\" decoding=\"async\" class=\"size-full wp-image-66162 aligncenter\" src=\"https:\/\/quantocustaviajar.com\/blog\/wp-content\/uploads\/2019\/05\/lugares-secretos-em-sp-09.jpg\" alt=\"\" width=\"1024\" height=\"768\" srcset=\"https:\/\/quantocustaviajar.com\/blog\/wp-content\/uploads\/2019\/05\/lugares-secretos-em-sp-09.jpg 1024w, https:\/\/quantocustaviajar.com\/blog\/wp-content\/uploads\/2019\/05\/lugares-secretos-em-sp-09-300x225.jpg 300w, https:\/\/quantocustaviajar.com\/blog\/wp-content\/uploads\/2019\/05\/lugares-secretos-em-sp-09-768x576.jpg 768w\" sizes=\"auto, (max-width: 1024px) 100vw, 1024px\" \/><\/p>\n<p>Foto: <a href=\"https:\/\/www.facebook.com\/photo.php?fbid=601455065456278&amp;set=pb.100067753688685.-2207520000&amp;type=3\" target=\"_blank\" rel=\"noopener\">Biblioteca do Mackenzie<\/a><\/p>\n<h3><span class=\"ez-toc-section\" id=\"Arvore_do_Pao_R_Frei_Caneca_388_%E2%80%93_Consolacao\"><\/span>\u00c1rvore do P\u00e3o | R. Frei Caneca, 388 &#8211; Consola\u00e7\u00e3o<span class=\"ez-toc-section-end\"><\/span><\/h3>\n<p><em>Aberto de ter\u00e7as as sextas, das 11h \u00e0s 19h \u00a0e s\u00e1bados, das 09h30 \u00e0s 14h.<\/em><\/p>\n<p>Um dos lugares secretos em S\u00e3o Paulo que amantes de um bom cafezinho n\u00e3o pode deixar passar batido \u00e9 a \u00c1rvore do P\u00e3o, na Frei Caneca. Todos os produtos (p\u00e3es, bolos, biscoitos entre outras del\u00edcias) s\u00e3o feitos artesanalmente e com fermenta\u00e7\u00e3o natural. O menu n\u00e3o \u00e9 definitivo, portanto, acompanhe as publica\u00e7\u00f5es nas redes sociais da casa para ficar por dentro sobre quais del\u00edcias voc\u00ea encontrar\u00e1 por l\u00e1 no dia da sua visita.<\/p>\n<p><img loading=\"lazy\" decoding=\"async\" class=\"size-full wp-image-66163 aligncenter\" src=\"https:\/\/quantocustaviajar.com\/blog\/wp-content\/uploads\/2019\/05\/lugares-secretos-em-sp-10.jpg\" alt=\"\" width=\"1080\" height=\"1080\" srcset=\"https:\/\/quantocustaviajar.com\/blog\/wp-content\/uploads\/2019\/05\/lugares-secretos-em-sp-10.jpg 1080w, https:\/\/quantocustaviajar.com\/blog\/wp-content\/uploads\/2019\/05\/lugares-secretos-em-sp-10-300x300.jpg 300w, https:\/\/quantocustaviajar.com\/blog\/wp-content\/uploads\/2019\/05\/lugares-secretos-em-sp-10-1024x1024.jpg 1024w, https:\/\/quantocustaviajar.com\/blog\/wp-content\/uploads\/2019\/05\/lugares-secretos-em-sp-10-150x150.jpg 150w, https:\/\/quantocustaviajar.com\/blog\/wp-content\/uploads\/2019\/05\/lugares-secretos-em-sp-10-768x768.jpg 768w\" sizes=\"auto, (max-width: 1080px) 100vw, 1080px\" \/><\/p>\n<p>Foto: <a href=\"https:\/\/www.instagram.com\/p\/C2LBEy_PodM\/\" target=\"_blank\" rel=\"noopener\">\u00c1rvore do P\u00e3o<\/a><\/p>\n<h3><span class=\"ez-toc-section\" id=\"Casa_de_Vidro_Lina_Bo_Bardi_R_Gen_Almerio_de_Moura_200_%E2%80%93_Morumbi\"><\/span>Casa de Vidro Lina Bo Bardi \u00a0| R. Gen. Alm\u00e9rio de Moura, 200 &#8211; Morumbi<span class=\"ez-toc-section-end\"><\/span><\/h3>\n<p><em>Aberto ao p\u00fablico de quinta a s\u00e1bado, das 10h \u00e0s 11h30, e das 14h \u00e0s 15h30.<\/em><\/p>\n<p>Um dos grandes marcos da arquitetura em S\u00e3o Paulo passou a ganhar uma certa popularidade agora, depois que muitos influencers encontraram esta preciosidade aberta ao p\u00fablico. Constru\u00edda em 1951, a casa de Lina Bo Bardi se tornou refer\u00eancia principalmente por conservar no terreno de mais de 7 mil metros, diversos exemplares da mata brasileira. Al\u00e9m da conserva\u00e7\u00e3o da casa, o instituto que funciona no edif\u00edcio tamb\u00e9m promove\u00a0pesquisas e divulga a arte e arquitetura brasileira, com ingressos a partir de R$15.<\/p>\n<p><img loading=\"lazy\" decoding=\"async\" class=\"size-full wp-image-66165 aligncenter\" src=\"https:\/\/quantocustaviajar.com\/blog\/wp-content\/uploads\/2019\/05\/lugares-secretos-em-sp-12.jpg\" alt=\"\" width=\"1080\" height=\"717\" srcset=\"https:\/\/quantocustaviajar.com\/blog\/wp-content\/uploads\/2019\/05\/lugares-secretos-em-sp-12.jpg 1080w, https:\/\/quantocustaviajar.com\/blog\/wp-content\/uploads\/2019\/05\/lugares-secretos-em-sp-12-300x199.jpg 300w, https:\/\/quantocustaviajar.com\/blog\/wp-content\/uploads\/2019\/05\/lugares-secretos-em-sp-12-1024x680.jpg 1024w, https:\/\/quantocustaviajar.com\/blog\/wp-content\/uploads\/2019\/05\/lugares-secretos-em-sp-12-768x510.jpg 768w\" sizes=\"auto, (max-width: 1080px) 100vw, 1080px\" \/><\/p>\n<p>Foto: <a href=\"https:\/\/www.instagram.com\/p\/C1C2bxTvkuF\/?igsh=MWh0enpoZmd6NG1sbg==\" target=\"_blank\" rel=\"noopener\">Instituto Bardi<\/a><\/p>\n<h3 class=\"single__title word-breaker\"><span class=\"ez-toc-section\" id=\"Passagem_Literaria_da_Consolacao_R_da_Consolacao_%E2%80%93_Consolacao\"><\/span>Passagem Liter\u00e1ria da Consola\u00e7\u00e3o | R. da Consola\u00e7\u00e3o &#8211; Consola\u00e7\u00e3o<span class=\"ez-toc-section-end\"><\/span><\/h3>\n<p><em>Aberto de segunda a s\u00e1bado, das 11h \u00e0s 19h.<\/em><\/p>\n<p>Esta passagem sob uma das ruas mais populares de S\u00e3o Paulo pode passar batido se voc\u00ea n\u00e3o reparar bem. A entrada, entre o Cine Belas Artes e o Riviera Bar, \u00e9 s\u00f3 um port\u00e3o com gravite no muro, e que existe desde 1970, mas foi em 2005 que este espa\u00e7o foi ressignificado pela Associa\u00e7\u00e3o Via Libris. Agora por l\u00e1 al\u00e9m do sebo, diversas mostras e exposi\u00e7\u00f5es sazonais preencher a programa\u00e7\u00e3o local, que pode ser conferida no Instagram oficial da passagem.<\/p>\n<p><img loading=\"lazy\" decoding=\"async\" class=\"size-full wp-image-66166 aligncenter\" src=\"https:\/\/quantocustaviajar.com\/blog\/wp-content\/uploads\/2019\/05\/lugares-secretos-em-sp-13.jpg\" alt=\"\" width=\"1080\" height=\"913\" srcset=\"https:\/\/quantocustaviajar.com\/blog\/wp-content\/uploads\/2019\/05\/lugares-secretos-em-sp-13.jpg 1080w, https:\/\/quantocustaviajar.com\/blog\/wp-content\/uploads\/2019\/05\/lugares-secretos-em-sp-13-300x254.jpg 300w, https:\/\/quantocustaviajar.com\/blog\/wp-content\/uploads\/2019\/05\/lugares-secretos-em-sp-13-1024x866.jpg 1024w, https:\/\/quantocustaviajar.com\/blog\/wp-content\/uploads\/2019\/05\/lugares-secretos-em-sp-13-768x649.jpg 768w\" sizes=\"auto, (max-width: 1080px) 100vw, 1080px\" \/><\/p>\n<p>Foto: <a href=\"https:\/\/www.instagram.com\/p\/CuCiQTtrsmQ\/\" target=\"_blank\" rel=\"noopener\">Passagem Liter\u00e1ria<\/a><\/p>\n<h3><span class=\"ez-toc-section\" id=\"Aquario_Subterraneo_no_Parque_da_Luz_Praca_da_Luz_sn_%E2%80%93_Bom_Retiro\"><\/span>Aqu\u00e1rio Subterr\u00e2neo no Parque da Luz | Pra\u00e7a da Luz, s\/n \u2013 Bom Retiro<span class=\"ez-toc-section-end\"><\/span><\/h3>\n<p><em>Aberto de ter\u00e7a a domingo, das 09h \u00e0s 18h.<\/em><\/p>\n<p>Foi s\u00f3 na \u00faltima d\u00e9cada que uma caverna foi encontrada durante a revitaliza\u00e7\u00e3o do ent\u00e3o famoso Parque da Luz, precisamente abaixo do lago Diana. Durante as escava\u00e7\u00f5es, encontraram uma passagem subterr\u00e2nea fechada por tijolos e concreto com diferentes aqu\u00e1rios, e que hoje est\u00e1 aberta para visita\u00e7\u00e3o. L\u00e1 voc\u00ea conhecer\u00e1 13 esp\u00e9cies de peixes nativos dos Rio Tiet\u00ea e\u00a0Para\u00edba do Sul, em um espa\u00e7o que ficou praticamente em segredo durante muitos anos abaixo do parque. Legal n\u00e9?<\/p>\n<p><img loading=\"lazy\" decoding=\"async\" class=\"size-full wp-image-66167 aligncenter\" src=\"https:\/\/quantocustaviajar.com\/blog\/wp-content\/uploads\/2019\/05\/lugares-secretos-em-sp-14.jpg\" alt=\"\" width=\"900\" height=\"300\" srcset=\"https:\/\/quantocustaviajar.com\/blog\/wp-content\/uploads\/2019\/05\/lugares-secretos-em-sp-14.jpg 900w, https:\/\/quantocustaviajar.com\/blog\/wp-content\/uploads\/2019\/05\/lugares-secretos-em-sp-14-300x100.jpg 300w, https:\/\/quantocustaviajar.com\/blog\/wp-content\/uploads\/2019\/05\/lugares-secretos-em-sp-14-768x256.jpg 768w\" sizes=\"auto, (max-width: 900px) 100vw, 900px\" \/><\/p>\n<p>Foto: <a href=\"https:\/\/www.prefeitura.sp.gov.br\/cidade\/secretarias\/meio_ambiente\/parques\/regiao_centrooeste\/index.php?p=5757\" target=\"_blank\" rel=\"noopener\">Prefeitura de SP<\/a><\/p>\n<h3><span class=\"ez-toc-section\" id=\"Viveiro_Manequinho_Lopes_Av_Quarto_Centenario_1288%E2%80%8A-%E2%80%8AIbirapuera\"><\/span><strong>Viveiro Manequinho Lopes | Av. Quarto Centen\u00e1rio, 1288\u200a-\u200aIbirapuera<\/strong><span class=\"ez-toc-section-end\"><\/span><\/h3>\n<p><em>Aberto de segunda a sexta, das 07h \u00e0s 16h.<\/em><\/p>\n<p>O Parque do Ibirapuera \u00e9 uma grande \u00e1rea de descompress\u00e3o para os atarefados paulistanos. Em seus 150 hectares tem de tudo, desde museus at\u00e9 \u00e1reas para cooper ou pique-nique. Para dar um passeio ao ar livre longe da muvuca, reserve uma data para conhecer o Viveiro Manequinho Lopes, um dos lugares mais bacanas de S\u00e3o Paulo, escondidinho dentro do Ibira. A principal fun\u00e7\u00e3o do herb\u00e1rio \u00e9 produzir e fornecer mudas para plantio ao redor da cidade, portanto espere por um lindo passeio florido, com \u00e1rvores e plantas de diversas esp\u00e9cies, inclusive PANC (Plantas Aliment\u00edcias N\u00e3o Convencionais).<\/p>\n<figure id=\"attachment_34498\" aria-describedby=\"caption-attachment-34498\" style=\"width: 700px\" class=\"wp-caption aligncenter\"><img loading=\"lazy\" decoding=\"async\" class=\"size-full wp-image-34498\" src=\"https:\/\/quantocustaviajar.com\/blog\/wp-content\/uploads\/2019\/05\/lugares-secretos-sp-15.jpg\" alt=\"\" width=\"700\" height=\"525\" srcset=\"https:\/\/quantocustaviajar.com\/blog\/wp-content\/uploads\/2019\/05\/lugares-secretos-sp-15.jpg 700w, https:\/\/quantocustaviajar.com\/blog\/wp-content\/uploads\/2019\/05\/lugares-secretos-sp-15-300x225.jpg 300w\" sizes=\"auto, (max-width: 700px) 100vw, 700px\" \/><figcaption id=\"caption-attachment-34498\" class=\"wp-caption-text\">Foto: <a href=\"https:\/\/facebook.com\/brunellapfvr\" target=\"_blank\" rel=\"noopener noreferrer\">Brunella Nunes\/Equipe QCV<\/a><\/figcaption><\/figure>\n<figure id=\"attachment_34497\" aria-describedby=\"caption-attachment-34497\" style=\"width: 700px\" class=\"wp-caption aligncenter\"><img loading=\"lazy\" decoding=\"async\" class=\"size-full wp-image-34497\" src=\"https:\/\/quantocustaviajar.com\/blog\/wp-content\/uploads\/2019\/05\/lugares-secretos-sp-14.jpg\" alt=\"\" width=\"700\" height=\"525\" srcset=\"https:\/\/quantocustaviajar.com\/blog\/wp-content\/uploads\/2019\/05\/lugares-secretos-sp-14.jpg 700w, https:\/\/quantocustaviajar.com\/blog\/wp-content\/uploads\/2019\/05\/lugares-secretos-sp-14-300x225.jpg 300w\" sizes=\"auto, (max-width: 700px) 100vw, 700px\" \/><figcaption id=\"caption-attachment-34497\" class=\"wp-caption-text\">Foto: <a href=\"https:\/\/facebook.com\/brunellapfvr\" target=\"_blank\" rel=\"noopener noreferrer\">Brunella Nunes\/Equipe QCV<\/a><\/figcaption><\/figure>\n<blockquote class=\"wp-embedded-content\" data-secret=\"I9VjyPDCEd\"><p><a href=\"https:\/\/quantocustaviajar.com\/blog\/lugares-secretos-no-rio-de-janeiro\/\">15 lugares secretos no Rio de Janeiro para sair da mesmice<\/a><\/p><\/blockquote>\n<p><iframe loading=\"lazy\" class=\"wp-embedded-content\" sandbox=\"allow-scripts\" security=\"restricted\" style=\"position: absolute; visibility: hidden;\" title=\"&#8220;15 lugares secretos no Rio de Janeiro para sair da mesmice&#8221; &#8212; Blog Quanto Custa Viajar\" src=\"https:\/\/quantocustaviajar.com\/blog\/lugares-secretos-no-rio-de-janeiro\/embed\/#?secret=B6Kn1YVom3#?secret=I9VjyPDCEd\" data-secret=\"I9VjyPDCEd\" width=\"600\" height=\"338\" frameborder=\"0\" marginwidth=\"0\" marginheight=\"0\" scrolling=\"no\"><\/iframe><\/p>\n<p><script type=\"application\/ld+json\">\n{\n  \"@context\": \"https:\/\/schema.org\",\n  \"@type\": \"FAQPage\",\n  \"mainEntity\": [\n    {\n      \"@type\": \"Question\",\n      \"name\": \"Quais s\u00e3o os hor\u00e1rios de visita ao Jardim Suspenso da Prefeitura?\",\n      \"acceptedAnswer\": {\n        \"@type\": \"Answer\",\n        \"text\": \"O Jardim Suspenso do Edif\u00edcio Matarazzo pode ser visitado gratuitamente de segunda a s\u00e1bado \u2013 consulte o site da Prefeitura para hor\u00e1rios atualizados.\"\n      }\n    },\n    {\n      \"@type\": \"Question\",\n      \"name\": \"Quando abre o speakeasy Apotec\u00e1rio no Espa\u00e7o Zebra?\",\n      \"acceptedAnswer\": {\n        \"@type\": \"Answer\",\n        \"text\": \"O Apotec\u00e1rio costuma abrir nas sextas e s\u00e1bados, das 19h \u00e0 meia-noite \u2014 eventualmente abre tamb\u00e9m \u00e0s quintas.\"\n      }\n    },\n    {\n      \"@type\": \"Question\",\n      \"name\": \"Como conhecer o Templo Odsal\u00a0Ling?\",\n      \"acceptedAnswer\": {\n        \"@type\": \"Answer\",\n        \"text\": \"O Templo Odsal\u00a0Ling, em Cotia, abre aos s\u00e1bados e domingos, das 10h \u00e0s 15h30. A visita\u00e7\u00e3o \u00e9 gr\u00e1tis.\"\n      }\n    }\n  ]\n}\n<\/script><\/p>\n<p><script type=\"application\/ld+json\">\n{\n  \"@context\": \"https:\/\/schema.org\",\n  \"@type\": \"ItemList\",\n  \"itemListElement\": [\n    {\n      \"@type\": \"ListItem\",\n      \"position\": 1,\n      \"name\": \"Jardim Suspenso da Prefeitura (Edif\u00edcio Matarazzo)\",\n      \"url\": \"https:\/\/quantocustaviajar.com\/blog\/lugares-secretos-em-sao-paulo\/#jardim-prefeitura\"\n    },\n    {\n      \"@type\": \"ListItem\",\n      \"position\": 2,\n      \"name\": \"Apotec\u00e1rio \/ Espa\u00e7o Zebra\",\n      \"url\": \"https:\/\/quantocustaviajar.com\/blog\/lugares-secretos-em-sao-paulo\/#apotecario\"\n    },\n    {\n      \"@type\": \"ListItem\",\n      \"position\": 3,\n      \"name\": \"Templo Odsal\u00a0Ling\",\n      \"url\": \"https:\/\/quantocustaviajar.com\/blog\/lugares-secretos-em-sao-paulo\/#odsal-ling\"\n    }\n  ]\n}\n<\/script><\/p>\n","protected":false},"excerpt":{"rendered":"<p>Ser\u00e1 que ainda existem lugares secretos em S\u00e3o Paulo, a terceira cidade mais visitada do Brasil? Gigante no tamanho e nas possibilidades, a metr\u00f3pole sempre vai ter aquele cantinho especial que apenas poucos e bons conhecem. Para desbravar alguns deles, confira a lista que o Quanto Custa Viajar preparou para voc\u00ea! Visitar os pontos tur\u00edsticos [&hellip;]<\/p>\n","protected":false},"author":19,"featured_media":34511,"comment_status":"open","ping_status":"open","sticky":false,"template":"elementor_theme","format":"standard","meta":{"cybocfi_hide_featured_image":"yes","footnotes":""},"categories":[1436,1435,1434,1182],"tags":[635,77,1886,638,248,639,211,529,513,141,1431],"class_list":["post-34337","post","type-post","status-publish","format-standard","has-post-thumbnail","hentry","category-artes-cultura-diversao","category-comes-bebes","category-descubra-brasil","category-dica-cool","tag-centro","tag-dicas","tag-escondido","tag-historico","tag-jardim","tag-lugares-secretos","tag-o-que-fazer","tag-onde-ir","tag-passeios-diferentes","tag-restaurantes","tag-saopaulo"],"blocksy_meta":[],"yoast_head":"<!-- This site is optimized with the Yoast SEO plugin v26.3 - https:\/\/yoast.com\/wordpress\/plugins\/seo\/ -->\n<title>Lugares secretos em S\u00e3o Paulo escondem o melhor da cidade<\/title>\n<meta name=\"description\" content=\"Conhe\u00e7a os lugares secretos de S\u00e3o Paulo que formam um roteiro encantador com atra\u00e7\u00f5es para diferentes idades.\" \/>\n<meta name=\"robots\" content=\"index, follow, max-snippet:-1, max-image-preview:large, max-video-preview:-1\" \/>\n<link rel=\"canonical\" href=\"https:\/\/quantocustaviajar.com\/blog\/lugares-secretos-em-sao-paulo\/\" \/>\n<meta property=\"og:locale\" content=\"pt_BR\" \/>\n<meta property=\"og:type\" content=\"article\" \/>\n<meta property=\"og:title\" content=\"Lugares secretos em S\u00e3o Paulo escondem o melhor da cidade\" \/>\n<meta property=\"og:description\" content=\"Conhe\u00e7a os lugares secretos de S\u00e3o Paulo que formam um roteiro encantador com atra\u00e7\u00f5es para diferentes idades.\" \/>\n<meta property=\"og:url\" content=\"https:\/\/quantocustaviajar.com\/blog\/lugares-secretos-em-sao-paulo\/\" \/>\n<meta property=\"og:site_name\" content=\"Blog Quanto Custa Viajar\" \/>\n<meta property=\"article:publisher\" content=\"https:\/\/www.facebook.com\/quantocustaviajar\" \/>\n<meta property=\"article:published_time\" content=\"2025-05-20T12:38:00+00:00\" \/>\n<meta property=\"article:modified_time\" content=\"2025-07-17T14:32:40+00:00\" \/>\n<meta property=\"og:image\" content=\"https:\/\/quantocustaviajar.com\/blog\/wp-content\/uploads\/2019\/05\/lugares-secretos-em-sao-paulo-foto-ana-mello.jpg\" \/>\n\t<meta property=\"og:image:width\" content=\"960\" \/>\n\t<meta property=\"og:image:height\" content=\"600\" \/>\n\t<meta property=\"og:image:type\" content=\"image\/jpeg\" \/>\n<meta name=\"author\" content=\"Sheila Almendros\" \/>\n<meta name=\"twitter:card\" content=\"summary_large_image\" \/>\n<meta name=\"twitter:label1\" content=\"Escrito por\" \/>\n\t<meta name=\"twitter:data1\" content=\"Sheila Almendros\" \/>\n\t<meta name=\"twitter:label2\" content=\"Est. tempo de leitura\" \/>\n\t<meta name=\"twitter:data2\" content=\"29 minutos\" \/>\n<!-- \/ Yoast SEO plugin. -->","yoast_head_json":{"title":"Lugares secretos em S\u00e3o Paulo escondem o melhor da cidade","description":"Conhe\u00e7a os lugares secretos de S\u00e3o Paulo que formam um roteiro encantador com atra\u00e7\u00f5es para diferentes idades.","robots":{"index":"index","follow":"follow","max-snippet":"max-snippet:-1","max-image-preview":"max-image-preview:large","max-video-preview":"max-video-preview:-1"},"canonical":"https:\/\/quantocustaviajar.com\/blog\/lugares-secretos-em-sao-paulo\/","og_locale":"pt_BR","og_type":"article","og_title":"Lugares secretos em S\u00e3o Paulo escondem o melhor da cidade","og_description":"Conhe\u00e7a os lugares secretos de S\u00e3o Paulo que formam um roteiro encantador com atra\u00e7\u00f5es para diferentes idades.","og_url":"https:\/\/quantocustaviajar.com\/blog\/lugares-secretos-em-sao-paulo\/","og_site_name":"Blog Quanto Custa Viajar","article_publisher":"https:\/\/www.facebook.com\/quantocustaviajar","article_published_time":"2025-05-20T12:38:00+00:00","article_modified_time":"2025-07-17T14:32:40+00:00","og_image":[{"width":960,"height":600,"url":"https:\/\/quantocustaviajar.com\/blog\/wp-content\/uploads\/2019\/05\/lugares-secretos-em-sao-paulo-foto-ana-mello.jpg","type":"image\/jpeg"}],"author":"Sheila Almendros","twitter_card":"summary_large_image","twitter_misc":{"Escrito por":"Sheila Almendros","Est. tempo de leitura":"29 minutos"},"schema":{"@context":"https:\/\/schema.org","@graph":[{"@type":["Article","BlogPosting"],"@id":"https:\/\/quantocustaviajar.com\/blog\/lugares-secretos-em-sao-paulo\/#article","isPartOf":{"@id":"https:\/\/quantocustaviajar.com\/blog\/lugares-secretos-em-sao-paulo\/"},"author":{"name":"Sheila Almendros","@id":"https:\/\/quantocustaviajar.com\/blog\/#\/schema\/person\/66bc96b9076769d61f47e383ac516439"},"headline":"Lugares secretos em S\u00e3o Paulo escondem o melhor da cidade","datePublished":"2025-05-20T12:38:00+00:00","dateModified":"2025-07-17T14:32:40+00:00","mainEntityOfPage":{"@id":"https:\/\/quantocustaviajar.com\/blog\/lugares-secretos-em-sao-paulo\/"},"wordCount":4110,"commentCount":18,"publisher":{"@id":"https:\/\/quantocustaviajar.com\/blog\/#organization"},"image":{"@id":"https:\/\/quantocustaviajar.com\/blog\/lugares-secretos-em-sao-paulo\/#primaryimage"},"thumbnailUrl":"https:\/\/quantocustaviajar.com\/blog\/wp-content\/uploads\/2019\/05\/lugares-secretos-em-sao-paulo-foto-ana-mello.jpg","keywords":["Centro","dicas","escondido","hist\u00f3rico","jardim","lugares secretos","o que fazer","onde ir","passeios diferentes","restaurantes","saopaulo"],"articleSection":["Artes, Cultura &amp; Divers\u00e3o","Comes &amp; Bebes","Descubra o Brasil","Dica cool"],"inLanguage":"pt-BR","potentialAction":[{"@type":"CommentAction","name":"Comment","target":["https:\/\/quantocustaviajar.com\/blog\/lugares-secretos-em-sao-paulo\/#respond"]}]},{"@type":"WebPage","@id":"https:\/\/quantocustaviajar.com\/blog\/lugares-secretos-em-sao-paulo\/","url":"https:\/\/quantocustaviajar.com\/blog\/lugares-secretos-em-sao-paulo\/","name":"Lugares secretos em S\u00e3o Paulo escondem o melhor da cidade","isPartOf":{"@id":"https:\/\/quantocustaviajar.com\/blog\/#website"},"primaryImageOfPage":{"@id":"https:\/\/quantocustaviajar.com\/blog\/lugares-secretos-em-sao-paulo\/#primaryimage"},"image":{"@id":"https:\/\/quantocustaviajar.com\/blog\/lugares-secretos-em-sao-paulo\/#primaryimage"},"thumbnailUrl":"https:\/\/quantocustaviajar.com\/blog\/wp-content\/uploads\/2019\/05\/lugares-secretos-em-sao-paulo-foto-ana-mello.jpg","datePublished":"2025-05-20T12:38:00+00:00","dateModified":"2025-07-17T14:32:40+00:00","description":"Conhe\u00e7a os lugares secretos de S\u00e3o Paulo que formam um roteiro encantador com atra\u00e7\u00f5es para diferentes idades.","breadcrumb":{"@id":"https:\/\/quantocustaviajar.com\/blog\/lugares-secretos-em-sao-paulo\/#breadcrumb"},"inLanguage":"pt-BR","potentialAction":[{"@type":"ReadAction","target":["https:\/\/quantocustaviajar.com\/blog\/lugares-secretos-em-sao-paulo\/"]}]},{"@type":"BreadcrumbList","@id":"https:\/\/quantocustaviajar.com\/blog\/lugares-secretos-em-sao-paulo\/#breadcrumb","itemListElement":[{"@type":"ListItem","position":1,"name":"In\u00edcio","item":"https:\/\/quantocustaviajar.com\/blog\/"},{"@type":"ListItem","position":2,"name":"Lugares secretos em S\u00e3o Paulo escondem o melhor da cidade"}]},{"@type":"WebSite","@id":"https:\/\/quantocustaviajar.com\/blog\/#website","url":"https:\/\/quantocustaviajar.com\/blog\/","name":"Blog Quanto Custa Viajar","description":"","publisher":{"@id":"https:\/\/quantocustaviajar.com\/blog\/#organization"},"potentialAction":[{"@type":"SearchAction","target":{"@type":"EntryPoint","urlTemplate":"https:\/\/quantocustaviajar.com\/blog\/?s={search_term_string}"},"query-input":{"@type":"PropertyValueSpecification","valueRequired":true,"valueName":"search_term_string"}}],"inLanguage":"pt-BR"},{"@type":"Organization","@id":"https:\/\/quantocustaviajar.com\/blog\/#organization","name":"Quanto Custa Viajar","url":"https:\/\/quantocustaviajar.com\/blog\/","logo":{"@type":"ImageObject","inLanguage":"pt-BR","@id":"https:\/\/quantocustaviajar.com\/blog\/#\/schema\/logo\/image\/","url":"","contentUrl":"","caption":"Quanto Custa Viajar"},"image":{"@id":"https:\/\/quantocustaviajar.com\/blog\/#\/schema\/logo\/image\/"},"sameAs":["https:\/\/www.facebook.com\/quantocustaviajar"]},{"@type":"Person","@id":"https:\/\/quantocustaviajar.com\/blog\/#\/schema\/person\/66bc96b9076769d61f47e383ac516439","name":"Sheila Almendros","image":{"@type":"ImageObject","inLanguage":"pt-BR","@id":"https:\/\/quantocustaviajar.com\/blog\/#\/schema\/person\/image\/","url":"https:\/\/secure.gravatar.com\/avatar\/f38e2f0e4f0d273587e0882ec5d6afa5cd3463efd68233d49b41368144e219b5?s=96&d=mm&r=g","contentUrl":"https:\/\/secure.gravatar.com\/avatar\/f38e2f0e4f0d273587e0882ec5d6afa5cd3463efd68233d49b41368144e219b5?s=96&d=mm&r=g","caption":"Sheila Almendros"},"description":"Jornalista, produtora de conte\u00fado web e apaixonada pelo mundo.","url":"https:\/\/quantocustaviajar.com\/blog\/author\/sheila-almendros\/"}]}},"_links":{"self":[{"href":"https:\/\/quantocustaviajar.com\/blog\/wp-json\/wp\/v2\/posts\/34337","targetHints":{"allow":["GET"]}}],"collection":[{"href":"https:\/\/quantocustaviajar.com\/blog\/wp-json\/wp\/v2\/posts"}],"about":[{"href":"https:\/\/quantocustaviajar.com\/blog\/wp-json\/wp\/v2\/types\/post"}],"author":[{"embeddable":true,"href":"https:\/\/quantocustaviajar.com\/blog\/wp-json\/wp\/v2\/users\/19"}],"replies":[{"embeddable":true,"href":"https:\/\/quantocustaviajar.com\/blog\/wp-json\/wp\/v2\/comments?post=34337"}],"version-history":[{"count":12,"href":"https:\/\/quantocustaviajar.com\/blog\/wp-json\/wp\/v2\/posts\/34337\/revisions"}],"predecessor-version":[{"id":79840,"href":"https:\/\/quantocustaviajar.com\/blog\/wp-json\/wp\/v2\/posts\/34337\/revisions\/79840"}],"wp:featuredmedia":[{"embeddable":true,"href":"https:\/\/quantocustaviajar.com\/blog\/wp-json\/wp\/v2\/media\/34511"}],"wp:attachment":[{"href":"https:\/\/quantocustaviajar.com\/blog\/wp-json\/wp\/v2\/media?parent=34337"}],"wp:term":[{"taxonomy":"category","embeddable":true,"href":"https:\/\/quantocustaviajar.com\/blog\/wp-json\/wp\/v2\/categories?post=34337"},{"taxonomy":"post_tag","embeddable":true,"href":"https:\/\/quantocustaviajar.com\/blog\/wp-json\/wp\/v2\/tags?post=34337"}],"curies":[{"name":"wp","href":"https:\/\/api.w.org\/{rel}","templated":true}]}}