{"id":33980,"date":"2019-05-08T13:19:52","date_gmt":"2019-05-08T13:19:52","guid":{"rendered":"https:\/\/quantocustaviajar.com\/blog\/?p=33980"},"modified":"2019-05-08T13:19:52","modified_gmt":"2019-05-08T13:19:52","slug":"palacio-real-e-catedral-de-madrid","status":"publish","type":"post","link":"https:\/\/quantocustaviajar.com\/blog\/palacio-real-e-catedral-de-madrid\/","title":{"rendered":"Pal\u00e1cio Real e Catedral de Madrid: a mistura perfeita de hist\u00f3ria e arquitetura"},"content":{"rendered":"<p>Viajar para a Espanha \u00e9 a oportunidade de se surpreender a cada esquina. A visita ao<strong> Pal\u00e1cio Real e \u00e0 Catedral de Madrid<\/strong>\u00a0pode ser apenas mais uma destas muitas surpresas que o pa\u00eds reserva, mas certamente ir\u00e1 garantir \u00f3timos momentos.<\/p><div id=\"ez-toc-container\" class=\"ez-toc-v2_0_76 ez-toc-wrap-left counter-hierarchy ez-toc-counter ez-toc-light-blue ez-toc-container-direction\">\n<div class=\"ez-toc-title-container\">\n<p class=\"ez-toc-title\" style=\"cursor:inherit\">Aqui voc\u00ea ir\u00e1 encontrar<\/p>\n<span class=\"ez-toc-title-toggle\"><a href=\"#\" class=\"ez-toc-pull-right ez-toc-btn ez-toc-btn-xs ez-toc-btn-default ez-toc-toggle\" aria-label=\"Alternar tabela de conte\u00fado\"><span class=\"ez-toc-js-icon-con\"><span class=\"\"><span class=\"eztoc-hide\" style=\"display:none;\">Toggle<\/span><span class=\"ez-toc-icon-toggle-span\"><svg style=\"fill: #999;color:#999\" xmlns=\"http:\/\/www.w3.org\/2000\/svg\" class=\"list-377408\" width=\"20px\" height=\"20px\" viewBox=\"0 0 24 24\" fill=\"none\"><path d=\"M6 6H4v2h2V6zm14 0H8v2h12V6zM4 11h2v2H4v-2zm16 0H8v2h12v-2zM4 16h2v2H4v-2zm16 0H8v2h12v-2z\" fill=\"currentColor\"><\/path><\/svg><svg style=\"fill: #999;color:#999\" class=\"arrow-unsorted-368013\" xmlns=\"http:\/\/www.w3.org\/2000\/svg\" width=\"10px\" height=\"10px\" viewBox=\"0 0 24 24\" version=\"1.2\" baseProfile=\"tiny\"><path d=\"M18.2 9.3l-6.2-6.3-6.2 6.3c-.2.2-.3.4-.3.7s.1.5.3.7c.2.2.4.3.7.3h11c.3 0 .5-.1.7-.3.2-.2.3-.5.3-.7s-.1-.5-.3-.7zM5.8 14.7l6.2 6.3 6.2-6.3c.2-.2.3-.5.3-.7s-.1-.5-.3-.7c-.2-.2-.4-.3-.7-.3h-11c-.3 0-.5.1-.7.3-.2.2-.3.5-.3.7s.1.5.3.7z\"\/><\/svg><\/span><\/span><\/span><\/a><\/span><\/div>\n<nav><ul class='ez-toc-list ez-toc-list-level-1 ' ><li class='ez-toc-page-1 ez-toc-heading-level-2'><a class=\"ez-toc-link ez-toc-heading-1\" href=\"https:\/\/quantocustaviajar.com\/blog\/palacio-real-e-catedral-de-madrid\/#Palacio_Real_de_Madrid\" >Pal\u00e1cio Real de Madrid<\/a><ul class='ez-toc-list-level-3' ><li class='ez-toc-heading-level-3'><a class=\"ez-toc-link ez-toc-heading-2\" href=\"https:\/\/quantocustaviajar.com\/blog\/palacio-real-e-catedral-de-madrid\/#Troca_da_Guarda_no_Palacio_Real\" >Troca da Guarda no Pal\u00e1cio Real<\/a><\/li><li class='ez-toc-page-1 ez-toc-heading-level-3'><a class=\"ez-toc-link ez-toc-heading-3\" href=\"https:\/\/quantocustaviajar.com\/blog\/palacio-real-e-catedral-de-madrid\/#Como_chegar_ao_Palacio_Real\" >Como chegar ao Pal\u00e1cio Real?\u00a0<\/a><\/li><li class='ez-toc-page-1 ez-toc-heading-level-3'><a class=\"ez-toc-link ez-toc-heading-4\" href=\"https:\/\/quantocustaviajar.com\/blog\/palacio-real-e-catedral-de-madrid\/#Quanto_custa_visitar_o_Palacio_Real\" >Quanto custa visitar o Pal\u00e1cio Real?<\/a><ul class='ez-toc-list-level-4' ><li class='ez-toc-heading-level-4'><a class=\"ez-toc-link ez-toc-heading-5\" href=\"https:\/\/quantocustaviajar.com\/blog\/palacio-real-e-catedral-de-madrid\/#Quem_tem_acesso_gratuito_ao_Palacio_Real\" >Quem tem acesso gratuito ao Pal\u00e1cio Real<\/a><\/li><\/ul><\/li><\/ul><\/li><li class='ez-toc-page-1 ez-toc-heading-level-2'><a class=\"ez-toc-link ez-toc-heading-6\" href=\"https:\/\/quantocustaviajar.com\/blog\/palacio-real-e-catedral-de-madrid\/#Catedral_de_La_Almudena\" >Catedral de La Almudena<\/a><ul class='ez-toc-list-level-3' ><li class='ez-toc-heading-level-3'><a class=\"ez-toc-link ez-toc-heading-7\" href=\"https:\/\/quantocustaviajar.com\/blog\/palacio-real-e-catedral-de-madrid\/#Como_chegar_a_Catedral\" >Como chegar \u00e0 Catedral?<\/a><\/li><li class='ez-toc-page-1 ez-toc-heading-level-3'><a class=\"ez-toc-link ez-toc-heading-8\" href=\"https:\/\/quantocustaviajar.com\/blog\/palacio-real-e-catedral-de-madrid\/#Quanto_custa_visitar_a_Catedral_de_Madrid\" >Quanto custa visitar a Catedral de Madrid?<\/a><\/li><\/ul><\/li><li class='ez-toc-page-1 ez-toc-heading-level-2'><a class=\"ez-toc-link ez-toc-heading-9\" href=\"https:\/\/quantocustaviajar.com\/blog\/palacio-real-e-catedral-de-madrid\/#Palacio_Real_e_Catedral_de_Madrid_no_mesmo_dia\" >Pal\u00e1cio Real e Catedral de Madrid no mesmo dia<\/a><\/li><\/ul><\/nav><\/div>\n\n<p>As duas atra\u00e7\u00f5es ficam bem pr\u00f3ximas uma da outra e s\u00e3o perfeitas para conhecer em um mesmo dia de passeio. Acorde cedo, tome um bom caf\u00e9 da manh\u00e3, prepare a c\u00e2mera fotogr\u00e1fica e v\u00e1 conhecer estes dois monumentos arquitet\u00f4nicos madrilenses.<\/p>\n<blockquote><p><strong>Vai pra Madrid? <a href=\"https:\/\/quantocustaviajar.com\/passagens-aereas-baratas\/\" target=\"_blank\" rel=\"noopener\">N\u00e3o deixe de pesquisar passagens aqui<\/a>!<\/strong><\/p><\/blockquote>\n<h2><span class=\"ez-toc-section\" id=\"Palacio_Real_de_Madrid\"><\/span>Pal\u00e1cio Real de Madrid<span class=\"ez-toc-section-end\"><\/span><\/h2>\n<p>A resid\u00eancia oficial dos reis da <a href=\"https:\/\/quantocustaviajar.com\/espanha\" target=\"_blank\" rel=\"noopener\">Espanha<\/a> j\u00e1 n\u00e3o \u00e9 habitada pela fam\u00edlia real, mas foi lar de diversos monarcas. De\u00a0Carlos III a Alfonso XIII, o espa\u00e7o recebeu os representantes m\u00e1ximos da coroa mesmo antes de que <a href=\"https:\/\/quantocustaviajar.com\/espanha\/madrid\" target=\"_blank\" rel=\"noopener\">Madrid<\/a> se tornasse a capital do pa\u00eds.<\/p>\n<figure id=\"attachment_33999\" aria-describedby=\"caption-attachment-33999\" style=\"width: 794px\" class=\"wp-caption aligncenter\"><img loading=\"lazy\" decoding=\"async\" class=\"wp-image-33999 size-full\" src=\"https:\/\/quantocustaviajar.com\/blog\/wp-content\/uploads\/2019\/04\/palacio-real-de-madrid-e1556560831232.jpg\" alt=\"\" width=\"794\" height=\"532\" srcset=\"https:\/\/quantocustaviajar.com\/blog\/wp-content\/uploads\/2019\/04\/palacio-real-de-madrid-e1556560831232.jpg 794w, https:\/\/quantocustaviajar.com\/blog\/wp-content\/uploads\/2019\/04\/palacio-real-de-madrid-e1556560831232-300x201.jpg 300w, https:\/\/quantocustaviajar.com\/blog\/wp-content\/uploads\/2019\/04\/palacio-real-de-madrid-e1556560831232-768x515.jpg 768w\" sizes=\"auto, (max-width: 794px) 100vw, 794px\" \/><figcaption id=\"caption-attachment-33999\" class=\"wp-caption-text\"><strong>Pal\u00e1cio Real de Madrid<\/strong>. Foto <a href=\"https:\/\/creativecommons.org\/licenses\/by\/2.0\/deed.es\" target=\"_blank\" rel=\"noopener\">CC BY 2.0<\/a> <a href=\"https:\/\/es.wikipedia.org\/wiki\/Archivo:Palacio_Real_(Madrid)_18.jpg\" target=\"_blank\" rel=\"noopener\">Jean-Pierre Dalb\u00e9ra<\/a><\/figcaption><\/figure>\n<p>O Pal\u00e1cio como se conhece atualmente come\u00e7ou a ser erguido em 1738, quatro anos ap\u00f3s um inc\u00eandio destruir a fortaleza que servia ent\u00e3o de resid\u00eancia real. Foram necess\u00e1rios mais 17 anos para que a constru\u00e7\u00e3o fosse conclu\u00edda.<\/p>\n<p>Uma curiosidade interessante \u00e9 que o edif\u00edcio se inspirou nos esbo\u00e7os feitos por Bernini para o Pal\u00e1cio do <a href=\"https:\/\/quantocustaviajar.com\/blog\/museu-do-louvre-guia\/\">Louvre<\/a>, em <a href=\"https:\/\/quantocustaviajar.com\/franca\/paris\" target=\"_blank\" rel=\"noopener\">Paris<\/a>.<\/p>\n<h3><span class=\"ez-toc-section\" id=\"Troca_da_Guarda_no_Palacio_Real\"><\/span>Troca da Guarda no Pal\u00e1cio Real<span class=\"ez-toc-section-end\"><\/span><\/h3>\n<p>Eu sei, todo mundo adora ir para <a href=\"https:\/\/quantocustaviajar.com\/inglaterra\/londres\" target=\"_blank\" rel=\"noopener\">Londres<\/a> e curtir a troca da guarda por l\u00e1, no maior clim\u00e3o de realeza brit\u00e2nica. Felizmente, \u00e9 poss\u00edvel apreciar um ato similar em plena capital da Espanha &#8211; e o melhor; \u00e9 <strong>gr\u00e1tis<\/strong>!<\/p>\n<p>O Pal\u00e1cio Real \u00e9 a antiga resid\u00eancia dos reis espanh\u00f3is. Hoje em dia, a constru\u00e7\u00e3o \u00e9 usada apenas para cerim\u00f4nias oficiais, mas h\u00e1 um segredo que promete levar os viajantes ao passado \u00e1ureo do Pal\u00e1cio. Ao meio-dia, na primeira quarta-feira de cada m\u00eas (exceto em janeiro, agosto e setembro), ocorre o<strong>\u00a0Relevo Solene da Guarda Real<\/strong>, uma cerim\u00f4nia que reproduz a maneira como a troca de guarda era realizada\u00a0no tempo dos reis Alfonso XII e Alfonso XIII.<\/p>\n<figure id=\"attachment_34002\" aria-describedby=\"caption-attachment-34002\" style=\"width: 800px\" class=\"wp-caption aligncenter\"><img loading=\"lazy\" decoding=\"async\" class=\"wp-image-34002\" src=\"https:\/\/quantocustaviajar.com\/blog\/wp-content\/uploads\/2019\/04\/palacio-real-de-madrid4.jpg\" alt=\"Troca da Guarda no Pal\u00e1cio Real de Madrid. Foto: Divulga\u00e7\u00e3o\" width=\"800\" height=\"406\" srcset=\"https:\/\/quantocustaviajar.com\/blog\/wp-content\/uploads\/2019\/04\/palacio-real-de-madrid4.jpg 660w, https:\/\/quantocustaviajar.com\/blog\/wp-content\/uploads\/2019\/04\/palacio-real-de-madrid4-300x152.jpg 300w\" sizes=\"auto, (max-width: 800px) 100vw, 800px\" \/><figcaption id=\"caption-attachment-34002\" class=\"wp-caption-text\"><strong>Troca da Guarda no Pal\u00e1cio Real de Madrid<\/strong>. Foto: <a href=\"https:\/\/www.esmadrid.com\/pt\/agenda\/relevo-solene-e-troca-da-guarda-do-palacio-real\" target=\"_blank\" rel=\"noopener\">Divulga\u00e7\u00e3o<\/a><\/figcaption><\/figure>\n<p>Se n\u00e3o der sorte de estar na cidade no in\u00edcio do m\u00eas, uma cerim\u00f4nia mais simples, mas nem por isso menos interessante, acontece todas as quartas e s\u00e1bados \u00e0s 11h da manh\u00e3 (exceto em julho e agosto, quando ocorre \u00e0s 10h e \u00e0s 12h), na Porta do Pr\u00edncipe.<\/p>\n<p>Fique atento, visto que<strong> as duas cerim\u00f4nias podem ser canceladas devido ao clima ou \u00e0 realiza\u00e7\u00e3o de algum ato oficial na data<\/strong>. Veja mais informa\u00e7\u00f5es <a href=\"https:\/\/www.esmadrid.com\/pt\/agenda\/relevo-solene-e-troca-da-guarda-do-palacio-real\" target=\"_blank\" rel=\"noopener\">aqui<\/a>.<\/p>\n<blockquote><p><strong>Vai dormir onde? <a href=\"https:\/\/www.booking.com\/searchresults.en-gb.html?aid=2161834&amp;sid=c841f784613a60689a034feb28a1939f&amp;sb=1&amp;src=index&amp;src_elem=sb&amp;error_url=https%3A%2F%2Fwww.booking.com%2Findex.en-gb.html%3Faid%3D2161834%3Bsid%3Dc841f784613a60689a034feb28a1939f%3Bsb_price_type%3Dtotal%26%3B&amp;ss=Madrid%2C+Community+of+Madrid%2C+Spain&amp;is_ski_area=&amp;ssne=Sitges&amp;ssne_untouched=Sitges&amp;checkin_year=&amp;checkin_month=&amp;checkout_year=&amp;checkout_month=&amp;group_adults=2&amp;group_children=0&amp;no_rooms=1&amp;b_h4u_keep_filters=&amp;from_sf=1&amp;ss_raw=madri&amp;ac_position=0&amp;ac_langcode=en&amp;ac_click_type=b&amp;dest_id=-390625&amp;dest_type=city&amp;iata=MAD&amp;place_id_lat=40.416698&amp;place_id_lon=-3.70342&amp;search_pageview_id=d816801bfd850212&amp;search_selected=true&amp;search_pageview_id=d816801bfd850212&amp;ac_suggestion_list_length=5&amp;ac_suggestion_theme_list_length=0\" target=\"_blank\" rel=\"noopener\">Pesquise hot\u00e9is em Madrid<\/a><\/strong><\/p><\/blockquote>\n<h3><span class=\"ez-toc-section\" id=\"Como_chegar_ao_Palacio_Real\"><\/span><strong>Como chegar ao Pal\u00e1cio Real?\u00a0<\/strong><span class=\"ez-toc-section-end\"><\/span><\/h3>\n<p>A maneira mais f\u00e1cil de chegar ao Pal\u00e1cio Real de <a href=\"https:\/\/quantocustaviajar.com\/espanha\/madrid\" target=\"_blank\" rel=\"noopener\">Madrid<\/a> \u00e9 usando o metr\u00f4. Com as linhas 5 ou 2, basta descer na esta\u00e7\u00e3o &#8220;\u00d3pera&#8221;, localizada a poucos metros da entrada do pal\u00e1cio.<\/p>\n<p>De \u00f4nibus, a regi\u00e3o \u00e9 servida pelas linhas 3, 25, 39 e 148. Em compensa\u00e7\u00e3o, quem viaja em trem pode descer na esta\u00e7\u00e3o &#8220;Pr\u00edncipe P\u00edo&#8221; e chegar ao Pal\u00e1cio atravessando os Jardins de Sabatini.<\/p>\n<p><strong>Hor\u00e1rios de abertura:<br \/>\n<\/strong>Outubro a mar\u00e7o, de 10h \u00e0s 18h<br \/>\nAbril a setembro, de 10h \u00e0s 20h<br \/>\n<em>Fechado nos dias 1\u00ba e 6 de janeiro, 1\u00ba de maio e 25 de dezembro<br \/>\nHor\u00e1rios reduzidos nos dias 12 de outubro e 24 e 31 de dezembro\u00a0<\/em><\/p>\n<h3><span class=\"ez-toc-section\" id=\"Quanto_custa_visitar_o_Palacio_Real\"><\/span><strong>Quanto custa visitar o Pal\u00e1cio Real?<\/strong><span class=\"ez-toc-section-end\"><\/span><\/h3>\n<ul>\n<li><strong>De 1\u00ba de abril a 1\u00ba de setembro:<\/strong>\u00a0\u20ac 13 (R$ 57) &#8211; inclui exposi\u00e7\u00e3o<\/li>\n<li><strong>A partir do dia 2 de setembro:<\/strong>\u00a0\u20ac 12\u00a0 (R$ 53) &#8211; inclui exposi\u00e7\u00e3o<\/li>\n<li><strong>Entrada apenas \u00e0 exposi\u00e7\u00e3o:<\/strong>\u00a0\u20ac 5 (R$ 22)<\/li>\n<li><strong>Audioguia (opcional):<\/strong>\u00a0\u20ac 3 (R$ 13)<\/li>\n<li><strong>Visita guiada (opcional):<\/strong>\u00a0\u20ac 4 (R$ 17) por pessoa<\/li>\n<\/ul>\n<p>H\u00e1 descontos para membros de fam\u00edlias numerosas, jovens entre 5 e 16 anos, maiores de 65 anos origin\u00e1rios de pa\u00edses da Uni\u00e3o Europeia ou da comunidade ibero-americana e estudantes de at\u00e9 25 anos. Em todos os casos, \u00e9 necess\u00e1rio apresentar documenta\u00e7\u00e3o correspondente. Veja mais detalhes <a href=\"https:\/\/entradas.patrimonionacional.es\/es-ES\/informacion-recinto\/6\/palacio-real-de-madrid\" target=\"_blank\" rel=\"noopener\">aqui<\/a>.<\/p>\n<figure id=\"attachment_34000\" aria-describedby=\"caption-attachment-34000\" style=\"width: 800px\" class=\"wp-caption aligncenter\"><img loading=\"lazy\" decoding=\"async\" class=\"wp-image-34000 size-full\" src=\"https:\/\/quantocustaviajar.com\/blog\/wp-content\/uploads\/2019\/04\/palacio-real-de-madrid2.jpg\" alt=\"Sala de Refei\u00e7\u00f5es de Gala do Pal\u00e1cio Real. Foto CC BY 3.0 Jose Luis Filpo Cabana\" width=\"800\" height=\"600\" srcset=\"https:\/\/quantocustaviajar.com\/blog\/wp-content\/uploads\/2019\/04\/palacio-real-de-madrid2.jpg 800w, https:\/\/quantocustaviajar.com\/blog\/wp-content\/uploads\/2019\/04\/palacio-real-de-madrid2-300x225.jpg 300w, https:\/\/quantocustaviajar.com\/blog\/wp-content\/uploads\/2019\/04\/palacio-real-de-madrid2-768x576.jpg 768w\" sizes=\"auto, (max-width: 800px) 100vw, 800px\" \/><figcaption id=\"caption-attachment-34000\" class=\"wp-caption-text\"><strong>Sala de Refei\u00e7\u00f5es de Gala do Pal\u00e1cio Real<\/strong>. Foto <a href=\"https:\/\/creativecommons.org\/licenses\/by\/3.0\/\" target=\"_blank\" rel=\"noopener\">CC BY 3.0<\/a> <a href=\"https:\/\/pt.wikipedia.org\/wiki\/Pal%C3%A1cio_Real_de_Madrid#\/media\/File:Comedor_de_Gala._Palacio_Real_de_Madrid.jpg\" target=\"_blank\" rel=\"noopener\">Jose Luis Filpo Cabana<\/a><\/figcaption><\/figure>\n<h4><span class=\"ez-toc-section\" id=\"Quem_tem_acesso_gratuito_ao_Palacio_Real\"><\/span><strong>Quem tem acesso gratuito ao Pal\u00e1cio Real<\/strong><span class=\"ez-toc-section-end\"><\/span><\/h4>\n<p>Cidad\u00e3os ibero-americanos e da Uni\u00e3o Europeia podem visitar o espa\u00e7o gratuitamente de segunda a quinta, das 16h \u00e0s 18h entre outubro e mar\u00e7o; e das 18h \u00e0s 20h entre abril e setembro.<\/p>\n<p>Veja outras pessoas podem usufruir da entrada gratuita:<\/p>\n<ul>\n<li>Menores de 5 anos<\/li>\n<li>Fam\u00edlias numerosas (m\u00ednimo 4 pessoas) da Uni\u00e3o Europeia ou de pa\u00edses ibero-americanos<\/li>\n<li>Membros do conselho nacional de museus<\/li>\n<li>Guias oficiais de turismo<\/li>\n<li>Professores<\/li>\n<li>Pessoas com defici\u00eancia<\/li>\n<li>Pessoas em situa\u00e7\u00e3o legal de desemprego na <a href=\"https:\/\/quantocustaviajar.com\/espanha\" target=\"_blank\" rel=\"noopener\">Espanha<\/a><\/li>\n<\/ul>\n<p>Em todos os casos, \u00e9 necess\u00e1rio apresentar documenta\u00e7\u00e3o correspondente. Veja mais detalhes <a href=\"https:\/\/entradas.patrimonionacional.es\/es-ES\/informacion-recinto\/6\/palacio-real-de-madrid\" target=\"_blank\" rel=\"noopener\">aqui<\/a>.<\/p>\n<h2><span class=\"ez-toc-section\" id=\"Catedral_de_La_Almudena\"><\/span>Catedral de La Almudena<span class=\"ez-toc-section-end\"><\/span><\/h2>\n<p>Talvez voc\u00ea conhe\u00e7a essa mesm\u00edssima constru\u00e7\u00e3o com outro nome, visto que o mais comum \u00e9 encontrar quem a chame de Catedral de <a href=\"https:\/\/quantocustaviajar.com\/espanha\/madrid\" target=\"_blank\" rel=\"noopener\">Madrid<\/a>. Mesmo assim, o nome \u00e9 o que menos importa diante de um edif\u00edcio com uma hist\u00f3ria t\u00e3o marcante.<\/p>\n<p>Os primeiros esbo\u00e7os para a constru\u00e7\u00e3o desta igreja datam de 1879, mas sua pedra fundamental s\u00f3 foi colocada quatro anos depois. Se a princ\u00edpio ela deveria ser uma simples igreja, uma bula papal de 1885 criou a\u00a0Diocese de Madrid-Alcal\u00e1 e os planos tiveram que mudar: ali se ergueria uma catedral.<\/p>\n<figure id=\"attachment_34004\" aria-describedby=\"caption-attachment-34004\" style=\"width: 960px\" class=\"wp-caption aligncenter\"><img loading=\"lazy\" decoding=\"async\" class=\"wp-image-34004 size-full\" src=\"https:\/\/quantocustaviajar.com\/blog\/wp-content\/uploads\/2019\/04\/catedral-de-madrid2.jpg\" alt=\"Catedral de Madrid. Foto: ddzphoto\" width=\"960\" height=\"640\" srcset=\"https:\/\/quantocustaviajar.com\/blog\/wp-content\/uploads\/2019\/04\/catedral-de-madrid2.jpg 960w, https:\/\/quantocustaviajar.com\/blog\/wp-content\/uploads\/2019\/04\/catedral-de-madrid2-300x200.jpg 300w, https:\/\/quantocustaviajar.com\/blog\/wp-content\/uploads\/2019\/04\/catedral-de-madrid2-768x512.jpg 768w\" sizes=\"auto, (max-width: 960px) 100vw, 960px\" \/><figcaption id=\"caption-attachment-34004\" class=\"wp-caption-text\">Catedral de Madrid. Foto: <a href=\"https:\/\/pixabay.com\/es\/photos\/catedral-almudena-madrid-espa%C3%B1a-3463324\/\" target=\"_blank\" rel=\"noopener\">ddzphoto<\/a><\/figcaption><\/figure>\n<p>Entretanto, outros percal\u00e7os iriam permear a hist\u00f3ria do edif\u00edcio, que deveria ser constru\u00eddo com os esfor\u00e7os do povo. Como as doa\u00e7\u00f5es eram poucas, a obra foi se arrastando no tempo, at\u00e9 que tiveram que ser interrompidas devido \u00e0 Guerra Civil Espanhola. Sua constru\u00e7\u00e3o \u00e9 retomada apenas em 1939. Sempre marcada por disc\u00f3rdias e falta de recursos, as obras da Catedral s\u00f3 foram consideradas como conclu\u00eddas em 1993!<\/p>\n<h3><span class=\"ez-toc-section\" id=\"Como_chegar_a_Catedral\"><\/span>Como chegar \u00e0 Catedral?<span class=\"ez-toc-section-end\"><\/span><\/h3>\n<p>De metr\u00f4, as linhas 2 e 5 deixam voc\u00ea na esta\u00e7\u00e3o &#8220;\u00d3pera&#8221;, que fica a uma curta caminhada da entrada da Catedral. Os \u00f4nibus 3 e 148 tamb\u00e9m param pertinho dali. Em trem, chamado de Cercan\u00edas, a parada mais pr\u00f3xima \u00e9 a &#8220;Madrid-Sol&#8221; e as linhas 3 e 4 passam no local.<\/p>\n<p><strong>Hor\u00e1rios de abertura:<br \/>\n<\/strong>De segunda a domingo, das 9h \u00e0s 20h30<br \/>\nNos meses de julho e agosto, os hor\u00e1rios s\u00e3o alterados e as visitas ocorrem das 10h \u00e0s 21h<br \/>\n<em>A catedral n\u00e3o pode ser visitada durante as celebra\u00e7\u00f5es lit\u00fargicas<\/em><\/p>\n<blockquote><p><a href=\"https:\/\/quantocustaviajar.com\/blog\/roteiro-pela-espanha-viagem\/\" target=\"_blank\" rel=\"noopener\"><strong>Roteiro pela Espanha: 5 regi\u00f5es emblem\u00e1ticas em uma \u00fanica viagem<\/strong><\/a><\/p><\/blockquote>\n<figure id=\"attachment_34003\" aria-describedby=\"caption-attachment-34003\" style=\"width: 800px\" class=\"wp-caption aligncenter\"><img loading=\"lazy\" decoding=\"async\" class=\"wp-image-34003 size-full\" src=\"https:\/\/quantocustaviajar.com\/blog\/wp-content\/uploads\/2019\/04\/catedral-de-madrid.jpg\" alt=\"Pal\u00e1cio Real e Catedral de Madrid\" width=\"800\" height=\"531\" srcset=\"https:\/\/quantocustaviajar.com\/blog\/wp-content\/uploads\/2019\/04\/catedral-de-madrid.jpg 800w, https:\/\/quantocustaviajar.com\/blog\/wp-content\/uploads\/2019\/04\/catedral-de-madrid-300x199.jpg 300w, https:\/\/quantocustaviajar.com\/blog\/wp-content\/uploads\/2019\/04\/catedral-de-madrid-768x510.jpg 768w\" sizes=\"auto, (max-width: 800px) 100vw, 800px\" \/><figcaption id=\"caption-attachment-34003\" class=\"wp-caption-text\">Catedral de Madrid. Foto <a href=\"https:\/\/creativecommons.org\/licenses\/by-sa\/2.5\/deed.es\" target=\"_blank\" rel=\"noopener\">CC BY-SA 2.5<\/a> <a href=\"https:\/\/es.wikipedia.org\/wiki\/Archivo:Catedral_de_la_Almudena-Madrid-Nocturna.jpg\" target=\"_blank\" rel=\"noopener\">Barcex<\/a><\/figcaption><\/figure>\n<h3><span class=\"ez-toc-section\" id=\"Quanto_custa_visitar_a_Catedral_de_Madrid\"><\/span><strong>Quanto custa visitar a Catedral de Madrid?<\/strong><span class=\"ez-toc-section-end\"><\/span><\/h3>\n<p>A visita \u00e0 Catedral \u00e9 gratuita, mas se solicita a doa\u00e7\u00e3o de\u00a0\u20ac 1 (cerca de R$ 4,50), que s\u00e3o destinados\u00a0\u00e0 manuten\u00e7\u00e3o do edif\u00edcio.<\/p>\n<p>Al\u00e9m disso, para acessar o museu, \u00e9 necess\u00e1rio pagar uma entrada no valor de\u00a0\u20ac 6, o equivalente a R$ 26.<\/p>\n<h2><span class=\"ez-toc-section\" id=\"Palacio_Real_e_Catedral_de_Madrid_no_mesmo_dia\"><\/span>Pal\u00e1cio Real e Catedral de Madrid no mesmo dia<span class=\"ez-toc-section-end\"><\/span><\/h2>\n<p>Por estarem muito pr\u00f3ximas, as duas atra\u00e7\u00f5es podem ser visitadas no mesmo dia. Se puder escolher, comece o passeio numa <strong>quarta-feira<\/strong>, durante a troca da guarda. Chegue a tempo para a cerim\u00f4nia e siga direto para a visita ao Pal\u00e1cio Real, que costuma levar cerca de duas horas.<\/p>\n<p>Ao finalizar o passeio, siga para a Catedral de Madrid, sempre tomando cuidado para n\u00e3o coincidir com os hor\u00e1rios das missas.\u00a0Se sobrar tempo no final do dia, a dica \u00e9 correr para n\u00e3o perder o p\u00f4r do sol no<strong> Templo de Debod<\/strong>, localizado a uma curta dist\u00e2ncia das atra\u00e7\u00f5es. N\u00f3s falamos mais sobre esse lugar m\u00e1gico no post que fizemos sobre\u00a0<a href=\"https:\/\/quantocustaviajar.com\/blog\/lugares-para-conhecer-em-madrid\/\" target=\"_blank\" rel=\"noopener\">10 lugares maravilhosos para conhecer em Madrid<\/a>.<\/p>\n","protected":false},"excerpt":{"rendered":"<p>Viajar para a Espanha \u00e9 a oportunidade de se surpreender a cada esquina. A visita ao Pal\u00e1cio Real e \u00e0 Catedral de Madrid\u00a0pode ser apenas mais uma destas muitas surpresas que o pa\u00eds reserva, mas certamente ir\u00e1 garantir \u00f3timos momentos. As duas atra\u00e7\u00f5es ficam bem pr\u00f3ximas uma da outra e s\u00e3o perfeitas para conhecer em [&hellip;]<\/p>\n","protected":false},"author":12,"featured_media":34001,"comment_status":"open","ping_status":"open","sticky":false,"template":"","format":"standard","meta":{"cybocfi_hide_featured_image":"","footnotes":""},"categories":[1436],"tags":[79,135,62,76,78,18,1454,61,321],"class_list":["post-33980","post","type-post","status-publish","format-standard","has-post-thumbnail","hentry","category-artes-cultura-diversao","tag-arquitetura","tag-atracoes","tag-cultura","tag-curiosidade","tag-espanha","tag-europa","tag-madrid","tag-museu","tag-passeios"],"blocksy_meta":[],"yoast_head":"<!-- This site is optimized with the Yoast SEO plugin v26.3 - https:\/\/yoast.com\/wordpress\/plugins\/seo\/ -->\n<title>Pal\u00e1cio Real e Catedral de Madrid: mescla perfeita de hist\u00f3ria e arquitetura<\/title>\n<meta name=\"description\" content=\"Conhecer o Pal\u00e1cio Real e Catedral de Madrid \u00e9 fazer um mergulho pela hist\u00f3ria e arquitetura da capital da Espanha. Vamos?\" \/>\n<meta name=\"robots\" content=\"index, follow, max-snippet:-1, max-image-preview:large, max-video-preview:-1\" \/>\n<link rel=\"canonical\" href=\"https:\/\/quantocustaviajar.com\/blog\/palacio-real-e-catedral-de-madrid\/\" \/>\n<meta property=\"og:locale\" content=\"pt_BR\" \/>\n<meta property=\"og:type\" content=\"article\" \/>\n<meta property=\"og:title\" content=\"Pal\u00e1cio Real e Catedral de Madrid: mescla perfeita de hist\u00f3ria e arquitetura\" \/>\n<meta property=\"og:description\" content=\"Conhecer o Pal\u00e1cio Real e Catedral de Madrid \u00e9 fazer um mergulho pela hist\u00f3ria e arquitetura da capital da Espanha. Vamos?\" \/>\n<meta property=\"og:url\" content=\"https:\/\/quantocustaviajar.com\/blog\/palacio-real-e-catedral-de-madrid\/\" \/>\n<meta property=\"og:site_name\" content=\"Blog Quanto Custa Viajar\" \/>\n<meta property=\"article:publisher\" content=\"https:\/\/www.facebook.com\/quantocustaviajar\" \/>\n<meta property=\"article:published_time\" content=\"2019-05-08T13:19:52+00:00\" \/>\n<meta property=\"og:image\" content=\"https:\/\/quantocustaviajar.com\/blog\/wp-content\/uploads\/2019\/04\/palacio-real-de-madrid3.jpg\" \/>\n\t<meta property=\"og:image:width\" content=\"1023\" \/>\n\t<meta property=\"og:image:height\" content=\"626\" \/>\n\t<meta property=\"og:image:type\" content=\"image\/jpeg\" \/>\n<meta name=\"author\" content=\"Mari Dutra\" \/>\n<meta name=\"twitter:card\" content=\"summary_large_image\" \/>\n<meta name=\"twitter:creator\" content=\"@quasenomade\" \/>\n<meta name=\"twitter:label1\" content=\"Escrito por\" \/>\n\t<meta name=\"twitter:data1\" content=\"Mari Dutra\" \/>\n\t<meta name=\"twitter:label2\" content=\"Est. tempo de leitura\" \/>\n\t<meta name=\"twitter:data2\" content=\"7 minutos\" \/>\n<!-- \/ Yoast SEO plugin. -->","yoast_head_json":{"title":"Pal\u00e1cio Real e Catedral de Madrid: mescla perfeita de hist\u00f3ria e arquitetura","description":"Conhecer o Pal\u00e1cio Real e Catedral de Madrid \u00e9 fazer um mergulho pela hist\u00f3ria e arquitetura da capital da Espanha. Vamos?","robots":{"index":"index","follow":"follow","max-snippet":"max-snippet:-1","max-image-preview":"max-image-preview:large","max-video-preview":"max-video-preview:-1"},"canonical":"https:\/\/quantocustaviajar.com\/blog\/palacio-real-e-catedral-de-madrid\/","og_locale":"pt_BR","og_type":"article","og_title":"Pal\u00e1cio Real e Catedral de Madrid: mescla perfeita de hist\u00f3ria e arquitetura","og_description":"Conhecer o Pal\u00e1cio Real e Catedral de Madrid \u00e9 fazer um mergulho pela hist\u00f3ria e arquitetura da capital da Espanha. Vamos?","og_url":"https:\/\/quantocustaviajar.com\/blog\/palacio-real-e-catedral-de-madrid\/","og_site_name":"Blog Quanto Custa Viajar","article_publisher":"https:\/\/www.facebook.com\/quantocustaviajar","article_published_time":"2019-05-08T13:19:52+00:00","og_image":[{"width":1023,"height":626,"url":"https:\/\/quantocustaviajar.com\/blog\/wp-content\/uploads\/2019\/04\/palacio-real-de-madrid3.jpg","type":"image\/jpeg"}],"author":"Mari Dutra","twitter_card":"summary_large_image","twitter_creator":"@quasenomade","twitter_misc":{"Escrito por":"Mari Dutra","Est. tempo de leitura":"7 minutos"},"schema":{"@context":"https:\/\/schema.org","@graph":[{"@type":["Article","BlogPosting"],"@id":"https:\/\/quantocustaviajar.com\/blog\/palacio-real-e-catedral-de-madrid\/#article","isPartOf":{"@id":"https:\/\/quantocustaviajar.com\/blog\/palacio-real-e-catedral-de-madrid\/"},"author":{"name":"Mari Dutra","@id":"https:\/\/quantocustaviajar.com\/blog\/#\/schema\/person\/cf1309504837a3099648280049df8d0d"},"headline":"Pal\u00e1cio Real e Catedral de Madrid: a mistura perfeita de hist\u00f3ria e arquitetura","datePublished":"2019-05-08T13:19:52+00:00","mainEntityOfPage":{"@id":"https:\/\/quantocustaviajar.com\/blog\/palacio-real-e-catedral-de-madrid\/"},"wordCount":1326,"commentCount":0,"publisher":{"@id":"https:\/\/quantocustaviajar.com\/blog\/#organization"},"image":{"@id":"https:\/\/quantocustaviajar.com\/blog\/palacio-real-e-catedral-de-madrid\/#primaryimage"},"thumbnailUrl":"https:\/\/quantocustaviajar.com\/blog\/wp-content\/uploads\/2019\/04\/palacio-real-de-madrid3.jpg","keywords":["arquitetura","atra\u00e7\u00f5es","cultura","curiosidade","espanha","europa","madrid","museu","passeios"],"articleSection":["Artes, Cultura &amp; Divers\u00e3o"],"inLanguage":"pt-BR","potentialAction":[{"@type":"CommentAction","name":"Comment","target":["https:\/\/quantocustaviajar.com\/blog\/palacio-real-e-catedral-de-madrid\/#respond"]}]},{"@type":"WebPage","@id":"https:\/\/quantocustaviajar.com\/blog\/palacio-real-e-catedral-de-madrid\/","url":"https:\/\/quantocustaviajar.com\/blog\/palacio-real-e-catedral-de-madrid\/","name":"Pal\u00e1cio Real e Catedral de Madrid: mescla perfeita de hist\u00f3ria e arquitetura","isPartOf":{"@id":"https:\/\/quantocustaviajar.com\/blog\/#website"},"primaryImageOfPage":{"@id":"https:\/\/quantocustaviajar.com\/blog\/palacio-real-e-catedral-de-madrid\/#primaryimage"},"image":{"@id":"https:\/\/quantocustaviajar.com\/blog\/palacio-real-e-catedral-de-madrid\/#primaryimage"},"thumbnailUrl":"https:\/\/quantocustaviajar.com\/blog\/wp-content\/uploads\/2019\/04\/palacio-real-de-madrid3.jpg","datePublished":"2019-05-08T13:19:52+00:00","description":"Conhecer o Pal\u00e1cio Real e Catedral de Madrid \u00e9 fazer um mergulho pela hist\u00f3ria e arquitetura da capital da Espanha. Vamos?","breadcrumb":{"@id":"https:\/\/quantocustaviajar.com\/blog\/palacio-real-e-catedral-de-madrid\/#breadcrumb"},"inLanguage":"pt-BR","potentialAction":[{"@type":"ReadAction","target":["https:\/\/quantocustaviajar.com\/blog\/palacio-real-e-catedral-de-madrid\/"]}]},{"@type":"ImageObject","inLanguage":"pt-BR","@id":"https:\/\/quantocustaviajar.com\/blog\/palacio-real-e-catedral-de-madrid\/#primaryimage","url":"https:\/\/quantocustaviajar.com\/blog\/wp-content\/uploads\/2019\/04\/palacio-real-de-madrid3.jpg","contentUrl":"https:\/\/quantocustaviajar.com\/blog\/wp-content\/uploads\/2019\/04\/palacio-real-de-madrid3.jpg","width":1023,"height":626,"caption":"Pal\u00e1cio Real de Madrid. Foto CC BY 2.0 Fernando Garc\u00eda Redondo, dispon\u00edvel em https:\/\/www.flickr.com\/photos\/fgr1986\/6998062835"},{"@type":"BreadcrumbList","@id":"https:\/\/quantocustaviajar.com\/blog\/palacio-real-e-catedral-de-madrid\/#breadcrumb","itemListElement":[{"@type":"ListItem","position":1,"name":"In\u00edcio","item":"https:\/\/quantocustaviajar.com\/blog\/"},{"@type":"ListItem","position":2,"name":"Pal\u00e1cio Real e Catedral de Madrid: a mistura perfeita de hist\u00f3ria e arquitetura"}]},{"@type":"WebSite","@id":"https:\/\/quantocustaviajar.com\/blog\/#website","url":"https:\/\/quantocustaviajar.com\/blog\/","name":"Blog Quanto Custa Viajar","description":"","publisher":{"@id":"https:\/\/quantocustaviajar.com\/blog\/#organization"},"potentialAction":[{"@type":"SearchAction","target":{"@type":"EntryPoint","urlTemplate":"https:\/\/quantocustaviajar.com\/blog\/?s={search_term_string}"},"query-input":{"@type":"PropertyValueSpecification","valueRequired":true,"valueName":"search_term_string"}}],"inLanguage":"pt-BR"},{"@type":"Organization","@id":"https:\/\/quantocustaviajar.com\/blog\/#organization","name":"Quanto Custa Viajar","url":"https:\/\/quantocustaviajar.com\/blog\/","logo":{"@type":"ImageObject","inLanguage":"pt-BR","@id":"https:\/\/quantocustaviajar.com\/blog\/#\/schema\/logo\/image\/","url":"","contentUrl":"","caption":"Quanto Custa Viajar"},"image":{"@id":"https:\/\/quantocustaviajar.com\/blog\/#\/schema\/logo\/image\/"},"sameAs":["https:\/\/www.facebook.com\/quantocustaviajar"]},{"@type":"Person","@id":"https:\/\/quantocustaviajar.com\/blog\/#\/schema\/person\/cf1309504837a3099648280049df8d0d","name":"Mari Dutra","image":{"@type":"ImageObject","inLanguage":"pt-BR","@id":"https:\/\/quantocustaviajar.com\/blog\/#\/schema\/person\/image\/","url":"https:\/\/secure.gravatar.com\/avatar\/2997bb527ae39d049d9eb8d6c54262bd37451dfd0dba672807ddfae6c8e86713?s=96&d=mm&r=g","contentUrl":"https:\/\/secure.gravatar.com\/avatar\/2997bb527ae39d049d9eb8d6c54262bd37451dfd0dba672807ddfae6c8e86713?s=96&d=mm&r=g","caption":"Mari Dutra"},"description":"Puxa uma cadeira, porque eu amo falar sobre viagens, sustentabilidade e doguinhos n\u00f4mades. Tamb\u00e9m no Instagram e no Quase N\u00f4made.","sameAs":["http:\/\/quasenomade.com","https:\/\/www.instagram.com\/quasenomade\/","https:\/\/br.pinterest.com\/quasenomade\/","https:\/\/x.com\/quasenomade"],"url":"https:\/\/quantocustaviajar.com\/blog\/author\/mari-dutra\/"}]}},"_links":{"self":[{"href":"https:\/\/quantocustaviajar.com\/blog\/wp-json\/wp\/v2\/posts\/33980","targetHints":{"allow":["GET"]}}],"collection":[{"href":"https:\/\/quantocustaviajar.com\/blog\/wp-json\/wp\/v2\/posts"}],"about":[{"href":"https:\/\/quantocustaviajar.com\/blog\/wp-json\/wp\/v2\/types\/post"}],"author":[{"embeddable":true,"href":"https:\/\/quantocustaviajar.com\/blog\/wp-json\/wp\/v2\/users\/12"}],"replies":[{"embeddable":true,"href":"https:\/\/quantocustaviajar.com\/blog\/wp-json\/wp\/v2\/comments?post=33980"}],"version-history":[{"count":11,"href":"https:\/\/quantocustaviajar.com\/blog\/wp-json\/wp\/v2\/posts\/33980\/revisions"}],"predecessor-version":[{"id":34256,"href":"https:\/\/quantocustaviajar.com\/blog\/wp-json\/wp\/v2\/posts\/33980\/revisions\/34256"}],"wp:featuredmedia":[{"embeddable":true,"href":"https:\/\/quantocustaviajar.com\/blog\/wp-json\/wp\/v2\/media\/34001"}],"wp:attachment":[{"href":"https:\/\/quantocustaviajar.com\/blog\/wp-json\/wp\/v2\/media?parent=33980"}],"wp:term":[{"taxonomy":"category","embeddable":true,"href":"https:\/\/quantocustaviajar.com\/blog\/wp-json\/wp\/v2\/categories?post=33980"},{"taxonomy":"post_tag","embeddable":true,"href":"https:\/\/quantocustaviajar.com\/blog\/wp-json\/wp\/v2\/tags?post=33980"}],"curies":[{"name":"wp","href":"https:\/\/api.w.org\/{rel}","templated":true}]}}