{"id":33758,"date":"2019-04-26T14:54:49","date_gmt":"2019-04-26T14:54:49","guid":{"rendered":"https:\/\/quantocustaviajar.com\/blog\/?p=33758"},"modified":"2023-07-06T14:26:00","modified_gmt":"2023-07-06T14:26:00","slug":"praias-de-arraial-do-cabo-rio-de-janeiro","status":"publish","type":"post","link":"https:\/\/quantocustaviajar.com\/blog\/praias-de-arraial-do-cabo-rio-de-janeiro\/","title":{"rendered":"7 praias de Arraial do Cabo para se apaixonar ainda mais pelo litoral fluminense"},"content":{"rendered":"<p>Azul-turquesa, azul-beb\u00ea, verde-\u00e1gua, azul-piscina&#8230; As \u00e1guas das praias de Arraial do Cabo t\u00eam cores de caixa de l\u00e1pis de cor! Quem procura um lugar paradis\u00edaco para viajar, sem d\u00favidas, pode colocar esse peda\u00e7o do litoral fluminense na lista para conhecer pelo menos uma vez na vida.<\/p>\n<p>Localizada a 165 km do <a href=\"https:\/\/quantocustaviajar.com\/brasil\/rio-de-janeiro\" target=\"_blank\" rel=\"noopener\"><strong>Rio de Janeiro<\/strong><\/a>, <strong><a href=\"https:\/\/quantocustaviajar.com\/brasil\/arraial-do-cabo\" target=\"_blank\" rel=\"noopener\">Arraial do Cabo<\/a><\/strong> tem acesso f\u00e1cil. Voc\u00ea pode ir de avi\u00e3o at\u00e9 a capital e, de l\u00e1, <a href=\"https:\/\/www.rentcars.com\/?requestorid=52\" target=\"_blank\" rel=\"noopener\"><strong>alugar um carro<\/strong><\/a> e seguir para Arraial.<\/p>\n<blockquote><p><strong><a href=\"https:\/\/quantocustaviajar.com\/brasil\/arraial-do-cabo\/passagem-aerea\" target=\"_blank\" rel=\"noopener\">Pesquise promo\u00e7\u00f5es de passagens a\u00e9reas para o Rio de Janeiro aqui!<\/a> <\/strong><\/p><\/blockquote>\n<h2>Praias de Arraial do Cabo<\/h2>\n<p>O destino \u00e9 realmente considerado um <a href=\"https:\/\/quantocustaviajar.com\/blog\/conheca-praias-que-sao-consideradas-os-caribes-brasileiros\/\" target=\"_blank\" rel=\"noopener\"><strong>Caribe brasileiro<\/strong><\/a>, j\u00e1 que n\u00e3o deixa nenhum pouco a desejar com <a href=\"https:\/\/quantocustaviajar.com\/blog\/aguas-cristalinas-no-brasil\/\" target=\"_blank\" rel=\"noopener\"><strong>\u00e1guas cristalinas<\/strong><\/a> que praticamente s\u00e3o emolduradas pela areia branca fininha e a vegeta\u00e7\u00e3o ao redor.<\/p>\n<p>Saiba mais sobre as praias de <a href=\"https:\/\/quantocustaviajar.com\/brasil\/arraial-do-cabo\" target=\"_blank\" rel=\"noopener\"><strong>Arraial do Cabo<\/strong><\/a>!<\/p>\n<p><strong>1. Prainha<\/strong><\/p>\n<figure id=\"attachment_33759\" aria-describedby=\"caption-attachment-33759\" style=\"width: 800px\" class=\"wp-caption aligncenter\"><img loading=\"lazy\" decoding=\"async\" class=\"size-full wp-image-33759\" src=\"https:\/\/quantocustaviajar.com\/blog\/wp-content\/uploads\/2019\/04\/praias-de-arraial-do-cabo-prainha.jpg\" alt=\"praias de arraial do cabo\" width=\"800\" height=\"561\" srcset=\"https:\/\/quantocustaviajar.com\/blog\/wp-content\/uploads\/2019\/04\/praias-de-arraial-do-cabo-prainha.jpg 800w, https:\/\/quantocustaviajar.com\/blog\/wp-content\/uploads\/2019\/04\/praias-de-arraial-do-cabo-prainha-300x210.jpg 300w, https:\/\/quantocustaviajar.com\/blog\/wp-content\/uploads\/2019\/04\/praias-de-arraial-do-cabo-prainha-768x539.jpg 768w\" sizes=\"auto, (max-width: 800px) 100vw, 800px\" \/><figcaption id=\"caption-attachment-33759\" class=\"wp-caption-text\">Foto: <a href=\"https:\/\/pt.wikipedia.org\/wiki\/Ficheiro:Prainha_Arraial_do_Cabo.jpg\" target=\"_blank\" rel=\"noopener\">Wikimedia Commons<\/a><\/figcaption><\/figure>\n<p>Por ser uma das praias com o acesso mais f\u00e1cil em Arraial do Cabo, a Prainha est\u00e1 sempre movimentada. O visual \u00e9 apaixonante, com areia branquinha e mar azul de tirar o f\u00f4lego.<\/p>\n<p>Por l\u00e1, existem muitos quiosques e restaurantes, o que acaba sendo \u00f3timo para petiscar na areia, al\u00e9m de ter uma boa oferta de cadeiras e guarda-sol para alugar.<\/p>\n<p><strong>Onde se hospedar perto da Prainha?<\/strong><\/p>\n<p>A regi\u00e3o da Prainha \u00e9 uma das melhores para se hospedar em Arraial do Cabo, at\u00e9 mesmo porque fica perto do terminal rodovi\u00e1rio. Tem op\u00e7\u00e3o de hotel e pousada para todos os gostos!<\/p>\n<p>Quem quiser ficar de frente para o mar pode se hospedar no <strong><a href=\"https:\/\/www.booking.com\/hotel\/br\/ocean-view-arraial.pt-br.html?aid=2161834\" target=\"_blank\" rel=\"noopener\">Ocean View Hotel<\/a><\/strong>, com di\u00e1rias a partir de R$ 290. Quem procura algo mais sofisticado pode apostar na fant\u00e1stica <strong><a href=\"https:\/\/www.booking.com\/hotel\/br\/pousada-da-prainha.pt-br.html?aid=2161834\" target=\"_blank\" rel=\"noopener\">Pousada da Prainha<\/a><\/strong> que n\u00e3o vai se arrepender.<\/p>\n<p><strong>2. Praia dos Anjos<\/strong><\/p>\n<figure id=\"attachment_33760\" aria-describedby=\"caption-attachment-33760\" style=\"width: 800px\" class=\"wp-caption aligncenter\"><img loading=\"lazy\" decoding=\"async\" class=\"size-full wp-image-33760\" src=\"https:\/\/quantocustaviajar.com\/blog\/wp-content\/uploads\/2019\/04\/praias-de-arraial-do-cabo-praia-dos-anjos.jpg\" alt=\"praias de arraial do cabo\" width=\"800\" height=\"531\" srcset=\"https:\/\/quantocustaviajar.com\/blog\/wp-content\/uploads\/2019\/04\/praias-de-arraial-do-cabo-praia-dos-anjos.jpg 800w, https:\/\/quantocustaviajar.com\/blog\/wp-content\/uploads\/2019\/04\/praias-de-arraial-do-cabo-praia-dos-anjos-300x199.jpg 300w, https:\/\/quantocustaviajar.com\/blog\/wp-content\/uploads\/2019\/04\/praias-de-arraial-do-cabo-praia-dos-anjos-768x510.jpg 768w\" sizes=\"auto, (max-width: 800px) 100vw, 800px\" \/><figcaption id=\"caption-attachment-33760\" class=\"wp-caption-text\">Foto: <a href=\"https:\/\/commons.wikimedia.org\/wiki\/File:Praia_dos_Anjos.JPG\" target=\"_blank\" rel=\"noopener\">Wikimedia Commons<\/a><\/figcaption><\/figure>\n<p>Dentre as praias de Arraial do Cabo, a Praia dos Anjos \u00e9 a que fica mais pertinho do centro da cidade. Muitos barcos que oferecem passeios pela cidade saem de l\u00e1 e, por ser uma regi\u00e3o mais portu\u00e1ria, os banhistas nem sempre aproveitam o mar digno de para\u00edso caribenho.<\/p>\n<p><strong>Onde se hospedar perto da Praia dos Anjos?<\/strong><\/p>\n<p>Mais uma regi\u00e3o \u00f3tima para ficar em Arraial do Cabo. A oferta de hot\u00e9is e pousadas \u00e9 grande, tudo vai depender de quanto voc\u00ea pode gastar. Boas op\u00e7\u00f5es s\u00e3o:<\/p>\n<ul>\n<li><strong><a href=\"https:\/\/www.booking.com\/hotel\/br\/acquarela-hostel-arraial-do-cabo.pt-br.html?aid=2161834\" target=\"_blank\" rel=\"noopener\">Acquarela Hostel<\/a><\/strong>, com di\u00e1rias a partir de R$ 50 com caf\u00e9 da manh\u00e3 incluso.<\/li>\n<li><strong><a href=\"https:\/\/www.booking.com\/hotel\/br\/pousada-recanto-do-arraial.pt-br.html?aid=2161834\" target=\"_blank\" rel=\"noopener\">Pousada Recanto do Arraial<\/a><\/strong>, com di\u00e1rias a partir de R$ 160 com caf\u00e9 da manh\u00e3 incluso.<\/li>\n<li><strong><a href=\"https:\/\/www.booking.com\/hotel\/br\/pousada-do-capitao-arraial-do-cabo.pt-br.html?aid=2161834\" target=\"_blank\" rel=\"noopener\">Pousada do Capit\u00e3o<\/a><\/strong>, com di\u00e1rias a partir de R$ 238 com caf\u00e9 da manh\u00e3 incluso.<\/li>\n<\/ul>\n<p><strong>3. Praia do Forno<\/strong><\/p>\n<figure id=\"attachment_33761\" aria-describedby=\"caption-attachment-33761\" style=\"width: 800px\" class=\"wp-caption aligncenter\"><img loading=\"lazy\" decoding=\"async\" class=\"size-full wp-image-33761\" src=\"https:\/\/quantocustaviajar.com\/blog\/wp-content\/uploads\/2019\/04\/praias-de-arraial-do-cabo-praia-do-forno.jpg\" alt=\"praias em arraial do cabo\" width=\"800\" height=\"535\" srcset=\"https:\/\/quantocustaviajar.com\/blog\/wp-content\/uploads\/2019\/04\/praias-de-arraial-do-cabo-praia-do-forno.jpg 800w, https:\/\/quantocustaviajar.com\/blog\/wp-content\/uploads\/2019\/04\/praias-de-arraial-do-cabo-praia-do-forno-300x201.jpg 300w, https:\/\/quantocustaviajar.com\/blog\/wp-content\/uploads\/2019\/04\/praias-de-arraial-do-cabo-praia-do-forno-768x514.jpg 768w\" sizes=\"auto, (max-width: 800px) 100vw, 800px\" \/><figcaption id=\"caption-attachment-33761\" class=\"wp-caption-text\">Foto: <a href=\"https:\/\/www.flickr.com\/photos\/alanfranco\/6071582552\" target=\"_blank\" rel=\"noopener\">Alan Franco<\/a><\/figcaption><\/figure>\n<p>Para chegar a esse para\u00edso fluminense, os turistas precisam fazer uma pequena trilha que come\u00e7a pertinho do cais da cidade. O trajeto \u00e9 fabuloso e voc\u00ea vai parar muito pelo caminho para apreciar a beleza das praias que podem ser vistas a partir dos mirantes na trilha.<\/p>\n<p>O mar, assim como todas as praias de Arraial do Cabo, \u00e9 exuberante! A praia n\u00e3o tem tantos restaurantes, apenas um flutuante, que \u00e9 acessado por barcos.<\/p>\n<p>Voc\u00ea n\u00e3o vai encontrar hot\u00e9is ou pousadas de frente para a Praia do Forno. As op\u00e7\u00f5es de hospedagem mais pr\u00f3ximas ficam na Praia dos Anjos, de onde saem a maioria dos barcos que atracam no Forno.<\/p>\n<blockquote><p><a href=\"https:\/\/quantocustaviajar.com\/brasil\/arraial-do-cabo\/passeios\" target=\"_blank\" rel=\"noopener\"><strong>Quais os passeios e tours mais populares em Arraial do Cabo? Descubra aqui!<\/strong><\/a><\/p><\/blockquote>\n<p><strong>4. Praia do Pontal <\/strong><\/p>\n<blockquote class=\"instagram-media\" style=\"background: #FFF; border: 0; border-radius: 3px; box-shadow: 0 0 1px 0 rgba(0,0,0,0.5),0 1px 10px 0 rgba(0,0,0,0.15); margin: 1px; max-width: 540px; min-width: 326px; padding: 0; width: calc(100% - 2px);\" data-instgrm-permalink=\"https:\/\/www.instagram.com\/p\/BwhAQVpF0YM\/?utm_source=ig_embed&amp;utm_medium=loading&amp;utm_campaign=embed_loading_state_control\" data-instgrm-version=\"9\">\n<div style=\"padding: 8px;\">\n<div style=\"background: #F8F8F8; line-height: 0; margin-top: 40px; padding: 45.36862003780718% 0; text-align: center; width: 100%;\">\n<div style=\"background: url(data:image\/png; base64,ivborw0kggoaaaansuheugaaacwaaaascamaaaapwqozaaaabgdbtueaalgpc\/xhbqaaaafzukdcak7ohokaaaamuexurczmzpf399fx1+bm5mzy9amaaadisurbvdjlvzxbesmgces5\/p8\/t9furvcrmu73jwlzosgsiizurcjo\/ad+eqjjb4hv8bft+idpqocx1wjosbfhh2xssxeiyn3uli\/6mnree07uiwjev8ueowds88ly97kqytlijkktuybbruayvh5wohixmpi5we58ek028czwyuqdlkpg1bkb4nnm+veanfhqn1k4+gpt6ugqcvu2h2ovuif\/gwufyy8owepdyzsa3avcqpvovvzzz2vtnn2wu8qzvjddeto90gsy9mvlqtgysy231mxry6i2ggqjrty0l8fxcxfcbbhwrsyyaaaaaelftksuqmcc); display: block; height: 44px; margin: 0 auto -44px; position: relative; top: -22px; width: 44px;\"><\/div>\n<\/div>\n<p style=\"color: #c9c8cd; font-family: Arial,sans-serif; font-size: 14px; line-height: 17px; margin-bottom: 0; margin-top: 8px; overflow: hidden; padding: 8px 0 7px; text-align: center; text-overflow: ellipsis; white-space: nowrap;\"><a style=\"color: #c9c8cd; font-family: Arial,sans-serif; font-size: 14px; font-style: normal; font-weight: normal; line-height: 17px; text-decoration: none;\" href=\"https:\/\/www.instagram.com\/p\/BwhAQVpF0YM\/?utm_source=ig_embed&amp;utm_medium=loading&amp;utm_campaign=embed_loading_state_control\" target=\"_blank\" rel=\"noopener\">Uma publica\u00e7\u00e3o compartilhada por Tamires Alves (@tamialves7)<\/a> em <time style=\"font-family: Arial,sans-serif; font-size: 14px; line-height: 17px;\" datetime=\"2019-04-21T11:20:20+00:00\">21 de Abr, 2019 \u00e0s 4:20 PDT<\/time><\/p>\n<\/div>\n<\/blockquote>\n<p><script async=\"\" src=\"\/\/www.instagram.com\/embed.js\"><\/script><\/p>\n<p>Entre a Praia do Foguete, em Cabo Frio, e o Morro do Mirante fica a Praia do Pontal, um lugar supertranquilo e \u00f3timo para quem deseja descansar, j\u00e1 que fica praticamente deserta fora de temporada.<\/p>\n<p><strong>Onde ficar perto da Praia do Pontal?<\/strong><\/p>\n<p>Perto da Praia do Pontal existe uma s\u00e9rie de campings onde o pessoal pode acampar. Tanto a Pousada Camping Amendoeiras quanto o Camping do Curio do Bico Doce ficam a 300 metros da Praia do Pontal e a 900 metros da Prainha. Caso queira acampar, pode procurar um dos dois!<\/p>\n<p>Caso esse n\u00e3o seja seu estilo, escolha uma das <strong><a href=\"https:\/\/www.booking.com\/landmark\/br\/prainha-tip.pt-br.html%20?aid=2161834\" target=\"_blank\" rel=\"noopener\">op\u00e7\u00f5es de hospedagem na Prainha<\/a><\/strong> que n\u00e3o tem erro!<\/p>\n<p><strong>5. Prainha do Pontal do Atalaia <\/strong><\/p>\n<blockquote class=\"instagram-media\" style=\"background: #FFF; border: 0; border-radius: 3px; box-shadow: 0 0 1px 0 rgba(0,0,0,0.5),0 1px 10px 0 rgba(0,0,0,0.15); margin: 1px; max-width: 540px; min-width: 326px; padding: 0; width: calc(100% - 2px);\" data-instgrm-permalink=\"https:\/\/www.instagram.com\/p\/BwhyiiqF8Ve\/?utm_source=ig_embed&amp;utm_medium=loading&amp;utm_campaign=embed_loading_state_control\" data-instgrm-version=\"9\">\n<div style=\"padding: 8px;\">\n<div style=\"background: #F8F8F8; line-height: 0; margin-top: 40px; padding: 62.5% 0; text-align: center; width: 100%;\">\n<div style=\"background: url(data:image\/png; base64,ivborw0kggoaaaansuheugaaacwaaaascamaaaapwqozaaaabgdbtueaalgpc\/xhbqaaaafzukdcak7ohokaaaamuexurczmzpf399fx1+bm5mzy9amaaadisurbvdjlvzxbesmgces5\/p8\/t9furvcrmu73jwlzosgsiizurcjo\/ad+eqjjb4hv8bft+idpqocx1wjosbfhh2xssxeiyn3uli\/6mnree07uiwjev8ueowds88ly97kqytlijkktuybbruayvh5wohixmpi5we58ek028czwyuqdlkpg1bkb4nnm+veanfhqn1k4+gpt6ugqcvu2h2ovuif\/gwufyy8owepdyzsa3avcqpvovvzzz2vtnn2wu8qzvjddeto90gsy9mvlqtgysy231mxry6i2ggqjrty0l8fxcxfcbbhwrsyyaaaaaelftksuqmcc); display: block; height: 44px; margin: 0 auto -44px; position: relative; top: -22px; width: 44px;\"><\/div>\n<\/div>\n<p style=\"color: #c9c8cd; font-family: Arial,sans-serif; font-size: 14px; line-height: 17px; margin-bottom: 0; margin-top: 8px; overflow: hidden; padding: 8px 0 7px; text-align: center; text-overflow: ellipsis; white-space: nowrap;\"><a style=\"color: #c9c8cd; font-family: Arial,sans-serif; font-size: 14px; font-style: normal; font-weight: normal; line-height: 17px; text-decoration: none;\" href=\"https:\/\/www.instagram.com\/p\/BwhyiiqF8Ve\/?utm_source=ig_embed&amp;utm_medium=loading&amp;utm_campaign=embed_loading_state_control\" target=\"_blank\" rel=\"noopener\">Uma publica\u00e7\u00e3o compartilhada por Wallace &amp; Lydiane Teixeira (@wallace.arraial)<\/a> em <time style=\"font-family: Arial,sans-serif; font-size: 14px; line-height: 17px;\" datetime=\"2019-04-21T18:39:43+00:00\">21 de Abr, 2019 \u00e0s 11:39 PDT<\/time><\/p>\n<\/div>\n<\/blockquote>\n<p><script async=\"\" src=\"\/\/www.instagram.com\/embed.js\"><\/script><\/p>\n<p>Quem procura por fotos de Arraial do Cabo com certeza j\u00e1 viu a famosa escadaria que leva os visitantes at\u00e9 a areia branquinha dessa praia maravilhosa! As prainhas do <a href=\"https:\/\/quantocustaviajar.com\/blog\/pontal-do-atalaia-arraial-do-cabo\/\" target=\"_blank\" rel=\"noopener\"><strong>Pontal do Atalaia<\/strong><\/a> t\u00eam 300 metros de extens\u00e3o e s\u00e3o divididas por uma pedra.<\/p>\n<p>O lugar n\u00e3o tem restaurantes ou quiosques, somente vendedores ambulantes. Se quiser, leve uma mochilinha com lanches e bebida para esse passeio. Aproveite para ver a Pedra do Macaco, o Mirante do Pontal do Atalaia e a Gruta do amor.<\/p>\n<blockquote><p><a href=\"https:\/\/quantocustaviajar.com\/blog\/passeio-de-barco-em-arraial-do-cabo\/\" target=\"_blank\" rel=\"noopener\"><strong>Voc\u00ea precisa fazer o passeio de barco em Arraial do Cabo durante sua viagem: saiba mais aqui<\/strong><\/a><\/p><\/blockquote>\n<p><strong>Onde ficar perto do Pontal do Atalaia?<\/strong><\/p>\n<p>Perto da Vila Canaa tem o incr\u00edvel <strong><a href=\"https:\/\/www.booking.com\/hotel\/br\/a-coroa.pt-br.html?aid=2161834\" target=\"_blank\" rel=\"noopener\">Hostel A Coroa<\/a><\/strong> com di\u00e1rias a partir de R$ 210 com caf\u00e9 da manh\u00e3. Pertinho do Mirante tem casas, como a <strong><a href=\"https:\/\/www.booking.com\/hotel\/br\/casa-grega.pt-br.html?aid=2161834\" target=\"_blank\" rel=\"noopener\">Casa Grega<\/a><\/strong>, para alugar por R$ 700 a di\u00e1ria. Nesses casos, vale a pena viajar com mais amigos para dividirem a despesa.<\/p>\n<p><strong>6. Praia Grande<\/strong><\/p>\n<figure id=\"attachment_33762\" aria-describedby=\"caption-attachment-33762\" style=\"width: 800px\" class=\"wp-caption aligncenter\"><img loading=\"lazy\" decoding=\"async\" class=\"size-full wp-image-33762\" src=\"https:\/\/quantocustaviajar.com\/blog\/wp-content\/uploads\/2019\/04\/praias-de-arraial-do-cabo-praia-grande.jpg\" alt=\"praias de arraial do cabo\" width=\"800\" height=\"600\" srcset=\"https:\/\/quantocustaviajar.com\/blog\/wp-content\/uploads\/2019\/04\/praias-de-arraial-do-cabo-praia-grande.jpg 800w, https:\/\/quantocustaviajar.com\/blog\/wp-content\/uploads\/2019\/04\/praias-de-arraial-do-cabo-praia-grande-300x225.jpg 300w, https:\/\/quantocustaviajar.com\/blog\/wp-content\/uploads\/2019\/04\/praias-de-arraial-do-cabo-praia-grande-768x576.jpg 768w\" sizes=\"auto, (max-width: 800px) 100vw, 800px\" \/><figcaption id=\"caption-attachment-33762\" class=\"wp-caption-text\">Foto: <a href=\"https:\/\/pt.wikipedia.org\/wiki\/Ficheiro:Praia_Grande_-_Arraial_do_Cabo_-_panoramio_(22).jpg\" target=\"_blank\" rel=\"noopener\">Wikimedia Commons<\/a><\/figcaption><\/figure>\n<p>Pertinho do Pontal do Atalaia fica a Praia Grande, a maior praia da cidade com 43 km de extens\u00e3o. Aqui, o point \u00e9 tomado pelos surfistas que se deliciam com as ondas grandes e fortes de Arraial do Cabo.<\/p>\n<p><strong>Onde ficar na Praia Grande?<\/strong><\/p>\n<p>As op\u00e7\u00f5es de hospedagem pr\u00f3ximas \u00e0 praia s\u00e3o:<\/p>\n<ul>\n<li><strong><a href=\"https:\/\/www.booking.com\/hotel\/br\/hostel-villas-boas.pt-br.html?aid=2161834\" target=\"_blank\" rel=\"noopener\">Hostel Villas Boas<\/a><\/strong>, com di\u00e1rias a partir de R$ 177.<\/li>\n<li><strong><a href=\"https:\/\/www.booking.com\/hotel\/br\/pousada-do-pescador-arraial-do-cabo.pt-br.html?aid=2161834\" target=\"_blank\" rel=\"noopener\">Pousada do Pescador<\/a><\/strong>, com di\u00e1rias a partir de R$ 150.<\/li>\n<li><strong><a href=\"https:\/\/www.booking.com\/hotel\/br\/hostel-os-irmaos.pt-br.html?aid=2161834\" target=\"_blank\" rel=\"noopener\">Hostel Os Irm\u00e3os<\/a><\/strong>, com di\u00e1rias a partir de R$ 130.<\/li>\n<\/ul>\n<p><strong>7. Praia do Farol <\/strong><\/p>\n<blockquote class=\"instagram-media\" style=\"background: #FFF; border: 0; border-radius: 3px; box-shadow: 0 0 1px 0 rgba(0,0,0,0.5),0 1px 10px 0 rgba(0,0,0,0.15); margin: 1px; max-width: 540px; min-width: 326px; padding: 0; width: calc(100% - 2px);\" data-instgrm-permalink=\"https:\/\/www.instagram.com\/p\/BwaHJvTp8YO\/?utm_source=ig_embed&amp;utm_medium=loading&amp;utm_campaign=embed_loading_state_control\" data-instgrm-version=\"9\">\n<div style=\"padding: 8px;\">\n<div style=\"background: #F8F8F8; line-height: 0; margin-top: 40px; padding: 37.5% 0; text-align: center; width: 100%;\">\n<div style=\"background: url(data:image\/png; base64,ivborw0kggoaaaansuheugaaacwaaaascamaaaapwqozaaaabgdbtueaalgpc\/xhbqaaaafzukdcak7ohokaaaamuexurczmzpf399fx1+bm5mzy9amaaadisurbvdjlvzxbesmgces5\/p8\/t9furvcrmu73jwlzosgsiizurcjo\/ad+eqjjb4hv8bft+idpqocx1wjosbfhh2xssxeiyn3uli\/6mnree07uiwjev8ueowds88ly97kqytlijkktuybbruayvh5wohixmpi5we58ek028czwyuqdlkpg1bkb4nnm+veanfhqn1k4+gpt6ugqcvu2h2ovuif\/gwufyy8owepdyzsa3avcqpvovvzzz2vtnn2wu8qzvjddeto90gsy9mvlqtgysy231mxry6i2ggqjrty0l8fxcxfcbbhwrsyyaaaaaelftksuqmcc); display: block; height: 44px; margin: 0 auto -44px; position: relative; top: -22px; width: 44px;\"><\/div>\n<\/div>\n<p style=\"color: #c9c8cd; font-family: Arial,sans-serif; font-size: 14px; line-height: 17px; margin-bottom: 0; margin-top: 8px; overflow: hidden; padding: 8px 0 7px; text-align: center; text-overflow: ellipsis; white-space: nowrap;\"><a style=\"color: #c9c8cd; font-family: Arial,sans-serif; font-size: 14px; font-style: normal; font-weight: normal; line-height: 17px; text-decoration: none;\" href=\"https:\/\/www.instagram.com\/p\/BwaHJvTp8YO\/?utm_source=ig_embed&amp;utm_medium=loading&amp;utm_campaign=embed_loading_state_control\" target=\"_blank\" rel=\"noopener\">Uma publica\u00e7\u00e3o compartilhada por Jac Moraes\ud83c\udde7\ud83c\uddf7 (@jac.moraes)<\/a> em <time style=\"font-family: Arial,sans-serif; font-size: 14px; line-height: 17px;\" datetime=\"2019-04-18T19:05:55+00:00\">18 de Abr, 2019 \u00e0s 12:05 PDT<\/time><\/p>\n<\/div>\n<\/blockquote>\n<p><script async=\"\" src=\"\/\/www.instagram.com\/embed.js\"><\/script><\/p>\n<p>A Praia do Farol \u00e9 um lugar m\u00e1gico em Arraial do Cabo. Essa pequena ilha fica bem pertinho do Pontal do Atalaia e s\u00f3 pode ser acessa pelo mar. \u00c9 l\u00e1 que ficam os melhores pontos de mergulho, como o Abobrinha, o Escadinha, o Saco do Anequim e a Ponta Leste. Quem quer mergulhar precisa ir at\u00e9 essa pequena ilha.<\/p>\n<p>Aproveite tamb\u00e9m para ver a Ilha do Farol, a Pedra da tartaruga, a Fenda Nossa Senhora, a <a href=\"https:\/\/quantocustaviajar.com\/blog\/gruta-da-pratinha-e-gruta-azul\/\">Gruta Azul<\/a>, fazer as Trilhas do Farol e chegar at\u00e9 o Farol Novo. Se prefere, o tour pode ser feito de barco em torno da ilhota.<\/p>\n<p><strong>+ Confira aqui op\u00e7\u00f5es de <a href=\"https:\/\/quantocustaviajar.com\/blog\/pousada-em-arraial-do-cabo\/\" target=\"_blank\" rel=\"noopener\">pousada em Arraial do Cabo<\/a><\/strong><\/p>\n<p>Gostou de conhecer um pouquinho mais sobre as praias de Arraial do Cabo? A cidade tem muitas atra\u00e7\u00f5es e passeios maravilhosos para fazer o ano inteiro.<\/p>\n<p>Voc\u00ea pode ir para l\u00e1 com seu ve\u00edculo pr\u00f3prio, com um <a href=\"https:\/\/www.rentcars.com\/?requestorid=52\" target=\"_blank\" rel=\"noopener\"><strong>carro alugado<\/strong><\/a> ou at\u00e9 mesmo de avi\u00e3o at\u00e9 os aeroportos do Rio de Janeiro. Quer viajar para esse para\u00edso? Confira <a href=\"https:\/\/quantocustaviajar.com\/brasil\/arraial-do-cabo\" target=\"_blank\" rel=\"noopener\"><strong>quanto custa viajar para Arraial do Cabo<\/strong><\/a> e comece a planejar sua trip.<\/p>\n<p><em>Pre\u00e7os pesquisados em abril de 2019 e sujeitos \u00e0 altera\u00e7\u00e3o.<\/em><\/p>\n","protected":false},"excerpt":{"rendered":"<p>Azul-turquesa, azul-beb\u00ea, verde-\u00e1gua, azul-piscina&#8230; As \u00e1guas das praias de Arraial do Cabo t\u00eam cores de caixa de l\u00e1pis de cor! Quem procura um lugar paradis\u00edaco para viajar, sem d\u00favidas, pode colocar esse peda\u00e7o do litoral fluminense na lista para conhecer pelo menos uma vez na vida. Localizada a 165 km do Rio de Janeiro, Arraial [&hellip;]<\/p>\n","protected":false},"author":11,"featured_media":33761,"comment_status":"open","ping_status":"open","sticky":false,"template":"","format":"standard","meta":{"cybocfi_hide_featured_image":"","footnotes":""},"categories":[1437,1434],"tags":[176,1471,266,634,440,1281,309,181,2052,85,464],"class_list":["post-33758","post","type-post","status-publish","format-standard","has-post-thumbnail","hentry","category-ao-ar-livre","category-descubra-brasil","tag-america-do-sul","tag-arraialdocabo","tag-brasil","tag-feriado","tag-ferias","tag-melhores-praias","tag-praia","tag-praias","tag-regiao-dos-lagos","tag-rio-de-janeiro","tag-verao"],"blocksy_meta":[],"yoast_head":"<!-- This site is optimized with the Yoast SEO plugin v26.3 - https:\/\/yoast.com\/wordpress\/plugins\/seo\/ -->\n<title>7 praias de Arraial do Cabo para conhecer durante sua viagem<\/title>\n<meta name=\"description\" content=\"Consideradas como Caribe brasileiro, as praias de Arraial do Cabo est\u00e3o entre as mais lindas do nosso pa\u00eds. Saiba quais s\u00e3o imperd\u00edveis durante sua visita.\" \/>\n<meta name=\"robots\" content=\"index, follow, max-snippet:-1, max-image-preview:large, max-video-preview:-1\" \/>\n<link rel=\"canonical\" href=\"https:\/\/quantocustaviajar.com\/blog\/praias-de-arraial-do-cabo-rio-de-janeiro\/\" \/>\n<meta property=\"og:locale\" content=\"pt_BR\" \/>\n<meta property=\"og:type\" content=\"article\" \/>\n<meta property=\"og:title\" content=\"7 praias de Arraial do Cabo para se apaixonar ainda mais pelo litoral fluminense\" \/>\n<meta property=\"og:description\" content=\"Consideradas como Caribe brasileiro, as praias de Arraial do Cabo est\u00e3o entre as mais lindas do nosso pa\u00eds. Saiba quais s\u00e3o imperd\u00edveis durante sua visita.\" \/>\n<meta property=\"og:url\" content=\"https:\/\/quantocustaviajar.com\/blog\/praias-de-arraial-do-cabo-rio-de-janeiro\/\" \/>\n<meta property=\"og:site_name\" content=\"Blog Quanto Custa Viajar\" \/>\n<meta property=\"article:publisher\" content=\"https:\/\/www.facebook.com\/quantocustaviajar\" \/>\n<meta property=\"article:published_time\" content=\"2019-04-26T14:54:49+00:00\" \/>\n<meta property=\"article:modified_time\" content=\"2023-07-06T14:26:00+00:00\" \/>\n<meta property=\"og:image\" content=\"https:\/\/quantocustaviajar.com\/blog\/wp-content\/uploads\/2019\/04\/praias-de-arraial-do-cabo-praia-do-forno.jpg\" \/>\n\t<meta property=\"og:image:width\" content=\"800\" \/>\n\t<meta property=\"og:image:height\" content=\"535\" \/>\n\t<meta property=\"og:image:type\" content=\"image\/jpeg\" \/>\n<meta name=\"author\" content=\"Andressa Xavier Pellanda\" \/>\n<meta name=\"twitter:card\" content=\"summary_large_image\" \/>\n<meta name=\"twitter:label1\" content=\"Escrito por\" \/>\n\t<meta name=\"twitter:data1\" content=\"Andressa Xavier Pellanda\" \/>\n\t<meta name=\"twitter:label2\" content=\"Est. tempo de leitura\" \/>\n\t<meta name=\"twitter:data2\" content=\"8 minutos\" \/>\n<!-- \/ Yoast SEO plugin. -->","yoast_head_json":{"title":"7 praias de Arraial do Cabo para conhecer durante sua viagem","description":"Consideradas como Caribe brasileiro, as praias de Arraial do Cabo est\u00e3o entre as mais lindas do nosso pa\u00eds. Saiba quais s\u00e3o imperd\u00edveis durante sua visita.","robots":{"index":"index","follow":"follow","max-snippet":"max-snippet:-1","max-image-preview":"max-image-preview:large","max-video-preview":"max-video-preview:-1"},"canonical":"https:\/\/quantocustaviajar.com\/blog\/praias-de-arraial-do-cabo-rio-de-janeiro\/","og_locale":"pt_BR","og_type":"article","og_title":"7 praias de Arraial do Cabo para se apaixonar ainda mais pelo litoral fluminense","og_description":"Consideradas como Caribe brasileiro, as praias de Arraial do Cabo est\u00e3o entre as mais lindas do nosso pa\u00eds. Saiba quais s\u00e3o imperd\u00edveis durante sua visita.","og_url":"https:\/\/quantocustaviajar.com\/blog\/praias-de-arraial-do-cabo-rio-de-janeiro\/","og_site_name":"Blog Quanto Custa Viajar","article_publisher":"https:\/\/www.facebook.com\/quantocustaviajar","article_published_time":"2019-04-26T14:54:49+00:00","article_modified_time":"2023-07-06T14:26:00+00:00","og_image":[{"width":800,"height":535,"url":"https:\/\/quantocustaviajar.com\/blog\/wp-content\/uploads\/2019\/04\/praias-de-arraial-do-cabo-praia-do-forno.jpg","type":"image\/jpeg"}],"author":"Andressa Xavier Pellanda","twitter_card":"summary_large_image","twitter_misc":{"Escrito por":"Andressa Xavier Pellanda","Est. tempo de leitura":"8 minutos"},"schema":{"@context":"https:\/\/schema.org","@graph":[{"@type":["Article","BlogPosting"],"@id":"https:\/\/quantocustaviajar.com\/blog\/praias-de-arraial-do-cabo-rio-de-janeiro\/#article","isPartOf":{"@id":"https:\/\/quantocustaviajar.com\/blog\/praias-de-arraial-do-cabo-rio-de-janeiro\/"},"author":{"name":"Andressa Xavier Pellanda","@id":"https:\/\/quantocustaviajar.com\/blog\/#\/schema\/person\/81b0aaf2069da1a2da54677906b42d3c"},"headline":"7 praias de Arraial do Cabo para se apaixonar ainda mais pelo litoral fluminense","datePublished":"2019-04-26T14:54:49+00:00","dateModified":"2023-07-06T14:26:00+00:00","mainEntityOfPage":{"@id":"https:\/\/quantocustaviajar.com\/blog\/praias-de-arraial-do-cabo-rio-de-janeiro\/"},"wordCount":1226,"commentCount":5,"publisher":{"@id":"https:\/\/quantocustaviajar.com\/blog\/#organization"},"image":{"@id":"https:\/\/quantocustaviajar.com\/blog\/praias-de-arraial-do-cabo-rio-de-janeiro\/#primaryimage"},"thumbnailUrl":"https:\/\/quantocustaviajar.com\/blog\/wp-content\/uploads\/2019\/04\/praias-de-arraial-do-cabo-praia-do-forno.jpg","keywords":["am\u00e9rica do sul","arraialdocabo","Brasil","feriado","f\u00e9rias","melhores praias","praia","praias","regiao dos lagos","rio de janeiro","ver\u00e3o"],"articleSection":["Ao Ar Livre","Descubra o Brasil"],"inLanguage":"pt-BR","potentialAction":[{"@type":"CommentAction","name":"Comment","target":["https:\/\/quantocustaviajar.com\/blog\/praias-de-arraial-do-cabo-rio-de-janeiro\/#respond"]}]},{"@type":"WebPage","@id":"https:\/\/quantocustaviajar.com\/blog\/praias-de-arraial-do-cabo-rio-de-janeiro\/","url":"https:\/\/quantocustaviajar.com\/blog\/praias-de-arraial-do-cabo-rio-de-janeiro\/","name":"7 praias de Arraial do Cabo para conhecer durante sua viagem","isPartOf":{"@id":"https:\/\/quantocustaviajar.com\/blog\/#website"},"primaryImageOfPage":{"@id":"https:\/\/quantocustaviajar.com\/blog\/praias-de-arraial-do-cabo-rio-de-janeiro\/#primaryimage"},"image":{"@id":"https:\/\/quantocustaviajar.com\/blog\/praias-de-arraial-do-cabo-rio-de-janeiro\/#primaryimage"},"thumbnailUrl":"https:\/\/quantocustaviajar.com\/blog\/wp-content\/uploads\/2019\/04\/praias-de-arraial-do-cabo-praia-do-forno.jpg","datePublished":"2019-04-26T14:54:49+00:00","dateModified":"2023-07-06T14:26:00+00:00","description":"Consideradas como Caribe brasileiro, as praias de Arraial do Cabo est\u00e3o entre as mais lindas do nosso pa\u00eds. Saiba quais s\u00e3o imperd\u00edveis durante sua visita.","breadcrumb":{"@id":"https:\/\/quantocustaviajar.com\/blog\/praias-de-arraial-do-cabo-rio-de-janeiro\/#breadcrumb"},"inLanguage":"pt-BR","potentialAction":[{"@type":"ReadAction","target":["https:\/\/quantocustaviajar.com\/blog\/praias-de-arraial-do-cabo-rio-de-janeiro\/"]}]},{"@type":"ImageObject","inLanguage":"pt-BR","@id":"https:\/\/quantocustaviajar.com\/blog\/praias-de-arraial-do-cabo-rio-de-janeiro\/#primaryimage","url":"https:\/\/quantocustaviajar.com\/blog\/wp-content\/uploads\/2019\/04\/praias-de-arraial-do-cabo-praia-do-forno.jpg","contentUrl":"https:\/\/quantocustaviajar.com\/blog\/wp-content\/uploads\/2019\/04\/praias-de-arraial-do-cabo-praia-do-forno.jpg","width":800,"height":535,"caption":"Foto: Alan Franco"},{"@type":"BreadcrumbList","@id":"https:\/\/quantocustaviajar.com\/blog\/praias-de-arraial-do-cabo-rio-de-janeiro\/#breadcrumb","itemListElement":[{"@type":"ListItem","position":1,"name":"In\u00edcio","item":"https:\/\/quantocustaviajar.com\/blog\/"},{"@type":"ListItem","position":2,"name":"7 praias de Arraial do Cabo para se apaixonar ainda mais pelo litoral fluminense"}]},{"@type":"WebSite","@id":"https:\/\/quantocustaviajar.com\/blog\/#website","url":"https:\/\/quantocustaviajar.com\/blog\/","name":"Blog Quanto Custa Viajar","description":"","publisher":{"@id":"https:\/\/quantocustaviajar.com\/blog\/#organization"},"potentialAction":[{"@type":"SearchAction","target":{"@type":"EntryPoint","urlTemplate":"https:\/\/quantocustaviajar.com\/blog\/?s={search_term_string}"},"query-input":{"@type":"PropertyValueSpecification","valueRequired":true,"valueName":"search_term_string"}}],"inLanguage":"pt-BR"},{"@type":"Organization","@id":"https:\/\/quantocustaviajar.com\/blog\/#organization","name":"Quanto Custa Viajar","url":"https:\/\/quantocustaviajar.com\/blog\/","logo":{"@type":"ImageObject","inLanguage":"pt-BR","@id":"https:\/\/quantocustaviajar.com\/blog\/#\/schema\/logo\/image\/","url":"","contentUrl":"","caption":"Quanto Custa Viajar"},"image":{"@id":"https:\/\/quantocustaviajar.com\/blog\/#\/schema\/logo\/image\/"},"sameAs":["https:\/\/www.facebook.com\/quantocustaviajar"]},{"@type":"Person","@id":"https:\/\/quantocustaviajar.com\/blog\/#\/schema\/person\/81b0aaf2069da1a2da54677906b42d3c","name":"Andressa Xavier Pellanda","image":{"@type":"ImageObject","inLanguage":"pt-BR","@id":"https:\/\/quantocustaviajar.com\/blog\/#\/schema\/person\/image\/","url":"https:\/\/secure.gravatar.com\/avatar\/efccc167c341de2100a574b335de06f5efda2310964e70124d995491728ed674?s=96&d=mm&r=g","contentUrl":"https:\/\/secure.gravatar.com\/avatar\/efccc167c341de2100a574b335de06f5efda2310964e70124d995491728ed674?s=96&d=mm&r=g","caption":"Andressa Xavier Pellanda"},"description":"Eu gosto de viajar antes mesmo de chegar ao destino!","url":"https:\/\/quantocustaviajar.com\/blog\/author\/andressa\/"}]}},"_links":{"self":[{"href":"https:\/\/quantocustaviajar.com\/blog\/wp-json\/wp\/v2\/posts\/33758","targetHints":{"allow":["GET"]}}],"collection":[{"href":"https:\/\/quantocustaviajar.com\/blog\/wp-json\/wp\/v2\/posts"}],"about":[{"href":"https:\/\/quantocustaviajar.com\/blog\/wp-json\/wp\/v2\/types\/post"}],"author":[{"embeddable":true,"href":"https:\/\/quantocustaviajar.com\/blog\/wp-json\/wp\/v2\/users\/11"}],"replies":[{"embeddable":true,"href":"https:\/\/quantocustaviajar.com\/blog\/wp-json\/wp\/v2\/comments?post=33758"}],"version-history":[{"count":4,"href":"https:\/\/quantocustaviajar.com\/blog\/wp-json\/wp\/v2\/posts\/33758\/revisions"}],"predecessor-version":[{"id":59811,"href":"https:\/\/quantocustaviajar.com\/blog\/wp-json\/wp\/v2\/posts\/33758\/revisions\/59811"}],"wp:featuredmedia":[{"embeddable":true,"href":"https:\/\/quantocustaviajar.com\/blog\/wp-json\/wp\/v2\/media\/33761"}],"wp:attachment":[{"href":"https:\/\/quantocustaviajar.com\/blog\/wp-json\/wp\/v2\/media?parent=33758"}],"wp:term":[{"taxonomy":"category","embeddable":true,"href":"https:\/\/quantocustaviajar.com\/blog\/wp-json\/wp\/v2\/categories?post=33758"},{"taxonomy":"post_tag","embeddable":true,"href":"https:\/\/quantocustaviajar.com\/blog\/wp-json\/wp\/v2\/tags?post=33758"}],"curies":[{"name":"wp","href":"https:\/\/api.w.org\/{rel}","templated":true}]}}