{"id":33009,"date":"2019-04-12T18:16:02","date_gmt":"2019-04-12T18:16:02","guid":{"rendered":"https:\/\/quantocustaviajar.com\/blog\/?p=33009"},"modified":"2019-04-12T18:16:02","modified_gmt":"2019-04-12T18:16:02","slug":"tren-de-la-quebrada-argentina-peru","status":"publish","type":"post","link":"https:\/\/quantocustaviajar.com\/blog\/tren-de-la-quebrada-argentina-peru\/","title":{"rendered":"Tren de la Quebrada: primeiro trem movido \u00e0 energia solar vai ligar a Argentina ao Peru"},"content":{"rendered":"<p>Deslocar-se da <a href=\"https:\/\/quantocustaviajar.com\/blog\/lugares-imperdiveis-para-conhecer-na-argentina\/\">Argentina<\/a> at\u00e9 o Peru vai ficar mais f\u00e1cil e sustent\u00e1vel com esta novidade! O <strong>Tren de la Quebrada<\/strong>, que vai fazer esse trecho em um futuro pr\u00f3ximo, ser\u00e1 o primeiro trem solar tur\u00edstico da Am\u00e9rica Latina \u2014 j\u00e1 que o pioneiro nesse segmento existe em Byron Bay, na Austr\u00e1lia.<\/p>\n<p>A constru\u00e7\u00e3o do Tren de la Quebrada come\u00e7ou em fevereiro de 2018 na prov\u00edncia de San Salvador de Jujuy, na <a href=\"https:\/\/quantocustaviajar.com\/argentina\" target=\"_blank\" rel=\"noopener\"><strong>Argentina<\/strong><\/a>. De in\u00edcio, a linha vai utilizar um trem pequeno, do tipo &#8220;Alerce&#8221;, fabricado no pr\u00f3prio pa\u00eds.<\/p>\n<p>Contendo apenas um vag\u00e3o, a capacidade ser\u00e1 para 240 passageiros. Mas os pain\u00e9is fotovoltaicos, um dispositivo fabricado com material semicondutor, dispostos no teto do trem que realmente s\u00e3o a grande novidade, trazendo modernidade e sustentabilidade para o projeto.<\/p>\n<figure id=\"attachment_33010\" aria-describedby=\"caption-attachment-33010\" style=\"width: 800px\" class=\"wp-caption aligncenter\"><img loading=\"lazy\" decoding=\"async\" class=\"size-full wp-image-33010\" src=\"https:\/\/quantocustaviajar.com\/blog\/wp-content\/uploads\/2019\/03\/tren-de-la-quebrada-1.jpg\" alt=\"tren de la quebrada\" width=\"800\" height=\"600\" srcset=\"https:\/\/quantocustaviajar.com\/blog\/wp-content\/uploads\/2019\/03\/tren-de-la-quebrada-1.jpg 800w, https:\/\/quantocustaviajar.com\/blog\/wp-content\/uploads\/2019\/03\/tren-de-la-quebrada-1-300x225.jpg 300w, https:\/\/quantocustaviajar.com\/blog\/wp-content\/uploads\/2019\/03\/tren-de-la-quebrada-1-768x576.jpg 768w\" sizes=\"auto, (max-width: 800px) 100vw, 800px\" \/><figcaption id=\"caption-attachment-33010\" class=\"wp-caption-text\">As placas ser\u00e3o semelhantes a essa. Foto: <a href=\"http:\/\/www.impulsonegocios.com\/contenidos\/2018\/01\/26\/Editorial_46806.php\" target=\"_blank\" rel=\"noopener\">Impulsione Negocios<\/a><\/figcaption><\/figure>\n<blockquote><p><a href=\"https:\/\/quantocustaviajar.com\/blog\/trem-rio-minas-passeio-turistico\/\" target=\"_blank\" rel=\"noopener\"><strong>Trem Rio-Minas: trem tur\u00edstico interestadual est\u00e1 prestes a fazer viagem<\/strong><\/a><\/p><\/blockquote>\n<h2>Etapas do Tren de la Quebrada<\/h2>\n<p>A primeira etapa do projeto pretende ser inaugurada em agosto de 2019, ligando as cidades argentinas de Volc\u00e1n, a 45 quil\u00f4metros de San Salvador de Jujuy, a Maimar\u00e1 \u2014 em um trajeto paralelo \u00e0 Ruta Nacional 9.<\/p>\n<p>O tempo dessa viagem de trem ser\u00e1 de 3 horas e velocidade m\u00e1xima que a locomotiva vai atingir ser\u00e1 de 30 km\/h \u2014 perfeito para os passageiros admirarem as paisagens. O valor dos bilhetes ainda n\u00e3o foi anunciado.<\/p>\n<p>Diariamente, o trem far\u00e1 tr\u00eas viagens de ida e de volta, sendo que cada esta\u00e7\u00e3o ter\u00e1 atra\u00e7\u00f5es tem\u00e1ticas relacionadas \u00e0 gastronomia e \u00e0 cultura juje\u00f1a, refor\u00e7ando o compromisso com o turismo, a energia sustent\u00e1vel e a gera\u00e7\u00e3o de empregos na regi\u00e3o.<\/p>\n<figure id=\"attachment_33011\" aria-describedby=\"caption-attachment-33011\" style=\"width: 900px\" class=\"wp-caption aligncenter\"><img loading=\"lazy\" decoding=\"async\" class=\"size-full wp-image-33011\" src=\"https:\/\/quantocustaviajar.com\/blog\/wp-content\/uploads\/2019\/03\/tren-de-la-quebrada-2.jpg\" alt=\"\" width=\"900\" height=\"498\" srcset=\"https:\/\/quantocustaviajar.com\/blog\/wp-content\/uploads\/2019\/03\/tren-de-la-quebrada-2.jpg 900w, https:\/\/quantocustaviajar.com\/blog\/wp-content\/uploads\/2019\/03\/tren-de-la-quebrada-2-300x166.jpg 300w, https:\/\/quantocustaviajar.com\/blog\/wp-content\/uploads\/2019\/03\/tren-de-la-quebrada-2-768x425.jpg 768w\" sizes=\"auto, (max-width: 900px) 100vw, 900px\" \/><figcaption id=\"caption-attachment-33011\" class=\"wp-caption-text\">Modelo australiano semelhante ao Tren de la Quebrada. Foto: <a href=\"https:\/\/byronbaytrain.com.au\/\" target=\"_blank\" rel=\"noopener\">Byron Bay Train<\/a><\/figcaption><\/figure>\n<blockquote><p><a href=\"https:\/\/quantocustaviajar.com\/blog\/viagens-de-trem-no-brasil\/\" target=\"_blank\" rel=\"noopener\"><strong>Viagens de trem no Brasil re\u00fanem paisagens, m\u00fasica ao vivo e at\u00e9 degusta\u00e7\u00e3o de vinho<\/strong><\/a><\/p><\/blockquote>\n<p>A segunda rota j\u00e1 est\u00e1 em fase de desenvolvimento e se estender\u00e1 a Humahuaca e depois chegar\u00e1 a La Quiaca, localizada a quase 300 quil\u00f4metros de San Salvador de Jujuy, quase na fronteira com a Bol\u00edvia.<\/p>\n<p>Os planos para o futuro do Tren de la Quebrada s\u00e3o ousados, pretendendo conectar esses trechos ao <a href=\"https:\/\/quantocustaviajar.com\/blog\/salar-de-uyuni\/\" target=\"_blank\" rel=\"noopener\"><strong>Uyuni<\/strong><\/a> e o Lago Titicaca, criando um comboio tur\u00edstico entre <a href=\"https:\/\/quantocustaviajar.com\/peru\/cusco\" target=\"_blank\" rel=\"noopener\"><strong>Cusco<\/strong> <\/a>e <a href=\"https:\/\/quantocustaviajar.com\/blog\/como-chegar-em-machu-picchu\/\" target=\"_blank\" rel=\"noopener\"><strong>Machu Picchu<\/strong><\/a>, no <a href=\"https:\/\/quantocustaviajar.com\/peru\/\" target=\"_blank\" rel=\"noopener\"><strong>Peru<\/strong><\/a>.<\/p>\n<p>J\u00e1 pensou que sensacional seria uma viagem dessas? As possibilidades de paradas para desbravar cada um desses cantinhos especiais da Am\u00e9rica do Sul seriam inesquec\u00edveis. Use nosso buscador de <a href=\"https:\/\/quantocustaviajar.com\/passagens-aereas-baratas\/\" target=\"_blank\" rel=\"noopener\"><strong>passagens a\u00e9reas baratas<\/strong><\/a> para ficar atenta \u00e0s promo\u00e7\u00f5es e planejar sua viagem.<\/p>\n","protected":false},"excerpt":{"rendered":"<p>Deslocar-se da Argentina at\u00e9 o Peru vai ficar mais f\u00e1cil e sustent\u00e1vel com esta novidade! O Tren de la Quebrada, que vai fazer esse trecho em um futuro pr\u00f3ximo, ser\u00e1 o primeiro trem solar tur\u00edstico da Am\u00e9rica Latina \u2014 j\u00e1 que o pioneiro nesse segmento existe em Byron Bay, na Austr\u00e1lia. A constru\u00e7\u00e3o do Tren [&hellip;]<\/p>\n","protected":false},"author":11,"featured_media":33012,"comment_status":"open","ping_status":"open","sticky":false,"template":"","format":"standard","meta":{"cybocfi_hide_featured_image":"","footnotes":""},"categories":[1515],"tags":[176,58,408,158],"class_list":["post-33009","post","type-post","status-publish","format-standard","has-post-thumbnail","hentry","category-novidades","tag-america-do-sul","tag-argentina","tag-peru","tag-trem"],"blocksy_meta":[],"yoast_head":"<!-- This site is optimized with the Yoast SEO plugin v26.3 - https:\/\/yoast.com\/wordpress\/plugins\/seo\/ -->\n<title>Tren de la Quebrada: trem movido \u00e0 energia solar ligar\u00e1 Argentina e Peru<\/title>\n<meta name=\"description\" content=\"Primeiro trem da Am\u00e9rica Latina a ser movido \u00e0 energia solar, o Tren de la Quebrada promete ligar cidades da Argentina at\u00e9 cidades peruanas. Saiba mais.\" \/>\n<meta name=\"robots\" content=\"index, follow, max-snippet:-1, max-image-preview:large, max-video-preview:-1\" \/>\n<link rel=\"canonical\" href=\"https:\/\/quantocustaviajar.com\/blog\/tren-de-la-quebrada-argentina-peru\/\" \/>\n<meta property=\"og:locale\" content=\"pt_BR\" \/>\n<meta property=\"og:type\" content=\"article\" \/>\n<meta property=\"og:title\" content=\"Tren de la Quebrada: primeiro trem movido \u00e0 energia solar vai ligar a Argentina ao Peru\" \/>\n<meta property=\"og:description\" content=\"Primeiro trem da Am\u00e9rica Latina a ser movido \u00e0 energia solar, o Tren de la Quebrada promete ligar cidades da Argentina at\u00e9 cidades peruanas. Saiba mais.\" \/>\n<meta property=\"og:url\" content=\"https:\/\/quantocustaviajar.com\/blog\/tren-de-la-quebrada-argentina-peru\/\" \/>\n<meta property=\"og:site_name\" content=\"Blog Quanto Custa Viajar\" \/>\n<meta property=\"article:publisher\" content=\"https:\/\/www.facebook.com\/quantocustaviajar\" \/>\n<meta property=\"article:published_time\" content=\"2019-04-12T18:16:02+00:00\" \/>\n<meta property=\"og:image\" content=\"https:\/\/quantocustaviajar.com\/blog\/wp-content\/uploads\/2019\/03\/tren-de-la-quebrada-3.jpg\" \/>\n\t<meta property=\"og:image:width\" content=\"1200\" \/>\n\t<meta property=\"og:image:height\" content=\"900\" \/>\n\t<meta property=\"og:image:type\" content=\"image\/jpeg\" \/>\n<meta name=\"author\" content=\"Andressa Xavier Pellanda\" \/>\n<meta name=\"twitter:card\" content=\"summary_large_image\" \/>\n<meta name=\"twitter:label1\" content=\"Escrito por\" \/>\n\t<meta name=\"twitter:data1\" content=\"Andressa Xavier Pellanda\" \/>\n\t<meta name=\"twitter:label2\" content=\"Est. tempo de leitura\" \/>\n\t<meta name=\"twitter:data2\" content=\"2 minutos\" \/>\n<!-- \/ Yoast SEO plugin. -->","yoast_head_json":{"title":"Tren de la Quebrada: trem movido \u00e0 energia solar ligar\u00e1 Argentina e Peru","description":"Primeiro trem da Am\u00e9rica Latina a ser movido \u00e0 energia solar, o Tren de la Quebrada promete ligar cidades da Argentina at\u00e9 cidades peruanas. Saiba mais.","robots":{"index":"index","follow":"follow","max-snippet":"max-snippet:-1","max-image-preview":"max-image-preview:large","max-video-preview":"max-video-preview:-1"},"canonical":"https:\/\/quantocustaviajar.com\/blog\/tren-de-la-quebrada-argentina-peru\/","og_locale":"pt_BR","og_type":"article","og_title":"Tren de la Quebrada: primeiro trem movido \u00e0 energia solar vai ligar a Argentina ao Peru","og_description":"Primeiro trem da Am\u00e9rica Latina a ser movido \u00e0 energia solar, o Tren de la Quebrada promete ligar cidades da Argentina at\u00e9 cidades peruanas. Saiba mais.","og_url":"https:\/\/quantocustaviajar.com\/blog\/tren-de-la-quebrada-argentina-peru\/","og_site_name":"Blog Quanto Custa Viajar","article_publisher":"https:\/\/www.facebook.com\/quantocustaviajar","article_published_time":"2019-04-12T18:16:02+00:00","og_image":[{"width":1200,"height":900,"url":"https:\/\/quantocustaviajar.com\/blog\/wp-content\/uploads\/2019\/03\/tren-de-la-quebrada-3.jpg","type":"image\/jpeg"}],"author":"Andressa Xavier Pellanda","twitter_card":"summary_large_image","twitter_misc":{"Escrito por":"Andressa Xavier Pellanda","Est. tempo de leitura":"2 minutos"},"schema":{"@context":"https:\/\/schema.org","@graph":[{"@type":["Article","BlogPosting"],"@id":"https:\/\/quantocustaviajar.com\/blog\/tren-de-la-quebrada-argentina-peru\/#article","isPartOf":{"@id":"https:\/\/quantocustaviajar.com\/blog\/tren-de-la-quebrada-argentina-peru\/"},"author":{"name":"Andressa Xavier Pellanda","@id":"https:\/\/quantocustaviajar.com\/blog\/#\/schema\/person\/81b0aaf2069da1a2da54677906b42d3c"},"headline":"Tren de la Quebrada: primeiro trem movido \u00e0 energia solar vai ligar a Argentina ao Peru","datePublished":"2019-04-12T18:16:02+00:00","mainEntityOfPage":{"@id":"https:\/\/quantocustaviajar.com\/blog\/tren-de-la-quebrada-argentina-peru\/"},"wordCount":461,"commentCount":0,"publisher":{"@id":"https:\/\/quantocustaviajar.com\/blog\/#organization"},"image":{"@id":"https:\/\/quantocustaviajar.com\/blog\/tren-de-la-quebrada-argentina-peru\/#primaryimage"},"thumbnailUrl":"https:\/\/quantocustaviajar.com\/blog\/wp-content\/uploads\/2019\/03\/tren-de-la-quebrada-3.jpg","keywords":["am\u00e9rica do sul","argentina","Peru","trem"],"articleSection":["Novidades"],"inLanguage":"pt-BR","potentialAction":[{"@type":"CommentAction","name":"Comment","target":["https:\/\/quantocustaviajar.com\/blog\/tren-de-la-quebrada-argentina-peru\/#respond"]}]},{"@type":"WebPage","@id":"https:\/\/quantocustaviajar.com\/blog\/tren-de-la-quebrada-argentina-peru\/","url":"https:\/\/quantocustaviajar.com\/blog\/tren-de-la-quebrada-argentina-peru\/","name":"Tren de la Quebrada: trem movido \u00e0 energia solar ligar\u00e1 Argentina e Peru","isPartOf":{"@id":"https:\/\/quantocustaviajar.com\/blog\/#website"},"primaryImageOfPage":{"@id":"https:\/\/quantocustaviajar.com\/blog\/tren-de-la-quebrada-argentina-peru\/#primaryimage"},"image":{"@id":"https:\/\/quantocustaviajar.com\/blog\/tren-de-la-quebrada-argentina-peru\/#primaryimage"},"thumbnailUrl":"https:\/\/quantocustaviajar.com\/blog\/wp-content\/uploads\/2019\/03\/tren-de-la-quebrada-3.jpg","datePublished":"2019-04-12T18:16:02+00:00","description":"Primeiro trem da Am\u00e9rica Latina a ser movido \u00e0 energia solar, o Tren de la Quebrada promete ligar cidades da Argentina at\u00e9 cidades peruanas. Saiba mais.","breadcrumb":{"@id":"https:\/\/quantocustaviajar.com\/blog\/tren-de-la-quebrada-argentina-peru\/#breadcrumb"},"inLanguage":"pt-BR","potentialAction":[{"@type":"ReadAction","target":["https:\/\/quantocustaviajar.com\/blog\/tren-de-la-quebrada-argentina-peru\/"]}]},{"@type":"ImageObject","inLanguage":"pt-BR","@id":"https:\/\/quantocustaviajar.com\/blog\/tren-de-la-quebrada-argentina-peru\/#primaryimage","url":"https:\/\/quantocustaviajar.com\/blog\/wp-content\/uploads\/2019\/03\/tren-de-la-quebrada-3.jpg","contentUrl":"https:\/\/quantocustaviajar.com\/blog\/wp-content\/uploads\/2019\/03\/tren-de-la-quebrada-3.jpg","width":1200,"height":900},{"@type":"BreadcrumbList","@id":"https:\/\/quantocustaviajar.com\/blog\/tren-de-la-quebrada-argentina-peru\/#breadcrumb","itemListElement":[{"@type":"ListItem","position":1,"name":"In\u00edcio","item":"https:\/\/quantocustaviajar.com\/blog\/"},{"@type":"ListItem","position":2,"name":"Tren de la Quebrada: primeiro trem movido \u00e0 energia solar vai ligar a Argentina ao Peru"}]},{"@type":"WebSite","@id":"https:\/\/quantocustaviajar.com\/blog\/#website","url":"https:\/\/quantocustaviajar.com\/blog\/","name":"Blog Quanto Custa Viajar","description":"","publisher":{"@id":"https:\/\/quantocustaviajar.com\/blog\/#organization"},"potentialAction":[{"@type":"SearchAction","target":{"@type":"EntryPoint","urlTemplate":"https:\/\/quantocustaviajar.com\/blog\/?s={search_term_string}"},"query-input":{"@type":"PropertyValueSpecification","valueRequired":true,"valueName":"search_term_string"}}],"inLanguage":"pt-BR"},{"@type":"Organization","@id":"https:\/\/quantocustaviajar.com\/blog\/#organization","name":"Quanto Custa Viajar","url":"https:\/\/quantocustaviajar.com\/blog\/","logo":{"@type":"ImageObject","inLanguage":"pt-BR","@id":"https:\/\/quantocustaviajar.com\/blog\/#\/schema\/logo\/image\/","url":"","contentUrl":"","caption":"Quanto Custa Viajar"},"image":{"@id":"https:\/\/quantocustaviajar.com\/blog\/#\/schema\/logo\/image\/"},"sameAs":["https:\/\/www.facebook.com\/quantocustaviajar"]},{"@type":"Person","@id":"https:\/\/quantocustaviajar.com\/blog\/#\/schema\/person\/81b0aaf2069da1a2da54677906b42d3c","name":"Andressa Xavier Pellanda","image":{"@type":"ImageObject","inLanguage":"pt-BR","@id":"https:\/\/quantocustaviajar.com\/blog\/#\/schema\/person\/image\/","url":"https:\/\/secure.gravatar.com\/avatar\/efccc167c341de2100a574b335de06f5efda2310964e70124d995491728ed674?s=96&d=mm&r=g","contentUrl":"https:\/\/secure.gravatar.com\/avatar\/efccc167c341de2100a574b335de06f5efda2310964e70124d995491728ed674?s=96&d=mm&r=g","caption":"Andressa Xavier Pellanda"},"description":"Eu gosto de viajar antes mesmo de chegar ao destino!","url":"https:\/\/quantocustaviajar.com\/blog\/author\/andressa\/"}]}},"_links":{"self":[{"href":"https:\/\/quantocustaviajar.com\/blog\/wp-json\/wp\/v2\/posts\/33009","targetHints":{"allow":["GET"]}}],"collection":[{"href":"https:\/\/quantocustaviajar.com\/blog\/wp-json\/wp\/v2\/posts"}],"about":[{"href":"https:\/\/quantocustaviajar.com\/blog\/wp-json\/wp\/v2\/types\/post"}],"author":[{"embeddable":true,"href":"https:\/\/quantocustaviajar.com\/blog\/wp-json\/wp\/v2\/users\/11"}],"replies":[{"embeddable":true,"href":"https:\/\/quantocustaviajar.com\/blog\/wp-json\/wp\/v2\/comments?post=33009"}],"version-history":[{"count":3,"href":"https:\/\/quantocustaviajar.com\/blog\/wp-json\/wp\/v2\/posts\/33009\/revisions"}],"predecessor-version":[{"id":33492,"href":"https:\/\/quantocustaviajar.com\/blog\/wp-json\/wp\/v2\/posts\/33009\/revisions\/33492"}],"wp:featuredmedia":[{"embeddable":true,"href":"https:\/\/quantocustaviajar.com\/blog\/wp-json\/wp\/v2\/media\/33012"}],"wp:attachment":[{"href":"https:\/\/quantocustaviajar.com\/blog\/wp-json\/wp\/v2\/media?parent=33009"}],"wp:term":[{"taxonomy":"category","embeddable":true,"href":"https:\/\/quantocustaviajar.com\/blog\/wp-json\/wp\/v2\/categories?post=33009"},{"taxonomy":"post_tag","embeddable":true,"href":"https:\/\/quantocustaviajar.com\/blog\/wp-json\/wp\/v2\/tags?post=33009"}],"curies":[{"name":"wp","href":"https:\/\/api.w.org\/{rel}","templated":true}]}}