{"id":32676,"date":"2019-03-18T13:49:06","date_gmt":"2019-03-18T13:49:06","guid":{"rendered":"https:\/\/quantocustaviajar.com\/blog\/?p=32676"},"modified":"2019-03-18T15:55:06","modified_gmt":"2019-03-18T15:55:06","slug":"ilha-da-madeira-em-portugal-2","status":"publish","type":"post","link":"https:\/\/quantocustaviajar.com\/blog\/ilha-da-madeira-em-portugal-2\/","title":{"rendered":"Ilha da Madeira em Portugal \u00e9 destino para toda a fam\u00edlia!"},"content":{"rendered":"<p><i>De piscinas naturais a observa\u00e7\u00e3o de golfinhos, h\u00e1 in\u00fameros passeios para curtir com as crian\u00e7as<\/i><\/p>\n<div>\n<div>\n<p>A <strong>Ilha da Madeira<\/strong>, um verdadeiro para\u00edso portugu\u00eas em meio ao Oceano Atl\u00e2ntico, \u00e9 um destino tur\u00edstico com natureza, mar, riquezas culturais e del\u00edcias gastron\u00f4micas. Localizado a 90 minutos de voo saindo de <a href=\"https:\/\/quantocustaviajar.com\/portugal\/lisboa\" target=\"_blank\" rel=\"noopener\"><strong>Lisboa<\/strong><\/a>, este pequeno arquip\u00e9lago re\u00fane atra\u00e7\u00f5es para todas as idades. Por isso, \u00e9 o lugar perfeito para passar as f\u00e9rias com toda a fam\u00edlia.<\/p>\n<p>Confira cinco passeios para fazer com os filhos na Madeira:<\/p>\n<p><strong>Observa\u00e7\u00e3o de golfinhos e baleias<\/strong><\/p>\n<p><strong><img loading=\"lazy\" decoding=\"async\" class=\"aligncenter wp-image-32677 size-full\" src=\"https:\/\/quantocustaviajar.com\/blog\/wp-content\/uploads\/2019\/03\/Observa\u00e7\u00e3o-de-Golfinhos-Turismo-da-Madeira.jpg\" alt=\"Golfinhos na Ilha da Madeira\" width=\"800\" height=\"580\" srcset=\"https:\/\/quantocustaviajar.com\/blog\/wp-content\/uploads\/2019\/03\/Observa\u00e7\u00e3o-de-Golfinhos-Turismo-da-Madeira.jpg 800w, https:\/\/quantocustaviajar.com\/blog\/wp-content\/uploads\/2019\/03\/Observa\u00e7\u00e3o-de-Golfinhos-Turismo-da-Madeira-300x218.jpg 300w, https:\/\/quantocustaviajar.com\/blog\/wp-content\/uploads\/2019\/03\/Observa\u00e7\u00e3o-de-Golfinhos-Turismo-da-Madeira-768x557.jpg 768w\" sizes=\"auto, (max-width: 800px) 100vw, 800px\" \/><\/strong><\/p>\n<p>Um passeio de barco j\u00e1 \u00e9 algo incr\u00edvel de se fazer em fam\u00edlia, mas a possibilidade de ver esses majestosos animais deixa tudo ainda melhor. Golfinhos e baleias nadam livremente pelas \u00e1guas que cercam a Ilha da Madeira, e \u00e9 poss\u00edvel v\u00ea-los brincando graciosamente no mar. Uma experi\u00eancia \u00fanica tanto para adultos quanto para crian\u00e7as!<\/p>\n<blockquote><p><a href=\"https:\/\/quantocustaviajar.com\/portugal\/funchal\" target=\"_blank\" rel=\"noopener\"><strong>Descubra quando custa viajar para a Ilha da Madeira<\/strong><\/a><\/p><\/blockquote>\n<p><strong>Piscinas naturais<\/strong><\/p>\n<p><strong><img loading=\"lazy\" decoding=\"async\" class=\"aligncenter wp-image-32679 size-full\" src=\"https:\/\/quantocustaviajar.com\/blog\/wp-content\/uploads\/2019\/03\/Seixal-_Piscinas-Naturais_Turismo_da_Madeira.jpg\" alt=\"Piscinas naturais na Ilha da Madeira\" width=\"800\" height=\"533\" srcset=\"https:\/\/quantocustaviajar.com\/blog\/wp-content\/uploads\/2019\/03\/Seixal-_Piscinas-Naturais_Turismo_da_Madeira.jpg 800w, https:\/\/quantocustaviajar.com\/blog\/wp-content\/uploads\/2019\/03\/Seixal-_Piscinas-Naturais_Turismo_da_Madeira-300x200.jpg 300w, https:\/\/quantocustaviajar.com\/blog\/wp-content\/uploads\/2019\/03\/Seixal-_Piscinas-Naturais_Turismo_da_Madeira-768x512.jpg 768w\" sizes=\"auto, (max-width: 800px) 100vw, 800px\" \/><\/strong>Sol e calor combinam muito bem com um bom banho de piscina, e a Madeira tem um tipo incr\u00edvel: as piscinas naturais, formadas por rochas vulc\u00e2nicas, onde o mar entra naturalmente. As mais famosas s\u00e3o as de Porto Moniz e Seixal, onde h\u00e1 estrutura completa para receber os banhistas. \u00c9 uma maneira de estar pr\u00f3ximo \u00e0 natureza, em um lugar diferente, mas muito seguro para os jovens nadadores.<\/p>\n<blockquote><p><a href=\"https:\/\/quantocustaviajar.com\/passagens-aereas-baratas\/\" target=\"_blank\" rel=\"noopener\"><strong>Encontre aqui sua passagem a\u00e9rea para Portugal<\/strong><\/a><\/p><\/blockquote>\n<p><strong>Jardim Monte Palace<\/strong><\/p>\n<p><strong><img loading=\"lazy\" decoding=\"async\" class=\"aligncenter wp-image-32684 size-full\" src=\"https:\/\/quantocustaviajar.com\/blog\/wp-content\/uploads\/2019\/03\/Monte-Palace-Tropical-Garden-Turismo-da-Madeira.jpg\" alt=\"Jardim para visita\u00e7\u00e3o no Monte Palace\" width=\"800\" height=\"530\" srcset=\"https:\/\/quantocustaviajar.com\/blog\/wp-content\/uploads\/2019\/03\/Monte-Palace-Tropical-Garden-Turismo-da-Madeira.jpg 800w, https:\/\/quantocustaviajar.com\/blog\/wp-content\/uploads\/2019\/03\/Monte-Palace-Tropical-Garden-Turismo-da-Madeira-300x199.jpg 300w, https:\/\/quantocustaviajar.com\/blog\/wp-content\/uploads\/2019\/03\/Monte-Palace-Tropical-Garden-Turismo-da-Madeira-768x509.jpg 768w\" sizes=\"auto, (max-width: 800px) 100vw, 800px\" \/><\/strong>Este jardim \u00e9 um o\u00e1sis da natureza, com muita vegeta\u00e7\u00e3o, um charmoso lago e at\u00e9 um museu com exposi\u00e7\u00f5es de arte. Mas a melhor parte \u00e9 que para chegar at\u00e9 l\u00e1 \u00e9 necess\u00e1rio tomar um telef\u00e9rico, curtindo um passeio emocionante e uma vista inesquec\u00edvel. Para voltar, os carros de cesto, um meio de transporte t\u00edpico da ilha, s\u00e3o uma op\u00e7\u00e3o que garante muita adrenalina. Os pequenos adoram!<\/p>\n<p><strong>Museu CR7<\/strong><\/p>\n<p><strong><img loading=\"lazy\" decoding=\"async\" class=\"aligncenter wp-image-32685 size-full\" src=\"https:\/\/quantocustaviajar.com\/blog\/wp-content\/uploads\/2019\/03\/Museu-CR7-Bola-de-Ouro-FIFA-Credito-Turismo-da-Madeira.jpg\" alt=\"Museu do Cristiano Ronaldo com uma est\u00e1tua do jogador\" width=\"800\" height=\"546\" srcset=\"https:\/\/quantocustaviajar.com\/blog\/wp-content\/uploads\/2019\/03\/Museu-CR7-Bola-de-Ouro-FIFA-Credito-Turismo-da-Madeira.jpg 800w, https:\/\/quantocustaviajar.com\/blog\/wp-content\/uploads\/2019\/03\/Museu-CR7-Bola-de-Ouro-FIFA-Credito-Turismo-da-Madeira-300x205.jpg 300w, https:\/\/quantocustaviajar.com\/blog\/wp-content\/uploads\/2019\/03\/Museu-CR7-Bola-de-Ouro-FIFA-Credito-Turismo-da-Madeira-768x524.jpg 768w\" sizes=\"auto, (max-width: 800px) 100vw, 800px\" \/><\/strong>As crian\u00e7as que gostam de futebol costumam ser f\u00e3s do craque Cristiano Ronaldo, que nasceu na Madeira. Por l\u00e1 existe o Museu CR7, que exibe v\u00e1rios pr\u00eamios do jogador, camisas, chuteiras, bolas, est\u00e1tuas de cera e at\u00e9 um painel interativo com sua carreira desde o come\u00e7o, quando defendia o clube madeirense Andorinha. Para a alegria dos pequenos, h\u00e1 tamb\u00e9m diversos hologramas interativos.<\/p>\n<blockquote><p><a href=\"https:\/\/quantocustaviajar.com\/blog\/museu-cristiano-ronaldo-cr7\/\" target=\"_blank\" rel=\"noopener\"><strong>Saiba mais sobre o museu CR7 aqui!<\/strong><\/a><\/p><\/blockquote>\n<p><strong>Grutas de S\u00e3o Vicente<\/strong><\/p>\n<p>Imposs\u00edvel n\u00e3o agu\u00e7ar a criatividade dos turistas mirins em um percurso subterr\u00e2neo de um quil\u00f4metro, formado h\u00e1 quase 900 mil anos por uma erup\u00e7\u00e3o vulc\u00e2nica. O caminho termina no Centro de Vulcanismo, que explica de forma pedag\u00f3gica e l\u00fadica como o Arquip\u00e9lago da Madeira foi formado.<\/p>\n<blockquote><p><a href=\"https:\/\/www.booking.com\/searchresults.pt-br.html?aid=2161834&amp;sid=515123c755111394b3468122708d7c52&amp;sb=1&amp;src=index&amp;src_elem=sb&amp;error_url=https%3A%2F%2Fwww.booking.com%2Findex.pt-br.html%3Faid%3D2161834%3Bsid%3D515123c755111394b3468122708d7c52%3Bsb_price_type%3Dtotal%26%3B&amp;ss=Ilha+da+Madeira%2C+Portugal&amp;is_ski_area=&amp;ssne=San+Felipe+de+Puerto+Plata&amp;ssne_untouched=San+Felipe+de+Puerto+Plata&amp;checkin_year=2019&amp;checkin_month=6&amp;checkin_monthday=8&amp;checkout_year=2019&amp;checkout_month=6&amp;checkout_monthday=9&amp;no_rooms=1&amp;group_adults=2&amp;group_children=0&amp;map=1&amp;b_h4u_keep_filters=&amp;from_sf=1&amp;ss_raw=ilha+da+m&amp;ac_position=0&amp;ac_langcode=xb&amp;ac_click_type=b&amp;dest_id=2254&amp;dest_type=region&amp;place_id_lat=32.699017&amp;place_id_lon=-16.94779&amp;search_pageview_id=c5fb60e2171f00d0&amp;search_selected=true&amp;search_pageview_id=c5fb60e2171f00d0&amp;ac_suggestion_list_length=5&amp;ac_suggestion_theme_list_length=0#map_opened\" target=\"_blank\" rel=\"noopener\"><strong>Descubra hospedagens na Ilha da Madeira<\/strong><\/a><\/p><\/blockquote>\n<p><strong>Sobre a Ilha da Madeira<\/strong><\/p>\n<p>Considerado o melhor destino insular do mundo, a Ilha da Madeira \u00e9 um pequeno para\u00edso portugu\u00eas situado em meio \u00e0 imensid\u00e3o do Oceano Atl\u00e2ntico. De origem vulc\u00e2nica, sua localiza\u00e7\u00e3o privilegiada proporciona clima ameno e mar com temperatura agrad\u00e1vel o ano inteiro, al\u00e9m de impressionantes cen\u00e1rios de montanhas, vales e penhascos, todos cobertos pela exuberante vegeta\u00e7\u00e3o Laurissilva, nomeada Patrim\u00f4nio Natural da Humanidade pela Unesco. O arquip\u00e9lago \u00e9 formado por um conjunto de ilhas, sendo as principais e \u00fanicas habitadas Madeira e Porto Santo. H\u00e1 excelentes op\u00e7\u00f5es em balne\u00e1rios, monumentos hist\u00f3ricos e \u00f3timos hot\u00e9is e restaurantes, onde se pode provar a deliciosa gastronomia e os premiados vinhos madeirenses. Para mais informa\u00e7\u00f5es, acesse\u00a0<a href=\"http:\/\/www.madeiraallyear.com\/\" target=\"_blank\" rel=\"noopener\" data-saferedirecturl=\"https:\/\/www.google.com\/url?q=http:\/\/www.madeiraallyear.com\/&amp;source=gmail&amp;ust=1552997686364000&amp;usg=AFQjCNFyLLykbenCFUw1nMIZ35hbrCv8uA\">www.madeiraallyear.com<\/a>.<\/p>\n<p><em>Texto e fotos enviados por\u00a0AFT Comunica\u00e7\u00e3o Integrada<\/em><\/p>\n<\/div>\n<\/div>\n","protected":false},"excerpt":{"rendered":"<p>De piscinas naturais a observa\u00e7\u00e3o de golfinhos, h\u00e1 in\u00fameros passeios para curtir com as crian\u00e7as A Ilha da Madeira, um verdadeiro para\u00edso portugu\u00eas em meio ao Oceano Atl\u00e2ntico, \u00e9 um destino tur\u00edstico com natureza, mar, riquezas culturais e del\u00edcias gastron\u00f4micas. Localizado a 90 minutos de voo saindo de Lisboa, este pequeno arquip\u00e9lago re\u00fane atra\u00e7\u00f5es para [&hellip;]<\/p>\n","protected":false},"author":9,"featured_media":32678,"comment_status":"open","ping_status":"open","sticky":false,"template":"","format":"standard","meta":{"cybocfi_hide_featured_image":"","footnotes":""},"categories":[1437,1436],"tags":[18,1751,1750,653],"class_list":["post-32676","post","type-post","status-publish","format-standard","has-post-thumbnail","hentry","category-ao-ar-livre","category-artes-cultura-diversao","tag-europa","tag-funchal","tag-ilha-da-madeira","tag-portugal"],"blocksy_meta":[],"yoast_head":"<!-- This site is optimized with the Yoast SEO plugin v26.3 - https:\/\/yoast.com\/wordpress\/plugins\/seo\/ -->\n<title>Ilha da Madeira em Portugal \u00e9 destino para toda a fam\u00edlia! - Blog Quanto Custa Viajar<\/title>\n<meta name=\"description\" content=\"A Ilha da Madeira, um verdadeiro para\u00edso portugu\u00eas em meio ao Oceano Atl\u00e2ntico, \u00e9 um destino com natureza, riquezas culturais e del\u00edcias gastron\u00f4micas.\" \/>\n<meta name=\"robots\" content=\"index, follow, max-snippet:-1, max-image-preview:large, max-video-preview:-1\" \/>\n<link rel=\"canonical\" href=\"https:\/\/quantocustaviajar.com\/blog\/ilha-da-madeira-em-portugal-2\/\" \/>\n<meta property=\"og:locale\" content=\"pt_BR\" \/>\n<meta property=\"og:type\" content=\"article\" \/>\n<meta property=\"og:title\" content=\"Ilha da Madeira em Portugal \u00e9 destino para toda a fam\u00edlia! - Blog Quanto Custa Viajar\" \/>\n<meta property=\"og:description\" content=\"A Ilha da Madeira, um verdadeiro para\u00edso portugu\u00eas em meio ao Oceano Atl\u00e2ntico, \u00e9 um destino com natureza, riquezas culturais e del\u00edcias gastron\u00f4micas.\" \/>\n<meta property=\"og:url\" content=\"https:\/\/quantocustaviajar.com\/blog\/ilha-da-madeira-em-portugal-2\/\" \/>\n<meta property=\"og:site_name\" content=\"Blog Quanto Custa Viajar\" \/>\n<meta property=\"article:publisher\" content=\"https:\/\/www.facebook.com\/quantocustaviajar\" \/>\n<meta property=\"article:published_time\" content=\"2019-03-18T13:49:06+00:00\" \/>\n<meta property=\"article:modified_time\" content=\"2019-03-18T15:55:06+00:00\" \/>\n<meta property=\"og:image\" content=\"https:\/\/quantocustaviajar.com\/blog\/wp-content\/uploads\/2019\/03\/Porto-Moniz-Piscinas-Naturais-Municipais-Turismo-da-Madeira.jpg\" \/>\n\t<meta property=\"og:image:width\" content=\"800\" \/>\n\t<meta property=\"og:image:height\" content=\"534\" \/>\n\t<meta property=\"og:image:type\" content=\"image\/jpeg\" \/>\n<meta name=\"author\" content=\"Reda\u00e7\u00e3o QCV\" \/>\n<meta name=\"twitter:card\" content=\"summary_large_image\" \/>\n<meta name=\"twitter:label1\" content=\"Escrito por\" \/>\n\t<meta name=\"twitter:data1\" content=\"Reda\u00e7\u00e3o QCV\" \/>\n\t<meta name=\"twitter:label2\" content=\"Est. tempo de leitura\" \/>\n\t<meta name=\"twitter:data2\" content=\"3 minutos\" \/>\n<!-- \/ Yoast SEO plugin. -->","yoast_head_json":{"title":"Ilha da Madeira em Portugal \u00e9 destino para toda a fam\u00edlia! - Blog Quanto Custa Viajar","description":"A Ilha da Madeira, um verdadeiro para\u00edso portugu\u00eas em meio ao Oceano Atl\u00e2ntico, \u00e9 um destino com natureza, riquezas culturais e del\u00edcias gastron\u00f4micas.","robots":{"index":"index","follow":"follow","max-snippet":"max-snippet:-1","max-image-preview":"max-image-preview:large","max-video-preview":"max-video-preview:-1"},"canonical":"https:\/\/quantocustaviajar.com\/blog\/ilha-da-madeira-em-portugal-2\/","og_locale":"pt_BR","og_type":"article","og_title":"Ilha da Madeira em Portugal \u00e9 destino para toda a fam\u00edlia! - Blog Quanto Custa Viajar","og_description":"A Ilha da Madeira, um verdadeiro para\u00edso portugu\u00eas em meio ao Oceano Atl\u00e2ntico, \u00e9 um destino com natureza, riquezas culturais e del\u00edcias gastron\u00f4micas.","og_url":"https:\/\/quantocustaviajar.com\/blog\/ilha-da-madeira-em-portugal-2\/","og_site_name":"Blog Quanto Custa Viajar","article_publisher":"https:\/\/www.facebook.com\/quantocustaviajar","article_published_time":"2019-03-18T13:49:06+00:00","article_modified_time":"2019-03-18T15:55:06+00:00","og_image":[{"width":800,"height":534,"url":"https:\/\/quantocustaviajar.com\/blog\/wp-content\/uploads\/2019\/03\/Porto-Moniz-Piscinas-Naturais-Municipais-Turismo-da-Madeira.jpg","type":"image\/jpeg"}],"author":"Reda\u00e7\u00e3o QCV","twitter_card":"summary_large_image","twitter_misc":{"Escrito por":"Reda\u00e7\u00e3o QCV","Est. tempo de leitura":"3 minutos"},"schema":{"@context":"https:\/\/schema.org","@graph":[{"@type":["Article","BlogPosting"],"@id":"https:\/\/quantocustaviajar.com\/blog\/ilha-da-madeira-em-portugal-2\/#article","isPartOf":{"@id":"https:\/\/quantocustaviajar.com\/blog\/ilha-da-madeira-em-portugal-2\/"},"author":{"name":"Reda\u00e7\u00e3o QCV","@id":"https:\/\/quantocustaviajar.com\/blog\/#\/schema\/person\/b99c49b1272e2104cc84a5a84122b751"},"headline":"Ilha da Madeira em Portugal \u00e9 destino para toda a fam\u00edlia!","datePublished":"2019-03-18T13:49:06+00:00","dateModified":"2019-03-18T15:55:06+00:00","mainEntityOfPage":{"@id":"https:\/\/quantocustaviajar.com\/blog\/ilha-da-madeira-em-portugal-2\/"},"wordCount":619,"commentCount":1,"publisher":{"@id":"https:\/\/quantocustaviajar.com\/blog\/#organization"},"image":{"@id":"https:\/\/quantocustaviajar.com\/blog\/ilha-da-madeira-em-portugal-2\/#primaryimage"},"thumbnailUrl":"https:\/\/quantocustaviajar.com\/blog\/wp-content\/uploads\/2019\/03\/Porto-Moniz-Piscinas-Naturais-Municipais-Turismo-da-Madeira.jpg","keywords":["europa","funchal","ilha da madeira","Portugal"],"articleSection":["Ao Ar Livre","Artes, Cultura &amp; Divers\u00e3o"],"inLanguage":"pt-BR","potentialAction":[{"@type":"CommentAction","name":"Comment","target":["https:\/\/quantocustaviajar.com\/blog\/ilha-da-madeira-em-portugal-2\/#respond"]}]},{"@type":"WebPage","@id":"https:\/\/quantocustaviajar.com\/blog\/ilha-da-madeira-em-portugal-2\/","url":"https:\/\/quantocustaviajar.com\/blog\/ilha-da-madeira-em-portugal-2\/","name":"Ilha da Madeira em Portugal \u00e9 destino para toda a fam\u00edlia! - Blog Quanto Custa Viajar","isPartOf":{"@id":"https:\/\/quantocustaviajar.com\/blog\/#website"},"primaryImageOfPage":{"@id":"https:\/\/quantocustaviajar.com\/blog\/ilha-da-madeira-em-portugal-2\/#primaryimage"},"image":{"@id":"https:\/\/quantocustaviajar.com\/blog\/ilha-da-madeira-em-portugal-2\/#primaryimage"},"thumbnailUrl":"https:\/\/quantocustaviajar.com\/blog\/wp-content\/uploads\/2019\/03\/Porto-Moniz-Piscinas-Naturais-Municipais-Turismo-da-Madeira.jpg","datePublished":"2019-03-18T13:49:06+00:00","dateModified":"2019-03-18T15:55:06+00:00","description":"A Ilha da Madeira, um verdadeiro para\u00edso portugu\u00eas em meio ao Oceano Atl\u00e2ntico, \u00e9 um destino com natureza, riquezas culturais e del\u00edcias gastron\u00f4micas.","breadcrumb":{"@id":"https:\/\/quantocustaviajar.com\/blog\/ilha-da-madeira-em-portugal-2\/#breadcrumb"},"inLanguage":"pt-BR","potentialAction":[{"@type":"ReadAction","target":["https:\/\/quantocustaviajar.com\/blog\/ilha-da-madeira-em-portugal-2\/"]}]},{"@type":"ImageObject","inLanguage":"pt-BR","@id":"https:\/\/quantocustaviajar.com\/blog\/ilha-da-madeira-em-portugal-2\/#primaryimage","url":"https:\/\/quantocustaviajar.com\/blog\/wp-content\/uploads\/2019\/03\/Porto-Moniz-Piscinas-Naturais-Municipais-Turismo-da-Madeira.jpg","contentUrl":"https:\/\/quantocustaviajar.com\/blog\/wp-content\/uploads\/2019\/03\/Porto-Moniz-Piscinas-Naturais-Municipais-Turismo-da-Madeira.jpg","width":800,"height":534},{"@type":"BreadcrumbList","@id":"https:\/\/quantocustaviajar.com\/blog\/ilha-da-madeira-em-portugal-2\/#breadcrumb","itemListElement":[{"@type":"ListItem","position":1,"name":"In\u00edcio","item":"https:\/\/quantocustaviajar.com\/blog\/"},{"@type":"ListItem","position":2,"name":"Ilha da Madeira em Portugal \u00e9 destino para toda a fam\u00edlia!"}]},{"@type":"WebSite","@id":"https:\/\/quantocustaviajar.com\/blog\/#website","url":"https:\/\/quantocustaviajar.com\/blog\/","name":"Blog Quanto Custa Viajar","description":"","publisher":{"@id":"https:\/\/quantocustaviajar.com\/blog\/#organization"},"potentialAction":[{"@type":"SearchAction","target":{"@type":"EntryPoint","urlTemplate":"https:\/\/quantocustaviajar.com\/blog\/?s={search_term_string}"},"query-input":{"@type":"PropertyValueSpecification","valueRequired":true,"valueName":"search_term_string"}}],"inLanguage":"pt-BR"},{"@type":"Organization","@id":"https:\/\/quantocustaviajar.com\/blog\/#organization","name":"Quanto Custa Viajar","url":"https:\/\/quantocustaviajar.com\/blog\/","logo":{"@type":"ImageObject","inLanguage":"pt-BR","@id":"https:\/\/quantocustaviajar.com\/blog\/#\/schema\/logo\/image\/","url":"","contentUrl":"","caption":"Quanto Custa Viajar"},"image":{"@id":"https:\/\/quantocustaviajar.com\/blog\/#\/schema\/logo\/image\/"},"sameAs":["https:\/\/www.facebook.com\/quantocustaviajar"]},{"@type":"Person","@id":"https:\/\/quantocustaviajar.com\/blog\/#\/schema\/person\/b99c49b1272e2104cc84a5a84122b751","name":"Reda\u00e7\u00e3o QCV","image":{"@type":"ImageObject","inLanguage":"pt-BR","@id":"https:\/\/quantocustaviajar.com\/blog\/#\/schema\/person\/image\/","url":"https:\/\/secure.gravatar.com\/avatar\/e7b47d7a4633897697c32e0a2a1ad3abd9ca142ad0d9b7897241c6115247561b?s=96&d=mm&r=g","contentUrl":"https:\/\/secure.gravatar.com\/avatar\/e7b47d7a4633897697c32e0a2a1ad3abd9ca142ad0d9b7897241c6115247561b?s=96&d=mm&r=g","caption":"Reda\u00e7\u00e3o QCV"},"url":"https:\/\/quantocustaviajar.com\/blog\/author\/redacao\/"}]}},"_links":{"self":[{"href":"https:\/\/quantocustaviajar.com\/blog\/wp-json\/wp\/v2\/posts\/32676","targetHints":{"allow":["GET"]}}],"collection":[{"href":"https:\/\/quantocustaviajar.com\/blog\/wp-json\/wp\/v2\/posts"}],"about":[{"href":"https:\/\/quantocustaviajar.com\/blog\/wp-json\/wp\/v2\/types\/post"}],"author":[{"embeddable":true,"href":"https:\/\/quantocustaviajar.com\/blog\/wp-json\/wp\/v2\/users\/9"}],"replies":[{"embeddable":true,"href":"https:\/\/quantocustaviajar.com\/blog\/wp-json\/wp\/v2\/comments?post=32676"}],"version-history":[{"count":3,"href":"https:\/\/quantocustaviajar.com\/blog\/wp-json\/wp\/v2\/posts\/32676\/revisions"}],"predecessor-version":[{"id":32705,"href":"https:\/\/quantocustaviajar.com\/blog\/wp-json\/wp\/v2\/posts\/32676\/revisions\/32705"}],"wp:featuredmedia":[{"embeddable":true,"href":"https:\/\/quantocustaviajar.com\/blog\/wp-json\/wp\/v2\/media\/32678"}],"wp:attachment":[{"href":"https:\/\/quantocustaviajar.com\/blog\/wp-json\/wp\/v2\/media?parent=32676"}],"wp:term":[{"taxonomy":"category","embeddable":true,"href":"https:\/\/quantocustaviajar.com\/blog\/wp-json\/wp\/v2\/categories?post=32676"},{"taxonomy":"post_tag","embeddable":true,"href":"https:\/\/quantocustaviajar.com\/blog\/wp-json\/wp\/v2\/tags?post=32676"}],"curies":[{"name":"wp","href":"https:\/\/api.w.org\/{rel}","templated":true}]}}